{"id":10321,"__str__":"An\u00e1lise jur\u00eddica - An\u00e1lise preliminar de 06/06/2011 por Procuradoria-Geral","metadata":{},"nome":"An\u00e1lise preliminar","data":"2011-06-06","autor":"Procuradoria-Geral","ementa":"","indexacao":"","arquivo":"http://info77.camaranh/media/sapl/public/documentoacessorio/2011/10321/10321_doc_acessorio.pdf","assinatura_digital":false,"data_ultima_atualizacao":"2018-06-28T11:34:04.894813-03:00","restrito":false,"justificativa_restricao":"","materia":12512,"tipo":15}