{"id":19696,"__str__":"Parecer(es) - parecer de 23/09/2014 por Comiss\u00e3o de Justi\u00e7a","metadata":{},"nome":"parecer","data":"2014-09-23","autor":"Comiss\u00e3o de Justi\u00e7a","ementa":"                    \r\n                ","indexacao":"","arquivo":"http://info77.camaranh/media/sapl/public/documentoacessorio/2014/19696/19696_doc_acessorio.pdf","assinatura_digital":false,"data_ultima_atualizacao":"2018-06-28T11:34:06.571189-03:00","restrito":false,"justificativa_restricao":"","materia":28062,"tipo":1}