{"id":40912,"__str__":"REDA\u00c7\u00c3O FINAL - Reda\u00e7\u00e3o Final PDL 3/2021 de 13/09/2021 por COJUR","metadata":{},"nome":"Reda\u00e7\u00e3o Final PDL 3/2021","data":"2021-09-13","autor":"COJUR","ementa":"Disp\u00f5e sobre a cria\u00e7\u00e3o da Premia\u00e7\u00e3o denominada de \u201cHonraria Empresarial J\u00falio Redecker\u201d, e d\u00e1 outras provid\u00eancias.","indexacao":"","arquivo":"http://info77.camaranh/media/sapl/public/documentoacessorio/2021/40912/redacao_final_do_pdl_3-2021.odt","assinatura_digital":false,"data_ultima_atualizacao":"2021-09-16T16:32:20.968529-03:00","restrito":false,"justificativa_restricao":"","materia":75270,"tipo":6}