{"id":9550,"__str__":"Parecer(es) - Parecer Jur\u00eddico de 22/02/2011 por Coordenadoria Jur\u00eddica","metadata":{},"nome":"Parecer Jur\u00eddico","data":"2011-02-22","autor":"Coordenadoria Jur\u00eddica","ementa":"","indexacao":"","arquivo":"http://info77.camaranh/media/sapl/public/documentoacessorio/2011/9550/9550_doc_acessorio.odt","assinatura_digital":false,"data_ultima_atualizacao":"2018-06-28T11:34:04.770325-03:00","restrito":false,"justificativa_restricao":"","materia":10936,"tipo":1}