{"id":9768,"__str__":"An\u00e1lise jur\u00eddica - An\u00e1lise preliminar de 23/03/2011 por Procuradoria-Geral","metadata":{},"nome":"An\u00e1lise preliminar","data":"2011-03-23","autor":"Procuradoria-Geral","ementa":"","indexacao":"","arquivo":"http://info77.camaranh/media/sapl/public/documentoacessorio/2011/9768/9768_doc_acessorio.pdf","assinatura_digital":false,"data_ultima_atualizacao":"2018-06-28T11:34:04.815309-03:00","restrito":false,"justificativa_restricao":"","materia":11441,"tipo":15}