{"id":102194,"__str__":"Projeto de Lei n\u00ba 102 de 2025","metadata":{},"numero":102,"ano":2025,"numero_protocolo":null,"data_apresentacao":"2025-08-25","tipo_apresentacao":"E","data_publicacao":null,"numero_origem_externa":"102","ano_origem_externa":2025,"data_origem_externa":"2025-08-25","apelido":"","dias_prazo":null,"data_fim_prazo":null,"em_tramitacao":false,"polemica":null,"objeto":"","complementar":false,"ementa":"Institui a Feira do Produtor, define diretrizes para seu funcionamento e comercializa\u00e7\u00e3o, e d\u00e1 outras provid\u00eancias.","indexacao":"OF. 10-B/4078-SMGGD/DEXP/MS protocolado sob n\u00ba 988/2025.","observacao":"","resultado":"","texto_original":"http://info77.camaranh/media/sapl/public/materialegislativa/2025/102194/pl_102-2025.pdf","data_ultima_atualizacao":"2025-11-17T11:22:55.796753-03:00","ip":"172.27.81.174","ultima_edicao":"2025-08-26T12:03:38.558885-03:00","assinatura_digital":false,"tipo":1,"regime_tramitacao":1,"tipo_origem_externa":1,"local_origem_externa":1,"user":81,"anexadas":[],"autores":[2]}