{"id":104507,"__str__":"Requerimento n\u00ba 27 de 2026","metadata":{},"numero":27,"ano":2026,"numero_protocolo":null,"data_apresentacao":"2026-02-02","tipo_apresentacao":"","data_publicacao":null,"numero_origem_externa":"","ano_origem_externa":null,"data_origem_externa":null,"apelido":"","dias_prazo":null,"data_fim_prazo":null,"em_tramitacao":false,"polemica":false,"objeto":"","complementar":false,"ementa":"Parte do Expediente da Sess\u00e3o Ordin\u00e1ria do dia 18 de mar\u00e7o de 2026 em homenagem \u00e0 Ferragem Pareci pela passagem dos seus 50 anos de funda\u00e7\u00e3o.","indexacao":"of14","observacao":"","resultado":"","texto_original":"http://info77.camaranh/media/sapl/public/materialegislativa/2026/104507/r-27.odt","data_ultima_atualizacao":"2026-02-03T11:57:46.642592-03:00","ip":"172.27.81.142","ultima_edicao":"2026-01-28T11:58:57.865693-03:00","assinatura_digital":false,"tipo":3,"regime_tramitacao":1,"tipo_origem_externa":null,"local_origem_externa":null,"user":69,"anexadas":[],"autores":[162,23]}