{"id":104738,"__str__":"Mo\u00e7\u00e3o n\u00ba 5 de 2026","metadata":{},"numero":5,"ano":2026,"numero_protocolo":null,"data_apresentacao":"2026-02-05","tipo_apresentacao":"E","data_publicacao":null,"numero_origem_externa":"","ano_origem_externa":null,"data_origem_externa":null,"apelido":"","dias_prazo":null,"data_fim_prazo":null,"em_tramitacao":false,"polemica":null,"objeto":"","complementar":false,"ementa":"Mo\u00e7\u00e3o de Rep\u00fadio \u00e0s declara\u00e7\u00f5es do escritor e youtuber Eduardo Bueno, conhecido como \u201cPeninha\u201d, por conte\u00fado discriminat\u00f3rio contra a comunidade evang\u00e9lica.","indexacao":"","observacao":"","resultado":"","texto_original":"http://info77.camaranh/media/sapl/public/materialegislativa/2026/104738/mocao_5-2026.pdf","data_ultima_atualizacao":"2026-02-18T16:09:30.984707-03:00","ip":"189.30.195.126","ultima_edicao":"2026-02-05T12:02:59.582032-03:00","assinatura_digital":false,"tipo":7,"regime_tramitacao":1,"tipo_origem_externa":null,"local_origem_externa":null,"user":81,"anexadas":[],"autores":[159,141,139,10,162,161]}