{"id":104778,"__str__":"Requerimento n\u00ba 92 de 2026","metadata":{},"numero":92,"ano":2026,"numero_protocolo":null,"data_apresentacao":"2026-02-06","tipo_apresentacao":"","data_publicacao":null,"numero_origem_externa":"","ano_origem_externa":null,"data_origem_externa":null,"apelido":"","dias_prazo":null,"data_fim_prazo":null,"em_tramitacao":false,"polemica":false,"objeto":"","complementar":false,"ementa":"Cancelamento dos efeitos do Requerimento n\u00ba 32/2026 e designa\u00e7\u00e3o do vereador Ricardo Ritter \u2013 Ica para representar a C\u00e2mara Municipal de Novo Hamburgo em reuni\u00f5es na C\u00e2mara dos Deputados e Minist\u00e9rios das Cidades e da Sa\u00fade, nos dias 09 a 12 de mar\u00e7o de 2026, em Bras\u00edlia \u2013 DF.","indexacao":"","observacao":"","resultado":"","texto_original":"http://info77.camaranh/media/sapl/public/materialegislativa/2026/104778/r-92.odt","data_ultima_atualizacao":"2026-02-10T10:46:09.153111-03:00","ip":"172.27.81.133","ultima_edicao":"2026-02-06T11:21:11.171000-03:00","assinatura_digital":false,"tipo":3,"regime_tramitacao":1,"tipo_origem_externa":null,"local_origem_externa":null,"user":105,"anexadas":[],"autores":[23]}