{"id":105106,"__str__":"Mo\u00e7\u00e3o n\u00ba 9 de 2026","metadata":{},"numero":9,"ano":2026,"numero_protocolo":null,"data_apresentacao":"2026-02-24","tipo_apresentacao":"E","data_publicacao":null,"numero_origem_externa":"","ano_origem_externa":null,"data_origem_externa":null,"apelido":"","dias_prazo":null,"data_fim_prazo":null,"em_tramitacao":false,"polemica":null,"objeto":"","complementar":false,"ementa":"Rep\u00fadio \u00e0 decis\u00e3o da 9\u00aa C\u00e2mara Criminal do Tribunal de Justi\u00e7a de Minas Gerais que absolveu homem acusado de estupro de vulner\u00e1vel contra menina de 12 anos sob alega\u00e7\u00e3o de \u201cconsentimento\u201d.","indexacao":"","observacao":"","resultado":"","texto_original":"http://info77.camaranh/media/sapl/public/materialegislativa/2026/105106/mocao_9-2026.odt","data_ultima_atualizacao":"2026-03-03T18:03:42.724710-03:00","ip":"172.27.81.174","ultima_edicao":"2026-02-24T09:47:55.447930-03:00","assinatura_digital":false,"tipo":7,"regime_tramitacao":1,"tipo_origem_externa":null,"local_origem_externa":null,"user":81,"anexadas":[],"autores":[69,158,159,141,68,128,10,162,160,23]}