{"id":105298,"__str__":"Requerimento n\u00ba 220 de 2026","metadata":{},"numero":220,"ano":2026,"numero_protocolo":null,"data_apresentacao":"2026-03-03","tipo_apresentacao":"","data_publicacao":null,"numero_origem_externa":"","ano_origem_externa":null,"data_origem_externa":null,"apelido":"","dias_prazo":null,"data_fim_prazo":null,"em_tramitacao":false,"polemica":false,"objeto":"","complementar":false,"ementa":"Informa\u00e7\u00f5es ao Executivo acerca da utiliza\u00e7\u00e3o da Emenda Parlamentar n\u00ba 202519830019 \u2013 aquisi\u00e7\u00e3o de aparelhos de ar-condicionado para escolas municipais.","indexacao":"of65\r\n10-A/1363","observacao":"","resultado":"","texto_original":"http://info77.camaranh/media/sapl/public/materialegislativa/2026/105298/r-220.odt","data_ultima_atualizacao":"2026-03-25T11:53:18.942947-03:00","ip":"172.27.81.167","ultima_edicao":"2026-03-25T11:52:29.746544-03:00","assinatura_digital":false,"tipo":3,"regime_tramitacao":1,"tipo_origem_externa":null,"local_origem_externa":null,"user":75,"anexadas":[],"autores":[160]}