{"id":105822,"__str__":"Requerimento n\u00ba 365 de 2026","metadata":{},"numero":365,"ano":2026,"numero_protocolo":null,"data_apresentacao":"2026-03-20","tipo_apresentacao":"","data_publicacao":null,"numero_origem_externa":"","ano_origem_externa":null,"data_origem_externa":null,"apelido":"","dias_prazo":null,"data_fim_prazo":null,"em_tramitacao":false,"polemica":false,"objeto":"","complementar":false,"ementa":"Parte do Expediente da Sess\u00e3o Ordin\u00e1ria do dia 4 de maio de 2026 em homenagem aos 55 anos da EMEB Jo\u00e3o Baptista Jaeger.","indexacao":"","observacao":"","resultado":"","texto_original":"http://info77.camaranh/media/sapl/public/materialegislativa/2026/105822/r-365.odt","data_ultima_atualizacao":"2026-03-24T09:40:55.826356-03:00","ip":"172.27.81.142","ultima_edicao":"2026-03-23T09:08:16.954755-03:00","assinatura_digital":false,"tipo":3,"regime_tramitacao":1,"tipo_origem_externa":null,"local_origem_externa":null,"user":69,"anexadas":[],"autores":[123]}