{"id":107234,"__str__":"Mo\u00e7\u00e3o n\u00ba 35 de 2026","metadata":{"signs":{"texto_original":{"admin":[],"autores":[["Cristiano Moises da Silva Coller",["2026-05-25T16:54:24-03:00","ICP-Brasil"]],["Felipe Kuhn Braun",["2026-05-25T16:35:29-03:00","ICP-Brasil"]],["Luciana Andreia Martins",["2026-05-20T08:43:54-03:00","ICP-Brasil"]]]}}},"numero":35,"ano":2026,"numero_protocolo":null,"data_apresentacao":"2026-05-19","tipo_apresentacao":"E","data_publicacao":null,"numero_origem_externa":"","ano_origem_externa":null,"data_origem_externa":null,"apelido":"","dias_prazo":null,"data_fim_prazo":null,"em_tramitacao":false,"polemica":null,"objeto":"","complementar":false,"ementa":"Manifesta\u00e7\u00e3o de apoio \u00e0 proposta de federaliza\u00e7\u00e3o do Hospital Universit\u00e1rio de Canoas (HU), diante da necessidade de fortalecimento do Sistema \u00danico de Sa\u00fade \u2013 SUS e da garantia de atendimento regional \u00e0 popula\u00e7\u00e3o ga\u00facha.","indexacao":"ofcirc78","observacao":"","resultado":"","texto_original":"http://info77.camaranh/media/sapl/public/materialegislativa/2026/107234/mocao_35-2026.pdf","data_ultima_atualizacao":"2026-05-26T10:34:54.008826-03:00","ip":"172.27.81.142","ultima_edicao":"2026-05-25T12:26:45.952045-03:00","assinatura_digital":true,"tipo":7,"regime_tramitacao":1,"tipo_origem_externa":null,"local_origem_externa":null,"user":69,"anexadas":[],"autores":[69,73,160]}