{"id":109182,"__str__":"Requerimento n\u00ba 1246 de 2026","metadata":{"signs":{"texto_original":{"admin":[],"autores":[["Andreza Lisiane dos Santos Guerreiro",["2026-08-05T18:49:20-03:00","ICP-Brasil"]]]}}},"numero":1246,"ano":2026,"numero_protocolo":null,"data_apresentacao":"2026-08-05","tipo_apresentacao":"","data_publicacao":null,"numero_origem_externa":"","ano_origem_externa":null,"data_origem_externa":null,"apelido":"","dias_prazo":null,"data_fim_prazo":null,"em_tramitacao":false,"polemica":false,"objeto":"","complementar":false,"ementa":"Informa\u00e7\u00f5es ao Executivo Municipal, atrav\u00e9s da Secretaria de Sa\u00fade, sobre os Residenciais Terap\u00eauticos conveniados ao Munic\u00edpio.","indexacao":"of365\r\nof10-A/5027","observacao":"","resultado":"","texto_original":"http://info77.camaranh/media/sapl/public/materialegislativa/2026/109182/r-1246.pdf","data_ultima_atualizacao":"2026-09-01T12:07:46.620800-03:00","ip":"172.27.81.145","ultima_edicao":"2026-09-01T12:07:46.455177-03:00","assinatura_digital":true,"tipo":3,"regime_tramitacao":1,"tipo_origem_externa":null,"local_origem_externa":null,"user":75,"anexadas":[],"autores":[159]}