{"id":109288,"__str__":"Pedido de Provid\u00eancias n\u00ba 3070 de 2026","metadata":{"signs":{"texto_original":{"admin":[],"autores":[["Eliton dos Santos Avila",["2026-08-10T17:08:50-03:00","ICP-Brasil"]]]}}},"numero":3070,"ano":2026,"numero_protocolo":null,"data_apresentacao":"2026-08-10","tipo_apresentacao":"","data_publicacao":null,"numero_origem_externa":"","ano_origem_externa":null,"data_origem_externa":null,"apelido":"","dias_prazo":null,"data_fim_prazo":null,"em_tramitacao":false,"polemica":false,"objeto":"","complementar":false,"ementa":"Coloca\u00e7\u00e3o de placa de identifica\u00e7\u00e3o de via p\u00fablica na Rua Monteiro Lobato, esquina com a Rua Helmuth R\u00fcckert, no Bairro S\u00e3o Jos\u00e9.","indexacao":"of373\r\nof10-P/4768","observacao":"","resultado":"","texto_original":"http://info77.camaranh/media/sapl/public/materialegislativa/2026/109288/pp-3070.pdf","data_ultima_atualizacao":"2026-08-17T17:55:16.013155-03:00","ip":"172.27.81.167","ultima_edicao":"2026-08-17T17:50:34.169694-03:00","assinatura_digital":true,"tipo":27,"regime_tramitacao":1,"tipo_origem_externa":null,"local_origem_externa":null,"user":75,"anexadas":[],"autores":[141]}