{"id":109709,"__str__":"Pedido de Provid\u00eancias n\u00ba 3363 de 2026","metadata":{"signs":{"texto_original":{"admin":[],"autores":[["Ricardo Adolfo Ritter",["2026-08-25T15:12:02-03:00","ICP-Brasil"]]]}}},"numero":3363,"ano":2026,"numero_protocolo":null,"data_apresentacao":"2026-08-25","tipo_apresentacao":"","data_publicacao":null,"numero_origem_externa":"","ano_origem_externa":null,"data_origem_externa":null,"apelido":"","dias_prazo":null,"data_fim_prazo":null,"em_tramitacao":false,"polemica":false,"objeto":"","complementar":false,"ementa":"Recupera\u00e7\u00e3o dos brinquedos e corte de grama na Pra\u00e7a Nildo Jos\u00e9 Moraes, na Rua Alberto Lindner, esquina com a Rua das Araras, no Bairro Vila Nova.","indexacao":"of395","observacao":"","resultado":"","texto_original":"http://info77.camaranh/media/sapl/public/materialegislativa/2026/109709/pp-3363.pdf","data_ultima_atualizacao":"2026-09-01T14:57:10.849799-03:00","ip":"172.27.81.169","ultima_edicao":"2026-08-25T13:45:21.741182-03:00","assinatura_digital":true,"tipo":27,"regime_tramitacao":1,"tipo_origem_externa":null,"local_origem_externa":null,"user":181,"anexadas":[],"autores":[23]}