{"id":109716,"__str__":"Requerimento n\u00ba 1346 de 2026","metadata":{"signs":{"texto_original":{"admin":[],"autores":[["Cristiano Moises da Silva Coller",["2026-08-26T16:04:51-03:00","ICP-Brasil"]],["Eliton dos Santos Avila",["2026-08-25T16:14:30-03:00","ICP-Brasil"]]]}}},"numero":1346,"ano":2026,"numero_protocolo":null,"data_apresentacao":"2026-08-25","tipo_apresentacao":"","data_publicacao":null,"numero_origem_externa":"","ano_origem_externa":null,"data_origem_externa":null,"apelido":"","dias_prazo":null,"data_fim_prazo":null,"em_tramitacao":false,"polemica":false,"objeto":"","complementar":false,"ementa":"Voto de Congratula\u00e7\u00f5es ao Ideal Fest pela realiza\u00e7\u00e3o do evento que re\u00fane moradores e empreendedores do Bairro Ideal.","indexacao":"ofcirc139","observacao":"","resultado":"","texto_original":"http://info77.camaranh/media/sapl/public/materialegislativa/2026/109716/r-1346.pdf","data_ultima_atualizacao":"2026-08-27T12:27:56.926632-03:00","ip":"172.27.81.133","ultima_edicao":"2026-08-25T15:00:52.277966-03:00","assinatura_digital":true,"tipo":3,"regime_tramitacao":1,"tipo_origem_externa":null,"local_origem_externa":null,"user":105,"anexadas":[],"autores":[69,141]}