{"id":17174,"__str__":"Requerimento n\u00ba 162 de 2012","metadata":{},"numero":162,"ano":2012,"numero_protocolo":null,"data_apresentacao":"2012-03-29","tipo_apresentacao":"","data_publicacao":null,"numero_origem_externa":"","ano_origem_externa":null,"data_origem_externa":null,"apelido":"","dias_prazo":null,"data_fim_prazo":null,"em_tramitacao":false,"polemica":null,"objeto":"","complementar":null,"ementa":"Requer urg\u00eancia e inclus\u00e3o do Projeto de Lei n\u00ba 30/2012, que \"Cria Adicional de Dedica\u00e7\u00e3o Plena - ADP para Coordenador Pedag\u00f3gico ou Orientador Educacional, e d\u00e1 outras provid\u00eancias\", de autoria do Executivo, na Ordem do Dia das Sess\u00f5es Ordin\u00e1rias de 29 de mar\u00e7o de 2012 e 3 de abril de 2012, para ser apreciado em 1\u00aa e 2\u00aa vota\u00e7\u00f5es, respectivamente, conforme facultado pelo \u00a78\u00b0 do Art. 150 do Regimento Interno.\r\n","indexacao":"","observacao":"","resultado":"","texto_original":"http://info77.camaranh/media/sapl/public/materialegislativa/2012/17174/17174_texto_integral.odt","data_ultima_atualizacao":"2018-11-12T16:10:56.539779-02:00","ip":"","ultima_edicao":null,"assinatura_digital":false,"tipo":3,"regime_tramitacao":1,"tipo_origem_externa":null,"local_origem_externa":null,"user":null,"anexadas":[17172],"autores":[80]}