{"id":21695,"__str__":"Projeto de Lei n\u00ba 73 de 2013","metadata":{},"numero":73,"ano":2013,"numero_protocolo":null,"data_apresentacao":"2013-05-22","tipo_apresentacao":"E","data_publicacao":null,"numero_origem_externa":"","ano_origem_externa":null,"data_origem_externa":null,"apelido":"","dias_prazo":null,"data_fim_prazo":"2013-08-21","em_tramitacao":false,"polemica":null,"objeto":"","complementar":null,"ementa":"Assegura aos usu\u00e1rios do transporte coletivo municipal com defici\u00eancia e mobilidade reduzida o direito de desembarque entre as paradas obrigat\u00f3rias (pontos de \u00f4nibus) e d\u00e1 outras provid\u00eancias.","indexacao":"EMENDAS, REDA\u00c7\u00c3O, FINAL, OF786","observacao":"<b> H\u00e1 emendas.</b><font color=#FF0000><b> H\u00e1 Reda\u00e7\u00e3o Final.</b> Vide Documento Acess\u00f3rio com a denomina\u00e7\u00e3o REDA\u00c7\u00c3O FINAL.</font color>","resultado":"","texto_original":"http://info77.camaranh/media/sapl/public/materialegislativa/2013/21695/21695_texto_integral.odt","data_ultima_atualizacao":"2018-06-28T11:32:09.095497-03:00","ip":"","ultima_edicao":null,"assinatura_digital":false,"tipo":1,"regime_tramitacao":1,"tipo_origem_externa":null,"local_origem_externa":null,"user":null,"anexadas":[],"autores":[83,71,60,70]}