{"id":22863,"__str__":"Requerimento n\u00ba 825 de 2013","metadata":{},"numero":825,"ano":2013,"numero_protocolo":null,"data_apresentacao":"2013-08-14","tipo_apresentacao":"E","data_publicacao":null,"numero_origem_externa":"","ano_origem_externa":null,"data_origem_externa":null,"apelido":"","dias_prazo":null,"data_fim_prazo":null,"em_tramitacao":false,"polemica":null,"objeto":"","complementar":null,"ementa":"Requer que Parte do Expediente da Sess\u00e3o Ordin\u00e1ria do dia 26 de setembro de 2013 para homenagear a ABEFI &#8211; Associa\u00e7\u00e3o Beneficente Evang\u00e9lica  Floresta Imperial &#8211; pela passagem de seus 45 anos de exist\u00eancia.","indexacao":"OF916","observacao":"","resultado":"","texto_original":"http://info77.camaranh/media/sapl/public/materialegislativa/2013/22863/22863_texto_integral.odt","data_ultima_atualizacao":"2018-11-12T16:10:57.762015-02:00","ip":"","ultima_edicao":null,"assinatura_digital":false,"tipo":3,"regime_tramitacao":1,"tipo_origem_externa":null,"local_origem_externa":null,"user":null,"anexadas":[],"autores":[69]}