{"id":54568,"__str__":"Requerimento n\u00ba 797 de 2018","metadata":{},"numero":797,"ano":2018,"numero_protocolo":1965,"data_apresentacao":"2018-07-05","tipo_apresentacao":"","data_publicacao":null,"numero_origem_externa":"","ano_origem_externa":null,"data_origem_externa":null,"apelido":"","dias_prazo":null,"data_fim_prazo":null,"em_tramitacao":false,"polemica":null,"objeto":"","complementar":null,"ementa":"Voto de Congratula\u00e7\u00f5es ao Senhor Remi Scheffler por assumir a vice-presid\u00eancia da Fecom\u00e9rcio-RS, gest\u00e3o 2018/2022.","indexacao":"of612","observacao":"","resultado":"","texto_original":"http://info77.camaranh/media/sapl/public/materialegislativa/2018/54568/req797.odt","data_ultima_atualizacao":"2018-11-12T16:59:50.513350-02:00","ip":"","ultima_edicao":null,"assinatura_digital":false,"tipo":3,"regime_tramitacao":1,"tipo_origem_externa":null,"local_origem_externa":null,"user":null,"anexadas":[],"autores":[75,65,50]}