{"id":60252,"__str__":"Projeto de Lei n\u00ba 28 de 2019","metadata":{},"numero":28,"ano":2019,"numero_protocolo":null,"data_apresentacao":"2019-05-06","tipo_apresentacao":"E","data_publicacao":null,"numero_origem_externa":"28","ano_origem_externa":2019,"data_origem_externa":"2019-05-06","apelido":"","dias_prazo":null,"data_fim_prazo":null,"em_tramitacao":false,"polemica":null,"objeto":"","complementar":null,"ementa":"Cria o Fundo Especial de Investimentos para Moderniza\u00e7\u00e3o e Manuten\u00e7\u00e3o de Equipamentos Culturais e d\u00e1 outras provid\u00eancias.<b>(REDA\u00c7\u00c3O FINAL)</b>","indexacao":"Of\u00edcio n\u00ba 10/321 - SEMAD/DGD/JE.Emenda.Reda\u00e7\u00e3o Final.","observacao":"<b><font color=\"red\">ATEN\u00c7\u00c3O!!!  H\u00c1 REDA\u00c7\u00c3O FINAL.</font> Para acess\u00e1-la, <a href=\"https://sapl.camaranh.rs.gov.br/media/sapl/public/documentoacessorio/2019/34984/redacao_final_-_pl-28-2019.odt\">CLIQUE AQUI</a></b>","resultado":"","texto_original":"http://info77.camaranh/media/sapl/public/materialegislativa/2019/60252/pl_28-2019.pdf","data_ultima_atualizacao":"2019-08-05T15:37:41.982453-03:00","ip":"","ultima_edicao":null,"assinatura_digital":false,"tipo":1,"regime_tramitacao":1,"tipo_origem_externa":1,"local_origem_externa":1,"user":null,"anexadas":[61148],"autores":[2]}