{"id":61328,"__str__":"Requerimento n\u00ba 628 de 2019","metadata":{},"numero":628,"ano":2019,"numero_protocolo":null,"data_apresentacao":"2019-06-27","tipo_apresentacao":"","data_publicacao":null,"numero_origem_externa":"","ano_origem_externa":null,"data_origem_externa":null,"apelido":"","dias_prazo":null,"data_fim_prazo":null,"em_tramitacao":false,"polemica":null,"objeto":"","complementar":null,"ementa":"Voto de Congratula\u00e7\u00f5es \u00e0 FTEC Faculdades pela comemora\u00e7\u00e3o dos seus 10 anos de atividades.","indexacao":"ofcirc49","observacao":"","resultado":"","texto_original":"http://info77.camaranh/media/sapl/public/materialegislativa/2019/61328/req-628.odt","data_ultima_atualizacao":"2026-01-15T16:47:02.103784-03:00","ip":"172.27.81.142","ultima_edicao":"2026-01-08T16:24:04.758005-03:00","assinatura_digital":false,"tipo":3,"regime_tramitacao":1,"tipo_origem_externa":null,"local_origem_externa":null,"user":69,"anexadas":[],"autores":[50]}