{"id":62941,"__str__":"Projeto de Lei n\u00ba 70 de 2019","metadata":{},"numero":70,"ano":2019,"numero_protocolo":null,"data_apresentacao":"2019-09-12","tipo_apresentacao":"E","data_publicacao":null,"numero_origem_externa":"","ano_origem_externa":null,"data_origem_externa":null,"apelido":"","dias_prazo":null,"data_fim_prazo":null,"em_tramitacao":false,"polemica":null,"objeto":"","complementar":null,"ementa":"Disp\u00f5e sobre a Pol\u00edtica Municipal de Educa\u00e7\u00e3o Ambiental, e d\u00e1 outras provid\u00eancias. <b> (VETO INTEGRAL) </b>","indexacao":"<b><font color=\"red\">ATEN\u00c7\u00c3O!!!  H\u00c1 REDA\u00c7\u00c3O FINAL.</font> Para acess\u00e1-la, <a href=\"https://sapl.camaranh.rs.gov.br/media/sapl/public/documentoacessorio/2019/36880/redacao_final-pl-70-2019.odt\">CLIQUE AQUI</a></b>","observacao":"","resultado":"","texto_original":"http://info77.camaranh/media/sapl/public/materialegislativa/2019/62941/pl_70-2019.odt","data_ultima_atualizacao":"2020-05-04T16:24:07.834433-03:00","ip":"172.27.82.92","ultima_edicao":null,"assinatura_digital":false,"tipo":1,"regime_tramitacao":1,"tipo_origem_externa":null,"local_origem_externa":null,"user":81,"anexadas":[65188,64236],"autores":[68]}