{"id":63562,"__str__":"Projeto de Lei n\u00ba 76 de 2019","metadata":{},"numero":76,"ano":2019,"numero_protocolo":null,"data_apresentacao":"2019-10-04","tipo_apresentacao":"E","data_publicacao":null,"numero_origem_externa":"76","ano_origem_externa":2019,"data_origem_externa":"2019-10-04","apelido":"","dias_prazo":null,"data_fim_prazo":null,"em_tramitacao":false,"polemica":null,"objeto":"","complementar":null,"ementa":"Desafeta, d\u00e1 destina\u00e7\u00e3o a im\u00f3veis p\u00fablicos municipais, e d\u00e1 outras provid\u00eancias.","indexacao":"Of. n\u00ba 10/1.213 - SEMAD/DGD/JE","observacao":"","resultado":"","texto_original":"http://info77.camaranh/media/sapl/public/materialegislativa/2019/63562/pl-76-2019.pdf","data_ultima_atualizacao":"2019-12-05T16:19:09.723130-03:00","ip":"172.27.82.35","ultima_edicao":null,"assinatura_digital":false,"tipo":1,"regime_tramitacao":1,"tipo_origem_externa":1,"local_origem_externa":1,"user":89,"anexadas":[],"autores":[2]}