{"id":66354,"__str__":"Indica\u00e7\u00e3o/Pedido de Provid\u00eancias n\u00ba 842 de 2020","metadata":{},"numero":842,"ano":2020,"numero_protocolo":null,"data_apresentacao":"2020-03-13","tipo_apresentacao":"","data_publicacao":null,"numero_origem_externa":"","ano_origem_externa":null,"data_origem_externa":null,"apelido":"","dias_prazo":null,"data_fim_prazo":null,"em_tramitacao":false,"polemica":null,"objeto":"","complementar":null,"ementa":"Recoloca\u00e7\u00e3o da placa indicativa \u201cEsquina Pipoqueiro Renato Jos\u00e9 da Concei\u00e7\u00e3o\u201d, na esquina da Avenida Pedro Adams Filho, com a Rua Lima e Silva, em frente a Pra\u00e7a do Imigrante.","indexacao":"of103\r\nof10/317\r\nof10/238","observacao":"","resultado":"","texto_original":"http://info77.camaranh/media/sapl/public/materialegislativa/2020/66354/pp-842_a7Zd0FD.odt","data_ultima_atualizacao":"2020-05-29T13:15:59.558241-03:00","ip":"172.27.82.86","ultima_edicao":"2020-05-29T13:15:58.030679-03:00","assinatura_digital":false,"tipo":8,"regime_tramitacao":1,"tipo_origem_externa":null,"local_origem_externa":null,"user":69,"anexadas":[],"autores":[89]}