{"id":72562,"__str__":"Requerimento n\u00ba 431 de 2021","metadata":{},"numero":431,"ano":2021,"numero_protocolo":null,"data_apresentacao":"2021-05-03","tipo_apresentacao":"E","data_publicacao":null,"numero_origem_externa":"","ano_origem_externa":null,"data_origem_externa":null,"apelido":"","dias_prazo":null,"data_fim_prazo":null,"em_tramitacao":false,"polemica":null,"objeto":"","complementar":null,"ementa":"Convoca\u00e7\u00e3o ao Secret\u00e1rio Municipal de Desenvolvimento Social, Sr. Eliton \u00c1vila, para comparecer \u00e0 Sess\u00e3o Ordin\u00e1ria de 12 de maio, \u00e0s 14h, na modalidade presencial ou remota, a fim de falar sobre as a\u00e7\u00f5es realizadas durante a pandemia no Munic\u00edpio.","indexacao":"","observacao":"","resultado":"","texto_original":"http://info77.camaranh/media/sapl/public/materialegislativa/2021/72562/r-431.odt","data_ultima_atualizacao":"2026-01-14T17:32:57.057765-03:00","ip":"172.27.82.97","ultima_edicao":"2021-05-03T13:30:58.022955-03:00","assinatura_digital":false,"tipo":3,"regime_tramitacao":1,"tipo_origem_externa":null,"local_origem_externa":null,"user":103,"anexadas":[],"autores":[31]}