{"id":75431,"__str__":"Emenda n\u00ba 18 de 2021","metadata":{},"numero":18,"ano":2021,"numero_protocolo":null,"data_apresentacao":"2021-09-09","tipo_apresentacao":"E","data_publicacao":null,"numero_origem_externa":"","ano_origem_externa":null,"data_origem_externa":null,"apelido":"","dias_prazo":null,"data_fim_prazo":null,"em_tramitacao":false,"polemica":null,"objeto":"","complementar":null,"ementa":"Altera a reda\u00e7\u00e3o do artigo 3\u00ba do Projeto de Decreto Legislativo n\u00ba 3/2021, que disp\u00f5e sobre a cria\u00e7\u00e3o da Premia\u00e7\u00e3o denominada de \u201cHonraria Empresarial J\u00falio Redecker\u201d e d\u00e1 outras provid\u00eancias.","indexacao":"Anexada ao PDL 3/2021.","observacao":"","resultado":"","texto_original":"http://info77.camaranh/media/sapl/public/materialegislativa/2021/75431/emenda_18-2021_ao_pdl_3-2021.odt","data_ultima_atualizacao":"2026-01-08T16:19:20.761356-03:00","ip":"172.27.81.174","ultima_edicao":"2026-01-08T16:19:20.680914-03:00","assinatura_digital":false,"tipo":24,"regime_tramitacao":1,"tipo_origem_externa":null,"local_origem_externa":null,"user":81,"anexadas":[],"autores":[118]}