{"id":77685,"__str__":"Projeto de Resolu\u00e7\u00e3o n\u00ba 2 de 2022","metadata":{},"numero":2,"ano":2022,"numero_protocolo":null,"data_apresentacao":"2022-02-23","tipo_apresentacao":"E","data_publicacao":null,"numero_origem_externa":"","ano_origem_externa":null,"data_origem_externa":null,"apelido":"","dias_prazo":null,"data_fim_prazo":null,"em_tramitacao":false,"polemica":false,"objeto":"","complementar":false,"ementa":"Acrescenta al\u00ednea \"c\" no Inciso V do art. 4\u00ba da Resolu\u00e7\u00e3o n\u00ba 4/2019, que disp\u00f5e sobre o Calend\u00e1rio Pr\u00f3-Sa\u00fade da C\u00e2mara Municipal de Novo Hamburgo.","indexacao":"","observacao":"","resultado":"","texto_original":"http://info77.camaranh/media/sapl/public/materialegislativa/2022/77685/pr_2-2022.odt","data_ultima_atualizacao":"2022-05-23T10:46:28.005904-03:00","ip":"172.27.82.92","ultima_edicao":"2022-02-23T17:58:23.564336-03:00","assinatura_digital":false,"tipo":2,"regime_tramitacao":1,"tipo_origem_externa":null,"local_origem_externa":null,"user":81,"anexadas":[],"autores":[119]}