{"id":81057,"__str__":"Projeto de Lei n\u00ba 65 de 2022","metadata":{},"numero":65,"ano":2022,"numero_protocolo":null,"data_apresentacao":"2022-08-11","tipo_apresentacao":"E","data_publicacao":null,"numero_origem_externa":"","ano_origem_externa":null,"data_origem_externa":null,"apelido":"","dias_prazo":null,"data_fim_prazo":null,"em_tramitacao":false,"polemica":null,"objeto":"","complementar":false,"ementa":"Acrescenta par\u00e1grafo \u00fanico ao art. 3\u00ba da Lei 3.221/2019, que \u201cInstitui a Pol\u00edtica Municipal de Aten\u00e7\u00e3o Integral aos Educandos com Transtorno do D\u00e9ficit de Aten\u00e7\u00e3o com Hiperatividade (TDAH) no Munic\u00edpio de Novo Hamburgo\u201d.","indexacao":"","observacao":"","resultado":"","texto_original":"http://info77.camaranh/media/sapl/public/materialegislativa/2022/81057/pl_65-2022.odt","data_ultima_atualizacao":"2022-09-05T20:43:09.787635-03:00","ip":"172.27.82.92","ultima_edicao":"2022-08-11T17:55:05.452017-03:00","assinatura_digital":false,"tipo":1,"regime_tramitacao":1,"tipo_origem_externa":null,"local_origem_externa":null,"user":81,"anexadas":[],"autores":[76]}