{"id":81945,"__str__":"Requerimento n\u00ba 1432 de 2022","metadata":{},"numero":1432,"ano":2022,"numero_protocolo":null,"data_apresentacao":"2022-09-29","tipo_apresentacao":"","data_publicacao":null,"numero_origem_externa":"","ano_origem_externa":null,"data_origem_externa":null,"apelido":"","dias_prazo":null,"data_fim_prazo":null,"em_tramitacao":false,"polemica":false,"objeto":"","complementar":false,"ementa":"Designa\u00e7\u00e3o do vereador Cristiano Coller para participar da COUROMODA - Feira Internacional de Cal\u00e7ados, Artefatos de Couro e Acess\u00f3rios de Moda, dos dias 16 a 18 de janeiro de 2023, na Expo Center Norte, em S\u00e3o Paulo \u2013 SP.","indexacao":"","observacao":"","resultado":"","texto_original":"http://info77.camaranh/media/sapl/public/materialegislativa/2022/81945/r-1432.odt","data_ultima_atualizacao":"2022-10-04T10:49:15.786906-03:00","ip":"172.27.82.97","ultima_edicao":"2022-09-29T10:16:16.619414-03:00","assinatura_digital":false,"tipo":3,"regime_tramitacao":1,"tipo_origem_externa":null,"local_origem_externa":null,"user":103,"anexadas":[],"autores":[69]}