{"id":83938,"__str__":"Requerimento n\u00ba 132 de 2023","metadata":{},"numero":132,"ano":2023,"numero_protocolo":null,"data_apresentacao":"2023-02-10","tipo_apresentacao":"","data_publicacao":null,"numero_origem_externa":"","ano_origem_externa":null,"data_origem_externa":null,"apelido":"","dias_prazo":null,"data_fim_prazo":null,"em_tramitacao":false,"polemica":false,"objeto":"","complementar":false,"ementa":"Parte do Expediente da Sess\u00e3o Ordin\u00e1ria de 27 de setembro para homenagear a Informatize pela passagem de seus 25 anos de funda\u00e7\u00e3o.","indexacao":"of27","observacao":"","resultado":"","texto_original":"http://info77.camaranh/media/sapl/public/materialegislativa/2023/83938/r-132.odt","data_ultima_atualizacao":"2023-09-26T17:10:22.335102-03:00","ip":"172.27.82.85","ultima_edicao":"2023-02-10T11:28:33.603815-03:00","assinatura_digital":false,"tipo":3,"regime_tramitacao":1,"tipo_origem_externa":null,"local_origem_externa":null,"user":105,"anexadas":[],"autores":[69]}