{"id":86109,"__str__":"Mo\u00e7\u00e3o n\u00ba 28 de 2023","metadata":{},"numero":28,"ano":2023,"numero_protocolo":null,"data_apresentacao":"2023-05-17","tipo_apresentacao":"E","data_publicacao":null,"numero_origem_externa":"","ano_origem_externa":null,"data_origem_externa":null,"apelido":"","dias_prazo":null,"data_fim_prazo":null,"em_tramitacao":false,"polemica":false,"objeto":"","complementar":false,"ementa":"Manifesta\u00e7\u00e3o de Aplauso ao deputado federal Lucas Redecker pela cria\u00e7\u00e3o de dois projetos de lei que promovem a seguran\u00e7a e o bem-estar de crian\u00e7as e adolescentes.","indexacao":"","observacao":"","resultado":"","texto_original":"http://info77.camaranh/media/sapl/public/materialegislativa/2023/86109/mocao_28-2023.odt","data_ultima_atualizacao":"2023-05-25T11:04:29.056152-03:00","ip":"172.27.82.92","ultima_edicao":"2023-05-17T17:34:44.791347-03:00","assinatura_digital":false,"tipo":7,"regime_tramitacao":1,"tipo_origem_externa":null,"local_origem_externa":null,"user":81,"anexadas":[],"autores":[10,119,23,89,58]}