{"id":88256,"__str__":"Requerimento n\u00ba 1352 de 2023","metadata":{},"numero":1352,"ano":2023,"numero_protocolo":null,"data_apresentacao":"2023-08-17","tipo_apresentacao":"","data_publicacao":null,"numero_origem_externa":"","ano_origem_externa":null,"data_origem_externa":null,"apelido":"","dias_prazo":null,"data_fim_prazo":null,"em_tramitacao":false,"polemica":false,"objeto":"","complementar":false,"ementa":"Convite \u00e0 farmac\u00eautica, Sra. Daniela Pinhatti Flores, respons\u00e1vel pelo Programa Antitabagismo em nosso munic\u00edpio, para participar da sess\u00e3o ordin\u00e1ria de 30 de agosto de 2023, a fim de falar sobre o Dia Nacional de Combate ao Fumo, comemorado dia 29 de agosto.","indexacao":"of436","observacao":"","resultado":"","texto_original":"http://info77.camaranh/media/sapl/public/materialegislativa/2023/88256/r-1352.odt","data_ultima_atualizacao":"2023-08-22T13:30:37.253235-03:00","ip":"172.27.82.87","ultima_edicao":"2023-08-17T09:44:53.988516-03:00","assinatura_digital":false,"tipo":3,"regime_tramitacao":1,"tipo_origem_externa":null,"local_origem_externa":null,"user":69,"anexadas":[],"autores":[119]}