{"id":98860,"__str__":"Requerimento n\u00ba 288 de 2025","metadata":{},"numero":288,"ano":2025,"numero_protocolo":null,"data_apresentacao":"2025-03-20","tipo_apresentacao":"","data_publicacao":null,"numero_origem_externa":"","ano_origem_externa":null,"data_origem_externa":null,"apelido":"","dias_prazo":null,"data_fim_prazo":null,"em_tramitacao":false,"polemica":false,"objeto":"","complementar":false,"ementa":"Designa\u00e7\u00e3o do vereador Eliton \u00c1vila para representar a C\u00e2mara de Vereadores na \u201cSolenidade de Inaugura\u00e7\u00e3o da Unidade Operacional do SEST SENAT de Novo Hamburgo\u201d, que acontecer\u00e1 no dia 03 de abril com in\u00edcio \u00e0s 11h, no Bairro Vila Nova em Novo Hamburgo.","indexacao":"of90","observacao":"","resultado":"","texto_original":"http://info77.camaranh/media/sapl/public/materialegislativa/2025/98860/r-288.odt","data_ultima_atualizacao":"2025-03-25T17:20:24.921319-03:00","ip":"172.27.81.133","ultima_edicao":"2025-03-21T12:11:22.887621-03:00","assinatura_digital":false,"tipo":3,"regime_tramitacao":1,"tipo_origem_externa":null,"local_origem_externa":null,"user":105,"anexadas":[],"autores":[141]}