{"id":204216,"__str__":"Emenda n\u00ba 10 de 2018 | Aprovado(a) em 1\u00aa vota\u00e7\u00e3o | 24/09/2018","metadata":{},"timestamp":"2019-03-08T08:09:24.864061-03:00","data_tramitacao":"2018-09-24","data_encaminhamento":"2018-09-24","urgente":false,"turno":"S","texto":"Emenda aprovada com 13 votos favor\u00e1veis, em vota\u00e7\u00e3o SIMB\u00d3LICA, na ordem do dia da sess\u00e3o ordin\u00e1ria de 24 de setembro de 2018, conforme a Ata n\u00ba 65/2018. Os vereadores Cristiano Coller, Enio Brizola, Fernando Louren\u00e7o, Gabriel Chassot, Gerson Peteffi, Issur Koch, Marcia Glaser, Nor Boeno, Patricia Beck, Raul Cassel, Sergio Hanich, Vladimir Louren\u00e7o e Vilmar Heming votaram SIM. O vereador Felipe Kuhn Braun presidia a sess\u00e3o. ","data_fim_prazo":null,"ip":"","ultima_edicao":null,"status":10,"materia":56232,"unidade_tramitacao_local":9,"unidade_tramitacao_destino":9,"user":null}