{"id":213606,"__str__":"Emenda n\u00ba 47 de 2018 | Aprovado(a) em 2\u00aa vota\u00e7\u00e3o | 05/12/2018","metadata":{},"timestamp":"2019-03-08T08:09:24.864061-03:00","data_tramitacao":"2018-12-05","data_encaminhamento":"2018-12-05","urgente":false,"turno":"S","texto":"Emenda aprovada com 12 votos favor\u00e1veis, em vota\u00e7\u00e3o SIMB\u00d3LICA, na Ordem do Dia da Sess\u00e3o Ordin\u00e1ria de 05 de dezembro de 2018, conforme a Ata n\u00ba 86/2018. Os vereadores Cristiano Coller, Enio Brizola, Fernando Louren\u00e7o, Gabriel Chassot, Gerson Peteffi, Issur Koch, Nor Boeno, Patricia Beck, Raul Cassel, Sergio Hanich, Vladimir Louren\u00e7o e Vilmar Heming votaram SIM. O vereador Jorge Luz estava em licen\u00e7a. O vereador Felipe Kuhn Braun presidia a sess\u00e3o.","data_fim_prazo":null,"ip":"","ultima_edicao":null,"status":12,"materia":57733,"unidade_tramitacao_local":9,"unidade_tramitacao_destino":19,"user":null}