{"id":223154,"__str__":"Projeto de Lei n\u00ba 18 de 2019 | Aprovado(a) em 1\u00aa vota\u00e7\u00e3o | 16/04/2019","metadata":{},"timestamp":"2019-04-16T18:28:00.815722-03:00","data_tramitacao":"2019-04-16","data_encaminhamento":"2019-04-16","urgente":true,"turno":"S","texto":"Projeto aprovado com 09 votos favor\u00e1veis e 04 votos contr\u00e1rios, em vota\u00e7\u00e3o NOMINAL, na Ordem do Dia da Sess\u00e3o Ordin\u00e1ria de 15 de abril de 2019, conforme a Ata n\u00ba 20/2019. Os vereadores Cristiano Coller, Fernando Louren\u00e7o, Gabriel Chassot, Gerson Peteffi, Jorge Luz, Nor Boeno, Semilda Melher dos Santos, Sergio Hanich e Vladimir Louren\u00e7o votaram SIM. Os vereadores Enio Brizola, Felipe Kuhn Braun, Patricia Beck e Vilmar Heming votaram N\u00c3O. O vereador Raul Cassel presidia a sess\u00e3o.","data_fim_prazo":null,"ip":"","ultima_edicao":null,"status":10,"materia":59609,"unidade_tramitacao_local":9,"unidade_tramitacao_destino":9,"user":null}