{"id":248558,"__str__":"Emenda n\u00ba 37 de 2019 | Aprovado(a) em 1\u00aa vota\u00e7\u00e3o | 04/12/2019","metadata":{},"timestamp":"2019-12-04T16:57:06.604266-03:00","data_tramitacao":"2019-12-04","data_encaminhamento":"2019-12-04","urgente":false,"turno":"S","texto":"Emenda aprovada com 13 votos favor\u00e1veis, em vota\u00e7\u00e3o SIMB\u00d3LICA, na Ordem do Dia da Sess\u00e3o Ordin\u00e1ria de 04 de dezembro de 2019, conforme a Ata n\u00ba 86/2019. Os vereadores Agenor Boeno, Cristiano Coller, Enio Brizola, Felipe Kuhn Braun, Fernando Louren\u00e7o, Gabriel Chassot, Gerson Peteffi, Jorge Luz, Patricia Beck, Semilda Melher dos Santos, Sergio Hanich, Vilmar Emilio Heming e Vladimir Louren\u00e7o votaram SIM.O vereador Raul Cassel presidia a sess\u00e3o.","data_fim_prazo":"2019-12-09","ip":"172.27.82.92","ultima_edicao":null,"status":10,"materia":64627,"unidade_tramitacao_local":9,"unidade_tramitacao_destino":9,"user":93}