{"id":309834,"__str__":"Projeto de Lei n\u00ba 90 de 2021 | Aprovado(a) em 2\u00aa vota\u00e7\u00e3o | 14/03/2022","metadata":{},"timestamp":"2022-03-14T18:50:45.999137-03:00","data_tramitacao":"2022-03-14","data_encaminhamento":"2022-03-14","urgente":false,"turno":"","texto":"Projeto aprovado com 13 votos favor\u00e1veis, em vota\u00e7\u00e3o SIMB\u00d3LICA, na Ordem do Dia da Sess\u00e3o Ordin\u00e1ria de 14 de mar\u00e7o de 2022, conforme a Ata n\u00ba 11/2022. Os vereadores Darlan Oliveira, Enio Brizola, Felipe Kuhn Braun, Fernando Louren\u00e7o, Gerson Peteffi, Gustavo Finck, Lourdes Valim, Nor Boeno, Raizer Ferreira, Ricardo Ritter, Semilda Melher dos Santos, Sergio Hanich e Vladimir Louren\u00e7o votaram SIM. O vereador Cristiano Coller presidia a sess\u00e3o.","data_fim_prazo":null,"ip":"172.27.82.18","ultima_edicao":"2022-03-14T18:42:27.749510-03:00","status":12,"materia":76127,"unidade_tramitacao_local":9,"unidade_tramitacao_destino":11,"user":93}