{"id":318215,"__str__":"Veto n\u00ba 2 de 2022 | Inclu\u00eddo(a) na Ordem do Dia | 15/06/2022","metadata":{},"timestamp":"2022-06-15T18:11:18.435632-03:00","data_tramitacao":"2022-06-15","data_encaminhamento":"2022-06-15","urgente":false,"turno":"U","texto":"Inclu\u00eddo na Ordem do Dia da Sess\u00e3o Ordin\u00e1ria de 20 de junho de 2022.","data_fim_prazo":null,"ip":"172.27.82.92","ultima_edicao":"2022-06-15T18:10:36.735968-03:00","status":3,"materia":79449,"unidade_tramitacao_local":19,"unidade_tramitacao_destino":9,"user":81}