{"id":333733,"__str__":"Projeto de Lei n\u00ba 73 de 2022 | Reda\u00e7\u00e3o final aprovada | 14/12/2022","metadata":{},"timestamp":"2022-12-14T15:19:59.516411-03:00","data_tramitacao":"2022-12-14","data_encaminhamento":"2022-12-14","urgente":false,"turno":"U","texto":"REDA\u00c7\u00c3O FINAL do Projeto aprovada com 13 votos favor\u00e1veis, em vota\u00e7\u00e3o SIMB\u00d3LICA, na Ordem do Dia da Sess\u00e3o Ordin\u00e1ria de 14 de dezembro de 2022, conforme a Ata n\u00ba 83/2022. Os vereadores Enio Brizola, Felipe Kuhn Braun, Fernando Louren\u00e7o, Gerson Peteffi, Gustavo Finck, Ito Luciano, Jorge Luz, Lourdes Valim, Raizer Ferreira, Ricardo Ritter, Semilda Melher dos Santos, Tarcisio Heming e Vladimir Louren\u00e7o votaram SIM. O vereador Cristiano Coller presidia a sess\u00e3o","data_fim_prazo":null,"ip":"172.27.82.18","ultima_edicao":"2022-12-14T15:19:25.952952-03:00","status":15,"materia":81268,"unidade_tramitacao_local":9,"unidade_tramitacao_destino":11,"user":81}