{"id":348986,"__str__":"Projeto de Lei Complementar n\u00ba 7 de 2023 | Inclu\u00eddo(a) na Ordem do Dia | 13/07/2023","metadata":{},"timestamp":"2023-07-13T10:13:12.199643-03:00","data_tramitacao":"2023-07-13","data_encaminhamento":"2023-07-13","urgente":false,"turno":"U","texto":"Reda\u00e7\u00e3o Final inclu\u00edda na Ordem do Dia da Sess\u00e3o Ordin\u00e1ria de 17/07/2023.","data_fim_prazo":null,"ip":"172.27.82.92","ultima_edicao":"2023-07-13T10:11:31.517797-03:00","status":3,"materia":85202,"unidade_tramitacao_local":41,"unidade_tramitacao_destino":9,"user":81}