{"id":41600,"__str__":"Projeto de Resolu\u00e7\u00e3o n\u00ba 7 de 2011 | Aprovado(a) em 2\u00aa vota\u00e7\u00e3o | 11/08/2011","metadata":{},"timestamp":"2019-03-08T08:09:24.864061-03:00","data_tramitacao":"2011-08-11","data_encaminhamento":null,"urgente":false,"turno":"","texto":"Projeto aprovado com 13 votos favor\u00e1veis, em vota\u00e7\u00e3o nominal, na Ordem do Dia da Sess\u00e3o Ordin\u00e1ria de 11 de agosto de 2011, conforme Ata n\u00ba 52/2011. Os Vereadores Alexsander R\u00f6nnau, Antonio Lucas, Carmen Lucia Ries, Gerson Peteffi, Gilberto Koch, Jesus Martins, Jos\u00e9 In\u00e1cio de Brito, Luiz Carlos Schenlrte, Matias Martins, Raul Cassel, Ricardo Ritter, Sergio Hanich e Volnei Campagnoni votaram SIM. O Vereador Leonardo Hoff presidia a Sess\u00e3o.","data_fim_prazo":null,"ip":"","ultima_edicao":null,"status":12,"materia":13043,"unidade_tramitacao_local":9,"unidade_tramitacao_destino":11,"user":null}