{"id":444069,"__str__":"Requerimento n\u00ba 845 de 2026 | Aprovado(a) em vota\u00e7\u00e3o \u00fanica | 10/06/2026","metadata":{},"timestamp":"2026-06-10T15:09:47.784241-03:00","data_tramitacao":"2026-06-10","data_encaminhamento":"2026-06-10","urgente":false,"turno":"U","texto":"Requerimento aprovado com 08 votos favor\u00e1veis e 06 votos contr\u00e1rios, em vota\u00e7\u00e3o NOMINAL, na Ordem do Dia da Sess\u00e3o Ordin\u00e1ria de 10 de junho de 2026, conforme a Ata n\u00ba 36/2026. Os vereadores Cristiano Coller, Daia Hanich, Deza Guerreiro, Eliton Avila, Enio Brizola, Felipe Kuhn Braun, Joelson de Ara\u00fajo e Professora Luciana Martins votaram SIM. Os vereadores Giovani Caju, Ico Heming, Ito Luciano, Juliano Souto, Nor Boeno e Ricardo Ritter-Ica votaram N\u00c3O.","data_fim_prazo":null,"ip":"172.27.82.166","ultima_edicao":"2026-06-10T15:05:23.659354-03:00","status":8,"materia":107635,"unidade_tramitacao_local":9,"unidade_tramitacao_destino":11,"user":81}