{"id":1728,"__str__":"Cristiano Coller (4\u00ba orador)","metadata":{},"numero_ordem":4,"url_discurso":"","observacao":"Utilizou tamb\u00e9m o espa\u00e7o de lideran\u00e7a partid\u00e1ria","upload_anexo":null,"sessao_plenaria":1934,"parlamentar":63}