{"id":2011,"__str__":"Felipe Kuhn Braun (7\u00ba orador)","metadata":{},"numero_ordem":7,"url_discurso":"","observacao":"Discuss\u00e3o - Mo\u00e7\u00e3o n\u00ba 67/2023","upload_anexo":null,"sessao_plenaria":1649,"parlamentar":67}