{"id":373,"__str__":"Ordem: Ordem do Dia/Expediente: 10 - Mo\u00e7\u00e3o n\u00ba 2 de 2026 em 2\u00aa Sess\u00e3o Ordin\u00e1ria da 2\u00aa Sess\u00e3o Legislativa da 19\u00aa Legislatura - Requerente: Ricardo Ritter - Ica - Mat\u00e9ria: Mo\u00e7\u00e3o n\u00ba 2 de 2026","metadata":{},"data":"2026-02-04","observacao":"","materia":104525,"sessao_plenaria":1932,"ordem":7353,"expediente":null,"parlamentar":34,"tipo_de_retirada":1}