{"headers": {"id": "ID", "ano": "Ano", "numero": "N\u00famero", "tipo__sigla": "Tipo de Mat\u00e9ria Legislativa/Sigla", "tipo__descricao": "Tipo de Mat\u00e9ria Legislativa/Descri\u00e7\u00e3o", "autoria__autor__nome": "Autorias/Autor/Nome do Autor", "texto_original": "Texto Original", "ementa": "Ementa"}, "results": [{"id": 20054, "ano": 2013, "numero": 1, "tipo__sigla": "PELOM", "tipo__descricao": "Projeto de Emenda \u00e0 Lei Org\u00e2nica Municipal", "autoria__autor__nome": "Enfermeiro Vilmar\r\nFufa Azevedo\r\nLuiz Fernando Farias\r\nNaasom Luciano\r\nPatr\u00edcia Beck\r\nRoger Corr\u00eaa", "texto_original": "https://sapl.camaranh.rs.gov.br/media/sapl/public/materialegislativa/2013/20054/20054_texto_integral.odt", "ementa": "D\u00e1 nova reda\u00e7\u00e3o ao Art. 13 e ao \u00a72\u00ba do  Art. 15 e acrescenta par\u00e1grafos 3\u00ba e 4\u00ba ao Artigo 15 da Lei Org\u00e2nica do Munic\u00edpio de Novo Hamburgo."}, {"id": 20051, "ano": 2013, "numero": 1, "tipo__sigla": "PLC", "tipo__descricao": "Projeto de Lei Complementar", "autoria__autor__nome": "Executivo", "texto_original": "https://sapl.camaranh.rs.gov.br/media/sapl/public/materialegislativa/2013/20051/20051_texto_integral.pdf", "ementa": "Altera os dispositivos da Lei Municipal n\u00ba 85/54, que consolida o C\u00f3digo de Posturas do Munic\u00edpio, e d\u00e1 outras provid\u00eancias."}, {"id": 23975, "ano": 2013, "numero": 2, "tipo__sigla": "PLC", "tipo__descricao": "Projeto de Lei Complementar", "autoria__autor__nome": "Executivo", "texto_original": "https://sapl.camaranh.rs.gov.br/media/sapl/public/materialegislativa/2013/23975/23975_texto_integral.pdf", "ementa": "Altera dispositivos que menciona da Lei Municipal n\u00ba 2.204/2010, que instituiu o Plano de Classifica\u00e7\u00e3o de Cargos e Fun\u00e7\u00f5es dos Instituto de Previd\u00eancia e Assist\u00eancia dos Servidores Municipais de Novo Hamburgo - IPASEM, e d\u00e1 outras provid\u00eancias."}, {"id": 24274, "ano": 2013, "numero": 3, "tipo__sigla": "PLC", "tipo__descricao": "Projeto de Lei Complementar", "autoria__autor__nome": "Executivo", "texto_original": "https://sapl.camaranh.rs.gov.br/media/sapl/public/materialegislativa/2013/24274/24274_texto_integral.pdf", "ementa": "Acrescenta dispositivo que menciona na Lei Municipal n\u00ba 333/2000, de 19/04/2000, que Institui o Regime Jur\u00eddico Estatut\u00e1rio dos Servidores P\u00fablicos Municipais, e d\u00e1 outras provid\u00eancias."}, {"id": 24275, "ano": 2013, "numero": 4, "tipo__sigla": "PLC", "tipo__descricao": "Projeto de Lei Complementar", "autoria__autor__nome": "Executivo", "texto_original": "https://sapl.camaranh.rs.gov.br/media/sapl/public/materialegislativa/2013/24275/24275_texto_integral.pdf", "ementa": "Altera os dispositivos que menciona na Lei Municipal n\u00ba 1.031/2003, que consolida a legisla\u00e7\u00e3o tribut\u00e1ria municipal instituindo o c\u00f3digo tribut\u00e1rio do munic\u00edpio consolidado, e d\u00e1 outras provid\u00eancias. <b>(SUBSTITUTIVO)</b>"}, {"id": 24488, "ano": 2013, "numero": 5, "tipo__sigla": "PLC", "tipo__descricao": "Projeto de Lei Complementar", "autoria__autor__nome": "Executivo", "texto_original": "https://sapl.camaranh.rs.gov.br/media/sapl/public/materialegislativa/2013/24488/24488_texto_integral.pdf", "ementa": "Altera dispositivos que menciona da Lei Municipal n\u00ba 154/1992, que disp\u00f5e sobre o sistema de seguridade social aos servidores p\u00fablicos do Munic\u00edpio de Novo Hamburgo, e d\u00e1 outras provid\u00eancias."}, {"id": 24680, "ano": 2013, "numero": 6, "tipo__sigla": "PLC", "tipo__descricao": "Projeto de Lei Complementar", "autoria__autor__nome": "Executivo", "texto_original": "https://sapl.camaranh.rs.gov.br/media/sapl/public/materialegislativa/2013/24680/24680_texto_integral.pdf", "ementa": "Altera os dispositivos que menciona na Lei Municipal n\u00ba 85/1954, C\u00f3digo de Posturas, e d\u00e1 outras provid\u00eancias."}, {"id": 24716, "ano": 2013, "numero": 7, "tipo__sigla": "PLC", "tipo__descricao": "Projeto de Lei Complementar", "autoria__autor__nome": "Executivo", "texto_original": "https://sapl.camaranh.rs.gov.br/media/sapl/public/materialegislativa/2013/24716/24716_texto_integral.pdf", "ementa": "Altera a Lei Municipal n\u00ba 154/1992, que disp\u00f5e sobre o Sistema de Seguridade Social dos Servidores P\u00fablicos do Munic\u00edpio de Novo Hamburgo, e d\u00e1 outras provid\u00eancias."}, {"id": 20046, "ano": 2013, "numero": 1, "tipo__sigla": "PL", "tipo__descricao": "Projeto de Lei", "autoria__autor__nome": "Executivo", "texto_original": "https://sapl.camaranh.rs.gov.br/media/sapl/public/materialegislativa/2013/20046/20046_texto_integral.pdf", "ementa": "Disp\u00f5e sobre a sele\u00e7\u00e3o de pessoal para servi\u00e7o volunt\u00e1rio, por tempo determinado, para a execu\u00e7\u00e3o do Projeto \"N\u00facleo de Justi\u00e7a Comunit\u00e1ria\" e d\u00e1 outras provid\u00eancias."}, {"id": 20047, "ano": 2013, "numero": 2, "tipo__sigla": "PL", "tipo__descricao": "Projeto de Lei", "autoria__autor__nome": "Executivo", "texto_original": "https://sapl.camaranh.rs.gov.br/media/sapl/public/materialegislativa/2013/20047/20047_texto_integral.pdf", "ementa": "Cria a Gratifica\u00e7\u00e3o de Responsabilidade T\u00e9cnica aos Engenheiros do Quadro Permanente de Servidores da COMUSA - Servi\u00e7os de \u00c1gua e Esgoto de Novo Hamburgo e d\u00e1 outras provid\u00eancias."}, {"id": 20048, "ano": 2013, "numero": 3, "tipo__sigla": "PL", "tipo__descricao": "Projeto de Lei", "autoria__autor__nome": "Executivo", "texto_original": "https://sapl.camaranh.rs.gov.br/media/sapl/public/materialegislativa/2013/20048/20048_texto_integral.pdf", "ementa": "Autoriza o cancelamento de d\u00e9bitos tribut\u00e1rios e n\u00e3o tribut\u00e1rios no valor de R$ 1.943.107,87."}, {"id": 20055, "ano": 2013, "numero": 4, "tipo__sigla": "PL", "tipo__descricao": "Projeto de Lei", "autoria__autor__nome": "Professor Issur Koch", "texto_original": "https://sapl.camaranh.rs.gov.br/media/sapl/public/materialegislativa/2013/20055/20055_texto_integral.odt", "ementa": "Institui a pol\u00edtica tribut\u00e1ria de gatilho do Imposto sobre Servi\u00e7os de Qualquer Natureza (ISSQN) no Munic\u00edpio de Novo Hamburgo, e d\u00e1 outras provid\u00eancias."}, {"id": 20107, "ano": 2013, "numero": 5, "tipo__sigla": "PL", "tipo__descricao": "Projeto de Lei", "autoria__autor__nome": "Luiz Fernando Farias", "texto_original": "https://sapl.camaranh.rs.gov.br/media/sapl/public/materialegislativa/2013/20107/20107_texto_integral.odt", "ementa": "Reconhece como pol\u00edtica p\u00fablica de Preven\u00e7\u00e3o \u00e0s Drogas no munic\u00edpio de Novo Hamburgo, o Programa Educacional de Resist\u00eancia \u00e0s Drogas - PROERD, organizado e realizado pela Brigada Militar e autoriza apoiar efetivamente seu desenvolvimento."}, {"id": 20110, "ano": 2013, "numero": 6, "tipo__sigla": "PL", "tipo__descricao": "Projeto de Lei", "autoria__autor__nome": "Mesa da C\u00e2mara Municipal", "texto_original": "https://sapl.camaranh.rs.gov.br/media/sapl/public/materialegislativa/2013/20110/20110_texto_integral.odt", "ementa": "Cria cargos no quadro de servidores efetivos da C\u00e2mara Municipal."}, {"id": 20112, "ano": 2013, "numero": 7, "tipo__sigla": "PL", "tipo__descricao": "Projeto de Lei", "autoria__autor__nome": "Mesa da C\u00e2mara Municipal", "texto_original": "https://sapl.camaranh.rs.gov.br/media/sapl/public/materialegislativa/2013/20112/20112_texto_integral.odt", "ementa": "Altera a reda\u00e7\u00e3o dos artigos 1\u00ba e 3\u00ba e do anexo da Lei Municipal n\u00ba 1.081/2004, de 7 de maio de 2004, que criou cargos no quadro de servidores da C\u00e2mara Municipal."}, {"id": 20113, "ano": 2013, "numero": 8, "tipo__sigla": "PL", "tipo__descricao": "Projeto de Lei", "autoria__autor__nome": "Mesa da C\u00e2mara Municipal", "texto_original": "https://sapl.camaranh.rs.gov.br/media/sapl/public/materialegislativa/2013/20113/20113_texto_integral.odt", "ementa": "Altera a reda\u00e7\u00e3o do \"caput\" do art. 1\u00ba e do anexo I da Lei Municipal n\u00ba 2.277, de 28 de abril de 2011, que criou cargos no quadro de servidores da C\u00e2mara Municipal de Novo Hamburgo e instituiu a Procuradoria Geral da C\u00e2mara Municipal."}, {"id": 20115, "ano": 2013, "numero": 9, "tipo__sigla": "PL", "tipo__descricao": "Projeto de Lei", "autoria__autor__nome": "Mesa da C\u00e2mara Municipal", "texto_original": "https://sapl.camaranh.rs.gov.br/media/sapl/public/materialegislativa/2013/20115/20115_texto_integral.odt", "ementa": "Altera o anexo V da Resolu\u00e7\u00e3o n\u00ba 20/10L/1991, de 19 de dezembro de 1991, que instituiu o plano de classifica\u00e7\u00e3o de cargos e fun\u00e7\u00f5es gratificadas dos servidores da C\u00e2mara Municipal de Novo Hamburgo."}, {"id": 20116, "ano": 2013, "numero": 10, "tipo__sigla": "PL", "tipo__descricao": "Projeto de Lei", "autoria__autor__nome": "Mesa da C\u00e2mara Municipal", "texto_original": "https://sapl.camaranh.rs.gov.br/media/sapl/public/materialegislativa/2013/20116/20116_texto_integral.odt", "ementa": "Altera a reda\u00e7\u00e3o do anexo 1 da Lei Municipal n\u00ba 2.217/2010, de 16 de dezembro de 2010, que criou cargo no quadro de servidores da C\u00e2mara Municipal de Novo Hamburgo."}, {"id": 20220, "ano": 2013, "numero": 11, "tipo__sigla": "PL", "tipo__descricao": "Projeto de Lei", "autoria__autor__nome": "Sergio Hanich", "texto_original": "https://sapl.camaranh.rs.gov.br/media/sapl/public/materialegislativa/2013/20220/20220_texto_integral.odt", "ementa": "<del>Disp\u00f5e sobre a coloca\u00e7\u00e3o de cortinas nas janelas dos \u00f4nibus das empresas detentoras da concess\u00e3o do transporte p\u00fablico no Munic\u00edpio.</del><br><br />\r\nDisp\u00f5e sobre a coloca\u00e7\u00e3o de dispositivo de prote\u00e7\u00e3o solar nas janelas dos \u00f4nibus das empresas detentoras da concess\u00e3o do transporte p\u00fablico no Munic\u00edpio."}, {"id": 20296, "ano": 2013, "numero": 12, "tipo__sigla": "PL", "tipo__descricao": "Projeto de Lei", "autoria__autor__nome": "Raul Cassel", "texto_original": "https://sapl.camaranh.rs.gov.br/media/sapl/public/materialegislativa/2013/20296/20296_texto_integral.odt", "ementa": "Disp\u00f5e sobre a declara\u00e7\u00e3o da Institui\u00e7\u00e3o Evang\u00e9lica de Novo Hamburgo - IENH como patrim\u00f4nio hist\u00f3rico-cultural imaterial da cidade de Novo Hamburgo, e d\u00e1 outras provid\u00eancias."}, {"id": 20372, "ano": 2013, "numero": 13, "tipo__sigla": "PL", "tipo__descricao": "Projeto de Lei", "autoria__autor__nome": "Executivo", "texto_original": "https://sapl.camaranh.rs.gov.br/media/sapl/public/materialegislativa/2013/20372/20372_texto_integral.pdf", "ementa": "Autoriza a concess\u00e3o de subven\u00e7\u00f5es de natureza assistencial e d\u00e1 outras provid\u00eancias."}, {"id": 20396, "ano": 2013, "numero": 14, "tipo__sigla": "PL", "tipo__descricao": "Projeto de Lei", "autoria__autor__nome": "Executivo", "texto_original": "https://sapl.camaranh.rs.gov.br/media/sapl/public/materialegislativa/2013/20396/20396_texto_integral.pdf", "ementa": "Altera e acrescenta os dispositivos que menciona na Lei Municipal n\u00ba 2.400/2011, cria a Secretaria Municipal de Esporte e Lazer, e d\u00e1 outras provid\u00eancias.\r\n"}, {"id": 20398, "ano": 2013, "numero": 15, "tipo__sigla": "PL", "tipo__descricao": "Projeto de Lei", "autoria__autor__nome": "Executivo", "texto_original": "https://sapl.camaranh.rs.gov.br/media/sapl/public/materialegislativa/2013/20398/20398_texto_integral.pdf", "ementa": "Altera e insere os dispositivos que menciona nos Anexos C e II, da Lei Municipal n\u00ba 2.401, de 30 de dezembro de 2011 e d\u00e1 outras provid\u00eancias.\r\n"}, {"id": 20400, "ano": 2013, "numero": 16, "tipo__sigla": "PL", "tipo__descricao": "Projeto de Lei", "autoria__autor__nome": "Executivo", "texto_original": "https://sapl.camaranh.rs.gov.br/media/sapl/public/materialegislativa/2013/20400/20400_texto_integral.pdf", "ementa": "Cria o Fundo Municipal de Esporte e Lazer - FMEL, e d\u00e1 outras provid\u00eancias."}, {"id": 20401, "ano": 2013, "numero": 17, "tipo__sigla": "PL", "tipo__descricao": "Projeto de Lei", "autoria__autor__nome": "Executivo", "texto_original": "https://sapl.camaranh.rs.gov.br/media/sapl/public/materialegislativa/2013/20401/20401_texto_integral.pdf", "ementa": "Institui o Programa Municipal de apoio e Promo\u00e7\u00e3o do Esporte - PROESPORTE, o Protocolo de Incentivo Fiscal ao Esporte de Novo Hamburgo e o Selo de Certifica\u00e7\u00e3o Compromisso com o Esporte - Prefeitura de Novo Hamburgo.\r\n"}, {"id": 20481, "ano": 2013, "numero": 18, "tipo__sigla": "PL", "tipo__descricao": "Projeto de Lei", "autoria__autor__nome": "Executivo", "texto_original": "https://sapl.camaranh.rs.gov.br/media/sapl/public/materialegislativa/2013/20481/20481_texto_integral.pdf", "ementa": "Desafeta e d\u00e1 destina\u00e7\u00e3o a im\u00f3veis p\u00fablicos municipais, e d\u00e1 outras provid\u00eancias."}, {"id": 20510, "ano": 2013, "numero": 19, "tipo__sigla": "PL", "tipo__descricao": "Projeto de Lei", "autoria__autor__nome": "Raul Cassel", "texto_original": "https://sapl.camaranh.rs.gov.br/media/sapl/public/materialegislativa/2013/20510/20510_texto_integral.odt", "ementa": "Disp\u00f5e sobre a divulga\u00e7\u00e3o do servi\u00e7o de Disque Den\u00fancia Nacional de Viol\u00eancia contra a Mulher, no \u00e2mbito do Munic\u00edpio de Novo Hamburgo."}, {"id": 20523, "ano": 2013, "numero": 20, "tipo__sigla": "PL", "tipo__descricao": "Projeto de Lei", "autoria__autor__nome": "Executivo", "texto_original": "https://sapl.camaranh.rs.gov.br/media/sapl/public/materialegislativa/2013/20523/20523_texto_integral.pdf", "ementa": "Altera dispositivos que menciona da Lei Municipal n\u00ba 2.129/2010, que disp\u00f5e sobre a doa\u00e7\u00e3o de bens m\u00f3veis e/ou im\u00f3veis para o Munic\u00edpio de Novo Hamburgo, e d\u00e1 outras provid\u00eancias."}, {"id": 20525, "ano": 2013, "numero": 21, "tipo__sigla": "PL", "tipo__descricao": "Projeto de Lei", "autoria__autor__nome": "Fufa Azevedo", "texto_original": "https://sapl.camaranh.rs.gov.br/media/sapl/public/materialegislativa/2013/20525/20525_texto_integral.odt", "ementa": "Institui, no Calend\u00e1rio Oficial de Eventos do Munic\u00edpio de Novo Hamburgo, o NH Fashion Day."}, {"id": 20607, "ano": 2013, "numero": 22, "tipo__sigla": "PL", "tipo__descricao": "Projeto de Lei", "autoria__autor__nome": "Executivo", "texto_original": "https://sapl.camaranh.rs.gov.br/media/sapl/public/materialegislativa/2013/20607/20607_texto_integral.pdf", "ementa": "Autoriza a COMUSA - SERVI\u00c7OS DE \u00c1GUA ESGOTO DE NOVO HAMBURGO a efetuar concess\u00e3o de aux\u00edlio financeiro a ASSOCIA\u00c7\u00c3O N\u00d3IA V\u00d4LEI DE ESPORTE, CULTURA E LAZER, e d\u00e1 outras provid\u00eancias.\r\n"}, {"id": 20608, "ano": 2013, "numero": 23, "tipo__sigla": "PL", "tipo__descricao": "Projeto de Lei", "autoria__autor__nome": "Executivo", "texto_original": "https://sapl.camaranh.rs.gov.br/media/sapl/public/materialegislativa/2013/20608/20608_texto_integral.pdf", "ementa": "Autoriza a concess\u00e3o de aux\u00edlio financeiro para participa\u00e7\u00e3o de empresas locais em evento do setor coureiro cal\u00e7adista, e d\u00e1 outras provid\u00eancias."}, {"id": 20623, "ano": 2013, "numero": 24, "tipo__sigla": "PL", "tipo__descricao": "Projeto de Lei", "autoria__autor__nome": "Fufa Azevedo", "texto_original": "https://sapl.camaranh.rs.gov.br/media/sapl/public/materialegislativa/2013/20623/20623_texto_integral.odt", "ementa": "Institui, no Calend\u00e1rio Oficial de Eventos do Munic\u00edpio de Novo Hamburgo, o evento de MMA Golden Fight."}, {"id": 20637, "ano": 2013, "numero": 25, "tipo__sigla": "PL", "tipo__descricao": "Projeto de Lei", "autoria__autor__nome": "Executivo", "texto_original": "https://sapl.camaranh.rs.gov.br/media/sapl/public/materialegislativa/2013/20637/20637_texto_integral.pdf", "ementa": "Altera dispositivos que menciona da Lei n\u00ba 1.799, de 04/04/2008, que institui o plano de classifica\u00e7\u00e3o de cargos e fun\u00e7\u00f5es para os servidores da COMUSA - Servi\u00e7os de \u00c1gua e Esgoto de Novo Hamburgo, e d\u00e1 outras provid\u00eancias."}, {"id": 20651, "ano": 2013, "numero": 26, "tipo__sigla": "PL", "tipo__descricao": "Projeto de Lei", "autoria__autor__nome": "Fufa Azevedo", "texto_original": "https://sapl.camaranh.rs.gov.br/media/sapl/public/materialegislativa/2013/20651/20651_texto_integral.xml", "ementa": "Reconhece de utilidade p\u00fablica a Associa\u00e7\u00e3o Esportiva e Cultural Golden Fighters."}, {"id": 20683, "ano": 2013, "numero": 27, "tipo__sigla": "PL", "tipo__descricao": "Projeto de Lei", "autoria__autor__nome": "Luiz Fernando Farias", "texto_original": "https://sapl.camaranh.rs.gov.br/media/sapl/public/materialegislativa/2013/20683/20683_texto_integral.odt", "ementa": "D\u00e1 nova reda\u00e7\u00e3o ao \"caput\" do art. 102-A, inclu\u00eddo pela Lei Complementar n\u00ba 2.121, de 1\u00ba de abril de 2010, na Lei Municipal n\u00ba 333/2000, de 19 abril de 2000, que \"institui o Regime Jur\u00eddico Estatut\u00e1rio dos Servidores P\u00fablicos Municipais, e d\u00e1 outras provid\u00eancias\"."}, {"id": 20699, "ano": 2013, "numero": 28, "tipo__sigla": "PL", "tipo__descricao": "Projeto de Lei", "autoria__autor__nome": "Luiz Fernando Farias", "texto_original": "https://sapl.camaranh.rs.gov.br/media/sapl/public/materialegislativa/2013/20699/20699_texto_integral.odt", "ementa": "Acrescenta dispositivo ao art. 101 da Lei Municipal n\u00ba 333/2000, de 19 de abril de 2000 que \"institui o Regime Jur\u00eddico Estatut\u00e1rio dos Servidores P\u00fablicos Municipais, e d\u00e1 outras provid\u00eancias\". <b>(H\u00c1 EMENDA)</b>"}, {"id": 20734, "ano": 2013, "numero": 29, "tipo__sigla": "PL", "tipo__descricao": "Projeto de Lei", "autoria__autor__nome": "Executivo", "texto_original": "https://sapl.camaranh.rs.gov.br/media/sapl/public/materialegislativa/2013/20734/20734_texto_integral.pdf", "ementa": "Abre Cr\u00e9dito Adicional Especial, no valor de R$ 93.018,27, e d\u00e1 outras provid\u00eancias."}, {"id": 20735, "ano": 2013, "numero": 30, "tipo__sigla": "PL", "tipo__descricao": "Projeto de Lei", "autoria__autor__nome": "Executivo", "texto_original": "https://sapl.camaranh.rs.gov.br/media/sapl/public/materialegislativa/2013/20735/20735_texto_integral.pdf", "ementa": "Cria o Fundo Municipal do Idoso - FMI e d\u00e1 outras provid\u00eancias."}, {"id": 20736, "ano": 2013, "numero": 31, "tipo__sigla": "PL", "tipo__descricao": "Projeto de Lei", "autoria__autor__nome": "Executivo", "texto_original": "https://sapl.camaranh.rs.gov.br/media/sapl/public/materialegislativa/2013/20736/20736_texto_integral.pdf", "ementa": "Cria o Fundo Municipal para Promo\u00e7\u00e3o dos Direitos da Pessoa com Defici\u00eancia - FMPCD e d\u00e1 outras provid\u00eancias."}, {"id": 20740, "ano": 2013, "numero": 32, "tipo__sigla": "PL", "tipo__descricao": "Projeto de Lei", "autoria__autor__nome": "Raul Cassel", "texto_original": "https://sapl.camaranh.rs.gov.br/media/sapl/public/materialegislativa/2013/20740/20740_texto_integral.odt", "ementa": "Determina a obrigatoriedade de identifica\u00e7\u00e3o das linhas de \u00f4nibus e seus hor\u00e1rios nas respectivas paradas do Munic\u00edpio."}, {"id": 20752, "ano": 2013, "numero": 33, "tipo__sigla": "PL", "tipo__descricao": "Projeto de Lei", "autoria__autor__nome": "Executivo", "texto_original": "https://sapl.camaranh.rs.gov.br/media/sapl/public/materialegislativa/2013/20752/20752_texto_integral.pdf", "ementa": "Cria e denomina \"Floresta Encantada\", a escola municipal de Educa\u00e7\u00e3o Infantil do Bairro Boa Sa\u00fade."}, {"id": 20755, "ano": 2013, "numero": 34, "tipo__sigla": "PL", "tipo__descricao": "Projeto de Lei", "autoria__autor__nome": "Executivo", "texto_original": "https://sapl.camaranh.rs.gov.br/media/sapl/public/materialegislativa/2013/20755/20755_texto_integral.pdf", "ementa": "D\u00e1 nova reda\u00e7\u00e3o ao \"caput\" do art. 102-A, inclu\u00eddo pela Lei Complementar n\u00ba 2.121, de 1\u00ba de abril de 2010, na Lei Municipal n\u00ba 333/2000, que \"institui o Regime Jur\u00eddico Estatut\u00e1rio dos Servidores P\u00fablicos Municipais, e d\u00e1 outras provid\u00eancias\"."}, {"id": 20891, "ano": 2013, "numero": 35, "tipo__sigla": "PL", "tipo__descricao": "Projeto de Lei", "autoria__autor__nome": "Cristiano Coller", "texto_original": "https://sapl.camaranh.rs.gov.br/media/sapl/public/materialegislativa/2013/20891/20891_texto_integral.odt", "ementa": "Denomina \"Rotat\u00f3ria David Alexandre Biz\" um logradouro p\u00fablico, e revoga a Lei Municipal n\u00ba 181/99, de 30 de mar\u00e7o de 1999."}, {"id": 20897, "ano": 2013, "numero": 36, "tipo__sigla": "PL", "tipo__descricao": "Projeto de Lei", "autoria__autor__nome": "Inspetor Luz", "texto_original": "https://sapl.camaranh.rs.gov.br/media/sapl/public/materialegislativa/2013/20897/20897_texto_integral.odt", "ementa": "Institui o Dia Mundial de Conscientiza\u00e7\u00e3o do Autismo no Calend\u00e1rio Oficial de Eventos do Munic\u00edpio."}, {"id": 20913, "ano": 2013, "numero": 37, "tipo__sigla": "PL", "tipo__descricao": "Projeto de Lei", "autoria__autor__nome": "Jorge Velho", "texto_original": "https://sapl.camaranh.rs.gov.br/media/sapl/public/materialegislativa/2013/20913/20913_texto_integral.odt", "ementa": "Reconhece de Utilidade P\u00fablica a Associa\u00e7\u00e3o de Moradores do Bairro Boa Sa\u00fade."}, {"id": 20997, "ano": 2013, "numero": 38, "tipo__sigla": "PL", "tipo__descricao": "Projeto de Lei", "autoria__autor__nome": "Inspetor Luz", "texto_original": "https://sapl.camaranh.rs.gov.br/media/sapl/public/materialegislativa/2013/20997/20997_texto_integral.odt", "ementa": "Autoriza o Poder Executivo a destinar espa\u00e7os nos terminais de transporte coletivo urbano para a coloca\u00e7\u00e3o de pain\u00e9is com indicadores de empregos, e d\u00e1 outras provid\u00eancias."}, {"id": 21001, "ano": 2013, "numero": 39, "tipo__sigla": "PL", "tipo__descricao": "Projeto de Lei", "autoria__autor__nome": "Executivo", "texto_original": "https://sapl.camaranh.rs.gov.br/media/sapl/public/materialegislativa/2013/21001/21001_texto_integral.pdf", "ementa": "Acrescenta o \u00a75\u00ba ao Art. 2\u00ba da Lei Municipal n\u00ba 2.341, de 18 de outubro de 2011, que regula a utiliza\u00e7\u00e3o do Sal\u00e3o de Festas do Parque Carlos Armando Koch e da Pista de Eventos Jos\u00e9 Eli Teles da Silveira, e d\u00e1 outras provid\u00eancias."}, {"id": 21013, "ano": 2013, "numero": 40, "tipo__sigla": "PL", "tipo__descricao": "Projeto de Lei", "autoria__autor__nome": "Raul Cassel", "texto_original": "https://sapl.camaranh.rs.gov.br/media/sapl/public/materialegislativa/2013/21013/21013_texto_integral.odt", "ementa": "Denomina \"Darcy Jo\u00e3o Becker\" uma via p\u00fablica."}, {"id": 21025, "ano": 2013, "numero": 41, "tipo__sigla": "PL", "tipo__descricao": "Projeto de Lei", "autoria__autor__nome": "Raul Cassel", "texto_original": "https://sapl.camaranh.rs.gov.br/media/sapl/public/materialegislativa/2013/21025/21025_texto_integral.odt", "ementa": "Denomina \"Nelson Rubi Koetz\" uma via p\u00fablica."}, {"id": 21027, "ano": 2013, "numero": 42, "tipo__sigla": "PL", "tipo__descricao": "Projeto de Lei", "autoria__autor__nome": "Cristiano Coller", "texto_original": "https://sapl.camaranh.rs.gov.br/media/sapl/public/materialegislativa/2013/21027/21027_texto_integral.odt", "ementa": "Institui, no Calend\u00e1rio Oficial de Eventos do Munic\u00edpio, o Dia Municipal da Sa\u00fade."}, {"id": 21047, "ano": 2013, "numero": 43, "tipo__sigla": "PL", "tipo__descricao": "Projeto de Lei", "autoria__autor__nome": "Executivo", "texto_original": "https://sapl.camaranh.rs.gov.br/media/sapl/public/materialegislativa/2013/21047/21047_texto_integral.pdf", "ementa": "Altera os dispositivos que menciona da Lei Municipal n\u00ba 2.247/2010, de 29/12/2010, que Institui o Plano de Classifica\u00e7\u00e3o de Cargos e Fun\u00e7\u00f5es para os Servidores da COMUSA - Servi\u00e7os de \u00c1gua e Esgoto de Novo Hamburgo, e d\u00e1 outras provid\u00eancias."}, {"id": 21052, "ano": 2013, "numero": 44, "tipo__sigla": "PL", "tipo__descricao": "Projeto de Lei", "autoria__autor__nome": "Inspetor Luz", "texto_original": "https://sapl.camaranh.rs.gov.br/media/sapl/public/materialegislativa/2013/21052/21052_texto_integral.odt", "ementa": "D\u00e1 nova reda\u00e7\u00e3o \u00e0 ementa e ao art. 1\u00ba da Lei Municipal n\u00ba 1.624, de 30 de julho de 2007, que instituiu o \"Dia Municipal pela Liberdade de Impostos\", e d\u00e1 outras provid\u00eancias."}, {"id": 21054, "ano": 2013, "numero": 45, "tipo__sigla": "PL", "tipo__descricao": "Projeto de Lei", "autoria__autor__nome": "Executivo", "texto_original": "https://sapl.camaranh.rs.gov.br/media/sapl/public/materialegislativa/2013/21054/21054_texto_integral.pdf", "ementa": "Autoriza o Munic\u00edpio a receber doa\u00e7\u00e3o de bens im\u00f3veis de propriedade de Himaco Hidr\u00e1ulicos e M\u00e1quinas - Ind\u00fastria e Com\u00e9rcio Ltda., e d\u00e1 outras provid\u00eancias."}, {"id": 21055, "ano": 2013, "numero": 46, "tipo__sigla": "PL", "tipo__descricao": "Projeto de Lei", "autoria__autor__nome": "Executivo", "texto_original": "https://sapl.camaranh.rs.gov.br/media/sapl/public/materialegislativa/2013/21055/21055_texto_integral.pdf", "ementa": "Altera dispositivos que menciona na Lei Municipal n\u00ba 2.512/2012, que autoriza a concess\u00e3o de subven\u00e7\u00f5es de natureza desportiva e de educa\u00e7\u00e3o, e d\u00e1 outras provid\u00eancias."}, {"id": 21081, "ano": 2013, "numero": 47, "tipo__sigla": "PL", "tipo__descricao": "Projeto de Lei", "autoria__autor__nome": "Raul Cassel", "texto_original": "https://sapl.camaranh.rs.gov.br/media/sapl/public/materialegislativa/2013/21081/21081_texto_integral.odt", "ementa": "<del>Acrescenta os \u00a7\u00a7 6\u00ba, 7\u00ba e 8\u00ba ao art. 26 da Lei n\u00ba 85/54, de 10 de dezembro de 1954, que instituiu o C\u00f3digo de Posturas do Munic\u00edpio.</del> <b>REDA\u00c7\u00c3O FINAL:</b> Acrescenta os \u00a7\u00a7 6\u00ba e 7\u00ba ao art. 26 da Lei n\u00ba 85/54, de 10 de dezembro de 1954, que instituiu o C\u00f3digo de Posturas do Munic\u00edpio."}, {"id": 21122, "ano": 2013, "numero": 48, "tipo__sigla": "PL", "tipo__descricao": "Projeto de Lei", "autoria__autor__nome": "Cristiano Coller", "texto_original": "https://sapl.camaranh.rs.gov.br/media/sapl/public/materialegislativa/2013/21122/21122_texto_integral.odt", "ementa": "Institui, no Calend\u00e1rio Oficial de Eventos do Munic\u00edpio, o Dia Municipal do Escoteiro."}, {"id": 21144, "ano": 2013, "numero": 49, "tipo__sigla": "PL", "tipo__descricao": "Projeto de Lei", "autoria__autor__nome": "Executivo", "texto_original": "https://sapl.camaranh.rs.gov.br/media/sapl/public/materialegislativa/2013/21144/21144_texto_integral.pdf", "ementa": "Disp\u00f5e sobre a contrata\u00e7\u00e3o de pessoal por tempo determinado, para atender necessidade tempor\u00e1ria de excepcional interesse p\u00fablico, na execu\u00e7\u00e3o de programas assistenciais (ACESSUAS), e d\u00e1 outras provid\u00eancias."}, {"id": 21160, "ano": 2013, "numero": 50, "tipo__sigla": "PL", "tipo__descricao": "Projeto de Lei", "autoria__autor__nome": "Raul Cassel", "texto_original": "https://sapl.camaranh.rs.gov.br/media/sapl/public/materialegislativa/2013/21160/21160_texto_integral.odt", "ementa": "Autoriza ao Poder Executivo isentar os idosos do pagamento da taxa de estacionamento na Faixa Nobre."}, {"id": 21166, "ano": 2013, "numero": 51, "tipo__sigla": "PL", "tipo__descricao": "Projeto de Lei", "autoria__autor__nome": "Enfermeiro Vilmar", "texto_original": "https://sapl.camaranh.rs.gov.br/media/sapl/public/materialegislativa/2013/21166/21166_texto_integral.odt", "ementa": "Institui, no Calend\u00e1rio Oficial de Eventos do Munic\u00edpio, o Dia Municipal da Enfermagem."}, {"id": 21257, "ano": 2013, "numero": 52, "tipo__sigla": "PL", "tipo__descricao": "Projeto de Lei", "autoria__autor__nome": "Mesa da C\u00e2mara Municipal", "texto_original": "https://sapl.camaranh.rs.gov.br/media/sapl/public/materialegislativa/2013/21257/21257_texto_integral.odt", "ementa": "Reconhece de Utilidade P\u00fablica a C\u00e2mara de Dirigentes Lojistas de Novo Hamburgo - CDL/NH."}, {"id": 21267, "ano": 2013, "numero": 53, "tipo__sigla": "PL", "tipo__descricao": "Projeto de Lei", "autoria__autor__nome": "Naasom Luciano", "texto_original": "https://sapl.camaranh.rs.gov.br/media/sapl/public/materialegislativa/2013/21267/21267_texto_integral.odt", "ementa": "Cria o Programa Municipal de Est\u00edmulo ao Primeiro Emprego para os Jovens - PMPE, e d\u00e1 outras provid\u00eancias."}, {"id": 21268, "ano": 2013, "numero": 54, "tipo__sigla": "PL", "tipo__descricao": "Projeto de Lei", "autoria__autor__nome": "Executivo", "texto_original": "https://sapl.camaranh.rs.gov.br/media/sapl/public/materialegislativa/2013/21268/21268_texto_integral.pdf", "ementa": "Abre Cr\u00e9dito Adicional Especial, no valor de R$ 180.000,00, e d\u00e1 outras provid\u00eancias."}, {"id": 21269, "ano": 2013, "numero": 55, "tipo__sigla": "PL", "tipo__descricao": "Projeto de Lei", "autoria__autor__nome": "Executivo", "texto_original": "https://sapl.camaranh.rs.gov.br/media/sapl/public/materialegislativa/2013/21269/21269_texto_integral.pdf", "ementa": "Autoriza o reparcelamento de d\u00e9bitos assistenciais de que tratam as Leis Municipais n\u00ba 2.083/2009, n\u00ba 1.735/2007, n\u00ba 1.543/2007, e d\u00e1 outras provid\u00eancias."}, {"id": 21270, "ano": 2013, "numero": 56, "tipo__sigla": "PL", "tipo__descricao": "Projeto de Lei", "autoria__autor__nome": "Executivo", "texto_original": "https://sapl.camaranh.rs.gov.br/media/sapl/public/materialegislativa/2013/21270/21270_texto_integral.pdf", "ementa": "<del>Autoriza o reparcelamento de d\u00e9bitos previdenci\u00e1rios referentes ao per\u00edodo de janeiro, fevereiro e mar\u00e7o de 2013, e d\u00e1 outras provid\u00eancias.</del>\r\nAutoriza o parcelamento de d\u00e9bitos previdenci\u00e1rios referentes ao per\u00edodo de janeiro, fevereiro, mar\u00e7o e abril de 2013, e d\u00e1 outras provid\u00eancias."}, {"id": 21303, "ano": 2013, "numero": 57, "tipo__sigla": "PL", "tipo__descricao": "Projeto de Lei", "autoria__autor__nome": "Raul Cassel", "texto_original": "https://sapl.camaranh.rs.gov.br/media/sapl/public/materialegislativa/2013/21303/21303_texto_integral.odt", "ementa": "Reconhece de Utilidade P\u00fablica a Sociedade Gin\u00e1stica de Novo Hamburgo."}, {"id": 21308, "ano": 2013, "numero": 58, "tipo__sigla": "PL", "tipo__descricao": "Projeto de Lei", "autoria__autor__nome": "Executivo", "texto_original": "https://sapl.camaranh.rs.gov.br/media/sapl/public/materialegislativa/2013/21308/21308_texto_integral.pdf", "ementa": "Altera os dispositivos que menciona na Lei Municipal n\u00ba 2.529/2013, que altera e acrescenta os dispositivos que menciona na Lei Municipal n\u00ba 2.400/2011, cria a secretaria de esporte e lazer, e d\u00e1 outras provid\u00eancias."}, {"id": 21329, "ano": 2013, "numero": 59, "tipo__sigla": "PL", "tipo__descricao": "Projeto de Lei", "autoria__autor__nome": "Cristiano Coller", "texto_original": "https://sapl.camaranh.rs.gov.br/media/sapl/public/materialegislativa/2013/21329/21329_texto_integral.odt", "ementa": "Denomina \"Unidade de Sa\u00fade da Fam\u00edlia Tia Lia\" a USF da Vila Kroeff, no Bairro Santo Afonso."}, {"id": 21336, "ano": 2013, "numero": 60, "tipo__sigla": "PL", "tipo__descricao": "Projeto de Lei", "autoria__autor__nome": "Executivo", "texto_original": "https://sapl.camaranh.rs.gov.br/media/sapl/public/materialegislativa/2013/21336/21336_texto_integral.pdf", "ementa": "Autoriza a revis\u00e3o geral anual da contrapresta\u00e7\u00e3o pecuni\u00e1ria dos servidores municipais ativos, inativos e pensionistas, e d\u00e1 outras provid\u00eancias."}, {"id": 21337, "ano": 2013, "numero": 61, "tipo__sigla": "PL", "tipo__descricao": "Projeto de Lei", "autoria__autor__nome": "Mesa da C\u00e2mara Municipal", "texto_original": "https://sapl.camaranh.rs.gov.br/media/sapl/public/materialegislativa/2013/21337/21337_texto_integral.odt", "ementa": "Disp\u00f5e sobre reajustamento dos vencimentos dos servidores ativos, inativos e pensionistas do Poder Legislativo."}, {"id": 21392, "ano": 2013, "numero": 62, "tipo__sigla": "PL", "tipo__descricao": "Projeto de Lei", "autoria__autor__nome": "Raul Cassel", "texto_original": "https://sapl.camaranh.rs.gov.br/media/sapl/public/materialegislativa/2013/21392/21392_texto_integral.odt", "ementa": "Disp\u00f5e sobre o descarte de embalagens recicl\u00e1veis e d\u00e1 outras provid\u00eancias."}, {"id": 21465, "ano": 2013, "numero": 63, "tipo__sigla": "PL", "tipo__descricao": "Projeto de Lei", "autoria__autor__nome": "Betinho", "texto_original": "https://sapl.camaranh.rs.gov.br/media/sapl/public/materialegislativa/2013/21465/21465_texto_integral.odt", "ementa": "Torna obrigat\u00f3ria a instala\u00e7\u00e3o de dispositivos de seguran\u00e7a nas ag\u00eancias e nos postos de servi\u00e7os das institui\u00e7\u00f5es financeiras no Munic\u00edpio."}, {"id": 21477, "ano": 2013, "numero": 64, "tipo__sigla": "PL", "tipo__descricao": "Projeto de Lei", "autoria__autor__nome": "Executivo", "texto_original": "https://sapl.camaranh.rs.gov.br/media/sapl/public/materialegislativa/2013/21477/21477_texto_integral.pdf", "ementa": "Concede aux\u00edlio financeiro a entidades que menciona, aponta recurso e d\u00e1 outras provid\u00eancias.\r\n"}, {"id": 21511, "ano": 2013, "numero": 65, "tipo__sigla": "PL", "tipo__descricao": "Projeto de Lei", "autoria__autor__nome": "Patr\u00edcia Beck", "texto_original": "https://sapl.camaranh.rs.gov.br/media/sapl/public/materialegislativa/2013/21511/21511_texto_integral.odt", "ementa": "Institui a Semana Municipal de Prote\u00e7\u00e3o aos Animais no Calend\u00e1rio Oficial de Eventos do Munic\u00edpio."}, {"id": 21518, "ano": 2013, "numero": 66, "tipo__sigla": "PL", "tipo__descricao": "Projeto de Lei", "autoria__autor__nome": "Raul Cassel", "texto_original": "https://sapl.camaranh.rs.gov.br/media/sapl/public/materialegislativa/2013/21518/21518_texto_integral.odt", "ementa": "Denomina \"Paulo Petry\" uma via p\u00fablica."}, {"id": 21541, "ano": 2013, "numero": 67, "tipo__sigla": "PL", "tipo__descricao": "Projeto de Lei", "autoria__autor__nome": "Executivo", "texto_original": "https://sapl.camaranh.rs.gov.br/media/sapl/public/materialegislativa/2013/21541/21541_texto_integral.pdf", "ementa": "Disp\u00f5e sobre o tombamento do Canto Coral e d\u00e1 outras provid\u00eancias."}, {"id": 21587, "ano": 2013, "numero": 68, "tipo__sigla": "PL", "tipo__descricao": "Projeto de Lei", "autoria__autor__nome": "Mesa da C\u00e2mara Municipal", "texto_original": "https://sapl.camaranh.rs.gov.br/media/sapl/public/materialegislativa/2013/21587/21587_texto_integral.odt", "ementa": "Disp\u00f5e sobre a revis\u00e3o geral anual dos subs\u00eddios do Prefeito e do Vice-Prefeito e d\u00e1 outras provid\u00eancias."}, {"id": 21588, "ano": 2013, "numero": 69, "tipo__sigla": "PL", "tipo__descricao": "Projeto de Lei", "autoria__autor__nome": "Mesa da C\u00e2mara Municipal", "texto_original": "https://sapl.camaranh.rs.gov.br/media/sapl/public/materialegislativa/2013/21588/21588_texto_integral.odt", "ementa": "Disp\u00f5e sobre a revis\u00e3o geral anual dos subs\u00eddios dos membros do Poder Legislativo."}, {"id": 21589, "ano": 2013, "numero": 70, "tipo__sigla": "PL", "tipo__descricao": "Projeto de Lei", "autoria__autor__nome": "Mesa da C\u00e2mara Municipal", "texto_original": "https://sapl.camaranh.rs.gov.br/media/sapl/public/materialegislativa/2013/21589/21589_texto_integral.odt", "ementa": "Disp\u00f5e sobre a revis\u00e3o geral anual dos subs\u00eddios dos secret\u00e1rios municipais e d\u00e1 outras provid\u00eancias."}, {"id": 21652, "ano": 2013, "numero": 71, "tipo__sigla": "PL", "tipo__descricao": "Projeto de Lei", "autoria__autor__nome": "Executivo", "texto_original": "https://sapl.camaranh.rs.gov.br/media/sapl/public/materialegislativa/2013/21652/21652_texto_integral.pdf", "ementa": "Autoriza o Poder Executivo a realizar permuta de \u00e1rea de im\u00f3vel de propriedade do Mun\u00edcipio de Novo Hamburgo por outros de propriedade de VP Incorporadora Ltda., e d\u00e1 outras provid\u00eancias."}, {"id": 21679, "ano": 2013, "numero": 72, "tipo__sigla": "PL", "tipo__descricao": "Projeto de Lei", "autoria__autor__nome": "Executivo", "texto_original": "https://sapl.camaranh.rs.gov.br/media/sapl/public/materialegislativa/2013/21679/21679_texto_integral.pdf", "ementa": "Altera dispositivos que menciona na Lei Municipal n\u00ba 2.509/2012, que autoriza o poder  executivo a firmar conv\u00eanios com o Estado do Rio Grande do Sul, atrav\u00e9s da Brigada Militar, visando \u00e0 implementa\u00e7\u00e3o de projeto-piloto de policiamento comunit\u00e1rio, no \u00e2mbito do munic\u00edpio, e d\u00e1 outras provid\u00eancias.\r\n"}, {"id": 21695, "ano": 2013, "numero": 73, "tipo__sigla": "PL", "tipo__descricao": "Projeto de Lei", "autoria__autor__nome": "Enfermeiro Vilmar\r\nJorgeTatsch\r\nPatr\u00edcia Beck\r\nRoger Corr\u00eaa", "texto_original": "https://sapl.camaranh.rs.gov.br/media/sapl/public/materialegislativa/2013/21695/21695_texto_integral.odt", "ementa": "Assegura aos usu\u00e1rios do transporte coletivo municipal com defici\u00eancia e mobilidade reduzida o direito de desembarque entre as paradas obrigat\u00f3rias (pontos de \u00f4nibus) e d\u00e1 outras provid\u00eancias."}, {"id": 21701, "ano": 2013, "numero": 74, "tipo__sigla": "PL", "tipo__descricao": "Projeto de Lei", "autoria__autor__nome": "Professor Issur Koch", "texto_original": "https://sapl.camaranh.rs.gov.br/media/sapl/public/materialegislativa/2013/21701/21701_texto_integral.odt", "ementa": "<del>Institui a entrega, pelo Poder Executivo, de relat\u00f3rio anual com os indicadores da rede municipal de ensino ao Poder Legislativo.</del><br><br />Institui a entrega de relat\u00f3rio semestral com os indicadores da rede municipal de ensino ao Poder Legislativo, pelo Poder Executivo."}, {"id": 21725, "ano": 2013, "numero": 75, "tipo__sigla": "PL", "tipo__descricao": "Projeto de Lei", "autoria__autor__nome": "Naasom Luciano", "texto_original": "https://sapl.camaranh.rs.gov.br/media/sapl/public/materialegislativa/2013/21725/21725_texto_integral.odt", "ementa": "<del>Cria, no Cad\u00danico, listagem espec\u00edfica de espera para o sorteio de unidades habitacionais.</del> Cria listagem espec\u00edfica de espera para o sorteio de unidades habitacionais. <b>(REDA\u00c7\u00c3O FINAL)</b>"}, {"id": 21835, "ano": 2013, "numero": 76, "tipo__sigla": "PL", "tipo__descricao": "Projeto de Lei", "autoria__autor__nome": "Executivo", "texto_original": "https://sapl.camaranh.rs.gov.br/media/sapl/public/materialegislativa/2013/21835/21835_texto_integral.pdf", "ementa": "Abre Cr\u00e9dito Adicional Especial, no valor de R$ 1.506.878,11, e d\u00e1 outras provid\u00eancias."}, {"id": 21836, "ano": 2013, "numero": 77, "tipo__sigla": "PL", "tipo__descricao": "Projeto de Lei", "autoria__autor__nome": "Executivo", "texto_original": "https://sapl.camaranh.rs.gov.br/media/sapl/public/materialegislativa/2013/21836/21836_texto_integral.pdf", "ementa": "Autoriza a concess\u00e3o de aux\u00edlio financeiro \u00e0s entidades que menciona e d\u00e1 outras provid\u00eancias."}, {"id": 21842, "ano": 2013, "numero": 78, "tipo__sigla": "PL", "tipo__descricao": "Projeto de Lei", "autoria__autor__nome": "Roger Corr\u00eaa", "texto_original": "https://sapl.camaranh.rs.gov.br/media/sapl/public/materialegislativa/2013/21842/21842_texto_integral.odt", "ementa": "Institui, no Calend\u00e1rio Oficial de Eventos do Munic\u00edpio, o Skate Downhill Speed."}, {"id": 21866, "ano": 2013, "numero": 79, "tipo__sigla": "PL", "tipo__descricao": "Projeto de Lei", "autoria__autor__nome": "Patr\u00edcia Beck", "texto_original": "https://sapl.camaranh.rs.gov.br/media/sapl/public/materialegislativa/2013/21866/21866_texto_integral.odt", "ementa": "Institui o Programa de Treinamento para o Atendimento ao Cidad\u00e3o, a todos os funcion\u00e1rios p\u00fablicos municipais que prestam atendimento aos cidad\u00e3os."}, {"id": 21931, "ano": 2013, "numero": 80, "tipo__sigla": "PL", "tipo__descricao": "Projeto de Lei", "autoria__autor__nome": "Executivo", "texto_original": "https://sapl.camaranh.rs.gov.br/media/sapl/public/materialegislativa/2013/21931/21931_texto_integral.pdf", "ementa": "Altera dispositivos da Lei Municipal n\u00ba 1.798/2008, de 03/04/2008, que disp\u00f5e sobre a concess\u00e3o de aux\u00edlio-alimenta\u00e7\u00e3o aos servidores municipais e d\u00e1 outras provid\u00eancias."}, {"id": 21936, "ano": 2013, "numero": 81, "tipo__sigla": "PL", "tipo__descricao": "Projeto de Lei", "autoria__autor__nome": "Executivo", "texto_original": "https://sapl.camaranh.rs.gov.br/media/sapl/public/materialegislativa/2013/21936/21936_texto_integral.pdf", "ementa": "<del>Altera dispositivos da Lei Municipal n\u00ba 1.799/2008, de 04/04/2008, que Institui o Plano de Classifica\u00e7\u00e3o de Cargos e Fun\u00e7\u00f5es para os servidores da COMUSA - Servi\u00e7os de \u00c1gua e Esgoto de Novo Hamburgo e da Lei Municipal n\u00ba 2.247/2010, que Institui o Plano de Classifica\u00e7\u00e3o de Cargos e Fun\u00e7\u00f5es da Comusa - Servi\u00e7os de \u00c1gua e Esgoto de Novo Hamburgo, e d\u00e1 outras provid\u00eancias.</del> <b>(H\u00c1 MENSAGEM RETIFICATIVA)</b> Altera dispositivos que menciona da Lei Municipal n\u00ba 1.799/2008, de 004/04/2008, que institui o Plano de Classifica\u00e7\u00e3o de Cargos e Fun\u00e7\u00f5es para os Servidores da COMUSA - Servi\u00e7os de \u00c1gua e Esgoto de Novo Hamburgo e da Lei Municipal n\u00ba 2.247/2010, que Institui o Plano de Classifica\u00e7\u00e3o de Cargos e Fun\u00e7\u00f5es da COMUSA - Servi\u00e7os de \u00c1gua e Esgoto de Novo Hamburgo, e d\u00e1 outras provid\u00eancias."}, {"id": 21937, "ano": 2013, "numero": 82, "tipo__sigla": "PL", "tipo__descricao": "Projeto de Lei", "autoria__autor__nome": "Executivo", "texto_original": "https://sapl.camaranh.rs.gov.br/media/sapl/public/materialegislativa/2013/21937/21937_texto_integral.pdf", "ementa": "<del>Altera dispositivos da Lei Municipal n\u00ba 2.122/2010, que alterou a Lei Municipal n\u00ba 1799/2008, de 04/04/2008, quanto ao pr\u00eamio mensal de produtividade do cargo de Leiturista e altera dispositivos da Lei Municipal 2.399/2011, que alterou a Lei Municipal n\u00ba 2.247/2010, 29/12/2010, quanto ao pr\u00eamio mensal de produtividade do cargo de Agente de Relacionamento com o Cliente II, e d\u00e1 outras provid\u00eancias.</del> <b>(H\u00c1 MENSAGEM RETIFICATIVA)</b> Disp\u00f5e sobre o pr\u00eamio de produtividade aos detentores dos cargos de agente de relacionamento com o cliente II,previsto na Lei Municipal n\u00ba 2.247/2010, e dos cargos de Leiturista, previsto na Lei Municipal 1.799/2008, e d\u00e1 outras provid\u00eancias."}, {"id": 21956, "ano": 2013, "numero": 83, "tipo__sigla": "PL", "tipo__descricao": "Projeto de Lei", "autoria__autor__nome": "Patr\u00edcia Beck", "texto_original": "https://sapl.camaranh.rs.gov.br/media/sapl/public/materialegislativa/2013/21956/21956_texto_integral.odt", "ementa": "Disp\u00f5e sobre a cria\u00e7\u00e3o do Festival Cultural Estudantil no calend\u00e1rio oficial do Munic\u00edpio."}, {"id": 21960, "ano": 2013, "numero": 84, "tipo__sigla": "PL", "tipo__descricao": "Projeto de Lei", "autoria__autor__nome": "Executivo", "texto_original": "https://sapl.camaranh.rs.gov.br/media/sapl/public/materialegislativa/2013/21960/21960_texto_integral.pdf", "ementa": "Abre Cr\u00e9dito Adicional Especial, no valor de R$ 802.595,02, e d\u00e1 outras provid\u00eancias."}, {"id": 21962, "ano": 2013, "numero": 85, "tipo__sigla": "PL", "tipo__descricao": "Projeto de Lei", "autoria__autor__nome": "Roger Corr\u00eaa", "texto_original": "https://sapl.camaranh.rs.gov.br/media/sapl/public/materialegislativa/2013/21962/21962_texto_integral.odt", "ementa": "Institui, no calend\u00e1rio oficial do Munic\u00edpio, a Semana Municipal da Capoeira, e d\u00e1 outras provid\u00eancias."}, {"id": 22002, "ano": 2013, "numero": 86, "tipo__sigla": "PL", "tipo__descricao": "Projeto de Lei", "autoria__autor__nome": "Sergio Hanich", "texto_original": "https://sapl.camaranh.rs.gov.br/media/sapl/public/materialegislativa/2013/22002/22002_texto_integral.odt", "ementa": "Denomina Rua Jos\u00e9 Leopoldo Troes uma via p\u00fablica."}, {"id": 22064, "ano": 2013, "numero": 87, "tipo__sigla": "PL", "tipo__descricao": "Projeto de Lei", "autoria__autor__nome": "JorgeTatsch", "texto_original": "https://sapl.camaranh.rs.gov.br/media/sapl/public/materialegislativa/2013/22064/22064_texto_integral.odt", "ementa": "Isenta as fam\u00edlias com pessoas portadoras de necessidades especiais e inscritas no Cad\u00danico do pagamento da taxa de \u00e1gua e esgoto, e d\u00e1 outras provid\u00eancias."}, {"id": 22110, "ano": 2013, "numero": 88, "tipo__sigla": "PL", "tipo__descricao": "Projeto de Lei", "autoria__autor__nome": "Gerson Peteffi\r\nProfessor Issur Koch", "texto_original": "https://sapl.camaranh.rs.gov.br/media/sapl/public/materialegislativa/2013/22110/22110_texto_integral.odt", "ementa": "<del>Veda a divulga\u00e7\u00e3o de eventos particulares que acarretem custos aos alunos ou \u00e0s suas fam\u00edlias dentro das escolas p\u00fablicas municipais ou no per\u00edmetro de 150 metros destas.</del> <b>REDA\u00c7\u00c3O FINAL:</b> Veda a divulga\u00e7\u00e3o de eventos particulares que acarretem custos aos alunos ou \u00e0s suas fam\u00edlias dentro das escolas p\u00fablicas municipais."}, {"id": 22111, "ano": 2013, "numero": 89, "tipo__sigla": "PL", "tipo__descricao": "Projeto de Lei", "autoria__autor__nome": "Professor Issur Koch", "texto_original": "https://sapl.camaranh.rs.gov.br/media/sapl/public/materialegislativa/2013/22111/22111_texto_integral.odt", "ementa": "Inclui a quiropraxia como tratamento natural na sa\u00fade p\u00fablica do Munic\u00edpio."}, {"id": 22112, "ano": 2013, "numero": 90, "tipo__sigla": "PL", "tipo__descricao": "Projeto de Lei", "autoria__autor__nome": "Professor Issur Koch", "texto_original": "https://sapl.camaranh.rs.gov.br/media/sapl/public/materialegislativa/2013/22112/22112_texto_integral.odt", "ementa": "Disp\u00f5e sobre a abertura de espet\u00e1culos musicais nacionais e internacionais."}, {"id": 22113, "ano": 2013, "numero": 91, "tipo__sigla": "PL", "tipo__descricao": "Projeto de Lei", "autoria__autor__nome": "Patr\u00edcia Beck", "texto_original": "https://sapl.camaranh.rs.gov.br/media/sapl/public/materialegislativa/2013/22113/22113_texto_integral.odt", "ementa": "Institui o Programa de Divulga\u00e7\u00e3o dos Servi\u00e7os P\u00fablicos Relativos aos Atendimentos na \u00c1rea da Sa\u00fade aos Cidad\u00e3os."}, {"id": 22119, "ano": 2013, "numero": 92, "tipo__sigla": "PL", "tipo__descricao": "Projeto de Lei", "autoria__autor__nome": "Gerson Peteffi", "texto_original": "https://sapl.camaranh.rs.gov.br/media/sapl/public/materialegislativa/2013/22119/22119_texto_integral.odt", "ementa": "Disp\u00f5e sobre a obrigatoriedade de recolhimento, por parte das empresas prestadoras de servi\u00e7os de guincho de ve\u00edculos automotores no \u00e2mbito do Munic\u00edpio de Novo Hamburgo, de componentes e demais materiais avariados advindos dos ve\u00edculos envolvidos em acidentes, quando do recolhimento dos ve\u00edculos acidentados."}, {"id": 22152, "ano": 2013, "numero": 93, "tipo__sigla": "PL", "tipo__descricao": "Projeto de Lei", "autoria__autor__nome": "Executivo", "texto_original": "https://sapl.camaranh.rs.gov.br/media/sapl/public/materialegislativa/2013/22152/22152_texto_integral.pdf", "ementa": "Altera dispositivos que menciona na Lei Municipal n\u00ba 2.373/2011, que disp\u00f5e sobre o conselho municipal dos direitos e cidadania do idoso - CMDCI, e d\u00e1 outras provid\u00eancias."}, {"id": 22158, "ano": 2013, "numero": 94, "tipo__sigla": "PL", "tipo__descricao": "Projeto de Lei", "autoria__autor__nome": "Naasom Luciano", "texto_original": "https://sapl.camaranh.rs.gov.br/media/sapl/public/materialegislativa/2013/22158/22158_texto_integral.odt", "ementa": "Disp\u00f5e sobre a obrigatoriedade de coloca\u00e7\u00e3o de alerta de seguran\u00e7a em acesso a escadas e esteiras rolantes."}, {"id": 22217, "ano": 2013, "numero": 95, "tipo__sigla": "PL", "tipo__descricao": "Projeto de Lei", "autoria__autor__nome": "Executivo", "texto_original": "https://sapl.camaranh.rs.gov.br/media/sapl/public/materialegislativa/2013/22217/22217_texto_integral.pdf", "ementa": "Disp\u00f5e sobre o Plano Plurianual para o quadri\u00eanio de 2014-2017, e d\u00e1 outras provid\u00eancias."}, {"id": 22228, "ano": 2013, "numero": 96, "tipo__sigla": "PL", "tipo__descricao": "Projeto de Lei", "autoria__autor__nome": "Enfermeiro Vilmar", "texto_original": "https://sapl.camaranh.rs.gov.br/media/sapl/public/materialegislativa/2013/22228/22228_texto_integral.odt", "ementa": "Institui o Dia Municipal dos Desbravadores e Aventureiros no Calend\u00e1rio Oficial de Eventos do Munic\u00edpio."}, {"id": 22265, "ano": 2013, "numero": 97, "tipo__sigla": "PL", "tipo__descricao": "Projeto de Lei", "autoria__autor__nome": "Executivo", "texto_original": "https://sapl.camaranh.rs.gov.br/media/sapl/public/materialegislativa/2013/22265/22265_texto_integral.pdf", "ementa": "Concede anistia de juro e multa nas condi\u00e7\u00f5es que menciona, para a quita\u00e7\u00e3o de d\u00e9bitos com a Fazenda P\u00fablica Municipal, e d\u00e1 outras provid\u00eancias."}, {"id": 22305, "ano": 2013, "numero": 98, "tipo__sigla": "PL", "tipo__descricao": "Projeto de Lei", "autoria__autor__nome": "Cristiano Coller", "texto_original": "https://sapl.camaranh.rs.gov.br/media/sapl/public/materialegislativa/2013/22305/22305_texto_integral.odt", "ementa": "Denomina \"Rotat\u00f3ria Albano Brenner\" um logradouro p\u00fablico."}, {"id": 22306, "ano": 2013, "numero": 99, "tipo__sigla": "PL", "tipo__descricao": "Projeto de Lei", "autoria__autor__nome": "Cristiano Coller", "texto_original": "https://sapl.camaranh.rs.gov.br/media/sapl/public/materialegislativa/2013/22306/22306_texto_integral.odt", "ementa": "Denomina \"Rotat\u00f3ria Jovelino Colar Fagundes\" um logradouro p\u00fablico."}, {"id": 22314, "ano": 2013, "numero": 100, "tipo__sigla": "PL", "tipo__descricao": "Projeto de Lei", "autoria__autor__nome": "Executivo", "texto_original": "https://sapl.camaranh.rs.gov.br/media/sapl/public/materialegislativa/2013/22314/22314_texto_integral.pdf", "ementa": "Altera os dispositivos que menciona do Artigo 1\u00ba da Lei Municipal n\u00ba 2.370, de 19 de dezembro de 2011, que disciplina as isen\u00e7\u00f5es de pagamento das tarifas de \u00e1gua e esgoto e demais servi\u00e7os devidos \u00e0 COMUSA - Servi\u00e7os de \u00c1gua e Esgoto de Novo Hamburgo, e d\u00e1 outras provid\u00eancias."}, {"id": 22319, "ano": 2013, "numero": 101, "tipo__sigla": "PL", "tipo__descricao": "Projeto de Lei", "autoria__autor__nome": "Executivo", "texto_original": "https://sapl.camaranh.rs.gov.br/media/sapl/public/materialegislativa/2013/22319/22319_texto_integral.pdf", "ementa": "Cria o certificado \"Estabelecimento Amigo da Pessoa com Defici\u00eancia\" e d\u00e1 outras provid\u00eancias."}, {"id": 22391, "ano": 2013, "numero": 102, "tipo__sigla": "PL", "tipo__descricao": "Projeto de Lei", "autoria__autor__nome": "Roger Corr\u00eaa", "texto_original": "https://sapl.camaranh.rs.gov.br/media/sapl/public/materialegislativa/2013/22391/22391_texto_integral.odt", "ementa": "Cria o selo Empresa Amiga da Juventude e d\u00e1 outras provid\u00eancias."}, {"id": 22397, "ano": 2013, "numero": 103, "tipo__sigla": "PL", "tipo__descricao": "Projeto de Lei", "autoria__autor__nome": "Cristiano Coller\r\nGerson Peteffi", "texto_original": "https://sapl.camaranh.rs.gov.br/media/sapl/public/materialegislativa/2013/22397/22397_texto_integral.odt", "ementa": "Disp\u00f5e sobre a autoriza\u00e7\u00e3o para o atendimento de idosos em centros de cuidados diurnos, regulamenta e estabelece par\u00e2metros t\u00e9cnicos e d\u00e1 outras provid\u00eancias."}, {"id": 22399, "ano": 2013, "numero": 104, "tipo__sigla": "PL", "tipo__descricao": "Projeto de Lei", "autoria__autor__nome": "Raul Cassel", "texto_original": "https://sapl.camaranh.rs.gov.br/media/sapl/public/materialegislativa/2013/22399/22399_texto_integral.odt", "ementa": "<del>D\u00e1 nova reda\u00e7\u00e3o ao art. 1\u00ba e acrescenta o art. 2\u00ba-A \u00e0 Lei Municipal n\u00ba 64/90, de 2 de agosto de 1990, que disp\u00f5e sobre o passe livre.</del> <b>SUBSTITUTIVO: </b>D\u00e1 nova reda\u00e7\u00e3o ao art. 1\u00ba e acrescenta os arts. 2\u00ba-A, 2\u00ba-B e 2\u00ba-C \u00e0 Lei Municipal n\u00ba 64/90, de 2 de agosto de 1990, que disp\u00f5e sobre o passe livre. <b>(H\u00c1 EMENDA)</b>"}, {"id": 22432, "ano": 2013, "numero": 105, "tipo__sigla": "PL", "tipo__descricao": "Projeto de Lei", "autoria__autor__nome": "Enfermeiro Vilmar", "texto_original": "https://sapl.camaranh.rs.gov.br/media/sapl/public/materialegislativa/2013/22432/22432_texto_integral.odt", "ementa": "Torna obrigat\u00f3ria a realiza\u00e7\u00e3o do teste da linguinha nos rec\u00e9m-nascidos e beb\u00eas do Munic\u00edpio de Novo Hamburgo e d\u00e1 outras  provid\u00eancias."}, {"id": 22444, "ano": 2013, "numero": 106, "tipo__sigla": "PL", "tipo__descricao": "Projeto de Lei", "autoria__autor__nome": "Cristiano Coller", "texto_original": "https://sapl.camaranh.rs.gov.br/media/sapl/public/materialegislativa/2013/22444/22444_texto_integral.odt", "ementa": "Denomina Rua Valdir de Souza Bitencourt uma via p\u00fablica."}, {"id": 22506, "ano": 2013, "numero": 107, "tipo__sigla": "PL", "tipo__descricao": "Projeto de Lei", "autoria__autor__nome": "Enfermeiro Vilmar\r\nNaasom Luciano\r\nPatr\u00edcia Beck\r\nRoger Corr\u00eaa", "texto_original": "https://sapl.camaranh.rs.gov.br/media/sapl/public/materialegislativa/2013/22506/22506_texto_integral.odt", "ementa": "Institui o Dia Municipal da Consci\u00eancia Jovem no Calend\u00e1rio Oficial de Eventos do Munic\u00edpio."}, {"id": 22507, "ano": 2013, "numero": 108, "tipo__sigla": "PL", "tipo__descricao": "Projeto de Lei", "autoria__autor__nome": "Enfermeiro Vilmar\r\nNaasom Luciano", "texto_original": "https://sapl.camaranh.rs.gov.br/media/sapl/public/materialegislativa/2013/22507/22507_texto_integral.odt", "ementa": "Disp\u00f5e sobre a aposi\u00e7\u00e3o da advert\u00eancia \"SE  BEBER, N\u00c3O DIRIJA\" em card\u00e1pios e outras pe\u00e7as de publicidade de bares, restaurantes, lancherias e similares, no \u00e2mbito do Munic\u00edpio. <b>(VETO PARCIAL)</b>"}, {"id": 22520, "ano": 2013, "numero": 109, "tipo__sigla": "PL", "tipo__descricao": "Projeto de Lei", "autoria__autor__nome": "Gerson Peteffi", "texto_original": "https://sapl.camaranh.rs.gov.br/media/sapl/public/materialegislativa/2013/22520/22520_texto_integral.odt", "ementa": "Veda o exerc\u00edcio da medicina, na Cidade de Novo Hamburgo por m\u00e9dicos diplomados em universidades estrangeiras que n\u00e3o tenham obtido aprova\u00e7\u00e3o no Exame Nacional de Revalida\u00e7\u00e3o dos Diplomas M\u00e9dicos (Revalida). <b>(H\u00c1 EMENDA)</b>"}, {"id": 22537, "ano": 2013, "numero": 110, "tipo__sigla": "PL", "tipo__descricao": "Projeto de Lei", "autoria__autor__nome": "Professor Issur Koch", "texto_original": "https://sapl.camaranh.rs.gov.br/media/sapl/public/materialegislativa/2013/22537/22537_texto_integral.odt", "ementa": "Institui a inclus\u00e3o, de forma vis\u00edvel, do valor pago pela inser\u00e7\u00e3o de publica\u00e7\u00f5es oficiais e institucionais da Administra\u00e7\u00e3o P\u00fablica, direta e indireta, na m\u00eddia impressa. <b>(H\u00c1 EMENDA)</b>"}, {"id": 22538, "ano": 2013, "numero": 111, "tipo__sigla": "PL", "tipo__descricao": "Projeto de Lei", "autoria__autor__nome": "Betinho", "texto_original": "https://sapl.camaranh.rs.gov.br/media/sapl/public/materialegislativa/2013/22538/22538_texto_integral.odt", "ementa": "Institui a Semana de Conscientiza\u00e7\u00e3o, Preven\u00e7\u00e3o e Combate \u00e0 Verminose e \u00e0 Hepatite A."}, {"id": 22544, "ano": 2013, "numero": 112, "tipo__sigla": "PL", "tipo__descricao": "Projeto de Lei", "autoria__autor__nome": "Enfermeiro Vilmar\r\nRoger Corr\u00eaa", "texto_original": "https://sapl.camaranh.rs.gov.br/media/sapl/public/materialegislativa/2013/22544/22544_texto_integral.odt", "ementa": "Institui o Plano de Preven\u00e7\u00e3o da Obesidade Infantil na Rede Municipal de Educa\u00e7\u00e3o e d\u00e1 outras provid\u00eancias."}, {"id": 22556, "ano": 2013, "numero": 113, "tipo__sigla": "PL", "tipo__descricao": "Projeto de Lei", "autoria__autor__nome": "Executivo", "texto_original": "https://sapl.camaranh.rs.gov.br/media/sapl/public/materialegislativa/2013/22556/22556_texto_integral.pdf", "ementa": "Altera dispositivo que menciona da Lei Municipal n\u00ba 154/1992, que disp\u00f5e sobre o sistema de seguridade social ao servidores p\u00fablicos do Munic\u00edpio de Novo Hamburgo, e d\u00e1 outras provid\u00eancias."}, {"id": 22557, "ano": 2013, "numero": 114, "tipo__sigla": "PL", "tipo__descricao": "Projeto de Lei", "autoria__autor__nome": "Executivo", "texto_original": "https://sapl.camaranh.rs.gov.br/media/sapl/public/materialegislativa/2013/22557/22557_texto_integral.pdf", "ementa": "Altera dispositivos que menciona da Lei Municipal n\u00ba 2.583/2013, que concede anistia de juro e multa nas condi\u00e7\u00f5es que menciona, para a quita\u00e7\u00e3o de d\u00e9bitos com a Fazenda P\u00fablica Municipal, e d\u00e1 outras provid\u00eancias."}, {"id": 22594, "ano": 2013, "numero": 115, "tipo__sigla": "PL", "tipo__descricao": "Projeto de Lei", "autoria__autor__nome": "Enfermeiro Vilmar", "texto_original": "https://sapl.camaranh.rs.gov.br/media/sapl/public/materialegislativa/2013/22594/22594_texto_integral.odt", "ementa": "Institui a Semana de Esclarecimento sobre os malef\u00edcios do Trote Telef\u00f4nico aos Servi\u00e7os P\u00fablicos de Emerg\u00eancia, e d\u00e1 outras provid\u00eancias."}, {"id": 22595, "ano": 2013, "numero": 116, "tipo__sigla": "PL", "tipo__descricao": "Projeto de Lei", "autoria__autor__nome": "Cristiano Coller\r\nPatr\u00edcia Beck", "texto_original": "https://sapl.camaranh.rs.gov.br/media/sapl/public/materialegislativa/2013/22595/22595_texto_integral.odt", "ementa": "<del>Disp\u00f5e sobre a coloca\u00e7\u00e3o de brinquedos para crian\u00e7as portadoras de necessidades especiais em parques, pra\u00e7as e outros locais p\u00fablicos que s\u00e3o destinados \u00e0 pr\u00e1tica de esporte e lazer.</del> <b>REDA\u00c7\u00c3O FINAL: </b>Disp\u00f5e sobre a coloca\u00e7\u00e3o de brinquedos para crian\u00e7as com defici\u00eancia em parques, pra\u00e7as e outros locais p\u00fablicos que s\u00e3o destinados \u00e0 pr\u00e1tica de esporte e lazer."}, {"id": 22596, "ano": 2013, "numero": 117, "tipo__sigla": "PL", "tipo__descricao": "Projeto de Lei", "autoria__autor__nome": "Antonio Lucas", "texto_original": "https://sapl.camaranh.rs.gov.br/media/sapl/public/materialegislativa/2013/22596/22596_texto_integral.odt", "ementa": "Disp\u00f5e sobre o plantio de \u00e1rvores no per\u00edmetro urbano e d\u00e1 outras provid\u00eancias."}, {"id": 22599, "ano": 2013, "numero": 118, "tipo__sigla": "PL", "tipo__descricao": "Projeto de Lei", "autoria__autor__nome": "Enfermeiro Vilmar", "texto_original": "https://sapl.camaranh.rs.gov.br/media/sapl/public/materialegislativa/2013/22599/22599_texto_integral.odt", "ementa": "Institui o Programa de Preven\u00e7\u00e3o \u00e0 Asma na rede Municipal de Sa\u00fade e d\u00e1 outras provid\u00eancias."}, {"id": 22632, "ano": 2013, "numero": 119, "tipo__sigla": "PL", "tipo__descricao": "Projeto de Lei", "autoria__autor__nome": "Enfermeiro Vilmar", "texto_original": "https://sapl.camaranh.rs.gov.br/media/sapl/public/materialegislativa/2013/22632/22632_texto_integral.odt", "ementa": "Institui a Semana de Atendimento e Preven\u00e7\u00e3o de Doen\u00e7as nos Asilos e Casas de Repouso e d\u00e1 outras provid\u00eancias."}, {"id": 22633, "ano": 2013, "numero": 120, "tipo__sigla": "PL", "tipo__descricao": "Projeto de Lei", "autoria__autor__nome": "Enfermeiro Vilmar", "texto_original": "https://sapl.camaranh.rs.gov.br/media/sapl/public/materialegislativa/2013/22633/22633_texto_integral.odt", "ementa": "Institui o Programa de Conscientiza\u00e7\u00e3o e Orienta\u00e7\u00e3o sobre S\u00edndrome de Down, e d\u00e1 outras provid\u00eancias."}, {"id": 22635, "ano": 2013, "numero": 121, "tipo__sigla": "PL", "tipo__descricao": "Projeto de Lei", "autoria__autor__nome": "Luiz Fernando Farias", "texto_original": "https://sapl.camaranh.rs.gov.br/media/sapl/public/materialegislativa/2013/22635/22635_texto_integral.odt", "ementa": "Renomeia o par\u00e1grafo \u00fanico como \u00a7 1\u00ba e acrescenta os \u00a7\u00a7 2\u00ba e 3\u00ba ao art. 99 da Lei Municipal n\u00ba 333/2000, que instituiu o regime jur\u00eddico estatut\u00e1rio dos servidores p\u00fablicos municipais."}, {"id": 22651, "ano": 2013, "numero": 122, "tipo__sigla": "PL", "tipo__descricao": "Projeto de Lei", "autoria__autor__nome": "Enfermeiro Vilmar", "texto_original": "https://sapl.camaranh.rs.gov.br/media/sapl/public/materialegislativa/2013/22651/22651_texto_integral.odt", "ementa": "Institui o Programa de atendimento a Pacientes Portadores de Apneia Noturna."}, {"id": 22688, "ano": 2013, "numero": 123, "tipo__sigla": "PL", "tipo__descricao": "Projeto de Lei", "autoria__autor__nome": "Raul Cassel", "texto_original": "https://sapl.camaranh.rs.gov.br/media/sapl/public/materialegislativa/2013/22688/22688_texto_integral.odt", "ementa": "Pro\u00edbe a utiliza\u00e7\u00e3o de fogos de artif\u00edcio em locais fechados, no \u00e2mbito do Munic\u00edpio."}, {"id": 22726, "ano": 2013, "numero": 124, "tipo__sigla": "PL", "tipo__descricao": "Projeto de Lei", "autoria__autor__nome": "Enfermeiro Vilmar", "texto_original": "https://sapl.camaranh.rs.gov.br/media/sapl/public/materialegislativa/2013/22726/22726_texto_integral.odt", "ementa": "Disp\u00f5e sobre a implanta\u00e7\u00e3o da Estrat\u00e9gia de Transporte de Pessoas em Tratamento de Sa\u00fade e d\u00e1 outras provid\u00eancias."}, {"id": 22728, "ano": 2013, "numero": 125, "tipo__sigla": "PL", "tipo__descricao": "Projeto de Lei", "autoria__autor__nome": "Mesa da C\u00e2mara Municipal", "texto_original": "https://sapl.camaranh.rs.gov.br/media/sapl/public/materialegislativa/2013/22728/22728_texto_integral.odt", "ementa": "Cria o cargo de Contador no quadro de servidores da C\u00e2mara Municipal e extingue o cargo de Tesoureiro."}, {"id": 22745, "ano": 2013, "numero": 126, "tipo__sigla": "PL", "tipo__descricao": "Projeto de Lei", "autoria__autor__nome": "Enfermeiro Vilmar\r\nNaasom Luciano\r\nPatr\u00edcia Beck\r\nRoger Corr\u00eaa", "texto_original": "https://sapl.camaranh.rs.gov.br/media/sapl/public/materialegislativa/2013/22745/22745_texto_integral.odt", "ementa": "Institui a Semana do Teste de Adams - Teste do Minuto, a ser realizada anualmente na primeira semana do ano letivo."}, {"id": 22746, "ano": 2013, "numero": 127, "tipo__sigla": "PL", "tipo__descricao": "Projeto de Lei", "autoria__autor__nome": "Raul Cassel", "texto_original": "https://sapl.camaranh.rs.gov.br/media/sapl/public/materialegislativa/2013/22746/22746_texto_integral.odt", "ementa": "Institui o Dia Municipal do Tenista no Calend\u00e1rio Oficial de Eventos do Munic\u00edpio."}, {"id": 22749, "ano": 2013, "numero": 128, "tipo__sigla": "PL", "tipo__descricao": "Projeto de Lei", "autoria__autor__nome": "Enfermeiro Vilmar", "texto_original": "https://sapl.camaranh.rs.gov.br/media/sapl/public/materialegislativa/2013/22749/22749_texto_integral.odt", "ementa": "Institui a Semana de Luta Contra as Hepatites e d\u00e1 outras provid\u00eancias."}, {"id": 22759, "ano": 2013, "numero": 129, "tipo__sigla": "PL", "tipo__descricao": "Projeto de Lei", "autoria__autor__nome": "Executivo", "texto_original": "https://sapl.camaranh.rs.gov.br/media/sapl/public/materialegislativa/2013/22759/22759_texto_integral.pdf", "ementa": "Abre Cr\u00e9dito Adicional Especial, no valor de R$ 58.823,53, e d\u00e1 outras provid\u00eancias."}, {"id": 22787, "ano": 2013, "numero": 130, "tipo__sigla": "PL", "tipo__descricao": "Projeto de Lei", "autoria__autor__nome": "Executivo", "texto_original": "https://sapl.camaranh.rs.gov.br/media/sapl/public/materialegislativa/2013/22787/22787_texto_integral.pdf", "ementa": "Autoriza o Poder Executivo contratar financiamento junto a Institui\u00e7\u00e3o Financeira Oficial, oferecer garantias, e d\u00e1 outras provid\u00eancias."}, {"id": 22791, "ano": 2013, "numero": 131, "tipo__sigla": "PL", "tipo__descricao": "Projeto de Lei", "autoria__autor__nome": "Naasom Luciano", "texto_original": "https://sapl.camaranh.rs.gov.br/media/sapl/public/materialegislativa/2013/22791/22791_texto_integral.odt", "ementa": "Disp\u00f5e sobre a cria\u00e7\u00e3o do Fundo Municipal de Bem-estar Animal e Sa\u00fade P\u00fablica - FAN."}, {"id": 22809, "ano": 2013, "numero": 132, "tipo__sigla": "PL", "tipo__descricao": "Projeto de Lei", "autoria__autor__nome": "Enfermeiro Vilmar", "texto_original": "https://sapl.camaranh.rs.gov.br/media/sapl/public/materialegislativa/2013/22809/22809_texto_integral.odt", "ementa": "Disp\u00f5e sobre a regulamenta\u00e7\u00e3o da realiza\u00e7\u00e3o de exame para detectar doen\u00e7as card\u00edacas cong\u00eanitas em rec\u00e9m-nascidos, denominado Teste de Oximetria de Pulso, no \u00e2mbito do Munic\u00edpio."}, {"id": 22913, "ano": 2013, "numero": 133, "tipo__sigla": "PL", "tipo__descricao": "Projeto de Lei", "autoria__autor__nome": "Enfermeiro Vilmar", "texto_original": "https://sapl.camaranh.rs.gov.br/media/sapl/public/materialegislativa/2013/22913/22913_texto_integral.odt", "ementa": "Inclui o Dia da Conscientiza\u00e7\u00e3o e Divulga\u00e7\u00e3o da Fibrose C\u00edstica no Calend\u00e1rio Oficial do Munic\u00edpio."}, {"id": 22921, "ano": 2013, "numero": 134, "tipo__sigla": "PL", "tipo__descricao": "Projeto de Lei", "autoria__autor__nome": "Roger Corr\u00eaa", "texto_original": "https://sapl.camaranh.rs.gov.br/media/sapl/public/materialegislativa/2013/22921/22921_texto_integral.odt", "ementa": "Acrescenta art. 143-A na Lei Municipal n\u00ba 333/2000, de 19 de abril de 2000."}, {"id": 22927, "ano": 2013, "numero": 135, "tipo__sigla": "PL", "tipo__descricao": "Projeto de Lei", "autoria__autor__nome": "Executivo", "texto_original": "https://sapl.camaranh.rs.gov.br/media/sapl/public/materialegislativa/2013/22927/22927_texto_integral.pdf", "ementa": "Cria o Conselho Municipal de Promo\u00e7\u00e3o da Igualdade Racial - CMPIR, e d\u00e1 outras provid\u00eancias. <b>(H\u00c1 EMENDA)</b>"}, {"id": 23055, "ano": 2013, "numero": 136, "tipo__sigla": "PL", "tipo__descricao": "Projeto de Lei", "autoria__autor__nome": "Enfermeiro Vilmar", "texto_original": "https://sapl.camaranh.rs.gov.br/media/sapl/public/materialegislativa/2013/23055/23055_texto_integral.odt", "ementa": "Inclui o Dia de Preven\u00e7\u00e3o ao Mal de Alzheimer no Calend\u00e1rio Oficial do Munic\u00edpio."}, {"id": 23080, "ano": 2013, "numero": 137, "tipo__sigla": "PL", "tipo__descricao": "Projeto de Lei", "autoria__autor__nome": "Executivo", "texto_original": "https://sapl.camaranh.rs.gov.br/media/sapl/public/materialegislativa/2013/23080/23080_texto_integral.pdf", "ementa": "Autoriza o Poder Executivo a aderir ao Programa Mais M\u00e9dicos, a concess\u00e3o de aux\u00edlio moradia e alimenta\u00e7\u00e3o, a abrir cr\u00e9dito adicional especial, e d\u00e1 outras provid\u00eancias."}, {"id": 23092, "ano": 2013, "numero": 138, "tipo__sigla": "PL", "tipo__descricao": "Projeto de Lei", "autoria__autor__nome": "Executivo", "texto_original": "https://sapl.camaranh.rs.gov.br/media/sapl/public/materialegislativa/2013/23092/23092_texto_integral.pdf", "ementa": "Disp\u00f5e sobre as diretrizes or\u00e7ament\u00e1rias para o exerc\u00edcio de 2014 e d\u00e1 outras provid\u00eancias."}, {"id": 23241, "ano": 2013, "numero": 139, "tipo__sigla": "PL", "tipo__descricao": "Projeto de Lei", "autoria__autor__nome": "Enfermeiro Vilmar", "texto_original": "https://sapl.camaranh.rs.gov.br/media/sapl/public/materialegislativa/2013/23241/23241_texto_integral.odt", "ementa": "Disp\u00f5e sobre a fixa\u00e7\u00e3o de placa de advert\u00eancia sobre a explora\u00e7\u00e3o sexual de crian\u00e7as e adolescentes, e d\u00e1 outras provid\u00eancias."}, {"id": 23279, "ano": 2013, "numero": 140, "tipo__sigla": "PL", "tipo__descricao": "Projeto de Lei", "autoria__autor__nome": "Executivo", "texto_original": "https://sapl.camaranh.rs.gov.br/media/sapl/public/materialegislativa/2013/23279/23279_texto_integral.pdf", "ementa": "Concede isen\u00e7\u00e3o de valores do servi\u00e7o b\u00e1sico e do consumo de \u00e1gua nas condi\u00e7\u00f5es que menciona, e d\u00e1 outras provid\u00eancias."}, {"id": 23286, "ano": 2013, "numero": 141, "tipo__sigla": "PL", "tipo__descricao": "Projeto de Lei", "autoria__autor__nome": "Enfermeiro Vilmar", "texto_original": "https://sapl.camaranh.rs.gov.br/media/sapl/public/materialegislativa/2013/23286/23286_texto_integral.odt", "ementa": "Disp\u00f5e sobre a Semana Municipal de preven\u00e7\u00e3o, Orienta\u00e7\u00e3o e Combate ao AVC - Acidente Vascular Cerebral no Calend\u00e1rio Oficial do Munic\u00edpio."}, {"id": 23287, "ano": 2013, "numero": 142, "tipo__sigla": "PL", "tipo__descricao": "Projeto de Lei", "autoria__autor__nome": "Mesa da C\u00e2mara Municipal", "texto_original": "https://sapl.camaranh.rs.gov.br/media/sapl/public/materialegislativa/2013/23287/23287_texto_integral.odt", "ementa": "Suprime o \u00a7 3\u00ba do art. 6\u00ba da Lei Municipal n\u00ba 43/75, de 31 de outubro de 1975, e d\u00e1 nova reda\u00e7\u00e3o ao \u00a7 4\u00ba do art. 5\u00ba, acrescentado pela Lei Municipal n\u00ba 1.967/2009, de 25 de mar\u00e7o de 2009."}, {"id": 23293, "ano": 2013, "numero": 143, "tipo__sigla": "PL", "tipo__descricao": "Projeto de Lei", "autoria__autor__nome": "Enfermeiro Vilmar", "texto_original": "https://sapl.camaranh.rs.gov.br/media/sapl/public/materialegislativa/2013/23293/23293_texto_integral.odt", "ementa": "Disp\u00f5e sobre a Semana de Conscientiza\u00e7\u00e3o, Preven\u00e7\u00e3o e Combate \u00e0 Verminose, no Calend\u00e1rio Oficial do Munic\u00edpio."}, {"id": 23429, "ano": 2013, "numero": 144, "tipo__sigla": "PL", "tipo__descricao": "Projeto de Lei", "autoria__autor__nome": "Raul Cassel", "texto_original": "https://sapl.camaranh.rs.gov.br/media/sapl/public/materialegislativa/2013/23429/23429_texto_integral.odt", "ementa": "Denomina \"Vilson Carlos Becker\" uma via p\u00fablica."}, {"id": 23478, "ano": 2013, "numero": 145, "tipo__sigla": "PL", "tipo__descricao": "Projeto de Lei", "autoria__autor__nome": "Antonio Lucas", "texto_original": "https://sapl.camaranh.rs.gov.br/media/sapl/public/materialegislativa/2013/23478/23478_texto_integral.odt", "ementa": "Denomina Rua Orphila Pacheco uma via p\u00fablica."}, {"id": 23529, "ano": 2013, "numero": 146, "tipo__sigla": "PL", "tipo__descricao": "Projeto de Lei", "autoria__autor__nome": "Antonio Lucas", "texto_original": "https://sapl.camaranh.rs.gov.br/media/sapl/public/materialegislativa/2013/23529/23529_texto_integral.odt", "ementa": "Pro\u00edbe o uso de m\u00e1scaras ou qualquer outra forma de ocultar o rosto do cidad\u00e3o com o prop\u00f3sito de impedir-lhe a identifica\u00e7\u00e3o."}, {"id": 23554, "ano": 2013, "numero": 147, "tipo__sigla": "PL", "tipo__descricao": "Projeto de Lei", "autoria__autor__nome": "Luiz Fernando Farias\r\nRoger Corr\u00eaa", "texto_original": "https://sapl.camaranh.rs.gov.br/media/sapl/public/materialegislativa/2013/23554/23554_texto_integral.odt", "ementa": "Disp\u00f5e sobre a declara\u00e7\u00e3o da Banda da Brigada Militar do Comando Regional de Pol\u00edcia Ostensiva do Vale do Rio dos Sinos como patrim\u00f4nio hist\u00f3rico-cultural imaterial da cidade de Novo Hamburgo, e d\u00e1 outras provid\u00eancias."}, {"id": 23627, "ano": 2013, "numero": 148, "tipo__sigla": "PL", "tipo__descricao": "Projeto de Lei", "autoria__autor__nome": "Executivo", "texto_original": "https://sapl.camaranh.rs.gov.br/media/sapl/public/materialegislativa/2013/23627/23627_texto_integral.pdf", "ementa": "Cria os cargos e vagas que menciona para integrar o Quadro Permanente de Servidores para o Servi\u00e7o P\u00fablico Municipal, e d\u00e1 outras provid\u00eancias."}, {"id": 23629, "ano": 2013, "numero": 149, "tipo__sigla": "PL", "tipo__descricao": "Projeto de Lei", "autoria__autor__nome": "Inspetor Luz", "texto_original": "https://sapl.camaranh.rs.gov.br/media/sapl/public/materialegislativa/2013/23629/23629_texto_integral.odt", "ementa": "Acrescenta al\u00edneas ao inciso I do art. 1\u00ba, par\u00e1grafo ao art. 2\u00ba e art. 3\u00ba-A \u00e0 Lei Municipal n\u00ba 2.335/2011, de 10 de outubro de 2011."}, {"id": 23642, "ano": 2013, "numero": 150, "tipo__sigla": "PL", "tipo__descricao": "Projeto de Lei", "autoria__autor__nome": "Betinho", "texto_original": "https://sapl.camaranh.rs.gov.br/media/sapl/public/materialegislativa/2013/23642/23642_texto_integral.odt", "ementa": "Reconhece de Utilidade P\u00fablica a Sociedade Beneficente, Cultural e Filantr\u00f3pica os Protegidos da Princesa Isabel."}, {"id": 23655, "ano": 2013, "numero": 151, "tipo__sigla": "PL", "tipo__descricao": "Projeto de Lei", "autoria__autor__nome": "Inspetor Luz", "texto_original": "https://sapl.camaranh.rs.gov.br/media/sapl/public/materialegislativa/2013/23655/23655_texto_integral.odt", "ementa": "Disp\u00f5e sobre a realiza\u00e7\u00e3o de exames oftalmol\u00f3gicos e audiol\u00f3gicos nos alunos matriculados na rede municipal de ensino e d\u00e1 outras provid\u00eancias."}, {"id": 23661, "ano": 2013, "numero": 152, "tipo__sigla": "PL", "tipo__descricao": "Projeto de Lei", "autoria__autor__nome": "Inspetor Luz", "texto_original": "https://sapl.camaranh.rs.gov.br/media/sapl/public/materialegislativa/2013/23661/23661_texto_integral.odt", "ementa": "Institui como mat\u00e9ria curricular o ensino do jogo de xadrez nas escolas municipais de ensino fundamental, como suporte pedag\u00f3gico para outras disciplinas."}, {"id": 23731, "ano": 2013, "numero": 153, "tipo__sigla": "PL", "tipo__descricao": "Projeto de Lei", "autoria__autor__nome": "Executivo", "texto_original": "https://sapl.camaranh.rs.gov.br/media/sapl/public/materialegislativa/2013/23731/23731_texto_integral.pdf", "ementa": "Altera dispositivos que menciona da Lei Municipal n\u00ba 2.204/2010, que instituiu o Plano de Classifica\u00e7\u00e3o de Cargos e Fun\u00e7\u00f5es do Instituto de Previd\u00eancia e Assist\u00eancia dos Servidores Municipais de Novo Hamburgo - IPASEM, e d\u00e1 outras provid\u00eancias."}, {"id": 23732, "ano": 2013, "numero": 154, "tipo__sigla": "PL", "tipo__descricao": "Projeto de Lei", "autoria__autor__nome": "Executivo", "texto_original": "https://sapl.camaranh.rs.gov.br/media/sapl/public/materialegislativa/2013/23732/23732_texto_integral.pdf", "ementa": "Disp\u00f5e sobre as atribui\u00e7\u00f5es do vice-prefeito."}, {"id": 23733, "ano": 2013, "numero": 155, "tipo__sigla": "PL", "tipo__descricao": "Projeto de Lei", "autoria__autor__nome": "Executivo", "texto_original": "https://sapl.camaranh.rs.gov.br/media/sapl/public/materialegislativa/2013/23733/23733_texto_integral.pdf", "ementa": "Concede isen\u00e7\u00e3o IPTU e Taxas nas condi\u00e7\u00f5es que menciona, e d\u00e1 outras provid\u00eancias."}, {"id": 23735, "ano": 2013, "numero": 156, "tipo__sigla": "PL", "tipo__descricao": "Projeto de Lei", "autoria__autor__nome": "Gerson Peteffi", "texto_original": "https://sapl.camaranh.rs.gov.br/media/sapl/public/materialegislativa/2013/23735/23735_texto_integral.odt", "ementa": "Altera a reda\u00e7\u00e3o ao art. 180 da Lei Municipal n\u00ba 85/54, de 10 de dezembro de 1954, que instituiu o C\u00f3digo de Posturas."}, {"id": 23809, "ano": 2013, "numero": 157, "tipo__sigla": "PL", "tipo__descricao": "Projeto de Lei", "autoria__autor__nome": "Betinho", "texto_original": "https://sapl.camaranh.rs.gov.br/media/sapl/public/materialegislativa/2013/23809/23809_texto_integral.odt", "ementa": "<del>Denomina \"Unidade de Sa\u00fade da Fam\u00edlia Terezinha de Souza\" a USF da Vila Palmeira, no Bairro Santo Afonso.</del> <b> REDA\u00c7\u00c3O FINAL: </b>Denomina \"Unidade de Sa\u00fade da Fam\u00edlia Terezinha Cardoso de Souza\" a USF da Vila Palmeira, no Bairro Santo Afonso."}, {"id": 23833, "ano": 2013, "numero": 158, "tipo__sigla": "PL", "tipo__descricao": "Projeto de Lei", "autoria__autor__nome": "Executivo", "texto_original": "https://sapl.camaranh.rs.gov.br/media/sapl/public/materialegislativa/2013/23833/23833_texto_integral.pdf", "ementa": "Cria e denomina \"Escola Municipal de Educa\u00e7\u00e3o Infantil Joaninha\", uma escola do munic\u00edpio."}, {"id": 23851, "ano": 2013, "numero": 159, "tipo__sigla": "PL", "tipo__descricao": "Projeto de Lei", "autoria__autor__nome": "Cristiano Coller", "texto_original": "https://sapl.camaranh.rs.gov.br/media/sapl/public/materialegislativa/2013/23851/23851_texto_integral.odt", "ementa": "Denomina \"E.M.E.I. Leonel de Moura Brizola\" a Escola Municipal de Ensino Infantil localizada na Vila Kroeff, no Bairro Santo Afonso."}, {"id": 23897, "ano": 2013, "numero": 160, "tipo__sigla": "PL", "tipo__descricao": "Projeto de Lei", "autoria__autor__nome": "Executivo", "texto_original": "https://sapl.camaranh.rs.gov.br/media/sapl/public/materialegislativa/2013/23897/23897_texto_integral.pdf", "ementa": "Cria o Fundo Municipal de Habita\u00e7\u00e3o de Interesse Social - FMHIS e institui o Conselho Gestor do FMHIS, e d\u00e1 outras provid\u00eancias."}, {"id": 23909, "ano": 2013, "numero": 161, "tipo__sigla": "PL", "tipo__descricao": "Projeto de Lei", "autoria__autor__nome": "Naasom Luciano", "texto_original": "https://sapl.camaranh.rs.gov.br/media/sapl/public/materialegislativa/2013/23909/23909_texto_integral.odt", "ementa": "Consolida a legisla\u00e7\u00e3o sobre a concess\u00e3o do t\u00edtulo de Cidad\u00e3o de Novo Hamburgo."}, {"id": 24034, "ano": 2013, "numero": 162, "tipo__sigla": "PL", "tipo__descricao": "Projeto de Lei", "autoria__autor__nome": "Roger Corr\u00eaa", "texto_original": "https://sapl.camaranh.rs.gov.br/media/sapl/public/materialegislativa/2013/24034/24034_texto_integral.odt", "ementa": "Disp\u00f5e sobre a instala\u00e7\u00e3o de guarda-volumes em estabelecimentos banc\u00e1rios equipados com porta detectora de metal, e d\u00e1 outras provid\u00eancias."}, {"id": 24045, "ano": 2013, "numero": 163, "tipo__sigla": "PL", "tipo__descricao": "Projeto de Lei", "autoria__autor__nome": "Naasom Luciano\r\nPatr\u00edcia Beck\r\nRoger Corr\u00eaa", "texto_original": "https://sapl.camaranh.rs.gov.br/media/sapl/public/materialegislativa/2013/24045/24045_texto_integral.odt", "ementa": "Disciplina a cria\u00e7\u00e3o e o com\u00e9rcio de animais, e d\u00e1 outras provid\u00eancias."}, {"id": 24046, "ano": 2013, "numero": 164, "tipo__sigla": "PL", "tipo__descricao": "Projeto de Lei", "autoria__autor__nome": "Naasom Luciano", "texto_original": "https://sapl.camaranh.rs.gov.br/media/sapl/public/materialegislativa/2013/24046/24046_texto_integral.odt", "ementa": "Disp\u00f5e sobre assist\u00eancia t\u00e9cnica gratuita a projeto e constru\u00e7\u00e3o de moradia econ\u00f4mica."}, {"id": 24047, "ano": 2013, "numero": 165, "tipo__sigla": "PL", "tipo__descricao": "Projeto de Lei", "autoria__autor__nome": "Enfermeiro Vilmar", "texto_original": "https://sapl.camaranh.rs.gov.br/media/sapl/public/materialegislativa/2013/24047/24047_texto_integral.odt", "ementa": "Disp\u00f5e sobre primeiros socorros nas academias de gin\u00e1stica do Munic\u00edpio."}, {"id": 24048, "ano": 2013, "numero": 166, "tipo__sigla": "PL", "tipo__descricao": "Projeto de Lei", "autoria__autor__nome": "Executivo", "texto_original": "https://sapl.camaranh.rs.gov.br/media/sapl/public/materialegislativa/2013/24048/24048_texto_integral.pdf", "ementa": "Estima a Receita e fixa a Despesa do munic\u00edpio de Novo Hamburgo para o exerc\u00edcio de 2014, e d\u00e1 outras provid\u00eancias. <b>(REDA\u00c7\u00c3O FINAL)</b>"}, {"id": 24050, "ano": 2013, "numero": 167, "tipo__sigla": "PL", "tipo__descricao": "Projeto de Lei", "autoria__autor__nome": "Executivo", "texto_original": "https://sapl.camaranh.rs.gov.br/media/sapl/public/materialegislativa/2013/24050/24050_texto_integral.pdf", "ementa": "Altera dispositivos que menciona da Lei Municipal n\u00ba 2.344/2011, que autoriza o Poder Executivo contratar financiamento junto \u00e0 Caixa Econ\u00f4mica Federal, oferecer garantias, abrir cr\u00e9dito adicional especial, e d\u00e1 outras provid\u00eancias."}, {"id": 24051, "ano": 2013, "numero": 168, "tipo__sigla": "PL", "tipo__descricao": "Projeto de Lei", "autoria__autor__nome": "Executivo", "texto_original": "https://sapl.camaranh.rs.gov.br/media/sapl/public/materialegislativa/2013/24051/24051_texto_integral.pdf", "ementa": "Disp\u00f5e sobre a utiliza\u00e7\u00e3o de passagens e pr\u00eamios de milhagens \u00e1ereas advindas de recursos p\u00fablicos do Munic\u00edpio de Novo Hamburgo, e d\u00e1 outras provid\u00eancias."}, {"id": 24063, "ano": 2013, "numero": 169, "tipo__sigla": "PL", "tipo__descricao": "Projeto de Lei", "autoria__autor__nome": "Sergio Hanich", "texto_original": "https://sapl.camaranh.rs.gov.br/media/sapl/public/materialegislativa/2013/24063/24063_texto_integral.odt", "ementa": "Institui o Di\u00e1rio Oficial Eletr\u00f4nico de Novo Hamburgo - DOM-NH-e - como meio oficial de comunica\u00e7\u00e3o, publicidade e divulga\u00e7\u00e3o dos atos dos Poderes  Executivo e Legislativo do Munic\u00edpio de Novo Hamburgo."}, {"id": 24161, "ano": 2013, "numero": 170, "tipo__sigla": "PL", "tipo__descricao": "Projeto de Lei", "autoria__autor__nome": "Executivo", "texto_original": "https://sapl.camaranh.rs.gov.br/media/sapl/public/materialegislativa/2013/24161/24161_texto_integral.pdf", "ementa": "Autoriza o Poder Executivo a realizar permuta de \u00e1rea de im\u00f3vel de propriedade do Munic\u00edpio de Novo Hamburgo por outro de propriedade de Avitan Participa\u00e7\u00f5es Ltda., e d\u00e1 outras provid\u00eancias."}, {"id": 24162, "ano": 2013, "numero": 171, "tipo__sigla": "PL", "tipo__descricao": "Projeto de Lei", "autoria__autor__nome": "Executivo", "texto_original": "https://sapl.camaranh.rs.gov.br/media/sapl/public/materialegislativa/2013/24162/24162_texto_integral.pdf", "ementa": "Concede aux\u00edlio financeiro a entidades que menciona, aponta recurso, e d\u00e1 outras provid\u00eancias."}, {"id": 24223, "ano": 2013, "numero": 172, "tipo__sigla": "PL", "tipo__descricao": "Projeto de Lei", "autoria__autor__nome": "Executivo", "texto_original": "https://sapl.camaranh.rs.gov.br/media/sapl/public/materialegislativa/2013/24223/24223_texto_integral.pdf", "ementa": "Altera os dispositivos que menciona da Lei Municipal n\u00ba 1.979/2009, que autoriza repactua\u00e7\u00e3o de d\u00e9bitos previdenci\u00e1rios de que tratam as Leis Municipais n\u00ba 1.735/07 e n\u00ba 1.543/07, e d\u00e1 outras provid\u00eancias."}, {"id": 24224, "ano": 2013, "numero": 173, "tipo__sigla": "PL", "tipo__descricao": "Projeto de Lei", "autoria__autor__nome": "Inspetor Luz", "texto_original": "https://sapl.camaranh.rs.gov.br/media/sapl/public/materialegislativa/2013/24224/24224_texto_integral.odt", "ementa": "Permite ao Oficial de Justi\u00e7a lotado na comarca do Munic\u00edpio de Novo Hamburgo, quando estiver cumprindo mandado judicial, livre estacionamento e parada de seu ve\u00edculo particular, e d\u00e1 outras provid\u00eancias."}, {"id": 24254, "ano": 2013, "numero": 174, "tipo__sigla": "PL", "tipo__descricao": "Projeto de Lei", "autoria__autor__nome": "JorgeTatsch\r\nProfessor Issur Koch\r\nSergio Hanich", "texto_original": "https://sapl.camaranh.rs.gov.br/media/sapl/public/materialegislativa/2013/24254/24254_texto_integral.odt", "ementa": "<del>Estabelece normas e san\u00e7\u00f5es para os atos lesivos \u00e0 limpeza p\u00fablica e d\u00e1 outras providencias.</del> <b>SUBSTITUTIVO:</b> Acrescenta al\u00ednea \"c\", \"d\" e \"e\" ao art. 29, d\u00e1 al\u00ednea \"h\" ao art. 30 e d\u00e1 nova reda\u00e7\u00e3o ao art. 61 da Lei Municipal n\u00ba 85, de 10 de dezembro de 1954, que instituiu o C\u00f3digo de Posturas do Munic\u00edpio."}, {"id": 24263, "ano": 2013, "numero": 175, "tipo__sigla": "PL", "tipo__descricao": "Projeto de Lei", "autoria__autor__nome": "Raul Cassel", "texto_original": "https://sapl.camaranh.rs.gov.br/media/sapl/public/materialegislativa/2013/24263/24263_texto_integral.odt", "ementa": "Acrescenta o art. 1\u00ba-A na Lei Municipal n\u00ba 344/2000, de 17 de maio de 2000, que estabeleceu normas para a denomina\u00e7\u00e3o de logradouros p\u00fablicos."}, {"id": 24273, "ano": 2013, "numero": 176, "tipo__sigla": "PL", "tipo__descricao": "Projeto de Lei", "autoria__autor__nome": "Mesa da C\u00e2mara Municipal", "texto_original": "https://sapl.camaranh.rs.gov.br/media/sapl/public/materialegislativa/2013/24273/24273_texto_integral.odt", "ementa": "D\u00e1 nova reda\u00e7\u00e3o ao inciso VI do par\u00e1grafo \u00fanico do art. 2\u00ba da Lei Municipal n\u00ba 2.277/2011, de 28 de abril de 2011, e \u00e0s atribui\u00e7\u00f5es do cargo no anexo V da Lei Municipal n\u00ba 2.267/2011, de 23 de mar\u00e7o de 2011."}, {"id": 24276, "ano": 2013, "numero": 177, "tipo__sigla": "PL", "tipo__descricao": "Projeto de Lei", "autoria__autor__nome": "Executivo", "texto_original": "https://sapl.camaranh.rs.gov.br/media/sapl/public/materialegislativa/2013/24276/24276_texto_integral.pdf", "ementa": "Disp\u00f5e sobre o est\u00e1gio de estudantes e sobre o est\u00e1gio curricular, e d\u00e1 outras provid\u00eancias."}, {"id": 24384, "ano": 2013, "numero": 178, "tipo__sigla": "PL", "tipo__descricao": "Projeto de Lei", "autoria__autor__nome": "C\u00e2mara Municipal", "texto_original": "https://sapl.camaranh.rs.gov.br/media/sapl/public/materialegislativa/2013/24384/24384_texto_integral.odt", "ementa": "Denomina \"Unidade de Sa\u00fade da Fam\u00edlia Atal\u00edbio Ant\u00f4nio Foscarini\" a USF do Bairro Petr\u00f3polis."}, {"id": 24404, "ano": 2013, "numero": 179, "tipo__sigla": "PL", "tipo__descricao": "Projeto de Lei", "autoria__autor__nome": "Luiz Fernando Farias", "texto_original": "https://sapl.camaranh.rs.gov.br/media/sapl/public/materialegislativa/2013/24404/24404_texto_integral.odt", "ementa": "Institui a Semana Municipal de Conscientiza\u00e7\u00e3o da Ostomia ou Estomia no Calend\u00e1rio Oficial de Eventos do Munic\u00edpio."}, {"id": 24456, "ano": 2013, "numero": 180, "tipo__sigla": "PL", "tipo__descricao": "Projeto de Lei", "autoria__autor__nome": "Executivo", "texto_original": "https://sapl.camaranh.rs.gov.br/media/sapl/public/materialegislativa/2013/24456/24456_texto_integral.pdf", "ementa": "Abre Cr\u00e9dito Adicional Especial, no valor de R$ 280.000,00, e d\u00e1 outras provid\u00eancias."}, {"id": 24495, "ano": 2013, "numero": 181, "tipo__sigla": "PL", "tipo__descricao": "Projeto de Lei", "autoria__autor__nome": "Enfermeiro Vilmar", "texto_original": "https://sapl.camaranh.rs.gov.br/media/sapl/public/materialegislativa/2013/24495/24495_texto_integral.odt", "ementa": "Institui o Dia Municipal de Fazer a Diferen\u00e7a, e d\u00e1 outras provid\u00eancias."}, {"id": 24531, "ano": 2013, "numero": 182, "tipo__sigla": "PL", "tipo__descricao": "Projeto de Lei", "autoria__autor__nome": "Mesa da C\u00e2mara Municipal", "texto_original": "https://sapl.camaranh.rs.gov.br/media/sapl/public/materialegislativa/2013/24531/24531_texto_integral.odt", "ementa": "Disp\u00f5e sobre a concess\u00e3o de cesta b\u00e1sica aos servidores da C\u00e2mara Municipal e d\u00e1 outra provid\u00eancias."}, {"id": 24536, "ano": 2013, "numero": 183, "tipo__sigla": "PL", "tipo__descricao": "Projeto de Lei", "autoria__autor__nome": "Cristiano Coller", "texto_original": "https://sapl.camaranh.rs.gov.br/media/sapl/public/materialegislativa/2013/24536/24536_texto_integral.odt", "ementa": "Denomina Rua Air Ramires uma via p\u00fablica."}, {"id": 24552, "ano": 2013, "numero": 184, "tipo__sigla": "PL", "tipo__descricao": "Projeto de Lei", "autoria__autor__nome": "Executivo", "texto_original": "https://sapl.camaranh.rs.gov.br/media/sapl/public/materialegislativa/2013/24552/24552_texto_integral.pdf", "ementa": "Altera dispositivos que menciona na Lei Municipal n\u00ba 2.618/2013, que autoriza o poder executivo a aderir ao programa mais m\u00e9dicos, a concess\u00e3o de aux\u00edlio moradia e alimenta\u00e7\u00e3o, a abrir cr\u00e9dito adicional especial, e d\u00e1 outras provid\u00eancias."}, {"id": 24553, "ano": 2013, "numero": 185, "tipo__sigla": "PL", "tipo__descricao": "Projeto de Lei", "autoria__autor__nome": "Executivo", "texto_original": "https://sapl.camaranh.rs.gov.br/media/sapl/public/materialegislativa/2013/24553/24553_texto_integral.pdf", "ementa": "Altera dispositivos que menciona na Lei Municipal n\u00ba 2.509/2012, que autoriza o poder executivo a firmar conv\u00eanios com o Estado do Rio Grande do Sul, atrav\u00e9s da Brigada Militar, visando a implementa\u00e7\u00e3o de projeto-piloto de policiamento comunit\u00e1rio, no \u00e2mbito do munic\u00edpio, e d\u00e1 outras provid\u00eancias."}, {"id": 24674, "ano": 2013, "numero": 186, "tipo__sigla": "PL", "tipo__descricao": "Projeto de Lei", "autoria__autor__nome": "Executivo", "texto_original": "https://sapl.camaranh.rs.gov.br/media/sapl/public/materialegislativa/2013/24674/24674_texto_integral.pdf", "ementa": "Disp\u00f5e sobre a doa\u00e7\u00e3o de bens m\u00f3veis inserv\u00edveis, antiecon\u00f4micos ou ociosos, e sobre a aliena\u00e7\u00e3o e inutiliza\u00e7\u00e3o de bens, e d\u00e1 outras provid\u00eancias."}, {"id": 24677, "ano": 2013, "numero": 187, "tipo__sigla": "PL", "tipo__descricao": "Projeto de Lei", "autoria__autor__nome": "Executivo", "texto_original": "https://sapl.camaranh.rs.gov.br/media/sapl/public/materialegislativa/2013/24677/24677_texto_integral.pdf", "ementa": "Disp\u00f5e sobre normas para a concess\u00e3o de aux\u00edlios e subven\u00e7\u00f5es, e d\u00e1 outras provid\u00eancias."}, {"id": 24679, "ano": 2013, "numero": 188, "tipo__sigla": "PL", "tipo__descricao": "Projeto de Lei", "autoria__autor__nome": "Executivo", "texto_original": "https://sapl.camaranh.rs.gov.br/media/sapl/public/materialegislativa/2013/24679/24679_texto_integral.pdf", "ementa": "Disp\u00f5e sobre o saneamento ambiental no Munic\u00edpio de Novo Hamburgo, e d\u00e1 outras provid\u00eancias."}, {"id": 24689, "ano": 2013, "numero": 189, "tipo__sigla": "PL", "tipo__descricao": "Projeto de Lei", "autoria__autor__nome": "Sergio Hanich", "texto_original": "https://sapl.camaranh.rs.gov.br/media/sapl/public/materialegislativa/2013/24689/24689_texto_integral.odt", "ementa": "Denomina Rua Jayme Alano uma via p\u00fablica."}, {"id": 24695, "ano": 2013, "numero": 190, "tipo__sigla": "PL", "tipo__descricao": "Projeto de Lei", "autoria__autor__nome": "Sergio Hanich", "texto_original": "https://sapl.camaranh.rs.gov.br/media/sapl/public/materialegislativa/2013/24695/24695_texto_integral.odt", "ementa": "Revoga a Lei Municipal n\u00ba 1.064/2004, de 8 de abril de 2004, que determinou dist\u00e2ncia m\u00ednima para constru\u00e7\u00e3o de novos postos de combust\u00edveis, e a Lei Municipal n\u00ba 1.085/2004, de 11 de maio de 2004, que acrescentou artigo \u00e0 Lei Municipal n\u00ba 1.064/2004."}, {"id": 24717, "ano": 2013, "numero": 191, "tipo__sigla": "PL", "tipo__descricao": "Projeto de Lei", "autoria__autor__nome": "Executivo", "texto_original": "https://sapl.camaranh.rs.gov.br/media/sapl/public/materialegislativa/2013/24717/24717_texto_integral.pdf", "ementa": "Autoriza a concess\u00e3o de subven\u00e7\u00f5es e repasses de natureza educacional e d\u00e1 outras provid\u00eancias."}, {"id": 24718, "ano": 2013, "numero": 192, "tipo__sigla": "PL", "tipo__descricao": "Projeto de Lei", "autoria__autor__nome": "Executivo", "texto_original": "https://sapl.camaranh.rs.gov.br/media/sapl/public/materialegislativa/2013/24718/24718_texto_integral.pdf", "ementa": "Autoriza a concess\u00e3o de subven\u00e7\u00f5es de natureza cultural, e d\u00e1 outras provid\u00eancias."}, {"id": 24719, "ano": 2013, "numero": 193, "tipo__sigla": "PL", "tipo__descricao": "Projeto de Lei", "autoria__autor__nome": "Executivo", "texto_original": "https://sapl.camaranh.rs.gov.br/media/sapl/public/materialegislativa/2013/24719/24719_texto_integral.pdf", "ementa": "Cria o Sistema Municipal de Cultura, e d\u00e1 outras provid\u00eancias."}, {"id": 24720, "ano": 2013, "numero": 194, "tipo__sigla": "PL", "tipo__descricao": "Projeto de Lei", "autoria__autor__nome": "Executivo", "texto_original": "https://sapl.camaranh.rs.gov.br/media/sapl/public/materialegislativa/2013/24720/24720_texto_integral.pdf", "ementa": "Cria a Coordenadoria Municipal do Terceiro Setor (CTS) do Munic\u00edpio de Novo Hamburgo, e d\u00e1 outras provid\u00eancias."}, {"id": 24721, "ano": 2013, "numero": 195, "tipo__sigla": "PL", "tipo__descricao": "Projeto de Lei", "autoria__autor__nome": "Executivo", "texto_original": "https://sapl.camaranh.rs.gov.br/media/sapl/public/materialegislativa/2013/24721/24721_texto_integral.pdf", "ementa": "Cria a Gratifica\u00e7\u00e3o de Est\u00edmulo ao Acompanhamento de Projetos e Obras - GEAPO, e d\u00e1 outras provid\u00eancias."}, {"id": 20109, "ano": 2013, "numero": 1, "tipo__sigla": "PR", "tipo__descricao": "Projeto de Resolu\u00e7\u00e3o", "autoria__autor__nome": "Mesa da C\u00e2mara Municipal", "texto_original": "https://sapl.camaranh.rs.gov.br/media/sapl/public/materialegislativa/2013/20109/20109_texto_integral.odt", "ementa": "Disp\u00f5e sobre a Estrutura Administrativa da C\u00e2mara Municipal de Novo Hamburgo."}, {"id": 21086, "ano": 2013, "numero": 2, "tipo__sigla": "PR", "tipo__descricao": "Projeto de Resolu\u00e7\u00e3o", "autoria__autor__nome": "Mesa da C\u00e2mara Municipal", "texto_original": "https://sapl.camaranh.rs.gov.br/media/sapl/public/materialegislativa/2013/21086/21086_texto_integral.odt", "ementa": "D\u00e1 nova reda\u00e7\u00e3o aos \u00a7\u00a7.1\u00ba e 2\u00ba do art. 120 da Resolu\u00e7\u00e3o n\u00ba 8, de 11 de dezembro de 2009, que  disp\u00f4s sobre o Regimento Interno da C\u00e2mara Municipal."}, {"id": 21247, "ano": 2013, "numero": 3, "tipo__sigla": "PR", "tipo__descricao": "Projeto de Resolu\u00e7\u00e3o", "autoria__autor__nome": "Mesa da C\u00e2mara Municipal", "texto_original": "https://sapl.camaranh.rs.gov.br/media/sapl/public/materialegislativa/2013/21247/21247_texto_integral.odt", "ementa": "D\u00e1 nova reda\u00e7\u00e3o ao anexo II da Resolu\u00e7\u00e3o n\u00ba 12/2012, que alterou o anexo II da Resolu\u00e7\u00e3o n\u00ba 7/2012."}, {"id": 21697, "ano": 2013, "numero": 4, "tipo__sigla": "PR", "tipo__descricao": "Projeto de Resolu\u00e7\u00e3o", "autoria__autor__nome": "Naasom Luciano", "texto_original": "https://sapl.camaranh.rs.gov.br/media/sapl/public/materialegislativa/2013/21697/21697_texto_integral.odt", "ementa": "Acrescenta o cap\u00edtulo VI-A ao t\u00edtulo IV da Resolu\u00e7\u00e3o n\u00ba 8/15L/2009, que disp\u00f5e sobre o Regimento Interno da C\u00e2mara Municipal. <b>(REDA\u00c7\u00c3O FINAL DO SUBSTITUTIVO)</b>"}, {"id": 22378, "ano": 2013, "numero": 5, "tipo__sigla": "PR", "tipo__descricao": "Projeto de Resolu\u00e7\u00e3o", "autoria__autor__nome": "Mesa da C\u00e2mara Municipal", "texto_original": "https://sapl.camaranh.rs.gov.br/media/sapl/public/materialegislativa/2013/22378/22378_texto_integral.odt", "ementa": "Autoriza a entrega de bens inserv\u00edveis ao Poder Executivo Municipal."}, {"id": 22811, "ano": 2013, "numero": 6, "tipo__sigla": "PR", "tipo__descricao": "Projeto de Resolu\u00e7\u00e3o", "autoria__autor__nome": "Antonio Lucas\r\nInspetor Luz", "texto_original": "https://sapl.camaranh.rs.gov.br/media/sapl/public/materialegislativa/2013/22811/22811_texto_integral.odt", "ementa": "<del>D\u00e1 nova reda\u00e7\u00e3o ao art. 123 da Resolu\u00e7\u00e3o n\u00ba 8/15L/2009, de 11 de dezembro de 2009, que \"disp\u00f5e sobre o Regimento Interno da C\u00e2mara Municipal de Novo Hamburgo\".</del>  <b>SUBSTITUTIVO: </b>D\u00e1 nova reda\u00e7\u00e3o ao art. 32 e ao art. 123, e acrescenta par\u00e1grafo ao art. 127, na Resolu\u00e7\u00e3o n\u00ba 8/15L/2009, de 11 de dezembro de 2009, que \"disp\u00f5e sobre o Regimento Interno da C\u00e2mara Municipal de Novo Hamburgo\"."}, {"id": 23524, "ano": 2013, "numero": 7, "tipo__sigla": "PR", "tipo__descricao": "Projeto de Resolu\u00e7\u00e3o", "autoria__autor__nome": "Luiz Fernando Farias\r\nPatr\u00edcia Beck\r\nProfessor Issur Koch", "texto_original": "https://sapl.camaranh.rs.gov.br/media/sapl/public/materialegislativa/2013/23524/23524_texto_integral.odt", "ementa": "Disp\u00f5e sobre as viagens para o atendimento dos interesses da C\u00e2mara Municipal. <b>(H\u00c1 EMENDAS)</b>"}, {"id": 24272, "ano": 2013, "numero": 8, "tipo__sigla": "PR", "tipo__descricao": "Projeto de Resolu\u00e7\u00e3o", "autoria__autor__nome": "Mesa da C\u00e2mara Municipal", "texto_original": "https://sapl.camaranh.rs.gov.br/media/sapl/public/materialegislativa/2013/24272/24272_texto_integral.odt", "ementa": "D\u00e1 nova reda\u00e7\u00e3o ao inciso VI do art. 10 da Resolu\u00e7\u00e3o n\u00ba 1, de 15 de fevereiro de 2013."}, {"id": 20122, "ano": 2013, "numero": 1, "tipo__sigla": "PDL", "tipo__descricao": "Projeto de Decreto Legislativo", "autoria__autor__nome": "Mesa da C\u00e2mara Municipal", "texto_original": "https://sapl.camaranh.rs.gov.br/media/sapl/public/materialegislativa/2013/20122/20122_texto_integral.odt", "ementa": "Declara ponto facultativo nos dia 11 e 12 de fevereiro de 2013."}, {"id": 20738, "ano": 2013, "numero": 2, "tipo__sigla": "PDL", "tipo__descricao": "Projeto de Decreto Legislativo", "autoria__autor__nome": "Mesa da C\u00e2mara Municipal", "texto_original": "https://sapl.camaranh.rs.gov.br/media/sapl/public/materialegislativa/2013/20738/20738_texto_integral.odt", "ementa": "Disp\u00f5e sobre o expediente da C\u00e2mara Municipal nos dias 28 de mar\u00e7o e 4 de abril de 2013."}, {"id": 20892, "ano": 2013, "numero": 3, "tipo__sigla": "PDL", "tipo__descricao": "Projeto de Decreto Legislativo", "autoria__autor__nome": "Betinho", "texto_original": "https://sapl.camaranh.rs.gov.br/media/sapl/public/materialegislativa/2013/20892/20892_texto_integral.odt", "ementa": "Cria o \"Pr\u00eamio Sebasti\u00e3o Flores\" da C\u00e2mara Municipal de Novo Hamburgo."}, {"id": 21535, "ano": 2013, "numero": 4, "tipo__sigla": "PDL", "tipo__descricao": "Projeto de Decreto Legislativo", "autoria__autor__nome": "Mesa da C\u00e2mara Municipal", "texto_original": "https://sapl.camaranh.rs.gov.br/media/sapl/public/materialegislativa/2013/21535/21535_texto_integral.odt", "ementa": "Regulamenta o art. 9\u00ba da Lei n\u00ba 12.527, de 18 de  novembro de 2011, no \u00e2mbito do Poder Legislativo Municipal, cria o Servi\u00e7o de Informa\u00e7\u00e3o ao Cidad\u00e3o e a Ouvidoria Parlamentar."}, {"id": 21624, "ano": 2013, "numero": 5, "tipo__sigla": "PDL", "tipo__descricao": "Projeto de Decreto Legislativo", "autoria__autor__nome": "COFIN - Com.de Compet., Finan\u00e7as, Or\u00e7amento, Economia e Planejamento", "texto_original": "https://sapl.camaranh.rs.gov.br/media/sapl/public/materialegislativa/2013/21624/21624_texto_integral.odt", "ementa": "Aprova o Parecer Pr\u00e9vio do Tribunal de Contas do Estado, favor\u00e1vel \u00e0 aprova\u00e7\u00e3o das Contas e Balan\u00e7o Geral da Receita e da Despesa, relativos ao Exerc\u00edcio de 2006."}, {"id": 21684, "ano": 2013, "numero": 6, "tipo__sigla": "PDL", "tipo__descricao": "Projeto de Decreto Legislativo", "autoria__autor__nome": "Mesa da C\u00e2mara Municipal", "texto_original": "https://sapl.camaranh.rs.gov.br/media/sapl/public/materialegislativa/2013/21684/21684_texto_integral.odt", "ementa": "Disp\u00f5e sobre o Expediente da C\u00e2mara Municipal nos dias 28 e 31 de maio de 2013."}, {"id": 22192, "ano": 2013, "numero": 7, "tipo__sigla": "PDL", "tipo__descricao": "Projeto de Decreto Legislativo", "autoria__autor__nome": "Betinho", "texto_original": "https://sapl.camaranh.rs.gov.br/media/sapl/public/materialegislativa/2013/22192/22192_texto_integral.odt", "ementa": "D\u00e1 nova reda\u00e7\u00e3o aos artigos 2\u00ba, 3\u00ba, 4\u00ba e 5\u00ba do Decreto Legislativo n\u00ba 7/2001, de 14 de setembro de 2001, que disp\u00f5e sobre a cria\u00e7\u00e3o da medalha M\u00e9rito Esportivo de Novo Hamburgo. <b>(H\u00c1 EMENDA)</b>"}, {"id": 23090, "ano": 2013, "numero": 8, "tipo__sigla": "PDL", "tipo__descricao": "Projeto de Decreto Legislativo", "autoria__autor__nome": "Mesa da C\u00e2mara Municipal", "texto_original": "https://sapl.camaranh.rs.gov.br/media/sapl/public/materialegislativa/2013/23090/23090_texto_integral.odt", "ementa": "Disp\u00f5e sobre o Expediente da C\u00e2mara Municipal no dia 19 de setembro de 2013."}, {"id": 23485, "ano": 2013, "numero": 9, "tipo__sigla": "PDL", "tipo__descricao": "Projeto de Decreto Legislativo", "autoria__autor__nome": "Raul Cassel", "texto_original": "https://sapl.camaranh.rs.gov.br/media/sapl/public/materialegislativa/2013/23485/23485_texto_integral.odt", "ementa": "Institui o t\u00edtulo Empresa Amiga do Idoso, na C\u00e2mara Municipal."}, {"id": 24052, "ano": 2013, "numero": 10, "tipo__sigla": "PDL", "tipo__descricao": "Projeto de Decreto Legislativo", "autoria__autor__nome": null, "texto_original": "https://sapl.camaranh.rs.gov.br/media/sapl/public/materialegislativa/2013/24052/24052_texto_integral.odt", "ementa": "Concede o T\u00edtulo de \"Cidad\u00e3 de Novo Hamburgo\" \u00e0 senhora Cyria Wittmann - IRM\u00c3 GENEROSA."}, {"id": 24177, "ano": 2013, "numero": 11, "tipo__sigla": "PDL", "tipo__descricao": "Projeto de Decreto Legislativo", "autoria__autor__nome": "Mesa da C\u00e2mara Municipal", "texto_original": "https://sapl.camaranh.rs.gov.br/media/sapl/public/materialegislativa/2013/24177/24177_texto_integral.odt", "ementa": "Autoriza o Presidente da C\u00e2mara Municipal a firmar conv\u00eanios com educand\u00e1rios p\u00fablicos e privados objetivando a realiza\u00e7\u00e3o de est\u00e1gio curricular profissionalizante de alunos."}, {"id": 24594, "ano": 2013, "numero": 12, "tipo__sigla": "PDL", "tipo__descricao": "Projeto de Decreto Legislativo", "autoria__autor__nome": "Betinho", "texto_original": "https://sapl.camaranh.rs.gov.br/media/sapl/public/materialegislativa/2013/24594/24594_texto_integral.odt", "ementa": "Institui na C\u00e2mara Municipal de Novo Hamburgo o pr\u00eamio Trof\u00e9u Destaques do Esporte, e d\u00e1 outras provid\u00eancias."}, {"id": 20157, "ano": 2013, "numero": 1, "tipo__sigla": "MOC", "tipo__descricao": "Mo\u00e7\u00e3o", "autoria__autor__nome": "Raul Cassel", "texto_original": "https://sapl.camaranh.rs.gov.br/media/sapl/public/materialegislativa/2013/20157/20157_texto_integral.odt", "ementa": "Manifesta solidariedade ao Munic\u00edpio de Santa Maria."}, {"id": 20669, "ano": 2013, "numero": 2, "tipo__sigla": "MOC", "tipo__descricao": "Mo\u00e7\u00e3o", "autoria__autor__nome": "C\u00e2mara Municipal", "texto_original": "https://sapl.camaranh.rs.gov.br/media/sapl/public/materialegislativa/2013/20669/20669_texto_integral.pdf", "ementa": "Manifesta rep\u00fadio ao Projeto de Lei n\u00ba 2.086/2011 que tramita na C\u00e2mara de Deputados, de autoria do deputado federal pelo estado de S\u00e3o Paulo - SP, Ricardo Tr\u00edpoli (PSDB), que pro\u00edbe os Rodeios e eventos similares no Brasil."}, {"id": 21143, "ano": 2013, "numero": 3, "tipo__sigla": "MOC", "tipo__descricao": "Mo\u00e7\u00e3o", "autoria__autor__nome": "C\u00e2mara Municipal", "texto_original": "https://sapl.camaranh.rs.gov.br/media/sapl/public/materialegislativa/2013/21143/21143_texto_integral.odt", "ementa": "Manifesta apelo pela implanta\u00e7\u00e3o de linhas de \u00f4nibus interurbanos entre Novo Hamburgo e diversos munic\u00edpios. "}, {"id": 21235, "ano": 2013, "numero": 4, "tipo__sigla": "MOC", "tipo__descricao": "Mo\u00e7\u00e3o", "autoria__autor__nome": "Betinho", "texto_original": "https://sapl.camaranh.rs.gov.br/media/sapl/public/materialegislativa/2013/21235/21235_texto_integral.odt", "ementa": "Manifesta apoio a instala\u00e7\u00e3o do Aeroporto Internacional 20 de Setembro em Nova Santa Rita e Port\u00e3o."}, {"id": 21321, "ano": 2013, "numero": 5, "tipo__sigla": "MOC", "tipo__descricao": "Mo\u00e7\u00e3o", "autoria__autor__nome": "Roger Corr\u00eaa", "texto_original": "https://sapl.camaranh.rs.gov.br/media/sapl/public/materialegislativa/2013/21321/21321_texto_integral.odt", "ementa": "Manifesta apoio \u00e0 aprova\u00e7\u00e3o do Estatuto da Juventude, em tramita\u00e7\u00e3o no Congresso Nacional. "}, {"id": 21365, "ano": 2013, "numero": 6, "tipo__sigla": "MOC", "tipo__descricao": "Mo\u00e7\u00e3o", "autoria__autor__nome": "C\u00e2mara Municipal\r\nPatr\u00edcia Beck", "texto_original": "https://sapl.camaranh.rs.gov.br/media/sapl/public/materialegislativa/2013/21365/21365_texto_integral.odt", "ementa": "Manifestam apelo pela implanta\u00e7\u00e3o do Curso de Forma\u00e7\u00e3o de Soldados em Novo Hamburgo e em outras cidades da Regi\u00e3o do Vale do Sinos."}, {"id": 21476, "ano": 2013, "numero": 7, "tipo__sigla": "MOC", "tipo__descricao": "Mo\u00e7\u00e3o", "autoria__autor__nome": "Betinho", "texto_original": "https://sapl.camaranh.rs.gov.br/media/sapl/public/materialegislativa/2013/21476/21476_texto_integral.odt", "ementa": "Manifesta apoio a aprova\u00e7\u00e3o dos projetos de autoria do senador Paulo Paim, referentes \u00e0 aposentadoria dos trabalhadores, que est\u00e3o em tramita\u00e7\u00e3o no Congresso Federal e Senado."}, {"id": 21671, "ano": 2013, "numero": 8, "tipo__sigla": "MOC", "tipo__descricao": "Mo\u00e7\u00e3o", "autoria__autor__nome": "Patr\u00edcia Beck", "texto_original": "https://sapl.camaranh.rs.gov.br/media/sapl/public/materialegislativa/2013/21671/21671_texto_integral.odt", "ementa": "Manifesta rep\u00fadio ao projeto que pretende descriminalizar as drogas no Brasil."}, {"id": 21953, "ano": 2013, "numero": 9, "tipo__sigla": "MOC", "tipo__descricao": "Mo\u00e7\u00e3o", "autoria__autor__nome": "Betinho", "texto_original": "https://sapl.camaranh.rs.gov.br/media/sapl/public/materialegislativa/2013/21953/21953_texto_integral.odt", "ementa": "Manifesta Aplauso ao governador Tarso Genro  pela redu\u00e7\u00e3o nas tarifas e extin\u00e7\u00e3o das pra\u00e7as de ped\u00e1gios  privados no Rio Grande do Sul."}, {"id": 21958, "ano": 2013, "numero": 10, "tipo__sigla": "MOC", "tipo__descricao": "Mo\u00e7\u00e3o", "autoria__autor__nome": "Inspetor Luz", "texto_original": "https://sapl.camaranh.rs.gov.br/media/sapl/public/materialegislativa/2013/21958/21958_texto_integral.odt", "ementa": "Manifesta Apoio \u00e0 atua\u00e7\u00e3o do Minist\u00e9rio P\u00fablico/RS na Opera\u00e7\u00e3o \"Leite Compensado\"."}, {"id": 22093, "ano": 2013, "numero": 11, "tipo__sigla": "MOC", "tipo__descricao": "Mo\u00e7\u00e3o", "autoria__autor__nome": "Professor Issur Koch", "texto_original": "https://sapl.camaranh.rs.gov.br/media/sapl/public/materialegislativa/2013/22093/22093_texto_integral.odt", "ementa": "Manifesta rep\u00fadio \u00e0 Proposta de Emenda \u00e0 Constitui\u00e7\u00e3o N\u00ba 37, a PEC 37, que retira o poder de investiga\u00e7\u00e3o do Minist\u00e9rio P\u00fablico."}, {"id": 22193, "ano": 2013, "numero": 12, "tipo__sigla": "MOC", "tipo__descricao": "Mo\u00e7\u00e3o", "autoria__autor__nome": "C\u00e2mara Municipal\r\nRoger Corr\u00eaa", "texto_original": "https://sapl.camaranh.rs.gov.br/media/sapl/public/materialegislativa/2013/22193/22193_texto_integral.odt", "ementa": "Manifestam apoio \u00e0 iniciativa da Presidenta Dilma Rousseff pela proposi\u00e7\u00e3o de tornar a corrup\u00e7\u00e3o crime hediondo."}, {"id": 22211, "ano": 2013, "numero": 13, "tipo__sigla": "MOC", "tipo__descricao": "Mo\u00e7\u00e3o", "autoria__autor__nome": "Raul Cassel", "texto_original": "https://sapl.camaranh.rs.gov.br/media/sapl/public/materialegislativa/2013/22211/22211_texto_integral.odt", "ementa": "Manifesta solidariedade em defesa de Bruna Bayer, jovem brasileira presa na Espanha."}, {"id": 22234, "ano": 2013, "numero": 14, "tipo__sigla": "MOC", "tipo__descricao": "Mo\u00e7\u00e3o", "autoria__autor__nome": "Inspetor Luz", "texto_original": "https://sapl.camaranh.rs.gov.br/media/sapl/public/materialegislativa/2013/22234/22234_texto_integral.odt", "ementa": "Manifestam Apoio \u00e0 Comiss\u00e3o dos Aprovados CSPM 2012"}, {"id": 22312, "ano": 2013, "numero": 15, "tipo__sigla": "MOC", "tipo__descricao": "Mo\u00e7\u00e3o", "autoria__autor__nome": "Luiz Fernando Farias", "texto_original": "https://sapl.camaranh.rs.gov.br/media/sapl/public/materialegislativa/2013/22312/22312_texto_integral.odt", "ementa": "Manifesta apelo pelo reinicio das obras de canaliza\u00e7\u00e3o do Arroio Ga\u00fachinho na divisa dos munic\u00edpios de Novo Hamburgo e S\u00e3o Leopoldo. "}, {"id": 22548, "ano": 2013, "numero": 16, "tipo__sigla": "MOC", "tipo__descricao": "Mo\u00e7\u00e3o", "autoria__autor__nome": "Patr\u00edcia Beck", "texto_original": "https://sapl.camaranh.rs.gov.br/media/sapl/public/materialegislativa/2013/22548/22548_texto_integral.odt", "ementa": "Manifesta apelo para que a Metroplan assuma a constru\u00e7\u00e3o da ponte da Avenida dos Munic\u00edpios, sobre o Arroio Pampa, na divisa dos munic\u00edpios de Novo Hamburgo e Campo Bom."}, {"id": 22549, "ano": 2013, "numero": 17, "tipo__sigla": "MOC", "tipo__descricao": "Mo\u00e7\u00e3o", "autoria__autor__nome": "Cristiano Coller\r\nPatr\u00edcia Beck", "texto_original": "https://sapl.camaranh.rs.gov.br/media/sapl/public/materialegislativa/2013/22549/22549_texto_integral.odt", "ementa": "Manifestam apelo para que o Governo Estadual, atrav\u00e9s da Secretaria Estadual de Sa\u00fade, agilize a libera\u00e7\u00e3o e entrega das ambul\u00e2ncias solicitadas pelo Munic\u00edpio de Novo Hamburgo."}, {"id": 22625, "ano": 2013, "numero": 18, "tipo__sigla": "MOC", "tipo__descricao": "Mo\u00e7\u00e3o", "autoria__autor__nome": "Raul Cassel", "texto_original": "https://sapl.camaranh.rs.gov.br/media/sapl/public/materialegislativa/2013/22625/22625_texto_integral.odt", "ementa": "Manifesta Rep\u00fadio \u00e0 Presidente Dilma e ao Ministro da Sa\u00fade, Alexandre Padilha, pela falta de considera\u00e7\u00e3o com os M\u00e9dicos Brasileiros."}, {"id": 22626, "ano": 2013, "numero": 19, "tipo__sigla": "MOC", "tipo__descricao": "Mo\u00e7\u00e3o", "autoria__autor__nome": "Raul Cassel", "texto_original": "https://sapl.camaranh.rs.gov.br/media/sapl/public/materialegislativa/2013/22626/22626_texto_integral.odt", "ementa": "Manifesta Rep\u00fadio \u00e0 Decad\u00eancia no Direito Previdenci\u00e1rio."}, {"id": 22756, "ano": 2013, "numero": 20, "tipo__sigla": "MOC", "tipo__descricao": "Mo\u00e7\u00e3o", "autoria__autor__nome": "Betinho", "texto_original": "https://sapl.camaranh.rs.gov.br/media/sapl/public/materialegislativa/2013/22756/22756_texto_integral.odt", "ementa": "Manifesta rep\u00fadio ao Projeto de Lei 4330/2004, que regulamenta a terceiriza\u00e7\u00e3o do trabalho no Brasil."}, {"id": 23165, "ano": 2013, "numero": 21, "tipo__sigla": "MOC", "tipo__descricao": "Mo\u00e7\u00e3o", "autoria__autor__nome": "Professor Issur Koch", "texto_original": "https://sapl.camaranh.rs.gov.br/media/sapl/public/materialegislativa/2013/23165/23165_texto_integral.odt", "ementa": "Manifesta apelo pela agilidade no tr\u00e2mite do PL 1436/2011, que regulamenta o exerc\u00edcio da profiss\u00e3o de  Quiropraxista."}, {"id": 23233, "ano": 2013, "numero": 22, "tipo__sigla": "MOC", "tipo__descricao": "Mo\u00e7\u00e3o", "autoria__autor__nome": "Professor Issur Koch", "texto_original": "https://sapl.camaranh.rs.gov.br/media/sapl/public/materialegislativa/2013/23233/23233_texto_integral.odt", "ementa": "Manifesta apoio ao Projeto de Lei Estadual n\u00ba 193/2013."}, {"id": 23278, "ano": 2013, "numero": 23, "tipo__sigla": "MOC", "tipo__descricao": "Mo\u00e7\u00e3o", "autoria__autor__nome": "Betinho", "texto_original": "https://sapl.camaranh.rs.gov.br/media/sapl/public/materialegislativa/2013/23278/23278_texto_integral.odt", "ementa": "Manifestam apoio \u00e0 aprova\u00e7\u00e3o do PL 39/1999, que disp\u00f5e sobre a regulamenta\u00e7\u00e3o da profiss\u00e3o de agente de seguran\u00e7a privada."}, {"id": 23288, "ano": 2013, "numero": 24, "tipo__sigla": "MOC", "tipo__descricao": "Mo\u00e7\u00e3o", "autoria__autor__nome": "COSEG - Comiss\u00e3o de Seguran\u00e7a P\u00fablica\r\nC\u00e2mara Municipal\r\nInspetor Luz", "texto_original": "https://sapl.camaranh.rs.gov.br/media/sapl/public/materialegislativa/2013/23288/23288_texto_integral.odt", "ementa": "Manifestam Apoio ao Projeto de Lei n\u00ba 039/99, que regulamenta a profiss\u00e3o de vigilante."}, {"id": 23387, "ano": 2013, "numero": 25, "tipo__sigla": "MOC", "tipo__descricao": "Mo\u00e7\u00e3o", "autoria__autor__nome": "Professor Issur Koch", "texto_original": "https://sapl.camaranh.rs.gov.br/media/sapl/public/materialegislativa/2013/23387/23387_texto_integral.odt", "ementa": "Manifesta apelo para que o Governo Estadual, por meio da Secretaria Estadual de Seguran\u00e7a P\u00fablica, analise a viabilidade da implanta\u00e7\u00e3o de um Posto Policial no Bairro Boa Sa\u00fade."}, {"id": 23388, "ano": 2013, "numero": 26, "tipo__sigla": "MOC", "tipo__descricao": "Mo\u00e7\u00e3o", "autoria__autor__nome": "Professor Issur Koch", "texto_original": "https://sapl.camaranh.rs.gov.br/media/sapl/public/materialegislativa/2013/23388/23388_texto_integral.odt", "ementa": "Manifesta apelo para que o Governo do Estado, por meio da Secretaria Estadual de Seguran\u00e7a P\u00fablica e Comando Geral da Brigada Militar, analise a viabilidade da implanta\u00e7\u00e3o de um Posto Policial no Residencial Mundo Novo, no Bairro Canudos."}, {"id": 23703, "ano": 2013, "numero": 27, "tipo__sigla": "MOC", "tipo__descricao": "Mo\u00e7\u00e3o", "autoria__autor__nome": "Naasom Luciano", "texto_original": "https://sapl.camaranh.rs.gov.br/media/sapl/public/materialegislativa/2013/23703/23703_texto_integral.odt", "ementa": "Manifesta Aplauso e reconhecimento \u00e0 Servidora Norma Noeli Moreira, pelos 21 anos de atividade na C\u00e2mara Municipal de Novo Hamburgo, no cargo de Tesoureira."}, {"id": 23786, "ano": 2013, "numero": 28, "tipo__sigla": "MOC", "tipo__descricao": "Mo\u00e7\u00e3o", "autoria__autor__nome": "Betinho", "texto_original": "https://sapl.camaranh.rs.gov.br/media/sapl/public/materialegislativa/2013/23786/23786_texto_integral.odt", "ementa": "Manifesta aplauso \u00e0 Presidenta Dilma Rousseff pela san\u00e7\u00e3o da Medida Provis\u00f3ria (MP) 615, que garante a transfer\u00eancia da concess\u00e3o para explorar servi\u00e7os de t\u00e1xi aos herdeiros do titular."}, {"id": 23787, "ano": 2013, "numero": 29, "tipo__sigla": "MOC", "tipo__descricao": "Mo\u00e7\u00e3o", "autoria__autor__nome": "Betinho\r\nProfessor Issur Koch", "texto_original": "https://sapl.camaranh.rs.gov.br/media/sapl/public/materialegislativa/2013/23787/23787_texto_integral.odt", "ementa": "Manifesta aplauso a todos os professores pela passagem do Dia do Professor, comemorado no dia 15 de outubro."}, {"id": 23812, "ano": 2013, "numero": 30, "tipo__sigla": "MOC", "tipo__descricao": "Mo\u00e7\u00e3o", "autoria__autor__nome": "Betinho", "texto_original": "https://sapl.camaranh.rs.gov.br/media/sapl/public/materialegislativa/2013/23812/23812_texto_integral.odt", "ementa": "Manifesta rep\u00fadio ao governo Argentino pela demora na autoriza\u00e7\u00e3o do ingresso dos produtos brasileiros em seu pa\u00eds."}, {"id": 24122, "ano": 2013, "numero": 31, "tipo__sigla": "MOC", "tipo__descricao": "Mo\u00e7\u00e3o", "autoria__autor__nome": "Professor Issur Koch", "texto_original": "https://sapl.camaranh.rs.gov.br/media/sapl/public/materialegislativa/2013/24122/24122_texto_integral.odt", "ementa": "Manifesta apoio ao Projeto de Decreto Legislativo do Senado n\u00ba 151/2013."}, {"id": 24241, "ano": 2013, "numero": 32, "tipo__sigla": "MOC", "tipo__descricao": "Mo\u00e7\u00e3o", "autoria__autor__nome": "Raul Cassel", "texto_original": "https://sapl.camaranh.rs.gov.br/media/sapl/public/materialegislativa/2013/24241/24241_texto_integral.odt", "ementa": "Manifesta protesto \u00e0 paralisa\u00e7\u00e3o das obras da BR-448 (Rodovia do Parque)."}, {"id": 24335, "ano": 2013, "numero": 33, "tipo__sigla": "MOC", "tipo__descricao": "Mo\u00e7\u00e3o", "autoria__autor__nome": "Raul Cassel", "texto_original": "https://sapl.camaranh.rs.gov.br/media/sapl/public/materialegislativa/2013/24335/24335_texto_integral.odt", "ementa": "Manifesta apoio ao Ministro do Supremo Tribunal Federal, Dr. Joaquim Barbosa, pela atua\u00e7\u00e3o no julgamento do Mensal\u00e3o."}, {"id": 24551, "ano": 2013, "numero": 34, "tipo__sigla": "MOC", "tipo__descricao": "Mo\u00e7\u00e3o", "autoria__autor__nome": "Betinho\r\nC\u00e2mara Municipal", "texto_original": "https://sapl.camaranh.rs.gov.br/media/sapl/public/materialegislativa/2013/24551/24551_texto_integral.odt", "ementa": "Manifestam apoio \u00e0 manuten\u00e7\u00e3o da condi\u00e7\u00e3o de entidade filantr\u00f3pica por parte da EMATER/RS - ASCAR."}, {"id": 24599, "ano": 2013, "numero": 35, "tipo__sigla": "MOC", "tipo__descricao": "Mo\u00e7\u00e3o", "autoria__autor__nome": "Raul Cassel", "texto_original": "https://sapl.camaranh.rs.gov.br/media/sapl/public/materialegislativa/2013/24599/24599_texto_integral.odt", "ementa": "Manifesta solidariedade ao setor coureiro-cal\u00e7adista."}, {"id": 20043, "ano": 2013, "numero": 1, "tipo__sigla": "REQ", "tipo__descricao": "Requerimento", "autoria__autor__nome": "Enio Brizola", "texto_original": "https://sapl.camaranh.rs.gov.br/media/", "ementa": "Requer licen\u00e7a da Verean\u00e7a a partir do dia 1\u00ba de janeiro de 2013, para assumir cargo de Secret\u00e1rio Municipal."}, {"id": 20044, "ano": 2013, "numero": 2, "tipo__sigla": "REQ", "tipo__descricao": "Requerimento", "autoria__autor__nome": "Ricardo Ritter - Ica", "texto_original": "https://sapl.camaranh.rs.gov.br/media/sapl/public/materialegislativa/2013/20044/20044_texto_integral.odt", "ementa": "Requer licen\u00e7a da Verean\u00e7a a partir do dia 1\u00ba de janeiro de 2013, para assumir cargo de Secret\u00e1rio Municipal."}, {"id": 20053, "ano": 2013, "numero": 3, "tipo__sigla": "REQ", "tipo__descricao": "Requerimento", "autoria__autor__nome": "Naasom Luciano", "texto_original": "https://sapl.camaranh.rs.gov.br/media/sapl/public/materialegislativa/2013/20053/20053_texto_integral.odt", "ementa": "Requer licen\u00e7a da verean\u00e7a nos dias 14, 15 e 16 de janeiro de 2013,  para tratar de  assuntos particulares."}, {"id": 20058, "ano": 2013, "numero": 4, "tipo__sigla": "REQ", "tipo__descricao": "Requerimento", "autoria__autor__nome": "Naasom Luciano", "texto_original": "https://sapl.camaranh.rs.gov.br/media/sapl/public/materialegislativa/2013/20058/20058_texto_integral.odt", "ementa": "Requer a indica\u00e7\u00e3o do senhor vereador Vice-Presidente, no exerc\u00edcio do cargo da Presid\u00eancia, para representar oficialmente esta Casa Legislativa na visita t\u00e9cnica que far\u00e1 ao Chula Vista Olympic Training Center, nos dias 15/02 a 26/02/2013, no estado da Calif\u00f3rnia, Estados Unidos da Am\u00e9rica do Norte (USA)."}, {"id": 20065, "ano": 2013, "numero": 5, "tipo__sigla": "REQ", "tipo__descricao": "Requerimento", "autoria__autor__nome": "Cristiano Coller\r\nEnfermeiro Vilmar\r\nFelipe Kuhn Braun\r\nFufa Azevedo\r\nGerson Peteffi\r\nInspetor Luz\r\nJorgeTatsch\r\nLuiz Fernando Farias\r\nNaasom Luciano\r\nPatr\u00edcia Beck\r\nProfessor Issur Koch\r\nRaul Cassel\r\nRoger Corr\u00eaa\r\nSergio Hanich", "texto_original": "https://sapl.camaranh.rs.gov.br/media/sapl/public/materialegislativa/2013/20065/20065_texto_integral.odt", "ementa": "Requerem a realiza\u00e7\u00e3o de Audi\u00eancia P\u00fablica no dia 18 de fevereiro de 2013, com in\u00edcio \u00e0s 19 horas e t\u00e9rmino \u00e0s 21 horas, no Plen\u00e1rio desta Casa Legislativa, com a finalidade de debater assuntos referentes as condi\u00e7\u00f5es de seguran\u00e7a em boates e locais de grande aglomera\u00e7\u00e3o de p\u00fablico."}, {"id": 20066, "ano": 2013, "numero": 6, "tipo__sigla": "REQ", "tipo__descricao": "Requerimento", "autoria__autor__nome": "Inspetor Luz", "texto_original": "https://sapl.camaranh.rs.gov.br/media/sapl/public/materialegislativa/2013/20066/20066_texto_integral.odt", "ementa": "Requer Voto de Congratula\u00e7\u00f5es pelo pr\u00eamio MARCAS QUE MARCAM 2012/2013, conferido \u00e0 UNIMED - Planos de Sa\u00fade, t\u00edtulo recebido na 4\u00aa edi\u00e7\u00e3o de evento promovido em parceria pelo CDL-NH, Jornal NH e Universidade Feevale, com o patroc\u00ednio da FENAC."}, {"id": 20067, "ano": 2013, "numero": 7, "tipo__sigla": "REQ", "tipo__descricao": "Requerimento", "autoria__autor__nome": "Inspetor Luz", "texto_original": "https://sapl.camaranh.rs.gov.br/media/sapl/public/materialegislativa/2013/20067/20067_texto_integral.odt", "ementa": "Requer Voto de Congratula\u00e7\u00f5es pelo pr\u00eamio MARCAS QUE MARCAM 2012/2013, conferido a Academia de Gin\u00e1stica - Companhia do Corpo, t\u00edtulo recebido na 4\u00aa edi\u00e7\u00e3o de evento promovido em parceria pelo CDL-NH, Jornal NH e Universidade Feevale, com o patroc\u00ednio da FENAC."}, {"id": 20068, "ano": 2013, "numero": 8, "tipo__sigla": "REQ", "tipo__descricao": "Requerimento", "autoria__autor__nome": "Inspetor Luz", "texto_original": "https://sapl.camaranh.rs.gov.br/media/sapl/public/materialegislativa/2013/20068/20068_texto_integral.odt", "ementa": "Requer Voto de Congratula\u00e7\u00f5es pelo pr\u00eamio MARCAS QUE MARCAM 2012/2013, conferido \u00e0 Ag\u00eancia de Turismo CVC, t\u00edtulo recebido na 4\u00aa edi\u00e7\u00e3o de evento promovido em parceria pelo CDL-NH, Jornal NH e Universidade Feevale, com o patroc\u00ednio da FENAC."}, {"id": 20069, "ano": 2013, "numero": 9, "tipo__sigla": "REQ", "tipo__descricao": "Requerimento", "autoria__autor__nome": "Inspetor Luz", "texto_original": "https://sapl.camaranh.rs.gov.br/media/sapl/public/materialegislativa/2013/20069/20069_texto_integral.odt", "ementa": "Requer Voto de Congratula\u00e7\u00f5es pelo pr\u00eamio MARCAS QUE MARCAM 2012/2013, conferido \u00e0 Lojas Renner - Filial NH, pelos t\u00edtulos recebidos nos segmentos de loja de roupas masculinas e femininas na 4\u00aa edi\u00e7\u00e3o do evento promovido em parceria pelo CDL-NH, Jornal NH e Universidade Feevale, com o patroc\u00ednio da FENAC."}, {"id": 20070, "ano": 2013, "numero": 10, "tipo__sigla": "REQ", "tipo__descricao": "Requerimento", "autoria__autor__nome": "Inspetor Luz", "texto_original": "https://sapl.camaranh.rs.gov.br/media/sapl/public/materialegislativa/2013/20070/20070_texto_integral.odt", "ementa": "Requer Voto de Congratula\u00e7\u00f5es pelo pr\u00eamio MARCAS QUE MARCAM 2012/2013, conferido \u00e0 Remi Auto Pe\u00e7as, pelos t\u00edtulos recebidos nos segmentos de loja de auto pe\u00e7as e oficina mec\u00e2nica na 4\u00aa edi\u00e7\u00e3o do evento promovido em parceria pelo CDL-NH, Jornal NH e Universidade Feevale, com o patroc\u00ednio da FENAC."}, {"id": 20071, "ano": 2013, "numero": 11, "tipo__sigla": "REQ", "tipo__descricao": "Requerimento", "autoria__autor__nome": "Inspetor Luz", "texto_original": "https://sapl.camaranh.rs.gov.br/media/sapl/public/materialegislativa/2013/20071/20071_texto_integral.odt", "ementa": "Requer Voto de Congratula\u00e7\u00f5es pelo pr\u00eamio MARCAS QUE MARCAM 2012/2013, conferido \u00e0 Cl\u00ednica Dent\u00e1ria Clident, t\u00edtulo recebido na 4\u00aa edi\u00e7\u00e3o de evento promovido em parceria pelo CDL-NH, Jornal NH e Universidade Feevale, com o patroc\u00ednio da FENAC."}, {"id": 20072, "ano": 2013, "numero": 12, "tipo__sigla": "REQ", "tipo__descricao": "Requerimento", "autoria__autor__nome": "Inspetor Luz", "texto_original": "https://sapl.camaranh.rs.gov.br/media/sapl/public/materialegislativa/2013/20072/20072_texto_integral.odt", "ementa": "Requer Voto de Congratula\u00e7\u00f5es pelo pr\u00eamio MARCAS QUE MARCAM 2012/2013, conferido ao Escrit\u00f3rio de Contabilidade - Duarte, Benetti & Associados, pelo t\u00edtulo recebido na 4\u00aa edi\u00e7\u00e3o do evento promovido em parceria pelo CDL-NH, Jornal NH e Universidade Feevale, com o patroc\u00ednio da FENAC."}, {"id": 20073, "ano": 2013, "numero": 13, "tipo__sigla": "REQ", "tipo__descricao": "Requerimento", "autoria__autor__nome": "Inspetor Luz", "texto_original": "https://sapl.camaranh.rs.gov.br/media/sapl/public/materialegislativa/2013/20073/20073_texto_integral.odt", "ementa": "Requer Voto de Congratula\u00e7\u00f5es pelo pr\u00eamio MARCAS QUE MARCAM 2012/2013, conferido \u00e0 Loja Tumelero - Filial NH, pelos t\u00edtulos recebidos nos segmentos de materiais de constru\u00e7\u00e3o e materiais el\u00e9tricos na 4\u00aa edi\u00e7\u00e3o do evento promovido em parceria pelo CDL-NH, Jornal NH e Universidade Feevale, com o patroc\u00ednio da FENAC."}, {"id": 20074, "ano": 2013, "numero": 14, "tipo__sigla": "REQ", "tipo__descricao": "Requerimento", "autoria__autor__nome": "Inspetor Luz", "texto_original": "https://sapl.camaranh.rs.gov.br/media/sapl/public/materialegislativa/2013/20074/20074_texto_integral.odt", "ementa": "Requer Voto de Congratula\u00e7\u00f5es pelo pr\u00eamio MARCAS QUE MARCAM 2012/2013, conferido \u00e0 Revenda de Motos Comoto,  na 4\u00aa edi\u00e7\u00e3o do evento promovido em parceria pelo CDL-NH, Jornal NH e Universidade Feevale, com o patroc\u00ednio da FENAC."}, {"id": 20075, "ano": 2013, "numero": 15, "tipo__sigla": "REQ", "tipo__descricao": "Requerimento", "autoria__autor__nome": "Inspetor Luz", "texto_original": "https://sapl.camaranh.rs.gov.br/media/sapl/public/materialegislativa/2013/20075/20075_texto_integral.odt", "ementa": "Requer Voto de Congratula\u00e7\u00f5es pelo pr\u00eamio MARCAS QUE MARCAM 2012/2013, conferido \u00e0 Escola Profissionalizante Informatize, t\u00edtulo recebido na 4\u00aa edi\u00e7\u00e3o de evento promovido em parceria pelo CDL-NH, Jornal NH e Universidade Feevale, com o patroc\u00ednio da FENAC."}, {"id": 20076, "ano": 2013, "numero": 16, "tipo__sigla": "REQ", "tipo__descricao": "Requerimento", "autoria__autor__nome": "Inspetor Luz", "texto_original": "https://sapl.camaranh.rs.gov.br/media/sapl/public/materialegislativa/2013/20076/20076_texto_integral.odt", "ementa": "Requer Voto de Congratula\u00e7\u00f5es pelo pr\u00eamio MARCAS QUE MARCAM 2012/2013, conferido \u00e0 Floricultura Rio Branco,  na 4\u00aa edi\u00e7\u00e3o do evento promovido em parceria pelo CDL-NH, Jornal NH e Universidade Feevale, com o patroc\u00ednio da FENAC."}, {"id": 20077, "ano": 2013, "numero": 17, "tipo__sigla": "REQ", "tipo__descricao": "Requerimento", "autoria__autor__nome": "Inspetor Luz", "texto_original": "https://sapl.camaranh.rs.gov.br/media/sapl/public/materialegislativa/2013/20077/20077_texto_integral.odt", "ementa": "Requer Voto de Congratula\u00e7\u00f5es pelo pr\u00eamio MARCAS QUE MARCAM 2012/2013, conferido \u00e0 Loja de Tintas - Tinta e Cor, t\u00edtulo recebido na 4\u00aa edi\u00e7\u00e3o de evento promovido em parceria pelo CDL-NH, Jornal NH e Universidade Feevale com o patroc\u00ednio da FENAC."}, {"id": 20078, "ano": 2013, "numero": 18, "tipo__sigla": "REQ", "tipo__descricao": "Requerimento", "autoria__autor__nome": "Inspetor Luz", "texto_original": "https://sapl.camaranh.rs.gov.br/media/sapl/public/materialegislativa/2013/20078/20078_texto_integral.odt", "ementa": "Requer Voto de Congratula\u00e7\u00f5es pelo pr\u00eamio MARCAS QUE MARCAM 2012/2013, conferido ao Escrit\u00f3rio de Advocacia ABDO,  na 4\u00aa edi\u00e7\u00e3o do evento promovido em parceria pelo CDL-NH, Jornal NH e Universidade Feevale, com o patroc\u00ednio da FENAC."}, {"id": 20079, "ano": 2013, "numero": 19, "tipo__sigla": "REQ", "tipo__descricao": "Requerimento", "autoria__autor__nome": "Inspetor Luz", "texto_original": "https://sapl.camaranh.rs.gov.br/media/sapl/public/materialegislativa/2013/20079/20079_texto_integral.odt", "ementa": "Requer Voto de Congratula\u00e7\u00f5es pelo pr\u00eamio MARCAS QUE MARCAM 2012/2013, conferido \u00e0 F\u00e1brica de Ideias,  t\u00edtulo recebido na 4\u00aa edi\u00e7\u00e3o do evento promovido em parceria pelo CDL-NH, Jornal NH e Universidade Feevale, com o patroc\u00ednio da FENAC."}, {"id": 20080, "ano": 2013, "numero": 20, "tipo__sigla": "REQ", "tipo__descricao": "Requerimento", "autoria__autor__nome": "Inspetor Luz", "texto_original": "https://sapl.camaranh.rs.gov.br/media/sapl/public/materialegislativa/2013/20080/20080_texto_integral.odt", "ementa": "Requer Voto de Congratula\u00e7\u00f5es pelo pr\u00eamio MARCAS QUE MARCAM 2012/2013, conferido ao Restaurante Portal, t\u00edtulo recebido na 4\u00aa edi\u00e7\u00e3o de evento promovido em parceria pelo CDL-NH, Jornal NH e Universidade Feevale, com o patroc\u00ednio da FENAC"}, {"id": 20081, "ano": 2013, "numero": 21, "tipo__sigla": "REQ", "tipo__descricao": "Requerimento", "autoria__autor__nome": "Inspetor Luz", "texto_original": "https://sapl.camaranh.rs.gov.br/media/sapl/public/materialegislativa/2013/20081/20081_texto_integral.odt", "ementa": "Requerem Voto de Congratula\u00e7\u00f5es pelo pr\u00eamio MARCAS QUE MARCAM 2012/2013, conferido \u00e0 Escola Marista Pio XII,  t\u00edtulo recebido na 4\u00aa edi\u00e7\u00e3o do evento promovido em parceria pelo CDL-NH, Jornal NH e Universidade Feevale, com o patroc\u00ednio da FENAC."}, {"id": 20082, "ano": 2013, "numero": 22, "tipo__sigla": "REQ", "tipo__descricao": "Requerimento", "autoria__autor__nome": "Inspetor Luz", "texto_original": "https://sapl.camaranh.rs.gov.br/media/sapl/public/materialegislativa/2013/20082/20082_texto_integral.odt", "ementa": "Requer Voto de Congratula\u00e7\u00f5es pelo pr\u00eamio MARCAS QUE MARCAM 2012/2013, conferido \u00e0 Padaria e Confeitaria Brasil, t\u00edtulo recebido na 4\u00aa edi\u00e7\u00e3o de evento promovido em parceria pelo CDL-NH, Jornal NH e Universidade Feevale, com o patroc\u00ednio da FENAC."}, {"id": 20083, "ano": 2013, "numero": 23, "tipo__sigla": "REQ", "tipo__descricao": "Requerimento", "autoria__autor__nome": "Inspetor Luz", "texto_original": "https://sapl.camaranh.rs.gov.br/media/sapl/public/materialegislativa/2013/20083/20083_texto_integral.odt", "ementa": "Requer Voto de Congratula\u00e7\u00f5es pelo pr\u00eamio MARCAS QUE MARCAM 2012/2013, conferido \u00e0 Loja de Cama, Mesa e Banho - Rainha das Noivas,  t\u00edtulo recebido na 4\u00aa edi\u00e7\u00e3o do evento promovido em parceria pelo CDL-NH, Jornal NH e Universidade Feevale, com o patroc\u00ednio da FENAC."}, {"id": 20084, "ano": 2013, "numero": 24, "tipo__sigla": "REQ", "tipo__descricao": "Requerimento", "autoria__autor__nome": "Inspetor Luz", "texto_original": "https://sapl.camaranh.rs.gov.br/media/sapl/public/materialegislativa/2013/20084/20084_1.pdf", "ementa": "Requer Voto de Congratula\u00e7\u00f5es pelo pr\u00eamio MARCAS QUE MARCAM 2012/2013, conferido \u00e0 Rede de Lojas Colombo / Filiais NH, t\u00edtulo recebido nos segmentos de com\u00e9rcio de eletrodom\u00e9sticos e de m\u00f3veis na 4\u00aa edi\u00e7\u00e3o de evento promovido em parceria pelo CDL-NH, Jornal NH e Universidade Feevale, com o patroc\u00ednio da FENAC."}, {"id": 20085, "ano": 2013, "numero": 25, "tipo__sigla": "REQ", "tipo__descricao": "Requerimento", "autoria__autor__nome": "Inspetor Luz", "texto_original": "https://sapl.camaranh.rs.gov.br/media/sapl/public/materialegislativa/2013/20085/20085_texto_integral.odt", "ementa": "Requer Voto de Congratula\u00e7\u00f5es pelo pr\u00eamio MARCAS QUE MARCAM 2012/2013, conferido \u00e0 Piscinas e Acess\u00f3rios Totela,  t\u00edtulo recebido na 4\u00aa edi\u00e7\u00e3o do evento promovido em parceria pelo CDL-NH, Jornal NH e Universidade Feevale, com o patroc\u00ednio da FENAC."}, {"id": 20086, "ano": 2013, "numero": 26, "tipo__sigla": "REQ", "tipo__descricao": "Requerimento", "autoria__autor__nome": "Inspetor Luz", "texto_original": "https://sapl.camaranh.rs.gov.br/media/sapl/public/materialegislativa/2013/20086/20086_texto_integral.odt", "ementa": "Requer Voto de Congratula\u00e7\u00f5es pelo pr\u00eamio MARCAS QUE MARCAM 2012/2013, conferido \u00e0 Loja de Cal\u00e7ados, Bolsas e Acess\u00f3rios - Katy Cal\u00e7ados, t\u00edtulo recebido na 4\u00aa edi\u00e7\u00e3o de evento promovido em parceria pelo CDL-NH, Jornal NH e Universidade Feevale, com o patroc\u00ednio da FENAC."}, {"id": 20087, "ano": 2013, "numero": 27, "tipo__sigla": "REQ", "tipo__descricao": "Requerimento", "autoria__autor__nome": "Inspetor Luz", "texto_original": "https://sapl.camaranh.rs.gov.br/media/sapl/public/materialegislativa/2013/20087/20087_texto_integral.odt", "ementa": "Requer Voto de Congratula\u00e7\u00f5es pelo pr\u00eamio MARCAS QUE MARCAM 2012/2013, conferido \u00e0 Pet Shop Bichos & Cia,  t\u00edtulo recebido na 4\u00aa edi\u00e7\u00e3o do evento promovido em parceria pelo CDL-NH, Jornal NH e Universidade Feevale, com o patroc\u00ednio da FENAC."}, {"id": 20088, "ano": 2013, "numero": 28, "tipo__sigla": "REQ", "tipo__descricao": "Requerimento", "autoria__autor__nome": "Inspetor Luz", "texto_original": "https://sapl.camaranh.rs.gov.br/media/sapl/public/materialegislativa/2013/20088/20088_texto_integral.odt", "ementa": "Requerem Voto de Congratula\u00e7\u00f5es pelo pr\u00eamio MARCAS QUE MARCAM 2012/2013, conferido \u00e0 Loja de Tecidos Entremalhas,  t\u00edtulo recebido na 4\u00aa edi\u00e7\u00e3o do evento promovido em parceria pelo CDL-NH, Jornal NH e Universidade Feevale, com o patroc\u00ednio da FENAC."}, {"id": 20090, "ano": 2013, "numero": 29, "tipo__sigla": "REQ", "tipo__descricao": "Requerimento", "autoria__autor__nome": "Inspetor Luz", "texto_original": "https://sapl.camaranh.rs.gov.br/media/sapl/public/materialegislativa/2013/20090/20090_texto_integral.odt", "ementa": "Requer Voto de Congratula\u00e7\u00f5es pelo pr\u00eamio MARCAS QUE MARCAM 2012/2013, conferido \u00e0 Escola Maternal Pingo de Gente, t\u00edtulo recebido na 4\u00aa edi\u00e7\u00e3o de evento promovido em parceria pelo CDL-NH, Jornal NH e Universidade Feevale, com o patroc\u00ednio da FENAC.\r\n"}, {"id": 20089, "ano": 2013, "numero": 30, "tipo__sigla": "REQ", "tipo__descricao": "Requerimento", "autoria__autor__nome": "Inspetor Luz", "texto_original": "https://sapl.camaranh.rs.gov.br/media/sapl/public/materialegislativa/2013/20089/20089_texto_integral.odt", "ementa": "Requer Voto de Congratula\u00e7\u00f5es pelo pr\u00eamio MARCAS QUE MARCAM 2012/2013, conferido ao Laborat\u00f3rio de An\u00e1lises Cl\u00ednicas Exame,  t\u00edtulo recebido na 4\u00aa edi\u00e7\u00e3o do evento promovido em parceria pelo CDL-NH, Jornal NH e Universidade Feevale, com o patroc\u00ednio da FENAC"}, {"id": 20091, "ano": 2013, "numero": 31, "tipo__sigla": "REQ", "tipo__descricao": "Requerimento", "autoria__autor__nome": "Inspetor Luz", "texto_original": "https://sapl.camaranh.rs.gov.br/media/sapl/public/materialegislativa/2013/20091/20091_texto_integral.odt", "ementa": "Requer Voto de Congratula\u00e7\u00f5es pelo pr\u00eamio MARCAS QUE MARCAM 2012/2013, conferido ao Hotel Suarez,  t\u00edtulo recebido na 4\u00aa edi\u00e7\u00e3o do evento promovido em parceria pelo CDL-NH, Jornal NH e Universidade Feevale, com o patroc\u00ednio da FENAC."}, {"id": 20092, "ano": 2013, "numero": 32, "tipo__sigla": "REQ", "tipo__descricao": "Requerimento", "autoria__autor__nome": "Inspetor Luz", "texto_original": "https://sapl.camaranh.rs.gov.br/media/sapl/public/materialegislativa/2013/20092/20092_texto_integral.odt", "ementa": "Requer Voto de Congratula\u00e7\u00f5es pelo pr\u00eamio MARCAS QUE MARCAM 2012/2013, conferido \u00e0 Loja de artigos esportivos - Paquet\u00e1 Esportes, t\u00edtulo recebido na 4\u00aa edi\u00e7\u00e3o de evento promovido em parceria pelo CDL-NH, Jornal NH e Universidade Feevale, com o patroc\u00ednio da FENAC."}, {"id": 20093, "ano": 2013, "numero": 33, "tipo__sigla": "REQ", "tipo__descricao": "Requerimento", "autoria__autor__nome": "Inspetor Luz", "texto_original": "https://sapl.camaranh.rs.gov.br/media/sapl/public/materialegislativa/2013/20093/20093_texto_integral.odt", "ementa": "Requer Voto de Congratula\u00e7\u00f5es pelo pr\u00eamio MARCAS QUE MARCAM 2012/2013, conferido \u00e0 Escola de Idiomas Wizard,  t\u00edtulo recebido na 4\u00aa edi\u00e7\u00e3o do evento promovido em parceria pelo CDL-NH, Jornal NH e Universidade Feevale, com o patroc\u00ednio da FENAC."}, {"id": 20094, "ano": 2013, "numero": 34, "tipo__sigla": "REQ", "tipo__descricao": "Requerimento", "autoria__autor__nome": "Inspetor Luz", "texto_original": "https://sapl.camaranh.rs.gov.br/media/sapl/public/materialegislativa/2013/20094/20094_texto_integral.odt", "ementa": "Requer Voto de Congratula\u00e7\u00f5es pelo pr\u00eamio MARCAS QUE MARCAM 2012/2013, conferido \u00e0 Loja de Bijuterias F4,  t\u00edtulo recebido na 4\u00aa edi\u00e7\u00e3o do evento promovido em parceria pelo CDL-NH, Jornal NH e Universidade Feevale, com o patroc\u00ednio da FENAC."}, {"id": 20095, "ano": 2013, "numero": 35, "tipo__sigla": "REQ", "tipo__descricao": "Requerimento", "autoria__autor__nome": "Inspetor Luz", "texto_original": "https://sapl.camaranh.rs.gov.br/media/sapl/public/materialegislativa/2013/20095/20095_texto_integral.odt", "ementa": "Requer Voto de Congratula\u00e7\u00f5es pelo pr\u00eamio MARCAS QUE MARCAM 2012/2013, conferido \u00e0 Loja de Roupas Infantis - Picorrucho, t\u00edtulo recebido na 4\u00aa edi\u00e7\u00e3o de evento promovido em parceria pelo CDL-NH, Jornal NH e Universidade Feevale com o patroc\u00ednio da FENAC."}, {"id": 20096, "ano": 2013, "numero": 36, "tipo__sigla": "REQ", "tipo__descricao": "Requerimento", "autoria__autor__nome": "Inspetor Luz", "texto_original": "https://sapl.camaranh.rs.gov.br/media/sapl/public/materialegislativa/2013/20096/20096_texto_integral.odt", "ementa": "Requer Voto de Congratula\u00e7\u00f5es pelo pr\u00eamio MARCAS QUE MARCAM 2012/2013, conferido \u00e0 Agr\u00edcola do Vale,  t\u00edtulo recebido na 4\u00aa edi\u00e7\u00e3o do evento promovido em parceria pelo CDL-NH, Jornal NH e Universidade Feevale, com o patroc\u00ednio da FENAC."}, {"id": 20097, "ano": 2013, "numero": 37, "tipo__sigla": "REQ", "tipo__descricao": "Requerimento", "autoria__autor__nome": "Inspetor Luz", "texto_original": "https://sapl.camaranh.rs.gov.br/media/sapl/public/materialegislativa/2013/20097/20097_texto_integral.odt", "ementa": "Requer Voto de Congratula\u00e7\u00f5es pelo pr\u00eamio MARCAS QUE MARCAM 2012/2013, conferido \u00e0 Loja de Aparelhos de Telefonia Commcenter, t\u00edtulo recebido na 4\u00aa edi\u00e7\u00e3o de evento promovido em parceria pelo CDL-NH, Jornal NH e Universidade Feevale com o patroc\u00ednio da FENAC."}, {"id": 20098, "ano": 2013, "numero": 38, "tipo__sigla": "REQ", "tipo__descricao": "Requerimento", "autoria__autor__nome": "Inspetor Luz", "texto_original": "https://sapl.camaranh.rs.gov.br/media/sapl/public/materialegislativa/2013/20098/20098_texto_integral.odt", "ementa": "Requer Voto de Congratula\u00e7\u00f5es pelo pr\u00eamio MARCAS QUE MARCAM 2012/2013, conferido \u00e0 Imobili\u00e1ria Tempo, t\u00edtulo recebido na 4\u00aa edi\u00e7\u00e3o de evento promovido em parceria pelo CDL-NH, Jornal NH e Universidade Feevale, com o patroc\u00ednio da FENAC."}, {"id": 20099, "ano": 2013, "numero": 39, "tipo__sigla": "REQ", "tipo__descricao": "Requerimento", "autoria__autor__nome": "Inspetor Luz", "texto_original": "https://sapl.camaranh.rs.gov.br/media/sapl/public/materialegislativa/2013/20099/20099_texto_integral.odt", "ementa": "Requer Voto de Congratula\u00e7\u00f5es pelo pr\u00eamio MARCAS QUE MARCAM 2012/2013, conferido \u00e0 Loja de Decora\u00e7\u00e3o - Casaria, t\u00edtulo recebido na 4\u00aa edi\u00e7\u00e3o de evento promovido em parceria pelo CDL-NH, Jornal NH e Universidade Feevale, com o patroc\u00ednio da FENAC."}, {"id": 20100, "ano": 2013, "numero": 40, "tipo__sigla": "REQ", "tipo__descricao": "Requerimento", "autoria__autor__nome": "Inspetor Luz", "texto_original": "https://sapl.camaranh.rs.gov.br/media/sapl/public/materialegislativa/2013/20100/20100_texto_integral.odt", "ementa": "Requer Voto de Congratula\u00e7\u00f5es pelo pr\u00eamio MARCAS QUE MARCAM 2012/2013, conferido \u00e0 Livraria Flama, t\u00edtulo recebido na 4\u00aa edi\u00e7\u00e3o de evento promovido em parceria pelo CDL-NH, Jornal NH e Universidade Feevale, com o patroc\u00ednio da FENAC."}, {"id": 20101, "ano": 2013, "numero": 41, "tipo__sigla": "REQ", "tipo__descricao": "Requerimento", "autoria__autor__nome": "Inspetor Luz", "texto_original": "https://sapl.camaranh.rs.gov.br/media/sapl/public/materialegislativa/2013/20101/20101_texto_integral.odt", "ementa": "Requer Voto de Congratula\u00e7\u00f5es pelo pr\u00eamio MARCAS QUE MARCAM 2012/2013, conferido \u00e0 Rede de Farm\u00e1cias Panvel / Filiais NH, t\u00edtulo recebido na 4\u00aa edi\u00e7\u00e3o de evento promovido em parceria pelo CDL-NH, Jornal NH e Universidade Feevale, com o patroc\u00ednio da FENAC."}, {"id": 20103, "ano": 2013, "numero": 42, "tipo__sigla": "REQ", "tipo__descricao": "Requerimento", "autoria__autor__nome": "Roger Corr\u00eaa", "texto_original": "https://sapl.camaranh.rs.gov.br/media/sapl/public/materialegislativa/2013/20103/20103_texto_integral.odt", "ementa": "Requer a indica\u00e7\u00e3o do Vereador Roger Corr\u00eaa, pela Bancada do PCdoB, junto \u00e0 Frente Parlamentar em Defesa dos Direitos da Crian\u00e7a e do Adolescente."}, {"id": 20104, "ano": 2013, "numero": 43, "tipo__sigla": "REQ", "tipo__descricao": "Requerimento", "autoria__autor__nome": "Roger Corr\u00eaa", "texto_original": "https://sapl.camaranh.rs.gov.br/media/sapl/public/materialegislativa/2013/20104/20104_texto_integral.odt", "ementa": "Requer indica\u00e7\u00e3o do Ver. Roger Correa junto a Frente Parlamentar de Acompanhamento da Copa Fifa 2014"}, {"id": 20108, "ano": 2013, "numero": 44, "tipo__sigla": "REQ", "tipo__descricao": "Requerimento", "autoria__autor__nome": "Gerson Peteffi", "texto_original": "https://sapl.camaranh.rs.gov.br/media/sapl/public/materialegislativa/2013/20108/20108_texto_integral.odt", "ementa": "Requer Voto de Congratula\u00e7\u00f5es ao SUPER DOG'S pela inaugura\u00e7\u00e3o de seu novo espa\u00e7o."}, {"id": 20111, "ano": 2013, "numero": 45, "tipo__sigla": "REQ", "tipo__descricao": "Requerimento", "autoria__autor__nome": "Enfermeiro Vilmar", "texto_original": "https://sapl.camaranh.rs.gov.br/media/sapl/public/materialegislativa/2013/20111/20111_texto_integral.odt", "ementa": "Requer a indica\u00e7\u00e3o do Vereador Enfermeiro Vilmar, pela Bancada do PR, junto \u00e0 Frente Parlamentar de acompanhamento das obras e saneamento em Novo Hamburgo (03/11/11)."}, {"id": 20114, "ano": 2013, "numero": 46, "tipo__sigla": "REQ", "tipo__descricao": "Requerimento", "autoria__autor__nome": "Enfermeiro Vilmar", "texto_original": "https://sapl.camaranh.rs.gov.br/media/sapl/public/materialegislativa/2013/20114/20114_texto_integral.odt", "ementa": "Requer a indica\u00e7\u00e3o do Vereador Enfermeiro Vilmar, pela Bancada do PR , junto \u00e0 Frente Parlamentar em defesa do Setor Cal\u00e7adista de 2013."}, {"id": 20117, "ano": 2013, "numero": 47, "tipo__sigla": "REQ", "tipo__descricao": "Requerimento", "autoria__autor__nome": "Gerson Peteffi", "texto_original": "https://sapl.camaranh.rs.gov.br/media/sapl/public/materialegislativa/2013/20117/20117_texto_integral.odt", "ementa": "Requer Voto de Congratula\u00e7\u00f5es a SVS ADVOGACIA pelo in\u00edcio de suas atividades em Novo Hamburgo."}, {"id": 20118, "ano": 2013, "numero": 48, "tipo__sigla": "REQ", "tipo__descricao": "Requerimento", "autoria__autor__nome": "C\u00e2mara Municipal\r\nGerson Peteffi", "texto_original": "https://sapl.camaranh.rs.gov.br/media/sapl/public/materialegislativa/2013/20118/20118_texto_integral.odt", "ementa": "Requer inclus\u00e3o na Ata na Sess\u00e3o do dia 05 de fevereiro de 2013, da Coluna do Jornalista David Coimbra - Eles eram filhos no Jornal Zero do dia 01 de fevereiro de 2013."}, {"id": 20120, "ano": 2013, "numero": 49, "tipo__sigla": "REQ", "tipo__descricao": "Requerimento", "autoria__autor__nome": "Professor Issur Koch\r\nRaul Cassel", "texto_original": "https://sapl.camaranh.rs.gov.br/media/sapl/public/materialegislativa/2013/20120/20120_texto_integral.odt", "ementa": "Solicita informa\u00e7\u00f5es junto \u00e0 Secretaria de Educa\u00e7\u00e3o, a respeito de documentos relativos \u00e0 seguran\u00e7a das escolas municipais."}, {"id": 20121, "ano": 2013, "numero": 50, "tipo__sigla": "REQ", "tipo__descricao": "Requerimento", "autoria__autor__nome": "Inspetor Luz", "texto_original": "https://sapl.camaranh.rs.gov.br/media/sapl/public/materialegislativa/2013/20121/20121_texto_integral.odt", "ementa": "Requer Voto de Congratula\u00e7\u00f5es pelo pr\u00eamio MARCAS QUE MARCAM 2012/2013, conferido ao Supermercado Big - Filial NH, t\u00edtulo recebido na 4\u00aa edi\u00e7\u00e3o de evento promovido em parceria pelo CDL-NH, Jornal NH e Universidade Feevale, com o patroc\u00ednio da FENAC."}, {"id": 20123, "ano": 2013, "numero": 51, "tipo__sigla": "REQ", "tipo__descricao": "Requerimento", "autoria__autor__nome": "Cristiano Coller\r\nEnfermeiro Vilmar\r\nFelipe Kuhn Braun\r\nInspetor Luz\r\nJorgeTatsch\r\nPatr\u00edcia Beck", "texto_original": "https://sapl.camaranh.rs.gov.br/media/sapl/public/materialegislativa/2013/20123/20123_texto_integral.odt", "ementa": "Requer Voto de Congratula\u00e7\u00f5es pelo pr\u00eamio MARCAS QUE MARCAM 2012/2013, conferido a Brindes Novo Hamburgo, t\u00edtulo recebido na 4\u00aa edi\u00e7\u00e3o de evento promovido em parceria pelo CDL-NH, Jornal NH e Universidade Feevale, com o patroc\u00ednio da FENAC."}, {"id": 20124, "ano": 2013, "numero": 52, "tipo__sigla": "REQ", "tipo__descricao": "Requerimento", "autoria__autor__nome": "Inspetor Luz", "texto_original": "https://sapl.camaranh.rs.gov.br/media/sapl/public/materialegislativa/2013/20124/20124_texto_integral.odt", "ementa": "Requer Voto de Congratula\u00e7\u00f5es pelo pr\u00eamio MARCAS QUE MARCAM 2012/2013, conferido \u00e0 Revenda de Autom\u00f3veis - Sinoscar, t\u00edtulo recebido na 4\u00aa edi\u00e7\u00e3o de evento promovido em parceria pelo CDL-NH, Jornal NH e Universidade Feevale, com o patroc\u00ednio da FENAC."}, {"id": 20125, "ano": 2013, "numero": 53, "tipo__sigla": "REQ", "tipo__descricao": "Requerimento", "autoria__autor__nome": "Inspetor Luz", "texto_original": "https://sapl.camaranh.rs.gov.br/media/sapl/public/materialegislativa/2013/20125/20125_texto_integral.odt", "ementa": "Requer Voto de Congratula\u00e7\u00f5es pelo pr\u00eamio MARCAS QUE MARCAM 2012/2013, conferido ao Minimercado Vila Nova, t\u00edtulo recebido na 4\u00aa edi\u00e7\u00e3o de evento promovido em parceria pelo CDL-NH, Jornal NH e Universidade Feevale, com o patroc\u00ednio da FENAC."}, {"id": 20126, "ano": 2013, "numero": 54, "tipo__sigla": "REQ", "tipo__descricao": "Requerimento", "autoria__autor__nome": "Inspetor Luz", "texto_original": "https://sapl.camaranh.rs.gov.br/media/sapl/public/materialegislativa/2013/20126/20126_texto_integral.odt", "ementa": "Requer Voto de Congratula\u00e7\u00f5es pelo pr\u00eamio MARCAS QUE MARCAM 2012/2013, conferido ao Sal\u00e3o de Beleza - Alan Cabeleireiros, t\u00edtulo recebido na 4\u00aa edi\u00e7\u00e3o de evento promovido em parceria pelo CDL-NH, Jornal NH e Universidade Feevale, com o patroc\u00ednio da FENAC."}, {"id": 20127, "ano": 2013, "numero": 55, "tipo__sigla": "REQ", "tipo__descricao": "Requerimento", "autoria__autor__nome": "Inspetor Luz", "texto_original": "https://sapl.camaranh.rs.gov.br/media/sapl/public/materialegislativa/2013/20127/20127_texto_integral.odt", "ementa": "Requer Voto de Congratula\u00e7\u00f5es pelo pr\u00eamio MARCAS QUE MARCAM 2012/2013, conferido ao Posto de Gasolina Mundo Novo, t\u00edtulo recebido na 4\u00aa edi\u00e7\u00e3o de evento promovido em parceria pelo CDL-NH, Jornal NH e Universidade Feevale, com o patroc\u00ednio da FENAC."}, {"id": 20128, "ano": 2013, "numero": 56, "tipo__sigla": "REQ", "tipo__descricao": "Requerimento", "autoria__autor__nome": "Inspetor Luz", "texto_original": "https://sapl.camaranh.rs.gov.br/media/sapl/public/materialegislativa/2013/20128/20128_texto_integral.odt", "ementa": "Requer Voto de Congratula\u00e7\u00f5es pelo pr\u00eamio MARCAS QUE MARCAM 2012/2013, conferido \u00e0 \u00d3tica Diniz, t\u00edtulo recebido na 4\u00aa edi\u00e7\u00e3o de evento promovido em parceria pelo CDL-NH, Jornal NH e Universidade Feevale, com o patroc\u00ednio da FENAC."}, {"id": 20129, "ano": 2013, "numero": 57, "tipo__sigla": "REQ", "tipo__descricao": "Requerimento", "autoria__autor__nome": "Inspetor Luz", "texto_original": "https://sapl.camaranh.rs.gov.br/media/sapl/public/materialegislativa/2013/20129/20129_texto_integral.odt", "ementa": "Requer Voto de Congratula\u00e7\u00f5es pelo pr\u00eamio MARCAS QUE MARCAM 2012/2013, conferido \u00e0 Loja de Inform\u00e1tica - Multim\u00eddia, t\u00edtulo recebido na 4\u00aa edi\u00e7\u00e3o de evento promovido em parceria pelo CDL-NH, Jornal NH e Universidade Feevale, com o patroc\u00ednio da FENAC."}, {"id": 20130, "ano": 2013, "numero": 58, "tipo__sigla": "REQ", "tipo__descricao": "Requerimento", "autoria__autor__nome": "Inspetor Luz", "texto_original": "https://sapl.camaranh.rs.gov.br/media/sapl/public/materialegislativa/2013/20130/20130_texto_integral.odt", "ementa": "Requer Voto de Congratula\u00e7\u00f5es pelo pr\u00eamio MARCAS QUE MARCAM 2012/2013, conferido \u00e0 Loja de Cosm\u00e9ticos e Perfumaria O Botic\u00e1rio / franquia NH, t\u00edtulo recebido na 4\u00aa edi\u00e7\u00e3o de evento promovido em parceria pelo CDL-NH, Jornal NH e Universidade Feevale, com o patroc\u00ednio da FENAC."}, {"id": 20131, "ano": 2013, "numero": 59, "tipo__sigla": "REQ", "tipo__descricao": "Requerimento", "autoria__autor__nome": "Gerson Peteffi", "texto_original": "https://sapl.camaranh.rs.gov.br/media/sapl/public/materialegislativa/2013/20131/20131_texto_integral.odt", "ementa": "Requer a indica\u00e7\u00e3o do Vereador Gerson Peteffi, pela Bancada do PSDB, junto \u00e0 \"Frente Parlamentar de Acompanhamento da Copa Fifa 2014\"."}, {"id": 20132, "ano": 2013, "numero": 60, "tipo__sigla": "REQ", "tipo__descricao": "Requerimento", "autoria__autor__nome": "Mesa da C\u00e2mara Municipal", "texto_original": "https://sapl.camaranh.rs.gov.br/media/sapl/public/materialegislativa/2013/20132/20132_texto_integral.odt", "ementa": "Requer urg\u00eancia e inclus\u00e3o do Projeto de Resolu\u00e7\u00e3o n\u00ba 1/2013, de autoria da Mesa da C\u00e2mara Municipal, que \"disp\u00f5e sobre a Estrutura Administrativa da C\u00e2mara Municipal de Novo Hamburgo\", na Ordem do Dia das Sess\u00f5es Ordin\u00e1rias de 7 e 14 de fevereiro de 2013, para ser apreciado em primeira e segunda vota\u00e7\u00f5es, respectivamente, conforme facultado pelo \u00a7 8\u00ba do art. 150 do Regimento Interno."}, {"id": 20133, "ano": 2013, "numero": 61, "tipo__sigla": "REQ", "tipo__descricao": "Requerimento", "autoria__autor__nome": "Mesa da C\u00e2mara Municipal", "texto_original": "https://sapl.camaranh.rs.gov.br/media/sapl/public/materialegislativa/2013/20133/20133_texto_integral.odt", "ementa": "Requer urg\u00eancia e inclus\u00e3o do Projeto de Lei n\u00ba 6/2013, de autoria da Mesa da C\u00e2mara Municipal, que \"cria cargos no quadro de servidores efetivos da C\u00e2mara Municipal\", na Ordem do Dia das Sess\u00f5es Ordin\u00e1rias de 7 e 14 de fevereiro de 2013, para ser apreciado em primeira e segunda vota\u00e7\u00f5es, respectivamente, conforme facultado pelo \u00a7 8\u00ba do art. 150 do Regimento Interno."}, {"id": 20134, "ano": 2013, "numero": 62, "tipo__sigla": "REQ", "tipo__descricao": "Requerimento", "autoria__autor__nome": "Mesa da C\u00e2mara Municipal", "texto_original": "https://sapl.camaranh.rs.gov.br/media/sapl/public/materialegislativa/2013/20134/20134_texto_integral.odt", "ementa": "Requer urg\u00eancia e inclus\u00e3o do Projeto de Lei n\u00ba 7/2013, de autoria da Mesa da C\u00e2mara Municipal, que \"altera a reda\u00e7\u00e3o dos artigos 1\u00ba e 3\u00ba e do anexo da Lei Municipal n\u00ba 1.081/2004, de 7 de maio de 2004, que criou cargos no quadro de servidores da C\u00e2mara Municipal\", na Ordem do Dia das Sess\u00f5es Ordin\u00e1rias de 7 e 14 de fevereiro de 2013, para ser apreciado em primeira e segunda vota\u00e7\u00f5es, respectivamente, conforme facultado pelo \u00a7 8\u00ba do art. 150 do Regimento Interno."}, {"id": 20135, "ano": 2013, "numero": 63, "tipo__sigla": "REQ", "tipo__descricao": "Requerimento", "autoria__autor__nome": "Gerson Peteffi", "texto_original": "https://sapl.camaranh.rs.gov.br/media/sapl/public/materialegislativa/2013/20135/20135_texto_integral.odt", "ementa": "Requer a indica\u00e7\u00e3o do Vereador Gerson Peteffi, pela Bancada do PSDB, junto \u00e0 Frente Parlamentar visando a dinamizar a instala\u00e7\u00e3o do Hospital Regional."}, {"id": 20136, "ano": 2013, "numero": 64, "tipo__sigla": "REQ", "tipo__descricao": "Requerimento", "autoria__autor__nome": "Mesa da C\u00e2mara Municipal", "texto_original": "https://sapl.camaranh.rs.gov.br/media/sapl/public/materialegislativa/2013/20136/20136_texto_integral.odt", "ementa": "Requer urg\u00eancia e inclus\u00e3o do Projeto de Lei n\u00ba 8/2013, de autoria da Mesa da C\u00e2mara Municipal, que \"altera a reda\u00e7\u00e3o do \"caput\" do art. 1\u00ba e do anexo I da Lei Municipal n\u00ba 2.277, de 28 de abril de 2011, que criou cargos no quadro de servidores da C\u00e2mara Municipal de Novo Hamburgo e instituiu a Procuradoria Geral da C\u00e2mara Municipal\", na Ordem do Dia das Sess\u00f5es Ordin\u00e1rias de 7 e 14 de fevereiro de 2013, para ser apreciado em primeira e segunda vota\u00e7\u00f5es, respectivamente, conforme facultado pelo \u00a7 8\u00ba do art. 150 do Regimento Interno."}, {"id": 20137, "ano": 2013, "numero": 65, "tipo__sigla": "REQ", "tipo__descricao": "Requerimento", "autoria__autor__nome": "Mesa da C\u00e2mara Municipal", "texto_original": "https://sapl.camaranh.rs.gov.br/media/sapl/public/materialegislativa/2013/20137/20137_texto_integral.odt", "ementa": "Requer urg\u00eancia e inclus\u00e3o do Projeto de Lei n\u00ba 9/2013, de autoria da Mesa da C\u00e2mara Municipal, que \"altera o anexo V da Resolu\u00e7\u00e3o n\u00ba 20/10L/1991, de 19 de dezembro de 1991, que instituiu o plano de classifica\u00e7\u00e3o de cargos e fun\u00e7\u00f5es gratificadas dos servidores da C\u00e2mara Municipal de Novo Hamburgo\", na Ordem do Dia das Sess\u00f5es Ordin\u00e1rias de 7 e 14 de fevereiro de 2013, para ser apreciado em primeira e segunda vota\u00e7\u00f5es, respectivamente, conforme facultado pelo \u00a7 8\u00ba do art. 150 do Regimento Interno."}, {"id": 20138, "ano": 2013, "numero": 66, "tipo__sigla": "REQ", "tipo__descricao": "Requerimento", "autoria__autor__nome": "Mesa da C\u00e2mara Municipal", "texto_original": "https://sapl.camaranh.rs.gov.br/media/sapl/public/materialegislativa/2013/20138/20138_texto_integral.odt", "ementa": "Requer urg\u00eancia e inclus\u00e3o do Projeto de Lei n\u00ba 10/2013, de autoria da Mesa da C\u00e2mara Municipal, que \"altera a reda\u00e7\u00e3o do anexo 1 da Lei Municipal n\u00ba 2.217/2010, de 16 de dezembro de 2010, que criou cargo no quadro de servidores da C\u00e2mara Municipal de Novo Hamburgo\", na Ordem do Dia das Sess\u00f5es Ordin\u00e1rias de 7 e 14 de fevereiro de 2013, para ser apreciado em primeira e segunda vota\u00e7\u00f5es, respectivamente, conforme facultado pelo \u00a7 8\u00ba do art. 150 do Regimento Interno."}, {"id": 20139, "ano": 2013, "numero": 67, "tipo__sigla": "REQ", "tipo__descricao": "Requerimento", "autoria__autor__nome": "Roger Corr\u00eaa", "texto_original": "https://sapl.camaranh.rs.gov.br/media/sapl/public/materialegislativa/2013/20139/20139_texto_integral.odt", "ementa": "Requer a cria\u00e7\u00e3o  da \"FRENTE PARLAMENTAR EM DEFESA DA DIVERS\u00c3O SEGURA\"."}, {"id": 20140, "ano": 2013, "numero": 68, "tipo__sigla": "REQ", "tipo__descricao": "Requerimento", "autoria__autor__nome": "Roger Corr\u00eaa", "texto_original": "https://sapl.camaranh.rs.gov.br/media/sapl/public/materialegislativa/2013/20140/20140_texto_integral.odt", "ementa": "Requer Voto de Congratula\u00e7\u00f5es \u00e0 Sociedade  Gin\u00e1stica de Novo Hamburgo pela realiza\u00e7\u00e3o do 30\u00ba Baile do Vermelho e Branco."}, {"id": 20141, "ano": 2013, "numero": 69, "tipo__sigla": "REQ", "tipo__descricao": "Requerimento", "autoria__autor__nome": "Roger Corr\u00eaa", "texto_original": "https://sapl.camaranh.rs.gov.br/media/sapl/public/materialegislativa/2013/20141/20141_texto_integral.odt", "ementa": "Requer Voto de Congratula\u00e7\u00f5es pelo diploma de Excel\u00eancia Laboratorial, conferido \u00e0 UNIVERSIDADE FEEVALE,  pelo Programa Nacional de Controle de Qualidade da Sociedade Brasileira de An\u00e1lises Cl\u00ednicas."}, {"id": 20142, "ano": 2013, "numero": 70, "tipo__sigla": "REQ", "tipo__descricao": "Requerimento", "autoria__autor__nome": "Raul Cassel", "texto_original": "https://sapl.camaranh.rs.gov.br/media/sapl/public/materialegislativa/2013/20142/20142_texto_integral.odt", "ementa": "Requer Voto de Congratula\u00e7\u00f5es ao Emp\u00f3rio Body Store por sua inaugura\u00e7\u00e3o."}, {"id": 20143, "ano": 2013, "numero": 71, "tipo__sigla": "REQ", "tipo__descricao": "Requerimento", "autoria__autor__nome": "Raul Cassel", "texto_original": "https://sapl.camaranh.rs.gov.br/media/sapl/public/materialegislativa/2013/20143/20143_texto_integral.odt", "ementa": "Requer que seja convidada a Sra. Cris Manfro para comparecer \u00e0 Sess\u00e3o Ordin\u00e1ria de 7 de mar\u00e7o de 2013, a fim de falar sobre o \"Dia Internacional da Mulher\"."}, {"id": 20145, "ano": 2013, "numero": 72, "tipo__sigla": "REQ", "tipo__descricao": "Requerimento", "autoria__autor__nome": "Raul Cassel", "texto_original": "https://sapl.camaranh.rs.gov.br/media/sapl/public/materialegislativa/2013/20145/20145_texto_integral.odt", "ementa": "Requer Voto de Congratula\u00e7\u00f5es ao Laborat\u00f3rio Municipal de Novo Hamburgo pelo recebimento de certificado de desempenho no Programa Nacional de Controle de Qualidade da Sociedade Brasileira de An\u00e1lises Cl\u00ednicas."}, {"id": 20146, "ano": 2013, "numero": 73, "tipo__sigla": "REQ", "tipo__descricao": "Requerimento", "autoria__autor__nome": "Cristiano Coller\r\nEnfermeiro Vilmar\r\nFelipe Kuhn Braun\r\nFufa Azevedo\r\nGerson Peteffi\r\nInspetor Luz\r\nJorgeTatsch\r\nLuiz Fernando Farias\r\nNaasom Luciano\r\nPatr\u00edcia Beck\r\nProfessor Issur Koch\r\nRaul Cassel\r\nRoger Corr\u00eaa\r\nSergio Hanich", "texto_original": "https://sapl.camaranh.rs.gov.br/media/", "ementa": "Requer Voto de Pesar pelo falecimento do Sr. Laurindo Mendes."}, {"id": 20147, "ano": 2013, "numero": 74, "tipo__sigla": "REQ", "tipo__descricao": "Requerimento", "autoria__autor__nome": "Raul Cassel", "texto_original": "https://sapl.camaranh.rs.gov.br/media/sapl/public/materialegislativa/2013/20147/20147_texto_integral.odt", "ementa": "Requer Voto de Pesar pelo falecimento do Sr. N\u00e9sio Jos\u00e9 Silveira."}, {"id": 20150, "ano": 2013, "numero": 75, "tipo__sigla": "REQ", "tipo__descricao": "Requerimento", "autoria__autor__nome": "Raul Cassel", "texto_original": "https://sapl.camaranh.rs.gov.br/media/sapl/public/materialegislativa/2013/20150/20150_texto_integral.odt", "ementa": "Requer Voto de Pesar pelo falecimento da Sra Dione Machry."}, {"id": 20171, "ano": 2013, "numero": 76, "tipo__sigla": "REQ", "tipo__descricao": "Requerimento", "autoria__autor__nome": "Raul Cassel", "texto_original": "https://sapl.camaranh.rs.gov.br/media/sapl/public/materialegislativa/2013/20171/20171_texto_integral.odt", "ementa": "Requer informa\u00e7\u00f5es acerca da exonera\u00e7\u00e3o do Secret\u00e1rio do Meio Ambiente, Sr. Ubiratan Hack."}, {"id": 20172, "ano": 2013, "numero": 77, "tipo__sigla": "REQ", "tipo__descricao": "Requerimento", "autoria__autor__nome": "Raul Cassel", "texto_original": "https://sapl.camaranh.rs.gov.br/media/sapl/public/materialegislativa/2013/20172/20172_texto_integral.odt", "ementa": "Requer Voto de Congratula\u00e7\u00f5es \u00e0 IENH pela formatura da primeira turma do Curso de Administra\u00e7\u00e3o."}, {"id": 20173, "ano": 2013, "numero": 78, "tipo__sigla": "REQ", "tipo__descricao": "Requerimento", "autoria__autor__nome": "Mesa da C\u00e2mara Municipal", "texto_original": "https://sapl.camaranh.rs.gov.br/media/sapl/public/materialegislativa/2013/20173/20173_texto_integral.odt", "ementa": "Requer urg\u00eancia e inclus\u00e3o do Projeto de Decreto Legislativo n\u00ba 1/2013, de autoria da Mesa da C\u00e2mara Municipal, que \"declara ponto facultativo nos dia 11 e 12 de fevereiro de 2013\", na Ordem do Dia das Sess\u00f5es Ordin\u00e1rias de 7 e 14 de fevereiro de 2013, para ser apreciado em primeira e segunda vota\u00e7\u00f5es, respectivamente, conforme facultado pelo \u00a7 8\u00ba do art. 150 do Regimento Interno."}, {"id": 20179, "ano": 2013, "numero": 79, "tipo__sigla": "REQ", "tipo__descricao": "Requerimento", "autoria__autor__nome": "Cristiano Coller", "texto_original": "https://sapl.camaranh.rs.gov.br/media/sapl/public/materialegislativa/2013/20179/20179_texto_integral.odt", "ementa": "Requer a indica\u00e7\u00e3o do Vereador Cristiano Coller, pela Bancada do PDT, junto \u00e0 \"Frente  Parlamentar em Defesa do Hospital Municipal\"."}, {"id": 20180, "ano": 2013, "numero": 80, "tipo__sigla": "REQ", "tipo__descricao": "Requerimento", "autoria__autor__nome": "Cristiano Coller", "texto_original": "https://sapl.camaranh.rs.gov.br/media/sapl/public/materialegislativa/2013/20180/20180_texto_integral.odt", "ementa": "Requer a indica\u00e7\u00e3o do Vereador Cristiano Coller, pela Bancada do PDT, junto \u00e0 \"Frente Parlamentar de Acompanhamento da Copa Fifa 2014\"."}, {"id": 20181, "ano": 2013, "numero": 81, "tipo__sigla": "REQ", "tipo__descricao": "Requerimento", "autoria__autor__nome": "Cristiano Coller", "texto_original": "https://sapl.camaranh.rs.gov.br/media/sapl/public/materialegislativa/2013/20181/20181_texto_integral.odt", "ementa": "Requer a indica\u00e7\u00e3o do Vereador Cristiano Coller, pela Bancada do PDT, junto \u00e0 \"Frente Parlamentar em Defesa dos Direitos dos Idosos\"."}, {"id": 20187, "ano": 2013, "numero": 82, "tipo__sigla": "REQ", "tipo__descricao": "Requerimento", "autoria__autor__nome": "Cristiano Coller", "texto_original": "https://sapl.camaranh.rs.gov.br/media/sapl/public/materialegislativa/2013/20187/20187_texto_integral.odt", "ementa": "Solicita informa\u00e7\u00f5es quanto \u00e0s Escolas Municipais Ensino Infantil."}, {"id": 20188, "ano": 2013, "numero": 83, "tipo__sigla": "REQ", "tipo__descricao": "Requerimento", "autoria__autor__nome": "Cristiano Coller", "texto_original": "https://sapl.camaranh.rs.gov.br/media/sapl/public/materialegislativa/2013/20188/20188_texto_integral.odt", "ementa": "Solicita informa\u00e7\u00f5es quanto aos Centros de Refer\u00eancia e Assist\u00eancia Social - CRAS - do Munic\u00edpio."}, {"id": 20189, "ano": 2013, "numero": 84, "tipo__sigla": "REQ", "tipo__descricao": "Requerimento", "autoria__autor__nome": "Cristiano Coller", "texto_original": "https://sapl.camaranh.rs.gov.br/media/sapl/public/materialegislativa/2013/20189/20189_texto_integral.odt", "ementa": "Solicita informa\u00e7\u00f5es quanto \u00e0s Unidades de Sa\u00fade da Fam\u00edlia - USF - do Munic\u00edpio."}, {"id": 20190, "ano": 2013, "numero": 85, "tipo__sigla": "REQ", "tipo__descricao": "Requerimento", "autoria__autor__nome": "Cristiano Coller", "texto_original": "https://sapl.camaranh.rs.gov.br/media/sapl/public/materialegislativa/2013/20190/20190_texto_integral.odt", "ementa": "Solicita informa\u00e7\u00f5es quanto \u00e0s Unidades B\u00e1sicas de Sa\u00fade - UBS - do Munic\u00edpio."}, {"id": 20191, "ano": 2013, "numero": 86, "tipo__sigla": "REQ", "tipo__descricao": "Requerimento", "autoria__autor__nome": "Cristiano Coller", "texto_original": "https://sapl.camaranh.rs.gov.br/media/sapl/public/materialegislativa/2013/20191/20191_texto_integral.odt", "ementa": "Solicita informa\u00e7\u00f5es quanto \u00e0s Escolas Municipais de Ensino Fundamental - EMEF - do Munic\u00edpio."}, {"id": 20192, "ano": 2013, "numero": 87, "tipo__sigla": "REQ", "tipo__descricao": "Requerimento", "autoria__autor__nome": "Cristiano Coller", "texto_original": "https://sapl.camaranh.rs.gov.br/media/sapl/public/materialegislativa/2013/20192/20192_texto_integral.odt", "ementa": "Solicita informa\u00e7\u00f5es quanto \u00e0s Unidades de Refer\u00eancia de Assist\u00eancia Social do Munic\u00edpio - URAS - do Munic\u00edpio."}, {"id": 20193, "ano": 2013, "numero": 88, "tipo__sigla": "REQ", "tipo__descricao": "Requerimento", "autoria__autor__nome": "Raul Cassel", "texto_original": "https://sapl.camaranh.rs.gov.br/media/sapl/public/materialegislativa/2013/20193/20193_texto_integral.odt", "ementa": "Requer a indica\u00e7\u00e3o do Vereador Raul Cassel pela Bancada do PMDB, junto \u00e0 Frente Parlamentar visando a dinamizar a instala\u00e7\u00e3o do Hospital Regional."}, {"id": 20194, "ano": 2013, "numero": 89, "tipo__sigla": "REQ", "tipo__descricao": "Requerimento", "autoria__autor__nome": "Fufa Azevedo\r\nLuiz Fernando Farias\r\nNaasom Luciano", "texto_original": "https://sapl.camaranh.rs.gov.br/media/sapl/public/materialegislativa/2013/20194/20194_texto_integral.odt", "ementa": "Prop\u00f5e a cria\u00e7\u00e3o de Comiss\u00e3o Especial denominada Frente Parlamentar em Defesa da Instala\u00e7\u00e3o do Batalh\u00e3o de Opera\u00e7\u00f5es Especiais - BOE."}, {"id": 20195, "ano": 2013, "numero": 90, "tipo__sigla": "REQ", "tipo__descricao": "Requerimento", "autoria__autor__nome": "Raul Cassel", "texto_original": "https://sapl.camaranh.rs.gov.br/media/sapl/public/materialegislativa/2013/20195/20195_texto_integral.odt", "ementa": "Requer a indica\u00e7\u00e3o do Vereador Raul Cassel, pela Bancada do PMDB, junto \u00e0 Frente Parlamentar visando a dinamizar a instala\u00e7\u00e3o do Aeroporto Regional e da Mobilidade Urbana."}, {"id": 20198, "ano": 2013, "numero": 91, "tipo__sigla": "REQ", "tipo__descricao": "Requerimento", "autoria__autor__nome": "JorgeTatsch", "texto_original": "https://sapl.camaranh.rs.gov.br/media/sapl/public/materialegislativa/2013/20198/20198_texto_integral.odt", "ementa": "Requer a indica\u00e7\u00e3o do Vereador Jorge Tatsch, pela Bancada do PPS, junto \u00e0 \"Frente Parlamentar em Defesa dos Direitos da Pessoa Idosa\"."}, {"id": 20199, "ano": 2013, "numero": 92, "tipo__sigla": "REQ", "tipo__descricao": "Requerimento", "autoria__autor__nome": "JorgeTatsch", "texto_original": "https://sapl.camaranh.rs.gov.br/media/sapl/public/materialegislativa/2013/20199/20199_texto_integral.odt", "ementa": "Requer a indica\u00e7\u00e3o do Vereador Jorge Tatsch, pela Bancada do PPS, junto \u00e0 \"Frente Parlamentar em Defesa dos Direitos da Crian\u00e7a e do Adolescente\"."}, {"id": 20200, "ano": 2013, "numero": 93, "tipo__sigla": "REQ", "tipo__descricao": "Requerimento", "autoria__autor__nome": "JorgeTatsch", "texto_original": "https://sapl.camaranh.rs.gov.br/media/sapl/public/materialegislativa/2013/20200/20200_texto_integral.odt", "ementa": "Requer a indica\u00e7\u00e3o do Vereador Jorge Tatsch, pela Bancada do PPS, junto \u00e0 \"Frente Parlamentar em Defesa do Setor Coureiro Cal\u00e7adista\"."}, {"id": 20201, "ano": 2013, "numero": 94, "tipo__sigla": "REQ", "tipo__descricao": "Requerimento", "autoria__autor__nome": "JorgeTatsch", "texto_original": "https://sapl.camaranh.rs.gov.br/media/sapl/public/materialegislativa/2013/20201/20201_texto_integral.odt", "ementa": "Requer a indica\u00e7\u00e3o do Vereador Jorge Tatsch, pela Bancada do PPS, junto \u00e0 \"Frente Parlamentar em Defesa do Hospital Municipal\"."}, {"id": 20202, "ano": 2013, "numero": 95, "tipo__sigla": "REQ", "tipo__descricao": "Requerimento", "autoria__autor__nome": "JorgeTatsch", "texto_original": "https://sapl.camaranh.rs.gov.br/media/sapl/public/materialegislativa/2013/20202/20202_texto_integral.odt", "ementa": "Requer a indica\u00e7\u00e3o do Vereador Jorge Tatsch, pela Bancada do PPS, junto \u00e0 Frente Parlamentar de Acompanhamento das Obras e Saneamento."}, {"id": 20203, "ano": 2013, "numero": 96, "tipo__sigla": "REQ", "tipo__descricao": "Requerimento", "autoria__autor__nome": "JorgeTatsch", "texto_original": "https://sapl.camaranh.rs.gov.br/media/sapl/public/materialegislativa/2013/20203/20203_texto_integral.odt", "ementa": "Requer a indica\u00e7\u00e3o do Vereador Jorge Tatsch, pela Bancada do PPS, junto \u00e0 \"Frente Parlamentar em Defesa da Instala\u00e7\u00e3o do Aeroporto Regional e da Mobilidade Urbana\"."}, {"id": 20204, "ano": 2013, "numero": 97, "tipo__sigla": "REQ", "tipo__descricao": "Requerimento", "autoria__autor__nome": "JorgeTatsch", "texto_original": "https://sapl.camaranh.rs.gov.br/media/sapl/public/materialegislativa/2013/20204/20204_texto_integral.odt", "ementa": "Requer a indica\u00e7\u00e3o do Vereador Jorge Tatsch, pela Bancada do PPS, junto \u00e0 Frente Parlamentar em Acompanhamento da Implanta\u00e7\u00e3o do Parque Industrial de Novo Hamburgo."}, {"id": 20208, "ano": 2013, "numero": 98, "tipo__sigla": "REQ", "tipo__descricao": "Requerimento", "autoria__autor__nome": "Raul Cassel", "texto_original": "https://sapl.camaranh.rs.gov.br/media/sapl/public/materialegislativa/2013/20208/20208_texto_integral.odt", "ementa": "Requer Voto de Congratula\u00e7\u00f5es \u00e0 Srta.Morgana Pacheco, pela conquista do T\u00edtulo Rainha do Carnaval."}, {"id": 20218, "ano": 2013, "numero": 99, "tipo__sigla": "REQ", "tipo__descricao": "Requerimento", "autoria__autor__nome": "Raul Cassel", "texto_original": "https://sapl.camaranh.rs.gov.br/media/sapl/public/materialegislativa/2013/20218/20218_texto_integral.odt", "ementa": "Solicita informa\u00e7\u00f5es a respeito do evento \"Natal dos Sinos - Novo Hamburgo\" - realizado de 06/12/12 a 06/01/13."}, {"id": 20222, "ano": 2013, "numero": 100, "tipo__sigla": "REQ", "tipo__descricao": "Requerimento", "autoria__autor__nome": "Raul Cassel", "texto_original": "https://sapl.camaranh.rs.gov.br/media/sapl/public/materialegislativa/2013/20222/20222_texto_integral.odt", "ementa": "Requer Voto de Pesar pelo falecimento do Sr. Albano Oswaldo Krauss."}, {"id": 20226, "ano": 2013, "numero": 101, "tipo__sigla": "REQ", "tipo__descricao": "Requerimento", "autoria__autor__nome": "Raul Cassel", "texto_original": "https://sapl.camaranh.rs.gov.br/media/sapl/public/materialegislativa/2013/20226/20226_texto_integral.odt", "ementa": "Requer Voto de Pesar pelo falecimento do Sr. Ronald Rosa Jover."}, {"id": 20228, "ano": 2013, "numero": 102, "tipo__sigla": "REQ", "tipo__descricao": "Requerimento", "autoria__autor__nome": "Raul Cassel", "texto_original": "https://sapl.camaranh.rs.gov.br/media/sapl/public/materialegislativa/2013/20228/20228_texto_integral.odt", "ementa": "Requer Voto de Congratula\u00e7\u00f5es \u00e0 OAB Subse\u00e7\u00e3o Novo Hamburgo pela inaugura\u00e7\u00e3o da sua nova Sede. "}, {"id": 20231, "ano": 2013, "numero": 103, "tipo__sigla": "REQ", "tipo__descricao": "Requerimento", "autoria__autor__nome": "Raul Cassel", "texto_original": "https://sapl.camaranh.rs.gov.br/media/sapl/public/materialegislativa/2013/20231/20231_texto_integral.odt", "ementa": "Requer Voto de Congratula\u00e7\u00f5es ao Consulado Colorado/NH pela realiza\u00e7\u00e3o do Natal Colorado."}, {"id": 20232, "ano": 2013, "numero": 104, "tipo__sigla": "REQ", "tipo__descricao": "Requerimento", "autoria__autor__nome": "Raul Cassel", "texto_original": "https://sapl.camaranh.rs.gov.br/media/sapl/public/materialegislativa/2013/20232/20232_texto_integral.odt", "ementa": "Requer Voto de Congratula\u00e7\u00f5es ao Sport Club Americano pela conquista de t\u00edtulos."}, {"id": 20233, "ano": 2013, "numero": 105, "tipo__sigla": "REQ", "tipo__descricao": "Requerimento", "autoria__autor__nome": "Naasom Luciano", "texto_original": "https://sapl.camaranh.rs.gov.br/media/sapl/public/materialegislativa/2013/20233/20233_texto_integral.odt", "ementa": "Requer a indica\u00e7\u00e3o do Vereador Naasom Luciano, pela Bancada do PT, para integrar a Frente Parlamentar de Acompanhamento da Implanta\u00e7\u00e3o do Parque Industrial de Novo Hamburgo."}, {"id": 20234, "ano": 2013, "numero": 106, "tipo__sigla": "REQ", "tipo__descricao": "Requerimento", "autoria__autor__nome": "Gerson Peteffi", "texto_original": "https://sapl.camaranh.rs.gov.br/media/sapl/public/materialegislativa/2013/20234/20234_texto_integral.odt", "ementa": "Requer licen\u00e7a no dia 14 de fevereiro de 2013, para tratar assuntos particulares."}, {"id": 20235, "ano": 2013, "numero": 107, "tipo__sigla": "REQ", "tipo__descricao": "Requerimento", "autoria__autor__nome": "Raul Cassel", "texto_original": "https://sapl.camaranh.rs.gov.br/media/sapl/public/materialegislativa/2013/20235/20235_texto_integral.odt", "ementa": "Requer Voto de Pesar pelo falecimento do Sr. Jos\u00e9 Ilmar Ribeiro Klein."}, {"id": 20236, "ano": 2013, "numero": 108, "tipo__sigla": "REQ", "tipo__descricao": "Requerimento", "autoria__autor__nome": "Sergio Hanich", "texto_original": "https://sapl.camaranh.rs.gov.br/media/sapl/public/materialegislativa/2013/20236/20236_texto_integral.odt", "ementa": "Requer a indica\u00e7\u00e3o do Vereador Sergio Hanich, pela Bancada do PMDB, para integrar a Frente Parlamentar de Acompanhamento da Implanta\u00e7\u00e3o do Parque Industrial de Novo Hamburgo."}, {"id": 20237, "ano": 2013, "numero": 109, "tipo__sigla": "REQ", "tipo__descricao": "Requerimento", "autoria__autor__nome": "Fufa Azevedo", "texto_original": "https://sapl.camaranh.rs.gov.br/media/sapl/public/materialegislativa/2013/20237/20237_texto_integral.odt", "ementa": "Requer a indica\u00e7\u00e3o do Vereador Fufa Azevedo, pela Bancada do PT, junto \u00e0 Frente Parlamentar de Acompanhamento da Implanta\u00e7\u00e3o do Parque Industrial de Novo Hamburgo."}, {"id": 20238, "ano": 2013, "numero": 110, "tipo__sigla": "REQ", "tipo__descricao": "Requerimento", "autoria__autor__nome": "Fufa Azevedo", "texto_original": "https://sapl.camaranh.rs.gov.br/media/sapl/public/materialegislativa/2013/20238/20238_texto_integral.odt", "ementa": "Requer a indica\u00e7\u00e3o do Vereador Fufa Azevedo, pela Bancada do PT, junto \u00e0 Frente Parlamentar em Defesa do Setor Cal\u00e7adista."}, {"id": 20241, "ano": 2013, "numero": 111, "tipo__sigla": "REQ", "tipo__descricao": "Requerimento", "autoria__autor__nome": "Raul Cassel", "texto_original": "https://sapl.camaranh.rs.gov.br/media/sapl/public/materialegislativa/2013/20241/20241_texto_integral.odt", "ementa": "Requer Voto de Congratula\u00e7\u00f5es \u00e0 Modernidade Galeria e Arte Aplicada pelas suas novas instala\u00e7\u00f5es."}, {"id": 20245, "ano": 2013, "numero": 112, "tipo__sigla": "REQ", "tipo__descricao": "Requerimento", "autoria__autor__nome": "Raul Cassel", "texto_original": "https://sapl.camaranh.rs.gov.br/media/", "ementa": "Requer Voto de Pesar pelo falecimento do Sr. Jos\u00e9 Spaniol."}, {"id": 20253, "ano": 2013, "numero": 113, "tipo__sigla": "REQ", "tipo__descricao": "Requerimento", "autoria__autor__nome": "Fufa Azevedo\r\nLuiz Fernando Farias\r\nRoger Corr\u00eaa", "texto_original": "https://sapl.camaranh.rs.gov.br/media/sapl/public/materialegislativa/2013/20253/20253_texto_integral.odt", "ementa": "Requerem urg\u00eancia e inclus\u00e3o do Projeto de Lei Complementar n\u00ba 4/2012, de autoria do Executivo, que \"altera os dispositivos que menciona da Lei Municipal n.\u00ba 1.031/2003, que consolida a legisla\u00e7\u00e3o tribut\u00e1ria municipal instituindo o C\u00f3digo Tribut\u00e1rio do Munic\u00edpio Consolidado\", na Ordem do Dia das Sess\u00f5es Ordin\u00e1rias de 19 e 21 de fevereiro de 2013, para ser apreciado em primeira e segunda vota\u00e7\u00f5es, respectivamente, conforme facultado pelo \u00a78\u00ba do art. 150 do Regimento Interno."}, {"id": 20258, "ano": 2013, "numero": 114, "tipo__sigla": "REQ", "tipo__descricao": "Requerimento", "autoria__autor__nome": "Inspetor Luz", "texto_original": "https://sapl.camaranh.rs.gov.br/media/sapl/public/materialegislativa/2013/20258/20258_texto_integral.odt", "ementa": "Requer a indica\u00e7\u00e3o do Vereador Inspetor Luz, pela Bancada do PMDB, junto \u00e0 Frente Parlamentar em Defesa da Instala\u00e7\u00e3o do  Batalh\u00e3o de Opera\u00e7\u00f5es Especiais - BOE."}, {"id": 20269, "ano": 2013, "numero": 115, "tipo__sigla": "REQ", "tipo__descricao": "Requerimento", "autoria__autor__nome": "Enfermeiro Vilmar", "texto_original": "https://sapl.camaranh.rs.gov.br/media/sapl/public/materialegislativa/2013/20269/20269_texto_integral.odt", "ementa": "Requer a indica\u00e7\u00e3o do Vereador Enfermeiro  Vilmar para participar do curso de Capacita\u00e7\u00e3o de Vereadores, a realizar-se nos dias 05, 06, 07, 08 e 09 de mar\u00e7o de 2013, em Bras\u00edlia, Distrito Federal."}, {"id": 20270, "ano": 2013, "numero": 116, "tipo__sigla": "REQ", "tipo__descricao": "Requerimento", "autoria__autor__nome": "Professor Issur Koch", "texto_original": "https://sapl.camaranh.rs.gov.br/media/", "ementa": "Requer Voto de Congratula\u00e7\u00f5es ao Cel. Carlos Magno Schwantz por sua promo\u00e7\u00e3o \u00e0 fun\u00e7\u00e3o de Assessor Militar do Minist\u00e9rio P\u00fablico do Rio Grande do Sul."}, {"id": 20273, "ano": 2013, "numero": 117, "tipo__sigla": "REQ", "tipo__descricao": "Requerimento", "autoria__autor__nome": "Cristiano Coller", "texto_original": "https://sapl.camaranh.rs.gov.br/media/sapl/public/materialegislativa/2013/20273/20273_texto_integral.odt", "ementa": "Requer Voto de Congratula\u00e7\u00f5es pelo Dia do Rep\u00f3rter."}, {"id": 20274, "ano": 2013, "numero": 118, "tipo__sigla": "REQ", "tipo__descricao": "Requerimento", "autoria__autor__nome": "Raul Cassel", "texto_original": "https://sapl.camaranh.rs.gov.br/media/sapl/public/materialegislativa/2013/20274/20274_texto_integral.odt", "ementa": "Requer Voto de Congratula\u00e7\u00f5es \u00e0 nova Diretoria da Sociedade Gin\u00e1stica de Hamburgo Velho (SGHV)."}, {"id": 20277, "ano": 2013, "numero": 119, "tipo__sigla": "REQ", "tipo__descricao": "Requerimento", "autoria__autor__nome": "Felipe Kuhn Braun", "texto_original": "https://sapl.camaranh.rs.gov.br/media/sapl/public/materialegislativa/2013/20277/20277_texto_integral.odt", "ementa": "Requer licen\u00e7a da verean\u00e7a por 3 (tr\u00eas) dias, a partir de 19 de fevereiro, conforme atestado m\u00e9dico em anexo."}, {"id": 20278, "ano": 2013, "numero": 120, "tipo__sigla": "REQ", "tipo__descricao": "Requerimento", "autoria__autor__nome": "Fufa Azevedo\r\nJorgeTatsch\r\nProfessor Issur Koch\r\nRaul Cassel", "texto_original": "https://sapl.camaranh.rs.gov.br/media/sapl/public/materialegislativa/2013/20278/20278_texto_integral.odt", "ementa": "Requer Voto de Congratula\u00e7\u00f5es ao Grupo Sinos, pela comemora\u00e7\u00e3o de seus 55 anos de atividades."}, {"id": 20279, "ano": 2013, "numero": 121, "tipo__sigla": "REQ", "tipo__descricao": "Requerimento", "autoria__autor__nome": "Gerson Peteffi\r\nRaul Cassel", "texto_original": "https://sapl.camaranh.rs.gov.br/media/sapl/public/materialegislativa/2013/20279/20279_texto_integral.odt", "ementa": "Requer Voto de Congratula\u00e7\u00f5es \u00e0 nova Diretoria da AMVRS."}, {"id": 20280, "ano": 2013, "numero": 122, "tipo__sigla": "REQ", "tipo__descricao": "Requerimento", "autoria__autor__nome": "Raul Cassel", "texto_original": "https://sapl.camaranh.rs.gov.br/media/sapl/public/materialegislativa/2013/20280/20280_texto_integral.odt", "ementa": "Requer Voto de Congratula\u00e7\u00f5es aos psic\u00f3logos senhores Marina e Renato Caminha, pela solidariedade prestada \u00e0s fam\u00edlias de Santa Maria."}, {"id": 20281, "ano": 2013, "numero": 123, "tipo__sigla": "REQ", "tipo__descricao": "Requerimento", "autoria__autor__nome": "Raul Cassel", "texto_original": "https://sapl.camaranh.rs.gov.br/media/sapl/public/materialegislativa/2013/20281/20281_texto_integral.odt", "ementa": "Requer Voto de Pesar pelo falecimento do senhor Jorge Guido Kern."}, {"id": 20282, "ano": 2013, "numero": 124, "tipo__sigla": "REQ", "tipo__descricao": "Requerimento", "autoria__autor__nome": "Professor Issur Koch", "texto_original": "https://sapl.camaranh.rs.gov.br/media/sapl/public/materialegislativa/2013/20282/20282_texto_integral.odt", "ementa": "Requer que parte do expediente da Sess\u00e3o Ordin\u00e1ria de 19 de mar\u00e7o seja em homenagem ao Rio dos Sinos."}, {"id": 20283, "ano": 2013, "numero": 125, "tipo__sigla": "REQ", "tipo__descricao": "Requerimento", "autoria__autor__nome": "Patr\u00edcia Beck\r\nRoger Corr\u00eaa", "texto_original": "https://sapl.camaranh.rs.gov.br/media/sapl/public/materialegislativa/2013/20283/20283_texto_integral.odt", "ementa": "Requer que seja convidada a Sra. F\u00e1tima Fraga, Coordenadora de Pol\u00edticas P\u00fablicas para as Mulheres, para comparecer \u00e0 Sess\u00e3o Ordin\u00e1ria de 5 de mar\u00e7o de 2013, a fim de falar sobre o evento \"V Semana da Mulher\", que realizar-se-\u00e1 de 8 a 15 de mar\u00e7o, bem como sobre as pol\u00edticas p\u00fablicas desenvolvidas pela CPMulher."}, {"id": 20284, "ano": 2013, "numero": 126, "tipo__sigla": "REQ", "tipo__descricao": "Requerimento", "autoria__autor__nome": "Sergio Hanich", "texto_original": "https://sapl.camaranh.rs.gov.br/media/", "ementa": "Requer a indica\u00e7\u00e3o do Vereador Sergio Hanich  para participar do curso de Capacita\u00e7\u00e3o de Vereadores, a realizar-se nos dias 5, 6, 7, 8 e 9 de mar\u00e7o de 2013, em Bras\u00edlia, Distrito Federal."}, {"id": 20294, "ano": 2013, "numero": 127, "tipo__sigla": "REQ", "tipo__descricao": "Requerimento", "autoria__autor__nome": "Raul Cassel", "texto_original": "https://sapl.camaranh.rs.gov.br/media/sapl/public/materialegislativa/2013/20294/20294_texto_integral.odt", "ementa": "Solicita informa\u00e7\u00f5es a respeito da compra de material realizada pelo Hospital Municipal/NH."}, {"id": 20295, "ano": 2013, "numero": 128, "tipo__sigla": "REQ", "tipo__descricao": "Requerimento", "autoria__autor__nome": "Inspetor Luz", "texto_original": "https://sapl.camaranh.rs.gov.br/media/sapl/public/materialegislativa/2013/20295/20295_texto_integral.odt", "ementa": "Requer Voto de Pesar pelo falecimento da Sra. Isabel Cristina Gr\u00fcnwalder Paim."}, {"id": 20297, "ano": 2013, "numero": 129, "tipo__sigla": "REQ", "tipo__descricao": "Requerimento", "autoria__autor__nome": "Inspetor Luz", "texto_original": "https://sapl.camaranh.rs.gov.br/media/sapl/public/materialegislativa/2013/20297/20297_texto_integral.odt", "ementa": "Requer Voto de Congratula\u00e7\u00f5es \u00e0 empresa  Integra Arquitetura Ltda., pela passagem de seus 5 anos de funda\u00e7\u00e3o."}, {"id": 20298, "ano": 2013, "numero": 130, "tipo__sigla": "REQ", "tipo__descricao": "Requerimento", "autoria__autor__nome": "Inspetor Luz", "texto_original": "https://sapl.camaranh.rs.gov.br/media/sapl/public/materialegislativa/2013/20298/20298_texto_integral.odt", "ementa": "Requer Voto de Congratula\u00e7\u00f5es ao escrit\u00f3rio de advocacia Schmitt & Faller pela passagem de seus 15 anos de funda\u00e7\u00e3o."}, {"id": 20299, "ano": 2013, "numero": 131, "tipo__sigla": "REQ", "tipo__descricao": "Requerimento", "autoria__autor__nome": "Inspetor Luz", "texto_original": "https://sapl.camaranh.rs.gov.br/media/sapl/public/materialegislativa/2013/20299/20299_texto_integral.odt", "ementa": "Requer Voto de Congratula\u00e7\u00f5es \u00e0 Side Comercial pela passagem de seus 5 anos de funda\u00e7\u00e3o."}, {"id": 20300, "ano": 2013, "numero": 132, "tipo__sigla": "REQ", "tipo__descricao": "Requerimento", "autoria__autor__nome": "Inspetor Luz", "texto_original": "https://sapl.camaranh.rs.gov.br/media/sapl/public/materialegislativa/2013/20300/20300_texto_integral.odt", "ementa": "Requer Voto de Congratula\u00e7\u00f5es \u00e0 Molter & Associados pela passagem de seus 25 anos de funda\u00e7\u00e3o."}, {"id": 20301, "ano": 2013, "numero": 133, "tipo__sigla": "REQ", "tipo__descricao": "Requerimento", "autoria__autor__nome": "Inspetor Luz", "texto_original": "https://sapl.camaranh.rs.gov.br/media/sapl/public/materialegislativa/2013/20301/20301_texto_integral.odt", "ementa": "Requer Voto de Congratula\u00e7\u00f5es a empresa Daniel Componentes Met\u00e1licos e Pl\u00e1sticos pela passagem de seus 45 anos de funda\u00e7\u00e3o."}, {"id": 20302, "ano": 2013, "numero": 134, "tipo__sigla": "REQ", "tipo__descricao": "Requerimento", "autoria__autor__nome": "Gerson Peteffi\r\nInspetor Luz\r\nJorgeTatsch\r\nProfessor Issur Koch\r\nRicardo Ritter - Ica", "texto_original": "https://sapl.camaranh.rs.gov.br/media/sapl/public/materialegislativa/2013/20302/20302_texto_integral.odt", "ementa": "Requer Voto de Congratula\u00e7\u00f5es ao escrit\u00f3rio de advocacia Carlos Eduardo Scheid pela passagem de seus 10 anos de funda\u00e7\u00e3o."}, {"id": 20303, "ano": 2013, "numero": 135, "tipo__sigla": "REQ", "tipo__descricao": "Requerimento", "autoria__autor__nome": "Inspetor Luz", "texto_original": "https://sapl.camaranh.rs.gov.br/media/sapl/public/materialegislativa/2013/20303/20303_texto_integral.odt", "ementa": "Requer Voto de Congratula\u00e7\u00f5es a Imobili\u00e1ria Sinuelo pela passagem de seus 45 anos de funda\u00e7\u00e3o."}, {"id": 20304, "ano": 2013, "numero": 136, "tipo__sigla": "REQ", "tipo__descricao": "Requerimento", "autoria__autor__nome": "Professor Issur Koch", "texto_original": "https://sapl.camaranh.rs.gov.br/media/sapl/public/materialegislativa/2013/20304/20304_texto_integral.odt", "ementa": "Requer a indica\u00e7\u00e3o do Vereador Issur Koch, pela Bancada do PP, junto \u00e0 Frente Parlamentar em Defesa da Crian\u00e7a e do Adolescente de Novo Hamburgo."}, {"id": 20305, "ano": 2013, "numero": 137, "tipo__sigla": "REQ", "tipo__descricao": "Requerimento", "autoria__autor__nome": "Patr\u00edcia Beck", "texto_original": "https://sapl.camaranh.rs.gov.br/media/sapl/public/materialegislativa/2013/20305/20305_texto_integral.odt", "ementa": "Requer a indica\u00e7\u00e3o da Vereadora Patricia Beck, pela Bancada do PTB, junto \u00e0 Frente Parlamentar em Defesa da Instala\u00e7\u00e3o do  Batalh\u00e3o de Opera\u00e7\u00f5es Especiais - BOE."}, {"id": 20306, "ano": 2013, "numero": 138, "tipo__sigla": "REQ", "tipo__descricao": "Requerimento", "autoria__autor__nome": "Professor Issur Koch", "texto_original": "https://sapl.camaranh.rs.gov.br/media/sapl/public/materialegislativa/2013/20306/20306_texto_integral.odt", "ementa": "Requer a indica\u00e7\u00e3o do Vereador Issur Koch, pela Bancada do PP, junto \u00e0 Frente Parlamentar de Acompanhamento da Implanta\u00e7\u00e3o do Parque Industrial de Novo Hamburgo."}, {"id": 20307, "ano": 2013, "numero": 139, "tipo__sigla": "REQ", "tipo__descricao": "Requerimento", "autoria__autor__nome": "Patr\u00edcia Beck", "texto_original": "https://sapl.camaranh.rs.gov.br/media/sapl/public/materialegislativa/2013/20307/20307_texto_integral.odt", "ementa": "Requer a indica\u00e7\u00e3o da Vereadora Patricia Beck, pela Bancada do PTB, junto \u00e0 Frente Parlamentar visando a dinamizar a instala\u00e7\u00e3o do Hospital Regional."}, {"id": 20319, "ano": 2013, "numero": 140, "tipo__sigla": "REQ", "tipo__descricao": "Requerimento", "autoria__autor__nome": "Fufa Azevedo", "texto_original": "https://sapl.camaranh.rs.gov.br/media/sapl/public/materialegislativa/2013/20319/20319_texto_integral.odt", "ementa": "Requer Voto de Congratula\u00e7\u00f5es ao Sindicato dos Sapateiros de Novo Hamburgo pelo anivers\u00e1rio de oitenta anos de sua funda\u00e7\u00e3o."}, {"id": 20320, "ano": 2013, "numero": 141, "tipo__sigla": "REQ", "tipo__descricao": "Requerimento", "autoria__autor__nome": "Raul Cassel", "texto_original": "https://sapl.camaranh.rs.gov.br/media/sapl/public/materialegislativa/2013/20320/20320_texto_integral.odt", "ementa": "Requer informa\u00e7\u00f5es a respeito do Contrato n\u00ba 236/2011."}, {"id": 20322, "ano": 2013, "numero": 142, "tipo__sigla": "REQ", "tipo__descricao": "Requerimento", "autoria__autor__nome": "Raul Cassel", "texto_original": "https://sapl.camaranh.rs.gov.br/media/sapl/public/materialegislativa/2013/20322/20322_texto_integral.odt", "ementa": "Requer informa\u00e7\u00f5es a respeito do Req. n\u00ba 62211 SEG."}, {"id": 20323, "ano": 2013, "numero": 143, "tipo__sigla": "REQ", "tipo__descricao": "Requerimento", "autoria__autor__nome": "Patr\u00edcia Beck", "texto_original": "https://sapl.camaranh.rs.gov.br/media/sapl/public/materialegislativa/2013/20323/20323_texto_integral.odt", "ementa": "Requer a indica\u00e7\u00e3o da Vereadora Patricia Beck, pela Bancada do PTB, junto \u00e0 Frente Parlamentar em Defesa dos Direitos da Crian\u00e7a e do Adolescente."}, {"id": 20324, "ano": 2013, "numero": 144, "tipo__sigla": "REQ", "tipo__descricao": "Requerimento", "autoria__autor__nome": "Patr\u00edcia Beck", "texto_original": "https://sapl.camaranh.rs.gov.br/media/sapl/public/materialegislativa/2013/20324/20324_texto_integral.odt", "ementa": "Requer a indica\u00e7\u00e3o da Vereadora Patricia Beck, pela Bancada do PTB, para integrar a Frente Parlamentar de Acompanhamento da Implanta\u00e7\u00e3o do Parque Industrial de Novo Hamburgo."}, {"id": 20325, "ano": 2013, "numero": 145, "tipo__sigla": "REQ", "tipo__descricao": "Requerimento", "autoria__autor__nome": "Patr\u00edcia Beck", "texto_original": "https://sapl.camaranh.rs.gov.br/media/sapl/public/materialegislativa/2013/20325/20325_texto_integral.odt", "ementa": "Requer a indica\u00e7\u00e3o da Vereadora Patricia Beck, pela Bancada do PTB, junto \u00e0 Frente Parlamentar visando a dinamizar a instala\u00e7\u00e3o do Aeroporto Regional e da Mobilidade Urbana."}, {"id": 20326, "ano": 2013, "numero": 146, "tipo__sigla": "REQ", "tipo__descricao": "Requerimento", "autoria__autor__nome": "Patr\u00edcia Beck", "texto_original": "https://sapl.camaranh.rs.gov.br/media/sapl/public/materialegislativa/2013/20326/20326_texto_integral.odt", "ementa": "Requer a indica\u00e7\u00e3o da Vereadora Patricia Beck, pela Bancada do PTB, junto \u00e0 Frente Parlamentar de Acompanhamento das Obras e Saneamento."}, {"id": 20327, "ano": 2013, "numero": 147, "tipo__sigla": "REQ", "tipo__descricao": "Requerimento", "autoria__autor__nome": "Patr\u00edcia Beck", "texto_original": "https://sapl.camaranh.rs.gov.br/media/sapl/public/materialegislativa/2013/20327/20327_texto_integral.odt", "ementa": "Requer a indica\u00e7\u00e3o da Vereadora Patricia Beck, pela Bancada do PTB, junto \u00e0 Frente Parlamentar em Defesa do Setor Coureiro Cal\u00e7adista."}, {"id": 20328, "ano": 2013, "numero": 148, "tipo__sigla": "REQ", "tipo__descricao": "Requerimento", "autoria__autor__nome": "Patr\u00edcia Beck", "texto_original": "https://sapl.camaranh.rs.gov.br/media/sapl/public/materialegislativa/2013/20328/20328_texto_integral.odt", "ementa": "Requer Voto de Pesar pela passagem de 5 anos do falecimento da  Senhora L\u00edgia Goetz."}, {"id": 20329, "ano": 2013, "numero": 149, "tipo__sigla": "REQ", "tipo__descricao": "Requerimento", "autoria__autor__nome": "Professor Issur Koch", "texto_original": "https://sapl.camaranh.rs.gov.br/media/sapl/public/materialegislativa/2013/20329/20329_texto_integral.odt", "ementa": "Requer Voto de Congratula\u00e7\u00f5es ao Hospital Regina pelos 83 anos de exist\u00eancia."}, {"id": 20335, "ano": 2013, "numero": 150, "tipo__sigla": "REQ", "tipo__descricao": "Requerimento", "autoria__autor__nome": "Roger Corr\u00eaa", "texto_original": "https://sapl.camaranh.rs.gov.br/media/sapl/public/materialegislativa/2013/20335/20335_texto_integral.odt", "ementa": "Requer Voto de Congratula\u00e7\u00f5es \u00e0 Escola de Samba Imp\u00e9rio da S\u00e3o Jorge pela conquista do t\u00edtulo de Campe\u00e3 do Carnaval 2013."}, {"id": 20336, "ano": 2013, "numero": 151, "tipo__sigla": "REQ", "tipo__descricao": "Requerimento", "autoria__autor__nome": "Cristiano Coller\r\nGerson Peteffi\r\nInspetor Luz\r\nJorgeTatsch\r\nProfessor Issur Koch\r\nRaul Cassel\r\nSergio Hanich", "texto_original": "https://sapl.camaranh.rs.gov.br/media/sapl/public/materialegislativa/2013/20336/20336_texto_integral.odt", "ementa": "Requerem inclus\u00e3o na Ata da Sess\u00e3o Ordin\u00e1ria do dia 26 de fevereiro de 2013 do artigo \"Ofender mulheres n\u00e3o \u00e9 a melhor t\u00e1tica eleitoral para o PT\", do Jornalista Pol\u00edbio Braga, publicado em seu \"blog\" no dia 21 de fevereiro de 2013."}, {"id": 20337, "ano": 2013, "numero": 152, "tipo__sigla": "REQ", "tipo__descricao": "Requerimento", "autoria__autor__nome": "Cristiano Coller", "texto_original": "https://sapl.camaranh.rs.gov.br/media/sapl/public/materialegislativa/2013/20337/20337_texto_integral.odt", "ementa": "Solicita informa\u00e7\u00f5es sobre a reforma do telhado da F\u00e1brica do Saber."}, {"id": 20338, "ano": 2013, "numero": 153, "tipo__sigla": "REQ", "tipo__descricao": "Requerimento", "autoria__autor__nome": "Cristiano Coller", "texto_original": "https://sapl.camaranh.rs.gov.br/media/sapl/public/materialegislativa/2013/20338/20338_texto_integral.odt", "ementa": "Requer a indica\u00e7\u00e3o do Vereador Cristiano Coller para participar do curso de Gest\u00e3o P\u00fablica, a realizar-se nos dias 21 e 22 de mar\u00e7o de 2013, em Porto Alegre."}, {"id": 20339, "ano": 2013, "numero": 154, "tipo__sigla": "REQ", "tipo__descricao": "Requerimento", "autoria__autor__nome": "Cristiano Coller", "texto_original": "https://sapl.camaranh.rs.gov.br/media/sapl/public/materialegislativa/2013/20339/20339_texto_integral.odt", "ementa": "Solicita informa\u00e7\u00f5es sobre o andamento da reconstru\u00e7\u00e3o de duas salas de aula na Escola Municipal Presidente Nilo Pe\u00e7anha."}, {"id": 20350, "ano": 2013, "numero": 155, "tipo__sigla": "REQ", "tipo__descricao": "Requerimento", "autoria__autor__nome": "JorgeTatsch", "texto_original": "https://sapl.camaranh.rs.gov.br/media/sapl/public/materialegislativa/2013/20350/20350_texto_integral.odt", "ementa": "Requer Voto de Pesar pelo falecimento da senhora Ros\u00e2ngela Sperotto de Souza."}, {"id": 20355, "ano": 2013, "numero": 156, "tipo__sigla": "REQ", "tipo__descricao": "Requerimento", "autoria__autor__nome": "Cristiano Coller", "texto_original": "https://sapl.camaranh.rs.gov.br/media/sapl/public/materialegislativa/2013/20355/20355_texto_integral.odt", "ementa": "Requer a indica\u00e7\u00e3o do Vereador Cristiano Coller para participar do curso de Capacita\u00e7\u00e3o de Vereadores, a realizar-se nos dias 27 e 28 de mar\u00e7o de 2013, em  Porto Alegre - RS."}, {"id": 20366, "ano": 2013, "numero": 157, "tipo__sigla": "REQ", "tipo__descricao": "Requerimento", "autoria__autor__nome": "Raul Cassel", "texto_original": "https://sapl.camaranh.rs.gov.br/media/sapl/public/materialegislativa/2013/20366/20366_texto_integral.odt", "ementa": "Requer Voto de Congratula\u00e7\u00f5es \u00e0 R\u00e1dio ABC AM 900 pelos seus 65 anos de atividades."}, {"id": 20371, "ano": 2013, "numero": 158, "tipo__sigla": "REQ", "tipo__descricao": "Requerimento", "autoria__autor__nome": "Fufa Azevedo", "texto_original": "https://sapl.camaranh.rs.gov.br/media/sapl/public/materialegislativa/2013/20371/20371_texto_integral.odt", "ementa": "Requer realiza\u00e7\u00e3o de Sess\u00e3o Solene para homenagear o Grupo Pensando Novo Hamburgo pelo anivers\u00e1rio de dez anos de sua funda\u00e7\u00e3o."}, {"id": 20376, "ano": 2013, "numero": 159, "tipo__sigla": "REQ", "tipo__descricao": "Requerimento", "autoria__autor__nome": "Inspetor Luz", "texto_original": "https://sapl.camaranh.rs.gov.br/media/sapl/public/materialegislativa/2013/20376/20376_texto_integral.odt", "ementa": "Requer Voto de Congratula\u00e7\u00f5es \u00e0 Grafix Artes pela passagem de seus 9 anos de funda\u00e7\u00e3o."}, {"id": 20377, "ano": 2013, "numero": 160, "tipo__sigla": "REQ", "tipo__descricao": "Requerimento", "autoria__autor__nome": "Inspetor Luz", "texto_original": "https://sapl.camaranh.rs.gov.br/media/sapl/public/materialegislativa/2013/20377/20377_texto_integral.odt", "ementa": "Requer Voto de Congratula\u00e7\u00f5es \u00e0 empresa Lenhauto Pe\u00e7as e Servi\u00e7os Ldta. pela passagem de seus 23 anos de funda\u00e7\u00e3o."}, {"id": 20378, "ano": 2013, "numero": 161, "tipo__sigla": "REQ", "tipo__descricao": "Requerimento", "autoria__autor__nome": "Inspetor Luz", "texto_original": "https://sapl.camaranh.rs.gov.br/media/sapl/public/materialegislativa/2013/20378/20378_texto_integral.odt", "ementa": "Requer Voto de Congratula\u00e7\u00f5es \u00e0 empresa Liko Tintas Industriais pela passagem de seus 25 anos de funda\u00e7\u00e3o."}, {"id": 20379, "ano": 2013, "numero": 162, "tipo__sigla": "REQ", "tipo__descricao": "Requerimento", "autoria__autor__nome": "Inspetor Luz", "texto_original": "https://sapl.camaranh.rs.gov.br/media/sapl/public/materialegislativa/2013/20379/20379_texto_integral.odt", "ementa": "Requer a indica\u00e7\u00e3o do Vereador Inspetor Luz, pela Bancada do PMDB, junto \u00e0 Frente Parlamentar de Acompanhamento da Implanta\u00e7\u00e3o do Parque Industrial de Novo Hamburgo."}, {"id": 20381, "ano": 2013, "numero": 163, "tipo__sigla": "REQ", "tipo__descricao": "Requerimento", "autoria__autor__nome": "Ricardo Ritter - Ica", "texto_original": "https://sapl.camaranh.rs.gov.br/media/sapl/public/materialegislativa/2013/20381/20381_texto_integral.odt", "ementa": "Requer a designa\u00e7\u00e3o do Vereador Ricardo Ritter para representar a C\u00e2mara Municipal em uma reuni\u00e3o com o Procurador da Rep\u00fablica em Novo Hamburgo, Dr. Celso Tres e o Gerente da Caixa Econ\u00f4mica Federal, Sr. Carlos Roberto Verdi, no dia 7 de mar\u00e7o, para tratar de assuntos relativos \u00e0s obras de recupera\u00e7\u00e3o do PAR Rond\u00f4nia."}, {"id": 20382, "ano": 2013, "numero": 164, "tipo__sigla": "REQ", "tipo__descricao": "Requerimento", "autoria__autor__nome": "Patr\u00edcia Beck", "texto_original": "https://sapl.camaranh.rs.gov.br/media/sapl/public/materialegislativa/2013/20382/20382_texto_integral.odt", "ementa": "Prop\u00f5e a cria\u00e7\u00e3o de Comiss\u00e3o Especial denominada Frente Parlamentar visando o Fortalecimento das Mulheres Empreendedoras de Novo Hamburgo."}, {"id": 20384, "ano": 2013, "numero": 165, "tipo__sigla": "REQ", "tipo__descricao": "Requerimento", "autoria__autor__nome": "Raul Cassel", "texto_original": "https://sapl.camaranh.rs.gov.br/media/sapl/public/materialegislativa/2013/20384/20384_texto_integral.odt", "ementa": "Requer que Parte do Expediente da Sess\u00e3o Ordin\u00e1ria do dia 18 de abril de 2013, seja destinada para homenagear os 30 anos da ABICAL\u00c7ADOS."}, {"id": 20387, "ano": 2013, "numero": 166, "tipo__sigla": "REQ", "tipo__descricao": "Requerimento", "autoria__autor__nome": "Raul Cassel", "texto_original": "https://sapl.camaranh.rs.gov.br/media/sapl/public/materialegislativa/2013/20387/20387_texto_integral.odt", "ementa": "Requer Voto de Pesar pelo falecimento do senhor Romeu de Lima e Silva."}, {"id": 20397, "ano": 2013, "numero": 167, "tipo__sigla": "REQ", "tipo__descricao": "Requerimento", "autoria__autor__nome": "Inspetor Luz", "texto_original": "https://sapl.camaranh.rs.gov.br/media/sapl/public/materialegislativa/2013/20397/20397_texto_integral.odt", "ementa": "Requer Voto de Congratula\u00e7\u00f5es \u00e0 empresa Grafobras pela passagem de seus 35 anos de funda\u00e7\u00e3o."}, {"id": 20399, "ano": 2013, "numero": 168, "tipo__sigla": "REQ", "tipo__descricao": "Requerimento", "autoria__autor__nome": "Inspetor Luz", "texto_original": "https://sapl.camaranh.rs.gov.br/media/sapl/public/materialegislativa/2013/20399/20399_texto_integral.odt", "ementa": "Requer Voto de Congratula\u00e7\u00f5es ao Restaurante e Rodapizza Girassol pela passagem de seus 5 anos de funda\u00e7\u00e3o."}, {"id": 20402, "ano": 2013, "numero": 169, "tipo__sigla": "REQ", "tipo__descricao": "Requerimento", "autoria__autor__nome": "Inspetor Luz", "texto_original": "https://sapl.camaranh.rs.gov.br/media/sapl/public/materialegislativa/2013/20402/20402_texto_integral.odt", "ementa": "Requer Voto de Congratula\u00e7\u00f5es a empresa Pontintas pela passagem de seus 35 anos de funda\u00e7\u00e3o."}, {"id": 20403, "ano": 2013, "numero": 170, "tipo__sigla": "REQ", "tipo__descricao": "Requerimento", "autoria__autor__nome": "Inspetor Luz", "texto_original": "https://sapl.camaranh.rs.gov.br/media/sapl/public/materialegislativa/2013/20403/20403_texto_integral.odt", "ementa": "Requer Voto de Congratula\u00e7\u00f5es \u00e0 Mec\u00e2nica KR pela passagem de seus 25 anos de funda\u00e7\u00e3o."}, {"id": 20404, "ano": 2013, "numero": 171, "tipo__sigla": "REQ", "tipo__descricao": "Requerimento", "autoria__autor__nome": "Inspetor Luz", "texto_original": "https://sapl.camaranh.rs.gov.br/media/sapl/public/materialegislativa/2013/20404/20404_texto_integral.odt", "ementa": "Requer Voto de Congratula\u00e7\u00f5es ao escrit\u00f3rio de Clair Maria Rauber pela passagem de seus 15 anos de funda\u00e7\u00e3o."}, {"id": 20405, "ano": 2013, "numero": 172, "tipo__sigla": "REQ", "tipo__descricao": "Requerimento", "autoria__autor__nome": "Inspetor Luz", "texto_original": "https://sapl.camaranh.rs.gov.br/media/sapl/public/materialegislativa/2013/20405/20405_texto_integral.odt", "ementa": "Requer Voto de Congratula\u00e7\u00f5es a empresa Ativa Multicanal pela passagem de seus 5 anos de funda\u00e7\u00e3o."}, {"id": 20406, "ano": 2013, "numero": 173, "tipo__sigla": "REQ", "tipo__descricao": "Requerimento", "autoria__autor__nome": "Inspetor Luz", "texto_original": "https://sapl.camaranh.rs.gov.br/media/sapl/public/materialegislativa/2013/20406/20406_texto_integral.odt", "ementa": "Requer Voto de Congratula\u00e7\u00f5es a empresa Moutinho Madeiras pela passagem de seus 10 anos de funda\u00e7\u00e3o."}, {"id": 20407, "ano": 2013, "numero": 174, "tipo__sigla": "REQ", "tipo__descricao": "Requerimento", "autoria__autor__nome": "Inspetor Luz", "texto_original": "https://sapl.camaranh.rs.gov.br/media/sapl/public/materialegislativa/2013/20407/20407_texto_integral.odt", "ementa": "Requer Voto de Congratula\u00e7\u00f5es a empresa Polyu pela passagem de seus 16 anos de funda\u00e7\u00e3o."}, {"id": 20408, "ano": 2013, "numero": 175, "tipo__sigla": "REQ", "tipo__descricao": "Requerimento", "autoria__autor__nome": "Inspetor Luz", "texto_original": "https://sapl.camaranh.rs.gov.br/media/sapl/public/materialegislativa/2013/20408/20408_texto_integral.odt", "ementa": "Requer Voto de Congratula\u00e7\u00f5es a empresa Weber do Brasil pela passagem de seus 20 anos de funda\u00e7\u00e3o."}, {"id": 20413, "ano": 2013, "numero": 176, "tipo__sigla": "REQ", "tipo__descricao": "Requerimento", "autoria__autor__nome": "Inspetor Luz", "texto_original": "https://sapl.camaranh.rs.gov.br/media/sapl/public/materialegislativa/2013/20413/20413_texto_integral.odt", "ementa": "Requer Voto de Congratula\u00e7\u00f5es a empresa Dataplus Processamento de Dados pela passagem de seus 7 anos de funda\u00e7\u00e3o."}, {"id": 20418, "ano": 2013, "numero": 177, "tipo__sigla": "REQ", "tipo__descricao": "Requerimento", "autoria__autor__nome": "Inspetor Luz", "texto_original": "https://sapl.camaranh.rs.gov.br/media/sapl/public/materialegislativa/2013/20418/20418_texto_integral.odt", "ementa": "Requer Voto de Congratula\u00e7\u00f5es a empresa Deferrari Inform\u00e1tica Ltda. pela passagem de seus 20 anos de funda\u00e7\u00e3o."}, {"id": 20422, "ano": 2013, "numero": 178, "tipo__sigla": "REQ", "tipo__descricao": "Requerimento", "autoria__autor__nome": "Inspetor Luz", "texto_original": "https://sapl.camaranh.rs.gov.br/media/sapl/public/materialegislativa/2013/20422/20422_texto_integral.odt", "ementa": "Requer Voto de Congratula\u00e7\u00f5es a empresa Fenix Laser pela passagem de seus 5 anos de funda\u00e7\u00e3o."}, {"id": 20427, "ano": 2013, "numero": 179, "tipo__sigla": "REQ", "tipo__descricao": "Requerimento", "autoria__autor__nome": "Inspetor Luz", "texto_original": "https://sapl.camaranh.rs.gov.br/media/sapl/public/materialegislativa/2013/20427/20427_texto_integral.odt", "ementa": "Requer Voto de Congratula\u00e7\u00f5es a empresa DMS Service pela passagem de seus 5 anos de funda\u00e7\u00e3o."}, {"id": 20428, "ano": 2013, "numero": 180, "tipo__sigla": "REQ", "tipo__descricao": "Requerimento", "autoria__autor__nome": "Inspetor Luz", "texto_original": "https://sapl.camaranh.rs.gov.br/media/sapl/public/materialegislativa/2013/20428/20428_texto_integral.odt", "ementa": "Requer informa\u00e7\u00f5es a respeito dos nascimentos e dos \u00f3bitos ocorridos com rec\u00e9m-nascidos ao longo do ano de 2012, dentro das instala\u00e7\u00f5es do Hospital Municipal."}, {"id": 20436, "ano": 2013, "numero": 181, "tipo__sigla": "REQ", "tipo__descricao": "Requerimento", "autoria__autor__nome": "C\u00e2mara Municipal", "texto_original": "https://sapl.camaranh.rs.gov.br/media/sapl/public/materialegislativa/2013/20436/20436_texto_integral.odt", "ementa": "Requer urg\u00eancia e inclus\u00e3o do Projeto de Lei n\u00ba 14/2013, de autoria do Executivo, que \"altera e acrescenta os dispositivos que menciona na Lei Municipal n\u00ba 2.400/2011, cria a Secretaria Municipal de Esporte e Lazer, e d\u00e1 outras provid\u00eancias\", na Ordem do Dia das Sess\u00f5es Ordin\u00e1rias de 7 e 12 de mar\u00e7o de 2013, para ser apreciado em primeira e segunda vota\u00e7\u00f5es, respectivamente, conforme facultado pelo \u00a7 8\u00ba do art. 150 do Regimento Interno."}, {"id": 20437, "ano": 2013, "numero": 182, "tipo__sigla": "REQ", "tipo__descricao": "Requerimento", "autoria__autor__nome": "C\u00e2mara Municipal", "texto_original": "https://sapl.camaranh.rs.gov.br/media/sapl/public/materialegislativa/2013/20437/20437_texto_integral.odt", "ementa": "Requer urg\u00eancia e inclus\u00e3o do Projeto de Lei n\u00ba 15/2013, de autoria do Executivo, que \"altera e insere os dispositivos que menciona nos Anexos C e II, da Lei Municipal n\u00ba 2.401, de 30 de dezembro de 2011 e d\u00e1 outras provid\u00eancias\", na Ordem do Dia das Sess\u00f5es Ordin\u00e1rias de 7 e 12 de mar\u00e7o de 2013, para ser apreciado em primeira e segunda vota\u00e7\u00f5es, respectivamente, conforme facultado pelo \u00a7 8\u00ba do art. 150 do Regimento Interno."}, {"id": 20438, "ano": 2013, "numero": 183, "tipo__sigla": "REQ", "tipo__descricao": "Requerimento", "autoria__autor__nome": "Cristiano Coller\r\nFufa Azevedo\r\nRicardo Ritter - Ica", "texto_original": "https://sapl.camaranh.rs.gov.br/media/sapl/public/materialegislativa/2013/20438/20438_texto_integral.odt", "ementa": "Requer urg\u00eancia e inclus\u00e3o do Projeto de Lei n\u00ba 16/2013, de autoria do Executivo, que \"cria o Fundo Municipal de Esporte e Lazer - FMEL, e d\u00e1 outras provid\u00eancias\", na Ordem do Dia das Sess\u00f5es Ordin\u00e1rias de 7 e 12 de mar\u00e7o de 2013, para ser apreciado em primeira e segunda vota\u00e7\u00f5es, respectivamente, conforme facultado pelo \u00a7 8\u00ba do art. 150 do Regimento Interno."}, {"id": 20439, "ano": 2013, "numero": 184, "tipo__sigla": "REQ", "tipo__descricao": "Requerimento", "autoria__autor__nome": "Cristiano Coller\r\nFufa Azevedo\r\nRicardo Ritter - Ica", "texto_original": "https://sapl.camaranh.rs.gov.br/media/sapl/public/materialegislativa/2013/20439/20439_texto_integral.odt", "ementa": "Requer urg\u00eancia e inclus\u00e3o do Projeto de Lei n\u00ba 17/2013, de autoria do Executivo, que \"institui o Programa Municipal de apoio e Promo\u00e7\u00e3o do Esporte - PROESPORTE, o Protocolo de Incentivo Fiscal ao Esporte de Novo Hamburgo e o Selo de Certifica\u00e7\u00e3o Compromisso com o Esporte - Prefeitura de Novo Hamburgo\", na Ordem do Dia das Sess\u00f5es Ordin\u00e1rias de 28 de 7 e 12 de mar\u00e7o de 2013, para ser apreciado em primeira e segunda vota\u00e7\u00f5es, respectivamente, conforme facultado pelo \u00a7 8\u00ba do art. 150 do Regimento Interno."}, {"id": 20440, "ano": 2013, "numero": 185, "tipo__sigla": "REQ", "tipo__descricao": "Requerimento", "autoria__autor__nome": "Roger Corr\u00eaa", "texto_original": "https://sapl.camaranh.rs.gov.br/media/sapl/public/materialegislativa/2013/20440/20440_texto_integral.odt", "ementa": "Requer a cria\u00e7\u00e3o de uma Comiss\u00e3o Especial na C\u00e2mara Municipal de Vereadores denominada \"FRENTE PARLAMENTAR DE PROMO\u00c7\u00c3O DOS DIREITOS DA JUVENTUDE\"."}, {"id": 20441, "ano": 2013, "numero": 186, "tipo__sigla": "REQ", "tipo__descricao": "Requerimento", "autoria__autor__nome": "Roger Corr\u00eaa", "texto_original": "https://sapl.camaranh.rs.gov.br/media/sapl/public/materialegislativa/2013/20441/20441_texto_integral.odt", "ementa": "Requer que seja convidado o Sr. Eliandro Cantini, Coordenador de Pol\u00edticas P\u00fablicas para a Juventude para comparecer \u00e0 Sess\u00e3o Ordin\u00e1ria de 12 de mar\u00e7o de 2013, a fim de falar sobre as pol\u00edticas p\u00fablicas desenvolvidas pela CPJuventude."}, {"id": 20442, "ano": 2013, "numero": 187, "tipo__sigla": "REQ", "tipo__descricao": "Requerimento", "autoria__autor__nome": "Roger Corr\u00eaa", "texto_original": "https://sapl.camaranh.rs.gov.br/media/sapl/public/materialegislativa/2013/20442/20442_texto_integral.odt", "ementa": "Requer que seja convidada a Srta. Tatiane Salazar, Presidente da UENH- Uni\u00e3o dos Estudantes de Novo Hamburgo para comparecer \u00e0 Sess\u00e3o Ordin\u00e1ria de 14 de mar\u00e7o de 2013, a fim de falar sobre o anivers\u00e1rio de 65 anos da entidade, comemorado nesta data."}, {"id": 20443, "ano": 2013, "numero": 188, "tipo__sigla": "REQ", "tipo__descricao": "Requerimento", "autoria__autor__nome": "Professor Issur Koch", "texto_original": "https://sapl.camaranh.rs.gov.br/media/sapl/public/materialegislativa/2013/20443/20443_texto_integral.odt", "ementa": "Requer Voto de Congratula\u00e7\u00f5es a Luiz Rangel Jaeger, Miria Brasil da Silva, Juliano Machado, Geovani Rafaele Cavalheiro e Dan\u00fabio Brinhol Carrion pelo ato de grandeza em salvar uma vida."}, {"id": 20456, "ano": 2013, "numero": 189, "tipo__sigla": "REQ", "tipo__descricao": "Requerimento", "autoria__autor__nome": "Professor Issur Koch\r\nRaul Cassel", "texto_original": "https://sapl.camaranh.rs.gov.br/media/sapl/public/materialegislativa/2013/20456/20456_texto_integral.odt", "ementa": "Requerem Voto de Congratula\u00e7\u00f5es \u00e0 EMEF S\u00e3o Jac\u00f3."}, {"id": 20459, "ano": 2013, "numero": 190, "tipo__sigla": "REQ", "tipo__descricao": "Requerimento", "autoria__autor__nome": "Raul Cassel", "texto_original": "https://sapl.camaranh.rs.gov.br/media/sapl/public/materialegislativa/2013/20459/20459_texto_integral.odt", "ementa": "Requer Voto de Pesar pelo falecimento da Senhora Gladis Zimmermann."}, {"id": 20470, "ano": 2013, "numero": 191, "tipo__sigla": "REQ", "tipo__descricao": "Requerimento", "autoria__autor__nome": "Professor Issur Koch", "texto_original": "https://sapl.camaranh.rs.gov.br/media/sapl/public/materialegislativa/2013/20470/20470_texto_integral.odt", "ementa": "Requer Voto de Congratula\u00e7\u00f5es \u00e0 R\u00e1dio Uni\u00e3o pela passagem dos 33 anos de atividades."}, {"id": 20473, "ano": 2013, "numero": 192, "tipo__sigla": "REQ", "tipo__descricao": "Requerimento", "autoria__autor__nome": "Cristiano Coller", "texto_original": "https://sapl.camaranh.rs.gov.br/media/sapl/public/materialegislativa/2013/20473/20473_texto_integral.odt", "ementa": "Requer Voto de Congratula\u00e7\u00f5es \u00e0 Escola de Ensino Fundamental S\u00e3o Jo\u00e3o, pelos 74 anos de funda\u00e7\u00e3o."}, {"id": 20474, "ano": 2013, "numero": 193, "tipo__sigla": "REQ", "tipo__descricao": "Requerimento", "autoria__autor__nome": "Professor Issur Koch", "texto_original": "https://sapl.camaranh.rs.gov.br/media/sapl/public/materialegislativa/2013/20474/20474_texto_integral.odt", "ementa": "Requer Voto de Congratula\u00e7\u00f5es \u00e0  Empresas de Trens Urbanos de Porto alegre S.A. - TRENSURB - pela passagem dos seus 28 anos de exist\u00eancia."}, {"id": 20480, "ano": 2013, "numero": 194, "tipo__sigla": "REQ", "tipo__descricao": "Requerimento", "autoria__autor__nome": "Cristiano Coller\r\nFufa Azevedo\r\nGerson Peteffi\r\nInspetor Luz\r\nJorgeTatsch\r\nLuiz Fernando Farias\r\nNaasom Luciano\r\nPatr\u00edcia Beck\r\nProfessor Issur Koch\r\nRaul Cassel\r\nRicardo Ritter - Ica\r\nRoger Corr\u00eaa", "texto_original": "https://sapl.camaranh.rs.gov.br/media/sapl/public/materialegislativa/2013/20480/20480_texto_integral.odt", "ementa": "Requer Voto de Congratula\u00e7\u00f5es ao Jornal Canudos  pelo anivers\u00e1rio de seis anos de sua funda\u00e7\u00e3o."}, {"id": 20498, "ano": 2013, "numero": 195, "tipo__sigla": "REQ", "tipo__descricao": "Requerimento", "autoria__autor__nome": "Fufa Azevedo", "texto_original": "https://sapl.camaranh.rs.gov.br/media/sapl/public/materialegislativa/2013/20498/20498_texto_integral.odt", "ementa": "Requer a indica\u00e7\u00e3o do Vereador Fufa Azevedo, pela Bancada do PT, junto \u00e0 Frente Parlamentar de Promo\u00e7\u00e3o dos Direitos da Juventude."}, {"id": 20502, "ano": 2013, "numero": 196, "tipo__sigla": "REQ", "tipo__descricao": "Requerimento", "autoria__autor__nome": "Fufa Azevedo", "texto_original": "https://sapl.camaranh.rs.gov.br/media/sapl/public/materialegislativa/2013/20502/20502_texto_integral.odt", "ementa": "Requer a indica\u00e7\u00e3o do Vereador Fufa Azevedo, pela Bancada do PT, junto \u00e0 Frente Parlamentar dos homens pelo fim da viol\u00eancia contra as mulheres."}, {"id": 20503, "ano": 2013, "numero": 197, "tipo__sigla": "REQ", "tipo__descricao": "Requerimento", "autoria__autor__nome": "Professor Issur Koch\r\nRaul Cassel", "texto_original": "https://sapl.camaranh.rs.gov.br/media/sapl/public/materialegislativa/2013/20503/20503_texto_integral.odt", "ementa": "Requerem que sejam convidados os senhores Leonardo Hoff/Diretor da Trensurb e Danilo Oliveira da Silva/Secret\u00e1rio Municipal de Seguran\u00e7a e Mobilidade Urbana, para comparecer \u00e0 Sess\u00e3o Ordin\u00e1ria de 21 de mar\u00e7o de 2013, a fim de falar sobre as obras do trem no munic\u00edpio de Novo Hamburgo."}, {"id": 20504, "ano": 2013, "numero": 198, "tipo__sigla": "REQ", "tipo__descricao": "Requerimento", "autoria__autor__nome": "Fufa Azevedo", "texto_original": "https://sapl.camaranh.rs.gov.br/media/sapl/public/materialegislativa/2013/20504/20504_texto_integral.odt", "ementa": "Requer a indica\u00e7\u00e3o do Vereador Fufa Azevedo, pela Bancada do PT, junto \u00e0 Frente Parlamentar visando o Fortalecimento das Mulheres Empreendedoras de Novo Hamburgo."}, {"id": 20505, "ano": 2013, "numero": 199, "tipo__sigla": "REQ", "tipo__descricao": "Requerimento", "autoria__autor__nome": "Fufa Azevedo", "texto_original": "https://sapl.camaranh.rs.gov.br/media/sapl/public/materialegislativa/2013/20505/20505_texto_integral.odt", "ementa": "Requer a indica\u00e7\u00e3o do Vereador Fufa Azevedo, pela Bancada do PT, como presidente da Frente Parlamentar em Defesa da Instala\u00e7\u00e3o do Batalh\u00e3o de Opera\u00e7\u00f5es Especiais - BOE."}, {"id": 20506, "ano": 2013, "numero": 200, "tipo__sigla": "REQ", "tipo__descricao": "Requerimento", "autoria__autor__nome": "Raul Cassel", "texto_original": "https://sapl.camaranh.rs.gov.br/media/sapl/public/materialegislativa/2013/20506/20506_texto_integral.odt", "ementa": "Requer Voto de Congratula\u00e7\u00f5es \u00e0 Sociedade Gin\u00e1stica de Novo Hamburgo - SGNH, pelo lan\u00e7amento do Projeto \"Nata\u00e7\u00e3o Mais Vida\"."}, {"id": 20512, "ano": 2013, "numero": 201, "tipo__sigla": "REQ", "tipo__descricao": "Requerimento", "autoria__autor__nome": "Gerson Peteffi", "texto_original": "https://sapl.camaranh.rs.gov.br/media/sapl/public/materialegislativa/2013/20512/20512_texto_integral.odt", "ementa": "Requer Voto de Pesar pelo falecimento da Sr\u00aa. Antonina Feliciana Borges."}, {"id": 20515, "ano": 2013, "numero": 202, "tipo__sigla": "REQ", "tipo__descricao": "Requerimento", "autoria__autor__nome": "Cristiano Coller", "texto_original": "https://sapl.camaranh.rs.gov.br/media/sapl/public/materialegislativa/2013/20515/20515_texto_integral.odt", "ementa": "Requer Voto de Congratula\u00e7\u00f5es \u00e0 Escola Municipal de Ensino Fundamental Castro Alves, pelos 66 anos de funda\u00e7\u00e3o."}, {"id": 20519, "ano": 2013, "numero": 203, "tipo__sigla": "REQ", "tipo__descricao": "Requerimento", "autoria__autor__nome": "Cristiano Coller\r\nRicardo Ritter - Ica", "texto_original": "https://sapl.camaranh.rs.gov.br/media/sapl/public/materialegislativa/2013/20519/20519_texto_integral.odt", "ementa": "Requerem que parte do expediente da Sess\u00e3o Ordin\u00e1ria de 28 de mar\u00e7o de 2013 seja em homenagem aos 35 anos de funda\u00e7\u00e3o da Associa\u00e7\u00e3o Atl\u00e9tico Canto Rio."}, {"id": 20520, "ano": 2013, "numero": 204, "tipo__sigla": "REQ", "tipo__descricao": "Requerimento", "autoria__autor__nome": "Professor Issur Koch", "texto_original": "https://sapl.camaranh.rs.gov.br/media/sapl/public/materialegislativa/2013/20520/20520_texto_integral.odt", "ementa": "Requer Voto de Congratula\u00e7\u00f5es \u00e0  Revista Destaque pela passagem dos seus 31 anos de exist\u00eancia."}, {"id": 20529, "ano": 2013, "numero": 205, "tipo__sigla": "REQ", "tipo__descricao": "Requerimento", "autoria__autor__nome": "Raul Cassel", "texto_original": "https://sapl.camaranh.rs.gov.br/media/sapl/public/materialegislativa/2013/20529/20529_texto_integral.odt", "ementa": "Requer Voto de Pesar pelo falecimento do Sr. Vilson Heineck Beltr\u00e3o."}, {"id": 20530, "ano": 2013, "numero": 206, "tipo__sigla": "REQ", "tipo__descricao": "Requerimento", "autoria__autor__nome": "Cristiano Coller\r\nRicardo Ritter - Ica", "texto_original": "https://sapl.camaranh.rs.gov.br/media/sapl/public/materialegislativa/2013/20530/20530_texto_integral.odt", "ementa": "Requer Voto de Congratula\u00e7\u00f5es ao time Qualiterme F.C., de Novo Hamburgo, pela conquista do campeonato Bolamar 2013, realizado na praia de Tramanda\u00ed, no m\u00eas de fevereiro."}, {"id": 20535, "ano": 2013, "numero": 207, "tipo__sigla": "REQ", "tipo__descricao": "Requerimento", "autoria__autor__nome": "Raul Cassel", "texto_original": "https://sapl.camaranh.rs.gov.br/media/sapl/public/materialegislativa/2013/20535/20535_texto_integral.odt", "ementa": "Requer Voto de Congratula\u00e7\u00f5es \u00e0 Unimed Vale dos Sinos pela inaugura\u00e7\u00e3o do novo Hospital Dia e Pronto Atendimento de S\u00e3o Leopoldo."}, {"id": 20540, "ano": 2013, "numero": 208, "tipo__sigla": "REQ", "tipo__descricao": "Requerimento", "autoria__autor__nome": "Cristiano Coller", "texto_original": "https://sapl.camaranh.rs.gov.br/media/sapl/public/materialegislativa/2013/20540/20540_texto_integral.odt", "ementa": "Requer Voto de Congratula\u00e7\u00f5es \u00e0 Associa\u00e7\u00e3o Atl\u00e9tica Canto do Rio, pelos 35 anos de funda\u00e7\u00e3o."}, {"id": 20543, "ano": 2013, "numero": 209, "tipo__sigla": "REQ", "tipo__descricao": "Requerimento", "autoria__autor__nome": "Cristiano Coller", "texto_original": "https://sapl.camaranh.rs.gov.br/media/sapl/public/materialegislativa/2013/20543/20543_texto_integral.odt", "ementa": "Requer Voto de Congratula\u00e7\u00f5es \u00e0 Escola Municipal Monteiro Lobato, pelo seu anivers\u00e1rio."}, {"id": 20545, "ano": 2013, "numero": 210, "tipo__sigla": "REQ", "tipo__descricao": "Requerimento", "autoria__autor__nome": "Cristiano Coller", "texto_original": "https://sapl.camaranh.rs.gov.br/media/sapl/public/materialegislativa/2013/20545/20545_texto_integral.odt", "ementa": "Requer Voto de Congratula\u00e7\u00f5es \u00e0 Escola Municipal de Educa\u00e7\u00e3o Infantil Arca de No\u00e9, pelos 5 anos de funda\u00e7\u00e3o."}, {"id": 20548, "ano": 2013, "numero": 211, "tipo__sigla": "REQ", "tipo__descricao": "Requerimento", "autoria__autor__nome": "Cristiano Coller", "texto_original": "https://sapl.camaranh.rs.gov.br/media/sapl/public/materialegislativa/2013/20548/20548_texto_integral.odt", "ementa": "Requer Voto de Congratula\u00e7\u00f5es \u00e0 Escola Municipal de Educa\u00e7\u00e3o Infantil Pequeno Polegar, pelos 36 anos de funda\u00e7\u00e3o."}, {"id": 20566, "ano": 2013, "numero": 212, "tipo__sigla": "REQ", "tipo__descricao": "Requerimento", "autoria__autor__nome": "JorgeTatsch", "texto_original": "https://sapl.camaranh.rs.gov.br/media/sapl/public/materialegislativa/2013/20566/20566_texto_integral.odt", "ementa": "Solicita informa\u00e7\u00f5es sobre a previs\u00e3o do in\u00edcio das obras da ponte na Rua Jaburu, Bairro S\u00e3o Jorge."}, {"id": 20570, "ano": 2013, "numero": 213, "tipo__sigla": "REQ", "tipo__descricao": "Requerimento", "autoria__autor__nome": "Gerson Peteffi", "texto_original": "https://sapl.camaranh.rs.gov.br/media/sapl/public/materialegislativa/2013/20570/20570_texto_integral.odt", "ementa": "Solicita informa\u00e7\u00f5es sobre a altera\u00e7\u00e3o nas datas da cobran\u00e7a de IPTU."}, {"id": 20584, "ano": 2013, "numero": 214, "tipo__sigla": "REQ", "tipo__descricao": "Requerimento", "autoria__autor__nome": "Professor Issur Koch", "texto_original": "https://sapl.camaranh.rs.gov.br/media/sapl/public/materialegislativa/2013/20584/20584_texto_integral.odt", "ementa": "Requer Voto de Pesar pelo falecimento da Sra. Maria Ines Marmitt."}, {"id": 20585, "ano": 2013, "numero": 215, "tipo__sigla": "REQ", "tipo__descricao": "Requerimento", "autoria__autor__nome": "Sergio Hanich", "texto_original": "https://sapl.camaranh.rs.gov.br/media/sapl/public/materialegislativa/2013/20585/20585_texto_integral.odt", "ementa": "Solicita informa\u00e7\u00f5es descritas abaixo."}, {"id": 20586, "ano": 2013, "numero": 216, "tipo__sigla": "REQ", "tipo__descricao": "Requerimento", "autoria__autor__nome": "Sergio Hanich", "texto_original": "https://sapl.camaranh.rs.gov.br/media/sapl/public/materialegislativa/2013/20586/20586_texto_integral.odt", "ementa": "Solicita informa\u00e7\u00f5es descritas abaixo."}, {"id": 20589, "ano": 2013, "numero": 217, "tipo__sigla": "REQ", "tipo__descricao": "Requerimento", "autoria__autor__nome": "Raul Cassel", "texto_original": "https://sapl.camaranh.rs.gov.br/media/sapl/public/materialegislativa/2013/20589/20589_texto_integral.odt", "ementa": "Requer a realiza\u00e7\u00e3o de Audi\u00eancia P\u00fablica no dia 23 de abril de 2013, com in\u00edcio \u00e0s 19 horas e t\u00e9rmino \u00e0s 21 horas, no Plen\u00e1rio desta Casa Legislativa, com a finalidade de debater sobre Inspe\u00e7\u00e3o Predial."}, {"id": 20596, "ano": 2013, "numero": 218, "tipo__sigla": "REQ", "tipo__descricao": "Requerimento", "autoria__autor__nome": "Raul Cassel", "texto_original": "https://sapl.camaranh.rs.gov.br/media/sapl/public/materialegislativa/2013/20596/20596_texto_integral.odt", "ementa": "Requer Voto de Pesar pelo falecimento da senhora Rejane Eni Schaeffer Dilly."}, {"id": 20598, "ano": 2013, "numero": 219, "tipo__sigla": "REQ", "tipo__descricao": "Requerimento", "autoria__autor__nome": "Professor Issur Koch", "texto_original": "https://sapl.camaranh.rs.gov.br/media/sapl/public/materialegislativa/2013/20598/20598_texto_integral.odt", "ementa": "Requer que seja convidada a Sra. Luciana Quaiato para a Sess\u00e3o Ordin\u00e1ria de 11 de abril de 2013."}, {"id": 20599, "ano": 2013, "numero": 220, "tipo__sigla": "REQ", "tipo__descricao": "Requerimento", "autoria__autor__nome": "Luiz Fernando Farias", "texto_original": "https://sapl.camaranh.rs.gov.br/media/sapl/public/materialegislativa/2013/20599/20599_texto_integral.odt", "ementa": "Requer a indica\u00e7\u00e3o do Vereador Luiz Fernando Farias, pela Bancada do PT, junto \u00e0 Frente Parlamentar em Defesa da Instala\u00e7\u00e3o do Batalh\u00e3o de Opera\u00e7\u00f5es Especiais - BOE."}, {"id": 20600, "ano": 2013, "numero": 221, "tipo__sigla": "REQ", "tipo__descricao": "Requerimento", "autoria__autor__nome": "Luiz Fernando Farias", "texto_original": "https://sapl.camaranh.rs.gov.br/media/sapl/public/materialegislativa/2013/20600/20600_texto_integral.odt", "ementa": "Requer a indica\u00e7\u00e3o do Vereador Luiz Fernando Farias, pela Bancada do PT, junto \u00e0 Frente Parlamentar de Acompanhamento da Copa Fifa 2014."}, {"id": 20601, "ano": 2013, "numero": 222, "tipo__sigla": "REQ", "tipo__descricao": "Requerimento", "autoria__autor__nome": "Luiz Fernando Farias", "texto_original": "https://sapl.camaranh.rs.gov.br/media/sapl/public/materialegislativa/2013/20601/20601_texto_integral.odt", "ementa": "Requer a indica\u00e7\u00e3o do Vereador Luiz Fernando Farias, pela Bancada do PT, junto \u00e0 Frente Parlamentar em Defesa dos Direitos da Crian\u00e7a e do Adolescente."}, {"id": 20602, "ano": 2013, "numero": 223, "tipo__sigla": "REQ", "tipo__descricao": "Requerimento", "autoria__autor__nome": "Luiz Fernando Farias", "texto_original": "https://sapl.camaranh.rs.gov.br/media/sapl/public/materialegislativa/2013/20602/20602_texto_integral.odt", "ementa": "Requer a indica\u00e7\u00e3o do Vereador Luiz Fernando Farias, pela Bancada do PT, junto \u00e0 Frente Parlamentar de Acompanhamento das Obras e Saneamento."}, {"id": 20603, "ano": 2013, "numero": 224, "tipo__sigla": "REQ", "tipo__descricao": "Requerimento", "autoria__autor__nome": "Luiz Fernando Farias", "texto_original": "https://sapl.camaranh.rs.gov.br/media/sapl/public/materialegislativa/2013/20603/20603_texto_integral.odt", "ementa": "Requer a indica\u00e7\u00e3o do Vereador Luiz Fernando Farias, pela Bancada do PT, junto \u00e0 Frente Parlamentar dos Homens pelo Fim da Viol\u00eancia Contra as Mulheres."}, {"id": 20604, "ano": 2013, "numero": 225, "tipo__sigla": "REQ", "tipo__descricao": "Requerimento", "autoria__autor__nome": "Luiz Fernando Farias", "texto_original": "https://sapl.camaranh.rs.gov.br/media/sapl/public/materialegislativa/2013/20604/20604_texto_integral.odt", "ementa": "Requer a indica\u00e7\u00e3o do Vereador Luiz Fernando Farias, pela Bancada do PT, junto \u00e0 Frente Parlamentar em Defesa dos Direitos da Pessoa Idosa."}, {"id": 20605, "ano": 2013, "numero": 226, "tipo__sigla": "REQ", "tipo__descricao": "Requerimento", "autoria__autor__nome": "COJUR - Comiss\u00e3o de Constitui\u00e7\u00e3o, Justi\u00e7a e Reda\u00e7\u00e3o", "texto_original": "https://sapl.camaranh.rs.gov.br/media/sapl/public/materialegislativa/2013/20605/20605_texto_integral.odt", "ementa": "Requer, seja convidado o Senhor GILBERTO DOS REIS, Secret\u00e1rio da Fazenda de Novo Hamburgo, ou seu representante, para participar da reuni\u00e3o Ordin\u00e1ria da Comiss\u00e3o de Constitui\u00e7\u00e3o, Justi\u00e7a e Reda\u00e7\u00e3o nesta Casa."}, {"id": 20621, "ano": 2013, "numero": 227, "tipo__sigla": "REQ", "tipo__descricao": "Requerimento", "autoria__autor__nome": "Patr\u00edcia Beck", "texto_original": "https://sapl.camaranh.rs.gov.br/media/sapl/public/materialegislativa/2013/20621/20621_texto_integral.odt", "ementa": "Prop\u00f5e a cria\u00e7\u00e3o de Comiss\u00e3o Especial denominada Frente Parlamentar visando ao Desenvolvimento de Pol\u00edticas P\u00fablicas para as Mulheres Desportistas de Novo Hamburgo."}, {"id": 20622, "ano": 2013, "numero": 228, "tipo__sigla": "REQ", "tipo__descricao": "Requerimento", "autoria__autor__nome": "Patr\u00edcia Beck", "texto_original": "https://sapl.camaranh.rs.gov.br/media/sapl/public/materialegislativa/2013/20622/20622_texto_integral.odt", "ementa": "Requer a indica\u00e7\u00e3o da Vereadora Patricia Beck, pela Bancada do PTB, junto \u00e0 Frente Parlamentar em Defesa da Divers\u00e3o Segura."}, {"id": 20624, "ano": 2013, "numero": 229, "tipo__sigla": "REQ", "tipo__descricao": "Requerimento", "autoria__autor__nome": "Patr\u00edcia Beck", "texto_original": "https://sapl.camaranh.rs.gov.br/media/sapl/public/materialegislativa/2013/20624/20624_texto_integral.odt", "ementa": "Requer a indica\u00e7\u00e3o da Vereadora Patricia Beck, pela Bancada do PTB, junto \u00e0 Frente Parlamentar de Promo\u00e7\u00e3o dos Direitos da Juventude."}, {"id": 20625, "ano": 2013, "numero": 230, "tipo__sigla": "REQ", "tipo__descricao": "Requerimento", "autoria__autor__nome": "Cristiano Coller", "texto_original": "https://sapl.camaranh.rs.gov.br/media/sapl/public/materialegislativa/2013/20625/20625_texto_integral.odt", "ementa": "Requer que a C\u00e2mara reconhe\u00e7a leg\u00edtimo impedimento do Vereador Cristiano Coller no dia 14 de mar\u00e7o de 2013, conforme atestado  m\u00e9dico em anexo."}, {"id": 20632, "ano": 2013, "numero": 231, "tipo__sigla": "REQ", "tipo__descricao": "Requerimento", "autoria__autor__nome": "Gerson Peteffi", "texto_original": "https://sapl.camaranh.rs.gov.br/media/sapl/public/materialegislativa/2013/20632/20632_texto_integral.odt", "ementa": "Requer a indica\u00e7\u00e3o do Vereador Gerson Peteffi, pela Bancada do PSDB, junto \u00e0 Frente Parlamentar em Defesa da Instala\u00e7\u00e3o do Aeroporto Regional e da Mobilidade Urbana."}, {"id": 20633, "ano": 2013, "numero": 232, "tipo__sigla": "REQ", "tipo__descricao": "Requerimento", "autoria__autor__nome": "Gerson Peteffi", "texto_original": "https://sapl.camaranh.rs.gov.br/media/sapl/public/materialegislativa/2013/20633/20633_texto_integral.odt", "ementa": "Requer a indica\u00e7\u00e3o do Vereador Gerson Peteffi, pela Bancada do PSDB, junto \u00e0 Frente Parlamentar de Acompanhamento da Implanta\u00e7\u00e3o do Parque Industrial de Novo Hamburgo."}, {"id": 20634, "ano": 2013, "numero": 233, "tipo__sigla": "REQ", "tipo__descricao": "Requerimento", "autoria__autor__nome": "Gerson Peteffi", "texto_original": "https://sapl.camaranh.rs.gov.br/media/sapl/public/materialegislativa/2013/20634/20634_texto_integral.odt", "ementa": "Requer a indica\u00e7\u00e3o do Vereador Gerson Peteffi, pela Bancada do PSDB, junto \u00e0 Frente Parlamentar em Defesa dos Direitos da Pessoa Idosa."}, {"id": 20635, "ano": 2013, "numero": 234, "tipo__sigla": "REQ", "tipo__descricao": "Requerimento", "autoria__autor__nome": "Gerson Peteffi", "texto_original": "https://sapl.camaranh.rs.gov.br/media/sapl/public/materialegislativa/2013/20635/20635_texto_integral.odt", "ementa": "Requer Voto de Pesar pelo falecimento da Senhora ERACY WINCK."}, {"id": 20636, "ano": 2013, "numero": 235, "tipo__sigla": "REQ", "tipo__descricao": "Requerimento", "autoria__autor__nome": "Patr\u00edcia Beck", "texto_original": "https://sapl.camaranh.rs.gov.br/media/sapl/public/materialegislativa/2013/20636/20636_texto_integral.odt", "ementa": "Requer licen\u00e7a da verean\u00e7a no dia 19 de mar\u00e7o, para tratar de assuntos particulares."}, {"id": 20638, "ano": 2013, "numero": 236, "tipo__sigla": "REQ", "tipo__descricao": "Requerimento", "autoria__autor__nome": "Raul Cassel", "texto_original": "https://sapl.camaranh.rs.gov.br/media/sapl/public/materialegislativa/2013/20638/20638_texto_integral.odt", "ementa": "Requer Voto de Congratula\u00e7\u00f5es \u00e0 nova Diretoria da ASBEM 2013/2015."}, {"id": 20643, "ano": 2013, "numero": 237, "tipo__sigla": "REQ", "tipo__descricao": "Requerimento", "autoria__autor__nome": "Raul Cassel", "texto_original": "https://sapl.camaranh.rs.gov.br/media/sapl/public/materialegislativa/2013/20643/20643_texto_integral.odt", "ementa": "Requer Voto de Congratula\u00e7\u00f5es \u00e0 nova Diretoria da Unimed VS."}, {"id": 20644, "ano": 2013, "numero": 238, "tipo__sigla": "REQ", "tipo__descricao": "Requerimento", "autoria__autor__nome": "Roger Corr\u00eaa", "texto_original": "https://sapl.camaranh.rs.gov.br/media/sapl/public/materialegislativa/2013/20644/20644_texto_integral.odt", "ementa": "Requer Voto de Congratula\u00e7\u00f5es pelo anivers\u00e1rio de 65 anos da UENH - Uni\u00e3o dos Estudantes de Novo Hamburgo."}, {"id": 20645, "ano": 2013, "numero": 239, "tipo__sigla": "REQ", "tipo__descricao": "Requerimento", "autoria__autor__nome": "Raul Cassel", "texto_original": "https://sapl.camaranh.rs.gov.br/media/sapl/public/materialegislativa/2013/20645/20645_texto_integral.odt", "ementa": "Requer Voto de Congratula\u00e7\u00f5es ao senhor Leandro Beck pelo lan\u00e7amento do livro \"Comprados pelo Amor - Reflex\u00f5es atrav\u00e9s da B\u00edblia\"."}, {"id": 20647, "ano": 2013, "numero": 240, "tipo__sigla": "REQ", "tipo__descricao": "Requerimento", "autoria__autor__nome": "Raul Cassel", "texto_original": "https://sapl.camaranh.rs.gov.br/media/sapl/public/materialegislativa/2013/20647/20647_texto_integral.odt", "ementa": "Requer Voto de Pesar pelo falecimento da senhora Therezinha Bohrer Blauth."}, {"id": 20648, "ano": 2013, "numero": 241, "tipo__sigla": "REQ", "tipo__descricao": "Requerimento", "autoria__autor__nome": "Cristiano Coller", "texto_original": "https://sapl.camaranh.rs.gov.br/media/sapl/public/materialegislativa/2013/20648/20648_texto_integral.odt", "ementa": "Requer Voto de Congratula\u00e7\u00f5es \u00e0 Escola de Educa\u00e7\u00e3o Infantil Ideal pelos seus 9 anos de funda\u00e7\u00e3o."}, {"id": 20653, "ano": 2013, "numero": 242, "tipo__sigla": "REQ", "tipo__descricao": "Requerimento", "autoria__autor__nome": "Cristiano Coller", "texto_original": "https://sapl.camaranh.rs.gov.br/media/sapl/public/materialegislativa/2013/20653/20653_texto_integral.odt", "ementa": "Requer Voto de Congratula\u00e7\u00f5es \u00e0 Escola Municipal de Ensino Fundamental Professora Adolfina Diefenth\u00e4eler pelos 59 anos de funda\u00e7\u00e3o."}, {"id": 20657, "ano": 2013, "numero": 243, "tipo__sigla": "REQ", "tipo__descricao": "Requerimento", "autoria__autor__nome": "Enfermeiro Vilmar", "texto_original": "https://sapl.camaranh.rs.gov.br/media/sapl/public/materialegislativa/2013/20657/20657_texto_integral.odt", "ementa": "Requer a indica\u00e7\u00e3o do Vereador Enfermeiro  Vilmar, pela bancada do PR, junto \u00e0 Frente Parlamentar em Defesa da Instala\u00e7\u00e3o do BOE."}, {"id": 20658, "ano": 2013, "numero": 244, "tipo__sigla": "REQ", "tipo__descricao": "Requerimento", "autoria__autor__nome": "Enfermeiro Vilmar", "texto_original": "https://sapl.camaranh.rs.gov.br/media/sapl/public/materialegislativa/2013/20658/20658_texto_integral.odt", "ementa": "Requer a indica\u00e7\u00e3o do Vereador Enfermeiro  Vilmar, pela bancada do PR, junto \u00e0 Frente Parlamentar em Defesa da Instala\u00e7\u00e3o do Hospital Regional."}, {"id": 20660, "ano": 2013, "numero": 245, "tipo__sigla": "REQ", "tipo__descricao": "Requerimento", "autoria__autor__nome": "Enfermeiro Vilmar", "texto_original": "https://sapl.camaranh.rs.gov.br/media/sapl/public/materialegislativa/2013/20660/20660_texto_integral.odt", "ementa": "Requer a indica\u00e7\u00e3o do Vereador Enfermeiro  Vilmar, pela bancada do PR, junto \u00e0 Frente Parlamentar em Defesa dos Direitos da Crian\u00e7a e Adolescente."}, {"id": 20661, "ano": 2013, "numero": 246, "tipo__sigla": "REQ", "tipo__descricao": "Requerimento", "autoria__autor__nome": "Enfermeiro Vilmar", "texto_original": "https://sapl.camaranh.rs.gov.br/media/sapl/public/materialegislativa/2013/20661/20661_texto_integral.odt", "ementa": "Requer a indica\u00e7\u00e3o do Vereador Enfermeiro  Vilmar, pela bancada do PR, junto \u00e0 Frente Parlamentar em Defesa dos Direitos da Pessoa Idosa."}, {"id": 20662, "ano": 2013, "numero": 247, "tipo__sigla": "REQ", "tipo__descricao": "Requerimento", "autoria__autor__nome": "Raul Cassel", "texto_original": "https://sapl.camaranh.rs.gov.br/media/sapl/public/materialegislativa/2013/20662/20662_texto_integral.odt", "ementa": "Requer Voto de Congratula\u00e7\u00f5es \u00e0 UJR, pela passagem dos seus 35 anos funda\u00e7\u00e3o."}, {"id": 20665, "ano": 2013, "numero": 248, "tipo__sigla": "REQ", "tipo__descricao": "Requerimento", "autoria__autor__nome": "Patr\u00edcia Beck\r\nProfessor Issur Koch", "texto_original": "https://sapl.camaranh.rs.gov.br/media/sapl/public/materialegislativa/2013/20665/20665_texto_integral.odt", "ementa": "Requer Voto de Congratula\u00e7\u00f5es a Fl\u00e1via Faccini por sua posse frente a Delegacia Especializada em Atendimento a Mulher em Novo Hamburgo."}, {"id": 20666, "ano": 2013, "numero": 249, "tipo__sigla": "REQ", "tipo__descricao": "Requerimento", "autoria__autor__nome": "Luiz Fernando Farias", "texto_original": "https://sapl.camaranh.rs.gov.br/media/sapl/public/materialegislativa/2013/20666/20666_texto_integral.odt", "ementa": "Requer Voto de Pesar pelo falecimento do Sr. Ereovaldo Neckel da Cruz."}, {"id": 20667, "ano": 2013, "numero": 250, "tipo__sigla": "REQ", "tipo__descricao": "Requerimento", "autoria__autor__nome": "Professor Issur Koch", "texto_original": "https://sapl.camaranh.rs.gov.br/media/sapl/public/materialegislativa/2013/20667/20667_texto_integral.odt", "ementa": "Requer Voto de Congratula\u00e7\u00f5es ao  Jornal NH pela passagem dos seus 53 anos de hist\u00f3ria."}, {"id": 20670, "ano": 2013, "numero": 251, "tipo__sigla": "REQ", "tipo__descricao": "Requerimento", "autoria__autor__nome": "Luiz Fernando Farias", "texto_original": "https://sapl.camaranh.rs.gov.br/media/sapl/public/materialegislativa/2013/20670/20670_texto_integral.odt", "ementa": "Requer Voto de Congratula\u00e7\u00f5es \u00e0 Guarda Municipal de Novo Hamburgo, pelos 21 anos de sua cria\u00e7\u00e3o."}, {"id": 20671, "ano": 2013, "numero": 252, "tipo__sigla": "REQ", "tipo__descricao": "Requerimento", "autoria__autor__nome": "Professor Issur Koch", "texto_original": "https://sapl.camaranh.rs.gov.br/media/sapl/public/materialegislativa/2013/20671/20671_texto_integral.odt", "ementa": "Requer Voto de Congratula\u00e7\u00f5es ao  Jornal Canudos pela passagem dos seus 6 anos de hist\u00f3ria."}, {"id": 20673, "ano": 2013, "numero": 253, "tipo__sigla": "REQ", "tipo__descricao": "Requerimento", "autoria__autor__nome": "Enfermeiro Vilmar", "texto_original": "https://sapl.camaranh.rs.gov.br/media/sapl/public/materialegislativa/2013/20673/20673_texto_integral.odt", "ementa": "Requer a indica\u00e7\u00e3o do Vereador Enfermeiro  Vilmar, pela bancada do PR, junto \u00e0 Frente Parlamentar dos Homens pelo fim da Viol\u00eancia contra as Mulheres."}, {"id": 20674, "ano": 2013, "numero": 254, "tipo__sigla": "REQ", "tipo__descricao": "Requerimento", "autoria__autor__nome": "Enfermeiro Vilmar", "texto_original": "https://sapl.camaranh.rs.gov.br/media/sapl/public/materialegislativa/2013/20674/20674_texto_integral.odt", "ementa": "Requer a indica\u00e7\u00e3o do Vereador Enfermeiro  Vilmar, pela bancada do PR, junto \u00e0 Frente Parlamentar de Acompanhamento da Implanta\u00e7\u00e3o do Parque Industrial de Novo Hamburgo."}, {"id": 20676, "ano": 2013, "numero": 255, "tipo__sigla": "REQ", "tipo__descricao": "Requerimento", "autoria__autor__nome": "JorgeTatsch", "texto_original": "https://sapl.camaranh.rs.gov.br/media/sapl/public/materialegislativa/2013/20676/20676_texto_integral.odt", "ementa": "Requer a indica\u00e7\u00e3o do Servidor M\u00e1icon Barbosa da Silva para participar do curso de extens\u00e3o \"Conhecendo o Supremo Tribunal Federal: uma experi\u00eancia em Bras\u00edlia\", a realizar-se no per\u00edodo de 21 a 24 de maio de 2013, em  Bras\u00edlia, Distrito Federal."}, {"id": 20677, "ano": 2013, "numero": 256, "tipo__sigla": "REQ", "tipo__descricao": "Requerimento", "autoria__autor__nome": "JorgeTatsch", "texto_original": "https://sapl.camaranh.rs.gov.br/media/sapl/public/materialegislativa/2013/20677/20677_texto_integral.odt", "ementa": "Solicita informa\u00e7\u00f5es acerca das c\u00e2meras de seguran\u00e7a da cidade."}, {"id": 20680, "ano": 2013, "numero": 257, "tipo__sigla": "REQ", "tipo__descricao": "Requerimento", "autoria__autor__nome": "Professor Issur Koch", "texto_original": "https://sapl.camaranh.rs.gov.br/media/sapl/public/materialegislativa/2013/20680/20680_texto_integral.odt", "ementa": "Solicita informa\u00e7\u00f5es junto \u00e0 Prefeitura de Novo Hamburgo quanto a verba recebida do PAC 2 - Programa de Acelera\u00e7\u00e3o do Crescimento e para onde ser\u00e3o destinadas."}, {"id": 20685, "ano": 2013, "numero": 258, "tipo__sigla": "REQ", "tipo__descricao": "Requerimento", "autoria__autor__nome": "Inspetor Luz", "texto_original": "https://sapl.camaranh.rs.gov.br/media/sapl/public/materialegislativa/2013/20685/20685_texto_integral.odt", "ementa": "Requer Voto de Congratula\u00e7\u00f5es ao Programa da R\u00e1dio ABC \"Ponto e Contraponto\" pela  passagem de seus 5 anos de funda\u00e7\u00e3o."}, {"id": 20686, "ano": 2013, "numero": 259, "tipo__sigla": "REQ", "tipo__descricao": "Requerimento", "autoria__autor__nome": "Inspetor Luz", "texto_original": "https://sapl.camaranh.rs.gov.br/media/sapl/public/materialegislativa/2013/20686/20686_texto_integral.odt", "ementa": "Requer Voto de Congratula\u00e7\u00f5es a empresa 3C Industria de M\u00e1quinas Ltda., pela passagem de seus 25 anos de funda\u00e7\u00e3o."}, {"id": 20687, "ano": 2013, "numero": 260, "tipo__sigla": "REQ", "tipo__descricao": "Requerimento", "autoria__autor__nome": "Cristiano Coller", "texto_original": "https://sapl.camaranh.rs.gov.br/media/sapl/public/materialegislativa/2013/20687/20687_texto_integral.odt", "ementa": "Solicita informa\u00e7\u00f5es sobre a pavimenta\u00e7\u00e3o asf\u00e1ltica  e constru\u00e7\u00e3o de ponte na Rua Dr. Jo\u00e3o Daniel Hillebrand, entre as Ruas Guia Lopes e General C\u00e2ndido Mariano da Silva Rondon, no  Bairro Rond\u00f4nia."}, {"id": 20688, "ano": 2013, "numero": 261, "tipo__sigla": "REQ", "tipo__descricao": "Requerimento", "autoria__autor__nome": "Inspetor Luz", "texto_original": "https://sapl.camaranh.rs.gov.br/media/sapl/public/materialegislativa/2013/20688/20688_texto_integral.odt", "ementa": "Requer Voto de Congratula\u00e7\u00f5es \u00e0 Lot\u00e9rica A Papagaia pela passagem de seus 43 anos de funda\u00e7\u00e3o."}, {"id": 20689, "ano": 2013, "numero": 262, "tipo__sigla": "REQ", "tipo__descricao": "Requerimento", "autoria__autor__nome": "Inspetor Luz", "texto_original": "https://sapl.camaranh.rs.gov.br/media/sapl/public/materialegislativa/2013/20689/20689_texto_integral.odt", "ementa": "Requer Voto de Congratula\u00e7\u00f5es \u00e0 Funer\u00e1ria Krause Ltda. pela passagem de seus 91 anos de funda\u00e7\u00e3o."}, {"id": 20691, "ano": 2013, "numero": 263, "tipo__sigla": "REQ", "tipo__descricao": "Requerimento", "autoria__autor__nome": "Inspetor Luz", "texto_original": "https://sapl.camaranh.rs.gov.br/media/sapl/public/materialegislativa/2013/20691/20691_texto_integral.odt", "ementa": "Requer Voto de Congratula\u00e7\u00f5es \u00e0 empresa Artega - O Armaz\u00e9m do Ga\u00facho pela passagem de seus 15 anos de funda\u00e7\u00e3o."}, {"id": 20692, "ano": 2013, "numero": 264, "tipo__sigla": "REQ", "tipo__descricao": "Requerimento", "autoria__autor__nome": "Inspetor Luz", "texto_original": "https://sapl.camaranh.rs.gov.br/media/sapl/public/materialegislativa/2013/20692/20692_texto_integral.odt", "ementa": "Requer Voto de Congratula\u00e7\u00f5es \u00e0 empresa Servidonto pela passagem de seus 25 anos de funda\u00e7\u00e3o."}, {"id": 20693, "ano": 2013, "numero": 265, "tipo__sigla": "REQ", "tipo__descricao": "Requerimento", "autoria__autor__nome": "Inspetor Luz", "texto_original": "https://sapl.camaranh.rs.gov.br/media/sapl/public/materialegislativa/2013/20693/20693_texto_integral.odt", "ementa": "Requer Voto de Congratula\u00e7\u00f5es \u00e0 empresa ABN Assessoria pela passagem de seus 10 anos de funda\u00e7\u00e3o."}, {"id": 20695, "ano": 2013, "numero": 266, "tipo__sigla": "REQ", "tipo__descricao": "Requerimento", "autoria__autor__nome": "Inspetor Luz", "texto_original": "https://sapl.camaranh.rs.gov.br/media/sapl/public/materialegislativa/2013/20695/20695_texto_integral.odt", "ementa": "Requer Voto de Congratula\u00e7\u00f5es ao Snack Bar e Restaurante pela passagem de seus 29 anos de funda\u00e7\u00e3o."}, {"id": 20698, "ano": 2013, "numero": 267, "tipo__sigla": "REQ", "tipo__descricao": "Requerimento", "autoria__autor__nome": "Inspetor Luz", "texto_original": "https://sapl.camaranh.rs.gov.br/media/sapl/public/materialegislativa/2013/20698/20698_texto_integral.odt", "ementa": "Requer Voto de Congratula\u00e7\u00f5es a empresa M\u00e1quinas Kehl Ltda. pela passagem de seus 51 anos de funda\u00e7\u00e3o."}, {"id": 20697, "ano": 2013, "numero": 268, "tipo__sigla": "REQ", "tipo__descricao": "Requerimento", "autoria__autor__nome": "Inspetor Luz", "texto_original": "https://sapl.camaranh.rs.gov.br/media/sapl/public/materialegislativa/2013/20697/20697_texto_integral.odt", "ementa": "Requer Voto de Congratula\u00e7\u00f5es \u00e0 Imobili\u00e1ria Perfil Im\u00f3veis pela passagem de seus 20 anos de funda\u00e7\u00e3o."}, {"id": 20700, "ano": 2013, "numero": 269, "tipo__sigla": "REQ", "tipo__descricao": "Requerimento", "autoria__autor__nome": "Inspetor Luz", "texto_original": "https://sapl.camaranh.rs.gov.br/media/sapl/public/materialegislativa/2013/20700/20700_texto_integral.odt", "ementa": "Requer Voto de Congratula\u00e7\u00f5es \u00e0 empresa Ga\u00facha Salvados pela passagem de seus 15 anos de funda\u00e7\u00e3o."}, {"id": 20707, "ano": 2013, "numero": 270, "tipo__sigla": "REQ", "tipo__descricao": "Requerimento", "autoria__autor__nome": "Sergio Hanich", "texto_original": "https://sapl.camaranh.rs.gov.br/media/sapl/public/materialegislativa/2013/20707/20707_texto_integral.odt", "ementa": "Solicita informa\u00e7\u00f5es descritas abaixo."}, {"id": 20709, "ano": 2013, "numero": 271, "tipo__sigla": "REQ", "tipo__descricao": "Requerimento", "autoria__autor__nome": "Sergio Hanich", "texto_original": "https://sapl.camaranh.rs.gov.br/media/sapl/public/materialegislativa/2013/20709/20709_texto_integral.odt", "ementa": "Informa\u00e7\u00f5es descritas abaixo."}, {"id": 20710, "ano": 2013, "numero": 272, "tipo__sigla": "REQ", "tipo__descricao": "Requerimento", "autoria__autor__nome": "Sergio Hanich", "texto_original": "https://sapl.camaranh.rs.gov.br/media/sapl/public/materialegislativa/2013/20710/20710_texto_integral.odt", "ementa": "Requer a indica\u00e7\u00e3o do Vereador Sergio Hanich, pela Bancada do PMDB, para integrar a Frente Parlamentar em Defesa do Hospital Municipal."}, {"id": 20711, "ano": 2013, "numero": 273, "tipo__sigla": "REQ", "tipo__descricao": "Requerimento", "autoria__autor__nome": "Raul Cassel", "texto_original": "https://sapl.camaranh.rs.gov.br/media/sapl/public/materialegislativa/2013/20711/20711_texto_integral.odt", "ementa": "Requer Voto de Congratula\u00e7\u00f5es a passagem do Dia do Circo e do Teatro."}, {"id": 20715, "ano": 2013, "numero": 275, "tipo__sigla": "REQ", "tipo__descricao": "Requerimento", "autoria__autor__nome": "Luiz Fernando Farias", "texto_original": "https://sapl.camaranh.rs.gov.br/media/sapl/public/materialegislativa/2013/20715/20715_texto_integral.odt", "ementa": "Requer urg\u00eancia e inclus\u00e3o do Projeto de Lei n\u00ba 27/2013, de autoria do Vereador Luiz Fernando Farias, que \"d\u00e1 nova reda\u00e7\u00e3o ao \"caput\" do art. 102-A, inclu\u00eddo pela Lei Complementar n\u00ba 2.121, de 1\u00ba de abril de 2010, na Lei Municipal n\u00ba 333/2000, de 19 abril de 2000, que \"institui o Regime Jur\u00eddico Estatut\u00e1rio dos Servidores P\u00fablicos Municipais, e d\u00e1 outras provid\u00eancias\",  na Ordem do Dia das Sess\u00f5es Ordin\u00e1rias de 21 e 26 de mar\u00e7o de 2013, para ser apreciado em primeira e segunda vota\u00e7\u00f5es, respectivamente, conforme facultado pelo \u00a7 8\u00ba do art. 150 do Regimento Interno."}, {"id": 20720, "ano": 2013, "numero": 276, "tipo__sigla": "REQ", "tipo__descricao": "Requerimento", "autoria__autor__nome": "Raul Cassel", "texto_original": "https://sapl.camaranh.rs.gov.br/media/sapl/public/materialegislativa/2013/20720/20720_texto_integral.odt", "ementa": "Requer Voto de Congratula\u00e7\u00f5es ao Padre G\u00fcnther B\u00fcttenbender pelos seus 50 anos de Celibato."}, {"id": 20726, "ano": 2013, "numero": 278, "tipo__sigla": "REQ", "tipo__descricao": "Requerimento", "autoria__autor__nome": "Raul Cassel", "texto_original": "https://sapl.camaranh.rs.gov.br/media/sapl/public/materialegislativa/2013/20726/20726_texto_integral.odt", "ementa": "Requer Voto de Congratula\u00e7\u00f5es \u00e0 BMA Comunica\u00e7\u00e3o e Marketing pela comemora\u00e7\u00e3o de seus 20 anos."}, {"id": 20729, "ano": 2013, "numero": 279, "tipo__sigla": "REQ", "tipo__descricao": "Requerimento", "autoria__autor__nome": "Raul Cassel", "texto_original": "https://sapl.camaranh.rs.gov.br/media/sapl/public/materialegislativa/2013/20729/20729_texto_integral.odt", "ementa": "Requer Voto de Congratula\u00e7\u00f5es \u00e0 nova dire\u00e7\u00e3o do Col\u00e9gio Santa Catarina."}, {"id": 20739, "ano": 2013, "numero": 280, "tipo__sigla": "REQ", "tipo__descricao": "Requerimento", "autoria__autor__nome": "Mesa da C\u00e2mara Municipal", "texto_original": "https://sapl.camaranh.rs.gov.br/media/sapl/public/materialegislativa/2013/20739/20739_texto_integral.odt", "ementa": "Requer urg\u00eancia e inclus\u00e3o do Projeto de Decreto Legislativo n\u00ba 2/2013, de autoria da Mesa da C\u00e2mara Municipal, que \"disp\u00f5e sobre o expediente da C\u00e2mara Municipal nos dias 28 de mar\u00e7o e 4 de abril de 2013\", na Ordem do Dia das Sess\u00f5es Ordin\u00e1rias de 26 e 28 de mar\u00e7o de 2013, para ser apreciado em primeira e segunda vota\u00e7\u00f5es, respectivamente, conforme facultado pelo \u00a7 8\u00ba do art. 150 do Regimento Interno."}, {"id": 20741, "ano": 2013, "numero": 281, "tipo__sigla": "REQ", "tipo__descricao": "Requerimento", "autoria__autor__nome": "Mesa da C\u00e2mara Municipal", "texto_original": "https://sapl.camaranh.rs.gov.br/media/sapl/public/materialegislativa/2013/20741/20741_texto_integral.odt", "ementa": "Requer que as Sess\u00f5es Ordin\u00e1rias dos dias 28 de mar\u00e7o e 4 de abril de 2013 sejam realizadas pela manh\u00e3, \u00e0s 8 horas."}, {"id": 20743, "ano": 2013, "numero": 282, "tipo__sigla": "REQ", "tipo__descricao": "Requerimento", "autoria__autor__nome": "Raul Cassel", "texto_original": "https://sapl.camaranh.rs.gov.br/media/sapl/public/materialegislativa/2013/20743/20743_texto_integral.odt", "ementa": "Requer informa\u00e7\u00f5es sobre o disposto abaixo. "}, {"id": 20744, "ano": 2013, "numero": 283, "tipo__sigla": "REQ", "tipo__descricao": "Requerimento", "autoria__autor__nome": "Inspetor Luz", "texto_original": "https://sapl.camaranh.rs.gov.br/media/sapl/public/materialegislativa/2013/20744/20744_texto_integral.odt", "ementa": "Requer Voto de Pesar pelo falecimento do Sr.  Jair Luiz Werb."}, {"id": 20747, "ano": 2013, "numero": 284, "tipo__sigla": "REQ", "tipo__descricao": "Requerimento", "autoria__autor__nome": "Gerson Peteffi", "texto_original": "https://sapl.camaranh.rs.gov.br/media/sapl/public/materialegislativa/2013/20747/20747_texto_integral.odt", "ementa": "Solicita informa\u00e7\u00f5es sobre a Taxa de Ilumina\u00e7\u00e3o P\u00fablica."}, {"id": 20751, "ano": 2013, "numero": 285, "tipo__sigla": "REQ", "tipo__descricao": "Requerimento", "autoria__autor__nome": "Patr\u00edcia Beck", "texto_original": "https://sapl.camaranh.rs.gov.br/media/sapl/public/materialegislativa/2013/20751/20751_texto_integral.odt", "ementa": "Requer que seja convidada a Sra. Heidi Kirst para comparecer \u00e0 Sess\u00e3o Ordin\u00e1ria de 02 de abril de 2013, a fim de falar sobre o Autismo, no Dia Mundial da Conscientiza\u00e7\u00e3o do Autismo."}, {"id": 20758, "ano": 2013, "numero": 286, "tipo__sigla": "REQ", "tipo__descricao": "Requerimento", "autoria__autor__nome": "Patr\u00edcia Beck", "texto_original": "https://sapl.camaranh.rs.gov.br/media/sapl/public/materialegislativa/2013/20758/20758_texto_integral.odt", "ementa": "Requer que seja convidada a Sra. Gabriela Streb para a Sess\u00e3o Ordin\u00e1ria de 02 de maio de 2013."}, {"id": 20768, "ano": 2013, "numero": 287, "tipo__sigla": "REQ", "tipo__descricao": "Requerimento", "autoria__autor__nome": "Raul Cassel", "texto_original": "https://sapl.camaranh.rs.gov.br/media/sapl/public/materialegislativa/2013/20768/20768_texto_integral.odt", "ementa": "Requer Voto de Pesar pelo falecimento da senhora Nayr Carmine Bondan."}, {"id": 20771, "ano": 2013, "numero": 288, "tipo__sigla": "REQ", "tipo__descricao": "Requerimento", "autoria__autor__nome": "Fufa Azevedo", "texto_original": "https://sapl.camaranh.rs.gov.br/media/sapl/public/materialegislativa/2013/20771/20771_texto_integral.odt", "ementa": "Requer licen\u00e7a da Verean\u00e7a a partir do dia 26 de mar\u00e7o de 2013, para assumir cargo de Secret\u00e1rio Municipal. "}, {"id": 20772, "ano": 2013, "numero": 289, "tipo__sigla": "REQ", "tipo__descricao": "Requerimento", "autoria__autor__nome": "Professor Issur Koch", "texto_original": "https://sapl.camaranh.rs.gov.br/media/sapl/public/materialegislativa/2013/20772/20772_texto_integral.odt", "ementa": "Requer convite \u00e0 Sra. Luciana Quaiato e ao Sr. Orlando de Oliveira Pinheiro para a Sess\u00e3o Ordin\u00e1ria do dia 14 de maio de 2013, a fim de falar sobre o Projeto de Campanha de Sensibiliza\u00e7\u00e3o pelo fim do Trabalho Infantil em Novo Hamburgo."}, {"id": 20773, "ano": 2013, "numero": 290, "tipo__sigla": "REQ", "tipo__descricao": "Requerimento", "autoria__autor__nome": "Professor Issur Koch", "texto_original": "https://sapl.camaranh.rs.gov.br/media/sapl/public/materialegislativa/2013/20773/20773_texto_integral.odt", "ementa": "Requer cancelamento do requerimento n\u00ba 219/2013, em raz\u00e3o da impossibilidade da convidada comparecer \u00e0 Sess\u00e3o na data agendada."}, {"id": 20776, "ano": 2013, "numero": 291, "tipo__sigla": "REQ", "tipo__descricao": "Requerimento", "autoria__autor__nome": "Cristiano Coller", "texto_original": "https://sapl.camaranh.rs.gov.br/media/sapl/public/materialegislativa/2013/20776/20776_texto_integral.odt", "ementa": "Requer Voto de Congratula\u00e7\u00f5es \u00e0 Escola Municipal de Educa\u00e7\u00e3o Infantil Arco-\u00edris pelos seus 14 anos de funda\u00e7\u00e3o."}, {"id": 20779, "ano": 2013, "numero": 292, "tipo__sigla": "REQ", "tipo__descricao": "Requerimento", "autoria__autor__nome": "Cristiano Coller", "texto_original": "https://sapl.camaranh.rs.gov.br/media/sapl/public/materialegislativa/2013/20779/20779_texto_integral.odt", "ementa": "Requer que Parte do Expediente da Sess\u00e3o Ordin\u00e1ria do dia 28 de mar\u00e7o de 2013, aprovada atrav\u00e9s do Requerimento n\u00ba 203/2013 para homenagear os 35 anos de funda\u00e7\u00e3o da Associa\u00e7\u00e3o Atl\u00e9tico Canto Rio, seja transferida para o dia 11 de abril de 2013."}, {"id": 20797, "ano": 2013, "numero": 293, "tipo__sigla": "REQ", "tipo__descricao": "Requerimento", "autoria__autor__nome": "Raul Cassel", "texto_original": "https://sapl.camaranh.rs.gov.br/media/sapl/public/materialegislativa/2013/20797/20797_texto_integral.odt", "ementa": "Requer Voto de Congratula\u00e7\u00f5es ao CECRIFE, pela comemora\u00e7\u00e3o dos seus 33 anos de atividades."}, {"id": 20801, "ano": 2013, "numero": 294, "tipo__sigla": "REQ", "tipo__descricao": "Requerimento", "autoria__autor__nome": "Raul Cassel", "texto_original": "https://sapl.camaranh.rs.gov.br/media/sapl/public/materialegislativa/2013/20801/20801_texto_integral.odt", "ementa": "Requer Voto de Congratula\u00e7\u00f5es ao Instituto dos Meninos Cantores de Novo Hamburgo pela comemora\u00e7\u00e3o de seus 33 anos de funda\u00e7\u00e3o."}, {"id": 20804, "ano": 2013, "numero": 295, "tipo__sigla": "REQ", "tipo__descricao": "Requerimento", "autoria__autor__nome": "Roger Corr\u00eaa", "texto_original": "https://sapl.camaranh.rs.gov.br/media/sapl/public/materialegislativa/2013/20804/20804_texto_integral.odt", "ementa": "Requer licen\u00e7a da verean\u00e7a nos dias 02, 03 e 04 de abril para tratar de assuntos particulares."}, {"id": 20805, "ano": 2013, "numero": 296, "tipo__sigla": "REQ", "tipo__descricao": "Requerimento", "autoria__autor__nome": "Roger Corr\u00eaa", "texto_original": "https://sapl.camaranh.rs.gov.br/media/sapl/public/materialegislativa/2013/20805/20805_texto_integral.odt", "ementa": "Requer Voto de Congratula\u00e7\u00f5es ao Bar Alternativo pelo seu Sistema de Gest\u00e3o Ambiental."}, {"id": 20813, "ano": 2013, "numero": 297, "tipo__sigla": "REQ", "tipo__descricao": "Requerimento", "autoria__autor__nome": "Patr\u00edcia Beck", "texto_original": "https://sapl.camaranh.rs.gov.br/media/sapl/public/materialegislativa/2013/20813/20813_texto_integral.odt", "ementa": "Requer Voto de Pesar pelo falecimento da Senhora Ignez Maria Canal Feiten."}, {"id": 20815, "ano": 2013, "numero": 298, "tipo__sigla": "REQ", "tipo__descricao": "Requerimento", "autoria__autor__nome": "Raul Cassel", "texto_original": "https://sapl.camaranh.rs.gov.br/media/sapl/public/materialegislativa/2013/20815/20815_texto_integral.odt", "ementa": "Requer informa\u00e7\u00f5es sobre a extinta Associa\u00e7\u00e3o Hospitalar."}, {"id": 20817, "ano": 2013, "numero": 299, "tipo__sigla": "REQ", "tipo__descricao": "Requerimento", "autoria__autor__nome": "Professor Issur Koch", "texto_original": "https://sapl.camaranh.rs.gov.br/media/sapl/public/materialegislativa/2013/20817/20817_texto_integral.odt", "ementa": "Requer Voto de Congratula\u00e7\u00f5es \u00e0 E.M.E.F Presidente Deodoro da Fonseca  por seus 51 anos de exist\u00eancia."}, {"id": 20825, "ano": 2013, "numero": 300, "tipo__sigla": "REQ", "tipo__descricao": "Requerimento", "autoria__autor__nome": "Professor Issur Koch", "texto_original": "https://sapl.camaranh.rs.gov.br/media/sapl/public/materialegislativa/2013/20825/20825_texto_integral.odt", "ementa": "Requer Voto de Congratula\u00e7\u00f5es \u00e0 E.M.E.F Darcy Borges de Castilhos pela passagem dos seus 29 anos."}, {"id": 20826, "ano": 2013, "numero": 301, "tipo__sigla": "REQ", "tipo__descricao": "Requerimento", "autoria__autor__nome": "Professor Issur Koch", "texto_original": "https://sapl.camaranh.rs.gov.br/media/sapl/public/materialegislativa/2013/20826/20826_texto_integral.odt", "ementa": "Requer Voto de Congratula\u00e7\u00f5es \u00e0 E.M.E.F Presidente Nilo Pe\u00e7anha por seus 51 anos de exist\u00eancia."}, {"id": 20829, "ano": 2013, "numero": 302, "tipo__sigla": "REQ", "tipo__descricao": "Requerimento", "autoria__autor__nome": "Gerson Peteffi\r\nProfessor Issur Koch", "texto_original": "https://sapl.camaranh.rs.gov.br/media/sapl/public/materialegislativa/2013/20829/20829_texto_integral.odt", "ementa": "Requerem Voto de Congratula\u00e7\u00f5es \u00e0 E.M.E.F Irm\u00e3o Nilo por seus 12 anos de exist\u00eancia."}, {"id": 20832, "ano": 2013, "numero": 303, "tipo__sigla": "REQ", "tipo__descricao": "Requerimento", "autoria__autor__nome": "Professor Issur Koch", "texto_original": "https://sapl.camaranh.rs.gov.br/media/sapl/public/materialegislativa/2013/20832/20832_texto_integral.odt", "ementa": "Requer Voto de Congratula\u00e7\u00f5es \u00e0 E.M.E.F Presidente Campos Salles por seus 51 anos de exist\u00eancia."}, {"id": 20836, "ano": 2013, "numero": 304, "tipo__sigla": "REQ", "tipo__descricao": "Requerimento", "autoria__autor__nome": "Professor Issur Koch", "texto_original": "https://sapl.camaranh.rs.gov.br/media/sapl/public/materialegislativa/2013/20836/20836_texto_integral.odt", "ementa": "Requer Voto de Congratula\u00e7\u00f5es \u00e0 E.M.E.F  Elvira Brandi Grin  por seus 41 anos de exist\u00eancia."}, {"id": 20838, "ano": 2013, "numero": 305, "tipo__sigla": "REQ", "tipo__descricao": "Requerimento", "autoria__autor__nome": "Patr\u00edcia Beck\r\nRaul Cassel", "texto_original": "https://sapl.camaranh.rs.gov.br/media/sapl/public/materialegislativa/2013/20838/20838_texto_integral.odt", "ementa": "Requerem Voto de Congratula\u00e7\u00f5es \u00e0 Sociedade Alian\u00e7a de Novo Hamburgo pela comemora\u00e7\u00e3o de seus 125 anos."}, {"id": 20839, "ano": 2013, "numero": 306, "tipo__sigla": "REQ", "tipo__descricao": "Requerimento", "autoria__autor__nome": "Professor Issur Koch", "texto_original": "https://sapl.camaranh.rs.gov.br/media/sapl/public/materialegislativa/2013/20839/20839_texto_integral.odt", "ementa": "Requer Voto de Congratula\u00e7\u00f5es \u00e0 E.M.E.F. Presidente Affonso Penna por seus 51 anos de exist\u00eancia."}, {"id": 20841, "ano": 2013, "numero": 307, "tipo__sigla": "REQ", "tipo__descricao": "Requerimento", "autoria__autor__nome": "Professor Issur Koch", "texto_original": "https://sapl.camaranh.rs.gov.br/media/sapl/public/materialegislativa/2013/20841/20841_texto_integral.odt", "ementa": "Requer Voto de Congratula\u00e7\u00f5es \u00e0 E.M.E.F Presidente Rodrigues Alves   por seus 51 anos de exist\u00eancia."}, {"id": 20842, "ano": 2013, "numero": 308, "tipo__sigla": "REQ", "tipo__descricao": "Requerimento", "autoria__autor__nome": "Professor Issur Koch", "texto_original": "https://sapl.camaranh.rs.gov.br/media/sapl/public/materialegislativa/2013/20842/20842_texto_integral.odt", "ementa": "Requer Voto de Congratula\u00e7\u00f5es \u00e0 E.M.E.F. Jo\u00e3o Baptista Jaeger pela passagem dos seus 42 anos."}, {"id": 20843, "ano": 2013, "numero": 309, "tipo__sigla": "REQ", "tipo__descricao": "Requerimento", "autoria__autor__nome": "Professor Issur Koch", "texto_original": "https://sapl.camaranh.rs.gov.br/media/sapl/public/materialegislativa/2013/20843/20843_texto_integral.odt", "ementa": "Requer Voto de Congratula\u00e7\u00f5es \u00e0 E.M.E.F Vereador Jo\u00e3o Brizolla por seus 26 anos de exist\u00eancia."}, {"id": 20844, "ano": 2013, "numero": 310, "tipo__sigla": "REQ", "tipo__descricao": "Requerimento", "autoria__autor__nome": "Professor Issur Koch", "texto_original": "https://sapl.camaranh.rs.gov.br/media/sapl/public/materialegislativa/2013/20844/20844_texto_integral.odt", "ementa": "Requer Voto de Congratula\u00e7\u00f5es \u00e0 E.M.E.F. Martha Wartenberg por seus 23 anos de exist\u00eancia."}, {"id": 20845, "ano": 2013, "numero": 311, "tipo__sigla": "REQ", "tipo__descricao": "Requerimento", "autoria__autor__nome": "Professor Issur Koch", "texto_original": "https://sapl.camaranh.rs.gov.br/media/sapl/public/materialegislativa/2013/20845/20845_texto_integral.odt", "ementa": "Requer Voto de Congratula\u00e7\u00f5es \u00e0 E.M.E.F Dr. Jacob Kroeff Neto por seus 41 anos de exist\u00eancia."}, {"id": 20846, "ano": 2013, "numero": 312, "tipo__sigla": "REQ", "tipo__descricao": "Requerimento", "autoria__autor__nome": "Professor Issur Koch", "texto_original": "https://sapl.camaranh.rs.gov.br/media/sapl/public/materialegislativa/2013/20846/20846_texto_integral.odt", "ementa": "Requer Voto de Congratula\u00e7\u00f5es \u00e0 E.M.E.F Dr. Ant\u00f4nio Bemfica por seus 23 anos de exist\u00eancia."}, {"id": 20847, "ano": 2013, "numero": 313, "tipo__sigla": "REQ", "tipo__descricao": "Requerimento", "autoria__autor__nome": "Professor Issur Koch", "texto_original": "https://sapl.camaranh.rs.gov.br/media/sapl/public/materialegislativa/2013/20847/20847_texto_integral.odt", "ementa": "Requer Voto de Congratula\u00e7\u00f5es \u00e0 E.M.E.F Cec\u00edlia Meireles   por seus 23 anos de exist\u00eancia."}, {"id": 20852, "ano": 2013, "numero": 314, "tipo__sigla": "REQ", "tipo__descricao": "Requerimento", "autoria__autor__nome": "Enfermeiro Vilmar", "texto_original": "https://sapl.camaranh.rs.gov.br/media/sapl/public/materialegislativa/2013/20852/20852_texto_integral.odt", "ementa": "Requer que sejam convidados os enfermeiros Lu\u00eds Besson e Marco Aur\u00e9lio Pons para participarem da Sess\u00e3o Ordin\u00e1ria de 09 de maio de 2013 a fim de falarem acerca da Semana da Enfermagem."}, {"id": 20856, "ano": 2013, "numero": 315, "tipo__sigla": "REQ", "tipo__descricao": "Requerimento", "autoria__autor__nome": "Sergio Hanich", "texto_original": "https://sapl.camaranh.rs.gov.br/media/sapl/public/materialegislativa/2013/20856/20856_texto_integral.odt", "ementa": "Requer a retirada do Projeto de Resolu\u00e7\u00e3o n\u00ba 12/2011."}, {"id": 20857, "ano": 2013, "numero": 316, "tipo__sigla": "REQ", "tipo__descricao": "Requerimento", "autoria__autor__nome": "Luiz Fernando Farias", "texto_original": "https://sapl.camaranh.rs.gov.br/media/sapl/public/materialegislativa/2013/20857/20857_texto_integral.odt", "ementa": "Requer a indica\u00e7\u00e3o do Vereador Luiz Fernando Farias, pela Bancada do PT, junto \u00e0 Frente Parlamentar em Defesa da Divers\u00e3o Segura."}, {"id": 20858, "ano": 2013, "numero": 317, "tipo__sigla": "REQ", "tipo__descricao": "Requerimento", "autoria__autor__nome": "Raul Cassel", "texto_original": "https://sapl.camaranh.rs.gov.br/media/sapl/public/materialegislativa/2013/20858/20858_texto_integral.odt", "ementa": "Requer Voto de Congratula\u00e7\u00f5es pela realiza\u00e7\u00e3o da 1\u00aa Exposi\u00e7\u00e3o Estadual de Orqu\u00eddeas."}, {"id": 20859, "ano": 2013, "numero": 318, "tipo__sigla": "REQ", "tipo__descricao": "Requerimento", "autoria__autor__nome": "Sergio Hanich", "texto_original": "https://sapl.camaranh.rs.gov.br/media/sapl/public/materialegislativa/2013/20859/20859_texto_integral.odt", "ementa": "Requer a retirada do Projeto de Emenda \u00e0 Lei Org\u00e2nica Municipal n\u00ba 3/2011."}, {"id": 20873, "ano": 2013, "numero": 319, "tipo__sigla": "REQ", "tipo__descricao": "Requerimento", "autoria__autor__nome": "JorgeTatsch", "texto_original": "https://sapl.camaranh.rs.gov.br/media/sapl/public/materialegislativa/2013/20873/20873_texto_integral.odt", "ementa": "Requer a indica\u00e7\u00e3o do Vereador Jorge Tatsch, pela Bancada do PPS, junto \u00e0 \"FRENTE PARLAMENTAR EM DEFESA DA DIVERS\u00c3O SEGURA\"."}, {"id": 20875, "ano": 2013, "numero": 320, "tipo__sigla": "REQ", "tipo__descricao": "Requerimento", "autoria__autor__nome": "JorgeTatsch", "texto_original": "https://sapl.camaranh.rs.gov.br/media/sapl/public/materialegislativa/2013/20875/20875_texto_integral.odt", "ementa": "Requer a indica\u00e7\u00e3o do Vereador Jorge Tatsch, pela Bancada do PPS, junto \u00e0 \"FRENTE PARLAMENTAR DOS HOMENS PELO FIM DA VIOL\u00caNCIA CONTRA AS MULHERES\"."}, {"id": 20890, "ano": 2013, "numero": 321, "tipo__sigla": "REQ", "tipo__descricao": "Requerimento", "autoria__autor__nome": "Cristiano Coller", "texto_original": "https://sapl.camaranh.rs.gov.br/media/sapl/public/materialegislativa/2013/20890/20890_texto_integral.odt", "ementa": "Requer a indica\u00e7\u00e3o do Vereador Cristiano Coller, pela Bancada do PDT, junto \u00e0 \"Frente Parlamentar Visando o Fortalecimento das Mulheres Empreendedoras de Novo Hamburgo\"."}, {"id": 20901, "ano": 2013, "numero": 322, "tipo__sigla": "REQ", "tipo__descricao": "Requerimento", "autoria__autor__nome": "Raul Cassel", "texto_original": "https://sapl.camaranh.rs.gov.br/media/sapl/public/materialegislativa/2013/20901/20901_texto_integral.odt", "ementa": "Requer Voto de Pesar pelo falecimento do senhor Otto Guilherme Georg."}, {"id": 20903, "ano": 2013, "numero": 323, "tipo__sigla": "REQ", "tipo__descricao": "Requerimento", "autoria__autor__nome": "Professor Issur Koch", "texto_original": "https://sapl.camaranh.rs.gov.br/media/sapl/public/materialegislativa/2013/20903/20903_texto_integral.odt", "ementa": "Requer que seja convidada a Sra. Ana Fl\u00e1via Linck, Presidente do Instituto dos Meninos Cantores de Novo Hamburgo - Canarinhos, para comparecer \u00e0 Sess\u00e3o Ordin\u00e1ria do dia 16 de abril de 2013, a fim de falar sobre o projeto de revitaliza\u00e7\u00e3o do instituto. "}, {"id": 20906, "ano": 2013, "numero": 324, "tipo__sigla": "REQ", "tipo__descricao": "Requerimento", "autoria__autor__nome": "Professor Issur Koch", "texto_original": "https://sapl.camaranh.rs.gov.br/media/sapl/public/materialegislativa/2013/20906/20906_texto_integral.odt", "ementa": "Requer Voto de Congratula\u00e7\u00f5es ao  Instituto dos Meninos Cantores de Novo Hamburgo - Canarinhos, pelos seus 39 anos de cria\u00e7\u00e3o, comemorados no dia 5 de abril."}, {"id": 20909, "ano": 2013, "numero": 325, "tipo__sigla": "REQ", "tipo__descricao": "Requerimento", "autoria__autor__nome": "Cristiano Coller", "texto_original": "https://sapl.camaranh.rs.gov.br/media/sapl/public/materialegislativa/2013/20909/20909_texto_integral.odt", "ementa": "Requer Voto de Congratula\u00e7\u00f5es ao Jornal NH, pelo Caderno Especial no dia 22 de mar\u00e7o, sobre a Semana da \u00c1gua."}, {"id": 20910, "ano": 2013, "numero": 326, "tipo__sigla": "REQ", "tipo__descricao": "Requerimento", "autoria__autor__nome": "Cristiano Coller", "texto_original": "https://sapl.camaranh.rs.gov.br/media/sapl/public/materialegislativa/2013/20910/20910_texto_integral.odt", "ementa": "Requer Voto de Congratula\u00e7\u00f5es \u00e0 Esporte Clube Bola 8, pelos 14  anos de funda\u00e7\u00e3o."}, {"id": 20911, "ano": 2013, "numero": 327, "tipo__sigla": "REQ", "tipo__descricao": "Requerimento", "autoria__autor__nome": "Antonio Lucas\r\nBetinho\r\nCristiano Coller\r\nEnfermeiro Vilmar\r\nInspetor Luz\r\nJorge Velho\r\nLuiz Fernando Farias\r\nNaasom Luciano\r\nPatr\u00edcia Beck\r\nProfessor Issur Koch\r\nRaul Cassel\r\nSergio Hanich", "texto_original": "https://sapl.camaranh.rs.gov.br/media/sapl/public/materialegislativa/2013/20911/20911_texto_integral.odt", "ementa": "Requer Voto de Congratula\u00e7\u00f5es ao Dr. Gerson Peteffi pela comemora\u00e7\u00e3o de seus 30  anos como funcion\u00e1rio p\u00fablico, no exerc\u00edcio de suas fun\u00e7\u00f5es na \u00e1rea da sa\u00fade."}, {"id": 20920, "ano": 2013, "numero": 328, "tipo__sigla": "REQ", "tipo__descricao": "Requerimento", "autoria__autor__nome": "Naasom Luciano", "texto_original": "https://sapl.camaranh.rs.gov.br/media/sapl/public/materialegislativa/2013/20920/20920_texto_integral.odt", "ementa": "Requer Voto de Pesar pelo falecimento da Sra. Maria Valesca Passini."}, {"id": 20922, "ano": 2013, "numero": 329, "tipo__sigla": "REQ", "tipo__descricao": "Requerimento", "autoria__autor__nome": "Raul Cassel", "texto_original": "https://sapl.camaranh.rs.gov.br/media/sapl/public/materialegislativa/2013/20922/20922_texto_integral.odt", "ementa": "Requer Voto de Congratula\u00e7\u00f5es ao atleta Uilian Jonatan Correa, Tricampe\u00e3o Brasileiro de Aquathlon."}, {"id": 20944, "ano": 2013, "numero": 330, "tipo__sigla": "REQ", "tipo__descricao": "Requerimento", "autoria__autor__nome": "Enfermeiro Vilmar", "texto_original": "https://sapl.camaranh.rs.gov.br/media/sapl/public/materialegislativa/2013/20944/20944_texto_integral.odt", "ementa": "Requer a indica\u00e7\u00e3o do Vereador Enfermeiro  Vilmar, pela bancada do PR, junto \u00e0 Frente Parlamentar em Defesa da Divers\u00e3o Segura."}, {"id": 20946, "ano": 2013, "numero": 331, "tipo__sigla": "REQ", "tipo__descricao": "Requerimento", "autoria__autor__nome": "Enfermeiro Vilmar", "texto_original": "https://sapl.camaranh.rs.gov.br/media/sapl/public/materialegislativa/2013/20946/20946_texto_integral.odt", "ementa": "Requer a indica\u00e7\u00e3o do Vereador Enfermeiro  Vilmar, pela bancada do PR, junto \u00e0 Frente Parlamentar do Fortalecimento das Mulheres Empreendedoras de Novo Hamburgo."}, {"id": 20947, "ano": 2013, "numero": 332, "tipo__sigla": "REQ", "tipo__descricao": "Requerimento", "autoria__autor__nome": "Roger Corr\u00eaa", "texto_original": "https://sapl.camaranh.rs.gov.br/media/sapl/public/materialegislativa/2013/20947/20947_texto_integral.odt", "ementa": "Requer a indica\u00e7\u00e3o do Vereador Roger Corr\u00eaa, pela Bancada do PCdoB, junto \u00e0 Frente Parlamentar dos homens pelo fim da viol\u00eancia  contra as mulheres."}, {"id": 20948, "ano": 2013, "numero": 333, "tipo__sigla": "REQ", "tipo__descricao": "Requerimento", "autoria__autor__nome": "Roger Corr\u00eaa", "texto_original": "https://sapl.camaranh.rs.gov.br/media/sapl/public/materialegislativa/2013/20948/20948_texto_integral.odt", "ementa": "Requer a indica\u00e7\u00e3o do Vereador Roger Corr\u00eaa, pela Bancada do PCdoB, junto \u00e0 Frente Parlamentar  visando o fortalecimento das mulheres  empreendedoras de Novo Hamburgo."}, {"id": 20957, "ano": 2013, "numero": 334, "tipo__sigla": "REQ", "tipo__descricao": "Requerimento", "autoria__autor__nome": "Inspetor Luz", "texto_original": "https://sapl.camaranh.rs.gov.br/media/sapl/public/materialegislativa/2013/20957/20957_texto_integral.odt", "ementa": "Requer Voto de Congratula\u00e7\u00f5es ao Hotel Swan Tower pela passagem de seus 20 anos de funda\u00e7\u00e3o."}, {"id": 20963, "ano": 2013, "numero": 335, "tipo__sigla": "REQ", "tipo__descricao": "Requerimento", "autoria__autor__nome": "Cristiano Coller", "texto_original": "https://sapl.camaranh.rs.gov.br/media/sapl/public/materialegislativa/2013/20963/20963_texto_integral.odt", "ementa": "Requer Voto de Congratula\u00e7\u00f5es ao SENNAREIS Bistr\u00f4 pela sua inaugura\u00e7\u00e3o."}, {"id": 20970, "ano": 2013, "numero": 336, "tipo__sigla": "REQ", "tipo__descricao": "Requerimento", "autoria__autor__nome": "Professor Issur Koch", "texto_original": "https://sapl.camaranh.rs.gov.br/media/sapl/public/materialegislativa/2013/20970/20970_texto_integral.odt", "ementa": "Requer Voto de Congratula\u00e7\u00f5es \u00e0 E.M.E.F Vereador Arnaldo Reinhardt pelos seus 28 anos de exist\u00eancia."}, {"id": 20971, "ano": 2013, "numero": 337, "tipo__sigla": "REQ", "tipo__descricao": "Requerimento", "autoria__autor__nome": "Raul Cassel", "texto_original": "https://sapl.camaranh.rs.gov.br/media/sapl/public/materialegislativa/2013/20971/20971_texto_integral.odt", "ementa": "Requer Voto de Congratula\u00e7\u00f5es \u00e0 RBA Comunica\u00e7\u00e3o, pela comemora\u00e7\u00e3o de seus 37 anos de atividades."}, {"id": 20973, "ano": 2013, "numero": 338, "tipo__sigla": "REQ", "tipo__descricao": "Requerimento", "autoria__autor__nome": "Raul Cassel", "texto_original": "https://sapl.camaranh.rs.gov.br/media/sapl/public/materialegislativa/2013/20973/20973_texto_integral.odt", "ementa": "Requer Voto de Congratula\u00e7\u00f5es \u00e0 nova dire\u00e7\u00e3o do SENAC."}, {"id": 20974, "ano": 2013, "numero": 339, "tipo__sigla": "REQ", "tipo__descricao": "Requerimento", "autoria__autor__nome": "Raul Cassel", "texto_original": "https://sapl.camaranh.rs.gov.br/media/sapl/public/materialegislativa/2013/20974/20974_texto_integral.odt", "ementa": "Requer Voto de Congratula\u00e7\u00f5es \u00e0 AMO pela comemora\u00e7\u00e3o de seus 15 anos de atividades."}, {"id": 20989, "ano": 2013, "numero": 340, "tipo__sigla": "REQ", "tipo__descricao": "Requerimento", "autoria__autor__nome": "Professor Issur Koch", "texto_original": "https://sapl.camaranh.rs.gov.br/media/sapl/public/materialegislativa/2013/20989/20989_texto_integral.odt", "ementa": "Requer a indica\u00e7\u00e3o do Vereador Issur Koch, pela Bancada do PP, junto \u00e0 Frente Parlamentar em Defesa da Divers\u00e3o Segura."}, {"id": 20994, "ano": 2013, "numero": 341, "tipo__sigla": "REQ", "tipo__descricao": "Requerimento", "autoria__autor__nome": "Raul Cassel", "texto_original": "https://sapl.camaranh.rs.gov.br/media/sapl/public/materialegislativa/2013/20994/20994_texto_integral.pdf", "ementa": "Requer que Parte do Expediente da Sess\u00e3o Ordin\u00e1ria do dia 27 de agosto de 2013, seja destinada para homenagear os 50 anos da APAE/NH."}, {"id": 21000, "ano": 2013, "numero": 342, "tipo__sigla": "REQ", "tipo__descricao": "Requerimento", "autoria__autor__nome": "Roger Corr\u00eaa", "texto_original": "https://sapl.camaranh.rs.gov.br/media/sapl/public/materialegislativa/2013/21000/21000_texto_integral.odt", "ementa": "Requer Voto de Congratula\u00e7\u00f5es ao Consulado Colorado de Novo Hamburgo, pela passagem do anivers\u00e1rio de 104 anos do Sport Club Internacional, comemorado no dia 04 de abril."}, {"id": 21008, "ano": 2013, "numero": 343, "tipo__sigla": "REQ", "tipo__descricao": "Requerimento", "autoria__autor__nome": "Sergio Hanich", "texto_original": "https://sapl.camaranh.rs.gov.br/media/sapl/public/materialegislativa/2013/21008/21008_texto_integral.odt", "ementa": "Solicita informa\u00e7\u00f5es descritas abaixo."}, {"id": 21009, "ano": 2013, "numero": 344, "tipo__sigla": "REQ", "tipo__descricao": "Requerimento", "autoria__autor__nome": "Sergio Hanich", "texto_original": "https://sapl.camaranh.rs.gov.br/media/sapl/public/materialegislativa/2013/21009/21009_texto_integral.odt", "ementa": "Voto de pesar pelo falecimento do Sr. Ernani Ervino Freiberger."}, {"id": 21016, "ano": 2013, "numero": 345, "tipo__sigla": "REQ", "tipo__descricao": "Requerimento", "autoria__autor__nome": "Roger Corr\u00eaa", "texto_original": "https://sapl.camaranh.rs.gov.br/media/sapl/public/materialegislativa/2013/21016/21016_texto_integral.odt", "ementa": "Requer a realiza\u00e7\u00e3o de Audi\u00eancia P\u00fablica no dia 06 de maio de 2013, com in\u00edcio \u00e0s 19 horas e t\u00e9rmino \u00e0s 21 horas, no Plen\u00e1rio desta Casa Legislativa, com a finalidade de debater sobre \"o papel do skate no desenvolvimento social e econ\u00f4mico de Novo Hamburgo\"."}, {"id": 21026, "ano": 2013, "numero": 346, "tipo__sigla": "REQ", "tipo__descricao": "Requerimento", "autoria__autor__nome": "JorgeTatsch", "texto_original": "https://sapl.camaranh.rs.gov.br/media/sapl/public/materialegislativa/2013/21026/21026_texto_integral.odt", "ementa": "Solicita informa\u00e7\u00f5es sobre a canaliza\u00e7\u00e3o do esgoto \u00e0 c\u00e9u aberto nas proximidades das Ruas Planalto e Costa Rica, no Bairro Santo Afonso."}, {"id": 21028, "ano": 2013, "numero": 347, "tipo__sigla": "REQ", "tipo__descricao": "Requerimento", "autoria__autor__nome": "Antonio Lucas", "texto_original": "https://sapl.camaranh.rs.gov.br/media/sapl/public/materialegislativa/2013/21028/21028_texto_integral.odt", "ementa": "Requer licen\u00e7a da verean\u00e7a por 7 (sete) dias, a partir de 10 de abril, conforme atestado m\u00e9dico em anexo."}, {"id": 21041, "ano": 2013, "numero": 348, "tipo__sigla": "REQ", "tipo__descricao": "Requerimento", "autoria__autor__nome": "Raul Cassel", "texto_original": "https://sapl.camaranh.rs.gov.br/media/sapl/public/materialegislativa/2013/21041/21041_texto_integral.odt", "ementa": "Requer informa\u00e7\u00f5es sobre a autoriza\u00e7\u00e3o pela SEMAM para derrubada de 130 \u00e1rvores na AFC do Bairro Lomba Grande. "}, {"id": 21042, "ano": 2013, "numero": 349, "tipo__sigla": "REQ", "tipo__descricao": "Requerimento", "autoria__autor__nome": "Betinho", "texto_original": "https://sapl.camaranh.rs.gov.br/media/sapl/public/materialegislativa/2013/21042/21042_texto_integral.odt", "ementa": "Requer que Parte do Expediente da Sess\u00e3o Ordin\u00e1ria do dia 30 de abril de 2013 seja destinada para prestar homenagem aos trabalhadores pela passagem do Dia do Trabalhador e tamb\u00e9m pela passagem dos 80 anos do Sindicato das Sapateiras e Sapateiros de Novo Hamburgo."}, {"id": 21043, "ano": 2013, "numero": 350, "tipo__sigla": "REQ", "tipo__descricao": "Requerimento", "autoria__autor__nome": "Gerson Peteffi", "texto_original": "https://sapl.camaranh.rs.gov.br/media/sapl/public/materialegislativa/2013/21043/21043_texto_integral.odt", "ementa": "Solicita informa\u00e7\u00f5es complementares sobre a altera\u00e7\u00e3o das datas de cobran\u00e7a de IPTU."}, {"id": 21046, "ano": 2013, "numero": 351, "tipo__sigla": "REQ", "tipo__descricao": "Requerimento", "autoria__autor__nome": "Sergio Hanich", "texto_original": "https://sapl.camaranh.rs.gov.br/media/sapl/public/materialegislativa/2013/21046/21046_texto_integral.odt", "ementa": "Requer Voto de Pesar pelo falecimento do Sr. Ernesto Steffen."}, {"id": 21048, "ano": 2013, "numero": 352, "tipo__sigla": "REQ", "tipo__descricao": "Requerimento", "autoria__autor__nome": "Gerson Peteffi", "texto_original": "https://sapl.camaranh.rs.gov.br/media/sapl/public/materialegislativa/2013/21048/21048_texto_integral.odt", "ementa": "Solicita informa\u00e7\u00f5es sobre o show do cantor Daniel no dia 07 de abril de 2013, realizado na Pista de Eventos Jos\u00e9 Eli Teles da Silveira."}, {"id": 21049, "ano": 2013, "numero": 353, "tipo__sigla": "REQ", "tipo__descricao": "Requerimento", "autoria__autor__nome": "Patr\u00edcia Beck", "texto_original": "https://sapl.camaranh.rs.gov.br/media/sapl/public/materialegislativa/2013/21049/21049_texto_integral.odt", "ementa": "Requer Voto de Pesar pelo falecimento do  Senhor Carlos Barromeu de S\u00e1."}, {"id": 21050, "ano": 2013, "numero": 354, "tipo__sigla": "REQ", "tipo__descricao": "Requerimento", "autoria__autor__nome": "Naasom Luciano\r\nPatr\u00edcia Beck", "texto_original": "https://sapl.camaranh.rs.gov.br/media/sapl/public/materialegislativa/2013/21050/21050_texto_integral.odt", "ementa": "Requerem que seja convidada a Sra. Andreia Schneider para participar da Sess\u00e3o Ordin\u00e1ria de 16 de maio de 2013, a fim de falar sobre a descriminaliza\u00e7\u00e3o das drogas e as altera\u00e7\u00f5es no C\u00f3digo Penal."}, {"id": 21073, "ano": 2013, "numero": 355, "tipo__sigla": "REQ", "tipo__descricao": "Requerimento", "autoria__autor__nome": "Cristiano Coller", "texto_original": "https://sapl.camaranh.rs.gov.br/media/sapl/public/materialegislativa/2013/21073/21073_texto_integral.odt", "ementa": "Requer Voto de Congratula\u00e7\u00f5es ao Beto G\u00e1s pela comemora\u00e7\u00e3o dos seus 10 anos de atividades."}, {"id": 21074, "ano": 2013, "numero": 356, "tipo__sigla": "REQ", "tipo__descricao": "Requerimento", "autoria__autor__nome": "Enfermeiro Vilmar", "texto_original": "https://sapl.camaranh.rs.gov.br/media/sapl/public/materialegislativa/2013/21074/21074_texto_integral.odt", "ementa": "Requer a indica\u00e7\u00e3o dos Vereadores Enfermeiro  Vilmar e S\u00e9rgio Hanich para participar da 43\u00ba   Assembleia Nacional da Assemae, a realizar-se nos dias 19, 20, 21, 22, 23 e 24 de Maio de 2013, em  Vit\u00f3ria, Esp\u00edrito Santo - ES."}, {"id": 21077, "ano": 2013, "numero": 357, "tipo__sigla": "REQ", "tipo__descricao": "Requerimento", "autoria__autor__nome": "Raul Cassel", "texto_original": "https://sapl.camaranh.rs.gov.br/media/sapl/public/materialegislativa/2013/21077/21077_texto_integral.odt", "ementa": "Requer Voto de Congratula\u00e7\u00f5es \u00e0 Sra. Simone Sauressig pelo lan\u00e7amento do livro \"O Nallad\u00edgua - os S\u00f3is da Am\u00e9rica\"."}, {"id": 21078, "ano": 2013, "numero": 358, "tipo__sigla": "REQ", "tipo__descricao": "Requerimento", "autoria__autor__nome": "Raul Cassel", "texto_original": "https://sapl.camaranh.rs.gov.br/media/sapl/public/materialegislativa/2013/21078/21078_texto_integral.odt", "ementa": "Requer Voto de Congratula\u00e7\u00f5es ao Departamento de T\u00eanis da Sociedade Alian\u00e7a pelo novo projeto social."}, {"id": 21079, "ano": 2013, "numero": 359, "tipo__sigla": "REQ", "tipo__descricao": "Requerimento", "autoria__autor__nome": "Raul Cassel", "texto_original": "https://sapl.camaranh.rs.gov.br/media/sapl/public/materialegislativa/2013/21079/21079_texto_integral.odt", "ementa": "Requer Voto de Congratula\u00e7\u00f5es ao \"Bar do Ni\" pela comemora\u00e7\u00e3o de seus 25 anos de atividades."}, {"id": 21080, "ano": 2013, "numero": 360, "tipo__sigla": "REQ", "tipo__descricao": "Requerimento", "autoria__autor__nome": "Luiz Fernando Farias", "texto_original": "https://sapl.camaranh.rs.gov.br/media/sapl/public/materialegislativa/2013/21080/21080_texto_integral.odt", "ementa": "Requer Voto de Congratula\u00e7\u00f5es ao Dia do Policial comemorado no dia 21 de abril."}, {"id": 21090, "ano": 2013, "numero": 361, "tipo__sigla": "REQ", "tipo__descricao": "Requerimento", "autoria__autor__nome": "Inspetor Luz", "texto_original": "https://sapl.camaranh.rs.gov.br/media/sapl/public/materialegislativa/2013/21090/21090_texto_integral.odt", "ementa": "Requer a realiza\u00e7\u00e3o de Audi\u00eancia P\u00fablica no dia 08 de maio de 2013, com in\u00edcio \u00e0s 19 horas e t\u00e9rmino \u00e0s 21 horas, no Plen\u00e1rio desta Casa Legislativa, com a finalidade de debater o Projeto de Lei n\u00ba 120/2012 que \"disp\u00f5e sobre a execu\u00e7\u00e3o do servi\u00e7o de transporte de passageiros em ve\u00edculos de aluguel a tax\u00edmetro no \u00e2mbito do Munic\u00edpio de Novo Hamburgo e d\u00e1 outras provid\u00eancias\"."}, {"id": 21100, "ano": 2013, "numero": 362, "tipo__sigla": "REQ", "tipo__descricao": "Requerimento", "autoria__autor__nome": "Professor Issur Koch", "texto_original": "https://sapl.camaranh.rs.gov.br/media/sapl/public/materialegislativa/2013/21100/21100_texto_integral.odt", "ementa": "Solicita informa\u00e7\u00f5es sobre o andamento e cronograma das obras para melhorias na E.M.E.F. Ana Neri, no Bairro Jardim Mau\u00e1."}, {"id": 21101, "ano": 2013, "numero": 363, "tipo__sigla": "REQ", "tipo__descricao": "Requerimento", "autoria__autor__nome": "JorgeTatsch", "texto_original": "https://sapl.camaranh.rs.gov.br/media/sapl/public/materialegislativa/2013/21101/21101_texto_integral.odt", "ementa": "Solicita informa\u00e7\u00f5es acerca da EMEI Floresta Encantada localizada na Av. 22 de Outubro, esquina com a Av. Floresta, no Bairro Boa Sa\u00fade."}, {"id": 21113, "ano": 2013, "numero": 364, "tipo__sigla": "REQ", "tipo__descricao": "Requerimento", "autoria__autor__nome": "JorgeTatsch", "texto_original": "https://sapl.camaranh.rs.gov.br/media/sapl/public/materialegislativa/2013/21113/21113_texto_integral.odt", "ementa": "Solicita informa\u00e7\u00f5es acerca do funcionamento da c\u00e2mera de seguran\u00e7a localizada na Av. Montevideo, esquina com a Rua M\u00e9xico, no Bairro Santo Afonso."}, {"id": 21125, "ano": 2013, "numero": 365, "tipo__sigla": "REQ", "tipo__descricao": "Requerimento", "autoria__autor__nome": "Sergio Hanich", "texto_original": "https://sapl.camaranh.rs.gov.br/media/sapl/public/materialegislativa/2013/21125/21125_texto_integral.odt", "ementa": "Requer Voto de Pesar pelo falecimento da Sra. Claires Maria Morem Garcia."}, {"id": 21126, "ano": 2013, "numero": 366, "tipo__sigla": "REQ", "tipo__descricao": "Requerimento", "autoria__autor__nome": "Raul Cassel", "texto_original": "https://sapl.camaranh.rs.gov.br/media/sapl/public/materialegislativa/2013/21126/21126_texto_integral.odt", "ementa": "Requer Voto de Congratula\u00e7\u00f5es ao NAP - N\u00facleo de Atendimento Psicol\u00f3gico."}, {"id": 21130, "ano": 2013, "numero": 367, "tipo__sigla": "REQ", "tipo__descricao": "Requerimento", "autoria__autor__nome": "Roger Corr\u00eaa", "texto_original": "https://sapl.camaranh.rs.gov.br/media/sapl/public/materialegislativa/2013/21130/21130_texto_integral.odt", "ementa": "Requer Voto de Congratula\u00e7\u00f5es ao Professor do Curso de Design da Universidade FEEVALE Juan Felipe Almada pela elabora\u00e7\u00e3o da disserta\u00e7\u00e3o de mestrado em Inclus\u00e3o Social e Acessibilidade com o t\u00edtulo de \"Disposi\u00e7\u00e3o ergon\u00f4mica para acomoda\u00e7\u00e3o de pessoas com defici\u00eancia f\u00edsica em transporte coletivo\", sob a orienta\u00e7\u00e3o da prof. Jacinta Sidegum Renner. "}, {"id": 21145, "ano": 2013, "numero": 368, "tipo__sigla": "REQ", "tipo__descricao": "Requerimento", "autoria__autor__nome": "Cristiano Coller\r\nGerson Peteffi\r\nInspetor Luz\r\nJorgeTatsch\r\nProfessor Issur Koch\r\nRaul Cassel\r\nSergio Hanich", "texto_original": "https://sapl.camaranh.rs.gov.br/media/sapl/public/materialegislativa/2013/21145/21145_texto_integral.odt", "ementa": "Requerem que seja convocada a senhora Carla Bertinatto, Diretora de Compras e Licita\u00e7\u00f5es de Novo Hamburgo, para comparecer \u00e0 Sess\u00e3o Ordin\u00e1ria de 25 de abril de 2013."}, {"id": 21148, "ano": 2013, "numero": 369, "tipo__sigla": "REQ", "tipo__descricao": "Requerimento", "autoria__autor__nome": "Naasom Luciano", "texto_original": "https://sapl.camaranh.rs.gov.br/media/sapl/public/materialegislativa/2013/21148/21148_texto_integral.odt", "ementa": "Requer que a C\u00e2mara reconhe\u00e7a leg\u00edtimo impedimento do Vereador Naasom Luciano no dia 18 de abril de 2013 e licen\u00e7a da verean\u00e7a at\u00e9 o dia 23 de abril, conforme atestado m\u00e9dico em anexo."}, {"id": 21150, "ano": 2013, "numero": 370, "tipo__sigla": "REQ", "tipo__descricao": "Requerimento", "autoria__autor__nome": "Betinho", "texto_original": "https://sapl.camaranh.rs.gov.br/media/sapl/public/materialegislativa/2013/21150/21150_texto_integral.odt", "ementa": "Requer que Parte do Expediente da Sess\u00e3o Ordin\u00e1ria do dia 21 de maio de 2013, seja para prestar homenagem ao Sindicato dos Professores do Ensino Privado do Estado do Rio Grande do Sul, pela passagem dos 75 anos de funda\u00e7\u00e3o da entidade."}, {"id": 21151, "ano": 2013, "numero": 371, "tipo__sigla": "REQ", "tipo__descricao": "Requerimento", "autoria__autor__nome": "Patr\u00edcia Beck", "texto_original": "https://sapl.camaranh.rs.gov.br/media/sapl/public/materialegislativa/2013/21151/21151_texto_integral.odt", "ementa": "Requer que a C\u00e2mara reconhe\u00e7a leg\u00edtimo impedimento da Vereadora Patricia Beck no dia 18 de abril de 2013, conforme atestado  m\u00e9dico em anexo."}, {"id": 21152, "ano": 2013, "numero": 372, "tipo__sigla": "REQ", "tipo__descricao": "Requerimento", "autoria__autor__nome": "Gerson Peteffi", "texto_original": "https://sapl.camaranh.rs.gov.br/media/sapl/public/materialegislativa/2013/21152/21152_texto_integral.odt", "ementa": "Requer Voto de Pesar pelo falecimento do Sr. Fernandes Matias Nunes."}, {"id": 21153, "ano": 2013, "numero": 373, "tipo__sigla": "REQ", "tipo__descricao": "Requerimento", "autoria__autor__nome": "Raul Cassel", "texto_original": "https://sapl.camaranh.rs.gov.br/media/sapl/public/materialegislativa/2013/21153/21153_texto_integral.odt", "ementa": "Requer Voto de Pesar pelo falecimento do Sr. Carlos Luis Scheffel."}, {"id": 21155, "ano": 2013, "numero": 374, "tipo__sigla": "REQ", "tipo__descricao": "Requerimento", "autoria__autor__nome": "Raul Cassel", "texto_original": "https://sapl.camaranh.rs.gov.br/media/sapl/public/materialegislativa/2013/21155/21155_texto_integral.odt", "ementa": "Requer Voto de Congratula\u00e7\u00f5es ao Grupo de Bol\u00e3o Tiradentes pela comemora\u00e7\u00e3o de seus 72 anos."}, {"id": 21163, "ano": 2013, "numero": 375, "tipo__sigla": "REQ", "tipo__descricao": "Requerimento", "autoria__autor__nome": "Raul Cassel", "texto_original": "https://sapl.camaranh.rs.gov.br/media/sapl/public/materialegislativa/2013/21163/21163_texto_integral.odt", "ementa": "Requer Voto de Congratula\u00e7\u00f5es ao jovem Lucas Ferreira por tornar-se campe\u00e3o em gaita piano e gaita ponto no 17\u00ba Rodeio de Cap\u00e3o da Canoa."}, {"id": 21167, "ano": 2013, "numero": 376, "tipo__sigla": "REQ", "tipo__descricao": "Requerimento", "autoria__autor__nome": "Cristiano Coller", "texto_original": "https://sapl.camaranh.rs.gov.br/media/sapl/public/materialegislativa/2013/21167/21167_texto_integral.odt", "ementa": "Requer Voto de Congratula\u00e7\u00f5es aos Grupos de Escoteiros Atiradores, Hans Staden e Itapu\u00ed pela passagem do Dia Mundial do Escoteiro."}, {"id": 21168, "ano": 2013, "numero": 377, "tipo__sigla": "REQ", "tipo__descricao": "Requerimento", "autoria__autor__nome": "Roger Corr\u00eaa", "texto_original": "https://sapl.camaranh.rs.gov.br/media/sapl/public/materialegislativa/2013/21168/21168_texto_integral.odt", "ementa": "Requer a cria\u00e7\u00e3o de uma Comiss\u00e3o Especial na C\u00e2mara Municipal de Vereadores denominada \"FRENTE PARLAMENTAR EM DEFESA DO DIREITOS DOS ANIMAIS\"."}, {"id": 21197, "ano": 2013, "numero": 378, "tipo__sigla": "REQ", "tipo__descricao": "Requerimento", "autoria__autor__nome": "Inspetor Luz", "texto_original": "https://sapl.camaranh.rs.gov.br/media/sapl/public/materialegislativa/2013/21197/21197_texto_integral.odt", "ementa": "Requer que seja convidado o Secret\u00e1rio Interino da Fazenda, Sr. Gilberto dos Reis, para participar da Sess\u00e3o Ordin\u00e1ria de 25 de abril de 2013 e prestar esclarecimentos acerca do Projeto de Lei n\u00ba 3/2013, que autoriza o cancelamento de d\u00e9bitos tribut\u00e1rios e n\u00e3o tribut\u00e1rios no valor de R$ 1.943.107,87."}, {"id": 21201, "ano": 2013, "numero": 379, "tipo__sigla": "REQ", "tipo__descricao": "Requerimento", "autoria__autor__nome": "Naasom Luciano", "texto_original": "https://sapl.camaranh.rs.gov.br/media/sapl/public/materialegislativa/2013/21201/21201_texto_integral.odt", "ementa": "Requer Voto de Pesar pelo falecimento do Sr. Elmo Cortez Rodrigues."}, {"id": 21209, "ano": 2013, "numero": 380, "tipo__sigla": "REQ", "tipo__descricao": "Requerimento", "autoria__autor__nome": "Professor Issur Koch", "texto_original": "https://sapl.camaranh.rs.gov.br/media/sapl/public/materialegislativa/2013/21209/21209_texto_integral.odt", "ementa": "Solicita informa\u00e7\u00f5es quanto ao n\u00famero total de professores do munic\u00edpio e quantos destes tem curso superior ou cursando."}, {"id": 21241, "ano": 2013, "numero": 381, "tipo__sigla": "REQ", "tipo__descricao": "Requerimento", "autoria__autor__nome": "Naasom Luciano", "texto_original": "https://sapl.camaranh.rs.gov.br/media/sapl/public/materialegislativa/2013/21241/21241_texto_integral.odt", "ementa": "Requer Voto de Pesar pelo falecimento da Sra. Toni Thomas."}, {"id": 21248, "ano": 2013, "numero": 382, "tipo__sigla": "REQ", "tipo__descricao": "Requerimento", "autoria__autor__nome": "Betinho", "texto_original": "https://sapl.camaranh.rs.gov.br/media/sapl/public/materialegislativa/2013/21248/21248_texto_integral.odt", "ementa": "Requer a cria\u00e7\u00e3o de uma Comiss\u00e3o Especial na C\u00e2mara Municipal denominada \"Frente Parlamentar de Acompanhamento das Obras do Corredor de \u00d4nibus de Novo Hamburgo\"."}, {"id": 21249, "ano": 2013, "numero": 383, "tipo__sigla": "REQ", "tipo__descricao": "Requerimento", "autoria__autor__nome": "Luiz Fernando Farias", "texto_original": "https://sapl.camaranh.rs.gov.br/media/sapl/public/materialegislativa/2013/21249/21249_texto_integral.odt", "ementa": "Requer Voto de Congratula\u00e7\u00f5es ao Botafogo Futebol Clube de Novo Hamburgo, pelos 58 anos de funda\u00e7\u00e3o."}, {"id": 21250, "ano": 2013, "numero": 384, "tipo__sigla": "REQ", "tipo__descricao": "Requerimento", "autoria__autor__nome": "Cristiano Coller", "texto_original": "https://sapl.camaranh.rs.gov.br/media/sapl/public/materialegislativa/2013/21250/21250_texto_integral.odt", "ementa": "Solicita informa\u00e7\u00f5es sobre os pontos de t\u00e1xi do munic\u00edpio."}, {"id": 21262, "ano": 2013, "numero": 385, "tipo__sigla": "REQ", "tipo__descricao": "Requerimento", "autoria__autor__nome": "Cristiano Coller", "texto_original": "https://sapl.camaranh.rs.gov.br/media/sapl/public/materialegislativa/2013/21262/21262_texto_integral.odt", "ementa": "Solicita informa\u00e7\u00f5es sobre troca de ponto de t\u00e1xi do Munic\u00edpio."}, {"id": 21271, "ano": 2013, "numero": 386, "tipo__sigla": "REQ", "tipo__descricao": "Requerimento", "autoria__autor__nome": "COOSP - Comiss\u00e3o de Obras, Servi\u00e7os P\u00fablicos e Mobilidade Urbana", "texto_original": "https://sapl.camaranh.rs.gov.br/media/sapl/public/materialegislativa/2013/21271/21271_texto_integral.odt", "ementa": "Requerem que sejam convidados os diretores da Cooperativa Habitacional e de Consumo dos Servidores Municipais - COOPSERV de Lomba Grande, para comparecer \u00e0 Sess\u00e3o Ordin\u00e1ria de 23 de maio de 2013, a fim de reivindicar melhorias no condom\u00ednio."}, {"id": 21272, "ano": 2013, "numero": 387, "tipo__sigla": "REQ", "tipo__descricao": "Requerimento", "autoria__autor__nome": "Betinho\r\nRoger Corr\u00eaa", "texto_original": "https://sapl.camaranh.rs.gov.br/media/sapl/public/materialegislativa/2013/21272/21272_texto_integral.odt", "ementa": "Requerem urg\u00eancia e inclus\u00e3o do Projeto de Lei n\u00ba 49/2013, de autoria do Executivo, que \"disp\u00f5e sobre a contrata\u00e7\u00e3o de pessoal por tempo determinado, para atender necessidade tempor\u00e1ria de excepcional interesse p\u00fablico, na execu\u00e7\u00e3o de programas assistenciais (ACESSUAS), e d\u00e1 outras provid\u00eancias\", na Ordem do Dia das Sess\u00f5es Ordin\u00e1rias de 30 de abril e 2 de maio de 2013, para ser apreciado em primeira e segunda vota\u00e7\u00f5es, respectivamente, conforme facultado pelo \u00a78\u00ba do art. 150 do Regimento Interno."}, {"id": 21273, "ano": 2013, "numero": 388, "tipo__sigla": "REQ", "tipo__descricao": "Requerimento", "autoria__autor__nome": "Luiz Fernando Farias", "texto_original": "https://sapl.camaranh.rs.gov.br/media/", "ementa": "SOLICITADA A RETIRADA DA PROPOSI\u00c7\u00c3O."}, {"id": 21274, "ano": 2013, "numero": 389, "tipo__sigla": "REQ", "tipo__descricao": "Requerimento", "autoria__autor__nome": "Naasom Luciano", "texto_original": "https://sapl.camaranh.rs.gov.br/media/sapl/public/materialegislativa/2013/21274/21274_texto_integral.odt", "ementa": "Requer a Indica\u00e7\u00e3o do Vereador Naasom Luciano, pela bancada do PT, junto \u00e0 Frente Parlamentar em Defesa dos Animais."}, {"id": 21276, "ano": 2013, "numero": 390, "tipo__sigla": "REQ", "tipo__descricao": "Requerimento", "autoria__autor__nome": "Inspetor Luz", "texto_original": "https://sapl.camaranh.rs.gov.br/media/sapl/public/materialegislativa/2013/21276/21276_texto_integral.odt", "ementa": "Requer Voto de Congratula\u00e7\u00f5es \u00e0 Empresa Tan Export Importa\u00e7\u00e3o e Exporta\u00e7\u00e3o LTDA pela passagem de seus 30 anos de funda\u00e7\u00e3o."}, {"id": 21278, "ano": 2013, "numero": 391, "tipo__sigla": "REQ", "tipo__descricao": "Requerimento", "autoria__autor__nome": "Inspetor Luz", "texto_original": "https://sapl.camaranh.rs.gov.br/media/sapl/public/materialegislativa/2013/21278/21278_texto_integral.odt", "ementa": "Requer Voto de Congratula\u00e7\u00f5es \u00e0 Empresa JRB Consultores Associados pela  passagem de seus 15 anos de funda\u00e7\u00e3o."}, {"id": 21286, "ano": 2013, "numero": 392, "tipo__sigla": "REQ", "tipo__descricao": "Requerimento", "autoria__autor__nome": "Inspetor Luz", "texto_original": "https://sapl.camaranh.rs.gov.br/media/sapl/public/materialegislativa/2013/21286/21286_texto_integral.odt", "ementa": "Requer Voto de Congratula\u00e7\u00f5es a empresa E-TAB TECNOLOGIA, GEST\u00c3O DE NEG\u00d3CIOS E LOG\u00cdSTICA LTDA. pela  passagem de seus 10 anos de funda\u00e7\u00e3o.\r\n"}, {"id": 21288, "ano": 2013, "numero": 393, "tipo__sigla": "REQ", "tipo__descricao": "Requerimento", "autoria__autor__nome": "Professor Issur Koch", "texto_original": "https://sapl.camaranh.rs.gov.br/media/sapl/public/materialegislativa/2013/21288/21288_texto_integral.odt", "ementa": "Requer Voto de Congratula\u00e7\u00f5es ao Esporte Clube Novo Hamburgo por seus 102 anos de exist\u00eancia."}, {"id": 21289, "ano": 2013, "numero": 394, "tipo__sigla": "REQ", "tipo__descricao": "Requerimento", "autoria__autor__nome": "Professor Issur Koch", "texto_original": "https://sapl.camaranh.rs.gov.br/media/sapl/public/materialegislativa/2013/21289/21289_texto_integral.odt", "ementa": "Solicita informa\u00e7\u00f5es sobre a exist\u00eancia de terreno ou \u00e1rea da Prefeitura Municipal nas proximidades da E.M.E.F Floriano Peixoto \u00e1rea 12 do Or\u00e7amento Participativo no Bairro S\u00e3o Jorge."}, {"id": 21293, "ano": 2013, "numero": 395, "tipo__sigla": "REQ", "tipo__descricao": "Requerimento", "autoria__autor__nome": "Professor Issur Koch", "texto_original": "https://sapl.camaranh.rs.gov.br/media/sapl/public/materialegislativa/2013/21293/21293_texto_integral.odt", "ementa": "Solicita c\u00f3pia dos contratos referente a empresa vencedora da licita\u00e7\u00e3o para loca\u00e7\u00e3o de carros para a COMUR, com respectivas c\u00f3pias dos termos aditivos (se houverem)."}, {"id": 21294, "ano": 2013, "numero": 396, "tipo__sigla": "REQ", "tipo__descricao": "Requerimento", "autoria__autor__nome": "Professor Issur Koch", "texto_original": "https://sapl.camaranh.rs.gov.br/media/sapl/public/materialegislativa/2013/21294/21294_texto_integral.odt", "ementa": "Requer Voto de Congratula\u00e7\u00f5es \u00e0 Dra. Ivete Dieter,  por sua posse junto \u00e0 Presid\u00eancia da OAB de Novo Hamburgo."}, {"id": 21295, "ano": 2013, "numero": 397, "tipo__sigla": "REQ", "tipo__descricao": "Requerimento", "autoria__autor__nome": "Professor Issur Koch", "texto_original": "https://sapl.camaranh.rs.gov.br/media/sapl/public/materialegislativa/2013/21295/21295_texto_integral.odt", "ementa": "Requer Voto de Congratula\u00e7\u00f5es a Loja Pal\u00e1cio da M\u00fasica pelo seu cinquenten\u00e1rio."}, {"id": 21297, "ano": 2013, "numero": 398, "tipo__sigla": "REQ", "tipo__descricao": "Requerimento", "autoria__autor__nome": "Gerson Peteffi", "texto_original": "https://sapl.camaranh.rs.gov.br/media/sapl/public/materialegislativa/2013/21297/21297_texto_integral.odt", "ementa": "Requer Voto de Pesar pelo falecimento da Sr\u00aa CL\u00c9LIA SCHUMANN."}, {"id": 21298, "ano": 2013, "numero": 399, "tipo__sigla": "REQ", "tipo__descricao": "Requerimento", "autoria__autor__nome": "Professor Issur Koch", "texto_original": "https://sapl.camaranh.rs.gov.br/media/sapl/public/materialegislativa/2013/21298/21298_texto_integral.odt", "ementa": "Requer a realiza\u00e7\u00e3o de Audi\u00eancia P\u00fablica no dia 13 de maio de 2013, com in\u00edcio \u00e0s 19h e t\u00e9rmino \u00e0s 21h, no Plen\u00e1rio desta Casa Legislativa, com a finalidade de debater assuntos referentes \u00e0 educa\u00e7\u00e3o no munic\u00edpio."}, {"id": 21299, "ano": 2013, "numero": 400, "tipo__sigla": "REQ", "tipo__descricao": "Requerimento", "autoria__autor__nome": "Raul Cassel", "texto_original": "https://sapl.camaranh.rs.gov.br/media/sapl/public/materialegislativa/2013/21299/21299_texto_integral.odt", "ementa": "Requer a concess\u00e3o de medalha do \"M\u00e9rito Esportivo de Novo Hamburgo\" ao atleta UILIAN JONATAN CORREA por sua conquista a n\u00edvel sul-americano."}, {"id": 21300, "ano": 2013, "numero": 401, "tipo__sigla": "REQ", "tipo__descricao": "Requerimento", "autoria__autor__nome": "Gerson Peteffi", "texto_original": "https://sapl.camaranh.rs.gov.br/media/sapl/public/materialegislativa/2013/21300/21300_texto_integral.odt", "ementa": "Requer Voto de Pesar pelo falecimento da Sra. Loyde Kayser."}, {"id": 21301, "ano": 2013, "numero": 402, "tipo__sigla": "REQ", "tipo__descricao": "Requerimento", "autoria__autor__nome": "Inspetor Luz", "texto_original": "https://sapl.camaranh.rs.gov.br/media/sapl/public/materialegislativa/2013/21301/21301_texto_integral.odt", "ementa": "Requer Voto de Congratula\u00e7\u00f5es \u00e0 Empresa Dotel Operadora de Servi\u00e7os Hoteleiros Ltda. pela  passagem de seus 20 anos de funda\u00e7\u00e3o."}, {"id": 21302, "ano": 2013, "numero": 403, "tipo__sigla": "REQ", "tipo__descricao": "Requerimento", "autoria__autor__nome": "Inspetor Luz", "texto_original": "https://sapl.camaranh.rs.gov.br/media/sapl/public/materialegislativa/2013/21302/21302_texto_integral.odt", "ementa": "Requer Voto de Congratula\u00e7\u00f5es \u00e0 empresa CONSTRUTORA E TERRAPLANAGEM KASA LTDA. pela  passagem de seus 35 anos de funda\u00e7\u00e3o."}, {"id": 21304, "ano": 2013, "numero": 404, "tipo__sigla": "REQ", "tipo__descricao": "Requerimento", "autoria__autor__nome": "Inspetor Luz", "texto_original": "https://sapl.camaranh.rs.gov.br/media/sapl/public/materialegislativa/2013/21304/21304_texto_integral.odt", "ementa": "Requer Voto de Congratula\u00e7\u00f5es \u00e0 Empresa Campal Servi\u00e7os Cont\u00e1beis S/S LTDA. pela  passagem de seus 25 anos de funda\u00e7\u00e3o."}, {"id": 21305, "ano": 2013, "numero": 405, "tipo__sigla": "REQ", "tipo__descricao": "Requerimento", "autoria__autor__nome": "Sergio Hanich", "texto_original": "https://sapl.camaranh.rs.gov.br/media/sapl/public/materialegislativa/2013/21305/21305_texto_integral.odt", "ementa": "Requer a indica\u00e7\u00e3o do Vereador Sergio Hanich, pela Bancada do PMDB, para integrar a Comiss\u00e3o Especial denominada Frente Parlamentar de Acompanhamento das Obras do Corredor de \u00f4nibus de Novo Hamburgo."}, {"id": 21307, "ano": 2013, "numero": 406, "tipo__sigla": "REQ", "tipo__descricao": "Requerimento", "autoria__autor__nome": "Raul Cassel", "texto_original": "https://sapl.camaranh.rs.gov.br/media/sapl/public/materialegislativa/2013/21307/21307_texto_integral.odt", "ementa": "Requer Voto de Congratula\u00e7\u00f5es \u00e0 AHB MODA pela comemora\u00e7\u00e3o de seus 35 anos atividades."}, {"id": 21316, "ano": 2013, "numero": 407, "tipo__sigla": "REQ", "tipo__descricao": "Requerimento", "autoria__autor__nome": "Enfermeiro Vilmar", "texto_original": "https://sapl.camaranh.rs.gov.br/media/sapl/public/materialegislativa/2013/21316/21316_texto_integral.odt", "ementa": "Requer que sejam convidados os enfermeiros Lu\u00eds Besson, Marco Aur\u00e9lio Pons e F\u00e1bio Cabral para participarem da Sess\u00e3o Ordin\u00e1ria de 07 de maio de 2013, a fim de falarem acerca da Semana da Enfermagem, e requer cancelamento do Requerimento n\u00ba314/2013."}, {"id": 21320, "ano": 2013, "numero": 408, "tipo__sigla": "REQ", "tipo__descricao": "Requerimento", "autoria__autor__nome": "Raul Cassel", "texto_original": "https://sapl.camaranh.rs.gov.br/media/sapl/public/materialegislativa/2013/21320/21320_texto_integral.odt", "ementa": "Requer Voto de Congratula\u00e7\u00f5es a nova sede da Fornello Pizzas."}, {"id": 21327, "ano": 2013, "numero": 409, "tipo__sigla": "REQ", "tipo__descricao": "Requerimento", "autoria__autor__nome": "Raul Cassel", "texto_original": "https://sapl.camaranh.rs.gov.br/media/sapl/public/materialegislativa/2013/21327/21327_texto_integral.odt", "ementa": "Requer Voto de Congratula\u00e7\u00f5es ao atleta de boxe, J\u00fanior Alves de Oliveira."}, {"id": 21334, "ano": 2013, "numero": 410, "tipo__sigla": "REQ", "tipo__descricao": "Requerimento", "autoria__autor__nome": "JorgeTatsch", "texto_original": "https://sapl.camaranh.rs.gov.br/media/sapl/public/materialegislativa/2013/21334/21334_texto_integral.odt", "ementa": "Solicita informa\u00e7\u00f5es acerca da Lei Municipal n\u00ba 1.536/2006, que criou o Conselho Municipal de Turismo - COMTUR e Lei Municipal n\u00ba 1.833/2008, que alterou artigos da Lei Municipal 1.536/2006, criando o Conselho Municipal de Turismo - COMTUR, o Fundo Municipal de Turismo - FUMTUR."}, {"id": 21335, "ano": 2013, "numero": 411, "tipo__sigla": "REQ", "tipo__descricao": "Requerimento", "autoria__autor__nome": "Betinho", "texto_original": "https://sapl.camaranh.rs.gov.br/media/sapl/public/materialegislativa/2013/21335/21335_texto_integral.odt", "ementa": "Requer a indica\u00e7\u00e3o do Vereador Gilberto Koch, pela bancada do PT, para compor a Comiss\u00e3o Especial de Acompanhamento das Obras do Corredor de \u00f4nibus de Novo Hamburgo."}, {"id": 21338, "ano": 2013, "numero": 412, "tipo__sigla": "REQ", "tipo__descricao": "Requerimento", "autoria__autor__nome": "Raul Cassel", "texto_original": "https://sapl.camaranh.rs.gov.br/media/", "ementa": "Requer que sejam convidados os candidatos ao Conselho Tutelar/NH \u00e0 tribuna popular das sess\u00f5es ordin\u00e1rias de 07, 14 e 16 de maio de 2013."}, {"id": 21339, "ano": 2013, "numero": 413, "tipo__sigla": "REQ", "tipo__descricao": "Requerimento", "autoria__autor__nome": "Raul Cassel", "texto_original": "https://sapl.camaranh.rs.gov.br/media/sapl/public/materialegislativa/2013/21339/21339_texto_integral.odt", "ementa": "Requer Voto de Congratula\u00e7\u00f5es \u00e0 nova Diretoria do Movimento Ecol\u00f3gico SOS Rio dos Sinos."}, {"id": 21340, "ano": 2013, "numero": 414, "tipo__sigla": "REQ", "tipo__descricao": "Requerimento", "autoria__autor__nome": "Raul Cassel", "texto_original": "https://sapl.camaranh.rs.gov.br/media/sapl/public/materialegislativa/2013/21340/21340_texto_integral.odt", "ementa": "Requer Voto de Pesar pelo falecimento da senhora Cl\u00e9lia Schumann."}, {"id": 21341, "ano": 2013, "numero": 415, "tipo__sigla": "REQ", "tipo__descricao": "Requerimento", "autoria__autor__nome": "Professor Issur Koch", "texto_original": "https://sapl.camaranh.rs.gov.br/media/sapl/public/materialegislativa/2013/21341/21341_texto_integral.odt", "ementa": "Requer a realiza\u00e7\u00e3o de Audi\u00eancia P\u00fablica no dia 20 de maio de 2013, com in\u00edcio \u00e0s 19h00 e t\u00e9rmino \u00e0s 21h00, no Plen\u00e1rio desta Casa Legislativa, com a finalidade de debater assuntos referentes a Educa\u00e7\u00e3o  intitulada: \"Educa\u00e7\u00e3o em Novo Hamburgo: onde estamos, onde queremos chegar.\", e cancelamento do requerimento 399/2013."}, {"id": 21352, "ano": 2013, "numero": 416, "tipo__sigla": "REQ", "tipo__descricao": "Requerimento", "autoria__autor__nome": "Gerson Peteffi", "texto_original": "https://sapl.camaranh.rs.gov.br/media/sapl/public/materialegislativa/2013/21352/21352_texto_integral.odt", "ementa": "Requer Voto de Congratula\u00e7\u00f5es ao Major BENNO ARMINDO SCHIRMER, pela sua destacada participa\u00e7\u00e3o como Militar no Ex\u00e9rcito Brasileiro."}, {"id": 21364, "ano": 2013, "numero": 417, "tipo__sigla": "REQ", "tipo__descricao": "Requerimento", "autoria__autor__nome": "Roger Corr\u00eaa", "texto_original": "https://sapl.camaranh.rs.gov.br/media/sapl/public/materialegislativa/2013/21364/21364_texto_integral.odt", "ementa": "Requerem que seja convidada a Sra. Eliane Sales,  Pastora do Minist\u00e9rio Batista Cristo \u00e9 a Vida,  para comparecer \u00e0 Sess\u00e3o Ordin\u00e1ria do dia  21 de maio de 2013, a fim de falar sobre o evento  \"FESTA DOS POVOS\" que realizar-se-\u00e1 nos dias 25 e 26 de maio."}, {"id": 21391, "ano": 2013, "numero": 418, "tipo__sigla": "REQ", "tipo__descricao": "Requerimento", "autoria__autor__nome": "Mesa da C\u00e2mara Municipal", "texto_original": "https://sapl.camaranh.rs.gov.br/media/sapl/public/materialegislativa/2013/21391/21391_texto_integral.odt", "ementa": "Requerem urg\u00eancia e inclus\u00e3o do Projeto de Lei n\u00ba 60/2013, de autoria do Executivo, que \"autoriza a revis\u00e3o geral anual da contrapresta\u00e7\u00e3o pecuni\u00e1ria dos servidores municipais ativos, inativos e pensionistas, e d\u00e1 outras provid\u00eancias\", na Ordem do Dia das Sess\u00f5es Ordin\u00e1rias de 14 e 16 de maio de 2013, para ser apreciado em primeira e segunda vota\u00e7\u00f5es, respectivamente, conforme facultado pelo \u00a7 8\u00ba do art. 150 do Regimento Interno."}, {"id": 21393, "ano": 2013, "numero": 419, "tipo__sigla": "REQ", "tipo__descricao": "Requerimento", "autoria__autor__nome": "Raul Cassel", "texto_original": "https://sapl.camaranh.rs.gov.br/media/sapl/public/materialegislativa/2013/21393/21393_texto_integral.odt", "ementa": "Requer Voto de Congratula\u00e7\u00f5es ao Parque Zool\u00f3gico de Sapucaia do Sul pelos seus 51 anos de atividades."}, {"id": 21401, "ano": 2013, "numero": 420, "tipo__sigla": "REQ", "tipo__descricao": "Requerimento", "autoria__autor__nome": "Mesa da C\u00e2mara Municipal", "texto_original": "https://sapl.camaranh.rs.gov.br/media/sapl/public/materialegislativa/2013/21401/21401_texto_integral.odt", "ementa": "Requerem urg\u00eancia e inclus\u00e3o do Projeto de Lei n\u00ba 61/2013, de autoria da Mesa da C\u00e2mara, que \"disp\u00f5e sobre reajustamento dos vencimentos dos servidores ativos, inativos e pensionistas do Poder Legislativo\", na Ordem do Dia das Sess\u00f5es Ordin\u00e1rias de 14 e 16 de maio de 2013, para ser apreciado em primeira e segunda vota\u00e7\u00f5es, respectivamente, conforme facultado pelo \u00a7 8\u00ba do art. 150 do Regimento Interno."}, {"id": 21415, "ano": 2013, "numero": 421, "tipo__sigla": "REQ", "tipo__descricao": "Requerimento", "autoria__autor__nome": "Raul Cassel", "texto_original": "https://sapl.camaranh.rs.gov.br/media/sapl/public/materialegislativa/2013/21415/21415_texto_integral.odt", "ementa": "Requer Voto de Pesar pelo falecimento da Sra. Erica Kern."}, {"id": 21425, "ano": 2013, "numero": 422, "tipo__sigla": "REQ", "tipo__descricao": "Requerimento", "autoria__autor__nome": "Gerson Peteffi\r\nRaul Cassel", "texto_original": "https://sapl.camaranh.rs.gov.br/media/sapl/public/materialegislativa/2013/21425/21425_texto_integral.odt", "ementa": "Requerem Voto de Congratula\u00e7\u00f5es \u00e0 Unimed Vale do Sinos pela comemora\u00e7\u00e3o de seus 38 anos de atividades."}, {"id": 21426, "ano": 2013, "numero": 423, "tipo__sigla": "REQ", "tipo__descricao": "Requerimento", "autoria__autor__nome": "Naasom Luciano", "texto_original": "https://sapl.camaranh.rs.gov.br/media/sapl/public/materialegislativa/2013/21426/21426_texto_integral.odt", "ementa": "Requer Voto de Pesar pelo falecimento da Sra. Lidia Fagunda Puhl."}, {"id": 21436, "ano": 2013, "numero": 424, "tipo__sigla": "REQ", "tipo__descricao": "Requerimento", "autoria__autor__nome": "Professor Issur Koch", "texto_original": "https://sapl.camaranh.rs.gov.br/media/sapl/public/materialegislativa/2013/21436/21436_texto_integral.odt", "ementa": "Solicita levantamento de informa\u00e7\u00f5es sobre  a estimativa de ciclistas existentes em Novo Hamburgo, acidentes e hor\u00e1rios de pico."}, {"id": 21438, "ano": 2013, "numero": 425, "tipo__sigla": "REQ", "tipo__descricao": "Requerimento", "autoria__autor__nome": "Cristiano Coller\r\nProfessor Issur Koch\r\nRaul Cassel", "texto_original": "https://sapl.camaranh.rs.gov.br/media/sapl/public/materialegislativa/2013/21438/21438_texto_integral.odt", "ementa": "Requerem que parte do expediente da Sess\u00e3o Ordin\u00e1ria de 18 de julho de 2013 seja destinada a homenagear o Gr\u00eamio Atiradores de Novo Hamburgo pela passagem de seus 121 anos de funda\u00e7\u00e3o."}, {"id": 21441, "ano": 2013, "numero": 426, "tipo__sigla": "REQ", "tipo__descricao": "Requerimento", "autoria__autor__nome": "Professor Issur Koch", "texto_original": "https://sapl.camaranh.rs.gov.br/media/sapl/public/materialegislativa/2013/21441/21441_texto_integral.odt", "ementa": "Solicita informa\u00e7\u00f5es se existe um estudo ou projeto para implanta\u00e7\u00e3o de ciclovias em Novo Hamburgo."}, {"id": 21444, "ano": 2013, "numero": 427, "tipo__sigla": "REQ", "tipo__descricao": "Requerimento", "autoria__autor__nome": "Cristiano Coller", "texto_original": "https://sapl.camaranh.rs.gov.br/media/", "ementa": "MAT\u00c9RIA RETIRADA PELO AUTOR."}, {"id": 21445, "ano": 2013, "numero": 428, "tipo__sigla": "REQ", "tipo__descricao": "Requerimento", "autoria__autor__nome": "Raul Cassel", "texto_original": "https://sapl.camaranh.rs.gov.br/media/sapl/public/materialegislativa/2013/21445/21445_texto_integral.odt", "ementa": "Requer Voto de Congratula\u00e7\u00f5es \u00e0 senhora Christina Marquat pela exposi\u00e7\u00e3o de suas obras de arte."}, {"id": 21459, "ano": 2013, "numero": 429, "tipo__sigla": "REQ", "tipo__descricao": "Requerimento", "autoria__autor__nome": "Gerson Peteffi", "texto_original": "https://sapl.camaranh.rs.gov.br/media/sapl/public/materialegislativa/2013/21459/21459_texto_integral.odt", "ementa": "Requer que Parte do Expediente da Sess\u00e3o Ordin\u00e1ria de 23 de maio de 2013 seja destinada para homenagear o Major Benno Armindo Schirmer pela passagem do dia 08 de maio (Dia da Vit\u00f3ria), bem como sua data natal\u00edcia, dia 14 de maio, na qual completou 90 anos."}, {"id": 21460, "ano": 2013, "numero": 430, "tipo__sigla": "REQ", "tipo__descricao": "Requerimento", "autoria__autor__nome": "Raul Cassel", "texto_original": "https://sapl.camaranh.rs.gov.br/media/sapl/public/materialegislativa/2013/21460/21460_texto_integral.odt", "ementa": "Requer a realiza\u00e7\u00e3o de Audi\u00eancia P\u00fablica no dia 28 de maio de 2013, com in\u00edcio \u00e0s 19h e t\u00e9rmino \u00e0s 21h, no Plen\u00e1rio desta Casa Legislativa, com a finalidade de debater sobre o atendimento de sa\u00fade do IPERGS no Munic\u00edpio de Novo Hamburgo."}, {"id": 21461, "ano": 2013, "numero": 431, "tipo__sigla": "REQ", "tipo__descricao": "Requerimento", "autoria__autor__nome": "Raul Cassel", "texto_original": "https://sapl.camaranh.rs.gov.br/media/sapl/public/materialegislativa/2013/21461/21461_texto_integral.odt", "ementa": "Requer a designa\u00e7\u00e3o do Vereador Raul Cassel para representar a C\u00e2mara Municipal na Feira+F\u00f3rum Hospitalar, no per\u00edodo de  21 a 23 de maio,  em S\u00e3o Paulo/SP, para tratar de assuntos relativos \u00e0 \u00e1rea da sa\u00fade, como presidente da Comiss\u00e3o de Sa\u00fade."}, {"id": 21462, "ano": 2013, "numero": 432, "tipo__sigla": "REQ", "tipo__descricao": "Requerimento", "autoria__autor__nome": "Antonio Lucas\r\nJorgeTatsch\r\nPatr\u00edcia Beck\r\nProfessor Issur Koch", "texto_original": "https://sapl.camaranh.rs.gov.br/media/sapl/public/materialegislativa/2013/21462/21462_texto_integral.odt", "ementa": "Requerem que Parte do Expediente da Sess\u00e3o Ordin\u00e1ria do dia 22 de outubro, seja destinada para homenagear a Escola Estadual de Ensino Especial Keli Meise Machado pelos seus 25 anos de funda\u00e7\u00e3o."}, {"id": 21463, "ano": 2013, "numero": 433, "tipo__sigla": "REQ", "tipo__descricao": "Requerimento", "autoria__autor__nome": "COMAM - Comiss\u00e3o de Meio Ambiente", "texto_original": "https://sapl.camaranh.rs.gov.br/media/sapl/public/materialegislativa/2013/21463/21463_texto_integral.odt", "ementa": "Requerem que seja convidado o senhor Eduardo Ant\u00f4nio Bonato, Secret\u00e1rio de Meio Ambiente de Novo Hamburgo, ou seu representante, para participar da Sess\u00e3o Ordin\u00e1ria de 4 de junho de 2013, para falar sobre a Semana do Meio Ambiente."}, {"id": 21464, "ano": 2013, "numero": 434, "tipo__sigla": "REQ", "tipo__descricao": "Requerimento", "autoria__autor__nome": "CODIR - Com. de Direitos Humanos, Cidadania e Defesa do Consumidor", "texto_original": "https://sapl.camaranh.rs.gov.br/media/sapl/public/materialegislativa/2013/21464/21464_texto_integral.odt", "ementa": "Requerem que seja convidada a senhora Graziela Gon\u00e7alves, para participar da Sess\u00e3o Ordin\u00e1ria de 6 de junho de 2013, para falar sobre o funcionamento do Centro de Refer\u00eancia dos Direitos Humanos."}, {"id": 21467, "ano": 2013, "numero": 435, "tipo__sigla": "REQ", "tipo__descricao": "Requerimento", "autoria__autor__nome": "Raul Cassel", "texto_original": "https://sapl.camaranh.rs.gov.br/media/sapl/public/materialegislativa/2013/21467/21467_texto_integral.odt", "ementa": "Requer Voto de Pesar pelo falecimento do Senhor Heitor Nicolau Willers."}, {"id": 21468, "ano": 2013, "numero": 436, "tipo__sigla": "REQ", "tipo__descricao": "Requerimento", "autoria__autor__nome": "Raul Cassel", "texto_original": "https://sapl.camaranh.rs.gov.br/media/sapl/public/materialegislativa/2013/21468/21468_texto_integral.odt", "ementa": "Requer Voto de Pesar pelo falecimento do Senhor Moacir Mombach."}, {"id": 21469, "ano": 2013, "numero": 437, "tipo__sigla": "REQ", "tipo__descricao": "Requerimento", "autoria__autor__nome": "Raul Cassel", "texto_original": "https://sapl.camaranh.rs.gov.br/media/sapl/public/materialegislativa/2013/21469/21469_texto_integral.odt", "ementa": "Requer Voto de Pesar pelo falecimento da Senhora Romilda Ferreira Fontes."}, {"id": 21472, "ano": 2013, "numero": 438, "tipo__sigla": "REQ", "tipo__descricao": "Requerimento", "autoria__autor__nome": "Professor Issur Koch", "texto_original": "https://sapl.camaranh.rs.gov.br/media/sapl/public/materialegislativa/2013/21472/21472_texto_integral.odt", "ementa": "Requer Voto de Pesar pelo falecimento da Sra. Terezinha Lima de Oliveira Moraes."}, {"id": 21473, "ano": 2013, "numero": 439, "tipo__sigla": "REQ", "tipo__descricao": "Requerimento", "autoria__autor__nome": "Professor Issur Koch", "texto_original": "https://sapl.camaranh.rs.gov.br/media/sapl/public/materialegislativa/2013/21473/21473_texto_integral.odt", "ementa": "Solicita  informa\u00e7\u00f5es sobre  o projeto de revitaliza\u00e7\u00e3o do Parque Henrique Luiz Roessler \"Parc\u00e3o\", no Bairro Hamburgo Velho."}, {"id": 21474, "ano": 2013, "numero": 440, "tipo__sigla": "REQ", "tipo__descricao": "Requerimento", "autoria__autor__nome": "Raul Cassel", "texto_original": "https://sapl.camaranh.rs.gov.br/media/sapl/public/materialegislativa/2013/21474/21474_texto_integral.odt", "ementa": "Requer Voto de Congratula\u00e7\u00f5es ao senhor Leandro Minozzo, pelo lan\u00e7amento do livro \"Um novo envelhecer - tempo de ser feliz\"."}, {"id": 21475, "ano": 2013, "numero": 441, "tipo__sigla": "REQ", "tipo__descricao": "Requerimento", "autoria__autor__nome": "Cristiano Coller\r\nGerson Peteffi\r\nJorgeTatsch", "texto_original": "https://sapl.camaranh.rs.gov.br/media/sapl/public/materialegislativa/2013/21475/21475_texto_integral.odt", "ementa": "Requerem a designa\u00e7\u00e3o dos Vereadores  Gerson Peteffi, Cristiano Coller e Jorge Tatsch, para participarem da III Jornada Sergipana de Medicina de Tr\u00e1fego, a realizar-se nos dias 02 e 03 de agosto de 2013, na cidade de Aracaju- Sergipe-SE."}, {"id": 21478, "ano": 2013, "numero": 442, "tipo__sigla": "REQ", "tipo__descricao": "Requerimento", "autoria__autor__nome": "Enfermeiro Vilmar", "texto_original": "https://sapl.camaranh.rs.gov.br/media/sapl/public/materialegislativa/2013/21478/21478_texto_integral.odt", "ementa": "Requer a cria\u00e7\u00e3o de uma frente parlamentar em defesa de resid\u00eancia multiprofissional em sa\u00fade, com o objetivo de desenvolver compet\u00eancias fundamentadas nas diretrizes do SUS, (Sistema \u00fanico de sa\u00fade), da integralidade e do modelo de vigil\u00e2ncia \u00e0 sa\u00fade, articulando \u00e0s \u00e1reas de \u00eanfase; sa\u00fade da crian\u00e7a e adolescente, adulto e idoso."}, {"id": 21506, "ano": 2013, "numero": 443, "tipo__sigla": "REQ", "tipo__descricao": "Requerimento", "autoria__autor__nome": "Raul Cassel", "texto_original": "https://sapl.camaranh.rs.gov.br/media/sapl/public/materialegislativa/2013/21506/21506_texto_integral.odt", "ementa": "Requer Voto de Congratula\u00e7\u00f5es ao atleta Felipe Bonetti pela conquista da medalha de ouro do campeonato brasileiro da arte marcial."}, {"id": 21515, "ano": 2013, "numero": 444, "tipo__sigla": "REQ", "tipo__descricao": "Requerimento", "autoria__autor__nome": "Raul Cassel", "texto_original": "https://sapl.camaranh.rs.gov.br/media/sapl/public/materialegislativa/2013/21515/21515_texto_integral.odt", "ementa": "Requer Voto de Congratula\u00e7\u00f5es \u00e0 Meta Comunica\u00e7\u00e3o pela comemora\u00e7\u00e3o de seus 20 anos de atividades."}, {"id": 21516, "ano": 2013, "numero": 445, "tipo__sigla": "REQ", "tipo__descricao": "Requerimento", "autoria__autor__nome": "Raul Cassel", "texto_original": "https://sapl.camaranh.rs.gov.br/media/sapl/public/materialegislativa/2013/21516/21516_texto_integral.odt", "ementa": "Requer Voto de Congratula\u00e7\u00f5es \u00e0 Empresa Artecola pela comemora\u00e7\u00e3o de seus 65 anos de atividades."}, {"id": 21526, "ano": 2013, "numero": 446, "tipo__sigla": "REQ", "tipo__descricao": "Requerimento", "autoria__autor__nome": "Raul Cassel", "texto_original": "https://sapl.camaranh.rs.gov.br/media/sapl/public/materialegislativa/2013/21526/21526_texto_integral.odt", "ementa": "Requer informa\u00e7\u00f5es sobre a Implanta\u00e7\u00e3o do Sistema de Nota Fiscal Eletr\u00f4nica."}, {"id": 21528, "ano": 2013, "numero": 447, "tipo__sigla": "REQ", "tipo__descricao": "Requerimento", "autoria__autor__nome": "Raul Cassel", "texto_original": "https://sapl.camaranh.rs.gov.br/media/sapl/public/materialegislativa/2013/21528/21528_texto_integral.odt", "ementa": "Requer informa\u00e7\u00f5es sobre a destina\u00e7\u00e3o da multas recolhidas pelo PROCON municipal."}, {"id": 21530, "ano": 2013, "numero": 448, "tipo__sigla": "REQ", "tipo__descricao": "Requerimento", "autoria__autor__nome": "Sergio Hanich", "texto_original": "https://sapl.camaranh.rs.gov.br/media/sapl/public/materialegislativa/2013/21530/21530_texto_integral.odt", "ementa": "Solicita informa\u00e7\u00f5es descritas abaixo."}, {"id": 21532, "ano": 2013, "numero": 449, "tipo__sigla": "REQ", "tipo__descricao": "Requerimento", "autoria__autor__nome": "Sergio Hanich", "texto_original": "https://sapl.camaranh.rs.gov.br/media/sapl/public/materialegislativa/2013/21532/21532_texto_integral.odt", "ementa": "Informa\u00e7\u00f5es sobre o superavit financeiro do exerc\u00edcio de 2012."}, {"id": 21533, "ano": 2013, "numero": 450, "tipo__sigla": "REQ", "tipo__descricao": "Requerimento", "autoria__autor__nome": "Cristiano Coller", "texto_original": "https://sapl.camaranh.rs.gov.br/media/sapl/public/materialegislativa/2013/21533/21533_texto_integral.odt", "ementa": "Requer a indica\u00e7\u00e3o do Vereador Cristiano Coller, pela Bancada do PDT, para integrar a Comiss\u00e3o Especial denominada Frente Parlamentar de Acompanhamento das Obras do Corredor de \u00f4nibus de Novo Hamburgo."}, {"id": 21534, "ano": 2013, "numero": 451, "tipo__sigla": "REQ", "tipo__descricao": "Requerimento", "autoria__autor__nome": "Roger Corr\u00eaa", "texto_original": "https://sapl.camaranh.rs.gov.br/media/sapl/public/materialegislativa/2013/21534/21534_texto_integral.odt", "ementa": "Requer a designa\u00e7\u00e3o do Vereador Roger Corr\u00eaa para representar a C\u00e2mara de Vereadores no Ato de Posse do Secret\u00e1rio de Estado de Meio Ambiente, Sr. N\u00e9io L\u00facio Pereira, no dia 16 de maio, \u00e0s 15 horas, no Pal\u00e1cio Piratini."}, {"id": 21538, "ano": 2013, "numero": 452, "tipo__sigla": "REQ", "tipo__descricao": "Requerimento", "autoria__autor__nome": "Luiz Fernando Farias", "texto_original": "https://sapl.camaranh.rs.gov.br/media/sapl/public/materialegislativa/2013/21538/21538_texto_integral.odt", "ementa": "Requer informa\u00e7\u00f5es sobre a situa\u00e7\u00e3o da Regulamenta\u00e7\u00e3o de Tr\u00e2nsito de Bicicletas El\u00e9tricas e/ou Ciclomotores no munic\u00edpio de Novo Hamburgo."}, {"id": 21540, "ano": 2013, "numero": 453, "tipo__sigla": "REQ", "tipo__descricao": "Requerimento", "autoria__autor__nome": "COFIN - Com.de Compet., Finan\u00e7as, Or\u00e7amento, Economia e Planejamento", "texto_original": "https://sapl.camaranh.rs.gov.br/media/sapl/public/materialegislativa/2013/21540/21540_texto_integral.odt", "ementa": "Requerem a realiza\u00e7\u00e3o de Audi\u00eancia P\u00fablica no dia 28 de maio de 2013, com in\u00edcio \u00e0s 13 horas, no Plen\u00e1rio desta Casa Legislativa, com a finalidade de levar a termo demonstra\u00e7\u00e3o e avalia\u00e7\u00e3o do cumprimento das metas fiscais do quadrimestre janeiro/abril de 2013."}, {"id": 21542, "ano": 2013, "numero": 454, "tipo__sigla": "REQ", "tipo__descricao": "Requerimento", "autoria__autor__nome": "Roger Corr\u00eaa", "texto_original": "https://sapl.camaranh.rs.gov.br/media/sapl/public/materialegislativa/2013/21542/21542_texto_integral.odt", "ementa": "Requer a indica\u00e7\u00e3o do Vereador Roger Corr\u00eaa, pela Bancada do PCdoB, junto \u00e0 Frente Parlamentar em Defesa de Resid\u00eancia Multiprofissional em Sa\u00fade."}, {"id": 21543, "ano": 2013, "numero": 455, "tipo__sigla": "REQ", "tipo__descricao": "Requerimento", "autoria__autor__nome": "Gerson Peteffi", "texto_original": "https://sapl.camaranh.rs.gov.br/media/sapl/public/materialegislativa/2013/21543/21543_texto_integral.odt", "ementa": "Requer Voto de Pesar pelo falecimento do Sr. S\u00e9rgio Waldir Wagner."}, {"id": 21544, "ano": 2013, "numero": 456, "tipo__sigla": "REQ", "tipo__descricao": "Requerimento", "autoria__autor__nome": "Enfermeiro Vilmar", "texto_original": "https://sapl.camaranh.rs.gov.br/media/sapl/public/materialegislativa/2013/21544/21544_texto_integral.odt", "ementa": "Requer a indica\u00e7\u00e3o do Vereador Enfermeiro  Vilmar, pela bancada do PR, junto \u00e0 Frente Parlamentar em Defesa de Resid\u00eancia Multiprofissional em Sa\u00fade."}, {"id": 21551, "ano": 2013, "numero": 457, "tipo__sigla": "REQ", "tipo__descricao": "Requerimento", "autoria__autor__nome": "Roger Corr\u00eaa", "texto_original": "https://sapl.camaranh.rs.gov.br/media/sapl/public/materialegislativa/2013/21551/21551_texto_integral.odt", "ementa": "Requer designa\u00e7\u00e3o do Vereador Roger Corr\u00eaa para representar a C\u00e2mara Municipal no Congresso da Uni\u00e3o Nacional de  Estudantes - UNE, no per\u00edodo de  29 de maio a 02 de junho,  em Goi\u00e2nia/GO, para tratar de assuntos relativos \u00e0 \u00e1rea da educa\u00e7\u00e3o, como presidente da Comiss\u00e3o de Educa\u00e7\u00e3o."}, {"id": 21560, "ano": 2013, "numero": 458, "tipo__sigla": "REQ", "tipo__descricao": "Requerimento", "autoria__autor__nome": "Luiz Fernando Farias", "texto_original": "https://sapl.camaranh.rs.gov.br/media/sapl/public/materialegislativa/2013/21560/21560_texto_integral.odt", "ementa": "Requer a indica\u00e7\u00e3o do Vereador Luiz Fernando Farias, pela Bancada do PT, para integrar a Comiss\u00e3o Especial denominada Frente Parlamentar de Acompanhamento das Obras do Corredor de \u00d4nibus de Novo Hamburgo."}, {"id": 21563, "ano": 2013, "numero": 459, "tipo__sigla": "REQ", "tipo__descricao": "Requerimento", "autoria__autor__nome": "Raul Cassel", "texto_original": "https://sapl.camaranh.rs.gov.br/media/sapl/public/materialegislativa/2013/21563/21563_texto_integral.odt", "ementa": "Requer Voto de Congratula\u00e7\u00f5es \u00e0 Srta J\u00falia Haus, pela conquista do T\u00edtulo Miss Brasil Queen World."}, {"id": 21568, "ano": 2013, "numero": 460, "tipo__sigla": "REQ", "tipo__descricao": "Requerimento", "autoria__autor__nome": "COMAM - Comiss\u00e3o de Meio Ambiente", "texto_original": "https://sapl.camaranh.rs.gov.br/media/sapl/public/materialegislativa/2013/21568/21568_texto_integral.odt", "ementa": "Requerem que seja convidado o senhor Arno Kayser, para participar da Sess\u00e3o Ordin\u00e1ria de 11 de junho de 2013, para falar sobre o funcionamento do Comit\u00ea Sinos e o meio ambiente."}, {"id": 21572, "ano": 2013, "numero": 461, "tipo__sigla": "REQ", "tipo__descricao": "Requerimento", "autoria__autor__nome": "Raul Cassel", "texto_original": "https://sapl.camaranh.rs.gov.br/media/sapl/public/materialegislativa/2013/21572/21572_texto_integral.pdf", "ementa": "Requer informa\u00e7\u00f5es sobre a quantidade de advogados lotados na Procuradoria-Geral do Munic\u00edpio."}, {"id": 21573, "ano": 2013, "numero": 462, "tipo__sigla": "REQ", "tipo__descricao": "Requerimento", "autoria__autor__nome": "Raul Cassel", "texto_original": "https://sapl.camaranh.rs.gov.br/media/sapl/public/materialegislativa/2013/21573/21573_texto_integral.odt", "ementa": "Requer informa\u00e7\u00f5es sobre a situa\u00e7\u00e3o de todas as obras em andamento no munic\u00edpio."}, {"id": 21574, "ano": 2013, "numero": 463, "tipo__sigla": "REQ", "tipo__descricao": "Requerimento", "autoria__autor__nome": "Raul Cassel", "texto_original": "https://sapl.camaranh.rs.gov.br/media/sapl/public/materialegislativa/2013/21574/21574_texto_integral.odt", "ementa": "Requer Voto de Congratula\u00e7\u00f5es \u00e0 senhora Maria Isabel Rodrigues Lima, pelo lan\u00e7amento do livro \"Economia Solid\u00e1ria e V\u00ednculos\"."}, {"id": 21590, "ano": 2013, "numero": 464, "tipo__sigla": "REQ", "tipo__descricao": "Requerimento", "autoria__autor__nome": "Raul Cassel", "texto_original": "https://sapl.camaranh.rs.gov.br/media/sapl/public/materialegislativa/2013/21590/21590_texto_integral.odt", "ementa": "Requer a designa\u00e7\u00e3o do Vereador Raul Cassel para acompanhar o Grupo Pensando Novo Hamburgo, nos dias 4 e 5 de junho de 2013, ao Congresso Nacional, em Bras\u00edlia/DF."}, {"id": 21607, "ano": 2013, "numero": 465, "tipo__sigla": "REQ", "tipo__descricao": "Requerimento", "autoria__autor__nome": "Professor Issur Koch", "texto_original": "https://sapl.camaranh.rs.gov.br/media/sapl/public/materialegislativa/2013/21607/21607_texto_integral.odt", "ementa": "Solicita informa\u00e7\u00f5es sobre o cronograma das obras de constru\u00e7\u00e3o do refeit\u00f3rio da EMEF Presidente Floriano Peixoto, no Bairro S\u00e3o Jorge."}, {"id": 21608, "ano": 2013, "numero": 466, "tipo__sigla": "REQ", "tipo__descricao": "Requerimento", "autoria__autor__nome": "Professor Issur Koch", "texto_original": "https://sapl.camaranh.rs.gov.br/media/sapl/public/materialegislativa/2013/21608/21608_texto_integral.odt", "ementa": "Solicita  informa\u00e7\u00f5es sobre o hor\u00e1rio de atendimento da Farm\u00e1cia Comunit\u00e1ria, e as raz\u00f5es do n\u00e3o funcionamento no per\u00edodo do meio dia."}, {"id": 21609, "ano": 2013, "numero": 467, "tipo__sigla": "REQ", "tipo__descricao": "Requerimento", "autoria__autor__nome": "Patr\u00edcia Beck", "texto_original": "https://sapl.camaranh.rs.gov.br/media/sapl/public/materialegislativa/2013/21609/21609_texto_integral.odt", "ementa": "Requer a indica\u00e7\u00e3o da Vereadora Patricia Beck, pela Bancada do PTB, para integrar a Comiss\u00e3o Especial denominada \"Frente Parlamentar em Defesa de Resid\u00eancia Multiprofissional em Sa\u00fade\"."}, {"id": 21610, "ano": 2013, "numero": 468, "tipo__sigla": "REQ", "tipo__descricao": "Requerimento", "autoria__autor__nome": "Gerson Peteffi", "texto_original": "https://sapl.camaranh.rs.gov.br/media/sapl/public/materialegislativa/2013/21610/21610_texto_integral.odt", "ementa": "Requer inclus\u00e3o na Ata na Sess\u00e3o do dia 21 de maio de 2013, da Coluna do Jornal NH do Jornalista  Jo\u00e3o \u00c1vila- O Esperan\u00e7a tem, sim, estrela no peito do dia 10 de maio de 2013.."}, {"id": 21612, "ano": 2013, "numero": 469, "tipo__sigla": "REQ", "tipo__descricao": "Requerimento", "autoria__autor__nome": "Naasom Luciano", "texto_original": "https://sapl.camaranh.rs.gov.br/media/sapl/public/materialegislativa/2013/21612/21612_texto_integral.odt", "ementa": "Requer Voto de Pesar pelo falecimento do Sr. Adair Luciano da Rosa."}, {"id": 21614, "ano": 2013, "numero": 470, "tipo__sigla": "REQ", "tipo__descricao": "Requerimento", "autoria__autor__nome": "Roger Corr\u00eaa", "texto_original": "https://sapl.camaranh.rs.gov.br/media/sapl/public/materialegislativa/2013/21614/21614_texto_integral.odt", "ementa": "Requer Voto de Congratula\u00e7\u00f5es \u00e0 Sra. Andiara Alves dos Santos, eleita Conselheira Tutelar para a Gest\u00e3o 2013/2015."}, {"id": 21615, "ano": 2013, "numero": 471, "tipo__sigla": "REQ", "tipo__descricao": "Requerimento", "autoria__autor__nome": "Roger Corr\u00eaa", "texto_original": "https://sapl.camaranh.rs.gov.br/media/sapl/public/materialegislativa/2013/21615/21615_texto_integral.odt", "ementa": "Requer Voto de Congratula\u00e7\u00f5es \u00e0 Sra. Madalena Regina Soares, eleita Conselheira Tutelar para a Gest\u00e3o 2013/2015."}, {"id": 21616, "ano": 2013, "numero": 472, "tipo__sigla": "REQ", "tipo__descricao": "Requerimento", "autoria__autor__nome": "Roger Corr\u00eaa", "texto_original": "https://sapl.camaranh.rs.gov.br/media/sapl/public/materialegislativa/2013/21616/21616_texto_integral.odt", "ementa": "Requer Voto de Congratula\u00e7\u00f5es \u00e0 Sra. Elanice Lambertes Muller, eleita Conselheira Tutelar para a Gest\u00e3o 2013/2015."}, {"id": 21617, "ano": 2013, "numero": 473, "tipo__sigla": "REQ", "tipo__descricao": "Requerimento", "autoria__autor__nome": "Roger Corr\u00eaa", "texto_original": "https://sapl.camaranh.rs.gov.br/media/sapl/public/materialegislativa/2013/21617/21617_texto_integral.odt", "ementa": "Requer Voto de Congratula\u00e7\u00f5es \u00e0 Sra. Isabel Cristina Machado Pinto, eleita Conselheira Tutelar para a Gest\u00e3o 2013/2015."}, {"id": 21618, "ano": 2013, "numero": 474, "tipo__sigla": "REQ", "tipo__descricao": "Requerimento", "autoria__autor__nome": "Roger Corr\u00eaa", "texto_original": "https://sapl.camaranh.rs.gov.br/media/sapl/public/materialegislativa/2013/21618/21618_texto_integral.odt", "ementa": "Requer Voto de Congratula\u00e7\u00f5es ao Sr. Cl\u00f3vis  Ricardo Corr\u00eaa Paz, eleito Conselheiro Tutelar para a Gest\u00e3o 2013/2015."}, {"id": 21619, "ano": 2013, "numero": 475, "tipo__sigla": "REQ", "tipo__descricao": "Requerimento", "autoria__autor__nome": "Roger Corr\u00eaa", "texto_original": "https://sapl.camaranh.rs.gov.br/media/sapl/public/materialegislativa/2013/21619/21619_texto_integral.odt", "ementa": "Requer Voto de Congratula\u00e7\u00f5es ao Sr. Nilson Torriano, eleito Conselheiro Tutelar para a Gest\u00e3o 2013/2015."}, {"id": 21620, "ano": 2013, "numero": 476, "tipo__sigla": "REQ", "tipo__descricao": "Requerimento", "autoria__autor__nome": "Roger Corr\u00eaa", "texto_original": "https://sapl.camaranh.rs.gov.br/media/sapl/public/materialegislativa/2013/21620/21620_texto_integral.odt", "ementa": "Requer Voto de Congratula\u00e7\u00f5es \u00e0 Sra. Morgana  Priscila Raaber, eleita Conselheira Tutelar para a Gest\u00e3o 2013/2015."}, {"id": 21621, "ano": 2013, "numero": 477, "tipo__sigla": "REQ", "tipo__descricao": "Requerimento", "autoria__autor__nome": "Roger Corr\u00eaa", "texto_original": "https://sapl.camaranh.rs.gov.br/media/sapl/public/materialegislativa/2013/21621/21621_texto_integral.odt", "ementa": "Requer Voto de Congratula\u00e7\u00f5es \u00e0 Sra. P\u00e2mela Vieira da Silva, eleita Conselheira Tutelar para a Gest\u00e3o 2013/2015."}, {"id": 21622, "ano": 2013, "numero": 478, "tipo__sigla": "REQ", "tipo__descricao": "Requerimento", "autoria__autor__nome": "Roger Corr\u00eaa", "texto_original": "https://sapl.camaranh.rs.gov.br/media/sapl/public/materialegislativa/2013/21622/21622_texto_integral.odt", "ementa": "Requer Voto de Congratula\u00e7\u00f5es \u00e0 Sra. Priscila da Silva, eleita Conselheira Tutelar para a Gest\u00e3o 2013/2015."}, {"id": 21623, "ano": 2013, "numero": 479, "tipo__sigla": "REQ", "tipo__descricao": "Requerimento", "autoria__autor__nome": "Roger Corr\u00eaa", "texto_original": "https://sapl.camaranh.rs.gov.br/media/sapl/public/materialegislativa/2013/21623/21623_texto_integral.odt", "ementa": "Requer Voto de Congratula\u00e7\u00f5es \u00e0 Sra. S\u00f4nia Maria Rodrigues, eleita Conselheira Tutelar para a Gest\u00e3o 2013/2015."}, {"id": 21632, "ano": 2013, "numero": 480, "tipo__sigla": "REQ", "tipo__descricao": "Requerimento", "autoria__autor__nome": "COFIN - Com.de Compet., Finan\u00e7as, Or\u00e7amento, Economia e Planejamento", "texto_original": "https://sapl.camaranh.rs.gov.br/media/sapl/public/materialegislativa/2013/21632/21632_texto_integral.odt", "ementa": "Requerem a realiza\u00e7\u00e3o de Audi\u00eancia P\u00fablica no dia 10 de junho de 2013, com in\u00edcio \u00e0s 19 horas e t\u00e9rmino \u00e0s 21 horas, no Plen\u00e1rio desta Casa Legislativa, para esclarecer a popula\u00e7\u00e3o quanto \u00e0 emiss\u00e3o de nota fiscal eletr\u00f4nica, conforme Decreto n\u00ba 5.627/2013."}, {"id": 21646, "ano": 2013, "numero": 481, "tipo__sigla": "REQ", "tipo__descricao": "Requerimento", "autoria__autor__nome": "Antonio Lucas", "texto_original": "https://sapl.camaranh.rs.gov.br/media/sapl/public/materialegislativa/2013/21646/21646_texto_integral.odt", "ementa": "Requer a designa\u00e7\u00e3o deste Vereador, como representante desta Casa Legislativa, na 45\u00aa  Edi\u00e7\u00e3o da  FRANCAL  &#8211; Feira Internacional da Moda em Cal\u00e7ados e Acess\u00f3rios, no per\u00edodo de  8  a 11 de julho de 2013, no Parque de Exposi\u00e7\u00f5es do Anhembi, em S\u00e3o Paulo /SP."}, {"id": 21666, "ano": 2013, "numero": 482, "tipo__sigla": "REQ", "tipo__descricao": "Requerimento", "autoria__autor__nome": "Patr\u00edcia Beck", "texto_original": "https://sapl.camaranh.rs.gov.br/media/sapl/public/materialegislativa/2013/21666/21666_texto_integral.odt", "ementa": "Requer designa\u00e7\u00e3o da Vereadora Patricia Beck como representante da C\u00e2mara Municipal, junto  \u00e0 Comiss\u00e3o formada pelo Grupo Pensando Novo Hamburgo, para reunirem-se com a Bancada Ga\u00facha do Senado, em Bras\u00edlia, nos dias 04 e 05 de junho do ano corrente."}, {"id": 21667, "ano": 2013, "numero": 483, "tipo__sigla": "REQ", "tipo__descricao": "Requerimento", "autoria__autor__nome": "Professor Issur Koch", "texto_original": "https://sapl.camaranh.rs.gov.br/media/sapl/public/materialegislativa/2013/21667/21667_texto_integral.odt", "ementa": "Solicito c\u00f3pias do Alvar\u00e1 e PPCI do Centro Administrativo Leopoldo Petry."}, {"id": 21668, "ano": 2013, "numero": 484, "tipo__sigla": "REQ", "tipo__descricao": "Requerimento", "autoria__autor__nome": "Professor Issur Koch", "texto_original": "https://sapl.camaranh.rs.gov.br/media/sapl/public/materialegislativa/2013/21668/21668_texto_integral.odt", "ementa": "Requer a realiza\u00e7\u00e3o de Audi\u00eancia P\u00fablica no dia 1\u00ba de julho de 2013, com in\u00edcio \u00e0s 19 horas e t\u00e9rmino \u00e0s 21 horas, no Plen\u00e1rio desta Casa Legislativa, com a finalidade de debater assuntos referentes \u00e0 lei do Ass\u00e9dio Moral."}, {"id": 21669, "ano": 2013, "numero": 485, "tipo__sigla": "REQ", "tipo__descricao": "Requerimento", "autoria__autor__nome": "JorgeTatsch", "texto_original": "https://sapl.camaranh.rs.gov.br/media/sapl/public/materialegislativa/2013/21669/21669_texto_integral.odt", "ementa": "Requer a designa\u00e7\u00e3o deste Vereador, como representante da Frente Parlamentar em Defesa do Setor Coureiro Cal\u00e7adista, na 45\u00aa  Edi\u00e7\u00e3o da  FRANCAL - Feira Internacional da Moda em Cal\u00e7ados e Acess\u00f3rios, no per\u00edodo de 8  a 11 de julho de 2013, no Parque de Exposi\u00e7\u00f5es do Anhembi, em S\u00e3o Paulo /SP. "}, {"id": 21670, "ano": 2013, "numero": 486, "tipo__sigla": "REQ", "tipo__descricao": "Requerimento", "autoria__autor__nome": "Roger Corr\u00eaa", "texto_original": "https://sapl.camaranh.rs.gov.br/media/sapl/public/materialegislativa/2013/21670/21670_texto_integral.odt", "ementa": "Requer Voto de Congratula\u00e7\u00f5es \u00e0 Dire\u00e7\u00e3o do Gr\u00eamio Estudantil Oscar Niemayer, da Escola Estadual Osvaldo Aranha, eleita para a Gest\u00e3o 2013/2014."}, {"id": 21675, "ano": 2013, "numero": 487, "tipo__sigla": "REQ", "tipo__descricao": "Requerimento", "autoria__autor__nome": "Cristiano Coller", "texto_original": "https://sapl.camaranh.rs.gov.br/media/", "ementa": "OBS.: AUTOR SOLICITOU A RETIRADA ANTES DA INCLUS\u00c3O NO EXPEDIENTE."}, {"id": 21677, "ano": 2013, "numero": 488, "tipo__sigla": "REQ", "tipo__descricao": "Requerimento", "autoria__autor__nome": "Gerson Peteffi", "texto_original": "https://sapl.camaranh.rs.gov.br/media/sapl/public/materialegislativa/2013/21677/21677_texto_integral.odt", "ementa": "Requer Voto de Congratula\u00e7\u00f5es ao Dr. NATAL\u00cdCIO KERN FILHO pela indica\u00e7\u00e3o ao cargo de Diretor T\u00e9cnico do Pronto-Atendimento da Unimed, em Novo Hamburgo."}, {"id": 21682, "ano": 2013, "numero": 489, "tipo__sigla": "REQ", "tipo__descricao": "Requerimento", "autoria__autor__nome": "Gerson Peteffi", "texto_original": "https://sapl.camaranh.rs.gov.br/media/sapl/public/materialegislativa/2013/21682/21682_texto_integral.odt", "ementa": "Requer informa\u00e7\u00f5es ao IPASEM - Instituto Previd\u00eancia Assist\u00eancia aos Servidores Municipais."}, {"id": 21686, "ano": 2013, "numero": 490, "tipo__sigla": "REQ", "tipo__descricao": "Requerimento", "autoria__autor__nome": "Mesa da C\u00e2mara Municipal", "texto_original": "https://sapl.camaranh.rs.gov.br/media/sapl/public/materialegislativa/2013/21686/21686_texto_integral.odt", "ementa": "Requerem urg\u00eancia e inclus\u00e3o do Projeto de Decreto Legislativo n\u00ba 6/2013, de autoria da Mesa da C\u00e2mara, que \"disp\u00f5e sobre o Expediente da C\u00e2mara Municipal nos dias 28 e 31 de maio de 2013\", na Ordem do Dia das Sess\u00f5es Ordin\u00e1rias de 23 e 28 de maio de 2013, para ser apreciado em primeira e segunda vota\u00e7\u00f5es, respectivamente, conforme facultado pelo \u00a7 8\u00ba do art. 150 do Regimento Interno."}, {"id": 21702, "ano": 2013, "numero": 491, "tipo__sigla": "REQ", "tipo__descricao": "Requerimento", "autoria__autor__nome": "Raul Cassel", "texto_original": "https://sapl.camaranh.rs.gov.br/media/sapl/public/materialegislativa/2013/21702/21702_texto_integral.odt", "ementa": "Requer Voto de Pesar pelo falecimento da Sra. Cleusa In\u00eas Vogel."}, {"id": 21704, "ano": 2013, "numero": 492, "tipo__sigla": "REQ", "tipo__descricao": "Requerimento", "autoria__autor__nome": "Raul Cassel", "texto_original": "https://sapl.camaranh.rs.gov.br/media/sapl/public/materialegislativa/2013/21704/21704_texto_integral.odt", "ementa": "Requer Voto de Congratula\u00e7\u00f5es ao Centro Oftalmol\u00f3gico Raul Andiglieri pela realiza\u00e7\u00e3o da Campanha de Preven\u00e7\u00e3o do Glaucoma. "}, {"id": 21706, "ano": 2013, "numero": 493, "tipo__sigla": "REQ", "tipo__descricao": "Requerimento", "autoria__autor__nome": "Raul Cassel", "texto_original": "https://sapl.camaranh.rs.gov.br/media/sapl/public/materialegislativa/2013/21706/21706_texto_integral.odt", "ementa": "Requer Voto de Congratula\u00e7\u00f5es ao Clube da Mocidade Bailante pela conquista do t\u00edtulo de a terceira melhor sele\u00e7\u00e3o de Masters do Brasil de Bol\u00e3o."}, {"id": 21707, "ano": 2013, "numero": 494, "tipo__sigla": "REQ", "tipo__descricao": "Requerimento", "autoria__autor__nome": "Raul Cassel", "texto_original": "https://sapl.camaranh.rs.gov.br/media/sapl/public/materialegislativa/2013/21707/21707_texto_integral.odt", "ementa": "Requer a concess\u00e3o de medalha do \"M\u00e9rito Esportivo de Novo Hamburgo\" ao atleta BRUNO DE CESARO,  por sua conquista a n\u00edvel brasileiro."}, {"id": 21708, "ano": 2013, "numero": 495, "tipo__sigla": "REQ", "tipo__descricao": "Requerimento", "autoria__autor__nome": "Raul Cassel", "texto_original": "https://sapl.camaranh.rs.gov.br/media/sapl/public/materialegislativa/2013/21708/21708_texto_integral.odt", "ementa": "Requer Voto de Congratula\u00e7\u00f5es \u00e0 Equipe do Cirurgi\u00e3o dr. Jo\u00e3o Couto, Hospital Regina."}, {"id": 21709, "ano": 2013, "numero": 496, "tipo__sigla": "REQ", "tipo__descricao": "Requerimento", "autoria__autor__nome": "Raul Cassel", "texto_original": "https://sapl.camaranh.rs.gov.br/media/sapl/public/materialegislativa/2013/21709/21709_texto_integral.odt", "ementa": "Requer Voto de Congratula\u00e7\u00f5es \u00e0 Vike Aparelhos Auditivos, pela comemora\u00e7\u00e3o de seus 23 anos de atividades."}, {"id": 21710, "ano": 2013, "numero": 497, "tipo__sigla": "REQ", "tipo__descricao": "Requerimento", "autoria__autor__nome": "Raul Cassel", "texto_original": "https://sapl.camaranh.rs.gov.br/media/sapl/public/materialegislativa/2013/21710/21710_texto_integral.odt", "ementa": "Requer Voto de Congratula\u00e7\u00f5es \u00e0s alunas da Funda\u00e7\u00e3o Liberato, \u00c1gatha Lottermann Selbach e Desire\u00e9 de B\u00f6er Velho, premiadas nos Estados Unidos da Am\u00e9rica."}, {"id": 21713, "ano": 2013, "numero": 498, "tipo__sigla": "REQ", "tipo__descricao": "Requerimento", "autoria__autor__nome": "Raul Cassel", "texto_original": "https://sapl.camaranh.rs.gov.br/media/sapl/public/materialegislativa/2013/21713/21713_texto_integral.odt", "ementa": "Requer Voto de Congratula\u00e7\u00f5es \u00e0 Loja Mercado do Sapato pela comemora\u00e7\u00e3o dos seus 11 anos de atividades e recente inaugura\u00e7\u00e3o de sua nova unidade."}, {"id": 21719, "ano": 2013, "numero": 499, "tipo__sigla": "REQ", "tipo__descricao": "Requerimento", "autoria__autor__nome": "Cristiano Coller", "texto_original": "https://sapl.camaranh.rs.gov.br/media/sapl/public/materialegislativa/2013/21719/21719_texto_integral.odt", "ementa": "Solicita informa\u00e7\u00f5es sobre a equipe de m\u00e9dicos de nosso Munic\u00edpio."}, {"id": 21720, "ano": 2013, "numero": 500, "tipo__sigla": "REQ", "tipo__descricao": "Requerimento", "autoria__autor__nome": "Cristiano Coller", "texto_original": "https://sapl.camaranh.rs.gov.br/media/sapl/public/materialegislativa/2013/21720/21720_texto_integral.odt", "ementa": "Requer informa\u00e7\u00f5es sobre a rescis\u00e3o do contrato n\u00ba 032/2008 com a empresa Vega Engenharia Ambiental S/A."}, {"id": 21721, "ano": 2013, "numero": 501, "tipo__sigla": "REQ", "tipo__descricao": "Requerimento", "autoria__autor__nome": "Cristiano Coller", "texto_original": "https://sapl.camaranh.rs.gov.br/media/sapl/public/materialegislativa/2013/21721/21721_texto_integral.odt", "ementa": "Requer informa\u00e7\u00f5es sobre FAR(Fundo de Arrendamento Residencial) e FDS (Fundo de Desenvolvimento Social)."}, {"id": 21722, "ano": 2013, "numero": 502, "tipo__sigla": "REQ", "tipo__descricao": "Requerimento", "autoria__autor__nome": "Cristiano Coller", "texto_original": "https://sapl.camaranh.rs.gov.br/media/sapl/public/materialegislativa/2013/21722/21722_texto_integral.odt", "ementa": "Requer informa\u00e7\u00f5es sobre contrato e servi\u00e7os com empresa terceirizada."}, {"id": 21723, "ano": 2013, "numero": 503, "tipo__sigla": "REQ", "tipo__descricao": "Requerimento", "autoria__autor__nome": "Cristiano Coller", "texto_original": "https://sapl.camaranh.rs.gov.br/media/sapl/public/materialegislativa/2013/21723/21723_texto_integral.odt", "ementa": "Solicita informa\u00e7\u00f5es sobre Loteamento COOPSERV."}, {"id": 21728, "ano": 2013, "numero": 504, "tipo__sigla": "REQ", "tipo__descricao": "Requerimento", "autoria__autor__nome": "Naasom Luciano", "texto_original": "https://sapl.camaranh.rs.gov.br/media/sapl/public/materialegislativa/2013/21728/21728_texto_integral.odt", "ementa": "Requer Voto de Pesar pelo falecimento da Sra. Elaine da Cunha Ferreira."}, {"id": 21729, "ano": 2013, "numero": 505, "tipo__sigla": "REQ", "tipo__descricao": "Requerimento", "autoria__autor__nome": "Raul Cassel", "texto_original": "https://sapl.camaranh.rs.gov.br/media/sapl/public/materialegislativa/2013/21729/21729_texto_integral.odt", "ementa": "Requer Voto de Congratula\u00e7\u00f5es \u00e0 aluna Giovana Raupp dos Santos, do Col\u00e9gio Pio XII, 2\u00aa colocada no concurso de reda\u00e7\u00e3o promovido pela ACI. "}, {"id": 21730, "ano": 2013, "numero": 506, "tipo__sigla": "REQ", "tipo__descricao": "Requerimento", "autoria__autor__nome": "Raul Cassel", "texto_original": "https://sapl.camaranh.rs.gov.br/media/sapl/public/materialegislativa/2013/21730/21730_texto_integral.odt", "ementa": "Requer Voto de Congratula\u00e7\u00f5es \u00e0 aluna Juliana Sartori, do Col\u00e9gio Santa Catarina, 3\u00aa colocada no Concurso de Reda\u00e7\u00e3o, promovido pela ACI. "}, {"id": 21731, "ano": 2013, "numero": 507, "tipo__sigla": "REQ", "tipo__descricao": "Requerimento", "autoria__autor__nome": "Raul Cassel", "texto_original": "https://sapl.camaranh.rs.gov.br/media/sapl/public/materialegislativa/2013/21731/21731_texto_integral.odt", "ementa": "Requer Voto de Congratula\u00e7\u00f5es \u00e0 aluna Diana Caudeic Trevisan, do Col\u00e9gio Pio XII, vencedora do concurso de reda\u00e7\u00e3o promovido pela ACI."}, {"id": 21737, "ano": 2013, "numero": 508, "tipo__sigla": "REQ", "tipo__descricao": "Requerimento", "autoria__autor__nome": "Raul Cassel", "texto_original": "https://sapl.camaranh.rs.gov.br/media/sapl/public/materialegislativa/2013/21737/21737_texto_integral.odt", "ementa": "Requer Voto de Congratula\u00e7\u00f5es ao Grupo Stickfran pela inaugura\u00e7\u00e3o de sua nova loja em Novo Hamburgo."}, {"id": 21741, "ano": 2013, "numero": 509, "tipo__sigla": "REQ", "tipo__descricao": "Requerimento", "autoria__autor__nome": "Raul Cassel", "texto_original": "https://sapl.camaranh.rs.gov.br/media/sapl/public/materialegislativa/2013/21741/21741_texto_integral.odt", "ementa": "Requer Voto de Congratula\u00e7\u00f5es ao Grupo Sinos, pelo recebimento do Pr\u00eamio Jornalismo Opera\u00e7\u00e3o Golfinho."}, {"id": 21749, "ano": 2013, "numero": 510, "tipo__sigla": "REQ", "tipo__descricao": "Requerimento", "autoria__autor__nome": "Sergio Hanich", "texto_original": "https://sapl.camaranh.rs.gov.br/media/sapl/public/materialegislativa/2013/21749/21749_texto_integral.odt", "ementa": "Requer a inclus\u00e3o do Projeto de Lei n\u00ba 98/2012, que \"D\u00e1 nova reda\u00e7\u00e3o ao \u00a73\u00ba do Art. 118 da Lei Municipal n\u00ba 333/2000, que institui o Regime Jur\u00eddico Estatut\u00e1rio dos servidores p\u00fablicos municipais\" de autoria do Vereador S\u00e9rgio Hanich, na ordem do Dia das Sess\u00f5es Ordin\u00e1rias de 04/06/2013 e 06/06/13, para ser apreciado em 1\u00aa e 2\u00aa vota\u00e7\u00f5es, respectivamente, conforme facultado pelo Art. 42 da Lei Org\u00e2nica."}, {"id": 21758, "ano": 2013, "numero": 511, "tipo__sigla": "REQ", "tipo__descricao": "Requerimento", "autoria__autor__nome": "Raul Cassel", "texto_original": "https://sapl.camaranh.rs.gov.br/media/sapl/public/materialegislativa/2013/21758/21758_texto_integral.odt", "ementa": "Requer Voto de Congratula\u00e7\u00f5es ao Dr. Adalberto Alexandre Snel, homenageado pela Justi\u00e7a do Trabalho."}, {"id": 21762, "ano": 2013, "numero": 512, "tipo__sigla": "REQ", "tipo__descricao": "Requerimento", "autoria__autor__nome": "Raul Cassel", "texto_original": "https://sapl.camaranh.rs.gov.br/media/sapl/public/materialegislativa/2013/21762/21762_texto_integral.odt", "ementa": "Requer Voto de Congratula\u00e7\u00f5es pela inaugura\u00e7\u00e3o do novo Hotel Ibis de Novo Hamburgo."}, {"id": 21779, "ano": 2013, "numero": 513, "tipo__sigla": "REQ", "tipo__descricao": "Requerimento", "autoria__autor__nome": "Gerson Peteffi", "texto_original": "https://sapl.camaranh.rs.gov.br/media/sapl/public/materialegislativa/2013/21779/21779_texto_integral.odt", "ementa": "Requer licen\u00e7a no dia 28 de maio de 2013 para tratar assuntos particulares."}, {"id": 21782, "ano": 2013, "numero": 514, "tipo__sigla": "REQ", "tipo__descricao": "Requerimento", "autoria__autor__nome": "Cristiano Coller\r\nGerson Peteffi\r\nInspetor Luz\r\nJorgeTatsch\r\nProfessor Issur Koch\r\nRaul Cassel\r\nSergio Hanich", "texto_original": "https://sapl.camaranh.rs.gov.br/media/sapl/public/materialegislativa/2013/21782/21782_texto_integral.odt", "ementa": "Requerem, com base no Art. 29, XI da CF (A\u00e7\u00e3o fiscalizadora da C\u00e2mara), combinado com o Art. 101 do Regimento Interno da C\u00e2mara (sobre qualquer assunto), c\u00f3pia da portaria de instaura\u00e7\u00e3o de sindic\u00e2ncia determinada pelo Exmo. Prefeito Municipal, Sr. Jos\u00e9 Luis Lauermann, contra a Sra. Carla Bertinatto, Ex-diretora de Compras de Licita\u00e7\u00f5es da Prefeitura Municipal de Novo Hamburgo."}, {"id": 21785, "ano": 2013, "numero": 515, "tipo__sigla": "REQ", "tipo__descricao": "Requerimento", "autoria__autor__nome": "Professor Issur Koch", "texto_original": "https://sapl.camaranh.rs.gov.br/media/sapl/public/materialegislativa/2013/21785/21785_texto_integral.odt", "ementa": "Requer Voto de Congratula\u00e7\u00f5es \u00e0 Sinoscar pelos seus 45 anos de exist\u00eancia."}, {"id": 21786, "ano": 2013, "numero": 516, "tipo__sigla": "REQ", "tipo__descricao": "Requerimento", "autoria__autor__nome": "Naasom Luciano", "texto_original": "https://sapl.camaranh.rs.gov.br/media/sapl/public/materialegislativa/2013/21786/21786_texto_integral.odt", "ementa": "Requer Voto de Pesar pelo falecimento do Sr. P\u00e9rcio Passini."}, {"id": 21787, "ano": 2013, "numero": 517, "tipo__sigla": "REQ", "tipo__descricao": "Requerimento", "autoria__autor__nome": "Inspetor Luz", "texto_original": "https://sapl.camaranh.rs.gov.br/media/sapl/public/materialegislativa/2013/21787/21787_texto_integral.odt", "ementa": "Requer Voto de Congratula\u00e7\u00f5es \u00e0 Criativa Im\u00f3veis pela passagem de seus 20 anos de funda\u00e7\u00e3o."}, {"id": 21788, "ano": 2013, "numero": 518, "tipo__sigla": "REQ", "tipo__descricao": "Requerimento", "autoria__autor__nome": "Inspetor Luz", "texto_original": "https://sapl.camaranh.rs.gov.br/media/sapl/public/materialegislativa/2013/21788/21788_texto_integral.odt", "ementa": "Requer Voto de Congratula\u00e7\u00f5es \u00e0 Empresa CRF, pela passagem de seus 20 anos de funda\u00e7\u00e3o."}, {"id": 21789, "ano": 2013, "numero": 519, "tipo__sigla": "REQ", "tipo__descricao": "Requerimento", "autoria__autor__nome": "Inspetor Luz", "texto_original": "https://sapl.camaranh.rs.gov.br/media/sapl/public/materialegislativa/2013/21789/21789_texto_integral.odt", "ementa": "Requer Voto de Congratula\u00e7\u00f5es \u00e0 Dapper Empreendimentos Imobili\u00e1rios Ltda. pela passagem de seus 20 anos de funda\u00e7\u00e3o."}, {"id": 21790, "ano": 2013, "numero": 520, "tipo__sigla": "REQ", "tipo__descricao": "Requerimento", "autoria__autor__nome": "Inspetor Luz", "texto_original": "https://sapl.camaranh.rs.gov.br/media/sapl/public/materialegislativa/2013/21790/21790_texto_integral.odt", "ementa": "Requer voto de congratula\u00e7\u00f5es \u00e0 Empresa Termoloss pela passagem de seus 20 anos de funda\u00e7\u00e3o."}, {"id": 21791, "ano": 2013, "numero": 521, "tipo__sigla": "REQ", "tipo__descricao": "Requerimento", "autoria__autor__nome": "Inspetor Luz", "texto_original": "https://sapl.camaranh.rs.gov.br/media/sapl/public/materialegislativa/2013/21791/21791_texto_integral.odt", "ementa": "Requer Voto de Congratula\u00e7\u00f5es ao Escrit\u00f3rio Cont\u00e1bil Scheid pela passagem de seus 40 anos de funda\u00e7\u00e3o."}, {"id": 21792, "ano": 2013, "numero": 522, "tipo__sigla": "REQ", "tipo__descricao": "Requerimento", "autoria__autor__nome": "Gerson Peteffi\r\nInspetor Luz", "texto_original": "https://sapl.camaranh.rs.gov.br/media/sapl/public/materialegislativa/2013/21792/21792_texto_integral.odt", "ementa": "Requer Voto de Congratula\u00e7\u00f5es ao Tabelionato Barreto pela passagem de seus 75 anos de funda\u00e7\u00e3o."}, {"id": 21793, "ano": 2013, "numero": 523, "tipo__sigla": "REQ", "tipo__descricao": "Requerimento", "autoria__autor__nome": "Inspetor Luz", "texto_original": "https://sapl.camaranh.rs.gov.br/media/sapl/public/materialegislativa/2013/21793/21793_texto_integral.odt", "ementa": "Requer Voto de Congratula\u00e7\u00f5es \u00e0 Empresa Tanqu\u00edmica Ind\u00fastria e Com\u00e9rcio Ltda. pela passagem de seus 15 anos de funda\u00e7\u00e3o."}, {"id": 21794, "ano": 2013, "numero": 524, "tipo__sigla": "REQ", "tipo__descricao": "Requerimento", "autoria__autor__nome": "Inspetor Luz", "texto_original": "https://sapl.camaranh.rs.gov.br/media/sapl/public/materialegislativa/2013/21794/21794_texto_integral.odt", "ementa": "Requer Voto de Congratula\u00e7\u00f5es ao Escrit\u00f3rio Acerta Contab\u00e9is pela passagem de seus 10 anos de funda\u00e7\u00e3o."}, {"id": 21796, "ano": 2013, "numero": 525, "tipo__sigla": "REQ", "tipo__descricao": "Requerimento", "autoria__autor__nome": "Inspetor Luz", "texto_original": "https://sapl.camaranh.rs.gov.br/media/sapl/public/materialegislativa/2013/21796/21796_texto_integral.odt", "ementa": "Requer Voto de Congratula\u00e7\u00f5es ao Escrit\u00f3rio Schwan Assessoria pela passagem de seus 50 anos de funda\u00e7\u00e3o."}, {"id": 21804, "ano": 2013, "numero": 526, "tipo__sigla": "REQ", "tipo__descricao": "Requerimento", "autoria__autor__nome": "Professor Issur Koch", "texto_original": "https://sapl.camaranh.rs.gov.br/media/sapl/public/materialegislativa/2013/21804/21804_texto_integral.odt", "ementa": "Requer que Parte do Expediente da Sess\u00e3o Ordin\u00e1ria de 23 de julho de 2013 seja destinada a homenagear os 120 anos do 3\u00ba Batalh\u00e3o de Pol\u00edcia Militar."}, {"id": 21806, "ano": 2013, "numero": 527, "tipo__sigla": "REQ", "tipo__descricao": "Requerimento", "autoria__autor__nome": "Professor Issur Koch", "texto_original": "https://sapl.camaranh.rs.gov.br/media/sapl/public/materialegislativa/2013/21806/21806_texto_integral.odt", "ementa": "Solicita ao executivo c\u00f3pia de contrato da Feira de Ibitinga, realizada nos pavilh\u00f5es da Fenac."}, {"id": 21819, "ano": 2013, "numero": 528, "tipo__sigla": "REQ", "tipo__descricao": "Requerimento", "autoria__autor__nome": "Sergio Hanich", "texto_original": "https://sapl.camaranh.rs.gov.br/media/sapl/public/materialegislativa/2013/21819/21819_texto_integral.odt", "ementa": "Solicita informa\u00e7\u00f5es descritas abaixo."}, {"id": 21829, "ano": 2013, "numero": 529, "tipo__sigla": "REQ", "tipo__descricao": "Requerimento", "autoria__autor__nome": "Cristiano Coller", "texto_original": "https://sapl.camaranh.rs.gov.br/media/sapl/public/materialegislativa/2013/21829/21829_texto_integral.odt", "ementa": "Solicita informa\u00e7\u00f5es sobre a F\u00e1brica do Saber, localizada na Rua Tupiniquins, n\u00ba 134, no Bairro Ideal, ao lado da Escola Presidente Nilo Pe\u00e7anha. "}, {"id": 21831, "ano": 2013, "numero": 530, "tipo__sigla": "REQ", "tipo__descricao": "Requerimento", "autoria__autor__nome": "Cristiano Coller", "texto_original": "https://sapl.camaranh.rs.gov.br/media/sapl/public/materialegislativa/2013/21831/21831_texto_integral.odt", "ementa": "Solicita informa\u00e7\u00f5es junto \u00e0 COMUR sobre o tr\u00e2nsito intenso de \u00f4nibus intermunicipais em ruas de paralelep\u00edpedos, no Bairro Ideal."}, {"id": 21833, "ano": 2013, "numero": 531, "tipo__sigla": "REQ", "tipo__descricao": "Requerimento", "autoria__autor__nome": "Cristiano Coller", "texto_original": "https://sapl.camaranh.rs.gov.br/media/sapl/public/materialegislativa/2013/21833/21833_texto_integral.odt", "ementa": "Requer informa\u00e7\u00f5es sobre Edital de Chamamento P\u00fablico n\u00ba 05/2013."}, {"id": 21838, "ano": 2013, "numero": 532, "tipo__sigla": "REQ", "tipo__descricao": "Requerimento", "autoria__autor__nome": "Inspetor Luz", "texto_original": "https://sapl.camaranh.rs.gov.br/media/sapl/public/materialegislativa/2013/21838/21838_texto_integral.odt", "ementa": "Requer Voto de Congratula\u00e7\u00f5es \u00e0 Par\u00f3quia Sagrado Cora\u00e7\u00e3o de Jesus, pela passagem de seus 56 anos de funda\u00e7\u00e3o."}, {"id": 21843, "ano": 2013, "numero": 533, "tipo__sigla": "REQ", "tipo__descricao": "Requerimento", "autoria__autor__nome": "Luiz Fernando Farias", "texto_original": "https://sapl.camaranh.rs.gov.br/media/sapl/public/materialegislativa/2013/21843/21843_texto_integral.odt", "ementa": "Requer realiza\u00e7\u00e3o de Sess\u00e3o Solene para homenagear o 3\u00ba BPM de Novo Hamburgo pela passagem do 120\u00ba anivers\u00e1rio de sua cria\u00e7\u00e3o."}, {"id": 21845, "ano": 2013, "numero": 534, "tipo__sigla": "REQ", "tipo__descricao": "Requerimento", "autoria__autor__nome": "Gerson Peteffi", "texto_original": "https://sapl.camaranh.rs.gov.br/media/sapl/public/materialegislativa/2013/21845/21845_texto_integral.odt", "ementa": "Requer que seja convidado o Padre Valnei Armesto para participar da Sess\u00e3o Ordin\u00e1ria do dia 16 de julho de 2013, a fim de falar sobre a 38\u00aa Jornada Mundial da Juventude (JMJ), que acontecer\u00e1 entre os dias 23 e 28 de julho de 2013, na cidade do Rio de Janeiro-RJ."}, {"id": 21869, "ano": 2013, "numero": 535, "tipo__sigla": "REQ", "tipo__descricao": "Requerimento", "autoria__autor__nome": "Roger Corr\u00eaa", "texto_original": "https://sapl.camaranh.rs.gov.br/media/sapl/public/materialegislativa/2013/21869/21869_texto_integral.odt", "ementa": "Requer que seja convidado o Sr. Carlos Mossmann, Secret\u00e1rio de Cultura para comparecer \u00e0 Sess\u00e3o Ordin\u00e1ria do dia 20 de junho de 2013, a fim de falar sobre a  2\u00ba Confer\u00eancia Municipal de Cultura \"Construindo uma Pol\u00edtica Cultural para Novo Hamburgo\" que realizar-se-\u00e1 nos dias 1\u00ba e 02 de julho, no Centro Municipal de Cultura."}, {"id": 21891, "ano": 2013, "numero": 536, "tipo__sigla": "REQ", "tipo__descricao": "Requerimento", "autoria__autor__nome": "Sergio Hanich", "texto_original": "https://sapl.camaranh.rs.gov.br/media/sapl/public/materialegislativa/2013/21891/21891_texto_integral.odt", "ementa": "Solicita informa\u00e7\u00f5es descritas abaixo."}, {"id": 21893, "ano": 2013, "numero": 537, "tipo__sigla": "REQ", "tipo__descricao": "Requerimento", "autoria__autor__nome": "Cristiano Coller", "texto_original": "https://sapl.camaranh.rs.gov.br/media/sapl/public/materialegislativa/2013/21893/21893_texto_integral.odt", "ementa": "Reitera as respostas em aten\u00e7\u00e3o aos Requerimentos n\u00ba 082/2013, n\u00ba 83/2013, n\u00ba 84/2013, n\u00ba 85/2013, n\u00ba 86/2013 e n\u00ba 87/2013,  conforme Art. 59, inciso XIV, da Lei  Org\u00e2nica Municipal."}, {"id": 21894, "ano": 2013, "numero": 538, "tipo__sigla": "REQ", "tipo__descricao": "Requerimento", "autoria__autor__nome": "Cristiano Coller", "texto_original": "https://sapl.camaranh.rs.gov.br/media/sapl/public/materialegislativa/2013/21894/21894_texto_integral.odt", "ementa": "Requer informa\u00e7\u00f5es sobre a retirada dos contentores de entulhos (tele-entulhos) do Cemit\u00e9rio Municipal."}, {"id": 21900, "ano": 2013, "numero": 539, "tipo__sigla": "REQ", "tipo__descricao": "Requerimento", "autoria__autor__nome": "Naasom Luciano", "texto_original": "https://sapl.camaranh.rs.gov.br/media/sapl/public/materialegislativa/2013/21900/21900_texto_integral.odt", "ementa": "Requer a indica\u00e7\u00e3o dos Vereadores Enfermeiro  Vilmar e Naasom Luciano para participarem do 27\u00ba Congresso Brasileiro de Engenharia Sanit\u00e1ria e Ambiental, a realizar-se do dia 15 ao dia 19 de setembro de 2013, em Goi\u00e2nia, Goias - GO."}, {"id": 21901, "ano": 2013, "numero": 540, "tipo__sigla": "REQ", "tipo__descricao": "Requerimento", "autoria__autor__nome": "Professor Issur Koch", "texto_original": "https://sapl.camaranh.rs.gov.br/media/sapl/public/materialegislativa/2013/21901/21901_texto_integral.odt", "ementa": "Solicita, com urg\u00eancia, chamada de monitores para atendimento de crian\u00e7as com necessidades especiais na EMEF Cec\u00edlia Meireles, no Bairro Oper\u00e1rio."}, {"id": 21905, "ano": 2013, "numero": 541, "tipo__sigla": "REQ", "tipo__descricao": "Requerimento", "autoria__autor__nome": "Cristiano Coller\r\nGerson Peteffi", "texto_original": "https://sapl.camaranh.rs.gov.br/media/sapl/public/materialegislativa/2013/21905/21905_texto_integral.odt", "ementa": "Requerem informa\u00e7\u00f5es sobre as Unidades B\u00e1sicas de Sa\u00fade."}, {"id": 21907, "ano": 2013, "numero": 542, "tipo__sigla": "REQ", "tipo__descricao": "Requerimento", "autoria__autor__nome": "Raul Cassel", "texto_original": "https://sapl.camaranh.rs.gov.br/media/sapl/public/materialegislativa/2013/21907/21907_texto_integral.odt", "ementa": "Requer Voto de Pesar pelo falecimento de Lu\u00edza Helena Origuella."}, {"id": 21908, "ano": 2013, "numero": 543, "tipo__sigla": "REQ", "tipo__descricao": "Requerimento", "autoria__autor__nome": "Raul Cassel", "texto_original": "https://sapl.camaranh.rs.gov.br/media/sapl/public/materialegislativa/2013/21908/21908_texto_integral.odt", "ementa": "Requer que Parte do Expediente da Sess\u00e3o Ordin\u00e1ria de 25 de junho de 2013 seja destinada a homenagear a ADEVIS de Novo Hamburgo, pela passagem de seus 25 anos de funda\u00e7\u00e3o."}, {"id": 21909, "ano": 2013, "numero": 544, "tipo__sigla": "REQ", "tipo__descricao": "Requerimento", "autoria__autor__nome": "Roger Corr\u00eaa", "texto_original": "https://sapl.camaranh.rs.gov.br/media/sapl/public/materialegislativa/2013/21909/21909_texto_integral.odt", "ementa": "Requer que a C\u00e2mara de Vereadores reconhe\u00e7a leg\u00edtimo impedimento do Vereador Roger Corr\u00eaa no dia 06 de junho de 2013, conforme justificativa em anexo."}, {"id": 21910, "ano": 2013, "numero": 545, "tipo__sigla": "REQ", "tipo__descricao": "Requerimento", "autoria__autor__nome": "Enfermeiro Vilmar", "texto_original": "https://sapl.camaranh.rs.gov.br/media/sapl/public/materialegislativa/2013/21910/21910_texto_integral.odt", "ementa": "Requer que seja convidado o Sr. Luis Carlos Bolzan, Secret\u00e1rio Municipal de Sa\u00fade, para comparecer \u00e0 Sess\u00e3o Ordin\u00e1ria do dia 11 de julho de 2013, a fim de falar sobre o  \"Planejamento de Sa\u00fade para Novo Hamburgo\".  "}, {"id": 21913, "ano": 2013, "numero": 546, "tipo__sigla": "REQ", "tipo__descricao": "Requerimento", "autoria__autor__nome": "Professor Issur Koch", "texto_original": "https://sapl.camaranh.rs.gov.br/media/sapl/public/materialegislativa/2013/21913/21913_texto_integral.odt", "ementa": "Solicita informa\u00e7\u00f5es sobre a atual situa\u00e7\u00e3o do  cadastro reserva de professores, data de vencimento do mesmo e se h\u00e1 previs\u00e3o de novo concurso de professores na rede municipal,  e qual a data prevista."}, {"id": 21928, "ano": 2013, "numero": 547, "tipo__sigla": "REQ", "tipo__descricao": "Requerimento", "autoria__autor__nome": "Inspetor Luz", "texto_original": "https://sapl.camaranh.rs.gov.br/media/sapl/public/materialegislativa/2013/21928/21928_texto_integral.odt", "ementa": "Requer Voto de Congratula\u00e7\u00f5es a Demuth Sistemas de Transportes Ltda, pela passagem de seus 32 anos de funda\u00e7\u00e3o."}, {"id": 21929, "ano": 2013, "numero": 548, "tipo__sigla": "REQ", "tipo__descricao": "Requerimento", "autoria__autor__nome": "Inspetor Luz", "texto_original": "https://sapl.camaranh.rs.gov.br/media/sapl/public/materialegislativa/2013/21929/21929_texto_integral.odt", "ementa": "Requerem Voto de Congratula\u00e7\u00f5es \u00e0 Padaria Confeitaria Brasil, pela passagem de seus 46 anos de funda\u00e7\u00e3o."}, {"id": 21930, "ano": 2013, "numero": 549, "tipo__sigla": "REQ", "tipo__descricao": "Requerimento", "autoria__autor__nome": "Inspetor Luz", "texto_original": "https://sapl.camaranh.rs.gov.br/media/sapl/public/materialegislativa/2013/21930/21930_texto_integral.odt", "ementa": "Requer Voto de Congratula\u00e7\u00f5es a Multimodas Representa\u00e7\u00f5es Ltda, pela passagem de seus 35 anos de funda\u00e7\u00e3o."}, {"id": 21932, "ano": 2013, "numero": 550, "tipo__sigla": "REQ", "tipo__descricao": "Requerimento", "autoria__autor__nome": "Inspetor Luz", "texto_original": "https://sapl.camaranh.rs.gov.br/media/sapl/public/materialegislativa/2013/21932/21932_texto_integral.odt", "ementa": "Requer Voto de Congratula\u00e7\u00f5es \u00e0 Sinostur Turismo, pela passagem de seus 25 anos de funda\u00e7\u00e3o."}, {"id": 21933, "ano": 2013, "numero": 551, "tipo__sigla": "REQ", "tipo__descricao": "Requerimento", "autoria__autor__nome": "Inspetor Luz", "texto_original": "https://sapl.camaranh.rs.gov.br/media/sapl/public/materialegislativa/2013/21933/21933_texto_integral.odt", "ementa": "Requer Voto de Congratula\u00e7\u00f5es \u00e0 Florauto Com\u00e9rcio de Ve\u00edculos Ltda, pela passagem de seus 10 anos de funda\u00e7\u00e3o."}, {"id": 21934, "ano": 2013, "numero": 552, "tipo__sigla": "REQ", "tipo__descricao": "Requerimento", "autoria__autor__nome": "Inspetor Luz", "texto_original": "https://sapl.camaranh.rs.gov.br/media/sapl/public/materialegislativa/2013/21934/21934_texto_integral.odt", "ementa": "Requer Voto de Congratula\u00e7\u00f5es \u00e0 Att Tecnologia em Inform\u00e1tica Ltda, pela passagem de seus 20 anos de funda\u00e7\u00e3o."}, {"id": 21935, "ano": 2013, "numero": 553, "tipo__sigla": "REQ", "tipo__descricao": "Requerimento", "autoria__autor__nome": "Inspetor Luz", "texto_original": "https://sapl.camaranh.rs.gov.br/media/sapl/public/materialegislativa/2013/21935/21935_texto_integral.odt", "ementa": "Requer Voto de Congratula\u00e7\u00f5es \u00e0 Cl\u00ednica do Rim, pela passagem de seus 25 anos de funda\u00e7\u00e3o."}, {"id": 21942, "ano": 2013, "numero": 554, "tipo__sigla": "REQ", "tipo__descricao": "Requerimento", "autoria__autor__nome": "Raul Cassel", "texto_original": "https://sapl.camaranh.rs.gov.br/media/sapl/public/materialegislativa/2013/21942/21942_texto_integral.odt", "ementa": "Requer Voto de Congratula\u00e7\u00f5es \u00e0 Par\u00f3quia Santo Ant\u00f4nio do Bairro Liberdade pelo seu anivers\u00e1rio de 30 anos."}, {"id": 21945, "ano": 2013, "numero": 555, "tipo__sigla": "REQ", "tipo__descricao": "Requerimento", "autoria__autor__nome": "Raul Cassel", "texto_original": "https://sapl.camaranh.rs.gov.br/media/sapl/public/materialegislativa/2013/21945/21945_texto_integral.odt", "ementa": "Requer informa\u00e7\u00f5es sobre a autoriza\u00e7\u00e3o pela SEMAM para o corte de \u00e1rvores ocorrido no dia 01 de maio de 2013, na Rua Joaquim Nabuco."}, {"id": 21947, "ano": 2013, "numero": 556, "tipo__sigla": "REQ", "tipo__descricao": "Requerimento", "autoria__autor__nome": "Raul Cassel", "texto_original": "https://sapl.camaranh.rs.gov.br/media/sapl/public/materialegislativa/2013/21947/21947_texto_integral.odt", "ementa": "Requer informa\u00e7\u00f5es detalhadas sobre os medicamentos que est\u00e3o em falta na Farm\u00e1cia Comunit\u00e1ria."}, {"id": 21955, "ano": 2013, "numero": 557, "tipo__sigla": "REQ", "tipo__descricao": "Requerimento", "autoria__autor__nome": "Raul Cassel", "texto_original": "https://sapl.camaranh.rs.gov.br/media/sapl/public/materialegislativa/2013/21955/21955_texto_integral.odt", "ementa": "Requer Voto de Congratula\u00e7\u00f5es ao jovem hamburguense Matheus Leist pela conquista do GP Nacional de Kart."}, {"id": 21957, "ano": 2013, "numero": 558, "tipo__sigla": "REQ", "tipo__descricao": "Requerimento", "autoria__autor__nome": "Raul Cassel", "texto_original": "https://sapl.camaranh.rs.gov.br/media/sapl/public/materialegislativa/2013/21957/21957_texto_integral.odt", "ementa": "Requer Voto de Congratula\u00e7\u00f5es \u00e0 Merkator Feira e Eventos pela comemora\u00e7\u00e3o de seus 10 anos de atividades."}, {"id": 21961, "ano": 2013, "numero": 559, "tipo__sigla": "REQ", "tipo__descricao": "Requerimento", "autoria__autor__nome": "Mesa da C\u00e2mara Municipal", "texto_original": "https://sapl.camaranh.rs.gov.br/media/sapl/public/materialegislativa/2013/21961/21961_texto_integral.odt", "ementa": "Requerem urg\u00eancia e inclus\u00e3o do Projeto de Lei n\u00ba 76/2013, de autoria do Executivo, que \"abre Cr\u00e9dito Adicional Especial, no valor de R$ 1.506.878,11, e d\u00e1 outras provid\u00eancias\", na Ordem do Dia das Sess\u00f5es Ordin\u00e1rias de 11 e 13 de junho de 2013, para ser apreciado em primeira e segunda vota\u00e7\u00f5es, respectivamente, conforme facultado pelo \u00a7 8\u00ba do art. 150 do Regimento Interno."}, {"id": 21963, "ano": 2013, "numero": 560, "tipo__sigla": "REQ", "tipo__descricao": "Requerimento", "autoria__autor__nome": "Betinho", "texto_original": "https://sapl.camaranh.rs.gov.br/media/sapl/public/materialegislativa/2013/21963/21963_texto_integral.odt", "ementa": "Requer que sejam retomadas as discuss\u00f5es por parte do Executivo Municipal, para a implanta\u00e7\u00e3o do Centro de Refer\u00eancia em Sa\u00fade do Trabalhador de Novo Hamburgo. "}, {"id": 21964, "ano": 2013, "numero": 561, "tipo__sigla": "REQ", "tipo__descricao": "Requerimento", "autoria__autor__nome": "Roger Corr\u00eaa", "texto_original": "https://sapl.camaranh.rs.gov.br/media/sapl/public/materialegislativa/2013/21964/21964_texto_integral.odt", "ementa": "Requer designa\u00e7\u00e3o do Vereador Roger Corr\u00eaa para representar a C\u00e2mara de Vereadores no \"Semin\u00e1rio de Gestores e Atores de Juventude do Rio Grande do Sul\", no dia 13 de junho, das 13  \u00e0s 18 horas, a ser realizado no Munic\u00edpio de Canoas."}, {"id": 21965, "ano": 2013, "numero": 562, "tipo__sigla": "REQ", "tipo__descricao": "Requerimento", "autoria__autor__nome": "Professor Issur Koch", "texto_original": "https://sapl.camaranh.rs.gov.br/media/sapl/public/materialegislativa/2013/21965/21965_texto_integral.odt", "ementa": "Requer Voto de Congratula\u00e7\u00f5es ao Jornal RS por seu  lan\u00e7amento oficial, realizado no dia 11 de junho de 2013."}, {"id": 21966, "ano": 2013, "numero": 563, "tipo__sigla": "REQ", "tipo__descricao": "Requerimento", "autoria__autor__nome": "Naasom Luciano", "texto_original": "https://sapl.camaranh.rs.gov.br/media/sapl/public/materialegislativa/2013/21966/21966_texto_integral.odt", "ementa": "Requer Voto de Pesar pelo falecimento da Sra. Alvina Nanique Lopes dos Reis."}, {"id": 21967, "ano": 2013, "numero": 564, "tipo__sigla": "REQ", "tipo__descricao": "Requerimento", "autoria__autor__nome": "Naasom Luciano", "texto_original": "https://sapl.camaranh.rs.gov.br/media/sapl/public/materialegislativa/2013/21967/21967_texto_integral.odt", "ementa": "Requer a indica\u00e7\u00e3o dos Vereadores Enfermeiro  Vilmar e Naasom Luciano para participarem do 612\u00ba Curso de Capacita\u00e7\u00e3o para Vereadores &#8211; Estudo de viabilidade para a cria\u00e7\u00e3o do Di\u00e1rio Oficial Eletr\u00f4nico no Munic\u00edpio, a realizar-se do dia 03 ao dia 07 de Julho de 2013, em Belo Horizonte, Minas Gerais - MG."}, {"id": 21969, "ano": 2013, "numero": 565, "tipo__sigla": "REQ", "tipo__descricao": "Requerimento", "autoria__autor__nome": "Patr\u00edcia Beck", "texto_original": "https://sapl.camaranh.rs.gov.br/media/sapl/public/materialegislativa/2013/21969/21969_texto_integral.odt", "ementa": "Requer Voto de Pesar pelo falecimento do Senhor Claudino Kunz."}, {"id": 21971, "ano": 2013, "numero": 566, "tipo__sigla": "REQ", "tipo__descricao": "Requerimento", "autoria__autor__nome": "Raul Cassel", "texto_original": "https://sapl.camaranh.rs.gov.br/media/sapl/public/materialegislativa/2013/21971/21971_texto_integral.odt", "ementa": "Requer Voto de Congratula\u00e7\u00f5es ao Jornal Bem Estar - Qualidade de Vida."}, {"id": 21978, "ano": 2013, "numero": 567, "tipo__sigla": "REQ", "tipo__descricao": "Requerimento", "autoria__autor__nome": "Raul Cassel", "texto_original": "https://sapl.camaranh.rs.gov.br/media/sapl/public/materialegislativa/2013/21978/21978_texto_integral.odt", "ementa": "Requer Voto de Congratula\u00e7\u00f5es ao Sr. Paulo de Argollo Mendes, reeleito presidente do SIMERS."}, {"id": 21981, "ano": 2013, "numero": 568, "tipo__sigla": "REQ", "tipo__descricao": "Requerimento", "autoria__autor__nome": "Sergio Hanich", "texto_original": "https://sapl.camaranh.rs.gov.br/media/sapl/public/materialegislativa/2013/21981/21981_texto_integral.odt", "ementa": "Requer c\u00f3pia dos Planos de Preven\u00e7\u00e3o contra Inc\u00eandio(PPCI) de todos os pavilh\u00f5es da Fenac."}, {"id": 21982, "ano": 2013, "numero": 569, "tipo__sigla": "REQ", "tipo__descricao": "Requerimento", "autoria__autor__nome": "Raul Cassel", "texto_original": "https://sapl.camaranh.rs.gov.br/media/sapl/public/materialegislativa/2013/21982/21982_texto_integral.odt", "ementa": "Requer Voto de Pesar pelo falecimento da Sra. Nina Maria Pinalli."}, {"id": 21984, "ano": 2013, "numero": 570, "tipo__sigla": "REQ", "tipo__descricao": "Requerimento", "autoria__autor__nome": "C\u00e2mara Municipal", "texto_original": "https://sapl.camaranh.rs.gov.br/media/", "ementa": "ANULADO POR ESTAR INCORRETO."}, {"id": 21986, "ano": 2013, "numero": 571, "tipo__sigla": "REQ", "tipo__descricao": "Requerimento", "autoria__autor__nome": "COMAM - Comiss\u00e3o de Meio Ambiente", "texto_original": "https://sapl.camaranh.rs.gov.br/media/sapl/public/materialegislativa/2013/21986/21986_texto_integral.odt", "ementa": "Requerem que seja convidado o Sr. Arno Kayser, para participar da Sess\u00e3o Ordin\u00e1ria de 18 de junho de 2013, para falar sobre o funcionamento do COMITESINOS e o Meio Ambiente."}, {"id": 21991, "ano": 2013, "numero": 572, "tipo__sigla": "REQ", "tipo__descricao": "Requerimento", "autoria__autor__nome": "Raul Cassel", "texto_original": "https://sapl.camaranh.rs.gov.br/media/sapl/public/materialegislativa/2013/21991/21991_texto_integral.odt", "ementa": "Requer Voto de Congratula\u00e7\u00f5es ao estudante hamburguense Wagner Scheeren Brum, da Funda\u00e7\u00e3o Liberato."}, {"id": 21992, "ano": 2013, "numero": 573, "tipo__sigla": "REQ", "tipo__descricao": "Requerimento", "autoria__autor__nome": "Raul Cassel", "texto_original": "https://sapl.camaranh.rs.gov.br/media/sapl/public/materialegislativa/2013/21992/21992_texto_integral.odt", "ementa": "Requer Voto de Congratula\u00e7\u00f5es ao Grupo AA Serenidade pela comemora\u00e7\u00e3o de seus 40 anos de atua\u00e7\u00e3o."}, {"id": 21994, "ano": 2013, "numero": 574, "tipo__sigla": "REQ", "tipo__descricao": "Requerimento", "autoria__autor__nome": "Raul Cassel", "texto_original": "https://sapl.camaranh.rs.gov.br/media/sapl/public/materialegislativa/2013/21994/21994_texto_integral.odt", "ementa": "Requer Voto de Congratula\u00e7\u00f5es ao Clube do Fusca pela realiza\u00e7\u00e3o da 1\u00ba Fusca Show."}, {"id": 21995, "ano": 2013, "numero": 575, "tipo__sigla": "REQ", "tipo__descricao": "Requerimento", "autoria__autor__nome": "Professor Issur Koch", "texto_original": "https://sapl.camaranh.rs.gov.br/media/sapl/public/materialegislativa/2013/21995/21995_texto_integral.odt", "ementa": "Solicita a retirada do requerimento de N\u00ba 484/2013."}, {"id": 21999, "ano": 2013, "numero": 576, "tipo__sigla": "REQ", "tipo__descricao": "Requerimento", "autoria__autor__nome": "Cristiano Coller", "texto_original": "https://sapl.camaranh.rs.gov.br/media/sapl/public/materialegislativa/2013/21999/21999_texto_integral.odt", "ementa": "Requer fiscaliza\u00e7\u00e3o pela Secretaria de Seguran\u00e7a e Mobilidade Urbana atrav\u00e9s da Diretoria da Guarda Municipal."}, {"id": 22004, "ano": 2013, "numero": 577, "tipo__sigla": "REQ", "tipo__descricao": "Requerimento", "autoria__autor__nome": "Raul Cassel", "texto_original": "https://sapl.camaranh.rs.gov.br/media/sapl/public/materialegislativa/2013/22004/22004_texto_integral.odt", "ementa": "Requer que Parte do Expediente da Sess\u00e3o Ordin\u00e1ria de 09 de julho de 2013 seja destinada a homenagear a ALVALES de Novo Hamburgo, pela passagem de seus 25 anos de funda\u00e7\u00e3o."}, {"id": 22014, "ano": 2013, "numero": 578, "tipo__sigla": "REQ", "tipo__descricao": "Requerimento", "autoria__autor__nome": "Betinho", "texto_original": "https://sapl.camaranh.rs.gov.br/media/", "ementa": "Mat\u00e9ria retirada pelo autor antes da inclus\u00e3o no Expediente."}, {"id": 22017, "ano": 2013, "numero": 579, "tipo__sigla": "REQ", "tipo__descricao": "Requerimento", "autoria__autor__nome": "Professor Issur Koch", "texto_original": "https://sapl.camaranh.rs.gov.br/media/sapl/public/materialegislativa/2013/22017/22017_texto_integral.odt", "ementa": "Solicita informa\u00e7\u00f5es quanto \u00e0 arrecada\u00e7\u00e3o  total de impostos do munic\u00edpio de 2008 a 2012. "}, {"id": 22018, "ano": 2013, "numero": 580, "tipo__sigla": "REQ", "tipo__descricao": "Requerimento", "autoria__autor__nome": "Professor Issur Koch", "texto_original": "https://sapl.camaranh.rs.gov.br/media/sapl/public/materialegislativa/2013/22018/22018_texto_integral.odt", "ementa": "Solicita informa\u00e7\u00f5es junto \u00e0 Prefeitura de Novo Hamburgo quanto \u00e0 obra na Rua Mundo Novo, ao lado do n\u00ba 775, no Bairro Canudos."}, {"id": 22019, "ano": 2013, "numero": 581, "tipo__sigla": "REQ", "tipo__descricao": "Requerimento", "autoria__autor__nome": "Inspetor Luz", "texto_original": "https://sapl.camaranh.rs.gov.br/media/sapl/public/materialegislativa/2013/22019/22019_texto_integral.odt", "ementa": "Requer Voto de Congratula\u00e7\u00f5es a Dupla \u00c9tica Contabilidade, pela passagem de seus 10 anos de funda\u00e7\u00e3o."}, {"id": 22020, "ano": 2013, "numero": 582, "tipo__sigla": "REQ", "tipo__descricao": "Requerimento", "autoria__autor__nome": "Inspetor Luz", "texto_original": "https://sapl.camaranh.rs.gov.br/media/sapl/public/materialegislativa/2013/22020/22020_texto_integral.odt", "ementa": "Requer Voto de Congratula\u00e7\u00f5es a empresa Assintecal, pela passagem de seus 30 anos de funda\u00e7\u00e3o."}, {"id": 22021, "ano": 2013, "numero": 583, "tipo__sigla": "REQ", "tipo__descricao": "Requerimento", "autoria__autor__nome": "Inspetor Luz", "texto_original": "https://sapl.camaranh.rs.gov.br/media/sapl/public/materialegislativa/2013/22021/22021_texto_integral.odt", "ementa": "Requer Voto de Congratula\u00e7\u00f5es a empresa Cartoprint Ind\u00fastria e Com\u00e9rcio de Embalagens Ltda, pela passagem de seus 15 anos de funda\u00e7\u00e3o."}, {"id": 22022, "ano": 2013, "numero": 584, "tipo__sigla": "REQ", "tipo__descricao": "Requerimento", "autoria__autor__nome": "Inspetor Luz", "texto_original": "https://sapl.camaranh.rs.gov.br/media/sapl/public/materialegislativa/2013/22022/22022_texto_integral.odt", "ementa": "Requer Voto de Congratula\u00e7\u00f5es \u00e0 empresa Fanabor, pela passagem de seus 20 anos de funda\u00e7\u00e3o."}, {"id": 22023, "ano": 2013, "numero": 585, "tipo__sigla": "REQ", "tipo__descricao": "Requerimento", "autoria__autor__nome": "Inspetor Luz", "texto_original": "https://sapl.camaranh.rs.gov.br/media/sapl/public/materialegislativa/2013/22023/22023_texto_integral.odt", "ementa": "Requer Voto de Congratula\u00e7\u00f5es \u00e0 empresa Master pl\u00e1sticos, pela passagem de seus 15 anos de funda\u00e7\u00e3o."}, {"id": 22024, "ano": 2013, "numero": 586, "tipo__sigla": "REQ", "tipo__descricao": "Requerimento", "autoria__autor__nome": "Inspetor Luz", "texto_original": "https://sapl.camaranh.rs.gov.br/media/sapl/public/materialegislativa/2013/22024/22024_texto_integral.odt", "ementa": "Requer Voto de Congratula\u00e7\u00f5es ao Green Park Hotel Fenac, pela passagem de seus 35 anos de funda\u00e7\u00e3o."}, {"id": 22025, "ano": 2013, "numero": 587, "tipo__sigla": "REQ", "tipo__descricao": "Requerimento", "autoria__autor__nome": "Raul Cassel", "texto_original": "https://sapl.camaranh.rs.gov.br/media/sapl/public/materialegislativa/2013/22025/22025_texto_integral.odt", "ementa": "Requer Voto de Pesar pelo falecimento do senhor Prot\u00e1sio Felippe Krummenauer."}, {"id": 22045, "ano": 2013, "numero": 588, "tipo__sigla": "REQ", "tipo__descricao": "Requerimento", "autoria__autor__nome": "Cristiano Coller", "texto_original": "https://sapl.camaranh.rs.gov.br/media/sapl/public/materialegislativa/2013/22045/22045_texto_integral.odt", "ementa": "Requer informa\u00e7\u00f5es sobre a Capela Mortu\u00e1ria do Parque do Trabalhador."}, {"id": 22047, "ano": 2013, "numero": 589, "tipo__sigla": "REQ", "tipo__descricao": "Requerimento", "autoria__autor__nome": "Raul Cassel", "texto_original": "https://sapl.camaranh.rs.gov.br/media/sapl/public/materialegislativa/2013/22047/22047_texto_integral.odt", "ementa": "Requer Voto de Congratula\u00e7\u00f5es \u00e0 Equipe de Patina\u00e7\u00e3o/SGNH, pela coloca\u00e7\u00e3o no Campeonato Brasileiro e Torneio."}, {"id": 22048, "ano": 2013, "numero": 590, "tipo__sigla": "REQ", "tipo__descricao": "Requerimento", "autoria__autor__nome": "Raul Cassel", "texto_original": "https://sapl.camaranh.rs.gov.br/media/sapl/public/materialegislativa/2013/22048/22048_texto_integral.odt", "ementa": "Requer informa\u00e7\u00f5es detalhadas sobre, a regulamenta\u00e7\u00e3o da venda de passagem de \u00f4nibus para estudantes"}, {"id": 22049, "ano": 2013, "numero": 591, "tipo__sigla": "REQ", "tipo__descricao": "Requerimento", "autoria__autor__nome": "Raul Cassel", "texto_original": "https://sapl.camaranh.rs.gov.br/media/sapl/public/materialegislativa/2013/22049/22049_texto_integral.odt", "ementa": "Requer votos de congratula\u00e7\u00f5es ao jovem tenista JO\u00c3O BONDAN SCHORR."}, {"id": 22065, "ano": 2013, "numero": 592, "tipo__sigla": "REQ", "tipo__descricao": "Requerimento", "autoria__autor__nome": "Professor Issur Koch", "texto_original": "https://sapl.camaranh.rs.gov.br/media/sapl/public/materialegislativa/2013/22065/22065_texto_integral.odt", "ementa": "Requer que Parte do Expediente da Sess\u00e3o Ordin\u00e1ria de 24 de setembro seja em homenagem aos 50 anos da New PS Propaganda e Marketing."}, {"id": 22076, "ano": 2013, "numero": 593, "tipo__sigla": "REQ", "tipo__descricao": "Requerimento", "autoria__autor__nome": "Cristiano Coller", "texto_original": "https://sapl.camaranh.rs.gov.br/media/sapl/public/materialegislativa/2013/22076/22076_texto_integral.odt", "ementa": "Solicita informa\u00e7\u00f5es relativas \u00e0s Escolas Municipais de Ensino Infantil."}, {"id": 22068, "ano": 2013, "numero": 594, "tipo__sigla": "REQ", "tipo__descricao": "Requerimento", "autoria__autor__nome": "Enfermeiro Vilmar", "texto_original": "https://sapl.camaranh.rs.gov.br/media/sapl/public/materialegislativa/2013/22068/22068_texto_integral.odt", "ementa": "Requer Voto de Congratula\u00e7\u00f5es ao Jornal Parad\u00e3o por seu anivers\u00e1rio de dois anos. "}, {"id": 22078, "ano": 2013, "numero": 595, "tipo__sigla": "REQ", "tipo__descricao": "Requerimento", "autoria__autor__nome": "Cristiano Coller", "texto_original": "https://sapl.camaranh.rs.gov.br/media/sapl/public/materialegislativa/2013/22078/22078_texto_integral.odt", "ementa": "Solicita informa\u00e7\u00f5es quanto \u00e0s Unidades de Sa\u00fade da Fam\u00edlia - USF - do Munic\u00edpio."}, {"id": 22079, "ano": 2013, "numero": 596, "tipo__sigla": "REQ", "tipo__descricao": "Requerimento", "autoria__autor__nome": "Cristiano Coller", "texto_original": "https://sapl.camaranh.rs.gov.br/media/sapl/public/materialegislativa/2013/22079/22079_texto_integral.odt", "ementa": "Solicita informa\u00e7\u00f5es quanto aos Centros de Refer\u00eancia e Assist\u00eancia Social - CRAS - do Munic\u00edpio."}, {"id": 22080, "ano": 2013, "numero": 597, "tipo__sigla": "REQ", "tipo__descricao": "Requerimento", "autoria__autor__nome": "Cristiano Coller", "texto_original": "https://sapl.camaranh.rs.gov.br/media/sapl/public/materialegislativa/2013/22080/22080_texto_integral.odt", "ementa": "Solicita informa\u00e7\u00f5es quanto \u00e0s Escolas Municipais de Ensino Fundamental - EMEF - do Munic\u00edpio."}, {"id": 22083, "ano": 2013, "numero": 598, "tipo__sigla": "REQ", "tipo__descricao": "Requerimento", "autoria__autor__nome": "Cristiano Coller", "texto_original": "https://sapl.camaranh.rs.gov.br/media/sapl/public/materialegislativa/2013/22083/22083_texto_integral.odt", "ementa": "Solicita informa\u00e7\u00f5es quanto \u00e0s Unidades de Refer\u00eancia de Assist\u00eancia Social do Munic\u00edpio - URAS - do Munic\u00edpio."}, {"id": 22084, "ano": 2013, "numero": 599, "tipo__sigla": "REQ", "tipo__descricao": "Requerimento", "autoria__autor__nome": "Cristiano Coller", "texto_original": "https://sapl.camaranh.rs.gov.br/media/sapl/public/materialegislativa/2013/22084/22084_texto_integral.odt", "ementa": "Solicita informa\u00e7\u00f5es quanto \u00e0s Unidades B\u00e1sicas de Sa\u00fade - UBS - do Munic\u00edpio."}, {"id": 22085, "ano": 2013, "numero": 600, "tipo__sigla": "REQ", "tipo__descricao": "Requerimento", "autoria__autor__nome": "Gerson Peteffi", "texto_original": "https://sapl.camaranh.rs.gov.br/media/sapl/public/materialegislativa/2013/22085/22085_texto_integral.odt", "ementa": "Requer inser\u00e7\u00e3o na Ata da Sess\u00e3o do dia 20 de junho de 2013, do Jornal Tribuna da Cidade Coluna do  Gerald\u00e3o Haubert - EU ABORDO ESTE ASSUNTO SIM SENHORES VEREADORES."}, {"id": 22091, "ano": 2013, "numero": 601, "tipo__sigla": "REQ", "tipo__descricao": "Requerimento", "autoria__autor__nome": "Raul Cassel", "texto_original": "https://sapl.camaranh.rs.gov.br/media/sapl/public/materialegislativa/2013/22091/22091_texto_integral.odt", "ementa": "Requer Voto de Pesar pelo falecimento da senhora Christina Emma Klein Marquart."}, {"id": 22098, "ano": 2013, "numero": 602, "tipo__sigla": "REQ", "tipo__descricao": "Requerimento", "autoria__autor__nome": "Cristiano Coller", "texto_original": "https://sapl.camaranh.rs.gov.br/media/sapl/public/materialegislativa/2013/22098/22098_texto_integral.odt", "ementa": "Requer informa\u00e7\u00f5es  sobre a falta de ilumina\u00e7\u00e3o p\u00fablica em ruas do Bairro Ideal."}, {"id": 22099, "ano": 2013, "numero": 603, "tipo__sigla": "REQ", "tipo__descricao": "Requerimento", "autoria__autor__nome": "Cristiano Coller", "texto_original": "https://sapl.camaranh.rs.gov.br/media/sapl/public/materialegislativa/2013/22099/22099_texto_integral.odt", "ementa": "Requer informa\u00e7\u00f5es sobre o Or\u00e7amento Participativo do ano de 2011."}, {"id": 22101, "ano": 2013, "numero": 604, "tipo__sigla": "REQ", "tipo__descricao": "Requerimento", "autoria__autor__nome": "Raul Cassel", "texto_original": "https://sapl.camaranh.rs.gov.br/media/sapl/public/materialegislativa/2013/22101/22101_texto_integral.odt", "ementa": "Requer Voto de Pesar pelo falecimento do senhor Guilherme F. K. Jacobus."}, {"id": 22103, "ano": 2013, "numero": 605, "tipo__sigla": "REQ", "tipo__descricao": "Requerimento", "autoria__autor__nome": "Raul Cassel", "texto_original": "https://sapl.camaranh.rs.gov.br/media/sapl/public/materialegislativa/2013/22103/22103_texto_integral.odt", "ementa": "Requer Voto de Pesar pelo falecimento do senhor Rubem Oscar Winter."}, {"id": 22109, "ano": 2013, "numero": 606, "tipo__sigla": "REQ", "tipo__descricao": "Requerimento", "autoria__autor__nome": "Cristiano Coller", "texto_original": "https://sapl.camaranh.rs.gov.br/media/sapl/public/materialegislativa/2013/22109/22109_texto_integral.odt", "ementa": "Requer informa\u00e7\u00f5es sobre a locomotiva que estava na Pra\u00e7a Imigrante."}, {"id": 22118, "ano": 2013, "numero": 607, "tipo__sigla": "REQ", "tipo__descricao": "Requerimento", "autoria__autor__nome": "Raul Cassel", "texto_original": "https://sapl.camaranh.rs.gov.br/media/sapl/public/materialegislativa/2013/22118/22118_texto_integral.pdf", "ementa": "Requer que seja convidado o Secret\u00e1rio de Desenvolvimento Econ\u00f4mico, Tecnologia, Trabalho e Turismo &#8211; SEDETUR, Sr. Carlos Finck, para participar da Sess\u00e3o Ordin\u00e1ria de 25 de julho de 2013 e prestar esclarecimentos acerca do Projeto de Revitaliza\u00e7\u00e3o das Bancas da Avenida Pedro Adams Filho."}, {"id": 22121, "ano": 2013, "numero": 608, "tipo__sigla": "REQ", "tipo__descricao": "Requerimento", "autoria__autor__nome": "Cristiano Coller", "texto_original": "https://sapl.camaranh.rs.gov.br/media/sapl/public/materialegislativa/2013/22121/22121_texto_integral.odt", "ementa": "Requer informa\u00e7\u00f5es sobre a fiscaliza\u00e7\u00e3o de animais em \u00e1rea urbana."}, {"id": 22122, "ano": 2013, "numero": 609, "tipo__sigla": "REQ", "tipo__descricao": "Requerimento", "autoria__autor__nome": "Cristiano Coller", "texto_original": "https://sapl.camaranh.rs.gov.br/media/sapl/public/materialegislativa/2013/22122/22122_texto_integral.odt", "ementa": "Requer informa\u00e7\u00f5es sobre a fiscaliza\u00e7\u00e3o, captura e retirada de colmeias de abelhas, vespeiros e marimbondos."}, {"id": 22123, "ano": 2013, "numero": 610, "tipo__sigla": "REQ", "tipo__descricao": "Requerimento", "autoria__autor__nome": "Cristiano Coller", "texto_original": "https://sapl.camaranh.rs.gov.br/media/sapl/public/materialegislativa/2013/22123/22123_texto_integral.odt", "ementa": "Solicita informa\u00e7\u00f5es sobre as c\u00e2meras de vigil\u00e2ncia em nosso munic\u00edpio."}, {"id": 22125, "ano": 2013, "numero": 611, "tipo__sigla": "REQ", "tipo__descricao": "Requerimento", "autoria__autor__nome": "Gerson Peteffi", "texto_original": "https://sapl.camaranh.rs.gov.br/media/sapl/public/materialegislativa/2013/22125/22125_texto_integral.odt", "ementa": "Requer Voto de Congratula\u00e7\u00f5es pela funda\u00e7\u00e3o do Partido da Social Democracia Brasileira (PSDB), em 25 de junho de 1988."}, {"id": 22130, "ano": 2013, "numero": 612, "tipo__sigla": "REQ", "tipo__descricao": "Requerimento", "autoria__autor__nome": "Raul Cassel", "texto_original": "https://sapl.camaranh.rs.gov.br/media/sapl/public/materialegislativa/2013/22130/22130_texto_integral.odt", "ementa": "Requer Voto de Congratula\u00e7\u00f5es \u00e0 Senhorita Gabriele Eckerdt Lech pela conquista do T\u00edtulo Glamour 2013."}, {"id": 22135, "ano": 2013, "numero": 613, "tipo__sigla": "REQ", "tipo__descricao": "Requerimento", "autoria__autor__nome": "Raul Cassel", "texto_original": "https://sapl.camaranh.rs.gov.br/media/sapl/public/materialegislativa/2013/22135/22135_texto_integral.odt", "ementa": "Requer Voto de Congratula\u00e7\u00f5es \u00e0 Loja Girassol Presentes pela inaugura\u00e7\u00e3o de sua nova loja em Novo Hamburgo."}, {"id": 22136, "ano": 2013, "numero": 614, "tipo__sigla": "REQ", "tipo__descricao": "Requerimento", "autoria__autor__nome": "Professor Issur Koch", "texto_original": "https://sapl.camaranh.rs.gov.br/media/sapl/public/materialegislativa/2013/22136/22136_texto_integral.odt", "ementa": "Solicita  informa\u00e7\u00f5es  junto a Secretaria de Sa\u00fade  quanto ao mapa de atendimento das Unidades de Pronto Atendimento."}, {"id": 22137, "ano": 2013, "numero": 615, "tipo__sigla": "REQ", "tipo__descricao": "Requerimento", "autoria__autor__nome": "Raul Cassel", "texto_original": "https://sapl.camaranh.rs.gov.br/media/sapl/public/materialegislativa/2013/22137/22137_texto_integral.odt", "ementa": "Requer Voto de Congratula\u00e7\u00f5es \u00e0 EMEF S\u00e3o Jo\u00e3o - Bairro Guarani, pelo lan\u00e7amento do seu jornal escolar."}, {"id": 22139, "ano": 2013, "numero": 616, "tipo__sigla": "REQ", "tipo__descricao": "Requerimento", "autoria__autor__nome": "Professor Issur Koch", "texto_original": "https://sapl.camaranh.rs.gov.br/media/sapl/public/materialegislativa/2013/22139/22139_texto_integral.odt", "ementa": "Solicita informa\u00e7\u00f5es junto \u00e0 Secretaria de Sa\u00fade qual a Unidade de Pronto Atendimento atende o Bairro Jardim Mau\u00e1."}, {"id": 22141, "ano": 2013, "numero": 617, "tipo__sigla": "REQ", "tipo__descricao": "Requerimento", "autoria__autor__nome": "C\u00e2mara Municipal\r\nSergio Hanich", "texto_original": "https://sapl.camaranh.rs.gov.br/media/sapl/public/materialegislativa/2013/22141/22141_texto_integral.odt", "ementa": "Requerem Voto de Congratula\u00e7\u00f5es ao Sr. Jo\u00e3o Valtuir de Oliveira"}, {"id": 22145, "ano": 2013, "numero": 618, "tipo__sigla": "REQ", "tipo__descricao": "Requerimento", "autoria__autor__nome": "Cristiano Coller", "texto_original": "https://sapl.camaranh.rs.gov.br/media/sapl/public/materialegislativa/2013/22145/22145_texto_integral.odt", "ementa": "Requer licen\u00e7a da verean\u00e7a por 5 (cinco) dias, a partir de 24 de junho, conforme Art. 26, Inciso V da Lei Org\u00e2nica Municipal e Art. 15, Inciso V do Regimento Interno."}, {"id": 22164, "ano": 2013, "numero": 619, "tipo__sigla": "REQ", "tipo__descricao": "Requerimento", "autoria__autor__nome": "Gerson Peteffi\r\nRaul Cassel", "texto_original": "https://sapl.camaranh.rs.gov.br/media/sapl/public/materialegislativa/2013/22164/22164_texto_integral.odt", "ementa": "Requerem Voto de Congratula\u00e7\u00f5es ao Sr. MIGUEL KUHN e a Sra. EDI KUHN, pela posse como Presidente do Lions Clube Novo Hamburgo Centro."}, {"id": 22165, "ano": 2013, "numero": 620, "tipo__sigla": "REQ", "tipo__descricao": "Requerimento", "autoria__autor__nome": "Professor Issur Koch", "texto_original": "https://sapl.camaranh.rs.gov.br/media/sapl/public/materialegislativa/2013/22165/22165_texto_integral.odt", "ementa": "Requer a estimativa da demanda de professores para a rede municipal de ensino, bem como o n\u00famero atual de docentes."}, {"id": 22187, "ano": 2013, "numero": 621, "tipo__sigla": "REQ", "tipo__descricao": "Requerimento", "autoria__autor__nome": "Sergio Hanich", "texto_original": "https://sapl.camaranh.rs.gov.br/media/sapl/public/materialegislativa/2013/22187/22187_texto_integral.odt", "ementa": "  Solicita informa\u00e7\u00f5es descritas abaixo."}, {"id": 22190, "ano": 2013, "numero": 622, "tipo__sigla": "REQ", "tipo__descricao": "Requerimento", "autoria__autor__nome": "Professor Issur Koch", "texto_original": "https://sapl.camaranh.rs.gov.br/media/sapl/public/materialegislativa/2013/22190/22190_texto_integral.odt", "ementa": "Solicita informa\u00e7\u00f5es junto \u00e0 Secretaria de Educa\u00e7\u00e3o quanto \u00e0 troca de m\u00e9todo de avalia\u00e7\u00e3o escolar que extingue a nota num\u00e9rica. "}, {"id": 22191, "ano": 2013, "numero": 623, "tipo__sigla": "REQ", "tipo__descricao": "Requerimento", "autoria__autor__nome": "Raul Cassel", "texto_original": "https://sapl.camaranh.rs.gov.br/media/sapl/public/materialegislativa/2013/22191/22191_texto_integral.odt", "ementa": "Requer Voto de Pesar pelo falecimento do senhor Ernani Enio Juchem."}, {"id": 22194, "ano": 2013, "numero": 624, "tipo__sigla": "REQ", "tipo__descricao": "Requerimento", "autoria__autor__nome": "Raul Cassel", "texto_original": "https://sapl.camaranh.rs.gov.br/media/sapl/public/materialegislativa/2013/22194/22194_texto_integral.odt", "ementa": "Requer Voto de Congratula\u00e7\u00f5es \u00e0 Associa\u00e7\u00e3o dos Munic\u00edpios da Rota Rom\u00e2ntica pelo lan\u00e7amento do seu novo v\u00eddeo institucional."}, {"id": 22199, "ano": 2013, "numero": 625, "tipo__sigla": "REQ", "tipo__descricao": "Requerimento", "autoria__autor__nome": "Raul Cassel", "texto_original": "https://sapl.camaranh.rs.gov.br/media/sapl/public/materialegislativa/2013/22199/22199_texto_integral.odt", "ementa": "Requerem Voto de Congratula\u00e7\u00f5es \u00e0 Relojoaria Stylo pela comemora\u00e7\u00e3o de seus 20 anos de atividades."}, {"id": 22202, "ano": 2013, "numero": 626, "tipo__sigla": "REQ", "tipo__descricao": "Requerimento", "autoria__autor__nome": "Raul Cassel", "texto_original": "https://sapl.camaranh.rs.gov.br/media/sapl/public/materialegislativa/2013/22202/22202_texto_integral.odt", "ementa": "Requer que seja convidado o Presidente do Movimento de Justi\u00e7a e Direitos Humanos, Sr. Jair Krischke, para participar da Sess\u00e3o Ordin\u00e1ria de 30 de julho de 2013, para falar sobre a pris\u00e3o ilegal da jovem Bruna Bayer na Espanha e tamb\u00e9m sobre a luta do movimento pelos direitos dos trabalhadores nos navios de cruzeiro."}, {"id": 22207, "ano": 2013, "numero": 627, "tipo__sigla": "REQ", "tipo__descricao": "Requerimento", "autoria__autor__nome": "Raul Cassel", "texto_original": "https://sapl.camaranh.rs.gov.br/media/sapl/public/materialegislativa/2013/22207/22207_texto_integral.odt", "ementa": "Requer que Parte do Expediente da Sess\u00e3o Ordin\u00e1ria de 23 de julho de 2013 seja destinada para homenagear o SINDUSCON de Novo Hamburgo, pela passagem de seus 70 anos de funda\u00e7\u00e3o."}, {"id": 22208, "ano": 2013, "numero": 628, "tipo__sigla": "REQ", "tipo__descricao": "Requerimento", "autoria__autor__nome": "COSEG - Comiss\u00e3o de Seguran\u00e7a P\u00fablica", "texto_original": "https://sapl.camaranh.rs.gov.br/media/sapl/public/materialegislativa/2013/22208/22208_texto_integral.odt", "ementa": "Requerem a realiza\u00e7\u00e3o de Audi\u00eancia P\u00fablica no dia 15 de julho de 2013, com in\u00edcio \u00e0s 19 horas e t\u00e9rmino \u00e0s 21 horas, no Plen\u00e1rio desta Casa Legislativa, com a finalidade de debater a situa\u00e7\u00e3o e as p\u00e9ssimas condi\u00e7\u00f5es do Instituto Penal de Novo Hamburgo."}, {"id": 22209, "ano": 2013, "numero": 629, "tipo__sigla": "REQ", "tipo__descricao": "Requerimento", "autoria__autor__nome": "COEDU - Comiss. de Educa\u00e7\u00e3o, Cultura, Desporto, Ci\u00eancia e Tecnologia", "texto_original": "https://sapl.camaranh.rs.gov.br/media/sapl/public/materialegislativa/2013/22209/22209_texto_integral.odt", "ementa": "Requer que seja convidado o Sr. Ramon Stein, representante da Orquestra de Sopros Municipal  para participar da Sess\u00e3o Ordin\u00e1ria de 01 de agosto de 2013, para falar sobre a orquestra, seu hist\u00f3rico, projetos e problemas."}, {"id": 22210, "ano": 2013, "numero": 630, "tipo__sigla": "REQ", "tipo__descricao": "Requerimento", "autoria__autor__nome": "Professor Issur Koch", "texto_original": "https://sapl.camaranh.rs.gov.br/media/sapl/public/materialegislativa/2013/22210/22210_texto_integral.odt", "ementa": "Requer licen\u00e7a da verean\u00e7a por 5 (cinco) dias, a partir de 2 de julho, conforme Art. 26, Inciso V da Lei Org\u00e2nica Municipal e Art. 15, Inciso V do Regimento Interno."}, {"id": 22214, "ano": 2013, "numero": 631, "tipo__sigla": "REQ", "tipo__descricao": "Requerimento", "autoria__autor__nome": "Sergio Hanich", "texto_original": "https://sapl.camaranh.rs.gov.br/media/sapl/public/materialegislativa/2013/22214/22214_texto_integral.odt", "ementa": "Voto de pesar pelo falecimento do Sr. Pedro Adams Neto."}, {"id": 22223, "ano": 2013, "numero": 632, "tipo__sigla": "REQ", "tipo__descricao": "Requerimento", "autoria__autor__nome": "Raul Cassel", "texto_original": "https://sapl.camaranh.rs.gov.br/media/sapl/public/materialegislativa/2013/22223/22223_texto_integral.odt", "ementa": "Requer Voto de Congratula\u00e7\u00f5es aos atletas da LEME, pela participa\u00e7\u00e3o no III Parajirgs."}, {"id": 22224, "ano": 2013, "numero": 633, "tipo__sigla": "REQ", "tipo__descricao": "Requerimento", "autoria__autor__nome": "Raul Cassel", "texto_original": "https://sapl.camaranh.rs.gov.br/media/sapl/public/materialegislativa/2013/22224/22224_texto_integral.odt", "ementa": "Requer Voto de Congratula\u00e7\u00f5es \u00e0 atleta da Universidade Feevale, Talita Haas, hexacampe\u00e3 brasileira de patina\u00e7\u00e3o."}, {"id": 22225, "ano": 2013, "numero": 634, "tipo__sigla": "REQ", "tipo__descricao": "Requerimento", "autoria__autor__nome": "Raul Cassel", "texto_original": "https://sapl.camaranh.rs.gov.br/media/sapl/public/materialegislativa/2013/22225/22225_texto_integral.odt", "ementa": "Requer Voto de Pesar pelo falecimento do professor, senhor Victor Egon Kornd\u00f6rfer."}, {"id": 22226, "ano": 2013, "numero": 635, "tipo__sigla": "REQ", "tipo__descricao": "Requerimento", "autoria__autor__nome": "Gerson Peteffi", "texto_original": "https://sapl.camaranh.rs.gov.br/media/sapl/public/materialegislativa/2013/22226/22226_texto_integral.odt", "ementa": "Solicita informa\u00e7\u00f5es ao Poder Executivo sobre a portaria para contrata\u00e7\u00e3o de regime de mutir\u00e3o das cirurgias, mat\u00e9ria publicada no Jornal NH do dia 01/07/2013, p\u00e1gina 5."}, {"id": 22231, "ano": 2013, "numero": 636, "tipo__sigla": "REQ", "tipo__descricao": "Requerimento", "autoria__autor__nome": "Raul Cassel", "texto_original": "https://sapl.camaranh.rs.gov.br/media/sapl/public/materialegislativa/2013/22231/22231_texto_integral.odt", "ementa": "Requer c\u00f3pia do alvar\u00e1 de Preven\u00e7\u00e3o e Prote\u00e7\u00e3o Contra Inc\u00eandios, do pavilh\u00e3o da Fenac, destru\u00eddo no inc\u00eandio do dia 05 de junho de 2013."}, {"id": 22233, "ano": 2013, "numero": 637, "tipo__sigla": "REQ", "tipo__descricao": "Requerimento", "autoria__autor__nome": "Raul Cassel", "texto_original": "https://sapl.camaranh.rs.gov.br/media/sapl/public/materialegislativa/2013/22233/22233_texto_integral.odt", "ementa": "Requer Voto de Congratula\u00e7\u00f5es \u00e0 Senhora Anna Maria Uebel Kray, pela posse como nova Presidenta do Rotary Club Novo Hamburgo."}, {"id": 22235, "ano": 2013, "numero": 638, "tipo__sigla": "REQ", "tipo__descricao": "Requerimento", "autoria__autor__nome": "Raul Cassel", "texto_original": "https://sapl.camaranh.rs.gov.br/media/sapl/public/materialegislativa/2013/22235/22235_texto_integral.odt", "ementa": "Requer Voto de Congratula\u00e7\u00f5es ao jovem designer Mateus Vin\u00edcius de Moraes, pela  conquista do 2\u00ba lugar no concurso internacional de design de cal\u00e7ados e acess\u00f3rios."}, {"id": 22243, "ano": 2013, "numero": 639, "tipo__sigla": "REQ", "tipo__descricao": "Requerimento", "autoria__autor__nome": "Luiz Fernando Farias", "texto_original": "https://sapl.camaranh.rs.gov.br/media/sapl/public/materialegislativa/2013/22243/22243_texto_integral.odt", "ementa": "Requer estudo para aumentar os hor\u00e1rios da linha de \u00f4nibus que atende o Loteamento Morada dos Eucaliptos no Munic\u00edpio de Novo Hamburgo."}, {"id": 22258, "ano": 2013, "numero": 640, "tipo__sigla": "REQ", "tipo__descricao": "Requerimento", "autoria__autor__nome": "COFIN - Com.de Compet., Finan\u00e7as, Or\u00e7amento, Economia e Planejamento", "texto_original": "https://sapl.camaranh.rs.gov.br/media/sapl/public/materialegislativa/2013/22258/22258_texto_integral.odt", "ementa": "Requerem a realiza\u00e7\u00e3o de Audi\u00eancia P\u00fablica no dia 29 de julho de 2013, com in\u00edcio \u00e0s 19 horas e t\u00e9rmino \u00e0s 21 horas, no Plen\u00e1rio desta Casa Legislativa, com a finalidade de debater sobre alternativas para tornar a \u00e1rea comercial central de Novo Hamburgo uma refer\u00eancia para outras regi\u00f5es."}, {"id": 22276, "ano": 2013, "numero": 641, "tipo__sigla": "REQ", "tipo__descricao": "Requerimento", "autoria__autor__nome": "Gerson Peteffi", "texto_original": "https://sapl.camaranh.rs.gov.br/media/sapl/public/materialegislativa/2013/22276/22276_texto_integral.odt", "ementa": "Requer inclus\u00e3o na Ata da Sess\u00e3o do dia 04 de julho de 2013, da Zero Hora do dia 02 de julho de 2013, de parte da Coluna Paulo Sant'Ana,- Deus guie Renato."}, {"id": 22277, "ano": 2013, "numero": 642, "tipo__sigla": "REQ", "tipo__descricao": "Requerimento", "autoria__autor__nome": "Raul Cassel", "texto_original": "https://sapl.camaranh.rs.gov.br/media/sapl/public/materialegislativa/2013/22277/22277_texto_integral.odt", "ementa": "Requer informa\u00e7\u00f5es sobre a estrutura funcional do Or\u00e7amento Participativo."}, {"id": 22278, "ano": 2013, "numero": 643, "tipo__sigla": "REQ", "tipo__descricao": "Requerimento", "autoria__autor__nome": "Raul Cassel", "texto_original": "https://sapl.camaranh.rs.gov.br/media/sapl/public/materialegislativa/2013/22278/22278_texto_integral.odt", "ementa": "Requer Voto de Congratula\u00e7\u00f5es \u00e0 senhora Rosana Opptiz, pela posse como Presidente do Rotary Club de S\u00e3o Leopoldo."}, {"id": 22298, "ano": 2013, "numero": 644, "tipo__sigla": "REQ", "tipo__descricao": "Requerimento", "autoria__autor__nome": "Raul Cassel", "texto_original": "https://sapl.camaranh.rs.gov.br/media/sapl/public/materialegislativa/2013/22298/22298_texto_integral.odt", "ementa": "Requer Voto de Congratula\u00e7\u00f5es ao Hospital Regina, pelo novo Centro de Medula \u00d3ssea."}, {"id": 22308, "ano": 2013, "numero": 645, "tipo__sigla": "REQ", "tipo__descricao": "Requerimento", "autoria__autor__nome": "Luiz Fernando Farias", "texto_original": "https://sapl.camaranh.rs.gov.br/media/sapl/public/materialegislativa/2013/22308/22308_texto_integral.odt", "ementa": "Requer informa\u00e7\u00f5es  sobre a obra de canaliza\u00e7\u00e3o do Arroio Ga\u00fachinho."}, {"id": 22313, "ano": 2013, "numero": 646, "tipo__sigla": "REQ", "tipo__descricao": "Requerimento", "autoria__autor__nome": "Sergio Hanich", "texto_original": "https://sapl.camaranh.rs.gov.br/media/sapl/public/materialegislativa/2013/22313/22313_texto_integral.odt", "ementa": "Sejam convidados os respons\u00e1veis pela SAMU, para falarem sobre os atendimentos em Novo Hamburgo. "}, {"id": 22316, "ano": 2013, "numero": 647, "tipo__sigla": "REQ", "tipo__descricao": "Requerimento", "autoria__autor__nome": "Roger Corr\u00eaa", "texto_original": "https://sapl.camaranh.rs.gov.br/media/sapl/public/materialegislativa/2013/22316/22316_texto_integral.odt", "ementa": "Requer Voto de Congratula\u00e7\u00f5es ao CTG Ra\u00edzes da Quer\u00eancia pela passagem do anivers\u00e1rio de 10 anos, comemorado no dia 04 de julho."}, {"id": 22317, "ano": 2013, "numero": 648, "tipo__sigla": "REQ", "tipo__descricao": "Requerimento", "autoria__autor__nome": "Roger Corr\u00eaa", "texto_original": "https://sapl.camaranh.rs.gov.br/media/sapl/public/materialegislativa/2013/22317/22317_texto_integral.odt", "ementa": "Requer Voto de Congratula\u00e7\u00f5es a Revista O Polvo pela passagem do 11\u00ba anivers\u00e1rio, comemorado no dia 09 de julho."}, {"id": 22318, "ano": 2013, "numero": 649, "tipo__sigla": "REQ", "tipo__descricao": "Requerimento", "autoria__autor__nome": "Roger Corr\u00eaa", "texto_original": "https://sapl.camaranh.rs.gov.br/media/sapl/public/materialegislativa/2013/22318/22318_texto_integral.odt", "ementa": "Requer que Parte do Expediente da Sess\u00e3o Ordin\u00e1ria de 06 de agosto de 2013 seja destinada a homenagear o CTG Ra\u00edzes da Quer\u00eancia, pela passagem de seus 10 anos de funda\u00e7\u00e3o."}, {"id": 22343, "ano": 2013, "numero": 650, "tipo__sigla": "REQ", "tipo__descricao": "Requerimento", "autoria__autor__nome": "Roger Corr\u00eaa", "texto_original": "https://sapl.camaranh.rs.gov.br/media/sapl/public/materialegislativa/2013/22343/22343_texto_integral.odt", "ementa": "Requer Voto de Congratula\u00e7\u00f5es \u00e0 Associa\u00e7\u00e3o N\u00f3ia V\u00f4lei de Esporte, Cultura e Lazer pela conquista da Medalha de Prata da COPA RS DE V\u00d4LEI pela Equipe do NOVO HAMBURGO/COMUSA. "}, {"id": 22348, "ano": 2013, "numero": 651, "tipo__sigla": "REQ", "tipo__descricao": "Requerimento", "autoria__autor__nome": "Enfermeiro Vilmar", "texto_original": "https://sapl.camaranh.rs.gov.br/media/sapl/public/materialegislativa/2013/22348/22348_texto_integral.odt", "ementa": "Requer a cria\u00e7\u00e3o de uma Frente Parlamentar em defesa da cria\u00e7\u00e3o do Curso de Medicina,  na  Universidade Feevale."}, {"id": 22351, "ano": 2013, "numero": 652, "tipo__sigla": "REQ", "tipo__descricao": "Requerimento", "autoria__autor__nome": "Raul Cassel", "texto_original": "https://sapl.camaranh.rs.gov.br/media/sapl/public/materialegislativa/2013/22351/22351_texto_integral.odt", "ementa": "Requer Voto de Congratula\u00e7\u00f5es ao senhor Jesus Maciel Martins, pela posse como Presidente do Lions Clube Novo Hamburgo 3\u00ba Mil\u00eanio."}, {"id": 22352, "ano": 2013, "numero": 653, "tipo__sigla": "REQ", "tipo__descricao": "Requerimento", "autoria__autor__nome": "Raul Cassel", "texto_original": "https://sapl.camaranh.rs.gov.br/media/sapl/public/materialegislativa/2013/22352/22352_texto_integral.odt", "ementa": "Requer licen\u00e7a da  verean\u00e7a dos  dias 16 a 18 de julho de 2013 para tratar de assuntos de interesse particular."}, {"id": 22365, "ano": 2013, "numero": 654, "tipo__sigla": "REQ", "tipo__descricao": "Requerimento", "autoria__autor__nome": "Roger Corr\u00eaa", "texto_original": "https://sapl.camaranh.rs.gov.br/media/sapl/public/materialegislativa/2013/22365/22365_texto_integral.odt", "ementa": "Requer que seja convidado o Sr. Jo\u00e3o Alexandre da Cruz da Rosa, Vice-Presidente da UENH- Uni\u00e3o dos Estudantes de Novo Hamburgo para comparecer \u00e0 Sess\u00e3o Ordin\u00e1ria de 13 de agosto de 2013, a fim de falar sobre a Semana Municipal do Estudante, comemorada anualmente na semana do dia 11 de agosto."}, {"id": 22374, "ano": 2013, "numero": 655, "tipo__sigla": "REQ", "tipo__descricao": "Requerimento", "autoria__autor__nome": "Raul Cassel", "texto_original": "https://sapl.camaranh.rs.gov.br/media/sapl/public/materialegislativa/2013/22374/22374_texto_integral.odt", "ementa": "Requer Voto de Congratula\u00e7\u00f5es ao Corpo de Bombeiros de Novo Hamburgo pela forma\u00e7\u00e3o de Bombeiros Mirins."}, {"id": 22382, "ano": 2013, "numero": 656, "tipo__sigla": "REQ", "tipo__descricao": "Requerimento", "autoria__autor__nome": "Raul Cassel", "texto_original": "https://sapl.camaranh.rs.gov.br/media/sapl/public/materialegislativa/2013/22382/22382_texto_integral.odt", "ementa": "Requer Voto de Congratula\u00e7\u00f5es ao casal Gerson Luis e Milena Birk pela posse como novo casal Presidente do Rotary Clube 25 de Julho  de Novo Hamburgo."}, {"id": 22389, "ano": 2013, "numero": 657, "tipo__sigla": "REQ", "tipo__descricao": "Requerimento", "autoria__autor__nome": "Inspetor Luz", "texto_original": "https://sapl.camaranh.rs.gov.br/media/sapl/public/materialegislativa/2013/22389/22389_texto_integral.odt", "ementa": "Requer que a C\u00e2mara reconhe\u00e7a leg\u00edtimo impedimento do Vereador Inspetor Luz no dia 04 de julho de 2013, conforme atestado  m\u00e9dico em anexo."}, {"id": 22396, "ano": 2013, "numero": 658, "tipo__sigla": "REQ", "tipo__descricao": "Requerimento", "autoria__autor__nome": "Inspetor Luz", "texto_original": "https://sapl.camaranh.rs.gov.br/media/sapl/public/materialegislativa/2013/22396/22396_texto_integral.odt", "ementa": "Requerem Voto de Congratula\u00e7\u00f5es \u00e0 Brindes Novo Hamburgo pela passagem de seus 23 anos de funda\u00e7\u00e3o."}, {"id": 22401, "ano": 2013, "numero": 659, "tipo__sigla": "REQ", "tipo__descricao": "Requerimento", "autoria__autor__nome": "Raul Cassel", "texto_original": "https://sapl.camaranh.rs.gov.br/media/sapl/public/materialegislativa/2013/22401/22401_texto_integral.odt", "ementa": "Requer Voto de Pesar pelo falecimento da Senhora Hedy Therezinha Blauth."}, {"id": 22412, "ano": 2013, "numero": 660, "tipo__sigla": "REQ", "tipo__descricao": "Requerimento", "autoria__autor__nome": "Raul Cassel", "texto_original": "https://sapl.camaranh.rs.gov.br/media/sapl/public/materialegislativa/2013/22412/22412_texto_integral.odt", "ementa": "Requer Voto de Congratula\u00e7\u00f5es \u00e0 Mosmann Incorpora\u00e7\u00f5es pela comemora\u00e7\u00e3o de seus 90 anos de atividades."}, {"id": 22413, "ano": 2013, "numero": 661, "tipo__sigla": "REQ", "tipo__descricao": "Requerimento", "autoria__autor__nome": "Raul Cassel", "texto_original": "https://sapl.camaranh.rs.gov.br/media/sapl/public/materialegislativa/2013/22413/22413_texto_integral.odt", "ementa": "Requer Voto de Congratula\u00e7\u00f5es aos atletas da Patinart, campe\u00f5es do Torneio Estadual."}, {"id": 22415, "ano": 2013, "numero": 662, "tipo__sigla": "REQ", "tipo__descricao": "Requerimento", "autoria__autor__nome": "Raul Cassel", "texto_original": "https://sapl.camaranh.rs.gov.br/media/sapl/public/materialegislativa/2013/22415/22415_texto_integral.odt", "ementa": "Requer Voto de Congratula\u00e7\u00f5es \u00e0 Carburgo, pelo recebimento do Pr\u00eamio Ouro do Programa Alta Performance VW."}, {"id": 22420, "ano": 2013, "numero": 663, "tipo__sigla": "REQ", "tipo__descricao": "Requerimento", "autoria__autor__nome": "Raul Cassel", "texto_original": "https://sapl.camaranh.rs.gov.br/media/sapl/public/materialegislativa/2013/22420/22420_texto_integral.odt", "ementa": "Requer Voto de Congratula\u00e7\u00f5es \u00e0 Cl\u00ednica Albernaz pela comemora\u00e7\u00e3o de seus 20 anos de atividades."}, {"id": 22424, "ano": 2013, "numero": 664, "tipo__sigla": "REQ", "tipo__descricao": "Requerimento", "autoria__autor__nome": "Cristiano Coller", "texto_original": "https://sapl.camaranh.rs.gov.br/media/sapl/public/materialegislativa/2013/22424/22424_texto_integral.odt", "ementa": "Requer informa\u00e7\u00f5es quanto aos gastos relativos com publica\u00e7\u00f5es do Poder Executivo no ano de 2012."}, {"id": 22429, "ano": 2013, "numero": 665, "tipo__sigla": "REQ", "tipo__descricao": "Requerimento", "autoria__autor__nome": "Raul Cassel", "texto_original": "https://sapl.camaranh.rs.gov.br/media/sapl/public/materialegislativa/2013/22429/22429_texto_integral.odt", "ementa": "Requer Voto de Congratula\u00e7\u00f5es \u00e0 Brigada Militar pela realiza\u00e7\u00e3o do PROERD."}, {"id": 22431, "ano": 2013, "numero": 666, "tipo__sigla": "REQ", "tipo__descricao": "Requerimento", "autoria__autor__nome": "Raul Cassel", "texto_original": "https://sapl.camaranh.rs.gov.br/media/sapl/public/materialegislativa/2013/22431/22431_texto_integral.odt", "ementa": "Requer Voto de Congratula\u00e7\u00f5es \u00e0 Casaria, pela inaugura\u00e7\u00e3o de sua nova loja em Novo Hamburgo."}, {"id": 22433, "ano": 2013, "numero": 667, "tipo__sigla": "REQ", "tipo__descricao": "Requerimento", "autoria__autor__nome": "Inspetor Luz", "texto_original": "https://sapl.camaranh.rs.gov.br/media/sapl/public/materialegislativa/2013/22433/22433_texto_integral.odt", "ementa": "Requer Voto de Congratula\u00e7\u00f5es \u00e0 Contaburgo Escrit\u00f3rio Cont\u00e1bil, pela passagem de seus 35 anos de funda\u00e7\u00e3o.\r\n"}, {"id": 22434, "ano": 2013, "numero": 668, "tipo__sigla": "REQ", "tipo__descricao": "Requerimento", "autoria__autor__nome": "Inspetor Luz", "texto_original": "https://sapl.camaranh.rs.gov.br/media/sapl/public/materialegislativa/2013/22434/22434_texto_integral.odt", "ementa": "Requer Voto de Congratula\u00e7\u00f5es \u00e0 S.o.s.Express, pela passagem de seus 30 anos de funda\u00e7\u00e3o."}, {"id": 22435, "ano": 2013, "numero": 669, "tipo__sigla": "REQ", "tipo__descricao": "Requerimento", "autoria__autor__nome": "Inspetor Luz", "texto_original": "https://sapl.camaranh.rs.gov.br/media/sapl/public/materialegislativa/2013/22435/22435_texto_integral.odt", "ementa": "Requer Voto de Congratula\u00e7\u00f5es \u00e0 Tera Byte, pela passagem de seus 5 anos de funda\u00e7\u00e3o."}, {"id": 22441, "ano": 2013, "numero": 670, "tipo__sigla": "REQ", "tipo__descricao": "Requerimento", "autoria__autor__nome": "Partido dos Trabalhadores", "texto_original": "https://sapl.camaranh.rs.gov.br/media/sapl/public/materialegislativa/2013/22441/22441_texto_integral.odt", "ementa": "Requerem urg\u00eancia e inclus\u00e3o do Projeto de Lei n\u00ba 97/2013, de autoria do Executivo, que \"concede anistia de juro e multa nas condi\u00e7\u00f5es que menciona, para a quita\u00e7\u00e3o de d\u00e9bitos com a Fazenda P\u00fablica Municipal, e d\u00e1 outras provid\u00eancias\", na Ordem do Dia das Sess\u00f5es Ordin\u00e1rias de 16 e 18 de julho de 2013, para ser apreciado em primeira e segunda vota\u00e7\u00f5es, respectivamente, conforme facultado pelo \u00a7 8\u00ba do art. 150 do Regimento Interno."}, {"id": 22446, "ano": 2013, "numero": 671, "tipo__sigla": "REQ", "tipo__descricao": "Requerimento", "autoria__autor__nome": "Inspetor Luz", "texto_original": "https://sapl.camaranh.rs.gov.br/media/sapl/public/materialegislativa/2013/22446/22446_texto_integral.odt", "ementa": "Requer Voto de Congratula\u00e7\u00f5es por pr\u00eamios recebidos pelos alunos da Funda\u00e7\u00e3o Escola T\u00e9cnica Liberato Salzano Vieira da Cunha na Mostra Internacional de Ci\u00eancia e Tecnologia - Mostratec 2012."}, {"id": 22450, "ano": 2013, "numero": 672, "tipo__sigla": "REQ", "tipo__descricao": "Requerimento", "autoria__autor__nome": "Naasom Luciano", "texto_original": "https://sapl.camaranh.rs.gov.br/media/sapl/public/materialegislativa/2013/22450/22450_texto_integral.odt", "ementa": "Requer Voto de Pesar pelo falecimento do Sr. Gelson Carlos K\u00f6hn."}, {"id": 22461, "ano": 2013, "numero": 673, "tipo__sigla": "REQ", "tipo__descricao": "Requerimento", "autoria__autor__nome": "Enfermeiro Vilmar", "texto_original": "https://sapl.camaranh.rs.gov.br/media/sapl/public/materialegislativa/2013/22461/22461_texto_integral.odt", "ementa": "Requer Voto de Pesar pelo falecimento da Senhora Elaine Loreti de Souza."}, {"id": 22464, "ano": 2013, "numero": 674, "tipo__sigla": "REQ", "tipo__descricao": "Requerimento", "autoria__autor__nome": "Gerson Peteffi", "texto_original": "https://sapl.camaranh.rs.gov.br/media/sapl/public/materialegislativa/2013/22464/22464_texto_integral.odt", "ementa": "Requer Voto de Pesar pelo falecimento da Sra. Yeda Maria Kasper."}, {"id": 22466, "ano": 2013, "numero": 675, "tipo__sigla": "REQ", "tipo__descricao": "Requerimento", "autoria__autor__nome": "Gerson Peteffi", "texto_original": "https://sapl.camaranh.rs.gov.br/media/sapl/public/materialegislativa/2013/22466/22466_texto_integral.odt", "ementa": "Requer Voto de Pesar pelo falecimento do Sr. Fernando Onofre de Oliveira."}, {"id": 22471, "ano": 2013, "numero": 676, "tipo__sigla": "REQ", "tipo__descricao": "Requerimento", "autoria__autor__nome": "Professor Issur Koch", "texto_original": "https://sapl.camaranh.rs.gov.br/media/sapl/public/materialegislativa/2013/22471/22471_texto_integral.odt", "ementa": "Solicita informa\u00e7\u00f5es \u00e0 Secretaria de Educa\u00e7\u00e3o quanto ao repasse de verbas federais discriminado para a E.M.E.F. Tiradentes, de 1\u00ba janeiro de 2012 a julho de 2013."}, {"id": 22473, "ano": 2013, "numero": 677, "tipo__sigla": "REQ", "tipo__descricao": "Requerimento", "autoria__autor__nome": "Roger Corr\u00eaa", "texto_original": "https://sapl.camaranh.rs.gov.br/media/sapl/public/materialegislativa/2013/22473/22473_texto_integral.odt", "ementa": "Requer a cria\u00e7\u00e3o de uma Comiss\u00e3o Especial na C\u00e2mara Municipal denominada \"FRENTE PARLAMENTAR DE APOIO AO COOPERATIVISMO\"."}, {"id": 22474, "ano": 2013, "numero": 678, "tipo__sigla": "REQ", "tipo__descricao": "Requerimento", "autoria__autor__nome": "Professor Issur Koch", "texto_original": "https://sapl.camaranh.rs.gov.br/media/sapl/public/materialegislativa/2013/22474/22474_texto_integral.odt", "ementa": "Solicita informa\u00e7\u00f5es junto \u00e0 Secretaria de Educa\u00e7\u00e3o quanto ao repasse de verbas federais discriminado para a EMEF Presidente Floriano Peixoto, de 1\u00ba janeiro de 2012 a julho de 2013."}, {"id": 22475, "ano": 2013, "numero": 679, "tipo__sigla": "REQ", "tipo__descricao": "Requerimento", "autoria__autor__nome": "Professor Issur Koch", "texto_original": "https://sapl.camaranh.rs.gov.br/media/sapl/public/materialegislativa/2013/22475/22475_texto_integral.odt", "ementa": "Solicita informa\u00e7\u00f5es junto \u00e0 Secretaria de Educa\u00e7\u00e3o quanto ao repasse de verbas federais discriminado para a EMEF Senador Salgado Filho de 1\u00ba janeiro de 2012 a julho de 2013."}, {"id": 22488, "ano": 2013, "numero": 680, "tipo__sigla": "REQ", "tipo__descricao": "Requerimento", "autoria__autor__nome": "Patr\u00edcia Beck", "texto_original": "https://sapl.camaranh.rs.gov.br/media/sapl/public/materialegislativa/2013/22488/22488_texto_integral.odt", "ementa": "Requer Voto de Congratula\u00e7\u00f5es ao Sindilojas Novo Hamburgo pelo Dia do Comerciante, comemorado anualmente em 16 de julho de 2013."}, {"id": 22489, "ano": 2013, "numero": 681, "tipo__sigla": "REQ", "tipo__descricao": "Requerimento", "autoria__autor__nome": "Patr\u00edcia Beck", "texto_original": "https://sapl.camaranh.rs.gov.br/media/sapl/public/materialegislativa/2013/22489/22489_texto_integral.odt", "ementa": "Requer Voto de Congratula\u00e7\u00f5es \u00e0 ACI - Associa\u00e7\u00e3o Comercial, Industrial e de Servi\u00e7os de Novo Hamburgo pelo Dia do Comerciante, comemorado anualmente em 16 de julho de 2013."}, {"id": 22490, "ano": 2013, "numero": 682, "tipo__sigla": "REQ", "tipo__descricao": "Requerimento", "autoria__autor__nome": "Patr\u00edcia Beck", "texto_original": "https://sapl.camaranh.rs.gov.br/media/sapl/public/materialegislativa/2013/22490/22490_texto_integral.odt", "ementa": "Requer Voto de Congratula\u00e7\u00f5es \u00e0 CDL NH - C\u00e2mara de Dirigentes Lojistas de Novo Hamburgo pelo Dia do Comerciante, comemorado anualmente em 16 de julho de 2013."}, {"id": 22492, "ano": 2013, "numero": 683, "tipo__sigla": "REQ", "tipo__descricao": "Requerimento", "autoria__autor__nome": "Luiz Carlos Schenlrte", "texto_original": "https://sapl.camaranh.rs.gov.br/media/sapl/public/materialegislativa/2013/22492/22492_texto_integral.odt", "ementa": "Requer informa\u00e7\u00f5es sobre a realiza\u00e7\u00e3o do Rodeio e Acampamento, em comemora\u00e7\u00e3o da  Semana Farroupilha, no Parque do Trabalhador."}, {"id": 22494, "ano": 2013, "numero": 684, "tipo__sigla": "REQ", "tipo__descricao": "Requerimento", "autoria__autor__nome": "Luiz Carlos Schenlrte", "texto_original": "https://sapl.camaranh.rs.gov.br/media/sapl/public/materialegislativa/2013/22494/22494_texto_integral.odt", "ementa": "Requer informa\u00e7\u00f5es sobre o fechamento da Capela Mortu\u00e1ria do Parque do Trabalhador."}, {"id": 22499, "ano": 2013, "numero": 685, "tipo__sigla": "REQ", "tipo__descricao": "Requerimento", "autoria__autor__nome": "Luiz Carlos Schenlrte", "texto_original": "https://sapl.camaranh.rs.gov.br/media/sapl/public/materialegislativa/2013/22499/22499_texto_integral.odt", "ementa": "Requer informa\u00e7\u00f5es sobre as obras da Rua China, no Bairro Rinc\u00e3o."}, {"id": 22501, "ano": 2013, "numero": 686, "tipo__sigla": "REQ", "tipo__descricao": "Requerimento", "autoria__autor__nome": "Luiz Carlos Schenlrte", "texto_original": "https://sapl.camaranh.rs.gov.br/media/sapl/public/materialegislativa/2013/22501/22501_texto_integral.odt", "ementa": "Requer informa\u00e7\u00f5es detalhadas sobre  a contrata\u00e7\u00e3o de empresas para o servi\u00e7o de transporte para deslocamento de pacientes a Porto Alegre."}, {"id": 22505, "ano": 2013, "numero": 687, "tipo__sigla": "REQ", "tipo__descricao": "Requerimento", "autoria__autor__nome": "Luiz Carlos Schenlrte", "texto_original": "https://sapl.camaranh.rs.gov.br/media/sapl/public/materialegislativa/2013/22505/22505_texto_integral.odt", "ementa": "Requer Voto de Pesar pelo falecimento do Sr. Paulo Sch\u00fcller."}, {"id": 22508, "ano": 2013, "numero": 688, "tipo__sigla": "REQ", "tipo__descricao": "Requerimento", "autoria__autor__nome": "Enfermeiro Vilmar", "texto_original": "https://sapl.camaranh.rs.gov.br/media/sapl/public/materialegislativa/2013/22508/22508_texto_integral.odt", "ementa": "Requer a indica\u00e7\u00e3o do Vereador Enfermeiro Vilmar, pela Bancada do PR, junto \u00e0 Frente Parlamentar em defesa da cria\u00e7\u00e3o do Curso de Medicina, na Universidade Feevale."}, {"id": 22509, "ano": 2013, "numero": 689, "tipo__sigla": "REQ", "tipo__descricao": "Requerimento", "autoria__autor__nome": "Gerson Peteffi", "texto_original": "https://sapl.camaranh.rs.gov.br/media/sapl/public/materialegislativa/2013/22509/22509_texto_integral.odt", "ementa": "Requer Voto de Pesar pelo falecimento da Sra. Maria Tereza Haubert e do Sr. Lauro Haubert."}, {"id": 22525, "ano": 2013, "numero": 690, "tipo__sigla": "REQ", "tipo__descricao": "Requerimento", "autoria__autor__nome": "Luiz Carlos Schenlrte", "texto_original": "https://sapl.camaranh.rs.gov.br/media/sapl/public/materialegislativa/2013/22525/22525_texto_integral.odt", "ementa": "Requer informa\u00e7\u00f5es sobre as obras da Rua Rinc\u00e3o."}, {"id": 22528, "ano": 2013, "numero": 691, "tipo__sigla": "REQ", "tipo__descricao": "Requerimento", "autoria__autor__nome": "Cristiano Coller", "texto_original": "https://sapl.camaranh.rs.gov.br/media/sapl/public/materialegislativa/2013/22528/22528_texto_integral.odt", "ementa": "Requer que parte do expediente da Sess\u00e3o Ordin\u00e1ria de 17 de outubro de 2013 seja destinada a homenagear os 15 anos de funda\u00e7\u00e3o da Associa\u00e7\u00e3o Esportiva Degafut."}, {"id": 22531, "ano": 2013, "numero": 692, "tipo__sigla": "REQ", "tipo__descricao": "Requerimento", "autoria__autor__nome": "Gerson Peteffi", "texto_original": "https://sapl.camaranh.rs.gov.br/media/sapl/public/materialegislativa/2013/22531/22531_texto_integral.odt", "ementa": "Requer Voto de Congratula\u00e7\u00f5es ao Dr. Ricardo Lopes pela indica\u00e7\u00e3o ao cargo de Diretor T\u00e9cnico do Pronto-Atendimento da Unimed, em Novo Hamburgo."}, {"id": 22533, "ano": 2013, "numero": 693, "tipo__sigla": "REQ", "tipo__descricao": "Requerimento", "autoria__autor__nome": "Gerson Peteffi", "texto_original": "https://sapl.camaranh.rs.gov.br/media/sapl/public/materialegislativa/2013/22533/22533_texto_integral.odt", "ementa": "Requer Voto de Congratula\u00e7\u00f5es ao Dr. NATAL\u00cdCIO KERN FILHO pela indica\u00e7\u00e3o ao cargo de M\u00e9dico Ouvidor da Unimed Vale do Sinos - RS."}, {"id": 22534, "ano": 2013, "numero": 694, "tipo__sigla": "REQ", "tipo__descricao": "Requerimento", "autoria__autor__nome": "Betinho", "texto_original": "https://sapl.camaranh.rs.gov.br/media/sapl/public/materialegislativa/2013/22534/22534_texto_integral.odt", "ementa": "Requer informa\u00e7\u00f5es sobre o processo de instala\u00e7\u00e3o da empresa Marisol S/A em Novo Hamburgo, referentes a benef\u00edcios recebidos e suas obriga\u00e7\u00f5es perante esta cidade."}, {"id": 22540, "ano": 2013, "numero": 695, "tipo__sigla": "REQ", "tipo__descricao": "Requerimento", "autoria__autor__nome": "Luiz Carlos Schenlrte", "texto_original": "https://sapl.camaranh.rs.gov.br/media/sapl/public/materialegislativa/2013/22540/22540_texto_integral.odt", "ementa": "Requer Voto de Pesar pelo falecimento da Sra. Sandra dos Santos."}, {"id": 22547, "ano": 2013, "numero": 696, "tipo__sigla": "REQ", "tipo__descricao": "Requerimento", "autoria__autor__nome": "Professor Issur Koch", "texto_original": "https://sapl.camaranh.rs.gov.br/media/sapl/public/materialegislativa/2013/22547/22547_texto_integral.odt", "ementa": "Solicito informa\u00e7\u00f5es junto \u00e0 Secret\u00e1ria de Educa\u00e7\u00e3o quanto ao n\u00famero de professores exonerados da rede municipal de janeiro de 2012 a agosto de 2013."}, {"id": 22550, "ano": 2013, "numero": 697, "tipo__sigla": "REQ", "tipo__descricao": "Requerimento", "autoria__autor__nome": "Inspetor Luz", "texto_original": "https://sapl.camaranh.rs.gov.br/media/sapl/public/materialegislativa/2013/22550/22550_texto_integral.odt", "ementa": "Requer Voto de Congratula\u00e7\u00f5es ao CIEE pela passagem de seus 34 anos de funda\u00e7\u00e3o."}, {"id": 22551, "ano": 2013, "numero": 698, "tipo__sigla": "REQ", "tipo__descricao": "Requerimento", "autoria__autor__nome": "Inspetor Luz", "texto_original": "https://sapl.camaranh.rs.gov.br/media/sapl/public/materialegislativa/2013/22551/22551_texto_integral.odt", "ementa": "Requer Voto de Congratula\u00e7\u00f5es ao Pasteleiro pela passagem de seus 7 anos de funda\u00e7\u00e3o."}, {"id": 22552, "ano": 2013, "numero": 699, "tipo__sigla": "REQ", "tipo__descricao": "Requerimento", "autoria__autor__nome": "Inspetor Luz", "texto_original": "https://sapl.camaranh.rs.gov.br/media/sapl/public/materialegislativa/2013/22552/22552_texto_integral.odt", "ementa": "Requer Voto de Congratula\u00e7\u00f5es \u00e0 empresa AES-Sul pela passagem de seus 15 anos de funda\u00e7\u00e3o."}, {"id": 22553, "ano": 2013, "numero": 700, "tipo__sigla": "REQ", "tipo__descricao": "Requerimento", "autoria__autor__nome": "Patr\u00edcia Beck\r\nRaul Cassel", "texto_original": "https://sapl.camaranh.rs.gov.br/media/sapl/public/materialegislativa/2013/22553/22553_texto_integral.odt", "ementa": "Requerem Voto de Congratula\u00e7\u00f5es ao Sindilojas Novo Hamburgo, pela comemora\u00e7\u00e3o de seus 64 anos de atividades."}, {"id": 22554, "ano": 2013, "numero": 701, "tipo__sigla": "REQ", "tipo__descricao": "Requerimento", "autoria__autor__nome": "Raul Cassel", "texto_original": "https://sapl.camaranh.rs.gov.br/media/sapl/public/materialegislativa/2013/22554/22554_texto_integral.odt", "ementa": "Requer Voto de Congratula\u00e7\u00f5es \u00e0 Institui\u00e7\u00e3o Evang\u00e9lica de Novo Hamburgo, pela recente inaugura\u00e7\u00e3o do Centro de Artes Andrew Pleatman."}, {"id": 22555, "ano": 2013, "numero": 702, "tipo__sigla": "REQ", "tipo__descricao": "Requerimento", "autoria__autor__nome": "Gerson Peteffi", "texto_original": "https://sapl.camaranh.rs.gov.br/media/sapl/public/materialegislativa/2013/22555/22555_texto_integral.odt", "ementa": "Requer Voto de Congratula\u00e7\u00f5es a Sr\u00aa. DULCE PACHECO, pela cr\u00f4nica - Pensamentos- Escrita \u00e0 P\u00e1gina 4 do Jornal Saber Viver n\u00ba 71. "}, {"id": 22573, "ano": 2013, "numero": 703, "tipo__sigla": "REQ", "tipo__descricao": "Requerimento", "autoria__autor__nome": "Raul Cassel", "texto_original": "https://sapl.camaranh.rs.gov.br/media/sapl/public/materialegislativa/2013/22573/22573_texto_integral.odt", "ementa": "Requer Voto de Congratula\u00e7\u00f5es \u00e0 Sra. Noeli Rott pelo seu trabalho dedicado \u00e0 ASBEM de Novo Hamburgo."}, {"id": 22577, "ano": 2013, "numero": 704, "tipo__sigla": "REQ", "tipo__descricao": "Requerimento", "autoria__autor__nome": "Raul Cassel", "texto_original": "https://sapl.camaranh.rs.gov.br/media/sapl/public/materialegislativa/2013/22577/22577_texto_integral.odt", "ementa": "Requer Voto de Congratula\u00e7\u00f5es ao Sr. Alexandre Schramm, novo Presidente da ADEFI-NH."}, {"id": 22578, "ano": 2013, "numero": 705, "tipo__sigla": "REQ", "tipo__descricao": "Requerimento", "autoria__autor__nome": "Raul Cassel", "texto_original": "https://sapl.camaranh.rs.gov.br/media/sapl/public/materialegislativa/2013/22578/22578_texto_integral.odt", "ementa": "Requer Voto de Congratula\u00e7\u00f5es ao Restaurante Bif\u00e3o pelo recebimento da Medalha de Bronze no 18\u00ba Pr\u00eamio de Qualidade RS."}, {"id": 22579, "ano": 2013, "numero": 706, "tipo__sigla": "REQ", "tipo__descricao": "Requerimento", "autoria__autor__nome": "Raul Cassel", "texto_original": "https://sapl.camaranh.rs.gov.br/media/sapl/public/materialegislativa/2013/22579/22579_texto_integral.odt", "ementa": "Requer Voto de Congratula\u00e7\u00f5es ao Sr. Jo\u00e3o Fidelio Raymundo, novo Presidente do Rotary Club Novo Hamburgo Oeste."}, {"id": 22584, "ano": 2013, "numero": 707, "tipo__sigla": "REQ", "tipo__descricao": "Requerimento", "autoria__autor__nome": "Cristiano Coller", "texto_original": "https://sapl.camaranh.rs.gov.br/media/sapl/public/materialegislativa/2013/22584/22584_texto_integral.odt", "ementa": "Solicita informa\u00e7\u00f5es \u00e0 SESMUR sobre o tr\u00e2nsito intenso de \u00f4nibus intermunicipais em ruas de paralelep\u00edpedos no Bairro Ideal."}, {"id": 22589, "ano": 2013, "numero": 708, "tipo__sigla": "REQ", "tipo__descricao": "Requerimento", "autoria__autor__nome": "Cristiano Coller", "texto_original": "https://sapl.camaranh.rs.gov.br/media/sapl/public/materialegislativa/2013/22589/22589_texto_integral.odt", "ementa": "Requer a indica\u00e7\u00e3o do Vereador Cristiano Coller, pela Bancada do PDT, junto \u00e0 Frente Parlamentar em defesa da cria\u00e7\u00e3o do Curso de Medicina, na Universidade Feevale."}, {"id": 22593, "ano": 2013, "numero": 709, "tipo__sigla": "REQ", "tipo__descricao": "Requerimento", "autoria__autor__nome": "C\u00e2mara Municipal\r\nSergio Hanich", "texto_original": "https://sapl.camaranh.rs.gov.br/media/sapl/public/materialegislativa/2013/22593/22593_texto_integral.odt", "ementa": "Requerem que sejam convidados  para participar da Sess\u00e3o Ordin\u00e1ria do dia 08 de agosto de 2013, o Diretor-Geral do IGP, Sr. Jos\u00e9 Cl\u00e1udio Teixeira Garcia,  o Diretor do Departamento M\u00e9dico-Legal (DML), Sr. Silvio Eug\u00eanio Gon\u00e7alves Dias e o Coordenador do PML de Novo Hamburgo, Sr. Roberto L\u00facio Celiciape Alves, para falarem sobre os atendimentos realizados em nossa cidade."}, {"id": 22602, "ano": 2013, "numero": 710, "tipo__sigla": "REQ", "tipo__descricao": "Requerimento", "autoria__autor__nome": "Raul Cassel", "texto_original": "https://sapl.camaranh.rs.gov.br/media/sapl/public/materialegislativa/2013/22602/22602_texto_integral.odt", "ementa": "Requer Voto de Congratula\u00e7\u00f5es ao lutador de jiu-j\u00edtsu, hamburguense Laert Giraldi J\u00fanior pela conquista da medalha de ouro no Campeonato Mundial de Jiu-J\u00edtsu Ol\u00edmpico 2013."}, {"id": 22609, "ano": 2013, "numero": 711, "tipo__sigla": "REQ", "tipo__descricao": "Requerimento", "autoria__autor__nome": "Cristiano Coller", "texto_original": "https://sapl.camaranh.rs.gov.br/media/sapl/public/materialegislativa/2013/22609/22609_texto_integral.odt", "ementa": "Requer que Parte do Expediente da Sess\u00e3o Ordin\u00e1ria de 15 de agosto de 2013 seja em homenagem a AMO &#8211; Associa\u00e7\u00e3o de Assist\u00eancia em Oncopediatria, pela passagem de seus 15 anos de exist\u00eancia."}, {"id": 22610, "ano": 2013, "numero": 712, "tipo__sigla": "REQ", "tipo__descricao": "Requerimento", "autoria__autor__nome": "Raul Cassel", "texto_original": "https://sapl.camaranh.rs.gov.br/media/sapl/public/materialegislativa/2013/22610/22610_texto_integral.odt", "ementa": "Requer Voto de Congratula\u00e7\u00f5es \u00e0 atleta J\u00e9ssica Saraiva da Academia Alliance, pela conquista da medalha de prata, no Campeonato Mundial de Jiu-J\u00edtsu Ol\u00edmpico 2013."}, {"id": 22619, "ano": 2013, "numero": 713, "tipo__sigla": "REQ", "tipo__descricao": "Requerimento", "autoria__autor__nome": "Professor Issur Koch", "texto_original": "https://sapl.camaranh.rs.gov.br/media/sapl/public/materialegislativa/2013/22619/22619_texto_integral.odt", "ementa": "Solicita informa\u00e7\u00f5es sobre o n\u00famero de professores que tiveram seu sal\u00e1rio descontado e o valor do desconto na paralisa\u00e7\u00e3o do dia 11 de julho de 2013."}, {"id": 22621, "ano": 2013, "numero": 714, "tipo__sigla": "REQ", "tipo__descricao": "Requerimento", "autoria__autor__nome": "Luiz Fernando Farias", "texto_original": "https://sapl.camaranh.rs.gov.br/media/sapl/public/materialegislativa/2013/22621/22621_texto_integral.odt", "ementa": "Requer Voto de Agradecimento a Funcion\u00e1rios desta Casa Legislativa pelos servi\u00e7os prestados na Sess\u00e3o Solene realizada no dia 18 de julho de 2013, em homenagem aos 120\u00ba anivers\u00e1rio do 3\u00ba Batalh\u00e3o de Pol\u00edcia Militar de Novo Hamburgo."}, {"id": 22622, "ano": 2013, "numero": 715, "tipo__sigla": "REQ", "tipo__descricao": "Requerimento", "autoria__autor__nome": "Antonio Lucas", "texto_original": "https://sapl.camaranh.rs.gov.br/media/sapl/public/materialegislativa/2013/22622/22622_texto_integral.odt", "ementa": "Requer que Parte do Expediente da Sess\u00e3o Ordin\u00e1ria de 12 de novembro seja destinada a prestar homenagem ao jornalista Alejandro Malo, pelos seus 25 anos de atua\u00e7\u00e3o no Grupo Sinos."}, {"id": 22627, "ano": 2013, "numero": 716, "tipo__sigla": "REQ", "tipo__descricao": "Requerimento", "autoria__autor__nome": "Roger Corr\u00eaa", "texto_original": "https://sapl.camaranh.rs.gov.br/media/sapl/public/materialegislativa/2013/22627/22627_texto_integral.odt", "ementa": "Requer Voto de Congratula\u00e7\u00f5es ao Sr. Lucas Sperb, aluno do Curso de Biomedicina da Universidade FEEVALE, pela sele\u00e7\u00e3o no  Projeto Google Glass."}, {"id": 22628, "ano": 2013, "numero": 717, "tipo__sigla": "REQ", "tipo__descricao": "Requerimento", "autoria__autor__nome": "Naasom Luciano", "texto_original": "https://sapl.camaranh.rs.gov.br/media/sapl/public/materialegislativa/2013/22628/22628_texto_integral.odt", "ementa": "Requer a indica\u00e7\u00e3o dos Vereadores S\u00e9rgio Hanich e Naasom Luciano para participarem do curso de Capacita\u00e7\u00e3o para Vereadores, a realizar-se nos dias 18, 19, 20, 21 e 22 de setembro de 2013, na Cidade de S\u00e3o Paulo/SP."}, {"id": 22630, "ano": 2013, "numero": 718, "tipo__sigla": "REQ", "tipo__descricao": "Requerimento", "autoria__autor__nome": "Sergio Hanich", "texto_original": "https://sapl.camaranh.rs.gov.br/media/sapl/public/materialegislativa/2013/22630/22630_texto_integral.odt", "ementa": "Solicita informa\u00e7\u00f5es junto \u00e0 COMUSA referente contratos com empresas jornal\u00edsticas, de assessorias de comunica\u00e7\u00e3o, ag\u00eancias de not\u00edcias, empresas de marketing e empresas que prestam consultoria."}, {"id": 22631, "ano": 2013, "numero": 719, "tipo__sigla": "REQ", "tipo__descricao": "Requerimento", "autoria__autor__nome": "COJUR - Comiss\u00e3o de Constitui\u00e7\u00e3o, Justi\u00e7a e Reda\u00e7\u00e3o", "texto_original": "https://sapl.camaranh.rs.gov.br/media/sapl/public/materialegislativa/2013/22631/22631_texto_integral.odt", "ementa": "Requerem que seja convidada  para participar da Sess\u00e3o Ordin\u00e1ria do dia 22 de agosto de 2013 a Procuradora Geral do Munic\u00edpio, Dra. Marilene Martins, para falar sobre a revitaliza\u00e7\u00e3o das bancas, bem como quanto \u00e0 proibi\u00e7\u00e3o de venda por ambulantes no munic\u00edpio."}, {"id": 22634, "ano": 2013, "numero": 720, "tipo__sigla": "REQ", "tipo__descricao": "Requerimento", "autoria__autor__nome": "Betinho", "texto_original": "https://sapl.camaranh.rs.gov.br/media/sapl/public/materialegislativa/2013/22634/22634_texto_integral.odt", "ementa": "Requer que seja convidado o professor de Artes Marciais, Sr. M\u00e1rcio Mendon\u00e7a, para a Sess\u00e3o Ordin\u00e1ria do dia 20 de agosto de 2013, a fim de falar sobre os benef\u00edcios dessa arte, principalmente para os jovens.  "}, {"id": 22636, "ano": 2013, "numero": 721, "tipo__sigla": "REQ", "tipo__descricao": "Requerimento", "autoria__autor__nome": "Naasom Luciano", "texto_original": "https://sapl.camaranh.rs.gov.br/media/sapl/public/materialegislativa/2013/22636/22636_texto_integral.odt", "ementa": "Requer Voto de Pesar pelo falecimento da Sra. Ibraima Vogt da Fonseca."}, {"id": 22637, "ano": 2013, "numero": 722, "tipo__sigla": "REQ", "tipo__descricao": "Requerimento", "autoria__autor__nome": "Naasom Luciano", "texto_original": "https://sapl.camaranh.rs.gov.br/media/sapl/public/materialegislativa/2013/22637/22637_texto_integral.odt", "ementa": "Requer Voto de Pesar pelo falecimento da Sra. Luzimar Corneo Bacarollo."}, {"id": 22638, "ano": 2013, "numero": 723, "tipo__sigla": "REQ", "tipo__descricao": "Requerimento", "autoria__autor__nome": "Raul Cassel", "texto_original": "https://sapl.camaranh.rs.gov.br/media/sapl/public/materialegislativa/2013/22638/22638_texto_integral.odt", "ementa": "Requer Voto de Pesar pelo falecimento do Sr. Sadi Carlos Ritzel."}, {"id": 22640, "ano": 2013, "numero": 724, "tipo__sigla": "REQ", "tipo__descricao": "Requerimento", "autoria__autor__nome": "Inspetor Luz", "texto_original": "https://sapl.camaranh.rs.gov.br/media/sapl/public/materialegislativa/2013/22640/22640_texto_integral.odt", "ementa": "Requer Voto de Congratula\u00e7\u00f5es \u00e0 L\u00ednea Arquitetura e Constru\u00e7\u00e3o Ltda. pela certifica\u00e7\u00e3o referente \u00e0 integra\u00e7\u00e3o no Programa Jornal na Sala de Aula por meio do projeto Empresa Amiga da Leitura, entre os anos de 2012 e 2013, t\u00edtulo recebido do Grupo Editoral Sinos em parceria com as Universidades FEEVALE, UNISINOS, FACCAT e UNILASALLE."}, {"id": 22642, "ano": 2013, "numero": 725, "tipo__sigla": "REQ", "tipo__descricao": "Requerimento", "autoria__autor__nome": "Inspetor Luz", "texto_original": "https://sapl.camaranh.rs.gov.br/media/sapl/public/materialegislativa/2013/22642/22642_texto_integral.odt", "ementa": "Requer Voto de Congratula\u00e7\u00f5es \u00e0 Carburgo Novo Hamburgo pela certifica\u00e7\u00e3o referente \u00e0 integra\u00e7\u00e3o no Programa Jornal na Sala de Aula por meio do projeto Empresa Amiga da Leitura entre os anos de 2012 e 2013, t\u00edtulo recebido do Grupo Editoral Sinos em parceria com as Universidades FEEVALE, UNISINOS, FACCAT e UNILASALLE."}, {"id": 22643, "ano": 2013, "numero": 726, "tipo__sigla": "REQ", "tipo__descricao": "Requerimento", "autoria__autor__nome": "Inspetor Luz", "texto_original": "https://sapl.camaranh.rs.gov.br/media/sapl/public/materialegislativa/2013/22643/22643_texto_integral.odt", "ementa": "Requer Voto de Congratula\u00e7\u00f5es \u00e0 Eccostone Com\u00e9rcio, Importa\u00e7\u00e3o e Exporta\u00e7\u00e3o de Pedras LTDA. pela certifica\u00e7\u00e3o referente \u00e0 integra\u00e7\u00e3o no Programa Jornal na Sala de Aula, por meio do projeto Empresa Amiga da Leitura, entre os anos de 2012 e 2013, t\u00edtulo recebido do Grupo Editoral Sinos em parceria com as Universidades FEEVALE, UNISINOS, FACCAT e UNILASALLE."}, {"id": 22646, "ano": 2013, "numero": 727, "tipo__sigla": "REQ", "tipo__descricao": "Requerimento", "autoria__autor__nome": "Inspetor Luz", "texto_original": "https://sapl.camaranh.rs.gov.br/media/sapl/public/materialegislativa/2013/22646/22646_texto_integral.odt", "ementa": "Requer Voto de Congratula\u00e7\u00f5es \u00e0 EGK Ind\u00fastria e Com\u00e9rcio Ltda. pela certifica\u00e7\u00e3o referente \u00e0 integra\u00e7\u00e3o no Programa Jornal na Sala de Aula por meio do projeto Empresa Amiga da Leitura, entre os anos de 2012 e 2013, t\u00edtulo recebido do Grupo Editoral Sinos em parceria com as Universidades FEEVALE, UNISINOS, FACCAT e UNILASALLE."}, {"id": 22649, "ano": 2013, "numero": 728, "tipo__sigla": "REQ", "tipo__descricao": "Requerimento", "autoria__autor__nome": "Inspetor Luz", "texto_original": "https://sapl.camaranh.rs.gov.br/media/sapl/public/materialegislativa/2013/22649/22649_texto_integral.odt", "ementa": "Requer Voto de Congratula\u00e7\u00f5es \u00e0 Bombas D'\u00e1gua Beto pela certifica\u00e7\u00e3o referente \u00e0 integra\u00e7\u00e3o no Programa Jornal na Sala de Aula, por meio do projeto Empresa Amiga da Leitura, entre os anos de 2012 e 2013, t\u00edtulo recebido do Grupo Editoral Sinos em parceria com as Universidades FEEVALE, UNISINOS, FACCAT e UNILASALLE"}, {"id": 22650, "ano": 2013, "numero": 729, "tipo__sigla": "REQ", "tipo__descricao": "Requerimento", "autoria__autor__nome": "Inspetor Luz", "texto_original": "https://sapl.camaranh.rs.gov.br/media/sapl/public/materialegislativa/2013/22650/22650_texto_integral.odt", "ementa": "Requer Voto de Congratula\u00e7\u00f5es ao Tabelionato Fischer  pela certifica\u00e7\u00e3o referente \u00e0 integra\u00e7\u00e3o no Programa Jornal na Sala de Aula por meio do projeto Empresa Amiga da Leitura, entre os anos de 2012 e 2013, t\u00edtulo recebido do Grupo Editoral Sinos em parceria com as Universidades FEEVALE, UNISINOS, FACCAT e UNILASALLE."}, {"id": 22654, "ano": 2013, "numero": 730, "tipo__sigla": "REQ", "tipo__descricao": "Requerimento", "autoria__autor__nome": "Inspetor Luz", "texto_original": "https://sapl.camaranh.rs.gov.br/media/sapl/public/materialegislativa/2013/22654/22654_texto_integral.odt", "ementa": "Requer Voto de Congratula\u00e7\u00f5es a Lojas Renner - Novo Hamburgo pela certifica\u00e7\u00e3o referente \u00e0 integra\u00e7\u00e3o no Programa Jornal na Sala de Aula por meio do projeto Empresa Amiga da Leitura, entre os anos de 2012 e 2013, t\u00edtulo recebido do Grupo Editoral Sinos em parceria com as Universidades FEEVALE, UNISINOS, FACCAT e UNILASALLE."}, {"id": 22655, "ano": 2013, "numero": 731, "tipo__sigla": "REQ", "tipo__descricao": "Requerimento", "autoria__autor__nome": "Raul Cassel", "texto_original": "https://sapl.camaranh.rs.gov.br/media/sapl/public/materialegislativa/2013/22655/22655_texto_integral.odt", "ementa": "Requer Voto de Pesar pelo falecimento da senhora Edite Anna Stumpf."}, {"id": 22656, "ano": 2013, "numero": 732, "tipo__sigla": "REQ", "tipo__descricao": "Requerimento", "autoria__autor__nome": "Raul Cassel", "texto_original": "https://sapl.camaranh.rs.gov.br/media/sapl/public/materialegislativa/2013/22656/22656_texto_integral.odt", "ementa": "Requer Voto de Congratula\u00e7\u00f5es ao Centro de Valoriza\u00e7\u00e3o da Vida (CVV) de Novo Hamburgo pela comemora\u00e7\u00e3o de seus 10 anos."}, {"id": 22665, "ano": 2013, "numero": 733, "tipo__sigla": "REQ", "tipo__descricao": "Requerimento", "autoria__autor__nome": "Sergio Hanich", "texto_original": "https://sapl.camaranh.rs.gov.br/media/sapl/public/materialegislativa/2013/22665/22665_texto_integral.odt", "ementa": "Requer Voto de Pesar pelo falecimento do Sr. Leandro Schnorr da Rosa."}, {"id": 22667, "ano": 2013, "numero": 734, "tipo__sigla": "REQ", "tipo__descricao": "Requerimento", "autoria__autor__nome": "Professor Issur Koch", "texto_original": "https://sapl.camaranh.rs.gov.br/media/sapl/public/materialegislativa/2013/22667/22667_texto_integral.odt", "ementa": "Requer que Parte do Expediente da Sess\u00e3o Ordin\u00e1ria de 29 de agosto seja em homenagem aos 25 anos do Dan\u00e7ando - Mostra de Dan\u00e7a Cidade de Novo Hamburgo."}, {"id": 22669, "ano": 2013, "numero": 735, "tipo__sigla": "REQ", "tipo__descricao": "Requerimento", "autoria__autor__nome": "Cristiano Coller", "texto_original": "https://sapl.camaranh.rs.gov.br/media/sapl/public/materialegislativa/2013/22669/22669_texto_integral.odt", "ementa": "Requer informa\u00e7\u00f5es sobre quais autoescolas  de Novo Hamburgo possuem um ve\u00edculo adaptado aos portadores de necessidades especiais, no munic\u00edpio."}, {"id": 22670, "ano": 2013, "numero": 736, "tipo__sigla": "REQ", "tipo__descricao": "Requerimento", "autoria__autor__nome": "Roger Corr\u00eaa", "texto_original": "https://sapl.camaranh.rs.gov.br/media/sapl/public/materialegislativa/2013/22670/22670_texto_integral.odt", "ementa": "Requer designa\u00e7\u00e3o do Vereador Roger Corr\u00eaa para representar a C\u00e2mara Municipal, como Presidente da Comiss\u00e3o de Educa\u00e7\u00e3o, Cultura, Desporto, Ci\u00eancia e Tecnologia - COEDU, no evento de san\u00e7\u00e3o do Projeto de Lei n\u00ba 4529/2004 que \"institui o Estatuto da Juventude\" no dia 05 de agosto, em Bras\u00edlia/DF e para participar nos dias 06 e 07 de agosto de reuni\u00f5es com a Vice-Presidente do Conselho Nacional de Juventude, Sra. \u00c2ngela Guimar\u00e3es para debater sobre o Projeto Juventude Viva e demais a\u00e7\u00f5es do Governo Federal voltadas \u00e0s politicas de juventude.  "}, {"id": 22671, "ano": 2013, "numero": 737, "tipo__sigla": "REQ", "tipo__descricao": "Requerimento", "autoria__autor__nome": "Roger Corr\u00eaa", "texto_original": "https://sapl.camaranh.rs.gov.br/media/sapl/public/materialegislativa/2013/22671/22671_texto_integral.odt", "ementa": "Requer designa\u00e7\u00e3o do Vereador Roger Corr\u00eaa para representar a C\u00e2mara de Vereadores no \"Concurso de Orat\u00f3ria da Etapa Municipal de Novo Hamburgo\" no dia 01 de agosto \u00e0s 14 horas, a ser realizada na Universidade Feevale."}, {"id": 22672, "ano": 2013, "numero": 738, "tipo__sigla": "REQ", "tipo__descricao": "Requerimento", "autoria__autor__nome": "Professor Issur Koch", "texto_original": "https://sapl.camaranh.rs.gov.br/media/sapl/public/materialegislativa/2013/22672/22672_texto_integral.odt", "ementa": "Requer c\u00f3pia da documenta\u00e7\u00e3o completa referente \u00e0  presta\u00e7\u00e3o de contas do ano de 2012 da  EMEF Senador Salgado Filho."}, {"id": 22679, "ano": 2013, "numero": 739, "tipo__sigla": "REQ", "tipo__descricao": "Requerimento", "autoria__autor__nome": "Gerson Peteffi", "texto_original": "https://sapl.camaranh.rs.gov.br/media/sapl/public/materialegislativa/2013/22679/22679_texto_integral.odt", "ementa": "Requer Voto de Pesar pelo falecimento do Sr. Ademar Ver\u00edssimo."}, {"id": 22697, "ano": 2013, "numero": 740, "tipo__sigla": "REQ", "tipo__descricao": "Requerimento", "autoria__autor__nome": "Raul Cassel", "texto_original": "https://sapl.camaranh.rs.gov.br/media/sapl/public/materialegislativa/2013/22697/22697_texto_integral.odt", "ementa": "Requer Voto de Pesar pelo falecimento do Sr. Frederico Jo\u00e3o Becker."}, {"id": 22698, "ano": 2013, "numero": 741, "tipo__sigla": "REQ", "tipo__descricao": "Requerimento", "autoria__autor__nome": "Raul Cassel", "texto_original": "https://sapl.camaranh.rs.gov.br/media/sapl/public/materialegislativa/2013/22698/22698_texto_integral.odt", "ementa": "Requer Voto de Congratula\u00e7\u00f5es \u00e0 Sociedade Gin\u00e1stica de Novo Hamburgo, pela realiza\u00e7\u00e3o da 2\u00aa Feira Regional de Lixo Eletr\u00f4nico."}, {"id": 22699, "ano": 2013, "numero": 742, "tipo__sigla": "REQ", "tipo__descricao": "Requerimento", "autoria__autor__nome": "Inspetor Luz", "texto_original": "https://sapl.camaranh.rs.gov.br/media/sapl/public/materialegislativa/2013/22699/22699_texto_integral.odt", "ementa": "Requer que Parte do Expediente da Sess\u00e3o Ordin\u00e1ria de 12 de setembro de 2013 seja destinada para homenagear a empresa Colorgraf Gr\u00e1fica e Editora Ltda., pela passagem de seus 20 anos de funda\u00e7\u00e3o."}, {"id": 22700, "ano": 2013, "numero": 743, "tipo__sigla": "REQ", "tipo__descricao": "Requerimento", "autoria__autor__nome": "Inspetor Luz\r\nNaasom Luciano", "texto_original": "https://sapl.camaranh.rs.gov.br/media/sapl/public/materialegislativa/2013/22700/22700_texto_integral.odt", "ementa": "Requerem Voto de Congratula\u00e7\u00f5es \u00e0 Ordem dos Advogados do Brasil &#8211; Subse\u00e7\u00e3o Novo Hamburgo, pela passagem de seus 40 anos de funda\u00e7\u00e3o."}, {"id": 22706, "ano": 2013, "numero": 744, "tipo__sigla": "REQ", "tipo__descricao": "Requerimento", "autoria__autor__nome": "Cristiano Coller", "texto_original": "https://sapl.camaranh.rs.gov.br/media/sapl/public/materialegislativa/2013/22706/22706_texto_integral.odt", "ementa": "Solicita c\u00f3pia do Projeto de Revitaliza\u00e7\u00e3o do Centro, junto \u00e0 SMDU - Secretaria Municipal de Desenvolvimento Urbano."}, {"id": 22708, "ano": 2013, "numero": 745, "tipo__sigla": "REQ", "tipo__descricao": "Requerimento", "autoria__autor__nome": "Cristiano Coller", "texto_original": "https://sapl.camaranh.rs.gov.br/media/sapl/public/materialegislativa/2013/22708/22708_texto_integral.odt", "ementa": "Requer Voto de Congratula\u00e7\u00f5es \u00e0 ABEFI pela comemora\u00e7\u00e3o de seus 45 anos de hist\u00f3ria."}, {"id": 22716, "ano": 2013, "numero": 746, "tipo__sigla": "REQ", "tipo__descricao": "Requerimento", "autoria__autor__nome": "Patr\u00edcia Beck", "texto_original": "https://sapl.camaranh.rs.gov.br/media/sapl/public/materialegislativa/2013/22716/22716_texto_integral.odt", "ementa": "Requer a indica\u00e7\u00e3o da Vereadora Patricia Beck, pela Bancada do PTB, para integrar a Comiss\u00e3o Especial denominada \"Frente Parlamentar em defesa da cria\u00e7\u00e3o do Curso de Medicina, na Universidade Feevale\"."}, {"id": 22720, "ano": 2013, "numero": 747, "tipo__sigla": "REQ", "tipo__descricao": "Requerimento", "autoria__autor__nome": "Professor Issur Koch", "texto_original": "https://sapl.camaranh.rs.gov.br/media/sapl/public/materialegislativa/2013/22720/22720_texto_integral.odt", "ementa": "Requer que Parte do Expediente da Sess\u00e3o Ordin\u00e1ria de 03 de setembro seja em homenagem aos 8 anos do SINDPROF - Sindicato dos Professores Municipais de Novo Hamburgo."}, {"id": 22727, "ano": 2013, "numero": 748, "tipo__sigla": "REQ", "tipo__descricao": "Requerimento", "autoria__autor__nome": "JorgeTatsch", "texto_original": "https://sapl.camaranh.rs.gov.br/media/sapl/public/materialegislativa/2013/22727/22727_texto_integral.odt", "ementa": "Requer informa\u00e7\u00f5es sobre as placas de estacionamento em via p\u00fablica para idosos e pessoas portadoras de necessidades especiais."}, {"id": 22729, "ano": 2013, "numero": 749, "tipo__sigla": "REQ", "tipo__descricao": "Requerimento", "autoria__autor__nome": "Raul Cassel", "texto_original": "https://sapl.camaranh.rs.gov.br/media/sapl/public/materialegislativa/2013/22729/22729_texto_integral.odt", "ementa": "Requer Voto de Pesar pelo falecimento da Sra. Bart\u00edria Pita Boeira."}, {"id": 22730, "ano": 2013, "numero": 750, "tipo__sigla": "REQ", "tipo__descricao": "Requerimento", "autoria__autor__nome": "Inspetor Luz", "texto_original": "https://sapl.camaranh.rs.gov.br/media/sapl/public/materialegislativa/2013/22730/22730_texto_integral.odt", "ementa": "Requer Voto de Congratula\u00e7\u00f5es ao Botic\u00e1rio pela passagem de seus 25 anos de funda\u00e7\u00e3o."}, {"id": 22731, "ano": 2013, "numero": 751, "tipo__sigla": "REQ", "tipo__descricao": "Requerimento", "autoria__autor__nome": "Inspetor Luz", "texto_original": "https://sapl.camaranh.rs.gov.br/media/sapl/public/materialegislativa/2013/22731/22731_texto_integral.odt", "ementa": "Requer Voto de Congratula\u00e7\u00f5es \u00e0 Matrizaria Polako Ltda, pela passagem de seus 25 anos de funda\u00e7\u00e3o."}, {"id": 22734, "ano": 2013, "numero": 752, "tipo__sigla": "REQ", "tipo__descricao": "Requerimento", "autoria__autor__nome": "Inspetor Luz", "texto_original": "https://sapl.camaranh.rs.gov.br/media/sapl/public/materialegislativa/2013/22734/22734_texto_integral.odt", "ementa": "Requer Voto de Congratula\u00e7\u00f5es \u00e0 Quantica Assessoria Empresarial Ltda. pela passagem de seus 5 anos de funda\u00e7\u00e3o."}, {"id": 22735, "ano": 2013, "numero": 753, "tipo__sigla": "REQ", "tipo__descricao": "Requerimento", "autoria__autor__nome": "Inspetor Luz\r\nPatr\u00edcia Beck", "texto_original": "https://sapl.camaranh.rs.gov.br/media/sapl/public/materialegislativa/2013/22735/22735_texto_integral.odt", "ementa": "Requerem Voto de Congratula\u00e7\u00f5es ao Escrit\u00f3rio Nemauro Contabilidade, pela passagem de seus 30 anos de funda\u00e7\u00e3o."}, {"id": 22736, "ano": 2013, "numero": 754, "tipo__sigla": "REQ", "tipo__descricao": "Requerimento", "autoria__autor__nome": "Enfermeiro Vilmar", "texto_original": "https://sapl.camaranh.rs.gov.br/media/sapl/public/materialegislativa/2013/22736/22736_texto_integral.odt", "ementa": "Requer informa\u00e7\u00f5es sobre os m\u00e9dicos estatut\u00e1rios, com carga hor\u00e1ria do edital do concurso e quantas horas s\u00e3o cumpridas por cada um no Munic\u00edpio de Novo Hamburgo."}, {"id": 22747, "ano": 2013, "numero": 755, "tipo__sigla": "REQ", "tipo__descricao": "Requerimento", "autoria__autor__nome": "Raul Cassel", "texto_original": "https://sapl.camaranh.rs.gov.br/media/sapl/public/materialegislativa/2013/22747/22747_texto_integral.odt", "ementa": "Requer informa\u00e7\u00f5es sobre o pagamento de aluguel da sede do SEBRAE em Novo Hamburgo pela Prefeitura  Municipal."}, {"id": 22748, "ano": 2013, "numero": 756, "tipo__sigla": "REQ", "tipo__descricao": "Requerimento", "autoria__autor__nome": "Raul Cassel", "texto_original": "https://sapl.camaranh.rs.gov.br/media/sapl/public/materialegislativa/2013/22748/22748_texto_integral.odt", "ementa": "Requer informa\u00e7\u00f5es detalhadas sobre a aplica\u00e7\u00e3o dos recursos do obtidos atrav\u00e9s do programa Cidade Limpa patrocinado pelo BID."}, {"id": 22752, "ano": 2013, "numero": 757, "tipo__sigla": "REQ", "tipo__descricao": "Requerimento", "autoria__autor__nome": "Patr\u00edcia Beck", "texto_original": "https://sapl.camaranh.rs.gov.br/media/sapl/public/materialegislativa/2013/22752/22752_texto_integral.odt", "ementa": "Requer informa\u00e7\u00f5es sobre os m\u00e9dicos que prestaram atendimento na UPA Canudos no dia 02 de agosto de 2013, bem como o regime de contrata\u00e7\u00e3o e os valores dos sal\u00e1rios destes profissionais."}, {"id": 22757, "ano": 2013, "numero": 758, "tipo__sigla": "REQ", "tipo__descricao": "Requerimento", "autoria__autor__nome": "Gerson Peteffi", "texto_original": "https://sapl.camaranh.rs.gov.br/media/sapl/public/materialegislativa/2013/22757/22757_texto_integral.odt", "ementa": "Requer Voto de Pesar pelo falecimento do Sr. EDIO RUPPENTHAL."}, {"id": 22758, "ano": 2013, "numero": 759, "tipo__sigla": "REQ", "tipo__descricao": "Requerimento", "autoria__autor__nome": "Inspetor Luz", "texto_original": "https://sapl.camaranh.rs.gov.br/media/sapl/public/materialegislativa/2013/22758/22758_texto_integral.odt", "ementa": "Requer Voto de Pesar pelo falecimento da Sr\u00aa Adolfa Maria de Oliveira."}, {"id": 22769, "ano": 2013, "numero": 760, "tipo__sigla": "REQ", "tipo__descricao": "Requerimento", "autoria__autor__nome": "Naasom Luciano", "texto_original": "https://sapl.camaranh.rs.gov.br/media/sapl/public/materialegislativa/2013/22769/22769_texto_integral.odt", "ementa": "Requer a indica\u00e7\u00e3o do Vereador Naasom Luciano, pela Bancada do PT, para integrar a Comiss\u00e3o Especial denominada \"Frente Parlamentar em Defesa da Cria\u00e7\u00e3o do Curso de Medicina, na Universidade Feevale\"."}, {"id": 22772, "ano": 2013, "numero": 761, "tipo__sigla": "REQ", "tipo__descricao": "Requerimento", "autoria__autor__nome": "Raul Cassel", "texto_original": "https://sapl.camaranh.rs.gov.br/media/sapl/public/materialegislativa/2013/22772/22772_texto_integral.odt", "ementa": "Requer que Parte do Expediente da Sess\u00e3o Ordin\u00e1ria de 14 de novembro de 2013, seja destinada para homenagear o RESTAURANTE O BIF\u00c3O de Novo Hamburgo, pela passagem de seus 60 anos de funda\u00e7\u00e3o."}, {"id": 22776, "ano": 2013, "numero": 762, "tipo__sigla": "REQ", "tipo__descricao": "Requerimento", "autoria__autor__nome": "Inspetor Luz", "texto_original": "https://sapl.camaranh.rs.gov.br/media/sapl/public/materialegislativa/2013/22776/22776_texto_integral.odt", "ementa": "Requer Voto de Congratula\u00e7\u00f5es \u00e0 Palterm Ind\u00fastria e Com\u00e9rcio Ltda. pela passagem de seus 20 anos de funda\u00e7\u00e3o."}, {"id": 22777, "ano": 2013, "numero": 763, "tipo__sigla": "REQ", "tipo__descricao": "Requerimento", "autoria__autor__nome": "Inspetor Luz", "texto_original": "https://sapl.camaranh.rs.gov.br/media/sapl/public/materialegislativa/2013/22777/22777_texto_integral.odt", "ementa": "Requer Voto de Congratula\u00e7\u00f5es \u00e0 PECOM Comunica\u00e7\u00e3o, pela passagem de seus 5 anos de funda\u00e7\u00e3o."}, {"id": 22778, "ano": 2013, "numero": 764, "tipo__sigla": "REQ", "tipo__descricao": "Requerimento", "autoria__autor__nome": "Inspetor Luz", "texto_original": "https://sapl.camaranh.rs.gov.br/media/sapl/public/materialegislativa/2013/22778/22778_texto_integral.odt", "ementa": "Requer Voto de Congratula\u00e7\u00f5es ao Restaurante Garf\u00e3o Ltda. pela passagem de seus 15 anos de funda\u00e7\u00e3o."}, {"id": 22779, "ano": 2013, "numero": 765, "tipo__sigla": "REQ", "tipo__descricao": "Requerimento", "autoria__autor__nome": "Inspetor Luz", "texto_original": "https://sapl.camaranh.rs.gov.br/media/sapl/public/materialegislativa/2013/22779/22779_texto_integral.odt", "ementa": "Requer Voto de Congratula\u00e7\u00f5es \u00e0 Ritmo Ve\u00edculos Ltda, pela passagem de seus 33 anos de funda\u00e7\u00e3o."}, {"id": 22780, "ano": 2013, "numero": 766, "tipo__sigla": "REQ", "tipo__descricao": "Requerimento", "autoria__autor__nome": "Inspetor Luz", "texto_original": "https://sapl.camaranh.rs.gov.br/media/sapl/public/materialegislativa/2013/22780/22780_texto_integral.odt", "ementa": "Requer Voto de Congratula\u00e7\u00f5es \u00e0 Diggital Assessoria Empresarial e Contabilidade pela passagem de seus 15 anos de funda\u00e7\u00e3o."}, {"id": 22781, "ano": 2013, "numero": 767, "tipo__sigla": "REQ", "tipo__descricao": "Requerimento", "autoria__autor__nome": "Inspetor Luz", "texto_original": "https://sapl.camaranh.rs.gov.br/media/sapl/public/materialegislativa/2013/22781/22781_texto_integral.odt", "ementa": "Requer Voto de Congratula\u00e7\u00f5es \u00e0 Car House Toyota, pela passagem de seus 13 anos de funda\u00e7\u00e3o."}, {"id": 22788, "ano": 2013, "numero": 768, "tipo__sigla": "REQ", "tipo__descricao": "Requerimento", "autoria__autor__nome": "Gerson Peteffi", "texto_original": "https://sapl.camaranh.rs.gov.br/media/sapl/public/materialegislativa/2013/22788/22788_texto_integral.odt", "ementa": "Requer Voto de Pesar pelo falecimento da Sra. ILIRIA SCHUNCK LEUCK."}, {"id": 22789, "ano": 2013, "numero": 769, "tipo__sigla": "REQ", "tipo__descricao": "Requerimento", "autoria__autor__nome": "Mesa da C\u00e2mara Municipal", "texto_original": "https://sapl.camaranh.rs.gov.br/media/sapl/public/materialegislativa/2013/22789/22789_texto_integral.odt", "ementa": "Requerem urg\u00eancia e inclus\u00e3o do Projeto de Lei n\u00ba 130/2013, de autoria do Executivo, que \"Autoriza o Poder Executivo contratar financiamento junto a Institui\u00e7\u00e3o Financeira Oficial, oferecer garantias, e d\u00e1 outras provid\u00eancias, na Ordem do Dia das Sess\u00f5es Ordin\u00e1rias de 13 e 15 de agosto de 2013, para ser apreciado em primeira e segunda vota\u00e7\u00f5es, respectivamente, conforme facultado pelo \u00a7 8\u00ba do art. 150 do Regimento Interno."}, {"id": 22790, "ano": 2013, "numero": 770, "tipo__sigla": "REQ", "tipo__descricao": "Requerimento", "autoria__autor__nome": "Antonio Lucas", "texto_original": "https://sapl.camaranh.rs.gov.br/media/sapl/public/materialegislativa/2013/22790/22790_texto_integral.odt", "ementa": "Requer a indica\u00e7\u00e3o do Vereador Antonio Lucas, pela Bancada do PDT, para integrar a Comiss\u00e3o Especial denominada \"Frente Parlamentar em Defesa da Cria\u00e7\u00e3o do Curso de Medicina, na Universidade Feevale\"."}, {"id": 22792, "ano": 2013, "numero": 771, "tipo__sigla": "REQ", "tipo__descricao": "Requerimento", "autoria__autor__nome": "CODIR - Com. de Direitos Humanos, Cidadania e Defesa do Consumidor\r\nCOOSP - Comiss\u00e3o de Obras, Servi\u00e7os P\u00fablicos e Mobilidade Urbana", "texto_original": "https://sapl.camaranh.rs.gov.br/media/sapl/public/materialegislativa/2013/22792/22792_texto_integral.odt", "ementa": "Requerem a realiza\u00e7\u00e3o de Audi\u00eancia P\u00fablica no dia 28 de agosto de 2013, com in\u00edcio \u00e0s 19 horas e t\u00e9rmino \u00e0s 21 horas, no Plen\u00e1rio desta Casa Legislativa, para debater com a popula\u00e7\u00e3o sobre a destina\u00e7\u00e3o da antiga \u00e1rea de Est\u00e1dio Santo Rosa e a constru\u00e7\u00e3o de empreendimento imobili\u00e1rio no local."}, {"id": 22797, "ano": 2013, "numero": 772, "tipo__sigla": "REQ", "tipo__descricao": "Requerimento", "autoria__autor__nome": "Gerson Peteffi", "texto_original": "https://sapl.camaranh.rs.gov.br/media/sapl/public/materialegislativa/2013/22797/22797_texto_integral.odt", "ementa": "Requer Voto de Congratula\u00e7\u00f5es ao Sr. Gunther Sydow pelo trabalho e dedica\u00e7\u00e3o frente \u00e0 Biblioteca do Museu Hist\u00f3rico Visconde de S\u00e3o Leopoldo, em S\u00e3o Leopoldo-RS."}, {"id": 22799, "ano": 2013, "numero": 773, "tipo__sigla": "REQ", "tipo__descricao": "Requerimento", "autoria__autor__nome": "Gerson Peteffi", "texto_original": "https://sapl.camaranh.rs.gov.br/media/sapl/public/materialegislativa/2013/22799/22799_texto_integral.odt", "ementa": "Requer Voto de Pesar pelo falecimento da Sr\u00aa MARIA ELENA DA SILVA."}, {"id": 22801, "ano": 2013, "numero": 774, "tipo__sigla": "REQ", "tipo__descricao": "Requerimento", "autoria__autor__nome": "Raul Cassel", "texto_original": "https://sapl.camaranh.rs.gov.br/media/sapl/public/materialegislativa/2013/22801/22801_texto_integral.odt", "ementa": "Requer Voto de Congratula\u00e7\u00f5es ao M\u00e9dico Luciano Marques Furlanetto pela posse como Diretor T\u00e9cnico do Hospital Regina."}, {"id": 22802, "ano": 2013, "numero": 775, "tipo__sigla": "REQ", "tipo__descricao": "Requerimento", "autoria__autor__nome": "Raul Cassel", "texto_original": "https://sapl.camaranh.rs.gov.br/media/sapl/public/materialegislativa/2013/22802/22802_texto_integral.odt", "ementa": "Requer Voto de Congratula\u00e7\u00f5es \u00e0 estudante Juliana Hoch, da Funda\u00e7\u00e3o Liberato, pela conquista do segundo lugar na 28\u00aa edi\u00e7\u00e3o da China Adolecents Science & Technology Innovation Contest (Castic), feira realizada na China."}, {"id": 22803, "ano": 2013, "numero": 776, "tipo__sigla": "REQ", "tipo__descricao": "Requerimento", "autoria__autor__nome": "Raul Cassel", "texto_original": "https://sapl.camaranh.rs.gov.br/media/sapl/public/materialegislativa/2013/22803/22803_texto_integral.odt", "ementa": "Requer Voto de Congratula\u00e7\u00f5es \u00e0 empresa Cofrag pelos seus 25 anos."}, {"id": 22807, "ano": 2013, "numero": 777, "tipo__sigla": "REQ", "tipo__descricao": "Requerimento", "autoria__autor__nome": "Raul Cassel", "texto_original": "https://sapl.camaranh.rs.gov.br/media/sapl/public/materialegislativa/2013/22807/22807_texto_integral.odt", "ementa": "Requer Voto de Pesar pelo falecimento do Sr. Paulo Roberto Costa."}, {"id": 22812, "ano": 2013, "numero": 778, "tipo__sigla": "REQ", "tipo__descricao": "Requerimento", "autoria__autor__nome": "Betinho\r\nGerson Peteffi", "texto_original": "https://sapl.camaranh.rs.gov.br/media/sapl/public/materialegislativa/2013/22812/22812_texto_integral.odt", "ementa": "Requerem Voto de Congratula\u00e7\u00f5es ao SAL\u00c3O DE BELEZA - APOLO CABELEIREIROS - pela conquista do Pr\u00eamio Top de Marcas/2013."}, {"id": 22813, "ano": 2013, "numero": 779, "tipo__sigla": "REQ", "tipo__descricao": "Requerimento", "autoria__autor__nome": "Gerson Peteffi", "texto_original": "https://sapl.camaranh.rs.gov.br/media/sapl/public/materialegislativa/2013/22813/22813_texto_integral.odt", "ementa": "Requer Voto de Congratula\u00e7\u00f5es \u00e0 casa de FESTAS INFANTIS - ALEGRIA PRA VALER, pela conquista do Pr\u00eamio Top de Marcas /2013."}, {"id": 22814, "ano": 2013, "numero": 780, "tipo__sigla": "REQ", "tipo__descricao": "Requerimento", "autoria__autor__nome": "Gerson Peteffi", "texto_original": "https://sapl.camaranh.rs.gov.br/media/sapl/public/materialegislativa/2013/22814/22814_texto_integral.odt", "ementa": "Requer Voto de Congratula\u00e7\u00f5es \u00e0 CERUTTI ESTAQUEAMENTO, pela conquista do Pr\u00eamio Top de Marcas/2013."}, {"id": 22815, "ano": 2013, "numero": 781, "tipo__sigla": "REQ", "tipo__descricao": "Requerimento", "autoria__autor__nome": "Gerson Peteffi", "texto_original": "https://sapl.camaranh.rs.gov.br/media/sapl/public/materialegislativa/2013/22815/22815_texto_integral.odt", "ementa": "Requer Voto de Congratula\u00e7\u00f5es \u00e0 CENTRAL DE ALARMES EMPRESA DO MONITORAMENTO ELETR\u00d4NICO,  pela conquista do Pr\u00eamio Top de Marcas/2013."}, {"id": 22816, "ano": 2013, "numero": 782, "tipo__sigla": "REQ", "tipo__descricao": "Requerimento", "autoria__autor__nome": "Gerson Peteffi\r\nProfessor Issur Koch", "texto_original": "https://sapl.camaranh.rs.gov.br/media/sapl/public/materialegislativa/2013/22816/22816_texto_integral.odt", "ementa": "Requer Voto de Congratula\u00e7\u00f5es \u00e0 CELSOM SONORIZA\u00c7\u00d5ES E ILUMINA\u00c7\u00c3O, pela conquista do Pr\u00eamio Top de Marcas/2013."}, {"id": 22817, "ano": 2013, "numero": 783, "tipo__sigla": "REQ", "tipo__descricao": "Requerimento", "autoria__autor__nome": "Gerson Peteffi", "texto_original": "https://sapl.camaranh.rs.gov.br/media/sapl/public/materialegislativa/2013/22817/22817_texto_integral.odt", "ementa": "Requer Voto de Congratula\u00e7\u00f5es \u00e0 CASAS TOSCANA - CASAS PR\u00c9- FABRICADAS, pela conquista do Pr\u00eamio Top Marcas/2013."}, {"id": 22818, "ano": 2013, "numero": 784, "tipo__sigla": "REQ", "tipo__descricao": "Requerimento", "autoria__autor__nome": "Gerson Peteffi", "texto_original": "https://sapl.camaranh.rs.gov.br/media/sapl/public/materialegislativa/2013/22818/22818_texto_integral.odt", "ementa": "Requer Voto de Congratula\u00e7\u00f5es \u00e0 CASA E COMPANHIA E ECOESPUMA, pela conquista do Pr\u00eamio Top de Marcas/2013."}, {"id": 22819, "ano": 2013, "numero": 785, "tipo__sigla": "REQ", "tipo__descricao": "Requerimento", "autoria__autor__nome": "Gerson Peteffi\r\nPatr\u00edcia Beck", "texto_original": "https://sapl.camaranh.rs.gov.br/media/sapl/public/materialegislativa/2013/22819/22819_texto_integral.odt", "ementa": "Requerem Voto de Congratula\u00e7\u00f5es \u00e0 BRON\u00cd MODAS - LOJA DE MODA MASCULINA, pela conquista do Pr\u00eamio Top de Marcas/2013."}, {"id": 22820, "ano": 2013, "numero": 786, "tipo__sigla": "REQ", "tipo__descricao": "Requerimento", "autoria__autor__nome": "Gerson Peteffi", "texto_original": "https://sapl.camaranh.rs.gov.br/media/sapl/public/materialegislativa/2013/22820/22820_texto_integral.odt", "ementa": "Requer Voto de Congratula\u00e7\u00f5es \u00e0 BRASIL SUL PISCINAS - LOJA DE PISCINAS, pela conquista do Pr\u00eamio Top de Marcas/2013."}, {"id": 22821, "ano": 2013, "numero": 787, "tipo__sigla": "REQ", "tipo__descricao": "Requerimento", "autoria__autor__nome": "Gerson Peteffi\r\nPatr\u00edcia Beck", "texto_original": "https://sapl.camaranh.rs.gov.br/media/sapl/public/materialegislativa/2013/22821/22821_texto_integral.odt", "ementa": "Requerem Voto de Congratula\u00e7\u00f5es \u00e0 BOMBAS BECK - IND\u00daSTRIA DE MOTOBOMBAS, pela conquista do Pr\u00eamio Top de Marcas/2013."}, {"id": 22822, "ano": 2013, "numero": 788, "tipo__sigla": "REQ", "tipo__descricao": "Requerimento", "autoria__autor__nome": "Gerson Peteffi", "texto_original": "https://sapl.camaranh.rs.gov.br/media/sapl/public/materialegislativa/2013/22822/22822_texto_integral.odt", "ementa": "Requer Voto de Congratula\u00e7\u00f5es \u00e0 BNZ DANCETERIA, pela conquista do Pr\u00eamio Top de Marcas/2013."}, {"id": 22823, "ano": 2013, "numero": 789, "tipo__sigla": "REQ", "tipo__descricao": "Requerimento", "autoria__autor__nome": "Gerson Peteffi", "texto_original": "https://sapl.camaranh.rs.gov.br/media/sapl/public/materialegislativa/2013/22823/22823_texto_integral.odt", "ementa": "Requer Voto de Congratula\u00e7\u00f5es a BELSINOS FACTORING pela conquista do Pr\u00eamio Top de Marcas/2013."}, {"id": 22824, "ano": 2013, "numero": 790, "tipo__sigla": "REQ", "tipo__descricao": "Requerimento", "autoria__autor__nome": "Gerson Peteffi", "texto_original": "https://sapl.camaranh.rs.gov.br/media/sapl/public/materialegislativa/2013/22824/22824_texto_integral.odt", "ementa": "Requer Voto de Congratula\u00e7\u00f5es AO BAZAR TIO PATINHAS, pela conquista do Pr\u00eamio Top de Marcas/2013."}, {"id": 22825, "ano": 2013, "numero": 791, "tipo__sigla": "REQ", "tipo__descricao": "Requerimento", "autoria__autor__nome": "Gerson Peteffi", "texto_original": "https://sapl.camaranh.rs.gov.br/media/sapl/public/materialegislativa/2013/22825/22825_texto_integral.odt", "ementa": "Requer Voto de Congratula\u00e7\u00f5es \u00e0 BATERIAS LEHNEN - COM\u00c9RCIO DE BATERIAS, pela conquista do Pr\u00eamio Top de Marcas/2013."}, {"id": 22826, "ano": 2013, "numero": 792, "tipo__sigla": "REQ", "tipo__descricao": "Requerimento", "autoria__autor__nome": "Gerson Peteffi", "texto_original": "https://sapl.camaranh.rs.gov.br/media/sapl/public/materialegislativa/2013/22826/22826_texto_integral.odt", "ementa": "Requer Voto de Congratula\u00e7\u00f5es \u00e0 BASALTUS MARMORARIA, pela conquista do Pr\u00eamio Top de Marcas/2013."}, {"id": 22827, "ano": 2013, "numero": 793, "tipo__sigla": "REQ", "tipo__descricao": "Requerimento", "autoria__autor__nome": "Gerson Peteffi", "texto_original": "https://sapl.camaranh.rs.gov.br/media/sapl/public/materialegislativa/2013/22827/22827_texto_integral.odt", "ementa": "Requer Voto de Congratula\u00e7\u00f5es \u00e0 BANCAR REVESTIMENTO EM COURO - Estofaria Automotiva, pela conquista do Pr\u00eamio Top de Marcas/2013."}, {"id": 22828, "ano": 2013, "numero": 794, "tipo__sigla": "REQ", "tipo__descricao": "Requerimento", "autoria__autor__nome": "Gerson Peteffi", "texto_original": "https://sapl.camaranh.rs.gov.br/media/sapl/public/materialegislativa/2013/22828/22828_texto_integral.odt", "ementa": "Requer Voto de Congratula\u00e7\u00f5es BALANCIO CAR - SERVI\u00c7OS AUTOMOTIVOS, pela conquista do Pr\u00eamio Top de Marcas/2013."}, {"id": 22829, "ano": 2013, "numero": 795, "tipo__sigla": "REQ", "tipo__descricao": "Requerimento", "autoria__autor__nome": "Gerson Peteffi", "texto_original": "https://sapl.camaranh.rs.gov.br/media/sapl/public/materialegislativa/2013/22829/22829_texto_integral.odt", "ementa": "Requer Voto de Congratula\u00e7\u00f5es \u00e0 APOTEKA - FARM\u00c1CIA DE MANIPULA\u00c7\u00c3O, pela Conquista do Pr\u00eamio Top'Marcas/2013."}, {"id": 22830, "ano": 2013, "numero": 796, "tipo__sigla": "REQ", "tipo__descricao": "Requerimento", "autoria__autor__nome": "Gerson Peteffi", "texto_original": "https://sapl.camaranh.rs.gov.br/media/sapl/public/materialegislativa/2013/22830/22830_texto_integral.odt", "ementa": "Requer Voto de Congratula\u00e7\u00f5es a ESQUADRIAS PRIMOS DE MADEIRA, pela conquista do Pr\u00eamio Top de Marcas/2013."}, {"id": 22831, "ano": 2013, "numero": 797, "tipo__sigla": "REQ", "tipo__descricao": "Requerimento", "autoria__autor__nome": "Gerson Peteffi", "texto_original": "https://sapl.camaranh.rs.gov.br/media/sapl/public/materialegislativa/2013/22831/22831_texto_integral.odt", "ementa": "Requer Voto de Congratula\u00e7\u00f5es a KOMIL\u00c3O LANCHES LANCHERIA, pela conquista do Pr\u00eamio Top de Marcas/2013."}, {"id": 22832, "ano": 2013, "numero": 798, "tipo__sigla": "REQ", "tipo__descricao": "Requerimento", "autoria__autor__nome": "Gerson Peteffi", "texto_original": "https://sapl.camaranh.rs.gov.br/media/sapl/public/materialegislativa/2013/22832/22832_texto_integral.odt", "ementa": "Requer Voto de Congratula\u00e7\u00f5es \u00e0 KLAUDIU'S M\u00d3VEIS PARA ESCRIT\u00d3RIO, pela conquista do Pr\u00eamio Top de Marcas/2013."}, {"id": 22833, "ano": 2013, "numero": 799, "tipo__sigla": "REQ", "tipo__descricao": "Requerimento", "autoria__autor__nome": "Gerson Peteffi", "texto_original": "https://sapl.camaranh.rs.gov.br/media/sapl/public/materialegislativa/2013/22833/22833_texto_integral.odt", "ementa": "Requer Voto de Congratula\u00e7\u00f5es \u00e0 GARF\u00c3O PIZZARIA, pela conquista do Pr\u00eamio Top de Marcas/2013."}, {"id": 22834, "ano": 2013, "numero": 800, "tipo__sigla": "REQ", "tipo__descricao": "Requerimento", "autoria__autor__nome": "Gerson Peteffi", "texto_original": "https://sapl.camaranh.rs.gov.br/media/sapl/public/materialegislativa/2013/22834/22834_texto_integral.odt", "ementa": "Requer Voto de Congratula\u00e7\u00f5es \u00e0 GS GENERAL COMUNICA\u00c7\u00c3O VISUAL ENVELOPAMENTO AUTOMOTIVO, pela conquista do Pr\u00eamio Top de Marcas/2013."}, {"id": 22835, "ano": 2013, "numero": 801, "tipo__sigla": "REQ", "tipo__descricao": "Requerimento", "autoria__autor__nome": "Gerson Peteffi", "texto_original": "https://sapl.camaranh.rs.gov.br/media/sapl/public/materialegislativa/2013/22835/22835_texto_integral.odt", "ementa": "Requer Voto de Congratula\u00e7\u00f5es \u00e0  HM GERIATRIA CASA DE REPOUSO, pela conquista do Pr\u00eamio Top de Marcas/2013."}, {"id": 22836, "ano": 2013, "numero": 802, "tipo__sigla": "REQ", "tipo__descricao": "Requerimento", "autoria__autor__nome": "Gerson Peteffi", "texto_original": "https://sapl.camaranh.rs.gov.br/media/sapl/public/materialegislativa/2013/22836/22836_texto_integral.odt", "ementa": "Requer Voto de Congratula\u00e7\u00f5es \u00e0 EMBELLEZE ESCOLA DE CABELEIREIROS, pela conquista do Pr\u00eamio Top  Marcas/2013."}, {"id": 22837, "ano": 2013, "numero": 803, "tipo__sigla": "REQ", "tipo__descricao": "Requerimento", "autoria__autor__nome": "Gerson Peteffi", "texto_original": "https://sapl.camaranh.rs.gov.br/media/sapl/public/materialegislativa/2013/22837/22837_texto_integral.odt", "ementa": "Requer Voto de Congratula\u00e7\u00f5es \u00e0 EMBALAFEST DECORA\u00c7\u00c3O DE FESTA INFANTIL, pela conquista do Pr\u00eamio Top Marcas/2013."}, {"id": 22838, "ano": 2013, "numero": 804, "tipo__sigla": "REQ", "tipo__descricao": "Requerimento", "autoria__autor__nome": "Gerson Peteffi", "texto_original": "https://sapl.camaranh.rs.gov.br/media/sapl/public/materialegislativa/2013/22838/22838_texto_integral.odt", "ementa": "Requer Voto de Congratula\u00e7\u00f5es \u00e0 WLG DISTRIBUIDORA DE MATERIAIS DE ESCRIT\u00d3RIO, pela conquisto do Pr\u00eamio Top de Marcas/2013."}, {"id": 22839, "ano": 2013, "numero": 805, "tipo__sigla": "REQ", "tipo__descricao": "Requerimento", "autoria__autor__nome": "Gerson Peteffi", "texto_original": "https://sapl.camaranh.rs.gov.br/media/sapl/public/materialegislativa/2013/22839/22839_texto_integral.odt", "ementa": "Requer Voto de Congratula\u00e7\u00f5es \u00e0 DELTA FECHADURAS, pela conquista do Pr\u00eamio Top Marcas/2013."}, {"id": 22840, "ano": 2013, "numero": 806, "tipo__sigla": "REQ", "tipo__descricao": "Requerimento", "autoria__autor__nome": "Gerson Peteffi", "texto_original": "https://sapl.camaranh.rs.gov.br/media/sapl/public/materialegislativa/2013/22840/22840_texto_integral.odt", "ementa": "Requer Voto de Congratula\u00e7\u00f5es \u00e0 CRISTAL SINOS VIDRA\u00c7ARIA, pela conquista do Pr\u00eamio Top de Marcas/2013."}, {"id": 22841, "ano": 2013, "numero": 807, "tipo__sigla": "REQ", "tipo__descricao": "Requerimento", "autoria__autor__nome": "Gerson Peteffi", "texto_original": "https://sapl.camaranh.rs.gov.br/media/sapl/public/materialegislativa/2013/22841/22841_texto_integral.odt", "ementa": "Requer Voto de Congratula\u00e7\u00f5es \u00e0 COMPACTA EQUIPAMENTOS PARA CONSTRU\u00c7\u00c3O, pela conquista do Pr\u00eamio Top de Marcas/2013."}, {"id": 22842, "ano": 2013, "numero": 808, "tipo__sigla": "REQ", "tipo__descricao": "Requerimento", "autoria__autor__nome": "Gerson Peteffi", "texto_original": "https://sapl.camaranh.rs.gov.br/media/sapl/public/materialegislativa/2013/22842/22842_texto_integral.odt", "ementa": "Requer Voto de Congratula\u00e7\u00f5es ao COL\u00c9GIO SANTA CATARINA, pela conquista do Pr\u00eamio Top de Marcas/2013."}, {"id": 22843, "ano": 2013, "numero": 809, "tipo__sigla": "REQ", "tipo__descricao": "Requerimento", "autoria__autor__nome": "Gerson Peteffi", "texto_original": "https://sapl.camaranh.rs.gov.br/media/sapl/public/materialegislativa/2013/22843/22843_texto_integral.odt", "ementa": "Requer Voto de Congratula\u00e7\u00f5es \u00e0 CHAPINCAR EST\u00c9TICA E REPARA\u00c7\u00c3O AUTOMOTIVA, pela conquista do Pr\u00eamio Top de Marcas/2013."}, {"id": 22844, "ano": 2013, "numero": 810, "tipo__sigla": "REQ", "tipo__descricao": "Requerimento", "autoria__autor__nome": "Gerson Peteffi", "texto_original": "https://sapl.camaranh.rs.gov.br/media/sapl/public/materialegislativa/2013/22844/22844_texto_integral.odt", "ementa": "Requer Voto de Congratula\u00e7\u00f5es \u00e0 ENSINOS EDUCA\u00c7\u00c3O DE JOVENS E ADULTOS (EJA), pela conquista do Pr\u00eamio Top Marcas/2013."}, {"id": 22845, "ano": 2013, "numero": 811, "tipo__sigla": "REQ", "tipo__descricao": "Requerimento", "autoria__autor__nome": "Gerson Peteffi", "texto_original": "https://sapl.camaranh.rs.gov.br/media/sapl/public/materialegislativa/2013/22845/22845_texto_integral.odt", "ementa": "Requer Voto de Congratula\u00e7\u00f5es \u00e0 EQUIPEROL LOJA DE ROLAMENTOS, pela conquista do Pr\u00eamio Top de Marcas/2013."}, {"id": 22846, "ano": 2013, "numero": 812, "tipo__sigla": "REQ", "tipo__descricao": "Requerimento", "autoria__autor__nome": "Gerson Peteffi", "texto_original": "https://sapl.camaranh.rs.gov.br/media/sapl/public/materialegislativa/2013/22846/22846_texto_integral.odt", "ementa": "Requer Voto de Congratula\u00e7\u00f5es \u00e0 ESPA\u00c7O ANIMAL CL\u00cdNICA VETERIN\u00c1RIA, pela conquista do Pr\u00eamio Top de Marcas/2013."}, {"id": 22847, "ano": 2013, "numero": 813, "tipo__sigla": "REQ", "tipo__descricao": "Requerimento", "autoria__autor__nome": "Gerson Peteffi", "texto_original": "https://sapl.camaranh.rs.gov.br/media/sapl/public/materialegislativa/2013/22847/22847_texto_integral.odt", "ementa": "Requer Voto de Congratula\u00e7\u00f5es \u00e0 FUNILARIA DO VALE (CALHEIROS), pela conquista do Pr\u00eamio Top  de Marcas/2013."}, {"id": 22848, "ano": 2013, "numero": 814, "tipo__sigla": "REQ", "tipo__descricao": "Requerimento", "autoria__autor__nome": "Gerson Peteffi", "texto_original": "https://sapl.camaranh.rs.gov.br/media/sapl/public/materialegislativa/2013/22848/22848_texto_integral.odt", "ementa": "Requer Voto de Congratula\u00e7\u00f5es \u00e0 EVERTON ROSA FOT\u00d3GRAFO, pela conquista do Pr\u00eamio Top Marcas/2013."}, {"id": 22849, "ano": 2013, "numero": 815, "tipo__sigla": "REQ", "tipo__descricao": "Requerimento", "autoria__autor__nome": "Gerson Peteffi", "texto_original": "https://sapl.camaranh.rs.gov.br/media/sapl/public/materialegislativa/2013/22849/22849_texto_integral.odt", "ementa": "Requer Voto de Congratula\u00e7\u00f5es \u00e0  FWA EQUIPAMENTOS M\u00c9DICOS E HOSPITALARES, pela conquista do Pr\u00eamio Top de Marcas/2013."}, {"id": 22850, "ano": 2013, "numero": 816, "tipo__sigla": "REQ", "tipo__descricao": "Requerimento", "autoria__autor__nome": "Gerson Peteffi", "texto_original": "https://sapl.camaranh.rs.gov.br/media/sapl/public/materialegislativa/2013/22850/22850_texto_integral.odt", "ementa": "Requer Voto de Congratula\u00e7\u00f5es \u00e0 MARIA SIL\u00c9SIA PEREIRA E MELISSA PEREIRA- ADVOGADAS, pela conquista do Pr\u00eamio Top de Marcas/2013."}, {"id": 22851, "ano": 2013, "numero": 817, "tipo__sigla": "REQ", "tipo__descricao": "Requerimento", "autoria__autor__nome": "Gerson Peteffi", "texto_original": "https://sapl.camaranh.rs.gov.br/media/sapl/public/materialegislativa/2013/22851/22851_texto_integral.odt", "ementa": "Requer Voto de Congratula\u00e7\u00f5es \u00e0 MAPA PAPELARIA  E LIVRARIA, pela conquista do Pr\u00eamio Top de Marcas/2013."}, {"id": 22852, "ano": 2013, "numero": 818, "tipo__sigla": "REQ", "tipo__descricao": "Requerimento", "autoria__autor__nome": "Gerson Peteffi", "texto_original": "https://sapl.camaranh.rs.gov.br/media/sapl/public/materialegislativa/2013/22852/22852_texto_integral.odt", "ementa": "Requer Voto de Congratula\u00e7\u00f5es \u00e0 LASER COM\u00c9RCIO E LOCA\u00c7\u00c3O DE IMPRESSORAS E MULTIFUNCIONAIS, pela conquista do Pr\u00eamio Top de Marcas/2013."}, {"id": 22853, "ano": 2013, "numero": 819, "tipo__sigla": "REQ", "tipo__descricao": "Requerimento", "autoria__autor__nome": "Gerson Peteffi", "texto_original": "https://sapl.camaranh.rs.gov.br/media/sapl/public/materialegislativa/2013/22853/22853_texto_integral.odt", "ementa": "Requer Voto de Congratula\u00e7\u00f5es \u00e0 LUXA SHOW- LOJA DE PERSIANAS, pela conquista do Pr\u00eamio Top de Marcas/2013."}, {"id": 22854, "ano": 2013, "numero": 820, "tipo__sigla": "REQ", "tipo__descricao": "Requerimento", "autoria__autor__nome": "Gerson Peteffi", "texto_original": "https://sapl.camaranh.rs.gov.br/media/sapl/public/materialegislativa/2013/22854/22854_texto_integral.odt", "ementa": "Requer Voto de Congratula\u00e7\u00f5es \u00e0 LUX\u00daRIA MODA \u00cdNTIMA, pela conquista do Pr\u00eamio Top de Marcas/2013."}, {"id": 22855, "ano": 2013, "numero": 821, "tipo__sigla": "REQ", "tipo__descricao": "Requerimento", "autoria__autor__nome": "Gerson Peteffi", "texto_original": "https://sapl.camaranh.rs.gov.br/media/sapl/public/materialegislativa/2013/22855/22855_texto_integral.odt", "ementa": "Requer Voto de Congratula\u00e7\u00f5es \u00e0 LB MOTOS OFICINA DE MOTOS, pela conquista do Pr\u00eamio Top de Marcas/2013."}, {"id": 22860, "ano": 2013, "numero": 822, "tipo__sigla": "REQ", "tipo__descricao": "Requerimento", "autoria__autor__nome": "Cristiano Coller", "texto_original": "https://sapl.camaranh.rs.gov.br/media/sapl/public/materialegislativa/2013/22860/22860_texto_integral.odt", "ementa": "Requer designa\u00e7\u00e3o do Vereador Cristiano Coller  para representar a C\u00e2mara de Vereadores no Semin\u00e1rio Regional \"Crack ,N\u00e3o Condene Sua Vida\" no dia 21 de agosto \u00e0s 13 horas, a ser realizado no Sesi de Novo Hamburgo."}, {"id": 22861, "ano": 2013, "numero": 823, "tipo__sigla": "REQ", "tipo__descricao": "Requerimento", "autoria__autor__nome": "Cristiano Coller", "texto_original": "https://sapl.camaranh.rs.gov.br/media/sapl/public/materialegislativa/2013/22861/22861_texto_integral.odt", "ementa": "Solicito informa\u00e7\u00f5es de Protocolos descritos abaixo:"}, {"id": 22862, "ano": 2013, "numero": 824, "tipo__sigla": "REQ", "tipo__descricao": "Requerimento", "autoria__autor__nome": "Cristiano Coller", "texto_original": "https://sapl.camaranh.rs.gov.br/media/sapl/public/materialegislativa/2013/22862/22862_texto_integral.odt", "ementa": "Solicito informa\u00e7\u00f5es sobre lei de dif\u00edcil provimento e ou escola de dif\u00edcil acesso."}, {"id": 22863, "ano": 2013, "numero": 825, "tipo__sigla": "REQ", "tipo__descricao": "Requerimento", "autoria__autor__nome": "Cristiano Coller", "texto_original": "https://sapl.camaranh.rs.gov.br/media/sapl/public/materialegislativa/2013/22863/22863_texto_integral.odt", "ementa": "Requer que Parte do Expediente da Sess\u00e3o Ordin\u00e1ria do dia 26 de setembro de 2013 para homenagear a ABEFI &#8211; Associa\u00e7\u00e3o Beneficente Evang\u00e9lica  Floresta Imperial &#8211; pela passagem de seus 45 anos de exist\u00eancia."}, {"id": 22866, "ano": 2013, "numero": 826, "tipo__sigla": "REQ", "tipo__descricao": "Requerimento", "autoria__autor__nome": "Inspetor Luz", "texto_original": "https://sapl.camaranh.rs.gov.br/media/sapl/public/materialegislativa/2013/22866/22866_texto_integral.odt", "ementa": "Requer Voto de Congratula\u00e7\u00f5es \u00e0 Embasul Ind\u00fastria de Embalagens Ltda, pela passagem de seus 15 anos de funda\u00e7\u00e3o."}, {"id": 22867, "ano": 2013, "numero": 827, "tipo__sigla": "REQ", "tipo__descricao": "Requerimento", "autoria__autor__nome": "Inspetor Luz", "texto_original": "https://sapl.camaranh.rs.gov.br/media/sapl/public/materialegislativa/2013/22867/22867_texto_integral.odt", "ementa": "Requer Voto de Congratula\u00e7\u00f5es \u00e0 Tudo Imobili\u00e1ria Ltda. pela passagem de seus 27 anos de funda\u00e7\u00e3o."}, {"id": 22868, "ano": 2013, "numero": 828, "tipo__sigla": "REQ", "tipo__descricao": "Requerimento", "autoria__autor__nome": "Enfermeiro Vilmar\r\nInspetor Luz", "texto_original": "https://sapl.camaranh.rs.gov.br/media/sapl/public/materialegislativa/2013/22868/22868_texto_integral.odt", "ementa": "Requer Voto de Congratula\u00e7\u00f5es \u00e0 Lojas Paludo pela passagem de seus 35 anos de funda\u00e7\u00e3o."}, {"id": 22870, "ano": 2013, "numero": 829, "tipo__sigla": "REQ", "tipo__descricao": "Requerimento", "autoria__autor__nome": "Gerson Peteffi", "texto_original": "https://sapl.camaranh.rs.gov.br/media/sapl/public/materialegislativa/2013/22870/22870_texto_integral.odt", "ementa": "Requer Voto de Congratula\u00e7\u00f5es \u00e0 OFICYNA DE MULHER BOUTIQUE, pela conquista do Pr\u00eamio Top de Marcas/2013."}, {"id": 22871, "ano": 2013, "numero": 830, "tipo__sigla": "REQ", "tipo__descricao": "Requerimento", "autoria__autor__nome": "Gerson Peteffi", "texto_original": "https://sapl.camaranh.rs.gov.br/media/sapl/public/materialegislativa/2013/22871/22871_texto_integral.odt", "ementa": "Requer Voto de Congratula\u00e7\u00f5es \u00e0 OFF SET RECUPERADORA DE RODAS AUTOMOTIVAS, pela conquista do Pr\u00eamio Top de Marcas/2013."}, {"id": 22872, "ano": 2013, "numero": 831, "tipo__sigla": "REQ", "tipo__descricao": "Requerimento", "autoria__autor__nome": "Gerson Peteffi", "texto_original": "https://sapl.camaranh.rs.gov.br/media/sapl/public/materialegislativa/2013/22872/22872_texto_integral.odt", "ementa": "Requer Voto de Congratula\u00e7\u00f5es \u00e0 N RAMOS MUDAN\u00c7AS - TRANSPORTE DE MUDAN\u00c7AS, pela conquista do Pr\u00eamio Top de Marcas/2013."}, {"id": 22873, "ano": 2013, "numero": 832, "tipo__sigla": "REQ", "tipo__descricao": "Requerimento", "autoria__autor__nome": "Gerson Peteffi", "texto_original": "https://sapl.camaranh.rs.gov.br/media/sapl/public/materialegislativa/2013/22873/22873_texto_integral.odt", "ementa": "Requer Voto de Congratula\u00e7\u00f5es \u00e0 NOVO TINTAS - LOJA DE TINTAS, pela conquista do Pr\u00eamio Top de Marcas/2013."}, {"id": 22874, "ano": 2013, "numero": 833, "tipo__sigla": "REQ", "tipo__descricao": "Requerimento", "autoria__autor__nome": "Gerson Peteffi", "texto_original": "https://sapl.camaranh.rs.gov.br/media/sapl/public/materialegislativa/2013/22874/22874_texto_integral.odt", "ementa": "Requer Voto de Congratula\u00e7\u00f5es \u00e0 MOKAI TEMAKERIA- RESTAURANTE JAPON\u00caS, pela conquista do Pr\u00eamio Top de Marcas/2013."}, {"id": 22875, "ano": 2013, "numero": 834, "tipo__sigla": "REQ", "tipo__descricao": "Requerimento", "autoria__autor__nome": "Gerson Peteffi", "texto_original": "https://sapl.camaranh.rs.gov.br/media/sapl/public/materialegislativa/2013/22875/22875_texto_integral.odt", "ementa": "Requer Voto de Congratula\u00e7\u00f5es \u00e0 NOVO DENTE PLANOS ODONTOL\u00d3GICOS, pela conquista do Pr\u00eamio Top de Marcas/2013."}, {"id": 22876, "ano": 2013, "numero": 835, "tipo__sigla": "REQ", "tipo__descricao": "Requerimento", "autoria__autor__nome": "Gerson Peteffi", "texto_original": "https://sapl.camaranh.rs.gov.br/media/sapl/public/materialegislativa/2013/22876/22876_texto_integral.odt", "ementa": "Requer Voto de Congratula\u00e7\u00f5es \u00e0 LUX\u00daRIA ACESS\u00d3RIOS - LOJA DE BIJOUTERIAS, pela conquista do Pr\u00eamio Top de Marcas/2013."}, {"id": 22877, "ano": 2013, "numero": 836, "tipo__sigla": "REQ", "tipo__descricao": "Requerimento", "autoria__autor__nome": "Gerson Peteffi", "texto_original": "https://sapl.camaranh.rs.gov.br/media/sapl/public/materialegislativa/2013/22877/22877_texto_integral.odt", "ementa": "Requer Voto de Congratula\u00e7\u00f5es \u00e0 ELETROSOM COMPONENTES ELETR\u00d4NICOS, pela conquista do Pr\u00eamio Top de Marcas/2013."}, {"id": 22878, "ano": 2013, "numero": 837, "tipo__sigla": "REQ", "tipo__descricao": "Requerimento", "autoria__autor__nome": "Gerson Peteffi", "texto_original": "https://sapl.camaranh.rs.gov.br/media/sapl/public/materialegislativa/2013/22878/22878_texto_integral.odt", "ementa": "Requer Voto de Congratula\u00e7\u00f5es \u00e0 MULTIFORTE ESQUADRIAS MET\u00c1LICAS, pela conquista do Pr\u00eamio Top Marcas/2013."}, {"id": 22879, "ano": 2013, "numero": 838, "tipo__sigla": "REQ", "tipo__descricao": "Requerimento", "autoria__autor__nome": "Gerson Peteffi", "texto_original": "https://sapl.camaranh.rs.gov.br/media/sapl/public/materialegislativa/2013/22879/22879_texto_integral.odt", "ementa": "Requer Voto de Congratula\u00e7\u00f5es \u00e0 MILANI EQUIPAMENTOS PARA GASTRONOMIA, pela conquista do Pr\u00eamio Top de Marcas/2013."}, {"id": 22880, "ano": 2013, "numero": 839, "tipo__sigla": "REQ", "tipo__descricao": "Requerimento", "autoria__autor__nome": "Gerson Peteffi", "texto_original": "https://sapl.camaranh.rs.gov.br/media/sapl/public/materialegislativa/2013/22880/22880_texto_integral.odt", "ementa": "Requer Voto de Congratula\u00e7\u00f5es \u00e0 OFICINA DAS SUSPENS\u00d5ES- OFICINA ESPECIALIZADA, pela conquista do Pr\u00eamio Top de Marcas/2013."}, {"id": 22886, "ano": 2013, "numero": 840, "tipo__sigla": "REQ", "tipo__descricao": "Requerimento", "autoria__autor__nome": "Cristiano Coller", "texto_original": "https://sapl.camaranh.rs.gov.br/media/sapl/public/materialegislativa/2013/22886/22886_texto_integral.odt", "ementa": "Reitera o Requerimento n\u00ba 503/2013,  conforme Lei  Org\u00e2nica do Munic\u00edpio no Art. 59, inciso XIV."}, {"id": 22887, "ano": 2013, "numero": 841, "tipo__sigla": "REQ", "tipo__descricao": "Requerimento", "autoria__autor__nome": "Gerson Peteffi", "texto_original": "https://sapl.camaranh.rs.gov.br/media/sapl/public/materialegislativa/2013/22887/22887_texto_integral.odt", "ementa": "Requer Voto de Congratula\u00e7\u00f5es \u00e0 PINGO DE GENTE - CENTRO DE EDUCA\u00c7\u00c3O INFANTIL, pela conquista do Pr\u00eamio Top de Marcas/2013."}, {"id": 22888, "ano": 2013, "numero": 842, "tipo__sigla": "REQ", "tipo__descricao": "Requerimento", "autoria__autor__nome": "Gerson Peteffi", "texto_original": "https://sapl.camaranh.rs.gov.br/media/sapl/public/materialegislativa/2013/22888/22888_texto_integral.odt", "ementa": "Requer Voto de Congratula\u00e7\u00f5es \u00e0 PANITZ EXTINTORES- COM\u00c9RCIO E MANUTEN\u00c7\u00c3O DE EXTINTORES, pela conquista do Pr\u00eamio Top de Marcas/2013."}, {"id": 22889, "ano": 2013, "numero": 843, "tipo__sigla": "REQ", "tipo__descricao": "Requerimento", "autoria__autor__nome": "Gerson Peteffi", "texto_original": "https://sapl.camaranh.rs.gov.br/media/sapl/public/materialegislativa/2013/22889/22889_texto_integral.odt", "ementa": "Requer Voto de Congratula\u00e7\u00f5es \u00e0 R\u00c1DIO 88.7 FM - R\u00c1DIO FM LOCAL, pela conquista do Pr\u00eamio Top de Marcas/2013."}, {"id": 22890, "ano": 2013, "numero": 844, "tipo__sigla": "REQ", "tipo__descricao": "Requerimento", "autoria__autor__nome": "Gerson Peteffi", "texto_original": "https://sapl.camaranh.rs.gov.br/media/sapl/public/materialegislativa/2013/22890/22890_texto_integral.odt", "ementa": "Requer Voto de Congratula\u00e7\u00f5es \u00e0 RAFA V\u00cdDEO MAKER - V\u00cdDEO PRODUTORA, pela conquista do Pr\u00eamio Top de Marcas/2013."}, {"id": 22891, "ano": 2013, "numero": 845, "tipo__sigla": "REQ", "tipo__descricao": "Requerimento", "autoria__autor__nome": "Gerson Peteffi", "texto_original": "https://sapl.camaranh.rs.gov.br/media/sapl/public/materialegislativa/2013/22891/22891_texto_integral.odt", "ementa": "Requer Voto de Congratula\u00e7\u00f5es \u00e0 RAVENA NOIVAS- LOJA DE NOIVAS, pela conquista do Pr\u00eamio Top de Marcas/2013."}, {"id": 22892, "ano": 2013, "numero": 846, "tipo__sigla": "REQ", "tipo__descricao": "Requerimento", "autoria__autor__nome": "Gerson Peteffi", "texto_original": "https://sapl.camaranh.rs.gov.br/media/sapl/public/materialegislativa/2013/22892/22892_texto_integral.odt", "ementa": "Requer Voto de Congratula\u00e7\u00f5es \u00e0 ORTOPEDIA MARC\u00cdLIO DIAS - CL\u00cdNICA ORTOP\u00c9DICA, pela conquista do Pr\u00eamio Top de Marcas/2013."}, {"id": 22893, "ano": 2013, "numero": 847, "tipo__sigla": "REQ", "tipo__descricao": "Requerimento", "autoria__autor__nome": "Gerson Peteffi", "texto_original": "https://sapl.camaranh.rs.gov.br/media/sapl/public/materialegislativa/2013/22893/22893_texto_integral.odt", "ementa": "Requer Voto de Congratula\u00e7\u00f5es \u00e0 PRALOJA EXPOSITORES PARA LOJA, pela conquista do Pr\u00eamio Top de Marcas/2013."}, {"id": 22894, "ano": 2013, "numero": 848, "tipo__sigla": "REQ", "tipo__descricao": "Requerimento", "autoria__autor__nome": "Gerson Peteffi", "texto_original": "https://sapl.camaranh.rs.gov.br/media/sapl/public/materialegislativa/2013/22894/22894_texto_integral.odt", "ementa": "Requer Voto de Congratula\u00e7\u00f5es \u00e0 \u00d3TICA DINIZ, pela conquista do Pr\u00eamio Top de Marcas/2013."}, {"id": 22895, "ano": 2013, "numero": 849, "tipo__sigla": "REQ", "tipo__descricao": "Requerimento", "autoria__autor__nome": "Gerson Peteffi", "texto_original": "https://sapl.camaranh.rs.gov.br/media/sapl/public/materialegislativa/2013/22895/22895_texto_integral.odt", "ementa": "Requer Voto de Congratula\u00e7\u00f5es \u00e0 RITMO VE\u00cdCULOS CONCESSION\u00c1RIA, pela conquista do Pr\u00eamio Top de Marcas/2013 ."}, {"id": 22896, "ano": 2013, "numero": 850, "tipo__sigla": "REQ", "tipo__descricao": "Requerimento", "autoria__autor__nome": "Gerson Peteffi", "texto_original": "https://sapl.camaranh.rs.gov.br/media/sapl/public/materialegislativa/2013/22896/22896_texto_integral.odt", "ementa": "Requer Voto de Congratula\u00e7\u00f5es \u00e0 REVISTA EXPANS\u00c3O-REVISTA LOCAL, pela conquista do Pr\u00eamio Top de Marcas/2013."}, {"id": 22897, "ano": 2013, "numero": 851, "tipo__sigla": "REQ", "tipo__descricao": "Requerimento", "autoria__autor__nome": "Gerson Peteffi", "texto_original": "https://sapl.camaranh.rs.gov.br/media/sapl/public/materialegislativa/2013/22897/22897_texto_integral.odt", "ementa": "Requer Voto de Congratula\u00e7\u00f5es \u00e0 REQUINTE &  SABOR PADARIA, pela conquista do Pr\u00eamio Top de Marcas/2013."}, {"id": 22901, "ano": 2013, "numero": 852, "tipo__sigla": "REQ", "tipo__descricao": "Requerimento", "autoria__autor__nome": "Gerson Peteffi", "texto_original": "https://sapl.camaranh.rs.gov.br/media/sapl/public/materialegislativa/2013/22901/22901_texto_integral.odt", "ementa": "Requer Voto de Congratula\u00e7\u00f5es a ROSO AUTO PE\u00c7AS, pela conquista do Pr\u00eamio Top de Marcas/2013."}, {"id": 22902, "ano": 2013, "numero": 853, "tipo__sigla": "REQ", "tipo__descricao": "Requerimento", "autoria__autor__nome": "Gerson Peteffi", "texto_original": "https://sapl.camaranh.rs.gov.br/media/sapl/public/materialegislativa/2013/22902/22902_texto_integral.odt", "ementa": "Requer Voto de Congratula\u00e7\u00f5es \u00e0 SERVIC\u00d3PIAS- LOJA DE C\u00d3PIAS, pela conquista do Pr\u00eamio Top de Marcas/2013."}, {"id": 22903, "ano": 2013, "numero": 854, "tipo__sigla": "REQ", "tipo__descricao": "Requerimento", "autoria__autor__nome": "Gerson Peteffi", "texto_original": "https://sapl.camaranh.rs.gov.br/media/sapl/public/materialegislativa/2013/22903/22903_texto_integral.odt", "ementa": "Requer Voto de Congratula\u00e7\u00f5es \u00e0 RTP REBOBINAGEM DE MOTORES EL\u00c9TRICOS, pela conquista do Pr\u00eamio Top de Marcas/2013."}, {"id": 22904, "ano": 2013, "numero": 855, "tipo__sigla": "REQ", "tipo__descricao": "Requerimento", "autoria__autor__nome": "Gerson Peteffi", "texto_original": "https://sapl.camaranh.rs.gov.br/media/sapl/public/materialegislativa/2013/22904/22904_texto_integral.odt", "ementa": "Requer Voto de Congratula\u00e7\u00f5es \u00e0 SCHEFFEL RECURSOS HUMANOS, pela conquista do Pr\u00eamio Top de Marcas/2013."}, {"id": 22905, "ano": 2013, "numero": 856, "tipo__sigla": "REQ", "tipo__descricao": "Requerimento", "autoria__autor__nome": "Raul Cassel", "texto_original": "https://sapl.camaranh.rs.gov.br/media/sapl/public/materialegislativa/2013/22905/22905_texto_integral.odt", "ementa": "Requer informa\u00e7\u00f5es sobre casos de nepotismo no Poder Executivo Municipal. "}, {"id": 22906, "ano": 2013, "numero": 857, "tipo__sigla": "REQ", "tipo__descricao": "Requerimento", "autoria__autor__nome": "Raul Cassel", "texto_original": "https://sapl.camaranh.rs.gov.br/media/sapl/public/materialegislativa/2013/22906/22906_texto_integral.odt", "ementa": "Requer Voto de Pesar pelo falecimento do Sr. Ney Oswaldo Camara Dreher."}, {"id": 22907, "ano": 2013, "numero": 858, "tipo__sigla": "REQ", "tipo__descricao": "Requerimento", "autoria__autor__nome": "Raul Cassel", "texto_original": "https://sapl.camaranh.rs.gov.br/media/sapl/public/materialegislativa/2013/22907/22907_texto_integral.odt", "ementa": "Requer Voto de Pesar pelo falecimento do Sr. Abilio Finotti."}, {"id": 22908, "ano": 2013, "numero": 859, "tipo__sigla": "REQ", "tipo__descricao": "Requerimento", "autoria__autor__nome": "Gerson Peteffi", "texto_original": "https://sapl.camaranh.rs.gov.br/media/sapl/public/materialegislativa/2013/22908/22908_texto_integral.odt", "ementa": "Requer Voto de Congratula\u00e7\u00f5es \u00e0 STOFFEL COM\u00c9RCIO DE DIVIS\u00d3RIAS, pela conquista do Pr\u00eamio Top de Marcas/2013."}, {"id": 22910, "ano": 2013, "numero": 860, "tipo__sigla": "REQ", "tipo__descricao": "Requerimento", "autoria__autor__nome": "Gerson Peteffi", "texto_original": "https://sapl.camaranh.rs.gov.br/media/", "ementa": "Requer Voto de Congratula\u00e7\u00f5es \u00e0 SOLAR HAUS EMPRESA DE SISTEMA DE AQUECEDORES, pela conquista do Pr\u00eamio Top de Marcas/2013."}, {"id": 22911, "ano": 2013, "numero": 861, "tipo__sigla": "REQ", "tipo__descricao": "Requerimento", "autoria__autor__nome": "Gerson Peteffi", "texto_original": "https://sapl.camaranh.rs.gov.br/media/sapl/public/materialegislativa/2013/22911/22911_texto_integral.odt", "ementa": "Requer Voto de Congratula\u00e7\u00f5es \u00e0 SINOS CAIXAS - CAIXA DE C\u00c2MBIO, pela conquista do Pr\u00eamio Top de Marcas/2013."}, {"id": 22912, "ano": 2013, "numero": 862, "tipo__sigla": "REQ", "tipo__descricao": "Requerimento", "autoria__autor__nome": "Gerson Peteffi", "texto_original": "https://sapl.camaranh.rs.gov.br/media/sapl/public/materialegislativa/2013/22912/22912_texto_integral.odt", "ementa": "Requer Voto de Congratula\u00e7\u00f5es  \u00e0  TECNOSTORE TELEFONIA VIVO - LOJA DE CELULARES, pela conquista do Pr\u00eamio Top de Marcas/2013."}, {"id": 22914, "ano": 2013, "numero": 863, "tipo__sigla": "REQ", "tipo__descricao": "Requerimento", "autoria__autor__nome": "Gerson Peteffi", "texto_original": "https://sapl.camaranh.rs.gov.br/media/sapl/public/materialegislativa/2013/22914/22914_texto_integral.odt", "ementa": "Requer Voto de Congratula\u00e7\u00f5es ao PROGRAMA VIVER BEM, pela conquista do Pr\u00eamio Top de Marcas/2013."}, {"id": 22915, "ano": 2013, "numero": 864, "tipo__sigla": "REQ", "tipo__descricao": "Requerimento", "autoria__autor__nome": "Gerson Peteffi", "texto_original": "https://sapl.camaranh.rs.gov.br/media/sapl/public/materialegislativa/2013/22915/22915_texto_integral.odt", "ementa": "Requer Voto de Congratula\u00e7\u00f5es \u00e0 UNIFICADO PR\u00c9 - VESTIBULAR, pela conquista do Pr\u00eamio Top de Marcas/2013."}, {"id": 22916, "ano": 2013, "numero": 865, "tipo__sigla": "REQ", "tipo__descricao": "Requerimento", "autoria__autor__nome": "Gerson Peteffi", "texto_original": "https://sapl.camaranh.rs.gov.br/media/sapl/public/materialegislativa/2013/22916/22916_texto_integral.odt", "ementa": "Requer Voto de Congratula\u00e7\u00f5es WIZARD ESCOLA DE IDIOMAS, pela conquista do Pr\u00eamio Top de Marcas/2013."}, {"id": 22917, "ano": 2013, "numero": 866, "tipo__sigla": "REQ", "tipo__descricao": "Requerimento", "autoria__autor__nome": "Gerson Peteffi", "texto_original": "https://sapl.camaranh.rs.gov.br/media/sapl/public/materialegislativa/2013/22917/22917_texto_integral.odt", "ementa": "Requer Voto de Congratula\u00e7\u00f5es \u00e0 VILLA BALDO CAFETERIA, pela conquista do Pr\u00eamio Top de Marcas/2013."}, {"id": 22918, "ano": 2013, "numero": 867, "tipo__sigla": "REQ", "tipo__descricao": "Requerimento", "autoria__autor__nome": "Gerson Peteffi", "texto_original": "https://sapl.camaranh.rs.gov.br/media/sapl/public/materialegislativa/2013/22918/22918_texto_integral.odt", "ementa": "Requer Voto de Congratula\u00e7\u00f5es \u00e0 UNINTER NH ENSINO \u00c0 DIST\u00c2NCIA, pela conquista do Pr\u00eamio Top de Marcas/2013."}, {"id": 22919, "ano": 2013, "numero": 868, "tipo__sigla": "REQ", "tipo__descricao": "Requerimento", "autoria__autor__nome": "Gerson Peteffi", "texto_original": "https://sapl.camaranh.rs.gov.br/media/sapl/public/materialegislativa/2013/22919/22919_texto_integral.odt", "ementa": "Requer Voto de Congratula\u00e7\u00f5es \u00e0 TRANSMAQ EMPRESA DE GUINDASTES E LOCA\u00c7\u00c3O DE EMPILHADEIRAS, pela conquista do Pr\u00eamio Top de Marcas/2013."}, {"id": 22920, "ano": 2013, "numero": 869, "tipo__sigla": "REQ", "tipo__descricao": "Requerimento", "autoria__autor__nome": "Gerson Peteffi", "texto_original": "https://sapl.camaranh.rs.gov.br/media/sapl/public/materialegislativa/2013/22920/22920_texto_integral.odt", "ementa": "Requer Voto de Congratula\u00e7\u00f5es \u00e0 TONDIN EMBALAGENS DISTRIBUIDORA DE EMBALAGENS DESCART\u00c1VEIS, pela conquista do Pr\u00eamio Top de Marcas/2013."}, {"id": 22923, "ano": 2013, "numero": 870, "tipo__sigla": "REQ", "tipo__descricao": "Requerimento", "autoria__autor__nome": "Antonio Lucas", "texto_original": "https://sapl.camaranh.rs.gov.br/media/sapl/public/materialegislativa/2013/22923/22923_texto_integral.pdf", "ementa": "Requer que seja convidado o Sr. Claudiomir da Silva Brum, Presidente da Federa\u00e7\u00e3o Profissional dos Trabalhadores em Seguran\u00e7a Privada do Estado do Rio Grande do Sul, para comparecer \u00e0 Sess\u00e3o Ordin\u00e1ria de 5 de setembro de 2013, a fim de divulgar a Campanha Estadual \"PL 39 - Eu Aprovo\" para apresentar a import\u00e2ncia da aprova\u00e7\u00e3o deste projeto de lei, que disp\u00f5e sobre a Regulamenta\u00e7\u00e3o da profiss\u00e3o de Agente de Seguran\u00e7a Privada."}, {"id": 22926, "ano": 2013, "numero": 871, "tipo__sigla": "REQ", "tipo__descricao": "Requerimento", "autoria__autor__nome": "Gerson Peteffi", "texto_original": "https://sapl.camaranh.rs.gov.br/media/sapl/public/materialegislativa/2013/22926/22926_texto_integral.odt", "ementa": "Requer Voto de Pesar pelo falecimento da Sra. MAGDALENA BORGES DA ROSA."}, {"id": 22940, "ano": 2013, "numero": 872, "tipo__sigla": "REQ", "tipo__descricao": "Requerimento", "autoria__autor__nome": "Cristiano Coller", "texto_original": "https://sapl.camaranh.rs.gov.br/media/sapl/public/materialegislativa/2013/22940/22940_texto_integral.odt", "ementa": "Requer Voto de Congratula\u00e7\u00f5es ao Grupo de Escoteiro Atiradores pela comemora\u00e7\u00e3o de seus 25 anos de hist\u00f3ria."}, {"id": 22942, "ano": 2013, "numero": 873, "tipo__sigla": "REQ", "tipo__descricao": "Requerimento", "autoria__autor__nome": "Raul Cassel", "texto_original": "https://sapl.camaranh.rs.gov.br/media/sapl/public/materialegislativa/2013/22942/22942_texto_integral.odt", "ementa": "Requer Voto de Congratula\u00e7\u00f5es \u00e0 ABO - Associa\u00e7\u00e3o Brasileira de Odontologia."}, {"id": 22943, "ano": 2013, "numero": 874, "tipo__sigla": "REQ", "tipo__descricao": "Requerimento", "autoria__autor__nome": "Raul Cassel", "texto_original": "https://sapl.camaranh.rs.gov.br/media/sapl/public/materialegislativa/2013/22943/22943_texto_integral.odt", "ementa": "Requer Voto de Congratula\u00e7\u00f5es \u00e0 Liga Feminina de Combate ao C\u00e2ncer, pela Campanha \"C\u00e2ncer de Boca tem Cura - Abra a Boca e Abra os Olhos\"."}, {"id": 22951, "ano": 2013, "numero": 875, "tipo__sigla": "REQ", "tipo__descricao": "Requerimento", "autoria__autor__nome": "Antonio Lucas\r\nRaul Cassel", "texto_original": "https://sapl.camaranh.rs.gov.br/media/sapl/public/materialegislativa/2013/22951/22951_texto_integral.odt", "ementa": "Requerem Voto de Congratula\u00e7\u00f5es ao cantor e compositor, senhor Fernando Marco, pela comemora\u00e7\u00e3o de seus 25 anos de carreira. "}, {"id": 22955, "ano": 2013, "numero": 876, "tipo__sigla": "REQ", "tipo__descricao": "Requerimento", "autoria__autor__nome": "Cristiano Coller", "texto_original": "https://sapl.camaranh.rs.gov.br/media/sapl/public/materialegislativa/2013/22955/22955_texto_integral.odt", "ementa": "Requer Voto de Pesar pelo falecimento da Sra. Laura Lenita Becker."}, {"id": 22980, "ano": 2013, "numero": 877, "tipo__sigla": "REQ", "tipo__descricao": "Requerimento", "autoria__autor__nome": "Roger Corr\u00eaa", "texto_original": "https://sapl.camaranh.rs.gov.br/media/sapl/public/materialegislativa/2013/22980/22980_texto_integral.odt", "ementa": "Requer Voto de Congratula\u00e7\u00f5es ao DCE &#8211; Diret\u00f3rio Central dos Estudantes da Universidade Feevale pela realiza\u00e7\u00e3o da CALOURADA DCE FEEVALE 2013. "}, {"id": 22981, "ano": 2013, "numero": 878, "tipo__sigla": "REQ", "tipo__descricao": "Requerimento", "autoria__autor__nome": "Roger Corr\u00eaa", "texto_original": "https://sapl.camaranh.rs.gov.br/media/sapl/public/materialegislativa/2013/22981/22981_texto_integral.odt", "ementa": "Requer Voto de Congratula\u00e7\u00f5es \u00e0 Secretaria de Cultura de Novo Hamburgo pelo Festival Nossa M\u00fasica pela Paz Contra as Drogas."}, {"id": 22982, "ano": 2013, "numero": 879, "tipo__sigla": "REQ", "tipo__descricao": "Requerimento", "autoria__autor__nome": "Roger Corr\u00eaa", "texto_original": "https://sapl.camaranh.rs.gov.br/media/sapl/public/materialegislativa/2013/22982/22982_texto_integral.odt", "ementa": "Requer Voto de Pesar pelo falecimento do Sr. Marcos Johann."}, {"id": 22987, "ano": 2013, "numero": 880, "tipo__sigla": "REQ", "tipo__descricao": "Requerimento", "autoria__autor__nome": "Raul Cassel", "texto_original": "https://sapl.camaranh.rs.gov.br/media/sapl/public/materialegislativa/2013/22987/22987_texto_integral.odt", "ementa": "Requer informa\u00e7\u00f5es com nome e cargos dos funcion\u00e1rios da Secretaria de Desenvolvimento Rural."}, {"id": 23002, "ano": 2013, "numero": 881, "tipo__sigla": "REQ", "tipo__descricao": "Requerimento", "autoria__autor__nome": "Professor Issur Koch", "texto_original": "https://sapl.camaranh.rs.gov.br/media/sapl/public/materialegislativa/2013/23002/23002_texto_integral.odt", "ementa": "Solicita informa\u00e7\u00f5es junto \u00e0 COMUR  (Companhia Municipal de Urbanismo) quanto ao n\u00ba de reservas de vagas de estacionamento para idosos e pessoas com defici\u00eancia f\u00edsica, bem como a localiza\u00e7\u00e3o das mesmas. "}, {"id": 23008, "ano": 2013, "numero": 882, "tipo__sigla": "REQ", "tipo__descricao": "Requerimento", "autoria__autor__nome": "Luiz Fernando Farias", "texto_original": "https://sapl.camaranh.rs.gov.br/media/sapl/public/materialegislativa/2013/23008/23008_texto_integral.odt", "ementa": "Reitera Requerimento n\u00ba 645/2013, de 03 de julho de 2013, que requer informa\u00e7\u00f5es  sobre a obra de canaliza\u00e7\u00e3o do Arroio Gauchinho."}, {"id": 23015, "ano": 2013, "numero": 883, "tipo__sigla": "REQ", "tipo__descricao": "Requerimento", "autoria__autor__nome": "Betinho", "texto_original": "https://sapl.camaranh.rs.gov.br/media/sapl/public/materialegislativa/2013/23015/23015_texto_integral.odt", "ementa": "Requer que seja composta a Comiss\u00e3o que escolher\u00e1 os agraciados ao Pr\u00eamio Sebasti\u00e3o Flores, observando o Decreto Legislativo 3/2013, art. 4, \u00a74\u00ba, enviando-se oficio \u00e0s secretarias e coordenadoria mencionadas nesta Lei."}, {"id": 23016, "ano": 2013, "numero": 884, "tipo__sigla": "REQ", "tipo__descricao": "Requerimento", "autoria__autor__nome": "Betinho", "texto_original": "https://sapl.camaranh.rs.gov.br/media/sapl/public/materialegislativa/2013/23016/23016_texto_integral.odt", "ementa": "Requer a indica\u00e7\u00e3o do vereador Gilberto Koch para a composi\u00e7\u00e3o da Comiss\u00e3o que escolher\u00e1 os agraciados ao Pr\u00eamio Sebasti\u00e3o Flores, observando o Decreto Legislativo 3/2013, art. 4\u00ba, \u00a74\u00ba, representando o Poder Legislativo."}, {"id": 23018, "ano": 2013, "numero": 885, "tipo__sigla": "REQ", "tipo__descricao": "Requerimento", "autoria__autor__nome": "Professor Issur Koch", "texto_original": "https://sapl.camaranh.rs.gov.br/media/sapl/public/materialegislativa/2013/23018/23018_texto_integral.odt", "ementa": "Requer mapa detalhado do n\u00famero e  local das vagas existentes para ber\u00e7\u00e1rio nas escolas do munic\u00edpio e conveniadas."}, {"id": 23022, "ano": 2013, "numero": 886, "tipo__sigla": "REQ", "tipo__descricao": "Requerimento", "autoria__autor__nome": "Betinho", "texto_original": "https://sapl.camaranh.rs.gov.br/media/sapl/public/materialegislativa/2013/23022/23022_texto_integral.odt", "ementa": "Requer a indica\u00e7\u00e3o do vereador Gilberto Koch para  integrar a Comiss\u00e3o Especial denominada Frente Parlamentar de Apoio ao Cooperativismo."}, {"id": 23037, "ano": 2013, "numero": 887, "tipo__sigla": "REQ", "tipo__descricao": "Requerimento", "autoria__autor__nome": "Roger Corr\u00eaa", "texto_original": "https://sapl.camaranh.rs.gov.br/media/sapl/public/materialegislativa/2013/23037/23037_texto_integral.odt", "ementa": "Requer que seja convidado o Sr. Leandro Mello, Presidente da ONDAA _ Organiza\u00e7\u00e3o Pela Dignidade dos Animais Abandonados para comparecer \u00e0 Sess\u00e3o Ordin\u00e1ria de 1\u00ba de outubro de 2013, a fim de falar sobre o trabalho desenvolvido pela ONG na prote\u00e7\u00e3o dos animais."}, {"id": 23038, "ano": 2013, "numero": 888, "tipo__sigla": "REQ", "tipo__descricao": "Requerimento", "autoria__autor__nome": "Roger Corr\u00eaa", "texto_original": "https://sapl.camaranh.rs.gov.br/media/sapl/public/materialegislativa/2013/23038/23038_texto_integral.odt", "ementa": "Requer que seja convidado o Sr. Udo Sarlet, Coordenador do Parque Municipal Henrique Luis Roessler - Parc\u00e3o, para comparecer \u00e0 Sess\u00e3o Ordin\u00e1ria de 08 de outubro de 2013, a fim de falar sobre o trabalho desenvolvido pelo CEMPAGP - Centro Municipal de Prote\u00e7\u00e3o aos Animais de Grande Porte."}, {"id": 23039, "ano": 2013, "numero": 889, "tipo__sigla": "REQ", "tipo__descricao": "Requerimento", "autoria__autor__nome": "Roger Corr\u00eaa", "texto_original": "https://sapl.camaranh.rs.gov.br/media/sapl/public/materialegislativa/2013/23039/23039_texto_integral.odt", "ementa": "Requer que seja convidado o Sr. Volnei Campagnoni, Diretor de Prote\u00e7\u00e3o Ambiental da Secretaria de Meio Ambiente para comparecer \u00e0 Sess\u00e3o Ordin\u00e1ria de 03 de outubro de 2013, a fim de falar sobre o trabalho desenvolvido pelo CEMPRA - Centro Municipal de Prote\u00e7\u00e3o aos Animais."}, {"id": 23040, "ano": 2013, "numero": 890, "tipo__sigla": "REQ", "tipo__descricao": "Requerimento", "autoria__autor__nome": "Raul Cassel", "texto_original": "https://sapl.camaranh.rs.gov.br/media/sapl/public/materialegislativa/2013/23040/23040_texto_integral.odt", "ementa": "Requer informa\u00e7\u00f5es sobre o Conselho de Administra\u00e7\u00e3o e Fiscal da COMUR. "}, {"id": 23041, "ano": 2013, "numero": 891, "tipo__sigla": "REQ", "tipo__descricao": "Requerimento", "autoria__autor__nome": "Raul Cassel", "texto_original": "https://sapl.camaranh.rs.gov.br/media/sapl/public/materialegislativa/2013/23041/23041_texto_integral.odt", "ementa": "Requer informa\u00e7\u00f5es sobre o Conselho de Administra\u00e7\u00e3o e Fiscal da Funda\u00e7\u00e3o de Sa\u00fade P\u00fablica de Novo Hamburgo. "}, {"id": 23042, "ano": 2013, "numero": 892, "tipo__sigla": "REQ", "tipo__descricao": "Requerimento", "autoria__autor__nome": "Raul Cassel", "texto_original": "https://sapl.camaranh.rs.gov.br/media/sapl/public/materialegislativa/2013/23042/23042_texto_integral.odt", "ementa": "Requer informa\u00e7\u00f5es sobre o Conselho de Administra\u00e7\u00e3o e Fiscal da FENAC. "}, {"id": 23043, "ano": 2013, "numero": 893, "tipo__sigla": "REQ", "tipo__descricao": "Requerimento", "autoria__autor__nome": "Raul Cassel", "texto_original": "https://sapl.camaranh.rs.gov.br/media/sapl/public/materialegislativa/2013/23043/23043_texto_integral.odt", "ementa": "Requer informa\u00e7\u00f5es sobre o Conselho de Administra\u00e7\u00e3o e Fiscal da COMUSA. "}, {"id": 23044, "ano": 2013, "numero": 894, "tipo__sigla": "REQ", "tipo__descricao": "Requerimento", "autoria__autor__nome": "Raul Cassel", "texto_original": "https://sapl.camaranh.rs.gov.br/media/sapl/public/materialegislativa/2013/23044/23044_texto_integral.odt", "ementa": "Requer Voto de Pesar pelo falecimento do Senhor Belony Manoel Diniz da Costa."}, {"id": 23058, "ano": 2013, "numero": 895, "tipo__sigla": "REQ", "tipo__descricao": "Requerimento", "autoria__autor__nome": "JorgeTatsch", "texto_original": "https://sapl.camaranh.rs.gov.br/media/sapl/public/materialegislativa/2013/23058/23058_texto_integral.odt", "ementa": "Requer Voto de Pesar pelo falecimento da Sra. Maria Rosa de Andrades."}, {"id": 23060, "ano": 2013, "numero": 896, "tipo__sigla": "REQ", "tipo__descricao": "Requerimento", "autoria__autor__nome": "Betinho", "texto_original": "https://sapl.camaranh.rs.gov.br/media/sapl/public/materialegislativa/2013/23060/23060_texto_integral.odt", "ementa": "Requer a retirada do Projeto de Lei n\u00ba 111/2013, que \"Institui a Semana de Conscientiza\u00e7\u00e3o, Preven\u00e7\u00e3o e Combate \u00e0 Verminose e \u00e0 Hepatite A\"."}, {"id": 23061, "ano": 2013, "numero": 897, "tipo__sigla": "REQ", "tipo__descricao": "Requerimento", "autoria__autor__nome": "Raul Cassel", "texto_original": "https://sapl.camaranh.rs.gov.br/media/sapl/public/materialegislativa/2013/23061/23061_texto_integral.odt", "ementa": "Requer Voto de Congratula\u00e7\u00f5es Oncosinos - Cl\u00ednica de Oncologia - de Novo Hamburgo, pela comemora\u00e7\u00e3o de seus 10 anos de atividades."}, {"id": 23066, "ano": 2013, "numero": 898, "tipo__sigla": "REQ", "tipo__descricao": "Requerimento", "autoria__autor__nome": "Raul Cassel", "texto_original": "https://sapl.camaranh.rs.gov.br/media/sapl/public/materialegislativa/2013/23066/23066_texto_integral.odt", "ementa": "Requer Voto de Pesar pelo falecimento do senhor Carlos Kundrum Senger."}, {"id": 23067, "ano": 2013, "numero": 899, "tipo__sigla": "REQ", "tipo__descricao": "Requerimento", "autoria__autor__nome": "Sergio Hanich", "texto_original": "https://sapl.camaranh.rs.gov.br/media/sapl/public/materialegislativa/2013/23067/23067_texto_integral.odt", "ementa": "Requer Voto de Pesar pelo falecimento da Sra. Cenilda Petri Bucks."}, {"id": 23068, "ano": 2013, "numero": 900, "tipo__sigla": "REQ", "tipo__descricao": "Requerimento", "autoria__autor__nome": "Raul Cassel", "texto_original": "https://sapl.camaranh.rs.gov.br/media/sapl/public/materialegislativa/2013/23068/23068_texto_integral.odt", "ementa": "Requer informa\u00e7\u00f5es sobre os sepultamentos subsidiados pelo munic\u00edpio."}, {"id": 23074, "ano": 2013, "numero": 901, "tipo__sigla": "REQ", "tipo__descricao": "Requerimento", "autoria__autor__nome": "Antonio Lucas", "texto_original": "https://sapl.camaranh.rs.gov.br/media/sapl/public/materialegislativa/2013/23074/23074_texto_integral.odt", "ementa": "Requerem informa\u00e7\u00f5es do Plant\u00e3o Administrativo, do plant\u00e3o de enfermagem e do plant\u00e3o dos m\u00e9dicos do Pronto Atendimento Centro, com refer\u00eancia ao per\u00edodo compreendido de segunda a segunda, da meia-noite \u00e0s sete horas da manh\u00e3 e, da mesma forma, com refer\u00eancia \u00e0 Unidade de Pronto Atendimento do Bairro Canudos."}, {"id": 23081, "ano": 2013, "numero": 902, "tipo__sigla": "REQ", "tipo__descricao": "Requerimento", "autoria__autor__nome": "Professor Issur Koch", "texto_original": "https://sapl.camaranh.rs.gov.br/media/sapl/public/materialegislativa/2013/23081/23081_texto_integral.odt", "ementa": "Solicita informa\u00e7\u00f5es desde a implanta\u00e7\u00e3o do Or\u00e7amento Participativo em Novo Hamburgo quantas demandas foram aprovadas e destas quantas foram entregues \u00e0 comunidade."}, {"id": 23084, "ano": 2013, "numero": 903, "tipo__sigla": "REQ", "tipo__descricao": "Requerimento", "autoria__autor__nome": "Professor Issur Koch", "texto_original": "https://sapl.camaranh.rs.gov.br/media/sapl/public/materialegislativa/2013/23084/23084_texto_integral.odt", "ementa": "Solicita informa\u00e7\u00f5es quanto as provid\u00eancias que  ser\u00e3o tomadas a respeito da estrutura do telhado da EMEI Negrinho do Pastoreio, no Bairro S\u00e3o Jorge. "}, {"id": 23088, "ano": 2013, "numero": 904, "tipo__sigla": "REQ", "tipo__descricao": "Requerimento", "autoria__autor__nome": "Gerson Peteffi", "texto_original": "https://sapl.camaranh.rs.gov.br/media/sapl/public/materialegislativa/2013/23088/23088_texto_integral.odt", "ementa": "Requer que sejam convidados o Sr. Sim\u00e3o Pedro Fr\u00f6ehlich - Presidente da Apae e a Sr\u00aa M\u00e1rcia Elisa Glaser - Diretora da Apae, para comparecerem \u00e0 Sess\u00e3o Ordin\u00e1ria do dia 10 de setembro de 2013, a fim de manifestarem-se sobre o Projeto de Lei que tramita no Congresso Federal que altera as atribui\u00e7\u00f5es da APAE."}, {"id": 23089, "ano": 2013, "numero": 905, "tipo__sigla": "REQ", "tipo__descricao": "Requerimento", "autoria__autor__nome": "Professor Issur Koch", "texto_original": "https://sapl.camaranh.rs.gov.br/media/sapl/public/materialegislativa/2013/23089/23089_texto_integral.odt", "ementa": "Solicita informa\u00e7\u00f5es sobre a real situa\u00e7\u00e3o da \u00e1rea compreendida entre as Ruas Sapiranga e Mundo Novo, no Bairro Canudos."}, {"id": 23091, "ano": 2013, "numero": 906, "tipo__sigla": "REQ", "tipo__descricao": "Requerimento", "autoria__autor__nome": "Mesa da C\u00e2mara Municipal", "texto_original": "https://sapl.camaranh.rs.gov.br/media/sapl/public/materialegislativa/2013/23091/23091_texto_integral.odt", "ementa": "Requerem que a Sess\u00e3o Ordin\u00e1ria de 19 de setembro de 2013 seja realizada \u00e0s 7 horas e 30 minutos."}, {"id": 23094, "ano": 2013, "numero": 907, "tipo__sigla": "REQ", "tipo__descricao": "Requerimento", "autoria__autor__nome": "Professor Issur Koch", "texto_original": "https://sapl.camaranh.rs.gov.br/media/sapl/public/materialegislativa/2013/23094/23094_texto_integral.odt", "ementa": "Requer Voto de Pesar pelo falecimento do Senhor Carlos Alberto de Oliveira."}, {"id": 23097, "ano": 2013, "numero": 908, "tipo__sigla": "REQ", "tipo__descricao": "Requerimento", "autoria__autor__nome": "Cristiano Coller", "texto_original": "https://sapl.camaranh.rs.gov.br/media/sapl/public/materialegislativa/2013/23097/23097_texto_integral.odt", "ementa": "Requer designa\u00e7\u00e3o do Vereador Cristiano Coller  para representar a C\u00e2mara Municipal na Marcha dos Vereadores, a realizar-se nos dias 26 a 29 de novembro de 2013, em Bras\u00edlia - DF. "}, {"id": 23103, "ano": 2013, "numero": 909, "tipo__sigla": "REQ", "tipo__descricao": "Requerimento", "autoria__autor__nome": "Patr\u00edcia Beck\r\nRaul Cassel", "texto_original": "https://sapl.camaranh.rs.gov.br/media/sapl/public/materialegislativa/2013/23103/23103_texto_integral.odt", "ementa": "Requerem Voto de Congratula\u00e7\u00f5es \u00e0 Escola Municipal Presidente Castelo Branco, pela comemora\u00e7\u00e3o de seu 35\u00ba anivers\u00e1rio."}, {"id": 23104, "ano": 2013, "numero": 910, "tipo__sigla": "REQ", "tipo__descricao": "Requerimento", "autoria__autor__nome": "Raul Cassel", "texto_original": "https://sapl.camaranh.rs.gov.br/media/sapl/public/materialegislativa/2013/23104/23104_texto_integral.odt", "ementa": "Requer Voto de Pesar pelo falecimento da Sr. Elcides Lopes de Melo."}, {"id": 23105, "ano": 2013, "numero": 911, "tipo__sigla": "REQ", "tipo__descricao": "Requerimento", "autoria__autor__nome": "Raul Cassel", "texto_original": "https://sapl.camaranh.rs.gov.br/media/sapl/public/materialegislativa/2013/23105/23105_texto_integral.odt", "ementa": "Requer a indica\u00e7\u00e3o do Vereador Raul Cassel para  integrar a Comiss\u00e3o Especial denominada Frente Parlamentar de Apoio ao Cooperativismo."}, {"id": 23106, "ano": 2013, "numero": 912, "tipo__sigla": "REQ", "tipo__descricao": "Requerimento", "autoria__autor__nome": "Roger Corr\u00eaa", "texto_original": "https://sapl.camaranh.rs.gov.br/media/sapl/public/materialegislativa/2013/23106/23106_texto_integral.odt", "ementa": "Requer designa\u00e7\u00e3o do Vereador Roger Correa para representar a C\u00e2mara de Vereadores na Audi\u00eancia P\u00fablica Estadual sobre o &#8220;Estatuto da Juventude&#8221;, no dia 04 de setembro, \u00e0s 9h30min, a ser realizada no Plenarinho da ALERS."}, {"id": 23120, "ano": 2013, "numero": 913, "tipo__sigla": "REQ", "tipo__descricao": "Requerimento", "autoria__autor__nome": "Inspetor Luz", "texto_original": "https://sapl.camaranh.rs.gov.br/media/sapl/public/materialegislativa/2013/23120/23120_texto_integral.odt", "ementa": "Requer Voto de Congratula\u00e7\u00f5es \u00e0 empresa Tacosola pela passagem de seus 30 anos de funda\u00e7\u00e3o."}, {"id": 23121, "ano": 2013, "numero": 914, "tipo__sigla": "REQ", "tipo__descricao": "Requerimento", "autoria__autor__nome": "Gerson Peteffi\r\nInspetor Luz", "texto_original": "https://sapl.camaranh.rs.gov.br/media/sapl/public/materialegislativa/2013/23121/23121_texto_integral.odt", "ementa": "Requerem Voto de Congratula\u00e7\u00f5es \u00e0 empresa \u00d3tica do Vale pela passagem de seus 32 anos de funda\u00e7\u00e3o."}, {"id": 23122, "ano": 2013, "numero": 915, "tipo__sigla": "REQ", "tipo__descricao": "Requerimento", "autoria__autor__nome": "Inspetor Luz", "texto_original": "https://sapl.camaranh.rs.gov.br/media/sapl/public/materialegislativa/2013/23122/23122_texto_integral.odt", "ementa": "Requer Voto de Congratula\u00e7\u00f5es \u00e0 empresa Tecnoinjet, pela passagem de seus 20 anos de funda\u00e7\u00e3o."}, {"id": 23123, "ano": 2013, "numero": 916, "tipo__sigla": "REQ", "tipo__descricao": "Requerimento", "autoria__autor__nome": "Inspetor Luz", "texto_original": "https://sapl.camaranh.rs.gov.br/media/sapl/public/materialegislativa/2013/23123/23123_texto_integral.odt", "ementa": "Requer Voto de Congratula\u00e7\u00f5es \u00e0 empresa Ferga, pela passagem de seus 42 anos de funda\u00e7\u00e3o."}, {"id": 23124, "ano": 2013, "numero": 917, "tipo__sigla": "REQ", "tipo__descricao": "Requerimento", "autoria__autor__nome": "Enfermeiro Vilmar\r\nInspetor Luz", "texto_original": "https://sapl.camaranh.rs.gov.br/media/sapl/public/materialegislativa/2013/23124/23124_texto_integral.odt", "ementa": "Requerem Voto de Congratula\u00e7\u00f5es \u00e0 empresa Emercor Emerg\u00eancias M\u00e9dicas Vale dos Sinos, pela passagem de seus 15 anos de funda\u00e7\u00e3o."}, {"id": 23125, "ano": 2013, "numero": 918, "tipo__sigla": "REQ", "tipo__descricao": "Requerimento", "autoria__autor__nome": "Inspetor Luz", "texto_original": "https://sapl.camaranh.rs.gov.br/media/sapl/public/materialegislativa/2013/23125/23125_texto_integral.odt", "ementa": "Requer Voto de Congratula\u00e7\u00f5es \u00e0 empresa Colorgraf, pela passagem de seus 20 anos de funda\u00e7\u00e3o."}, {"id": 23126, "ano": 2013, "numero": 919, "tipo__sigla": "REQ", "tipo__descricao": "Requerimento", "autoria__autor__nome": "Inspetor Luz", "texto_original": "https://sapl.camaranh.rs.gov.br/media/sapl/public/materialegislativa/2013/23126/23126_texto_integral.odt", "ementa": "Requer Voto de Congratula\u00e7\u00f5es \u00e0 Comlines Comercial, pela passagem de seus 15 anos de funda\u00e7\u00e3o."}, {"id": 23127, "ano": 2013, "numero": 920, "tipo__sigla": "REQ", "tipo__descricao": "Requerimento", "autoria__autor__nome": "Inspetor Luz", "texto_original": "https://sapl.camaranh.rs.gov.br/media/sapl/public/materialegislativa/2013/23127/23127_texto_integral.odt", "ementa": "Requer Voto de Congratula\u00e7\u00f5es ao SESC, pela passagem de seus 67 anos de funda\u00e7\u00e3o."}, {"id": 23128, "ano": 2013, "numero": 921, "tipo__sigla": "REQ", "tipo__descricao": "Requerimento", "autoria__autor__nome": "Inspetor Luz", "texto_original": "https://sapl.camaranh.rs.gov.br/media/sapl/public/materialegislativa/2013/23128/23128_texto_integral.odt", "ementa": "Requer Voto de Congratula\u00e7\u00f5es ao Centro Cl\u00ednico pela passagem de seus 32 anos de funda\u00e7\u00e3o."}, {"id": 23130, "ano": 2013, "numero": 922, "tipo__sigla": "REQ", "tipo__descricao": "Requerimento", "autoria__autor__nome": "Inspetor Luz", "texto_original": "https://sapl.camaranh.rs.gov.br/media/sapl/public/materialegislativa/2013/23130/23130_texto_integral.odt", "ementa": "Requer Voto de Congratula\u00e7\u00f5es ao Banco Banrisul, pela passagem de seus 85 anos de funda\u00e7\u00e3o."}, {"id": 23131, "ano": 2013, "numero": 923, "tipo__sigla": "REQ", "tipo__descricao": "Requerimento", "autoria__autor__nome": "Inspetor Luz", "texto_original": "https://sapl.camaranh.rs.gov.br/media/sapl/public/materialegislativa/2013/23131/23131_texto_integral.odt", "ementa": "Requer Voto de Congratula\u00e7\u00f5es \u00e0 Lavanderia Suprema, pela passagem de seus 15 anos de funda\u00e7\u00e3o. "}, {"id": 23132, "ano": 2013, "numero": 924, "tipo__sigla": "REQ", "tipo__descricao": "Requerimento", "autoria__autor__nome": "Inspetor Luz", "texto_original": "https://sapl.camaranh.rs.gov.br/media/sapl/public/materialegislativa/2013/23132/23132_texto_integral.odt", "ementa": "Requer Voto de Congratula\u00e7\u00f5es \u00e0 Escola Informatize, pela passagem de seus 15 anos de funda\u00e7\u00e3o."}, {"id": 23133, "ano": 2013, "numero": 925, "tipo__sigla": "REQ", "tipo__descricao": "Requerimento", "autoria__autor__nome": "Inspetor Luz", "texto_original": "https://sapl.camaranh.rs.gov.br/media/sapl/public/materialegislativa/2013/23133/23133_texto_integral.odt", "ementa": "Requer Voto de Congratula\u00e7\u00f5es \u00e0 empresa Top Safe, pela passagem de seus 17 anos de funda\u00e7\u00e3o."}, {"id": 23134, "ano": 2013, "numero": 926, "tipo__sigla": "REQ", "tipo__descricao": "Requerimento", "autoria__autor__nome": "Enfermeiro Vilmar\r\nGerson Peteffi\r\nInspetor Luz", "texto_original": "https://sapl.camaranh.rs.gov.br/media/sapl/public/materialegislativa/2013/23134/23134_texto_integral.odt", "ementa": "Requerem Voto de Congratula\u00e7\u00f5es \u00e0 Prontomed Novo Hamburgo Ltda., pela passagem de seus 37 anos de funda\u00e7\u00e3o."}, {"id": 23142, "ano": 2013, "numero": 927, "tipo__sigla": "REQ", "tipo__descricao": "Requerimento", "autoria__autor__nome": "Inspetor Luz", "texto_original": "https://sapl.camaranh.rs.gov.br/media/sapl/public/materialegislativa/2013/23142/23142_texto_integral.odt", "ementa": "Requer Voto de Congratula\u00e7\u00f5es ao Banco do Brasil pela passagem de seus 61 anos de funda\u00e7\u00e3o."}, {"id": 23153, "ano": 2013, "numero": 928, "tipo__sigla": "REQ", "tipo__descricao": "Requerimento", "autoria__autor__nome": "Inspetor Luz", "texto_original": "https://sapl.camaranh.rs.gov.br/media/sapl/public/materialegislativa/2013/23153/23153_texto_integral.odt", "ementa": "Requer Voto de Congratula\u00e7\u00f5es \u00e0 Academia Inove pelo Trof\u00e9u Destaque na Categoria Academias 2013."}, {"id": 23159, "ano": 2013, "numero": 929, "tipo__sigla": "REQ", "tipo__descricao": "Requerimento", "autoria__autor__nome": "Patr\u00edcia Beck", "texto_original": "https://sapl.camaranh.rs.gov.br/media/sapl/public/materialegislativa/2013/23159/23159_texto_integral.odt", "ementa": "Requer Voto de Congratula\u00e7\u00f5es \u00e0 Empresa Injetados Maguibeth Ltda. pela passagem de seus 18 anos de funda\u00e7\u00e3o."}, {"id": 23164, "ano": 2013, "numero": 930, "tipo__sigla": "REQ", "tipo__descricao": "Requerimento", "autoria__autor__nome": "Patr\u00edcia Beck", "texto_original": "https://sapl.camaranh.rs.gov.br/media/sapl/public/materialegislativa/2013/23164/23164_texto_integral.odt", "ementa": "Requer Voto de Congratula\u00e7\u00f5es \u00e0 Empresa Brasilpel Ind\u00fastria de Pap\u00e9is Ltda. pela passagem de seus 12 anos de funda\u00e7\u00e3o."}, {"id": 23167, "ano": 2013, "numero": 931, "tipo__sigla": "REQ", "tipo__descricao": "Requerimento", "autoria__autor__nome": "Patr\u00edcia Beck", "texto_original": "https://sapl.camaranh.rs.gov.br/media/sapl/public/materialegislativa/2013/23167/23167_texto_integral.odt", "ementa": "Requer Voto de Congratula\u00e7\u00f5es \u00e0 Empresa  Plusart Metais Ltda. pela passagem de seus 8 anos de funda\u00e7\u00e3o."}, {"id": 23170, "ano": 2013, "numero": 932, "tipo__sigla": "REQ", "tipo__descricao": "Requerimento", "autoria__autor__nome": "Patr\u00edcia Beck", "texto_original": "https://sapl.camaranh.rs.gov.br/media/sapl/public/materialegislativa/2013/23170/23170_texto_integral.odt", "ementa": "Requer Voto de Congratula\u00e7\u00f5es \u00e0 Empresa Oksebra do Brasil Artefatos de Couros Ltda pela passagem de seus 18 anos de funda\u00e7\u00e3o."}, {"id": 23171, "ano": 2013, "numero": 933, "tipo__sigla": "REQ", "tipo__descricao": "Requerimento", "autoria__autor__nome": "Professor Issur Koch", "texto_original": "https://sapl.camaranh.rs.gov.br/media/sapl/public/materialegislativa/2013/23171/23171_texto_integral.odt", "ementa": "Requer c\u00f3pia da presta\u00e7\u00e3o de contas das Escolas Municipais junto ao Fundeb do ano de 2012."}, {"id": 23172, "ano": 2013, "numero": 934, "tipo__sigla": "REQ", "tipo__descricao": "Requerimento", "autoria__autor__nome": "Betinho", "texto_original": "https://sapl.camaranh.rs.gov.br/media/sapl/public/materialegislativa/2013/23172/23172_texto_integral.odt", "ementa": "Requer Voto de Congratula\u00e7\u00f5es \u00e0 diretoria do Sindicato dos Banc\u00e1rios e Financi\u00e1rios de Novo Hamburgo e Regi\u00e3o, pela reelei\u00e7\u00e3o, gest\u00e3o 2013/2016."}, {"id": 23173, "ano": 2013, "numero": 935, "tipo__sigla": "REQ", "tipo__descricao": "Requerimento", "autoria__autor__nome": "Enfermeiro Vilmar\r\nRaul Cassel", "texto_original": "https://sapl.camaranh.rs.gov.br/media/sapl/public/materialegislativa/2013/23173/23173_texto_integral.odt", "ementa": "Requerem a realiza\u00e7\u00e3o de atividades, no dia 25 de setembro, alusivas ao M\u00eas do Idoso. "}, {"id": 23174, "ano": 2013, "numero": 936, "tipo__sigla": "REQ", "tipo__descricao": "Requerimento", "autoria__autor__nome": "Professor Issur Koch", "texto_original": "https://sapl.camaranh.rs.gov.br/media/sapl/public/materialegislativa/2013/23174/23174_texto_integral.odt", "ementa": "Requer licen\u00e7a da verean\u00e7a no dia 05 de setembro de 2013, conforme atestado em anexo."}, {"id": 23175, "ano": 2013, "numero": 937, "tipo__sigla": "REQ", "tipo__descricao": "Requerimento", "autoria__autor__nome": "Roger Corr\u00eaa", "texto_original": "https://sapl.camaranh.rs.gov.br/media/sapl/public/materialegislativa/2013/23175/23175_texto_integral.odt", "ementa": "Requer que Parte do Expediente da Sess\u00e3o Ordin\u00e1ria de 10 de outubro de 2013 seja destinado a homenagear a UAC &#8211; Uni\u00e3o das Associa\u00e7\u00f5es Comunit\u00e1rias, pela passagem de seus 30 anos de funda\u00e7\u00e3o."}, {"id": 23176, "ano": 2013, "numero": 938, "tipo__sigla": "REQ", "tipo__descricao": "Requerimento", "autoria__autor__nome": "Inspetor Luz", "texto_original": "https://sapl.camaranh.rs.gov.br/media/sapl/public/materialegislativa/2013/23176/23176_texto_integral.odt", "ementa": "Requer licen\u00e7a da verean\u00e7a no dia 19 de setembro de 2013 para tratar de assuntos de interesse particular."}, {"id": 23177, "ano": 2013, "numero": 939, "tipo__sigla": "REQ", "tipo__descricao": "Requerimento", "autoria__autor__nome": "Gerson Peteffi", "texto_original": "https://sapl.camaranh.rs.gov.br/media/sapl/public/materialegislativa/2013/23177/23177_texto_integral.odt", "ementa": "Requer Voto de Pesar pelo falecimento da Sra. OLINDA MARIA CORNELY."}, {"id": 23191, "ano": 2013, "numero": 940, "tipo__sigla": "REQ", "tipo__descricao": "Requerimento", "autoria__autor__nome": "Betinho", "texto_original": "https://sapl.camaranh.rs.gov.br/media/sapl/public/materialegislativa/2013/23191/23191_texto_integral.pdf", "ementa": "Requerem Voto de Congratula\u00e7\u00f5es \u00e0 dupla Lucas e Felipe, pela conquista do Festival Sertanejo SBT, ocorrida no dia 7 de setembro."}, {"id": 23199, "ano": 2013, "numero": 941, "tipo__sigla": "REQ", "tipo__descricao": "Requerimento", "autoria__autor__nome": "Patr\u00edcia Beck", "texto_original": "https://sapl.camaranh.rs.gov.br/media/sapl/public/materialegislativa/2013/23199/23199_texto_integral.odt", "ementa": "Requer Voto de Congratula\u00e7\u00f5es \u00e0 empresa Esquadrias Eskolta Ltda pela passagem de seus 33 anos de funda\u00e7\u00e3o."}, {"id": 23201, "ano": 2013, "numero": 942, "tipo__sigla": "REQ", "tipo__descricao": "Requerimento", "autoria__autor__nome": "Patr\u00edcia Beck", "texto_original": "https://sapl.camaranh.rs.gov.br/media/sapl/public/materialegislativa/2013/23201/23201_texto_integral.odt", "ementa": "Requer Voto de Congratula\u00e7\u00f5es \u00e0 empresa  Claudemir Martins Jaques pela passagem de seus 52 anos de funda\u00e7\u00e3o."}, {"id": 23202, "ano": 2013, "numero": 943, "tipo__sigla": "REQ", "tipo__descricao": "Requerimento", "autoria__autor__nome": "Patr\u00edcia Beck", "texto_original": "https://sapl.camaranh.rs.gov.br/media/sapl/public/materialegislativa/2013/23202/23202_texto_integral.odt", "ementa": "Requer Voto de Congratula\u00e7\u00f5es \u00e0 empresa R. Polymer Microniza\u00e7\u00e3o de Pl\u00e1sticos e Borrachas Ltda. pela passagem de seus 02 anos de funda\u00e7\u00e3o."}, {"id": 23203, "ano": 2013, "numero": 944, "tipo__sigla": "REQ", "tipo__descricao": "Requerimento", "autoria__autor__nome": "Patr\u00edcia Beck", "texto_original": "https://sapl.camaranh.rs.gov.br/media/sapl/public/materialegislativa/2013/23203/23203_texto_integral.odt", "ementa": "Requer Voto de Congratula\u00e7\u00f5es \u00e0 empresa Metal\u00fargica JCF Ltda pela passagem de seus 18 anos de funda\u00e7\u00e3o."}, {"id": 23204, "ano": 2013, "numero": 945, "tipo__sigla": "REQ", "tipo__descricao": "Requerimento", "autoria__autor__nome": "Patr\u00edcia Beck", "texto_original": "https://sapl.camaranh.rs.gov.br/media/sapl/public/materialegislativa/2013/23204/23204_texto_integral.odt", "ementa": "Requer Voto de Congratula\u00e7\u00f5es \u00e0 empresa LN do Brasil pela passagem de seus 16 anos de  funda\u00e7\u00e3o."}, {"id": 23215, "ano": 2013, "numero": 946, "tipo__sigla": "REQ", "tipo__descricao": "Requerimento", "autoria__autor__nome": "Raul Cassel", "texto_original": "https://sapl.camaranh.rs.gov.br/media/sapl/public/materialegislativa/2013/23215/23215_texto_integral.odt", "ementa": "Requer Voto de Pesar pelo falecimento da Senhora Cremilda Klein."}, {"id": 23219, "ano": 2013, "numero": 947, "tipo__sigla": "REQ", "tipo__descricao": "Requerimento", "autoria__autor__nome": "Raul Cassel", "texto_original": "https://sapl.camaranh.rs.gov.br/media/sapl/public/materialegislativa/2013/23219/23219_texto_integral.odt", "ementa": "Requer Voto de Congratula\u00e7\u00f5es ao Senhor Ad\u00e3o Celir Garcia da Motta, Patrono dos Festejos Farroupilhas 2013."}, {"id": 23222, "ano": 2013, "numero": 948, "tipo__sigla": "REQ", "tipo__descricao": "Requerimento", "autoria__autor__nome": "Roger Corr\u00eaa", "texto_original": "https://sapl.camaranh.rs.gov.br/media/sapl/public/materialegislativa/2013/23222/23222_texto_integral.odt", "ementa": "Requer que seja convidada a Sra. Gecy Maria Fritsch Klauck, Presidente da Federa\u00e7\u00e3o Brasileira das Associa\u00e7\u00f5es de S\u00edndrome de Down, para comparecer \u00e0 Sess\u00e3o Ordin\u00e1ria de 24 de outubro de 2013, a fim de falar sobre a \"Pol\u00edtica Nacional de Educa\u00e7\u00e3o Especial na Perspectiva da Educa\u00e7\u00e3o Inclusiva\"."}, {"id": 23223, "ano": 2013, "numero": 949, "tipo__sigla": "REQ", "tipo__descricao": "Requerimento", "autoria__autor__nome": "JorgeTatsch", "texto_original": "https://sapl.camaranh.rs.gov.br/media/sapl/public/materialegislativa/2013/23223/23223_texto_integral.odt", "ementa": "Solicita informa\u00e7\u00f5es sobre quando ser\u00e1 permitido \u00e0 comunidade utilizar a Pra\u00e7a da Juventude, no Bairro Canudos."}, {"id": 23228, "ano": 2013, "numero": 950, "tipo__sigla": "REQ", "tipo__descricao": "Requerimento", "autoria__autor__nome": "Professor Issur Koch", "texto_original": "https://sapl.camaranh.rs.gov.br/media/sapl/public/materialegislativa/2013/23228/23228_texto_integral.odt", "ementa": "Requer Voto de Congratula\u00e7\u00f5es ao Programa de Gest\u00e3o Social de Res\u00edduos S\u00f3lidos de Novo Hamburgo - CATAVIDA."}, {"id": 23235, "ano": 2013, "numero": 951, "tipo__sigla": "REQ", "tipo__descricao": "Requerimento", "autoria__autor__nome": "Naasom Luciano", "texto_original": "https://sapl.camaranh.rs.gov.br/media/sapl/public/materialegislativa/2013/23235/23235_texto_integral.pdf", "ementa": "Requerem que parte do Expediente da Sess\u00e3o Ordin\u00e1ria do dia 1\u00ba de outubro de 2013, seja destinada para homenagear a Dupla Lucas e Felipe."}, {"id": 23242, "ano": 2013, "numero": 952, "tipo__sigla": "REQ", "tipo__descricao": "Requerimento", "autoria__autor__nome": "Gerson Peteffi", "texto_original": "https://sapl.camaranh.rs.gov.br/media/sapl/public/materialegislativa/2013/23242/23242_texto_integral.odt", "ementa": "Requer Voto de Congratula\u00e7\u00f5es pela passagem do 5\u00ba anivers\u00e1rio do Restaurante Haus Harff, que transcorre no dia 22 de setembro de 2013."}, {"id": 23256, "ano": 2013, "numero": 953, "tipo__sigla": "REQ", "tipo__descricao": "Requerimento", "autoria__autor__nome": "Raul Cassel", "texto_original": "https://sapl.camaranh.rs.gov.br/media/sapl/public/materialegislativa/2013/23256/23256_texto_integral.odt", "ementa": "Requer que seja convidado o Diretor-Geral da Comusa, Sr. Mozar Artur Dietrich, para participar da Sess\u00e3o Ordin\u00e1ria de 17 de setembro de 2013, para falar sobre a falta de abastecimento de \u00e1gua."}, {"id": 23257, "ano": 2013, "numero": 954, "tipo__sigla": "REQ", "tipo__descricao": "Requerimento", "autoria__autor__nome": "Raul Cassel", "texto_original": "https://sapl.camaranh.rs.gov.br/media/sapl/public/materialegislativa/2013/23257/23257_texto_integral.odt", "ementa": "Requer a concess\u00e3o de medalha do \"M\u00e9rito Esportivo de Novo Hamburgo\" ao atleta M\u00c1RCIO MENDON\u00c7A."}, {"id": 23258, "ano": 2013, "numero": 955, "tipo__sigla": "REQ", "tipo__descricao": "Requerimento", "autoria__autor__nome": "Raul Cassel", "texto_original": "https://sapl.camaranh.rs.gov.br/media/sapl/public/materialegislativa/2013/23258/23258_texto_integral.odt", "ementa": "Requer a concess\u00e3o de medalha do \"M\u00e9rito Esportivo de Novo Hamburgo\" ao atleta GUSTAVO CORREA WECKER."}, {"id": 23259, "ano": 2013, "numero": 956, "tipo__sigla": "REQ", "tipo__descricao": "Requerimento", "autoria__autor__nome": "Raul Cassel", "texto_original": "https://sapl.camaranh.rs.gov.br/media/sapl/public/materialegislativa/2013/23259/23259_texto_integral.odt", "ementa": "Requer a concess\u00e3o de medalha do \"M\u00e9rito Esportivo de Novo Hamburgo\" ao atleta FELIPE BONETTI."}, {"id": 23261, "ano": 2013, "numero": 957, "tipo__sigla": "REQ", "tipo__descricao": "Requerimento", "autoria__autor__nome": "Raul Cassel", "texto_original": "https://sapl.camaranh.rs.gov.br/media/sapl/public/materialegislativa/2013/23261/23261_texto_integral.odt", "ementa": "Requer a concess\u00e3o de medalha do \"M\u00e9rito Esportivo de Novo Hamburgo\" ao atleta GUSTAVO FONSECA."}, {"id": 23262, "ano": 2013, "numero": 958, "tipo__sigla": "REQ", "tipo__descricao": "Requerimento", "autoria__autor__nome": "Patr\u00edcia Beck", "texto_original": "https://sapl.camaranh.rs.gov.br/media/sapl/public/materialegislativa/2013/23262/23262_texto_integral.odt", "ementa": "Requer que a C\u00e2mara reconhe\u00e7a leg\u00edtimo impedimento da Vereadora Patricia Beck no dia 10 de setembro de 2013, e licen\u00e7a da verean\u00e7a de 11 a 13 de setembro para tratamento da sa\u00fade, conforme atestado  m\u00e9dico em anexo."}, {"id": 23267, "ano": 2013, "numero": 959, "tipo__sigla": "REQ", "tipo__descricao": "Requerimento", "autoria__autor__nome": "Professor Issur Koch", "texto_original": "https://sapl.camaranh.rs.gov.br/media/sapl/public/materialegislativa/2013/23267/23267_texto_integral.odt", "ementa": "Requer Voto de Congratula\u00e7\u00f5es a Cirio Irineu  Lemmertz J\u00fanior pelo 1\u00ba lugar no Concurso de Monografias do Tribunal Superior Eleitoral."}, {"id": 23270, "ano": 2013, "numero": 960, "tipo__sigla": "REQ", "tipo__descricao": "Requerimento", "autoria__autor__nome": "Cristiano Coller", "texto_original": "https://sapl.camaranh.rs.gov.br/media/sapl/public/materialegislativa/2013/23270/23270_texto_integral.odt", "ementa": "Requer Voto de Pesar pelo falecimento do Sr. L\u00eddio Palmar Tavares."}, {"id": 23273, "ano": 2013, "numero": 961, "tipo__sigla": "REQ", "tipo__descricao": "Requerimento", "autoria__autor__nome": "Professor Issur Koch", "texto_original": "https://sapl.camaranh.rs.gov.br/media/sapl/public/materialegislativa/2013/23273/23273_texto_integral.odt", "ementa": "Requer que Parte do Expediente da Sess\u00e3o Ordin\u00e1ria de 15 de outubro seja em homenagem aos 8 anos do SINDPROF &#8211; Sindicato dos Professores Municipais de Novo Hamburgo."}, {"id": 23274, "ano": 2013, "numero": 962, "tipo__sigla": "REQ", "tipo__descricao": "Requerimento", "autoria__autor__nome": "Cristiano Coller", "texto_original": "https://sapl.camaranh.rs.gov.br/media/sapl/public/materialegislativa/2013/23274/23274_texto_integral.odt", "ementa": "Requer que Parte do Expediente da Sess\u00e3o Ordin\u00e1ria do dia 29 de outubro de 2013, seja destinada para  apresenta\u00e7\u00e3o do Projeto Ambiental Com-Vida (Comiss\u00e3o de Meio Ambiente e Qualidade de Vida) da Escola Municipal Ensino Fundamental Coronel Guilherme Gaelzer Neto."}, {"id": 23277, "ano": 2013, "numero": 963, "tipo__sigla": "REQ", "tipo__descricao": "Requerimento", "autoria__autor__nome": "Mesa da C\u00e2mara Municipal", "texto_original": "https://sapl.camaranh.rs.gov.br/media/sapl/public/materialegislativa/2013/23277/23277_texto_integral.odt", "ementa": "Requerem urg\u00eancia e inclus\u00e3o do Projeto de Decreto Legislativo n\u00ba 8/2013, de autoria da Mesa da C\u00e2mara Municipal, que \"disp\u00f5e sobre o Expediente da C\u00e2mara Municipal no dia 19 de setembro de 2013\", na Ordem do Dia das Sess\u00f5es Ordin\u00e1rias de 12 e 19 de setembro de 2013, para ser apreciado em primeira e segunda vota\u00e7\u00f5es, respectivamente, conforme facultado pelo \u00a7 8\u00ba do art. 150 do Regimento Interno."}, {"id": 23280, "ano": 2013, "numero": 964, "tipo__sigla": "REQ", "tipo__descricao": "Requerimento", "autoria__autor__nome": "C\u00e2mara Municipal", "texto_original": "https://sapl.camaranh.rs.gov.br/media/sapl/public/materialegislativa/2013/23280/23280_texto_integral.odt", "ementa": "Requerem a realiza\u00e7\u00e3o de Sess\u00e3o Extraordin\u00e1ria no dia 17 de setembro de 2013, logo ap\u00f3s a Sess\u00e3o Ordin\u00e1ria, para que seja apreciado em 1\u00aa vota\u00e7\u00e3o o Projeto de Lei n\u00b0 140/2013, de autoria do Executivo, que \"Concede isen\u00e7\u00e3o de valores do servi\u00e7o b\u00e1sico e do consumo de \u00e1gua nas condi\u00e7\u00f5es que menciona, e d\u00e1 outras provid\u00eancias.\""}, {"id": 23281, "ano": 2013, "numero": 965, "tipo__sigla": "REQ", "tipo__descricao": "Requerimento", "autoria__autor__nome": "C\u00e2mara Municipal", "texto_original": "https://sapl.camaranh.rs.gov.br/media/sapl/public/materialegislativa/2013/23281/23281_texto_integral.odt", "ementa": "Requerem inclus\u00e3o na Ordem do Dia da Sess\u00e3o Ordin\u00e1ria no dia 19 de setembro de 2013, para que seja apreciado em 2\u00aa vota\u00e7\u00e3o, o Projeto de Lei n\u00b0 140/2013, de autoria do Executivo, que \"Concede isen\u00e7\u00e3o de valores do servi\u00e7o b\u00e1sico e do consumo de \u00e1gua nas condi\u00e7\u00f5es que menciona, e d\u00e1 outras provid\u00eancias.\"."}, {"id": 23282, "ano": 2013, "numero": 966, "tipo__sigla": "REQ", "tipo__descricao": "Requerimento", "autoria__autor__nome": "C\u00e2mara Municipal", "texto_original": "https://sapl.camaranh.rs.gov.br/media/sapl/public/materialegislativa/2013/23282/23282_texto_integral.odt", "ementa": "Requerem urg\u00eancia e inclus\u00e3o na Ordem do Dia da Sess\u00e3o Ordin\u00e1ria no dia 12 de setembro de 2013, para que seja apreciado em 1\u00aa vota\u00e7\u00e3o, o Projeto de Lei n\u00b0 140/2013, de autoria do Executivo, que &#8220;Concede isen\u00e7\u00e3o de valores do servi\u00e7o b\u00e1sico e do consumo de \u00e1gua nas condi\u00e7\u00f5es que menciona, e d\u00e1 outras provid\u00eancias.&#8221;."}, {"id": 23283, "ano": 2013, "numero": 967, "tipo__sigla": "REQ", "tipo__descricao": "Requerimento", "autoria__autor__nome": "C\u00e2mara Municipal", "texto_original": "https://sapl.camaranh.rs.gov.br/media/sapl/public/materialegislativa/2013/23283/23283_texto_integral.odt", "ementa": "Requerem a realiza\u00e7\u00e3o de Sess\u00e3o Extraordin\u00e1ria no dia 17 de setembro de 2013, logo ap\u00f3s a Sess\u00e3o Ordin\u00e1ria, para que seja apreciado em 2\u00aa vota\u00e7\u00e3o o Projeto de Lei n\u00b0 140/2013, de autoria do Executivo, que \"Concede isen\u00e7\u00e3o de valores do servi\u00e7o b\u00e1sico e do consumo de \u00e1gua nas condi\u00e7\u00f5es que menciona, e d\u00e1 outras provid\u00eancias.\"\r\n"}, {"id": 23284, "ano": 2013, "numero": 968, "tipo__sigla": "REQ", "tipo__descricao": "Requerimento", "autoria__autor__nome": "COFIN - Com.de Compet., Finan\u00e7as, Or\u00e7amento, Economia e Planejamento", "texto_original": "https://sapl.camaranh.rs.gov.br/media/sapl/public/materialegislativa/2013/23284/23284_texto_integral.odt", "ementa": "Requerem a realiza\u00e7\u00e3o de Audi\u00eancia P\u00fablica no dia 25 de setembro de 2013, \u00e0s 13h30min, no Plenarinho desta Casa Legislativa, com a finalidade de levar a termo demonstra\u00e7\u00e3o e avalia\u00e7\u00e3o do cumprimento das metas fiscais do quadrimestre maio/agosto de 2013."}, {"id": 23285, "ano": 2013, "numero": 969, "tipo__sigla": "REQ", "tipo__descricao": "Requerimento", "autoria__autor__nome": "JorgeTatsch", "texto_original": "https://sapl.camaranh.rs.gov.br/media/sapl/public/materialegislativa/2013/23285/23285_texto_integral.odt", "ementa": "Requer designa\u00e7\u00e3o do Vereador Jorge Tatsch para representar a C\u00e2mara Municipal na Marcha dos Vereadores, a realizar-se dos dias 26 a 29 de novembro de 2013, em Bras\u00edlia - DF. "}, {"id": 23290, "ano": 2013, "numero": 970, "tipo__sigla": "REQ", "tipo__descricao": "Requerimento", "autoria__autor__nome": "Raul Cassel", "texto_original": "https://sapl.camaranh.rs.gov.br/media/sapl/public/materialegislativa/2013/23290/23290_texto_integral.odt", "ementa": "Requer Voto de Pesar pelo falecimento do Senhor Vit\u00f3rio Alberto Vacari."}, {"id": 23291, "ano": 2013, "numero": 971, "tipo__sigla": "REQ", "tipo__descricao": "Requerimento", "autoria__autor__nome": "Raul Cassel", "texto_original": "https://sapl.camaranh.rs.gov.br/media/sapl/public/materialegislativa/2013/23291/23291_texto_integral.odt", "ementa": "Requer a realiza\u00e7\u00e3o de atividades, no dia 25 de setembro, alusivas ao M\u00eas do Idoso. "}, {"id": 23292, "ano": 2013, "numero": 972, "tipo__sigla": "REQ", "tipo__descricao": "Requerimento", "autoria__autor__nome": "Raul Cassel", "texto_original": "https://sapl.camaranh.rs.gov.br/media/sapl/public/materialegislativa/2013/23292/23292_texto_integral.odt", "ementa": "Requer informa\u00e7\u00f5es sobre rebaixamento de meio-fio."}, {"id": 23305, "ano": 2013, "numero": 973, "tipo__sigla": "REQ", "tipo__descricao": "Requerimento", "autoria__autor__nome": "Patr\u00edcia Beck", "texto_original": "https://sapl.camaranh.rs.gov.br/media/sapl/public/materialegislativa/2013/23305/23305_texto_integral.odt", "ementa": "Requer Voto de Pesar pelo falecimento do Sr.Luiz Jer\u00f4nimo Busato"}, {"id": 23313, "ano": 2013, "numero": 974, "tipo__sigla": "REQ", "tipo__descricao": "Requerimento", "autoria__autor__nome": "Gerson Peteffi", "texto_original": "https://sapl.camaranh.rs.gov.br/media/sapl/public/materialegislativa/2013/23313/23313_texto_integral.odt", "ementa": "Requer Voto de Pesar pelo falecimento da Sra. Am\u00e1lia Ignacia da Silva."}, {"id": 23314, "ano": 2013, "numero": 975, "tipo__sigla": "REQ", "tipo__descricao": "Requerimento", "autoria__autor__nome": "Inspetor Luz", "texto_original": "https://sapl.camaranh.rs.gov.br/media/sapl/public/materialegislativa/2013/23314/23314_texto_integral.odt", "ementa": "Requer Voto de Congratula\u00e7\u00f5es \u00e0 empresa INCOPLAST, pela passagem de seus 31 anos de funda\u00e7\u00e3o."}, {"id": 23315, "ano": 2013, "numero": 976, "tipo__sigla": "REQ", "tipo__descricao": "Requerimento", "autoria__autor__nome": "Patr\u00edcia Beck", "texto_original": "https://sapl.camaranh.rs.gov.br/media/sapl/public/materialegislativa/2013/23315/23315_texto_integral.odt", "ementa": "Requer Voto de Congratula\u00e7\u00f5es \u00e0 \"TV NH\"."}, {"id": 23316, "ano": 2013, "numero": 977, "tipo__sigla": "REQ", "tipo__descricao": "Requerimento", "autoria__autor__nome": "Inspetor Luz", "texto_original": "https://sapl.camaranh.rs.gov.br/media/sapl/public/materialegislativa/2013/23316/23316_texto_integral.odt", "ementa": "Requer Voto de Congratula\u00e7\u00f5es \u00e0 empresa M\u00c1QUINAS ERPS pela passagem de seus 38 anos de funda\u00e7\u00e3o."}, {"id": 23317, "ano": 2013, "numero": 978, "tipo__sigla": "REQ", "tipo__descricao": "Requerimento", "autoria__autor__nome": "Inspetor Luz", "texto_original": "https://sapl.camaranh.rs.gov.br/media/sapl/public/materialegislativa/2013/23317/23317_texto_integral.odt", "ementa": "Requer Voto de Congratula\u00e7\u00f5es \u00e0 empresa INPOL POLIURETANOS pela passagem de seus 31 anos de funda\u00e7\u00e3o."}, {"id": 23318, "ano": 2013, "numero": 979, "tipo__sigla": "REQ", "tipo__descricao": "Requerimento", "autoria__autor__nome": "Gerson Peteffi\r\nInspetor Luz", "texto_original": "https://sapl.camaranh.rs.gov.br/media/sapl/public/materialegislativa/2013/23318/23318_texto_integral.odt", "ementa": "Requer Voto de Congratula\u00e7\u00f5es \u00e0 empresa SMS METAIS pela passagem de seus 14 anos de funda\u00e7\u00e3o."}, {"id": 23319, "ano": 2013, "numero": 980, "tipo__sigla": "REQ", "tipo__descricao": "Requerimento", "autoria__autor__nome": "Inspetor Luz", "texto_original": "https://sapl.camaranh.rs.gov.br/media/sapl/public/materialegislativa/2013/23319/23319_texto_integral.odt", "ementa": "Requer Voto de Congratula\u00e7\u00f5es \u00e0 empresa COUROS NOBRE pela passagem de seus 27 anos de funda\u00e7\u00e3o."}, {"id": 23320, "ano": 2013, "numero": 981, "tipo__sigla": "REQ", "tipo__descricao": "Requerimento", "autoria__autor__nome": "Inspetor Luz", "texto_original": "https://sapl.camaranh.rs.gov.br/media/sapl/public/materialegislativa/2013/23320/23320_texto_integral.odt", "ementa": "Requer Voto de Congratula\u00e7\u00f5es \u00e0 empresa BEL AIR PNEUM\u00c1TICA, pela passagem de seus  16 anos de funda\u00e7\u00e3o."}, {"id": 23322, "ano": 2013, "numero": 982, "tipo__sigla": "REQ", "tipo__descricao": "Requerimento", "autoria__autor__nome": "Raul Cassel", "texto_original": "https://sapl.camaranh.rs.gov.br/media/sapl/public/materialegislativa/2013/23322/23322_texto_integral.odt", "ementa": "Requer Voto de Congratula\u00e7\u00f5es \u00e0 Zentel, pela inaugura\u00e7\u00e3o de sua nova loja em Novo Hamburgo."}, {"id": 23325, "ano": 2013, "numero": 983, "tipo__sigla": "REQ", "tipo__descricao": "Requerimento", "autoria__autor__nome": "Patr\u00edcia Beck", "texto_original": "https://sapl.camaranh.rs.gov.br/media/sapl/public/materialegislativa/2013/23325/23325_texto_integral.odt", "ementa": "Requer Voto de Congratula\u00e7\u00f5es \u00e0 TV CAMARA NH."}, {"id": 23328, "ano": 2013, "numero": 984, "tipo__sigla": "REQ", "tipo__descricao": "Requerimento", "autoria__autor__nome": "Patr\u00edcia Beck", "texto_original": "https://sapl.camaranh.rs.gov.br/media/sapl/public/materialegislativa/2013/23328/23328_texto_integral.odt", "ementa": "Requer Voto de Congratula\u00e7\u00f5es \u00e0 \"TV FEEVALE\"."}, {"id": 23332, "ano": 2013, "numero": 985, "tipo__sigla": "REQ", "tipo__descricao": "Requerimento", "autoria__autor__nome": "Raul Cassel", "texto_original": "https://sapl.camaranh.rs.gov.br/media/sapl/public/materialegislativa/2013/23332/23332_texto_integral.odt", "ementa": "Requer Voto de Congratula\u00e7\u00f5es \u00e0 Associa\u00e7\u00e3o Esportiva Juventude - AEJ - pela comemora\u00e7\u00e3o de seus 22 anos de funda\u00e7\u00e3o."}, {"id": 23333, "ano": 2013, "numero": 986, "tipo__sigla": "REQ", "tipo__descricao": "Requerimento", "autoria__autor__nome": "Raul Cassel", "texto_original": "https://sapl.camaranh.rs.gov.br/media/sapl/public/materialegislativa/2013/23333/23333_texto_integral.odt", "ementa": "Voto de Congratula\u00e7\u00f5es \u00e0 sra.Maria H.Rodrigues, pelo lan\u00e7amento do livro Laranja, Vinho e Chocolate."}, {"id": 23335, "ano": 2013, "numero": 987, "tipo__sigla": "REQ", "tipo__descricao": "Requerimento", "autoria__autor__nome": "Sergio Hanich", "texto_original": "https://sapl.camaranh.rs.gov.br/media/sapl/public/materialegislativa/2013/23335/23335_texto_integral.odt", "ementa": "Solicita c\u00f3pia dos contratos firmados com as novas empresas conveniadas com a PMNH para a realiza\u00e7\u00e3o das cirurgias eletivas."}, {"id": 23336, "ano": 2013, "numero": 988, "tipo__sigla": "REQ", "tipo__descricao": "Requerimento", "autoria__autor__nome": "Sergio Hanich", "texto_original": "https://sapl.camaranh.rs.gov.br/media/sapl/public/materialegislativa/2013/23336/23336_texto_integral.odt", "ementa": "Solicita informa\u00e7\u00f5es sobre o quadro funcional  do Centro de Atendimento Psicossocial CAPSI."}, {"id": 23339, "ano": 2013, "numero": 989, "tipo__sigla": "REQ", "tipo__descricao": "Requerimento", "autoria__autor__nome": "Raul Cassel", "texto_original": "https://sapl.camaranh.rs.gov.br/media/sapl/public/materialegislativa/2013/23339/23339_texto_integral.odt", "ementa": "Requer Voto de Congratula\u00e7\u00f5es ao Senhor Carlos Henrique Schwartzhaupt - Gerente de TI da FEEVALE, entre os melhores do CIOs do ano, do pr\u00eamio Computerworld IT Leaders 2013."}, {"id": 23340, "ano": 2013, "numero": 990, "tipo__sigla": "REQ", "tipo__descricao": "Requerimento", "autoria__autor__nome": "Raul Cassel", "texto_original": "https://sapl.camaranh.rs.gov.br/media/sapl/public/materialegislativa/2013/23340/23340_texto_integral.odt", "ementa": "Requer Voto de Pesar pelo falecimento do Senhor Manoel Anselmo do Ros\u00e1rio."}, {"id": 23344, "ano": 2013, "numero": 991, "tipo__sigla": "REQ", "tipo__descricao": "Requerimento", "autoria__autor__nome": "Raul Cassel", "texto_original": "https://sapl.camaranh.rs.gov.br/media/sapl/public/materialegislativa/2013/23344/23344_texto_integral.odt", "ementa": "Requer c\u00f3pia do documento que comprova a demoli\u00e7\u00e3o da casa na Rua Borges do Canto, 311 Hamburgo Velho. "}, {"id": 23347, "ano": 2013, "numero": 992, "tipo__sigla": "REQ", "tipo__descricao": "Requerimento", "autoria__autor__nome": "Raul Cassel", "texto_original": "https://sapl.camaranh.rs.gov.br/media/sapl/public/materialegislativa/2013/23347/23347_texto_integral.odt", "ementa": "Requer Voto de Congratula\u00e7\u00f5es \u00e0 Gr\u00e1fica Editora Pallotti, pela comemora\u00e7\u00e3o de seus 90 anos de atividades."}, {"id": 23348, "ano": 2013, "numero": 993, "tipo__sigla": "REQ", "tipo__descricao": "Requerimento", "autoria__autor__nome": "Raul Cassel", "texto_original": "https://sapl.camaranh.rs.gov.br/media/sapl/public/materialegislativa/2013/23348/23348_texto_integral.odt", "ementa": "Requer Voto de Congratula\u00e7\u00f5es ao Senhor Ronaldo Brum, pelos seus 25 anos dedicados \u00e0 odontologia."}, {"id": 23351, "ano": 2013, "numero": 994, "tipo__sigla": "REQ", "tipo__descricao": "Requerimento", "autoria__autor__nome": "Patr\u00edcia Beck", "texto_original": "https://sapl.camaranh.rs.gov.br/media/sapl/public/materialegislativa/2013/23351/23351_texto_integral.odt", "ementa": "Solicita informa\u00e7\u00f5es sobre a constru\u00e7\u00e3o e conclus\u00e3o da ponte da Rua Am\u00e9rica, Bairro Canudos."}, {"id": 23363, "ano": 2013, "numero": 995, "tipo__sigla": "REQ", "tipo__descricao": "Requerimento", "autoria__autor__nome": "Cristiano Coller", "texto_original": "https://sapl.camaranh.rs.gov.br/media/sapl/public/materialegislativa/2013/23363/23363_texto_integral.odt", "ementa": "Solicita informa\u00e7\u00f5es descritas abaixo."}, {"id": 23365, "ano": 2013, "numero": 996, "tipo__sigla": "REQ", "tipo__descricao": "Requerimento", "autoria__autor__nome": "Cristiano Coller", "texto_original": "https://sapl.camaranh.rs.gov.br/media/sapl/public/materialegislativa/2013/23365/23365_texto_integral.odt", "ementa": "Requer Voto de Pesar pelo falecimento da Sra. Cec\u00edlia Maria de Borba."}, {"id": 23367, "ano": 2013, "numero": 997, "tipo__sigla": "REQ", "tipo__descricao": "Requerimento", "autoria__autor__nome": "Cristiano Coller", "texto_original": "https://sapl.camaranh.rs.gov.br/media/sapl/public/materialegislativa/2013/23367/23367_texto_integral.odt", "ementa": "Solicita informa\u00e7\u00f5es descritas abaixo."}, {"id": 23389, "ano": 2013, "numero": 998, "tipo__sigla": "REQ", "tipo__descricao": "Requerimento", "autoria__autor__nome": "Patr\u00edcia Beck", "texto_original": "https://sapl.camaranh.rs.gov.br/media/sapl/public/materialegislativa/2013/23389/23389_texto_integral.odt", "ementa": "Requer  informa\u00e7\u00f5es sobre a abertura da Rua China"}, {"id": 23393, "ano": 2013, "numero": 999, "tipo__sigla": "REQ", "tipo__descricao": "Requerimento", "autoria__autor__nome": "Sergio Hanich", "texto_original": "https://sapl.camaranh.rs.gov.br/media/sapl/public/materialegislativa/2013/23393/23393_texto_integral.odt", "ementa": "Solicita c\u00f3pia das contrata\u00e7\u00f5es efetuadas com a Empresa Creare Comunica\u00e7\u00e3o LTDA."}, {"id": 23395, "ano": 2013, "numero": 1000, "tipo__sigla": "REQ", "tipo__descricao": "Requerimento", "autoria__autor__nome": "Sergio Hanich", "texto_original": "https://sapl.camaranh.rs.gov.br/media/sapl/public/materialegislativa/2013/23395/23395_texto_integral.odt", "ementa": "Solicita informa\u00e7\u00f5es sobre a atual situa\u00e7\u00e3o dos concession\u00e1rios da Rodovi\u00e1ria Norm\u00e9lio Stabel."}, {"id": 23397, "ano": 2013, "numero": 1001, "tipo__sigla": "REQ", "tipo__descricao": "Requerimento", "autoria__autor__nome": "Raul Cassel", "texto_original": "https://sapl.camaranh.rs.gov.br/media/sapl/public/materialegislativa/2013/23397/23397_texto_integral.odt", "ementa": "Requer Voto de Congratula\u00e7\u00f5es \u00e0 Equipe Mirim de Handebol da Sociedade Gin\u00e1stica Novo Hamburgo pela conquista da Medalha de Prata na Copa Mercosul."}, {"id": 23399, "ano": 2013, "numero": 1002, "tipo__sigla": "REQ", "tipo__descricao": "Requerimento", "autoria__autor__nome": "Raul Cassel", "texto_original": "https://sapl.camaranh.rs.gov.br/media/sapl/public/materialegislativa/2013/23399/23399_texto_integral.odt", "ementa": "Requer Voto de Pesar pelo falecimento da senhora Lady Lammel."}, {"id": 23402, "ano": 2013, "numero": 1003, "tipo__sigla": "REQ", "tipo__descricao": "Requerimento", "autoria__autor__nome": "Betinho\r\nNaasom Luciano", "texto_original": "https://sapl.camaranh.rs.gov.br/media/sapl/public/materialegislativa/2013/23402/23402_texto_integral.odt", "ementa": "Requerem Voto de Pesar pelo falecimento do Sr. Carlos Miguel da Silva Filho."}, {"id": 23403, "ano": 2013, "numero": 1004, "tipo__sigla": "REQ", "tipo__descricao": "Requerimento", "autoria__autor__nome": "Naasom Luciano", "texto_original": "https://sapl.camaranh.rs.gov.br/media/sapl/public/materialegislativa/2013/23403/23403_texto_integral.odt", "ementa": "Requer Voto de Pesar pelo falecimento do Sr. Evandro Ricardo Schmitz."}, {"id": 23405, "ano": 2013, "numero": 1005, "tipo__sigla": "REQ", "tipo__descricao": "Requerimento", "autoria__autor__nome": "Naasom Luciano", "texto_original": "https://sapl.camaranh.rs.gov.br/media/sapl/public/materialegislativa/2013/23405/23405_texto_integral.odt", "ementa": "Requer Voto de Pesar pelo falecimento do Sr. Marlon Andrei Steffens."}, {"id": 23406, "ano": 2013, "numero": 1006, "tipo__sigla": "REQ", "tipo__descricao": "Requerimento", "autoria__autor__nome": "Raul Cassel", "texto_original": "https://sapl.camaranh.rs.gov.br/media/sapl/public/materialegislativa/2013/23406/23406_texto_integral.odt", "ementa": "Requer Voto de Congratula\u00e7\u00f5es ao RESTAURANTE O BIF\u00c3O, que ser\u00e1 premiado na 30\u00aa Edi\u00e7\u00e3o do Destaque Empresarial/ACI."}, {"id": 23407, "ano": 2013, "numero": 1007, "tipo__sigla": "REQ", "tipo__descricao": "Requerimento", "autoria__autor__nome": "Raul Cassel", "texto_original": "https://sapl.camaranh.rs.gov.br/media/sapl/public/materialegislativa/2013/23407/23407_texto_integral.odt", "ementa": "Requer Voto de Congratula\u00e7\u00f5es \u00e0 BLITZ TRANSPORTES, que ser\u00e1 premiada na 30\u00aa Edi\u00e7\u00e3o do Destaque Empresarial/ACI."}, {"id": 23408, "ano": 2013, "numero": 1008, "tipo__sigla": "REQ", "tipo__descricao": "Requerimento", "autoria__autor__nome": "Raul Cassel", "texto_original": "https://sapl.camaranh.rs.gov.br/media/sapl/public/materialegislativa/2013/23408/23408_texto_integral.odt", "ementa": "Requer Voto de Congratula\u00e7\u00f5es ao Monsenhor Oscar Jo\u00e3o Colling, pelo lan\u00e7amento de seu livro."}, {"id": 23409, "ano": 2013, "numero": 1009, "tipo__sigla": "REQ", "tipo__descricao": "Requerimento", "autoria__autor__nome": "Raul Cassel", "texto_original": "https://sapl.camaranh.rs.gov.br/media/sapl/public/materialegislativa/2013/23409/23409_texto_integral.odt", "ementa": "Requer Voto de Congratula\u00e7\u00f5es \u00e0 EXATUS ASSESSORIA EMPRESARIAL que ser\u00e1 premiada na 30\u00aa Edi\u00e7\u00e3o do Destaque Empresarial/ACI."}, {"id": 23410, "ano": 2013, "numero": 1010, "tipo__sigla": "REQ", "tipo__descricao": "Requerimento", "autoria__autor__nome": "Raul Cassel", "texto_original": "https://sapl.camaranh.rs.gov.br/media/sapl/public/materialegislativa/2013/23410/23410_texto_integral.odt", "ementa": "Requer Voto de Congratula\u00e7\u00f5es \u00e0 Artecola,que ser\u00e1 premiada na 30\u00aa Edi\u00e7\u00e3o do Destaque Empresarial/ACI"}, {"id": 23412, "ano": 2013, "numero": 1011, "tipo__sigla": "REQ", "tipo__descricao": "Requerimento", "autoria__autor__nome": "Raul Cassel", "texto_original": "https://sapl.camaranh.rs.gov.br/media/sapl/public/materialegislativa/2013/23412/23412_texto_integral.odt", "ementa": "Requer Voto de Congratula\u00e7\u00f5es \u00e0 Bertex, que ser\u00e1 premiada na 30\u00aa Edi\u00e7\u00e3o do Destaque Empresarial/ACI."}, {"id": 23414, "ano": 2013, "numero": 1012, "tipo__sigla": "REQ", "tipo__descricao": "Requerimento", "autoria__autor__nome": "Gerson Peteffi\r\nRaul Cassel", "texto_original": "https://sapl.camaranh.rs.gov.br/media/sapl/public/materialegislativa/2013/23414/23414_texto_integral.odt", "ementa": "Requerem Voto de Congratula\u00e7\u00f5es \u00e0 LOJAS PALUDO, que ser\u00e1 premiada na 30\u00aa Edi\u00e7\u00e3o do Destaque Empresarial/ACI."}, {"id": 23415, "ano": 2013, "numero": 1013, "tipo__sigla": "REQ", "tipo__descricao": "Requerimento", "autoria__autor__nome": "Betinho", "texto_original": "https://sapl.camaranh.rs.gov.br/media/sapl/public/materialegislativa/2013/23415/23415_texto_integral.odt", "ementa": "Requer Voto de Congratula\u00e7\u00f5es \u00e0 Associa\u00e7\u00e3o Tradicionalista de Novo Hamburgo - ATNH."}, {"id": 23416, "ano": 2013, "numero": 1014, "tipo__sigla": "REQ", "tipo__descricao": "Requerimento", "autoria__autor__nome": "Betinho", "texto_original": "https://sapl.camaranh.rs.gov.br/media/sapl/public/materialegislativa/2013/23416/23416_texto_integral.odt", "ementa": "Requer Voto de Congratula\u00e7\u00f5es \u00e0 Sociedade Ga\u00facha de Lomba Grande pela  acolhida das atividades da Semana Farroupilha."}, {"id": 23417, "ano": 2013, "numero": 1015, "tipo__sigla": "REQ", "tipo__descricao": "Requerimento", "autoria__autor__nome": "Antonio Lucas", "texto_original": "https://sapl.camaranh.rs.gov.br/media/sapl/public/materialegislativa/2013/23417/23417_texto_integral.odt", "ementa": "Requer que Parte do Expediente da Sess\u00e3o Ordin\u00e1ria do dia 3 de outubro de 2013, seja destinada  para a divulga\u00e7\u00e3o da Campanha Outubro Rosa e Novembro Azul, pelas Sras.  Teonisia Reichert Vital da Silva e Lourdes Galeazzi Ali Odes,  Presidenta e Coordenadora do Departamento Educacional da Liga  Feminina de Combate ao C\u00e2ncer, respectivamente."}, {"id": 23418, "ano": 2013, "numero": 1016, "tipo__sigla": "REQ", "tipo__descricao": "Requerimento", "autoria__autor__nome": "Roger Corr\u00eaa", "texto_original": "https://sapl.camaranh.rs.gov.br/media/sapl/public/materialegislativa/2013/23418/23418_texto_integral.odt", "ementa": "Requer Voto de Congratula\u00e7\u00f5es ao Esporte Clube Novo Hamburgo, pela conquista do Primeiro Turno da Copa Metropolitana de Futebol, conquistada no dia 23 de setembro."}, {"id": 23421, "ano": 2013, "numero": 1017, "tipo__sigla": "REQ", "tipo__descricao": "Requerimento", "autoria__autor__nome": "Antonio Lucas\r\nNaasom Luciano", "texto_original": "https://sapl.camaranh.rs.gov.br/media/sapl/public/materialegislativa/2013/23421/23421_texto_integral.odt", "ementa": "Requer Voto de Congratula\u00e7\u00f5es ao Jornal Vida em Pauta, pelo anivers\u00e1rio de cinco anos de sua funda\u00e7\u00e3o."}, {"id": 23425, "ano": 2013, "numero": 1018, "tipo__sigla": "REQ", "tipo__descricao": "Requerimento", "autoria__autor__nome": "Raul Cassel", "texto_original": "https://sapl.camaranh.rs.gov.br/media/sapl/public/materialegislativa/2013/23425/23425_texto_integral.odt", "ementa": "Requer Voto de Congratula\u00e7\u00f5es aos alunos EMEF. Anita Garibaldi, pelas conquistas no 1\u00ba Campeonato Escolar de Punhobol."}, {"id": 23426, "ano": 2013, "numero": 1019, "tipo__sigla": "REQ", "tipo__descricao": "Requerimento", "autoria__autor__nome": "Raul Cassel", "texto_original": "https://sapl.camaranh.rs.gov.br/media/sapl/public/materialegislativa/2013/23426/23426_texto_integral.odt", "ementa": "Requer Voto de Congratula\u00e7\u00f5es \u00e0 Senhora Ariana Plangg, pela  conquista do T\u00edtulo Miss Plus Size."}, {"id": 23427, "ano": 2013, "numero": 1020, "tipo__sigla": "REQ", "tipo__descricao": "Requerimento", "autoria__autor__nome": "Raul Cassel", "texto_original": "https://sapl.camaranh.rs.gov.br/media/sapl/public/materialegislativa/2013/23427/23427_texto_integral.odt", "ementa": "Requer Voto de Congratula\u00e7\u00f5es \u00e0 escritora   Rosangela Mariano pelo lan\u00e7amento do livro \"Os Girass\u00f3is tamb\u00e9m choram\"."}, {"id": 23428, "ano": 2013, "numero": 1021, "tipo__sigla": "REQ", "tipo__descricao": "Requerimento", "autoria__autor__nome": "Raul Cassel", "texto_original": "https://sapl.camaranh.rs.gov.br/media/sapl/public/materialegislativa/2013/23428/23428_texto_integral.odt", "ementa": "Requer Voto de Congratula\u00e7\u00f5es a R\u00e1dio Ideal. "}, {"id": 23431, "ano": 2013, "numero": 1022, "tipo__sigla": "REQ", "tipo__descricao": "Requerimento", "autoria__autor__nome": "Raul Cassel", "texto_original": "https://sapl.camaranh.rs.gov.br/media/sapl/public/materialegislativa/2013/23431/23431_texto_integral.odt", "ementa": "Requer Voto de Congratula\u00e7\u00f5es ao MUHM - Museu de Hist\u00f3ria da Medicina no Rio Grande do Sul."}, {"id": 23451, "ano": 2013, "numero": 1023, "tipo__sigla": "REQ", "tipo__descricao": "Requerimento", "autoria__autor__nome": "Gerson Peteffi", "texto_original": "https://sapl.camaranh.rs.gov.br/media/sapl/public/materialegislativa/2013/23451/23451_texto_integral.odt", "ementa": "Requer Voto de Congratula\u00e7\u00f5es \u00e0 Sra. SILVANA IARONKA pela passagem do Dia da Secret\u00e1ria."}, {"id": 23466, "ano": 2013, "numero": 1024, "tipo__sigla": "REQ", "tipo__descricao": "Requerimento", "autoria__autor__nome": "Cristiano Coller", "texto_original": "https://sapl.camaranh.rs.gov.br/media/sapl/public/materialegislativa/2013/23466/23466_texto_integral.odt", "ementa": "Requer a designa\u00e7\u00e3o do Vereador Cristiano Coller para representar a C\u00e2mara de Vereadores no Semin\u00e1rio Estadual \"Crack, N\u00e3o Condene Sua Vida\", no dia 21 de novembro, das 9h \u00e0s 17h, a ser realizado no Centro Eventos da  Fiergs, em Porto Alegre."}, {"id": 23456, "ano": 2013, "numero": 1025, "tipo__sigla": "REQ", "tipo__descricao": "Requerimento", "autoria__autor__nome": "Roger Corr\u00eaa", "texto_original": "https://sapl.camaranh.rs.gov.br/media/sapl/public/materialegislativa/2013/23456/23456_texto_integral.odt", "ementa": "Requer Voto de Congratula\u00e7\u00f5es \u00e0 Gerdau pelo Pr\u00eamio Empres\u00e1rio Amigo do Esporte  - 2013, Categoria &#8220;Melhor Amigo do Esporte nos Estados&#8221;, recebido no dia 02 de setembro."}, {"id": 23457, "ano": 2013, "numero": 1026, "tipo__sigla": "REQ", "tipo__descricao": "Requerimento", "autoria__autor__nome": "Roger Corr\u00eaa", "texto_original": "https://sapl.camaranh.rs.gov.br/media/sapl/public/materialegislativa/2013/23457/23457_texto_integral.odt", "ementa": "Requer Voto de Congratula\u00e7\u00f5es \u00e0 Marcopolo S/A pelo Pr\u00eamio Empres\u00e1rio Amigo do Esporte  - 2013, Categoria &#8220;Melhor Amigo do Esporte nos Estados&#8221;, recebido no dia 02 de setembro."}, {"id": 23458, "ano": 2013, "numero": 1027, "tipo__sigla": "REQ", "tipo__descricao": "Requerimento", "autoria__autor__nome": "Roger Corr\u00eaa", "texto_original": "https://sapl.camaranh.rs.gov.br/media/sapl/public/materialegislativa/2013/23458/23458_texto_integral.odt", "ementa": "Requer Voto de Congratula\u00e7\u00f5es ao Banrisul pelo Pr\u00eamio Empres\u00e1rio Amigo do Esporte  - 2013, Categoria \"Melhor Amigo do Esporte nos Estados\", recebido no dia 02 de setembro."}, {"id": 23477, "ano": 2013, "numero": 1028, "tipo__sigla": "REQ", "tipo__descricao": "Requerimento", "autoria__autor__nome": "Professor Issur Koch", "texto_original": "https://sapl.camaranh.rs.gov.br/media/sapl/public/materialegislativa/2013/23477/23477_texto_integral.odt", "ementa": "Requer votos de congratula\u00e7\u00f5es \u00e0 editoria do caderno Bah do Jornal NH, pelo Projeto    \"Bah!te Papo nas Escolas\"."}, {"id": 23479, "ano": 2013, "numero": 1029, "tipo__sigla": "REQ", "tipo__descricao": "Requerimento", "autoria__autor__nome": "Cristiano Coller", "texto_original": "https://sapl.camaranh.rs.gov.br/media/sapl/public/materialegislativa/2013/23479/23479_texto_integral.odt", "ementa": "Requer Voto de Congratula\u00e7\u00f5es ao Centro de Treinamento Golden Fighters, pela  inaugura\u00e7\u00e3o em Novo Hamburgo."}, {"id": 23495, "ano": 2013, "numero": 1030, "tipo__sigla": "REQ", "tipo__descricao": "Requerimento", "autoria__autor__nome": "Roger Corr\u00eaa", "texto_original": "https://sapl.camaranh.rs.gov.br/media/sapl/public/materialegislativa/2013/23495/23495_texto_integral.odt", "ementa": "Requer Voto de Congratula\u00e7\u00f5es ao Col\u00e9gio Santa Catarina  pela iniciativa de realizar a 7\u00aa edi\u00e7\u00e3o do Tecnisanta, a 1\u00aa Branitec e a 3\u00aa Mostra Multidisciplinar."}, {"id": 23496, "ano": 2013, "numero": 1031, "tipo__sigla": "REQ", "tipo__descricao": "Requerimento", "autoria__autor__nome": "Roger Corr\u00eaa", "texto_original": "https://sapl.camaranh.rs.gov.br/media/sapl/public/materialegislativa/2013/23496/23496_texto_integral.odt", "ementa": "Requer Voto de Congratula\u00e7\u00f5es a Equipe Sophia Hist\u00f3ria do Col\u00e9gio Estadual Senador Alberto Pasqualini pela classifica\u00e7\u00e3o para a fase final da 5\u00ba Olimp\u00edada Nacional de Hist\u00f3ria do Brasil, promovida pela UNICAMP - Universidade Estadual de Campinas."}, {"id": 23497, "ano": 2013, "numero": 1032, "tipo__sigla": "REQ", "tipo__descricao": "Requerimento", "autoria__autor__nome": "Roger Corr\u00eaa", "texto_original": "https://sapl.camaranh.rs.gov.br/media/sapl/public/materialegislativa/2013/23497/23497_texto_integral.odt", "ementa": "Requer Voto de Congratula\u00e7\u00f5es \u00e0 Coordenadoria de Pol\u00edticas P\u00fablicas para a Juventude pela realiza\u00e7\u00e3o do Projeto Bah! Te Papo nas Escolas."}, {"id": 23498, "ano": 2013, "numero": 1033, "tipo__sigla": "REQ", "tipo__descricao": "Requerimento", "autoria__autor__nome": "Roger Corr\u00eaa", "texto_original": "https://sapl.camaranh.rs.gov.br/media/sapl/public/materialegislativa/2013/23498/23498_texto_integral.odt", "ementa": "Requer Voto de Congratula\u00e7\u00f5es \u00e0 UENH &#8211; Uni\u00e3o dos Estudantes de Novo Hamburgo  pela realiza\u00e7\u00e3o  do Projeto Bah! Te Papo nas Escolas."}, {"id": 23499, "ano": 2013, "numero": 1034, "tipo__sigla": "REQ", "tipo__descricao": "Requerimento", "autoria__autor__nome": "Professor Issur Koch\r\nRoger Corr\u00eaa", "texto_original": "https://sapl.camaranh.rs.gov.br/media/sapl/public/materialegislativa/2013/23499/23499_texto_integral.odt", "ementa": "Requer Voto de Congratula\u00e7\u00f5es ao SESC pela realiza\u00e7\u00e3o  do Projeto Bah! Te Papo nas Escolas."}, {"id": 23500, "ano": 2013, "numero": 1035, "tipo__sigla": "REQ", "tipo__descricao": "Requerimento", "autoria__autor__nome": "Roger Corr\u00eaa", "texto_original": "https://sapl.camaranh.rs.gov.br/media/sapl/public/materialegislativa/2013/23500/23500_texto_integral.odt", "ementa": "Requer Voto de Congratula\u00e7\u00f5es ao SENAC pela realiza\u00e7\u00e3o  do Projeto Bah! Te Papo nas Escolas."}, {"id": 23507, "ano": 2013, "numero": 1036, "tipo__sigla": "REQ", "tipo__descricao": "Requerimento", "autoria__autor__nome": "Professor Issur Koch", "texto_original": "https://sapl.camaranh.rs.gov.br/media/sapl/public/materialegislativa/2013/23507/23507_texto_integral.odt", "ementa": "Requer Voto de Congratula\u00e7\u00f5es ao Professor Thiago De Zorzi Reinher e aos alunos do 5\u00ba ano A e do 5\u00ba ano C, da Escola Municipal de Ensino Fundamental Irm\u00e3o Nilo."}, {"id": 23508, "ano": 2013, "numero": 1037, "tipo__sigla": "REQ", "tipo__descricao": "Requerimento", "autoria__autor__nome": "Professor Issur Koch", "texto_original": "https://sapl.camaranh.rs.gov.br/media/sapl/public/materialegislativa/2013/23508/23508_texto_integral.odt", "ementa": "Requer Voto de Congratula\u00e7\u00f5es aos s\u00f3cios da Empresa Jornal\u00edstica KBF, Srs.  Pedro Barbosa e Anderson Fernandes pela inaugura\u00e7\u00e3o do Jornal Terceira P\u00e1gina,  em Imb\u00e9."}, {"id": 23510, "ano": 2013, "numero": 1038, "tipo__sigla": "REQ", "tipo__descricao": "Requerimento", "autoria__autor__nome": "Professor Issur Koch", "texto_original": "https://sapl.camaranh.rs.gov.br/media/sapl/public/materialegislativa/2013/23510/23510_texto_integral.odt", "ementa": "Requer Voto de Congratula\u00e7\u00f5es ao Sr. Dejair Krumenan por sua posse como diretor do Jornal Terceira P\u00e1gina do Munic\u00edpio de Imb\u00e9."}, {"id": 23518, "ano": 2013, "numero": 1039, "tipo__sigla": "REQ", "tipo__descricao": "Requerimento", "autoria__autor__nome": "Roger Corr\u00eaa", "texto_original": "https://sapl.camaranh.rs.gov.br/media/sapl/public/materialegislativa/2013/23518/23518_texto_integral.odt", "ementa": "Requer Voto de Pesar pelo falecimento de Jonathan Rodrigues."}, {"id": 23528, "ano": 2013, "numero": 1040, "tipo__sigla": "REQ", "tipo__descricao": "Requerimento", "autoria__autor__nome": "Patr\u00edcia Beck", "texto_original": "https://sapl.camaranh.rs.gov.br/media/sapl/public/materialegislativa/2013/23528/23528_texto_integral.odt", "ementa": "Requer a indica\u00e7\u00e3o da vereadora Patricia para integrar \u00e0 Frente Parlamentar em Defesa dos Direitos dos Animais."}, {"id": 23530, "ano": 2013, "numero": 1041, "tipo__sigla": "REQ", "tipo__descricao": "Requerimento", "autoria__autor__nome": "Raul Cassel", "texto_original": "https://sapl.camaranh.rs.gov.br/media/sapl/public/materialegislativa/2013/23530/23530_texto_integral.odt", "ementa": "Requer Voto de Congratula\u00e7\u00f5es ao jovem escritor e jornalista, Felipe Kuhn Braun pelo lan\u00e7amento do livro \"Hist\u00f3ria de Linha Nova: 1848-1945\"."}, {"id": 23544, "ano": 2013, "numero": 1042, "tipo__sigla": "REQ", "tipo__descricao": "Requerimento", "autoria__autor__nome": "Raul Cassel", "texto_original": "https://sapl.camaranh.rs.gov.br/media/sapl/public/materialegislativa/2013/23544/23544_texto_integral.odt", "ementa": "Requer Voto de Congratula\u00e7\u00f5es \u00e0 Killing Tintas e Adesivos, pelo recebimento do Pr\u00eamio \"Top Ser Humano\"."}, {"id": 23549, "ano": 2013, "numero": 1043, "tipo__sigla": "REQ", "tipo__descricao": "Requerimento", "autoria__autor__nome": "Antonio Lucas\r\nGerson Peteffi\r\nPatr\u00edcia Beck\r\nProfessor Issur Koch\r\nRaul Cassel", "texto_original": "https://sapl.camaranh.rs.gov.br/media/sapl/public/materialegislativa/2013/23549/23549_texto_integral.odt", "ementa": "Requer Voto de Congratula\u00e7\u00f5es ao Senhor Marcelo Clark Alves, por sua reelei\u00e7\u00e3o \u00e0 Presid\u00eancia da ACI - Associa\u00e7\u00e3o Comercial, Industrial e de Servi\u00e7os de Novo Hamburgo, Campo Bom e Est\u00e2ncia Velha."}, {"id": 23552, "ano": 2013, "numero": 1044, "tipo__sigla": "REQ", "tipo__descricao": "Requerimento", "autoria__autor__nome": "Roger Corr\u00eaa", "texto_original": "https://sapl.camaranh.rs.gov.br/media/sapl/public/materialegislativa/2013/23552/23552_texto_integral.odt", "ementa": "Requer inser\u00e7\u00e3o na Ata da Sess\u00e3o do dia 01 de outubro de 2013, do Oficio DCE FEEVALE contendo a Resolu\u00e7\u00e3o do II Encontro dos Estudantes da Feevale em Defesa do SUS."}, {"id": 23553, "ano": 2013, "numero": 1045, "tipo__sigla": "REQ", "tipo__descricao": "Requerimento", "autoria__autor__nome": "Roger Corr\u00eaa", "texto_original": "https://sapl.camaranh.rs.gov.br/media/sapl/public/materialegislativa/2013/23553/23553_texto_integral.pdf", "ementa": "Requer que Parte do Expediente da Sess\u00e3o Ordin\u00e1ria de 19 de novembro de 2013, seja destinada a homenagear a Banda da Brigada Militar do Comando Regional do Vale do Rio dos Sinos, pela passagem de seus 119 anos de funda\u00e7\u00e3o."}, {"id": 23555, "ano": 2013, "numero": 1046, "tipo__sigla": "REQ", "tipo__descricao": "Requerimento", "autoria__autor__nome": "Naasom Luciano", "texto_original": "https://sapl.camaranh.rs.gov.br/media/sapl/public/materialegislativa/2013/23555/23555_texto_integral.odt", "ementa": "Requer Voto de Pesar pelo falecimento do Sr. Artur Kaiser."}, {"id": 23556, "ano": 2013, "numero": 1047, "tipo__sigla": "REQ", "tipo__descricao": "Requerimento", "autoria__autor__nome": "Luiz Fernando Farias", "texto_original": "https://sapl.camaranh.rs.gov.br/media/sapl/public/materialegislativa/2013/23556/23556_texto_integral.odt", "ementa": "Requer a indica\u00e7\u00e3o do Vereador Luiz Fernando Farias, pela bancada do PT, junto a Frente Parlamentar de Apoio ao Cooperativismo."}, {"id": 23558, "ano": 2013, "numero": 1048, "tipo__sigla": "REQ", "tipo__descricao": "Requerimento", "autoria__autor__nome": "Betinho", "texto_original": "https://sapl.camaranh.rs.gov.br/media/sapl/public/materialegislativa/2013/23558/23558_texto_integral.odt", "ementa": "Requer que Parte do Expediente da Sess\u00e3o Ordin\u00e1ria de 31 de outubro de 2013 seja destinada a homenagear a Central \u00danica dos Trabalhadores - CUT, pela passagem de seus 30 anos de funda\u00e7\u00e3o."}, {"id": 23560, "ano": 2013, "numero": 1049, "tipo__sigla": "REQ", "tipo__descricao": "Requerimento", "autoria__autor__nome": "Gerson Peteffi", "texto_original": "https://sapl.camaranh.rs.gov.br/media/sapl/public/materialegislativa/2013/23560/23560_texto_integral.odt", "ementa": "Requer Voto de Pesar pelo falecimento da Sra. Geni Peteffi."}, {"id": 23562, "ano": 2013, "numero": 1050, "tipo__sigla": "REQ", "tipo__descricao": "Requerimento", "autoria__autor__nome": "Inspetor Luz", "texto_original": "https://sapl.camaranh.rs.gov.br/media/sapl/public/materialegislativa/2013/23562/23562_texto_integral.odt", "ementa": "Requer Voto de Congratula\u00e7\u00f5es ao Centro de Nata\u00e7\u00e3o Golfinho, pela passagem de seus 37 anos de funda\u00e7\u00e3o."}, {"id": 23563, "ano": 2013, "numero": 1051, "tipo__sigla": "REQ", "tipo__descricao": "Requerimento", "autoria__autor__nome": "Inspetor Luz", "texto_original": "https://sapl.camaranh.rs.gov.br/media/sapl/public/materialegislativa/2013/23563/23563_texto_integral.odt", "ementa": "Requer Voto de Congratula\u00e7\u00f5es a M\u00f3veis L\u00edder, pela passagem de seus 48 anos de funda\u00e7\u00e3o."}, {"id": 23567, "ano": 2013, "numero": 1052, "tipo__sigla": "REQ", "tipo__descricao": "Requerimento", "autoria__autor__nome": "Inspetor Luz", "texto_original": "https://sapl.camaranh.rs.gov.br/media/sapl/public/materialegislativa/2013/23567/23567_texto_integral.odt", "ementa": "Requer Voto de Congratula\u00e7\u00f5es \u00e0 Escola Infantil Gente Moleque, pela passagem de seus 19 anos de funda\u00e7\u00e3o."}, {"id": 23568, "ano": 2013, "numero": 1053, "tipo__sigla": "REQ", "tipo__descricao": "Requerimento", "autoria__autor__nome": "Inspetor Luz", "texto_original": "https://sapl.camaranh.rs.gov.br/media/sapl/public/materialegislativa/2013/23568/23568_texto_integral.odt", "ementa": "Requer Voto de Congratula\u00e7\u00f5es \u00e0 CIA das C\u00f3pias pela passagem de seus 18 anos de funda\u00e7\u00e3o."}, {"id": 23569, "ano": 2013, "numero": 1054, "tipo__sigla": "REQ", "tipo__descricao": "Requerimento", "autoria__autor__nome": "Inspetor Luz", "texto_original": "https://sapl.camaranh.rs.gov.br/media/sapl/public/materialegislativa/2013/23569/23569_texto_integral.odt", "ementa": "Requer Voto de Congratula\u00e7\u00f5es \u00e0 Farm\u00e1cia Droga Rio, pela passagem de seus 48 anos de funda\u00e7\u00e3o."}, {"id": 23578, "ano": 2013, "numero": 1055, "tipo__sigla": "REQ", "tipo__descricao": "Requerimento", "autoria__autor__nome": "Raul Cassel", "texto_original": "https://sapl.camaranh.rs.gov.br/media/sapl/public/materialegislativa/2013/23578/23578_texto_integral.odt", "ementa": "Requer informa\u00e7\u00f5es sobre os pr\u00e9dios alugados pelo munic\u00edpio."}, {"id": 23579, "ano": 2013, "numero": 1056, "tipo__sigla": "REQ", "tipo__descricao": "Requerimento", "autoria__autor__nome": "Patr\u00edcia Beck", "texto_original": "https://sapl.camaranh.rs.gov.br/media/sapl/public/materialegislativa/2013/23579/23579_texto_integral.odt", "ementa": "Requer informa\u00e7\u00f5es sobre a coloca\u00e7\u00e3o de placas indicativas do nome dos bairros dos munic\u00edpios."}, {"id": 23584, "ano": 2013, "numero": 1057, "tipo__sigla": "REQ", "tipo__descricao": "Requerimento", "autoria__autor__nome": "Patr\u00edcia Beck", "texto_original": "https://sapl.camaranh.rs.gov.br/media/sapl/public/materialegislativa/2013/23584/23584_texto_integral.odt", "ementa": "Requer que lhe seja repassada a rela\u00e7\u00e3o das pra\u00e7as localizadas no Munic\u00edpio."}, {"id": 23585, "ano": 2013, "numero": 1058, "tipo__sigla": "REQ", "tipo__descricao": "Requerimento", "autoria__autor__nome": "Patr\u00edcia Beck", "texto_original": "https://sapl.camaranh.rs.gov.br/media/sapl/public/materialegislativa/2013/23585/23585_texto_integral.odt", "ementa": "Requer informa\u00e7\u00f5es sobre a manuten\u00e7\u00e3o do totem que indica os limites do Munic\u00edpio de Novo Hamburgo, localizado na BR116."}, {"id": 23592, "ano": 2013, "numero": 1059, "tipo__sigla": "REQ", "tipo__descricao": "Requerimento", "autoria__autor__nome": "Roger Corr\u00eaa", "texto_original": "https://sapl.camaranh.rs.gov.br/media/sapl/public/materialegislativa/2013/23592/23592_texto_integral.odt", "ementa": "Requer Voto de Congratula\u00e7\u00f5es \u00e0 Universidade Feevale pela conquista de vaga na final dos pr\u00eamios do SINEPE/RS: 11\u00ba Pr\u00eamio destaque em Comunica\u00e7\u00e3o e Relacionamento, 8\u00ba Pr\u00eamio de Responsabilidade Social (categoria Participa\u00e7\u00e3o Comunit\u00e1ria) e 4\u00ba Pr\u00eamio Inova\u00e7\u00e3o em Educa\u00e7\u00e3o (categoria \u00c1rea Fim)."}, {"id": 23598, "ano": 2013, "numero": 1060, "tipo__sigla": "REQ", "tipo__descricao": "Requerimento", "autoria__autor__nome": "Roger Corr\u00eaa", "texto_original": "https://sapl.camaranh.rs.gov.br/media/sapl/public/materialegislativa/2013/23598/23598_texto_integral.odt", "ementa": "Requer Voto de Congratula\u00e7\u00f5es \u00e0 Escola de Aplica\u00e7\u00e3o da Feevale pela conquista de vaga na final dos pr\u00eamios do SINEPE/RS: 8\u00ba Pr\u00eamio de Responsabilidade Social (categoria Pr\u00e1ticas Eco-sustent\u00e1veis) e 4\u00ba Pr\u00eamio Inova\u00e7\u00e3o em Educa\u00e7\u00e3o (categoria Gest\u00e3o Pedag\u00f3gica)."}, {"id": 23600, "ano": 2013, "numero": 1061, "tipo__sigla": "REQ", "tipo__descricao": "Requerimento", "autoria__autor__nome": "Cristiano Coller", "texto_original": "https://sapl.camaranh.rs.gov.br/media/sapl/public/materialegislativa/2013/23600/23600_texto_integral.odt", "ementa": "Solicita informa\u00e7\u00f5es descritas abaixo."}, {"id": 23603, "ano": 2013, "numero": 1062, "tipo__sigla": "REQ", "tipo__descricao": "Requerimento", "autoria__autor__nome": "Professor Issur Koch", "texto_original": "https://sapl.camaranh.rs.gov.br/media/sapl/public/materialegislativa/2013/23603/23603_texto_integral.odt", "ementa": "Requer que seja convidado o Sr. Luis Fernando Rodembuch para participar da Sess\u00e3o Ordin\u00e1ria do dia 05 de novembro de 2013, a fim de falar sobre o Projeto Curta na C\u00e2mara."}, {"id": 23605, "ano": 2013, "numero": 1063, "tipo__sigla": "REQ", "tipo__descricao": "Requerimento", "autoria__autor__nome": "Raul Cassel", "texto_original": "https://sapl.camaranh.rs.gov.br/media/sapl/public/materialegislativa/2013/23605/23605_texto_integral.odt", "ementa": "Requer Voto de Congratula\u00e7\u00f5es \u00e0 Liga Feminina de Combate ao C\u00e2ncer, pelo lan\u00e7amento da Campanha \"Outubro Rosa e Novembro Azul\"."}, {"id": 23607, "ano": 2013, "numero": 1064, "tipo__sigla": "REQ", "tipo__descricao": "Requerimento", "autoria__autor__nome": "Raul Cassel", "texto_original": "https://sapl.camaranh.rs.gov.br/media/sapl/public/materialegislativa/2013/23607/23607_texto_integral.odt", "ementa": "Requer Voto de Congratula\u00e7\u00f5es ao aluno Felipe dos Santos Machado. "}, {"id": 23609, "ano": 2013, "numero": 1065, "tipo__sigla": "REQ", "tipo__descricao": "Requerimento", "autoria__autor__nome": "Roger Corr\u00eaa", "texto_original": "https://sapl.camaranh.rs.gov.br/media/sapl/public/materialegislativa/2013/23609/23609_texto_integral.odt", "ementa": "Requer que Parte do Expediente da Sess\u00e3o Ordin\u00e1ria de 10 de dezembro de 2013 seja destinado a homenagear o Jornal Tribuna da Cidade, pela passagem de seus 21 anos de funda\u00e7\u00e3o."}, {"id": 23613, "ano": 2013, "numero": 1066, "tipo__sigla": "REQ", "tipo__descricao": "Requerimento", "autoria__autor__nome": "CODIR - Com. de Direitos Humanos, Cidadania e Defesa do Consumidor", "texto_original": "https://sapl.camaranh.rs.gov.br/media/sapl/public/materialegislativa/2013/23613/23613_texto_integral.odt", "ementa": "Requerem a realiza\u00e7\u00e3o de Audi\u00eancia P\u00fablica no dia 14 de outubro de 2013, das 19h30min \u00e0s 21h00min, no Plen\u00e1rio desta Casa Legislativa, com a finalidade de discutir sobre o hor\u00e1rio das sess\u00f5es ordin\u00e1rias."}, {"id": 23614, "ano": 2013, "numero": 1067, "tipo__sigla": "REQ", "tipo__descricao": "Requerimento", "autoria__autor__nome": "Patr\u00edcia Beck", "texto_original": "https://sapl.camaranh.rs.gov.br/media/sapl/public/materialegislativa/2013/23614/23614_texto_integral.odt", "ementa": "Requer licen\u00e7a da verean\u00e7a nos dias 03 e 04 de outubro, para tratar de assuntos de sa\u00fade, conforme atestado m\u00e9dico em anexo."}, {"id": 23616, "ano": 2013, "numero": 1068, "tipo__sigla": "REQ", "tipo__descricao": "Requerimento", "autoria__autor__nome": "Raul Cassel", "texto_original": "https://sapl.camaranh.rs.gov.br/media/sapl/public/materialegislativa/2013/23616/23616_texto_integral.odt", "ementa": "Requer a concess\u00e3o de medalha do \"M\u00e9rito Esportivo de Novo Hamburgo\" ao atleta PAULO FERREIRA."}, {"id": 23617, "ano": 2013, "numero": 1069, "tipo__sigla": "REQ", "tipo__descricao": "Requerimento", "autoria__autor__nome": "Betinho\r\nLuiz Fernando Farias", "texto_original": "https://sapl.camaranh.rs.gov.br/media/sapl/public/materialegislativa/2013/23617/23617_texto_integral.odt", "ementa": "Requerem Voto de Pesar pelo falecimento do Sr. Jos\u00e9 Brizola."}, {"id": 23618, "ano": 2013, "numero": 1070, "tipo__sigla": "REQ", "tipo__descricao": "Requerimento", "autoria__autor__nome": "Raul Cassel", "texto_original": "https://sapl.camaranh.rs.gov.br/media/sapl/public/materialegislativa/2013/23618/23618_texto_integral.odt", "ementa": "Requer a concess\u00e3o de medalha do \"M\u00e9rito Esportivo de Novo Hamburgo\" ao atleta CL\u00c1UDIO OLIVEIRA."}, {"id": 23619, "ano": 2013, "numero": 1071, "tipo__sigla": "REQ", "tipo__descricao": "Requerimento", "autoria__autor__nome": "Raul Cassel", "texto_original": "https://sapl.camaranh.rs.gov.br/media/sapl/public/materialegislativa/2013/23619/23619_texto_integral.odt", "ementa": "Requer a concess\u00e3o de medalha do \"M\u00e9rito Esportivo de Novo Hamburgo\" a atleta CARMEN TANARA."}, {"id": 23620, "ano": 2013, "numero": 1072, "tipo__sigla": "REQ", "tipo__descricao": "Requerimento", "autoria__autor__nome": "Betinho", "texto_original": "https://sapl.camaranh.rs.gov.br/media/sapl/public/materialegislativa/2013/23620/23620_texto_integral.odt", "ementa": "Requer Voto de Congratula\u00e7\u00f5es ao Sindicato dos Trabalhadores da Ind\u00fastria Metal\u00fargica Mec\u00e2nica e de Material El\u00e9trico de Novo Hamburgo, pela passagem dos seus  67 anos de funda\u00e7\u00e3o."}, {"id": 23621, "ano": 2013, "numero": 1073, "tipo__sigla": "REQ", "tipo__descricao": "Requerimento", "autoria__autor__nome": "COEDU - Comiss. de Educa\u00e7\u00e3o, Cultura, Desporto, Ci\u00eancia e Tecnologia", "texto_original": "https://sapl.camaranh.rs.gov.br/media/sapl/public/materialegislativa/2013/23621/23621_texto_integral.odt", "ementa": "Solicitam informa\u00e7\u00f5es junto \u00e0 SMED sobre a quantidade de professores em desvio de fun\u00e7\u00e3o."}, {"id": 23628, "ano": 2013, "numero": 1074, "tipo__sigla": "REQ", "tipo__descricao": "Requerimento", "autoria__autor__nome": "Betinho", "texto_original": "https://sapl.camaranh.rs.gov.br/media/sapl/public/materialegislativa/2013/23628/23628_texto_integral.odt", "ementa": "Requer a cria\u00e7\u00e3o de uma Comiss\u00e3o Especial na C\u00e2mara Municipal de Vereadores denominada \"Frente Parlamentar Pr\u00f3 Trensurb\"."}, {"id": 23630, "ano": 2013, "numero": 1075, "tipo__sigla": "REQ", "tipo__descricao": "Requerimento", "autoria__autor__nome": "Patr\u00edcia Beck\r\nProfessor Issur Koch", "texto_original": "https://sapl.camaranh.rs.gov.br/media/sapl/public/materialegislativa/2013/23630/23630_texto_integral.odt", "ementa": "Requerem Voto de Congratula\u00e7\u00f5es \u00e0 E.M.E.F  Elvira Brandi Grin,  por seus 41 anos de exist\u00eancia."}, {"id": 23631, "ano": 2013, "numero": 1076, "tipo__sigla": "REQ", "tipo__descricao": "Requerimento", "autoria__autor__nome": "Inspetor Luz", "texto_original": "https://sapl.camaranh.rs.gov.br/media/sapl/public/materialegislativa/2013/23631/23631_texto_integral.odt", "ementa": "Requer Voto de Congratula\u00e7\u00f5es \u00e0 Hemovida, pela passagem de seus 10 anos de funda\u00e7\u00e3o."}, {"id": 23632, "ano": 2013, "numero": 1077, "tipo__sigla": "REQ", "tipo__descricao": "Requerimento", "autoria__autor__nome": "Inspetor Luz", "texto_original": "https://sapl.camaranh.rs.gov.br/media/sapl/public/materialegislativa/2013/23632/23632_texto_integral.odt", "ementa": "Requer Voto de Congratula\u00e7\u00f5es a M\u00e1quinas Klein Ind\u00fastria e Com\u00e9rcio, pela passagem de seus 68 anos de funda\u00e7\u00e3o."}, {"id": 23633, "ano": 2013, "numero": 1078, "tipo__sigla": "REQ", "tipo__descricao": "Requerimento", "autoria__autor__nome": "Inspetor Luz", "texto_original": "https://sapl.camaranh.rs.gov.br/media/sapl/public/materialegislativa/2013/23633/23633_texto_integral.odt", "ementa": "Requer Voto de Congratula\u00e7\u00f5es \u00e0 Instaltec Comercial Ltda, pela passagem de seus 30 anos de funda\u00e7\u00e3o."}, {"id": 23634, "ano": 2013, "numero": 1079, "tipo__sigla": "REQ", "tipo__descricao": "Requerimento", "autoria__autor__nome": "Inspetor Luz", "texto_original": "https://sapl.camaranh.rs.gov.br/media/sapl/public/materialegislativa/2013/23634/23634_texto_integral.odt", "ementa": "Requer Voto de Congratula\u00e7\u00f5es \u00e0 Esquadrias Scheid Ltda, pela passagem de seus 41 anos de funda\u00e7\u00e3o."}, {"id": 23635, "ano": 2013, "numero": 1080, "tipo__sigla": "REQ", "tipo__descricao": "Requerimento", "autoria__autor__nome": "Inspetor Luz", "texto_original": "https://sapl.camaranh.rs.gov.br/media/sapl/public/materialegislativa/2013/23635/23635_texto_integral.odt", "ementa": "Requer Voto de Congratula\u00e7\u00f5es \u00e0 empresa Luz e Luz Lumin\u00e1ria, pela passagem de seus 23 anos de funda\u00e7\u00e3o."}, {"id": 23636, "ano": 2013, "numero": 1081, "tipo__sigla": "REQ", "tipo__descricao": "Requerimento", "autoria__autor__nome": "Inspetor Luz", "texto_original": "https://sapl.camaranh.rs.gov.br/media/sapl/public/materialegislativa/2013/23636/23636_texto_integral.odt", "ementa": "Requer Voto de Congratula\u00e7\u00f5es \u00e0 Empresa Luz da Lua pela passagem de seus 20 anos de funda\u00e7\u00e3o."}, {"id": 23649, "ano": 2013, "numero": 1082, "tipo__sigla": "REQ", "tipo__descricao": "Requerimento", "autoria__autor__nome": "JorgeTatsch", "texto_original": "https://sapl.camaranh.rs.gov.br/media/sapl/public/materialegislativa/2013/23649/23649_texto_integral.odt", "ementa": "Requer informa\u00e7\u00f5es do Plant\u00e3o Administrativo da Unidade de Pronto Atendimento - UPA, Bairro Canudos, sobre a escala de hor\u00e1rios e nomes de m\u00e9dicos que atendem neste local."}, {"id": 23665, "ano": 2013, "numero": 1083, "tipo__sigla": "REQ", "tipo__descricao": "Requerimento", "autoria__autor__nome": "Raul Cassel", "texto_original": "https://sapl.camaranh.rs.gov.br/media/sapl/public/materialegislativa/2013/23665/23665_texto_integral.odt", "ementa": "Requer Voto de Congratula\u00e7\u00f5es \u00e0 Sinoscar pela conquista do T\u00edtulo Concession\u00e1ria Padr\u00e3o A."}, {"id": 23667, "ano": 2013, "numero": 1084, "tipo__sigla": "REQ", "tipo__descricao": "Requerimento", "autoria__autor__nome": "Raul Cassel", "texto_original": "https://sapl.camaranh.rs.gov.br/media/sapl/public/materialegislativa/2013/23667/23667_texto_integral.odt", "ementa": "Requer Voto de Pesar pelo falecimento do Sr. Gast\u00e3o Henrique Kornd\u00f6rfer."}, {"id": 23670, "ano": 2013, "numero": 1085, "tipo__sigla": "REQ", "tipo__descricao": "Requerimento", "autoria__autor__nome": "Raul Cassel", "texto_original": "https://sapl.camaranh.rs.gov.br/media/sapl/public/materialegislativa/2013/23670/23670_texto_integral.odt", "ementa": "Requer Voto de Congratula\u00e7\u00f5es ao Col\u00e9gio Estadual Engenheiro Ignacio Christiano Plangg pela comemora\u00e7\u00e3o de seu 43\u00ba anivers\u00e1rio."}, {"id": 23693, "ano": 2013, "numero": 1086, "tipo__sigla": "REQ", "tipo__descricao": "Requerimento", "autoria__autor__nome": "Raul Cassel", "texto_original": "https://sapl.camaranh.rs.gov.br/media/sapl/public/materialegislativa/2013/23693/23693_texto_integral.odt", "ementa": "Requer Voto de Congratula\u00e7\u00f5es \u00e0 Senhorita Daiani Lize pela  conquista do T\u00edtulo Miss Novo Hamburgo 2014."}, {"id": 23695, "ano": 2013, "numero": 1087, "tipo__sigla": "REQ", "tipo__descricao": "Requerimento", "autoria__autor__nome": "Professor Issur Koch", "texto_original": "https://sapl.camaranh.rs.gov.br/media/sapl/public/materialegislativa/2013/23695/23695_texto_integral.odt", "ementa": "Solicita informa\u00e7\u00f5es quanto a arrecada\u00e7\u00e3o gerada pelo Bairro Primavera, no que tange impostos e taxas. "}, {"id": 23707, "ano": 2013, "numero": 1088, "tipo__sigla": "REQ", "tipo__descricao": "Requerimento", "autoria__autor__nome": "Patr\u00edcia Beck", "texto_original": "https://sapl.camaranh.rs.gov.br/media/sapl/public/materialegislativa/2013/23707/23707_texto_integral.odt", "ementa": "Requer Voto de Congratula\u00e7\u00f5es \u00e0 empresa  Moldearte Matrizes Ltda  pela passagem de seus 05 anos de  funda\u00e7\u00e3o."}, {"id": 23708, "ano": 2013, "numero": 1089, "tipo__sigla": "REQ", "tipo__descricao": "Requerimento", "autoria__autor__nome": "Patr\u00edcia Beck", "texto_original": "https://sapl.camaranh.rs.gov.br/media/sapl/public/materialegislativa/2013/23708/23708_texto_integral.odt", "ementa": "Requerem Voto de Congratula\u00e7\u00f5es \u00e0 empresa  Volts Resist\u00eancias El\u00e9tricas Ltda. pela passagem de seus 9 anos de  funda\u00e7\u00e3o."}, {"id": 23709, "ano": 2013, "numero": 1090, "tipo__sigla": "REQ", "tipo__descricao": "Requerimento", "autoria__autor__nome": "Patr\u00edcia Beck", "texto_original": "https://sapl.camaranh.rs.gov.br/media/sapl/public/materialegislativa/2013/23709/23709_texto_integral.odt", "ementa": "Requer Voto de Congratula\u00e7\u00f5es \u00e0 empresa  Dipograf Ind\u00fastria e Com\u00e9rcio Gr\u00e1fico Ltda pela passagem de seus 23 anos de  funda\u00e7\u00e3o."}, {"id": 23710, "ano": 2013, "numero": 1091, "tipo__sigla": "REQ", "tipo__descricao": "Requerimento", "autoria__autor__nome": "Patr\u00edcia Beck", "texto_original": "https://sapl.camaranh.rs.gov.br/media/sapl/public/materialegislativa/2013/23710/23710_texto_integral.odt", "ementa": "Requer Voto de Congratula\u00e7\u00f5es \u00e0 empresa BM Fusionmaq Borrachas Maquinas e Matrizes Ltda pela passagem de seus 14 anos de  funda\u00e7\u00e3o."}, {"id": 23711, "ano": 2013, "numero": 1092, "tipo__sigla": "REQ", "tipo__descricao": "Requerimento", "autoria__autor__nome": "Patr\u00edcia Beck", "texto_original": "https://sapl.camaranh.rs.gov.br/media/sapl/public/materialegislativa/2013/23711/23711_texto_integral.odt", "ementa": "Requer Voto de Congratula\u00e7\u00f5es \u00e0 empresa JR Ind\u00fastria e Com\u00e9rcio de M\u00e1quinas e Equipamentos Ltda. pela passagem de seus 9 anos de funda\u00e7\u00e3o."}, {"id": 23713, "ano": 2013, "numero": 1093, "tipo__sigla": "REQ", "tipo__descricao": "Requerimento", "autoria__autor__nome": "Patr\u00edcia Beck", "texto_original": "https://sapl.camaranh.rs.gov.br/media/sapl/public/materialegislativa/2013/23713/23713_texto_integral.odt", "ementa": "Requer Voto de Congratula\u00e7\u00f5es \u00e0 empresa  Concept Footwear Ltda  pela passagem de seus 14 anos de  funda\u00e7\u00e3o."}, {"id": 23714, "ano": 2013, "numero": 1094, "tipo__sigla": "REQ", "tipo__descricao": "Requerimento", "autoria__autor__nome": "Patr\u00edcia Beck", "texto_original": "https://sapl.camaranh.rs.gov.br/media/sapl/public/materialegislativa/2013/23714/23714_texto_integral.odt", "ementa": "Requer Voto de Congratula\u00e7\u00f5es \u00e0 empresa S & A Com\u00e9rcio de Cal\u00e7ados Ltda  pela passagem de seus 9 anos de  funda\u00e7\u00e3o."}, {"id": 23771, "ano": 2013, "numero": 1095, "tipo__sigla": "REQ", "tipo__descricao": "Requerimento", "autoria__autor__nome": "Patr\u00edcia Beck", "texto_original": "https://sapl.camaranh.rs.gov.br/media/sapl/public/materialegislativa/2013/23771/23771_texto_integral.odt", "ementa": "Requer a realiza\u00e7\u00e3o de Sess\u00e3o Solene no dia 07 de novembro de 2013, \u00e0s 19h, para homenagear os alunos do Col\u00e9gio Estadual Engenheiro Ign\u00e1cio Christiano Plangg pela cria\u00e7\u00e3o do projeto \"ECO DESIGN\"."}, {"id": 23716, "ano": 2013, "numero": 1096, "tipo__sigla": "REQ", "tipo__descricao": "Requerimento", "autoria__autor__nome": "Patr\u00edcia Beck", "texto_original": "https://sapl.camaranh.rs.gov.br/media/sapl/public/materialegislativa/2013/23716/23716_texto_integral.odt", "ementa": "Requer votos de congratula\u00e7\u00f5es \u00e0 empresa Metalrosa Comercio de Aluminio Ltda"}, {"id": 23717, "ano": 2013, "numero": 1097, "tipo__sigla": "REQ", "tipo__descricao": "Requerimento", "autoria__autor__nome": "Antonio Lucas", "texto_original": "https://sapl.camaranh.rs.gov.br/media/sapl/public/materialegislativa/2013/23717/23717_texto_integral.odt", "ementa": "Requer que a C\u00e2mara reconhe\u00e7a leg\u00edtimo impedimento do Vereador Antonio Lucas no dia 8 de outubro de 2013, conforme declara\u00e7\u00e3o em anexo."}, {"id": 23718, "ano": 2013, "numero": 1098, "tipo__sigla": "REQ", "tipo__descricao": "Requerimento", "autoria__autor__nome": "Raul Cassel", "texto_original": "https://sapl.camaranh.rs.gov.br/media/sapl/public/materialegislativa/2013/23718/23718_texto_integral.odt", "ementa": "Requer licen\u00e7a da verean\u00e7a do dia 15 de outubro ao dia 24 de outubro de 2013 para tratar de assuntos de interesse particular."}, {"id": 23721, "ano": 2013, "numero": 1099, "tipo__sigla": "REQ", "tipo__descricao": "Requerimento", "autoria__autor__nome": "Raul Cassel", "texto_original": "https://sapl.camaranh.rs.gov.br/media/sapl/public/materialegislativa/2013/23721/23721_texto_integral.odt", "ementa": "Reitera o pedido de informa\u00e7\u00f5es n\u00ba 890/2013, no que tange item 2.  "}, {"id": 23722, "ano": 2013, "numero": 1100, "tipo__sigla": "REQ", "tipo__descricao": "Requerimento", "autoria__autor__nome": "Raul Cassel", "texto_original": "https://sapl.camaranh.rs.gov.br/media/sapl/public/materialegislativa/2013/23722/23722_texto_integral.odt", "ementa": "Reitera o pedido de informa\u00e7\u00f5es n\u00ba 893/2013, no que tange item 2. "}, {"id": 23736, "ano": 2013, "numero": 1101, "tipo__sigla": "REQ", "tipo__descricao": "Requerimento", "autoria__autor__nome": "Cristiano Coller", "texto_original": "https://sapl.camaranh.rs.gov.br/media/sapl/public/materialegislativa/2013/23736/23736_texto_integral.odt", "ementa": "Solicita informa\u00e7\u00f5es descritas abaixo."}, {"id": 23743, "ano": 2013, "numero": 1102, "tipo__sigla": "REQ", "tipo__descricao": "Requerimento", "autoria__autor__nome": "Raul Cassel", "texto_original": "https://sapl.camaranh.rs.gov.br/media/sapl/public/materialegislativa/2013/23743/23743_texto_integral.odt", "ementa": "Requer que seja convidado o senhor C\u00edrio Irineu Lemmertz J\u00fanior para participar da Sess\u00e3o Ordin\u00e1ria de 26 de novembro de 2013, para falar sobre \"Direito eleitoral, cidadania e ci\u00eancias pol\u00edticas\"."}, {"id": 23744, "ano": 2013, "numero": 1103, "tipo__sigla": "REQ", "tipo__descricao": "Requerimento", "autoria__autor__nome": "Raul Cassel", "texto_original": "https://sapl.camaranh.rs.gov.br/media/sapl/public/materialegislativa/2013/23744/23744_texto_integral.odt", "ementa": "Requer Voto de Pesar pelo falecimento do Sr. Olavo Munchen."}, {"id": 23745, "ano": 2013, "numero": 1104, "tipo__sigla": "REQ", "tipo__descricao": "Requerimento", "autoria__autor__nome": "Raul Cassel", "texto_original": "https://sapl.camaranh.rs.gov.br/media/sapl/public/materialegislativa/2013/23745/23745_texto_integral.odt", "ementa": "Requer Voto de Congratula\u00e7\u00f5es ao SR. Guido Pedro de Ara\u00fajo Liesenfeld, pela mostra de artes \"Reminisc\u00eancias\"."}, {"id": 23746, "ano": 2013, "numero": 1105, "tipo__sigla": "REQ", "tipo__descricao": "Requerimento", "autoria__autor__nome": "Raul Cassel", "texto_original": "https://sapl.camaranh.rs.gov.br/media/sapl/public/materialegislativa/2013/23746/23746_texto_integral.odt", "ementa": "Requer informa\u00e7\u00f5es sobre as receitas e despesas da SAMU/NH. "}, {"id": 23751, "ano": 2013, "numero": 1106, "tipo__sigla": "REQ", "tipo__descricao": "Requerimento", "autoria__autor__nome": "Roger Corr\u00eaa", "texto_original": "https://sapl.camaranh.rs.gov.br/media/sapl/public/materialegislativa/2013/23751/23751_texto_integral.odt", "ementa": "Requer Voto de Congratula\u00e7\u00f5es ao Consulado Colorado pela realiza\u00e7\u00e3o da 3\u00aa Festa Colorada, realizada no dia 04 de outubro, na Sociedade  Gin\u00e1stica de Hamburgo Velho."}, {"id": 23756, "ano": 2013, "numero": 1107, "tipo__sigla": "REQ", "tipo__descricao": "Requerimento", "autoria__autor__nome": "Professor Issur Koch", "texto_original": "https://sapl.camaranh.rs.gov.br/media/sapl/public/materialegislativa/2013/23756/23756_texto_integral.odt", "ementa": "Requer Voto de Congratula\u00e7\u00f5es \u00e0 Associa\u00e7\u00e3o Comercial, Industrial e de Servi\u00e7os de Novo Hamburgo, Campo Bom e Est\u00e2ncia Velha, pela passagem de seus 93 anos de exist\u00eancia."}, {"id": 23757, "ano": 2013, "numero": 1108, "tipo__sigla": "REQ", "tipo__descricao": "Requerimento", "autoria__autor__nome": "Professor Issur Koch", "texto_original": "https://sapl.camaranh.rs.gov.br/media/sapl/public/materialegislativa/2013/23757/23757_texto_integral.odt", "ementa": "Requer Voto de Congratula\u00e7\u00f5es \u00e0 equipe de jornalismo da TVNH - Canal 14."}, {"id": 23761, "ano": 2013, "numero": 1109, "tipo__sigla": "REQ", "tipo__descricao": "Requerimento", "autoria__autor__nome": "Raul Cassel", "texto_original": "https://sapl.camaranh.rs.gov.br/media/sapl/public/materialegislativa/2013/23761/23761_texto_integral.odt", "ementa": "Requer Voto de Congratula\u00e7\u00f5es \u00e0 Imobili\u00e1ria Terramar pelos seus 33 anos de atividades."}, {"id": 23762, "ano": 2013, "numero": 1110, "tipo__sigla": "REQ", "tipo__descricao": "Requerimento", "autoria__autor__nome": "Naasom Luciano", "texto_original": "https://sapl.camaranh.rs.gov.br/media/sapl/public/materialegislativa/2013/23762/23762_texto_integral.odt", "ementa": "Requer Voto de Pesar pelo falecimento da Sra. Lurdes Iella Dias"}, {"id": 23768, "ano": 2013, "numero": 1111, "tipo__sigla": "REQ", "tipo__descricao": "Requerimento", "autoria__autor__nome": "Antonio Lucas", "texto_original": "https://sapl.camaranh.rs.gov.br/media/sapl/public/materialegislativa/2013/23768/23768_texto_integral.odt", "ementa": "Requer licen\u00e7a da Verean\u00e7a por dois dias, a partir de 09/10/2013, conforme atestado m\u00e9dico em anexo."}, {"id": 23778, "ano": 2013, "numero": 1112, "tipo__sigla": "REQ", "tipo__descricao": "Requerimento", "autoria__autor__nome": "Roger Corr\u00eaa", "texto_original": "https://sapl.camaranh.rs.gov.br/media/sapl/public/materialegislativa/2013/23778/23778_texto_integral.odt", "ementa": "Requer Voto de Congratula\u00e7\u00f5es \u00e0 ASBEM - Associa\u00e7\u00e3o do Bem-Estar da Crian\u00e7a e do Adolescente pela passagem do 37\u00ba anivers\u00e1rio, comemorado no dia 07 de outubro."}, {"id": 23784, "ano": 2013, "numero": 1113, "tipo__sigla": "REQ", "tipo__descricao": "Requerimento", "autoria__autor__nome": "Cristiano Coller", "texto_original": "https://sapl.camaranh.rs.gov.br/media/sapl/public/materialegislativa/2013/23784/23784_texto_integral.odt", "ementa": "Requer Voto de Congratula\u00e7\u00f5es \u00e0 Equipe Masculina de Punhobol da Sociedade Gin\u00e1stica  pela conquista do Hexacampeonato do Mundial de Clubes."}, {"id": 23785, "ano": 2013, "numero": 1114, "tipo__sigla": "REQ", "tipo__descricao": "Requerimento", "autoria__autor__nome": "Cristiano Coller", "texto_original": "https://sapl.camaranh.rs.gov.br/media/sapl/public/materialegislativa/2013/23785/23785_texto_integral.odt", "ementa": "Requer a concess\u00e3o de medalha do \"M\u00e9rito Esportivo de Novo Hamburgo\" a cada integrante da Equipe Masculina de Punhobol da Sociedade Gin\u00e1stica."}, {"id": 23788, "ano": 2013, "numero": 1115, "tipo__sigla": "REQ", "tipo__descricao": "Requerimento", "autoria__autor__nome": "Gerson Peteffi", "texto_original": "https://sapl.camaranh.rs.gov.br/media/sapl/public/materialegislativa/2013/23788/23788_texto_integral.odt", "ementa": "Requer Voto de Congratula\u00e7\u00f5es pela passagem do Dia do M\u00e9dico."}, {"id": 23790, "ano": 2013, "numero": 1116, "tipo__sigla": "REQ", "tipo__descricao": "Requerimento", "autoria__autor__nome": "Professor Issur Koch", "texto_original": "https://sapl.camaranh.rs.gov.br/media/sapl/public/materialegislativa/2013/23790/23790_texto_integral.odt", "ementa": "Requer que seja convidado o Sr. Angelo Louzada, representante dos funcion\u00e1rios da Funda\u00e7\u00e3o de Sa\u00fade P\u00fablica de Novo Hamburgo, para participar da Sess\u00e3o Ordin\u00e1ria de 28 de novembro de 2013, a fim de falar sobre a referida Funda\u00e7\u00e3o. "}, {"id": 23796, "ano": 2013, "numero": 1117, "tipo__sigla": "REQ", "tipo__descricao": "Requerimento", "autoria__autor__nome": "Patr\u00edcia Beck", "texto_original": "https://sapl.camaranh.rs.gov.br/media/sapl/public/materialegislativa/2013/23796/23796_texto_integral.odt", "ementa": "Requer Voto de Congratula\u00e7\u00f5es \u00e0 Empresa Braspress pela instala\u00e7\u00e3o de seu novo centro operacional em Novo Hamburgo."}, {"id": 23800, "ano": 2013, "numero": 1118, "tipo__sigla": "REQ", "tipo__descricao": "Requerimento", "autoria__autor__nome": "Sergio Hanich", "texto_original": "https://sapl.camaranh.rs.gov.br/media/sapl/public/materialegislativa/2013/23800/23800_texto_integral.odt", "ementa": "Solicita informa\u00e7\u00f5es junto \u00e0 Secretaria de Educa\u00e7\u00e3o relativamente aos itens descritos abaixo."}, {"id": 23804, "ano": 2013, "numero": 1119, "tipo__sigla": "REQ", "tipo__descricao": "Requerimento", "autoria__autor__nome": "Cristiano Coller", "texto_original": "https://sapl.camaranh.rs.gov.br/media/sapl/public/materialegislativa/2013/23804/23804_texto_integral.odt", "ementa": "Requer Voto de Congratula\u00e7\u00f5es aos atletas Daniel Piu e Bianca Guimar\u00e3es."}, {"id": 23805, "ano": 2013, "numero": 1120, "tipo__sigla": "REQ", "tipo__descricao": "Requerimento", "autoria__autor__nome": "Cristiano Coller", "texto_original": "https://sapl.camaranh.rs.gov.br/media/sapl/public/materialegislativa/2013/23805/23805_texto_integral.odt", "ementa": "Solicita informa\u00e7\u00f5es sobre a venda de \u00e1gua e g\u00e1s (GLP) no munic\u00edpio. "}, {"id": 23811, "ano": 2013, "numero": 1121, "tipo__sigla": "REQ", "tipo__descricao": "Requerimento", "autoria__autor__nome": "C\u00e2mara Municipal\r\nProfessor Issur Koch", "texto_original": "https://sapl.camaranh.rs.gov.br/media/sapl/public/materialegislativa/2013/23811/23811_texto_integral.odt", "ementa": "Requer Voto de Congratula\u00e7\u00f5es ao Sport Club Americano pelo t\u00edtulo de Campe\u00e3o Ga\u00facho de Amadores."}, {"id": 23813, "ano": 2013, "numero": 1122, "tipo__sigla": "REQ", "tipo__descricao": "Requerimento", "autoria__autor__nome": "Antonio Lucas\r\nEnfermeiro Vilmar", "texto_original": "https://sapl.camaranh.rs.gov.br/media/sapl/public/materialegislativa/2013/23813/23813_texto_integral.odt", "ementa": "Requerem a realiza\u00e7\u00e3o de Sess\u00e3o Especial, com base no art. 112 do Regimento Interno, no dia 8 de novembro de 2013, \u00e0s 11 horas, para homenagear o Presidente do Tribunal de Contas da Uni\u00e3o, Augusto Nardes, pelo apoio dado a Novo Hamburgo durante o impasse da vinda do trem a Novo Hamburgo."}, {"id": 23814, "ano": 2013, "numero": 1123, "tipo__sigla": "REQ", "tipo__descricao": "Requerimento", "autoria__autor__nome": "Gerson Peteffi", "texto_original": "https://sapl.camaranh.rs.gov.br/media/sapl/public/materialegislativa/2013/23814/23814_texto_integral.odt", "ementa": "Requer Voto de Congratula\u00e7\u00f5es \u00e0 Escola Estadual de 1\u00ba Grau Ot\u00e1vio Rosa, pela passagem dos 65 anos de exist\u00eancia."}, {"id": 23816, "ano": 2013, "numero": 1124, "tipo__sigla": "REQ", "tipo__descricao": "Requerimento", "autoria__autor__nome": "Cristiano Coller", "texto_original": "https://sapl.camaranh.rs.gov.br/media/sapl/public/materialegislativa/2013/23816/23816_texto_integral.odt", "ementa": "Solicita informa\u00e7\u00f5es sobre a viabilidade de abertura da Rua \u00c9rico Ver\u00edssimo interligando a mesma com a Rua Arlindo J\u00falio Spindler, Bairro Santo Afonso."}, {"id": 23817, "ano": 2013, "numero": 1125, "tipo__sigla": "REQ", "tipo__descricao": "Requerimento", "autoria__autor__nome": "Betinho", "texto_original": "https://sapl.camaranh.rs.gov.br/media/sapl/public/materialegislativa/2013/23817/23817_texto_integral.odt", "ementa": "Requer a realiza\u00e7\u00e3o de Sess\u00e3o Solene no dia 19 de novembro de 2013, \u00e0s 19h, para a entrega do Pr\u00eamio Sebasti\u00e3o Flores, que homenageia as pessoas ou  entidades que se destacaram por sua atua\u00e7\u00e3o em defesa dos direitos dos negros e combate ao racismo em Novo Hamburgo."}, {"id": 23824, "ano": 2013, "numero": 1126, "tipo__sigla": "REQ", "tipo__descricao": "Requerimento", "autoria__autor__nome": "Professor Issur Koch", "texto_original": "https://sapl.camaranh.rs.gov.br/media/sapl/public/materialegislativa/2013/23824/23824_texto_integral.odt", "ementa": "Solicita informa\u00e7\u00f5es sobre a indica\u00e7\u00e3o do projeto \"Arte nos Trilhos\" apresentado junto ao Executivo e \u00e0 Secretaria de Cultura."}, {"id": 23846, "ano": 2013, "numero": 1127, "tipo__sigla": "REQ", "tipo__descricao": "Requerimento", "autoria__autor__nome": "Cristiano Coller\r\nJorgeTatsch\r\nNaasom Luciano\r\nPatr\u00edcia Beck\r\nSergio Hanich", "texto_original": "https://sapl.camaranh.rs.gov.br/media/sapl/public/materialegislativa/2013/23846/23846_texto_integral.odt", "ementa": "Requerem que seja convidada a Sra. Simone Zucolotto, Diretora da Funda\u00e7\u00e3o de Sa\u00fade P\u00fablica de Novo Hamburgo, para participar da Sess\u00e3o Ordin\u00e1ria do dia 07 de novembro de 2013, a fim de falar sobre a Funda\u00e7\u00e3o de Sa\u00fade de Novo Hamburgo."}, {"id": 23863, "ano": 2013, "numero": 1128, "tipo__sigla": "REQ", "tipo__descricao": "Requerimento", "autoria__autor__nome": "Professor Issur Koch", "texto_original": "https://sapl.camaranh.rs.gov.br/media/sapl/public/materialegislativa/2013/23863/23863_texto_integral.odt", "ementa": "Solicita informa\u00e7\u00f5es sobre qual a justificativa do encerramento do Projeto de Xadrez da Escola Afonso Pena, previsto para o ano de 2014."}, {"id": 23866, "ano": 2013, "numero": 1129, "tipo__sigla": "REQ", "tipo__descricao": "Requerimento", "autoria__autor__nome": "Patr\u00edcia Beck", "texto_original": "https://sapl.camaranh.rs.gov.br/media/sapl/public/materialegislativa/2013/23866/23866_texto_integral.odt", "ementa": "Requer Voto de Congratula\u00e7\u00f5es \u00e0 empresa Novo Centro, Centro de Forma\u00e7\u00e3o de Condutores  pela passagem do dia do Instrutor de Tr\u00e2nsito."}, {"id": 23867, "ano": 2013, "numero": 1130, "tipo__sigla": "REQ", "tipo__descricao": "Requerimento", "autoria__autor__nome": "Patr\u00edcia Beck", "texto_original": "https://sapl.camaranh.rs.gov.br/media/sapl/public/materialegislativa/2013/23867/23867_texto_integral.odt", "ementa": "Requer Voto de Congratula\u00e7\u00f5es \u00e0 empresa CFC Valderez, Centro de Forma\u00e7\u00e3o de Condutores  pela passagem do dia do Instrutor de Tr\u00e2nsito."}, {"id": 23870, "ano": 2013, "numero": 1131, "tipo__sigla": "REQ", "tipo__descricao": "Requerimento", "autoria__autor__nome": "Professor Issur Koch", "texto_original": "https://sapl.camaranh.rs.gov.br/media/sapl/public/materialegislativa/2013/23870/23870_texto_integral.odt", "ementa": "Solicita informa\u00e7\u00f5es sobre os compromissos firmados dentro da 1\u00aa Confer\u00eancia Municipal de Educa\u00e7\u00e3o."}, {"id": 23871, "ano": 2013, "numero": 1132, "tipo__sigla": "REQ", "tipo__descricao": "Requerimento", "autoria__autor__nome": "Luiz Fernando Farias", "texto_original": "https://sapl.camaranh.rs.gov.br/media/sapl/public/materialegislativa/2013/23871/23871_texto_integral.odt", "ementa": "Requer informa\u00e7\u00f5es referentes ao Projeto de Resolu\u00e7\u00e3o N\u00ba 6/2013."}, {"id": 23873, "ano": 2013, "numero": 1133, "tipo__sigla": "REQ", "tipo__descricao": "Requerimento", "autoria__autor__nome": "Cristiano Coller", "texto_original": "https://sapl.camaranh.rs.gov.br/media/sapl/public/materialegislativa/2013/23873/23873_texto_integral.odt", "ementa": "Requer Voto de Congratula\u00e7\u00f5es \u00e0 empresa  Ferramentas Febrapa pela passagem de seus 18 anos de  funda\u00e7\u00e3o."}, {"id": 23881, "ano": 2013, "numero": 1134, "tipo__sigla": "REQ", "tipo__descricao": "Requerimento", "autoria__autor__nome": "Gerson Peteffi", "texto_original": "https://sapl.camaranh.rs.gov.br/media/sapl/public/materialegislativa/2013/23881/23881_texto_integral.odt", "ementa": "Requer Voto de Pesar pelo falecimento do Sr. Darci Souza Tormann."}, {"id": 23882, "ano": 2013, "numero": 1135, "tipo__sigla": "REQ", "tipo__descricao": "Requerimento", "autoria__autor__nome": "Gerson Peteffi", "texto_original": "https://sapl.camaranh.rs.gov.br/media/sapl/public/materialegislativa/2013/23882/23882_texto_integral.odt", "ementa": "Requer Voto de Pesar pelo falecimento da Sr\u00aa ADAYR SIEGLE (KIKA)."}, {"id": 23896, "ano": 2013, "numero": 1136, "tipo__sigla": "REQ", "tipo__descricao": "Requerimento", "autoria__autor__nome": "Luiz Fernando Farias", "texto_original": "https://sapl.camaranh.rs.gov.br/media/sapl/public/materialegislativa/2013/23896/23896_texto_integral.odt", "ementa": "Requer licen\u00e7a da verean\u00e7a, por 5 (cinco) dias, conforme Art. 26, inciso III, da Lei Org\u00e2nica Municipal, em raz\u00e3o do falecimento de sua m\u00e3e, ocorrido dia 21 de outubro de 2013."}, {"id": 23901, "ano": 2013, "numero": 1137, "tipo__sigla": "REQ", "tipo__descricao": "Requerimento", "autoria__autor__nome": "Betinho\r\nCristiano Coller\r\nEnfermeiro Vilmar\r\nJorgeTatsch\r\nRoger Corr\u00eaa", "texto_original": "https://sapl.camaranh.rs.gov.br/media/sapl/public/materialegislativa/2013/23901/23901_texto_integral.odt", "ementa": "Requerem que sejam convidados o Jornalista Jos\u00e9 B. Pinheiro e o Assessor Maigon Emerich, do Jornal Toda Hora, para participarem da Sess\u00e3o Ordin\u00e1ria de 03 de dezembro de 2013, para falarem sobre \"\u00c9tica da Profiss\u00e3o\"."}, {"id": 23910, "ano": 2013, "numero": 1138, "tipo__sigla": "REQ", "tipo__descricao": "Requerimento", "autoria__autor__nome": "Roger Corr\u00eaa", "texto_original": "https://sapl.camaranh.rs.gov.br/media/sapl/public/materialegislativa/2013/23910/23910_texto_integral.odt", "ementa": "Requer Voto de Congratula\u00e7\u00f5es \u00e0 SALIN E OS ROGERS, vencedor do 4\u00ba lugar e do Pr\u00eamio de Melhor Int\u00e9rprete do Festival Nossa M\u00fasica pela Paz Contra as Drogas."}, {"id": 23911, "ano": 2013, "numero": 1139, "tipo__sigla": "REQ", "tipo__descricao": "Requerimento", "autoria__autor__nome": "Roger Corr\u00eaa", "texto_original": "https://sapl.camaranh.rs.gov.br/media/sapl/public/materialegislativa/2013/23911/23911_texto_integral.odt", "ementa": "Requer Voto de Congratula\u00e7\u00f5es \u00e0 LINHARES E NONETO, vencedor do 3\u00ba lugar do Festival Nossa M\u00fasica pela Paz Contra as Drogas."}, {"id": 23912, "ano": 2013, "numero": 1140, "tipo__sigla": "REQ", "tipo__descricao": "Requerimento", "autoria__autor__nome": "Roger Corr\u00eaa", "texto_original": "https://sapl.camaranh.rs.gov.br/media/sapl/public/materialegislativa/2013/23912/23912_texto_integral.odt", "ementa": "Requer Voto de Congratula\u00e7\u00f5es ao GRUPO PULPERIA, vencedor do 2\u00ba lugar  e do Pr\u00eamio de Melhor Arranjo, no Festival Nossa M\u00fasica pela Paz Contra as Drogas."}, {"id": 23913, "ano": 2013, "numero": 1141, "tipo__sigla": "REQ", "tipo__descricao": "Requerimento", "autoria__autor__nome": "Betinho", "texto_original": "https://sapl.camaranh.rs.gov.br/media/sapl/public/materialegislativa/2013/23913/23913_texto_integral.odt", "ementa": "Requer Voto de Congratula\u00e7\u00f5es a todos os sapateiros e sapateiras pela passagem do Dia do Sapateiro, comemorado no dia 25 de outubro."}, {"id": 23914, "ano": 2013, "numero": 1142, "tipo__sigla": "REQ", "tipo__descricao": "Requerimento", "autoria__autor__nome": "Cristiano Coller", "texto_original": "https://sapl.camaranh.rs.gov.br/media/sapl/public/materialegislativa/2013/23914/23914_texto_integral.odt", "ementa": "Requer Voto de Congratula\u00e7\u00f5es \u00e0 Igreja Internacional da Gra\u00e7a de Deus, pela inaugura\u00e7\u00e3o de sua nova sede em Novo Hamburgo."}, {"id": 23915, "ano": 2013, "numero": 1143, "tipo__sigla": "REQ", "tipo__descricao": "Requerimento", "autoria__autor__nome": "Cristiano Coller", "texto_original": "https://sapl.camaranh.rs.gov.br/media/sapl/public/materialegislativa/2013/23915/23915_texto_integral.odt", "ementa": "Requer Voto de Congratula\u00e7\u00f5es \u00e0 Biblioteca F\u00e1brica do Saber pela passagem de seu 11\u00ba anivers\u00e1rio."}, {"id": 23916, "ano": 2013, "numero": 1144, "tipo__sigla": "REQ", "tipo__descricao": "Requerimento", "autoria__autor__nome": "Antonio Lucas", "texto_original": "https://sapl.camaranh.rs.gov.br/media/sapl/public/materialegislativa/2013/23916/23916_texto_integral.odt", "ementa": "Solicita informa\u00e7\u00f5es sobre a Rede Escolar P\u00fablica de Educa\u00e7\u00e3o Infantil - Proinf\u00e2ncia."}, {"id": 23917, "ano": 2013, "numero": 1145, "tipo__sigla": "REQ", "tipo__descricao": "Requerimento", "autoria__autor__nome": "Roger Corr\u00eaa", "texto_original": "https://sapl.camaranh.rs.gov.br/media/sapl/public/materialegislativa/2013/23917/23917_texto_integral.odt", "ementa": "Requer Voto de Congratula\u00e7\u00f5es \u00e0 Banda BIG HILL, vencedora do 1\u00ba lugar e do J\u00fari Popular do Festival Nossa M\u00fasica pela Paz Contra as Drogas."}, {"id": 23919, "ano": 2013, "numero": 1146, "tipo__sigla": "REQ", "tipo__descricao": "Requerimento", "autoria__autor__nome": "Gerson Peteffi", "texto_original": "https://sapl.camaranh.rs.gov.br/media/sapl/public/materialegislativa/2013/23919/23919_texto_integral.odt", "ementa": "Requer Voto de Congratula\u00e7\u00f5es \u00e0 FERRAGEM OL\u00cdMPIO, pela sua inaugura\u00e7\u00e3o."}, {"id": 23948, "ano": 2013, "numero": 1147, "tipo__sigla": "REQ", "tipo__descricao": "Requerimento", "autoria__autor__nome": "C\u00e2mara Municipal", "texto_original": "https://sapl.camaranh.rs.gov.br/media/sapl/public/materialegislativa/2013/23948/23948_texto_integral.odt", "ementa": "Requerem Voto de Congratula\u00e7\u00f5es \u00e0 Patrulha T\u00e1tico M\u00f3vel - 2\u00aa Cia do 3\u00ba Batalh\u00e3o de Pol\u00edcia Militar. "}, {"id": 23951, "ano": 2013, "numero": 1148, "tipo__sigla": "REQ", "tipo__descricao": "Requerimento", "autoria__autor__nome": "COEDU - Comiss. de Educa\u00e7\u00e3o, Cultura, Desporto, Ci\u00eancia e Tecnologia", "texto_original": "https://sapl.camaranh.rs.gov.br/media/sapl/public/materialegislativa/2013/23951/23951_texto_integral.odt", "ementa": "Requerem que seja convidado um representante da SMED para prestar esclarecimentos \u00e0 comunidade sobre a altera\u00e7\u00e3o das matr\u00edculas dos 5\u00ba e 6\u00ba anos e a inser\u00e7\u00e3o do N4 e N5 nas EMEFs."}, {"id": 23953, "ano": 2013, "numero": 1149, "tipo__sigla": "REQ", "tipo__descricao": "Requerimento", "autoria__autor__nome": "Roger Corr\u00eaa", "texto_original": "https://sapl.camaranh.rs.gov.br/media/sapl/public/materialegislativa/2013/23953/23953_texto_integral.odt", "ementa": "Requer Voto de Pesar pelo falecimento do Sr. Eraldo Urbano Hainrich."}, {"id": 23954, "ano": 2013, "numero": 1150, "tipo__sigla": "REQ", "tipo__descricao": "Requerimento", "autoria__autor__nome": "C\u00e2mara Municipal\r\nEnfermeiro Vilmar", "texto_original": "https://sapl.camaranh.rs.gov.br/media/sapl/public/materialegislativa/2013/23954/23954_texto_integral.odt", "ementa": "Requerem Voto de Congratula\u00e7\u00f5es a todos os servidores p\u00fablicos desta Casa Legislativa e do munic\u00edpio de Novo Hamburgo pela passagem do seu dia."}, {"id": 23959, "ano": 2013, "numero": 1151, "tipo__sigla": "REQ", "tipo__descricao": "Requerimento", "autoria__autor__nome": "Cristiano Coller", "texto_original": "https://sapl.camaranh.rs.gov.br/media/sapl/public/materialegislativa/2013/23959/23959_texto_integral.odt", "ementa": "Requer Voto de Pesar pelo falecimento do Sra. Erc\u00edlia Lu\u00edsa Fagundes."}, {"id": 23973, "ano": 2013, "numero": 1152, "tipo__sigla": "REQ", "tipo__descricao": "Requerimento", "autoria__autor__nome": "C\u00e2mara Municipal\r\nProfessor Issur Koch", "texto_original": "https://sapl.camaranh.rs.gov.br/media/sapl/public/materialegislativa/2013/23973/23973_texto_integral.odt", "ementa": "Requerem Voto de Congratula\u00e7\u00f5es ao Esporte Clube Novo Hamburgo pelo t\u00edtulo da Copa Willy Sanvitto."}, {"id": 23974, "ano": 2013, "numero": 1153, "tipo__sigla": "REQ", "tipo__descricao": "Requerimento", "autoria__autor__nome": "Antonio Lucas", "texto_original": "https://sapl.camaranh.rs.gov.br/media/sapl/public/materialegislativa/2013/23974/23974_texto_integral.odt", "ementa": "Requer licen\u00e7a da verean\u00e7a por 5 (cinco) dias, a partir de 28 de outubro, conforme Art. 26, Inciso V da Lei Org\u00e2nica Municipal e Art. 15, Inciso V do Regimento Interno."}, {"id": 23976, "ano": 2013, "numero": 1154, "tipo__sigla": "REQ", "tipo__descricao": "Requerimento", "autoria__autor__nome": "Betinho", "texto_original": "https://sapl.camaranh.rs.gov.br/media/sapl/public/materialegislativa/2013/23976/23976_texto_integral.odt", "ementa": "Requer que Parte do Expediente da Sess\u00e3o Ordin\u00e1ria do dia 03 de dezembro de 2013 seja para prestar homenagem ao Sindicato dos Trabalhadores da Ind\u00fastria Metal\u00fargica, Mec\u00e2nica e de Material El\u00e9trico de Novo Hamburgo, pela passagem dos seus  67 anos de funda\u00e7\u00e3o."}, {"id": 23979, "ano": 2013, "numero": 1155, "tipo__sigla": "REQ", "tipo__descricao": "Requerimento", "autoria__autor__nome": "Professor Issur Koch", "texto_original": "https://sapl.camaranh.rs.gov.br/media/sapl/public/materialegislativa/2013/23979/23979_texto_integral.odt", "ementa": "Requer Voto de Congratula\u00e7\u00f5es \u00e0 Equipe Mirim de Handebol da SGNH Campe\u00e3 dos Jogos Abertos de Porto alegre (JAPA)."}, {"id": 23992, "ano": 2013, "numero": 1156, "tipo__sigla": "REQ", "tipo__descricao": "Requerimento", "autoria__autor__nome": "Gerson Peteffi", "texto_original": "https://sapl.camaranh.rs.gov.br/media/sapl/public/materialegislativa/2013/23992/23992_texto_integral.odt", "ementa": "Requer Voto de Pesar pelo falecimento da Sra. I\u00e1ra Regina Bittencourt Comasseto."}, {"id": 23994, "ano": 2013, "numero": 1157, "tipo__sigla": "REQ", "tipo__descricao": "Requerimento", "autoria__autor__nome": "Professor Issur Koch", "texto_original": "https://sapl.camaranh.rs.gov.br/media/sapl/public/materialegislativa/2013/23994/23994_texto_integral.odt", "ementa": "Requer votos de congratula\u00e7\u00f5es ao PUMAS Campe\u00e3o da 7Requer votos de congratula\u00e7\u00f5es ao PUMAS Campe\u00e3o da 7\u00aa Copa Katy Asics de Futebol 7L.\u00aa Copa Katy Asics de Futebol 7L."}, {"id": 23999, "ano": 2013, "numero": 1158, "tipo__sigla": "REQ", "tipo__descricao": "Requerimento", "autoria__autor__nome": "Sergio Hanich", "texto_original": "https://sapl.camaranh.rs.gov.br/media/sapl/public/materialegislativa/2013/23999/23999_texto_integral.odt", "ementa": "Solicita informa\u00e7\u00f5es descritas abaixo."}, {"id": 24005, "ano": 2013, "numero": 1159, "tipo__sigla": "REQ", "tipo__descricao": "Requerimento", "autoria__autor__nome": "Patr\u00edcia Beck", "texto_original": "https://sapl.camaranh.rs.gov.br/media/sapl/public/materialegislativa/2013/24005/24005_texto_integral.odt", "ementa": "Requer que a C\u00e2mara Municipal manifeste Voto de Pesar pelo falecimento do Sr. Balduino Edgar Althaus."}, {"id": 24007, "ano": 2013, "numero": 1160, "tipo__sigla": "REQ", "tipo__descricao": "Requerimento", "autoria__autor__nome": "Patr\u00edcia Beck", "texto_original": "https://sapl.camaranh.rs.gov.br/media/sapl/public/materialegislativa/2013/24007/24007_texto_integral.odt", "ementa": "Requer que  o Poder Executivo participe e apoie atrav\u00e9s das Secretarias competentes, do Projeto \"Canudos Iluminado\"."}, {"id": 24009, "ano": 2013, "numero": 1161, "tipo__sigla": "REQ", "tipo__descricao": "Requerimento", "autoria__autor__nome": "Roger Corr\u00eaa", "texto_original": "https://sapl.camaranh.rs.gov.br/media/sapl/public/materialegislativa/2013/24009/24009_texto_integral.odt", "ementa": "Requer Voto de Congratula\u00e7\u00f5es ao Sr. Jo\u00e3o Alexandre da Cruz da Rosa, pela posse como Presidente do COMJUVE - Conselho Municipal da Juventude de Novo Hamburgo, no dia 25 de outubro."}, {"id": 24010, "ano": 2013, "numero": 1162, "tipo__sigla": "REQ", "tipo__descricao": "Requerimento", "autoria__autor__nome": "Roger Corr\u00eaa", "texto_original": "https://sapl.camaranh.rs.gov.br/media/sapl/public/materialegislativa/2013/24010/24010_texto_integral.odt", "ementa": "Requer Voto de Congratula\u00e7\u00f5es ao Sr. Eliandro Cantini, Coordenador de Pol\u00edticas P\u00fablicas para a Juventude pela realiza\u00e7\u00e3o do Encontro Nacional de Conselhos de Juventude da Regi\u00e3o Sul, realizado nos dias 26 e 27 de outubro."}, {"id": 24015, "ano": 2013, "numero": 1163, "tipo__sigla": "REQ", "tipo__descricao": "Requerimento", "autoria__autor__nome": "Naasom Luciano", "texto_original": "https://sapl.camaranh.rs.gov.br/media/sapl/public/materialegislativa/2013/24015/24015_texto_integral.odt", "ementa": "Requer que a C\u00e2mara reconhe\u00e7a leg\u00edtimo impedimento do Vereador Naasom Luciano no dia 29 de outubro de 2013, conforme certid\u00e3o em anexo."}, {"id": 24017, "ano": 2013, "numero": 1164, "tipo__sigla": "REQ", "tipo__descricao": "Requerimento", "autoria__autor__nome": "Cristiano Coller", "texto_original": "https://sapl.camaranh.rs.gov.br/media/sapl/public/materialegislativa/2013/24017/24017_texto_integral.odt", "ementa": "Solicita informa\u00e7\u00f5es descritas abaixo. "}, {"id": 24021, "ano": 2013, "numero": 1165, "tipo__sigla": "REQ", "tipo__descricao": "Requerimento", "autoria__autor__nome": "Professor Issur Koch", "texto_original": "https://sapl.camaranh.rs.gov.br/media/sapl/public/materialegislativa/2013/24021/24021_texto_integral.odt", "ementa": "Requer Voto de Congratula\u00e7\u00f5es \u00e0 Albiss - Albergue de Neg\u00f3cios pela sua inaugura\u00e7\u00e3o no dia 31 de outubro de 2013."}, {"id": 24023, "ano": 2013, "numero": 1166, "tipo__sigla": "REQ", "tipo__descricao": "Requerimento", "autoria__autor__nome": "Raul Cassel", "texto_original": "https://sapl.camaranh.rs.gov.br/media/sapl/public/materialegislativa/2013/24023/24023_texto_integral.odt", "ementa": "Requer realiza\u00e7\u00e3o de Sess\u00e3o Solene para entrega do T\u00edtulo de Cidad\u00e3 Hamburguense."}, {"id": 24024, "ano": 2013, "numero": 1167, "tipo__sigla": "REQ", "tipo__descricao": "Requerimento", "autoria__autor__nome": "Professor Issur Koch\r\nRaul Cassel", "texto_original": "https://sapl.camaranh.rs.gov.br/media/sapl/public/materialegislativa/2013/24024/24024_texto_integral.odt", "ementa": "Requerem que Parte do Expediente da Sess\u00e3o Ordin\u00e1ria de 26 de novembro de 2013, seja destinada para homenagear a Equipe Masculina de Punhobol Gin\u00e1stica/Rissul."}, {"id": 24036, "ano": 2013, "numero": 1168, "tipo__sigla": "REQ", "tipo__descricao": "Requerimento", "autoria__autor__nome": "Inspetor Luz", "texto_original": "https://sapl.camaranh.rs.gov.br/media/sapl/public/materialegislativa/2013/24036/24036_texto_integral.odt", "ementa": "Requer Voto de Pesar pelo falecimento da Sra. Nora Fialho."}, {"id": 24041, "ano": 2013, "numero": 1169, "tipo__sigla": "REQ", "tipo__descricao": "Requerimento", "autoria__autor__nome": "Felipe Kuhn Braun", "texto_original": "https://sapl.camaranh.rs.gov.br/media/sapl/public/materialegislativa/2013/24041/24041_texto_integral.odt", "ementa": "Requer Voto de Congratula\u00e7\u00f5es aos diretores do Jornal Canudos, Sr. Jo\u00e3o Valderi e Sra. Rejane da Rosa, pela publica\u00e7\u00e3o referente ao Bairro Hamburgo Velho."}, {"id": 24042, "ano": 2013, "numero": 1170, "tipo__sigla": "REQ", "tipo__descricao": "Requerimento", "autoria__autor__nome": "Roger Corr\u00eaa", "texto_original": "https://sapl.camaranh.rs.gov.br/media/sapl/public/materialegislativa/2013/24042/24042_texto_integral.odt", "ementa": "Requer designa\u00e7\u00e3o do Vereador Roger Corr\u00eaa para representar o Poder P\u00fablico Legislativo Municipal, como Delegado, na 5\u00ba Confer\u00eancia Nacional das Cidades, durante os dias 20, 21, 22, 23 e 24 de novembro,  em Bras\u00edlia/DF."}, {"id": 24043, "ano": 2013, "numero": 1171, "tipo__sigla": "REQ", "tipo__descricao": "Requerimento", "autoria__autor__nome": "Professor Issur Koch", "texto_original": "https://sapl.camaranh.rs.gov.br/media/sapl/public/materialegislativa/2013/24043/24043_texto_integral.odt", "ementa": "Requer Voto de Congratula\u00e7\u00f5es \u00e0 Associa\u00e7\u00e3o Comercial, Industrial e de Servi\u00e7os de Novo Hamburgo, Campo Bom e Est\u00e2ncia Velha pelo Pr\u00eamio de Responsabilidade Social."}, {"id": 24049, "ano": 2013, "numero": 1172, "tipo__sigla": "REQ", "tipo__descricao": "Requerimento", "autoria__autor__nome": "Naasom Luciano", "texto_original": "https://sapl.camaranh.rs.gov.br/media/sapl/public/materialegislativa/2013/24049/24049_texto_integral.odt", "ementa": "Requer que parte do expediente da Sess\u00e3o Ordin\u00e1ria do dia 5 de dezembro de 2013, seja destinada para homenagear a Dupla Lucas e Felipe."}, {"id": 24053, "ano": 2013, "numero": 1173, "tipo__sigla": "REQ", "tipo__descricao": "Requerimento", "autoria__autor__nome": "Inspetor Luz", "texto_original": "https://sapl.camaranh.rs.gov.br/media/sapl/public/materialegislativa/2013/24053/24053_texto_integral.odt", "ementa": "Requer Voto de Congratula\u00e7\u00f5es \u00e0 Mil Coisas pela passagem de seus 26 anos de funda\u00e7\u00e3o."}, {"id": 24054, "ano": 2013, "numero": 1174, "tipo__sigla": "REQ", "tipo__descricao": "Requerimento", "autoria__autor__nome": "Inspetor Luz", "texto_original": "https://sapl.camaranh.rs.gov.br/media/sapl/public/materialegislativa/2013/24054/24054_texto_integral.odt", "ementa": "Requer Voto de Congratula\u00e7\u00f5es \u00e0 Rodapizza Kronhardt pela passagem de seus 34 anos de funda\u00e7\u00e3o."}, {"id": 24055, "ano": 2013, "numero": 1175, "tipo__sigla": "REQ", "tipo__descricao": "Requerimento", "autoria__autor__nome": "Inspetor Luz", "texto_original": "https://sapl.camaranh.rs.gov.br/media/sapl/public/materialegislativa/2013/24055/24055_texto_integral.odt", "ementa": "Requer Voto de Congratula\u00e7\u00f5es \u00e0 Comoto, pela passagem de seus 37 anos de funda\u00e7\u00e3o."}, {"id": 24056, "ano": 2013, "numero": 1176, "tipo__sigla": "REQ", "tipo__descricao": "Requerimento", "autoria__autor__nome": "Inspetor Luz", "texto_original": "https://sapl.camaranh.rs.gov.br/media/", "ementa": "Requer Voto de Congratula\u00e7\u00f5es \u00e0 Empresa Scatolin pela passagem de seus 21 anos de funda\u00e7\u00e3o."}, {"id": 24057, "ano": 2013, "numero": 1177, "tipo__sigla": "REQ", "tipo__descricao": "Requerimento", "autoria__autor__nome": "Inspetor Luz", "texto_original": "https://sapl.camaranh.rs.gov.br/media/sapl/public/materialegislativa/2013/24057/24057_texto_integral.odt", "ementa": "Requer Voto de Congratula\u00e7\u00f5es \u00e0 Centroeco pela passagem de seus 33 anos de funda\u00e7\u00e3o."}, {"id": 24058, "ano": 2013, "numero": 1178, "tipo__sigla": "REQ", "tipo__descricao": "Requerimento", "autoria__autor__nome": "Inspetor Luz", "texto_original": "https://sapl.camaranh.rs.gov.br/media/sapl/public/materialegislativa/2013/24058/24058_texto_integral.pdf", "ementa": "Requer Voto de Congratula\u00e7\u00f5es \u00e0 Conceito Giovanella pela passagem de seus 27 anos de funda\u00e7\u00e3o."}, {"id": 24059, "ano": 2013, "numero": 1179, "tipo__sigla": "REQ", "tipo__descricao": "Requerimento", "autoria__autor__nome": "Inspetor Luz", "texto_original": "https://sapl.camaranh.rs.gov.br/media/sapl/public/materialegislativa/2013/24059/24059_texto_integral.odt", "ementa": "Requer Voto de Congratula\u00e7\u00f5es ao Curtume Posada Ltda, pela passagem de seus 70 anos de funda\u00e7\u00e3o."}, {"id": 24060, "ano": 2013, "numero": 1180, "tipo__sigla": "REQ", "tipo__descricao": "Requerimento", "autoria__autor__nome": "Inspetor Luz", "texto_original": "https://sapl.camaranh.rs.gov.br/media/sapl/public/materialegislativa/2013/24060/24060_texto_integral.odt", "ementa": "Requer Voto de Congratula\u00e7\u00f5es a Brandenburger e Cia Ltda , pela passagem de seus 86 anos de funda\u00e7\u00e3o."}, {"id": 24061, "ano": 2013, "numero": 1181, "tipo__sigla": "REQ", "tipo__descricao": "Requerimento", "autoria__autor__nome": "Inspetor Luz", "texto_original": "https://sapl.camaranh.rs.gov.br/media/sapl/public/materialegislativa/2013/24061/24061_texto_integral.odt", "ementa": "Requer Voto de Congratula\u00e7\u00f5es \u00e0 SLV Assessoria Cont\u00e1bil, pela passagem de seus 28 anos de funda\u00e7\u00e3o."}, {"id": 24071, "ano": 2013, "numero": 1182, "tipo__sigla": "REQ", "tipo__descricao": "Requerimento", "autoria__autor__nome": "Patr\u00edcia Beck", "texto_original": "https://sapl.camaranh.rs.gov.br/media/sapl/public/materialegislativa/2013/24071/24071_texto_integral.odt", "ementa": "Requer informa\u00e7\u00f5es sobre o asfaltamento da Rua Hil\u00e1rio Ewaldt, no Bairro Redentora."}, {"id": 24073, "ano": 2013, "numero": 1183, "tipo__sigla": "REQ", "tipo__descricao": "Requerimento", "autoria__autor__nome": "JorgeTatsch", "texto_original": "https://sapl.camaranh.rs.gov.br/media/sapl/public/materialegislativa/2013/24073/24073_texto_integral.odt", "ementa": "Requer licen\u00e7a da Verean\u00e7a por 10 (dez) dias, a partir de 03/11/2013, conforme atestado m\u00e9dico em anexo."}, {"id": 24075, "ano": 2013, "numero": 1184, "tipo__sigla": "REQ", "tipo__descricao": "Requerimento", "autoria__autor__nome": "Patr\u00edcia Beck", "texto_original": "https://sapl.camaranh.rs.gov.br/media/sapl/public/materialegislativa/2013/24075/24075_texto_integral.odt", "ementa": "Requer maiores esclarecimentos sobre a conclus\u00e3o da ponte da Rua Am\u00e9rica, Bairro Canudos."}, {"id": 24077, "ano": 2013, "numero": 1185, "tipo__sigla": "REQ", "tipo__descricao": "Requerimento", "autoria__autor__nome": "Enfermeiro Vilmar", "texto_original": "https://sapl.camaranh.rs.gov.br/media/", "ementa": "Requer Voto de Congratula\u00e7\u00f5es ao Jornal Toda Hora pelo anivers\u00e1rio de 4 anos de atividades, a ser comemorado no dia 20 de novembro."}, {"id": 24083, "ano": 2013, "numero": 1186, "tipo__sigla": "REQ", "tipo__descricao": "Requerimento", "autoria__autor__nome": "Gerson Peteffi\r\nRaul Cassel\r\nSemilda - Tita", "texto_original": "https://sapl.camaranh.rs.gov.br/media/sapl/public/materialegislativa/2013/24083/24083_texto_integral.odt", "ementa": "Requerem Voto de Congratula\u00e7\u00f5es \u00e0 Sociedade Cruzeiro do Sul de Novo Hamburgo, pela comemora\u00e7\u00e3o de seus 91 anos de atividades."}, {"id": 24086, "ano": 2013, "numero": 1187, "tipo__sigla": "REQ", "tipo__descricao": "Requerimento", "autoria__autor__nome": "Raul Cassel", "texto_original": "https://sapl.camaranh.rs.gov.br/media/sapl/public/materialegislativa/2013/24086/24086_texto_integral.odt", "ementa": "Requer Voto de Congratula\u00e7\u00f5es ao novo Templo Ma\u00e7\u00f4nico de Novo Hamburgo."}, {"id": 24087, "ano": 2013, "numero": 1188, "tipo__sigla": "REQ", "tipo__descricao": "Requerimento", "autoria__autor__nome": "Raul Cassel", "texto_original": "https://sapl.camaranh.rs.gov.br/media/sapl/public/materialegislativa/2013/24087/24087_texto_integral.odt", "ementa": "Requer Voto de Pesar pelo falecimento do Sr. Alcido Kasper."}, {"id": 24088, "ano": 2013, "numero": 1189, "tipo__sigla": "REQ", "tipo__descricao": "Requerimento", "autoria__autor__nome": "Raul Cassel", "texto_original": "https://sapl.camaranh.rs.gov.br/media/sapl/public/materialegislativa/2013/24088/24088_texto_integral.odt", "ementa": "Requer Voto de Pesar pelo falecimento do Sr. Willibaldo Froehlich."}, {"id": 24089, "ano": 2013, "numero": 1190, "tipo__sigla": "REQ", "tipo__descricao": "Requerimento", "autoria__autor__nome": "Raul Cassel", "texto_original": "https://sapl.camaranh.rs.gov.br/media/sapl/public/materialegislativa/2013/24089/24089_texto_integral.odt", "ementa": "Requer Voto de Congratula\u00e7\u00f5es \u00e0 nova Diretoria da Associa\u00e7\u00e3o de Moradores de Hamburgo Velho."}, {"id": 24093, "ano": 2013, "numero": 1191, "tipo__sigla": "REQ", "tipo__descricao": "Requerimento", "autoria__autor__nome": "Enfermeiro Vilmar", "texto_original": "https://sapl.camaranh.rs.gov.br/media/sapl/public/materialegislativa/2013/24093/24093_texto_integral.odt", "ementa": "Solicita c\u00f3pia de \u00e1udio e v\u00eddeo transmitido pela TV Record, nos dias 1\u00ba e 04 de novembro de 2013, o qual vinculou a imagem do vereador Vilmar Emilio Heming."}, {"id": 24095, "ano": 2013, "numero": 1192, "tipo__sigla": "REQ", "tipo__descricao": "Requerimento", "autoria__autor__nome": "Raul Cassel", "texto_original": "https://sapl.camaranh.rs.gov.br/media/sapl/public/materialegislativa/2013/24095/24095_texto_integral.odt", "ementa": "Requer Voto de Congratula\u00e7\u00f5es ao senhor Flavio Pacheco, pela sua exposi\u00e7\u00e3o de pinturas."}, {"id": 24102, "ano": 2013, "numero": 1193, "tipo__sigla": "REQ", "tipo__descricao": "Requerimento", "autoria__autor__nome": "Professor Issur Koch", "texto_original": "https://sapl.camaranh.rs.gov.br/media/sapl/public/materialegislativa/2013/24102/24102_texto_integral.odt", "ementa": "Requer Voto de Congratula\u00e7\u00f5es a Ernesto Frederico Scheffel pelo lan\u00e7amento do livro \"Scheffel por ele mesmo\" e, pela passagem dos 35 anos da Funda\u00e7\u00e3o Scheffel."}, {"id": 24105, "ano": 2013, "numero": 1194, "tipo__sigla": "REQ", "tipo__descricao": "Requerimento", "autoria__autor__nome": "Inspetor Luz", "texto_original": "https://sapl.camaranh.rs.gov.br/media/sapl/public/materialegislativa/2013/24105/24105_texto_integral.odt", "ementa": "Requer Voto de Congratula\u00e7\u00f5es \u00e0 Metrixer Automa\u00e7\u00e3o e Inform\u00e1tica S/A, pela passagem de seus 32 anos de funda\u00e7\u00e3o."}, {"id": 24106, "ano": 2013, "numero": 1195, "tipo__sigla": "REQ", "tipo__descricao": "Requerimento", "autoria__autor__nome": "Inspetor Luz", "texto_original": "https://sapl.camaranh.rs.gov.br/media/sapl/public/materialegislativa/2013/24106/24106_texto_integral.odt", "ementa": "Requer Voto de Congratula\u00e7\u00f5es \u00e0 Aniger Cal\u00e7ados, Suprimentos e Empreendimentos Ltda, pela passagem de seus 22 anos de funda\u00e7\u00e3o."}, {"id": 24107, "ano": 2013, "numero": 1196, "tipo__sigla": "REQ", "tipo__descricao": "Requerimento", "autoria__autor__nome": "Inspetor Luz", "texto_original": "https://sapl.camaranh.rs.gov.br/media/sapl/public/materialegislativa/2013/24107/24107_texto_integral.odt", "ementa": "Requer Voto de Congratula\u00e7\u00f5es \u00e0 Elite Ind\u00fastria de Injetados Ltda. pela passagem de seus 20 anos de funda\u00e7\u00e3o."}, {"id": 24108, "ano": 2013, "numero": 1197, "tipo__sigla": "REQ", "tipo__descricao": "Requerimento", "autoria__autor__nome": "Inspetor Luz", "texto_original": "https://sapl.camaranh.rs.gov.br/media/sapl/public/materialegislativa/2013/24108/24108_texto_integral.odt", "ementa": "Requer Voto de Congratula\u00e7\u00f5es \u00e0 Socaltur Turismo pela passagem de seus 37 anos de funda\u00e7\u00e3o."}, {"id": 24109, "ano": 2013, "numero": 1198, "tipo__sigla": "REQ", "tipo__descricao": "Requerimento", "autoria__autor__nome": "Inspetor Luz", "texto_original": "https://sapl.camaranh.rs.gov.br/media/sapl/public/materialegislativa/2013/24109/24109_texto_integral.odt", "ementa": "Requer Voto de Congratula\u00e7\u00f5es a M\u00e1quinas Polar Ltda pela passagem de seus 30 anos de funda\u00e7\u00e3o."}, {"id": 24110, "ano": 2013, "numero": 1199, "tipo__sigla": "REQ", "tipo__descricao": "Requerimento", "autoria__autor__nome": "Inspetor Luz", "texto_original": "https://sapl.camaranh.rs.gov.br/media/sapl/public/materialegislativa/2013/24110/24110_texto_integral.odt", "ementa": "Requer Voto de Congratula\u00e7\u00f5es a Javel Pl\u00e1sticos Ltda, pela passagem de seus 61 anos de funda\u00e7\u00e3o."}, {"id": 24111, "ano": 2013, "numero": 1200, "tipo__sigla": "REQ", "tipo__descricao": "Requerimento", "autoria__autor__nome": "Inspetor Luz", "texto_original": "https://sapl.camaranh.rs.gov.br/media/sapl/public/materialegislativa/2013/24111/24111_texto_integral.odt", "ementa": "Requer Voto de Congratula\u00e7\u00f5es a M\u00e1quinas Morbach Ltda pela passagem de seus 36 anos de funda\u00e7\u00e3o."}, {"id": 24112, "ano": 2013, "numero": 1201, "tipo__sigla": "REQ", "tipo__descricao": "Requerimento", "autoria__autor__nome": "Inspetor Luz", "texto_original": "https://sapl.camaranh.rs.gov.br/media/sapl/public/materialegislativa/2013/24112/24112_texto_integral.odt", "ementa": "Requer Voto de Congratula\u00e7\u00f5es \u00e0 Disapatus Modelagem Para Cal\u00e7ados Ltda, pela passagem de seus 21 anos de funda\u00e7\u00e3o."}, {"id": 24113, "ano": 2013, "numero": 1202, "tipo__sigla": "REQ", "tipo__descricao": "Requerimento", "autoria__autor__nome": "Inspetor Luz", "texto_original": "https://sapl.camaranh.rs.gov.br/media/sapl/public/materialegislativa/2013/24113/24113_texto_integral.odt", "ementa": "Requer Voto de Congratula\u00e7\u00f5es \u00e0 Agr\u00edcola do Vale, pela passagem de seus 36 anos de funda\u00e7\u00e3o."}, {"id": 24114, "ano": 2013, "numero": 1203, "tipo__sigla": "REQ", "tipo__descricao": "Requerimento", "autoria__autor__nome": "Inspetor Luz", "texto_original": "https://sapl.camaranh.rs.gov.br/media/sapl/public/materialegislativa/2013/24114/24114_texto_integral.odt", "ementa": "Requer Voto de Congratula\u00e7\u00f5es \u00e0 Akorel Suprimentos Corporativos Ltda, pela passagem de seus 33 anos de funda\u00e7\u00e3o."}, {"id": 24115, "ano": 2013, "numero": 1204, "tipo__sigla": "REQ", "tipo__descricao": "Requerimento", "autoria__autor__nome": "Inspetor Luz", "texto_original": "https://sapl.camaranh.rs.gov.br/media/sapl/public/materialegislativa/2013/24115/24115_texto_integral.odt", "ementa": "Requer Voto de Congratula\u00e7\u00f5es \u00e0 JSM Alum\u00ednio pela passagem de seus 33 anos de funda\u00e7\u00e3o."}, {"id": 24116, "ano": 2013, "numero": 1205, "tipo__sigla": "REQ", "tipo__descricao": "Requerimento", "autoria__autor__nome": "Inspetor Luz", "texto_original": "https://sapl.camaranh.rs.gov.br/media/sapl/public/materialegislativa/2013/24116/24116_texto_integral.odt", "ementa": "Requer Voto de Congratula\u00e7\u00f5es \u00e0 Ortolan Instaladora El\u00e9trica Ltda, pela passagem de seus 24 anos de funda\u00e7\u00e3o."}, {"id": 24117, "ano": 2013, "numero": 1206, "tipo__sigla": "REQ", "tipo__descricao": "Requerimento", "autoria__autor__nome": "Gerson Peteffi\r\nInspetor Luz", "texto_original": "https://sapl.camaranh.rs.gov.br/media/sapl/public/materialegislativa/2013/24117/24117_texto_integral.odt", "ementa": "Requerem Voto de Congratula\u00e7\u00f5es \u00e0 Mosmann Constru\u00e7\u00f5es Ltda, pela passagem de seus 90 anos de funda\u00e7\u00e3o."}, {"id": 24121, "ano": 2013, "numero": 1207, "tipo__sigla": "REQ", "tipo__descricao": "Requerimento", "autoria__autor__nome": "Professor Issur Koch", "texto_original": "https://sapl.camaranh.rs.gov.br/media/sapl/public/materialegislativa/2013/24121/24121_texto_integral.odt", "ementa": "Requer Voto de Congratula\u00e7\u00f5es \u00e0 professora Juliana Alles de Camargo Souza."}, {"id": 24132, "ano": 2013, "numero": 1208, "tipo__sigla": "REQ", "tipo__descricao": "Requerimento", "autoria__autor__nome": "Raul Cassel", "texto_original": "https://sapl.camaranh.rs.gov.br/media/sapl/public/materialegislativa/2013/24132/24132_texto_integral.odt", "ementa": "Requer Voto de Congratula\u00e7\u00f5es ao Grupo Wheels on Fire de Patina\u00e7\u00e3o da Sociedade Gin\u00e1stica Novo Hamburgo."}, {"id": 24133, "ano": 2013, "numero": 1209, "tipo__sigla": "REQ", "tipo__descricao": "Requerimento", "autoria__autor__nome": "Raul Cassel", "texto_original": "https://sapl.camaranh.rs.gov.br/media/sapl/public/materialegislativa/2013/24133/24133_texto_integral.odt", "ementa": "Requer Voto de Congratula\u00e7\u00f5es ao Caderno \"Viver Com Sa\u00fade\" do Jornal NH."}, {"id": 24134, "ano": 2013, "numero": 1210, "tipo__sigla": "REQ", "tipo__descricao": "Requerimento", "autoria__autor__nome": "Patr\u00edcia Beck", "texto_original": "https://sapl.camaranh.rs.gov.br/media/sapl/public/materialegislativa/2013/24134/24134_texto_integral.odt", "ementa": "Requer c\u00f3pia de documentos e informa\u00e7\u00f5es sobre a Funda\u00e7\u00e3o de Sa\u00fade P\u00fablica de Novo Hamburgo."}, {"id": 24146, "ano": 2013, "numero": 1211, "tipo__sigla": "REQ", "tipo__descricao": "Requerimento", "autoria__autor__nome": "Semilda - Tita", "texto_original": "https://sapl.camaranh.rs.gov.br/media/sapl/public/materialegislativa/2013/24146/24146_texto_integral.odt", "ementa": "Solicita informa\u00e7\u00f5es sobre a canaliza\u00e7\u00e3o do esgoto \u00e0 c\u00e9u aberto do final da Rua Odon Cavalcanti, no trecho entre as Ruas Assis Brasil e a Rio Grande do Sul, no Bairro Canudos."}, {"id": 24149, "ano": 2013, "numero": 1212, "tipo__sigla": "REQ", "tipo__descricao": "Requerimento", "autoria__autor__nome": "Raul Cassel", "texto_original": "https://sapl.camaranh.rs.gov.br/media/sapl/public/materialegislativa/2013/24149/24149_texto_integral.odt", "ementa": "Requer Voto de Congratula\u00e7\u00f5es ao artista pl\u00e1stico Cl\u00e1udio Cupertino, pela sua exposi\u00e7\u00e3o de artes."}, {"id": 24150, "ano": 2013, "numero": 1213, "tipo__sigla": "REQ", "tipo__descricao": "Requerimento", "autoria__autor__nome": "Raul Cassel", "texto_original": "https://sapl.camaranh.rs.gov.br/media/sapl/public/materialegislativa/2013/24150/24150_texto_integral.odt", "ementa": "Requer Voto de Congratula\u00e7\u00f5es \u00e0 Senhora Renate Gigel/Presidente da Alvales, patronesse da Feira do Livro/2013 . "}, {"id": 24151, "ano": 2013, "numero": 1214, "tipo__sigla": "REQ", "tipo__descricao": "Requerimento", "autoria__autor__nome": "Raul Cassel", "texto_original": "https://sapl.camaranh.rs.gov.br/media/sapl/public/materialegislativa/2013/24151/24151_texto_integral.odt", "ementa": "Requer Voto de Congratula\u00e7\u00f5es \u00e0s Equipes de Handebol Santa/Feevale, pelas suas recentes conquistas."}, {"id": 24157, "ano": 2013, "numero": 1215, "tipo__sigla": "REQ", "tipo__descricao": "Requerimento", "autoria__autor__nome": "Cristiano Coller", "texto_original": "https://sapl.camaranh.rs.gov.br/media/sapl/public/materialegislativa/2013/24157/24157_texto_integral.odt", "ementa": "Requer informa\u00e7\u00f5es sobre obra de canaliza\u00e7\u00e3o na Rua Marques do Alegrete, Bairro Ideal."}, {"id": 24158, "ano": 2013, "numero": 1216, "tipo__sigla": "REQ", "tipo__descricao": "Requerimento", "autoria__autor__nome": "Cristiano Coller", "texto_original": "https://sapl.camaranh.rs.gov.br/media/sapl/public/materialegislativa/2013/24158/24158_texto_integral.odt", "ementa": "Requer informa\u00e7\u00f5es sobre obra da Rua Marc\u00edrio J. Pereira, Bairro Primavera."}, {"id": 24159, "ano": 2013, "numero": 1217, "tipo__sigla": "REQ", "tipo__descricao": "Requerimento", "autoria__autor__nome": "Cristiano Coller", "texto_original": "https://sapl.camaranh.rs.gov.br/media/sapl/public/materialegislativa/2013/24159/24159_texto_integral.odt", "ementa": "Requer informa\u00e7\u00f5es referente \u00e0 falta de  canaliza\u00e7\u00e3o de esgoto no final da Rua Marc\u00edrio J. Pereira, Bairro Primavera."}, {"id": 24163, "ano": 2013, "numero": 1218, "tipo__sigla": "REQ", "tipo__descricao": "Requerimento", "autoria__autor__nome": "Mesa da C\u00e2mara Municipal", "texto_original": "https://sapl.camaranh.rs.gov.br/media/sapl/public/materialegislativa/2013/24163/24163_texto_integral.odt", "ementa": "Requerem urg\u00eancia e inclus\u00e3o do Projeto de Lei n\u00ba 171/2013, de autoria do Executivo, que \"Concede aux\u00edlio financeiro a entidades que menciona, aponta recurso, e d\u00e1 outras provid\u00eancias.&#8221;, na Ordem do Dia das Sess\u00f5es Ordin\u00e1rias de 07 e 12 de novembro de 2013, para ser apreciado em primeira e segunda vota\u00e7\u00f5es, respectivamente, conforme facultado pelo \u00a7 8\u00ba do art. 150 do Regimento Interno."}, {"id": 24164, "ano": 2013, "numero": 1219, "tipo__sigla": "REQ", "tipo__descricao": "Requerimento", "autoria__autor__nome": "Mesa da C\u00e2mara Municipal", "texto_original": "https://sapl.camaranh.rs.gov.br/media/sapl/public/materialegislativa/2013/24164/24164_texto_integral.odt", "ementa": "Requerem urg\u00eancia e inclus\u00e3o na Ordem do Dia da Sess\u00e3o Ordin\u00e1ria no dia 07 de novembro de 2013, para que seja apreciado em 1\u00aa vota\u00e7\u00e3o, e no dia 12 de novembro de 2013 em 2\u00aa vota\u00e7\u00e3o, o Substitutivo ao Projeto de Resolu\u00e7\u00e3o n\u00b0 06/2013, de autoria dos Vereadores Antonio Lucas e Inspetor Luz, que &#8220;D\u00e1 nova reda\u00e7\u00e3o ao art. 32 e ao art. 123, e acrescenta par\u00e1grafo ao art. 127, na Resolu\u00e7\u00e3o n\u00ba 8/15L/2009, de 11 de dezembro de 2009, que \"disp\u00f5e sobre o Regimento Interno da C\u00e2mara Municipal de Novo Hamburgo&#8221;."}, {"id": 24166, "ano": 2013, "numero": 1220, "tipo__sigla": "REQ", "tipo__descricao": "Requerimento", "autoria__autor__nome": "Patr\u00edcia Beck", "texto_original": "https://sapl.camaranh.rs.gov.br/media/sapl/public/materialegislativa/2013/24166/24166_texto_integral.odt", "ementa": "Requer Voto de Congratula\u00e7\u00f5es \u00e0 empresa       Madder M\u00f3veis Ltda, pela passagem de seus 03  anos de  funda\u00e7\u00e3o."}, {"id": 24167, "ano": 2013, "numero": 1221, "tipo__sigla": "REQ", "tipo__descricao": "Requerimento", "autoria__autor__nome": "Patr\u00edcia Beck", "texto_original": "https://sapl.camaranh.rs.gov.br/media/sapl/public/materialegislativa/2013/24167/24167_texto_integral.odt", "ementa": "Requer Voto de Congratula\u00e7\u00f5es \u00e0 empresa Mec\u00e2nica Auto Giro Ltda, pela passagem de seus 19  anos de  funda\u00e7\u00e3o."}, {"id": 24168, "ano": 2013, "numero": 1222, "tipo__sigla": "REQ", "tipo__descricao": "Requerimento", "autoria__autor__nome": "Patr\u00edcia Beck", "texto_original": "https://sapl.camaranh.rs.gov.br/media/sapl/public/materialegislativa/2013/24168/24168_texto_integral.odt", "ementa": "Requer Voto de Congratula\u00e7\u00f5es \u00e0 empresa  Oldin Ind\u00fastria e Com\u00e9rcio de Grampos e Fitas Adesivas Ltda,  pela passagem de seus 12  anos de  funda\u00e7\u00e3o."}, {"id": 24169, "ano": 2013, "numero": 1223, "tipo__sigla": "REQ", "tipo__descricao": "Requerimento", "autoria__autor__nome": "Patr\u00edcia Beck", "texto_original": "https://sapl.camaranh.rs.gov.br/media/sapl/public/materialegislativa/2013/24169/24169_texto_integral.odt", "ementa": "Requer Voto de Congratula\u00e7\u00f5es \u00e0 empresa Fachetesinos Componentes para Cal\u00e7ados Ltda, pela passagem de seus 03  anos de  funda\u00e7\u00e3o"}, {"id": 24170, "ano": 2013, "numero": 1224, "tipo__sigla": "REQ", "tipo__descricao": "Requerimento", "autoria__autor__nome": "Patr\u00edcia Beck", "texto_original": "https://sapl.camaranh.rs.gov.br/media/sapl/public/materialegislativa/2013/24170/24170_texto_integral.odt", "ementa": "Requer Voto de Congratula\u00e7\u00f5es \u00e0 empresa H e M Ind\u00fastria de M\u00f3veis sob Medida Ltda. pela passagem de seus 11 anos de funda\u00e7\u00e3o."}, {"id": 24171, "ano": 2013, "numero": 1225, "tipo__sigla": "REQ", "tipo__descricao": "Requerimento", "autoria__autor__nome": "Patr\u00edcia Beck", "texto_original": "https://sapl.camaranh.rs.gov.br/media/sapl/public/materialegislativa/2013/24171/24171_texto_integral.odt", "ementa": "Requer Voto de Congratula\u00e7\u00f5es \u00e0 empresa Metal\u00fargica PKM Ltda., pela passagem de seus 03 anos de funda\u00e7\u00e3o."}, {"id": 24172, "ano": 2013, "numero": 1226, "tipo__sigla": "REQ", "tipo__descricao": "Requerimento", "autoria__autor__nome": "Patr\u00edcia Beck", "texto_original": "https://sapl.camaranh.rs.gov.br/media/sapl/public/materialegislativa/2013/24172/24172_texto_integral.odt", "ementa": "Requer Voto de Congratula\u00e7\u00f5es \u00e0 empresa       Argemiro de Lima da Silva, pela passagem de seus 51  anos de  funda\u00e7\u00e3o."}, {"id": 24173, "ano": 2013, "numero": 1227, "tipo__sigla": "REQ", "tipo__descricao": "Requerimento", "autoria__autor__nome": "Patr\u00edcia Beck", "texto_original": "https://sapl.camaranh.rs.gov.br/media/sapl/public/materialegislativa/2013/24173/24173_texto_integral.odt", "ementa": "Requer Voto de Congratula\u00e7\u00f5es \u00e0 empresa Ind\u00fastria de Navalhas Rawa Ltda pela passagem de seus 05  anos de  funda\u00e7\u00e3o."}, {"id": 24174, "ano": 2013, "numero": 1228, "tipo__sigla": "REQ", "tipo__descricao": "Requerimento", "autoria__autor__nome": "Patr\u00edcia Beck", "texto_original": "https://sapl.camaranh.rs.gov.br/media/sapl/public/materialegislativa/2013/24174/24174_texto_integral.odt", "ementa": "Requer Voto de Congratula\u00e7\u00f5es \u00e0 empresa Tecnoinjet Injetados e Matrizes Ltda pela passagem de seus 20 anos de funda\u00e7\u00e3o."}, {"id": 24175, "ano": 2013, "numero": 1229, "tipo__sigla": "REQ", "tipo__descricao": "Requerimento", "autoria__autor__nome": "Patr\u00edcia Beck", "texto_original": "https://sapl.camaranh.rs.gov.br/media/sapl/public/materialegislativa/2013/24175/24175_texto_integral.odt", "ementa": "Requer Voto de Congratula\u00e7\u00f5es \u00e0 empresa Technik Ind\u00fastria Metal\u00fargica Ltda pela passagem de seus 20  anos de funda\u00e7\u00e3o."}, {"id": 24176, "ano": 2013, "numero": 1230, "tipo__sigla": "REQ", "tipo__descricao": "Requerimento", "autoria__autor__nome": "Gerson Peteffi\r\nPatr\u00edcia Beck", "texto_original": "https://sapl.camaranh.rs.gov.br/media/sapl/public/materialegislativa/2013/24176/24176_texto_integral.odt", "ementa": "Requer Voto de Congratula\u00e7\u00f5es \u00e0 empresa Eterna M\u00f3veis e Esquadrias Ltda pela passagem de seus 30  anos de funda\u00e7\u00e3o."}, {"id": 24178, "ano": 2013, "numero": 1231, "tipo__sigla": "REQ", "tipo__descricao": "Requerimento", "autoria__autor__nome": "Gerson Peteffi\r\nLuiz Fernando Farias", "texto_original": "https://sapl.camaranh.rs.gov.br/media/sapl/public/materialegislativa/2013/24178/24178_texto_integral.odt", "ementa": "Requerem Voto de Pesar pelo falecimento do Sr. Jo\u00e3o Geraldo Alano da Silva."}, {"id": 24187, "ano": 2013, "numero": 1232, "tipo__sigla": "REQ", "tipo__descricao": "Requerimento", "autoria__autor__nome": "Sergio Hanich", "texto_original": "https://sapl.camaranh.rs.gov.br/media/sapl/public/materialegislativa/2013/24187/24187_texto_integral.odt", "ementa": "Requer informa\u00e7\u00f5es sobre os gastos com publicidade oficial do Poder Executivo."}, {"id": 24188, "ano": 2013, "numero": 1233, "tipo__sigla": "REQ", "tipo__descricao": "Requerimento", "autoria__autor__nome": "Sergio Hanich", "texto_original": "https://sapl.camaranh.rs.gov.br/media/sapl/public/materialegislativa/2013/24188/24188_texto_integral.odt", "ementa": "Requer informa\u00e7\u00f5es sobre os gastos com publicidade oficial do Poder Legislativo."}, {"id": 24201, "ano": 2013, "numero": 1234, "tipo__sigla": "REQ", "tipo__descricao": "Requerimento", "autoria__autor__nome": "Cristiano Coller\r\nSergio Hanich", "texto_original": "https://sapl.camaranh.rs.gov.br/media/sapl/public/materialegislativa/2013/24201/24201_texto_integral.odt", "ementa": "Requer Voto de Pesar pelo falecimento do Sr. Ernesto Jaco Moehlecke."}, {"id": 24203, "ano": 2013, "numero": 1235, "tipo__sigla": "REQ", "tipo__descricao": "Requerimento", "autoria__autor__nome": "Cristiano Coller\r\nC\u00e2mara Municipal", "texto_original": "https://sapl.camaranh.rs.gov.br/media/sapl/public/materialegislativa/2013/24203/24203_texto_integral.odt", "ementa": "Requer Voto de Congratula\u00e7\u00f5es ao Esporte Clube Novo Hamburgo, pelo t\u00edtulo da Copa Metropolitana."}, {"id": 24211, "ano": 2013, "numero": 1236, "tipo__sigla": "REQ", "tipo__descricao": "Requerimento", "autoria__autor__nome": "Gerson Peteffi\r\nProfessor Issur Koch", "texto_original": "https://sapl.camaranh.rs.gov.br/media/sapl/public/materialegislativa/2013/24211/24211_texto_integral.odt", "ementa": "Requer Voto de Congratula\u00e7\u00f5es \u00e0 Escola Municipal de Ensino Fundamental Jos\u00e9 Bonif\u00e1cio."}, {"id": 24215, "ano": 2013, "numero": 1237, "tipo__sigla": "REQ", "tipo__descricao": "Requerimento", "autoria__autor__nome": "Raul Cassel", "texto_original": "https://sapl.camaranh.rs.gov.br/media/sapl/public/materialegislativa/2013/24215/24215_texto_integral.odt", "ementa": "Requer Voto de Congratula\u00e7\u00f5es \u00e0 E.M.E.F. Presidente Floriano Peixoto pela realiza\u00e7\u00e3o da Semana Liter\u00e1ria."}, {"id": 24216, "ano": 2013, "numero": 1238, "tipo__sigla": "REQ", "tipo__descricao": "Requerimento", "autoria__autor__nome": "Raul Cassel", "texto_original": "https://sapl.camaranh.rs.gov.br/media/sapl/public/materialegislativa/2013/24216/24216_texto_integral.odt", "ementa": "Requer Voto de Congratula\u00e7\u00f5es aos atletas de Nata\u00e7\u00e3o da Gin\u00e1stica/PioXII pela conquista do Campeonato Estadual do Interior de Nata\u00e7\u00e3o."}, {"id": 24217, "ano": 2013, "numero": 1239, "tipo__sigla": "REQ", "tipo__descricao": "Requerimento", "autoria__autor__nome": "Raul Cassel", "texto_original": "https://sapl.camaranh.rs.gov.br/media/sapl/public/materialegislativa/2013/24217/24217_texto_integral.odt", "ementa": "Requer Voto de Congratula\u00e7\u00f5es ao Senhor Nei Sebasti\u00e3o Domingues Jr., vencedor na categoria Hobby - Concurso Gourmet/2013."}, {"id": 24218, "ano": 2013, "numero": 1240, "tipo__sigla": "REQ", "tipo__descricao": "Requerimento", "autoria__autor__nome": "Raul Cassel", "texto_original": "https://sapl.camaranh.rs.gov.br/media/sapl/public/materialegislativa/2013/24218/24218_texto_integral.odt", "ementa": "Requer Voto de Congratula\u00e7\u00f5es \u00e0 Senhorita J\u00falia Streider, vencedora na categoria Estudante-Concurso Gourmet/2013."}, {"id": 24219, "ano": 2013, "numero": 1241, "tipo__sigla": "REQ", "tipo__descricao": "Requerimento", "autoria__autor__nome": "Raul Cassel", "texto_original": "https://sapl.camaranh.rs.gov.br/media/sapl/public/materialegislativa/2013/24219/24219_texto_integral.odt", "ementa": "Requer Voto de Congratula\u00e7\u00f5es ao Senhor Murilo Modesti, vencedor na categoria Profissional - Concurso Gourmet/2013."}, {"id": 24220, "ano": 2013, "numero": 1242, "tipo__sigla": "REQ", "tipo__descricao": "Requerimento", "autoria__autor__nome": "Raul Cassel", "texto_original": "https://sapl.camaranh.rs.gov.br/media/sapl/public/materialegislativa/2013/24220/24220_texto_integral.odt", "ementa": "Requer Voto de Congratula\u00e7\u00f5es \u00e0 nova Diretoria do CREMERS (Conselho Regional de Medicina do Rio Grande do Sul)."}, {"id": 24221, "ano": 2013, "numero": 1243, "tipo__sigla": "REQ", "tipo__descricao": "Requerimento", "autoria__autor__nome": "Naasom Luciano", "texto_original": "https://sapl.camaranh.rs.gov.br/media/sapl/public/materialegislativa/2013/24221/24221_texto_integral.odt", "ementa": "Requer Voto de Pesar pelo falecimento do Sr. Armando Antonio Quintana Nunes."}, {"id": 24235, "ano": 2013, "numero": 1244, "tipo__sigla": "REQ", "tipo__descricao": "Requerimento", "autoria__autor__nome": "Raul Cassel", "texto_original": "https://sapl.camaranh.rs.gov.br/media/sapl/public/materialegislativa/2013/24235/24235_texto_integral.odt", "ementa": "Requer Voto de Pesar pelo falecimento do Senhor Jose Manoel de Mello."}, {"id": 24237, "ano": 2013, "numero": 1245, "tipo__sigla": "REQ", "tipo__descricao": "Requerimento", "autoria__autor__nome": "Raul Cassel", "texto_original": "https://sapl.camaranh.rs.gov.br/media/sapl/public/materialegislativa/2013/24237/24237_texto_integral.odt", "ementa": "Requer Voto de Pesar pelo falecimento do Senhor Breno Spier."}, {"id": 24240, "ano": 2013, "numero": 1246, "tipo__sigla": "REQ", "tipo__descricao": "Requerimento", "autoria__autor__nome": "Raul Cassel", "texto_original": "https://sapl.camaranh.rs.gov.br/media/sapl/public/materialegislativa/2013/24240/24240_texto_integral.odt", "ementa": "Requer Voto de Congratula\u00e7\u00f5es ao jovem Lucas Starke Koch, presidente da JCI."}, {"id": 24257, "ano": 2013, "numero": 1247, "tipo__sigla": "REQ", "tipo__descricao": "Requerimento", "autoria__autor__nome": "Raul Cassel", "texto_original": "https://sapl.camaranh.rs.gov.br/media/sapl/public/materialegislativa/2013/24257/24257_texto_integral.odt", "ementa": "Requer que seja convidada a Senhora RAMONA SANDER, Presidente da ASSOCIA\u00c7\u00c3O N\u00d3IA V\u00d4LEI DE ESPORTE, CULTURA E LAZER, para participar da Sess\u00e3o Ordin\u00e1ria de 21 de novembro de 2013 para prestar esclarecimentos acerca do projeto bem como do trabalho desenvolvido no ano de 2013."}, {"id": 24266, "ano": 2013, "numero": 1248, "tipo__sigla": "REQ", "tipo__descricao": "Requerimento", "autoria__autor__nome": "Cristiano Coller\r\nJorgeTatsch\r\nPatr\u00edcia Beck\r\nRaul Cassel\r\nSergio Hanich", "texto_original": "https://sapl.camaranh.rs.gov.br/media/sapl/public/materialegislativa/2013/24266/24266_texto_integral.odt", "ementa": "Requer informa\u00e7\u00f5es mais esclarecedoras referentes \u00e0 interdi\u00e7\u00e3o da sede da Sociedade Esportiva e Recreativa Liberdade."}, {"id": 24270, "ano": 2013, "numero": 1249, "tipo__sigla": "REQ", "tipo__descricao": "Requerimento", "autoria__autor__nome": "Antonio Lucas\r\nRaul Cassel", "texto_original": "https://sapl.camaranh.rs.gov.br/media/sapl/public/materialegislativa/2013/24270/24270_texto_integral.odt", "ementa": "Requer que seja convidado o Sr. Claudio Cupertino para participar da Sess\u00e3o Ordin\u00e1ria de 21 de novembro de 2013, a fim de falar sobre sua exposi\u00e7\u00e3o de quadros e a import\u00e2ncia da arte."}, {"id": 24284, "ano": 2013, "numero": 1250, "tipo__sigla": "REQ", "tipo__descricao": "Requerimento", "autoria__autor__nome": "Raul Cassel", "texto_original": "https://sapl.camaranh.rs.gov.br/media/sapl/public/materialegislativa/2013/24284/24284_texto_integral.odt", "ementa": "Requer a concess\u00e3o de medalha do \"M\u00e9rito Esportivo de Novo Hamburgo\" ao atleta CRISTYAN RYAN ECKHARDT."}, {"id": 24285, "ano": 2013, "numero": 1251, "tipo__sigla": "REQ", "tipo__descricao": "Requerimento", "autoria__autor__nome": "Raul Cassel", "texto_original": "https://sapl.camaranh.rs.gov.br/media/sapl/public/materialegislativa/2013/24285/24285_texto_integral.odt", "ementa": "Requer Voto de Pesar pelo falecimento da Sra. Nelsi Maria Daudt."}, {"id": 24286, "ano": 2013, "numero": 1252, "tipo__sigla": "REQ", "tipo__descricao": "Requerimento", "autoria__autor__nome": "Raul Cassel", "texto_original": "https://sapl.camaranh.rs.gov.br/media/sapl/public/materialegislativa/2013/24286/24286_texto_integral.odt", "ementa": "Requer Voto de Congratula\u00e7\u00f5es ao jovem atleta Cristyan Ryan Eckhardt, pela conquista do t\u00edtulo de Campe\u00e3o Brasileiro de Motocross"}, {"id": 24287, "ano": 2013, "numero": 1253, "tipo__sigla": "REQ", "tipo__descricao": "Requerimento", "autoria__autor__nome": "Raul Cassel", "texto_original": "https://sapl.camaranh.rs.gov.br/media/sapl/public/materialegislativa/2013/24287/24287_texto_integral.odt", "ementa": "Requer Voto de Congratula\u00e7\u00f5es ao Senhor Ant\u00f4nio de Moraes, campe\u00e3o estadual de atletismo."}, {"id": 24299, "ano": 2013, "numero": 1254, "tipo__sigla": "REQ", "tipo__descricao": "Requerimento", "autoria__autor__nome": "Cristiano Coller", "texto_original": "https://sapl.camaranh.rs.gov.br/media/sapl/public/materialegislativa/2013/24299/24299_texto_integral.odt", "ementa": "Requer Voto de Congratula\u00e7\u00f5es ao Sport Club Americano pela conquista do Sul-Brasileiro de Futebol Amador. "}, {"id": 24301, "ano": 2013, "numero": 1255, "tipo__sigla": "REQ", "tipo__descricao": "Requerimento", "autoria__autor__nome": "Naasom Luciano", "texto_original": "https://sapl.camaranh.rs.gov.br/media/sapl/public/materialegislativa/2013/24301/24301_texto_integral.odt", "ementa": "Requer a retirada do Projeto de Lei n\u00ba 164/2013, que \"Disp\u00f5e sobre assist\u00eancia t\u00e9cnica gratuita a projeto e constru\u00e7\u00e3o de moradia econ\u00f4mica\"."}, {"id": 24304, "ano": 2013, "numero": 1256, "tipo__sigla": "REQ", "tipo__descricao": "Requerimento", "autoria__autor__nome": "Professor Issur Koch", "texto_original": "https://sapl.camaranh.rs.gov.br/media/sapl/public/materialegislativa/2013/24304/24304_texto_integral.odt", "ementa": "Requer Voto de Congratula\u00e7\u00f5es ao Lions Clube Novo Hamburgo Industrial pelo projeto \"Cidadania, Civismo, Educa\u00e7\u00e3o e Cultura\"."}, {"id": 24315, "ano": 2013, "numero": 1257, "tipo__sigla": "REQ", "tipo__descricao": "Requerimento", "autoria__autor__nome": "Luiz Fernando Farias", "texto_original": "https://sapl.camaranh.rs.gov.br/media/sapl/public/materialegislativa/2013/24315/24315_texto_integral.odt", "ementa": "Requer Voto de Pesar pelo falecimento do Sr. \u00canio Corr\u00eaa de Andrade.                            "}, {"id": 24332, "ano": 2013, "numero": 1258, "tipo__sigla": "REQ", "tipo__descricao": "Requerimento", "autoria__autor__nome": "Cristiano Coller", "texto_original": "https://sapl.camaranh.rs.gov.br/media/sapl/public/materialegislativa/2013/24332/24332_texto_integral.odt", "ementa": "Requer informa\u00e7\u00f5es sobre as coletas de lixo da Vega Sopave, no Bairro Boa Sa\u00fade."}, {"id": 24334, "ano": 2013, "numero": 1259, "tipo__sigla": "REQ", "tipo__descricao": "Requerimento", "autoria__autor__nome": "Professor Issur Koch", "texto_original": "https://sapl.camaranh.rs.gov.br/media/sapl/public/materialegislativa/2013/24334/24334_texto_integral.odt", "ementa": "Requer Voto de Congratula\u00e7\u00f5es \u00e0 Sinosnet pelo seu 15\u00ba anivers\u00e1rio."}, {"id": 24345, "ano": 2013, "numero": 1260, "tipo__sigla": "REQ", "tipo__descricao": "Requerimento", "autoria__autor__nome": "Enfermeiro Vilmar", "texto_original": "https://sapl.camaranh.rs.gov.br/media/sapl/public/materialegislativa/2013/24345/24345_texto_integral.odt", "ementa": "Requer que seja convidada a representante da Liga Feminina de Combate ao C\u00e2ncer para participar da Sess\u00e3o Ordin\u00e1ria de 28 de novembro de 2013, a fim de falar sobre o Dia Nacional de Combate ao C\u00e2ncer."}, {"id": 24346, "ano": 2013, "numero": 1261, "tipo__sigla": "REQ", "tipo__descricao": "Requerimento", "autoria__autor__nome": "Gerson Peteffi", "texto_original": "https://sapl.camaranh.rs.gov.br/media/sapl/public/materialegislativa/2013/24346/24346_texto_integral.odt", "ementa": "Requer Voto de Pesar pelo falecimento da Sra. Elly Luiza Thiesen."}, {"id": 24347, "ano": 2013, "numero": 1262, "tipo__sigla": "REQ", "tipo__descricao": "Requerimento", "autoria__autor__nome": "Gerson Peteffi", "texto_original": "https://sapl.camaranh.rs.gov.br/media/sapl/public/materialegislativa/2013/24347/24347_texto_integral.odt", "ementa": "Requer a indica\u00e7\u00e3o do Vereador Gerson  Peteffi, para representar a C\u00e2mara Municipal de Novo Hamburgo, na solenidade de inaugura\u00e7\u00e3o da nova unidade de sa\u00fade, denominada \"MAIS VIDA\", a realizar-se no dia 22 de novembro \u00e0s 19h, na cidade de Ivoti."}, {"id": 24348, "ano": 2013, "numero": 1263, "tipo__sigla": "REQ", "tipo__descricao": "Requerimento", "autoria__autor__nome": "Professor Issur Koch", "texto_original": "https://sapl.camaranh.rs.gov.br/media/sapl/public/materialegislativa/2013/24348/24348_texto_integral.odt", "ementa": "Requer voto de congratula\u00e7\u00f5es \u00e0 Professora Daiana de Castilhos da EMEF Monteiro Lobato."}, {"id": 24349, "ano": 2013, "numero": 1264, "tipo__sigla": "REQ", "tipo__descricao": "Requerimento", "autoria__autor__nome": "Professor Issur Koch", "texto_original": "https://sapl.camaranh.rs.gov.br/media/sapl/public/materialegislativa/2013/24349/24349_texto_integral.odt", "ementa": "Requer Voto de Congratula\u00e7\u00f5es \u00e0 Escola Municipal de Ensino Fundamental Monteiro Lobato."}, {"id": 24350, "ano": 2013, "numero": 1265, "tipo__sigla": "REQ", "tipo__descricao": "Requerimento", "autoria__autor__nome": "Professor Issur Koch", "texto_original": "https://sapl.camaranh.rs.gov.br/media/sapl/public/materialegislativa/2013/24350/24350_texto_integral.odt", "ementa": "Requer Voto de Congratula\u00e7\u00f5es \u00e0 Professora Jorlete de Santana, da EMEF Conde D'Eu."}, {"id": 24351, "ano": 2013, "numero": 1266, "tipo__sigla": "REQ", "tipo__descricao": "Requerimento", "autoria__autor__nome": "Professor Issur Koch", "texto_original": "https://sapl.camaranh.rs.gov.br/media/sapl/public/materialegislativa/2013/24351/24351_texto_integral.odt", "ementa": "Requer Voto de Congratula\u00e7\u00f5es \u00e0 Professora Viviane Dilkin, da EMEF Monteiro Lobato.               "}, {"id": 24352, "ano": 2013, "numero": 1267, "tipo__sigla": "REQ", "tipo__descricao": "Requerimento", "autoria__autor__nome": "Professor Issur Koch", "texto_original": "https://sapl.camaranh.rs.gov.br/media/sapl/public/materialegislativa/2013/24352/24352_texto_integral.odt", "ementa": "Requer Voto de Congratula\u00e7\u00f5es \u00e0 Escola Municipal de Ensino Fundamental Conde D'Eu."}, {"id": 24368, "ano": 2013, "numero": 1268, "tipo__sigla": "REQ", "tipo__descricao": "Requerimento", "autoria__autor__nome": "Raul Cassel", "texto_original": "https://sapl.camaranh.rs.gov.br/media/sapl/public/materialegislativa/2013/24368/24368_texto_integral.odt", "ementa": "Requer a concess\u00e3o de medalha do \"M\u00e9rito Esportivo de Novo Hamburgo\" ao atleta LEONARDO BECKER DE WALLAU."}, {"id": 24369, "ano": 2013, "numero": 1269, "tipo__sigla": "REQ", "tipo__descricao": "Requerimento", "autoria__autor__nome": "Raul Cassel", "texto_original": "https://sapl.camaranh.rs.gov.br/media/sapl/public/materialegislativa/2013/24369/24369_texto_integral.odt", "ementa": "Requer a concess\u00e3o de medalha do \"M\u00e9rito Esportivo de Novo Hamburgo\" ao atleta GABRIEL WAZLAWICK DRUMM."}, {"id": 24370, "ano": 2013, "numero": 1270, "tipo__sigla": "REQ", "tipo__descricao": "Requerimento", "autoria__autor__nome": "Raul Cassel", "texto_original": "https://sapl.camaranh.rs.gov.br/media/sapl/public/materialegislativa/2013/24370/24370_texto_integral.odt", "ementa": "Requer a concess\u00e3o de medalha do \"M\u00e9rito Esportivo de Novo Hamburgo\" \u00e0 atleta BRUNA SCHMITT."}, {"id": 24377, "ano": 2013, "numero": 1271, "tipo__sigla": "REQ", "tipo__descricao": "Requerimento", "autoria__autor__nome": "Raul Cassel", "texto_original": "https://sapl.camaranh.rs.gov.br/media/", "ementa": "RETIRADO "}, {"id": 24378, "ano": 2013, "numero": 1272, "tipo__sigla": "REQ", "tipo__descricao": "Requerimento", "autoria__autor__nome": "Raul Cassel", "texto_original": "https://sapl.camaranh.rs.gov.br/media/sapl/public/materialegislativa/2013/24378/24378_texto_integral.odt", "ementa": "Requer Voto de Congratula\u00e7\u00f5es \u00e0 nova sede da Objetiva Condom\u00ednios."}, {"id": 24381, "ano": 2013, "numero": 1273, "tipo__sigla": "REQ", "tipo__descricao": "Requerimento", "autoria__autor__nome": "Raul Cassel", "texto_original": "https://sapl.camaranh.rs.gov.br/media/sapl/public/materialegislativa/2013/24381/24381_texto_integral.odt", "ementa": "Requer a concess\u00e3o de medalha do \"M\u00e9rito Esportivo de Novo Hamburgo\" \u00e0 atleta LUIZA HECK."}, {"id": 24382, "ano": 2013, "numero": 1274, "tipo__sigla": "REQ", "tipo__descricao": "Requerimento", "autoria__autor__nome": "Professor Issur Koch", "texto_original": "https://sapl.camaranh.rs.gov.br/media/sapl/public/materialegislativa/2013/24382/24382_texto_integral.odt", "ementa": "Requer Voto de Congratula\u00e7\u00f5es ao Senhor Marcos Bock, eleito coordenador do Grupo Pensando Novo Hamburgo."}, {"id": 24421, "ano": 2013, "numero": 1275, "tipo__sigla": "REQ", "tipo__descricao": "Requerimento", "autoria__autor__nome": "Patr\u00edcia Beck", "texto_original": "https://sapl.camaranh.rs.gov.br/media/sapl/public/materialegislativa/2013/24421/24421_texto_integral.odt", "ementa": "Requer informa\u00e7\u00f5es sobre as creches existentes no Munic\u00edpio."}, {"id": 24422, "ano": 2013, "numero": 1276, "tipo__sigla": "REQ", "tipo__descricao": "Requerimento", "autoria__autor__nome": "Raul Cassel", "texto_original": "https://sapl.camaranh.rs.gov.br/media/sapl/public/materialegislativa/2013/24422/24422_texto_integral.odt", "ementa": "Requer Voto de Congratula\u00e7\u00f5es \u00e0 UNIMED VS, reconhecida em 1\u00ba lugar no Pr\u00eamio Nacional Unimed de Relacionamento com o Cliente 2013."}, {"id": 24423, "ano": 2013, "numero": 1277, "tipo__sigla": "REQ", "tipo__descricao": "Requerimento", "autoria__autor__nome": "Raul Cassel", "texto_original": "https://sapl.camaranh.rs.gov.br/media/sapl/public/materialegislativa/2013/24423/24423_texto_integral.odt", "ementa": "Requer Voto de Pesar pelo falecimento da senhora Maria Leda Oltramari Ghem."}, {"id": 24424, "ano": 2013, "numero": 1278, "tipo__sigla": "REQ", "tipo__descricao": "Requerimento", "autoria__autor__nome": "Raul Cassel", "texto_original": "https://sapl.camaranh.rs.gov.br/media/sapl/public/materialegislativa/2013/24424/24424_texto_integral.odt", "ementa": "Requer Voto de Pesar pelo falecimento do Sr. Arno Ilmo Cassel.                        "}, {"id": 24425, "ano": 2013, "numero": 1279, "tipo__sigla": "REQ", "tipo__descricao": "Requerimento", "autoria__autor__nome": "Raul Cassel", "texto_original": "https://sapl.camaranh.rs.gov.br/media/sapl/public/materialegislativa/2013/24425/24425_texto_integral.odt", "ementa": "Requer envio de sugest\u00f5es \u00e0 Coordena\u00e7\u00e3o do Comit\u00ea Pr\u00f3 Aeroporto 20 de Setembro/RS."}, {"id": 24432, "ano": 2013, "numero": 1280, "tipo__sigla": "REQ", "tipo__descricao": "Requerimento", "autoria__autor__nome": "Raul Cassel", "texto_original": "https://sapl.camaranh.rs.gov.br/media/sapl/public/materialegislativa/2013/24432/24432_texto_integral.odt", "ementa": "Requer Voto de Congratula\u00e7\u00f5es \u00e0 Par\u00f3quia Evang\u00e9lica de Confiss\u00e3o Luterana Esp\u00edrito Santo, pela comemora\u00e7\u00e3o dos seus 40 anos."}, {"id": 24433, "ano": 2013, "numero": 1281, "tipo__sigla": "REQ", "tipo__descricao": "Requerimento", "autoria__autor__nome": "Raul Cassel", "texto_original": "https://sapl.camaranh.rs.gov.br/media/sapl/public/materialegislativa/2013/24433/24433_texto_integral.odt", "ementa": "Requer Voto de Congratula\u00e7\u00f5es ao Grupo de Bol\u00e3o Margaridas, pela comemora\u00e7\u00e3o de seus 95 anos de atividades."}, {"id": 24434, "ano": 2013, "numero": 1282, "tipo__sigla": "REQ", "tipo__descricao": "Requerimento", "autoria__autor__nome": "Raul Cassel", "texto_original": "https://sapl.camaranh.rs.gov.br/media/sapl/public/materialegislativa/2013/24434/24434_texto_integral.odt", "ementa": "Requer Voto de Congratula\u00e7\u00f5es ao Jornal Exclusivo pelos seus 45 anos de atividades."}, {"id": 24435, "ano": 2013, "numero": 1283, "tipo__sigla": "REQ", "tipo__descricao": "Requerimento", "autoria__autor__nome": "Raul Cassel", "texto_original": "https://sapl.camaranh.rs.gov.br/media/sapl/public/materialegislativa/2013/24435/24435_texto_integral.odt", "ementa": "Requer Voto de Congratula\u00e7\u00f5es ao N\u00facleo de Artes C\u00eanicas Paran\u00f3ia, pela realiza\u00e7\u00e3o da Mostra de Curtas em Novo Hamburgo."}, {"id": 24438, "ano": 2013, "numero": 1284, "tipo__sigla": "REQ", "tipo__descricao": "Requerimento", "autoria__autor__nome": "Betinho", "texto_original": "https://sapl.camaranh.rs.gov.br/media/sapl/public/materialegislativa/2013/24438/24438_texto_integral.odt", "ementa": "Requer Voto de Pesar pelo falecimento do  Senhor Aldalberto Schloser."}, {"id": 24439, "ano": 2013, "numero": 1285, "tipo__sigla": "REQ", "tipo__descricao": "Requerimento", "autoria__autor__nome": "Roger Corr\u00eaa", "texto_original": "https://sapl.camaranh.rs.gov.br/media/sapl/public/materialegislativa/2013/24439/24439_texto_integral.odt", "ementa": "Requer Voto de Congratula\u00e7\u00f5es ao Grupo Sinos pela iniciativa de realizar o 7\u00ba concurso O Rio do Sinos \u00e9 Nosso."}, {"id": 24440, "ano": 2013, "numero": 1286, "tipo__sigla": "REQ", "tipo__descricao": "Requerimento", "autoria__autor__nome": "Roger Corr\u00eaa", "texto_original": "https://sapl.camaranh.rs.gov.br/media/sapl/public/materialegislativa/2013/24440/24440_texto_integral.odt", "ementa": "Requer Voto de Congratula\u00e7\u00f5es \u00e0 Escola Municipal Santos Dumont, de Campo Bom, pela conquista do 1\u00ba lugar  na Categoria A, no 7\u00ba concurso O Rio do Sinos \u00e9 Nosso."}, {"id": 24441, "ano": 2013, "numero": 1287, "tipo__sigla": "REQ", "tipo__descricao": "Requerimento", "autoria__autor__nome": "Roger Corr\u00eaa", "texto_original": "https://sapl.camaranh.rs.gov.br/media/sapl/public/materialegislativa/2013/24441/24441_texto_integral.odt", "ementa": "Requer Voto de Congratula\u00e7\u00f5es \u00e0 Escola Municipal 25 de Julho, de Campo Bom, pela conquista do 2\u00ba lugar  na Categoria A, no 7\u00ba concurso O Rio do Sinos \u00e9 Nosso."}, {"id": 24442, "ano": 2013, "numero": 1288, "tipo__sigla": "REQ", "tipo__descricao": "Requerimento", "autoria__autor__nome": "Roger Corr\u00eaa", "texto_original": "https://sapl.camaranh.rs.gov.br/media/sapl/public/materialegislativa/2013/24442/24442_texto_integral.odt", "ementa": "Requer Voto de Congratula\u00e7\u00f5es \u00e0 Escola Municipal Borges de Medeiros, de Campo Bom, pela conquista do 3\u00ba lugar  na Categoria A, no 7\u00ba concurso O Rio do Sinos \u00e9 Nosso."}, {"id": 24443, "ano": 2013, "numero": 1289, "tipo__sigla": "REQ", "tipo__descricao": "Requerimento", "autoria__autor__nome": "Roger Corr\u00eaa", "texto_original": "https://sapl.camaranh.rs.gov.br/media/sapl/public/materialegislativa/2013/24443/24443_texto_integral.odt", "ementa": "Requer Voto de Congratula\u00e7\u00f5es \u00e0 Escola Municipal 1\u00ba de Maio, de Sapiranga, pela conquista do 1\u00ba lugar na Categoria B, no 7\u00ba concurso O Rio do Sinos \u00e9 Nosso."}, {"id": 24444, "ano": 2013, "numero": 1290, "tipo__sigla": "REQ", "tipo__descricao": "Requerimento", "autoria__autor__nome": "Roger Corr\u00eaa", "texto_original": "https://sapl.camaranh.rs.gov.br/media/sapl/public/materialegislativa/2013/24444/24444_texto_integral.odt", "ementa": "Requer Voto de Congratula\u00e7\u00f5es ao Col\u00e9gio Pio XII pela conquista do 2\u00ba lugar na Categoria B, no 7\u00ba concurso O Rio do Sinos \u00e9 Nosso."}, {"id": 24445, "ano": 2013, "numero": 1291, "tipo__sigla": "REQ", "tipo__descricao": "Requerimento", "autoria__autor__nome": "Roger Corr\u00eaa", "texto_original": "https://sapl.camaranh.rs.gov.br/media/sapl/public/materialegislativa/2013/24445/24445_texto_integral.odt", "ementa": "Requer Voto de Congratula\u00e7\u00f5es \u00e0 Escola Estadual 10 de Setembro, de Dois Irm\u00e3os, pela conquista do 3\u00ba lugar na Categoria B, no 7\u00ba concurso O Rio do Sinos \u00e9 Nosso."}, {"id": 24446, "ano": 2013, "numero": 1292, "tipo__sigla": "REQ", "tipo__descricao": "Requerimento", "autoria__autor__nome": "Roger Corr\u00eaa", "texto_original": "https://sapl.camaranh.rs.gov.br/media/sapl/public/materialegislativa/2013/24446/24446_texto_integral.odt", "ementa": "Requer Voto de Congratula\u00e7\u00f5es \u00e0 Escola Estadual Dr. Wolfram Metzler, pela realiza\u00e7\u00e3o da 2\u00ba MIP - Mostra de Inicia\u00e7\u00e3o \u00e0 Pesquisa."}, {"id": 24447, "ano": 2013, "numero": 1293, "tipo__sigla": "REQ", "tipo__descricao": "Requerimento", "autoria__autor__nome": "Raul Cassel", "texto_original": "https://sapl.camaranh.rs.gov.br/media/sapl/public/materialegislativa/2013/24447/24447_texto_integral.odt", "ementa": "Requer Voto de Congratula\u00e7\u00f5es \u00e0 Confraria do Churrasco de Novo Hamburgo pela comemora\u00e7\u00e3o de seus 10 anos ."}, {"id": 24448, "ano": 2013, "numero": 1294, "tipo__sigla": "REQ", "tipo__descricao": "Requerimento", "autoria__autor__nome": "Raul Cassel", "texto_original": "https://sapl.camaranh.rs.gov.br/media/sapl/public/materialegislativa/2013/24448/24448_texto_integral.odt", "ementa": "Requer Voto de Congratula\u00e7\u00f5es \u00e0 equipe feminina de handebol Santa/Feevale, campe\u00e3 dos Jogos Escolares da Juventude"}, {"id": 24449, "ano": 2013, "numero": 1295, "tipo__sigla": "REQ", "tipo__descricao": "Requerimento", "autoria__autor__nome": "Raul Cassel", "texto_original": "https://sapl.camaranh.rs.gov.br/media/sapl/public/materialegislativa/2013/24449/24449_texto_integral.odt", "ementa": "Requer Voto de Pesar pelo falecimento do Sr. Arno Erich Matte."}, {"id": 24455, "ano": 2013, "numero": 1296, "tipo__sigla": "REQ", "tipo__descricao": "Requerimento", "autoria__autor__nome": "Gerson Peteffi", "texto_original": "https://sapl.camaranh.rs.gov.br/media/sapl/public/materialegislativa/2013/24455/24455_texto_integral.odt", "ementa": "Requer Voto de Congratula\u00e7\u00f5es  ao Sr. JOS\u00c9 RENATO LOPES DE OLIVEIRA, por participar como finalista do Pr\u00eamio Press 2013 de Jornalismo na Categoria Rep\u00f3rter de R\u00e1dio. "}, {"id": 24457, "ano": 2013, "numero": 1297, "tipo__sigla": "REQ", "tipo__descricao": "Requerimento", "autoria__autor__nome": "Raul Cassel", "texto_original": "https://sapl.camaranh.rs.gov.br/media/sapl/public/materialegislativa/2013/24457/24457_texto_integral.odt", "ementa": "Requer Voto de Congratula\u00e7\u00f5es \u00e0 Academia Equipe A pelas suas conquistas."}, {"id": 24458, "ano": 2013, "numero": 1298, "tipo__sigla": "REQ", "tipo__descricao": "Requerimento", "autoria__autor__nome": "Raul Cassel", "texto_original": "https://sapl.camaranh.rs.gov.br/media/sapl/public/materialegislativa/2013/24458/24458_texto_integral.odt", "ementa": "Requer Voto de Congratula\u00e7\u00f5es ao Sr. Alfeu Rost, novo Presidente da Sociedade Gin\u00e1stica de Novo Hamburgo."}, {"id": 24459, "ano": 2013, "numero": 1299, "tipo__sigla": "REQ", "tipo__descricao": "Requerimento", "autoria__autor__nome": "Raul Cassel", "texto_original": "https://sapl.camaranh.rs.gov.br/media/sapl/public/materialegislativa/2013/24459/24459_texto_integral.odt", "ementa": "Requer Voto de Congratula\u00e7\u00f5es ao Sr. Rodrigo Giacomet, pela conquista do Pr\u00eamio Press/2013."}, {"id": 24465, "ano": 2013, "numero": 1300, "tipo__sigla": "REQ", "tipo__descricao": "Requerimento", "autoria__autor__nome": "Patr\u00edcia Beck", "texto_original": "https://sapl.camaranh.rs.gov.br/media/sapl/public/materialegislativa/2013/24465/24465_texto_integral.odt", "ementa": "Requer informa\u00e7\u00f5es sobre o cargo de respons\u00e1vel pela UPA - Canudos."}, {"id": 24467, "ano": 2013, "numero": 1301, "tipo__sigla": "REQ", "tipo__descricao": "Requerimento", "autoria__autor__nome": "Patr\u00edcia Beck", "texto_original": "https://sapl.camaranh.rs.gov.br/media/sapl/public/materialegislativa/2013/24467/24467_texto_integral.odt", "ementa": "Requer informa\u00e7\u00f5es sobre o Loteamento S\u00e3o Jos\u00e9 II."}, {"id": 24482, "ano": 2013, "numero": 1302, "tipo__sigla": "REQ", "tipo__descricao": "Requerimento", "autoria__autor__nome": "Gerson Peteffi", "texto_original": "https://sapl.camaranh.rs.gov.br/media/sapl/public/materialegislativa/2013/24482/24482_texto_integral.odt", "ementa": "Requer que a C\u00e2mara reconhe\u00e7a leg\u00edtimo impedimento do Vereador Gerson Peteffi, na Sess\u00e3o do dia 26 de novembro de 2013, por motivos particulares.\r\n        "}, {"id": 24489, "ano": 2013, "numero": 1303, "tipo__sigla": "REQ", "tipo__descricao": "Requerimento", "autoria__autor__nome": "Betinho", "texto_original": "https://sapl.camaranh.rs.gov.br/media/sapl/public/materialegislativa/2013/24489/24489_texto_integral.odt", "ementa": "Requerem Voto de Congratula\u00e7\u00f5es \u00e0 Comusa - Servi\u00e7os de \u00c1gua e Esgoto de Novo Hamburgo, pela passagem dos seus 22 anos de funda\u00e7\u00e3o e 15 anos de opera\u00e7\u00e3o do sistema de abastecimento do Munic\u00edpio."}, {"id": 24490, "ano": 2013, "numero": 1304, "tipo__sigla": "REQ", "tipo__descricao": "Requerimento", "autoria__autor__nome": "Antonio Lucas", "texto_original": "https://sapl.camaranh.rs.gov.br/media/sapl/public/materialegislativa/2013/24490/24490_texto_integral.odt", "ementa": "Requer que Parte do Expediente da Sess\u00e3o Ordin\u00e1ria do dia 10 de dezembro de 2013, seja destinada para homenagear o Sr. Tarc\u00edsio Zimmermann, o Sr. Carlos Finck e o Sr. Luis Lauermann pela implanta\u00e7\u00e3o da Casa de Novo  Hamburgo - Estande  Coletivo da Prefeitura e pelo sucesso da iniciativa nas feiras cal\u00e7adistas realizadas em outros munic\u00edpios."}, {"id": 24491, "ano": 2013, "numero": 1305, "tipo__sigla": "REQ", "tipo__descricao": "Requerimento", "autoria__autor__nome": "Raul Cassel", "texto_original": "https://sapl.camaranh.rs.gov.br/media/sapl/public/materialegislativa/2013/24491/24491_texto_integral.odt", "ementa": "Requer Voto de Congratula\u00e7\u00f5es \u00e0 Senhora Leontina Boeno, pelo recebimento do t\u00edtulo \"Cidad\u00e3 do ano 2013\" - Categoria Solidariedade."}, {"id": 24492, "ano": 2013, "numero": 1306, "tipo__sigla": "REQ", "tipo__descricao": "Requerimento", "autoria__autor__nome": "Raul Cassel", "texto_original": "https://sapl.camaranh.rs.gov.br/media/sapl/public/materialegislativa/2013/24492/24492_texto_integral.odt", "ementa": "Requer Voto de Congratula\u00e7\u00f5es ao Senhor Adalberto Leist, pelo recebimento do t\u00edtulo \"Cidad\u00e3o do ano 2013\" - Categoria Empreendedor Ind\u00fastria."}, {"id": 24493, "ano": 2013, "numero": 1307, "tipo__sigla": "REQ", "tipo__descricao": "Requerimento", "autoria__autor__nome": "Raul Cassel", "texto_original": "https://sapl.camaranh.rs.gov.br/media/sapl/public/materialegislativa/2013/24493/24493_texto_integral.odt", "ementa": "Requer Voto de Congratula\u00e7\u00f5es ao Senhor Luiz Carlos Kramer Motta, pelo recebimento do t\u00edtulo \"Cidad\u00e3o do ano 2013\" - Categoria Empreendedor Ind\u00fastria."}, {"id": 24494, "ano": 2013, "numero": 1308, "tipo__sigla": "REQ", "tipo__descricao": "Requerimento", "autoria__autor__nome": "Raul Cassel", "texto_original": "https://sapl.camaranh.rs.gov.br/media/sapl/public/materialegislativa/2013/24494/24494_texto_integral.odt", "ementa": "Requer Voto de Congratula\u00e7\u00f5es ao Senhor Dr. Valdir Marques de Souza, pelo recebimento do t\u00edtulo \"Cidad\u00e3o do ano 2013\" - Categoria Sa\u00fade."}, {"id": 24496, "ano": 2013, "numero": 1309, "tipo__sigla": "REQ", "tipo__descricao": "Requerimento", "autoria__autor__nome": "Raul Cassel", "texto_original": "https://sapl.camaranh.rs.gov.br/media/sapl/public/materialegislativa/2013/24496/24496_texto_integral.odt", "ementa": "Requer Voto de Congratula\u00e7\u00f5es ao Senhor Jackson Muller, pelo recebimento do t\u00edtulo \"Cidad\u00e3o do ano 2013\" - Categoria Sustentabilidade.\r\n"}, {"id": 24497, "ano": 2013, "numero": 1310, "tipo__sigla": "REQ", "tipo__descricao": "Requerimento", "autoria__autor__nome": "Raul Cassel", "texto_original": "https://sapl.camaranh.rs.gov.br/media/sapl/public/materialegislativa/2013/24497/24497_texto_integral.odt", "ementa": "Requer Voto de Congratula\u00e7\u00f5es ao Senhor Renato Arena, pelo recebimento do t\u00edtulo \"Cidad\u00e3o do ano 2013\" - Categoria Esportes."}, {"id": 24498, "ano": 2013, "numero": 1311, "tipo__sigla": "REQ", "tipo__descricao": "Requerimento", "autoria__autor__nome": "Raul Cassel", "texto_original": "https://sapl.camaranh.rs.gov.br/media/sapl/public/materialegislativa/2013/24498/24498_texto_integral.odt", "ementa": "Requer Voto de Congratula\u00e7\u00f5es ao Senhor Elivir Desiam pelo recebimento do t\u00edtulo \"Cidad\u00e3o do ano 2013\" - Categoria Empreendedor Servi\u00e7o."}, {"id": 24499, "ano": 2013, "numero": 1312, "tipo__sigla": "REQ", "tipo__descricao": "Requerimento", "autoria__autor__nome": "Raul Cassel", "texto_original": "https://sapl.camaranh.rs.gov.br/media/sapl/public/materialegislativa/2013/24499/24499_texto_integral.odt", "ementa": "Requer Voto de Congratula\u00e7\u00f5es ao senhor Professor Ramon Fernando da Cunha pelo recebimento do t\u00edtulo \"Cidad\u00e3o do ano 2013\" - Categoria Empreendedor Educa\u00e7\u00e3o."}, {"id": 24500, "ano": 2013, "numero": 1313, "tipo__sigla": "REQ", "tipo__descricao": "Requerimento", "autoria__autor__nome": "Gerson Peteffi\r\nRaul Cassel", "texto_original": "https://sapl.camaranh.rs.gov.br/media/sapl/public/materialegislativa/2013/24500/24500_texto_integral.odt", "ementa": "Requer Voto de Congratula\u00e7\u00f5es ao senhor D\u00e9lcio Tavares pelo recebimento do t\u00edtulo \"Cidad\u00e3o do ano 2013\" - Categoria Artes, Cultura e Lazer."}, {"id": 24501, "ano": 2013, "numero": 1314, "tipo__sigla": "REQ", "tipo__descricao": "Requerimento", "autoria__autor__nome": "Raul Cassel", "texto_original": "https://sapl.camaranh.rs.gov.br/media/sapl/public/materialegislativa/2013/24501/24501_texto_integral.odt", "ementa": "Requer Voto de Congratula\u00e7\u00f5es \u00e0 senhora Katy Kayser, pelo recebimento do t\u00edtulo \"Cidad\u00e3 do ano 2013\" - Categoria Empreendedor Com\u00e9rcio."}, {"id": 24513, "ano": 2013, "numero": 1315, "tipo__sigla": "REQ", "tipo__descricao": "Requerimento", "autoria__autor__nome": "Raul Cassel", "texto_original": "https://sapl.camaranh.rs.gov.br/media/sapl/public/materialegislativa/2013/24513/24513_texto_integral.odt", "ementa": "Requer a concess\u00e3o de medalha do \"M\u00e9rito Esportivo de Novo Hamburgo\" \u00e0 atleta Kamila da Rosa."}, {"id": 24517, "ano": 2013, "numero": 1316, "tipo__sigla": "REQ", "tipo__descricao": "Requerimento", "autoria__autor__nome": "Patr\u00edcia Beck", "texto_original": "https://sapl.camaranh.rs.gov.br/media/sapl/public/materialegislativa/2013/24517/24517_texto_integral.odt", "ementa": "Requer Voto de Congratula\u00e7\u00f5es \u00e0 empresa Liziane Richter Couros Ltda pela passagem de seus 09 anos de funda\u00e7\u00e3o."}, {"id": 24518, "ano": 2013, "numero": 1317, "tipo__sigla": "REQ", "tipo__descricao": "Requerimento", "autoria__autor__nome": "Patr\u00edcia Beck", "texto_original": "https://sapl.camaranh.rs.gov.br/media/sapl/public/materialegislativa/2013/24518/24518_texto_integral.odt", "ementa": "Requer Voto de Congratula\u00e7\u00f5es \u00e0 empresa Mandrifer Usinagem de Pe\u00e7as Ltda, pela passagem de seus 6 anos de funda\u00e7\u00e3o."}, {"id": 24519, "ano": 2013, "numero": 1318, "tipo__sigla": "REQ", "tipo__descricao": "Requerimento", "autoria__autor__nome": "Patr\u00edcia Beck", "texto_original": "https://sapl.camaranh.rs.gov.br/media/sapl/public/materialegislativa/2013/24519/24519_texto_integral.odt", "ementa": "Requer Voto de Congratula\u00e7\u00f5es \u00e0 empresa Oxisinos Ind\u00fastria Metal\u00fargica Ltda pela passagem de seus 07 anos de  funda\u00e7\u00e3o."}, {"id": 24521, "ano": 2013, "numero": 1319, "tipo__sigla": "REQ", "tipo__descricao": "Requerimento", "autoria__autor__nome": "Patr\u00edcia Beck", "texto_original": "https://sapl.camaranh.rs.gov.br/media/sapl/public/materialegislativa/2013/24521/24521_texto_integral.odt", "ementa": "Requer Voto de Congratula\u00e7\u00f5es \u00e0 empresa Ademar Kehler, pela passagem de seus 11 anos de funda\u00e7\u00e3o."}, {"id": 24523, "ano": 2013, "numero": 1320, "tipo__sigla": "REQ", "tipo__descricao": "Requerimento", "autoria__autor__nome": "Patr\u00edcia Beck", "texto_original": "https://sapl.camaranh.rs.gov.br/media/sapl/public/materialegislativa/2013/24523/24523_texto_integral.odt", "ementa": "Requer Voto de Congratula\u00e7\u00f5es \u00e0 Empresa Carlos Augusto Stroher ME pela passagem de seus 27 anos de funda\u00e7\u00e3o."}, {"id": 24525, "ano": 2013, "numero": 1321, "tipo__sigla": "REQ", "tipo__descricao": "Requerimento", "autoria__autor__nome": "Patr\u00edcia Beck", "texto_original": "https://sapl.camaranh.rs.gov.br/media/sapl/public/materialegislativa/2013/24525/24525_texto_integral.odt", "ementa": "Requer Voto de Congratula\u00e7\u00f5es \u00e0 Empresa Lindomar dos Santos - Pedras ME pela passagem de seus 44 anos de funda\u00e7\u00e3o."}, {"id": 24527, "ano": 2013, "numero": 1322, "tipo__sigla": "REQ", "tipo__descricao": "Requerimento", "autoria__autor__nome": "Patr\u00edcia Beck", "texto_original": "https://sapl.camaranh.rs.gov.br/media/sapl/public/materialegislativa/2013/24527/24527_texto_integral.odt", "ementa": "Requer Voto de Congratula\u00e7\u00f5es \u00e0 Empresa Cartoprint Ind\u00fastria e Com\u00e9rcio de Embalagens Ltda. pela passagem de seus 15 anos de  funda\u00e7\u00e3o."}, {"id": 24532, "ano": 2013, "numero": 1323, "tipo__sigla": "REQ", "tipo__descricao": "Requerimento", "autoria__autor__nome": "Raul Cassel", "texto_original": "https://sapl.camaranh.rs.gov.br/media/sapl/public/materialegislativa/2013/24532/24532_texto_integral.odt", "ementa": "Requer Voto de Congratula\u00e7\u00f5es ao Projeto Viva Mais."}, {"id": 24533, "ano": 2013, "numero": 1324, "tipo__sigla": "REQ", "tipo__descricao": "Requerimento", "autoria__autor__nome": "Raul Cassel", "texto_original": "https://sapl.camaranh.rs.gov.br/media/sapl/public/materialegislativa/2013/24533/24533_texto_integral.odt", "ementa": "Requer Voto de Congratula\u00e7\u00f5es ao Ateli\u00ea Infantil Fazendo Arte, pelos 30 anos de realiza\u00e7\u00e3o do Passeio das Lanternas."}, {"id": 24534, "ano": 2013, "numero": 1325, "tipo__sigla": "REQ", "tipo__descricao": "Requerimento", "autoria__autor__nome": "Raul Cassel", "texto_original": "https://sapl.camaranh.rs.gov.br/media/sapl/public/materialegislativa/2013/24534/24534_texto_integral.odt", "ementa": "Requer Voto de Congratula\u00e7\u00f5es \u00e0 artista pl\u00e1stica sra. Ariadne Decker, por suas obras de artes junto ao Trensurb."}, {"id": 24535, "ano": 2013, "numero": 1326, "tipo__sigla": "REQ", "tipo__descricao": "Requerimento", "autoria__autor__nome": "Raul Cassel", "texto_original": "https://sapl.camaranh.rs.gov.br/media/sapl/public/materialegislativa/2013/24535/24535_texto_integral.odt", "ementa": "Requer Voto de Congratula\u00e7\u00f5es ao atleta Uilian Jonatan Correa, Campe\u00e3o Ga\u00facho de Triatlo."}, {"id": 24541, "ano": 2013, "numero": 1327, "tipo__sigla": "REQ", "tipo__descricao": "Requerimento", "autoria__autor__nome": "Professor Issur Koch\r\nRaul Cassel", "texto_original": "https://sapl.camaranh.rs.gov.br/media/sapl/public/materialegislativa/2013/24541/24541_texto_integral.odt", "ementa": "Requer Voto de Congratula\u00e7\u00f5es \u00e0 Equipe de Handebol Sociedade Gin\u00e1stica/Prefeitura de Novo Hamburgo, campe\u00e3 Estadual de Handebol Mirim Feminino."}, {"id": 24547, "ano": 2013, "numero": 1328, "tipo__sigla": "REQ", "tipo__descricao": "Requerimento", "autoria__autor__nome": "Cristiano Coller", "texto_original": "https://sapl.camaranh.rs.gov.br/media/sapl/public/materialegislativa/2013/24547/24547_texto_integral.odt", "ementa": "Requer informa\u00e7\u00f5es sobre andamento das obras  da Escola T\u00e9cnica localizada nas Ruas Rudolfo Reinaldo Terra e Jos\u00e9 Corr\u00eaa Filho, Bairro Santo Afonso."}, {"id": 24554, "ano": 2013, "numero": 1329, "tipo__sigla": "REQ", "tipo__descricao": "Requerimento", "autoria__autor__nome": "Inspetor Luz", "texto_original": "https://sapl.camaranh.rs.gov.br/media/sapl/public/materialegislativa/2013/24554/24554_texto_integral.odt", "ementa": "Requer Voto de Congratula\u00e7\u00f5es ao Posto Santa Helena pela passagem de seus 21 anos de funda\u00e7\u00e3o."}, {"id": 24555, "ano": 2013, "numero": 1330, "tipo__sigla": "REQ", "tipo__descricao": "Requerimento", "autoria__autor__nome": "Inspetor Luz", "texto_original": "https://sapl.camaranh.rs.gov.br/media/sapl/public/materialegislativa/2013/24555/24555_texto_integral.odt", "ementa": "Requer Voto de Congratula\u00e7\u00f5es \u00e0 MVM Funcional pela passagem de seus 8 anos de funda\u00e7\u00e3o."}, {"id": 24556, "ano": 2013, "numero": 1331, "tipo__sigla": "REQ", "tipo__descricao": "Requerimento", "autoria__autor__nome": "Inspetor Luz", "texto_original": "https://sapl.camaranh.rs.gov.br/media/sapl/public/materialegislativa/2013/24556/24556_texto_integral.odt", "ementa": "Requer Voto de Congratula\u00e7\u00f5es \u00e0 Empresa M\u00e1rcia Copetti pela passagem de seus 44 anos de funda\u00e7\u00e3o."}, {"id": 24557, "ano": 2013, "numero": 1332, "tipo__sigla": "REQ", "tipo__descricao": "Requerimento", "autoria__autor__nome": "Inspetor Luz", "texto_original": "https://sapl.camaranh.rs.gov.br/media/sapl/public/materialegislativa/2013/24557/24557_texto_integral.odt", "ementa": "Requer Voto de Congratula\u00e7\u00f5es \u00e0 Linea Bella pela passagem de seus 20 anos de funda\u00e7\u00e3o."}, {"id": 24558, "ano": 2013, "numero": 1333, "tipo__sigla": "REQ", "tipo__descricao": "Requerimento", "autoria__autor__nome": "Inspetor Luz", "texto_original": "https://sapl.camaranh.rs.gov.br/media/sapl/public/materialegislativa/2013/24558/24558_texto_integral.odt", "ementa": "Requer Voto de Congratula\u00e7\u00f5es \u00e0 Empresa Zenglein pela passagem de seus 47 anos de funda\u00e7\u00e3o."}, {"id": 24559, "ano": 2013, "numero": 1334, "tipo__sigla": "REQ", "tipo__descricao": "Requerimento", "autoria__autor__nome": "Inspetor Luz", "texto_original": "https://sapl.camaranh.rs.gov.br/media/sapl/public/materialegislativa/2013/24559/24559_texto_integral.odt", "ementa": "Requer Voto de Congratula\u00e7\u00f5es \u00e0 Empresa Yndac Produtos Qu\u00edmicos Ltda pela passagem de seus 28 anos de funda\u00e7\u00e3o."}, {"id": 24560, "ano": 2013, "numero": 1335, "tipo__sigla": "REQ", "tipo__descricao": "Requerimento", "autoria__autor__nome": "Inspetor Luz", "texto_original": "https://sapl.camaranh.rs.gov.br/media/sapl/public/materialegislativa/2013/24560/24560_texto_integral.odt", "ementa": "Requer Voto de Congratula\u00e7\u00f5es \u00e0 Empresa Proderma pela passagem de seus 34 anos de funda\u00e7\u00e3o."}, {"id": 24561, "ano": 2013, "numero": 1336, "tipo__sigla": "REQ", "tipo__descricao": "Requerimento", "autoria__autor__nome": "Inspetor Luz", "texto_original": "https://sapl.camaranh.rs.gov.br/media/sapl/public/materialegislativa/2013/24561/24561_texto_integral.odt", "ementa": "Requer Voto de Congratula\u00e7\u00f5es a Anderson Assessoria, pela passagem de seus 21 anos de funda\u00e7\u00e3o."}, {"id": 24562, "ano": 2013, "numero": 1337, "tipo__sigla": "REQ", "tipo__descricao": "Requerimento", "autoria__autor__nome": "Inspetor Luz", "texto_original": "https://sapl.camaranh.rs.gov.br/media/sapl/public/materialegislativa/2013/24562/24562_texto_integral.odt", "ementa": "Requer Voto de Congratula\u00e7\u00f5es \u00e0 C&A Modas, pela passagem de seus 44 anos de funda\u00e7\u00e3o.\r\n"}, {"id": 24563, "ano": 2013, "numero": 1338, "tipo__sigla": "REQ", "tipo__descricao": "Requerimento", "autoria__autor__nome": "Inspetor Luz", "texto_original": "https://sapl.camaranh.rs.gov.br/media/sapl/public/materialegislativa/2013/24563/24563_texto_integral.odt", "ementa": "Requer Voto de Congratula\u00e7\u00f5es \u00e0 empresa Audiplan, pela passagem de seus 24 anos de funda\u00e7\u00e3o."}, {"id": 24564, "ano": 2013, "numero": 1339, "tipo__sigla": "REQ", "tipo__descricao": "Requerimento", "autoria__autor__nome": "Inspetor Luz", "texto_original": "https://sapl.camaranh.rs.gov.br/media/sapl/public/materialegislativa/2013/24564/24564_texto_integral.odt", "ementa": "Requer Voto de Congratula\u00e7\u00f5es \u00e0 empresa Base Tecidos e Malhas, pela passagem de seus 21 anos de funda\u00e7\u00e3o."}, {"id": 24565, "ano": 2013, "numero": 1340, "tipo__sigla": "REQ", "tipo__descricao": "Requerimento", "autoria__autor__nome": "Inspetor Luz", "texto_original": "https://sapl.camaranh.rs.gov.br/media/sapl/public/materialegislativa/2013/24565/24565_texto_integral.odt", "ementa": "Requer Voto de Congratula\u00e7\u00f5es \u00e0 empresa Clason, pela passagem de seus 37 anos de funda\u00e7\u00e3o."}, {"id": 24566, "ano": 2013, "numero": 1341, "tipo__sigla": "REQ", "tipo__descricao": "Requerimento", "autoria__autor__nome": "Inspetor Luz", "texto_original": "https://sapl.camaranh.rs.gov.br/media/sapl/public/materialegislativa/2013/24566/24566_texto_integral.odt", "ementa": "Requer Voto de Congratula\u00e7\u00f5es \u00e0 empresa Corvet Ferramentais Ltda, pela passagem de seus 25 anos de funda\u00e7\u00e3o."}, {"id": 24567, "ano": 2013, "numero": 1342, "tipo__sigla": "REQ", "tipo__descricao": "Requerimento", "autoria__autor__nome": "Inspetor Luz", "texto_original": "https://sapl.camaranh.rs.gov.br/media/sapl/public/materialegislativa/2013/24567/24567_texto_integral.odt", "ementa": "Requer Voto de Congratula\u00e7\u00f5es \u00e0 Empresa Fenix Contabilidade pela passagem de seus 35 anos de funda\u00e7\u00e3o."}, {"id": 24568, "ano": 2013, "numero": 1343, "tipo__sigla": "REQ", "tipo__descricao": "Requerimento", "autoria__autor__nome": "Inspetor Luz", "texto_original": "https://sapl.camaranh.rs.gov.br/media/sapl/public/materialegislativa/2013/24568/24568_texto_integral.odt", "ementa": "Requer Voto de Congratula\u00e7\u00f5es \u00e0 Empresa Irm\u00e3os Panitz pela passagem de seus 35 anos de funda\u00e7\u00e3o."}, {"id": 24569, "ano": 2013, "numero": 1344, "tipo__sigla": "REQ", "tipo__descricao": "Requerimento", "autoria__autor__nome": "Inspetor Luz", "texto_original": "https://sapl.camaranh.rs.gov.br/media/sapl/public/materialegislativa/2013/24569/24569_texto_integral.odt", "ementa": "Requer Voto de Congratula\u00e7\u00f5es \u00e0 Empresa Kildare pela passagem de seus 85 anos de funda\u00e7\u00e3o."}, {"id": 24570, "ano": 2013, "numero": 1345, "tipo__sigla": "REQ", "tipo__descricao": "Requerimento", "autoria__autor__nome": "Inspetor Luz", "texto_original": "https://sapl.camaranh.rs.gov.br/media/sapl/public/materialegislativa/2013/24570/24570_texto_integral.odt", "ementa": "Requer Voto de Congratula\u00e7\u00f5es \u00e0 Empresa Marmoraria Stoffel pela passagem de seus 44 anos de funda\u00e7\u00e3o"}, {"id": 24571, "ano": 2013, "numero": 1346, "tipo__sigla": "REQ", "tipo__descricao": "Requerimento", "autoria__autor__nome": "Inspetor Luz", "texto_original": "https://sapl.camaranh.rs.gov.br/media/sapl/public/materialegislativa/2013/24571/24571_texto_integral.odt", "ementa": "Requer Voto de Congratula\u00e7\u00f5es \u00e0 Empresa Minas Zinco pela passagem de seus 11 anos de funda\u00e7\u00e3o."}, {"id": 24572, "ano": 2013, "numero": 1347, "tipo__sigla": "REQ", "tipo__descricao": "Requerimento", "autoria__autor__nome": "Inspetor Luz", "texto_original": "https://sapl.camaranh.rs.gov.br/media/sapl/public/materialegislativa/2013/24572/24572_texto_integral.odt", "ementa": "Requer Voto de Congratula\u00e7\u00f5es \u00e0 empresa Movitel, pela passagem de seus 18 anos de funda\u00e7\u00e3o."}, {"id": 24573, "ano": 2013, "numero": 1348, "tipo__sigla": "REQ", "tipo__descricao": "Requerimento", "autoria__autor__nome": "Inspetor Luz", "texto_original": "https://sapl.camaranh.rs.gov.br/media/sapl/public/materialegislativa/2013/24573/24573_texto_integral.odt", "ementa": "Requer Voto de Congratula\u00e7\u00f5es \u00e0 empresa Multi Armaz\u00e9m Ltda, pela passagem de seus 14 anos de funda\u00e7\u00e3o."}, {"id": 24586, "ano": 2013, "numero": 1349, "tipo__sigla": "REQ", "tipo__descricao": "Requerimento", "autoria__autor__nome": "Raul Cassel", "texto_original": "https://sapl.camaranh.rs.gov.br/media/sapl/public/materialegislativa/2013/24586/24586_texto_integral.odt", "ementa": "Requer Voto de Congratula\u00e7\u00f5es \u00e0 Unicred Vale do Sinos pela incorpora\u00e7\u00e3o da Unicred Vale do Ca\u00ed."}, {"id": 24587, "ano": 2013, "numero": 1350, "tipo__sigla": "REQ", "tipo__descricao": "Requerimento", "autoria__autor__nome": "Raul Cassel", "texto_original": "https://sapl.camaranh.rs.gov.br/media/sapl/public/materialegislativa/2013/24587/24587_texto_integral.odt", "ementa": "Requer Voto de Congratula\u00e7\u00f5es \u00e0 Prof. Josi Zimmermann Peruzatto, homenageada no concurso \"O Rio dos Sinos \u00e9 Nosso\"."}, {"id": 24589, "ano": 2013, "numero": 1351, "tipo__sigla": "REQ", "tipo__descricao": "Requerimento", "autoria__autor__nome": "Raul Cassel", "texto_original": "https://sapl.camaranh.rs.gov.br/media/sapl/public/materialegislativa/2013/24589/24589_texto_integral.odt", "ementa": "Requer Voto de Congratula\u00e7\u00f5es \u00e0 professora Denise Gomez, homenageada no concurso \"O Rio dos Sinos \u00e9 Nosso\"."}, {"id": 24590, "ano": 2013, "numero": 1352, "tipo__sigla": "REQ", "tipo__descricao": "Requerimento", "autoria__autor__nome": "Raul Cassel", "texto_original": "https://sapl.camaranh.rs.gov.br/media/sapl/public/materialegislativa/2013/24590/24590_texto_integral.odt", "ementa": "Requer Voto de Congratula\u00e7\u00f5es \u00e0 Prof\u00aa Miriam Langner dos Santos, homenageada no concurso \"O Rio dos Sinos \u00e9 Nosso\"."}, {"id": 24591, "ano": 2013, "numero": 1353, "tipo__sigla": "REQ", "tipo__descricao": "Requerimento", "autoria__autor__nome": "Raul Cassel", "texto_original": "https://sapl.camaranh.rs.gov.br/media/sapl/public/materialegislativa/2013/24591/24591_texto_integral.odt", "ementa": "Requer Voto de Congratula\u00e7\u00f5es \u00e0 LEME pela realiza\u00e7\u00e3o da 5\u00aa Copa Leme de Basquete Sobre Rodas."}, {"id": 24596, "ano": 2013, "numero": 1354, "tipo__sigla": "REQ", "tipo__descricao": "Requerimento", "autoria__autor__nome": "Sergio Hanich", "texto_original": "https://sapl.camaranh.rs.gov.br/media/sapl/public/materialegislativa/2013/24596/24596_texto_integral.odt", "ementa": "Requer complementa\u00e7\u00e3o das informa\u00e7\u00f5es referentes ao Requerimento n\u00ba 1000/2013."}, {"id": 24622, "ano": 2013, "numero": 1355, "tipo__sigla": "REQ", "tipo__descricao": "Requerimento", "autoria__autor__nome": "Professor Issur Koch", "texto_original": "https://sapl.camaranh.rs.gov.br/media/sapl/public/materialegislativa/2013/24622/24622_texto_integral.odt", "ementa": "Requer Voto de Congratula\u00e7\u00f5es \u00e0 Revista Expans\u00e3o RS pelo recebimento pr\u00eamio M\u00e9rito Lojista 2013."}, {"id": 24623, "ano": 2013, "numero": 1356, "tipo__sigla": "REQ", "tipo__descricao": "Requerimento", "autoria__autor__nome": "Professor Issur Koch", "texto_original": "https://sapl.camaranh.rs.gov.br/media/sapl/public/materialegislativa/2013/24623/24623_texto_integral.odt", "ementa": "Requer Voto de Congratula\u00e7\u00f5es ao desportista hamburguense Gustavo Viana Passeri Louzada pelo primeiro lugar no Campeonato Brasileiro de Nata\u00e7\u00e3o."}, {"id": 24639, "ano": 2013, "numero": 1357, "tipo__sigla": "REQ", "tipo__descricao": "Requerimento", "autoria__autor__nome": "Roger Corr\u00eaa", "texto_original": "https://sapl.camaranh.rs.gov.br/media/sapl/public/materialegislativa/2013/24639/24639_texto_integral.odt", "ementa": "Requer a indica\u00e7\u00e3o do Vereador Roger Correa, pela Bancada do PC do B, para integrar a Comiss\u00e3o Especial denominada \"Frente Parlamentar em Defesa da Cria\u00e7\u00e3o do Curso de Medicina, na Universidade Feevale\". "}, {"id": 24642, "ano": 2013, "numero": 1358, "tipo__sigla": "REQ", "tipo__descricao": "Requerimento", "autoria__autor__nome": "Cristiano Coller", "texto_original": "https://sapl.camaranh.rs.gov.br/media/sapl/public/materialegislativa/2013/24642/24642_texto_integral.odt", "ementa": "Requer Voto de Pesar pelo falecimento do Sr. Celedo Venido Schmidt."}, {"id": 24649, "ano": 2013, "numero": 1359, "tipo__sigla": "REQ", "tipo__descricao": "Requerimento", "autoria__autor__nome": "Raul Cassel", "texto_original": "https://sapl.camaranh.rs.gov.br/media/sapl/public/materialegislativa/2013/24649/24649_texto_integral.odt", "ementa": "Requer Voto de Congratula\u00e7\u00f5es ao Cart\u00f3rio de Registro Civil das Pessoas Naturais 1\u00aa Zona de Novo Hamburgo, pela comemora\u00e7\u00e3o de seus 150 anos de atividades."}, {"id": 24650, "ano": 2013, "numero": 1360, "tipo__sigla": "REQ", "tipo__descricao": "Requerimento", "autoria__autor__nome": "Raul Cassel", "texto_original": "https://sapl.camaranh.rs.gov.br/media/sapl/public/materialegislativa/2013/24650/24650_texto_integral.odt", "ementa": "Requer informa\u00e7\u00f5es sobre o pr\u00e9dio do antigo Abrigo Bom Pastor e Albergue Municipal."}, {"id": 24651, "ano": 2013, "numero": 1361, "tipo__sigla": "REQ", "tipo__descricao": "Requerimento", "autoria__autor__nome": "Raul Cassel", "texto_original": "https://sapl.camaranh.rs.gov.br/media/sapl/public/materialegislativa/2013/24651/24651_texto_integral.odt", "ementa": "Requer Voto de Congratula\u00e7\u00f5es pelo recente lan\u00e7amento do GASTROMUNDI-Catering & Eventos."}, {"id": 24656, "ano": 2013, "numero": 1362, "tipo__sigla": "REQ", "tipo__descricao": "Requerimento", "autoria__autor__nome": "Roger Corr\u00eaa", "texto_original": "https://sapl.camaranh.rs.gov.br/media/sapl/public/materialegislativa/2013/24656/24656_texto_integral.odt", "ementa": "Requer urg\u00eancia e inclus\u00e3o na Ordem do Dia da Sess\u00e3o Ordin\u00e1ria no dia 10 de dezembro de 2013, para que seja apreciado em 1\u00aa vota\u00e7\u00e3o, e no dia 12 de dezembro de 2013 em 2\u00aa vota\u00e7\u00e3o, o Substitutivo ao Projeto de Lei Complementar n\u00b0 04/2013, de autoria do Poder Executivo, que altera os dispositivos que menciona na Lei Municipal n\u00ba 1031/2013, que consolida a legisla\u00e7\u00e3o tribut\u00e1ria municipal instituindo o c\u00f3digo tribut\u00e1rio do munic\u00edpio consolidado e d\u00e1 outras provid\u00eancias."}, {"id": 24678, "ano": 2013, "numero": 1363, "tipo__sigla": "REQ", "tipo__descricao": "Requerimento", "autoria__autor__nome": "Inspetor Luz", "texto_original": "https://sapl.camaranh.rs.gov.br/media/sapl/public/materialegislativa/2013/24678/24678_texto_integral.odt", "ementa": "Requer Voto de Pesar pelo falecimento do Sr. Waldemor Angelo Piva."}, {"id": 24693, "ano": 2013, "numero": 1364, "tipo__sigla": "REQ", "tipo__descricao": "Requerimento", "autoria__autor__nome": "JorgeTatsch", "texto_original": "https://sapl.camaranh.rs.gov.br/media/sapl/public/materialegislativa/2013/24693/24693_texto_integral.odt", "ementa": "Solicita que se defina uma data para inaugura\u00e7\u00e3o  da Pra\u00e7a da Juventude, no Bairro Santo Afonso."}, {"id": 24694, "ano": 2013, "numero": 1365, "tipo__sigla": "REQ", "tipo__descricao": "Requerimento", "autoria__autor__nome": "C\u00e2mara Municipal", "texto_original": "https://sapl.camaranh.rs.gov.br/media/sapl/public/materialegislativa/2013/24694/24694_texto_integral.odt", "ementa": "Requer Voto de Pesar pelo falecimento do Sr. Alexandre Anselmo de Brito."}, {"id": 24713, "ano": 2013, "numero": 1366, "tipo__sigla": "REQ", "tipo__descricao": "Requerimento", "autoria__autor__nome": "Cristiano Coller", "texto_original": "https://sapl.camaranh.rs.gov.br/media/", "ementa": "Requer Voto de Congratula\u00e7\u00f5es ao Gr\u00eamio Foot-Ball Porto Alegrense pela passagem 30 anos da conquista do T\u00edtulo Mundial."}, {"id": 24699, "ano": 2013, "numero": 1367, "tipo__sigla": "REQ", "tipo__descricao": "Requerimento", "autoria__autor__nome": "Professor Issur Koch", "texto_original": "https://sapl.camaranh.rs.gov.br/media/sapl/public/materialegislativa/2013/24699/24699_texto_integral.odt", "ementa": "Requer Voto de Congratula\u00e7\u00f5es ao Centro Municipal de Inform\u00e1tica Educativa."}, {"id": 24700, "ano": 2013, "numero": 1368, "tipo__sigla": "REQ", "tipo__descricao": "Requerimento", "autoria__autor__nome": "Professor Issur Koch", "texto_original": "https://sapl.camaranh.rs.gov.br/media/sapl/public/materialegislativa/2013/24700/24700_texto_integral.odt", "ementa": "Requer Voto de Congratula\u00e7\u00f5es \u00e0 Escola Rita Ribeiro - Dan\u00e7a e Companhia."}, {"id": 20056, "ano": 2013, "numero": 1, "tipo__sigla": "IND", "tipo__descricao": "Indica\u00e7\u00e3o/Pedido de Provid\u00eancias", "autoria__autor__nome": "Professor Issur Koch", "texto_original": "https://sapl.camaranh.rs.gov.br/media/sapl/public/materialegislativa/2013/20056/20056_texto_integral.odt", "ementa": "Solicita coloca\u00e7\u00e3o de redutor de velocidade e sinaliza\u00e7\u00e3o de tr\u00e2nsito eficaz na Rua Osvaldo Aranha, nas proximidades do n\u00ba 173, no Bairro P\u00e1tria Nova."}, {"id": 20057, "ano": 2013, "numero": 2, "tipo__sigla": "IND", "tipo__descricao": "Indica\u00e7\u00e3o/Pedido de Provid\u00eancias", "autoria__autor__nome": "JorgeTatsch", "texto_original": "https://sapl.camaranh.rs.gov.br/media/sapl/public/materialegislativa/2013/20057/20057_texto_integral.odt", "ementa": "Solicita coloca\u00e7\u00e3o de boca-de-lobo no Beco da Harmonia, 178, no Bairro Santo Afonso."}, {"id": 20059, "ano": 2013, "numero": 3, "tipo__sigla": "IND", "tipo__descricao": "Indica\u00e7\u00e3o/Pedido de Provid\u00eancias", "autoria__autor__nome": "JorgeTatsch", "texto_original": "https://sapl.camaranh.rs.gov.br/media/sapl/public/materialegislativa/2013/20059/20059_texto_integral.odt", "ementa": "Solicita conserto de infiltra\u00e7\u00e3o na Rua Washington, em frente ao n\u00famero 36, no Bairro Santo Afonso."}, {"id": 20060, "ano": 2013, "numero": 4, "tipo__sigla": "IND", "tipo__descricao": "Indica\u00e7\u00e3o/Pedido de Provid\u00eancias", "autoria__autor__nome": "JorgeTatsch", "texto_original": "https://sapl.camaranh.rs.gov.br/media/sapl/public/materialegislativa/2013/20060/20060_texto_integral.odt", "ementa": "Solicita limpeza do passeio p\u00fablico na Rua Itati n\u00ba 01, esquina com a Rua da Solidariedade, no Bairro Santo Afonso."}, {"id": 20061, "ano": 2013, "numero": 5, "tipo__sigla": "IND", "tipo__descricao": "Indica\u00e7\u00e3o/Pedido de Provid\u00eancias", "autoria__autor__nome": "JorgeTatsch", "texto_original": "https://sapl.camaranh.rs.gov.br/media/sapl/public/materialegislativa/2013/20061/20061_texto_integral.odt", "ementa": "Solicita retirada de duas \u00e1rvores na Rua Santa Ana, em frente ao n\u00ba 509, Bairro Santo Afonso."}, {"id": 20062, "ano": 2013, "numero": 6, "tipo__sigla": "IND", "tipo__descricao": "Indica\u00e7\u00e3o/Pedido de Provid\u00eancias", "autoria__autor__nome": "Professor Issur Koch", "texto_original": "https://sapl.camaranh.rs.gov.br/media/sapl/public/materialegislativa/2013/20062/20062_texto_integral.odt", "ementa": "Solicita coloca\u00e7\u00e3o de redutor de velocidade e sinaliza\u00e7\u00e3o de tr\u00e2nsito eficaz na Rua Osvaldo Aranha, nas proximidades do n\u00ba 173, P\u00e1tria Nova."}, {"id": 20063, "ano": 2013, "numero": 7, "tipo__sigla": "IND", "tipo__descricao": "Indica\u00e7\u00e3o/Pedido de Provid\u00eancias", "autoria__autor__nome": "Professor Issur Koch", "texto_original": "https://sapl.camaranh.rs.gov.br/media/sapl/public/materialegislativa/2013/20063/20063_texto_integral.odt", "ementa": "Solicita remo\u00e7\u00e3o urgente de duas \u00e1rvores na Rua Joaquim Pedro Soares, em frente ao n\u00famero 1150, no Bairro Guarani."}, {"id": 20102, "ano": 2013, "numero": 8, "tipo__sigla": "IND", "tipo__descricao": "Indica\u00e7\u00e3o/Pedido de Provid\u00eancias", "autoria__autor__nome": "Inspetor Luz", "texto_original": "https://sapl.camaranh.rs.gov.br/media/sapl/public/materialegislativa/2013/20102/20102_texto_integral.odt", "ementa": "Solicita remo\u00e7\u00e3o de galhos e entulhos depositados ao longo de toda a extens\u00e3o da Rua Sapiranga, no Bairro Canudos."}, {"id": 20105, "ano": 2013, "numero": 9, "tipo__sigla": "IND", "tipo__descricao": "Indica\u00e7\u00e3o/Pedido de Provid\u00eancias", "autoria__autor__nome": "Inspetor Luz", "texto_original": "https://sapl.camaranh.rs.gov.br/media/sapl/public/materialegislativa/2013/20105/20105_texto_integral.odt", "ementa": "Reitera pedido para constru\u00e7\u00e3o de redutor de velocidade (quebra-molas) na Rua Pedro Jos\u00e9 Treis, em frente ao n\u00famero 620, no Bairro S\u00e3o Jorge."}, {"id": 20106, "ano": 2013, "numero": 10, "tipo__sigla": "IND", "tipo__descricao": "Indica\u00e7\u00e3o/Pedido de Provid\u00eancias", "autoria__autor__nome": "Cristiano Coller", "texto_original": "https://sapl.camaranh.rs.gov.br/media/sapl/public/materialegislativa/2013/20106/20106_texto_integral.odt", "ementa": "Solicita limpeza da Pra\u00e7a Arnaldo Schonardie, no cruzamento da Rua Belo Horizonte com a Rua Natal, no Bairro Boa Vista."}, {"id": 20119, "ano": 2013, "numero": 11, "tipo__sigla": "IND", "tipo__descricao": "Indica\u00e7\u00e3o/Pedido de Provid\u00eancias", "autoria__autor__nome": "Professor Issur Koch", "texto_original": "https://sapl.camaranh.rs.gov.br/media/sapl/public/materialegislativa/2013/20119/20119_texto_integral.odt", "ementa": "Sugere ao Executivo a apresenta\u00e7\u00e3o de Projeto de Lei que crie e regulamente a elei\u00e7\u00e3o para Secret\u00e1rio de Educa\u00e7\u00e3o neste munic\u00edpio."}, {"id": 20144, "ano": 2013, "numero": 12, "tipo__sigla": "IND", "tipo__descricao": "Indica\u00e7\u00e3o/Pedido de Provid\u00eancias", "autoria__autor__nome": "Inspetor Luz", "texto_original": "https://sapl.camaranh.rs.gov.br/media/sapl/public/materialegislativa/2013/20144/20144_texto_integral.odt", "ementa": "Solicita remo\u00e7\u00e3o de galhos e entulhos depositados ao longo de toda a extens\u00e3o da Rua Pedro Jos\u00e9 Treis, no Bairro S\u00e3o Jorge."}, {"id": 20148, "ano": 2013, "numero": 13, "tipo__sigla": "IND", "tipo__descricao": "Indica\u00e7\u00e3o/Pedido de Provid\u00eancias", "autoria__autor__nome": "Sergio Hanich", "texto_original": "https://sapl.camaranh.rs.gov.br/media/sapl/public/materialegislativa/2013/20148/20148_texto_integral.odt", "ementa": "Solicita implanta\u00e7\u00e3o de redutores de velocidade em dois pontos da Rua Pinheiro Machado, no Bairro Industrial."}, {"id": 20149, "ano": 2013, "numero": 14, "tipo__sigla": "IND", "tipo__descricao": "Indica\u00e7\u00e3o/Pedido de Provid\u00eancias", "autoria__autor__nome": "Sergio Hanich", "texto_original": "https://sapl.camaranh.rs.gov.br/media/sapl/public/materialegislativa/2013/20149/20149_texto_integral.odt", "ementa": "Solicita revitaliza\u00e7\u00e3o da sinaliza\u00e7\u00e3o de tr\u00e2nsito na Av. Pedro Adams Filho esquina com a Rua Lima, Bairro Industrial."}, {"id": 20151, "ano": 2013, "numero": 15, "tipo__sigla": "IND", "tipo__descricao": "Indica\u00e7\u00e3o/Pedido de Provid\u00eancias", "autoria__autor__nome": "Sergio Hanich", "texto_original": "https://sapl.camaranh.rs.gov.br/media/sapl/public/materialegislativa/2013/20151/20151_texto_integral.odt", "ementa": "Solicita limpeza no final do Beco da Rua Travessa 4, esquina com a Rua Am\u00e9rica, Bairro Canudos."}, {"id": 20152, "ano": 2013, "numero": 16, "tipo__sigla": "IND", "tipo__descricao": "Indica\u00e7\u00e3o/Pedido de Provid\u00eancias", "autoria__autor__nome": "JorgeTatsch", "texto_original": "https://sapl.camaranh.rs.gov.br/media/sapl/public/materialegislativa/2013/20152/20152_texto_integral.odt", "ementa": "Solicita remo\u00e7\u00e3o de galhos e entulhos depositados na Rua M\u00e9xico esquina com a Rua Montevideo, no Bairro Santo Afonso."}, {"id": 20153, "ano": 2013, "numero": 17, "tipo__sigla": "IND", "tipo__descricao": "Indica\u00e7\u00e3o/Pedido de Provid\u00eancias", "autoria__autor__nome": "JorgeTatsch", "texto_original": "https://sapl.camaranh.rs.gov.br/media/sapl/public/materialegislativa/2013/20153/20153_texto_integral.odt", "ementa": "Solicita desentupimento de esgoto na Rua Ana N\u00e9ri, em frente ao n\u00ba 15, Bairro Industrial."}, {"id": 20154, "ano": 2013, "numero": 18, "tipo__sigla": "IND", "tipo__descricao": "Indica\u00e7\u00e3o/Pedido de Provid\u00eancias", "autoria__autor__nome": "JorgeTatsch", "texto_original": "https://sapl.camaranh.rs.gov.br/media/sapl/public/materialegislativa/2013/20154/20154_texto_integral.odt", "ementa": "Solicita desentupimento de esgoto na Rua Assunci\u00f3n, em frente ao n\u00ba 122, Bairro Santo Afonso."}, {"id": 20155, "ano": 2013, "numero": 19, "tipo__sigla": "IND", "tipo__descricao": "Indica\u00e7\u00e3o/Pedido de Provid\u00eancias", "autoria__autor__nome": "JorgeTatsch", "texto_original": "https://sapl.camaranh.rs.gov.br/media/sapl/public/materialegislativa/2013/20155/20155_texto_integral.odt", "ementa": "Solicita patrolamento e coloca\u00e7\u00e3o de brita na Rua Marques de Olinda, Bairro Santo Afonso."}, {"id": 20156, "ano": 2013, "numero": 20, "tipo__sigla": "IND", "tipo__descricao": "Indica\u00e7\u00e3o/Pedido de Provid\u00eancias", "autoria__autor__nome": "JorgeTatsch", "texto_original": "https://sapl.camaranh.rs.gov.br/media/sapl/public/materialegislativa/2013/20156/20156_texto_integral.odt", "ementa": "Solicita coloca\u00e7\u00e3o de britas na Rua Vera Cruz, 172, Bairro Santo Afonso."}, {"id": 20158, "ano": 2013, "numero": 21, "tipo__sigla": "IND", "tipo__descricao": "Indica\u00e7\u00e3o/Pedido de Provid\u00eancias", "autoria__autor__nome": "JorgeTatsch", "texto_original": "https://sapl.camaranh.rs.gov.br/media/sapl/public/materialegislativa/2013/20158/20158_texto_integral.odt", "ementa": "Solicita substitui\u00e7\u00e3o de tampa de boca-de-lobo na Rua Augusto Pestana, em frente ao n\u00ba 302, Bairro Industrial."}, {"id": 20159, "ano": 2013, "numero": 22, "tipo__sigla": "IND", "tipo__descricao": "Indica\u00e7\u00e3o/Pedido de Provid\u00eancias", "autoria__autor__nome": "JorgeTatsch", "texto_original": "https://sapl.camaranh.rs.gov.br/media/sapl/public/materialegislativa/2013/20159/20159_texto_integral.odt", "ementa": "Solicita a revis\u00e3o e a substitui\u00e7\u00e3o de l\u00e2mpadas queimadas na Rua Vera Cruz, Bairro Santo Afonso."}, {"id": 20160, "ano": 2013, "numero": 23, "tipo__sigla": "IND", "tipo__descricao": "Indica\u00e7\u00e3o/Pedido de Provid\u00eancias", "autoria__autor__nome": "JorgeTatsch", "texto_original": "https://sapl.camaranh.rs.gov.br/media/sapl/public/materialegislativa/2013/20160/20160_texto_integral.odt", "ementa": "Solicita substitui\u00e7\u00e3o de tampa de boca-de-lobo na Coronel Jac\u00f3 Filho, em frente ao n\u00ba 437, Bairro Santo Afonso."}, {"id": 20161, "ano": 2013, "numero": 24, "tipo__sigla": "IND", "tipo__descricao": "Indica\u00e7\u00e3o/Pedido de Provid\u00eancias", "autoria__autor__nome": "Sergio Hanich", "texto_original": "https://sapl.camaranh.rs.gov.br/media/sapl/public/materialegislativa/2013/20161/20161_texto_integral.odt", "ementa": "Solicita limpeza de via p\u00fablica na Avenida 1\u00ba de Mar\u00e7o, nas imedia\u00e7\u00f5es do n\u00b0 2951, Bairro Industrial."}, {"id": 20162, "ano": 2013, "numero": 25, "tipo__sigla": "IND", "tipo__descricao": "Indica\u00e7\u00e3o/Pedido de Provid\u00eancias", "autoria__autor__nome": "Sergio Hanich", "texto_original": "https://sapl.camaranh.rs.gov.br/media/sapl/public/materialegislativa/2013/20162/20162_texto_integral.odt", "ementa": "Solicita limpeza das duas bocas-de-lobo na esquina da Rua da Consagra\u00e7\u00e3o com ma Rua Bernardo Dejalmo Ludwig, Bairro Diehl."}, {"id": 20163, "ano": 2013, "numero": 26, "tipo__sigla": "IND", "tipo__descricao": "Indica\u00e7\u00e3o/Pedido de Provid\u00eancias", "autoria__autor__nome": "Inspetor Luz", "texto_original": "https://sapl.camaranh.rs.gov.br/media/sapl/public/materialegislativa/2013/20163/20163_texto_integral.odt", "ementa": "Solicita constru\u00e7\u00e3o de redutor de velocidade (quebra-molas) na Rua Orozimbo Correa Mendes, em frente ao n\u00ba 94, nas imedia\u00e7\u00f5es da Creche Chapeuzinho Vermelho, no Bairro Canudos."}, {"id": 20164, "ano": 2013, "numero": 27, "tipo__sigla": "IND", "tipo__descricao": "Indica\u00e7\u00e3o/Pedido de Provid\u00eancias", "autoria__autor__nome": "Cristiano Coller", "texto_original": "https://sapl.camaranh.rs.gov.br/media/sapl/public/materialegislativa/2013/20164/20164_texto_integral.odt", "ementa": "Solicita limpeza e ro\u00e7ada na Escola Municipal de Educa\u00e7\u00e3o Infantil Jo\u00e3o de Barro, no Bairro Rond\u00f4nia."}, {"id": 20165, "ano": 2013, "numero": 28, "tipo__sigla": "IND", "tipo__descricao": "Indica\u00e7\u00e3o/Pedido de Provid\u00eancias", "autoria__autor__nome": "Cristiano Coller", "texto_original": "https://sapl.camaranh.rs.gov.br/media/sapl/public/materialegislativa/2013/20165/20165_texto_integral.odt", "ementa": "Solicita limpeza e ro\u00e7ada na Escola Municipal de Educa\u00e7\u00e3o Infantil Peter Pan, no Bairro Santo Afonso."}, {"id": 20166, "ano": 2013, "numero": 29, "tipo__sigla": "IND", "tipo__descricao": "Indica\u00e7\u00e3o/Pedido de Provid\u00eancias", "autoria__autor__nome": "Cristiano Coller", "texto_original": "https://sapl.camaranh.rs.gov.br/media/sapl/public/materialegislativa/2013/20166/20166_texto_integral.odt", "ementa": "Solicita limpeza e ro\u00e7ada na Escola Municipal de Educa\u00e7\u00e3o Infantil Vov\u00f4 Werno, no Bairro Vila Nova."}, {"id": 20167, "ano": 2013, "numero": 30, "tipo__sigla": "IND", "tipo__descricao": "Indica\u00e7\u00e3o/Pedido de Provid\u00eancias", "autoria__autor__nome": "Cristiano Coller", "texto_original": "https://sapl.camaranh.rs.gov.br/media/sapl/public/materialegislativa/2013/20167/20167_texto_integral.odt", "ementa": "Solicita limpeza e ro\u00e7ada na Escola Municipal de Ensino Fundamental Jo\u00e3o Batista Jaeger, no Bairro Santo Afonso."}, {"id": 20168, "ano": 2013, "numero": 31, "tipo__sigla": "IND", "tipo__descricao": "Indica\u00e7\u00e3o/Pedido de Provid\u00eancias", "autoria__autor__nome": "Luiz Fernando Farias", "texto_original": "https://sapl.camaranh.rs.gov.br/media/sapl/public/materialegislativa/2013/20168/20168_texto_integral.odt", "ementa": "Solicita estudo para implanta\u00e7\u00e3o de m\u00e3o \u00fanica na Rua S\u00e3o Francisco de Assis, entre as Ruas Lagoa Vermelha e S\u00e3o Jer\u00f4nimo no Bairro Jardim Mau\u00e1."}, {"id": 20169, "ano": 2013, "numero": 32, "tipo__sigla": "IND", "tipo__descricao": "Indica\u00e7\u00e3o/Pedido de Provid\u00eancias", "autoria__autor__nome": "Cristiano Coller", "texto_original": "https://sapl.camaranh.rs.gov.br/media/sapl/public/materialegislativa/2013/20169/20169_texto_integral.odt", "ementa": "Solicita limpeza e ro\u00e7ada na Escola Municipal de Ensino Fundamental Coronel Guilherme Gaelzer Neto, no Bairro Santo Afonso."}, {"id": 20170, "ano": 2013, "numero": 33, "tipo__sigla": "IND", "tipo__descricao": "Indica\u00e7\u00e3o/Pedido de Provid\u00eancias", "autoria__autor__nome": "Cristiano Coller", "texto_original": "https://sapl.camaranh.rs.gov.br/media/sapl/public/materialegislativa/2013/20170/20170_texto_integral.odt", "ementa": "Solicita uma Carga de Areia Lavada da Lagoa na Escola Municipal de Educa\u00e7\u00e3o Infantil Ideal, no Bairro Ideal."}, {"id": 20174, "ano": 2013, "numero": 34, "tipo__sigla": "IND", "tipo__descricao": "Indica\u00e7\u00e3o/Pedido de Provid\u00eancias", "autoria__autor__nome": "Cristiano Coller", "texto_original": "https://sapl.camaranh.rs.gov.br/media/sapl/public/materialegislativa/2013/20174/20174_texto_integral.odt", "ementa": "Solicita poda de arbustos no canteiro central da Av. Coronel Frederico Linck, entre a Av. Na\u00e7\u00f5es Unidas e a Rua Aimor\u00e9, no Bairro Ideal."}, {"id": 20175, "ano": 2013, "numero": 35, "tipo__sigla": "IND", "tipo__descricao": "Indica\u00e7\u00e3o/Pedido de Provid\u00eancias", "autoria__autor__nome": "Cristiano Coller", "texto_original": "https://sapl.camaranh.rs.gov.br/media/sapl/public/materialegislativa/2013/20175/20175_texto_integral.odt", "ementa": "Solicita poda de arbustos no canteiro central da Av. Coronel Frederico Linck, no Bairro P\u00e1tria Nova."}, {"id": 20176, "ano": 2013, "numero": 36, "tipo__sigla": "IND", "tipo__descricao": "Indica\u00e7\u00e3o/Pedido de Provid\u00eancias", "autoria__autor__nome": "Cristiano Coller", "texto_original": "https://sapl.camaranh.rs.gov.br/media/sapl/public/materialegislativa/2013/20176/20176_texto_integral.odt", "ementa": "Solicita limpeza e ro\u00e7ada do canteiro central da Av. Marques de Olinda."}, {"id": 20177, "ano": 2013, "numero": 37, "tipo__sigla": "IND", "tipo__descricao": "Indica\u00e7\u00e3o/Pedido de Provid\u00eancias", "autoria__autor__nome": "Cristiano Coller", "texto_original": "https://sapl.camaranh.rs.gov.br/media/sapl/public/materialegislativa/2013/20177/20177_texto_integral.odt", "ementa": "Solicita limpeza e ro\u00e7ada na Pra\u00e7a Papa Paulo VI, no Bairro Santo Afonso."}, {"id": 20178, "ano": 2013, "numero": 38, "tipo__sigla": "IND", "tipo__descricao": "Indica\u00e7\u00e3o/Pedido de Provid\u00eancias", "autoria__autor__nome": "Cristiano Coller", "texto_original": "https://sapl.camaranh.rs.gov.br/media/sapl/public/materialegislativa/2013/20178/20178_texto_integral.odt", "ementa": "Solicita limpeza e ro\u00e7ada na Pra\u00e7a Seno Filstricher, no Bairro Ideal."}, {"id": 20183, "ano": 2013, "numero": 39, "tipo__sigla": "IND", "tipo__descricao": "Indica\u00e7\u00e3o/Pedido de Provid\u00eancias", "autoria__autor__nome": "Cristiano Coller", "texto_original": "https://sapl.camaranh.rs.gov.br/media/sapl/public/materialegislativa/2013/20183/20183_texto_integral.odt", "ementa": "Solicita poda de arbustos no canteiro central da Av. Primeiro de Mar\u00e7o, no Bairro P\u00e1tria Nova."}, {"id": 20184, "ano": 2013, "numero": 40, "tipo__sigla": "IND", "tipo__descricao": "Indica\u00e7\u00e3o/Pedido de Provid\u00eancias", "autoria__autor__nome": "JorgeTatsch", "texto_original": "https://sapl.camaranh.rs.gov.br/media/sapl/public/materialegislativa/2013/20184/20184_texto_integral.odt", "ementa": "Solicita limpeza em boca-de-lobo entupida na Rua La Haba\u00f1a, em frente ao n\u00ba 37, Bairro Santo Afonso."}, {"id": 20185, "ano": 2013, "numero": 41, "tipo__sigla": "IND", "tipo__descricao": "Indica\u00e7\u00e3o/Pedido de Provid\u00eancias", "autoria__autor__nome": "JorgeTatsch", "texto_original": "https://sapl.camaranh.rs.gov.br/media/sapl/public/materialegislativa/2013/20185/20185_texto_integral.odt", "ementa": "Solicita com urg\u00eancia coloca\u00e7\u00e3o de uma boca-de-lobo na Rua Otawa, em frente ao n\u00famero 478, Bairro Santo Afonso."}, {"id": 20186, "ano": 2013, "numero": 42, "tipo__sigla": "IND", "tipo__descricao": "Indica\u00e7\u00e3o/Pedido de Provid\u00eancias", "autoria__autor__nome": "JorgeTatsch", "texto_original": "https://sapl.camaranh.rs.gov.br/media/sapl/public/materialegislativa/2013/20186/20186_texto_integral.odt", "ementa": "Solicita conserto de duas tampas de boca-de-lobo na Rua Valmir Bernardes Ferreira, esquina com a Rua Ver. Emir Lucas de Mello, nas proximidades do n\u00b0 73, no Bairro Santo Afonso."}, {"id": 20196, "ano": 2013, "numero": 43, "tipo__sigla": "IND", "tipo__descricao": "Indica\u00e7\u00e3o/Pedido de Provid\u00eancias", "autoria__autor__nome": "Felipe Kuhn Braun", "texto_original": "https://sapl.camaranh.rs.gov.br/media/sapl/public/materialegislativa/2013/20196/20196_texto_integral.odt", "ementa": "Solicita estudo de viabilidade de coloca\u00e7\u00e3o de quebra-molas ou sem\u00e1foro no cruzamento das ruas Confraterniza\u00e7\u00e3o e Osvaldo Aranha no Bairro P\u00e1tria Nova."}, {"id": 20197, "ano": 2013, "numero": 44, "tipo__sigla": "IND", "tipo__descricao": "Indica\u00e7\u00e3o/Pedido de Provid\u00eancias", "autoria__autor__nome": "Felipe Kuhn Braun", "texto_original": "https://sapl.camaranh.rs.gov.br/media/sapl/public/materialegislativa/2013/20197/20197_texto_integral.odt", "ementa": "Solicita o corte de grama e a limpeza da \u00e1rea do Parque Carlos Armando Koch - Floresta Imperial."}, {"id": 20205, "ano": 2013, "numero": 45, "tipo__sigla": "IND", "tipo__descricao": "Indica\u00e7\u00e3o/Pedido de Provid\u00eancias", "autoria__autor__nome": "Felipe Kuhn Braun", "texto_original": "https://sapl.camaranh.rs.gov.br/media/sapl/public/materialegislativa/2013/20205/20205_texto_integral.odt", "ementa": "Solicita a instala\u00e7\u00e3o de canos no c\u00f3rrego d'\u00e1gua localizado na Rua Amantino Ant\u00f4nio Peteffi, s/n\u00ba, ao lado do n\u00ba 1610, Bairro Redentora."}, {"id": 20206, "ano": 2013, "numero": 46, "tipo__sigla": "IND", "tipo__descricao": "Indica\u00e7\u00e3o/Pedido de Provid\u00eancias", "autoria__autor__nome": "Felipe Kuhn Braun", "texto_original": "https://sapl.camaranh.rs.gov.br/media/sapl/public/materialegislativa/2013/20206/20206_texto_integral.odt", "ementa": "Solicita a reforma do pr\u00e9dio hist\u00f3rico localizado no interior do Parque Carlos Armando Koch - Floresta Imperial."}, {"id": 20207, "ano": 2013, "numero": 47, "tipo__sigla": "IND", "tipo__descricao": "Indica\u00e7\u00e3o/Pedido de Provid\u00eancias", "autoria__autor__nome": "Felipe Kuhn Braun", "texto_original": "https://sapl.camaranh.rs.gov.br/media/sapl/public/materialegislativa/2013/20207/20207_texto_integral.odt", "ementa": "Solicita a reforma da rede de esgoto que passa pela cal\u00e7ada localizada na Rua Rio Amazonas em frente ao n\u00ba 118, Bairro Liberdade."}, {"id": 20209, "ano": 2013, "numero": 48, "tipo__sigla": "IND", "tipo__descricao": "Indica\u00e7\u00e3o/Pedido de Provid\u00eancias", "autoria__autor__nome": "Felipe Kuhn Braun", "texto_original": "https://sapl.camaranh.rs.gov.br/media/sapl/public/materialegislativa/2013/20209/20209_texto_integral.odt", "ementa": "Solicita a troca da tampa de bueiro localizado na Rua Gomes Portinho, em frente ao pr\u00e9dio n\u00ba 758, Bairro Centro."}, {"id": 20210, "ano": 2013, "numero": 49, "tipo__sigla": "IND", "tipo__descricao": "Indica\u00e7\u00e3o/Pedido de Provid\u00eancias", "autoria__autor__nome": "Felipe Kuhn Braun", "texto_original": "https://sapl.camaranh.rs.gov.br/media/sapl/public/materialegislativa/2013/20210/20210_texto_integral.odt", "ementa": "Solicita conserto da rede de esgoto fluvial na Rua Gua\u00edba, em frente ao n\u00ba 1190, pr\u00f3ximo \u00e0 RS 239."}, {"id": 20211, "ano": 2013, "numero": 50, "tipo__sigla": "IND", "tipo__descricao": "Indica\u00e7\u00e3o/Pedido de Provid\u00eancias", "autoria__autor__nome": "Inspetor Luz", "texto_original": "https://sapl.camaranh.rs.gov.br/media/sapl/public/materialegislativa/2013/20211/20211_texto_integral.odt", "ementa": "Solicita asfaltamento da Rua do Louro, no Bairro Guarani."}, {"id": 20212, "ano": 2013, "numero": 51, "tipo__sigla": "IND", "tipo__descricao": "Indica\u00e7\u00e3o/Pedido de Provid\u00eancias", "autoria__autor__nome": "Inspetor Luz", "texto_original": "https://sapl.camaranh.rs.gov.br/media/sapl/public/materialegislativa/2013/20212/20212_texto_integral.odt", "ementa": "Solicita capina e limpeza junto ao meio-fio em toda a extens\u00e3o da Rua Guajuriva, no Bairro Guarani."}, {"id": 20213, "ano": 2013, "numero": 52, "tipo__sigla": "IND", "tipo__descricao": "Indica\u00e7\u00e3o/Pedido de Provid\u00eancias", "autoria__autor__nome": "Inspetor Luz", "texto_original": "https://sapl.camaranh.rs.gov.br/media/sapl/public/materialegislativa/2013/20213/20213_texto_integral.odt", "ementa": "Solicita poda de \u00e1rvore e limpeza em frente ao n\u00ba 45 da Rua Porto Alegre, Bairro Vila Nova."}, {"id": 20214, "ano": 2013, "numero": 53, "tipo__sigla": "IND", "tipo__descricao": "Indica\u00e7\u00e3o/Pedido de Provid\u00eancias", "autoria__autor__nome": "Inspetor Luz", "texto_original": "https://sapl.camaranh.rs.gov.br/media/sapl/public/materialegislativa/2013/20214/20214_texto_integral.odt", "ementa": "Solicita capina e limpeza junto ao meio-fio em toda a extens\u00e3o da Rua Ira\u00ed, no Bairro Guarani."}, {"id": 20215, "ano": 2013, "numero": 54, "tipo__sigla": "IND", "tipo__descricao": "Indica\u00e7\u00e3o/Pedido de Provid\u00eancias", "autoria__autor__nome": "Inspetor Luz", "texto_original": "https://sapl.camaranh.rs.gov.br/media/sapl/public/materialegislativa/2013/20215/20215_texto_integral.odt", "ementa": "Solicita asfaltamento da Rua Itapiru, no Bairro Guarani."}, {"id": 20216, "ano": 2013, "numero": 55, "tipo__sigla": "IND", "tipo__descricao": "Indica\u00e7\u00e3o/Pedido de Provid\u00eancias", "autoria__autor__nome": "Inspetor Luz", "texto_original": "https://sapl.camaranh.rs.gov.br/media/sapl/public/materialegislativa/2013/20216/20216_texto_integral.odt", "ementa": "Solicita capina e limpeza junto ao meio-fio em toda a extens\u00e3o da Rua Itapiru, no Bairro Guarani."}, {"id": 20217, "ano": 2013, "numero": 56, "tipo__sigla": "IND", "tipo__descricao": "Indica\u00e7\u00e3o/Pedido de Provid\u00eancias", "autoria__autor__nome": "Inspetor Luz", "texto_original": "https://sapl.camaranh.rs.gov.br/media/sapl/public/materialegislativa/2013/20217/20217_texto_integral.odt", "ementa": "Solicita recomposi\u00e7\u00e3o asf\u00e1ltica em toda extens\u00e3o da Rua Port\u00e3o, Bairro Guarani."}, {"id": 20219, "ano": 2013, "numero": 57, "tipo__sigla": "IND", "tipo__descricao": "Indica\u00e7\u00e3o/Pedido de Provid\u00eancias", "autoria__autor__nome": "Sergio Hanich", "texto_original": "https://sapl.camaranh.rs.gov.br/media/sapl/public/materialegislativa/2013/20219/20219_texto_integral.odt", "ementa": "Solicita recolhimento de galhos na Rua Jos\u00e9 Alo\u00edsio Daudt, ao lado do n\u00ba 549, Bairro Canudos."}, {"id": 20221, "ano": 2013, "numero": 58, "tipo__sigla": "IND", "tipo__descricao": "Indica\u00e7\u00e3o/Pedido de Provid\u00eancias", "autoria__autor__nome": "Inspetor Luz", "texto_original": "https://sapl.camaranh.rs.gov.br/media/sapl/public/materialegislativa/2013/20221/20221_texto_integral.odt", "ementa": "Solicita remo\u00e7\u00e3o entulhos depositados ao lado do n\u00ba 51 da Rua Santa Vit\u00f3ria do Palmar, no Bairro Jardim Mau\u00e1."}, {"id": 20223, "ano": 2013, "numero": 59, "tipo__sigla": "IND", "tipo__descricao": "Indica\u00e7\u00e3o/Pedido de Provid\u00eancias", "autoria__autor__nome": "Inspetor Luz", "texto_original": "https://sapl.camaranh.rs.gov.br/media/sapl/public/materialegislativa/2013/20223/20223_texto_integral.odt", "ementa": "Solicita remo\u00e7\u00e3o de galhos e entulhos depositados e conserto do passeio p\u00fablico ao lado do n\u00ba 3115 da Rua Bento Gon\u00e7alves, no Bairro Centro."}, {"id": 20224, "ano": 2013, "numero": 60, "tipo__sigla": "IND", "tipo__descricao": "Indica\u00e7\u00e3o/Pedido de Provid\u00eancias", "autoria__autor__nome": "Inspetor Luz", "texto_original": "https://sapl.camaranh.rs.gov.br/media/sapl/public/materialegislativa/2013/20224/20224_texto_integral.odt", "ementa": "Solicita remo\u00e7\u00e3o de galhos e entulhos depositados em frente ao n\u00ba 445 da Rua Encruzilhada do Sul, no Bairro Jardim Mau\u00e1."}, {"id": 20225, "ano": 2013, "numero": 61, "tipo__sigla": "IND", "tipo__descricao": "Indica\u00e7\u00e3o/Pedido de Provid\u00eancias", "autoria__autor__nome": "Inspetor Luz", "texto_original": "https://sapl.camaranh.rs.gov.br/media/sapl/public/materialegislativa/2013/20225/20225_texto_integral.odt", "ementa": "Solicita remo\u00e7\u00e3o de galhos e entulhos depositados ao lado do n\u00ba 3372 da Rua Bento Gon\u00e7alves, no Bairro Centro."}, {"id": 20227, "ano": 2013, "numero": 62, "tipo__sigla": "IND", "tipo__descricao": "Indica\u00e7\u00e3o/Pedido de Provid\u00eancias", "autoria__autor__nome": "Inspetor Luz", "texto_original": "https://sapl.camaranh.rs.gov.br/media/sapl/public/materialegislativa/2013/20227/20227_texto_integral.odt", "ementa": "Solicita remo\u00e7\u00e3o de galhos e entulhos depositados em frente ao n\u00ba 272 da Rua Nogueira, no Bairro Vila Nova."}, {"id": 20229, "ano": 2013, "numero": 63, "tipo__sigla": "IND", "tipo__descricao": "Indica\u00e7\u00e3o/Pedido de Provid\u00eancias", "autoria__autor__nome": "Sergio Hanich", "texto_original": "https://sapl.camaranh.rs.gov.br/media/sapl/public/materialegislativa/2013/20229/20229_texto_integral.odt", "ementa": "Solicita intima\u00e7\u00e3o ao propriet\u00e1rio para que fa\u00e7a limpeza do terreno baldio na Rua Heitor Villa Lobos, ao lado do n\u00b0 313, Bairro Canudos."}, {"id": 20230, "ano": 2013, "numero": 64, "tipo__sigla": "IND", "tipo__descricao": "Indica\u00e7\u00e3o/Pedido de Provid\u00eancias", "autoria__autor__nome": "Sergio Hanich", "texto_original": "https://sapl.camaranh.rs.gov.br/media/sapl/public/materialegislativa/2013/20230/20230_texto_integral.odt", "ementa": "Solicita recapeamento asf\u00e1ltico em toda extens\u00e3o da Rua do Ip\u00ea, Bairro Liberdade."}, {"id": 20239, "ano": 2013, "numero": 65, "tipo__sigla": "IND", "tipo__descricao": "Indica\u00e7\u00e3o/Pedido de Provid\u00eancias", "autoria__autor__nome": "Felipe Kuhn Braun", "texto_original": "https://sapl.camaranh.rs.gov.br/media/sapl/public/materialegislativa/2013/20239/20239_texto_integral.odt", "ementa": "Solicita capina e limpeza da pra\u00e7a localizada na Rua Araguaia, pr\u00f3ximo ao n\u00ba 512, no Bairro Jardim Mau\u00e1."}, {"id": 20240, "ano": 2013, "numero": 66, "tipo__sigla": "IND", "tipo__descricao": "Indica\u00e7\u00e3o/Pedido de Provid\u00eancias", "autoria__autor__nome": "Professor Issur Koch", "texto_original": "https://sapl.camaranh.rs.gov.br/media/sapl/public/materialegislativa/2013/20240/20240_texto_integral.odt", "ementa": "Solicita intima\u00e7\u00e3o \u00e0 Subsecretaria de Obras do Bairro Santo Afonso para que fa\u00e7a a limpeza de terreno localizado na Rua Montevid\u00e9o, esquina com a Rua Buenos Aires."}, {"id": 20242, "ano": 2013, "numero": 67, "tipo__sigla": "IND", "tipo__descricao": "Indica\u00e7\u00e3o/Pedido de Provid\u00eancias", "autoria__autor__nome": "Inspetor Luz", "texto_original": "https://sapl.camaranh.rs.gov.br/media/sapl/public/materialegislativa/2013/20242/20242_texto_integral.odt", "ementa": "Solicita remo\u00e7\u00e3o de galhos e entulhos depositados ao lado do n\u00ba 230 da Rua Encruzilhada do Sul, no Bairro Jardim Mau\u00e1."}, {"id": 20243, "ano": 2013, "numero": 68, "tipo__sigla": "IND", "tipo__descricao": "Indica\u00e7\u00e3o/Pedido de Provid\u00eancias", "autoria__autor__nome": "Inspetor Luz", "texto_original": "https://sapl.camaranh.rs.gov.br/media/sapl/public/materialegislativa/2013/20243/20243_texto_integral.odt", "ementa": "Solicita revitaliza\u00e7\u00e3o da quadra de esportes e da pra\u00e7a de lazer localizada entre as Ruas Itaporanga e Encruzilhada do Sul, no Bairro Jardim Mau\u00e1."}, {"id": 20244, "ano": 2013, "numero": 69, "tipo__sigla": "IND", "tipo__descricao": "Indica\u00e7\u00e3o/Pedido de Provid\u00eancias", "autoria__autor__nome": "Inspetor Luz", "texto_original": "https://sapl.camaranh.rs.gov.br/media/sapl/public/materialegislativa/2013/20244/20244_texto_integral.odt", "ementa": "Solicita capina e limpeza junto ao meio-fio em toda a extens\u00e3o da Rua Marat\u00e1, no Bairro Jardim Mau\u00e1."}, {"id": 20246, "ano": 2013, "numero": 70, "tipo__sigla": "IND", "tipo__descricao": "Indica\u00e7\u00e3o/Pedido de Provid\u00eancias", "autoria__autor__nome": "Cristiano Coller", "texto_original": "https://sapl.camaranh.rs.gov.br/media/sapl/public/materialegislativa/2013/20246/20246_texto_integral.odt", "ementa": "Solicita conserto de infiltra\u00e7\u00e3o no passeio p\u00fablico e boca-de-lobo na Rua Guia Lopes, Bairro Santo Afonso."}, {"id": 20247, "ano": 2013, "numero": 71, "tipo__sigla": "IND", "tipo__descricao": "Indica\u00e7\u00e3o/Pedido de Provid\u00eancias", "autoria__autor__nome": "Cristiano Coller", "texto_original": "https://sapl.camaranh.rs.gov.br/media/sapl/public/materialegislativa/2013/20247/20247_texto_integral.odt", "ementa": "Solicita a recoloca\u00e7\u00e3o de lumin\u00e1ria no antigo Lix\u00e3o do Lima, no Bairro Santo Afonso."}, {"id": 20248, "ano": 2013, "numero": 72, "tipo__sigla": "IND", "tipo__descricao": "Indica\u00e7\u00e3o/Pedido de Provid\u00eancias", "autoria__autor__nome": "Cristiano Coller", "texto_original": "https://sapl.camaranh.rs.gov.br/media/sapl/public/materialegislativa/2013/20248/20248_texto_integral.odt", "ementa": "Solicita desentupimento de bocas-de-lobo na Rua Ant\u00f4nio Roberto Kroeff, Bairro Santo Afonso."}, {"id": 20249, "ano": 2013, "numero": 73, "tipo__sigla": "IND", "tipo__descricao": "Indica\u00e7\u00e3o/Pedido de Provid\u00eancias", "autoria__autor__nome": "Cristiano Coller", "texto_original": "https://sapl.camaranh.rs.gov.br/media/sapl/public/materialegislativa/2013/20249/20249_texto_integral.odt", "ementa": "Solicita instala\u00e7\u00e3o de Sem\u00e1foro na Rua Guia Lopes, no Bairro Santo Afonso."}, {"id": 20250, "ano": 2013, "numero": 74, "tipo__sigla": "IND", "tipo__descricao": "Indica\u00e7\u00e3o/Pedido de Provid\u00eancias", "autoria__autor__nome": "Cristiano Coller", "texto_original": "https://sapl.camaranh.rs.gov.br/media/sapl/public/materialegislativa/2013/20250/20250_texto_integral.odt", "ementa": "Solicita recolhimento de galhos e lixo na \u00e1rea da Prefeitura Municipal de Novo Hamburgo (antigo Lix\u00e3o do Lima), no Bairro Santo Afonso."}, {"id": 20251, "ano": 2013, "numero": 75, "tipo__sigla": "IND", "tipo__descricao": "Indica\u00e7\u00e3o/Pedido de Provid\u00eancias", "autoria__autor__nome": "Cristiano Coller", "texto_original": "https://sapl.camaranh.rs.gov.br/media/sapl/public/materialegislativa/2013/20251/20251_texto_integral.odt", "ementa": "Solicita coloca\u00e7\u00e3o de redutores de velocidade (quebra-molas), em frente \u00e0 Escola Municipal de Educa\u00e7\u00e3o Infantil Ideal, Bairro Ideal."}, {"id": 20252, "ano": 2013, "numero": 76, "tipo__sigla": "IND", "tipo__descricao": "Indica\u00e7\u00e3o/Pedido de Provid\u00eancias", "autoria__autor__nome": "Cristiano Coller", "texto_original": "https://sapl.camaranh.rs.gov.br/media/sapl/public/materialegislativa/2013/20252/20252_texto_integral.odt", "ementa": "Solicita limpeza e ro\u00e7ada em \u00e1rea da Prefeitura (antigo Lix\u00e3o do Lima ) no Bairro Santo Afonso."}, {"id": 20254, "ano": 2013, "numero": 77, "tipo__sigla": "IND", "tipo__descricao": "Indica\u00e7\u00e3o/Pedido de Provid\u00eancias", "autoria__autor__nome": "Cristiano Coller", "texto_original": "https://sapl.camaranh.rs.gov.br/media/sapl/public/materialegislativa/2013/20254/20254_texto_integral.odt", "ementa": "Solicita a instala\u00e7\u00e3o  de c\u00e2mera de vigil\u00e2ncia na Av. Vereador Ad\u00e3o Rodrigues de Oliveira, esquina com a Rua Tupiniquins, no Bairro Ideal."}, {"id": 20256, "ano": 2013, "numero": 78, "tipo__sigla": "IND", "tipo__descricao": "Indica\u00e7\u00e3o/Pedido de Provid\u00eancias", "autoria__autor__nome": "Cristiano Coller", "texto_original": "https://sapl.camaranh.rs.gov.br/media/sapl/public/materialegislativa/2013/20256/20256_texto_integral.odt", "ementa": "Solicita a instala\u00e7\u00e3o  de c\u00e2mera de vigil\u00e2ncia na Rua Guia Lopes, esquina com a Rua Flamengo, no Bairro Santo Afonso."}, {"id": 20257, "ano": 2013, "numero": 79, "tipo__sigla": "IND", "tipo__descricao": "Indica\u00e7\u00e3o/Pedido de Provid\u00eancias", "autoria__autor__nome": "Cristiano Coller", "texto_original": "https://sapl.camaranh.rs.gov.br/media/sapl/public/materialegislativa/2013/20257/20257_texto_integral.odt", "ementa": "Solicita a instala\u00e7\u00e3o  de c\u00e2mera de vigil\u00e2ncia, no Bairro Santo Afonso."}, {"id": 20259, "ano": 2013, "numero": 80, "tipo__sigla": "IND", "tipo__descricao": "Indica\u00e7\u00e3o/Pedido de Provid\u00eancias", "autoria__autor__nome": "Cristiano Coller", "texto_original": "https://sapl.camaranh.rs.gov.br/media/sapl/public/materialegislativa/2013/20259/20259_texto_integral.odt", "ementa": "Solicita limpeza de terreno na Rua Guia Lopes, no Bairro Santo Afonso."}, {"id": 20260, "ano": 2013, "numero": 81, "tipo__sigla": "IND", "tipo__descricao": "Indica\u00e7\u00e3o/Pedido de Provid\u00eancias", "autoria__autor__nome": "Cristiano Coller", "texto_original": "https://sapl.camaranh.rs.gov.br/media/sapl/public/materialegislativa/2013/20260/20260_texto_integral.odt", "ementa": "Solicita instala\u00e7\u00e3o de sem\u00e1foro para pedestres na Rua Guia Lopes, pr\u00f3ximo \u00e0 Sociedade Gr\u00eamio Atiradores, no Bairro Santo Afonso."}, {"id": 20262, "ano": 2013, "numero": 82, "tipo__sigla": "IND", "tipo__descricao": "Indica\u00e7\u00e3o/Pedido de Provid\u00eancias", "autoria__autor__nome": "Cristiano Coller", "texto_original": "https://sapl.camaranh.rs.gov.br/media/sapl/public/materialegislativa/2013/20262/20262_texto_integral.odt", "ementa": "Solicita coloca\u00e7\u00e3o de brinquedos na Pra\u00e7a da Rua Ant\u00f4nio Roberto Kroeff, no Bairro Santo Afonso."}, {"id": 20261, "ano": 2013, "numero": 83, "tipo__sigla": "IND", "tipo__descricao": "Indica\u00e7\u00e3o/Pedido de Provid\u00eancias", "autoria__autor__nome": "Cristiano Coller", "texto_original": "https://sapl.camaranh.rs.gov.br/media/sapl/public/materialegislativa/2013/20261/20261_texto_integral.odt", "ementa": "Solicita recolhimento de entulhos na Rua Tapuias, no Bairro Santo Afonso."}, {"id": 20263, "ano": 2013, "numero": 84, "tipo__sigla": "IND", "tipo__descricao": "Indica\u00e7\u00e3o/Pedido de Provid\u00eancias", "autoria__autor__nome": "Cristiano Coller", "texto_original": "https://sapl.camaranh.rs.gov.br/media/sapl/public/materialegislativa/2013/20263/20263_texto_integral.odt", "ementa": "Solicita poda de \u00e1rvore localizada na Pra\u00e7a Arnaldo Schoenardie, no Bairro Santo Afonso."}, {"id": 20264, "ano": 2013, "numero": 85, "tipo__sigla": "IND", "tipo__descricao": "Indica\u00e7\u00e3o/Pedido de Provid\u00eancias", "autoria__autor__nome": "Cristiano Coller", "texto_original": "https://sapl.camaranh.rs.gov.br/media/sapl/public/materialegislativa/2013/20264/20264_texto_integral.odt", "ementa": "Solicita uma carga de areia lavada da lagoa na cancha de areia ao lado do campo do canto do rio, no Bairro Santo Afonso."}, {"id": 20265, "ano": 2013, "numero": 86, "tipo__sigla": "IND", "tipo__descricao": "Indica\u00e7\u00e3o/Pedido de Provid\u00eancias", "autoria__autor__nome": "Professor Issur Koch", "texto_original": "https://sapl.camaranh.rs.gov.br/media/sapl/public/materialegislativa/2013/20265/20265_texto_integral.odt", "ementa": "Solicita coloca\u00e7\u00e3o de abrigo na parada de \u00f4nibus na Rua Rio de janeiro, ao lado do n\u00famero 353, no Bairro Ouro Branco."}, {"id": 20266, "ano": 2013, "numero": 87, "tipo__sigla": "IND", "tipo__descricao": "Indica\u00e7\u00e3o/Pedido de Provid\u00eancias", "autoria__autor__nome": "Cristiano Coller", "texto_original": "https://sapl.camaranh.rs.gov.br/media/sapl/public/materialegislativa/2013/20266/20266_texto_integral.odt", "ementa": "Solicita a recoloca\u00e7\u00e3o de poste e lumin\u00e1ria na Rua Visconde de Araguaia, no Bairro Santo Afonso."}, {"id": 20267, "ano": 2013, "numero": 88, "tipo__sigla": "IND", "tipo__descricao": "Indica\u00e7\u00e3o/Pedido de Provid\u00eancias", "autoria__autor__nome": "Patr\u00edcia Beck", "texto_original": "https://sapl.camaranh.rs.gov.br/media/sapl/public/materialegislativa/2013/20267/20267_texto_integral.odt", "ementa": "Solicita limpeza das duas bocas-de-lobo na  Rua Teco Teco, em frente ao n\u00famero 20, Bairro Canudos."}, {"id": 20268, "ano": 2013, "numero": 89, "tipo__sigla": "IND", "tipo__descricao": "Indica\u00e7\u00e3o/Pedido de Provid\u00eancias", "autoria__autor__nome": "Patr\u00edcia Beck", "texto_original": "https://sapl.camaranh.rs.gov.br/media/sapl/public/materialegislativa/2013/20268/20268_texto_integral.odt", "ementa": "Solicita intima\u00e7\u00e3o ao propriet\u00e1rio para que fa\u00e7a limpeza e capina do terreno baldio situado na esquina das Ruas Santa B\u00e1rbara, Caxamb\u00fa e Pedro Mentz Sobrinho, Bairro Vila Nova."}, {"id": 20271, "ano": 2013, "numero": 90, "tipo__sigla": "IND", "tipo__descricao": "Indica\u00e7\u00e3o/Pedido de Provid\u00eancias", "autoria__autor__nome": "Gerson Peteffi", "texto_original": "https://sapl.camaranh.rs.gov.br/media/sapl/public/materialegislativa/2013/20271/20271_texto_integral.odt", "ementa": "Solicita revitaliza\u00e7\u00e3o da sinaliza\u00e7\u00e3o de tr\u00e2nsito e coloca\u00e7\u00e3o de tach\u00f5es e pintura no solo no cruzamento das Ruas Salgado Filho e Tapes, Bairro P\u00e1tria Nova."}, {"id": 20272, "ano": 2013, "numero": 91, "tipo__sigla": "IND", "tipo__descricao": "Indica\u00e7\u00e3o/Pedido de Provid\u00eancias", "autoria__autor__nome": "Gerson Peteffi", "texto_original": "https://sapl.camaranh.rs.gov.br/media/sapl/public/materialegislativa/2013/20272/20272_texto_integral.odt", "ementa": "Solicita limpeza e desobstru\u00e7\u00e3o de valo na Rua Cear\u00e1 e BR-116 at\u00e9 a Rua Portugal, Bairro Rinc\u00e3o."}, {"id": 20275, "ano": 2013, "numero": 92, "tipo__sigla": "IND", "tipo__descricao": "Indica\u00e7\u00e3o/Pedido de Provid\u00eancias", "autoria__autor__nome": "Sergio Hanich", "texto_original": "https://sapl.camaranh.rs.gov.br/media/sapl/public/materialegislativa/2013/20275/20275_texto_integral.odt", "ementa": "Patrolamento e britagem na Estrada de acesso \u00e0 Prainha Victor Mateus Teixeira."}, {"id": 20276, "ano": 2013, "numero": 93, "tipo__sigla": "IND", "tipo__descricao": "Indica\u00e7\u00e3o/Pedido de Provid\u00eancias", "autoria__autor__nome": "Sergio Hanich", "texto_original": "https://sapl.camaranh.rs.gov.br/media/sapl/public/materialegislativa/2013/20276/20276_texto_integral.odt", "ementa": "Solicita limpeza da boca-de-lobo na Rua Bananal, esquina com a Rua Pedro Pohlmann, Bairro Canudos."}, {"id": 20285, "ano": 2013, "numero": 94, "tipo__sigla": "IND", "tipo__descricao": "Indica\u00e7\u00e3o/Pedido de Provid\u00eancias", "autoria__autor__nome": "Sergio Hanich", "texto_original": "https://sapl.camaranh.rs.gov.br/media/sapl/public/materialegislativa/2013/20285/20285_texto_integral.odt", "ementa": "Solicita limpeza das bocas-de-lobo na Rua Bogot\u00e1, em ambos os lados da via, Bairro Santo Afonso."}, {"id": 20286, "ano": 2013, "numero": 95, "tipo__sigla": "IND", "tipo__descricao": "Indica\u00e7\u00e3o/Pedido de Provid\u00eancias", "autoria__autor__nome": "Inspetor Luz", "texto_original": "https://sapl.camaranh.rs.gov.br/media/sapl/public/materialegislativa/2013/20286/20286_texto_integral.odt", "ementa": "Solicita asfaltamento da Rua S\u00e3o Sep\u00e9, no Bairro Boa Vista."}, {"id": 20287, "ano": 2013, "numero": 96, "tipo__sigla": "IND", "tipo__descricao": "Indica\u00e7\u00e3o/Pedido de Provid\u00eancias", "autoria__autor__nome": "Inspetor Luz", "texto_original": "https://sapl.camaranh.rs.gov.br/media/sapl/public/materialegislativa/2013/20287/20287_texto_integral.odt", "ementa": "Solicita capina e limpeza junto ao meio-fio da Rua Ca\u00e7apava do Sul, no Bairro Boa Vista."}, {"id": 20288, "ano": 2013, "numero": 97, "tipo__sigla": "IND", "tipo__descricao": "Indica\u00e7\u00e3o/Pedido de Provid\u00eancias", "autoria__autor__nome": "Inspetor Luz", "texto_original": "https://sapl.camaranh.rs.gov.br/media/sapl/public/materialegislativa/2013/20288/20288_texto_integral.odt", "ementa": "Solicita capina e limpeza junto ao meio-fio da Rua Forquetinha, no Bairro Jardim Mau\u00e1."}, {"id": 20289, "ano": 2013, "numero": 98, "tipo__sigla": "IND", "tipo__descricao": "Indica\u00e7\u00e3o/Pedido de Provid\u00eancias", "autoria__autor__nome": "Inspetor Luz", "texto_original": "https://sapl.camaranh.rs.gov.br/media/sapl/public/materialegislativa/2013/20289/20289_texto_integral.odt", "ementa": "Solicita remo\u00e7\u00e3o de galhos e entulhos depositados ao lado do n\u00ba 357 da Rua Forquetinha, no Bairro Jardim Mau\u00e1."}, {"id": 20290, "ano": 2013, "numero": 99, "tipo__sigla": "IND", "tipo__descricao": "Indica\u00e7\u00e3o/Pedido de Provid\u00eancias", "autoria__autor__nome": "Professor Issur Koch", "texto_original": "https://sapl.camaranh.rs.gov.br/media/sapl/public/materialegislativa/2013/20290/20290_texto_integral.odt", "ementa": "Solicita limpeza de terreno na Rua Santa Vit\u00f3ria do Palmar, no Bairro Jardim Mau\u00e1."}, {"id": 20292, "ano": 2013, "numero": 100, "tipo__sigla": "IND", "tipo__descricao": "Indica\u00e7\u00e3o/Pedido de Provid\u00eancias", "autoria__autor__nome": "Sergio Hanich", "texto_original": "https://sapl.camaranh.rs.gov.br/media/sapl/public/materialegislativa/2013/20292/20292_texto_integral.odt", "ementa": "Solicita coloca\u00e7\u00e3o de bancos sob a cobertura da entrada principal da UPA Canudos."}, {"id": 20293, "ano": 2013, "numero": 101, "tipo__sigla": "IND", "tipo__descricao": "Indica\u00e7\u00e3o/Pedido de Provid\u00eancias", "autoria__autor__nome": "Sergio Hanich", "texto_original": "https://sapl.camaranh.rs.gov.br/media/sapl/public/materialegislativa/2013/20293/20293_texto_integral.odt", "ementa": "Solicita reparos na pavimenta\u00e7\u00e3o da Rua dos Carvalhos, Bairro Ideal."}, {"id": 20308, "ano": 2013, "numero": 102, "tipo__sigla": "IND", "tipo__descricao": "Indica\u00e7\u00e3o/Pedido de Provid\u00eancias", "autoria__autor__nome": "JorgeTatsch", "texto_original": "https://sapl.camaranh.rs.gov.br/media/sapl/public/materialegislativa/2013/20308/20308_texto_integral.odt", "ementa": "Solicita nivelamento de toda extens\u00e3o da Rua Marechal Mascarenhas de Morais, no Bairro Santo Afonso."}, {"id": 20309, "ano": 2013, "numero": 103, "tipo__sigla": "IND", "tipo__descricao": "Indica\u00e7\u00e3o/Pedido de Provid\u00eancias", "autoria__autor__nome": "JorgeTatsch", "texto_original": "https://sapl.camaranh.rs.gov.br/media/sapl/public/materialegislativa/2013/20309/20309_texto_integral.odt", "ementa": "Solicita limpeza de bocas-de-lobo entupidas ao longo de toda extens\u00e3o da Rua Onofre Pires, Bairro Ouro Branco."}, {"id": 20311, "ano": 2013, "numero": 104, "tipo__sigla": "IND", "tipo__descricao": "Indica\u00e7\u00e3o/Pedido de Provid\u00eancias", "autoria__autor__nome": "JorgeTatsch", "texto_original": "https://sapl.camaranh.rs.gov.br/media/sapl/public/materialegislativa/2013/20311/20311_texto_integral.odt", "ementa": "Solicita limpeza em boca-de-lobo entupida na Rua Managu\u00e1, em frente ao n\u00ba 586, Bairro Santo Afonso."}, {"id": 20312, "ano": 2013, "numero": 105, "tipo__sigla": "IND", "tipo__descricao": "Indica\u00e7\u00e3o/Pedido de Provid\u00eancias", "autoria__autor__nome": "Patr\u00edcia Beck", "texto_original": "https://sapl.camaranh.rs.gov.br/media/sapl/public/materialegislativa/2013/20312/20312_texto_integral.odt", "ementa": "Solicita a coloca\u00e7\u00e3o de britas na Rua Bem Vindo, em sua extens\u00e3o, no Bairro Santo Afonso."}, {"id": 20314, "ano": 2013, "numero": 106, "tipo__sigla": "IND", "tipo__descricao": "Indica\u00e7\u00e3o/Pedido de Provid\u00eancias", "autoria__autor__nome": "Patr\u00edcia Beck", "texto_original": "https://sapl.camaranh.rs.gov.br/media/sapl/public/materialegislativa/2013/20314/20314_texto_integral.odt", "ementa": "Solicita a pintura de uma faixa de pedestres na Rua \u00cdcaro, em frente ao n\u00famero 170, Bairro Canudos."}, {"id": 20315, "ano": 2013, "numero": 107, "tipo__sigla": "IND", "tipo__descricao": "Indica\u00e7\u00e3o/Pedido de Provid\u00eancias", "autoria__autor__nome": "Professor Issur Koch", "texto_original": "https://sapl.camaranh.rs.gov.br/media/sapl/public/materialegislativa/2013/20315/20315_texto_integral.odt", "ementa": "Solicita conserto de infiltra\u00e7\u00e3o no passeio p\u00fablico e boca-de-lobo na Rua Gramado, Bairro Ouro Branco."}, {"id": 20316, "ano": 2013, "numero": 108, "tipo__sigla": "IND", "tipo__descricao": "Indica\u00e7\u00e3o/Pedido de Provid\u00eancias", "autoria__autor__nome": "Cristiano Coller", "texto_original": "https://sapl.camaranh.rs.gov.br/media/sapl/public/materialegislativa/2013/20316/20316_texto_integral.odt", "ementa": "Solicita limpeza de terreno (pra\u00e7a) na Rua Pedro Edvino Becker, no Bairro Rinc\u00e3o."}, {"id": 20317, "ano": 2013, "numero": 109, "tipo__sigla": "IND", "tipo__descricao": "Indica\u00e7\u00e3o/Pedido de Provid\u00eancias", "autoria__autor__nome": "Cristiano Coller", "texto_original": "https://sapl.camaranh.rs.gov.br/media/sapl/public/materialegislativa/2013/20317/20317_texto_integral.odt", "ementa": "Solicita instala\u00e7\u00e3o de academia  ao ar livre na Vila Kroeff, no Bairro Santo Afonso."}, {"id": 20318, "ano": 2013, "numero": 110, "tipo__sigla": "IND", "tipo__descricao": "Indica\u00e7\u00e3o/Pedido de Provid\u00eancias", "autoria__autor__nome": "Cristiano Coller", "texto_original": "https://sapl.camaranh.rs.gov.br/media/sapl/public/materialegislativa/2013/20318/20318_texto_integral.odt", "ementa": "Solicita o alargamento da Rua Bag\u00e9, no Bairro Boa Vista."}, {"id": 20321, "ano": 2013, "numero": 111, "tipo__sigla": "IND", "tipo__descricao": "Indica\u00e7\u00e3o/Pedido de Provid\u00eancias", "autoria__autor__nome": "Patr\u00edcia Beck", "texto_original": "https://sapl.camaranh.rs.gov.br/media/sapl/public/materialegislativa/2013/20321/20321_texto_integral.odt", "ementa": "Solicita coloca\u00e7\u00e3o de lixeiras na Rua Bartolomeu de Gusm\u00e3o, em diferentes pontos estrat\u00e9gicos, no Bairro Canudos."}, {"id": 20330, "ano": 2013, "numero": 112, "tipo__sigla": "IND", "tipo__descricao": "Indica\u00e7\u00e3o/Pedido de Provid\u00eancias", "autoria__autor__nome": "JorgeTatsch", "texto_original": "https://sapl.camaranh.rs.gov.br/media/sapl/public/materialegislativa/2013/20330/20330_texto_integral.odt", "ementa": "Solicita limpeza de esgoto entupido na Rua 3, em frente ao n\u00ba 20, Loteamento Novo Na\u00e7\u00f5es Unidas, Bairro Santo Afonso."}, {"id": 20331, "ano": 2013, "numero": 113, "tipo__sigla": "IND", "tipo__descricao": "Indica\u00e7\u00e3o/Pedido de Provid\u00eancias", "autoria__autor__nome": "JorgeTatsch", "texto_original": "https://sapl.camaranh.rs.gov.br/media/sapl/public/materialegislativa/2013/20331/20331_texto_integral.odt", "ementa": "Solicita limpeza em boca-de-lobo entupida na Rua Aldo Daniele Locatelli, em frente ao n\u00ba 206, Bairro Santo Afonso."}, {"id": 20332, "ano": 2013, "numero": 114, "tipo__sigla": "IND", "tipo__descricao": "Indica\u00e7\u00e3o/Pedido de Provid\u00eancias", "autoria__autor__nome": "JorgeTatsch", "texto_original": "https://sapl.camaranh.rs.gov.br/media/sapl/public/materialegislativa/2013/20332/20332_texto_integral.odt", "ementa": "Solicita substitui\u00e7\u00e3o de tampa de boca-de-lobo na Rua Ipiranga, esquina com a Rua Carlos Dienstbach, pr\u00f3ximo ao n\u00ba 130, Bairro Rond\u00f4nia."}, {"id": 20333, "ano": 2013, "numero": 115, "tipo__sigla": "IND", "tipo__descricao": "Indica\u00e7\u00e3o/Pedido de Provid\u00eancias", "autoria__autor__nome": "JorgeTatsch", "texto_original": "https://sapl.camaranh.rs.gov.br/media/sapl/public/materialegislativa/2013/20333/20333_texto_integral.odt", "ementa": "Solicita limpeza do passeio p\u00fablico na Rua Onofre Pires, em frente ao n\u00ba 341, no Bairro Ouro Branco."}, {"id": 20334, "ano": 2013, "numero": 116, "tipo__sigla": "IND", "tipo__descricao": "Indica\u00e7\u00e3o/Pedido de Provid\u00eancias", "autoria__autor__nome": "JorgeTatsch", "texto_original": "https://sapl.camaranh.rs.gov.br/media/sapl/public/materialegislativa/2013/20334/20334_texto_integral.odt", "ementa": "Solicita limpeza do passeio p\u00fablico em toda extens\u00e3o da Rua Bom Jesus, no Bairro Ouro Branco."}, {"id": 20340, "ano": 2013, "numero": 117, "tipo__sigla": "IND", "tipo__descricao": "Indica\u00e7\u00e3o/Pedido de Provid\u00eancias", "autoria__autor__nome": "Cristiano Coller", "texto_original": "https://sapl.camaranh.rs.gov.br/media/sapl/public/materialegislativa/2013/20340/20340_texto_integral.odt", "ementa": "Solicita recapeamento asf\u00e1ltico na extens\u00e3o da Rua Guia Lopes entre a a Av. Pedro Adams Filho e a Rua Santa Clara do Sul, no Bairro Santo Afonso."}, {"id": 20342, "ano": 2013, "numero": 118, "tipo__sigla": "IND", "tipo__descricao": "Indica\u00e7\u00e3o/Pedido de Provid\u00eancias", "autoria__autor__nome": "Patr\u00edcia Beck", "texto_original": "https://sapl.camaranh.rs.gov.br/media/sapl/public/materialegislativa/2013/20342/20342_texto_integral.odt", "ementa": "Solicita vistoria e troca urgente de l\u00e2mpada queimada na Av. Pedro Adams Filho, em frente ao n\u00ba 1728, no Bairro Industrial."}, {"id": 20343, "ano": 2013, "numero": 119, "tipo__sigla": "IND", "tipo__descricao": "Indica\u00e7\u00e3o/Pedido de Provid\u00eancias", "autoria__autor__nome": "Professor Issur Koch", "texto_original": "https://sapl.camaranh.rs.gov.br/media/sapl/public/materialegislativa/2013/20343/20343_texto_integral.odt", "ementa": "Solicita a limpeza e substitui\u00e7\u00e3o de tampa de boca-de-lobo na Rua J\u00falio de Castilhos em frente ao n\u00famero 130 Bairro Centro."}, {"id": 20344, "ano": 2013, "numero": 120, "tipo__sigla": "IND", "tipo__descricao": "Indica\u00e7\u00e3o/Pedido de Provid\u00eancias", "autoria__autor__nome": "Patr\u00edcia Beck", "texto_original": "https://sapl.camaranh.rs.gov.br/media/sapl/public/materialegislativa/2013/20344/20344_texto_integral.odt", "ementa": "Solicita limpeza das bocas-de-lobo na Rua Caracas, no trecho compreendido entre as Ruas La Paz e Costa Rica, Bairro Santo Afonso."}, {"id": 20345, "ano": 2013, "numero": 121, "tipo__sigla": "IND", "tipo__descricao": "Indica\u00e7\u00e3o/Pedido de Provid\u00eancias", "autoria__autor__nome": "Inspetor Luz", "texto_original": "https://sapl.camaranh.rs.gov.br/media/sapl/public/materialegislativa/2013/20345/20345_texto_integral.odt", "ementa": "Solicita a Coloca\u00e7\u00e3o de Placas Indicativa de Proibi\u00e7\u00e3o de Coloca\u00e7\u00e3o de Lixo ao Longo da Rua Mundo Novo, Bairro Canudos."}, {"id": 20346, "ano": 2013, "numero": 122, "tipo__sigla": "IND", "tipo__descricao": "Indica\u00e7\u00e3o/Pedido de Provid\u00eancias", "autoria__autor__nome": "Patr\u00edcia Beck", "texto_original": "https://sapl.camaranh.rs.gov.br/media/sapl/public/materialegislativa/2013/20346/20346_texto_integral.odt", "ementa": "Solicita a conclus\u00e3o do asfaltamento da Rua Goi\u00e1s, no Bairro Rond\u00f4nia."}, {"id": 20347, "ano": 2013, "numero": 123, "tipo__sigla": "IND", "tipo__descricao": "Indica\u00e7\u00e3o/Pedido de Provid\u00eancias", "autoria__autor__nome": "Patr\u00edcia Beck", "texto_original": "https://sapl.camaranh.rs.gov.br/media/sapl/public/materialegislativa/2013/20347/20347_texto_integral.odt", "ementa": "Solicita coloca\u00e7\u00e3o de quebra-molas na Rua Marques de Abrantes, nas proximidades do n\u00ba 394, no Bairro S\u00e3o Jorge."}, {"id": 20348, "ano": 2013, "numero": 124, "tipo__sigla": "IND", "tipo__descricao": "Indica\u00e7\u00e3o/Pedido de Provid\u00eancias", "autoria__autor__nome": "Patr\u00edcia Beck", "texto_original": "https://sapl.camaranh.rs.gov.br/media/sapl/public/materialegislativa/2013/20348/20348_texto_integral.odt", "ementa": "Solicita coloca\u00e7\u00e3o de quebra-molas na Rua Helmut Heldt, em frente ao n\u00ba 481, no Bairro Canudos."}, {"id": 20349, "ano": 2013, "numero": 125, "tipo__sigla": "IND", "tipo__descricao": "Indica\u00e7\u00e3o/Pedido de Provid\u00eancias", "autoria__autor__nome": "Patr\u00edcia Beck", "texto_original": "https://sapl.camaranh.rs.gov.br/media/sapl/public/materialegislativa/2013/20349/20349_texto_integral.odt", "ementa": "Solicita a pintura de uma faixa de pedestres na Rua Helmut Heldt, nas proximidades do n\u00ba 481, Bairro Canudos."}, {"id": 20351, "ano": 2013, "numero": 126, "tipo__sigla": "IND", "tipo__descricao": "Indica\u00e7\u00e3o/Pedido de Provid\u00eancias", "autoria__autor__nome": "Inspetor Luz", "texto_original": "https://sapl.camaranh.rs.gov.br/media/sapl/public/materialegislativa/2013/20351/20351_texto_integral.odt", "ementa": "Solicita recomposi\u00e7\u00e3o asf\u00e1ltica (consertos de buracos) nas proximidades da rotat\u00f3ria de liga\u00e7\u00e3o entre as Ruas Col\u00fambia e Vereador Oscar Horn, no Bairro Canudos."}, {"id": 20352, "ano": 2013, "numero": 127, "tipo__sigla": "IND", "tipo__descricao": "Indica\u00e7\u00e3o/Pedido de Provid\u00eancias", "autoria__autor__nome": "Inspetor Luz", "texto_original": "https://sapl.camaranh.rs.gov.br/media/sapl/public/materialegislativa/2013/20352/20352_texto_integral.odt", "ementa": "Solicita recomposi\u00e7\u00e3o asf\u00e1ltica em toda extens\u00e3o da Rua Tamandar\u00e9, no Bairro Centro."}, {"id": 20353, "ano": 2013, "numero": 128, "tipo__sigla": "IND", "tipo__descricao": "Indica\u00e7\u00e3o/Pedido de Provid\u00eancias", "autoria__autor__nome": "Inspetor Luz", "texto_original": "https://sapl.camaranh.rs.gov.br/media/sapl/public/materialegislativa/2013/20353/20353_texto_integral.odt", "ementa": "Solicita capina e limpeza junto ao meio-fio em toda extens\u00e3o da Rua Col\u00fambia  Bairro Canudos."}, {"id": 20354, "ano": 2013, "numero": 129, "tipo__sigla": "IND", "tipo__descricao": "Indica\u00e7\u00e3o/Pedido de Provid\u00eancias", "autoria__autor__nome": "JorgeTatsch", "texto_original": "https://sapl.camaranh.rs.gov.br/media/sapl/public/materialegislativa/2013/20354/20354_texto_integral.odt", "ementa": "Solicita placa de sinaliza\u00e7\u00e3o de carga e descarga na Av. Alvear, 134, no Bairro Santo Afonso."}, {"id": 20356, "ano": 2013, "numero": 130, "tipo__sigla": "IND", "tipo__descricao": "Indica\u00e7\u00e3o/Pedido de Provid\u00eancias", "autoria__autor__nome": "Inspetor Luz", "texto_original": "https://sapl.camaranh.rs.gov.br/media/sapl/public/materialegislativa/2013/20356/20356_texto_integral.odt", "ementa": "Solicita recomposi\u00e7\u00e3o asf\u00e1ltica em toda extens\u00e3o da Rua Miguel Couto, Bairro Centro."}, {"id": 20357, "ano": 2013, "numero": 131, "tipo__sigla": "IND", "tipo__descricao": "Indica\u00e7\u00e3o/Pedido de Provid\u00eancias", "autoria__autor__nome": "Gerson Peteffi", "texto_original": "https://sapl.camaranh.rs.gov.br/media/sapl/public/materialegislativa/2013/20357/20357_texto_integral.odt", "ementa": "Solicita intima\u00e7\u00e3o do propriet\u00e1rio do terreno localizado na Rua Am\u00e9rica, ao lado do n\u00ba 118, Bairro Canudos, para a feitura do passeio p\u00fablico."}, {"id": 20358, "ano": 2013, "numero": 132, "tipo__sigla": "IND", "tipo__descricao": "Indica\u00e7\u00e3o/Pedido de Provid\u00eancias", "autoria__autor__nome": "Inspetor Luz", "texto_original": "https://sapl.camaranh.rs.gov.br/media/sapl/public/materialegislativa/2013/20358/20358_texto_integral.odt", "ementa": "Solicita recomposi\u00e7\u00e3o asf\u00e1ltica em toda extens\u00e3o da Rua Major Luis Bender,Bairro Centro. "}, {"id": 20359, "ano": 2013, "numero": 133, "tipo__sigla": "IND", "tipo__descricao": "Indica\u00e7\u00e3o/Pedido de Provid\u00eancias", "autoria__autor__nome": "Gerson Peteffi", "texto_original": "https://sapl.camaranh.rs.gov.br/media/sapl/public/materialegislativa/2013/20359/20359_texto_integral.odt", "ementa": "Solicita intima\u00e7\u00e3o do propriet\u00e1rio do terreno  localizado na Rua Am\u00e9rica, ao lado do n\u00ba 118,  Bairro Canudos, para que seja feita a limpeza e o cercamento."}, {"id": 20360, "ano": 2013, "numero": 134, "tipo__sigla": "IND", "tipo__descricao": "Indica\u00e7\u00e3o/Pedido de Provid\u00eancias", "autoria__autor__nome": "Sergio Hanich", "texto_original": "https://sapl.camaranh.rs.gov.br/media/sapl/public/materialegislativa/2013/20360/20360_texto_integral.odt", "ementa": "Solicita conserto de infiltra\u00e7\u00e3o no passeio p\u00fablico da Rua Marc\u00edlio Dias, ao lado do n\u00ba 580, Bairro Rio Branco."}, {"id": 20361, "ano": 2013, "numero": 135, "tipo__sigla": "IND", "tipo__descricao": "Indica\u00e7\u00e3o/Pedido de Provid\u00eancias", "autoria__autor__nome": "Sergio Hanich", "texto_original": "https://sapl.camaranh.rs.gov.br/media/sapl/public/materialegislativa/2013/20361/20361_texto_integral.odt", "ementa": "Solicita capina e limpeza junto ao meio-fio da Rua Rond\u00f4nia, no Bairro Boa Vista."}, {"id": 20362, "ano": 2013, "numero": 136, "tipo__sigla": "IND", "tipo__descricao": "Indica\u00e7\u00e3o/Pedido de Provid\u00eancias", "autoria__autor__nome": "Sergio Hanich", "texto_original": "https://sapl.camaranh.rs.gov.br/media/sapl/public/materialegislativa/2013/20362/20362_texto_integral.odt", "ementa": "Solicita recolhimento de galhos no passeio p\u00fablico da Rua Frederico Westphalen, em frente ao n\u00ba 72, no Bairro S\u00e3o Jorge."}, {"id": 20363, "ano": 2013, "numero": 137, "tipo__sigla": "IND", "tipo__descricao": "Indica\u00e7\u00e3o/Pedido de Provid\u00eancias", "autoria__autor__nome": "Sergio Hanich", "texto_original": "https://sapl.camaranh.rs.gov.br/media/sapl/public/materialegislativa/2013/20363/20363_texto_integral.odt", "ementa": "Solicita intima\u00e7\u00e3o do propriet\u00e1rio de um terreno baldio na Rua Assuncion, em frente ao n\u00ba 172, no Bairro Santo Afonso, para realizar limpeza  e cercamento do local."}, {"id": 20364, "ano": 2013, "numero": 138, "tipo__sigla": "IND", "tipo__descricao": "Indica\u00e7\u00e3o/Pedido de Provid\u00eancias", "autoria__autor__nome": "Sergio Hanich", "texto_original": "https://sapl.camaranh.rs.gov.br/media/sapl/public/materialegislativa/2013/20364/20364_texto_integral.odt", "ementa": "Solicita conserto de infiltra\u00e7\u00e3o junto \u00e0 caixa na Rua Heitor Villa Lobos, em frente ao n\u00ba 215, Bairro Canudos."}, {"id": 20365, "ano": 2013, "numero": 139, "tipo__sigla": "IND", "tipo__descricao": "Indica\u00e7\u00e3o/Pedido de Provid\u00eancias", "autoria__autor__nome": "Sergio Hanich", "texto_original": "https://sapl.camaranh.rs.gov.br/media/sapl/public/materialegislativa/2013/20365/20365_texto_integral.odt", "ementa": "Solicita ro\u00e7ada em toda a extens\u00e3o do canteiro central da Av. Montevid\u00e9o, Bairro Santo Afonso."}, {"id": 20367, "ano": 2013, "numero": 140, "tipo__sigla": "IND", "tipo__descricao": "Indica\u00e7\u00e3o/Pedido de Provid\u00eancias", "autoria__autor__nome": "Inspetor Luz", "texto_original": "https://sapl.camaranh.rs.gov.br/media/sapl/public/materialegislativa/2013/20367/20367_texto_integral.odt", "ementa": "Solicita a coloca\u00e7\u00e3o de placas indicativas de \"Proibido Colocar Lixo\" ao longo da Rua Sapiranga, Bairro Canudos."}, {"id": 20368, "ano": 2013, "numero": 141, "tipo__sigla": "IND", "tipo__descricao": "Indica\u00e7\u00e3o/Pedido de Provid\u00eancias", "autoria__autor__nome": "Inspetor Luz", "texto_original": "https://sapl.camaranh.rs.gov.br/media/", "ementa": "Solicita capina e limpeza junto ao meio-fio em toda extens\u00e3o da Rua Major Luis Bender, Bairro Centro."}, {"id": 20369, "ano": 2013, "numero": 142, "tipo__sigla": "IND", "tipo__descricao": "Indica\u00e7\u00e3o/Pedido de Provid\u00eancias", "autoria__autor__nome": "Inspetor Luz", "texto_original": "https://sapl.camaranh.rs.gov.br/media/sapl/public/materialegislativa/2013/20369/20369_texto_integral.odt", "ementa": "Solicita remo\u00e7\u00e3o de galhos e entulhos depositados em frente ao n\u00ba 50 da Rua Bag\u00e9, no Bairro Centro."}, {"id": 20370, "ano": 2013, "numero": 143, "tipo__sigla": "IND", "tipo__descricao": "Indica\u00e7\u00e3o/Pedido de Provid\u00eancias", "autoria__autor__nome": "Inspetor Luz", "texto_original": "https://sapl.camaranh.rs.gov.br/media/sapl/public/materialegislativa/2013/20370/20370_texto_integral.odt", "ementa": "Solicita capina e limpeza junto ao meio-fio em toda a extens\u00e3o da Rua Bag\u00e9, Bairro Centro."}, {"id": 20385, "ano": 2013, "numero": 144, "tipo__sigla": "IND", "tipo__descricao": "Indica\u00e7\u00e3o/Pedido de Provid\u00eancias", "autoria__autor__nome": "Patr\u00edcia Beck", "texto_original": "https://sapl.camaranh.rs.gov.br/media/sapl/public/materialegislativa/2013/20385/20385_texto_integral.odt", "ementa": "Solicita instala\u00e7\u00e3o de academia ao ar livre na Pra\u00e7a Augusto Severo, localizada na Rua \u00cdcaro, Bairro Canudos."}, {"id": 20386, "ano": 2013, "numero": 145, "tipo__sigla": "IND", "tipo__descricao": "Indica\u00e7\u00e3o/Pedido de Provid\u00eancias", "autoria__autor__nome": "Patr\u00edcia Beck", "texto_original": "https://sapl.camaranh.rs.gov.br/media/sapl/public/materialegislativa/2013/20386/20386_texto_integral.odt", "ementa": "Solicita revitaliza\u00e7\u00e3o e limpeza da Pra\u00e7a Augusto Severo, localizada junto \u00e0 Rua \u00cdcaro, Bairro Canudos."}, {"id": 20388, "ano": 2013, "numero": 146, "tipo__sigla": "IND", "tipo__descricao": "Indica\u00e7\u00e3o/Pedido de Provid\u00eancias", "autoria__autor__nome": "Patr\u00edcia Beck", "texto_original": "https://sapl.camaranh.rs.gov.br/media/sapl/public/materialegislativa/2013/20388/20388_texto_integral.odt", "ementa": "Solicita a revitaliza\u00e7\u00e3o da faixa de pedestres, localizada na Av. Victor Hugo Kunz, esquina com a Rua \u00cdcaro, Bairro Canudos."}, {"id": 20389, "ano": 2013, "numero": 147, "tipo__sigla": "IND", "tipo__descricao": "Indica\u00e7\u00e3o/Pedido de Provid\u00eancias", "autoria__autor__nome": "Patr\u00edcia Beck", "texto_original": "https://sapl.camaranh.rs.gov.br/media/sapl/public/materialegislativa/2013/20389/20389_texto_integral.odt", "ementa": "Solicita coloca\u00e7\u00e3o de quebra-molas na Rua M\u00e9xico, pr\u00f3ximo \u00e0 Rua Santa Ana, Bairro Santo Afonso."}, {"id": 20390, "ano": 2013, "numero": 148, "tipo__sigla": "IND", "tipo__descricao": "Indica\u00e7\u00e3o/Pedido de Provid\u00eancias", "autoria__autor__nome": "Patr\u00edcia Beck", "texto_original": "https://sapl.camaranh.rs.gov.br/media/sapl/public/materialegislativa/2013/20390/20390_texto_integral.odt", "ementa": "Solicita conserto da boca-de-lobo e do passeio p\u00fablico, na esquina das Ruas Santos e Dem\u00e9trio Ribeiro, Bairro Vila Nova."}, {"id": 20391, "ano": 2013, "numero": 149, "tipo__sigla": "IND", "tipo__descricao": "Indica\u00e7\u00e3o/Pedido de Provid\u00eancias", "autoria__autor__nome": "Cristiano Coller", "texto_original": "https://sapl.camaranh.rs.gov.br/media/sapl/public/materialegislativa/2013/20391/20391_texto_integral.odt", "ementa": "Solicita a coloca\u00e7\u00e3o de uma parada de \u00f4nibus na Av. Primeiro de Mar\u00e7o, em frente ao Atacad\u00e3o, no Bairro Liberdade."}, {"id": 20392, "ano": 2013, "numero": 150, "tipo__sigla": "IND", "tipo__descricao": "Indica\u00e7\u00e3o/Pedido de Provid\u00eancias", "autoria__autor__nome": "Cristiano Coller", "texto_original": "https://sapl.camaranh.rs.gov.br/media/sapl/public/materialegislativa/2013/20392/20392_texto_integral.odt", "ementa": "Solicita a retirada ou conserto de poste que est\u00e1 caindo em frente \u00e0 Escola Municipal de Ensino Fundamental Presidente Nilo Pe\u00e7anha, Bairro Ideal."}, {"id": 20394, "ano": 2013, "numero": 151, "tipo__sigla": "IND", "tipo__descricao": "Indica\u00e7\u00e3o/Pedido de Provid\u00eancias", "autoria__autor__nome": "Patr\u00edcia Beck", "texto_original": "https://sapl.camaranh.rs.gov.br/media/sapl/public/materialegislativa/2013/20394/20394_texto_integral.odt", "ementa": "Solicita conserto da boca-de-lobo e da canaliza\u00e7\u00e3o do esgoto pluvial na esquina das Ruas Dem\u00e9trio Ribeiro e Imbuia, Bairro Vila Nova."}, {"id": 20395, "ano": 2013, "numero": 152, "tipo__sigla": "IND", "tipo__descricao": "Indica\u00e7\u00e3o/Pedido de Provid\u00eancias", "autoria__autor__nome": "Patr\u00edcia Beck", "texto_original": "https://sapl.camaranh.rs.gov.br/media/sapl/public/materialegislativa/2013/20395/20395_texto_integral.odt", "ementa": "Solicita opera\u00e7\u00e3o tapa-buracos e nivelamento asf\u00e1ltico na esquinas das Ruas Bento Gon\u00e7alves e Dem\u00e9trio Ribeiro, Bairro Guarani."}, {"id": 20409, "ano": 2013, "numero": 153, "tipo__sigla": "IND", "tipo__descricao": "Indica\u00e7\u00e3o/Pedido de Provid\u00eancias", "autoria__autor__nome": "Inspetor Luz", "texto_original": "https://sapl.camaranh.rs.gov.br/media/sapl/public/materialegislativa/2013/20409/20409_texto_integral.odt", "ementa": "Solicita amplia\u00e7\u00e3o da rede de ilumina\u00e7\u00e3o p\u00fablica e substitui\u00e7\u00e3o das l\u00e2mpadas por outras de vapor de s\u00f3dio em toda extens\u00e3o da Rua Miguel Couto, Bairro Centro."}, {"id": 20410, "ano": 2013, "numero": 154, "tipo__sigla": "IND", "tipo__descricao": "Indica\u00e7\u00e3o/Pedido de Provid\u00eancias", "autoria__autor__nome": "Inspetor Luz", "texto_original": "https://sapl.camaranh.rs.gov.br/media/sapl/public/materialegislativa/2013/20410/20410_texto_integral.odt", "ementa": "Solicita capina e limpeza junto ao meio fio em toda a extens\u00e3o da Rua Feitoria Velha, Bairro Mau\u00e1."}, {"id": 20411, "ano": 2013, "numero": 155, "tipo__sigla": "IND", "tipo__descricao": "Indica\u00e7\u00e3o/Pedido de Provid\u00eancias", "autoria__autor__nome": "Inspetor Luz", "texto_original": "https://sapl.camaranh.rs.gov.br/media/sapl/public/materialegislativa/2013/20411/20411_texto_integral.odt", "ementa": "Solicita capina e limpeza junto ao meio fio em toda a extens\u00e3o da Rua Lagoa Vermelha, Bairro Mau\u00e1."}, {"id": 20412, "ano": 2013, "numero": 156, "tipo__sigla": "IND", "tipo__descricao": "Indica\u00e7\u00e3o/Pedido de Provid\u00eancias", "autoria__autor__nome": "Inspetor Luz", "texto_original": "https://sapl.camaranh.rs.gov.br/media/sapl/public/materialegislativa/2013/20412/20412_texto_integral.odt", "ementa": "Solicita capina e limpeza junto ao meio fio em toda a extens\u00e3o da Rua S\u00e3o Jer\u00f4nimo, Bairro Mau\u00e1."}, {"id": 20414, "ano": 2013, "numero": 157, "tipo__sigla": "IND", "tipo__descricao": "Indica\u00e7\u00e3o/Pedido de Provid\u00eancias", "autoria__autor__nome": "Inspetor Luz", "texto_original": "https://sapl.camaranh.rs.gov.br/media/sapl/public/materialegislativa/2013/20414/20414_texto_integral.odt", "ementa": "Solicita asfaltamento da Rua Arapei, no Bairro Mau\u00e1."}, {"id": 20415, "ano": 2013, "numero": 158, "tipo__sigla": "IND", "tipo__descricao": "Indica\u00e7\u00e3o/Pedido de Provid\u00eancias", "autoria__autor__nome": "Inspetor Luz", "texto_original": "https://sapl.camaranh.rs.gov.br/media/sapl/public/materialegislativa/2013/20415/20415_texto_integral.odt", "ementa": "Solicita capina e limpeza junto ao meio fio em toda a extens\u00e3o da Rua S\u00e3o Fidelis, no Bairro Mau\u00e1."}, {"id": 20416, "ano": 2013, "numero": 159, "tipo__sigla": "IND", "tipo__descricao": "Indica\u00e7\u00e3o/Pedido de Provid\u00eancias", "autoria__autor__nome": "Cristiano Coller", "texto_original": "https://sapl.camaranh.rs.gov.br/media/sapl/public/materialegislativa/2013/20416/20416_texto_integral.odt", "ementa": "Solicita instala\u00e7\u00e3o de faixa de seguran\u00e7a e placa \"Devagar Escola\", em frente \u00e0 Escola de Educa\u00e7\u00e3o Infantil Anjinhos, Bairro Centro."}, {"id": 20417, "ano": 2013, "numero": 160, "tipo__sigla": "IND", "tipo__descricao": "Indica\u00e7\u00e3o/Pedido de Provid\u00eancias", "autoria__autor__nome": "Patr\u00edcia Beck", "texto_original": "https://sapl.camaranh.rs.gov.br/media/sapl/public/materialegislativa/2013/20417/20417_texto_integral.odt", "ementa": "Solicita fechamento das laterais e fundos dos abrigos de \u00f4nibus (\"Parad\u00e3o\"), localizados na Av. Primeiro de Mar\u00e7o, Bairro Centro."}, {"id": 20419, "ano": 2013, "numero": 161, "tipo__sigla": "IND", "tipo__descricao": "Indica\u00e7\u00e3o/Pedido de Provid\u00eancias", "autoria__autor__nome": "Raul Cassel", "texto_original": "https://sapl.camaranh.rs.gov.br/media/sapl/public/materialegislativa/2013/20419/20419_texto_integral.odt", "ementa": "Solicita limpeza e melhorias na Pra\u00e7a Augusto Wolf, Bairro Rio Branco."}, {"id": 20420, "ano": 2013, "numero": 162, "tipo__sigla": "IND", "tipo__descricao": "Indica\u00e7\u00e3o/Pedido de Provid\u00eancias", "autoria__autor__nome": "Sergio Hanich", "texto_original": "https://sapl.camaranh.rs.gov.br/media/sapl/public/materialegislativa/2013/20420/20420_texto_integral.odt", "ementa": "Solicita reparo na pavimenta\u00e7\u00e3o da Av. Pedro Adams Filho, em frente ao n\u00ba 2170, Bairro Industrial."}, {"id": 20421, "ano": 2013, "numero": 163, "tipo__sigla": "IND", "tipo__descricao": "Indica\u00e7\u00e3o/Pedido de Provid\u00eancias", "autoria__autor__nome": "Sergio Hanich", "texto_original": "https://sapl.camaranh.rs.gov.br/media/sapl/public/materialegislativa/2013/20421/20421_texto_integral.odt", "ementa": "Solicita recolhimento de galhos na Rua Araguaia, esquina com a Rua Gomes Portinho, Bairro Jardim Mau\u00e1."}, {"id": 20423, "ano": 2013, "numero": 164, "tipo__sigla": "IND", "tipo__descricao": "Indica\u00e7\u00e3o/Pedido de Provid\u00eancias", "autoria__autor__nome": "Sergio Hanich", "texto_original": "https://sapl.camaranh.rs.gov.br/media/sapl/public/materialegislativa/2013/20423/20423_texto_integral.odt", "ementa": "Solicita recolhimento de galhos na Rua Padre Chagas, esquina com a Rua 5 de Abril, Bairro Rio Branco."}, {"id": 20424, "ano": 2013, "numero": 165, "tipo__sigla": "IND", "tipo__descricao": "Indica\u00e7\u00e3o/Pedido de Provid\u00eancias", "autoria__autor__nome": "Sergio Hanich", "texto_original": "https://sapl.camaranh.rs.gov.br/media/sapl/public/materialegislativa/2013/20424/20424_texto_integral.odt", "ementa": "Solicita limpeza ou ro\u00e7ada na Rua Em\u00edlio Corneli Filho, Bairro Canudos."}, {"id": 20425, "ano": 2013, "numero": 166, "tipo__sigla": "IND", "tipo__descricao": "Indica\u00e7\u00e3o/Pedido de Provid\u00eancias", "autoria__autor__nome": "Patr\u00edcia Beck", "texto_original": "https://sapl.camaranh.rs.gov.br/media/sapl/public/materialegislativa/2013/20425/20425_texto_integral.odt", "ementa": "Solicita que sejam colocados informativos com as linhas, itiner\u00e1rios e hor\u00e1rios dos \u00f4nibus nos abrigos (Parad\u00e3o), localizados na Av. Primeiro de Mar\u00e7o, Bairro Centro."}, {"id": 20426, "ano": 2013, "numero": 167, "tipo__sigla": "IND", "tipo__descricao": "Indica\u00e7\u00e3o/Pedido de Provid\u00eancias", "autoria__autor__nome": "Sergio Hanich", "texto_original": "https://sapl.camaranh.rs.gov.br/media/sapl/public/materialegislativa/2013/20426/20426_texto_integral.odt", "ementa": "Solicita limpeza ou ro\u00e7ada na Rua Londres nas proximidades do n\u00ba 86, Bairro Canudos."}, {"id": 20429, "ano": 2013, "numero": 168, "tipo__sigla": "IND", "tipo__descricao": "Indica\u00e7\u00e3o/Pedido de Provid\u00eancias", "autoria__autor__nome": "JorgeTatsch", "texto_original": "https://sapl.camaranh.rs.gov.br/media/sapl/public/materialegislativa/2013/20429/20429_texto_integral.odt", "ementa": "Solicita desentupimento de esgoto na Rua Aldo Daniele Locatelli, em frente ao n\u00ba 206, Bairro Canudos."}, {"id": 20430, "ano": 2013, "numero": 169, "tipo__sigla": "IND", "tipo__descricao": "Indica\u00e7\u00e3o/Pedido de Provid\u00eancias", "autoria__autor__nome": "JorgeTatsch", "texto_original": "https://sapl.camaranh.rs.gov.br/media/sapl/public/materialegislativa/2013/20430/20430_texto_integral.odt", "ementa": "Solicita desentupimento de esgoto na Rua Ant\u00f4nio Roberto Kroeff, em frente ao n\u00ba 780, Bairro Santo Afonso."}, {"id": 20431, "ano": 2013, "numero": 170, "tipo__sigla": "IND", "tipo__descricao": "Indica\u00e7\u00e3o/Pedido de Provid\u00eancias", "autoria__autor__nome": "JorgeTatsch", "texto_original": "https://sapl.camaranh.rs.gov.br/media/sapl/public/materialegislativa/2013/20431/20431_texto_integral.odt", "ementa": "Solicita limpeza do passeio p\u00fablico e retirada de lixo na Av. Buenos Aires, esquina com Av. Montevideo, Bairro Santo Afonso."}, {"id": 20432, "ano": 2013, "numero": 171, "tipo__sigla": "IND", "tipo__descricao": "Indica\u00e7\u00e3o/Pedido de Provid\u00eancias", "autoria__autor__nome": "JorgeTatsch", "texto_original": "https://sapl.camaranh.rs.gov.br/media/sapl/public/materialegislativa/2013/20432/20432_texto_integral.odt", "ementa": "Solicita substitui\u00e7\u00e3o de l\u00e2mpadas queimadas na  Rua 44, n\u00ba 32, Residencial Na\u00e7\u00f5es Unidas, no Bairro Santo Afonso."}, {"id": 20433, "ano": 2013, "numero": 172, "tipo__sigla": "IND", "tipo__descricao": "Indica\u00e7\u00e3o/Pedido de Provid\u00eancias", "autoria__autor__nome": "JorgeTatsch", "texto_original": "https://sapl.camaranh.rs.gov.br/media/sapl/public/materialegislativa/2013/20433/20433_texto_integral.odt", "ementa": "Solicita desentupimento de esgoto na Rua M\u00e9xico, come\u00e7ando em frente ao n\u00ba 803 at\u00e9 o n\u00ba 860, Bairro Santo Afonso."}, {"id": 20435, "ano": 2013, "numero": 173, "tipo__sigla": "IND", "tipo__descricao": "Indica\u00e7\u00e3o/Pedido de Provid\u00eancias", "autoria__autor__nome": "JorgeTatsch", "texto_original": "https://sapl.camaranh.rs.gov.br/media/sapl/public/materialegislativa/2013/20435/20435_texto_integral.odt", "ementa": "Solicita opera\u00e7\u00e3o tapa-buracos na Rua 06, em frente ao n\u00ba 11, no Loteamento Novo Na\u00e7\u00f5es Unidas,  Bairro Santo Afonso."}, {"id": 20444, "ano": 2013, "numero": 174, "tipo__sigla": "IND", "tipo__descricao": "Indica\u00e7\u00e3o/Pedido de Provid\u00eancias", "autoria__autor__nome": "Gerson Peteffi", "texto_original": "https://sapl.camaranh.rs.gov.br/media/sapl/public/materialegislativa/2013/20444/20444_texto_integral.odt", "ementa": "Solicita recoloca\u00e7\u00e3o de parada de \u00f4nibus na Rua Osvaldo Cruz, em frente ao n\u00ba 1059, Bairro Primavera."}, {"id": 20445, "ano": 2013, "numero": 175, "tipo__sigla": "IND", "tipo__descricao": "Indica\u00e7\u00e3o/Pedido de Provid\u00eancias", "autoria__autor__nome": "Inspetor Luz", "texto_original": "https://sapl.camaranh.rs.gov.br/media/sapl/public/materialegislativa/2013/20445/20445_texto_integral.odt", "ementa": "Solicita recomposi\u00e7\u00e3o asf\u00e1ltica (consertos de buracos) na Rua Itaqui, em frente ao n\u00ba 126, no Bairro Boa Vista."}, {"id": 20446, "ano": 2013, "numero": 176, "tipo__sigla": "IND", "tipo__descricao": "Indica\u00e7\u00e3o/Pedido de Provid\u00eancias", "autoria__autor__nome": "Inspetor Luz", "texto_original": "https://sapl.camaranh.rs.gov.br/media/sapl/public/materialegislativa/2013/20446/20446_texto_integral.odt", "ementa": "Solicita capina e limpeza junto ao meio-fio, em toda a extens\u00e3o da Rua Bertholdo Rech, Bairro Rond\u00f4nia."}, {"id": 20447, "ano": 2013, "numero": 177, "tipo__sigla": "IND", "tipo__descricao": "Indica\u00e7\u00e3o/Pedido de Provid\u00eancias", "autoria__autor__nome": "Inspetor Luz", "texto_original": "https://sapl.camaranh.rs.gov.br/media/sapl/public/materialegislativa/2013/20447/20447_texto_integral.odt", "ementa": "Solicita capina e limpeza junto ao meio-fio em toda extens\u00e3o da Rua Cacequi, no Bairro Boa Vista."}, {"id": 20448, "ano": 2013, "numero": 178, "tipo__sigla": "IND", "tipo__descricao": "Indica\u00e7\u00e3o/Pedido de Provid\u00eancias", "autoria__autor__nome": "Inspetor Luz", "texto_original": "https://sapl.camaranh.rs.gov.br/media/sapl/public/materialegislativa/2013/20448/20448_texto_integral.odt", "ementa": "Solicita asfaltamento da Rua Get\u00falio Vargas, no Bairro P\u00e1tria Nova."}, {"id": 20449, "ano": 2013, "numero": 179, "tipo__sigla": "IND", "tipo__descricao": "Indica\u00e7\u00e3o/Pedido de Provid\u00eancias", "autoria__autor__nome": "Inspetor Luz", "texto_original": "https://sapl.camaranh.rs.gov.br/media/sapl/public/materialegislativa/2013/20449/20449_texto_integral.odt", "ementa": "Solicita capina e limpeza junto ao meio-fio em toda extens\u00e3o da Rua Alegrete, no Bairro Boa Vista."}, {"id": 20450, "ano": 2013, "numero": 180, "tipo__sigla": "IND", "tipo__descricao": "Indica\u00e7\u00e3o/Pedido de Provid\u00eancias", "autoria__autor__nome": "Inspetor Luz", "texto_original": "https://sapl.camaranh.rs.gov.br/media/sapl/public/materialegislativa/2013/20450/20450_texto_integral.odt", "ementa": "Solicita remo\u00e7\u00e3o de galhos e entulhos depositados na Rua Para\u00edba, na esquina com a Avenida Primeiro de Mar\u00e7o, Bairro Industrial."}, {"id": 20451, "ano": 2013, "numero": 181, "tipo__sigla": "IND", "tipo__descricao": "Indica\u00e7\u00e3o/Pedido de Provid\u00eancias", "autoria__autor__nome": "Inspetor Luz", "texto_original": "https://sapl.camaranh.rs.gov.br/media/sapl/public/materialegislativa/2013/20451/20451_texto_integral.odt", "ementa": "Solicita capina e limpeza junto ao meio-fio em toda extens\u00e3o da Rua Aracaju Bairro Boa Vista."}, {"id": 20452, "ano": 2013, "numero": 182, "tipo__sigla": "IND", "tipo__descricao": "Indica\u00e7\u00e3o/Pedido de Provid\u00eancias", "autoria__autor__nome": "Inspetor Luz", "texto_original": "https://sapl.camaranh.rs.gov.br/media/sapl/public/materialegislativa/2013/20452/20452_texto_integral.odt", "ementa": "Solicita capina e limpeza junto ao meio-fio em toda extens\u00e3o da Rua Sander, no Bairro Jardim  Mau\u00e1."}, {"id": 20453, "ano": 2013, "numero": 183, "tipo__sigla": "IND", "tipo__descricao": "Indica\u00e7\u00e3o/Pedido de Provid\u00eancias", "autoria__autor__nome": "Inspetor Luz", "texto_original": "https://sapl.camaranh.rs.gov.br/media/sapl/public/materialegislativa/2013/20453/20453_texto_integral.odt", "ementa": "Solicita asfaltamento da Rua Bertholdo Rech, no Bairro Rond\u00f4nia."}, {"id": 20454, "ano": 2013, "numero": 184, "tipo__sigla": "IND", "tipo__descricao": "Indica\u00e7\u00e3o/Pedido de Provid\u00eancias", "autoria__autor__nome": "Fufa Azevedo", "texto_original": "https://sapl.camaranh.rs.gov.br/media/sapl/public/materialegislativa/2013/20454/20454_texto_integral.odt", "ementa": "Solicita estudo t\u00e9cnico sobre a viabilidade da implanta\u00e7\u00e3o de estacionamento obl\u00edquo em um dos lados da Rua Almirante Barroso, no trecho compreendido entre a Rua Augusto Jung e a Rua Heller, Bairro Centro, e, para o mesmo trecho, solicita estudo t\u00e9cnico sobre a viabilidade de ser implantada m\u00e3o \u00fanica na Rua Almirante Barroso, no sentido da Rua Augusto Jung para a Rua Heller."}, {"id": 20455, "ano": 2013, "numero": 185, "tipo__sigla": "IND", "tipo__descricao": "Indica\u00e7\u00e3o/Pedido de Provid\u00eancias", "autoria__autor__nome": "JorgeTatsch", "texto_original": "https://sapl.camaranh.rs.gov.br/media/sapl/public/materialegislativa/2013/20455/20455_texto_integral.odt", "ementa": "Solicita limpeza e desentupimento de bueiros na Rua Andr\u00e9 Pinto Rebou\u00e7as, em sua extens\u00e3o, no Bairro Industrial."}, {"id": 20457, "ano": 2013, "numero": 186, "tipo__sigla": "IND", "tipo__descricao": "Indica\u00e7\u00e3o/Pedido de Provid\u00eancias", "autoria__autor__nome": "JorgeTatsch", "texto_original": "https://sapl.camaranh.rs.gov.br/media/sapl/public/materialegislativa/2013/20457/20457_texto_integral.odt", "ementa": "Solicita limpeza do passeio p\u00fablico na Rua Andr\u00e9 Pinto Rebou\u00e7as, em frente ao n\u00ba 156, no Bairro Industrial."}, {"id": 20472, "ano": 2013, "numero": 187, "tipo__sigla": "IND", "tipo__descricao": "Indica\u00e7\u00e3o/Pedido de Provid\u00eancias", "autoria__autor__nome": "Professor Issur Koch", "texto_original": "https://sapl.camaranh.rs.gov.br/media/sapl/public/materialegislativa/2013/20472/20472_texto_integral.odt", "ementa": "Solicita coloca\u00e7\u00e3o de redutores de velocidade (quebra-molas) na Rua Miguel \u00c2ngelo, em frente ao n\u00ba 114, Bairro Canudos."}, {"id": 20461, "ano": 2013, "numero": 188, "tipo__sigla": "IND", "tipo__descricao": "Indica\u00e7\u00e3o/Pedido de Provid\u00eancias", "autoria__autor__nome": "JorgeTatsch", "texto_original": "https://sapl.camaranh.rs.gov.br/media/sapl/public/materialegislativa/2013/20461/20461_texto_integral.odt", "ementa": "Solicita conserto de infiltra\u00e7\u00e3o no passeio p\u00fablico na Rua Marques de Olinda, em frente ao n\u00ba 383, no Bairro Santo Afonso."}, {"id": 20462, "ano": 2013, "numero": 189, "tipo__sigla": "IND", "tipo__descricao": "Indica\u00e7\u00e3o/Pedido de Provid\u00eancias", "autoria__autor__nome": "Gerson Peteffi", "texto_original": "https://sapl.camaranh.rs.gov.br/media/sapl/public/materialegislativa/2013/20462/20462_texto_integral.odt", "ementa": "Solicita coloca\u00e7\u00e3o de sinaliza\u00e7\u00e3o permitindo estacionamento na Rua Pedro Alvares Cabral, n\u00ba 499, at\u00e9 esquina da Rua Ava\u00ed, Bairro Vila Rosa."}, {"id": 20463, "ano": 2013, "numero": 190, "tipo__sigla": "IND", "tipo__descricao": "Indica\u00e7\u00e3o/Pedido de Provid\u00eancias", "autoria__autor__nome": "JorgeTatsch", "texto_original": "https://sapl.camaranh.rs.gov.br/media/sapl/public/materialegislativa/2013/20463/20463_texto_integral.odt", "ementa": "Solicita substitui\u00e7\u00e3o de l\u00e2mpadas queimadas na  Rua Presidente Neves, em frente ao n\u00ba 6378, no Bairro Santo Afonso."}, {"id": 20464, "ano": 2013, "numero": 191, "tipo__sigla": "IND", "tipo__descricao": "Indica\u00e7\u00e3o/Pedido de Provid\u00eancias", "autoria__autor__nome": "Professor Issur Koch", "texto_original": "https://sapl.camaranh.rs.gov.br/media/sapl/public/materialegislativa/2013/20464/20464_texto_integral.odt", "ementa": "Sugere estudo de viabilidade de uma ciclovia na Rua Mundo Novo, entre as Ruas Bartolomeu de Gusm\u00e3o e Guia Lopes."}, {"id": 20465, "ano": 2013, "numero": 192, "tipo__sigla": "IND", "tipo__descricao": "Indica\u00e7\u00e3o/Pedido de Provid\u00eancias", "autoria__autor__nome": "Cristiano Coller", "texto_original": "https://sapl.camaranh.rs.gov.br/media/sapl/public/materialegislativa/2013/20465/20465_texto_integral.odt", "ementa": "Solicita a instala\u00e7\u00e3o de redutor de velocidade (quebra-molas) na esquina das Ruas Tapes e Santa Sofia, Bairro Ideal."}, {"id": 20466, "ano": 2013, "numero": 193, "tipo__sigla": "IND", "tipo__descricao": "Indica\u00e7\u00e3o/Pedido de Provid\u00eancias", "autoria__autor__nome": "Cristiano Coller", "texto_original": "https://sapl.camaranh.rs.gov.br/media/sapl/public/materialegislativa/2013/20466/20466_texto_integral.odt", "ementa": "Solicita instala\u00e7\u00e3o de um poste com lumin\u00e1ria na escadaria da Rua Valdir Ant\u00f4nio Girardi, no Bairro Santo Afonso."}, {"id": 20467, "ano": 2013, "numero": 194, "tipo__sigla": "IND", "tipo__descricao": "Indica\u00e7\u00e3o/Pedido de Provid\u00eancias", "autoria__autor__nome": "Cristiano Coller", "texto_original": "https://sapl.camaranh.rs.gov.br/media/sapl/public/materialegislativa/2013/20467/20467_texto_integral.odt", "ementa": "Solicita a instala\u00e7\u00e3o  de sem\u00e1foro, na esquina da Rua Caramuru com Av. 1\u00ba de Mar\u00e7o, pr\u00f3ximo \u00e0 Escola Estadual Ot\u00e1vio Rosa, no Bairro P\u00e1tria Nova."}, {"id": 20468, "ano": 2013, "numero": 195, "tipo__sigla": "IND", "tipo__descricao": "Indica\u00e7\u00e3o/Pedido de Provid\u00eancias", "autoria__autor__nome": "Cristiano Coller", "texto_original": "https://sapl.camaranh.rs.gov.br/media/sapl/public/materialegislativa/2013/20468/20468_texto_integral.odt", "ementa": "Solicita limpeza e ro\u00e7ada na \u00e1rea da Prefeitura Municipal de Novo Hamburgo, no Bairro Santo Afonso."}, {"id": 20469, "ano": 2013, "numero": 196, "tipo__sigla": "IND", "tipo__descricao": "Indica\u00e7\u00e3o/Pedido de Provid\u00eancias", "autoria__autor__nome": "Professor Issur Koch", "texto_original": "https://sapl.camaranh.rs.gov.br/media/sapl/public/materialegislativa/2013/20469/20469_texto_integral.odt", "ementa": "Solicita a pintura de faixa de pedestres na Rua General Daltro Filho, em frente \u00e0 Escola Pequeno Para\u00edso, Bairro Hamburgo Velho."}, {"id": 20475, "ano": 2013, "numero": 197, "tipo__sigla": "IND", "tipo__descricao": "Indica\u00e7\u00e3o/Pedido de Provid\u00eancias", "autoria__autor__nome": "Professor Issur Koch", "texto_original": "https://sapl.camaranh.rs.gov.br/media/sapl/public/materialegislativa/2013/20475/20475_texto_integral.odt", "ementa": "Solicita coloca\u00e7\u00e3o de redutores de velocidade (quebra-molas) na Rua S\u00e3o Luiz Gonzaga, pr\u00f3ximo \u00e0 Rua Santo \u00c2ngelo, Bairro Guarani."}, {"id": 20476, "ano": 2013, "numero": 198, "tipo__sigla": "IND", "tipo__descricao": "Indica\u00e7\u00e3o/Pedido de Provid\u00eancias", "autoria__autor__nome": "Professor Issur Koch", "texto_original": "https://sapl.camaranh.rs.gov.br/media/sapl/public/materialegislativa/2013/20476/20476_texto_integral.odt", "ementa": "Solicita coloca\u00e7\u00e3o de redutores de velocidade (quebra-molas), na Rua Curitibanos, em frente ao n\u00famero 1891, Bairro Canudos."}, {"id": 20477, "ano": 2013, "numero": 199, "tipo__sigla": "IND", "tipo__descricao": "Indica\u00e7\u00e3o/Pedido de Provid\u00eancias", "autoria__autor__nome": "Professor Issur Koch", "texto_original": "https://sapl.camaranh.rs.gov.br/media/sapl/public/materialegislativa/2013/20477/20477_texto_integral.odt", "ementa": "Solicita retirada de lixo na Rua Jos\u00e9 Pl\u00e1cido de Castro n\u00ba 851, Bairro Canudos."}, {"id": 20478, "ano": 2013, "numero": 200, "tipo__sigla": "IND", "tipo__descricao": "Indica\u00e7\u00e3o/Pedido de Provid\u00eancias", "autoria__autor__nome": "Professor Issur Koch", "texto_original": "https://sapl.camaranh.rs.gov.br/media/sapl/public/materialegislativa/2013/20478/20478_texto_integral.odt", "ementa": "Reitera o pedido de opera\u00e7\u00e3o tapa-buracos na Rua S\u00e3o Jo\u00e3o, n\u00ba 408, no Bairro Guarani."}, {"id": 20479, "ano": 2013, "numero": 201, "tipo__sigla": "IND", "tipo__descricao": "Indica\u00e7\u00e3o/Pedido de Provid\u00eancias", "autoria__autor__nome": "Professor Issur Koch", "texto_original": "https://sapl.camaranh.rs.gov.br/media/sapl/public/materialegislativa/2013/20479/20479_texto_integral.odt", "ementa": "Solicita desentupimento de esgoto na Rua Sapiranga, em frente ao n\u00famero 21, Bairro Canudos."}, {"id": 20482, "ano": 2013, "numero": 202, "tipo__sigla": "IND", "tipo__descricao": "Indica\u00e7\u00e3o/Pedido de Provid\u00eancias", "autoria__autor__nome": "Inspetor Luz", "texto_original": "https://sapl.camaranh.rs.gov.br/media/sapl/public/materialegislativa/2013/20482/20482_texto_integral.odt", "ementa": "Solicita amplia\u00e7\u00e3o da rede de ilumina\u00e7\u00e3o p\u00fablica e substitui\u00e7\u00e3o das l\u00e2mpadas por outras de vapor de s\u00f3dio em toda extens\u00e3o da Rua Marechal C\u00e2ndido Rondon, Bairro Rond\u00f4nia."}, {"id": 20483, "ano": 2013, "numero": 203, "tipo__sigla": "IND", "tipo__descricao": "Indica\u00e7\u00e3o/Pedido de Provid\u00eancias", "autoria__autor__nome": "Inspetor Luz", "texto_original": "https://sapl.camaranh.rs.gov.br/media/sapl/public/materialegislativa/2013/20483/20483_texto_integral.odt", "ementa": "Solicita amplia\u00e7\u00e3o da rede de ilumina\u00e7\u00e3o p\u00fablica e substitui\u00e7\u00e3o das l\u00e2mpadas por outras de vapor de s\u00f3dio em toda extens\u00e3o da Rua Valpara\u00edso, Bairro Santo Afonso."}, {"id": 20484, "ano": 2013, "numero": 204, "tipo__sigla": "IND", "tipo__descricao": "Indica\u00e7\u00e3o/Pedido de Provid\u00eancias", "autoria__autor__nome": "Inspetor Luz", "texto_original": "https://sapl.camaranh.rs.gov.br/media/sapl/public/materialegislativa/2013/20484/20484_texto_integral.odt", "ementa": "Solicita capina e limpeza junto ao meio-fio em toda a extens\u00e3o da Rua S\u00e3o Louren\u00e7o do Sul, no Bairro Rond\u00f4nia."}, {"id": 20485, "ano": 2013, "numero": 205, "tipo__sigla": "IND", "tipo__descricao": "Indica\u00e7\u00e3o/Pedido de Provid\u00eancias", "autoria__autor__nome": "Inspetor Luz", "texto_original": "https://sapl.camaranh.rs.gov.br/media/", "ementa": "Solicita amplia\u00e7\u00e3o da rede de ilumina\u00e7\u00e3o p\u00fablica e substitui\u00e7\u00e3o das l\u00e2mpadas por outras de vapor de s\u00f3dio, em toda a extens\u00e3o da Rua Panam\u00e1, Bairro Santo Afonso."}, {"id": 20486, "ano": 2013, "numero": 206, "tipo__sigla": "IND", "tipo__descricao": "Indica\u00e7\u00e3o/Pedido de Provid\u00eancias", "autoria__autor__nome": "Inspetor Luz", "texto_original": "https://sapl.camaranh.rs.gov.br/media/sapl/public/materialegislativa/2013/20486/20486_texto_integral.odt", "ementa": "Solicita amplia\u00e7\u00e3o da rede de ilumina\u00e7\u00e3o p\u00fablica e substitui\u00e7\u00e3o das l\u00e2mpadas por outras de vapor de s\u00f3dio em toda extens\u00e3o da Rua Minuano, Bairro Liberdade."}, {"id": 20487, "ano": 2013, "numero": 207, "tipo__sigla": "IND", "tipo__descricao": "Indica\u00e7\u00e3o/Pedido de Provid\u00eancias", "autoria__autor__nome": "Inspetor Luz", "texto_original": "https://sapl.camaranh.rs.gov.br/media/sapl/public/materialegislativa/2013/20487/20487_texto_integral.odt", "ementa": "Solicita amplia\u00e7\u00e3o da rede de ilumina\u00e7\u00e3o p\u00fablica e substitui\u00e7\u00e3o das l\u00e2mpadas por outras de vapor de s\u00f3dio em toda a extens\u00e3o da Rua Marques de Olinda, Bairro Santo Afonso."}, {"id": 20488, "ano": 2013, "numero": 208, "tipo__sigla": "IND", "tipo__descricao": "Indica\u00e7\u00e3o/Pedido de Provid\u00eancias", "autoria__autor__nome": "Inspetor Luz", "texto_original": "https://sapl.camaranh.rs.gov.br/media/sapl/public/materialegislativa/2013/20488/20488_texto_integral.odt", "ementa": "Solicita instala\u00e7\u00e3o de aparelhos de \"academia ao ar livre\" dentro da Pra\u00e7a P\u00fablica situada entre as Ruas Itaqui e Aracaju, no Bairro Boa Vista."}, {"id": 20489, "ano": 2013, "numero": 209, "tipo__sigla": "IND", "tipo__descricao": "Indica\u00e7\u00e3o/Pedido de Provid\u00eancias", "autoria__autor__nome": "Inspetor Luz", "texto_original": "https://sapl.camaranh.rs.gov.br/media/sapl/public/materialegislativa/2013/20489/20489_texto_integral.odt", "ementa": "Solicita amplia\u00e7\u00e3o da rede de ilumina\u00e7\u00e3o p\u00fablica e substitui\u00e7\u00e3o das l\u00e2mpadas por outras de vapor de s\u00f3dio em a toda extens\u00e3o da Rua Minuano, Bairro Liberdade."}, {"id": 20490, "ano": 2013, "numero": 210, "tipo__sigla": "IND", "tipo__descricao": "Indica\u00e7\u00e3o/Pedido de Provid\u00eancias", "autoria__autor__nome": "Inspetor Luz", "texto_original": "https://sapl.camaranh.rs.gov.br/media/sapl/public/materialegislativa/2013/20490/20490_texto_integral.odt", "ementa": "Solicita revitaliza\u00e7\u00e3o da pra\u00e7a situada entre as Ruas Itaqui e Aracaju, no Bairro Boa Vista."}, {"id": 20491, "ano": 2013, "numero": 211, "tipo__sigla": "IND", "tipo__descricao": "Indica\u00e7\u00e3o/Pedido de Provid\u00eancias", "autoria__autor__nome": "Inspetor Luz", "texto_original": "https://sapl.camaranh.rs.gov.br/media/sapl/public/materialegislativa/2013/20491/20491_texto_integral.odt", "ementa": "Solicita capina e limpeza junto ao meio-fio em toda a extens\u00e3o da Rua Presidente Costa e Silva, no Bairro Canudos."}, {"id": 20493, "ano": 2013, "numero": 212, "tipo__sigla": "IND", "tipo__descricao": "Indica\u00e7\u00e3o/Pedido de Provid\u00eancias", "autoria__autor__nome": "Inspetor Luz", "texto_original": "https://sapl.camaranh.rs.gov.br/media/sapl/public/materialegislativa/2013/20493/20493_texto_integral.odt", "ementa": "Solicita capina e limpeza junto ao meio-fio em toda a extens\u00e3o da Rua Odon Cavalcante, no Bairro Canudos."}, {"id": 20494, "ano": 2013, "numero": 213, "tipo__sigla": "IND", "tipo__descricao": "Indica\u00e7\u00e3o/Pedido de Provid\u00eancias", "autoria__autor__nome": "Cristiano Coller", "texto_original": "https://sapl.camaranh.rs.gov.br/media/sapl/public/materialegislativa/2013/20494/20494_texto_integral.odt", "ementa": "Solicita reparo de cal\u00e7amento de blocos de concreto (PAVS) na Rua Erni Steigleder, no Bairro Santo Afonso."}, {"id": 20495, "ano": 2013, "numero": 214, "tipo__sigla": "IND", "tipo__descricao": "Indica\u00e7\u00e3o/Pedido de Provid\u00eancias", "autoria__autor__nome": "Inspetor Luz", "texto_original": "https://sapl.camaranh.rs.gov.br/media/sapl/public/materialegislativa/2013/20495/20495_texto_integral.odt", "ementa": "Solicita capina e limpeza junto ao meio-fio em toda a extens\u00e3o da Rua C\u00e2ndido Figueiredo, no Bairro Guarani."}, {"id": 20496, "ano": 2013, "numero": 215, "tipo__sigla": "IND", "tipo__descricao": "Indica\u00e7\u00e3o/Pedido de Provid\u00eancias", "autoria__autor__nome": "Inspetor Luz", "texto_original": "https://sapl.camaranh.rs.gov.br/media/sapl/public/materialegislativa/2013/20496/20496_texto_integral.odt", "ementa": "Solicita capina e limpeza junto ao meio-fio em toda a extens\u00e3o da Rua Silvio Gilberto Christmann, no Bairro Canudos."}, {"id": 20497, "ano": 2013, "numero": 216, "tipo__sigla": "IND", "tipo__descricao": "Indica\u00e7\u00e3o/Pedido de Provid\u00eancias", "autoria__autor__nome": "JorgeTatsch", "texto_original": "https://sapl.camaranh.rs.gov.br/media/sapl/public/materialegislativa/2013/20497/20497_texto_integral.odt", "ementa": "Solicita limpeza de esgoto entupido na Av.  Primeiro de Mar\u00e7o, pr\u00f3ximo ao n\u00ba 4038, Bairro Industrial."}, {"id": 20499, "ano": 2013, "numero": 217, "tipo__sigla": "IND", "tipo__descricao": "Indica\u00e7\u00e3o/Pedido de Provid\u00eancias", "autoria__autor__nome": "JorgeTatsch", "texto_original": "https://sapl.camaranh.rs.gov.br/media/sapl/public/materialegislativa/2013/20499/20499_texto_integral.odt", "ementa": "Solicita limpeza de esgoto entupido em toda extens\u00e3o do beco da Rua Harmonia, Bairro Santo Afonso."}, {"id": 20500, "ano": 2013, "numero": 218, "tipo__sigla": "IND", "tipo__descricao": "Indica\u00e7\u00e3o/Pedido de Provid\u00eancias", "autoria__autor__nome": "JorgeTatsch", "texto_original": "https://sapl.camaranh.rs.gov.br/media/sapl/public/materialegislativa/2013/20500/20500_texto_integral.odt", "ementa": "Solicita conserto de infiltra\u00e7\u00e3o no passeio p\u00fablico na Rua M\u00e9xico, em frente ao n\u00ba 363, no Bairro Santo Afonso."}, {"id": 20501, "ano": 2013, "numero": 219, "tipo__sigla": "IND", "tipo__descricao": "Indica\u00e7\u00e3o/Pedido de Provid\u00eancias", "autoria__autor__nome": "Gerson Peteffi", "texto_original": "https://sapl.camaranh.rs.gov.br/media/sapl/public/materialegislativa/2013/20501/20501_texto_integral.odt", "ementa": "Solicita estudo visando implanta\u00e7\u00e3o de ciclovia que acompanhe o trajeto do Trensurb (espa\u00e7o t\u00e9rreo), em toda sua extens\u00e3o."}, {"id": 20507, "ano": 2013, "numero": 220, "tipo__sigla": "IND", "tipo__descricao": "Indica\u00e7\u00e3o/Pedido de Provid\u00eancias", "autoria__autor__nome": "JorgeTatsch", "texto_original": "https://sapl.camaranh.rs.gov.br/media/sapl/public/materialegislativa/2013/20507/20507_texto_integral.odt", "ementa": "Solicita coloca\u00e7\u00e3o de britas em toda extens\u00e3o da Rua Dique da Saudade, em sua extens\u00e3o, no Bairro Santo Afonso."}, {"id": 20508, "ano": 2013, "numero": 221, "tipo__sigla": "IND", "tipo__descricao": "Indica\u00e7\u00e3o/Pedido de Provid\u00eancias", "autoria__autor__nome": "JorgeTatsch", "texto_original": "https://sapl.camaranh.rs.gov.br/media/sapl/public/materialegislativa/2013/20508/20508_texto_integral.odt", "ementa": "Solicita substitui\u00e7\u00e3o de l\u00e2mpadas queimadas na  Rua Jacu\u00ed, em frente ao n\u00ba 340, no Bairro Santo Afonso."}, {"id": 20511, "ano": 2013, "numero": 222, "tipo__sigla": "IND", "tipo__descricao": "Indica\u00e7\u00e3o/Pedido de Provid\u00eancias", "autoria__autor__nome": "JorgeTatsch", "texto_original": "https://sapl.camaranh.rs.gov.br/media/sapl/public/materialegislativa/2013/20511/20511_texto_integral.odt", "ementa": "Solicita desentupimento de esgoto na Rua da Humanidade, 42, no beco dos fundos, Bairro Santo Afonso."}, {"id": 20513, "ano": 2013, "numero": 223, "tipo__sigla": "IND", "tipo__descricao": "Indica\u00e7\u00e3o/Pedido de Provid\u00eancias", "autoria__autor__nome": "JorgeTatsch", "texto_original": "https://sapl.camaranh.rs.gov.br/media/sapl/public/materialegislativa/2013/20513/20513_texto_integral.odt", "ementa": "Solicita retirada de lixo do passeio p\u00fablico na Rua Ant\u00f4nio Roberto Kroeff, em frente ao n\u00bas 401, 466 e 488, Bairro Santo Afonso."}, {"id": 20514, "ano": 2013, "numero": 224, "tipo__sigla": "IND", "tipo__descricao": "Indica\u00e7\u00e3o/Pedido de Provid\u00eancias", "autoria__autor__nome": "JorgeTatsch", "texto_original": "https://sapl.camaranh.rs.gov.br/media/sapl/public/materialegislativa/2013/20514/20514_texto_integral.odt", "ementa": "Solicita conserto de infiltra\u00e7\u00e3o no passeio p\u00fablico na Rua Ant\u00f4nio Roberto Kroeff, em frente ao n\u00ba 360, no Bairro Santo Afonso."}, {"id": 20517, "ano": 2013, "numero": 225, "tipo__sigla": "IND", "tipo__descricao": "Indica\u00e7\u00e3o/Pedido de Provid\u00eancias", "autoria__autor__nome": "Raul Cassel", "texto_original": "https://sapl.camaranh.rs.gov.br/media/sapl/public/materialegislativa/2013/20517/20517_texto_integral.odt", "ementa": "Solicita capina e limpeza no trecho entre as Ruas Boa Sa\u00fade e Osvaldo Cruz, da Rua Presidente Lucena, no Bairro Primavera."}, {"id": 20518, "ano": 2013, "numero": 226, "tipo__sigla": "IND", "tipo__descricao": "Indica\u00e7\u00e3o/Pedido de Provid\u00eancias", "autoria__autor__nome": "Professor Issur Koch", "texto_original": "https://sapl.camaranh.rs.gov.br/media/sapl/public/materialegislativa/2013/20518/20518_texto_integral.odt", "ementa": "Solicita intima\u00e7\u00e3o do propriet\u00e1rio do terreno  localizado na Rua Bento Gon\u00e7alves, ao lado do n\u00ba 3453, que faz esquina com a Rua Ira\u00ed,  Bairro Guarani, para que seja feita a limpeza e o cercamento."}, {"id": 20521, "ano": 2013, "numero": 227, "tipo__sigla": "IND", "tipo__descricao": "Indica\u00e7\u00e3o/Pedido de Provid\u00eancias", "autoria__autor__nome": "Gerson Peteffi", "texto_original": "https://sapl.camaranh.rs.gov.br/media/sapl/public/materialegislativa/2013/20521/20521_texto_integral.odt", "ementa": "Solicita  asfaltamento do trecho entre a Rua Uni\u00e3o Sul Africana e base da escadaria da Rua Rod\u00e9sia, Bairro Rinc\u00e3o."}, {"id": 20522, "ano": 2013, "numero": 228, "tipo__sigla": "IND", "tipo__descricao": "Indica\u00e7\u00e3o/Pedido de Provid\u00eancias", "autoria__autor__nome": "Gerson Peteffi", "texto_original": "https://sapl.camaranh.rs.gov.br/media/sapl/public/materialegislativa/2013/20522/20522_texto_integral.odt", "ementa": "Solicita reparos e coloca\u00e7\u00e3o de corrim\u00e3o na escadaria que liga a Rua Uni\u00e3o Sul Africana \u00e0 Rua Rod\u00e9sia, Bairro Rinc\u00e3o."}, {"id": 20524, "ano": 2013, "numero": 229, "tipo__sigla": "IND", "tipo__descricao": "Indica\u00e7\u00e3o/Pedido de Provid\u00eancias", "autoria__autor__nome": "Inspetor Luz", "texto_original": "https://sapl.camaranh.rs.gov.br/media/sapl/public/materialegislativa/2013/20524/20524_texto_integral.odt", "ementa": "Solicita conserto de buracos localizados em frente ao n\u00ba 966 da Rua Hamburgo, no Bairro Canudos."}, {"id": 20526, "ano": 2013, "numero": 230, "tipo__sigla": "IND", "tipo__descricao": "Indica\u00e7\u00e3o/Pedido de Provid\u00eancias", "autoria__autor__nome": "Inspetor Luz", "texto_original": "https://sapl.camaranh.rs.gov.br/media/sapl/public/materialegislativa/2013/20526/20526_texto_integral.docx", "ementa": "Solicita remo\u00e7\u00e3o de galhos e entulhos depositados na Rua Gomes Portinho, ao lado do n\u00ba 924, Bairro Jardim Mau\u00e1."}, {"id": 20527, "ano": 2013, "numero": 231, "tipo__sigla": "IND", "tipo__descricao": "Indica\u00e7\u00e3o/Pedido de Provid\u00eancias", "autoria__autor__nome": "Inspetor Luz", "texto_original": "https://sapl.camaranh.rs.gov.br/media/sapl/public/materialegislativa/2013/20527/20527_texto_integral.odt", "ementa": "Solicita capina e limpeza junto ao meio-fio da  Rua Brigadeiro Homem de Melo, no Bairro Hamburgo Velho."}, {"id": 20528, "ano": 2013, "numero": 232, "tipo__sigla": "IND", "tipo__descricao": "Indica\u00e7\u00e3o/Pedido de Provid\u00eancias", "autoria__autor__nome": "Inspetor Luz", "texto_original": "https://sapl.camaranh.rs.gov.br/media/sapl/public/materialegislativa/2013/20528/20528_texto_integral.odt", "ementa": "Solicita coloca\u00e7\u00e3o de grade de conten\u00e7\u00e3o na boca-de-lobo, localizada em frente ao n\u00ba 29 da Rua Acre, no Bairro Boa Vista."}, {"id": 20531, "ano": 2013, "numero": 233, "tipo__sigla": "IND", "tipo__descricao": "Indica\u00e7\u00e3o/Pedido de Provid\u00eancias", "autoria__autor__nome": "JorgeTatsch", "texto_original": "https://sapl.camaranh.rs.gov.br/media/sapl/public/materialegislativa/2013/20531/20531_texto_integral.odt", "ementa": "Solicita limpeza em bocas-de-lobo entupidas ao longo da Rua Libres, no Bairro Industrial."}, {"id": 20532, "ano": 2013, "numero": 234, "tipo__sigla": "IND", "tipo__descricao": "Indica\u00e7\u00e3o/Pedido de Provid\u00eancias", "autoria__autor__nome": "JorgeTatsch", "texto_original": "https://sapl.camaranh.rs.gov.br/media/sapl/public/materialegislativa/2013/20532/20532_texto_integral.odt", "ementa": "Solicita limpeza em boca-de-lobo entupida na Rua da Solidariedade, em frente ao n\u00famero 154, no Bairro Santo Afonso."}, {"id": 20533, "ano": 2013, "numero": 235, "tipo__sigla": "IND", "tipo__descricao": "Indica\u00e7\u00e3o/Pedido de Provid\u00eancias", "autoria__autor__nome": "JorgeTatsch", "texto_original": "https://sapl.camaranh.rs.gov.br/media/sapl/public/materialegislativa/2013/20533/20533_texto_integral.odt", "ementa": "Solicita limpeza em boca-de-lobo entupida na Rua Minuano, na esquina com a Rua Libres, no Bairro Industrial."}, {"id": 20534, "ano": 2013, "numero": 236, "tipo__sigla": "IND", "tipo__descricao": "Indica\u00e7\u00e3o/Pedido de Provid\u00eancias", "autoria__autor__nome": "Sergio Hanich", "texto_original": "https://sapl.camaranh.rs.gov.br/media/sapl/public/materialegislativa/2013/20534/20534_texto_integral.odt", "ementa": "Solicita intima\u00e7\u00e3o do propriet\u00e1rio de terreno baldio na Rua Bruno Werner Storck, esquina com a Av. S\u00e3o Leopoldo, no Bairro Canudos, para realizar limpeza  e cercamento do local."}, {"id": 20536, "ano": 2013, "numero": 237, "tipo__sigla": "IND", "tipo__descricao": "Indica\u00e7\u00e3o/Pedido de Provid\u00eancias", "autoria__autor__nome": "Sergio Hanich", "texto_original": "https://sapl.camaranh.rs.gov.br/media/sapl/public/materialegislativa/2013/20536/20536_texto_integral.odt", "ementa": "Solicita capina e limpeza do passeio p\u00fablico em toda a extens\u00e3o da Rua Rui Barbosa, no Bairro Industrial."}, {"id": 20537, "ano": 2013, "numero": 238, "tipo__sigla": "IND", "tipo__descricao": "Indica\u00e7\u00e3o/Pedido de Provid\u00eancias", "autoria__autor__nome": "JorgeTatsch", "texto_original": "https://sapl.camaranh.rs.gov.br/media/sapl/public/materialegislativa/2013/20537/20537_texto_integral.odt", "ementa": "Solicita patrolamento e britagem na Rua Presidente Neves, no Bairro Santo Afonso."}, {"id": 20538, "ano": 2013, "numero": 239, "tipo__sigla": "IND", "tipo__descricao": "Indica\u00e7\u00e3o/Pedido de Provid\u00eancias", "autoria__autor__nome": "Sergio Hanich", "texto_original": "https://sapl.camaranh.rs.gov.br/media/sapl/public/materialegislativa/2013/20538/20538_texto_integral.odt", "ementa": "Solicita conserto de infiltra\u00e7\u00e3o junto \u00e0 caixa na Rua Rodrigues Alves, em frente ao n\u00ba 37, Bairro Industrial."}, {"id": 20544, "ano": 2013, "numero": 240, "tipo__sigla": "IND", "tipo__descricao": "Indica\u00e7\u00e3o/Pedido de Provid\u00eancias", "autoria__autor__nome": "JorgeTatsch", "texto_original": "https://sapl.camaranh.rs.gov.br/media/sapl/public/materialegislativa/2013/20544/20544_texto_integral.odt", "ementa": "Solicita limpeza em bocas-de-lobo entupidas ao longo da Rua Augusto Pestana, no Bairro Industrial."}, {"id": 20541, "ano": 2013, "numero": 241, "tipo__sigla": "IND", "tipo__descricao": "Indica\u00e7\u00e3o/Pedido de Provid\u00eancias", "autoria__autor__nome": "Sergio Hanich", "texto_original": "https://sapl.camaranh.rs.gov.br/media/sapl/public/materialegislativa/2013/20541/20541_texto_integral.odt", "ementa": "Solicita nivelamento do asfalto na Estrada Jo\u00e3o Aloysio Allgayer, em frente ao n\u00ba 4117, Bairro Lomba Grande."}, {"id": 20542, "ano": 2013, "numero": 242, "tipo__sigla": "IND", "tipo__descricao": "Indica\u00e7\u00e3o/Pedido de Provid\u00eancias", "autoria__autor__nome": "Sergio Hanich", "texto_original": "https://sapl.camaranh.rs.gov.br/media/sapl/public/materialegislativa/2013/20542/20542_texto_integral.odt", "ementa": "Conserto de infiltra\u00e7\u00e3o na Rua S\u00e3o Jac\u00f3, esquina com a Rua Silveira Martins, Bairro Centro."}, {"id": 20552, "ano": 2013, "numero": 243, "tipo__sigla": "IND", "tipo__descricao": "Indica\u00e7\u00e3o/Pedido de Provid\u00eancias", "autoria__autor__nome": "JorgeTatsch", "texto_original": "https://sapl.camaranh.rs.gov.br/media/sapl/public/materialegislativa/2013/20552/20552_texto_integral.odt", "ementa": "Solicita limpeza e melhorias na pra\u00e7a localizada na Rua Santa Rita, no Bairro Industrial."}, {"id": 20547, "ano": 2013, "numero": 244, "tipo__sigla": "IND", "tipo__descricao": "Indica\u00e7\u00e3o/Pedido de Provid\u00eancias", "autoria__autor__nome": "Sergio Hanich", "texto_original": "https://sapl.camaranh.rs.gov.br/media/sapl/public/materialegislativa/2013/20547/20547_texto_integral.odt", "ementa": "Solicita intima\u00e7\u00e3o do propriet\u00e1rio para que proceda \u00e0 limpeza do terreno da Rua Feitoria Velha, n\u00ba 38, Bairro Jardim Mau\u00e1."}, {"id": 20550, "ano": 2013, "numero": 245, "tipo__sigla": "IND", "tipo__descricao": "Indica\u00e7\u00e3o/Pedido de Provid\u00eancias", "autoria__autor__nome": "Cristiano Coller", "texto_original": "https://sapl.camaranh.rs.gov.br/media/sapl/public/materialegislativa/2013/20550/20550_texto_integral.odt", "ementa": "Solicita provid\u00eancias quanto \u00e0 cria\u00e7\u00e3o de cavalos em \u00e1rea urbana no Bairro Santo Afonso."}, {"id": 20551, "ano": 2013, "numero": 246, "tipo__sigla": "IND", "tipo__descricao": "Indica\u00e7\u00e3o/Pedido de Provid\u00eancias", "autoria__autor__nome": "Cristiano Coller", "texto_original": "https://sapl.camaranh.rs.gov.br/media/sapl/public/materialegislativa/2013/20551/20551_texto_integral.odt", "ementa": "Solicita estudo t\u00e9cnico sobre a viabilidade de ser implantada m\u00e3o \u00fanica na Rua Pitagoares, no sentido da Rua Vereador Ad\u00e3o Rodrigues de Oliveira para a Rua Marqu\u00eas do Alegrete, Bairro Ideal."}, {"id": 20553, "ano": 2013, "numero": 247, "tipo__sigla": "IND", "tipo__descricao": "Indica\u00e7\u00e3o/Pedido de Provid\u00eancias", "autoria__autor__nome": "Cristiano Coller", "texto_original": "https://sapl.camaranh.rs.gov.br/media/sapl/public/materialegislativa/2013/20553/20553_texto_integral.odt", "ementa": "Solicita asfaltamento da Rua Miraguaia com Rua Guanabara, no Bairro Ouro Branco."}, {"id": 20554, "ano": 2013, "numero": 248, "tipo__sigla": "IND", "tipo__descricao": "Indica\u00e7\u00e3o/Pedido de Provid\u00eancias", "autoria__autor__nome": "Cristiano Coller", "texto_original": "https://sapl.camaranh.rs.gov.br/media/sapl/public/materialegislativa/2013/20554/20554_texto_integral.odt", "ementa": "Solicita a conclus\u00e3o do asfaltamento da Rua General C\u00e2ndido Mariano da Silva Rondon e Rua Mato Grosso, no Bairro Rond\u00f4nia."}, {"id": 20556, "ano": 2013, "numero": 249, "tipo__sigla": "IND", "tipo__descricao": "Indica\u00e7\u00e3o/Pedido de Provid\u00eancias", "autoria__autor__nome": "JorgeTatsch", "texto_original": "https://sapl.camaranh.rs.gov.br/media/sapl/public/materialegislativa/2013/20556/20556_texto_integral.odt", "ementa": "Solicita limpeza em bocas-de-lobo entupidas ao longo da Rua Luiz Renner de \u00c1vila, no Loteamento Residencial Na\u00e7\u00f5es Unidas, Bairro Santo Afonso."}, {"id": 20557, "ano": 2013, "numero": 250, "tipo__sigla": "IND", "tipo__descricao": "Indica\u00e7\u00e3o/Pedido de Provid\u00eancias", "autoria__autor__nome": "Cristiano Coller", "texto_original": "https://sapl.camaranh.rs.gov.br/media/sapl/public/materialegislativa/2013/20557/20557_texto_integral.odt", "ementa": "Solicita pavimenta\u00e7\u00e3o asf\u00e1ltica da rua que fica nos fundos da Sociedade Esportiva e Recreativa Liberdade, no Bairro Liberdade."}, {"id": 20558, "ano": 2013, "numero": 251, "tipo__sigla": "IND", "tipo__descricao": "Indica\u00e7\u00e3o/Pedido de Provid\u00eancias", "autoria__autor__nome": "Cristiano Coller", "texto_original": "https://sapl.camaranh.rs.gov.br/media/sapl/public/materialegislativa/2013/20558/20558_texto_integral.odt", "ementa": "Solicita conserto de infiltra\u00e7\u00e3o no passeio p\u00fablico do cruzamento das ruas Itoror\u00f3 e Flamengo, Bairro Santo Afonso."}, {"id": 20559, "ano": 2013, "numero": 252, "tipo__sigla": "IND", "tipo__descricao": "Indica\u00e7\u00e3o/Pedido de Provid\u00eancias", "autoria__autor__nome": "Sergio Hanich", "texto_original": "https://sapl.camaranh.rs.gov.br/media/sapl/public/materialegislativa/2013/20559/20559_texto_integral.odt", "ementa": "Solicita opera\u00e7\u00e3o tapa-buraco na Rua Maria Olinda Telles, esquina com a Rua Bartolomeu de Gusm\u00e3o, Bairro Canudos."}, {"id": 20560, "ano": 2013, "numero": 253, "tipo__sigla": "IND", "tipo__descricao": "Indica\u00e7\u00e3o/Pedido de Provid\u00eancias", "autoria__autor__nome": "Sergio Hanich", "texto_original": "https://sapl.camaranh.rs.gov.br/media/sapl/public/materialegislativa/2013/20560/20560_texto_integral.odt", "ementa": "Solicita coloca\u00e7\u00e3o de meio-fio BL na boca-de-lobo da Rua Campo Bom, esquina com a Rua  Jamaica, Bairro Canudos."}, {"id": 20561, "ano": 2013, "numero": 254, "tipo__sigla": "IND", "tipo__descricao": "Indica\u00e7\u00e3o/Pedido de Provid\u00eancias", "autoria__autor__nome": "Professor Issur Koch", "texto_original": "https://sapl.camaranh.rs.gov.br/media/sapl/public/materialegislativa/2013/20561/20561_texto_integral.odt", "ementa": "Solicita coloca\u00e7\u00e3o de redutor de velocidade estilo \"plataforma\", que consiste em um quebra- molas largo com faixa de seguran\u00e7a em cima na Rua Sapiranga, esquina com a Rua Arroio Grande, Bairro Jardim Mau\u00e1."}, {"id": 20562, "ano": 2013, "numero": 255, "tipo__sigla": "IND", "tipo__descricao": "Indica\u00e7\u00e3o/Pedido de Provid\u00eancias", "autoria__autor__nome": "Inspetor Luz", "texto_original": "https://sapl.camaranh.rs.gov.br/media/sapl/public/materialegislativa/2013/20562/20562_texto_integral.odt", "ementa": "Solicita limpeza e revitaliza\u00e7\u00e3o da pra\u00e7a p\u00fablica situada entre as Ruas Araponga e Gomes Portinho, no Bairro Jardim Mau\u00e1. "}, {"id": 20564, "ano": 2013, "numero": 256, "tipo__sigla": "IND", "tipo__descricao": "Indica\u00e7\u00e3o/Pedido de Provid\u00eancias", "autoria__autor__nome": "Inspetor Luz", "texto_original": "https://sapl.camaranh.rs.gov.br/media/sapl/public/materialegislativa/2013/20564/20564_texto_integral.odt", "ementa": "Solicita instala\u00e7\u00e3o de aparelhos de \"academia ao ar livre\" na pra\u00e7a p\u00fablica situada entre as Ruas Araponga e Gomes Portinho, no Bairro Jardim Mau\u00e1."}, {"id": 20565, "ano": 2013, "numero": 257, "tipo__sigla": "IND", "tipo__descricao": "Indica\u00e7\u00e3o/Pedido de Provid\u00eancias", "autoria__autor__nome": "JorgeTatsch", "texto_original": "https://sapl.camaranh.rs.gov.br/media/sapl/public/materialegislativa/2013/20565/20565_texto_integral.odt", "ementa": "Solicita estudo t\u00e9cnico sobre a viabilidade da implanta\u00e7\u00e3o de estacionamento obl\u00edquo nas imedia\u00e7\u00f5es da Esta\u00e7\u00e3o S\u00e3o Afonso, localizada na Av. Primeiro de Mar\u00e7o, no trecho compreendido entre a Rua S\u00e3o Leopoldo e a Rua Dr. Sim\u00f5es Lopes, Bairro Santo Afonso."}, {"id": 20567, "ano": 2013, "numero": 258, "tipo__sigla": "IND", "tipo__descricao": "Indica\u00e7\u00e3o/Pedido de Provid\u00eancias", "autoria__autor__nome": "Raul Cassel", "texto_original": "https://sapl.camaranh.rs.gov.br/media/sapl/public/materialegislativa/2013/20567/20567_texto_integral.odt", "ementa": "Solicita provid\u00eancias na solu\u00e7\u00e3o definitiva dos problemas de canaliza\u00e7\u00e3o pluvial no p\u00e1tio da EMEF Jo\u00e3o Goulart."}, {"id": 20569, "ano": 2013, "numero": 259, "tipo__sigla": "IND", "tipo__descricao": "Indica\u00e7\u00e3o/Pedido de Provid\u00eancias", "autoria__autor__nome": "Raul Cassel", "texto_original": "https://sapl.camaranh.rs.gov.br/media/sapl/public/materialegislativa/2013/20569/20569_texto_integral.odt", "ementa": "Solicita pavimenta\u00e7\u00e3o asf\u00e1ltica na Rua Monteiro Lobato em frente ao n\u00fameros 760, 780, 790, 808 e 824, no Bairro Vila Diehl."}, {"id": 20571, "ano": 2013, "numero": 260, "tipo__sigla": "IND", "tipo__descricao": "Indica\u00e7\u00e3o/Pedido de Provid\u00eancias", "autoria__autor__nome": "Cristiano Coller", "texto_original": "https://sapl.camaranh.rs.gov.br/media/sapl/public/materialegislativa/2013/20571/20571_texto_integral.odt", "ementa": "Solicita pavimenta\u00e7\u00e3o do asf\u00e1ltica nas ruas do Loteamento Integra\u00e7\u00e3o, no Bairro Lomba Grande."}, {"id": 20573, "ano": 2013, "numero": 261, "tipo__sigla": "IND", "tipo__descricao": "Indica\u00e7\u00e3o/Pedido de Provid\u00eancias", "autoria__autor__nome": "Cristiano Coller", "texto_original": "https://sapl.camaranh.rs.gov.br/media/sapl/public/materialegislativa/2013/20573/20573_texto_integral.odt", "ementa": "Solicita instala\u00e7\u00e3o de aparelhos de \"academia ao ar livre\" dentro da Pra\u00e7a Heitor Villa Lobos, situada entre as Ruas Recife e Cacequi, no Bairro Boa Vista."}, {"id": 20574, "ano": 2013, "numero": 262, "tipo__sigla": "IND", "tipo__descricao": "Indica\u00e7\u00e3o/Pedido de Provid\u00eancias", "autoria__autor__nome": "Cristiano Coller", "texto_original": "https://sapl.camaranh.rs.gov.br/media/sapl/public/materialegislativa/2013/20574/20574_texto_integral.odt", "ementa": "Solicita pavimenta\u00e7\u00e3o asf\u00e1ltica da Rua Itabira, no Bairro Liberdade."}, {"id": 20575, "ano": 2013, "numero": 263, "tipo__sigla": "IND", "tipo__descricao": "Indica\u00e7\u00e3o/Pedido de Provid\u00eancias", "autoria__autor__nome": "Cristiano Coller", "texto_original": "https://sapl.camaranh.rs.gov.br/media/sapl/public/materialegislativa/2013/20575/20575_texto_integral.odt", "ementa": "Solicita pavimenta\u00e7\u00e3o asf\u00e1ltica da Rua Roberto Kronmeyer, no Bairro Santo Afonso."}, {"id": 20576, "ano": 2013, "numero": 264, "tipo__sigla": "IND", "tipo__descricao": "Indica\u00e7\u00e3o/Pedido de Provid\u00eancias", "autoria__autor__nome": "Patr\u00edcia Beck", "texto_original": "https://sapl.camaranh.rs.gov.br/media/sapl/public/materialegislativa/2013/20576/20576_texto_integral.odt", "ementa": "Solicita com urg\u00eancia revis\u00e3o e fechamento do asfalto danificado por eros\u00e3o proveniente do esgoto pluvial na Rua Eng. Jorge Schury, em frente ao n\u00famero 1442, Bairro S\u00e3o Jos\u00e9."}, {"id": 20577, "ano": 2013, "numero": 265, "tipo__sigla": "IND", "tipo__descricao": "Indica\u00e7\u00e3o/Pedido de Provid\u00eancias", "autoria__autor__nome": "Patr\u00edcia Beck", "texto_original": "https://sapl.camaranh.rs.gov.br/media/sapl/public/materialegislativa/2013/20577/20577_texto_integral.odt", "ementa": "Solicita coloca\u00e7\u00e3o de quebra-molas na rua Odon Cavalcanti, pr\u00f3ximo ao n\u00famero 428, bairro Canudos."}, {"id": 20578, "ano": 2013, "numero": 266, "tipo__sigla": "IND", "tipo__descricao": "Indica\u00e7\u00e3o/Pedido de Provid\u00eancias", "autoria__autor__nome": "Patr\u00edcia Beck", "texto_original": "https://sapl.camaranh.rs.gov.br/media/sapl/public/materialegislativa/2013/20578/20578_texto_integral.odt", "ementa": "Solicita limpeza da boca-de-lobo localizada na  Rua Frederico Westphalen, em frente ao n\u00famero 1371, bairro S\u00e3o Jorge."}, {"id": 20579, "ano": 2013, "numero": 267, "tipo__sigla": "IND", "tipo__descricao": "Indica\u00e7\u00e3o/Pedido de Provid\u00eancias", "autoria__autor__nome": "Patr\u00edcia Beck", "texto_original": "https://sapl.camaranh.rs.gov.br/media/sapl/public/materialegislativa/2013/20579/20579_texto_integral.odt", "ementa": "Solicita manuten\u00e7\u00e3o e conserto do abrigo de \u00f4nibus localizado na Av. Pedro Adams Filho, em frente ao n\u00famero 1767, Bairro Industrial."}, {"id": 20580, "ano": 2013, "numero": 268, "tipo__sigla": "IND", "tipo__descricao": "Indica\u00e7\u00e3o/Pedido de Provid\u00eancias", "autoria__autor__nome": "Patr\u00edcia Beck", "texto_original": "https://sapl.camaranh.rs.gov.br/media/sapl/public/materialegislativa/2013/20580/20580_texto_integral.odt", "ementa": "Solicita revis\u00e3o e fechamento do asfalto danificado por eros\u00e3o proveniente do esgoto pluvial na Rua Rodrigues Alves, esquina com a Av. Pedro Adams Filho, Bairro Industrial."}, {"id": 20581, "ano": 2013, "numero": 269, "tipo__sigla": "IND", "tipo__descricao": "Indica\u00e7\u00e3o/Pedido de Provid\u00eancias", "autoria__autor__nome": "Patr\u00edcia Beck", "texto_original": "https://sapl.camaranh.rs.gov.br/media/sapl/public/materialegislativa/2013/20581/20581_texto_integral.odt", "ementa": "Sugere o estudo de viabilidade para a implementa\u00e7\u00e3o de ciclovias e ciclofaixas  ligando os bairros aos principais pontos do Munic\u00edpio de Novo Hamburgo."}, {"id": 20582, "ano": 2013, "numero": 270, "tipo__sigla": "IND", "tipo__descricao": "Indica\u00e7\u00e3o/Pedido de Provid\u00eancias", "autoria__autor__nome": "Inspetor Luz", "texto_original": "https://sapl.camaranh.rs.gov.br/media/sapl/public/materialegislativa/2013/20582/20582_texto_integral.odt", "ementa": "Solicita capina e limpeza junto ao meio-fio em toda extens\u00e3o da Rua Tabajaras, no Bairro Ideal."}, {"id": 20583, "ano": 2013, "numero": 271, "tipo__sigla": "IND", "tipo__descricao": "Indica\u00e7\u00e3o/Pedido de Provid\u00eancias", "autoria__autor__nome": "Inspetor Luz", "texto_original": "https://sapl.camaranh.rs.gov.br/media/sapl/public/materialegislativa/2013/20583/20583_texto_integral.odt", "ementa": "Solicita capina e limpeza junto ao meio-fio em toda extens\u00e3o da Rua Arax\u00e1, no Bairro Ideal."}, {"id": 20587, "ano": 2013, "numero": 272, "tipo__sigla": "IND", "tipo__descricao": "Indica\u00e7\u00e3o/Pedido de Provid\u00eancias", "autoria__autor__nome": "Inspetor Luz", "texto_original": "https://sapl.camaranh.rs.gov.br/media/sapl/public/materialegislativa/2013/20587/20587_texto_integral.odt", "ementa": "Solicita capina e limpeza junto ao meio-fio em toda extens\u00e3o da Rua Adolfo Jaeger, Bairro P\u00e1tria Nova."}, {"id": 20588, "ano": 2013, "numero": 273, "tipo__sigla": "IND", "tipo__descricao": "Indica\u00e7\u00e3o/Pedido de Provid\u00eancias", "autoria__autor__nome": "Inspetor Luz", "texto_original": "https://sapl.camaranh.rs.gov.br/media/sapl/public/materialegislativa/2013/20588/20588_texto_integral.odt", "ementa": "Solicita capina e limpeza junto ao meio-fio em toda extens\u00e3o da Rua Onofre Pires, Bairro P\u00e1tria Nova."}, {"id": 20590, "ano": 2013, "numero": 274, "tipo__sigla": "IND", "tipo__descricao": "Indica\u00e7\u00e3o/Pedido de Provid\u00eancias", "autoria__autor__nome": "Naasom Luciano", "texto_original": "https://sapl.camaranh.rs.gov.br/media/sapl/public/materialegislativa/2013/20590/20590_texto_integral.odt", "ementa": "Solicita sinaliza\u00e7\u00e3o horizontal de divis\u00e3o de pista em toda a extens\u00e3o da Av. Victor Hugo Kunz."}, {"id": 20591, "ano": 2013, "numero": 275, "tipo__sigla": "IND", "tipo__descricao": "Indica\u00e7\u00e3o/Pedido de Provid\u00eancias", "autoria__autor__nome": "JorgeTatsch", "texto_original": "https://sapl.camaranh.rs.gov.br/media/sapl/public/materialegislativa/2013/20591/20591_texto_integral.odt", "ementa": "Sugere a instala\u00e7\u00e3o de aparelhos de \"academia ao ar livre\" dentro da pra\u00e7a localizada na Rua 06 do Loteamento Novo Na\u00e7\u00f5es Unidas, no Bairro Santo Afonso."}, {"id": 20592, "ano": 2013, "numero": 276, "tipo__sigla": "IND", "tipo__descricao": "Indica\u00e7\u00e3o/Pedido de Provid\u00eancias", "autoria__autor__nome": "JorgeTatsch", "texto_original": "https://sapl.camaranh.rs.gov.br/media/sapl/public/materialegislativa/2013/20592/20592_texto_integral.odt", "ementa": "Solicita limpeza de bocas-de-lobo entupidas ao longo de toda extens\u00e3o da Rua La Haba\u00f1a, Bairro Santo Afonso."}, {"id": 20593, "ano": 2013, "numero": 277, "tipo__sigla": "IND", "tipo__descricao": "Indica\u00e7\u00e3o/Pedido de Provid\u00eancias", "autoria__autor__nome": "JorgeTatsch", "texto_original": "https://sapl.camaranh.rs.gov.br/media/sapl/public/materialegislativa/2013/20593/20593_texto_integral.odt", "ementa": "Solicita amplia\u00e7\u00e3o da rede de ilumina\u00e7\u00e3o p\u00fablica e substitui\u00e7\u00e3o das l\u00e2mpadas por outras de vapor de s\u00f3dio na Pra\u00e7a localizada entre as Ruas M\u00e9xico e Managu\u00e1, Bairro Santo Afonso."}, {"id": 20594, "ano": 2013, "numero": 278, "tipo__sigla": "IND", "tipo__descricao": "Indica\u00e7\u00e3o/Pedido de Provid\u00eancias", "autoria__autor__nome": "JorgeTatsch", "texto_original": "https://sapl.camaranh.rs.gov.br/media/sapl/public/materialegislativa/2013/20594/20594_texto_integral.odt", "ementa": "Solicita limpeza de boca-de-lobo entupida na Rua Harmonia, em frente ao n\u00ba 178, Vila Palmeira, Bairro Santo Afonso."}, {"id": 20595, "ano": 2013, "numero": 279, "tipo__sigla": "IND", "tipo__descricao": "Indica\u00e7\u00e3o/Pedido de Provid\u00eancias", "autoria__autor__nome": "JorgeTatsch", "texto_original": "https://sapl.camaranh.rs.gov.br/media/sapl/public/materialegislativa/2013/20595/20595_texto_integral.odt", "ementa": "Solicita coloca\u00e7\u00e3o de suporte e l\u00e2mpada no poste da Avenida Montevideo, em frente ao n\u00ba 537, no Bairro Santo Afonso."}, {"id": 20597, "ano": 2013, "numero": 280, "tipo__sigla": "IND", "tipo__descricao": "Indica\u00e7\u00e3o/Pedido de Provid\u00eancias", "autoria__autor__nome": "JorgeTatsch", "texto_original": "https://sapl.camaranh.rs.gov.br/media/sapl/public/materialegislativa/2013/20597/20597_texto_integral.odt", "ementa": "Solicita coloca\u00e7\u00e3o de duas bocas-de-lobo na extens\u00e3o da Travessa Vera Cruz, em frente ao n\u00famero 125, Bairro Santo Afonso."}, {"id": 20606, "ano": 2013, "numero": 281, "tipo__sigla": "IND", "tipo__descricao": "Indica\u00e7\u00e3o/Pedido de Provid\u00eancias", "autoria__autor__nome": "Fufa Azevedo", "texto_original": "https://sapl.camaranh.rs.gov.br/media/sapl/public/materialegislativa/2013/20606/20606_texto_integral.odt", "ementa": "Solicita estudo t\u00e9cnico sobre a viabilidade de apresenta\u00e7\u00e3o de projeto junto ao governo federal,  para a capta\u00e7\u00e3o de uma unidade do CIE - Centro de Inicia\u00e7\u00e3o ao Esporte (m\u00f3dulo II - gin\u00e1sio poliesportivo e arena poliesportiva externa de 2.750m\u00b2)."}, {"id": 20649, "ano": 2013, "numero": 282, "tipo__sigla": "IND", "tipo__descricao": "Indica\u00e7\u00e3o/Pedido de Provid\u00eancias", "autoria__autor__nome": "Cristiano Coller", "texto_original": "https://sapl.camaranh.rs.gov.br/media/sapl/public/materialegislativa/2013/20649/20649_texto_integral.odt", "ementa": "Solicita instala\u00e7\u00e3o de redutor de velocidade (quebra-molas) na Rua Fran\u00e7a, esquina com a Rua Alemanha, Bairro Rinc\u00e3o."}, {"id": 20610, "ano": 2013, "numero": 283, "tipo__sigla": "IND", "tipo__descricao": "Indica\u00e7\u00e3o/Pedido de Provid\u00eancias", "autoria__autor__nome": "Naasom Luciano", "texto_original": "https://sapl.camaranh.rs.gov.br/media/sapl/public/materialegislativa/2013/20610/20610_texto_integral.odt", "ementa": "Solicita coloca\u00e7\u00e3o de quebra-molas na Rua Potiguara, em frente ao n\u00ba 1141, Bairro Canudos."}, {"id": 20611, "ano": 2013, "numero": 284, "tipo__sigla": "IND", "tipo__descricao": "Indica\u00e7\u00e3o/Pedido de Provid\u00eancias", "autoria__autor__nome": "Naasom Luciano", "texto_original": "https://sapl.camaranh.rs.gov.br/media/sapl/public/materialegislativa/2013/20611/20611_texto_integral.odt", "ementa": "Solicita desentupimento de boca-de-lobo na Rua Rezende, em frente n\u00ba 37, no Bairro Liberdade."}, {"id": 20612, "ano": 2013, "numero": 285, "tipo__sigla": "IND", "tipo__descricao": "Indica\u00e7\u00e3o/Pedido de Provid\u00eancias", "autoria__autor__nome": "Naasom Luciano", "texto_original": "https://sapl.camaranh.rs.gov.br/media/sapl/public/materialegislativa/2013/20612/20612_texto_integral.odt", "ementa": "Solicita troca de canos e revis\u00e3o nas bocas-de-lobo no final da Rua Honduras, no Bairro Santo Afonso."}, {"id": 20613, "ano": 2013, "numero": 286, "tipo__sigla": "IND", "tipo__descricao": "Indica\u00e7\u00e3o/Pedido de Provid\u00eancias", "autoria__autor__nome": "Naasom Luciano", "texto_original": "https://sapl.camaranh.rs.gov.br/media/sapl/public/materialegislativa/2013/20613/20613_texto_integral.odt", "ementa": "Solicita limpeza e capina no passeio p\u00fablico da Rua Blumenau, Bairro Ouro Branco. "}, {"id": 20614, "ano": 2013, "numero": 287, "tipo__sigla": "IND", "tipo__descricao": "Indica\u00e7\u00e3o/Pedido de Provid\u00eancias", "autoria__autor__nome": "Inspetor Luz", "texto_original": "https://sapl.camaranh.rs.gov.br/media/sapl/public/materialegislativa/2013/20614/20614_texto_integral.odt", "ementa": "Solicita melhorias na rede de ilumina\u00e7\u00e3o p\u00fablica da Rua Lopes Trov\u00e3o, no Bairro Industrial."}, {"id": 20615, "ano": 2013, "numero": 288, "tipo__sigla": "IND", "tipo__descricao": "Indica\u00e7\u00e3o/Pedido de Provid\u00eancias", "autoria__autor__nome": "Inspetor Luz", "texto_original": "https://sapl.camaranh.rs.gov.br/media/sapl/public/materialegislativa/2013/20615/20615_texto_integral.odt", "ementa": "Solicita melhorias na rede de ilumina\u00e7\u00e3o p\u00fablica da Rua Carumb\u00e9, no Bairro Ouro Branco."}, {"id": 20616, "ano": 2013, "numero": 289, "tipo__sigla": "IND", "tipo__descricao": "Indica\u00e7\u00e3o/Pedido de Provid\u00eancias", "autoria__autor__nome": "Inspetor Luz", "texto_original": "https://sapl.camaranh.rs.gov.br/media/sapl/public/materialegislativa/2013/20616/20616_texto_integral.odt", "ementa": "Solicita melhorias na rede de ilumina\u00e7\u00e3o p\u00fablica da Rua Almirante Saul de Negri, Bairro Rondonia."}, {"id": 20620, "ano": 2013, "numero": 290, "tipo__sigla": "IND", "tipo__descricao": "Indica\u00e7\u00e3o/Pedido de Provid\u00eancias", "autoria__autor__nome": "Raul Cassel", "texto_original": "https://sapl.camaranh.rs.gov.br/media/sapl/public/materialegislativa/2013/20620/20620_texto_integral.odt", "ementa": "Solicita limpeza e recolhimento de lixo na Rua Get\u00falio Borges da Fonseca, esquina com a Rua Eurico Gaspar Dutra, Bairro Oper\u00e1rio."}, {"id": 20626, "ano": 2013, "numero": 291, "tipo__sigla": "IND", "tipo__descricao": "Indica\u00e7\u00e3o/Pedido de Provid\u00eancias", "autoria__autor__nome": "Inspetor Luz", "texto_original": "https://sapl.camaranh.rs.gov.br/media/sapl/public/materialegislativa/2013/20626/20626_texto_integral.odt", "ementa": "Solicita capina e limpeza junto ao meio-fio, em toda a extens\u00e3o da Rua Adolfo Jaeger, Bairro P\u00e1tria  Nova."}, {"id": 20627, "ano": 2013, "numero": 292, "tipo__sigla": "IND", "tipo__descricao": "Indica\u00e7\u00e3o/Pedido de Provid\u00eancias", "autoria__autor__nome": "Inspetor Luz", "texto_original": "https://sapl.camaranh.rs.gov.br/media/sapl/public/materialegislativa/2013/20627/20627_texto_integral.odt", "ementa": "Solicita capina e limpeza junto ao meio-fio em toda a extens\u00e3o da Rua Onofre Pires, Bairro P\u00e1tria  Nova."}, {"id": 20628, "ano": 2013, "numero": 293, "tipo__sigla": "IND", "tipo__descricao": "Indica\u00e7\u00e3o/Pedido de Provid\u00eancias", "autoria__autor__nome": "Inspetor Luz", "texto_original": "https://sapl.camaranh.rs.gov.br/media/sapl/public/materialegislativa/2013/20628/20628_texto_integral.odt", "ementa": "Solicita capina e limpeza junto ao meio-fio, em toda a extens\u00e3o da Rua Arax\u00e1, Bairro Ideal."}, {"id": 20629, "ano": 2013, "numero": 294, "tipo__sigla": "IND", "tipo__descricao": "Indica\u00e7\u00e3o/Pedido de Provid\u00eancias", "autoria__autor__nome": "Inspetor Luz", "texto_original": "https://sapl.camaranh.rs.gov.br/media/sapl/public/materialegislativa/2013/20629/20629_texto_integral.odt", "ementa": "Solicita capina e limpeza junto ao meio-fio, em toda a extens\u00e3o da Rua Tabajaras, Bairro Ideal."}, {"id": 20630, "ano": 2013, "numero": 295, "tipo__sigla": "IND", "tipo__descricao": "Indica\u00e7\u00e3o/Pedido de Provid\u00eancias", "autoria__autor__nome": "Inspetor Luz", "texto_original": "https://sapl.camaranh.rs.gov.br/media/sapl/public/materialegislativa/2013/20630/20630_texto_integral.odt", "ementa": "Solicita substitui\u00e7\u00e3o de tampa de boca-de-lobo localizada na esquina entre a  Rua Miguel Couto e a Avenida Primeiro de Mar\u00e7o, Centro. "}, {"id": 20631, "ano": 2013, "numero": 296, "tipo__sigla": "IND", "tipo__descricao": "Indica\u00e7\u00e3o/Pedido de Provid\u00eancias", "autoria__autor__nome": "Inspetor Luz", "texto_original": "https://sapl.camaranh.rs.gov.br/media/sapl/public/materialegislativa/2013/20631/20631_texto_integral.odt", "ementa": "Solicita limpeza de boca-de-lobo localizada na esquina entre as  Ruas Rolante e Igrejinha, no Bairro Jardim Mau\u00e1. "}, {"id": 20639, "ano": 2013, "numero": 297, "tipo__sigla": "IND", "tipo__descricao": "Indica\u00e7\u00e3o/Pedido de Provid\u00eancias", "autoria__autor__nome": "Naasom Luciano", "texto_original": "https://sapl.camaranh.rs.gov.br/media/sapl/public/materialegislativa/2013/20639/20639_texto_integral.odt", "ementa": "Solicita patrolamento e britas na Rua Mato Grosso, esquina Marechal C\u00e2ndido Rondon, Bairro Rond\u00f4nia."}, {"id": 20640, "ano": 2013, "numero": 298, "tipo__sigla": "IND", "tipo__descricao": "Indica\u00e7\u00e3o/Pedido de Provid\u00eancias", "autoria__autor__nome": "Naasom Luciano", "texto_original": "https://sapl.camaranh.rs.gov.br/media/sapl/public/materialegislativa/2013/20640/20640_texto_integral.odt", "ementa": "Solicita recolhimento de galhos na Rua Mato Grosso, na esquina da Rua Marechal C\u00e2ndido Rondon, Bairro Rond\u00f4nia."}, {"id": 20641, "ano": 2013, "numero": 299, "tipo__sigla": "IND", "tipo__descricao": "Indica\u00e7\u00e3o/Pedido de Provid\u00eancias", "autoria__autor__nome": "Naasom Luciano", "texto_original": "https://sapl.camaranh.rs.gov.br/media/sapl/public/materialegislativa/2013/20641/20641_texto_integral.odt", "ementa": "Solicita patrolamento e britas na Rua da Lagoa, Bairro Boa sa\u00fade. "}, {"id": 20642, "ano": 2013, "numero": 300, "tipo__sigla": "IND", "tipo__descricao": "Indica\u00e7\u00e3o/Pedido de Provid\u00eancias", "autoria__autor__nome": "Naasom Luciano", "texto_original": "https://sapl.camaranh.rs.gov.br/media/sapl/public/materialegislativa/2013/20642/20642_texto_integral.odt", "ementa": "Solicita desentupimento da rede de esgoto na Rua Tr\u00eas de Outubro, entre o trecho da Rua  Bento Gon\u00e7alves e Avenida Pedro Adams Filho, Bairro P\u00e1tria Nova."}, {"id": 20646, "ano": 2013, "numero": 301, "tipo__sigla": "IND", "tipo__descricao": "Indica\u00e7\u00e3o/Pedido de Provid\u00eancias", "autoria__autor__nome": "Cristiano Coller", "texto_original": "https://sapl.camaranh.rs.gov.br/media/sapl/public/materialegislativa/2013/20646/20646_texto_integral.odt", "ementa": "Solicita nivelamento de pista e recomposi\u00e7\u00e3o asf\u00e1ltica na Rua Alfredo Streb, esquina com a  Rua General Daltro Filho, no Bairro Canudos."}, {"id": 20650, "ano": 2013, "numero": 302, "tipo__sigla": "IND", "tipo__descricao": "Indica\u00e7\u00e3o/Pedido de Provid\u00eancias", "autoria__autor__nome": "Cristiano Coller", "texto_original": "https://sapl.camaranh.rs.gov.br/media/sapl/public/materialegislativa/2013/20650/20650_texto_integral.odt", "ementa": "Solicita a instala\u00e7\u00e3o de redutor de velocidade (quebra-molas) na Rua Alemanha, em frente ao n\u00ba 16, Bairro Rinc\u00e3o ."}, {"id": 20652, "ano": 2013, "numero": 303, "tipo__sigla": "IND", "tipo__descricao": "Indica\u00e7\u00e3o/Pedido de Provid\u00eancias", "autoria__autor__nome": "Sergio Hanich", "texto_original": "https://sapl.camaranh.rs.gov.br/media/sapl/public/materialegislativa/2013/20652/20652_texto_integral.odt", "ementa": "Solicita recoloca\u00e7\u00e3o da tampa de boca-de-lobo na Rua M\u00e9xico, no trecho entre a Av. Pedro Adams Filho e a Rua Bogot\u00e1, Bairro Santo Afonso."}, {"id": 20654, "ano": 2013, "numero": 304, "tipo__sigla": "IND", "tipo__descricao": "Indica\u00e7\u00e3o/Pedido de Provid\u00eancias", "autoria__autor__nome": "JorgeTatsch", "texto_original": "https://sapl.camaranh.rs.gov.br/media/sapl/public/materialegislativa/2013/20654/20654_texto_integral.odt", "ementa": "Solicita constru\u00e7\u00e3o de redutores de velocidade (quebra-molas) ao longo da Rua M\u00e9xico, no Bairro Santo Afonso."}, {"id": 20655, "ano": 2013, "numero": 305, "tipo__sigla": "IND", "tipo__descricao": "Indica\u00e7\u00e3o/Pedido de Provid\u00eancias", "autoria__autor__nome": "JorgeTatsch", "texto_original": "https://sapl.camaranh.rs.gov.br/media/sapl/public/materialegislativa/2013/20655/20655_texto_integral.odt", "ementa": "Solicita substitui\u00e7\u00e3o de l\u00e2mpada queimada na Rua Man\u00e1gua, em frente ao n\u00ba 607, Bairro Santo Afonso."}, {"id": 20659, "ano": 2013, "numero": 306, "tipo__sigla": "IND", "tipo__descricao": "Indica\u00e7\u00e3o/Pedido de Provid\u00eancias", "autoria__autor__nome": "JorgeTatsch", "texto_original": "https://sapl.camaranh.rs.gov.br/media/sapl/public/materialegislativa/2013/20659/20659_texto_integral.odt", "ementa": "Solicita limpeza em boca-de-lobo entupida na Av. Primeiro de Mar\u00e7o, em frente ao n\u00ba 4718, Bairro Santo Afonso."}, {"id": 20663, "ano": 2013, "numero": 307, "tipo__sigla": "IND", "tipo__descricao": "Indica\u00e7\u00e3o/Pedido de Provid\u00eancias", "autoria__autor__nome": "JorgeTatsch", "texto_original": "https://sapl.camaranh.rs.gov.br/media/sapl/public/materialegislativa/2013/20663/20663_texto_integral.odt", "ementa": "Solicita revis\u00e3o da rede de energia el\u00e9trica e dos postes que apresentam-se podres e os fios baixos na Rua 06, esquina com a Rua Presidente Neves, no Bairro Santo Afonso."}, {"id": 20664, "ano": 2013, "numero": 308, "tipo__sigla": "IND", "tipo__descricao": "Indica\u00e7\u00e3o/Pedido de Provid\u00eancias", "autoria__autor__nome": "JorgeTatsch", "texto_original": "https://sapl.camaranh.rs.gov.br/media/sapl/public/materialegislativa/2013/20664/20664_texto_integral.odt", "ementa": "Solicita e constru\u00e7\u00e3o de redutores de velocidade (quebra-molas) ao longo da Rua Assunci\u00f3n, no Bairro Santo Afonso."}, {"id": 20668, "ano": 2013, "numero": 309, "tipo__sigla": "IND", "tipo__descricao": "Indica\u00e7\u00e3o/Pedido de Provid\u00eancias", "autoria__autor__nome": "JorgeTatsch", "texto_original": "https://sapl.camaranh.rs.gov.br/media/sapl/public/materialegislativa/2013/20668/20668_texto_integral.odt", "ementa": "Solicita  constru\u00e7\u00e3o de redutores de velocidade (quebra-molas) ao longo da Rua Costa Rica, no Bairro Santo Afonso."}, {"id": 20672, "ano": 2013, "numero": 310, "tipo__sigla": "IND", "tipo__descricao": "Indica\u00e7\u00e3o/Pedido de Provid\u00eancias", "autoria__autor__nome": "JorgeTatsch", "texto_original": "https://sapl.camaranh.rs.gov.br/media/sapl/public/materialegislativa/2013/20672/20672_texto_integral.odt", "ementa": "Solicita  constru\u00e7\u00e3o de redutores de velocidade (quebra-molas) ao longo da Rua Amir Ramires, no Bairro Santo Afonso."}, {"id": 20675, "ano": 2013, "numero": 311, "tipo__sigla": "IND", "tipo__descricao": "Indica\u00e7\u00e3o/Pedido de Provid\u00eancias", "autoria__autor__nome": "JorgeTatsch", "texto_original": "https://sapl.camaranh.rs.gov.br/media/sapl/public/materialegislativa/2013/20675/20675_texto_integral.odt", "ementa": "Solicita e constru\u00e7\u00e3o de redutores de velocidade (quebra-molas) ao longo da Av. Montevideo, no Bairro Santo Afonso."}, {"id": 20678, "ano": 2013, "numero": 312, "tipo__sigla": "IND", "tipo__descricao": "Indica\u00e7\u00e3o/Pedido de Provid\u00eancias", "autoria__autor__nome": "Sergio Hanich", "texto_original": "https://sapl.camaranh.rs.gov.br/media/sapl/public/materialegislativa/2013/20678/20678_texto_integral.odt", "ementa": "Solicita recapeamento asf\u00e1ltico na Rua Miguel Couto, Bairro Centro."}, {"id": 20679, "ano": 2013, "numero": 313, "tipo__sigla": "IND", "tipo__descricao": "Indica\u00e7\u00e3o/Pedido de Provid\u00eancias", "autoria__autor__nome": "Roger Corr\u00eaa", "texto_original": "https://sapl.camaranh.rs.gov.br/media/sapl/public/materialegislativa/2013/20679/20679_texto_integral.odt", "ementa": "Solicita estudo t\u00e9cnico sobre a viabilidade de implanta\u00e7\u00e3o de redes wi-fi nas principais pra\u00e7as e parques de Novo Hamburgo."}, {"id": 20681, "ano": 2013, "numero": 314, "tipo__sigla": "IND", "tipo__descricao": "Indica\u00e7\u00e3o/Pedido de Provid\u00eancias", "autoria__autor__nome": "Naasom Luciano", "texto_original": "https://sapl.camaranh.rs.gov.br/media/sapl/public/materialegislativa/2013/20681/20681_texto_integral.odt", "ementa": "Solicita rede de energia el\u00e9trica no final da Rua Madre Regina, extens\u00e3o da Rua Frederico Westphalen, Bairro S\u00e3o Jorge."}, {"id": 20682, "ano": 2013, "numero": 315, "tipo__sigla": "IND", "tipo__descricao": "Indica\u00e7\u00e3o/Pedido de Provid\u00eancias", "autoria__autor__nome": "Naasom Luciano", "texto_original": "https://sapl.camaranh.rs.gov.br/media/sapl/public/materialegislativa/2013/20682/20682_texto_integral.odt", "ementa": "Solicita limpeza e capina na margem do arroio na Rua Bahia, Bairro Rond\u00f4nia."}, {"id": 20684, "ano": 2013, "numero": 316, "tipo__sigla": "IND", "tipo__descricao": "Indica\u00e7\u00e3o/Pedido de Provid\u00eancias", "autoria__autor__nome": "JorgeTatsch", "texto_original": "https://sapl.camaranh.rs.gov.br/media/sapl/public/materialegislativa/2013/20684/20684_texto_integral.odt", "ementa": "Solicita revis\u00e3o da rede de energia el\u00e9trica e dos postes que apresentam-se podres e os fios baixos na Rua Buenos Aires, em frente ao n\u00famero 141, no Bairro Santo Afonso."}, {"id": 20690, "ano": 2013, "numero": 317, "tipo__sigla": "IND", "tipo__descricao": "Indica\u00e7\u00e3o/Pedido de Provid\u00eancias", "autoria__autor__nome": "Professor Issur Koch", "texto_original": "https://sapl.camaranh.rs.gov.br/media/sapl/public/materialegislativa/2013/20690/20690_texto_integral.odt", "ementa": "Solicita intima\u00e7\u00e3o do propriet\u00e1rio do terreno  localizado na Rua Adolfo Jaeger, esquina com Av. Pedro Adams Filho, Bairro Industrial, para que seja feita a limpeza e o cercamento."}, {"id": 20694, "ano": 2013, "numero": 318, "tipo__sigla": "IND", "tipo__descricao": "Indica\u00e7\u00e3o/Pedido de Provid\u00eancias", "autoria__autor__nome": "Professor Issur Koch", "texto_original": "https://sapl.camaranh.rs.gov.br/media/sapl/public/materialegislativa/2013/20694/20694_texto_integral.odt", "ementa": "Solicita com urg\u00eancia, junto \u00e0 Prefeitura Municipal de Novo Hamburgo, que a COMUSA tome provid\u00eancias quanto \u00e0 falta de \u00e1gua no condom\u00ednio COOPSERV no Bairro Lomba Grande.\r\n"}, {"id": 20701, "ano": 2013, "numero": 319, "tipo__sigla": "IND", "tipo__descricao": "Indica\u00e7\u00e3o/Pedido de Provid\u00eancias", "autoria__autor__nome": "Inspetor Luz", "texto_original": "https://sapl.camaranh.rs.gov.br/media/sapl/public/materialegislativa/2013/20701/20701_texto_integral.odt", "ementa": "Solicita capina e limpeza junto ao meio-fio em toda extens\u00e3o da Rua Altemar Dutra, Bairro Hamburgo Velho."}, {"id": 20702, "ano": 2013, "numero": 320, "tipo__sigla": "IND", "tipo__descricao": "Indica\u00e7\u00e3o/Pedido de Provid\u00eancias", "autoria__autor__nome": "Inspetor Luz", "texto_original": "https://sapl.camaranh.rs.gov.br/media/sapl/public/materialegislativa/2013/20702/20702_texto_integral.odt", "ementa": "Solicita recomposi\u00e7\u00e3o asf\u00e1ltica em toda extens\u00e3o da Rua Alfredo Marotsky, no Bairro Canudos."}, {"id": 20703, "ano": 2013, "numero": 321, "tipo__sigla": "IND", "tipo__descricao": "Indica\u00e7\u00e3o/Pedido de Provid\u00eancias", "autoria__autor__nome": "Inspetor Luz", "texto_original": "https://sapl.camaranh.rs.gov.br/media/sapl/public/materialegislativa/2013/20703/20703_texto_integral.odt", "ementa": "Solicita capina e limpeza junto ao meio-fio em toda extens\u00e3o da Rua Vin\u00edcius de Moraes Bairro Hamburgo Velho."}, {"id": 20704, "ano": 2013, "numero": 322, "tipo__sigla": "IND", "tipo__descricao": "Indica\u00e7\u00e3o/Pedido de Provid\u00eancias", "autoria__autor__nome": "Inspetor Luz", "texto_original": "https://sapl.camaranh.rs.gov.br/media/sapl/public/materialegislativa/2013/20704/20704_texto_integral.odt", "ementa": "Solicita intima\u00e7\u00e3o do propriet\u00e1rio para que proceda \u00e0 limpeza do terreno localizado ao lado do n\u00ba 176 da Rua Alfredo Marotzky, Bairro Canudos."}, {"id": 20705, "ano": 2013, "numero": 323, "tipo__sigla": "IND", "tipo__descricao": "Indica\u00e7\u00e3o/Pedido de Provid\u00eancias", "autoria__autor__nome": "JorgeTatsch", "texto_original": "https://sapl.camaranh.rs.gov.br/media/sapl/public/materialegislativa/2013/20705/20705_texto_integral.odt", "ementa": "Solicita remo\u00e7\u00e3o de \u00e1rvore na Rua Otawa, em frente ao n\u00ba 426, Bairro Santo Afonso."}, {"id": 20706, "ano": 2013, "numero": 324, "tipo__sigla": "IND", "tipo__descricao": "Indica\u00e7\u00e3o/Pedido de Provid\u00eancias", "autoria__autor__nome": "JorgeTatsch", "texto_original": "https://sapl.camaranh.rs.gov.br/media/sapl/public/materialegislativa/2013/20706/20706_texto_integral.odt", "ementa": "Solicita o corte de grama e a limpeza nas margens da ponte da Rua Man\u00e1gua, no Bairro Santo Afonso."}, {"id": 20708, "ano": 2013, "numero": 325, "tipo__sigla": "IND", "tipo__descricao": "Indica\u00e7\u00e3o/Pedido de Provid\u00eancias", "autoria__autor__nome": "Inspetor Luz", "texto_original": "https://sapl.camaranh.rs.gov.br/media/sapl/public/materialegislativa/2013/20708/20708_texto_integral.odt", "ementa": "Solicita capina e limpeza junto ao meio-fio em toda extens\u00e3o da Rua Luiz Gonzaga da Gama, Bairro Hamburgo Velho."}, {"id": 20712, "ano": 2013, "numero": 326, "tipo__sigla": "IND", "tipo__descricao": "Indica\u00e7\u00e3o/Pedido de Provid\u00eancias", "autoria__autor__nome": "Sergio Hanich", "texto_original": "https://sapl.camaranh.rs.gov.br/media/sapl/public/materialegislativa/2013/20712/20712_texto_integral.odt", "ementa": "Solicita coloca\u00e7\u00e3o de sinaleira de pedestres na Rua \u00cdcaro, nas proximidades do n\u00b0 687, Bairro Canudos."}, {"id": 20716, "ano": 2013, "numero": 327, "tipo__sigla": "IND", "tipo__descricao": "Indica\u00e7\u00e3o/Pedido de Provid\u00eancias", "autoria__autor__nome": "Sergio Hanich", "texto_original": "https://sapl.camaranh.rs.gov.br/media/sapl/public/materialegislativa/2013/20716/20716_texto_integral.odt", "ementa": "Solicita desobstru\u00e7\u00e3o da canaliza\u00e7\u00e3o e limpeza de duas bocas-de-lobo, na Rua do Jacarand\u00e1, em frente aos n\u00bas 333 e 364, Bairro Ideal."}, {"id": 20719, "ano": 2013, "numero": 328, "tipo__sigla": "IND", "tipo__descricao": "Indica\u00e7\u00e3o/Pedido de Provid\u00eancias", "autoria__autor__nome": "JorgeTatsch", "texto_original": "https://sapl.camaranh.rs.gov.br/media/sapl/public/materialegislativa/2013/20719/20719_texto_integral.odt", "ementa": "Solicita revitaliza\u00e7\u00e3o da placa nominativa da Rua Solidariedade, Bairro Santo Afonso."}, {"id": 20721, "ano": 2013, "numero": 329, "tipo__sigla": "IND", "tipo__descricao": "Indica\u00e7\u00e3o/Pedido de Provid\u00eancias", "autoria__autor__nome": "JorgeTatsch", "texto_original": "https://sapl.camaranh.rs.gov.br/media/sapl/public/materialegislativa/2013/20721/20721_texto_integral.odt", "ementa": "Solicita patrolamento e britas na Rua Solidariedade, Bairro Santo Afonso. "}, {"id": 20722, "ano": 2013, "numero": 330, "tipo__sigla": "IND", "tipo__descricao": "Indica\u00e7\u00e3o/Pedido de Provid\u00eancias", "autoria__autor__nome": "JorgeTatsch", "texto_original": "https://sapl.camaranh.rs.gov.br/media/sapl/public/materialegislativa/2013/20722/20722_texto_integral.odt", "ementa": "Solicita desentupimento da rede de esgoto ao longo da Rua Solidariedade, Bairro Santo Afonso."}, {"id": 20725, "ano": 2013, "numero": 331, "tipo__sigla": "IND", "tipo__descricao": "Indica\u00e7\u00e3o/Pedido de Provid\u00eancias", "autoria__autor__nome": "Cristiano Coller", "texto_original": "https://sapl.camaranh.rs.gov.br/media/sapl/public/materialegislativa/2013/20725/20725_texto_integral.odt", "ementa": "Solicita a instala\u00e7\u00e3o de quebra-molas nos dois sentidos da  Av. Pedro Adams Filho, em frente a Igreja Cat\u00f3lica Sagrado Cora\u00e7\u00e3o de Jesus, no Bairro Santo Afonso."}, {"id": 20727, "ano": 2013, "numero": 332, "tipo__sigla": "IND", "tipo__descricao": "Indica\u00e7\u00e3o/Pedido de Provid\u00eancias", "autoria__autor__nome": "Raul Cassel", "texto_original": "https://sapl.camaranh.rs.gov.br/media/sapl/public/materialegislativa/2013/20727/20727_texto_integral.odt", "ementa": "Solicita coloca\u00e7\u00e3o de quebra molas do tipo plataforma na Av. Pedro Adams Filho, junto \u00e0 Esta\u00e7\u00e3o Santo Afonso."}, {"id": 20728, "ano": 2013, "numero": 333, "tipo__sigla": "IND", "tipo__descricao": "Indica\u00e7\u00e3o/Pedido de Provid\u00eancias", "autoria__autor__nome": "Cristiano Coller", "texto_original": "https://sapl.camaranh.rs.gov.br/media/sapl/public/materialegislativa/2013/20728/20728_texto_integral.odt", "ementa": "Solicita a pavimenta\u00e7\u00e3o  asf\u00e1ltica na Rua  Ot\u00edlia Francisca Ramires, no Bairro Santo Afonso."}, {"id": 20730, "ano": 2013, "numero": 334, "tipo__sigla": "IND", "tipo__descricao": "Indica\u00e7\u00e3o/Pedido de Provid\u00eancias", "autoria__autor__nome": "Cristiano Coller", "texto_original": "https://sapl.camaranh.rs.gov.br/media/sapl/public/materialegislativa/2013/20730/20730_texto_integral.odt", "ementa": "Solicita constru\u00e7\u00e3o de boca-de-lobo para capta\u00e7\u00e3o de \u00e1gua na Rua Otawa, no Bairro Santo Afonso."}, {"id": 20731, "ano": 2013, "numero": 335, "tipo__sigla": "IND", "tipo__descricao": "Indica\u00e7\u00e3o/Pedido de Provid\u00eancias", "autoria__autor__nome": "Cristiano Coller", "texto_original": "https://sapl.camaranh.rs.gov.br/media/sapl/public/materialegislativa/2013/20731/20731_texto_integral.odt", "ementa": "Solicita a instala\u00e7\u00e3o de quebra-molas, nas proximidades da Escola Estadual  Clemente Pinto, no Bairro Primavera.  "}, {"id": 20737, "ano": 2013, "numero": 336, "tipo__sigla": "IND", "tipo__descricao": "Indica\u00e7\u00e3o/Pedido de Provid\u00eancias", "autoria__autor__nome": null, "texto_original": "https://sapl.camaranh.rs.gov.br/media/sapl/public/materialegislativa/2013/20737/20737_texto_integral.odt", "ementa": "Sugere ao Executivo o envio de projeto de lei dando nova reda\u00e7\u00e3o ao Art. 102-a da Lei Municipal n\u00ba 333/2000."}, {"id": 20742, "ano": 2013, "numero": 337, "tipo__sigla": "IND", "tipo__descricao": "Indica\u00e7\u00e3o/Pedido de Provid\u00eancias", "autoria__autor__nome": "Raul Cassel", "texto_original": "https://sapl.camaranh.rs.gov.br/media/sapl/public/materialegislativa/2013/20742/20742_texto_integral.odt", "ementa": "Solicita realiza\u00e7\u00e3o de opera\u00e7\u00e3o tapa-buracos na pavimenta\u00e7\u00e3o asf\u00e1ltica da Rua Juiz de Fora, em frente ao n\u00ba 375, no Bairro Ideal."}, {"id": 20745, "ano": 2013, "numero": 338, "tipo__sigla": "IND", "tipo__descricao": "Indica\u00e7\u00e3o/Pedido de Provid\u00eancias", "autoria__autor__nome": "Raul Cassel", "texto_original": "https://sapl.camaranh.rs.gov.br/media/sapl/public/materialegislativa/2013/20745/20745_texto_integral.odt", "ementa": "Solicita abertura da sequ\u00eancia da Rua Bayard de Toledo M\u00e9rcio at\u00e9 a Rua Mundo Novo.  "}, {"id": 20746, "ano": 2013, "numero": 339, "tipo__sigla": "IND", "tipo__descricao": "Indica\u00e7\u00e3o/Pedido de Provid\u00eancias", "autoria__autor__nome": "Ricardo Ritter - Ica", "texto_original": "https://sapl.camaranh.rs.gov.br/media/sapl/public/materialegislativa/2013/20746/20746_texto_integral.odt", "ementa": "Solicita recomposi\u00e7\u00e3o asf\u00e1ltica na Rua Am\u00e9rica, n\u00ba 1804, Travessa Miguel \u00c2ngelo, Bairro Canudos."}, {"id": 20748, "ano": 2013, "numero": 340, "tipo__sigla": "IND", "tipo__descricao": "Indica\u00e7\u00e3o/Pedido de Provid\u00eancias", "autoria__autor__nome": "Gerson Peteffi", "texto_original": "https://sapl.camaranh.rs.gov.br/media/sapl/public/materialegislativa/2013/20748/20748_texto_integral.odt", "ementa": "Sugere a constru\u00e7\u00e3o de passarela (ponte para pedestres) sob o Arroio Luiz Rau, ligando as Ruas Otto Kopschina e Tupiniquins, no Bairro Ideal."}, {"id": 20750, "ano": 2013, "numero": 341, "tipo__sigla": "IND", "tipo__descricao": "Indica\u00e7\u00e3o/Pedido de Provid\u00eancias", "autoria__autor__nome": "Raul Cassel", "texto_original": "https://sapl.camaranh.rs.gov.br/media/sapl/public/materialegislativa/2013/20750/20750_texto_integral.odt", "ementa": "Solicita limpeza na pista de rolagem da Rua Tupi, no trecho entre a Av. Na\u00e7\u00f5es e Rua Benjamin Constant.\r\n"}, {"id": 20754, "ano": 2013, "numero": 342, "tipo__sigla": "IND", "tipo__descricao": "Indica\u00e7\u00e3o/Pedido de Provid\u00eancias", "autoria__autor__nome": "Patr\u00edcia Beck", "texto_original": "https://sapl.camaranh.rs.gov.br/media/sapl/public/materialegislativa/2013/20754/20754_texto_integral.odt", "ementa": "Solicita limpeza do terreno baldio situado na Rua Vidal Brasil, ao lado do n\u00famero 1554, Bairro Hamburgo Velho."}, {"id": 20753, "ano": 2013, "numero": 343, "tipo__sigla": "IND", "tipo__descricao": "Indica\u00e7\u00e3o/Pedido de Provid\u00eancias", "autoria__autor__nome": "Patr\u00edcia Beck", "texto_original": "https://sapl.camaranh.rs.gov.br/media/sapl/public/materialegislativa/2013/20753/20753_texto_integral.odt", "ementa": "Solicita intima\u00e7\u00e3o do propriet\u00e1rio para que proceda \u00e0 limpeza de terreno baldio situado na Rua Madre Regina, ao lado do n\u00famero 1.020, Bairro S\u00e3o Jorge."}, {"id": 20756, "ano": 2013, "numero": 344, "tipo__sigla": "IND", "tipo__descricao": "Indica\u00e7\u00e3o/Pedido de Provid\u00eancias", "autoria__autor__nome": "Gerson Peteffi", "texto_original": "https://sapl.camaranh.rs.gov.br/media/sapl/public/materialegislativa/2013/20756/20756_texto_integral.odt", "ementa": "Solicita constru\u00e7\u00e3o de passarela (ponte para pedestres) sob o Arroio Luiz Rau, ligando as Ruas Otto Kopschina e Tupiniquins, Bairro Ideal."}, {"id": 20757, "ano": 2013, "numero": 345, "tipo__sigla": "IND", "tipo__descricao": "Indica\u00e7\u00e3o/Pedido de Provid\u00eancias", "autoria__autor__nome": "Inspetor Luz", "texto_original": "https://sapl.camaranh.rs.gov.br/media/sapl/public/materialegislativa/2013/20757/20757_texto_integral.odt", "ementa": "Solicita capina e limpeza junto ao meio-fio em toda extens\u00e3o da Rua Visconde de Taunay, Bairro Rio Branco."}, {"id": 20759, "ano": 2013, "numero": 346, "tipo__sigla": "IND", "tipo__descricao": "Indica\u00e7\u00e3o/Pedido de Provid\u00eancias", "autoria__autor__nome": "Inspetor Luz", "texto_original": "https://sapl.camaranh.rs.gov.br/media/sapl/public/materialegislativa/2013/20759/20759_texto_integral.odt", "ementa": "Solicita capina e limpeza junto ao meio-fio em toda extens\u00e3o da Rua Quintino Bocaiuva,  Bairro Centro."}, {"id": 20760, "ano": 2013, "numero": 347, "tipo__sigla": "IND", "tipo__descricao": "Indica\u00e7\u00e3o/Pedido de Provid\u00eancias", "autoria__autor__nome": "Inspetor Luz", "texto_original": "https://sapl.camaranh.rs.gov.br/media/sapl/public/materialegislativa/2013/20760/20760_texto_integral.odt", "ementa": "Solicita melhorias na rede de ilumina\u00e7\u00e3o p\u00fablica da Rua Man\u00e1gua, Bairro Santo Afonso."}, {"id": 20761, "ano": 2013, "numero": 348, "tipo__sigla": "IND", "tipo__descricao": "Indica\u00e7\u00e3o/Pedido de Provid\u00eancias", "autoria__autor__nome": "Inspetor Luz", "texto_original": "https://sapl.camaranh.rs.gov.br/media/sapl/public/materialegislativa/2013/20761/20761_texto_integral.odt", "ementa": "Solicita intima\u00e7\u00e3o do propriet\u00e1rio para que proceda \u00e0 limpeza do terreno localizado ao lado do n\u00ba 51 da Rua Santa Vit\u00f3ria do Palmar no Bairro Mau\u00e1."}, {"id": 20762, "ano": 2013, "numero": 349, "tipo__sigla": "IND", "tipo__descricao": "Indica\u00e7\u00e3o/Pedido de Provid\u00eancias", "autoria__autor__nome": "Sergio Hanich", "texto_original": "https://sapl.camaranh.rs.gov.br/media/sapl/public/materialegislativa/2013/20762/20762_texto_integral.odt", "ementa": "Solicita capina e limpeza do passeio p\u00fablico da Rua Tr\u00eas de Outubro, trecho entre a Av. Pedro Adams Filho e a Rua Bento Gon\u00e7alves, Bairro P\u00e1tria Nova."}, {"id": 20763, "ano": 2013, "numero": 350, "tipo__sigla": "IND", "tipo__descricao": "Indica\u00e7\u00e3o/Pedido de Provid\u00eancias", "autoria__autor__nome": "Inspetor Luz", "texto_original": "https://sapl.camaranh.rs.gov.br/media/sapl/public/materialegislativa/2013/20763/20763_texto_integral.odt", "ementa": "Solicita asfaltamento da Rua Arapu\u00e3, Bairro Mau\u00e1."}, {"id": 20764, "ano": 2013, "numero": 351, "tipo__sigla": "IND", "tipo__descricao": "Indica\u00e7\u00e3o/Pedido de Provid\u00eancias", "autoria__autor__nome": "Sergio Hanich", "texto_original": "https://sapl.camaranh.rs.gov.br/media/sapl/public/materialegislativa/2013/20764/20764_texto_integral.odt", "ementa": "Solicita conserto de infiltra\u00e7\u00e3o no passeio p\u00fablico da Rua Gomes Portinho, em frente ao n\u00ba 1215, Bairro Jardim Mau\u00e1."}, {"id": 20765, "ano": 2013, "numero": 352, "tipo__sigla": "IND", "tipo__descricao": "Indica\u00e7\u00e3o/Pedido de Provid\u00eancias", "autoria__autor__nome": "Inspetor Luz", "texto_original": "https://sapl.camaranh.rs.gov.br/media/sapl/public/materialegislativa/2013/20765/20765_texto_integral.odt", "ementa": "Solicita recomposi\u00e7\u00e3o asf\u00e1ltica em toda extens\u00e3o da Rua Santos Pedroso, Bairro Centro."}, {"id": 20766, "ano": 2013, "numero": 353, "tipo__sigla": "IND", "tipo__descricao": "Indica\u00e7\u00e3o/Pedido de Provid\u00eancias", "autoria__autor__nome": "Sergio Hanich", "texto_original": "https://sapl.camaranh.rs.gov.br/media/sapl/public/materialegislativa/2013/20766/20766_texto_integral.odt", "ementa": "Requer Voto de Pesar pelo falecimento do  Senhor Carlos Barromeu de S\u00e1."}, {"id": 20767, "ano": 2013, "numero": 354, "tipo__sigla": "IND", "tipo__descricao": "Indica\u00e7\u00e3o/Pedido de Provid\u00eancias", "autoria__autor__nome": "Inspetor Luz", "texto_original": "https://sapl.camaranh.rs.gov.br/media/sapl/public/materialegislativa/2013/20767/20767_texto_integral.odt", "ementa": "Requer que seja convidada a Sra. Andreia Schneider para participar da Sess\u00e3o Ordin\u00e1ria de 16 de maio de 2013, a fim de falar sobre a descriminaliza\u00e7\u00e3o das drogas e as altera\u00e7\u00f5es no C\u00f3digo Penal."}, {"id": 20769, "ano": 2013, "numero": 355, "tipo__sigla": "IND", "tipo__descricao": "Indica\u00e7\u00e3o/Pedido de Provid\u00eancias", "autoria__autor__nome": "Professor Issur Koch", "texto_original": "https://sapl.camaranh.rs.gov.br/media/sapl/public/materialegislativa/2013/20769/20769_texto_integral.odt", "ementa": "Solicita a repintura da faixa de pedestres na Rua Bartolomeu de Gusm\u00e3o, em frente ao n\u00famero 303, Bairro Canudos."}, {"id": 20770, "ano": 2013, "numero": 356, "tipo__sigla": "IND", "tipo__descricao": "Indica\u00e7\u00e3o/Pedido de Provid\u00eancias", "autoria__autor__nome": "Inspetor Luz", "texto_original": "https://sapl.camaranh.rs.gov.br/media/sapl/public/materialegislativa/2013/20770/20770_texto_integral.odt", "ementa": "Solicita limpeza e revitaliza\u00e7\u00e3o da pra\u00e7a p\u00fablica situada entre as Ruas Conde de Figueira e San Marina, no Bairro Oper\u00e1rio."}, {"id": 20775, "ano": 2013, "numero": 357, "tipo__sigla": "IND", "tipo__descricao": "Indica\u00e7\u00e3o/Pedido de Provid\u00eancias", "autoria__autor__nome": "JorgeTatsch", "texto_original": "https://sapl.camaranh.rs.gov.br/media/sapl/public/materialegislativa/2013/20775/20775_texto_integral.odt", "ementa": "Solicita com URG\u00caNCIA a intima\u00e7\u00e3o do propriet\u00e1rio para que proceda \u00e0 limpeza do terreno localizado ao lado do n\u00ba 772 da rua Hugo Hermi Feltes, Bairro Santo Afonso."}, {"id": 20777, "ano": 2013, "numero": 358, "tipo__sigla": "IND", "tipo__descricao": "Indica\u00e7\u00e3o/Pedido de Provid\u00eancias", "autoria__autor__nome": "JorgeTatsch", "texto_original": "https://sapl.camaranh.rs.gov.br/media/sapl/public/materialegislativa/2013/20777/20777_texto_integral.odt", "ementa": "Solicita instala\u00e7\u00e3o de redutor de velocidade (quebra-molas) em frente ao Centro Social Madre Regina na Av. Pedro Adams Filho,  Bairro Santo Afonso."}, {"id": 20778, "ano": 2013, "numero": 359, "tipo__sigla": "IND", "tipo__descricao": "Indica\u00e7\u00e3o/Pedido de Provid\u00eancias", "autoria__autor__nome": "JorgeTatsch", "texto_original": "https://sapl.camaranh.rs.gov.br/media/sapl/public/materialegislativa/2013/20778/20778_texto_integral.odt", "ementa": "Solicita autoriza\u00e7\u00e3o para a poda de \u00e1rvore na Rua Igua\u00e7u, n\u00ba 206, Bairro Santo Afonso."}, {"id": 20780, "ano": 2013, "numero": 360, "tipo__sigla": "IND", "tipo__descricao": "Indica\u00e7\u00e3o/Pedido de Provid\u00eancias", "autoria__autor__nome": "JorgeTatsch", "texto_original": "https://sapl.camaranh.rs.gov.br/media/sapl/public/materialegislativa/2013/20780/20780_texto_integral.odt", "ementa": "Solicita conserto de infiltra\u00e7\u00e3o no passeio p\u00fablico da Rua Flamengo, em frente ao n\u00ba 407, Bairro Santo Afonso."}, {"id": 20781, "ano": 2013, "numero": 361, "tipo__sigla": "IND", "tipo__descricao": "Indica\u00e7\u00e3o/Pedido de Provid\u00eancias", "autoria__autor__nome": "JorgeTatsch", "texto_original": "https://sapl.camaranh.rs.gov.br/media/sapl/public/materialegislativa/2013/20781/20781_texto_integral.odt", "ementa": "Solicita autoriza\u00e7\u00e3o para poda de \u00e1rvore na Rua Flamengo, n\u00ba 407, Bairro Santo Afonso."}, {"id": 20782, "ano": 2013, "numero": 362, "tipo__sigla": "IND", "tipo__descricao": "Indica\u00e7\u00e3o/Pedido de Provid\u00eancias", "autoria__autor__nome": "Cristiano Coller", "texto_original": "https://sapl.camaranh.rs.gov.br/media/sapl/public/materialegislativa/2013/20782/20782_texto_integral.odt", "ementa": "Solicita a coloca\u00e7\u00e3o de toldo em frente a Farm\u00e1cia Comunit\u00e1ria, na Av. Primeiro de Mar\u00e7o, n\u00ba 277, Bairro centro."}, {"id": 20783, "ano": 2013, "numero": 363, "tipo__sigla": "IND", "tipo__descricao": "Indica\u00e7\u00e3o/Pedido de Provid\u00eancias", "autoria__autor__nome": "Inspetor Luz", "texto_original": "https://sapl.camaranh.rs.gov.br/media/sapl/public/materialegislativa/2013/20783/20783_texto_integral.odt", "ementa": "Solicita capina e limpeza junto ao meio-fio em toda a extens\u00e3o da Rua S\u00e3o Fernando, Bairro Oper\u00e1rio."}, {"id": 20784, "ano": 2013, "numero": 364, "tipo__sigla": "IND", "tipo__descricao": "Indica\u00e7\u00e3o/Pedido de Provid\u00eancias", "autoria__autor__nome": "JorgeTatsch", "texto_original": "https://sapl.camaranh.rs.gov.br/media/sapl/public/materialegislativa/2013/20784/20784_texto_integral.odt", "ementa": "Solicita revis\u00e3o da rede de energia el\u00e9trica e dos postes que apresentam-se podres e os fios baixos na Rua Seis, esquina com a Rua Presidente Neves, no Bairro Santo Afonso."}, {"id": 20785, "ano": 2013, "numero": 365, "tipo__sigla": "IND", "tipo__descricao": "Indica\u00e7\u00e3o/Pedido de Provid\u00eancias", "autoria__autor__nome": "Raul Cassel", "texto_original": "https://sapl.camaranh.rs.gov.br/media/sapl/public/materialegislativa/2013/20785/20785_texto_integral.odt", "ementa": "Reitera a Indica\u00e7\u00e3o n\u00ba 2.578/2011, que sugere a cria\u00e7\u00e3o de ruas destinadas ao lazer da comunidade em v\u00e1rios pontos da cidade."}, {"id": 20786, "ano": 2013, "numero": 366, "tipo__sigla": "IND", "tipo__descricao": "Indica\u00e7\u00e3o/Pedido de Provid\u00eancias", "autoria__autor__nome": "Cristiano Coller", "texto_original": "https://sapl.camaranh.rs.gov.br/media/sapl/public/materialegislativa/2013/20786/20786_texto_integral.odt", "ementa": "Solicita a pavimenta\u00e7\u00e3o  asf\u00e1ltica na Rua  Eduardo da Silva Prado, no Bairro Canudos."}, {"id": 20787, "ano": 2013, "numero": 367, "tipo__sigla": "IND", "tipo__descricao": "Indica\u00e7\u00e3o/Pedido de Provid\u00eancias", "autoria__autor__nome": "Cristiano Coller", "texto_original": "https://sapl.camaranh.rs.gov.br/media/sapl/public/materialegislativa/2013/20787/20787_texto_integral.odt", "ementa": "Solicita desassoreamento de parte do Arroio Luiz Rau, na Rua pinheiro Machado, ao lado do n\u00ba 338 esquina Av. Na\u00e7\u00f5es Unidas, no Bairro Industrial."}, {"id": 20788, "ano": 2013, "numero": 368, "tipo__sigla": "IND", "tipo__descricao": "Indica\u00e7\u00e3o/Pedido de Provid\u00eancias", "autoria__autor__nome": "Patr\u00edcia Beck", "texto_original": "https://sapl.camaranh.rs.gov.br/media/sapl/public/materialegislativa/2013/20788/20788_texto_integral.odt", "ementa": "Solicita estudo de viabilidade para a constru\u00e7\u00e3o de uma r\u00f3tula na Rua Coronel Travassos, esquina com a Rua Dr. Karl Wilhelm Schinke, Bairro Rond\u00f4nia."}, {"id": 20789, "ano": 2013, "numero": 369, "tipo__sigla": "IND", "tipo__descricao": "Indica\u00e7\u00e3o/Pedido de Provid\u00eancias", "autoria__autor__nome": "Patr\u00edcia Beck", "texto_original": "https://sapl.camaranh.rs.gov.br/media/sapl/public/materialegislativa/2013/20789/20789_texto_integral.odt", "ementa": "Solicita coloca\u00e7\u00e3o de sinaleira para pedestres na Rua \u00cdcaro, esquina com a Rua Istambul, Bairro Canudos."}, {"id": 20790, "ano": 2013, "numero": 370, "tipo__sigla": "IND", "tipo__descricao": "Indica\u00e7\u00e3o/Pedido de Provid\u00eancias", "autoria__autor__nome": "Patr\u00edcia Beck", "texto_original": "https://sapl.camaranh.rs.gov.br/media/sapl/public/materialegislativa/2013/20790/20790_texto_integral.odt", "ementa": "Solicita coloca\u00e7\u00e3o de uma lixeira comunit\u00e1ria junto \u00e0 Rua Alc\u00e2ntara, em frente ao n\u00famero 381, Bairro Canudos."}, {"id": 20791, "ano": 2013, "numero": 371, "tipo__sigla": "IND", "tipo__descricao": "Indica\u00e7\u00e3o/Pedido de Provid\u00eancias", "autoria__autor__nome": "Patr\u00edcia Beck", "texto_original": "https://sapl.camaranh.rs.gov.br/media/sapl/public/materialegislativa/2013/20791/20791_texto_integral.odt", "ementa": "Solicita com urg\u00eancia revis\u00e3o e fechamento do asfalto danificado por eros\u00e3o proveniente do esgoto pluvial, na Av. Montevideo, em frente \u00e0 Escola Municipal Harry Hoth, Bairro Santo Afonso."}, {"id": 20792, "ano": 2013, "numero": 372, "tipo__sigla": "IND", "tipo__descricao": "Indica\u00e7\u00e3o/Pedido de Provid\u00eancias", "autoria__autor__nome": "Patr\u00edcia Beck", "texto_original": "https://sapl.camaranh.rs.gov.br/media/sapl/public/materialegislativa/2013/20792/20792_texto_integral.odt", "ementa": "Solicita revitaliza\u00e7\u00e3o da faixa de pedestres, localizada na Av. Victor Hugo Kunz, em frente ao n\u00famero 1.840, Bairro Canudos."}, {"id": 20793, "ano": 2013, "numero": 373, "tipo__sigla": "IND", "tipo__descricao": "Indica\u00e7\u00e3o/Pedido de Provid\u00eancias", "autoria__autor__nome": "Patr\u00edcia Beck", "texto_original": "https://sapl.camaranh.rs.gov.br/media/sapl/public/materialegislativa/2013/20793/20793_texto_integral.odt", "ementa": "Solicita coloca\u00e7\u00e3o de quebra-molas na Rua Am\u00e9rica, em frente ao n\u00famero 1008, Bairro Canudos."}, {"id": 20794, "ano": 2013, "numero": 374, "tipo__sigla": "IND", "tipo__descricao": "Indica\u00e7\u00e3o/Pedido de Provid\u00eancias", "autoria__autor__nome": "Patr\u00edcia Beck", "texto_original": "https://sapl.camaranh.rs.gov.br/media/sapl/public/materialegislativa/2013/20794/20794_texto_integral.odt", "ementa": "Solicita intima\u00e7\u00e3o ao propriet\u00e1rio para que fa\u00e7a limpeza e capina do terreno situado na Rua Carlos Scheffel, ao lado do n\u00famero 70, Bairro Canudos."}, {"id": 20795, "ano": 2013, "numero": 375, "tipo__sigla": "IND", "tipo__descricao": "Indica\u00e7\u00e3o/Pedido de Provid\u00eancias", "autoria__autor__nome": "Patr\u00edcia Beck", "texto_original": "https://sapl.camaranh.rs.gov.br/media/sapl/public/materialegislativa/2013/20795/20795_texto_integral.odt", "ementa": "Solicita recolhimento de lixo localizado na Avenida  Alc\u00e2ntara, em frente ao n\u00famero 718, Bairro S\u00e3o Jorge. "}, {"id": 20796, "ano": 2013, "numero": 376, "tipo__sigla": "IND", "tipo__descricao": "Indica\u00e7\u00e3o/Pedido de Provid\u00eancias", "autoria__autor__nome": "Inspetor Luz", "texto_original": "https://sapl.camaranh.rs.gov.br/media/sapl/public/materialegislativa/2013/20796/20796_texto_integral.odt", "ementa": "Solicita capina e limpeza junto ao meio-fio em toda extens\u00e3o da Rua Felipe Bernd, Bairro Rio Branco."}, {"id": 20798, "ano": 2013, "numero": 377, "tipo__sigla": "IND", "tipo__descricao": "Indica\u00e7\u00e3o/Pedido de Provid\u00eancias", "autoria__autor__nome": "Inspetor Luz", "texto_original": "https://sapl.camaranh.rs.gov.br/media/sapl/public/materialegislativa/2013/20798/20798_texto_integral.odt", "ementa": "Solicita melhorias na rede de ilumina\u00e7\u00e3o p\u00fablica da Rua Carlos Afonso Baunger, Bairro Santo Afonso."}, {"id": 20799, "ano": 2013, "numero": 378, "tipo__sigla": "IND", "tipo__descricao": "Indica\u00e7\u00e3o/Pedido de Provid\u00eancias", "autoria__autor__nome": "JorgeTatsch", "texto_original": "https://sapl.camaranh.rs.gov.br/media/sapl/public/materialegislativa/2013/20799/20799_texto_integral.odt", "ementa": "Solicita poda de \u00e1rvore localizada na Rua Buenos Aires, em frente ao n\u00famero 793, no Bairro Santo Afonso."}, {"id": 20800, "ano": 2013, "numero": 379, "tipo__sigla": "IND", "tipo__descricao": "Indica\u00e7\u00e3o/Pedido de Provid\u00eancias", "autoria__autor__nome": "JorgeTatsch", "texto_original": "https://sapl.camaranh.rs.gov.br/media/sapl/public/materialegislativa/2013/20800/20800_texto_integral.odt", "ementa": "Solicita algumas cargas de areia no campo de areia localizado ao fim da Rua Oito na Vila Palmeira, Bairro Santo Afonso."}, {"id": 20802, "ano": 2013, "numero": 380, "tipo__sigla": "IND", "tipo__descricao": "Indica\u00e7\u00e3o/Pedido de Provid\u00eancias", "autoria__autor__nome": "Roger Corr\u00eaa", "texto_original": "https://sapl.camaranh.rs.gov.br/media/sapl/public/materialegislativa/2013/20802/20802_texto_integral.odt", "ementa": "Sugere ao Poder P\u00fablico Municipal que apresente projeto de lei que destine 100% da verba da explora\u00e7\u00e3o e extra\u00e7\u00e3o do petr\u00f3leo pertencente ao munic\u00edpio de Novo Hamburgo para a educa\u00e7\u00e3o."}, {"id": 20803, "ano": 2013, "numero": 381, "tipo__sigla": "IND", "tipo__descricao": "Indica\u00e7\u00e3o/Pedido de Provid\u00eancias", "autoria__autor__nome": "Roger Corr\u00eaa", "texto_original": "https://sapl.camaranh.rs.gov.br/media/sapl/public/materialegislativa/2013/20803/20803_texto_integral.odt", "ementa": "Solicita ao Poder P\u00fablico Municipal que apresente projeto de emenda \u00e0 Lei 2221/2010, implantando itiner\u00e1rios no hor\u00e1rio noturno no  munic\u00edpio de Novo Hamburgo."}, {"id": 20806, "ano": 2013, "numero": 382, "tipo__sigla": "IND", "tipo__descricao": "Indica\u00e7\u00e3o/Pedido de Provid\u00eancias", "autoria__autor__nome": "Sergio Hanich", "texto_original": "https://sapl.camaranh.rs.gov.br/media/sapl/public/materialegislativa/2013/20806/20806_texto_integral.odt", "ementa": "Solicita coloca\u00e7\u00e3o de meio fio BL na boca-de-lobo da Av. Cel. Travassos, localizada no trecho entre o n\u00ba 250 e a Rua Onofre Pires, Bairro Ouro Branco."}, {"id": 20809, "ano": 2013, "numero": 383, "tipo__sigla": "IND", "tipo__descricao": "Indica\u00e7\u00e3o/Pedido de Provid\u00eancias", "autoria__autor__nome": "Patr\u00edcia Beck", "texto_original": "https://sapl.camaranh.rs.gov.br/media/sapl/public/materialegislativa/2013/20809/20809_texto_integral.odt", "ementa": "Solicita poda de \u00e1rvore na Rua Araci Martins esquina com a Rua Pedro Am\u00e9rico, Bairro S\u00e3o Jorge."}, {"id": 20808, "ano": 2013, "numero": 384, "tipo__sigla": "IND", "tipo__descricao": "Indica\u00e7\u00e3o/Pedido de Provid\u00eancias", "autoria__autor__nome": "Sergio Hanich", "texto_original": "https://sapl.camaranh.rs.gov.br/media/sapl/public/materialegislativa/2013/20808/20808_texto_integral.odt", "ementa": "Solicita revitaliza\u00e7\u00e3o da sinaliza\u00e7\u00e3o de tr\u00e2nsito da Av. Cel. Travassos, nas proximidades do n\u00ba 897, Bairro Rond\u00f4nia."}, {"id": 20810, "ano": 2013, "numero": 385, "tipo__sigla": "IND", "tipo__descricao": "Indica\u00e7\u00e3o/Pedido de Provid\u00eancias", "autoria__autor__nome": "Patr\u00edcia Beck", "texto_original": "https://sapl.camaranh.rs.gov.br/media/sapl/public/materialegislativa/2013/20810/20810_texto_integral.odt", "ementa": "Solicita poda de \u00e1rvore na Rua Ver. Carlos Emilio Kolling, esquina com a Rua Pedro Am\u00e9rico, Bairro S\u00e3o Jorge."}, {"id": 20811, "ano": 2013, "numero": 386, "tipo__sigla": "IND", "tipo__descricao": "Indica\u00e7\u00e3o/Pedido de Provid\u00eancias", "autoria__autor__nome": "Patr\u00edcia Beck", "texto_original": "https://sapl.camaranh.rs.gov.br/media/sapl/public/materialegislativa/2013/20811/20811_texto_integral.odt", "ementa": "Solicita a pintura de redutor de velocidade \"Pare\", na Rua Pedro Jos\u00e9 Treis, esquina com a Rua Pedro Am\u00e9rico, no Bairro S\u00e3o Jorge.\r\n"}, {"id": 20812, "ano": 2013, "numero": 387, "tipo__sigla": "IND", "tipo__descricao": "Indica\u00e7\u00e3o/Pedido de Provid\u00eancias", "autoria__autor__nome": "Patr\u00edcia Beck", "texto_original": "https://sapl.camaranh.rs.gov.br/media/", "ementa": "Solicita pintura de redutor de velocidade (Pare),  na Rua Pedro Jos\u00e9 Treis, esquina com a Rua Pedro Am\u00e9rico, no Bairro S\u00e3o Jorge. - ANULADA POR DUPLICIDADE (MESMO CONTE\u00daDO DO PEDIDO DE PROVID\u00caNCIAS N\u00ba 386/2013)"}, {"id": 20814, "ano": 2013, "numero": 388, "tipo__sigla": "IND", "tipo__descricao": "Indica\u00e7\u00e3o/Pedido de Provid\u00eancias", "autoria__autor__nome": "Patr\u00edcia Beck", "texto_original": "https://sapl.camaranh.rs.gov.br/media/sapl/public/materialegislativa/2013/20814/20814_texto_integral.odt", "ementa": "Solicita poda de \u00e1rvore na Rua Pedro Jos\u00e9 Treis, esquina com a Rua Pedro Am\u00e9rico, Bairro S\u00e3o Jorge."}, {"id": 20816, "ano": 2013, "numero": 389, "tipo__sigla": "IND", "tipo__descricao": "Indica\u00e7\u00e3o/Pedido de Provid\u00eancias", "autoria__autor__nome": "Patr\u00edcia Beck", "texto_original": "https://sapl.camaranh.rs.gov.br/media/sapl/public/materialegislativa/2013/20816/20816_texto_integral.odt", "ementa": "Solicita poda de \u00e1rvore na Rua Jorge Ondere, esquina com a Rua Pedro Am\u00e9rico, Bairro S\u00e3o Jorge."}, {"id": 20818, "ano": 2013, "numero": 390, "tipo__sigla": "IND", "tipo__descricao": "Indica\u00e7\u00e3o/Pedido de Provid\u00eancias", "autoria__autor__nome": "Patr\u00edcia Beck", "texto_original": "https://sapl.camaranh.rs.gov.br/media/sapl/public/materialegislativa/2013/20818/20818_texto_integral.odt", "ementa": "Solicita pintura de redutor de velocidade (Pare), na Rua Jorge Ondere, esquina com a Rua Pedro Am\u00e9rico, no Bairro S\u00e3o Jorge."}, {"id": 20819, "ano": 2013, "numero": 391, "tipo__sigla": "IND", "tipo__descricao": "Indica\u00e7\u00e3o/Pedido de Provid\u00eancias", "autoria__autor__nome": "Patr\u00edcia Beck", "texto_original": "https://sapl.camaranh.rs.gov.br/media/sapl/public/materialegislativa/2013/20819/20819_texto_integral.odt", "ementa": "Solicita poda de \u00e1rvore na Rua General Vargas, esquina com a Rua Pedro Am\u00e9rico, Bairro S\u00e3o Jorge."}, {"id": 20822, "ano": 2013, "numero": 392, "tipo__sigla": "IND", "tipo__descricao": "Indica\u00e7\u00e3o/Pedido de Provid\u00eancias", "autoria__autor__nome": "Professor Issur Koch", "texto_original": "https://sapl.camaranh.rs.gov.br/media/sapl/public/materialegislativa/2013/20822/20822_texto_integral.odt", "ementa": "Indica a instala\u00e7\u00e3o de ciclofaixas em vias p\u00fablicas do Munic\u00edpio durante os domingos."}, {"id": 20823, "ano": 2013, "numero": 393, "tipo__sigla": "IND", "tipo__descricao": "Indica\u00e7\u00e3o/Pedido de Provid\u00eancias", "autoria__autor__nome": "Raul Cassel", "texto_original": "https://sapl.camaranh.rs.gov.br/media/sapl/public/materialegislativa/2013/20823/20823_texto_integral.odt", "ementa": "Solicita recapeamento asf\u00e1ltico na Rua Paes Leme, no trecho entre as Ruas General Daltro Filho e Ibirub\u00e1, Bairro Vila Nova."}, {"id": 20824, "ano": 2013, "numero": 394, "tipo__sigla": "IND", "tipo__descricao": "Indica\u00e7\u00e3o/Pedido de Provid\u00eancias", "autoria__autor__nome": "Patr\u00edcia Beck", "texto_original": "https://sapl.camaranh.rs.gov.br/media/sapl/public/materialegislativa/2013/20824/20824_texto_integral.odt", "ementa": "Solicita pintura de redutor de velocidade (Pare)  na Rua Vereador Carlos Em\u00edlio Kolling, esquina com a Rua Pedro Am\u00e9rico, no Bairro S\u00e3o Jorge."}, {"id": 20828, "ano": 2013, "numero": 395, "tipo__sigla": "IND", "tipo__descricao": "Indica\u00e7\u00e3o/Pedido de Provid\u00eancias", "autoria__autor__nome": "Patr\u00edcia Beck", "texto_original": "https://sapl.camaranh.rs.gov.br/media/sapl/public/materialegislativa/2013/20828/20828_texto_integral.odt", "ementa": "Solicita poda de \u00e1rvore na Rua Samuel Dietschi, esquina com a Rua Pedro Am\u00e9rico, Bairro S\u00e3o Jorge."}, {"id": 20830, "ano": 2013, "numero": 396, "tipo__sigla": "IND", "tipo__descricao": "Indica\u00e7\u00e3o/Pedido de Provid\u00eancias", "autoria__autor__nome": "Patr\u00edcia Beck", "texto_original": "https://sapl.camaranh.rs.gov.br/media/sapl/public/materialegislativa/2013/20830/20830_texto_integral.odt", "ementa": "Solicita o estudo de viabilidade para a constru\u00e7\u00e3o de uma r\u00f3tula na Rua Oswaldo Aranha, esquina com a Rua Bento Gon\u00e7alves, no Bairro P\u00e1tria Nova."}, {"id": 20831, "ano": 2013, "numero": 397, "tipo__sigla": "IND", "tipo__descricao": "Indica\u00e7\u00e3o/Pedido de Provid\u00eancias", "autoria__autor__nome": "Naasom Luciano", "texto_original": "https://sapl.camaranh.rs.gov.br/media/sapl/public/materialegislativa/2013/20831/20831_texto_integral.odt", "ementa": "Solicita poda de \u00e1rvore em frente \u00e0 Maternal Z\u00e9 Carioca, na Rua Tupi n\u00ba1097, Bairro Centro."}, {"id": 20833, "ano": 2013, "numero": 398, "tipo__sigla": "IND", "tipo__descricao": "Indica\u00e7\u00e3o/Pedido de Provid\u00eancias", "autoria__autor__nome": "Sergio Hanich", "texto_original": "https://sapl.camaranh.rs.gov.br/media/sapl/public/materialegislativa/2013/20833/20833_texto_integral.odt", "ementa": "Solicita recapeamento asf\u00e1ltico em toda extens\u00e3o da Rua Jundia\u00ed, Bairro S\u00e3o Jos\u00e9."}, {"id": 20835, "ano": 2013, "numero": 399, "tipo__sigla": "IND", "tipo__descricao": "Indica\u00e7\u00e3o/Pedido de Provid\u00eancias", "autoria__autor__nome": "Sergio Hanich", "texto_original": "https://sapl.camaranh.rs.gov.br/media/sapl/public/materialegislativa/2013/20835/20835_texto_integral.odt", "ementa": "Solicita desobstru\u00e7\u00e3o da canaliza\u00e7\u00e3o e limpeza da boca-de-lobo da Rua Farroupilha, esquina com a Rua Taquari, Bairro S\u00e3o Jos\u00e9."}, {"id": 20837, "ano": 2013, "numero": 400, "tipo__sigla": "IND", "tipo__descricao": "Indica\u00e7\u00e3o/Pedido de Provid\u00eancias", "autoria__autor__nome": "Professor Issur Koch", "texto_original": "https://sapl.camaranh.rs.gov.br/media/sapl/public/materialegislativa/2013/20837/20837_texto_integral.odt", "ementa": "Solicita estacionamento de sentido \u00fanico na Rua Vereador Darcy Jaime Keller, no Bairro Canudos."}, {"id": 20840, "ano": 2013, "numero": 401, "tipo__sigla": "IND", "tipo__descricao": "Indica\u00e7\u00e3o/Pedido de Provid\u00eancias", "autoria__autor__nome": "JorgeTatsch", "texto_original": "https://sapl.camaranh.rs.gov.br/media/sapl/public/materialegislativa/2013/20840/20840_texto_integral.odt", "ementa": "Solicita  melhorias na sinaliza\u00e7\u00e3o de tr\u00e2nsito e pintura de faixa de seguran\u00e7a nas entradas do Bourbon Shopping, localizado na Av. Na\u00e7\u00f5es Unidas, 2001 no Bairro Centro."}, {"id": 20848, "ano": 2013, "numero": 402, "tipo__sigla": "IND", "tipo__descricao": "Indica\u00e7\u00e3o/Pedido de Provid\u00eancias", "autoria__autor__nome": "Naasom Luciano", "texto_original": "https://sapl.camaranh.rs.gov.br/media/sapl/public/materialegislativa/2013/20848/20848_texto_integral.odt", "ementa": "Solicita poda de \u00e1rvore na Rua Alicia M\u00fcller, Bairro Canudos."}, {"id": 20849, "ano": 2013, "numero": 403, "tipo__sigla": "IND", "tipo__descricao": "Indica\u00e7\u00e3o/Pedido de Provid\u00eancias", "autoria__autor__nome": "Naasom Luciano", "texto_original": "https://sapl.camaranh.rs.gov.br/media/sapl/public/materialegislativa/2013/20849/20849_texto_integral.odt", "ementa": "Solicita a troca da tampa de bueiro na Rua Osvaldo Cruz, Bairro Primavera."}, {"id": 20850, "ano": 2013, "numero": 404, "tipo__sigla": "IND", "tipo__descricao": "Indica\u00e7\u00e3o/Pedido de Provid\u00eancias", "autoria__autor__nome": "Enfermeiro Vilmar", "texto_original": "https://sapl.camaranh.rs.gov.br/media/sapl/public/materialegislativa/2013/20850/20850_texto_integral.odt", "ementa": "Solicita coloca\u00e7\u00e3o de redutores de velocidade na Rua \u00cdcaro, esquina com a Rua Tirol, no Bairro Canudos. "}, {"id": 20851, "ano": 2013, "numero": 405, "tipo__sigla": "IND", "tipo__descricao": "Indica\u00e7\u00e3o/Pedido de Provid\u00eancias", "autoria__autor__nome": "Enfermeiro Vilmar", "texto_original": "https://sapl.camaranh.rs.gov.br/media/sapl/public/materialegislativa/2013/20851/20851_texto_integral.odt", "ementa": "Solicita coloca\u00e7\u00e3o de redutores de velocidade na Rua Augusto Jung, esquina com a Rua Jo\u00e3o Ant\u00f4nio da Silveira, Bairro Centro."}, {"id": 20853, "ano": 2013, "numero": 406, "tipo__sigla": "IND", "tipo__descricao": "Indica\u00e7\u00e3o/Pedido de Provid\u00eancias", "autoria__autor__nome": "Enfermeiro Vilmar", "texto_original": "https://sapl.camaranh.rs.gov.br/media/sapl/public/materialegislativa/2013/20853/20853_texto_integral.odt", "ementa": "Solicita coloca\u00e7\u00e3o de redutores de velocidade na Rua S\u00edlvio Gilberto Christmann, n\u00ba 2054, Bairro Canudos. "}, {"id": 20854, "ano": 2013, "numero": 407, "tipo__sigla": "IND", "tipo__descricao": "Indica\u00e7\u00e3o/Pedido de Provid\u00eancias", "autoria__autor__nome": "Enfermeiro Vilmar", "texto_original": "https://sapl.camaranh.rs.gov.br/media/sapl/public/materialegislativa/2013/20854/20854_texto_integral.odt", "ementa": "Solicita recolhimento de lixo e galhos na Av. Na\u00e7\u00f5es Unidas, esquina com as Ruas Crist\u00f3v\u00e3o Colombo e Borges de Medeiros."}, {"id": 20855, "ano": 2013, "numero": 408, "tipo__sigla": "IND", "tipo__descricao": "Indica\u00e7\u00e3o/Pedido de Provid\u00eancias", "autoria__autor__nome": "Sergio Hanich", "texto_original": "https://sapl.camaranh.rs.gov.br/media/sapl/public/materialegislativa/2013/20855/20855_texto_integral.odt", "ementa": "Solicita coloca\u00e7\u00e3o de placa nominativa na Rua Joaquim Oliveira, esquina com a Rua C\u00e2ndido Portinari, Bairro Canudos."}, {"id": 20860, "ano": 2013, "numero": 409, "tipo__sigla": "IND", "tipo__descricao": "Indica\u00e7\u00e3o/Pedido de Provid\u00eancias", "autoria__autor__nome": "Patr\u00edcia Beck", "texto_original": "https://sapl.camaranh.rs.gov.br/media/sapl/public/materialegislativa/2013/20860/20860_texto_integral.odt", "ementa": "Solicita coloca\u00e7\u00e3o de quebra-molas na Rua Val Para\u00edso, esquina com a Av. Montevideo, em frente \u00e0 Escola Municipal Harry Hoth, no Bairro Santo Afonso."}, {"id": 20861, "ano": 2013, "numero": 410, "tipo__sigla": "IND", "tipo__descricao": "Indica\u00e7\u00e3o/Pedido de Provid\u00eancias", "autoria__autor__nome": "Inspetor Luz", "texto_original": "https://sapl.camaranh.rs.gov.br/media/sapl/public/materialegislativa/2013/20861/20861_texto_integral.odt", "ementa": "Solicita capina e limpeza junto ao meio-fio em toda a extens\u00e3o da Rua Rio Madeiras, Bairro Liberdade."}, {"id": 20862, "ano": 2013, "numero": 411, "tipo__sigla": "IND", "tipo__descricao": "Indica\u00e7\u00e3o/Pedido de Provid\u00eancias", "autoria__autor__nome": "Patr\u00edcia Beck", "texto_original": "https://sapl.camaranh.rs.gov.br/media/sapl/public/materialegislativa/2013/20862/20862_texto_integral.odt", "ementa": "Solicita poda de \u00e1rvores em toda a extens\u00e3o da Rua Feliz, no Bairro Canudos."}, {"id": 20863, "ano": 2013, "numero": 412, "tipo__sigla": "IND", "tipo__descricao": "Indica\u00e7\u00e3o/Pedido de Provid\u00eancias", "autoria__autor__nome": "Inspetor Luz", "texto_original": "https://sapl.camaranh.rs.gov.br/media/sapl/public/materialegislativa/2013/20863/20863_texto_integral.odt", "ementa": "Solicita capina e limpeza junto ao meio-fio em toda a extens\u00e3o da Rua Paquet\u00e1, Bairro Ouro Branco."}, {"id": 20864, "ano": 2013, "numero": 413, "tipo__sigla": "IND", "tipo__descricao": "Indica\u00e7\u00e3o/Pedido de Provid\u00eancias", "autoria__autor__nome": "Inspetor Luz", "texto_original": "https://sapl.camaranh.rs.gov.br/media/sapl/public/materialegislativa/2013/20864/20864_texto_integral.odt", "ementa": "Solicita capina e limpeza junto ao meio-fio em toda a extens\u00e3o da Rua Rio Amazonas, Bairro Liberdade."}, {"id": 20865, "ano": 2013, "numero": 414, "tipo__sigla": "IND", "tipo__descricao": "Indica\u00e7\u00e3o/Pedido de Provid\u00eancias", "autoria__autor__nome": "Patr\u00edcia Beck", "texto_original": "https://sapl.camaranh.rs.gov.br/media/sapl/public/materialegislativa/2013/20865/20865_texto_integral.odt", "ementa": "Solicita coloca\u00e7\u00e3o de britas na Rua Boa F\u00e9 Dois, em toda a sua extens\u00e3o, no Bairro Santo Afonso."}, {"id": 20866, "ano": 2013, "numero": 415, "tipo__sigla": "IND", "tipo__descricao": "Indica\u00e7\u00e3o/Pedido de Provid\u00eancias", "autoria__autor__nome": "Cristiano Coller", "texto_original": "https://sapl.camaranh.rs.gov.br/media/sapl/public/materialegislativa/2013/20866/20866_texto_integral.odt", "ementa": "Solicita ro\u00e7ada e limpeza na \u00e1rea da Prefeitura Municipal de Novo Hamburgo na Rua Pl\u00ednio Ign\u00e1cio Kieling, esquina com a Rua C\u00f4nego Pedro Affonso  Flach, Bairro Canudos."}, {"id": 20867, "ano": 2013, "numero": 416, "tipo__sigla": "IND", "tipo__descricao": "Indica\u00e7\u00e3o/Pedido de Provid\u00eancias", "autoria__autor__nome": "Cristiano Coller", "texto_original": "https://sapl.camaranh.rs.gov.br/media/sapl/public/materialegislativa/2013/20867/20867_texto_integral.odt", "ementa": "Solicita canaliza\u00e7\u00e3o de esgoto (valo), na Rua Pl\u00ednio Ign\u00e1cio Kielling, entre as Ruas Albino Momberger e Seno Ant\u00f4nio Schokal, Bairro Canudos."}, {"id": 20868, "ano": 2013, "numero": 417, "tipo__sigla": "IND", "tipo__descricao": "Indica\u00e7\u00e3o/Pedido de Provid\u00eancias", "autoria__autor__nome": "Patr\u00edcia Beck", "texto_original": "https://sapl.camaranh.rs.gov.br/media/sapl/public/materialegislativa/2013/20868/20868_texto_integral.odt", "ementa": "Solicita a recoloca\u00e7\u00e3o dos paralelep\u00edpedos (pavimento articulado) do trecho danificado, na Rua 22 de Outubro, em frente ao n\u00famero 1770, no Bairro Boa Sa\u00fade. "}, {"id": 20869, "ano": 2013, "numero": 418, "tipo__sigla": "IND", "tipo__descricao": "Indica\u00e7\u00e3o/Pedido de Provid\u00eancias", "autoria__autor__nome": "Patr\u00edcia Beck", "texto_original": "https://sapl.camaranh.rs.gov.br/media/sapl/public/materialegislativa/2013/20869/20869_texto_integral.odt", "ementa": "Solicita poda de \u00e1rvore na Rua Pedro \u00c1lvares Cabral, em frente ao n\u00ba 866, na Vila Rosa."}, {"id": 20870, "ano": 2013, "numero": 419, "tipo__sigla": "IND", "tipo__descricao": "Indica\u00e7\u00e3o/Pedido de Provid\u00eancias", "autoria__autor__nome": "Cristiano Coller", "texto_original": "https://sapl.camaranh.rs.gov.br/media/sapl/public/materialegislativa/2013/20870/20870_texto_integral.odt", "ementa": "Solicita limpeza de bocas-de-lobo na Rua Santa Maria, em frente ao n\u00ba 378, no Bairro Ideal."}, {"id": 20871, "ano": 2013, "numero": 420, "tipo__sigla": "IND", "tipo__descricao": "Indica\u00e7\u00e3o/Pedido de Provid\u00eancias", "autoria__autor__nome": "Patr\u00edcia Beck", "texto_original": "https://sapl.camaranh.rs.gov.br/media/sapl/public/materialegislativa/2013/20871/20871_texto_integral.odt", "ementa": "Solicita a troca da tampa de bueiro localizado na Rua Arthur Momberguer, em frente ao n\u00famero 636, na Vila Diehl."}, {"id": 20872, "ano": 2013, "numero": 421, "tipo__sigla": "IND", "tipo__descricao": "Indica\u00e7\u00e3o/Pedido de Provid\u00eancias", "autoria__autor__nome": "Cristiano Coller", "texto_original": "https://sapl.camaranh.rs.gov.br/media/sapl/public/materialegislativa/2013/20872/20872_texto_integral.odt", "ementa": "Solicita revitaliza\u00e7\u00e3o (pintura e ilumina\u00e7\u00e3o) do Monumento na entrada do Munic\u00edpio de Novo Hamburgo, na  BR-116."}, {"id": 20874, "ano": 2013, "numero": 422, "tipo__sigla": "IND", "tipo__descricao": "Indica\u00e7\u00e3o/Pedido de Provid\u00eancias", "autoria__autor__nome": "JorgeTatsch", "texto_original": "https://sapl.camaranh.rs.gov.br/media/sapl/public/materialegislativa/2013/20874/20874_texto_integral.odt", "ementa": "Solicita desentupimento de esgoto na Rua Costa Rica, nas proximidades do n\u00ba 718, Bairro Santo Afonso."}, {"id": 20876, "ano": 2013, "numero": 423, "tipo__sigla": "IND", "tipo__descricao": "Indica\u00e7\u00e3o/Pedido de Provid\u00eancias", "autoria__autor__nome": "JorgeTatsch", "texto_original": "https://sapl.camaranh.rs.gov.br/media/sapl/public/materialegislativa/2013/20876/20876_texto_integral.odt", "ementa": "Solicita a instala\u00e7\u00e3o  de c\u00e2mera de vigil\u00e2ncia na Rua Assunci\u00f3n, esquina com a Av. Primeiro de Mar\u00e7o, no Bairro Santo Afonso."}, {"id": 20877, "ano": 2013, "numero": 424, "tipo__sigla": "IND", "tipo__descricao": "Indica\u00e7\u00e3o/Pedido de Provid\u00eancias", "autoria__autor__nome": "Inspetor Luz", "texto_original": "https://sapl.camaranh.rs.gov.br/media/sapl/public/materialegislativa/2013/20877/20877_texto_integral.odt", "ementa": "Solicita capina e limpeza junto ao meio-fio em toda a extens\u00e3o da Rua da Timba\u00fava, Bairro Liberdade."}, {"id": 20878, "ano": 2013, "numero": 425, "tipo__sigla": "IND", "tipo__descricao": "Indica\u00e7\u00e3o/Pedido de Provid\u00eancias", "autoria__autor__nome": "Cristiano Coller", "texto_original": "https://sapl.camaranh.rs.gov.br/media/sapl/public/materialegislativa/2013/20878/20878_texto_integral.odt", "ementa": "Solicita limpeza e ro\u00e7ada na \u00e1rea da Prefeitura Municipal de Novo Hamburgo, na Rua Horst Drews, esquina com a Rua Oscar Brenner, no Bairro Canudos."}, {"id": 20879, "ano": 2013, "numero": 426, "tipo__sigla": "IND", "tipo__descricao": "Indica\u00e7\u00e3o/Pedido de Provid\u00eancias", "autoria__autor__nome": "Inspetor Luz", "texto_original": "https://sapl.camaranh.rs.gov.br/media/sapl/public/materialegislativa/2013/20879/20879_texto_integral.odt", "ementa": "Solicita opera\u00e7\u00e3o tapa-buracos em toda extens\u00e3o da Rua Bauru, no Bairro Canudos."}, {"id": 20880, "ano": 2013, "numero": 427, "tipo__sigla": "IND", "tipo__descricao": "Indica\u00e7\u00e3o/Pedido de Provid\u00eancias", "autoria__autor__nome": "Inspetor Luz", "texto_original": "https://sapl.camaranh.rs.gov.br/media/sapl/public/materialegislativa/2013/20880/20880_texto_integral.odt", "ementa": "Solicita opera\u00e7\u00e3o tapa-buracos em toda a extens\u00e3o da Rua Rio de Janeiro, no Bairro Ouro Branco."}, {"id": 20881, "ano": 2013, "numero": 428, "tipo__sigla": "IND", "tipo__descricao": "Indica\u00e7\u00e3o/Pedido de Provid\u00eancias", "autoria__autor__nome": "JorgeTatsch", "texto_original": "https://sapl.camaranh.rs.gov.br/media/sapl/public/materialegislativa/2013/20881/20881_texto_integral.odt", "ementa": "Solicita coloca\u00e7\u00e3o de sinaleiras para pedestres nas proximidades da Esta\u00e7\u00e3o Santo Afonso, Bairro Santo Afonso."}, {"id": 20882, "ano": 2013, "numero": 429, "tipo__sigla": "IND", "tipo__descricao": "Indica\u00e7\u00e3o/Pedido de Provid\u00eancias", "autoria__autor__nome": "Inspetor Luz", "texto_original": "https://sapl.camaranh.rs.gov.br/media/sapl/public/materialegislativa/2013/20882/20882_texto_integral.odt", "ementa": "Solicita capina e limpeza junto ao meio-fio em toda extens\u00e3o da Rua Rio S\u00e3o Francisco, no Bairro Liberdade."}, {"id": 20883, "ano": 2013, "numero": 430, "tipo__sigla": "IND", "tipo__descricao": "Indica\u00e7\u00e3o/Pedido de Provid\u00eancias", "autoria__autor__nome": "Cristiano Coller", "texto_original": "https://sapl.camaranh.rs.gov.br/media/sapl/public/materialegislativa/2013/20883/20883_texto_integral.odt", "ementa": "Solicita recapeamento asf\u00e1ltico na extens\u00e3o da Rua Jo\u00e3o Aloysio Allgayer, em dire\u00e7\u00e3o aos Bairros Lomba Grande  e Feitoria."}, {"id": 20884, "ano": 2013, "numero": 431, "tipo__sigla": "IND", "tipo__descricao": "Indica\u00e7\u00e3o/Pedido de Provid\u00eancias", "autoria__autor__nome": "Inspetor Luz", "texto_original": "https://sapl.camaranh.rs.gov.br/media/sapl/public/materialegislativa/2013/20884/20884_texto_integral.odt", "ementa": "Solicita capina e limpeza junto ao meio-fio em toda a extens\u00e3o da Rua Rio Tapaj\u00f3s, Bairro Liberdade."}, {"id": 20885, "ano": 2013, "numero": 432, "tipo__sigla": "IND", "tipo__descricao": "Indica\u00e7\u00e3o/Pedido de Provid\u00eancias", "autoria__autor__nome": "JorgeTatsch", "texto_original": "https://sapl.camaranh.rs.gov.br/media/sapl/public/materialegislativa/2013/20885/20885_texto_integral.odt", "ementa": "Solicita limpeza do passeio p\u00fablico ao longo da Rua Leopoldo Wasum, no Bairro Santo Afonso."}, {"id": 20886, "ano": 2013, "numero": 433, "tipo__sigla": "IND", "tipo__descricao": "Indica\u00e7\u00e3o/Pedido de Provid\u00eancias", "autoria__autor__nome": "Inspetor Luz", "texto_original": "https://sapl.camaranh.rs.gov.br/media/sapl/public/materialegislativa/2013/20886/20886_texto_integral.odt", "ementa": "Solicita capina e limpeza junto ao meio-fio em toda extens\u00e3o da Rua Rio Tocantins, Bairro Liberdade."}, {"id": 20887, "ano": 2013, "numero": 434, "tipo__sigla": "IND", "tipo__descricao": "Indica\u00e7\u00e3o/Pedido de Provid\u00eancias", "autoria__autor__nome": "Cristiano Coller", "texto_original": "https://sapl.camaranh.rs.gov.br/media/sapl/public/materialegislativa/2013/20887/20887_texto_integral.odt", "ementa": "Solicita recapeamento asf\u00e1ltico na extens\u00e3o da Estrada da Integra\u00e7\u00e3o Leopoldo Petry."}, {"id": 20888, "ano": 2013, "numero": 435, "tipo__sigla": "IND", "tipo__descricao": "Indica\u00e7\u00e3o/Pedido de Provid\u00eancias", "autoria__autor__nome": "JorgeTatsch", "texto_original": "https://sapl.camaranh.rs.gov.br/media/sapl/public/materialegislativa/2013/20888/20888_texto_integral.odt", "ementa": "Solicita troca da tampa de bueiro na Rua Ant\u00f4nio Roberto Kroeff, em frente ao n\u00famero 454, Bairro Santo Afonso."}, {"id": 20889, "ano": 2013, "numero": 436, "tipo__sigla": "IND", "tipo__descricao": "Indica\u00e7\u00e3o/Pedido de Provid\u00eancias", "autoria__autor__nome": "JorgeTatsch", "texto_original": "https://sapl.camaranh.rs.gov.br/media/sapl/public/materialegislativa/2013/20889/20889_texto_integral.odt", "ementa": "Solicita  constru\u00e7\u00e3o de redutores de velocidade (quebra-molas) ao longo da Rua Leopoldo Wasum, nas proximidades do n\u00famero 71, no Bairro Santo Afonso."}, {"id": 20893, "ano": 2013, "numero": 437, "tipo__sigla": "IND", "tipo__descricao": "Indica\u00e7\u00e3o/Pedido de Provid\u00eancias", "autoria__autor__nome": "Professor Issur Koch", "texto_original": "https://sapl.camaranh.rs.gov.br/media/sapl/public/materialegislativa/2013/20893/20893_texto_integral.odt", "ementa": "Sugere a instala\u00e7\u00e3o de placas ao longo da Avenida Integra\u00e7\u00e3o e alguns pontos do Bairro Lomba Grande alertando que o abandono de animais \u00e9 crime."}, {"id": 20894, "ano": 2013, "numero": 438, "tipo__sigla": "IND", "tipo__descricao": "Indica\u00e7\u00e3o/Pedido de Provid\u00eancias", "autoria__autor__nome": "Inspetor Luz", "texto_original": "https://sapl.camaranh.rs.gov.br/media/sapl/public/materialegislativa/2013/20894/20894_texto_integral.odt", "ementa": "Sugere ao Poder Executivo a regulamenta\u00e7\u00e3o da obrigatoriedade em destinar \u00e1reas de estacionamento para bicicletas nos hipermercados e no shopping center de Novo Hamburgo."}, {"id": 20895, "ano": 2013, "numero": 439, "tipo__sigla": "IND", "tipo__descricao": "Indica\u00e7\u00e3o/Pedido de Provid\u00eancias", "autoria__autor__nome": "Inspetor Luz", "texto_original": "https://sapl.camaranh.rs.gov.br/media/sapl/public/materialegislativa/2013/20895/20895_texto_integral.odt", "ementa": "Sugere ao Executivo Municipal disponibilizar treinamento aos atendentes que lidam com o p\u00fablico de forma direta e indireta."}, {"id": 20896, "ano": 2013, "numero": 440, "tipo__sigla": "IND", "tipo__descricao": "Indica\u00e7\u00e3o/Pedido de Provid\u00eancias", "autoria__autor__nome": "Naasom Luciano", "texto_original": "https://sapl.camaranh.rs.gov.br/media/sapl/public/materialegislativa/2013/20896/20896_texto_integral.odt", "ementa": "Solicita coloca\u00e7\u00e3o de quebra-molas na Rua Pedro Boll Filho, pr\u00f3ximo a escola Monteiro Lobato, Bairro S\u00e3o Jorge."}, {"id": 20898, "ano": 2013, "numero": 441, "tipo__sigla": "IND", "tipo__descricao": "Indica\u00e7\u00e3o/Pedido de Provid\u00eancias", "autoria__autor__nome": "Inspetor Luz", "texto_original": "https://sapl.camaranh.rs.gov.br/media/sapl/public/materialegislativa/2013/20898/20898_texto_integral.odt", "ementa": "Sugere ao Poder Executivo a institui\u00e7\u00e3o e regulamenta\u00e7\u00e3o de um Selo de Proced\u00eancia e Qualidade para os Produtos Coloniais de Lomba Grande."}, {"id": 20899, "ano": 2013, "numero": 442, "tipo__sigla": "IND", "tipo__descricao": "Indica\u00e7\u00e3o/Pedido de Provid\u00eancias", "autoria__autor__nome": "Inspetor Luz", "texto_original": "https://sapl.camaranh.rs.gov.br/media/sapl/public/materialegislativa/2013/20899/20899_texto_integral.odt", "ementa": "Sugere estudo para padroniza\u00e7\u00e3o das pinturas de meio-fio com as placas de sinaliza\u00e7\u00e3o."}, {"id": 20900, "ano": 2013, "numero": 443, "tipo__sigla": "IND", "tipo__descricao": "Indica\u00e7\u00e3o/Pedido de Provid\u00eancias", "autoria__autor__nome": "Inspetor Luz", "texto_original": "https://sapl.camaranh.rs.gov.br/media/sapl/public/materialegislativa/2013/20900/20900_texto_integral.odt", "ementa": "Sugere ao Executivo Municipal a institui\u00e7\u00e3o na rede municipal de ensino p\u00fablico do conte\u00fado de \"Educa\u00e7\u00e3o Anti-racista e Anti-discriminat\u00f3ria (EARAD)\"."}, {"id": 20902, "ano": 2013, "numero": 444, "tipo__sigla": "IND", "tipo__descricao": "Indica\u00e7\u00e3o/Pedido de Provid\u00eancias", "autoria__autor__nome": "Professor Issur Koch", "texto_original": "https://sapl.camaranh.rs.gov.br/media/sapl/public/materialegislativa/2013/20902/20902_texto_integral.odt", "ementa": "Sugere a cria\u00e7\u00e3o de concurso cultural intitulado \"Arte nos Trilhos\"."}, {"id": 20904, "ano": 2013, "numero": 445, "tipo__sigla": "IND", "tipo__descricao": "Indica\u00e7\u00e3o/Pedido de Provid\u00eancias", "autoria__autor__nome": "Professor Issur Koch", "texto_original": "https://sapl.camaranh.rs.gov.br/media/sapl/public/materialegislativa/2013/20904/20904_texto_integral.odt", "ementa": "Solicita poda de \u00e1rvore e manuten\u00e7\u00e3o permanente na Pra\u00e7a Heitor Villa Lobos,  no Bairro Boa Vista."}, {"id": 20905, "ano": 2013, "numero": 446, "tipo__sigla": "IND", "tipo__descricao": "Indica\u00e7\u00e3o/Pedido de Provid\u00eancias", "autoria__autor__nome": "Cristiano Coller", "texto_original": "https://sapl.camaranh.rs.gov.br/media/sapl/public/materialegislativa/2013/20905/20905_texto_integral.odt", "ementa": "Solicita estudo t\u00e9cnico sobre a viabilidade de  instala\u00e7\u00e3o de Controladores de Velocidade  ou Lombadas Eletr\u00f4nicas em diversas Ruas no Munic\u00edpio."}, {"id": 20907, "ano": 2013, "numero": 447, "tipo__sigla": "IND", "tipo__descricao": "Indica\u00e7\u00e3o/Pedido de Provid\u00eancias", "autoria__autor__nome": "Cristiano Coller", "texto_original": "https://sapl.camaranh.rs.gov.br/media/sapl/public/materialegislativa/2013/20907/20907_texto_integral.odt", "ementa": "Solicita abertura de passagem para autom\u00f3veis, no canteiro central na Avenida Primeiro de Mar\u00e7o, entre as Ruas Valpara\u00edso e Rua Santa Tereza, Bairro Santo Afonso."}, {"id": 20908, "ano": 2013, "numero": 448, "tipo__sigla": "IND", "tipo__descricao": "Indica\u00e7\u00e3o/Pedido de Provid\u00eancias", "autoria__autor__nome": "Cristiano Coller", "texto_original": "https://sapl.camaranh.rs.gov.br/media/sapl/public/materialegislativa/2013/20908/20908_texto_integral.odt", "ementa": "Solicita a instala\u00e7\u00e3o de quebra-molas na Av. Pedro Adams Filho, em frente ao n\u00ba 1815, no Bairro Industrial."}, {"id": 20912, "ano": 2013, "numero": 449, "tipo__sigla": "IND", "tipo__descricao": "Indica\u00e7\u00e3o/Pedido de Provid\u00eancias", "autoria__autor__nome": "Jorge Velho", "texto_original": "https://sapl.camaranh.rs.gov.br/media/sapl/public/materialegislativa/2013/20912/20912_texto_integral.odt", "ementa": "Sugere ao Poder P\u00fablico Municipal que apresente projeto de lei de repasse anual de verba de custeio para manuten\u00e7\u00e3o b\u00e1sica \u00e0s associa\u00e7\u00f5es de moradores do munic\u00edpio de Novo Hamburgo."}, {"id": 20914, "ano": 2013, "numero": 450, "tipo__sigla": "IND", "tipo__descricao": "Indica\u00e7\u00e3o/Pedido de Provid\u00eancias", "autoria__autor__nome": "JorgeTatsch", "texto_original": "https://sapl.camaranh.rs.gov.br/media/sapl/public/materialegislativa/2013/20914/20914_texto_integral.odt", "ementa": "Solicita substitui\u00e7\u00e3o de l\u00e2mpadas queimadas ao longo da Rua M\u00e9xico, no Bairro Santo Afonso."}, {"id": 20915, "ano": 2013, "numero": 451, "tipo__sigla": "IND", "tipo__descricao": "Indica\u00e7\u00e3o/Pedido de Provid\u00eancias", "autoria__autor__nome": "JorgeTatsch", "texto_original": "https://sapl.camaranh.rs.gov.br/media/sapl/public/materialegislativa/2013/20915/20915_texto_integral.odt", "ementa": "Solicita conserto de infiltra\u00e7\u00e3o no passeio p\u00fablico da Rua Itoror\u00f3, em frente ao n\u00ba 129, Bairro Santo Afonso."}, {"id": 20916, "ano": 2013, "numero": 452, "tipo__sigla": "IND", "tipo__descricao": "Indica\u00e7\u00e3o/Pedido de Provid\u00eancias", "autoria__autor__nome": "JorgeTatsch", "texto_original": "https://sapl.camaranh.rs.gov.br/media/sapl/public/materialegislativa/2013/20916/20916_texto_integral.odt", "ementa": "Solicita  revis\u00e3o e conserto de infiltra\u00e7\u00e3o (buraco) na  via p\u00fablica na Rua Itoror\u00f3, esquina com a Rua Flamengo, Bairro Santo Afonso."}, {"id": 20917, "ano": 2013, "numero": 453, "tipo__sigla": "IND", "tipo__descricao": "Indica\u00e7\u00e3o/Pedido de Provid\u00eancias", "autoria__autor__nome": "JorgeTatsch", "texto_original": "https://sapl.camaranh.rs.gov.br/media/sapl/public/materialegislativa/2013/20917/20917_texto_integral.odt", "ementa": "Solicita substitui\u00e7\u00e3o de l\u00e2mpada queimada na Rua Managu\u00e1, em frente ao n\u00famero 473, no Bairro Santo Afonso."}, {"id": 20918, "ano": 2013, "numero": 454, "tipo__sigla": "IND", "tipo__descricao": "Indica\u00e7\u00e3o/Pedido de Provid\u00eancias", "autoria__autor__nome": "JorgeTatsch", "texto_original": "https://sapl.camaranh.rs.gov.br/media/sapl/public/materialegislativa/2013/20918/20918_texto_integral.odt", "ementa": "Solicita recolhimento de lixo e entulhos ao final da Rua Pedro Carneiro Pereira, no Bairro Canudos."}, {"id": 20919, "ano": 2013, "numero": 455, "tipo__sigla": "IND", "tipo__descricao": "Indica\u00e7\u00e3o/Pedido de Provid\u00eancias", "autoria__autor__nome": "JorgeTatsch", "texto_original": "https://sapl.camaranh.rs.gov.br/media/sapl/public/materialegislativa/2013/20919/20919_texto_integral.odt", "ementa": "Solicita coloca\u00e7\u00e3o de corrim\u00e3o e ilumina\u00e7\u00e3o na escadaria que se encontra pr\u00f3ximo ao n\u00famero 215, na Rua Bar\u00e3o do Rio Branco, Bairro Oper\u00e1rio."}, {"id": 20921, "ano": 2013, "numero": 456, "tipo__sigla": "IND", "tipo__descricao": "Indica\u00e7\u00e3o/Pedido de Provid\u00eancias", "autoria__autor__nome": "JorgeTatsch", "texto_original": "https://sapl.camaranh.rs.gov.br/media/sapl/public/materialegislativa/2013/20921/20921_texto_integral.odt", "ementa": "Solicita poda de \u00e1rvores localizadas na Rua Tiete esquina com a Rua Jacu\u00ed, no n\u00famero 131, no Bairro Santo Afonso."}, {"id": 20924, "ano": 2013, "numero": 457, "tipo__sigla": "IND", "tipo__descricao": "Indica\u00e7\u00e3o/Pedido de Provid\u00eancias", "autoria__autor__nome": "Jorge Velho", "texto_original": "https://sapl.camaranh.rs.gov.br/media/sapl/public/materialegislativa/2013/20924/20924_texto_integral.odt", "ementa": "Solicita pavimenta\u00e7\u00e3o asf\u00e1ltica na Rua Guari,  no Bairro Boa Sa\u00fade."}, {"id": 20926, "ano": 2013, "numero": 458, "tipo__sigla": "IND", "tipo__descricao": "Indica\u00e7\u00e3o/Pedido de Provid\u00eancias", "autoria__autor__nome": "Jorge Velho", "texto_original": "https://sapl.camaranh.rs.gov.br/media/sapl/public/materialegislativa/2013/20926/20926_texto_integral.odt", "ementa": "Solicita pavimenta\u00e7\u00e3o asf\u00e1ltica da Rua Sebasti\u00e3o Fernandes de Lima, ap\u00f3s a Rua Pedro Quaresma da Silva,  no Bairro Boa Sa\u00fade."}, {"id": 20927, "ano": 2013, "numero": 459, "tipo__sigla": "IND", "tipo__descricao": "Indica\u00e7\u00e3o/Pedido de Provid\u00eancias", "autoria__autor__nome": "Jorge Velho", "texto_original": "https://sapl.camaranh.rs.gov.br/media/sapl/public/materialegislativa/2013/20927/20927_texto_integral.odt", "ementa": "Solicita poda de \u00e1rvore na Rua Saturno, esquina com a Rua Merc\u00fario, Bairro Boa Sa\u00fade."}, {"id": 20928, "ano": 2013, "numero": 460, "tipo__sigla": "IND", "tipo__descricao": "Indica\u00e7\u00e3o/Pedido de Provid\u00eancias", "autoria__autor__nome": "Jorge Velho", "texto_original": "https://sapl.camaranh.rs.gov.br/media/sapl/public/materialegislativa/2013/20928/20928_texto_integral.odt", "ementa": "Solicita a instala\u00e7\u00e3o de quebra-molas na Av. Presidente Lucena, antes da r\u00f3tula de acesso a Avenida Rinc\u00e3o, no Bairro Boa Sa\u00fade, no sentido centro-bairro e a melhoria do quebra-molas existente, no sentido bairro-centro."}, {"id": 20929, "ano": 2013, "numero": 461, "tipo__sigla": "IND", "tipo__descricao": "Indica\u00e7\u00e3o/Pedido de Provid\u00eancias", "autoria__autor__nome": "Jorge Velho", "texto_original": "https://sapl.camaranh.rs.gov.br/media/sapl/public/materialegislativa/2013/20929/20929_texto_integral.odt", "ementa": "Solicita pavimenta\u00e7\u00e3o asf\u00e1ltica da Rua Setembrino M. Corr\u00eaa,  no Bairro Boa Sa\u00fade."}, {"id": 20930, "ano": 2013, "numero": 462, "tipo__sigla": "IND", "tipo__descricao": "Indica\u00e7\u00e3o/Pedido de Provid\u00eancias", "autoria__autor__nome": "Jorge Velho", "texto_original": "https://sapl.camaranh.rs.gov.br/media/sapl/public/materialegislativa/2013/20930/20930_texto_integral.odt", "ementa": "Solicita pavimenta\u00e7\u00e3o asf\u00e1ltica na Rua Paulo Dias da Costa,  no Bairro Boa Sa\u00fade."}, {"id": 20931, "ano": 2013, "numero": 463, "tipo__sigla": "IND", "tipo__descricao": "Indica\u00e7\u00e3o/Pedido de Provid\u00eancias", "autoria__autor__nome": "Jorge Velho", "texto_original": "https://sapl.camaranh.rs.gov.br/media/sapl/public/materialegislativa/2013/20931/20931_texto_integral.odt", "ementa": "Solicita coloca\u00e7\u00e3o de brinquedos na Pra\u00e7a localizada na Rua Saturno, no Bairro Boa Sa\u00fade."}, {"id": 20932, "ano": 2013, "numero": 464, "tipo__sigla": "IND", "tipo__descricao": "Indica\u00e7\u00e3o/Pedido de Provid\u00eancias", "autoria__autor__nome": "Jorge Velho", "texto_original": "https://sapl.camaranh.rs.gov.br/media/sapl/public/materialegislativa/2013/20932/20932_texto_integral.odt", "ementa": "Solicita pavimenta\u00e7\u00e3o asf\u00e1ltica da Rua Armindo Sperb,  no Bairro Boa Sa\u00fade."}, {"id": 20933, "ano": 2013, "numero": 465, "tipo__sigla": "IND", "tipo__descricao": "Indica\u00e7\u00e3o/Pedido de Provid\u00eancias", "autoria__autor__nome": "Jorge Velho", "texto_original": "https://sapl.camaranh.rs.gov.br/media/sapl/public/materialegislativa/2013/20933/20933_texto_integral.odt", "ementa": "Solicita desentupimento de esgoto ao longo da Rua Plut\u00e3o, Bairro Boa Sa\u00fade."}, {"id": 20934, "ano": 2013, "numero": 466, "tipo__sigla": "IND", "tipo__descricao": "Indica\u00e7\u00e3o/Pedido de Provid\u00eancias", "autoria__autor__nome": "Jorge Velho", "texto_original": "https://sapl.camaranh.rs.gov.br/media/sapl/public/materialegislativa/2013/20934/20934_texto_integral.odt", "ementa": "Solicita pavimenta\u00e7\u00e3o asf\u00e1ltica da Rua Armindo Varisco,  no Bairro Boa Sa\u00fade."}, {"id": 20935, "ano": 2013, "numero": 467, "tipo__sigla": "IND", "tipo__descricao": "Indica\u00e7\u00e3o/Pedido de Provid\u00eancias", "autoria__autor__nome": "Sergio Hanich", "texto_original": "https://sapl.camaranh.rs.gov.br/media/sapl/public/materialegislativa/2013/20935/20935_texto_integral.odt", "ementa": "Solicita melhorias na Rua Mato Grosso, Bairro Rond\u00f4nia, conforme o abaixo descrito."}, {"id": 20936, "ano": 2013, "numero": 468, "tipo__sigla": "IND", "tipo__descricao": "Indica\u00e7\u00e3o/Pedido de Provid\u00eancias", "autoria__autor__nome": "Professor Issur Koch", "texto_original": "https://sapl.camaranh.rs.gov.br/media/sapl/public/materialegislativa/2013/20936/20936_texto_integral.odt", "ementa": "Solicita pavimenta\u00e7\u00e3o asf\u00e1ltica no trecho da Rua Walk\u00edria Spindler, no Bairro Canudos."}, {"id": 20937, "ano": 2013, "numero": 469, "tipo__sigla": "IND", "tipo__descricao": "Indica\u00e7\u00e3o/Pedido de Provid\u00eancias", "autoria__autor__nome": "Jorge Velho", "texto_original": "https://sapl.camaranh.rs.gov.br/media/sapl/public/materialegislativa/2013/20937/20937_texto_integral.odt", "ementa": "Solicita pavimenta\u00e7\u00e3o asf\u00e1ltica da Rua Joaquim P. de Oliveira,  no Bairro Boa Sa\u00fade."}, {"id": 20938, "ano": 2013, "numero": 470, "tipo__sigla": "IND", "tipo__descricao": "Indica\u00e7\u00e3o/Pedido de Provid\u00eancias", "autoria__autor__nome": "Sergio Hanich", "texto_original": "https://sapl.camaranh.rs.gov.br/media/sapl/public/materialegislativa/2013/20938/20938_texto_integral.odt", "ementa": "Solicita estudo de viabilidade para coloca\u00e7\u00e3o de sinaliza\u00e7\u00e3o de tr\u00e2nsito eficaz na Rua Beno Hugo Hack, Bairro Canudos."}, {"id": 20939, "ano": 2013, "numero": 471, "tipo__sigla": "IND", "tipo__descricao": "Indica\u00e7\u00e3o/Pedido de Provid\u00eancias", "autoria__autor__nome": "Jorge Velho", "texto_original": "https://sapl.camaranh.rs.gov.br/media/sapl/public/materialegislativa/2013/20939/20939_texto_integral.odt", "ementa": "Solicita desentupimento de canos e bocas-de-lobo na Rua Pedro Quaresma da Silva, n\u00fameros 16 e 38, Bairro Boa Sa\u00fade."}, {"id": 20940, "ano": 2013, "numero": 472, "tipo__sigla": "IND", "tipo__descricao": "Indica\u00e7\u00e3o/Pedido de Provid\u00eancias", "autoria__autor__nome": "Luiz Fernando Farias", "texto_original": "https://sapl.camaranh.rs.gov.br/media/sapl/public/materialegislativa/2013/20940/20940_texto_integral.odt", "ementa": "Solicita remo\u00e7\u00e3o de \u00e1rvore na Rua S\u00e3o Francisco de Assis, em frente ao n\u00ba 44, Bairro Jardim Mau\u00e1."}, {"id": 20941, "ano": 2013, "numero": 473, "tipo__sigla": "IND", "tipo__descricao": "Indica\u00e7\u00e3o/Pedido de Provid\u00eancias", "autoria__autor__nome": "Luiz Fernando Farias", "texto_original": "https://sapl.camaranh.rs.gov.br/media/sapl/public/materialegislativa/2013/20941/20941_texto_integral.odt", "ementa": "Solicita  implanta\u00e7\u00e3o de redutor de velocidade (quebra-molas) na Rua Pedro Boll Filho, nas proximidades do n\u00famero 147, no Bairro S\u00e3o Jorge, Vila Kraemer."}, {"id": 20942, "ano": 2013, "numero": 474, "tipo__sigla": "IND", "tipo__descricao": "Indica\u00e7\u00e3o/Pedido de Provid\u00eancias", "autoria__autor__nome": "Luiz Fernando Farias", "texto_original": "https://sapl.camaranh.rs.gov.br/media/sapl/public/materialegislativa/2013/20942/20942_texto_integral.odt", "ementa": "Solicita limpeza, ro\u00e7ada e recolhimento de lixo na Rua Vidal Brasil, entre os n\u00fameros 152 e 204, Bairro Hamburgo Velho."}, {"id": 20943, "ano": 2013, "numero": 475, "tipo__sigla": "IND", "tipo__descricao": "Indica\u00e7\u00e3o/Pedido de Provid\u00eancias", "autoria__autor__nome": "Cristiano Coller\r\nEnfermeiro Vilmar\r\nJorgeTatsch\r\nProfessor Issur Koch", "texto_original": "https://sapl.camaranh.rs.gov.br/media/sapl/public/materialegislativa/2013/20943/20943_texto_integral.odt", "ementa": "Solicita estudo para mudan\u00e7a na forma de contato com os pacientes que aguardam retorno de agendamento das consultas e exames pela Central de Marca\u00e7\u00e3o."}, {"id": 20945, "ano": 2013, "numero": 476, "tipo__sigla": "IND", "tipo__descricao": "Indica\u00e7\u00e3o/Pedido de Provid\u00eancias", "autoria__autor__nome": "Enfermeiro Vilmar", "texto_original": "https://sapl.camaranh.rs.gov.br/media/sapl/public/materialegislativa/2013/20945/20945_texto_integral.odt", "ementa": "Solicita desentupimento de boca-de-lobo na Rua Jaboti, n\u00ba 36 - Bairro S\u00e3o Jorge."}, {"id": 20949, "ano": 2013, "numero": 477, "tipo__sigla": "IND", "tipo__descricao": "Indica\u00e7\u00e3o/Pedido de Provid\u00eancias", "autoria__autor__nome": "Professor Issur Koch", "texto_original": "https://sapl.camaranh.rs.gov.br/media/sapl/public/materialegislativa/2013/20949/20949_texto_integral.odt", "ementa": "Solicita pavimenta\u00e7\u00e3o da Rua Hamburgo, esquina com a Rua Bauru, em toda a sua extens\u00e3o, no Bairro Canudos."}, {"id": 20950, "ano": 2013, "numero": 478, "tipo__sigla": "IND", "tipo__descricao": "Indica\u00e7\u00e3o/Pedido de Provid\u00eancias", "autoria__autor__nome": "Professor Issur Koch", "texto_original": "https://sapl.camaranh.rs.gov.br/media/sapl/public/materialegislativa/2013/20950/20950_texto_integral.odt", "ementa": "Solicita recoloca\u00e7\u00e3o de \"guard rail\" na Av. Na\u00e7\u00f5es Unidas, esquina com a Rua Tapes, em frente ao n\u00famero 2737, no Bairro Ideal."}, {"id": 20956, "ano": 2013, "numero": 479, "tipo__sigla": "IND", "tipo__descricao": "Indica\u00e7\u00e3o/Pedido de Provid\u00eancias", "autoria__autor__nome": "JorgeTatsch", "texto_original": "https://sapl.camaranh.rs.gov.br/media/sapl/public/materialegislativa/2013/20956/20956_texto_integral.odt", "ementa": "Solicita constru\u00e7\u00e3o de redutor de velocidade, \"quebra-molas\", na Rua Guia Lopes,  pr\u00f3ximo ao n\u00famero 300 , no Bairro Rond\u00f4nia."}, {"id": 20952, "ano": 2013, "numero": 480, "tipo__sigla": "IND", "tipo__descricao": "Indica\u00e7\u00e3o/Pedido de Provid\u00eancias", "autoria__autor__nome": "Professor Issur Koch", "texto_original": "https://sapl.camaranh.rs.gov.br/media/sapl/public/materialegislativa/2013/20952/20952_texto_integral.odt", "ementa": "Solicita intima\u00e7\u00e3o do propriet\u00e1rio de im\u00f3vel situado na Rua Saldanha Marinho, em frente ao n\u00famero 274, para que seja feita a limpeza urgente do local."}, {"id": 20953, "ano": 2013, "numero": 481, "tipo__sigla": "IND", "tipo__descricao": "Indica\u00e7\u00e3o/Pedido de Provid\u00eancias", "autoria__autor__nome": "Professor Issur Koch", "texto_original": "https://sapl.camaranh.rs.gov.br/media/sapl/public/materialegislativa/2013/20953/20953_texto_integral.odt", "ementa": "Solicita uma melhor sinaliza\u00e7\u00e3o de tr\u00e2nsito no cruzamento da Av. Na\u00e7\u00f5es Unidas com a Rua Tapes, no Bairro Ideal."}, {"id": 20954, "ano": 2013, "numero": 482, "tipo__sigla": "IND", "tipo__descricao": "Indica\u00e7\u00e3o/Pedido de Provid\u00eancias", "autoria__autor__nome": "Professor Issur Koch", "texto_original": "https://sapl.camaranh.rs.gov.br/media/sapl/public/materialegislativa/2013/20954/20954_texto_integral.odt", "ementa": "Solicita provid\u00eancias urgentes a respeito da escadaria V\u00edctor J\u00falio Kern, situada na Rua Gomes Portinho, Bairro Centro."}, {"id": 20955, "ano": 2013, "numero": 483, "tipo__sigla": "IND", "tipo__descricao": "Indica\u00e7\u00e3o/Pedido de Provid\u00eancias", "autoria__autor__nome": "Professor Issur Koch", "texto_original": "https://sapl.camaranh.rs.gov.br/media/sapl/public/materialegislativa/2013/20955/20955_texto_integral.odt", "ementa": "Solicita coloca\u00e7\u00e3o de boca-de-lobo na Av. Na\u00e7\u00f5es Unidas em frente ao n\u00famero 2737, abaixo das obras do trem, no Bairro Ideal."}, {"id": 20958, "ano": 2013, "numero": 484, "tipo__sigla": "IND", "tipo__descricao": "Indica\u00e7\u00e3o/Pedido de Provid\u00eancias", "autoria__autor__nome": "JorgeTatsch", "texto_original": "https://sapl.camaranh.rs.gov.br/media/sapl/public/materialegislativa/2013/20958/20958_texto_integral.odt", "ementa": "Solicita limpeza do passeio p\u00fablico na Av. Primeiro de Mar\u00e7o, n\u00ba 4658, no Bairro Santo Afonso."}, {"id": 20959, "ano": 2013, "numero": 485, "tipo__sigla": "IND", "tipo__descricao": "Indica\u00e7\u00e3o/Pedido de Provid\u00eancias", "autoria__autor__nome": "JorgeTatsch", "texto_original": "https://sapl.camaranh.rs.gov.br/media/sapl/public/materialegislativa/2013/20959/20959_texto_integral.odt", "ementa": "Solicita com URG\u00caNCIA, coloca\u00e7\u00e3o de uma boca-de-lobo na Av. Pedro Adams Filho, em frente ao n\u00ba 1451, Bairro Santo Afonso."}, {"id": 20960, "ano": 2013, "numero": 486, "tipo__sigla": "IND", "tipo__descricao": "Indica\u00e7\u00e3o/Pedido de Provid\u00eancias", "autoria__autor__nome": "JorgeTatsch", "texto_original": "https://sapl.camaranh.rs.gov.br/media/sapl/public/materialegislativa/2013/20960/20960_texto_integral.odt", "ementa": "Solicita conserto de uma infiltra\u00e7\u00e3o na Rua Carlos Afonso Braunger, em frente ao n\u00famero 481, no Bairro Santo Afonso."}, {"id": 20961, "ano": 2013, "numero": 487, "tipo__sigla": "IND", "tipo__descricao": "Indica\u00e7\u00e3o/Pedido de Provid\u00eancias", "autoria__autor__nome": "JorgeTatsch", "texto_original": "https://sapl.camaranh.rs.gov.br/media/sapl/public/materialegislativa/2013/20961/20961_texto_integral.odt", "ementa": "Solicita a troca da tampa de boca-de-lobo na Rua Carlos Afonso Braunger, nas proximidades do n\u00ba 481, Bairro Santo Afonso."}, {"id": 20962, "ano": 2013, "numero": 488, "tipo__sigla": "IND", "tipo__descricao": "Indica\u00e7\u00e3o/Pedido de Provid\u00eancias", "autoria__autor__nome": "JorgeTatsch", "texto_original": "https://sapl.camaranh.rs.gov.br/media/sapl/public/materialegislativa/2013/20962/20962_texto_integral.odt", "ementa": "Patrolamento e britagem na Rua Ot\u00edlia Francisca Ramires, no Bairro Santo Afonso."}, {"id": 20964, "ano": 2013, "numero": 489, "tipo__sigla": "IND", "tipo__descricao": "Indica\u00e7\u00e3o/Pedido de Provid\u00eancias", "autoria__autor__nome": "JorgeTatsch", "texto_original": "https://sapl.camaranh.rs.gov.br/media/sapl/public/materialegislativa/2013/20964/20964_texto_integral.odt", "ementa": "Solicita ro\u00e7ada e limpeza na \u00e1rea da Prefeitura Municipal de Novo Hamburgo, na Rua Vidal Brasil, ao lado do n\u00famero 810, em frente ao Hospital da Unimed, Bairro Hamburgo Velho."}, {"id": 20965, "ano": 2013, "numero": 490, "tipo__sigla": "IND", "tipo__descricao": "Indica\u00e7\u00e3o/Pedido de Provid\u00eancias", "autoria__autor__nome": "JorgeTatsch", "texto_original": "https://sapl.camaranh.rs.gov.br/media/sapl/public/materialegislativa/2013/20965/20965_texto_integral.odt", "ementa": "Solicita desentupimento de esgoto na Rua Presidente Neves, Bairro Santo Afonso."}, {"id": 20966, "ano": 2013, "numero": 491, "tipo__sigla": "IND", "tipo__descricao": "Indica\u00e7\u00e3o/Pedido de Provid\u00eancias", "autoria__autor__nome": "JorgeTatsch", "texto_original": "https://sapl.camaranh.rs.gov.br/media/sapl/public/materialegislativa/2013/20966/20966_texto_integral.odt", "ementa": "Solicita melhorias na sinaliza\u00e7\u00e3o de tr\u00e2nsito e pintura de faixa de seguran\u00e7a na Rua Joaquim Nabuco, em frente ao n\u00famero 286, no Bairro Centro."}, {"id": 20967, "ano": 2013, "numero": 492, "tipo__sigla": "IND", "tipo__descricao": "Indica\u00e7\u00e3o/Pedido de Provid\u00eancias", "autoria__autor__nome": null, "texto_original": "https://sapl.camaranh.rs.gov.br/media/", "ementa": "ANULADO POR DUPLICIDADE (Pedido de Provid\u00eancias n\u00ba 490/2013)"}, {"id": 20968, "ano": 2013, "numero": 493, "tipo__sigla": "IND", "tipo__descricao": "Indica\u00e7\u00e3o/Pedido de Provid\u00eancias", "autoria__autor__nome": "JorgeTatsch", "texto_original": "https://sapl.camaranh.rs.gov.br/media/sapl/public/materialegislativa/2013/20968/20968_texto_integral.odt", "ementa": "Solicita limpeza do passeio p\u00fablico na Rua Roca Sales, fundo do Parque Imperial, Bairro Santo Afonso."}, {"id": 20969, "ano": 2013, "numero": 494, "tipo__sigla": "IND", "tipo__descricao": "Indica\u00e7\u00e3o/Pedido de Provid\u00eancias", "autoria__autor__nome": "JorgeTatsch", "texto_original": "https://sapl.camaranh.rs.gov.br/media/sapl/public/materialegislativa/2013/20969/20969_texto_integral.odt", "ementa": "Solicita desentupimento de esgoto ao longo da Rua Lima, Bairro Santo Afonso."}, {"id": 20972, "ano": 2013, "numero": 495, "tipo__sigla": "IND", "tipo__descricao": "Indica\u00e7\u00e3o/Pedido de Provid\u00eancias", "autoria__autor__nome": "Cristiano Coller", "texto_original": "https://sapl.camaranh.rs.gov.br/media/sapl/public/materialegislativa/2013/20972/20972_texto_integral.odt", "ementa": "Solicita fiscaliza\u00e7\u00e3o em canaliza\u00e7\u00e3o de esgoto irregular que escoa nos fundos do terreno particular na Rua Alberto Dresbach, n\u00ba 265, no  Bairro Vila Nova."}, {"id": 20975, "ano": 2013, "numero": 496, "tipo__sigla": "IND", "tipo__descricao": "Indica\u00e7\u00e3o/Pedido de Provid\u00eancias", "autoria__autor__nome": "Enfermeiro Vilmar", "texto_original": "https://sapl.camaranh.rs.gov.br/media/sapl/public/materialegislativa/2013/20975/20975_texto_integral.odt", "ementa": "Solicita coloca\u00e7\u00e3o de um redutor de velocidade e faixa de seguran\u00e7a na Rua Ven\u00e2ncio Aires, esquina com a Rua Casca, pr\u00f3ximo ao n\u00ba 889, Bairro Canudos."}, {"id": 20976, "ano": 2013, "numero": 497, "tipo__sigla": "IND", "tipo__descricao": "Indica\u00e7\u00e3o/Pedido de Provid\u00eancias", "autoria__autor__nome": "Roger Corr\u00eaa", "texto_original": "https://sapl.camaranh.rs.gov.br/media/sapl/public/materialegislativa/2013/20976/20976_texto_integral.odt", "ementa": "Solicita conserto e desentupimento de boca-de-lobo na Rua Alvear, n\u00famero 237, Bairro Industrial."}, {"id": 20977, "ano": 2013, "numero": 498, "tipo__sigla": "IND", "tipo__descricao": "Indica\u00e7\u00e3o/Pedido de Provid\u00eancias", "autoria__autor__nome": "Enfermeiro Vilmar", "texto_original": "https://sapl.camaranh.rs.gov.br/media/sapl/public/materialegislativa/2013/20977/20977_texto_integral.odt", "ementa": "Solicita coloca\u00e7\u00e3o de redutores de velocidade e faixa de seguran\u00e7a na Rua Col\u00fambia, n\u00ba1461 Bairro Canudos."}, {"id": 20978, "ano": 2013, "numero": 499, "tipo__sigla": "IND", "tipo__descricao": "Indica\u00e7\u00e3o/Pedido de Provid\u00eancias", "autoria__autor__nome": "Naasom Luciano", "texto_original": "https://sapl.camaranh.rs.gov.br/media/sapl/public/materialegislativa/2013/20978/20978_texto_integral.odt", "ementa": "Solicita coloca\u00e7\u00e3o de cal\u00e7ada e muro na Rua Cear\u00e1, em frente ao n\u00ba 397, Bairro Rinc\u00e3o."}, {"id": 20979, "ano": 2013, "numero": 500, "tipo__sigla": "IND", "tipo__descricao": "Indica\u00e7\u00e3o/Pedido de Provid\u00eancias", "autoria__autor__nome": "Inspetor Luz", "texto_original": "https://sapl.camaranh.rs.gov.br/media/sapl/public/materialegislativa/2013/20979/20979_texto_integral.odt", "ementa": "Solicita amplia\u00e7\u00e3o da rede de ilumina\u00e7\u00e3o p\u00fablica e substitui\u00e7\u00e3o das l\u00e2mpadas por outras de vapor de s\u00f3dio em toda extens\u00e3o da Rua Walter Merino Delgado, Bairro Guarani."}, {"id": 20980, "ano": 2013, "numero": 501, "tipo__sigla": "IND", "tipo__descricao": "Indica\u00e7\u00e3o/Pedido de Provid\u00eancias", "autoria__autor__nome": "Inspetor Luz", "texto_original": "https://sapl.camaranh.rs.gov.br/media/sapl/public/materialegislativa/2013/20980/20980_texto_integral.odt", "ementa": "Solicita amplia\u00e7\u00e3o da rede de ilumina\u00e7\u00e3o p\u00fablica e substitui\u00e7\u00e3o das l\u00e2mpadas por outras de vapor de s\u00f3dio em toda extens\u00e3o da Rua Alagoas, Bairro Rinc\u00e3o."}, {"id": 20981, "ano": 2013, "numero": 502, "tipo__sigla": "IND", "tipo__descricao": "Indica\u00e7\u00e3o/Pedido de Provid\u00eancias", "autoria__autor__nome": "Inspetor Luz", "texto_original": "https://sapl.camaranh.rs.gov.br/media/sapl/public/materialegislativa/2013/20981/20981_texto_integral.odt", "ementa": "Solicita amplia\u00e7\u00e3o da rede de ilumina\u00e7\u00e3o p\u00fablica e substitui\u00e7\u00e3o das l\u00e2mpadas por outras de vapor de s\u00f3dio em toda extens\u00e3o da Rua Prudente de Moraes, Bairro Guarani."}, {"id": 20982, "ano": 2013, "numero": 503, "tipo__sigla": "IND", "tipo__descricao": "Indica\u00e7\u00e3o/Pedido de Provid\u00eancias", "autoria__autor__nome": "Inspetor Luz", "texto_original": "https://sapl.camaranh.rs.gov.br/media/sapl/public/materialegislativa/2013/20982/20982_texto_integral.odt", "ementa": "Solicita capina e limpeza junto ao meio-fio em toda a extens\u00e3o da Rua Marqu\u00eas de Maric\u00e1, Bairro Oper\u00e1rio."}, {"id": 20983, "ano": 2013, "numero": 504, "tipo__sigla": "IND", "tipo__descricao": "Indica\u00e7\u00e3o/Pedido de Provid\u00eancias", "autoria__autor__nome": "Inspetor Luz", "texto_original": "https://sapl.camaranh.rs.gov.br/media/sapl/public/materialegislativa/2013/20983/20983_texto_integral.odt", "ementa": "Solicita amplia\u00e7\u00e3o da rede de ilumina\u00e7\u00e3o p\u00fablica e substitui\u00e7\u00e3o das l\u00e2mpadas por outras de vapor de s\u00f3dio em toda extens\u00e3o da Rua Cear\u00e1, Bairro Rinc\u00e3o."}, {"id": 20984, "ano": 2013, "numero": 505, "tipo__sigla": "IND", "tipo__descricao": "Indica\u00e7\u00e3o/Pedido de Provid\u00eancias", "autoria__autor__nome": "Inspetor Luz", "texto_original": "https://sapl.camaranh.rs.gov.br/media/sapl/public/materialegislativa/2013/20984/20984_texto_integral.odt", "ementa": "Solicita capina e limpeza junto ao meio-fio em toda a extens\u00e3o da Rua Euclides da Cunha, Bairro Oper\u00e1rio."}, {"id": 20985, "ano": 2013, "numero": 506, "tipo__sigla": "IND", "tipo__descricao": "Indica\u00e7\u00e3o/Pedido de Provid\u00eancias", "autoria__autor__nome": "Sergio Hanich", "texto_original": "https://sapl.camaranh.rs.gov.br/media/sapl/public/materialegislativa/2013/20985/20985_texto_integral.odt", "ementa": "Solicita recolhimento de galhos na Rua Marrocos, em frente ao n\u00ba 121, Bairro Petr\u00f3polis."}, {"id": 20986, "ano": 2013, "numero": 507, "tipo__sigla": "IND", "tipo__descricao": "Indica\u00e7\u00e3o/Pedido de Provid\u00eancias", "autoria__autor__nome": "Sergio Hanich", "texto_original": "https://sapl.camaranh.rs.gov.br/media/sapl/public/materialegislativa/2013/20986/20986_texto_integral.odt", "ementa": "Solicita ro\u00e7ada nas laterais da Rua Germano Friedrich e estrada de acesso ao Santu\u00e1rio das M\u00e3es, Bairro Rosel\u00e2ndia."}, {"id": 20987, "ano": 2013, "numero": 508, "tipo__sigla": "IND", "tipo__descricao": "Indica\u00e7\u00e3o/Pedido de Provid\u00eancias", "autoria__autor__nome": "Naasom Luciano", "texto_original": "https://sapl.camaranh.rs.gov.br/media/sapl/public/materialegislativa/2013/20987/20987_texto_integral.odt", "ementa": "Solicita desentupimento do esgoto na Av. Primeiro de Mar\u00e7o, em frente n\u00ba 4058, Bairro Industrial."}, {"id": 20988, "ano": 2013, "numero": 509, "tipo__sigla": "IND", "tipo__descricao": "Indica\u00e7\u00e3o/Pedido de Provid\u00eancias", "autoria__autor__nome": "Raul Cassel", "texto_original": "https://sapl.camaranh.rs.gov.br/media/sapl/public/materialegislativa/2013/20988/20988_texto_integral.odt", "ementa": "Solicita remo\u00e7\u00e3o de arbustos na Rua Coronel Travassos, em frente ao n\u00famero 2427, Bairro Rond\u00f4nia."}, {"id": 20990, "ano": 2013, "numero": 510, "tipo__sigla": "IND", "tipo__descricao": "Indica\u00e7\u00e3o/Pedido de Provid\u00eancias", "autoria__autor__nome": "Patr\u00edcia Beck", "texto_original": "https://sapl.camaranh.rs.gov.br/media/sapl/public/materialegislativa/2013/20990/20990_texto_integral.odt", "ementa": "Solicita limpeza de duas bocas-de-lobo localizadas na Rua Orestes Barbosa, em frente ao n\u00famero 105, no Bairro Liberdade."}, {"id": 20991, "ano": 2013, "numero": 511, "tipo__sigla": "IND", "tipo__descricao": "Indica\u00e7\u00e3o/Pedido de Provid\u00eancias", "autoria__autor__nome": "Patr\u00edcia Beck", "texto_original": "https://sapl.camaranh.rs.gov.br/media/sapl/public/materialegislativa/2013/20991/20991_texto_integral.odt", "ementa": "Solicita coloca\u00e7\u00e3o de quebra-molas na Rua Helmuth Heldt, em frente ao n\u00famero 185, no Bairro Canudos."}, {"id": 20992, "ano": 2013, "numero": 512, "tipo__sigla": "IND", "tipo__descricao": "Indica\u00e7\u00e3o/Pedido de Provid\u00eancias", "autoria__autor__nome": "Patr\u00edcia Beck", "texto_original": "https://sapl.camaranh.rs.gov.br/media/sapl/public/materialegislativa/2013/20992/20992_texto_integral.odt", "ementa": "Solicita coloca\u00e7\u00e3o de duas sinaleiras para pedestres na Av. Primeiro de Mar\u00e7o, nos sentidos Centro/Bairro e Bairro/Centro, em frente \u00e0 Esta\u00e7\u00e3o do Trensurb, no Bairro Santo Afonso."}, {"id": 20993, "ano": 2013, "numero": 513, "tipo__sigla": "IND", "tipo__descricao": "Indica\u00e7\u00e3o/Pedido de Provid\u00eancias", "autoria__autor__nome": "Patr\u00edcia Beck", "texto_original": "https://sapl.camaranh.rs.gov.br/media/sapl/public/materialegislativa/2013/20993/20993_texto_integral.odt", "ementa": "Solicita coloca\u00e7\u00e3o de dois quebra-molas na Av. Primeiro de Mar\u00e7o, nos sentidos Centro/Bairro e Bairro/Centro, em frente \u00e0 Esta\u00e7\u00e3o do Trensurb, no Bairro Santo Afonso."}, {"id": 20995, "ano": 2013, "numero": 514, "tipo__sigla": "IND", "tipo__descricao": "Indica\u00e7\u00e3o/Pedido de Provid\u00eancias", "autoria__autor__nome": "Patr\u00edcia Beck", "texto_original": "https://sapl.camaranh.rs.gov.br/media/sapl/public/materialegislativa/2013/20995/20995_texto_integral.odt", "ementa": "Solicita limpeza da boca-de-lobo localizada na  Rua Heron Domingues, em frente ao n\u00famero 671, no Bairro Canudos."}, {"id": 20996, "ano": 2013, "numero": 515, "tipo__sigla": "IND", "tipo__descricao": "Indica\u00e7\u00e3o/Pedido de Provid\u00eancias", "autoria__autor__nome": "Patr\u00edcia Beck", "texto_original": "https://sapl.camaranh.rs.gov.br/media/sapl/public/materialegislativa/2013/20996/20996_texto_integral.odt", "ementa": "Solicita coloca\u00e7\u00e3o de britas na Rua Orestes Barbosa (beco), em toda a sua extens\u00e3o, no Bairro Liberdade."}, {"id": 20998, "ano": 2013, "numero": 516, "tipo__sigla": "IND", "tipo__descricao": "Indica\u00e7\u00e3o/Pedido de Provid\u00eancias", "autoria__autor__nome": "Roger Corr\u00eaa", "texto_original": "https://sapl.camaranh.rs.gov.br/media/sapl/public/materialegislativa/2013/20998/20998_texto_integral.odt", "ementa": "Solicita o prolongamento da Rua Sorocaba, ligando as Ruas Santa Tereza e Sim\u00f5es Lopes, bem como a pavimenta\u00e7\u00e3o asf\u00e1ltica nos trechos inexistentes da referida rua, no Bairro Liberdade."}, {"id": 20999, "ano": 2013, "numero": 517, "tipo__sigla": "IND", "tipo__descricao": "Indica\u00e7\u00e3o/Pedido de Provid\u00eancias", "autoria__autor__nome": "Roger Corr\u00eaa", "texto_original": "https://sapl.camaranh.rs.gov.br/media/sapl/public/materialegislativa/2013/20999/20999_texto_integral.odt", "ementa": "Solicita ao Poder P\u00fablico Municipal que apresente estudo t\u00e9cnico sobre a viabilidade de implementa\u00e7\u00e3o de pistas de skate, nas quatro esta\u00e7\u00f5es  do Trensurb, no munic\u00edpio de Novo Hamburgo. "}, {"id": 21002, "ano": 2013, "numero": 518, "tipo__sigla": "IND", "tipo__descricao": "Indica\u00e7\u00e3o/Pedido de Provid\u00eancias", "autoria__autor__nome": "Raul Cassel", "texto_original": "https://sapl.camaranh.rs.gov.br/media/sapl/public/materialegislativa/2013/21002/21002_texto_integral.odt", "ementa": "Solicita que seja intimado propriet\u00e1rio do terreno localizado na Rua Jo\u00e3o Ram\u00e3o Bueno, em frente ao n\u00ba 956, Jardim Liberato, Bairro Boa Sa\u00fade."}, {"id": 21003, "ano": 2013, "numero": 519, "tipo__sigla": "IND", "tipo__descricao": "Indica\u00e7\u00e3o/Pedido de Provid\u00eancias", "autoria__autor__nome": "Raul Cassel", "texto_original": "https://sapl.camaranh.rs.gov.br/media/sapl/public/materialegislativa/2013/21003/21003_texto_integral.odt", "ementa": "Solicita que seja intimado propriet\u00e1rio de terreno localizado na Rua Floresta, na esquina com Rua Jo\u00e3o Ram\u00e3o Bueno, no Jardim Liberato, Bairro Boa Sa\u00fade."}, {"id": 21004, "ano": 2013, "numero": 520, "tipo__sigla": "IND", "tipo__descricao": "Indica\u00e7\u00e3o/Pedido de Provid\u00eancias", "autoria__autor__nome": "Inspetor Luz", "texto_original": "https://sapl.camaranh.rs.gov.br/media/sapl/public/materialegislativa/2013/21004/21004_texto_integral.odt", "ementa": "Solicita remo\u00e7\u00e3o do antigo abrigo de ponto de taxi, situado na Rua Teixeira de Freitas, no  Bairro Rio Branco."}, {"id": 21005, "ano": 2013, "numero": 521, "tipo__sigla": "IND", "tipo__descricao": "Indica\u00e7\u00e3o/Pedido de Provid\u00eancias", "autoria__autor__nome": "Sergio Hanich", "texto_original": "https://sapl.camaranh.rs.gov.br/media/sapl/public/materialegislativa/2013/21005/21005_texto_integral.odt", "ementa": "Solicita reparos na pavimenta\u00e7\u00e3o junto ao meio-fio da Av. Pedro Adams Filho, em frente ao n\u00ba 750, Bairro Santo Afonso."}, {"id": 21006, "ano": 2013, "numero": 522, "tipo__sigla": "IND", "tipo__descricao": "Indica\u00e7\u00e3o/Pedido de Provid\u00eancias", "autoria__autor__nome": "Sergio Hanich", "texto_original": "https://sapl.camaranh.rs.gov.br/media/sapl/public/materialegislativa/2013/21006/21006_texto_integral.odt", "ementa": "Solicita estudo de viabilidade para coloca\u00e7\u00e3o de redutor de velocidade e sinaliza\u00e7\u00e3o de tr\u00e2nsito eficaz na Rua Ven\u00e2ncio Aires, trecho entre as Ruas Casca e Tamandu\u00e1, Bairro Canudos."}, {"id": 21007, "ano": 2013, "numero": 523, "tipo__sigla": "IND", "tipo__descricao": "Indica\u00e7\u00e3o/Pedido de Provid\u00eancias", "autoria__autor__nome": "Sergio Hanich", "texto_original": "https://sapl.camaranh.rs.gov.br/media/sapl/public/materialegislativa/2013/21007/21007_texto_integral.odt", "ementa": "Solicita reparos na pavimenta\u00e7\u00e3o junto ao meio-fio da Rua Assuncion, em frente ao n\u00ba 745, Bairro Santo Afonso."}, {"id": 21010, "ano": 2013, "numero": 524, "tipo__sigla": "IND", "tipo__descricao": "Indica\u00e7\u00e3o/Pedido de Provid\u00eancias", "autoria__autor__nome": "Sergio Hanich", "texto_original": "https://sapl.camaranh.rs.gov.br/media/sapl/public/materialegislativa/2013/21010/21010_texto_integral.odt", "ementa": "Solicita coloca\u00e7\u00e3o de quebra-molas na Rua Irm\u00e3 Lina, nas proximidades do n\u00ba 240, Bairro S\u00e3o Jorge."}, {"id": 21011, "ano": 2013, "numero": 525, "tipo__sigla": "IND", "tipo__descricao": "Indica\u00e7\u00e3o/Pedido de Provid\u00eancias", "autoria__autor__nome": "Sergio Hanich", "texto_original": "https://sapl.camaranh.rs.gov.br/media/sapl/public/materialegislativa/2013/21011/21011_texto_integral.odt", "ementa": "Solicita coloca\u00e7\u00e3o de sinaliza\u00e7\u00e3o de tr\u00e2nsito eficaz na Rua Pedro Boll Filho, no trecho entre as Ruas Ara\u00e7atuba e Irm\u00e3 Lina, Bairro S\u00e3o Jorge."}, {"id": 21012, "ano": 2013, "numero": 526, "tipo__sigla": "IND", "tipo__descricao": "Indica\u00e7\u00e3o/Pedido de Provid\u00eancias", "autoria__autor__nome": "Luiz Fernando Farias", "texto_original": "https://sapl.camaranh.rs.gov.br/media/sapl/public/materialegislativa/2013/21012/21012_texto_integral.odt", "ementa": "Solicita implanta\u00e7\u00e3o de redutor de velocidade (quebra-molas) na Rua Pedro Boll Filho, nas proximidades do n\u00ba 147, na Vila Kraemer, Bairro S\u00e3o Jorge."}, {"id": 21014, "ano": 2013, "numero": 527, "tipo__sigla": "IND", "tipo__descricao": "Indica\u00e7\u00e3o/Pedido de Provid\u00eancias", "autoria__autor__nome": "Raul Cassel", "texto_original": "https://sapl.camaranh.rs.gov.br/media/sapl/public/materialegislativa/2013/21014/21014_texto_integral.odt", "ementa": "Solicita poda corretiva dos arbustos centrais, na Av. Cel. Frederico Linck, no trecho compreendido entre a Av. Na\u00e7\u00f5es Unidas e a Rua Aimor\u00e9."}, {"id": 21015, "ano": 2013, "numero": 528, "tipo__sigla": "IND", "tipo__descricao": "Indica\u00e7\u00e3o/Pedido de Provid\u00eancias", "autoria__autor__nome": "Raul Cassel", "texto_original": "https://sapl.camaranh.rs.gov.br/media/sapl/public/materialegislativa/2013/21015/21015_texto_integral.odt", "ementa": "Solicita estudo sobre a viabilidade de utiliza\u00e7\u00e3o do espa\u00e7o para estacionamento de ve\u00edculos na Av. Primeiro de Mar\u00e7o.            "}, {"id": 21017, "ano": 2013, "numero": 529, "tipo__sigla": "IND", "tipo__descricao": "Indica\u00e7\u00e3o/Pedido de Provid\u00eancias", "autoria__autor__nome": "JorgeTatsch", "texto_original": "https://sapl.camaranh.rs.gov.br/media/sapl/public/materialegislativa/2013/21017/21017_texto_integral.odt", "ementa": "Solicita opera\u00e7\u00e3o tapa-buracos em toda a extens\u00e3o da Rua Harmonia, no Bairro Santo Afonso."}, {"id": 21018, "ano": 2013, "numero": 530, "tipo__sigla": "IND", "tipo__descricao": "Indica\u00e7\u00e3o/Pedido de Provid\u00eancias", "autoria__autor__nome": "JorgeTatsch", "texto_original": "https://sapl.camaranh.rs.gov.br/media/sapl/public/materialegislativa/2013/21018/21018_texto_integral.odt", "ementa": "Solicita coloca\u00e7\u00e3o de tela de prote\u00e7\u00e3o no campo de futebol da Rua Alfredo Rui Rheinheimer, no Bairro Santo Afonso."}, {"id": 21019, "ano": 2013, "numero": 531, "tipo__sigla": "IND", "tipo__descricao": "Indica\u00e7\u00e3o/Pedido de Provid\u00eancias", "autoria__autor__nome": "JorgeTatsch", "texto_original": "https://sapl.camaranh.rs.gov.br/media/sapl/public/materialegislativa/2013/21019/21019_texto_integral.odt", "ementa": "Solicita coloca\u00e7\u00e3o de meio-fio no passeio p\u00fablico da Rua M\u00e9xico, em frente ao n\u00ba 802, no Bairro Santo Afonso."}, {"id": 21020, "ano": 2013, "numero": 532, "tipo__sigla": "IND", "tipo__descricao": "Indica\u00e7\u00e3o/Pedido de Provid\u00eancias", "autoria__autor__nome": "Raul Cassel", "texto_original": "https://sapl.camaranh.rs.gov.br/media/sapl/public/materialegislativa/2013/21020/21020_texto_integral.odt", "ementa": "Solicita fiscaliza\u00e7\u00e3o, por parte da SEDETUR, quanto \u00e0 instala\u00e7\u00e3o de ambulantes para venda de produtos aliment\u00edcios na Rua Castro Alves, 166, no Bairro Rio Branco, em frente \u00e0 sociedade Gin\u00e1stica."}, {"id": 21021, "ano": 2013, "numero": 533, "tipo__sigla": "IND", "tipo__descricao": "Indica\u00e7\u00e3o/Pedido de Provid\u00eancias", "autoria__autor__nome": "JorgeTatsch", "texto_original": "https://sapl.camaranh.rs.gov.br/media/sapl/public/materialegislativa/2013/21021/21021_texto_integral.odt", "ementa": "Solicita reformas e melhorias na Escola Municipal Padre R\u00e9us."}, {"id": 21022, "ano": 2013, "numero": 534, "tipo__sigla": "IND", "tipo__descricao": "Indica\u00e7\u00e3o/Pedido de Provid\u00eancias", "autoria__autor__nome": "JorgeTatsch", "texto_original": "https://sapl.camaranh.rs.gov.br/media/sapl/public/materialegislativa/2013/21022/21022_texto_integral.odt", "ementa": "Solicita coloca\u00e7\u00e3o de meio-fio no passeio p\u00fablico na Rua La Haba\u00f1a, em frente ao n\u00famero 618, no Bairro Santo Afonso."}, {"id": 21023, "ano": 2013, "numero": 535, "tipo__sigla": "IND", "tipo__descricao": "Indica\u00e7\u00e3o/Pedido de Provid\u00eancias", "autoria__autor__nome": "JorgeTatsch", "texto_original": "https://sapl.camaranh.rs.gov.br/media/sapl/public/materialegislativa/2013/21023/21023_texto_integral.odt", "ementa": "Solicita patrolamento e britas na Rua 01, na Vila Palmeira, no Bairro Santo Afonso. "}, {"id": 21024, "ano": 2013, "numero": 536, "tipo__sigla": "IND", "tipo__descricao": "Indica\u00e7\u00e3o/Pedido de Provid\u00eancias", "autoria__autor__nome": "JorgeTatsch", "texto_original": "https://sapl.camaranh.rs.gov.br/media/sapl/public/materialegislativa/2013/21024/21024_texto_integral.odt", "ementa": "Solicita limpeza, corte de grama e melhorias na pra\u00e7a localizada na Av. Buenos Aires, no Bairro Santo Afonso."}, {"id": 21029, "ano": 2013, "numero": 537, "tipo__sigla": "IND", "tipo__descricao": "Indica\u00e7\u00e3o/Pedido de Provid\u00eancias", "autoria__autor__nome": "Betinho", "texto_original": "https://sapl.camaranh.rs.gov.br/media/sapl/public/materialegislativa/2013/21029/21029_texto_integral.odt", "ementa": "Solicita limpeza e ro\u00e7ada na pra\u00e7a do antigo campo da Vila Odete, no Bairro Liberdade. "}, {"id": 21030, "ano": 2013, "numero": 538, "tipo__sigla": "IND", "tipo__descricao": "Indica\u00e7\u00e3o/Pedido de Provid\u00eancias", "autoria__autor__nome": "Betinho", "texto_original": "https://sapl.camaranh.rs.gov.br/media/sapl/public/materialegislativa/2013/21030/21030_texto_integral.odt", "ementa": "Solicita limpeza e ro\u00e7ada no Dique do Bairro Santo Afonso em toda a sua extens\u00e3o at\u00e9 a casa de bombas."}, {"id": 21031, "ano": 2013, "numero": 539, "tipo__sigla": "IND", "tipo__descricao": "Indica\u00e7\u00e3o/Pedido de Provid\u00eancias", "autoria__autor__nome": "Betinho", "texto_original": "https://sapl.camaranh.rs.gov.br/media/sapl/public/materialegislativa/2013/21031/21031_texto_integral.odt", "ementa": "Solicita limpeza do Arroio Gauchinho, entre a Esta\u00e7\u00e3o Santo Afonso e a ponte do arroio na Rua Dr. Sim\u00f5es Lopes, na Vila Odete, Bairro Liberdade."}, {"id": 21032, "ano": 2013, "numero": 540, "tipo__sigla": "IND", "tipo__descricao": "Indica\u00e7\u00e3o/Pedido de Provid\u00eancias", "autoria__autor__nome": "Raul Cassel", "texto_original": "https://sapl.camaranh.rs.gov.br/media/sapl/public/materialegislativa/2013/21032/21032_texto_integral.odt", "ementa": "Solicita que seja instalada prote\u00e7\u00e3o em hidrante localizado na esquina das Ruas Carioca e Parati, no Bairro Jardim Mau\u00e1."}, {"id": 21033, "ano": 2013, "numero": 541, "tipo__sigla": "IND", "tipo__descricao": "Indica\u00e7\u00e3o/Pedido de Provid\u00eancias", "autoria__autor__nome": "Inspetor Luz", "texto_original": "https://sapl.camaranh.rs.gov.br/media/sapl/public/materialegislativa/2013/21033/21033_texto_integral.odt", "ementa": "Solicita amplia\u00e7\u00e3o da rede de ilumina\u00e7\u00e3o p\u00fablica e substitui\u00e7\u00e3o das l\u00e2mpadas por outras de vapor de s\u00f3dio em toda extens\u00e3o da Rua Bom Princ\u00edpio, Bairro Canudos."}, {"id": 21085, "ano": 2013, "numero": 542, "tipo__sigla": "IND", "tipo__descricao": "Indica\u00e7\u00e3o/Pedido de Provid\u00eancias", "autoria__autor__nome": "Inspetor Luz", "texto_original": "https://sapl.camaranh.rs.gov.br/media/sapl/public/materialegislativa/2013/21085/21085_texto_integral.odt", "ementa": "Solicita recomposi\u00e7\u00e3o asf\u00e1ltica da Rua Gramado, em frente ao n\u00ba 160, no Bairro Ideal."}, {"id": 21035, "ano": 2013, "numero": 543, "tipo__sigla": "IND", "tipo__descricao": "Indica\u00e7\u00e3o/Pedido de Provid\u00eancias", "autoria__autor__nome": "Inspetor Luz", "texto_original": "https://sapl.camaranh.rs.gov.br/media/sapl/public/materialegislativa/2013/21035/21035_texto_integral.odt", "ementa": "Solicita capina e limpeza junto ao meio-fio em toda a extens\u00e3o da Rua Major Andr\u00e9 Klipp, Bairro Boa Sa\u00fade."}, {"id": 21036, "ano": 2013, "numero": 544, "tipo__sigla": "IND", "tipo__descricao": "Indica\u00e7\u00e3o/Pedido de Provid\u00eancias", "autoria__autor__nome": "Inspetor Luz", "texto_original": "https://sapl.camaranh.rs.gov.br/media/sapl/public/materialegislativa/2013/21036/21036_texto_integral.odt", "ementa": "Solicita capina e limpeza junto ao meio-fio em toda a extens\u00e3o da Rua Arthur Silveira dos Santos, Bairro Boa Sa\u00fade."}, {"id": 21037, "ano": 2013, "numero": 545, "tipo__sigla": "IND", "tipo__descricao": "Indica\u00e7\u00e3o/Pedido de Provid\u00eancias", "autoria__autor__nome": "Inspetor Luz", "texto_original": "https://sapl.camaranh.rs.gov.br/media/sapl/public/materialegislativa/2013/21037/21037_texto_integral.odt", "ementa": "Solicita amplia\u00e7\u00e3o da rede de ilumina\u00e7\u00e3o p\u00fablica e substitui\u00e7\u00e3o das l\u00e2mpadas por outras de vapor de s\u00f3dio em toda extens\u00e3o da Rua Jo\u00e3o Corr\u00eaa, no Bairro Santo Afonso."}, {"id": 21038, "ano": 2013, "numero": 546, "tipo__sigla": "IND", "tipo__descricao": "Indica\u00e7\u00e3o/Pedido de Provid\u00eancias", "autoria__autor__nome": "Inspetor Luz", "texto_original": "https://sapl.camaranh.rs.gov.br/media/sapl/public/materialegislativa/2013/21038/21038_texto_integral.odt", "ementa": "Solicita recomposi\u00e7\u00e3o asf\u00e1ltica em frente ao n\u00ba 408 da Rua Capit\u00e3o Montanha, Bairro Oper\u00e1rio."}, {"id": 21039, "ano": 2013, "numero": 547, "tipo__sigla": "IND", "tipo__descricao": "Indica\u00e7\u00e3o/Pedido de Provid\u00eancias", "autoria__autor__nome": "Inspetor Luz", "texto_original": "https://sapl.camaranh.rs.gov.br/media/sapl/public/materialegislativa/2013/21039/21039_texto_integral.odt", "ementa": "Solicita remo\u00e7\u00e3o de galhos e entulhos depositados nas proximidades do n\u00ba 257 da Rua Tupanciret\u00e3, no Bairro Ideal."}, {"id": 21040, "ano": 2013, "numero": 548, "tipo__sigla": "IND", "tipo__descricao": "Indica\u00e7\u00e3o/Pedido de Provid\u00eancias", "autoria__autor__nome": "Inspetor Luz", "texto_original": "https://sapl.camaranh.rs.gov.br/media/sapl/public/materialegislativa/2013/21040/21040_texto_integral.odt", "ementa": "Solicita recomposi\u00e7\u00e3o asf\u00e1ltica em frente ao n\u00ba 1328 da Rua Campo Bom, Bairro Canudos."}, {"id": 21044, "ano": 2013, "numero": 549, "tipo__sigla": "IND", "tipo__descricao": "Indica\u00e7\u00e3o/Pedido de Provid\u00eancias", "autoria__autor__nome": "Sergio Hanich", "texto_original": "https://sapl.camaranh.rs.gov.br/media/sapl/public/materialegislativa/2013/21044/21044_texto_integral.odt", "ementa": "Solicita reforma do pontilh\u00e3o de madeira na Avenida Alc\u00e2ntara, em frente ao n\u00ba 1787, sobre o Arroio Pampa, no Bairro S\u00e3o Jorge."}, {"id": 21045, "ano": 2013, "numero": 550, "tipo__sigla": "IND", "tipo__descricao": "Indica\u00e7\u00e3o/Pedido de Provid\u00eancias", "autoria__autor__nome": "Sergio Hanich", "texto_original": "https://sapl.camaranh.rs.gov.br/media/sapl/public/materialegislativa/2013/21045/21045_texto_integral.odt", "ementa": "Solicita desassoreamento e limpeza das margens  do Arroio Pampa na Avenida Alc\u00e2ntara, trecho entre as Ruas Benedito Calixto e Vereador Carlos Em\u00edlio Kolling, Bairro S\u00e3o Jorge."}, {"id": 21051, "ano": 2013, "numero": 551, "tipo__sigla": "IND", "tipo__descricao": "Indica\u00e7\u00e3o/Pedido de Provid\u00eancias", "autoria__autor__nome": "Betinho", "texto_original": "https://sapl.camaranh.rs.gov.br/media/sapl/public/materialegislativa/2013/21051/21051_texto_integral.odt", "ementa": "Solicita amplia\u00e7\u00e3o da rede de energia el\u00e9trica at\u00e9 a frente da resid\u00eancia de n\u00famero 160 da Rua Beira Lago."}, {"id": 21053, "ano": 2013, "numero": 552, "tipo__sigla": "IND", "tipo__descricao": "Indica\u00e7\u00e3o/Pedido de Provid\u00eancias", "autoria__autor__nome": "JorgeTatsch", "texto_original": "https://sapl.camaranh.rs.gov.br/media/sapl/public/materialegislativa/2013/21053/21053_texto_integral.odt", "ementa": "Solicita substitui\u00e7\u00e3o de l\u00e2mpada queimada na Rua Carlos Afonso Braunger, em frente ao n\u00ba183, Bairro Santo Afonso."}, {"id": 21056, "ano": 2013, "numero": 553, "tipo__sigla": "IND", "tipo__descricao": "Indica\u00e7\u00e3o/Pedido de Provid\u00eancias", "autoria__autor__nome": "JorgeTatsch", "texto_original": "https://sapl.camaranh.rs.gov.br/media/sapl/public/materialegislativa/2013/21056/21056_texto_integral.odt", "ementa": "Solicita desentupimento de esgoto na Av. Primeiro de Mar\u00e7o, em frente ao n\u00famero 4364, Bairro Liberdade."}, {"id": 21057, "ano": 2013, "numero": 554, "tipo__sigla": "IND", "tipo__descricao": "Indica\u00e7\u00e3o/Pedido de Provid\u00eancias", "autoria__autor__nome": "JorgeTatsch", "texto_original": "https://sapl.camaranh.rs.gov.br/media/sapl/public/materialegislativa/2013/21057/21057_texto_integral.odt", "ementa": "Solicita opera\u00e7\u00e3o tapa-buracos e nivelamento do asfalto na Rua Bruno Werner Storck, em frente ao n\u00famero 1384, no Bairro Canudos."}, {"id": 21058, "ano": 2013, "numero": 555, "tipo__sigla": "IND", "tipo__descricao": "Indica\u00e7\u00e3o/Pedido de Provid\u00eancias", "autoria__autor__nome": "JorgeTatsch", "texto_original": "https://sapl.camaranh.rs.gov.br/media/sapl/public/materialegislativa/2013/21058/21058_texto_integral.odt", "ementa": "Solicita  constru\u00e7\u00e3o de redutor de velocidade (quebra-molas) na Rua Costa Rica, nas proximidades dos n\u00fameros 496 e 482, no Bairro Santo Afonso."}, {"id": 21059, "ano": 2013, "numero": 556, "tipo__sigla": "IND", "tipo__descricao": "Indica\u00e7\u00e3o/Pedido de Provid\u00eancias", "autoria__autor__nome": "JorgeTatsch", "texto_original": "https://sapl.camaranh.rs.gov.br/media/sapl/public/materialegislativa/2013/21059/21059_texto_integral.odt", "ementa": "Solicita e constru\u00e7\u00e3o de redutores de velocidade (quebra-molas) na Rua Costa Rica, em frente ao n\u00famero 718 no Bairro Santo Afonso."}, {"id": 21060, "ano": 2013, "numero": 557, "tipo__sigla": "IND", "tipo__descricao": "Indica\u00e7\u00e3o/Pedido de Provid\u00eancias", "autoria__autor__nome": "JorgeTatsch", "texto_original": "https://sapl.camaranh.rs.gov.br/media/sapl/public/materialegislativa/2013/21060/21060_texto_integral.odt", "ementa": "Solicita limpeza do passeio p\u00fablico ao longo da Rua Presidente Neves, no Bairro Santo Afonso."}, {"id": 21075, "ano": 2013, "numero": 558, "tipo__sigla": "IND", "tipo__descricao": "Indica\u00e7\u00e3o/Pedido de Provid\u00eancias", "autoria__autor__nome": "Luiz Fernando Farias", "texto_original": "https://sapl.camaranh.rs.gov.br/media/sapl/public/materialegislativa/2013/21075/21075_texto_integral.odt", "ementa": "Solicita  implanta\u00e7\u00e3o de redutor de velocidade (quebra-molas) na Rua Vidal Brasil, nas proximidades do n\u00ba 224, no Bairro Hamburgo Velho."}, {"id": 21062, "ano": 2013, "numero": 559, "tipo__sigla": "IND", "tipo__descricao": "Indica\u00e7\u00e3o/Pedido de Provid\u00eancias", "autoria__autor__nome": "Inspetor Luz", "texto_original": "https://sapl.camaranh.rs.gov.br/media/sapl/public/materialegislativa/2013/21062/21062_texto_integral.odt", "ementa": "Solicita capina e limpeza junto ao meio-fio em toda a extens\u00e3o da Rua Artigas, no Bairro Industrial."}, {"id": 21063, "ano": 2013, "numero": 560, "tipo__sigla": "IND", "tipo__descricao": "Indica\u00e7\u00e3o/Pedido de Provid\u00eancias", "autoria__autor__nome": "Inspetor Luz", "texto_original": "https://sapl.camaranh.rs.gov.br/media/sapl/public/materialegislativa/2013/21063/21063_texto_integral.odt", "ementa": "Solicita capina e limpeza junto ao meio-fio em toda a extens\u00e3o da Rua Blumenau, no Bairro Ouro Branco."}, {"id": 21064, "ano": 2013, "numero": 561, "tipo__sigla": "IND", "tipo__descricao": "Indica\u00e7\u00e3o/Pedido de Provid\u00eancias", "autoria__autor__nome": "Inspetor Luz", "texto_original": "https://sapl.camaranh.rs.gov.br/media/sapl/public/materialegislativa/2013/21064/21064_texto_integral.odt", "ementa": "Solicita capina e limpeza junto ao meio-fio em toda a extens\u00e3o da Rua Jos\u00e9 Pl\u00e1cido de Castro, no Bairro Canudos."}, {"id": 21065, "ano": 2013, "numero": 562, "tipo__sigla": "IND", "tipo__descricao": "Indica\u00e7\u00e3o/Pedido de Provid\u00eancias", "autoria__autor__nome": "Inspetor Luz", "texto_original": "https://sapl.camaranh.rs.gov.br/media/sapl/public/materialegislativa/2013/21065/21065_texto_integral.odt", "ementa": "Solicita capina e limpeza junto ao meio-fio em toda a extens\u00e3o da Rua Minuano, no Bairro Industrial."}, {"id": 21066, "ano": 2013, "numero": 563, "tipo__sigla": "IND", "tipo__descricao": "Indica\u00e7\u00e3o/Pedido de Provid\u00eancias", "autoria__autor__nome": "Inspetor Luz", "texto_original": "https://sapl.camaranh.rs.gov.br/media/sapl/public/materialegislativa/2013/21066/21066_texto_integral.odt", "ementa": "Solicita capina e limpeza junto ao meio-fio, em toda a extens\u00e3o da Rua Joinville, no Bairro Ouro Branco."}, {"id": 21067, "ano": 2013, "numero": 564, "tipo__sigla": "IND", "tipo__descricao": "Indica\u00e7\u00e3o/Pedido de Provid\u00eancias", "autoria__autor__nome": "Cristiano Coller", "texto_original": "https://sapl.camaranh.rs.gov.br/media/sapl/public/materialegislativa/2013/21067/21067_texto_integral.odt", "ementa": "Solicita limpeza e ro\u00e7ada em toda a extens\u00e3o da Rua Guia Lopes (cord\u00f5es e cal\u00e7adas), no Bairro Santo Afonso."}, {"id": 21068, "ano": 2013, "numero": 565, "tipo__sigla": "IND", "tipo__descricao": "Indica\u00e7\u00e3o/Pedido de Provid\u00eancias", "autoria__autor__nome": "Cristiano Coller", "texto_original": "https://sapl.camaranh.rs.gov.br/media/sapl/public/materialegislativa/2013/21068/21068_texto_integral.odt", "ementa": "Solicita coloca\u00e7\u00e3o de brinquedos no Bairro Liberdade."}, {"id": 21069, "ano": 2013, "numero": 566, "tipo__sigla": "IND", "tipo__descricao": "Indica\u00e7\u00e3o/Pedido de Provid\u00eancias", "autoria__autor__nome": "Cristiano Coller", "texto_original": "https://sapl.camaranh.rs.gov.br/media/sapl/public/materialegislativa/2013/21069/21069_texto_integral.odt", "ementa": "Solicita limpeza e ro\u00e7ada em toda extens\u00e3o da Rua Sapiranga (cord\u00f5es e cal\u00e7adas), no Bairro Canudos."}, {"id": 21070, "ano": 2013, "numero": 567, "tipo__sigla": "IND", "tipo__descricao": "Indica\u00e7\u00e3o/Pedido de Provid\u00eancias", "autoria__autor__nome": "Inspetor Luz", "texto_original": "https://sapl.camaranh.rs.gov.br/media/sapl/public/materialegislativa/2013/21070/21070_texto_integral.odt", "ementa": "Solicita capina e limpeza junto ao meio-fio, em toda a extens\u00e3o da Rua Brusque, no Bairro Ouro Branco."}, {"id": 21071, "ano": 2013, "numero": 568, "tipo__sigla": "IND", "tipo__descricao": "Indica\u00e7\u00e3o/Pedido de Provid\u00eancias", "autoria__autor__nome": "Cristiano Coller", "texto_original": "https://sapl.camaranh.rs.gov.br/media/sapl/public/materialegislativa/2013/21071/21071_texto_integral.pdf", "ementa": "Solicita instala\u00e7\u00e3o de aparelhos de \"academia ao ar livre\" na Rua S\u00e3o Leopoldo, esquina com a Rua Macap\u00e1,  no Bairro Liberdade."}, {"id": 21072, "ano": 2013, "numero": 569, "tipo__sigla": "IND", "tipo__descricao": "Indica\u00e7\u00e3o/Pedido de Provid\u00eancias", "autoria__autor__nome": "Enfermeiro Vilmar", "texto_original": "https://sapl.camaranh.rs.gov.br/media/sapl/public/materialegislativa/2013/21072/21072_texto_integral.odt", "ementa": "Solicita poda de \u00e1rvore na Rua Bom Princ\u00edpio, N\u00ba 662 - Bairro Canudos."}, {"id": 21076, "ano": 2013, "numero": 570, "tipo__sigla": "IND", "tipo__descricao": "Indica\u00e7\u00e3o/Pedido de Provid\u00eancias", "autoria__autor__nome": "Luiz Fernando Farias", "texto_original": "https://sapl.camaranh.rs.gov.br/media/sapl/public/materialegislativa/2013/21076/21076_texto_integral.odt", "ementa": "Sugere ao Poder Executivo que ao executar obras de capeamento asf\u00e1ltico em vias pavimentadas com pedra irregular ou n\u00e3o pavimentadas, viabilize em locais determinados, ap\u00f3s estudo t\u00e9cnico, a implanta\u00e7\u00e3o de redutores de velocidade concomitantemente \u00e0 realiza\u00e7\u00e3o da obra."}, {"id": 21082, "ano": 2013, "numero": 571, "tipo__sigla": "IND", "tipo__descricao": "Indica\u00e7\u00e3o/Pedido de Provid\u00eancias", "autoria__autor__nome": "Professor Issur Koch", "texto_original": "https://sapl.camaranh.rs.gov.br/media/sapl/public/materialegislativa/2013/21082/21082_texto_integral.odt", "ementa": "Solicita limpeza na Pra\u00e7a Santa Rita de C\u00e1ssia, localizada na Rua Gustavo Leopoldo Feltes, Bairro Canudos."}, {"id": 21083, "ano": 2013, "numero": 572, "tipo__sigla": "IND", "tipo__descricao": "Indica\u00e7\u00e3o/Pedido de Provid\u00eancias", "autoria__autor__nome": "Professor Issur Koch", "texto_original": "https://sapl.camaranh.rs.gov.br/media/sapl/public/materialegislativa/2013/21083/21083_texto_integral.odt", "ementa": "Sugere estudo de viabilidade de implanta\u00e7\u00e3o de antenas de \"Wi-Fi\", internet gratuita, para a comunidade."}, {"id": 21084, "ano": 2013, "numero": 573, "tipo__sigla": "IND", "tipo__descricao": "Indica\u00e7\u00e3o/Pedido de Provid\u00eancias", "autoria__autor__nome": "Professor Issur Koch", "texto_original": "https://sapl.camaranh.rs.gov.br/media/sapl/public/materialegislativa/2013/21084/21084_texto_integral.odt", "ementa": "Sugere estudo de viabilidade do aumento de locais para estacionamento nos arredores da Universidade Feevale."}, {"id": 21087, "ano": 2013, "numero": 574, "tipo__sigla": "IND", "tipo__descricao": "Indica\u00e7\u00e3o/Pedido de Provid\u00eancias", "autoria__autor__nome": "Felipe Kuhn Braun", "texto_original": "https://sapl.camaranh.rs.gov.br/media/sapl/public/materialegislativa/2013/21087/21087_texto_integral.odt", "ementa": "Solicita alargamento do Beco I, ao lado do Col\u00e9gio Maur\u00edcio Sirotzky Sobrinho, na Rua Humait\u00e1, Bairro Santo Afonso."}, {"id": 21088, "ano": 2013, "numero": 575, "tipo__sigla": "IND", "tipo__descricao": "Indica\u00e7\u00e3o/Pedido de Provid\u00eancias", "autoria__autor__nome": "Felipe Kuhn Braun", "texto_original": "https://sapl.camaranh.rs.gov.br/media/sapl/public/materialegislativa/2013/21088/21088_texto_integral.odt", "ementa": "Solicita a instala\u00e7\u00e3o de um redutor de velocidade (quebra-molas) na Rua Engenheiro Jorge Schury, esquina com a Rua Anchieta, Bairro S\u00e3o Jorge."}, {"id": 21089, "ano": 2013, "numero": 576, "tipo__sigla": "IND", "tipo__descricao": "Indica\u00e7\u00e3o/Pedido de Provid\u00eancias", "autoria__autor__nome": "Gerson Peteffi", "texto_original": "https://sapl.camaranh.rs.gov.br/media/sapl/public/materialegislativa/2013/21089/21089_texto_integral.odt", "ementa": "Solicita recomposi\u00e7\u00e3o asf\u00e1ltica na Rua Epit\u00e1cio Pessoa, em frente ao n\u00ba 161, Bairro Primavera."}, {"id": 21091, "ano": 2013, "numero": 577, "tipo__sigla": "IND", "tipo__descricao": "Indica\u00e7\u00e3o/Pedido de Provid\u00eancias", "autoria__autor__nome": "Inspetor Luz", "texto_original": "https://sapl.camaranh.rs.gov.br/media/sapl/public/materialegislativa/2013/21091/21091_texto_integral.odt", "ementa": "Solicita recomposi\u00e7\u00e3o asf\u00e1ltica em toda extens\u00e3o da Rua Castro Alves, no Bairro Rio Branco."}, {"id": 21092, "ano": 2013, "numero": 578, "tipo__sigla": "IND", "tipo__descricao": "Indica\u00e7\u00e3o/Pedido de Provid\u00eancias", "autoria__autor__nome": "Inspetor Luz", "texto_original": "https://sapl.camaranh.rs.gov.br/media/sapl/public/materialegislativa/2013/21092/21092_texto_integral.odt", "ementa": "Solicita recomposi\u00e7\u00e3o asf\u00e1ltica em toda extens\u00e3o da Rua Crist\u00f3v\u00e3o Colombo, no Bairro Vila Rosa. "}, {"id": 21093, "ano": 2013, "numero": 579, "tipo__sigla": "IND", "tipo__descricao": "Indica\u00e7\u00e3o/Pedido de Provid\u00eancias", "autoria__autor__nome": "Inspetor Luz", "texto_original": "https://sapl.camaranh.rs.gov.br/media/sapl/public/materialegislativa/2013/21093/21093_texto_integral.odt", "ementa": "Solicita capina e limpeza junto ao meio-fio em toda extens\u00e3o da Rua  Rod\u00e9sia, no Bairro Rinc\u00e3o."}, {"id": 21095, "ano": 2013, "numero": 580, "tipo__sigla": "IND", "tipo__descricao": "Indica\u00e7\u00e3o/Pedido de Provid\u00eancias", "autoria__autor__nome": "Inspetor Luz", "texto_original": "https://sapl.camaranh.rs.gov.br/media/sapl/public/materialegislativa/2013/21095/21095_texto_integral.odt", "ementa": "Solicita melhorias na rede de ilumina\u00e7\u00e3o p\u00fablica em toda extens\u00e3o  da Rua Pedro Quaresma da Silva, Bairro Boa Sa\u00fade."}, {"id": 21096, "ano": 2013, "numero": 581, "tipo__sigla": "IND", "tipo__descricao": "Indica\u00e7\u00e3o/Pedido de Provid\u00eancias", "autoria__autor__nome": "Inspetor Luz", "texto_original": "https://sapl.camaranh.rs.gov.br/media/sapl/public/materialegislativa/2013/21096/21096_texto_integral.odt", "ementa": "Solicita melhorias na rede de ilumina\u00e7\u00e3o p\u00fablica em toda extens\u00e3o  da Rua Alto Uruguai,  Bairro Rinc\u00e3o."}, {"id": 21097, "ano": 2013, "numero": 582, "tipo__sigla": "IND", "tipo__descricao": "Indica\u00e7\u00e3o/Pedido de Provid\u00eancias", "autoria__autor__nome": "Inspetor Luz", "texto_original": "https://sapl.camaranh.rs.gov.br/media/sapl/public/materialegislativa/2013/21097/21097_texto_integral.odt", "ementa": "Solicita asfaltamento da Rua Tarso Dutra, no Bairro Hamburgo Velho."}, {"id": 21098, "ano": 2013, "numero": 583, "tipo__sigla": "IND", "tipo__descricao": "Indica\u00e7\u00e3o/Pedido de Provid\u00eancias", "autoria__autor__nome": "Inspetor Luz", "texto_original": "https://sapl.camaranh.rs.gov.br/media/sapl/public/materialegislativa/2013/21098/21098_texto_integral.odt", "ementa": "Solicita asfaltamento da Rua Irm\u00e3 Am\u00e1lia no Bairro Hamburgo Velho."}, {"id": 21099, "ano": 2013, "numero": 584, "tipo__sigla": "IND", "tipo__descricao": "Indica\u00e7\u00e3o/Pedido de Provid\u00eancias", "autoria__autor__nome": "Inspetor Luz", "texto_original": "https://sapl.camaranh.rs.gov.br/media/sapl/public/materialegislativa/2013/21099/21099_texto_integral.odt", "ementa": "Solicita asfaltamento da Rua Herberto Korndorfer, no Bairro Hamburgo Velho."}, {"id": 21102, "ano": 2013, "numero": 585, "tipo__sigla": "IND", "tipo__descricao": "Indica\u00e7\u00e3o/Pedido de Provid\u00eancias", "autoria__autor__nome": "Gerson Peteffi", "texto_original": "https://sapl.camaranh.rs.gov.br/media/sapl/public/materialegislativa/2013/21102/21102_texto_integral.odt", "ementa": "Solicita vistoria da Vigil\u00e2ncia Sanit\u00e1ria, em terreno baldio localizado na Rua Major Luiz Bender, em frente a Fish TV, Centro. "}, {"id": 21103, "ano": 2013, "numero": 586, "tipo__sigla": "IND", "tipo__descricao": "Indica\u00e7\u00e3o/Pedido de Provid\u00eancias", "autoria__autor__nome": "Gerson Peteffi", "texto_original": "https://sapl.camaranh.rs.gov.br/media/sapl/public/materialegislativa/2013/21103/21103_texto_integral.odt", "ementa": "Solicita asfaltamento ou coloca\u00e7\u00e3o de pedra irregular na Rua Angelica Peteffi, entre a Rua Planalto e a Estrada Jos\u00e9 Affonso Hoher, Lomba Grande."}, {"id": 21104, "ano": 2013, "numero": 587, "tipo__sigla": "IND", "tipo__descricao": "Indica\u00e7\u00e3o/Pedido de Provid\u00eancias", "autoria__autor__nome": "JorgeTatsch", "texto_original": "https://sapl.camaranh.rs.gov.br/media/sapl/public/materialegislativa/2013/21104/21104_texto_integral.odt", "ementa": "Solicita patrolamento e britas na Rua da Divisa, na Vila Palmeira, Bairro Santo Afonso. "}, {"id": 21105, "ano": 2013, "numero": 588, "tipo__sigla": "IND", "tipo__descricao": "Indica\u00e7\u00e3o/Pedido de Provid\u00eancias", "autoria__autor__nome": "JorgeTatsch", "texto_original": "https://sapl.camaranh.rs.gov.br/media/sapl/public/materialegislativa/2013/21105/21105_texto_integral.odt", "ementa": "Solicita patrolamento e britas na Rua Das Palmeiras, nas proximidades do n\u00famero 02, no Bairro Santo Afonso. "}, {"id": 21106, "ano": 2013, "numero": 589, "tipo__sigla": "IND", "tipo__descricao": "Indica\u00e7\u00e3o/Pedido de Provid\u00eancias", "autoria__autor__nome": "JorgeTatsch", "texto_original": "https://sapl.camaranh.rs.gov.br/media/sapl/public/materialegislativa/2013/21106/21106_texto_integral.odt", "ementa": "Solicita opera\u00e7\u00e3o tapa-buracos e nivelamento do asfalto na Rua Punta Arenas, em frente aos n\u00fameros 202 e 236, no Bairro Santo Afonso."}, {"id": 21107, "ano": 2013, "numero": 590, "tipo__sigla": "IND", "tipo__descricao": "Indica\u00e7\u00e3o/Pedido de Provid\u00eancias", "autoria__autor__nome": "JorgeTatsch", "texto_original": "https://sapl.camaranh.rs.gov.br/media/sapl/public/materialegislativa/2013/21107/21107_texto_integral.odt", "ementa": "Solicita patrolamento e britas na Rua Seis, esquina com a Rua Presidente Neves, no Bairro Santo Afonso. "}, {"id": 21108, "ano": 2013, "numero": 591, "tipo__sigla": "IND", "tipo__descricao": "Indica\u00e7\u00e3o/Pedido de Provid\u00eancias", "autoria__autor__nome": "JorgeTatsch", "texto_original": "https://sapl.camaranh.rs.gov.br/media/sapl/public/materialegislativa/2013/21108/21108_texto_integral.odt", "ementa": "Solicita patrolamento e britas na Rua Sete, esquina com a Rua Presidente Neves, no Bairro Santo Afonso. "}, {"id": 21109, "ano": 2013, "numero": 592, "tipo__sigla": "IND", "tipo__descricao": "Indica\u00e7\u00e3o/Pedido de Provid\u00eancias", "autoria__autor__nome": "JorgeTatsch", "texto_original": "https://sapl.camaranh.rs.gov.br/media/sapl/public/materialegislativa/2013/21109/21109_texto_integral.odt", "ementa": "Solicita desentupimento de esgoto na Rua Panam\u00e1, esquina com a Rua Lima, em frente ao n\u00famero 340, Bairro Santo Afonso."}, {"id": 21110, "ano": 2013, "numero": 593, "tipo__sigla": "IND", "tipo__descricao": "Indica\u00e7\u00e3o/Pedido de Provid\u00eancias", "autoria__autor__nome": "JorgeTatsch", "texto_original": "https://sapl.camaranh.rs.gov.br/media/", "ementa": "ANULADA POR DUPLICIDADE COM O PEDIDO DE PROVID\u00caNCIAS N\u00ba 593/2013."}, {"id": 21111, "ano": 2013, "numero": 594, "tipo__sigla": "IND", "tipo__descricao": "Indica\u00e7\u00e3o/Pedido de Provid\u00eancias", "autoria__autor__nome": "JorgeTatsch", "texto_original": "https://sapl.camaranh.rs.gov.br/media/sapl/public/materialegislativa/2013/21111/21111_texto_integral.odt", "ementa": "Solicita constru\u00e7\u00e3o de redutor de velocidade (quebra-molas) na Rua Buenos Aires, esquina com a Rua Otawa, no Bairro Santo Afonso."}, {"id": 21112, "ano": 2013, "numero": 595, "tipo__sigla": "IND", "tipo__descricao": "Indica\u00e7\u00e3o/Pedido de Provid\u00eancias", "autoria__autor__nome": "JorgeTatsch", "texto_original": "https://sapl.camaranh.rs.gov.br/media/", "ementa": "Solicita limpeza do passeio p\u00fablico na Rua Visconde de Ouro Preto, nas proximidades do n\u00famero 517, no Bairro Santo Afonso."}, {"id": 21114, "ano": 2013, "numero": 596, "tipo__sigla": "IND", "tipo__descricao": "Indica\u00e7\u00e3o/Pedido de Provid\u00eancias", "autoria__autor__nome": "Inspetor Luz", "texto_original": "https://sapl.camaranh.rs.gov.br/media/sapl/public/materialegislativa/2013/21114/21114_texto_integral.odt", "ementa": "Solicita opera\u00e7\u00e3o tapa-buracos em toda a extens\u00e3o da Rua Am\u00e9rica, no Bairro Canudos."}, {"id": 21115, "ano": 2013, "numero": 597, "tipo__sigla": "IND", "tipo__descricao": "Indica\u00e7\u00e3o/Pedido de Provid\u00eancias", "autoria__autor__nome": "Inspetor Luz", "texto_original": "https://sapl.camaranh.rs.gov.br/media/sapl/public/materialegislativa/2013/21115/21115_texto_integral.odt", "ementa": "Solicita opera\u00e7\u00e3o tapa-buracos em toda a extens\u00e3o da Rua Curitibanos, no Bairro Canudos."}, {"id": 21116, "ano": 2013, "numero": 598, "tipo__sigla": "IND", "tipo__descricao": "Indica\u00e7\u00e3o/Pedido de Provid\u00eancias", "autoria__autor__nome": "Inspetor Luz", "texto_original": "https://sapl.camaranh.rs.gov.br/media/sapl/public/materialegislativa/2013/21116/21116_texto_integral.odt", "ementa": "Solicita capina e limpeza junto ao meio-fio em toda extens\u00e3o da Rua Bar\u00e3o de Santo Angelo, Bairro Hamburgo Velho."}, {"id": 21117, "ano": 2013, "numero": 599, "tipo__sigla": "IND", "tipo__descricao": "Indica\u00e7\u00e3o/Pedido de Provid\u00eancias", "autoria__autor__nome": "Inspetor Luz", "texto_original": "https://sapl.camaranh.rs.gov.br/media/sapl/public/materialegislativa/2013/21117/21117_texto_integral.odt", "ementa": "Solicita remo\u00e7\u00e3o de galhos e entulhos depositados em frente ao n\u00ba 46 da Rua Potiguara, no Bairro Canudos ."}, {"id": 21118, "ano": 2013, "numero": 600, "tipo__sigla": "IND", "tipo__descricao": "Indica\u00e7\u00e3o/Pedido de Provid\u00eancias", "autoria__autor__nome": "Inspetor Luz", "texto_original": "https://sapl.camaranh.rs.gov.br/media/sapl/public/materialegislativa/2013/21118/21118_texto_integral.odt", "ementa": "Solicita revitaliza\u00e7\u00e3o da pintura das faixas de seguran\u00e7a no entroncamento da Rua Vicente da Fontoura e Av. Pedro Adams Filho, no Bairro Centro."}, {"id": 21119, "ano": 2013, "numero": 601, "tipo__sigla": "IND", "tipo__descricao": "Indica\u00e7\u00e3o/Pedido de Provid\u00eancias", "autoria__autor__nome": "Raul Cassel", "texto_original": "https://sapl.camaranh.rs.gov.br/media/sapl/public/materialegislativa/2013/21119/21119_texto_integral.odt", "ementa": " Solicita altera\u00e7\u00e3o de dado constante em placa informativa de obra p\u00fablica."}, {"id": 21120, "ano": 2013, "numero": 602, "tipo__sigla": "IND", "tipo__descricao": "Indica\u00e7\u00e3o/Pedido de Provid\u00eancias", "autoria__autor__nome": "Raul Cassel", "texto_original": "https://sapl.camaranh.rs.gov.br/media/sapl/public/materialegislativa/2013/21120/21120_texto_integral.odt", "ementa": "Solicita demarca\u00e7\u00e3o de vaga de estacionamento."}, {"id": 21123, "ano": 2013, "numero": 603, "tipo__sigla": "IND", "tipo__descricao": "Indica\u00e7\u00e3o/Pedido de Provid\u00eancias", "autoria__autor__nome": "Cristiano Coller", "texto_original": "https://sapl.camaranh.rs.gov.br/media/sapl/public/materialegislativa/2013/21123/21123_texto_integral.odt", "ementa": "Solicita estudo t\u00e9cnico sobre a viabilidade de altera\u00e7\u00e3o na prefer\u00eancia da Rotula na Av. Primeiro de Mar\u00e7o, no Bairro Liberdade."}, {"id": 21124, "ano": 2013, "numero": 604, "tipo__sigla": "IND", "tipo__descricao": "Indica\u00e7\u00e3o/Pedido de Provid\u00eancias", "autoria__autor__nome": "Cristiano Coller", "texto_original": "https://sapl.camaranh.rs.gov.br/media/sapl/public/materialegislativa/2013/21124/21124_texto_integral.odt", "ementa": " Solicita estudo t\u00e9cnico sobre a viabilidade de ser implantada convers\u00e3o a esquerda na Av. Sete  de Setembro, no Bairro Liberdade."}, {"id": 21127, "ano": 2013, "numero": 605, "tipo__sigla": "IND", "tipo__descricao": "Indica\u00e7\u00e3o/Pedido de Provid\u00eancias", "autoria__autor__nome": "Cristiano Coller", "texto_original": "https://sapl.camaranh.rs.gov.br/media/sapl/public/materialegislativa/2013/21127/21127_texto_integral.odt", "ementa": "Solicita constru\u00e7\u00e3o de bocas-de-lobo para capta\u00e7\u00e3o de \u00e1gua, na Rua Alvear, no Bairro Santo Afonso."}, {"id": 21128, "ano": 2013, "numero": 606, "tipo__sigla": "IND", "tipo__descricao": "Indica\u00e7\u00e3o/Pedido de Provid\u00eancias", "autoria__autor__nome": "Sergio Hanich", "texto_original": "https://sapl.camaranh.rs.gov.br/media/sapl/public/materialegislativa/2013/21128/21128_texto_integral.odt", "ementa": "Solicita substitui\u00e7\u00e3o de l\u00e2mpada fluorescente por vapor de s\u00f3dio na Rua Tom\u00e9 de Souza, em frente ao n\u00b0 393, Bairro P\u00e1tria Nova."}, {"id": 21129, "ano": 2013, "numero": 607, "tipo__sigla": "IND", "tipo__descricao": "Indica\u00e7\u00e3o/Pedido de Provid\u00eancias", "autoria__autor__nome": "Sergio Hanich", "texto_original": "https://sapl.camaranh.rs.gov.br/media/sapl/public/materialegislativa/2013/21129/21129_texto_integral.odt", "ementa": "Solicita opera\u00e7\u00e3o tapa-buracos na Rua Tom\u00e9 de Souza, trecho entre as Ruas Caramuru e Jo\u00e3o Pessoa, Bairro P\u00e1tria Nova."}, {"id": 21131, "ano": 2013, "numero": 608, "tipo__sigla": "IND", "tipo__descricao": "Indica\u00e7\u00e3o/Pedido de Provid\u00eancias", "autoria__autor__nome": "Roger Corr\u00eaa", "texto_original": "https://sapl.camaranh.rs.gov.br/media/sapl/public/materialegislativa/2013/21131/21131_texto_integral.odt", "ementa": "Solicita instala\u00e7\u00e3o de quebra-molas na Rua  Atan\u00e1sio Becker, em frente ao n\u00famero 386, no Bairro Canudos."}, {"id": 21133, "ano": 2013, "numero": 609, "tipo__sigla": "IND", "tipo__descricao": "Indica\u00e7\u00e3o/Pedido de Provid\u00eancias", "autoria__autor__nome": "Patr\u00edcia Beck", "texto_original": "https://sapl.camaranh.rs.gov.br/media/sapl/public/materialegislativa/2013/21133/21133_texto_integral.odt", "ementa": "Solicita coloca\u00e7\u00e3o de sinaleira na esquina  das Ruas 25 de Julho e Castro Alves, no Bairro Rio Branco."}, {"id": 21134, "ano": 2013, "numero": 610, "tipo__sigla": "IND", "tipo__descricao": "Indica\u00e7\u00e3o/Pedido de Provid\u00eancias", "autoria__autor__nome": "Patr\u00edcia Beck", "texto_original": "https://sapl.camaranh.rs.gov.br/media/sapl/public/materialegislativa/2013/21134/21134_texto_integral.odt", "ementa": "Solicita recolhimento de lixo localizado na Rua Marqu\u00eas do Alegrete, no trecho compreendido entre as Ruas Arax\u00e1 e Tr\u00eas de Outubro, no Bairro Ideal."}, {"id": 21135, "ano": 2013, "numero": 611, "tipo__sigla": "IND", "tipo__descricao": "Indica\u00e7\u00e3o/Pedido de Provid\u00eancias", "autoria__autor__nome": "Patr\u00edcia Beck", "texto_original": "https://sapl.camaranh.rs.gov.br/media/sapl/public/materialegislativa/2013/21135/21135_texto_integral.odt", "ementa": "Solicita intima\u00e7\u00e3o do propriet\u00e1rio do pr\u00e9dio abandonado para que proceda \u00e0 constru\u00e7\u00e3o da cal\u00e7ada na Rua Jaguari, em frente ao n\u00famero 412, Bairro Primavera."}, {"id": 21136, "ano": 2013, "numero": 612, "tipo__sigla": "IND", "tipo__descricao": "Indica\u00e7\u00e3o/Pedido de Provid\u00eancias", "autoria__autor__nome": "Patr\u00edcia Beck", "texto_original": "https://sapl.camaranh.rs.gov.br/media/sapl/public/materialegislativa/2013/21136/21136_texto_integral.odt", "ementa": "Solicita a pintura da faixa de pedestres em frente \u00e0 Escola de Educa\u00e7\u00e3o Infantil Gasparcride, localizada junto \u00e0 Rua Jos\u00e9 de Alencar, 222, Bairro Rio Branco."}, {"id": 21137, "ano": 2013, "numero": 613, "tipo__sigla": "IND", "tipo__descricao": "Indica\u00e7\u00e3o/Pedido de Provid\u00eancias", "autoria__autor__nome": "Patr\u00edcia Beck", "texto_original": "https://sapl.camaranh.rs.gov.br/media/sapl/public/materialegislativa/2013/21137/21137_texto_integral.odt", "ementa": "Solicita recomposi\u00e7\u00e3o asf\u00e1ltica da Rua Sapiranga, no trecho compreendido entre a Rua Bar\u00e3o do Santo \u00c2ngelo e a r\u00f3tula junto ao Centro Administrativo, Bairro Jardim Mau\u00e1."}, {"id": 21138, "ano": 2013, "numero": 614, "tipo__sigla": "IND", "tipo__descricao": "Indica\u00e7\u00e3o/Pedido de Provid\u00eancias", "autoria__autor__nome": "Patr\u00edcia Beck", "texto_original": "https://sapl.camaranh.rs.gov.br/media/sapl/public/materialegislativa/2013/21138/21138_texto_integral.odt", "ementa": "Solicita o aumento de tempo para a travessia dos pedestres para o sem\u00e1foro localizado na Rua 25 de Julho esquina com a Rua Jos\u00e9 do Patroc\u00ednio, Bairro  Rio Branco."}, {"id": 21139, "ano": 2013, "numero": 615, "tipo__sigla": "IND", "tipo__descricao": "Indica\u00e7\u00e3o/Pedido de Provid\u00eancias", "autoria__autor__nome": "Patr\u00edcia Beck", "texto_original": "https://sapl.camaranh.rs.gov.br/media/sapl/public/materialegislativa/2013/21139/21139_texto_integral.odt", "ementa": "Solicita limpeza do canteiro central, localizado na Av. Montevideo, esquina com a Rua La Paz, em frente ao n\u00famero 829, Bairro Santo Afonso."}, {"id": 21140, "ano": 2013, "numero": 616, "tipo__sigla": "IND", "tipo__descricao": "Indica\u00e7\u00e3o/Pedido de Provid\u00eancias", "autoria__autor__nome": "Patr\u00edcia Beck", "texto_original": "https://sapl.camaranh.rs.gov.br/media/sapl/public/materialegislativa/2013/21140/21140_texto_integral.odt", "ementa": "Solicita limpeza do terreno situado na Rua Bruno David Bohn, em frente ao n\u00famero 165, Bairro S\u00e3o Jorge."}, {"id": 21141, "ano": 2013, "numero": 617, "tipo__sigla": "IND", "tipo__descricao": "Indica\u00e7\u00e3o/Pedido de Provid\u00eancias", "autoria__autor__nome": "Patr\u00edcia Beck", "texto_original": "https://sapl.camaranh.rs.gov.br/media/sapl/public/materialegislativa/2013/21141/21141_texto_integral.odt", "ementa": "Solicita coloca\u00e7\u00e3o de uma lixeira comunit\u00e1ria junto \u00e0 Rua Guilherme Vielitz, em frente ao n\u00famero 1356, Bairro Canudos."}, {"id": 21142, "ano": 2013, "numero": 618, "tipo__sigla": "IND", "tipo__descricao": "Indica\u00e7\u00e3o/Pedido de Provid\u00eancias", "autoria__autor__nome": "Sergio Hanich", "texto_original": "https://sapl.camaranh.rs.gov.br/media/sapl/public/materialegislativa/2013/21142/21142_texto_integral.odt", "ementa": "Solicita melhorias no final da Rua Arthur Momberger, Bairro Diehl, conforme o abaixo descrito."}, {"id": 21147, "ano": 2013, "numero": 619, "tipo__sigla": "IND", "tipo__descricao": "Indica\u00e7\u00e3o/Pedido de Provid\u00eancias", "autoria__autor__nome": "Naasom Luciano", "texto_original": "https://sapl.camaranh.rs.gov.br/media/sapl/public/materialegislativa/2013/21147/21147_texto_integral.odt", "ementa": "Solicita vaga para pessoas portadoras de defici\u00eancias f\u00edsicas  na Rua Jos\u00e9 de Alencar,   n\u00ba 301, em frente \u00e0 Igreja Adventista, Bairro Rio Branco."}, {"id": 21149, "ano": 2013, "numero": 620, "tipo__sigla": "IND", "tipo__descricao": "Indica\u00e7\u00e3o/Pedido de Provid\u00eancias", "autoria__autor__nome": "Gerson Peteffi", "texto_original": "https://sapl.camaranh.rs.gov.br/media/sapl/public/materialegislativa/2013/21149/21149_texto_integral.odt", "ementa": "Solicita coloca\u00e7\u00e3o de redutor de velocidade na Rua Boa Sa\u00fade, pr\u00f3ximo ao posto de gasolina, Bairro Primavera."}, {"id": 21154, "ano": 2013, "numero": 621, "tipo__sigla": "IND", "tipo__descricao": "Indica\u00e7\u00e3o/Pedido de Provid\u00eancias", "autoria__autor__nome": "Inspetor Luz", "texto_original": "https://sapl.camaranh.rs.gov.br/media/sapl/public/materialegislativa/2013/21154/21154_texto_integral.odt", "ementa": "Solicita capina e limpeza junto ao meio-fio em toda extens\u00e3o da Rua Caxias do Sul, Bairro Rinc\u00e3o."}, {"id": 21156, "ano": 2013, "numero": 622, "tipo__sigla": "IND", "tipo__descricao": "Indica\u00e7\u00e3o/Pedido de Provid\u00eancias", "autoria__autor__nome": "Inspetor Luz", "texto_original": "https://sapl.camaranh.rs.gov.br/media/sapl/public/materialegislativa/2013/21156/21156_texto_integral.odt", "ementa": "Solicita remo\u00e7\u00e3o de galhos e entulhos depositados na esquina entre as Ruas Genebra e Campo Bom, Bairro Canudos."}, {"id": 21158, "ano": 2013, "numero": 623, "tipo__sigla": "IND", "tipo__descricao": "Indica\u00e7\u00e3o/Pedido de Provid\u00eancias", "autoria__autor__nome": "Inspetor Luz", "texto_original": "https://sapl.camaranh.rs.gov.br/media/sapl/public/materialegislativa/2013/21158/21158_texto_integral.odt", "ementa": "Solicita remo\u00e7\u00e3o de galhos e entulhos depositados em frente ao n\u00ba 420 e 430 da Rua Alfredo Marotzki, no Bairro Canudos. "}, {"id": 21159, "ano": 2013, "numero": 624, "tipo__sigla": "IND", "tipo__descricao": "Indica\u00e7\u00e3o/Pedido de Provid\u00eancias", "autoria__autor__nome": "Inspetor Luz", "texto_original": "https://sapl.camaranh.rs.gov.br/media/sapl/public/materialegislativa/2013/21159/21159_texto_integral.odt", "ementa": "Solicita opera\u00e7\u00e3o tapa-buracos em toda a extens\u00e3o da Rua Bom Princ\u00edpio, no Bairro Canudos."}, {"id": 21161, "ano": 2013, "numero": 625, "tipo__sigla": "IND", "tipo__descricao": "Indica\u00e7\u00e3o/Pedido de Provid\u00eancias", "autoria__autor__nome": "Sergio Hanich", "texto_original": "https://sapl.camaranh.rs.gov.br/media/sapl/public/materialegislativa/2013/21161/21161_texto_integral.odt", "ementa": "Solicita revitaliza\u00e7\u00e3o da faixa de seguran\u00e7a na Rua Guia Lopes, esquina com a Rua Flamengo, Bairro Santo Afonso."}, {"id": 21162, "ano": 2013, "numero": 626, "tipo__sigla": "IND", "tipo__descricao": "Indica\u00e7\u00e3o/Pedido de Provid\u00eancias", "autoria__autor__nome": "Sergio Hanich", "texto_original": "https://sapl.camaranh.rs.gov.br/media/sapl/public/materialegislativa/2013/21162/21162_texto_integral.odt", "ementa": "Solicita revitaliza\u00e7\u00e3o da faixa de seguran\u00e7a na Rua Flores da Cunha, esquina com a Rua Bento Gon\u00e7alves, Bairro Boa Vista."}, {"id": 21164, "ano": 2013, "numero": 627, "tipo__sigla": "IND", "tipo__descricao": "Indica\u00e7\u00e3o/Pedido de Provid\u00eancias", "autoria__autor__nome": "Sergio Hanich", "texto_original": "https://sapl.camaranh.rs.gov.br/media/sapl/public/materialegislativa/2013/21164/21164_texto_integral.odt", "ementa": "Solicita  desobstru\u00e7\u00e3o da canaliza\u00e7\u00e3o e limpeza da boca-de-lobo na Rua Carmem Miranda, em frente ao n\u00ba 1274, Bairro canudos."}, {"id": 21165, "ano": 2013, "numero": 628, "tipo__sigla": "IND", "tipo__descricao": "Indica\u00e7\u00e3o/Pedido de Provid\u00eancias", "autoria__autor__nome": "JorgeTatsch", "texto_original": "https://sapl.camaranh.rs.gov.br/media/sapl/public/materialegislativa/2013/21165/21165_texto_integral.odt", "ementa": "Solicita opera\u00e7\u00e3o tapa-buracos na Rua Nazar\u00e9, em frente ao n\u00ba 97, no Bairro Santo Afonso."}, {"id": 21170, "ano": 2013, "numero": 629, "tipo__sigla": "IND", "tipo__descricao": "Indica\u00e7\u00e3o/Pedido de Provid\u00eancias", "autoria__autor__nome": "Cristiano Coller", "texto_original": "https://sapl.camaranh.rs.gov.br/media/sapl/public/materialegislativa/2013/21170/21170_texto_integral.odt", "ementa": "Solicita reforma do telhado da F\u00e1brica do Saber, localizada na Rua Tupiniquins, n\u00ba 134, no Bairro Ideal."}, {"id": 21171, "ano": 2013, "numero": 630, "tipo__sigla": "IND", "tipo__descricao": "Indica\u00e7\u00e3o/Pedido de Provid\u00eancias", "autoria__autor__nome": "Professor Issur Koch", "texto_original": "https://sapl.camaranh.rs.gov.br/media/sapl/public/materialegislativa/2013/21171/21171_texto_integral.odt", "ementa": "Solicita com urg\u00eancia a coloca\u00e7\u00e3o de sem\u00e1foro  para pedestres na Esta\u00e7\u00e3o Santo Afonso, em ambos os lados da Avenida Primeiro de Mar\u00e7o, Bairro Santo Afonso."}, {"id": 21172, "ano": 2013, "numero": 631, "tipo__sigla": "IND", "tipo__descricao": "Indica\u00e7\u00e3o/Pedido de Provid\u00eancias", "autoria__autor__nome": "Cristiano Coller", "texto_original": "https://sapl.camaranh.rs.gov.br/media/sapl/public/materialegislativa/2013/21172/21172_texto_integral.odt", "ementa": "Solicita coloca\u00e7\u00e3o de placa indicativa de carga e descarga na Rua M\u00e9xico, n\u00ba148, Bairro Santo Afonso."}, {"id": 21173, "ano": 2013, "numero": 632, "tipo__sigla": "IND", "tipo__descricao": "Indica\u00e7\u00e3o/Pedido de Provid\u00eancias", "autoria__autor__nome": "Cristiano Coller", "texto_original": "https://sapl.camaranh.rs.gov.br/media/sapl/public/materialegislativa/2013/21173/21173_texto_integral.odt", "ementa": "Solicita a reconstru\u00e7\u00e3o de duas salas de aula na Escola Municipal Presidente Nilo Pe\u00e7anha, no Bairro Ideal."}, {"id": 21174, "ano": 2013, "numero": 633, "tipo__sigla": "IND", "tipo__descricao": "Indica\u00e7\u00e3o/Pedido de Provid\u00eancias", "autoria__autor__nome": "Cristiano Coller", "texto_original": "https://sapl.camaranh.rs.gov.br/media/sapl/public/materialegislativa/2013/21174/21174_texto_integral.pdf", "ementa": "Solicita instala\u00e7\u00e3o de redutor de velocidade (quebra-molas) na Rua Joaquim Pedro Soares, esquina com Rua Vinte e Quatro de Maio, Bairro Guarani."}, {"id": 21175, "ano": 2013, "numero": 634, "tipo__sigla": "IND", "tipo__descricao": "Indica\u00e7\u00e3o/Pedido de Provid\u00eancias", "autoria__autor__nome": "Cristiano Coller", "texto_original": "https://sapl.camaranh.rs.gov.br/media/sapl/public/materialegislativa/2013/21175/21175_texto_integral.odt", "ementa": "Solicita melhorias do cruzamento no Bairro Liberdade, entre as Ruas Rio Paran\u00e1, Rio Igua\u00e7u, Rio Branco e Rio das Antas."}, {"id": 21176, "ano": 2013, "numero": 635, "tipo__sigla": "IND", "tipo__descricao": "Indica\u00e7\u00e3o/Pedido de Provid\u00eancias", "autoria__autor__nome": "Cristiano Coller", "texto_original": "https://sapl.camaranh.rs.gov.br/media/sapl/public/materialegislativa/2013/21176/21176_texto_integral.odt", "ementa": "Solicita pavimenta\u00e7\u00e3o asf\u00e1ltica e constru\u00e7\u00e3o de ponte na Rua Dr. Jo\u00e3o Daniel Hillebrand, entre as Ruas Guia Lopes e General C\u00e2ndido Mariano da Silva Rondon, no Bairro Rond\u00f4nia."}, {"id": 21177, "ano": 2013, "numero": 636, "tipo__sigla": "IND", "tipo__descricao": "Indica\u00e7\u00e3o/Pedido de Provid\u00eancias", "autoria__autor__nome": "Cristiano Coller", "texto_original": "https://sapl.camaranh.rs.gov.br/media/sapl/public/materialegislativa/2013/21177/21177_texto_integral.odt", "ementa": "Solicita coloca\u00e7\u00e3o de placas indicativas contendo o nome das Ruas no Bairro Liberdade."}, {"id": 21180, "ano": 2013, "numero": 637, "tipo__sigla": "IND", "tipo__descricao": "Indica\u00e7\u00e3o/Pedido de Provid\u00eancias", "autoria__autor__nome": "Patr\u00edcia Beck", "texto_original": "https://sapl.camaranh.rs.gov.br/media/sapl/public/materialegislativa/2013/21180/21180_texto_integral.odt", "ementa": "Solicita a pavimenta\u00e7\u00e3o asf\u00e1ltica em toda a sua extens\u00e3o, da Rua Hil\u00e1rio Ewald, Bairro S\u00e3o Jos\u00e9."}, {"id": 21181, "ano": 2013, "numero": 638, "tipo__sigla": "IND", "tipo__descricao": "Indica\u00e7\u00e3o/Pedido de Provid\u00eancias", "autoria__autor__nome": "Patr\u00edcia Beck", "texto_original": "https://sapl.camaranh.rs.gov.br/media/sapl/public/materialegislativa/2013/21181/21181_texto_integral.odt", "ementa": "Solicita a pintura de uma faixa de pedestres na Av. Victor Hugo Kunz, em frente ao n\u00famero 2865, Bairro Canudos."}, {"id": 21182, "ano": 2013, "numero": 639, "tipo__sigla": "IND", "tipo__descricao": "Indica\u00e7\u00e3o/Pedido de Provid\u00eancias", "autoria__autor__nome": "Patr\u00edcia Beck", "texto_original": "https://sapl.camaranh.rs.gov.br/media/sapl/public/materialegislativa/2013/21182/21182_texto_integral.odt", "ementa": "Solicita a limpeza da Av. Alcantara, no trecho compreendido entre as Ruas Benedito Calixto e Ver. Carlos Em\u00edlio Kolling,  Bairro Canudos."}, {"id": 21183, "ano": 2013, "numero": 640, "tipo__sigla": "IND", "tipo__descricao": "Indica\u00e7\u00e3o/Pedido de Provid\u00eancias", "autoria__autor__nome": "Patr\u00edcia Beck", "texto_original": "https://sapl.camaranh.rs.gov.br/media/sapl/public/materialegislativa/2013/21183/21183_texto_integral.odt", "ementa": "Solicita vistoria para solucionar problema de l\u00e2mpada acesa diuturnamente na Rua Mundo Novo, em frente \u00e0 Escola Municipal de Ensino Fundamental Anita Garibaldi, Bairro Canudos."}, {"id": 21185, "ano": 2013, "numero": 641, "tipo__sigla": "IND", "tipo__descricao": "Indica\u00e7\u00e3o/Pedido de Provid\u00eancias", "autoria__autor__nome": "Patr\u00edcia Beck", "texto_original": "https://sapl.camaranh.rs.gov.br/media/sapl/public/materialegislativa/2013/21185/21185_texto_integral.odt", "ementa": "Solicita substitui\u00e7\u00e3o de poste de energia el\u00e9trica que est\u00e1 com forte inclina\u00e7\u00e3o na Rua Mundo Novo, ao lado do n\u00famero 278 (Bar e Lancheria Avenida), Bairro Canudos"}, {"id": 21187, "ano": 2013, "numero": 642, "tipo__sigla": "IND", "tipo__descricao": "Indica\u00e7\u00e3o/Pedido de Provid\u00eancias", "autoria__autor__nome": "Patr\u00edcia Beck", "texto_original": "https://sapl.camaranh.rs.gov.br/media/sapl/public/materialegislativa/2013/21187/21187_texto_integral.odt", "ementa": "Solicita coloca\u00e7\u00e3o de uma sinaleira para pedestres na Rua Mundo Novo, esquina com a Rua Jo\u00e3o N da Silva, Bairro Canudos."}, {"id": 21189, "ano": 2013, "numero": 643, "tipo__sigla": "IND", "tipo__descricao": "Indica\u00e7\u00e3o/Pedido de Provid\u00eancias", "autoria__autor__nome": "Patr\u00edcia Beck", "texto_original": "https://sapl.camaranh.rs.gov.br/media/sapl/public/materialegislativa/2013/21189/21189_texto_integral.odt", "ementa": "Solicita o estudo de viabilidade para a implementa\u00e7\u00e3o de uma ciclovia ou ciclofaixa  ligando a Rua Mundo Novo, aos principais pontos do Bairro Canudos."}, {"id": 21190, "ano": 2013, "numero": 644, "tipo__sigla": "IND", "tipo__descricao": "Indica\u00e7\u00e3o/Pedido de Provid\u00eancias", "autoria__autor__nome": "Patr\u00edcia Beck", "texto_original": "https://sapl.camaranh.rs.gov.br/media/sapl/public/materialegislativa/2013/21190/21190_texto_integral.odt", "ementa": "Solicita que sejam colocados informativos com as linhas, itiner\u00e1rios e hor\u00e1rios dos \u00f4nibus adaptados para cadeirantes em todos os abrigos deste munic\u00edpio."}, {"id": 21192, "ano": 2013, "numero": 645, "tipo__sigla": "IND", "tipo__descricao": "Indica\u00e7\u00e3o/Pedido de Provid\u00eancias", "autoria__autor__nome": "Patr\u00edcia Beck", "texto_original": "https://sapl.camaranh.rs.gov.br/media/sapl/public/materialegislativa/2013/21192/21192_texto_integral.odt", "ementa": "Solicita o levantamento do meio-fio, localizado em frente da Escola Municipal de Ensino Fundamental Anita Garibaldi, sentido Centro/Bairro, Rua Mundo Novo, Bairro Canudos."}, {"id": 21194, "ano": 2013, "numero": 646, "tipo__sigla": "IND", "tipo__descricao": "Indica\u00e7\u00e3o/Pedido de Provid\u00eancias", "autoria__autor__nome": "Patr\u00edcia Beck", "texto_original": "https://sapl.camaranh.rs.gov.br/media/sapl/public/materialegislativa/2013/21194/21194_texto_integral.odt", "ementa": "Solicita poda de \u00e1rvore na Rua Iju\u00ed, em frente ao n\u00famero 147, Bairro Guarani."}, {"id": 21195, "ano": 2013, "numero": 647, "tipo__sigla": "IND", "tipo__descricao": "Indica\u00e7\u00e3o/Pedido de Provid\u00eancias", "autoria__autor__nome": "Patr\u00edcia Beck", "texto_original": "https://sapl.camaranh.rs.gov.br/media/sapl/public/materialegislativa/2013/21195/21195_texto_integral.odt", "ementa": "Solicita a pavimenta\u00e7\u00e3o asf\u00e1ltica em toda a sua extens\u00e3o, da Rua Jo\u00e3o Pedro Schmitt, Bairro Rond\u00f4nia."}, {"id": 21196, "ano": 2013, "numero": 648, "tipo__sigla": "IND", "tipo__descricao": "Indica\u00e7\u00e3o/Pedido de Provid\u00eancias", "autoria__autor__nome": "Patr\u00edcia Beck", "texto_original": "https://sapl.camaranh.rs.gov.br/media/sapl/public/materialegislativa/2013/21196/21196_texto_integral.odt", "ementa": "Solicita a conclus\u00e3o do asfaltamento da Rua Iju\u00ed,  no Bairro Guarani."}, {"id": 21198, "ano": 2013, "numero": 649, "tipo__sigla": "IND", "tipo__descricao": "Indica\u00e7\u00e3o/Pedido de Provid\u00eancias", "autoria__autor__nome": "Roger Corr\u00eaa", "texto_original": "https://sapl.camaranh.rs.gov.br/media/sapl/public/materialegislativa/2013/21198/21198_texto_integral.odt", "ementa": "Sugere ao Poder P\u00fablico Municipal que apresente projeto de lei que cria a  Diretoria de Prote\u00e7\u00e3o ao Direitos dos Animais, junto a Secretaria de Meio Ambiente."}, {"id": 21199, "ano": 2013, "numero": 650, "tipo__sigla": "IND", "tipo__descricao": "Indica\u00e7\u00e3o/Pedido de Provid\u00eancias", "autoria__autor__nome": "COSDE - Comiss\u00e3o de Sa\u00fade", "texto_original": "https://sapl.camaranh.rs.gov.br/media/sapl/public/materialegislativa/2013/21199/21199_texto_integral.odt", "ementa": "Sugere estudo de viabilidade de disponibiliza\u00e7\u00e3o na Internet da situa\u00e7\u00e3o de cada encaminhamento da Central de Marca\u00e7\u00f5es."}, {"id": 21200, "ano": 2013, "numero": 651, "tipo__sigla": "IND", "tipo__descricao": "Indica\u00e7\u00e3o/Pedido de Provid\u00eancias", "autoria__autor__nome": "Roger Corr\u00eaa", "texto_original": "https://sapl.camaranh.rs.gov.br/media/sapl/public/materialegislativa/2013/21200/21200_texto_integral.odt", "ementa": "Solicita desentupimento de boca-de-lobo e limpeza de bueiros ao longo da Rua Rivera, Bairro Santo Afonso."}, {"id": 21203, "ano": 2013, "numero": 652, "tipo__sigla": "IND", "tipo__descricao": "Indica\u00e7\u00e3o/Pedido de Provid\u00eancias", "autoria__autor__nome": "Professor Issur Koch", "texto_original": "https://sapl.camaranh.rs.gov.br/media/sapl/public/materialegislativa/2013/21203/21203_texto_integral.odt", "ementa": "Solicita com urg\u00eancia a coloca\u00e7\u00e3o de sem\u00e1foro  provis\u00f3rio na Avenida Na\u00e7\u00f5es Unidas, esquina com a Rua 5 de Abril, Bairro Centro."}, {"id": 21204, "ano": 2013, "numero": 653, "tipo__sigla": "IND", "tipo__descricao": "Indica\u00e7\u00e3o/Pedido de Provid\u00eancias", "autoria__autor__nome": "Professor Issur Koch", "texto_original": "https://sapl.camaranh.rs.gov.br/media/sapl/public/materialegislativa/2013/21204/21204_texto_integral.odt", "ementa": "Solicita pavimenta\u00e7\u00e3o asf\u00e1ltica  na Rua Afonso Strack, no Bairro Lomba Grande."}, {"id": 21205, "ano": 2013, "numero": 654, "tipo__sigla": "IND", "tipo__descricao": "Indica\u00e7\u00e3o/Pedido de Provid\u00eancias", "autoria__autor__nome": "Professor Issur Koch", "texto_original": "https://sapl.camaranh.rs.gov.br/media/", "ementa": "Reitera o pedido de opera\u00e7\u00e3o tapa-buracos na Rua S\u00e3o Jacob, esquina com a Rua Silveira Martins, no Bairro Guarani."}, {"id": 21208, "ano": 2013, "numero": 655, "tipo__sigla": "IND", "tipo__descricao": "Indica\u00e7\u00e3o/Pedido de Provid\u00eancias", "autoria__autor__nome": "Roger Corr\u00eaa", "texto_original": "https://sapl.camaranh.rs.gov.br/media/sapl/public/materialegislativa/2013/21208/21208_texto_integral.odt", "ementa": "Solicita pavimenta\u00e7\u00e3o asf\u00e1ltica da Rua Bem Vindo, no Bairro Santo Afonso."}, {"id": 21207, "ano": 2013, "numero": 656, "tipo__sigla": "IND", "tipo__descricao": "Indica\u00e7\u00e3o/Pedido de Provid\u00eancias", "autoria__autor__nome": "Professor Issur Koch", "texto_original": "https://sapl.camaranh.rs.gov.br/media/sapl/public/materialegislativa/2013/21207/21207_texto_integral.odt", "ementa": "Solicita a limpeza de boca-de-lobo na Rua Jacarand\u00e1,  em frente ao n\u00famero 363, Bairro Ideal.\r\n\r\n"}, {"id": 21210, "ano": 2013, "numero": 657, "tipo__sigla": "IND", "tipo__descricao": "Indica\u00e7\u00e3o/Pedido de Provid\u00eancias", "autoria__autor__nome": "Inspetor Luz", "texto_original": "https://sapl.camaranh.rs.gov.br/media/sapl/public/materialegislativa/2013/21210/21210_texto_integral.odt", "ementa": "Solicita opera\u00e7\u00e3o tapa-buracos em toda a extens\u00e3o da Rua Nepal, no Bairro Rinc\u00e3o."}, {"id": 21215, "ano": 2013, "numero": 658, "tipo__sigla": "IND", "tipo__descricao": "Indica\u00e7\u00e3o/Pedido de Provid\u00eancias", "autoria__autor__nome": "Inspetor Luz", "texto_original": "https://sapl.camaranh.rs.gov.br/media/sapl/public/materialegislativa/2013/21215/21215_texto_integral.odt", "ementa": "PP Solicita opera\u00e7\u00e3o tapa burracos em toda extens\u00e3o da rua Duarte da Costa, no Bairro Oper\u00e1rio."}, {"id": 21212, "ano": 2013, "numero": 659, "tipo__sigla": "IND", "tipo__descricao": "Indica\u00e7\u00e3o/Pedido de Provid\u00eancias", "autoria__autor__nome": "Inspetor Luz", "texto_original": "https://sapl.camaranh.rs.gov.br/media/sapl/public/materialegislativa/2013/21212/21212_texto_integral.odt", "ementa": "Solicita opera\u00e7\u00e3o tapa-buracos em toda a extens\u00e3o da Rua Visconde de Maca\u00e9, no Bairro Oper\u00e1rio."}, {"id": 21213, "ano": 2013, "numero": 660, "tipo__sigla": "IND", "tipo__descricao": "Indica\u00e7\u00e3o/Pedido de Provid\u00eancias", "autoria__autor__nome": "Inspetor Luz", "texto_original": "https://sapl.camaranh.rs.gov.br/media/sapl/public/materialegislativa/2013/21213/21213_texto_integral.odt", "ementa": "Solicita opera\u00e7\u00e3o tapa-buracos em toda a extens\u00e3o da Rua Quinze de Novembro, no Bairro Oper\u00e1rio."}, {"id": 21214, "ano": 2013, "numero": 661, "tipo__sigla": "IND", "tipo__descricao": "Indica\u00e7\u00e3o/Pedido de Provid\u00eancias", "autoria__autor__nome": "Inspetor Luz", "texto_original": "https://sapl.camaranh.rs.gov.br/media/sapl/public/materialegislativa/2013/21214/21214_texto_integral.odt", "ementa": "Solicita remo\u00e7\u00e3o de galhos e entulhos depositados na Rua  S\u00e3o Jos\u00e9 do Norte, em frente ao n\u00ba 151,  Bairro Mau\u00e1. "}, {"id": 21216, "ano": 2013, "numero": 662, "tipo__sigla": "IND", "tipo__descricao": "Indica\u00e7\u00e3o/Pedido de Provid\u00eancias", "autoria__autor__nome": "Inspetor Luz", "texto_original": "https://sapl.camaranh.rs.gov.br/media/sapl/public/materialegislativa/2013/21216/21216_texto_integral.odt", "ementa": "Solicita revitaliza\u00e7\u00e3o da pintura das faixas de seguran\u00e7a no entroncamento entre as Ruas Gomes Portinho e Dr. Maur\u00edcio Cardoso, no Bairro Mau\u00e1."}, {"id": 21217, "ano": 2013, "numero": 663, "tipo__sigla": "IND", "tipo__descricao": "Indica\u00e7\u00e3o/Pedido de Provid\u00eancias", "autoria__autor__nome": "Patr\u00edcia Beck", "texto_original": "https://sapl.camaranh.rs.gov.br/media/sapl/public/materialegislativa/2013/21217/21217_texto_integral.odt", "ementa": "Solicita a capina e limpeza da rua de acesso ao Santu\u00e1rio das M\u00e3es, em toda a sua extens\u00e3o, no Bairro Rosel\u00e2ndia."}, {"id": 21218, "ano": 2013, "numero": 664, "tipo__sigla": "IND", "tipo__descricao": "Indica\u00e7\u00e3o/Pedido de Provid\u00eancias", "autoria__autor__nome": "Patr\u00edcia Beck", "texto_original": "https://sapl.camaranh.rs.gov.br/media/sapl/public/materialegislativa/2013/21218/21218_texto_integral.odt", "ementa": "Solicita a instala\u00e7\u00e3o de um poste de energia el\u00e9trica, na Rua Miguel Chies Sobrinho, em frente ao n\u00famero 321, Bairro Ideal."}, {"id": 21219, "ano": 2013, "numero": 665, "tipo__sigla": "IND", "tipo__descricao": "Indica\u00e7\u00e3o/Pedido de Provid\u00eancias", "autoria__autor__nome": "Patr\u00edcia Beck", "texto_original": "https://sapl.camaranh.rs.gov.br/media/", "ementa": "Solicita poda de \u00e1rvore na Av. Montevideo, em frente ao n\u00famero 720, Bairro Santo Afonso."}, {"id": 21220, "ano": 2013, "numero": 666, "tipo__sigla": "IND", "tipo__descricao": "Indica\u00e7\u00e3o/Pedido de Provid\u00eancias", "autoria__autor__nome": "Patr\u00edcia Beck", "texto_original": "https://sapl.camaranh.rs.gov.br/media/sapl/public/materialegislativa/2013/21220/21220_texto_integral.odt", "ementa": "Solicita a substitui\u00e7\u00e3o da placa de identifica\u00e7\u00e3o na Rua Dom Pedro II, esquina com a Rua Darci Jaime Keller, Bairro Canudos."}, {"id": 21221, "ano": 2013, "numero": 667, "tipo__sigla": "IND", "tipo__descricao": "Indica\u00e7\u00e3o/Pedido de Provid\u00eancias", "autoria__autor__nome": "Patr\u00edcia Beck", "texto_original": "https://sapl.camaranh.rs.gov.br/media/sapl/public/materialegislativa/2013/21221/21221_texto_integral.odt", "ementa": "Solicita a pintura de uma faixa de pedestres na Rua Bartolomeu de Gusm\u00e3o, em frente ao n\u00ba 1421, Bairro Canudos."}, {"id": 21222, "ano": 2013, "numero": 668, "tipo__sigla": "IND", "tipo__descricao": "Indica\u00e7\u00e3o/Pedido de Provid\u00eancias", "autoria__autor__nome": "Patr\u00edcia Beck", "texto_original": "https://sapl.camaranh.rs.gov.br/media/sapl/public/materialegislativa/2013/21222/21222_texto_integral.odt", "ementa": "Solicita limpeza da boca-de-lobo localizada na  Rua Bananal, pr\u00f3ximo ao n\u00famero 528, no Bairro Canudos."}, {"id": 21223, "ano": 2013, "numero": 669, "tipo__sigla": "IND", "tipo__descricao": "Indica\u00e7\u00e3o/Pedido de Provid\u00eancias", "autoria__autor__nome": "Patr\u00edcia Beck", "texto_original": "https://sapl.camaranh.rs.gov.br/media/sapl/public/materialegislativa/2013/21223/21223_texto_integral.odt", "ementa": "Solicita coloca\u00e7\u00e3o de quebra-molas na Rua Carlos Gardel, em frente ao n\u00famero 510, Bairro Canudos."}, {"id": 21224, "ano": 2013, "numero": 670, "tipo__sigla": "IND", "tipo__descricao": "Indica\u00e7\u00e3o/Pedido de Provid\u00eancias", "autoria__autor__nome": "Patr\u00edcia Beck", "texto_original": "https://sapl.camaranh.rs.gov.br/media/sapl/public/materialegislativa/2013/21224/21224_texto_integral.odt", "ementa": "Solicita poda de \u00e1rvore na Rua Potiguara, em frente ao n\u00famero 1087, Bairro Canudos."}, {"id": 21225, "ano": 2013, "numero": 671, "tipo__sigla": "IND", "tipo__descricao": "Indica\u00e7\u00e3o/Pedido de Provid\u00eancias", "autoria__autor__nome": "Patr\u00edcia Beck", "texto_original": "https://sapl.camaranh.rs.gov.br/media/sapl/public/materialegislativa/2013/21225/21225_texto_integral.odt", "ementa": "Solicita coloca\u00e7\u00e3o de quebra-molas na Rua Karl Schimidt, em frente ao n\u00famero 1.037, Bairro Canudos."}, {"id": 21226, "ano": 2013, "numero": 672, "tipo__sigla": "IND", "tipo__descricao": "Indica\u00e7\u00e3o/Pedido de Provid\u00eancias", "autoria__autor__nome": "Patr\u00edcia Beck", "texto_original": "https://sapl.camaranh.rs.gov.br/media/sapl/public/materialegislativa/2013/21226/21226_texto_integral.odt", "ementa": "Solicita substitui\u00e7\u00e3o de poste de energia el\u00e9trica que est\u00e1 danificado, na Rua Miguel \u00c2ngelo, esquina com a Rua Am\u00e9rica, Bairro Canudos."}, {"id": 21227, "ano": 2013, "numero": 673, "tipo__sigla": "IND", "tipo__descricao": "Indica\u00e7\u00e3o/Pedido de Provid\u00eancias", "autoria__autor__nome": "Patr\u00edcia Beck", "texto_original": "https://sapl.camaranh.rs.gov.br/media/sapl/public/materialegislativa/2013/21227/21227_texto_integral.odt", "ementa": "Solicita conclus\u00e3o do asfaltamento da Rua Miguel \u00c2ngelo, no Bairro Canudos."}, {"id": 21228, "ano": 2013, "numero": 674, "tipo__sigla": "IND", "tipo__descricao": "Indica\u00e7\u00e3o/Pedido de Provid\u00eancias", "autoria__autor__nome": "Patr\u00edcia Beck", "texto_original": "https://sapl.camaranh.rs.gov.br/media/sapl/public/materialegislativa/2013/21228/21228_texto_integral.odt", "ementa": "Solicita coloca\u00e7\u00e3o de quebra-molas na Rua Bom Princ\u00edpio, em frente do n\u00famero 540, Bairro Canudos."}, {"id": 21229, "ano": 2013, "numero": 675, "tipo__sigla": "IND", "tipo__descricao": "Indica\u00e7\u00e3o/Pedido de Provid\u00eancias", "autoria__autor__nome": "Patr\u00edcia Beck", "texto_original": "https://sapl.camaranh.rs.gov.br/media/sapl/public/materialegislativa/2013/21229/21229_texto_integral.odt", "ementa": "Solicita coloca\u00e7\u00e3o de um redutor de velocidade  na Rua Curitibanos, em frente ao n\u00ba 686, Bairro Canudos."}, {"id": 21230, "ano": 2013, "numero": 676, "tipo__sigla": "IND", "tipo__descricao": "Indica\u00e7\u00e3o/Pedido de Provid\u00eancias", "autoria__autor__nome": "Patr\u00edcia Beck", "texto_original": "https://sapl.camaranh.rs.gov.br/media/sapl/public/materialegislativa/2013/21230/21230_texto_integral.odt", "ementa": "Solicita coloca\u00e7\u00e3o de quebra-molas na Rua Curitibanos, em frente ao n\u00ba 1.640, Bairro Canudos."}, {"id": 21231, "ano": 2013, "numero": 677, "tipo__sigla": "IND", "tipo__descricao": "Indica\u00e7\u00e3o/Pedido de Provid\u00eancias", "autoria__autor__nome": "Patr\u00edcia Beck", "texto_original": "https://sapl.camaranh.rs.gov.br/media/sapl/public/materialegislativa/2013/21231/21231_texto_integral.odt", "ementa": "Solicita coloca\u00e7\u00e3o de um quebra-molas na Rua Campo Bom, pr\u00f3ximo \u00e0 Rua Nobel, Bairro Canudos."}, {"id": 21232, "ano": 2013, "numero": 678, "tipo__sigla": "IND", "tipo__descricao": "Indica\u00e7\u00e3o/Pedido de Provid\u00eancias", "autoria__autor__nome": "Patr\u00edcia Beck", "texto_original": "https://sapl.camaranh.rs.gov.br/media/sapl/public/materialegislativa/2013/21232/21232_texto_integral.odt", "ementa": "Solicita coloca\u00e7\u00e3o de um quebra-molas na Estrada Jos\u00e9 Alo\u00edsio Daudt, em frente ao n\u00famero 1.717, Bairro Canudos."}, {"id": 21233, "ano": 2013, "numero": 679, "tipo__sigla": "IND", "tipo__descricao": "Indica\u00e7\u00e3o/Pedido de Provid\u00eancias", "autoria__autor__nome": "Patr\u00edcia Beck", "texto_original": "https://sapl.camaranh.rs.gov.br/media/sapl/public/materialegislativa/2013/21233/21233_texto_integral.odt", "ementa": "Solicita o corte de \u00e1rvore na Rua \u00cdcaro, em frente ao n\u00famero 1.126, Bairro Canudos."}, {"id": 21234, "ano": 2013, "numero": 680, "tipo__sigla": "IND", "tipo__descricao": "Indica\u00e7\u00e3o/Pedido de Provid\u00eancias", "autoria__autor__nome": "Patr\u00edcia Beck", "texto_original": "https://sapl.camaranh.rs.gov.br/media/sapl/public/materialegislativa/2013/21234/21234_texto_integral.odt", "ementa": "Solicita o corte de \u00e1rvore na Rua Borges de Medeiros, em frente ao n\u00famero 132, Bairro Rio Branco."}, {"id": 21236, "ano": 2013, "numero": 681, "tipo__sigla": "IND", "tipo__descricao": "Indica\u00e7\u00e3o/Pedido de Provid\u00eancias", "autoria__autor__nome": "Professor Issur Koch", "texto_original": "https://sapl.camaranh.rs.gov.br/media/sapl/public/materialegislativa/2013/21236/21236_texto_integral.odt", "ementa": "Solicita limpeza de terreno na Rua Pedro Schneider, ao lado do n\u00famero 50, Bairro Boa vista."}, {"id": 21237, "ano": 2013, "numero": 682, "tipo__sigla": "IND", "tipo__descricao": "Indica\u00e7\u00e3o/Pedido de Provid\u00eancias", "autoria__autor__nome": "Professor Issur Koch", "texto_original": "https://sapl.camaranh.rs.gov.br/media/sapl/public/materialegislativa/2013/21237/21237_texto_integral.odt", "ementa": "Solicita repintura das faixas de seguran\u00e7a e melhor sinaliza\u00e7\u00e3o na Avenida 1\u00ba de Mar\u00e7o, esquina com as Ruas Caramuru e Flores da Cunha, no Bairro P\u00e1tria Nova."}, {"id": 21238, "ano": 2013, "numero": 683, "tipo__sigla": "IND", "tipo__descricao": "Indica\u00e7\u00e3o/Pedido de Provid\u00eancias", "autoria__autor__nome": "Professor Issur Koch", "texto_original": "https://sapl.camaranh.rs.gov.br/media/sapl/public/materialegislativa/2013/21238/21238_texto_integral.odt", "ementa": "Solicita coloca\u00e7\u00e3o de redutores de velocidade na Avenida 1\u00ba de Mar\u00e7o, esquina com as Ruas Caramuru e Flores da Cunha, no Bairro P\u00e1tria Nova."}, {"id": 21239, "ano": 2013, "numero": 684, "tipo__sigla": "IND", "tipo__descricao": "Indica\u00e7\u00e3o/Pedido de Provid\u00eancias", "autoria__autor__nome": "Gerson Peteffi", "texto_original": "https://sapl.camaranh.rs.gov.br/media/sapl/public/materialegislativa/2013/21239/21239_texto_integral.odt", "ementa": "Solicita reparos no asfalto na Rua Castro Alves, em frente ao n\u00ba 312, Bairro Rio Branco."}, {"id": 21240, "ano": 2013, "numero": 685, "tipo__sigla": "IND", "tipo__descricao": "Indica\u00e7\u00e3o/Pedido de Provid\u00eancias", "autoria__autor__nome": "Naasom Luciano", "texto_original": "https://sapl.camaranh.rs.gov.br/media/sapl/public/materialegislativa/2013/21240/21240_texto_integral.odt", "ementa": "Solicita desentupimento e revis\u00e3o na rede de esgoto na Rua Bartolomeu de Gusm\u00e3o, no trecho entre os n\u00fameros 850 \u00e0 1.168, Bairro Canudos."}, {"id": 21242, "ano": 2013, "numero": 686, "tipo__sigla": "IND", "tipo__descricao": "Indica\u00e7\u00e3o/Pedido de Provid\u00eancias", "autoria__autor__nome": "JorgeTatsch", "texto_original": "https://sapl.camaranh.rs.gov.br/media/sapl/public/materialegislativa/2013/21242/21242_texto_integral.odt", "ementa": "Solicita conserto de infiltra\u00e7\u00e3o no passeio p\u00fablico na Rua Marechal Deodoro, ao lado do n\u00ba 54, no Bairro Industrial."}, {"id": 21243, "ano": 2013, "numero": 687, "tipo__sigla": "IND", "tipo__descricao": "Indica\u00e7\u00e3o/Pedido de Provid\u00eancias", "autoria__autor__nome": "JorgeTatsch", "texto_original": "https://sapl.camaranh.rs.gov.br/media/", "ementa": "Solicita remo\u00e7\u00e3o de \u00e1rvores localizadas na Rua Roberto Kronmeyer, em frente ao  n\u00famero 86, no Bairro Santo Afonso."}, {"id": 21244, "ano": 2013, "numero": 688, "tipo__sigla": "IND", "tipo__descricao": "Indica\u00e7\u00e3o/Pedido de Provid\u00eancias", "autoria__autor__nome": "Enfermeiro Vilmar", "texto_original": "https://sapl.camaranh.rs.gov.br/media/sapl/public/materialegislativa/2013/21244/21244_texto_integral.odt", "ementa": "Solicita limpeza da \u00e1rea para melhor sinaliza\u00e7\u00e3o dos usu\u00e1rios de transporte p\u00fablico na Av. Sapiranga, pr\u00f3ximo ao n\u00ba508,  Bairro Jardim Mau\u00e1."}, {"id": 21245, "ano": 2013, "numero": 689, "tipo__sigla": "IND", "tipo__descricao": "Indica\u00e7\u00e3o/Pedido de Provid\u00eancias", "autoria__autor__nome": "Enfermeiro Vilmar", "texto_original": "https://sapl.camaranh.rs.gov.br/media/sapl/public/materialegislativa/2013/21245/21245_texto_integral.odt", "ementa": "Solicita recomposi\u00e7\u00e3o asf\u00e1ltica da Avenida Sapiranga, pr\u00f3ximo ao n\u00ba 508, Bairro Jardim Mau\u00e1."}, {"id": 21246, "ano": 2013, "numero": 690, "tipo__sigla": "IND", "tipo__descricao": "Indica\u00e7\u00e3o/Pedido de Provid\u00eancias", "autoria__autor__nome": "Enfermeiro Vilmar", "texto_original": "https://sapl.camaranh.rs.gov.br/media/sapl/public/materialegislativa/2013/21246/21246_texto_integral.odt", "ementa": "Solicita restrutura\u00e7\u00e3o da ponte do \"Arroio Pampa\", localizado na Rua Odon Cavalcanti, n\u00ba 674,  Bairro Canudos."}, {"id": 21251, "ano": 2013, "numero": 691, "tipo__sigla": "IND", "tipo__descricao": "Indica\u00e7\u00e3o/Pedido de Provid\u00eancias", "autoria__autor__nome": "Sergio Hanich", "texto_original": "https://sapl.camaranh.rs.gov.br/media/sapl/public/materialegislativa/2013/21251/21251_texto_integral.odt", "ementa": "Solicita opera\u00e7\u00e3o tapa-buracos na Rua Libres, esquina com a Av. Pedro Adams Filho, Bairro Industrial."}, {"id": 21252, "ano": 2013, "numero": 692, "tipo__sigla": "IND", "tipo__descricao": "Indica\u00e7\u00e3o/Pedido de Provid\u00eancias", "autoria__autor__nome": "Sergio Hanich", "texto_original": "https://sapl.camaranh.rs.gov.br/media/sapl/public/materialegislativa/2013/21252/21252_texto_integral.odt", "ementa": "Solicita coloca\u00e7\u00e3o de lixeira na Rua Jaboti, em frente ao n\u00ba 662, Bairro S\u00e3o Jorge."}, {"id": 21253, "ano": 2013, "numero": 693, "tipo__sigla": "IND", "tipo__descricao": "Indica\u00e7\u00e3o/Pedido de Provid\u00eancias", "autoria__autor__nome": "Sergio Hanich", "texto_original": "https://sapl.camaranh.rs.gov.br/media/sapl/public/materialegislativa/2013/21253/21253_texto_integral.odt", "ementa": "Solicita substitui\u00e7\u00e3o de tampa de caixa de esgoto na esquina da Rua Bartolomeu de Gusm\u00e3o com a Av. Victor Hugo Kunz, Bairro Canudos."}, {"id": 21254, "ano": 2013, "numero": 694, "tipo__sigla": "IND", "tipo__descricao": "Indica\u00e7\u00e3o/Pedido de Provid\u00eancias", "autoria__autor__nome": "Raul Cassel", "texto_original": "https://sapl.camaranh.rs.gov.br/media/sapl/public/materialegislativa/2013/21254/21254_texto_integral.odt", "ementa": "Solicita fiscaliza\u00e7\u00e3o por parte da SEDETUR, quanto ao volume do som, nos finais de semana no per\u00edodo da noite,  em um bar na Rua Jos\u00e9 de Alencar, em frente ao Clube da Dan\u00e7a, no Bairro Rio Branco."}, {"id": 21255, "ano": 2013, "numero": 695, "tipo__sigla": "IND", "tipo__descricao": "Indica\u00e7\u00e3o/Pedido de Provid\u00eancias", "autoria__autor__nome": "Cristiano Coller", "texto_original": "https://sapl.camaranh.rs.gov.br/media/sapl/public/materialegislativa/2013/21255/21255_texto_integral.odt", "ementa": "Solicita patrolamento e britas na Rua Afonso Scherer, no Bairro Lomba Grande."}, {"id": 21256, "ano": 2013, "numero": 696, "tipo__sigla": "IND", "tipo__descricao": "Indica\u00e7\u00e3o/Pedido de Provid\u00eancias", "autoria__autor__nome": "Cristiano Coller", "texto_original": "https://sapl.camaranh.rs.gov.br/media/sapl/public/materialegislativa/2013/21256/21256_texto_integral.odt", "ementa": "Solicita melhorias na Pra\u00e7a Papa Jo\u00e3o Paulo I, Bairro Liberdade."}, {"id": 21258, "ano": 2013, "numero": 697, "tipo__sigla": "IND", "tipo__descricao": "Indica\u00e7\u00e3o/Pedido de Provid\u00eancias", "autoria__autor__nome": "Cristiano Coller", "texto_original": "https://sapl.camaranh.rs.gov.br/media/sapl/public/materialegislativa/2013/21258/21258_texto_integral.odt", "ementa": "Solicita rebaixamento da cal\u00e7ada e cord\u00f5es do canteiro central e pintura de faixa de pedestres na Av. Pedro Adans Filho, em frente ao n\u00ba 977, no Bairro Santo Afonso."}, {"id": 21259, "ano": 2013, "numero": 698, "tipo__sigla": "IND", "tipo__descricao": "Indica\u00e7\u00e3o/Pedido de Provid\u00eancias", "autoria__autor__nome": "Cristiano Coller", "texto_original": "https://sapl.camaranh.rs.gov.br/media/sapl/public/materialegislativa/2013/21259/21259_texto_integral.odt", "ementa": "Solicita pintura e fechamento com grades da parte que \u00e9 usada como palco no receptivo tur\u00edstico, na Pra\u00e7a do Imigrante."}, {"id": 21260, "ano": 2013, "numero": 699, "tipo__sigla": "IND", "tipo__descricao": "Indica\u00e7\u00e3o/Pedido de Provid\u00eancias", "autoria__autor__nome": "Raul Cassel", "texto_original": "https://sapl.camaranh.rs.gov.br/media/sapl/public/materialegislativa/2013/21260/21260_texto_integral.odt", "ementa": "Solicita opera\u00e7\u00e3o tapa-buracos na pavimenta\u00e7\u00e3o asf\u00e1ltica da Rua Santos Pedroso, entre os n\u00bas 50 e 76, no Bairro Hamburgo Velho."}, {"id": 21261, "ano": 2013, "numero": 700, "tipo__sigla": "IND", "tipo__descricao": "Indica\u00e7\u00e3o/Pedido de Provid\u00eancias", "autoria__autor__nome": "Cristiano Coller", "texto_original": "https://sapl.camaranh.rs.gov.br/media/sapl/public/materialegislativa/2013/21261/21261_texto_integral.odt", "ementa": "Solicita coloca\u00e7\u00e3o de poste e lumin\u00e1ria na Rua Antenor Greff Cabral, no Bairro Ideal."}, {"id": 21263, "ano": 2013, "numero": 701, "tipo__sigla": "IND", "tipo__descricao": "Indica\u00e7\u00e3o/Pedido de Provid\u00eancias", "autoria__autor__nome": "Raul Cassel", "texto_original": "https://sapl.camaranh.rs.gov.br/media/sapl/public/materialegislativa/2013/21263/21263_texto_integral.odt", "ementa": "Solicita que seja regularizada a situa\u00e7\u00e3o da Rua das Pedras, no Bairro Redentora.  "}, {"id": 21264, "ano": 2013, "numero": 702, "tipo__sigla": "IND", "tipo__descricao": "Indica\u00e7\u00e3o/Pedido de Provid\u00eancias", "autoria__autor__nome": "Inspetor Luz", "texto_original": "https://sapl.camaranh.rs.gov.br/media/sapl/public/materialegislativa/2013/21264/21264_texto_integral.odt", "ementa": "Solicita opera\u00e7\u00e3o tapa-buracos em toda a extens\u00e3o da Rua Jorge Ondere, no Bairro S\u00e3o Jorge."}, {"id": 21265, "ano": 2013, "numero": 703, "tipo__sigla": "IND", "tipo__descricao": "Indica\u00e7\u00e3o/Pedido de Provid\u00eancias", "autoria__autor__nome": "Inspetor Luz", "texto_original": "https://sapl.camaranh.rs.gov.br/media/sapl/public/materialegislativa/2013/21265/21265_texto_integral.odt", "ementa": "Solicita remo\u00e7\u00e3o de galhos e entulhos depositados em frente ao n\u00ba294 da Rua Lagoa Vermelha, no Bairro Mau\u00e1."}, {"id": 21266, "ano": 2013, "numero": 704, "tipo__sigla": "IND", "tipo__descricao": "Indica\u00e7\u00e3o/Pedido de Provid\u00eancias", "autoria__autor__nome": "Antonio Lucas\r\nEnfermeiro Vilmar\r\nGerson Peteffi\r\nJorgeTatsch\r\nNaasom Luciano\r\nPatr\u00edcia Beck\r\nRoger Corr\u00eaa", "texto_original": "https://sapl.camaranh.rs.gov.br/media/sapl/public/materialegislativa/2013/21266/21266_texto_integral.odt", "ementa": "Sugere ao Poder Executivo a apresenta\u00e7\u00e3o de projeto de lei isentando templos de qualquer confiss\u00e3o religiosa da Contribui\u00e7\u00e3o para Custeio do Servi\u00e7o de Ilumina\u00e7\u00e3o P\u00fablica."}, {"id": 21275, "ano": 2013, "numero": 705, "tipo__sigla": "IND", "tipo__descricao": "Indica\u00e7\u00e3o/Pedido de Provid\u00eancias", "autoria__autor__nome": "Inspetor Luz", "texto_original": "https://sapl.camaranh.rs.gov.br/media/sapl/public/materialegislativa/2013/21275/21275_texto_integral.odt", "ementa": "Solicita remo\u00e7\u00e3o de galhos e entulhos depositados em frente ao n\u00ba 249, da Rua Encruzilhada do Sul, no Bairro Jardim Mau\u00e1."}, {"id": 21277, "ano": 2013, "numero": 706, "tipo__sigla": "IND", "tipo__descricao": "Indica\u00e7\u00e3o/Pedido de Provid\u00eancias", "autoria__autor__nome": "Professor Issur Koch", "texto_original": "https://sapl.camaranh.rs.gov.br/media/sapl/public/materialegislativa/2013/21277/21277_texto_integral.odt", "ementa": "Solicita reparo ou substitui\u00e7\u00e3o do poste de ilumina\u00e7\u00e3o p\u00fablica situado na Rua Bento Gon\u00e7alves, em frente ao n\u00ba 3453, Bairro Guarani."}, {"id": 21279, "ano": 2013, "numero": 707, "tipo__sigla": "IND", "tipo__descricao": "Indica\u00e7\u00e3o/Pedido de Provid\u00eancias", "autoria__autor__nome": "Professor Issur Koch", "texto_original": "https://sapl.camaranh.rs.gov.br/media/sapl/public/materialegislativa/2013/21279/21279_texto_integral.odt", "ementa": "Solicita  limpeza no leito do Arroio Luiz Rau em toda sua extens\u00e3o entre as Ruas Rinc\u00e3o e Caxias do Sul, no Bairro Oper\u00e1rio."}, {"id": 21281, "ano": 2013, "numero": 708, "tipo__sigla": "IND", "tipo__descricao": "Indica\u00e7\u00e3o/Pedido de Provid\u00eancias", "autoria__autor__nome": "Naasom Luciano", "texto_original": "https://sapl.camaranh.rs.gov.br/media/sapl/public/materialegislativa/2013/21281/21281_texto_integral.odt", "ementa": "Solicita desentupimento na rede de esgoto na Rua Madre Regina, extens\u00e3o da Rua Frederico Westphalen, Bairro S\u00e3o Jorge."}, {"id": 21282, "ano": 2013, "numero": 709, "tipo__sigla": "IND", "tipo__descricao": "Indica\u00e7\u00e3o/Pedido de Provid\u00eancias", "autoria__autor__nome": "Naasom Luciano", "texto_original": "https://sapl.camaranh.rs.gov.br/media/sapl/public/materialegislativa/2013/21282/21282_texto_integral.odt", "ementa": "Solicita patrolamento e britas na Rua Da Terceira  Idade, Bairro  S\u00e3o Jos\u00e9 Khefas."}, {"id": 21283, "ano": 2013, "numero": 710, "tipo__sigla": "IND", "tipo__descricao": "Indica\u00e7\u00e3o/Pedido de Provid\u00eancias", "autoria__autor__nome": "Betinho", "texto_original": "https://sapl.camaranh.rs.gov.br/media/sapl/public/materialegislativa/2013/21283/21283_texto_integral.odt", "ementa": "Solicita instala\u00e7\u00e3o de sinaleira na esquina das Ruas Oscar Bender e Avenida S\u00e3o Leopoldo. "}, {"id": 21290, "ano": 2013, "numero": 711, "tipo__sigla": "IND", "tipo__descricao": "Indica\u00e7\u00e3o/Pedido de Provid\u00eancias", "autoria__autor__nome": "Inspetor Luz", "texto_original": "https://sapl.camaranh.rs.gov.br/media/sapl/public/materialegislativa/2013/21290/21290_texto_integral.odt", "ementa": "Solicita remo\u00e7\u00e3o de galhos e entulhos depositados em frente ao n\u00ba 73, da Rua Soledade, no Bairro Jardim Mau\u00e1."}, {"id": 21291, "ano": 2013, "numero": 712, "tipo__sigla": "IND", "tipo__descricao": "Indica\u00e7\u00e3o/Pedido de Provid\u00eancias", "autoria__autor__nome": "Inspetor Luz", "texto_original": "https://sapl.camaranh.rs.gov.br/media/sapl/public/materialegislativa/2013/21291/21291_texto_integral.odt", "ementa": "Solicita remo\u00e7\u00e3o de galhos e entulhos depositados em frente ao n\u00ba 102, da Rua Igrejinha, no Bairro Jardim Mau\u00e1."}, {"id": 21309, "ano": 2013, "numero": 713, "tipo__sigla": "IND", "tipo__descricao": "Indica\u00e7\u00e3o/Pedido de Provid\u00eancias", "autoria__autor__nome": "Inspetor Luz", "texto_original": "https://sapl.camaranh.rs.gov.br/media/sapl/public/materialegislativa/2013/21309/21309_texto_integral.odt", "ementa": "Solicita revitaliza\u00e7\u00e3o da pintura e da sinaliza\u00e7\u00e3o da rotat\u00f3ria de liga\u00e7\u00e3o entre as Ruas Marc\u00edlio Dias e S\u00e3o Jac\u00f3, no Bairro Centro."}, {"id": 21310, "ano": 2013, "numero": 714, "tipo__sigla": "IND", "tipo__descricao": "Indica\u00e7\u00e3o/Pedido de Provid\u00eancias", "autoria__autor__nome": "Inspetor Luz", "texto_original": "https://sapl.camaranh.rs.gov.br/media/sapl/public/materialegislativa/2013/21310/21310_texto_integral.odt", "ementa": "Solicita opera\u00e7\u00e3o tapa-buracos em toda extens\u00e3o da Rua Anchieta, Bairro S\u00e3o Jorge."}, {"id": 21311, "ano": 2013, "numero": 715, "tipo__sigla": "IND", "tipo__descricao": "Indica\u00e7\u00e3o/Pedido de Provid\u00eancias", "autoria__autor__nome": "Inspetor Luz", "texto_original": "https://sapl.camaranh.rs.gov.br/media/sapl/public/materialegislativa/2013/21311/21311_texto_integral.odt", "ementa": "Solicita revitaliza\u00e7\u00e3o da pintura das faixas de seguran\u00e7a e melhor sinaliza\u00e7\u00e3o no entroncamento das Ruas Bartolomeu de Gusm\u00e3o e General Daltro Filho, no Bairro Canudos."}, {"id": 21312, "ano": 2013, "numero": 716, "tipo__sigla": "IND", "tipo__descricao": "Indica\u00e7\u00e3o/Pedido de Provid\u00eancias", "autoria__autor__nome": "Professor Issur Koch", "texto_original": "https://sapl.camaranh.rs.gov.br/media/sapl/public/materialegislativa/2013/21312/21312_texto_integral.odt", "ementa": "Solicita, com urg\u00eancia, a manuten\u00e7\u00e3o dos banheiros da Pra\u00e7a do Imigrante no Bairro Centro."}, {"id": 21313, "ano": 2013, "numero": 717, "tipo__sigla": "IND", "tipo__descricao": "Indica\u00e7\u00e3o/Pedido de Provid\u00eancias", "autoria__autor__nome": "Professor Issur Koch", "texto_original": "https://sapl.camaranh.rs.gov.br/media/sapl/public/materialegislativa/2013/21313/21313_texto_integral.odt", "ementa": "Solicita, com urg\u00eancia, a manuten\u00e7\u00e3o dos banheiros do Parque Henrique Luis Roessler (\"Parc\u00e3o\") no Bairro Hamburgo Velho."}, {"id": 21317, "ano": 2013, "numero": 718, "tipo__sigla": "IND", "tipo__descricao": "Indica\u00e7\u00e3o/Pedido de Provid\u00eancias", "autoria__autor__nome": "Cristiano Coller", "texto_original": "https://sapl.camaranh.rs.gov.br/media/sapl/public/materialegislativa/2013/21317/21317_texto_integral.odt", "ementa": "Solicito opera\u00e7\u00e3o tapa-buracos  localizados na Av. Na\u00e7\u00f5es Unidas, no trecho da Rua dos Andradas at\u00e9 a Rua Rinc\u00e3o, no Bairro Rinc\u00e3o. "}, {"id": 21318, "ano": 2013, "numero": 719, "tipo__sigla": "IND", "tipo__descricao": "Indica\u00e7\u00e3o/Pedido de Provid\u00eancias", "autoria__autor__nome": "JorgeTatsch", "texto_original": "https://sapl.camaranh.rs.gov.br/media/sapl/public/materialegislativa/2013/21318/21318_texto_integral.odt", "ementa": "Solicita reparo no meio-fio na Rua Man\u00e1gua, em frente ao n\u00ba 779, Bairro Santo Afonso."}, {"id": 21319, "ano": 2013, "numero": 720, "tipo__sigla": "IND", "tipo__descricao": "Indica\u00e7\u00e3o/Pedido de Provid\u00eancias", "autoria__autor__nome": "JorgeTatsch", "texto_original": "https://sapl.camaranh.rs.gov.br/media/sapl/public/materialegislativa/2013/21319/21319_texto_integral.odt", "ementa": "Solicita remo\u00e7\u00e3o de \u00e1rvore na Rua Riachuelo, em frente ao n\u00ba 26, Bairro Santo Afonso."}, {"id": 21322, "ano": 2013, "numero": 721, "tipo__sigla": "IND", "tipo__descricao": "Indica\u00e7\u00e3o/Pedido de Provid\u00eancias", "autoria__autor__nome": "Roger Corr\u00eaa", "texto_original": "https://sapl.camaranh.rs.gov.br/media/sapl/public/materialegislativa/2013/21322/21322_texto_integral.odt", "ementa": "Solicita a implanta\u00e7\u00e3o de academia de gin\u00e1stica  ao ar livre junto \u00e0 Pra\u00e7a Papa Jo\u00e3o Paulo I, situada entre as Ruas Rio Araguaia, Rio Paran\u00e1 e Rio Branco, Bairro Liberdade."}, {"id": 21323, "ano": 2013, "numero": 722, "tipo__sigla": "IND", "tipo__descricao": "Indica\u00e7\u00e3o/Pedido de Provid\u00eancias", "autoria__autor__nome": "Roger Corr\u00eaa", "texto_original": "https://sapl.camaranh.rs.gov.br/media/sapl/public/materialegislativa/2013/21323/21323_texto_integral.odt", "ementa": "Solicita a revitaliza\u00e7\u00e3o da Pra\u00e7a localizada na Avenida Buenos Aires, entre a Rua Caracas e  Rua Santa Ana,  no Bairro Santo Afonso."}, {"id": 21324, "ano": 2013, "numero": 723, "tipo__sigla": "IND", "tipo__descricao": "Indica\u00e7\u00e3o/Pedido de Provid\u00eancias", "autoria__autor__nome": "Sergio Hanich", "texto_original": "https://sapl.camaranh.rs.gov.br/media/sapl/public/materialegislativa/2013/21324/21324_texto_integral.odt", "ementa": "Solicita extens\u00e3o de canaliza\u00e7\u00e3o de rede de esgoto na Rua Bartolomeu de Gusm\u00e3o, do n\u00ba1074 at\u00e9 a Rua N\u00e1poles, Bairro Canudos."}, {"id": 21325, "ano": 2013, "numero": 724, "tipo__sigla": "IND", "tipo__descricao": "Indica\u00e7\u00e3o/Pedido de Provid\u00eancias", "autoria__autor__nome": "Sergio Hanich", "texto_original": "https://sapl.camaranh.rs.gov.br/media/sapl/public/materialegislativa/2013/21325/21325_texto_integral.odt", "ementa": "Solicita tapa-buracos na Av. Pedro Adams Filho, em frente ao n\u00ba 655, Bairro Santo Afonso."}, {"id": 21326, "ano": 2013, "numero": 725, "tipo__sigla": "IND", "tipo__descricao": "Indica\u00e7\u00e3o/Pedido de Provid\u00eancias", "autoria__autor__nome": "JorgeTatsch", "texto_original": "https://sapl.camaranh.rs.gov.br/media/sapl/public/materialegislativa/2013/21326/21326_texto_integral.odt", "ementa": "Solicita limpeza do passeio p\u00fablico ao longo da Av. Marqu\u00eas de Olinda, Bairro Santo Afonso."}, {"id": 21328, "ano": 2013, "numero": 726, "tipo__sigla": "IND", "tipo__descricao": "Indica\u00e7\u00e3o/Pedido de Provid\u00eancias", "autoria__autor__nome": "JorgeTatsch", "texto_original": "https://sapl.camaranh.rs.gov.br/media/sapl/public/materialegislativa/2013/21328/21328_texto_integral.odt", "ementa": "Solicita desentupimento de esgoto ao longo da Rua Ana N\u00e9ri, Bairro Industrial."}, {"id": 21330, "ano": 2013, "numero": 727, "tipo__sigla": "IND", "tipo__descricao": "Indica\u00e7\u00e3o/Pedido de Provid\u00eancias", "autoria__autor__nome": "Cristiano Coller", "texto_original": "https://sapl.camaranh.rs.gov.br/media/sapl/public/materialegislativa/2013/21330/21330_texto_integral.odt", "ementa": "Sugere estudo t\u00e9cnico sobre a viabilidade da  constru\u00e7\u00e3o de uma quadra de t\u00eanis no Bairro P\u00e1tria Nova."}, {"id": 21331, "ano": 2013, "numero": 728, "tipo__sigla": "IND", "tipo__descricao": "Indica\u00e7\u00e3o/Pedido de Provid\u00eancias", "autoria__autor__nome": "Cristiano Coller", "texto_original": "https://sapl.camaranh.rs.gov.br/media/sapl/public/materialegislativa/2013/21331/21331_texto_integral.odt", "ementa": "Solicita instala\u00e7\u00e3o de quebra-molas, na Rua Buenos Aires, pr\u00f3ximo ao n\u00ba 729, esquina com Rua Ottawa, no Bairro Santo Afonso."}, {"id": 21332, "ano": 2013, "numero": 729, "tipo__sigla": "IND", "tipo__descricao": "Indica\u00e7\u00e3o/Pedido de Provid\u00eancias", "autoria__autor__nome": "Cristiano Coller", "texto_original": "https://sapl.camaranh.rs.gov.br/media/sapl/public/materialegislativa/2013/21332/21332_texto_integral.odt", "ementa": "Solicita levantamento de copa das \u00e1rvores  da Pra\u00e7a Arnaldo Schoenardie, no Bairro Boa Vista."}, {"id": 21342, "ano": 2013, "numero": 730, "tipo__sigla": "IND", "tipo__descricao": "Indica\u00e7\u00e3o/Pedido de Provid\u00eancias", "autoria__autor__nome": "Betinho", "texto_original": "https://sapl.camaranh.rs.gov.br/media/sapl/public/materialegislativa/2013/21342/21342_texto_integral.odt", "ementa": "Solicita reparos no passeio p\u00fablico na Rua M\u00e9xico, pr\u00f3ximo ao n\u00famero 372. "}, {"id": 21343, "ano": 2013, "numero": 731, "tipo__sigla": "IND", "tipo__descricao": "Indica\u00e7\u00e3o/Pedido de Provid\u00eancias", "autoria__autor__nome": "Betinho", "texto_original": "https://sapl.camaranh.rs.gov.br/media/sapl/public/materialegislativa/2013/21343/21343_texto_integral.odt", "ementa": "Sugere ao Poder Executivo a instala\u00e7\u00e3o de um posto permanente da Guarda Municipal nas depend\u00eancias da Pra\u00e7a da Juventude, no Territ\u00f3rio de Paz, no Bairro Santo Afonso."}, {"id": 21344, "ano": 2013, "numero": 732, "tipo__sigla": "IND", "tipo__descricao": "Indica\u00e7\u00e3o/Pedido de Provid\u00eancias", "autoria__autor__nome": "Betinho", "texto_original": "https://sapl.camaranh.rs.gov.br/media/sapl/public/materialegislativa/2013/21344/21344_texto_integral.odt", "ementa": "Sugere ao Poder Executivo a instala\u00e7\u00e3o de um Biciclet\u00e1rio na Pra\u00e7a da Juventude, no Territ\u00f3rio de Paz, no Bairro Santo Afonso."}, {"id": 21345, "ano": 2013, "numero": 733, "tipo__sigla": "IND", "tipo__descricao": "Indica\u00e7\u00e3o/Pedido de Provid\u00eancias", "autoria__autor__nome": "Betinho", "texto_original": "https://sapl.camaranh.rs.gov.br/media/sapl/public/materialegislativa/2013/21345/21345_texto_integral.odt", "ementa": "Instala\u00e7\u00e3o de faixa de pedestres, rebaixamento de meio-fio e instala\u00e7\u00e3o de redutor de velocidade."}, {"id": 21346, "ano": 2013, "numero": 734, "tipo__sigla": "IND", "tipo__descricao": "Indica\u00e7\u00e3o/Pedido de Provid\u00eancias", "autoria__autor__nome": "Betinho", "texto_original": "https://sapl.camaranh.rs.gov.br/media/sapl/public/materialegislativa/2013/21346/21346_texto_integral.odt", "ementa": "Instala\u00e7\u00e3o de rede pluvial nos fundos do terreno da Rua da Palmeira, n\u00ba 44."}, {"id": 21347, "ano": 2013, "numero": 735, "tipo__sigla": "IND", "tipo__descricao": "Indica\u00e7\u00e3o/Pedido de Provid\u00eancias", "autoria__autor__nome": "Professor Issur Koch", "texto_original": "https://sapl.camaranh.rs.gov.br/media/sapl/public/materialegislativa/2013/21347/21347_texto_integral.odt", "ementa": "Sugere \u00e0 Secretaria Municipal de Esporte e Lazer e a Secretaria Municipal de Educa\u00e7\u00e3o e Desporto a inclus\u00e3o da modalidade Skate nas Olimp\u00edadas Escolares Para Todos."}, {"id": 21348, "ano": 2013, "numero": 736, "tipo__sigla": "IND", "tipo__descricao": "Indica\u00e7\u00e3o/Pedido de Provid\u00eancias", "autoria__autor__nome": "Raul Cassel", "texto_original": "https://sapl.camaranh.rs.gov.br/media/sapl/public/materialegislativa/2013/21348/21348_texto_integral.odt", "ementa": "Solicita constru\u00e7\u00e3o de Pista de Atletismo na EMEF. Francisco Xavier Kunz. "}, {"id": 21349, "ano": 2013, "numero": 737, "tipo__sigla": "IND", "tipo__descricao": "Indica\u00e7\u00e3o/Pedido de Provid\u00eancias", "autoria__autor__nome": "Inspetor Luz", "texto_original": "https://sapl.camaranh.rs.gov.br/media/sapl/public/materialegislativa/2013/21349/21349_texto_integral.odt", "ementa": "Solicita capina e limpeza junto ao meio-fio em toda extens\u00e3o da Rua  Londres, no Bairro Canudos."}, {"id": 21350, "ano": 2013, "numero": 738, "tipo__sigla": "IND", "tipo__descricao": "Indica\u00e7\u00e3o/Pedido de Provid\u00eancias", "autoria__autor__nome": "Inspetor Luz", "texto_original": "https://sapl.camaranh.rs.gov.br/media/sapl/public/materialegislativa/2013/21350/21350_texto_integral.odt", "ementa": "Solicita recomposi\u00e7\u00e3o asf\u00e1ltica em toda extens\u00e3o da Rua Alonso Berwanger, no Bairro Canudos. "}, {"id": 21351, "ano": 2013, "numero": 739, "tipo__sigla": "IND", "tipo__descricao": "Indica\u00e7\u00e3o/Pedido de Provid\u00eancias", "autoria__autor__nome": "Inspetor Luz", "texto_original": "https://sapl.camaranh.rs.gov.br/media/sapl/public/materialegislativa/2013/21351/21351_texto_integral.odt", "ementa": "Solicita recomposi\u00e7\u00e3o asf\u00e1ltica em toda extens\u00e3o da Rua \u00c2ngelo Provenzano, no Bairro Canudos. "}, {"id": 21356, "ano": 2013, "numero": 740, "tipo__sigla": "IND", "tipo__descricao": "Indica\u00e7\u00e3o/Pedido de Provid\u00eancias", "autoria__autor__nome": "Betinho", "texto_original": "https://sapl.camaranh.rs.gov.br/media/sapl/public/materialegislativa/2013/21356/21356_texto_integral.odt", "ementa": "Solicita estudo para rebaixamento de cal\u00e7ada e implanta\u00e7\u00e3o de rampas de acesso a cadeirantes nos Bairros Centro e Rio Branco."}, {"id": 21357, "ano": 2013, "numero": 741, "tipo__sigla": "IND", "tipo__descricao": "Indica\u00e7\u00e3o/Pedido de Provid\u00eancias", "autoria__autor__nome": "Betinho", "texto_original": "https://sapl.camaranh.rs.gov.br/media/sapl/public/materialegislativa/2013/21357/21357_texto_integral.odt", "ementa": "Solicita instala\u00e7\u00e3o de dispositivos sonoros em sem\u00e1foros da \u00e1rea central da cidade."}, {"id": 21359, "ano": 2013, "numero": 742, "tipo__sigla": "IND", "tipo__descricao": "Indica\u00e7\u00e3o/Pedido de Provid\u00eancias", "autoria__autor__nome": "Professor Issur Koch", "texto_original": "https://sapl.camaranh.rs.gov.br/media/sapl/public/materialegislativa/2013/21359/21359_texto_integral.odt", "ementa": "Solicita com urg\u00eancia, a limpeza e retirada de entulhos com poss\u00edveis focos da dengue e refor\u00e7o   no policiamento ostensivo no Parque do Trabalhador, Bairro Rinc\u00e3o."}, {"id": 21360, "ano": 2013, "numero": 743, "tipo__sigla": "IND", "tipo__descricao": "Indica\u00e7\u00e3o/Pedido de Provid\u00eancias", "autoria__autor__nome": "Gerson Peteffi", "texto_original": "https://sapl.camaranh.rs.gov.br/media/sapl/public/materialegislativa/2013/21360/21360_texto_integral.odt", "ementa": "Solicita pintura  da Estrada Jos\u00e9 Francisco Bohrer, do seu in\u00edcio at\u00e9 a Igreja S\u00e3o Jo\u00e3o do Deserto, Lomba Grande."}, {"id": 21361, "ano": 2013, "numero": 744, "tipo__sigla": "IND", "tipo__descricao": "Indica\u00e7\u00e3o/Pedido de Provid\u00eancias", "autoria__autor__nome": "Cristiano Coller", "texto_original": "https://sapl.camaranh.rs.gov.br/media/sapl/public/materialegislativa/2013/21361/21361_texto_integral.odt", "ementa": "Solicito a troca da tampa de boca-de-lobo na Rua Sim\u00f5es Lopes, nas proximidades do n\u00ba 746, no Bairro Liberdade."}, {"id": 21362, "ano": 2013, "numero": 745, "tipo__sigla": "IND", "tipo__descricao": "Indica\u00e7\u00e3o/Pedido de Provid\u00eancias", "autoria__autor__nome": "Cristiano Coller", "texto_original": "https://sapl.camaranh.rs.gov.br/media/sapl/public/materialegislativa/2013/21362/21362_texto_integral.odt", "ementa": "Solicita desentupimento de esgoto ao longo da Rua Santa Cecilia, Bairro Santo Afonso."}, {"id": 21363, "ano": 2013, "numero": 746, "tipo__sigla": "IND", "tipo__descricao": "Indica\u00e7\u00e3o/Pedido de Provid\u00eancias", "autoria__autor__nome": "Cristiano Coller", "texto_original": "https://sapl.camaranh.rs.gov.br/media/sapl/public/materialegislativa/2013/21363/21363_texto_integral.odt", "ementa": "Solicita pavimenta\u00e7\u00e3o asf\u00e1ltica da Rua Alemanha, no Bairro Petr\u00f3polis."}, {"id": 21366, "ano": 2013, "numero": 747, "tipo__sigla": "IND", "tipo__descricao": "Indica\u00e7\u00e3o/Pedido de Provid\u00eancias", "autoria__autor__nome": "Patr\u00edcia Beck", "texto_original": "https://sapl.camaranh.rs.gov.br/media/sapl/public/materialegislativa/2013/21366/21366_texto_integral.odt", "ementa": "Solicita a constru\u00e7\u00e3o de uma escada de acesso entre as Ruas Kurt Jacob e Arax\u00e1, Bairro Ideal."}, {"id": 21367, "ano": 2013, "numero": 748, "tipo__sigla": "IND", "tipo__descricao": "Indica\u00e7\u00e3o/Pedido de Provid\u00eancias", "autoria__autor__nome": "Patr\u00edcia Beck", "texto_original": "https://sapl.camaranh.rs.gov.br/media/sapl/public/materialegislativa/2013/21367/21367_texto_integral.odt", "ementa": "Solicita asfaltamento da Rua Kurt Jacob, no Bairro Ideal."}, {"id": 21368, "ano": 2013, "numero": 749, "tipo__sigla": "IND", "tipo__descricao": "Indica\u00e7\u00e3o/Pedido de Provid\u00eancias", "autoria__autor__nome": "Patr\u00edcia Beck", "texto_original": "https://sapl.camaranh.rs.gov.br/media/sapl/public/materialegislativa/2013/21368/21368_texto_integral.odt", "ementa": "Solicita a constru\u00e7\u00e3o de uma Pra\u00e7a P\u00fablica com  Playground, na Rua Kurt Jacob, esquina com a Rua Oscar Kuntz, no Bairro Ideal."}, {"id": 21369, "ano": 2013, "numero": 750, "tipo__sigla": "IND", "tipo__descricao": "Indica\u00e7\u00e3o/Pedido de Provid\u00eancias", "autoria__autor__nome": "Patr\u00edcia Beck", "texto_original": "https://sapl.camaranh.rs.gov.br/media/sapl/public/materialegislativa/2013/21369/21369_texto_integral.odt", "ementa": "Solicita conserto da rede de esgoto fluvial na Rua Kurt Jacob, em toda a sua extens\u00e3o, no Bairro Ideal."}, {"id": 21370, "ano": 2013, "numero": 751, "tipo__sigla": "IND", "tipo__descricao": "Indica\u00e7\u00e3o/Pedido de Provid\u00eancias", "autoria__autor__nome": "Patr\u00edcia Beck", "texto_original": "https://sapl.camaranh.rs.gov.br/media/sapl/public/materialegislativa/2013/21370/21370_texto_integral.odt", "ementa": "Solicita conserto da rede de esgoto fluvial na Rua Wendelino Henrique Klaser, em toda a sua extens\u00e3o, no Bairro Ideal."}, {"id": 21371, "ano": 2013, "numero": 752, "tipo__sigla": "IND", "tipo__descricao": "Indica\u00e7\u00e3o/Pedido de Provid\u00eancias", "autoria__autor__nome": "Patr\u00edcia Beck", "texto_original": "https://sapl.camaranh.rs.gov.br/media/sapl/public/materialegislativa/2013/21371/21371_texto_integral.odt", "ementa": "Solicita poda de \u00e1rvore na Rua Carlos Germano Pipper, em frente ao n\u00famero 645, Bairro Ideal."}, {"id": 21372, "ano": 2013, "numero": 753, "tipo__sigla": "IND", "tipo__descricao": "Indica\u00e7\u00e3o/Pedido de Provid\u00eancias", "autoria__autor__nome": "Patr\u00edcia Beck", "texto_original": "https://sapl.camaranh.rs.gov.br/media/sapl/public/materialegislativa/2013/21372/21372_texto_integral.odt", "ementa": "Solicita remo\u00e7\u00e3o de uma \u00e1rvore que nasceu sobre um abrigo de \u00f4nibus localizado na Rua Carlos Germano Pipper, em frente ao n\u00famero 645, Bairro Ideal."}, {"id": 21373, "ano": 2013, "numero": 754, "tipo__sigla": "IND", "tipo__descricao": "Indica\u00e7\u00e3o/Pedido de Provid\u00eancias", "autoria__autor__nome": "Patr\u00edcia Beck", "texto_original": "https://sapl.camaranh.rs.gov.br/media/sapl/public/materialegislativa/2013/21373/21373_texto_integral.odt", "ementa": "Solicita abertura de boca-de-lobo na Rua Jo\u00e3o Quincas, em frente ao n\u00ba 55, no Bairro Ideal."}, {"id": 21374, "ano": 2013, "numero": 755, "tipo__sigla": "IND", "tipo__descricao": "Indica\u00e7\u00e3o/Pedido de Provid\u00eancias", "autoria__autor__nome": "Patr\u00edcia Beck", "texto_original": "https://sapl.camaranh.rs.gov.br/media/sapl/public/materialegislativa/2013/21374/21374_texto_integral.odt", "ementa": "Solicita conserto (hidrojateamento) da rede de esgoto fluvial na Rua Jo\u00e3o Quincas, em toda a sua extens\u00e3o, no Bairro Ideal."}, {"id": 21375, "ano": 2013, "numero": 756, "tipo__sigla": "IND", "tipo__descricao": "Indica\u00e7\u00e3o/Pedido de Provid\u00eancias", "autoria__autor__nome": "Patr\u00edcia Beck", "texto_original": "https://sapl.camaranh.rs.gov.br/media/sapl/public/materialegislativa/2013/21375/21375_texto_integral.odt", "ementa": "Solicita limpeza da boca-de-lobo localizada na Rua Madre Regina, passando o n\u00ba 1020, no Bairro S\u00e3o Jorge."}, {"id": 21376, "ano": 2013, "numero": 757, "tipo__sigla": "IND", "tipo__descricao": "Indica\u00e7\u00e3o/Pedido de Provid\u00eancias", "autoria__autor__nome": "Patr\u00edcia Beck", "texto_original": "https://sapl.camaranh.rs.gov.br/media/sapl/public/materialegislativa/2013/21376/21376_texto_integral.odt", "ementa": "Solicita coloca\u00e7\u00e3o de uma sinaleira para pedestres na Rua Vereador Oscar Horn, n\u00ba 780, no Bairro Canudos."}, {"id": 21377, "ano": 2013, "numero": 758, "tipo__sigla": "IND", "tipo__descricao": "Indica\u00e7\u00e3o/Pedido de Provid\u00eancias", "autoria__autor__nome": "Patr\u00edcia Beck", "texto_original": "https://sapl.camaranh.rs.gov.br/media/sapl/public/materialegislativa/2013/21377/21377_texto_integral.odt", "ementa": "Solicita com urg\u00eancia revis\u00e3o e fechamento do asfalto danificado por eros\u00e3o proveniente do esgoto pluvial, na Rua Nogueira, esquina com a Rua Luiz de Cam\u00f5es, no Bairro Vila Nova."}, {"id": 21378, "ano": 2013, "numero": 759, "tipo__sigla": "IND", "tipo__descricao": "Indica\u00e7\u00e3o/Pedido de Provid\u00eancias", "autoria__autor__nome": "Patr\u00edcia Beck", "texto_original": "https://sapl.camaranh.rs.gov.br/media/sapl/public/materialegislativa/2013/21378/21378_texto_integral.odt", "ementa": "Solicita com urg\u00eancia que a Pra\u00e7a do Foguete, localizada junto a Av. Primeiro de Mar\u00e7o, Bairro Centro, receba ilumina\u00e7\u00e3o junto \u00e0 quadra de futebol."}, {"id": 21379, "ano": 2013, "numero": 760, "tipo__sigla": "IND", "tipo__descricao": "Indica\u00e7\u00e3o/Pedido de Provid\u00eancias", "autoria__autor__nome": "Patr\u00edcia Beck", "texto_original": "https://sapl.camaranh.rs.gov.br/media/sapl/public/materialegislativa/2013/21379/21379_texto_integral.odt", "ementa": "Solicita constru\u00e7\u00e3o de uma pra\u00e7a p\u00fablica com  playground na Rua Reinoldo Heckler, pr\u00f3ximo ao n\u00ba 187, no Bairro Canudos."}, {"id": 21380, "ano": 2013, "numero": 761, "tipo__sigla": "IND", "tipo__descricao": "Indica\u00e7\u00e3o/Pedido de Provid\u00eancias", "autoria__autor__nome": "Patr\u00edcia Beck", "texto_original": "https://sapl.camaranh.rs.gov.br/media/sapl/public/materialegislativa/2013/21380/21380_texto_integral.odt", "ementa": "Solicita coloca\u00e7\u00e3o de um quebra-molas na Rua Reinoldo Heckler, em frente ao n\u00ba 81, no Bairro Canudos."}, {"id": 21381, "ano": 2013, "numero": 762, "tipo__sigla": "IND", "tipo__descricao": "Indica\u00e7\u00e3o/Pedido de Provid\u00eancias", "autoria__autor__nome": "Patr\u00edcia Beck", "texto_original": "https://sapl.camaranh.rs.gov.br/media/sapl/public/materialegislativa/2013/21381/21381_texto_integral.odt", "ementa": "Solicita corte de \u00e1rvore na Rua Ip\u00ea, em frente ao n\u00ba 374, no Bairro Liberdade."}, {"id": 21382, "ano": 2013, "numero": 763, "tipo__sigla": "IND", "tipo__descricao": "Indica\u00e7\u00e3o/Pedido de Provid\u00eancias", "autoria__autor__nome": "Patr\u00edcia Beck", "texto_original": "https://sapl.camaranh.rs.gov.br/media/sapl/public/materialegislativa/2013/21382/21382_texto_integral.odt", "ementa": "Solicita recomposi\u00e7\u00e3o asf\u00e1ltica da Rua Nogueira, esquina com a Rua Luiz de Cam\u00f5es, no Bairro Vila Nova."}, {"id": 21383, "ano": 2013, "numero": 764, "tipo__sigla": "IND", "tipo__descricao": "Indica\u00e7\u00e3o/Pedido de Provid\u00eancias", "autoria__autor__nome": "Patr\u00edcia Beck", "texto_original": "https://sapl.camaranh.rs.gov.br/media/sapl/public/materialegislativa/2013/21383/21383_texto_integral.odt", "ementa": "Solicita a recomposi\u00e7\u00e3o da cal\u00e7ada, localizada na Rua Ip\u00ea, em frente ao n\u00famero 374, no Bairro Liberdade."}, {"id": 21384, "ano": 2013, "numero": 765, "tipo__sigla": "IND", "tipo__descricao": "Indica\u00e7\u00e3o/Pedido de Provid\u00eancias", "autoria__autor__nome": "Patr\u00edcia Beck", "texto_original": "https://sapl.camaranh.rs.gov.br/media/sapl/public/materialegislativa/2013/21384/21384_texto_integral.odt", "ementa": "Solicita coloca\u00e7\u00e3o de uma lixeira comunit\u00e1ria junto \u00e0 Rua Bartolomeu de Gusm\u00e3o, em frente ao n\u00famero 1410, no Bairro Canudos."}, {"id": 21385, "ano": 2013, "numero": 766, "tipo__sigla": "IND", "tipo__descricao": "Indica\u00e7\u00e3o/Pedido de Provid\u00eancias", "autoria__autor__nome": "Patr\u00edcia Beck", "texto_original": "https://sapl.camaranh.rs.gov.br/media/sapl/public/materialegislativa/2013/21385/21385_texto_integral.odt", "ementa": "Solicita a conclus\u00e3o do asfaltamento da Rua Hamburgo, no trecho compreendido entre as Ruas Baur\u00fa e \u00cdcaro, no Bairro Canudos."}, {"id": 21386, "ano": 2013, "numero": 767, "tipo__sigla": "IND", "tipo__descricao": "Indica\u00e7\u00e3o/Pedido de Provid\u00eancias", "autoria__autor__nome": "Patr\u00edcia Beck", "texto_original": "https://sapl.camaranh.rs.gov.br/media/sapl/public/materialegislativa/2013/21386/21386_texto_integral.odt", "ementa": "Solicita que seja notificado o propriet\u00e1rio do im\u00f3vel em constru\u00e7\u00e3o localizado junto \u00e0 Rua Wendelino Henrique Klaser, ao lado do n\u00ba 122, no Bairro Ideal."}, {"id": 21387, "ano": 2013, "numero": 768, "tipo__sigla": "IND", "tipo__descricao": "Indica\u00e7\u00e3o/Pedido de Provid\u00eancias", "autoria__autor__nome": "Patr\u00edcia Beck", "texto_original": "https://sapl.camaranh.rs.gov.br/media/sapl/public/materialegislativa/2013/21387/21387_texto_integral.odt", "ementa": "Solicita a recomposi\u00e7\u00e3o asf\u00e1ltica na esquina das Avenidas Montevideo e Buenos Aires, no Bairro Santo Afonso."}, {"id": 21388, "ano": 2013, "numero": 769, "tipo__sigla": "IND", "tipo__descricao": "Indica\u00e7\u00e3o/Pedido de Provid\u00eancias", "autoria__autor__nome": "Patr\u00edcia Beck", "texto_original": "https://sapl.camaranh.rs.gov.br/media/sapl/public/materialegislativa/2013/21388/21388_texto_integral.odt", "ementa": "Solicita que seja notificado o propriet\u00e1rio do im\u00f3vel localizado junto \u00e0 Rua S\u00e3o Luiz Gonzaga, ao lado do n\u00ba 276, no Bairro Guarani."}, {"id": 21389, "ano": 2013, "numero": 770, "tipo__sigla": "IND", "tipo__descricao": "Indica\u00e7\u00e3o/Pedido de Provid\u00eancias", "autoria__autor__nome": "Patr\u00edcia Beck", "texto_original": "https://sapl.camaranh.rs.gov.br/media/sapl/public/materialegislativa/2013/21389/21389_texto_integral.odt", "ementa": "Solicita limpeza e conserto da caixa da boca-de-lobo localizada na Rua Hamburgo, pr\u00f3xima ao n\u00ba 836, no bairro Canudos."}, {"id": 21390, "ano": 2013, "numero": 771, "tipo__sigla": "IND", "tipo__descricao": "Indica\u00e7\u00e3o/Pedido de Provid\u00eancias", "autoria__autor__nome": "Patr\u00edcia Beck", "texto_original": "https://sapl.camaranh.rs.gov.br/media/sapl/public/materialegislativa/2013/21390/21390_texto_integral.odt", "ementa": "Solicita a constru\u00e7\u00e3o de uma escada de acesso entre as Ruas Kurt Jacob e Arax\u00e1, Bairro Ideal."}, {"id": 21394, "ano": 2013, "numero": 772, "tipo__sigla": "IND", "tipo__descricao": "Indica\u00e7\u00e3o/Pedido de Provid\u00eancias", "autoria__autor__nome": "Inspetor Luz", "texto_original": "https://sapl.camaranh.rs.gov.br/media/sapl/public/materialegislativa/2013/21394/21394_texto_integral.odt", "ementa": "Solicita limpeza de terreno baldio localizado ao lado da E.M.E.I Vov\u00f4 Werno, na Rua Ibirub\u00e1,  n\u00ba 599, Bairro Vila Nova."}, {"id": 21395, "ano": 2013, "numero": 773, "tipo__sigla": "IND", "tipo__descricao": "Indica\u00e7\u00e3o/Pedido de Provid\u00eancias", "autoria__autor__nome": "Inspetor Luz", "texto_original": "https://sapl.camaranh.rs.gov.br/media/sapl/public/materialegislativa/2013/21395/21395_texto_integral.odt", "ementa": "Solicita remo\u00e7\u00e3o de galhos e entulhos depositados na Rua Christian Huber, em frente ao n\u00ba 775, no Bairro Vila Nova."}, {"id": 21396, "ano": 2013, "numero": 774, "tipo__sigla": "IND", "tipo__descricao": "Indica\u00e7\u00e3o/Pedido de Provid\u00eancias", "autoria__autor__nome": "Inspetor Luz", "texto_original": "https://sapl.camaranh.rs.gov.br/media/sapl/public/materialegislativa/2013/21396/21396_texto_integral.odt", "ementa": "Solicita revitaliza\u00e7\u00e3o da pintura das faixas de seguran\u00e7a no entroncamento entre as Ruas Christian Huber e Santa B\u00e1rbara, no Bairro Vila Nova."}, {"id": 21397, "ano": 2013, "numero": 775, "tipo__sigla": "IND", "tipo__descricao": "Indica\u00e7\u00e3o/Pedido de Provid\u00eancias", "autoria__autor__nome": "Inspetor Luz", "texto_original": "https://sapl.camaranh.rs.gov.br/media/sapl/public/materialegislativa/2013/21397/21397_texto_integral.odt", "ementa": "Solicita capina e limpeza junto ao meio-fio em toda extens\u00e3o da Rua Henrique Dias, no Bairro Guarani."}, {"id": 21398, "ano": 2013, "numero": 776, "tipo__sigla": "IND", "tipo__descricao": "Indica\u00e7\u00e3o/Pedido de Provid\u00eancias", "autoria__autor__nome": "Inspetor Luz", "texto_original": "https://sapl.camaranh.rs.gov.br/media/sapl/public/materialegislativa/2013/21398/21398_texto_integral.odt", "ementa": "Solicita recomposi\u00e7\u00e3o asf\u00e1ltica em toda extens\u00e3o da Rua Alu\u00edsio de Azevedo, no Bairro Guarani. "}, {"id": 21399, "ano": 2013, "numero": 777, "tipo__sigla": "IND", "tipo__descricao": "Indica\u00e7\u00e3o/Pedido de Provid\u00eancias", "autoria__autor__nome": "Inspetor Luz", "texto_original": "https://sapl.camaranh.rs.gov.br/media/sapl/public/materialegislativa/2013/21399/21399_texto_integral.odt", "ementa": "Solicita capina e limpeza junto ao meio-fio em toda extens\u00e3o da Rua Luiz de Cam\u00f5es, no Bairro Guarani."}, {"id": 21400, "ano": 2013, "numero": 778, "tipo__sigla": "IND", "tipo__descricao": "Indica\u00e7\u00e3o/Pedido de Provid\u00eancias", "autoria__autor__nome": "Inspetor Luz", "texto_original": "https://sapl.camaranh.rs.gov.br/media/sapl/public/materialegislativa/2013/21400/21400_texto_integral.odt", "ementa": "Solicita capina e limpeza junto ao meio-fio em toda extens\u00e3o da Rua F\u00e9lix da Cunha, no Bairro Guarani."}, {"id": 21402, "ano": 2013, "numero": 779, "tipo__sigla": "IND", "tipo__descricao": "Indica\u00e7\u00e3o/Pedido de Provid\u00eancias", "autoria__autor__nome": "JorgeTatsch", "texto_original": "https://sapl.camaranh.rs.gov.br/media/sapl/public/materialegislativa/2013/21402/21402_texto_integral.odt", "ementa": "Solicita redu\u00e7\u00e3o do meio-fio para criar entrada para autom\u00f3veis na Rua 03, na frente do n\u00ba 671, Bairro Santo Afonso."}, {"id": 21403, "ano": 2013, "numero": 780, "tipo__sigla": "IND", "tipo__descricao": "Indica\u00e7\u00e3o/Pedido de Provid\u00eancias", "autoria__autor__nome": "JorgeTatsch", "texto_original": "https://sapl.camaranh.rs.gov.br/media/sapl/public/materialegislativa/2013/21403/21403_texto_integral.odt", "ementa": "Solicita coloca\u00e7\u00e3o de boca-de-lobo na Rua 04, em frente ao n\u00ba 104, Bairro Santo Afonso."}, {"id": 21404, "ano": 2013, "numero": 781, "tipo__sigla": "IND", "tipo__descricao": "Indica\u00e7\u00e3o/Pedido de Provid\u00eancias", "autoria__autor__nome": "JorgeTatsch", "texto_original": "https://sapl.camaranh.rs.gov.br/media/sapl/public/materialegislativa/2013/21404/21404_texto_integral.odt", "ementa": "Solicita limpeza de esgoto entupido na Av. Primeiro de Mar\u00e7o, nos fundos do n\u00ba 4364, Bairro Industrial."}, {"id": 21405, "ano": 2013, "numero": 782, "tipo__sigla": "IND", "tipo__descricao": "Indica\u00e7\u00e3o/Pedido de Provid\u00eancias", "autoria__autor__nome": "JorgeTatsch", "texto_original": "https://sapl.camaranh.rs.gov.br/media/sapl/public/materialegislativa/2013/21405/21405_texto_integral.odt", "ementa": "Solicita coloca\u00e7\u00e3o de boca-de-lobo na Av. Primeiro de Mar\u00e7o, em frente ao n\u00ba 1833, Bairro Ideal."}, {"id": 21406, "ano": 2013, "numero": 783, "tipo__sigla": "IND", "tipo__descricao": "Indica\u00e7\u00e3o/Pedido de Provid\u00eancias", "autoria__autor__nome": "JorgeTatsch", "texto_original": "https://sapl.camaranh.rs.gov.br/media/sapl/public/materialegislativa/2013/21406/21406_texto_integral.odt", "ementa": "Solicita remo\u00e7\u00e3o de duas \u00e1rvores na Rua Roberto Kronmeyer, em frente do n\u00ba 86, Bairro Santo Afonso."}, {"id": 21407, "ano": 2013, "numero": 784, "tipo__sigla": "IND", "tipo__descricao": "Indica\u00e7\u00e3o/Pedido de Provid\u00eancias", "autoria__autor__nome": "JorgeTatsch", "texto_original": "https://sapl.camaranh.rs.gov.br/media/sapl/public/materialegislativa/2013/21407/21407_texto_integral.odt", "ementa": "Solicita nivelamento de asfalto na Rua Rio Amazonas, em frente ao n\u00ba 128, Bairro Liberdade."}, {"id": 21408, "ano": 2013, "numero": 785, "tipo__sigla": "IND", "tipo__descricao": "Indica\u00e7\u00e3o/Pedido de Provid\u00eancias", "autoria__autor__nome": "JorgeTatsch", "texto_original": "https://sapl.camaranh.rs.gov.br/media/sapl/public/materialegislativa/2013/21408/21408_texto_integral.odt", "ementa": "Solicita conserto de buraco no passeio p\u00fablico da Av. Pedro Adams Filho, pr\u00f3ximo do n\u00ba 1747, Bairro Industrial."}, {"id": 21409, "ano": 2013, "numero": 786, "tipo__sigla": "IND", "tipo__descricao": "Indica\u00e7\u00e3o/Pedido de Provid\u00eancias", "autoria__autor__nome": "JorgeTatsch", "texto_original": "https://sapl.camaranh.rs.gov.br/media/sapl/public/materialegislativa/2013/21409/21409_texto_integral.odt", "ementa": "Solicita conserto de buraco no passeio p\u00fablico da  Rua Solidariedade, em frente ao n\u00ba 250, Bairro Santo Afonso."}, {"id": 21410, "ano": 2013, "numero": 787, "tipo__sigla": "IND", "tipo__descricao": "Indica\u00e7\u00e3o/Pedido de Provid\u00eancias", "autoria__autor__nome": "JorgeTatsch", "texto_original": "https://sapl.camaranh.rs.gov.br/media/sapl/public/materialegislativa/2013/21410/21410_texto_integral.odt", "ementa": "Solicita conserto de buraco no passeio p\u00fablico na Rua Marqu\u00eas de Olinda, pr\u00f3ximo do n\u00ba 383, Bairro Santo Afonso."}, {"id": 21411, "ano": 2013, "numero": 788, "tipo__sigla": "IND", "tipo__descricao": "Indica\u00e7\u00e3o/Pedido de Provid\u00eancias", "autoria__autor__nome": "JorgeTatsch", "texto_original": "https://sapl.camaranh.rs.gov.br/media/sapl/public/materialegislativa/2013/21411/21411_texto_integral.odt", "ementa": "Solicita poda de \u00e1rvores na Av. Montevideo, esquina com a Rua Costa Rica, Bairro Santo Afonso."}, {"id": 21412, "ano": 2013, "numero": 789, "tipo__sigla": "IND", "tipo__descricao": "Indica\u00e7\u00e3o/Pedido de Provid\u00eancias", "autoria__autor__nome": "JorgeTatsch", "texto_original": "https://sapl.camaranh.rs.gov.br/media/sapl/public/materialegislativa/2013/21412/21412_texto_integral.odt", "ementa": "Solicita coloca\u00e7\u00e3o de lixeira na Rua Lima, em frente ao n\u00ba 611, Bairro Santo Afonso."}, {"id": 21413, "ano": 2013, "numero": 790, "tipo__sigla": "IND", "tipo__descricao": "Indica\u00e7\u00e3o/Pedido de Provid\u00eancias", "autoria__autor__nome": "JorgeTatsch", "texto_original": "https://sapl.camaranh.rs.gov.br/media/sapl/public/materialegislativa/2013/21413/21413_texto_integral.odt", "ementa": "Solicita a instala\u00e7\u00e3o  de sem\u00e1foro, na Rua Ant\u00f4nio R. Kroeff, esquina com a Av. Pedro Adams Filho, no Bairro Rond\u00f4nia."}, {"id": 21414, "ano": 2013, "numero": 791, "tipo__sigla": "IND", "tipo__descricao": "Indica\u00e7\u00e3o/Pedido de Provid\u00eancias", "autoria__autor__nome": "JorgeTatsch", "texto_original": "https://sapl.camaranh.rs.gov.br/media/sapl/public/materialegislativa/2013/21414/21414_texto_integral.odt", "ementa": "Solicita coloca\u00e7\u00e3o de lixeira na Rua Guia Lopes, em frente ao n\u00ba 140, Bairro Rond\u00f4nia/Santo Afonso."}, {"id": 21416, "ano": 2013, "numero": 792, "tipo__sigla": "IND", "tipo__descricao": "Indica\u00e7\u00e3o/Pedido de Provid\u00eancias", "autoria__autor__nome": "JorgeTatsch", "texto_original": "https://sapl.camaranh.rs.gov.br/media/sapl/public/materialegislativa/2013/21416/21416_texto_integral.odt", "ementa": "Solicita coloca\u00e7\u00e3o de boca-de-lobo na Rua Ottawa, em frente ao n\u00ba 242, Bairro Santo Afonso."}, {"id": 21417, "ano": 2013, "numero": 793, "tipo__sigla": "IND", "tipo__descricao": "Indica\u00e7\u00e3o/Pedido de Provid\u00eancias", "autoria__autor__nome": "JorgeTatsch", "texto_original": "https://sapl.camaranh.rs.gov.br/media/sapl/public/materialegislativa/2013/21417/21417_texto_integral.odt", "ementa": "Solicita coloca\u00e7\u00e3o de boca-de-lobo na Rua Primavera, em frente ao n\u00ba 14, Bairro Santo Afonso."}, {"id": 21418, "ano": 2013, "numero": 794, "tipo__sigla": "IND", "tipo__descricao": "Indica\u00e7\u00e3o/Pedido de Provid\u00eancias", "autoria__autor__nome": "JorgeTatsch", "texto_original": "https://sapl.camaranh.rs.gov.br/media/sapl/public/materialegislativa/2013/21418/21418_texto_integral.odt", "ementa": "Solicita patrolamento e britas na Rua Vista Alegre, em toda a extens\u00e3o, no Bairro Santo Afonso."}, {"id": 21419, "ano": 2013, "numero": 795, "tipo__sigla": "IND", "tipo__descricao": "Indica\u00e7\u00e3o/Pedido de Provid\u00eancias", "autoria__autor__nome": "JorgeTatsch", "texto_original": "https://sapl.camaranh.rs.gov.br/media/sapl/public/materialegislativa/2013/21419/21419_texto_integral.odt", "ementa": "Solicita limpeza e retirada de lixo do passeio p\u00fablico e do canteiro em toda extens\u00e3o da Av. Marqu\u00eas de Olinda, Bairro Santo Afonso."}, {"id": 21420, "ano": 2013, "numero": 796, "tipo__sigla": "IND", "tipo__descricao": "Indica\u00e7\u00e3o/Pedido de Provid\u00eancias", "autoria__autor__nome": "JorgeTatsch", "texto_original": "https://sapl.camaranh.rs.gov.br/media/sapl/public/materialegislativa/2013/21420/21420_texto_integral.odt", "ementa": "Solicita remo\u00e7\u00e3o de galhos na Av. Marqu\u00eas de Olinda, pr\u00f3ximo ao  n\u00ba 19, Bairro Santo Afonso."}, {"id": 21421, "ano": 2013, "numero": 797, "tipo__sigla": "IND", "tipo__descricao": "Indica\u00e7\u00e3o/Pedido de Provid\u00eancias", "autoria__autor__nome": "Raul Cassel", "texto_original": "https://sapl.camaranh.rs.gov.br/media/sapl/public/materialegislativa/2013/21421/21421_texto_integral.odt", "ementa": "Solicita realiza\u00e7\u00e3o de opera\u00e7\u00e3o tapa-buracos na pavimenta\u00e7\u00e3o asf\u00e1ltica  da Rua Benjamin Constant, entre a Rua Marc\u00edlio Dias e a Av. Cel. Frederico Linck."}, {"id": 21422, "ano": 2013, "numero": 798, "tipo__sigla": "IND", "tipo__descricao": "Indica\u00e7\u00e3o/Pedido de Provid\u00eancias", "autoria__autor__nome": "Raul Cassel", "texto_original": "https://sapl.camaranh.rs.gov.br/media/sapl/public/materialegislativa/2013/21422/21422_texto_integral.odt", "ementa": "Solicita capina e limpeza da Rua Presidente Lucena, no trecho entre as Ruas Boa Sa\u00fade e Osvaldo Cruz,  no Bairro Primavera. "}, {"id": 21423, "ano": 2013, "numero": 799, "tipo__sigla": "IND", "tipo__descricao": "Indica\u00e7\u00e3o/Pedido de Provid\u00eancias", "autoria__autor__nome": "Raul Cassel", "texto_original": "https://sapl.camaranh.rs.gov.br/media/sapl/public/materialegislativa/2013/21423/21423_texto_integral.odt", "ementa": "Solicita a realiza\u00e7\u00e3o de opera\u00e7\u00e3o tapa-buracos na pavimenta\u00e7\u00e3o asf\u00e1ltica da Rua Juiz de Fora, em frente ao n\u00ba 375, no Bairro Ideal."}, {"id": 21424, "ano": 2013, "numero": 800, "tipo__sigla": "IND", "tipo__descricao": "Indica\u00e7\u00e3o/Pedido de Provid\u00eancias", "autoria__autor__nome": "Raul Cassel", "texto_original": "https://sapl.camaranh.rs.gov.br/media/sapl/public/materialegislativa/2013/21424/21424_texto_integral.odt", "ementa": "Solicita recomposi\u00e7\u00e3o asf\u00e1ltica em via p\u00fablica."}, {"id": 21427, "ano": 2013, "numero": 801, "tipo__sigla": "IND", "tipo__descricao": "Indica\u00e7\u00e3o/Pedido de Provid\u00eancias", "autoria__autor__nome": "Naasom Luciano", "texto_original": "https://sapl.camaranh.rs.gov.br/media/sapl/public/materialegislativa/2013/21427/21427_texto_integral.odt", "ementa": "Solicita  opera\u00e7\u00e3o tapa-buracos na Rua Am\u00e9rico Vesp\u00facio, em frente ao n\u00ba 40 at\u00e9 o n\u00ba 62, no Bairro S\u00e3o Jorge."}, {"id": 21428, "ano": 2013, "numero": 802, "tipo__sigla": "IND", "tipo__descricao": "Indica\u00e7\u00e3o/Pedido de Provid\u00eancias", "autoria__autor__nome": "Cristiano Coller", "texto_original": "https://sapl.camaranh.rs.gov.br/media/sapl/public/materialegislativa/2013/21428/21428_texto_integral.odt", "ementa": "Solicita estudo t\u00e9cnico sobre a viabilidade de instala\u00e7\u00e3o de rotat\u00f3ria no cruzamento das Ruas Volunt\u00e1rios da P\u00e1tria e Flores da Cunha, no Bairro P\u00e1tria Nova."}, {"id": 21429, "ano": 2013, "numero": 803, "tipo__sigla": "IND", "tipo__descricao": "Indica\u00e7\u00e3o/Pedido de Provid\u00eancias", "autoria__autor__nome": "Cristiano Coller", "texto_original": "https://sapl.camaranh.rs.gov.br/media/sapl/public/materialegislativa/2013/21429/21429_texto_integral.odt", "ementa": "Solicita estudo t\u00e9cnico sobre a viabilidade de ser implantada novamente m\u00e3o dupla na Rua Gra\u00e7a Aranha, no Bairro Ideal."}, {"id": 21430, "ano": 2013, "numero": 804, "tipo__sigla": "IND", "tipo__descricao": "Indica\u00e7\u00e3o/Pedido de Provid\u00eancias", "autoria__autor__nome": "Cristiano Coller", "texto_original": "https://sapl.camaranh.rs.gov.br/media/sapl/public/materialegislativa/2013/21430/21430_texto_integral.odt", "ementa": "Solicita conserto de duas infiltra\u00e7\u00f5es na cal\u00e7ada  da Rua Confraterniza\u00e7\u00e3o, n\u00ba 570, esquina com a Rua Flores da Cunha, no Bairro P\u00e1tria Nova."}, {"id": 21431, "ano": 2013, "numero": 805, "tipo__sigla": "IND", "tipo__descricao": "Indica\u00e7\u00e3o/Pedido de Provid\u00eancias", "autoria__autor__nome": "Cristiano Coller", "texto_original": "https://sapl.camaranh.rs.gov.br/media/sapl/public/materialegislativa/2013/21431/21431_texto_integral.odt", "ementa": "Solicita conserto de infiltra\u00e7\u00e3o na cal\u00e7ada da Rua Confraterniza\u00e7\u00e3o, em frente ao n\u00ba 846, no Bairro P\u00e1tria Nova."}, {"id": 21432, "ano": 2013, "numero": 806, "tipo__sigla": "IND", "tipo__descricao": "Indica\u00e7\u00e3o/Pedido de Provid\u00eancias", "autoria__autor__nome": "Cristiano Coller", "texto_original": "https://sapl.camaranh.rs.gov.br/media/sapl/public/materialegislativa/2013/21432/21432_texto_integral.odt", "ementa": "Solicita instala\u00e7\u00e3o de sem\u00e1foro \"4 tempos\" no cruzamento das Avenidas Coronel Frederico Linck e Vereador Ad\u00e3o Rodrigues de Oliveira, no Bairro Ideal."}, {"id": 21433, "ano": 2013, "numero": 807, "tipo__sigla": "IND", "tipo__descricao": "Indica\u00e7\u00e3o/Pedido de Provid\u00eancias", "autoria__autor__nome": "Cristiano Coller", "texto_original": "https://sapl.camaranh.rs.gov.br/media/sapl/public/materialegislativa/2013/21433/21433_texto_integral.odt", "ementa": "Solicita recoloca\u00e7\u00e3o de cord\u00f5es e conserto da  cal\u00e7ada  na Rua Marqu\u00eas de Alegrete, em frente ao n\u00ba 444, no Bairro Ideal."}, {"id": 21434, "ano": 2013, "numero": 808, "tipo__sigla": "IND", "tipo__descricao": "Indica\u00e7\u00e3o/Pedido de Provid\u00eancias", "autoria__autor__nome": "Cristiano Coller", "texto_original": "https://sapl.camaranh.rs.gov.br/media/sapl/public/materialegislativa/2013/21434/21434_texto_integral.odt", "ementa": "Solicita limpeza de valas de \u00e1gua no Parque do Trabalhador, no Bairro Boa Sa\u00fade."}, {"id": 21435, "ano": 2013, "numero": 809, "tipo__sigla": "IND", "tipo__descricao": "Indica\u00e7\u00e3o/Pedido de Provid\u00eancias", "autoria__autor__nome": "Cristiano Coller", "texto_original": "https://sapl.camaranh.rs.gov.br/media/sapl/public/materialegislativa/2013/21435/21435_texto_integral.odt", "ementa": "Solicita limpeza de terreno na Rua Machado de Assis, entre os n\u00bas 725 e 749, no Bairro Ideal."}, {"id": 21437, "ano": 2013, "numero": 810, "tipo__sigla": "IND", "tipo__descricao": "Indica\u00e7\u00e3o/Pedido de Provid\u00eancias", "autoria__autor__nome": "Sergio Hanich", "texto_original": "https://sapl.camaranh.rs.gov.br/media/sapl/public/materialegislativa/2013/21437/21437_texto_integral.odt", "ementa": "Solicita substitui\u00e7\u00e3o de l\u00e2mpada queimada na Rua Otawa, em frente ao n\u00b0 173, Bairro Santo Afonso."}, {"id": 21439, "ano": 2013, "numero": 811, "tipo__sigla": "IND", "tipo__descricao": "Indica\u00e7\u00e3o/Pedido de Provid\u00eancias", "autoria__autor__nome": "Sergio Hanich", "texto_original": "https://sapl.camaranh.rs.gov.br/media/sapl/public/materialegislativa/2013/21439/21439_texto_integral.odt", "ementa": "Solicita estudo de viabilidade para coloca\u00e7\u00e3o de redutor de velocidade e sinaliza\u00e7\u00e3o de tr\u00e2nsito eficaz na Rua Ven\u00e2ncio Aires, em frente ao n\u00b0 475, Bairro Canudos."}, {"id": 21440, "ano": 2013, "numero": 812, "tipo__sigla": "IND", "tipo__descricao": "Indica\u00e7\u00e3o/Pedido de Provid\u00eancias", "autoria__autor__nome": "Sergio Hanich", "texto_original": "https://sapl.camaranh.rs.gov.br/media/sapl/public/materialegislativa/2013/21440/21440_texto_integral.odt", "ementa": "Solicita substitui\u00e7\u00e3o de l\u00e2mpada queimada na Rua da Consagra\u00e7\u00e3o, em frente ao n\u00b0 26, Bairro Diehl."}, {"id": 21442, "ano": 2013, "numero": 813, "tipo__sigla": "IND", "tipo__descricao": "Indica\u00e7\u00e3o/Pedido de Provid\u00eancias", "autoria__autor__nome": "Cristiano Coller", "texto_original": "https://sapl.camaranh.rs.gov.br/media/sapl/public/materialegislativa/2013/21442/21442_texto_integral.odt", "ementa": "Solicita estudo t\u00e9cnico sobre a viabilidade de instala\u00e7\u00e3o de rotat\u00f3ria no cruzamento da Rua Tapes, com Av. Vereador Ad\u00e3o Rodrigues de Oliveira, no Bairro Ideal."}, {"id": 21443, "ano": 2013, "numero": 814, "tipo__sigla": "IND", "tipo__descricao": "Indica\u00e7\u00e3o/Pedido de Provid\u00eancias", "autoria__autor__nome": "Cristiano Coller", "texto_original": "https://sapl.camaranh.rs.gov.br/media/sapl/public/materialegislativa/2013/21443/21443_texto_integral.odt", "ementa": "Solicita estudo t\u00e9cnico sobre a viabilidade de instala\u00e7\u00e3o de rotat\u00f3ria no cruzamento da Rua da Confraterniza\u00e7\u00e3o, esquina com a Rua Flores da Cunha, no Bairro P\u00e1tria Nova."}, {"id": 21446, "ano": 2013, "numero": 815, "tipo__sigla": "IND", "tipo__descricao": "Indica\u00e7\u00e3o/Pedido de Provid\u00eancias", "autoria__autor__nome": "Roger Corr\u00eaa", "texto_original": "https://sapl.camaranh.rs.gov.br/media/sapl/public/materialegislativa/2013/21446/21446_texto_integral.odt", "ementa": "Solicita coloca\u00e7\u00e3o de bebedouro na Pista de Skate Juventude Saud\u00e1vel, junto \u00e0 Pra\u00e7a Pedro Alles, no Bairro Guarani."}, {"id": 21447, "ano": 2013, "numero": 816, "tipo__sigla": "IND", "tipo__descricao": "Indica\u00e7\u00e3o/Pedido de Provid\u00eancias", "autoria__autor__nome": "Roger Corr\u00eaa", "texto_original": "https://sapl.camaranh.rs.gov.br/media/sapl/public/materialegislativa/2013/21447/21447_texto_integral.odt", "ementa": "Solicita limpeza, ro\u00e7ada, coloca\u00e7\u00e3o de lixeiras e reparos na Pista de Skate Juventude Saud\u00e1vel, junto \u00e0 Pra\u00e7a Pedro Alles, no Bairro Guarani."}, {"id": 21448, "ano": 2013, "numero": 817, "tipo__sigla": "IND", "tipo__descricao": "Indica\u00e7\u00e3o/Pedido de Provid\u00eancias", "autoria__autor__nome": "JorgeTatsch", "texto_original": "https://sapl.camaranh.rs.gov.br/media/sapl/public/materialegislativa/2013/21448/21448_texto_integral.odt", "ementa": "Solicita coloca\u00e7\u00e3o de  saibro na Av. Marques de Olinda, no n\u00ba 166 ,  no Bairro Santo Afonso."}, {"id": 21449, "ano": 2013, "numero": 818, "tipo__sigla": "IND", "tipo__descricao": "Indica\u00e7\u00e3o/Pedido de Provid\u00eancias", "autoria__autor__nome": "JorgeTatsch", "texto_original": "https://sapl.camaranh.rs.gov.br/media/sapl/public/materialegislativa/2013/21449/21449_texto_integral.odt", "ementa": "Solicita opera\u00e7\u00e3o tapa-buracos na Rua Leopoldo Wasum, esquina com a Rua Dr. Estev\u00e3o Batori, no trecho pr\u00f3ximo ao  n\u00ba 652, Bairro Santo Afonso."}, {"id": 21450, "ano": 2013, "numero": 819, "tipo__sigla": "IND", "tipo__descricao": "Indica\u00e7\u00e3o/Pedido de Provid\u00eancias", "autoria__autor__nome": "JorgeTatsch", "texto_original": "https://sapl.camaranh.rs.gov.br/media/sapl/public/materialegislativa/2013/21450/21450_texto_integral.odt", "ementa": "Solicita coloca\u00e7\u00e3o de boca-de-lobo na Rua Seis, em frente ao n\u00ba  15, Lot. Na\u00e7\u00f5es Unidas, Bairro Santo Afonso."}, {"id": 21451, "ano": 2013, "numero": 820, "tipo__sigla": "IND", "tipo__descricao": "Indica\u00e7\u00e3o/Pedido de Provid\u00eancias", "autoria__autor__nome": "JorgeTatsch", "texto_original": "https://sapl.camaranh.rs.gov.br/media/sapl/public/materialegislativa/2013/21451/21451_texto_integral.odt", "ementa": "Solicita a revitaliza\u00e7\u00e3o da Pra\u00e7a localizada na Rua das Araras esquina com a Rua Alberto Lindner,  no Bairro Santo Afonso."}, {"id": 21452, "ano": 2013, "numero": 821, "tipo__sigla": "IND", "tipo__descricao": "Indica\u00e7\u00e3o/Pedido de Provid\u00eancias", "autoria__autor__nome": "JorgeTatsch", "texto_original": "https://sapl.camaranh.rs.gov.br/media/sapl/public/materialegislativa/2013/21452/21452_texto_integral.odt", "ementa": "Solicita conserto de uma infiltra\u00e7\u00e3o na Rua Omar Guerreiro, em frente ao n\u00famero 34, no Bairro Santo Afonso."}, {"id": 21453, "ano": 2013, "numero": 822, "tipo__sigla": "IND", "tipo__descricao": "Indica\u00e7\u00e3o/Pedido de Provid\u00eancias", "autoria__autor__nome": "JorgeTatsch", "texto_original": "https://sapl.camaranh.rs.gov.br/media/sapl/public/materialegislativa/2013/21453/21453_texto_integral.odt", "ementa": "Solicita patrolamento e coloca\u00e7\u00e3o de britas no Beco da Rua Jo\u00e3o Corr\u00eaa Alegre, pr\u00f3ximo ao n\u00ba 311, no Bairro Santo Afonso. "}, {"id": 21454, "ano": 2013, "numero": 823, "tipo__sigla": "IND", "tipo__descricao": "Indica\u00e7\u00e3o/Pedido de Provid\u00eancias", "autoria__autor__nome": "JorgeTatsch", "texto_original": "https://sapl.camaranh.rs.gov.br/media/sapl/public/materialegislativa/2013/21454/21454_texto_integral.odt", "ementa": "Solicita recapeamento asf\u00e1ltico na Rua Hugo Erni Feltes, em toda sua extens\u00e3o, no Bairro Santo Afonso."}, {"id": 21455, "ano": 2013, "numero": 824, "tipo__sigla": "IND", "tipo__descricao": "Indica\u00e7\u00e3o/Pedido de Provid\u00eancias", "autoria__autor__nome": "JorgeTatsch", "texto_original": "https://sapl.camaranh.rs.gov.br/media/sapl/public/materialegislativa/2013/21455/21455_texto_integral.odt", "ementa": "Solicita a substitui\u00e7\u00e3o das l\u00e2mpadas comuns por outras de vapor de s\u00f3dio na pra\u00e7a p\u00fablica que fica na Rua Managu\u00e1, no Bairro Santo Afonso."}, {"id": 21456, "ano": 2013, "numero": 825, "tipo__sigla": "IND", "tipo__descricao": "Indica\u00e7\u00e3o/Pedido de Provid\u00eancias", "autoria__autor__nome": "JorgeTatsch", "texto_original": "https://sapl.camaranh.rs.gov.br/media/sapl/public/materialegislativa/2013/21456/21456_texto_integral.odt", "ementa": "Solicita patrolamento e coloca\u00e7\u00e3o de britas  na na Rua Nazar\u00e9, pr\u00f3ximo ao n\u00ba 97, no Bairro Santo Afonso. "}, {"id": 21457, "ano": 2013, "numero": 826, "tipo__sigla": "IND", "tipo__descricao": "Indica\u00e7\u00e3o/Pedido de Provid\u00eancias", "autoria__autor__nome": "Gerson Peteffi", "texto_original": "https://sapl.camaranh.rs.gov.br/media/sapl/public/materialegislativa/2013/21457/21457_texto_integral.odt", "ementa": "Solicita coloca\u00e7\u00e3o de l\u00e2mpada em poste j\u00e1 existente na Rua S\u00edlvio Gilberto Christmann, em frente ao n\u00ba 1524, Bairro Canudos. "}, {"id": 21466, "ano": 2013, "numero": 827, "tipo__sigla": "IND", "tipo__descricao": "Indica\u00e7\u00e3o/Pedido de Provid\u00eancias", "autoria__autor__nome": "Betinho", "texto_original": "https://sapl.camaranh.rs.gov.br/media/sapl/public/materialegislativa/2013/21466/21466_texto_integral.odt", "ementa": "Solicita desentupimento de rede de capta\u00e7\u00e3o do esgoto pluvial no Loteamento Conovesp. "}, {"id": 21470, "ano": 2013, "numero": 828, "tipo__sigla": "IND", "tipo__descricao": "Indica\u00e7\u00e3o/Pedido de Provid\u00eancias", "autoria__autor__nome": "Betinho", "texto_original": "https://sapl.camaranh.rs.gov.br/media/sapl/public/materialegislativa/2013/21470/21470_texto_integral.odt", "ementa": "Solicita troca da rede de esgoto pluvial na rua Honduras. "}, {"id": 21471, "ano": 2013, "numero": 829, "tipo__sigla": "IND", "tipo__descricao": "Indica\u00e7\u00e3o/Pedido de Provid\u00eancias", "autoria__autor__nome": "Professor Issur Koch", "texto_original": "https://sapl.camaranh.rs.gov.br/media/sapl/public/materialegislativa/2013/21471/21471_texto_integral.odt", "ementa": "Solicita coloca\u00e7\u00e3o de redutor de velocidade estilo \"plataforma\", que consiste em um quebra- molas largo com faixa de seguran\u00e7a em cima, na Rua Bento Gon\u00e7alves, em frente ao n\u00famero 3570, Bairro Guarani."}, {"id": 21479, "ano": 2013, "numero": 830, "tipo__sigla": "IND", "tipo__descricao": "Indica\u00e7\u00e3o/Pedido de Provid\u00eancias", "autoria__autor__nome": "Enfermeiro Vilmar", "texto_original": "https://sapl.camaranh.rs.gov.br/media/sapl/public/materialegislativa/2013/21479/21479_texto_integral.odt", "ementa": "Solicita recolhimento de entulho de materiais de constru\u00e7\u00e3o na Rua Jo\u00e3o Luciano da Rosa, n\u00ba 395, Bairro Canudos."}, {"id": 21480, "ano": 2013, "numero": 831, "tipo__sigla": "IND", "tipo__descricao": "Indica\u00e7\u00e3o/Pedido de Provid\u00eancias", "autoria__autor__nome": "Patr\u00edcia Beck", "texto_original": "https://sapl.camaranh.rs.gov.br/media/sapl/public/materialegislativa/2013/21480/21480_texto_integral.odt", "ementa": "Solicita poda de \u00e1rvore junto \u00e0 Av. Montevideo, em frente ao n\u00ba 200, no Bairro Santo Afonso."}, {"id": 21481, "ano": 2013, "numero": 832, "tipo__sigla": "IND", "tipo__descricao": "Indica\u00e7\u00e3o/Pedido de Provid\u00eancias", "autoria__autor__nome": "Patr\u00edcia Beck", "texto_original": "https://sapl.camaranh.rs.gov.br/media/sapl/public/materialegislativa/2013/21481/21481_texto_integral.odt", "ementa": "Solicita coloca\u00e7\u00e3o de uma placa indicando \"Rua Sem Sa\u00edda\", na Rua Jo\u00e3o Neves da Fontana, esquina com a Rua Curitibanos, Bairro Canudos."}, {"id": 21482, "ano": 2013, "numero": 833, "tipo__sigla": "IND", "tipo__descricao": "Indica\u00e7\u00e3o/Pedido de Provid\u00eancias", "autoria__autor__nome": "Patr\u00edcia Beck", "texto_original": "https://sapl.camaranh.rs.gov.br/media/sapl/public/materialegislativa/2013/21482/21482_texto_integral.odt", "ementa": "Solicita poda de \u00e1rvore na Rua Carlos Germano Burckle, em frente ao n\u00famero 645, Bairro Ideal."}, {"id": 21483, "ano": 2013, "numero": 834, "tipo__sigla": "IND", "tipo__descricao": "Indica\u00e7\u00e3o/Pedido de Provid\u00eancias", "autoria__autor__nome": "Patr\u00edcia Beck", "texto_original": "https://sapl.camaranh.rs.gov.br/media/sapl/public/materialegislativa/2013/21483/21483_texto_integral.odt", "ementa": "Solicita remo\u00e7\u00e3o de uma \u00e1rvore que nasceu sobre um abrigo de \u00f4nibus na Rua Carlos Germano B\u00fcrkle, em frente ao n\u00famero 645, Bairro Ideal."}, {"id": 21484, "ano": 2013, "numero": 835, "tipo__sigla": "IND", "tipo__descricao": "Indica\u00e7\u00e3o/Pedido de Provid\u00eancias", "autoria__autor__nome": "Patr\u00edcia Beck", "texto_original": "https://sapl.camaranh.rs.gov.br/media/sapl/public/materialegislativa/2013/21484/21484_texto_integral.odt", "ementa": "Solicita pintura da sinaliza\u00e7\u00e3o de solo na Rua Chapec\u00f3, no Bairro S\u00e3o Jos\u00e9."}, {"id": 21485, "ano": 2013, "numero": 836, "tipo__sigla": "IND", "tipo__descricao": "Indica\u00e7\u00e3o/Pedido de Provid\u00eancias", "autoria__autor__nome": "Patr\u00edcia Beck", "texto_original": "https://sapl.camaranh.rs.gov.br/media/sapl/public/materialegislativa/2013/21485/21485_texto_integral.odt", "ementa": "Solicita a pintura da sinaliza\u00e7\u00e3o de solo, \"PARE\",  na esquina da Rua Chapec\u00f3 com a Rua Gua\u00edba, Bairro S\u00e3o Jos\u00e9."}, {"id": 21486, "ano": 2013, "numero": 837, "tipo__sigla": "IND", "tipo__descricao": "Indica\u00e7\u00e3o/Pedido de Provid\u00eancias", "autoria__autor__nome": "Patr\u00edcia Beck", "texto_original": "https://sapl.camaranh.rs.gov.br/media/sapl/public/materialegislativa/2013/21486/21486_texto_integral.odt", "ementa": "Solicita a coloca\u00e7\u00e3o de britas e areia na Rua Os\u00f3rio C\u00e2ndido Valadares, em toda a sua extens\u00e3o, no Bairro Canudos."}, {"id": 21487, "ano": 2013, "numero": 838, "tipo__sigla": "IND", "tipo__descricao": "Indica\u00e7\u00e3o/Pedido de Provid\u00eancias", "autoria__autor__nome": "Patr\u00edcia Beck", "texto_original": "https://sapl.camaranh.rs.gov.br/media/sapl/public/materialegislativa/2013/21487/21487_texto_integral.odt", "ementa": "Solicita revitaliza\u00e7\u00e3o do Parque Floresta Imperial, junto \u00e0 avenida Coronel Travassos, no Bairro Rond\u00f4nia."}, {"id": 21488, "ano": 2013, "numero": 839, "tipo__sigla": "IND", "tipo__descricao": "Indica\u00e7\u00e3o/Pedido de Provid\u00eancias", "autoria__autor__nome": "Patr\u00edcia Beck", "texto_original": "https://sapl.camaranh.rs.gov.br/media/sapl/public/materialegislativa/2013/21488/21488_texto_integral.odt", "ementa": "Reitera o pedido de capina e limpeza do Arroio Pampa, localizado no Bairro S\u00e3o Jorge."}, {"id": 21489, "ano": 2013, "numero": 840, "tipo__sigla": "IND", "tipo__descricao": "Indica\u00e7\u00e3o/Pedido de Provid\u00eancias", "autoria__autor__nome": "Patr\u00edcia Beck", "texto_original": "https://sapl.camaranh.rs.gov.br/media/sapl/public/materialegislativa/2013/21489/21489_texto_integral.odt", "ementa": "Solicita reconstitui\u00e7\u00e3o da cal\u00e7ada localizada junto \u00e0 Rua Miguel Chies Sobrinho, em frente ao n\u00famero 321, no Bairro Ideal."}, {"id": 21490, "ano": 2013, "numero": 841, "tipo__sigla": "IND", "tipo__descricao": "Indica\u00e7\u00e3o/Pedido de Provid\u00eancias", "autoria__autor__nome": "Patr\u00edcia Beck", "texto_original": "https://sapl.camaranh.rs.gov.br/media/sapl/public/materialegislativa/2013/21490/21490_texto_integral.odt", "ementa": "Solicita coloca\u00e7\u00e3o de quebra-molas junto \u00e0 Rua Tapes, pr\u00f3ximo \u00e0 esquina com a Rua Santa Sofia, no Bairro Ideal."}, {"id": 21491, "ano": 2013, "numero": 842, "tipo__sigla": "IND", "tipo__descricao": "Indica\u00e7\u00e3o/Pedido de Provid\u00eancias", "autoria__autor__nome": "Patr\u00edcia Beck", "texto_original": "https://sapl.camaranh.rs.gov.br/media/sapl/public/materialegislativa/2013/21491/21491_texto_integral.odt", "ementa": "Solicita limpeza e desassoreamento do Arroio Peri, em toda a sua extens\u00e3o, no Bairro Canudos."}, {"id": 21492, "ano": 2013, "numero": 843, "tipo__sigla": "IND", "tipo__descricao": "Indica\u00e7\u00e3o/Pedido de Provid\u00eancias", "autoria__autor__nome": "Patr\u00edcia Beck", "texto_original": "https://sapl.camaranh.rs.gov.br/media/sapl/public/materialegislativa/2013/21492/21492_texto_integral.odt", "ementa": "Solicita poda de arbustos localizados junto \u00e0 Rua Pedro Adams Filho, esquina com a Rua Alvear,  no Bairro Santo Afonso."}, {"id": 21493, "ano": 2013, "numero": 844, "tipo__sigla": "IND", "tipo__descricao": "Indica\u00e7\u00e3o/Pedido de Provid\u00eancias", "autoria__autor__nome": "Patr\u00edcia Beck", "texto_original": "https://sapl.camaranh.rs.gov.br/media/sapl/public/materialegislativa/2013/21493/21493_texto_integral.odt", "ementa": "Solicita poda de \u00e1rvore junto \u00e0 Rua Caracas, em frente ao n\u00ba 915, no Bairro Santo Afonso."}, {"id": 21494, "ano": 2013, "numero": 845, "tipo__sigla": "IND", "tipo__descricao": "Indica\u00e7\u00e3o/Pedido de Provid\u00eancias", "autoria__autor__nome": "Patr\u00edcia Beck", "texto_original": "https://sapl.camaranh.rs.gov.br/media/sapl/public/materialegislativa/2013/21494/21494_texto_integral.odt", "ementa": "Solicita recapeamento asf\u00e1ltico da Av. Victor Hugo Kunz, esquina com a Av. Nicolau Becker, no Bairro Canudos."}, {"id": 21495, "ano": 2013, "numero": 846, "tipo__sigla": "IND", "tipo__descricao": "Indica\u00e7\u00e3o/Pedido de Provid\u00eancias", "autoria__autor__nome": "Patr\u00edcia Beck", "texto_original": "https://sapl.camaranh.rs.gov.br/media/sapl/public/materialegislativa/2013/21495/21495_texto_integral.odt", "ementa": "Solicita coloca\u00e7\u00e3o de laterais de prote\u00e7\u00e3o na ponte, localizada na Av. Pedro Adams Filho, pr\u00f3ximo ao n\u00ba 1085, no Bairro Industrial."}, {"id": 21496, "ano": 2013, "numero": 847, "tipo__sigla": "IND", "tipo__descricao": "Indica\u00e7\u00e3o/Pedido de Provid\u00eancias", "autoria__autor__nome": "Patr\u00edcia Beck", "texto_original": "https://sapl.camaranh.rs.gov.br/media/sapl/public/materialegislativa/2013/21496/21496_texto_integral.odt", "ementa": "Solicita asfaltamento da Rua Vereador Arnaldo Reinhardt, em toda a sua extens\u00e3o, no Bairro Canudos."}, {"id": 21497, "ano": 2013, "numero": 848, "tipo__sigla": "IND", "tipo__descricao": "Indica\u00e7\u00e3o/Pedido de Provid\u00eancias", "autoria__autor__nome": "Patr\u00edcia Beck", "texto_original": "https://sapl.camaranh.rs.gov.br/media/sapl/public/materialegislativa/2013/21497/21497_texto_integral.odt", "ementa": "Solicita asfaltamento da Rua S\u00edlvio Gilberto Christmann, em toda a sua extens\u00e3o, no Bairro Canudos."}, {"id": 21498, "ano": 2013, "numero": 849, "tipo__sigla": "IND", "tipo__descricao": "Indica\u00e7\u00e3o/Pedido de Provid\u00eancias", "autoria__autor__nome": "Patr\u00edcia Beck", "texto_original": "https://sapl.camaranh.rs.gov.br/media/sapl/public/materialegislativa/2013/21498/21498_texto_integral.odt", "ementa": "Solicita o asfaltamento da Rua Carlitos Kayser, em toda a sua extens\u00e3o, no Bairro Canudos."}, {"id": 21499, "ano": 2013, "numero": 850, "tipo__sigla": "IND", "tipo__descricao": "Indica\u00e7\u00e3o/Pedido de Provid\u00eancias", "autoria__autor__nome": "Patr\u00edcia Beck", "texto_original": "https://sapl.camaranh.rs.gov.br/media/sapl/public/materialegislativa/2013/21499/21499_texto_integral.odt", "ementa": "Solicita instala\u00e7\u00e3o de academia ao ar livre ao lado do posto de sa\u00fade na Rua Mundo Novo, no Bairro Canudos."}, {"id": 21500, "ano": 2013, "numero": 851, "tipo__sigla": "IND", "tipo__descricao": "Indica\u00e7\u00e3o/Pedido de Provid\u00eancias", "autoria__autor__nome": "Patr\u00edcia Beck", "texto_original": "https://sapl.camaranh.rs.gov.br/media/sapl/public/materialegislativa/2013/21500/21500_texto_integral.odt", "ementa": "Solicita limpeza e desassoreamento do arroio que cruza a Rua Al\u00edcia M\u00fcller, em toda a sua extens\u00e3o, no Bairro Canudos."}, {"id": 21501, "ano": 2013, "numero": 852, "tipo__sigla": "IND", "tipo__descricao": "Indica\u00e7\u00e3o/Pedido de Provid\u00eancias", "autoria__autor__nome": "Patr\u00edcia Beck", "texto_original": "https://sapl.camaranh.rs.gov.br/media/sapl/public/materialegislativa/2013/21501/21501_texto_integral.odt", "ementa": "Solicita que a Secretaria do Meio Ambiente verifique as condi\u00e7\u00f5es do arroio que cruza a Rua Mundo Novo, em toda a sua extens\u00e3o, no Bairro Canudos."}, {"id": 21502, "ano": 2013, "numero": 853, "tipo__sigla": "IND", "tipo__descricao": "Indica\u00e7\u00e3o/Pedido de Provid\u00eancias", "autoria__autor__nome": "JorgeTatsch", "texto_original": "https://sapl.camaranh.rs.gov.br/media/sapl/public/materialegislativa/2013/21502/21502_texto_integral.odt", "ementa": "Solicita remo\u00e7\u00e3o de lixo e galhos na Rua Hugo Erni Feltes, pr\u00f3ximo ao n\u00ba 602, Bairro Santo Afonso."}, {"id": 21503, "ano": 2013, "numero": 854, "tipo__sigla": "IND", "tipo__descricao": "Indica\u00e7\u00e3o/Pedido de Provid\u00eancias", "autoria__autor__nome": "JorgeTatsch", "texto_original": "https://sapl.camaranh.rs.gov.br/media/sapl/public/materialegislativa/2013/21503/21503_texto_integral.odt", "ementa": "Solicita limpeza e ro\u00e7ada no dique do Bairro Santo Afonso, em toda a sua extens\u00e3o at\u00e9 a casa de bombas."}, {"id": 21504, "ano": 2013, "numero": 855, "tipo__sigla": "IND", "tipo__descricao": "Indica\u00e7\u00e3o/Pedido de Provid\u00eancias", "autoria__autor__nome": "JorgeTatsch", "texto_original": "https://sapl.camaranh.rs.gov.br/media/sapl/public/materialegislativa/2013/21504/21504_texto_integral.odt", "ementa": "Solicita opera\u00e7\u00e3o tapa-buracos na Rua Rui Barbosa, esquina com a Rua Pinheiro Machado, Bairro Industrial."}, {"id": 21505, "ano": 2013, "numero": 856, "tipo__sigla": "IND", "tipo__descricao": "Indica\u00e7\u00e3o/Pedido de Provid\u00eancias", "autoria__autor__nome": "JorgeTatsch", "texto_original": "https://sapl.camaranh.rs.gov.br/media/sapl/public/materialegislativa/2013/21505/21505_texto_integral.odt", "ementa": "Solicita opera\u00e7\u00e3o tapa-buracos na  Rua Harmonia, no trecho pr\u00f3ximo ao  n\u00ba 179, Bairro Santo Afonso."}, {"id": 21507, "ano": 2013, "numero": 857, "tipo__sigla": "IND", "tipo__descricao": "Indica\u00e7\u00e3o/Pedido de Provid\u00eancias", "autoria__autor__nome": "JorgeTatsch", "texto_original": "https://sapl.camaranh.rs.gov.br/media/sapl/public/materialegislativa/2013/21507/21507_texto_integral.odt", "ementa": "Solicita opera\u00e7\u00e3o tapa-buracos na Rua Espumoso, no trecho pr\u00f3ximo ao  n\u00ba 141, Bairro Santo Afonso."}, {"id": 21508, "ano": 2013, "numero": 858, "tipo__sigla": "IND", "tipo__descricao": "Indica\u00e7\u00e3o/Pedido de Provid\u00eancias", "autoria__autor__nome": "JorgeTatsch", "texto_original": "https://sapl.camaranh.rs.gov.br/media/sapl/public/materialegislativa/2013/21508/21508_texto_integral.odt", "ementa": "Solicita limpeza e ro\u00e7ada de toda extens\u00e3o da  Rua Pinheiro , Bairro Santo Afonso."}, {"id": 21509, "ano": 2013, "numero": 859, "tipo__sigla": "IND", "tipo__descricao": "Indica\u00e7\u00e3o/Pedido de Provid\u00eancias", "autoria__autor__nome": "JorgeTatsch", "texto_original": "https://sapl.camaranh.rs.gov.br/media/sapl/public/materialegislativa/2013/21509/21509_texto_integral.odt", "ementa": "Solicita limpeza de esgoto entupido na Rua Santa Rita, em toda extens\u00e3o, Bairro Industrial."}, {"id": 21510, "ano": 2013, "numero": 860, "tipo__sigla": "IND", "tipo__descricao": "Indica\u00e7\u00e3o/Pedido de Provid\u00eancias", "autoria__autor__nome": "JorgeTatsch", "texto_original": "https://sapl.camaranh.rs.gov.br/media/sapl/public/materialegislativa/2013/21510/21510_texto_integral.odt", "ementa": "Solicita limpeza de esgoto entupido na Rua Ronda Alta, em toda extens\u00e3o, Bairro Santo Afonso."}, {"id": 21512, "ano": 2013, "numero": 861, "tipo__sigla": "IND", "tipo__descricao": "Indica\u00e7\u00e3o/Pedido de Provid\u00eancias", "autoria__autor__nome": "JorgeTatsch", "texto_original": "https://sapl.camaranh.rs.gov.br/media/sapl/public/materialegislativa/2013/21512/21512_texto_integral.odt", "ementa": "Solicita coloca\u00e7\u00e3o de britas em toda a extens\u00e3o da Rua Dique da Saudade, no Bairro Santo Afonso."}, {"id": 21513, "ano": 2013, "numero": 862, "tipo__sigla": "IND", "tipo__descricao": "Indica\u00e7\u00e3o/Pedido de Provid\u00eancias", "autoria__autor__nome": "Patr\u00edcia Beck", "texto_original": "https://sapl.camaranh.rs.gov.br/media/sapl/public/materialegislativa/2013/21513/21513_texto_integral.odt", "ementa": "Sugere ao Poder Executivo Municipal que seja feita a implanta\u00e7\u00e3o do Projeto \"Consumidor Consciente\", nas escolas p\u00fablicas municipais."}, {"id": 21514, "ano": 2013, "numero": 863, "tipo__sigla": "IND", "tipo__descricao": "Indica\u00e7\u00e3o/Pedido de Provid\u00eancias", "autoria__autor__nome": "JorgeTatsch", "texto_original": "https://sapl.camaranh.rs.gov.br/media/sapl/public/materialegislativa/2013/21514/21514_texto_integral.odt", "ementa": "Solicita patrolamento e britagem em toda a extens\u00e3o da Rua da Divisa, Bairro Santo Afonso."}, {"id": 21517, "ano": 2013, "numero": 864, "tipo__sigla": "IND", "tipo__descricao": "Indica\u00e7\u00e3o/Pedido de Provid\u00eancias", "autoria__autor__nome": "Cristiano Coller", "texto_original": "https://sapl.camaranh.rs.gov.br/media/sapl/public/materialegislativa/2013/21517/21517_texto_integral.odt", "ementa": "Solicita constru\u00e7\u00e3o de boca-de-lobo para capta\u00e7\u00e3o de \u00e1gua na Rua Osvaldo Artur Hartz, no Bairro Canudos."}, {"id": 21519, "ano": 2013, "numero": 865, "tipo__sigla": "IND", "tipo__descricao": "Indica\u00e7\u00e3o/Pedido de Provid\u00eancias", "autoria__autor__nome": "Cristiano Coller", "texto_original": "https://sapl.camaranh.rs.gov.br/media/sapl/public/materialegislativa/2013/21519/21519_texto_integral.odt", "ementa": "Solicita coloca\u00e7\u00e3o de uma parada de \u00f4nibus na Av. Primeiro de Mar\u00e7o, em frente ao Atacad\u00e3o, no Bairro Liberdade."}, {"id": 21520, "ano": 2013, "numero": 866, "tipo__sigla": "IND", "tipo__descricao": "Indica\u00e7\u00e3o/Pedido de Provid\u00eancias", "autoria__autor__nome": "Cristiano Coller", "texto_original": "https://sapl.camaranh.rs.gov.br/media/sapl/public/materialegislativa/2013/21520/21520_texto_integral.odt", "ementa": "Solicita pavimenta\u00e7\u00e3o  asf\u00e1ltica das Ruas  Marechal Deodoro da Fonseca,Tiradentes e Santos Dumont, no Bairro Industrial."}, {"id": 21521, "ano": 2013, "numero": 867, "tipo__sigla": "IND", "tipo__descricao": "Indica\u00e7\u00e3o/Pedido de Provid\u00eancias", "autoria__autor__nome": "Cristiano Coller", "texto_original": "https://sapl.camaranh.rs.gov.br/media/sapl/public/materialegislativa/2013/21521/21521_texto_integral.odt", "ementa": "Solicito  melhorias na sinaliza\u00e7\u00e3o da rotat\u00f3ria das Ruas Presidente Lucena e Pedro Quaresma da Silva, no Bairro Boa Sa\u00fade."}, {"id": 21522, "ano": 2013, "numero": 868, "tipo__sigla": "IND", "tipo__descricao": "Indica\u00e7\u00e3o/Pedido de Provid\u00eancias", "autoria__autor__nome": "Cristiano Coller", "texto_original": "https://sapl.camaranh.rs.gov.br/media/sapl/public/materialegislativa/2013/21522/21522_texto_integral.odt", "ementa": "Solicita instala\u00e7\u00e3o de aparelhos de \"academia ao ar livre\" na Fenac, no Bairro Ideal."}, {"id": 21523, "ano": 2013, "numero": 869, "tipo__sigla": "IND", "tipo__descricao": "Indica\u00e7\u00e3o/Pedido de Provid\u00eancias", "autoria__autor__nome": "Cristiano Coller", "texto_original": "https://sapl.camaranh.rs.gov.br/media/sapl/public/materialegislativa/2013/21523/21523_texto_integral.odt", "ementa": "Solicita instala\u00e7\u00e3o de sem\u00e1foro na Av. Frederico Linck, esquina com a Rua Ca\u00e7ador, no Bairro Ideal."}, {"id": 21524, "ano": 2013, "numero": 870, "tipo__sigla": "IND", "tipo__descricao": "Indica\u00e7\u00e3o/Pedido de Provid\u00eancias", "autoria__autor__nome": "Cristiano Coller", "texto_original": "https://sapl.camaranh.rs.gov.br/media/sapl/public/materialegislativa/2013/21524/21524_texto_integral.odt", "ementa": "Solicita ro\u00e7ada e limpeza na \u00e1rea da Prefeitura Municipal de Novo Hamburgo na Rua Cruz Alta, esquina com as Ruas Machado de Assis e Vereador Ad\u00e3o Rodrigues de Oliveira, Bairro Ideal."}, {"id": 21525, "ano": 2013, "numero": 871, "tipo__sigla": "IND", "tipo__descricao": "Indica\u00e7\u00e3o/Pedido de Provid\u00eancias", "autoria__autor__nome": "Cristiano Coller", "texto_original": "https://sapl.camaranh.rs.gov.br/media/sapl/public/materialegislativa/2013/21525/21525_texto_integral.odt", "ementa": "Solicita estudo para melhorias no cruzamento da Av. Pedro Adams Filho com a Rua Pinheiro Machado, no Bairro Industrial."}, {"id": 21527, "ano": 2013, "numero": 872, "tipo__sigla": "IND", "tipo__descricao": "Indica\u00e7\u00e3o/Pedido de Provid\u00eancias", "autoria__autor__nome": "Raul Cassel", "texto_original": "https://sapl.camaranh.rs.gov.br/media/sapl/public/materialegislativa/2013/21527/21527_texto_integral.odt", "ementa": "Sugere a cria\u00e7\u00e3o do programa   CACOTRECO. "}, {"id": 21529, "ano": 2013, "numero": 873, "tipo__sigla": "IND", "tipo__descricao": "Indica\u00e7\u00e3o/Pedido de Provid\u00eancias", "autoria__autor__nome": "Raul Cassel", "texto_original": "https://sapl.camaranh.rs.gov.br/media/sapl/public/materialegislativa/2013/21529/21529_texto_integral.odt", "ementa": "Solicita melhorias na estrutura dos pontos de T\u00e1xi. "}, {"id": 21531, "ano": 2013, "numero": 874, "tipo__sigla": "IND", "tipo__descricao": "Indica\u00e7\u00e3o/Pedido de Provid\u00eancias", "autoria__autor__nome": "Sergio Hanich", "texto_original": "https://sapl.camaranh.rs.gov.br/media/sapl/public/materialegislativa/2013/21531/21531_texto_integral.odt", "ementa": "Solicita recapeamento asf\u00e1ltico na Rua General Daltro Filho, trecho entre as Ruas Bartolomeu de Gusm\u00e3o e  Gustavo Leopoldo Feltes, Bairro Hamburgo Velho."}, {"id": 21536, "ano": 2013, "numero": 875, "tipo__sigla": "IND", "tipo__descricao": "Indica\u00e7\u00e3o/Pedido de Provid\u00eancias", "autoria__autor__nome": "Gerson Peteffi", "texto_original": "https://sapl.camaranh.rs.gov.br/media/sapl/public/materialegislativa/2013/21536/21536_texto_integral.odt", "ementa": "Solicita implanta\u00e7\u00e3o de acad\u00eamia de gin\u00e1stica ao ar livre junto \u00e0 Pra\u00e7a Assis Barreto da Costa, situada na Rua Holanda, esquina com a Rua Luxemburgo, pr\u00f3ximo \u00e0 UBS Rinc\u00e3o, Bairro Petr\u00f3polis."}, {"id": 21537, "ano": 2013, "numero": 876, "tipo__sigla": "IND", "tipo__descricao": "Indica\u00e7\u00e3o/Pedido de Provid\u00eancias", "autoria__autor__nome": "JorgeTatsch", "texto_original": "https://sapl.camaranh.rs.gov.br/media/sapl/public/materialegislativa/2013/21537/21537_texto_integral.odt", "ementa": "Solicita reparos no banco do ponto  \u00f4nibus na Rua M\u00e9xico, pr\u00f3ximo ao  n\u00ba  453,  Bairro Santo Afonso."}, {"id": 21539, "ano": 2013, "numero": 877, "tipo__sigla": "IND", "tipo__descricao": "Indica\u00e7\u00e3o/Pedido de Provid\u00eancias", "autoria__autor__nome": "JorgeTatsch", "texto_original": "https://sapl.camaranh.rs.gov.br/media/sapl/public/materialegislativa/2013/21539/21539_texto_integral.odt", "ementa": "Solicita troca de tampa de boca-de-lobo na Rua M\u00e9xico, em frente ao n\u00ba 908, no Bairro Santo Afonso."}, {"id": 21545, "ano": 2013, "numero": 878, "tipo__sigla": "IND", "tipo__descricao": "Indica\u00e7\u00e3o/Pedido de Provid\u00eancias", "autoria__autor__nome": "JorgeTatsch", "texto_original": "https://sapl.camaranh.rs.gov.br/media/sapl/public/materialegislativa/2013/21545/21545_texto_integral.odt", "ementa": "Solicita remo\u00e7\u00e3o de tocos de \u00e1rvores no passeio p\u00fablico da Rua Man\u00e1gua, em frente ao n\u00ba 311, Bairro Santo Afonso."}, {"id": 21546, "ano": 2013, "numero": 879, "tipo__sigla": "IND", "tipo__descricao": "Indica\u00e7\u00e3o/Pedido de Provid\u00eancias", "autoria__autor__nome": "JorgeTatsch", "texto_original": "https://sapl.camaranh.rs.gov.br/media/sapl/public/materialegislativa/2013/21546/21546_texto_integral.odt", "ementa": "Solicita remo\u00e7\u00e3o de \u00e1rvore na Rua Ant\u00f4nio Roberto Kroeff, em frente ao n\u00ba 532, Bairro Santo Afonso."}, {"id": 21547, "ano": 2013, "numero": 880, "tipo__sigla": "IND", "tipo__descricao": "Indica\u00e7\u00e3o/Pedido de Provid\u00eancias", "autoria__autor__nome": "JorgeTatsch", "texto_original": "https://sapl.camaranh.rs.gov.br/media/sapl/public/materialegislativa/2013/21547/21547_texto_integral.odt", "ementa": "Solicita poda de \u00e1rvores na Rua Carlos Afonso Braunger, em frente ao n\u00ba 405, Bairro Santo Afonso."}, {"id": 21548, "ano": 2013, "numero": 881, "tipo__sigla": "IND", "tipo__descricao": "Indica\u00e7\u00e3o/Pedido de Provid\u00eancias", "autoria__autor__nome": "JorgeTatsch", "texto_original": "https://sapl.camaranh.rs.gov.br/media/sapl/public/materialegislativa/2013/21548/21548_texto_integral.odt", "ementa": "Solicita opera\u00e7\u00e3o tapa-buracos na Rua 05, no trecho pr\u00f3ximo ao  n\u00ba 63, Bairro Santo Afonso."}, {"id": 21549, "ano": 2013, "numero": 882, "tipo__sigla": "IND", "tipo__descricao": "Indica\u00e7\u00e3o/Pedido de Provid\u00eancias", "autoria__autor__nome": "JorgeTatsch", "texto_original": "https://sapl.camaranh.rs.gov.br/media/sapl/public/materialegislativa/2013/21549/21549_texto_integral.odt", "ementa": "Solicita opera\u00e7\u00e3o tapa-buracos na Rua 06, no trecho pr\u00f3ximo ao n\u00ba 11, Bairro Santo Afonso."}, {"id": 21550, "ano": 2013, "numero": 883, "tipo__sigla": "IND", "tipo__descricao": "Indica\u00e7\u00e3o/Pedido de Provid\u00eancias", "autoria__autor__nome": "JorgeTatsch", "texto_original": "https://sapl.camaranh.rs.gov.br/media/sapl/public/materialegislativa/2013/21550/21550_texto_integral.odt", "ementa": "Solicita limpeza do passeio p\u00fablico na Rua Riveira, em frente ao n\u00ba 77, Bairro Industrial."}, {"id": 21552, "ano": 2013, "numero": 884, "tipo__sigla": "IND", "tipo__descricao": "Indica\u00e7\u00e3o/Pedido de Provid\u00eancias", "autoria__autor__nome": "JorgeTatsch", "texto_original": "https://sapl.camaranh.rs.gov.br/media/sapl/public/materialegislativa/2013/21552/21552_texto_integral.odt", "ementa": "Solicita limpeza do passeio p\u00fablico na Rua Doutor Estev\u00e3o Batori, em frente ao n\u00ba 22, Bairro Santo Afonso."}, {"id": 21553, "ano": 2013, "numero": 885, "tipo__sigla": "IND", "tipo__descricao": "Indica\u00e7\u00e3o/Pedido de Provid\u00eancias", "autoria__autor__nome": "JorgeTatsch", "texto_original": "https://sapl.camaranh.rs.gov.br/media/sapl/public/materialegislativa/2013/21553/21553_texto_integral.odt", "ementa": "Solicita limpeza do passeio p\u00fablico na Rua Riveira,  em frente ao n\u00ba 202, Bairro Industrial."}, {"id": 21554, "ano": 2013, "numero": 886, "tipo__sigla": "IND", "tipo__descricao": "Indica\u00e7\u00e3o/Pedido de Provid\u00eancias", "autoria__autor__nome": "JorgeTatsch", "texto_original": "https://sapl.camaranh.rs.gov.br/media/sapl/public/materialegislativa/2013/21554/21554_texto_integral.odt", "ementa": "Solicita desentupimento de esgoto na Rua Santa Rita, em frente ao n\u00ba 170, Bairro Industrial."}, {"id": 21555, "ano": 2013, "numero": 887, "tipo__sigla": "IND", "tipo__descricao": "Indica\u00e7\u00e3o/Pedido de Provid\u00eancias", "autoria__autor__nome": "JorgeTatsch", "texto_original": "https://sapl.camaranh.rs.gov.br/media/sapl/public/materialegislativa/2013/21555/21555_texto_integral.odt", "ementa": "Solicita desentupimento de esgoto na Rua Harmonia, em frente ao n\u00ba 178, Bairro Santo Afonso."}, {"id": 21556, "ano": 2013, "numero": 888, "tipo__sigla": "IND", "tipo__descricao": "Indica\u00e7\u00e3o/Pedido de Provid\u00eancias", "autoria__autor__nome": "JorgeTatsch", "texto_original": "https://sapl.camaranh.rs.gov.br/media/sapl/public/materialegislativa/2013/21556/21556_texto_integral.odt", "ementa": "Solicita desentupimento de boca-de-lobo na Rua Dique da Saudade, em frente ao n\u00ba 120, Bairro Santo Afonso."}, {"id": 21557, "ano": 2013, "numero": 889, "tipo__sigla": "IND", "tipo__descricao": "Indica\u00e7\u00e3o/Pedido de Provid\u00eancias", "autoria__autor__nome": "JorgeTatsch", "texto_original": "https://sapl.camaranh.rs.gov.br/media/sapl/public/materialegislativa/2013/21557/21557_texto_integral.odt", "ementa": "Solicita coloca\u00e7\u00e3o de grades nas bocas-de-lobo em toda extens\u00e3o da Rua Riveira, Bairro Industrial."}, {"id": 21558, "ano": 2013, "numero": 890, "tipo__sigla": "IND", "tipo__descricao": "Indica\u00e7\u00e3o/Pedido de Provid\u00eancias", "autoria__autor__nome": "JorgeTatsch", "texto_original": "https://sapl.camaranh.rs.gov.br/media/sapl/public/materialegislativa/2013/21558/21558_texto_integral.odt", "ementa": "Solicita coloca\u00e7\u00e3o de grades nas bocas-de-lobo em toda extens\u00e3o da Rua Augusto Pestana, Bairro Industrial."}, {"id": 21559, "ano": 2013, "numero": 891, "tipo__sigla": "IND", "tipo__descricao": "Indica\u00e7\u00e3o/Pedido de Provid\u00eancias", "autoria__autor__nome": "JorgeTatsch", "texto_original": "https://sapl.camaranh.rs.gov.br/media/sapl/public/materialegislativa/2013/21559/21559_texto_integral.odt", "ementa": "Solicita a troca da tampa de boca-de-lobo na Rua Platina,  Beco 01, em frente ao n\u00ba 188, no Bairro Santo Afonso."}, {"id": 21561, "ano": 2013, "numero": 892, "tipo__sigla": "IND", "tipo__descricao": "Indica\u00e7\u00e3o/Pedido de Provid\u00eancias", "autoria__autor__nome": "Cristiano Coller", "texto_original": "https://sapl.camaranh.rs.gov.br/media/sapl/public/materialegislativa/2013/21561/21561_texto_integral.odt", "ementa": "Solicita coloca\u00e7\u00e3o de placa indicativa permitido estacionar e pintura do meio-fio na Rua J\u00falio de Castilhos, ao lado da Delegacia de Pol\u00edcia, Bairro Centro."}, {"id": 21562, "ano": 2013, "numero": 893, "tipo__sigla": "IND", "tipo__descricao": "Indica\u00e7\u00e3o/Pedido de Provid\u00eancias", "autoria__autor__nome": "Cristiano Coller", "texto_original": "https://sapl.camaranh.rs.gov.br/media/sapl/public/materialegislativa/2013/21562/21562_texto_integral.odt", "ementa": "Solicita estudo para que seja feito um calend\u00e1rio para coleta das podas de \u00e1rvores no Munic\u00edpio."}, {"id": 21564, "ano": 2013, "numero": 894, "tipo__sigla": "IND", "tipo__descricao": "Indica\u00e7\u00e3o/Pedido de Provid\u00eancias", "autoria__autor__nome": "Cristiano Coller", "texto_original": "https://sapl.camaranh.rs.gov.br/media/sapl/public/materialegislativa/2013/21564/21564_texto_integral.odt", "ementa": "Solicita limpeza do Arroio Pampa, localizado no Bairro S\u00e3o Jos\u00e9."}, {"id": 21565, "ano": 2013, "numero": 895, "tipo__sigla": "IND", "tipo__descricao": "Indica\u00e7\u00e3o/Pedido de Provid\u00eancias", "autoria__autor__nome": "Cristiano Coller", "texto_original": "https://sapl.camaranh.rs.gov.br/media/sapl/public/materialegislativa/2013/21565/21565_texto_integral.odt", "ementa": "Solicita melhorias do cruzamento das Ruas Paraguai e Alcina Pacheco Martins, Bairro Santo Afonso."}, {"id": 21566, "ano": 2013, "numero": 896, "tipo__sigla": "IND", "tipo__descricao": "Indica\u00e7\u00e3o/Pedido de Provid\u00eancias", "autoria__autor__nome": "Cristiano Coller", "texto_original": "https://sapl.camaranh.rs.gov.br/media/sapl/public/materialegislativa/2013/21566/21566_texto_integral.odt", "ementa": "Solicita melhorias no cruzamento das Ruas Dr. Jo\u00e3o Daniel Hillebrand e Coronel Jacob Kroeff Filho, Bairro Rond\u00f4nia."}, {"id": 21567, "ano": 2013, "numero": 897, "tipo__sigla": "IND", "tipo__descricao": "Indica\u00e7\u00e3o/Pedido de Provid\u00eancias", "autoria__autor__nome": "Cristiano Coller", "texto_original": "https://sapl.camaranh.rs.gov.br/media/sapl/public/materialegislativa/2013/21567/21567_texto_integral.odt", "ementa": "Solicita coloca\u00e7\u00e3o de dois quebra-molas e faixa seguran\u00e7a na Av. Primeiro de Mar\u00e7o, nos sentidos Centro/Bairro e Bairro/Centro, em frente \u00e0 Esta\u00e7\u00e3o do Industrial Trensurb, no Bairro Liberdade."}, {"id": 21569, "ano": 2013, "numero": 898, "tipo__sigla": "IND", "tipo__descricao": "Indica\u00e7\u00e3o/Pedido de Provid\u00eancias", "autoria__autor__nome": "Roger Corr\u00eaa", "texto_original": "https://sapl.camaranh.rs.gov.br/media/sapl/public/materialegislativa/2013/21569/21569_texto_integral.odt", "ementa": "Solicita ao Poder P\u00fablico Municipal que apresente estudo t\u00e9cnico sobre a viabilidade de implementa\u00e7\u00e3o de quadra de t\u00eanis de piso r\u00e1pido, com a utiliza\u00e7\u00e3o de recursos do PAC II, na Av. 1\u00ba de Mar\u00e7o, pr\u00f3ximo \u00e0 Rua Get\u00falio Vargas , no munic\u00edpio de Novo Hamburgo."}, {"id": 21570, "ano": 2013, "numero": 899, "tipo__sigla": "IND", "tipo__descricao": "Indica\u00e7\u00e3o/Pedido de Provid\u00eancias", "autoria__autor__nome": "Sergio Hanich", "texto_original": "https://sapl.camaranh.rs.gov.br/media/sapl/public/materialegislativa/2013/21570/21570_texto_integral.odt", "ementa": "Solicita nivelamento do asfalto na Rua Lima, esquina com a Av. Montevid\u00e9u, no Bairro Santo Afonso. "}, {"id": 21571, "ano": 2013, "numero": 900, "tipo__sigla": "IND", "tipo__descricao": "Indica\u00e7\u00e3o/Pedido de Provid\u00eancias", "autoria__autor__nome": "Sergio Hanich", "texto_original": "https://sapl.camaranh.rs.gov.br/media/sapl/public/materialegislativa/2013/21571/21571_texto_integral.odt", "ementa": "Solicita intima\u00e7\u00e3o do propriet\u00e1rio do terreno baldio localizado na Rua La Habana, esquina com a Rua Assuncion, no Bairro Santo Afonso, para realizar limpeza  e cercamento do local."}, {"id": 21575, "ano": 2013, "numero": 901, "tipo__sigla": "IND", "tipo__descricao": "Indica\u00e7\u00e3o/Pedido de Provid\u00eancias", "autoria__autor__nome": "Professor Issur Koch", "texto_original": "https://sapl.camaranh.rs.gov.br/media/sapl/public/materialegislativa/2013/21575/21575_texto_integral.odt", "ementa": "Solicita, com urg\u00eancia, a reinstala\u00e7\u00e3o da cobertura das escadas da E.M.E.F. Jo\u00e3o Goulart, no Bairro Petr\u00f3polis."}, {"id": 21576, "ano": 2013, "numero": 902, "tipo__sigla": "IND", "tipo__descricao": "Indica\u00e7\u00e3o/Pedido de Provid\u00eancias", "autoria__autor__nome": "Professor Issur Koch", "texto_original": "https://sapl.camaranh.rs.gov.br/media/sapl/public/materialegislativa/2013/21576/21576_texto_integral.odt", "ementa": "Solicito opera\u00e7\u00e3o tapa-buracos em toda extens\u00e3o da Rua Visconde de Ouro Preto, no Bairro Oper\u00e1rio."}, {"id": 21577, "ano": 2013, "numero": 903, "tipo__sigla": "IND", "tipo__descricao": "Indica\u00e7\u00e3o/Pedido de Provid\u00eancias", "autoria__autor__nome": "Professor Issur Koch", "texto_original": "https://sapl.camaranh.rs.gov.br/media/sapl/public/materialegislativa/2013/21577/21577_texto_integral.odt", "ementa": "Solicita a poda de \u00e1rvores em toda extens\u00e3o da Rua Visconde de Ouro Preto no Bairro Oper\u00e1rio."}, {"id": 21578, "ano": 2013, "numero": 904, "tipo__sigla": "IND", "tipo__descricao": "Indica\u00e7\u00e3o/Pedido de Provid\u00eancias", "autoria__autor__nome": "Professor Issur Koch", "texto_original": "https://sapl.camaranh.rs.gov.br/media/sapl/public/materialegislativa/2013/21578/21578_texto_integral.odt", "ementa": "Solicita intima\u00e7\u00e3o do propriet\u00e1rio do terreno localizado na Rua Bento Gon\u00e7alves n\u00ba 3360, para que regularize a situa\u00e7\u00e3o do passeio p\u00fablico."}, {"id": 21579, "ano": 2013, "numero": 905, "tipo__sigla": "IND", "tipo__descricao": "Indica\u00e7\u00e3o/Pedido de Provid\u00eancias", "autoria__autor__nome": "Professor Issur Koch", "texto_original": "https://sapl.camaranh.rs.gov.br/media/sapl/public/materialegislativa/2013/21579/21579_texto_integral.odt", "ementa": "Solicita concerto de boca-de-lobo e manuten\u00e7\u00e3o do passeio p\u00fablico na Rua do Ip\u00ea, esquina com a Rua Timba\u00fava, Bairro Ideal."}, {"id": 21580, "ano": 2013, "numero": 906, "tipo__sigla": "IND", "tipo__descricao": "Indica\u00e7\u00e3o/Pedido de Provid\u00eancias", "autoria__autor__nome": "Professor Issur Koch", "texto_original": "https://sapl.camaranh.rs.gov.br/media/sapl/public/materialegislativa/2013/21580/21580_texto_integral.odt", "ementa": "Solicita opera\u00e7\u00e3o tapa-buracos na Rua dos Pinheiros, esquina com a Rua Timba\u00fava, no Bairro Ideal."}, {"id": 21581, "ano": 2013, "numero": 907, "tipo__sigla": "IND", "tipo__descricao": "Indica\u00e7\u00e3o/Pedido de Provid\u00eancias", "autoria__autor__nome": "Raul Cassel", "texto_original": "https://sapl.camaranh.rs.gov.br/media/sapl/public/materialegislativa/2013/21581/21581_texto_integral.odt", "ementa": "Solicita inspe\u00e7\u00e3o para poss\u00edvel desobstru\u00e7\u00e3o da rede pluvial de esgoto na Rua Guilherme Ritcher."}, {"id": 21582, "ano": 2013, "numero": 908, "tipo__sigla": "IND", "tipo__descricao": "Indica\u00e7\u00e3o/Pedido de Provid\u00eancias", "autoria__autor__nome": "Enfermeiro Vilmar", "texto_original": "https://sapl.camaranh.rs.gov.br/media/sapl/public/materialegislativa/2013/21582/21582_texto_integral.odt", "ementa": "Solicita coloca\u00e7\u00e3o de redutores de velocidade na Rua \u00cdcaro, esquina com a Rua Tirol, Bairro Canudos. "}, {"id": 21583, "ano": 2013, "numero": 909, "tipo__sigla": "IND", "tipo__descricao": "Indica\u00e7\u00e3o/Pedido de Provid\u00eancias", "autoria__autor__nome": "Enfermeiro Vilmar", "texto_original": "https://sapl.camaranh.rs.gov.br/media/sapl/public/materialegislativa/2013/21583/21583_texto_integral.odt", "ementa": "Solicita uma tampa de boca-de-lobo na Rua Campo Bom, em frente ao n\u00ba 1818, Bairro Canudos. "}, {"id": 21584, "ano": 2013, "numero": 910, "tipo__sigla": "IND", "tipo__descricao": "Indica\u00e7\u00e3o/Pedido de Provid\u00eancias", "autoria__autor__nome": "Enfermeiro Vilmar", "texto_original": "https://sapl.camaranh.rs.gov.br/media/sapl/public/materialegislativa/2013/21584/21584_texto_integral.odt", "ementa": "Solicita coloca\u00e7\u00e3o de redutores de velocidade e faixa de pedestres na Rua Ven\u00e2ncio Aires, esquina com a Rua Casca, em frente \u00e0 escadaria, Bairro Canudos. "}, {"id": 21585, "ano": 2013, "numero": 911, "tipo__sigla": "IND", "tipo__descricao": "Indica\u00e7\u00e3o/Pedido de Provid\u00eancias", "autoria__autor__nome": "Enfermeiro Vilmar", "texto_original": "https://sapl.camaranh.rs.gov.br/media/sapl/public/materialegislativa/2013/21585/21585_texto_integral.odt", "ementa": "Solicita coloca\u00e7\u00e3o de redutores de velocidade na Rua \u00cdcaro, pr\u00f3ximo ao n\u00ba 739 (Fruteira S\u00e3o Jos\u00e9), Bairro Canudos. "}, {"id": 21586, "ano": 2013, "numero": 912, "tipo__sigla": "IND", "tipo__descricao": "Indica\u00e7\u00e3o/Pedido de Provid\u00eancias", "autoria__autor__nome": "Enfermeiro Vilmar", "texto_original": "https://sapl.camaranh.rs.gov.br/media/sapl/public/materialegislativa/2013/21586/21586_texto_integral.odt", "ementa": "Solicita coloca\u00e7\u00e3o de quebra-molas junto \u00e0 Rua Col\u00fambia, pr\u00f3ximo ao n\u00ba 2109, no Bairro Canudos."}, {"id": 21591, "ano": 2013, "numero": 913, "tipo__sigla": "IND", "tipo__descricao": "Indica\u00e7\u00e3o/Pedido de Provid\u00eancias", "autoria__autor__nome": "Patr\u00edcia Beck", "texto_original": "https://sapl.camaranh.rs.gov.br/media/sapl/public/materialegislativa/2013/21591/21591_texto_integral.odt", "ementa": "Sugere ao Poder Executivo Municipal que a campanha de vacina\u00e7\u00e3o contra a Influenza seja disponibilizada a todos os cidad\u00e3os que residem no munic\u00edpio."}, {"id": 21592, "ano": 2013, "numero": 914, "tipo__sigla": "IND", "tipo__descricao": "Indica\u00e7\u00e3o/Pedido de Provid\u00eancias", "autoria__autor__nome": "Patr\u00edcia Beck", "texto_original": "https://sapl.camaranh.rs.gov.br/media/sapl/public/materialegislativa/2013/21592/21592_texto_integral.odt", "ementa": "Solicita o recolhimento dos galhos, localizados na Rua Augusto Lichtler, em frente ao n\u00famero 50, no Bairro S\u00e3o Jorge."}, {"id": 21593, "ano": 2013, "numero": 915, "tipo__sigla": "IND", "tipo__descricao": "Indica\u00e7\u00e3o/Pedido de Provid\u00eancias", "autoria__autor__nome": "Patr\u00edcia Beck", "texto_original": "https://sapl.camaranh.rs.gov.br/media/sapl/public/materialegislativa/2013/21593/21593_texto_integral.odt", "ementa": "Solicita a coloca\u00e7\u00e3o de britas no beco da Rua Benedito Calixto, em toda a sua extens\u00e3o, no Bairro S\u00e3o Jorge."}, {"id": 21594, "ano": 2013, "numero": 916, "tipo__sigla": "IND", "tipo__descricao": "Indica\u00e7\u00e3o/Pedido de Provid\u00eancias", "autoria__autor__nome": "Patr\u00edcia Beck", "texto_original": "https://sapl.camaranh.rs.gov.br/media/sapl/public/materialegislativa/2013/21594/21594_texto_integral.odt", "ementa": "Solicita a coloca\u00e7\u00e3o de redutor de velocidade na Av. 1\u00ba de Mar\u00e7o, junto \u00e0 Pista de Eventos Prof. Jos\u00e9 E. Teles da Silveira, no Bairro P\u00e1tria Nova."}, {"id": 21595, "ano": 2013, "numero": 917, "tipo__sigla": "IND", "tipo__descricao": "Indica\u00e7\u00e3o/Pedido de Provid\u00eancias", "autoria__autor__nome": "Patr\u00edcia Beck", "texto_original": "https://sapl.camaranh.rs.gov.br/media/sapl/public/materialegislativa/2013/21595/21595_texto_integral.odt", "ementa": "Solicita coloca\u00e7\u00e3o de uma sinaleira na Rua Saldanha da Gama, esquina com a Rua Boa Sa\u00fade, no Bairro Primavera."}, {"id": 21596, "ano": 2013, "numero": 918, "tipo__sigla": "IND", "tipo__descricao": "Indica\u00e7\u00e3o/Pedido de Provid\u00eancias", "autoria__autor__nome": "Patr\u00edcia Beck", "texto_original": "https://sapl.camaranh.rs.gov.br/media/sapl/public/materialegislativa/2013/21596/21596_texto_integral.odt", "ementa": "Solicita poda de \u00e1rvore junto \u00e0 Rua \u00cdcaro, em frente ao n\u00famero 193, no Bairro Canudos."}, {"id": 21597, "ano": 2013, "numero": 919, "tipo__sigla": "IND", "tipo__descricao": "Indica\u00e7\u00e3o/Pedido de Provid\u00eancias", "autoria__autor__nome": "Patr\u00edcia Beck", "texto_original": "https://sapl.camaranh.rs.gov.br/media/sapl/public/materialegislativa/2013/21597/21597_texto_integral.odt", "ementa": "Solicita a coloca\u00e7\u00e3o de britas no beco Kracovia, em toda a sua extens\u00e3o, no Loteamento Morada das Flores, Bairro Rond\u00f4nia."}, {"id": 21598, "ano": 2013, "numero": 920, "tipo__sigla": "IND", "tipo__descricao": "Indica\u00e7\u00e3o/Pedido de Provid\u00eancias", "autoria__autor__nome": "Patr\u00edcia Beck", "texto_original": "https://sapl.camaranh.rs.gov.br/media/sapl/public/materialegislativa/2013/21598/21598_texto_integral.odt", "ementa": "Solicita a canaliza\u00e7\u00e3o do beco Kracovia, em toda  sua extens\u00e3o, no Loteamento Morada das Flores, Bairro Rond\u00f4nia."}, {"id": 21599, "ano": 2013, "numero": 921, "tipo__sigla": "IND", "tipo__descricao": "Indica\u00e7\u00e3o/Pedido de Provid\u00eancias", "autoria__autor__nome": "Patr\u00edcia Beck", "texto_original": "https://sapl.camaranh.rs.gov.br/media/sapl/public/materialegislativa/2013/21599/21599_texto_integral.odt", "ementa": "Solicita a revitaliza\u00e7\u00e3o da faixa de pedestres, localizada na Rua Floren\u00e7a, esquina com a Rua Bartolomeu de Gusm\u00e3o, no Bairro Canudos."}, {"id": 21600, "ano": 2013, "numero": 922, "tipo__sigla": "IND", "tipo__descricao": "Indica\u00e7\u00e3o/Pedido de Provid\u00eancias", "autoria__autor__nome": "Patr\u00edcia Beck", "texto_original": "https://sapl.camaranh.rs.gov.br/media/sapl/public/materialegislativa/2013/21600/21600_texto_integral.odt", "ementa": "Solicita a revitaliza\u00e7\u00e3o da faixa de pedestres, localizada na rua Bartolomeu de Gusm\u00e3o, esquina com a rua Ver. Darcy Jaime Keller, no Bairro Canudos."}, {"id": 21601, "ano": 2013, "numero": 923, "tipo__sigla": "IND", "tipo__descricao": "Indica\u00e7\u00e3o/Pedido de Provid\u00eancias", "autoria__autor__nome": "Professor Issur Koch", "texto_original": "https://sapl.camaranh.rs.gov.br/media/sapl/public/materialegislativa/2013/21601/21601_texto_integral.odt", "ementa": "Solicito a recoloca\u00e7\u00e3o de banco na parada de \u00f4nibus da Rua 25 de julho, em frente ao n\u00famero 1297, no Bairro Rio Branco."}, {"id": 21602, "ano": 2013, "numero": 924, "tipo__sigla": "IND", "tipo__descricao": "Indica\u00e7\u00e3o/Pedido de Provid\u00eancias", "autoria__autor__nome": "Patr\u00edcia Beck", "texto_original": "https://sapl.camaranh.rs.gov.br/media/sapl/public/materialegislativa/2013/21602/21602_texto_integral.odt", "ementa": "Solicita a revitaliza\u00e7\u00e3o da faixa de pedestres, localizada na Rua Darcy Jaime Keller, esquina com a Rua Bartolomeu de Gusm\u00e3o, no Bairro Canudos. "}, {"id": 21603, "ano": 2013, "numero": 925, "tipo__sigla": "IND", "tipo__descricao": "Indica\u00e7\u00e3o/Pedido de Provid\u00eancias", "autoria__autor__nome": "Patr\u00edcia Beck", "texto_original": "https://sapl.camaranh.rs.gov.br/media/sapl/public/materialegislativa/2013/21603/21603_texto_integral.odt", "ementa": "Solicita a revitaliza\u00e7\u00e3o da faixa de pedestres, localizada na av. Dr. Maur\u00edcio Cardoso, esquina com a Rua Gomes Portinho, no Bairro Hamburgo Velho."}, {"id": 21604, "ano": 2013, "numero": 926, "tipo__sigla": "IND", "tipo__descricao": "Indica\u00e7\u00e3o/Pedido de Provid\u00eancias", "autoria__autor__nome": "Patr\u00edcia Beck", "texto_original": "https://sapl.camaranh.rs.gov.br/media/sapl/public/materialegislativa/2013/21604/21604_texto_integral.odt", "ementa": "Solicita a revitaliza\u00e7\u00e3o da faixa de pedestres, localizada na Rua Gomes Portinho,  esquina com a av. Dr. Maur\u00edcio Cardoso,  no Bairro Hamburgo Velho."}, {"id": 21605, "ano": 2013, "numero": 927, "tipo__sigla": "IND", "tipo__descricao": "Indica\u00e7\u00e3o/Pedido de Provid\u00eancias", "autoria__autor__nome": "Naasom Luciano", "texto_original": "https://sapl.camaranh.rs.gov.br/media/sapl/public/materialegislativa/2013/21605/21605_texto_integral.odt", "ementa": "Solicita poda de \u00e1rvore na Rua Santos em toda  sua extens\u00e3o, no Bairro Vila Nova."}, {"id": 21606, "ano": 2013, "numero": 928, "tipo__sigla": "IND", "tipo__descricao": "Indica\u00e7\u00e3o/Pedido de Provid\u00eancias", "autoria__autor__nome": "Naasom Luciano", "texto_original": "https://sapl.camaranh.rs.gov.br/media/sapl/public/materialegislativa/2013/21606/21606_texto_integral.odt", "ementa": "Solicita patrolamento e brita na Rua das Paineiras, Bairro Santo Afonso."}, {"id": 21611, "ano": 2013, "numero": 929, "tipo__sigla": "IND", "tipo__descricao": "Indica\u00e7\u00e3o/Pedido de Provid\u00eancias", "autoria__autor__nome": "Professor Issur Koch", "texto_original": "https://sapl.camaranh.rs.gov.br/media/sapl/public/materialegislativa/2013/21611/21611_texto_integral.odt", "ementa": "Solicito a recoloca\u00e7\u00e3o de bancos nas paradas de \u00f4nibus em ambos os lados da Rua 24 de maio, no n\u00famero 50, no Bairro Rio Branco."}, {"id": 21613, "ano": 2013, "numero": 930, "tipo__sigla": "IND", "tipo__descricao": "Indica\u00e7\u00e3o/Pedido de Provid\u00eancias", "autoria__autor__nome": "Naasom Luciano", "texto_original": "https://sapl.camaranh.rs.gov.br/media/sapl/public/materialegislativa/2013/21613/21613_texto_integral.odt", "ementa": "Solicita desentupimento e revis\u00e3o na rede de esgoto na Rua Ingo Lampert, no trecho entre os n\u00fameros 138 \u00e0 154, Bairro Canudos."}, {"id": 21625, "ano": 2013, "numero": 931, "tipo__sigla": "IND", "tipo__descricao": "Indica\u00e7\u00e3o/Pedido de Provid\u00eancias", "autoria__autor__nome": "JorgeTatsch", "texto_original": "https://sapl.camaranh.rs.gov.br/media/sapl/public/materialegislativa/2013/21625/21625_texto_integral.odt", "ementa": "Solicita desentupimento de esgoto na Rua Dique da Saudade, pr\u00f3ximo ao n\u00ba 120, Bairro Santo Afonso."}, {"id": 21626, "ano": 2013, "numero": 932, "tipo__sigla": "IND", "tipo__descricao": "Indica\u00e7\u00e3o/Pedido de Provid\u00eancias", "autoria__autor__nome": "JorgeTatsch", "texto_original": "https://sapl.camaranh.rs.gov.br/media/sapl/public/materialegislativa/2013/21626/21626_texto_integral.odt", "ementa": "Solicita conserto de infiltra\u00e7\u00e3o na Rua Caracas, em frente ao n\u00famero 1089, no Bairro Santo Afonso."}, {"id": 21627, "ano": 2013, "numero": 933, "tipo__sigla": "IND", "tipo__descricao": "Indica\u00e7\u00e3o/Pedido de Provid\u00eancias", "autoria__autor__nome": "JorgeTatsch", "texto_original": "https://sapl.camaranh.rs.gov.br/media/sapl/public/materialegislativa/2013/21627/21627_texto_integral.odt", "ementa": "Solicita conserto de uma infiltra\u00e7\u00e3o na Rua Assunci\u00f3n, em frente ao n\u00ba 884, no Bairro Santo Afonso."}, {"id": 21628, "ano": 2013, "numero": 934, "tipo__sigla": "IND", "tipo__descricao": "Indica\u00e7\u00e3o/Pedido de Provid\u00eancias", "autoria__autor__nome": "JorgeTatsch", "texto_original": "https://sapl.camaranh.rs.gov.br/media/sapl/public/materialegislativa/2013/21628/21628_texto_integral.odt", "ementa": "Solicita conserto de uma infiltra\u00e7\u00e3o na Av. Buenos Aires, em frente ao n\u00famero 525, no Bairro Santo Afonso."}, {"id": 21629, "ano": 2013, "numero": 935, "tipo__sigla": "IND", "tipo__descricao": "Indica\u00e7\u00e3o/Pedido de Provid\u00eancias", "autoria__autor__nome": "JorgeTatsch", "texto_original": "https://sapl.camaranh.rs.gov.br/media/sapl/public/materialegislativa/2013/21629/21629_texto_integral.odt", "ementa": "Solicita coloca\u00e7\u00e3o de saibro no final da Rua Ronda Alta, pr\u00f3ximo ao n\u00ba 50, no Bairro Santo Afonso."}, {"id": 21630, "ano": 2013, "numero": 936, "tipo__sigla": "IND", "tipo__descricao": "Indica\u00e7\u00e3o/Pedido de Provid\u00eancias", "autoria__autor__nome": "JorgeTatsch", "texto_original": "https://sapl.camaranh.rs.gov.br/media/sapl/public/materialegislativa/2013/21630/21630_texto_integral.odt", "ementa": "Solicita troca da tampa de boca-de-lobo na Rua Man\u00e1gua, em frente ao n\u00ba 459, no Bairro Santo Afonso."}, {"id": 21631, "ano": 2013, "numero": 937, "tipo__sigla": "IND", "tipo__descricao": "Indica\u00e7\u00e3o/Pedido de Provid\u00eancias", "autoria__autor__nome": "JorgeTatsch", "texto_original": "https://sapl.camaranh.rs.gov.br/media/sapl/public/materialegislativa/2013/21631/21631_texto_integral.odt", "ementa": "Solicita a troca da tampa de boca-de-lobo na Rua Man\u00e1gua esquina com a Rua Lima, em frente ao n\u00ba 252, no Bairro Santo Afonso."}, {"id": 21633, "ano": 2013, "numero": 938, "tipo__sigla": "IND", "tipo__descricao": "Indica\u00e7\u00e3o/Pedido de Provid\u00eancias", "autoria__autor__nome": "JorgeTatsch", "texto_original": "https://sapl.camaranh.rs.gov.br/media/sapl/public/materialegislativa/2013/21633/21633_texto_integral.odt", "ementa": "Solicita patrolamento e britagem em toda a extens\u00e3o da Rua das Palmeiras, Bairro Ideal."}, {"id": 21634, "ano": 2013, "numero": 939, "tipo__sigla": "IND", "tipo__descricao": "Indica\u00e7\u00e3o/Pedido de Provid\u00eancias", "autoria__autor__nome": "JorgeTatsch", "texto_original": "https://sapl.camaranh.rs.gov.br/media/sapl/public/materialegislativa/2013/21634/21634_texto_integral.odt", "ementa": "Solicita troca da tampa de boca-de-lobo na Av. Primeiro de Mar\u00e7o, em frente ao n\u00ba 2349, Bairro Centro."}, {"id": 21635, "ano": 2013, "numero": 940, "tipo__sigla": "IND", "tipo__descricao": "Indica\u00e7\u00e3o/Pedido de Provid\u00eancias", "autoria__autor__nome": "JorgeTatsch", "texto_original": "https://sapl.camaranh.rs.gov.br/media/sapl/public/materialegislativa/2013/21635/21635_texto_integral.odt", "ementa": "Solicita limpeza do passeio p\u00fablico e recolhimento de galhos na Rua Ana Nery,  do n\u00ba 41 ao n\u00ba 47, Bairro Santo Afonso."}, {"id": 21636, "ano": 2013, "numero": 941, "tipo__sigla": "IND", "tipo__descricao": "Indica\u00e7\u00e3o/Pedido de Provid\u00eancias", "autoria__autor__nome": "JorgeTatsch", "texto_original": "https://sapl.camaranh.rs.gov.br/media/sapl/public/materialegislativa/2013/21636/21636_texto_integral.odt", "ementa": "Solicita opera\u00e7\u00e3o tapa-buracos na Av. Primeiro de Mar\u00e7o, no trecho pr\u00f3ximo ao  n\u00ba 1227, Bairro Centro."}, {"id": 21637, "ano": 2013, "numero": 942, "tipo__sigla": "IND", "tipo__descricao": "Indica\u00e7\u00e3o/Pedido de Provid\u00eancias", "autoria__autor__nome": "JorgeTatsch", "texto_original": "https://sapl.camaranh.rs.gov.br/media/sapl/public/materialegislativa/2013/21637/21637_texto_integral.odt", "ementa": "Solicita recolhimento de lixo e entulhos localizados na Rua Jos\u00e9 Mayer Filho, em frente ao n\u00famero 74, no Bairro Santo Afonso."}, {"id": 21638, "ano": 2013, "numero": 943, "tipo__sigla": "IND", "tipo__descricao": "Indica\u00e7\u00e3o/Pedido de Provid\u00eancias", "autoria__autor__nome": "JorgeTatsch", "texto_original": "https://sapl.camaranh.rs.gov.br/media/sapl/public/materialegislativa/2013/21638/21638_texto_integral.odt", "ementa": "Solicita o recolhimento de lixo localizado na Rua Rivera, em frente ao n\u00ba 263, no Bairro Industrial."}, {"id": 21639, "ano": 2013, "numero": 944, "tipo__sigla": "IND", "tipo__descricao": "Indica\u00e7\u00e3o/Pedido de Provid\u00eancias", "autoria__autor__nome": "JorgeTatsch", "texto_original": "https://sapl.camaranh.rs.gov.br/media/sapl/public/materialegislativa/2013/21639/21639_texto_integral.odt", "ementa": "Solicita opera\u00e7\u00e3o tapa-buracos na Av. Montevideo, no trecho pr\u00f3ximo ao  n\u00ba 539, Bairro Santo Afonso."}, {"id": 21640, "ano": 2013, "numero": 945, "tipo__sigla": "IND", "tipo__descricao": "Indica\u00e7\u00e3o/Pedido de Provid\u00eancias", "autoria__autor__nome": "JorgeTatsch", "texto_original": "https://sapl.camaranh.rs.gov.br/media/sapl/public/materialegislativa/2013/21640/21640_texto_integral.odt", "ementa": "Solicita substitui\u00e7\u00e3o de l\u00e2mpada queimada na Rua Santa Ana, em frente ao n\u00ba 160, Bairro Santo Afonso."}, {"id": 21641, "ano": 2013, "numero": 946, "tipo__sigla": "IND", "tipo__descricao": "Indica\u00e7\u00e3o/Pedido de Provid\u00eancias", "autoria__autor__nome": "Cristiano Coller", "texto_original": "https://sapl.camaranh.rs.gov.br/media/sapl/public/materialegislativa/2013/21641/21641_texto_integral.odt", "ementa": "Solicita  rebaixamento de cal\u00e7ada e implanta\u00e7\u00e3o de rampas de acesso a cadeirantes nas Plataformas 1 e 2 do parad\u00e3o de \u00f4nibus, na Av. Primeiro de Mar\u00e7o."}, {"id": 21642, "ano": 2013, "numero": 947, "tipo__sigla": "IND", "tipo__descricao": "Indica\u00e7\u00e3o/Pedido de Provid\u00eancias", "autoria__autor__nome": "Cristiano Coller", "texto_original": "https://sapl.camaranh.rs.gov.br/media/sapl/public/materialegislativa/2013/21642/21642_texto_integral.odt", "ementa": "Solicita coloca\u00e7\u00e3o de placa indicativa \"permitido estacionar\" na Rua Volunt\u00e1rios da P\u00e1tria, no Bairro P\u00e1tria Nova."}, {"id": 21643, "ano": 2013, "numero": 948, "tipo__sigla": "IND", "tipo__descricao": "Indica\u00e7\u00e3o/Pedido de Provid\u00eancias", "autoria__autor__nome": "Cristiano Coller", "texto_original": "https://sapl.camaranh.rs.gov.br/media/sapl/public/materialegislativa/2013/21643/21643_texto_integral.odt", "ementa": "Solicita constru\u00e7\u00e3o de rampa de acesso \u00e0 quadra coberta da E.M.E.F. Presidente Get\u00falio Dorneles Vargas, no Bairro Rinc\u00e3o. "}, {"id": 21644, "ano": 2013, "numero": 949, "tipo__sigla": "IND", "tipo__descricao": "Indica\u00e7\u00e3o/Pedido de Provid\u00eancias", "autoria__autor__nome": "Cristiano Coller", "texto_original": "https://sapl.camaranh.rs.gov.br/media/sapl/public/materialegislativa/2013/21644/21644_texto_integral.odt", "ementa": "Solicita troca de tampas de boca-de-lobo na Rua Volunt\u00e1rios da P\u00e1tria, no Bairro P\u00e1tria Nova."}, {"id": 21645, "ano": 2013, "numero": 950, "tipo__sigla": "IND", "tipo__descricao": "Indica\u00e7\u00e3o/Pedido de Provid\u00eancias", "autoria__autor__nome": "Cristiano Coller", "texto_original": "https://sapl.camaranh.rs.gov.br/media/sapl/public/materialegislativa/2013/21645/21645_texto_integral.odt", "ementa": "Solicita estudo de viabilidade de fechamento da Av. Pedro Adams Filho, entre as Ruas Gomes  Portinho e Lima e Silva, no Centro."}, {"id": 21647, "ano": 2013, "numero": 951, "tipo__sigla": "IND", "tipo__descricao": "Indica\u00e7\u00e3o/Pedido de Provid\u00eancias", "autoria__autor__nome": "Patr\u00edcia Beck", "texto_original": "https://sapl.camaranh.rs.gov.br/media/sapl/public/materialegislativa/2013/21647/21647_texto_integral.odt", "ementa": "Sugere ao Poder Executivo Municipal que seja feita a fiscaliza\u00e7\u00e3o das ca\u00e7ambas estacion\u00e1rias utilizadas para o recolhimento de entulhos que encontram-se sem identifica\u00e7\u00e3o luminosa (adesivos luminosos), no munic\u00edpio de Novo Hamburgo."}, {"id": 21648, "ano": 2013, "numero": 952, "tipo__sigla": "IND", "tipo__descricao": "Indica\u00e7\u00e3o/Pedido de Provid\u00eancias", "autoria__autor__nome": "Patr\u00edcia Beck", "texto_original": "https://sapl.camaranh.rs.gov.br/media/sapl/public/materialegislativa/2013/21648/21648_texto_integral.odt", "ementa": "Solicita a instala\u00e7\u00e3o de um biciclet\u00e1rio pr\u00f3ximo ao Espa\u00e7o Cultural Albano Hartz, no Cal\u00e7ad\u00e3o Osvaldo Cruz, Bairro Centro."}, {"id": 21649, "ano": 2013, "numero": 953, "tipo__sigla": "IND", "tipo__descricao": "Indica\u00e7\u00e3o/Pedido de Provid\u00eancias", "autoria__autor__nome": "Patr\u00edcia Beck", "texto_original": "https://sapl.camaranh.rs.gov.br/media/sapl/public/materialegislativa/2013/21649/21649_texto_integral.odt", "ementa": "Solicita a instala\u00e7\u00e3o de um biciclet\u00e1rio pr\u00f3ximo ao Centro de Cultura Teatro Paschoal Carlos Magno, em frente \u00e0 Pra\u00e7a Vinte, Bairro Centro."}, {"id": 21650, "ano": 2013, "numero": 954, "tipo__sigla": "IND", "tipo__descricao": "Indica\u00e7\u00e3o/Pedido de Provid\u00eancias", "autoria__autor__nome": "Patr\u00edcia Beck", "texto_original": "https://sapl.camaranh.rs.gov.br/media/sapl/public/materialegislativa/2013/21650/21650_texto_integral.odt", "ementa": "Solicita coloca\u00e7\u00e3o de placas de identifica\u00e7\u00e3o nas esquinas da Rua \"Largo dos Bandeirantes\", no Bairro Canudos."}, {"id": 21651, "ano": 2013, "numero": 955, "tipo__sigla": "IND", "tipo__descricao": "Indica\u00e7\u00e3o/Pedido de Provid\u00eancias", "autoria__autor__nome": "Patr\u00edcia Beck", "texto_original": "https://sapl.camaranh.rs.gov.br/media/sapl/public/materialegislativa/2013/21651/21651_texto_integral.odt", "ementa": "Solicita o acesso \u00e0 internet wi-fi, aos usu\u00e1rios da Pista Municipal de Eventos Prof. Jos\u00e9 Eli T. Da Silveira, localizada junto \u00e0 av. Primeiro de Mar\u00e7o, no Bairro P\u00e1tria Nova."}, {"id": 21653, "ano": 2013, "numero": 956, "tipo__sigla": "IND", "tipo__descricao": "Indica\u00e7\u00e3o/Pedido de Provid\u00eancias", "autoria__autor__nome": "Patr\u00edcia Beck", "texto_original": "https://sapl.camaranh.rs.gov.br/media/sapl/public/materialegislativa/2013/21653/21653_texto_integral.odt", "ementa": "Solicita o estudo de viabilidade, para que seja transferida a sinaleira localizada na Rua Bartolomeu de Gusm\u00e3o, esquina com a Rua Vereador Darcy Jaime Keller, no Bairro Canudos. "}, {"id": 21654, "ano": 2013, "numero": 957, "tipo__sigla": "IND", "tipo__descricao": "Indica\u00e7\u00e3o/Pedido de Provid\u00eancias", "autoria__autor__nome": "Patr\u00edcia Beck", "texto_original": "https://sapl.camaranh.rs.gov.br/media/sapl/public/materialegislativa/2013/21654/21654_texto_integral.odt", "ementa": "Solicita que seja transferida placa indicativa \"Pare\", localizada na Rua Ingo Lampert, esquina com a Rua \u00c2ngelo Provenzano, no Bairro Canudos."}, {"id": 21655, "ano": 2013, "numero": 958, "tipo__sigla": "IND", "tipo__descricao": "Indica\u00e7\u00e3o/Pedido de Provid\u00eancias", "autoria__autor__nome": "Patr\u00edcia Beck", "texto_original": "https://sapl.camaranh.rs.gov.br/media/sapl/public/materialegislativa/2013/21655/21655_texto_integral.odt", "ementa": "Solicita limpeza e conserto da caixa da boca-de-lobo localizada na Rua Londres, esquina com a Rua \u00cdcaro, no Bairro Canudos."}, {"id": 21656, "ano": 2013, "numero": 959, "tipo__sigla": "IND", "tipo__descricao": "Indica\u00e7\u00e3o/Pedido de Provid\u00eancias", "autoria__autor__nome": "Patr\u00edcia Beck", "texto_original": "https://sapl.camaranh.rs.gov.br/media/sapl/public/materialegislativa/2013/21656/21656_texto_integral.odt", "ementa": "Solicita capina e limpeza das margens do arroio   que passa no final da Rua N\u00e1poles, no Bairro Canudos."}, {"id": 21657, "ano": 2013, "numero": 960, "tipo__sigla": "IND", "tipo__descricao": "Indica\u00e7\u00e3o/Pedido de Provid\u00eancias", "autoria__autor__nome": "Patr\u00edcia Beck", "texto_original": "https://sapl.camaranh.rs.gov.br/media/sapl/public/materialegislativa/2013/21657/21657_texto_integral.odt", "ementa": "Solicita a coloca\u00e7\u00e3o de britas no final da Rua N\u00e1poles, no Bairro Canudos."}, {"id": 21659, "ano": 2013, "numero": 961, "tipo__sigla": "IND", "tipo__descricao": "Indica\u00e7\u00e3o/Pedido de Provid\u00eancias", "autoria__autor__nome": "Patr\u00edcia Beck", "texto_original": "https://sapl.camaranh.rs.gov.br/media/sapl/public/materialegislativa/2013/21659/21659_texto_integral.odt", "ementa": "Solicita o recolhimento dos galhos, localizados na cal\u00e7ada da Pra\u00e7a Augusto Severo, localizada junto \u00e0 Rua Joana D'Arc, no Bairro Canudos."}, {"id": 21660, "ano": 2013, "numero": 962, "tipo__sigla": "IND", "tipo__descricao": "Indica\u00e7\u00e3o/Pedido de Provid\u00eancias", "autoria__autor__nome": "Patr\u00edcia Beck", "texto_original": "https://sapl.camaranh.rs.gov.br/media/sapl/public/materialegislativa/2013/21660/21660_texto_integral.odt", "ementa": "Solicita a coloca\u00e7\u00e3o de placas indicativas \"Proibido Lixo\", junto \u00e0s cal\u00e7adas da Pra\u00e7a Augusto Severo, localizada junto \u00e0 Rua Joana D'Arc, no Bairro Canudos."}, {"id": 21661, "ano": 2013, "numero": 963, "tipo__sigla": "IND", "tipo__descricao": "Indica\u00e7\u00e3o/Pedido de Provid\u00eancias", "autoria__autor__nome": "Patr\u00edcia Beck", "texto_original": "https://sapl.camaranh.rs.gov.br/media/sapl/public/materialegislativa/2013/21661/21661_texto_integral.odt", "ementa": "Solicita a coloca\u00e7\u00e3o de abrigos e bancos nas paradas de \u00f4nibus localizadas junto \u00e0 Rua \u00cdcaro, no Bairro Canudos."}, {"id": 21662, "ano": 2013, "numero": 964, "tipo__sigla": "IND", "tipo__descricao": "Indica\u00e7\u00e3o/Pedido de Provid\u00eancias", "autoria__autor__nome": "Patr\u00edcia Beck", "texto_original": "https://sapl.camaranh.rs.gov.br/media/sapl/public/materialegislativa/2013/21662/21662_texto_integral.odt", "ementa": "Solicita a retirada das \u00e1rvores localizadas na cal\u00e7ada, junto \u00e0 Rua Estocolmo, em frente ao n\u00ba 305, no Bairro Canudos."}, {"id": 21663, "ano": 2013, "numero": 965, "tipo__sigla": "IND", "tipo__descricao": "Indica\u00e7\u00e3o/Pedido de Provid\u00eancias", "autoria__autor__nome": "Patr\u00edcia Beck", "texto_original": "https://sapl.camaranh.rs.gov.br/media/sapl/public/materialegislativa/2013/21663/21663_texto_integral.odt", "ementa": "Solicita a recomposi\u00e7\u00e3o da cal\u00e7ada, localizada junto \u00e0 Rua Estocolmo, em frente ao n\u00ba 305, no Bairro Canudos."}, {"id": 21664, "ano": 2013, "numero": 966, "tipo__sigla": "IND", "tipo__descricao": "Indica\u00e7\u00e3o/Pedido de Provid\u00eancias", "autoria__autor__nome": "Patr\u00edcia Beck", "texto_original": "https://sapl.camaranh.rs.gov.br/media/sapl/public/materialegislativa/2013/21664/21664_texto_integral.odt", "ementa": "Solicita a limpeza do Arroio Peri,  junto \u00e0 ponte da Rua Jamaica, no Bairro Canudos."}, {"id": 21665, "ano": 2013, "numero": 967, "tipo__sigla": "IND", "tipo__descricao": "Indica\u00e7\u00e3o/Pedido de Provid\u00eancias", "autoria__autor__nome": "Patr\u00edcia Beck", "texto_original": "https://sapl.camaranh.rs.gov.br/media/sapl/public/materialegislativa/2013/21665/21665_texto_integral.odt", "ementa": "Solicita limpeza de todas as bocas-de-lobo localizadas na Rua Jamaica, no Bairro Canudos."}, {"id": 21672, "ano": 2013, "numero": 968, "tipo__sigla": "IND", "tipo__descricao": "Indica\u00e7\u00e3o/Pedido de Provid\u00eancias", "autoria__autor__nome": "Cristiano Coller", "texto_original": "https://sapl.camaranh.rs.gov.br/media/sapl/public/materialegislativa/2013/21672/21672_texto_integral.odt", "ementa": "Solicita conserto de infiltra\u00e7\u00e3o na cal\u00e7ada da Av. Pedro Adams Filho, ao lado do n\u00ba 2916, no Bairro P\u00e1tria Nova."}, {"id": 21673, "ano": 2013, "numero": 969, "tipo__sigla": "IND", "tipo__descricao": "Indica\u00e7\u00e3o/Pedido de Provid\u00eancias", "autoria__autor__nome": "Cristiano Coller", "texto_original": "https://sapl.camaranh.rs.gov.br/media/sapl/public/materialegislativa/2013/21673/21673_texto_integral.odt", "ementa": "Solicita estudo de instala\u00e7\u00e3o de um Hemocentro no Munic\u00edpio de Novo Hamburgo.   "}, {"id": 21674, "ano": 2013, "numero": 970, "tipo__sigla": "IND", "tipo__descricao": "Indica\u00e7\u00e3o/Pedido de Provid\u00eancias", "autoria__autor__nome": "Cristiano Coller", "texto_original": "https://sapl.camaranh.rs.gov.br/media/sapl/public/materialegislativa/2013/21674/21674_texto_integral.odt", "ementa": "Solicita provid\u00eancia quanto a cria\u00e7\u00e3o de porcos em \u00e1rea urbana, no Bairro Santo Afonso ."}, {"id": 21676, "ano": 2013, "numero": 971, "tipo__sigla": "IND", "tipo__descricao": "Indica\u00e7\u00e3o/Pedido de Provid\u00eancias", "autoria__autor__nome": "Gerson Peteffi", "texto_original": "https://sapl.camaranh.rs.gov.br/media/sapl/public/materialegislativa/2013/21676/21676_texto_integral.odt", "ementa": "Sugere altera\u00e7\u00f5es nos hor\u00e1rios de marca\u00e7\u00e3o de consultas  nos Postos de Sa\u00fade- UBS."}, {"id": 21681, "ano": 2013, "numero": 972, "tipo__sigla": "IND", "tipo__descricao": "Indica\u00e7\u00e3o/Pedido de Provid\u00eancias", "autoria__autor__nome": "Enfermeiro Vilmar", "texto_original": "https://sapl.camaranh.rs.gov.br/media/sapl/public/materialegislativa/2013/21681/21681_texto_integral.odt", "ementa": "Solicita coloca\u00e7\u00e3o de um redutor de velocidade e faixa de seguran\u00e7a, na Rua Vereador Oscar Horn, em frente ao n\u00ba 700, Bairro Canudos. "}, {"id": 21683, "ano": 2013, "numero": 973, "tipo__sigla": "IND", "tipo__descricao": "Indica\u00e7\u00e3o/Pedido de Provid\u00eancias", "autoria__autor__nome": "Professor Issur Koch", "texto_original": "https://sapl.camaranh.rs.gov.br/media/sapl/public/materialegislativa/2013/21683/21683_texto_integral.odt", "ementa": "Solicita poda de \u00e1rvore na Rua Cabre\u00fava  ao lado do n\u00famero 117, no Bairro Guarani."}, {"id": 21685, "ano": 2013, "numero": 974, "tipo__sigla": "IND", "tipo__descricao": "Indica\u00e7\u00e3o/Pedido de Provid\u00eancias", "autoria__autor__nome": "Professor Issur Koch", "texto_original": "https://sapl.camaranh.rs.gov.br/media/sapl/public/materialegislativa/2013/21685/21685_texto_integral.odt", "ementa": "Solicita pavimenta\u00e7\u00e3o asf\u00e1ltica  na Rua Jo\u00e3o Hansen, no Bairro Petr\u00f3polis."}, {"id": 21687, "ano": 2013, "numero": 975, "tipo__sigla": "IND", "tipo__descricao": "Indica\u00e7\u00e3o/Pedido de Provid\u00eancias", "autoria__autor__nome": "JorgeTatsch", "texto_original": "https://sapl.camaranh.rs.gov.br/media/sapl/public/materialegislativa/2013/21687/21687_texto_integral.odt", "ementa": "Solicita poda de \u00e1rvores na Creche Municipal Peter Pan, que fica no n\u00ba 487, Bairro Santo Afonso."}, {"id": 21688, "ano": 2013, "numero": 976, "tipo__sigla": "IND", "tipo__descricao": "Indica\u00e7\u00e3o/Pedido de Provid\u00eancias", "autoria__autor__nome": "JorgeTatsch", "texto_original": "https://sapl.camaranh.rs.gov.br/media/sapl/public/materialegislativa/2013/21688/21688_texto_integral.odt", "ementa": "Solicita recomposi\u00e7\u00e3o do encanamento da Rua Sete, na altura do n\u00ba 86, Bairro Santo Afonso."}, {"id": 21689, "ano": 2013, "numero": 977, "tipo__sigla": "IND", "tipo__descricao": "Indica\u00e7\u00e3o/Pedido de Provid\u00eancias", "autoria__autor__nome": "JorgeTatsch", "texto_original": "https://sapl.camaranh.rs.gov.br/media/sapl/public/materialegislativa/2013/21689/21689_texto_integral.odt", "ementa": "Solicita desentupimento da rede pluvial e recomposi\u00e7\u00e3o do encanamento da Rua Cinco, na altura do n\u00ba 182, Bairro Santo Afonso."}, {"id": 21690, "ano": 2013, "numero": 978, "tipo__sigla": "IND", "tipo__descricao": "Indica\u00e7\u00e3o/Pedido de Provid\u00eancias", "autoria__autor__nome": "JorgeTatsch", "texto_original": "https://sapl.camaranh.rs.gov.br/media/sapl/public/materialegislativa/2013/21690/21690_texto_integral.odt", "ementa": "Solicita alargamento do Beco I, na Rua Humait\u00e1, pr\u00f3ximo ao n\u00ba 429, ao lado do Col\u00e9gio Maur\u00edcio Sirotzky Sobrinho, Bairro Santo Afonso."}, {"id": 21691, "ano": 2013, "numero": 979, "tipo__sigla": "IND", "tipo__descricao": "Indica\u00e7\u00e3o/Pedido de Provid\u00eancias", "autoria__autor__nome": "JorgeTatsch", "texto_original": "https://sapl.camaranh.rs.gov.br/media/sapl/public/materialegislativa/2013/21691/21691_texto_integral.odt", "ementa": "Solicita poda de \u00e1rvore na Rua Caracas,em frente ao n\u00ba 915, Bairro Santo Afonso."}, {"id": 21692, "ano": 2013, "numero": 980, "tipo__sigla": "IND", "tipo__descricao": "Indica\u00e7\u00e3o/Pedido de Provid\u00eancias", "autoria__autor__nome": "JorgeTatsch", "texto_original": "https://sapl.camaranh.rs.gov.br/media/sapl/public/materialegislativa/2013/21692/21692_texto_integral.odt", "ementa": "Solicita limpeza do passeio p\u00fablico e recolhimento de galhos na Rua Torres,  em frente ao n\u00ba 152, Bairro Santo Afonso."}, {"id": 21693, "ano": 2013, "numero": 981, "tipo__sigla": "IND", "tipo__descricao": "Indica\u00e7\u00e3o/Pedido de Provid\u00eancias", "autoria__autor__nome": "JorgeTatsch", "texto_original": "https://sapl.camaranh.rs.gov.br/media/sapl/public/materialegislativa/2013/21693/21693_texto_integral.odt", "ementa": "Solicita desentupimento de boca-de-lobo na Rua Luiz Renner de \u00c1vila, esquina com a Rua Alvicio Hatzenberger, em frente ao n\u00ba 4, Bairro Santo Afonso."}, {"id": 21694, "ano": 2013, "numero": 982, "tipo__sigla": "IND", "tipo__descricao": "Indica\u00e7\u00e3o/Pedido de Provid\u00eancias", "autoria__autor__nome": "Professor Issur Koch", "texto_original": "https://sapl.camaranh.rs.gov.br/media/sapl/public/materialegislativa/2013/21694/21694_texto_integral.odt", "ementa": "Solicita estudo de viabilidade de implanta\u00e7\u00e3o de sem\u00e1foro na Rua Tapes, esquina com a Rua Vereador Ad\u00e3o Rodrigues de Oliveira, Bairro Ideal."}, {"id": 21696, "ano": 2013, "numero": 983, "tipo__sigla": "IND", "tipo__descricao": "Indica\u00e7\u00e3o/Pedido de Provid\u00eancias", "autoria__autor__nome": "Cristiano Coller", "texto_original": "https://sapl.camaranh.rs.gov.br/media/sapl/public/materialegislativa/2013/21696/21696_texto_integral.odt", "ementa": "Solicita estudo para  o aumento no n\u00famero de vagas destinadas a pessoas idosas  e deficientes"}, {"id": 21698, "ano": 2013, "numero": 984, "tipo__sigla": "IND", "tipo__descricao": "Indica\u00e7\u00e3o/Pedido de Provid\u00eancias", "autoria__autor__nome": "Cristiano Coller", "texto_original": "https://sapl.camaranh.rs.gov.br/media/sapl/public/materialegislativa/2013/21698/21698_texto_integral.odt", "ementa": "Solicito a viabilidade de estudo sobre implanta\u00e7\u00e3o do Sistema de \"PROTE\u00c7\u00c3O ESCOLAR\", em todas as escolas municipais."}, {"id": 21699, "ano": 2013, "numero": 985, "tipo__sigla": "IND", "tipo__descricao": "Indica\u00e7\u00e3o/Pedido de Provid\u00eancias", "autoria__autor__nome": "Cristiano Coller", "texto_original": "https://sapl.camaranh.rs.gov.br/media/sapl/public/materialegislativa/2013/21699/21699_texto_integral.odt", "ementa": "Solicita recolhimento de galhos na extens\u00e3o da Rua Ana Neri, no Bairro Industrial."}, {"id": 21700, "ano": 2013, "numero": 986, "tipo__sigla": "IND", "tipo__descricao": "Indica\u00e7\u00e3o/Pedido de Provid\u00eancias", "autoria__autor__nome": "Cristiano Coller", "texto_original": "https://sapl.camaranh.rs.gov.br/media/sapl/public/materialegislativa/2013/21700/21700_texto_integral.odt", "ementa": "Solicita a constru\u00e7\u00e3o de dois banheiros no gin\u00e1sio da Escola Municipal Presidente Nilo Pe\u00e7anha, no Bairro Ideal."}, {"id": 21703, "ano": 2013, "numero": 987, "tipo__sigla": "IND", "tipo__descricao": "Indica\u00e7\u00e3o/Pedido de Provid\u00eancias", "autoria__autor__nome": "Antonio Lucas", "texto_original": "https://sapl.camaranh.rs.gov.br/media/sapl/public/materialegislativa/2013/21703/21703_texto_integral.odt", "ementa": "Solicita limpeza em toda a extens\u00e3o do Arroio Pampa, desde a RS-239, Bairro S\u00e3o Jorge. "}, {"id": 21705, "ano": 2013, "numero": 988, "tipo__sigla": "IND", "tipo__descricao": "Indica\u00e7\u00e3o/Pedido de Provid\u00eancias", "autoria__autor__nome": "Professor Issur Koch", "texto_original": "https://sapl.camaranh.rs.gov.br/media/sapl/public/materialegislativa/2013/21705/21705_texto_integral.odt", "ementa": "Solicita  poda de \u00e1rvore na Rua Bento Gon\u00e7alves, no n\u00ba 3453, Bairro Guarani."}, {"id": 21711, "ano": 2013, "numero": 989, "tipo__sigla": "IND", "tipo__descricao": "Indica\u00e7\u00e3o/Pedido de Provid\u00eancias", "autoria__autor__nome": "Raul Cassel", "texto_original": "https://sapl.camaranh.rs.gov.br/media/sapl/public/materialegislativa/2013/21711/21711_texto_integral.odt", "ementa": "Solicita pintura e recoloca\u00e7\u00e3o dos tach\u00f5es na esquina das Ruas Rond\u00f4nia com Cel. Travassos, Bairro Boa Vista."}, {"id": 21712, "ano": 2013, "numero": 990, "tipo__sigla": "IND", "tipo__descricao": "Indica\u00e7\u00e3o/Pedido de Provid\u00eancias", "autoria__autor__nome": "Raul Cassel", "texto_original": "https://sapl.camaranh.rs.gov.br/media/sapl/public/materialegislativa/2013/21712/21712_texto_integral.odt", "ementa": "Solicita poda corretiva em \u00e1rvore, em frente \u00e0 EMEF. S\u00e3o Jac\u00f3, na Rua Le\u00e3o XIII, n\u00ba 191, Bairro Hamburgo Velho."}, {"id": 21714, "ano": 2013, "numero": 991, "tipo__sigla": "IND", "tipo__descricao": "Indica\u00e7\u00e3o/Pedido de Provid\u00eancias", "autoria__autor__nome": "Professor Issur Koch", "texto_original": "https://sapl.camaranh.rs.gov.br/media/sapl/public/materialegislativa/2013/21714/21714_texto_integral.odt", "ementa": "Indica o estudo de viabilidade de utiliza\u00e7\u00e3o de papel reciclado em todos os of\u00edcios impressos pelo executivo e legislativo do munic\u00edpio."}, {"id": 21716, "ano": 2013, "numero": 992, "tipo__sigla": "IND", "tipo__descricao": "Indica\u00e7\u00e3o/Pedido de Provid\u00eancias", "autoria__autor__nome": "Professor Issur Koch", "texto_original": "https://sapl.camaranh.rs.gov.br/media/sapl/public/materialegislativa/2013/21716/21716_texto_integral.odt", "ementa": "Solicita autoriza\u00e7\u00e3o para retirada e replantio de \u00e1rvore na Rua Bento Gon\u00e7alves n\u00ba 3453."}, {"id": 21717, "ano": 2013, "numero": 993, "tipo__sigla": "IND", "tipo__descricao": "Indica\u00e7\u00e3o/Pedido de Provid\u00eancias", "autoria__autor__nome": "Cristiano Coller", "texto_original": "https://sapl.camaranh.rs.gov.br/media/sapl/public/materialegislativa/2013/21717/21717_texto_integral.odt", "ementa": "Solicita estudo para melhorias na seguran\u00e7a das escolas municipais de Novo Hamburgo."}, {"id": 21718, "ano": 2013, "numero": 994, "tipo__sigla": "IND", "tipo__descricao": "Indica\u00e7\u00e3o/Pedido de Provid\u00eancias", "autoria__autor__nome": "Cristiano Coller", "texto_original": "https://sapl.camaranh.rs.gov.br/media/sapl/public/materialegislativa/2013/21718/21718_texto_integral.odt", "ementa": "Solicita constru\u00e7\u00e3o de uma \u00e1rea de lazer na Rua Jo\u00e3o Daniel Hillebrand, esquina com a Rua Bahia, no Bairro Rond\u00f4nia."}, {"id": 21724, "ano": 2013, "numero": 995, "tipo__sigla": "IND", "tipo__descricao": "Indica\u00e7\u00e3o/Pedido de Provid\u00eancias", "autoria__autor__nome": "Roger Corr\u00eaa", "texto_original": "https://sapl.camaranh.rs.gov.br/media/sapl/public/materialegislativa/2013/21724/21724_texto_integral.odt", "ementa": "Solicita instala\u00e7\u00e3o de equipamentos para a pr\u00e1tica de \"le parkour\" na Pra\u00e7a Papa Jo\u00e3o Paulo I, situada entre as Ruas Rio Araguaia, Rio Paran\u00e1 e Rio Branco, no Bairro Liberdade."}, {"id": 21726, "ano": 2013, "numero": 996, "tipo__sigla": "IND", "tipo__descricao": "Indica\u00e7\u00e3o/Pedido de Provid\u00eancias", "autoria__autor__nome": "Naasom Luciano", "texto_original": "https://sapl.camaranh.rs.gov.br/media/sapl/public/materialegislativa/2013/21726/21726_texto_integral.odt", "ementa": "Solicita asfaltamento da Rua Macap\u00e1 entre as Ruas Santa Tereza e S\u00e3o Leopoldo, Bairro Liberdade."}, {"id": 21727, "ano": 2013, "numero": 997, "tipo__sigla": "IND", "tipo__descricao": "Indica\u00e7\u00e3o/Pedido de Provid\u00eancias", "autoria__autor__nome": "Naasom Luciano", "texto_original": "https://sapl.camaranh.rs.gov.br/media/sapl/public/materialegislativa/2013/21727/21727_texto_integral.odt", "ementa": "Solicita coloca\u00e7\u00e3o de redutor de velocidade e Faixa de Seguran\u00e7a  na Rua Alvear, pr\u00f3ximo \u00e0 Loja M\u00f3veis  L\u00edder, Bairro Santo Afonso."}, {"id": 21732, "ano": 2013, "numero": 998, "tipo__sigla": "IND", "tipo__descricao": "Indica\u00e7\u00e3o/Pedido de Provid\u00eancias", "autoria__autor__nome": "Enfermeiro Vilmar", "texto_original": "https://sapl.camaranh.rs.gov.br/media/sapl/public/materialegislativa/2013/21732/21732_texto_integral.odt", "ementa": "Solicita coloca\u00e7\u00e3o de cobertura na parada  de  \u00f4nibus, na Rua Bartolomeu de Gusm\u00e3o, n\u00ba 2669, Bairro  Canudos."}, {"id": 21733, "ano": 2013, "numero": 999, "tipo__sigla": "IND", "tipo__descricao": "Indica\u00e7\u00e3o/Pedido de Provid\u00eancias", "autoria__autor__nome": "Enfermeiro Vilmar", "texto_original": "https://sapl.camaranh.rs.gov.br/media/sapl/public/materialegislativa/2013/21733/21733_texto_integral.odt", "ementa": "Solicita coloca\u00e7\u00e3o de redutor de velocidade e faixa de seguran\u00e7a na Rua N\u00e1poles, esquina com a Rua Bol\u00edvia, n\u00ba 638, Bairro Canudos. "}, {"id": 21734, "ano": 2013, "numero": 1000, "tipo__sigla": "IND", "tipo__descricao": "Indica\u00e7\u00e3o/Pedido de Provid\u00eancias", "autoria__autor__nome": "Enfermeiro Vilmar", "texto_original": "https://sapl.camaranh.rs.gov.br/media/sapl/public/materialegislativa/2013/21734/21734_texto_integral.odt", "ementa": "Solicita limpeza da \u00e1rea e retirada de galhos na Rua Curitibanos, n\u00ba 1966, Bairro Canudos."}, {"id": 21735, "ano": 2013, "numero": 1001, "tipo__sigla": "IND", "tipo__descricao": "Indica\u00e7\u00e3o/Pedido de Provid\u00eancias", "autoria__autor__nome": "JorgeTatsch", "texto_original": "https://sapl.camaranh.rs.gov.br/media/sapl/public/materialegislativa/2013/21735/21735_texto_integral.odt", "ementa": "Solicita o recolhimento do lixo localizado na Rua da Divisa, na frente do n\u00ba 487, Bairro Santo Afonso."}, {"id": 21778, "ano": 2013, "numero": 1002, "tipo__sigla": "IND", "tipo__descricao": "Indica\u00e7\u00e3o/Pedido de Provid\u00eancias", "autoria__autor__nome": "Patr\u00edcia Beck", "texto_original": "https://sapl.camaranh.rs.gov.br/media/sapl/public/materialegislativa/2013/21778/21778_texto_integral.odt", "ementa": "Solicita coloca\u00e7\u00e3o de laterais de prote\u00e7\u00e3o na ponte localizada na Rua Pinheiro Machado, em frente \u00e0 CEASA, no Bairro Liberdade."}, {"id": 21738, "ano": 2013, "numero": 1003, "tipo__sigla": "IND", "tipo__descricao": "Indica\u00e7\u00e3o/Pedido de Provid\u00eancias", "autoria__autor__nome": "JorgeTatsch", "texto_original": "https://sapl.camaranh.rs.gov.br/media/sapl/public/materialegislativa/2013/21738/21738_texto_integral.odt", "ementa": "Solicita o recolhimento de lixo localizado na esquina da Rua Augusto Pestana com a Rua Libres, no n\u00ba 123, no Bairro Industrial."}, {"id": 21739, "ano": 2013, "numero": 1004, "tipo__sigla": "IND", "tipo__descricao": "Indica\u00e7\u00e3o/Pedido de Provid\u00eancias", "autoria__autor__nome": "JorgeTatsch", "texto_original": "https://sapl.camaranh.rs.gov.br/media/sapl/public/materialegislativa/2013/21739/21739_texto_integral.odt", "ementa": "Solicita recolhimento de entulhos localizados na Rua Visconde de Cairu, em frente ao n\u00ba 149, no Bairro Santo Afonso."}, {"id": 21740, "ano": 2013, "numero": 1005, "tipo__sigla": "IND", "tipo__descricao": "Indica\u00e7\u00e3o/Pedido de Provid\u00eancias", "autoria__autor__nome": "JorgeTatsch", "texto_original": "https://sapl.camaranh.rs.gov.br/media/sapl/public/materialegislativa/2013/21740/21740_texto_integral.odt", "ementa": "Solicita desentupimento de esgoto da Rua Libres, em toda sua extens\u00e3o, Bairro Industrial."}, {"id": 21742, "ano": 2013, "numero": 1006, "tipo__sigla": "IND", "tipo__descricao": "Indica\u00e7\u00e3o/Pedido de Provid\u00eancias", "autoria__autor__nome": "JorgeTatsch", "texto_original": "https://sapl.camaranh.rs.gov.br/media/sapl/public/materialegislativa/2013/21742/21742_texto_integral.odt", "ementa": "Solicita o recolhimento de lixo localizado na Rua 05, pr\u00f3ximo a um campo de futebol, Loteamento Na\u00e7\u00f5es Unidas, Bairro Santo Afonso."}, {"id": 21743, "ano": 2013, "numero": 1007, "tipo__sigla": "IND", "tipo__descricao": "Indica\u00e7\u00e3o/Pedido de Provid\u00eancias", "autoria__autor__nome": "JorgeTatsch", "texto_original": "https://sapl.camaranh.rs.gov.br/media/sapl/public/materialegislativa/2013/21743/21743_texto_integral.odt", "ementa": "Solicita a troca da tampa de boca-de-lobo na Av. Primeiro de Mar\u00e7o, pr\u00f3ximo ao n\u00ba 3345, Bairro Liberdade."}, {"id": 21744, "ano": 2013, "numero": 1008, "tipo__sigla": "IND", "tipo__descricao": "Indica\u00e7\u00e3o/Pedido de Provid\u00eancias", "autoria__autor__nome": "JorgeTatsch", "texto_original": "https://sapl.camaranh.rs.gov.br/media/sapl/public/materialegislativa/2013/21744/21744_texto_integral.odt", "ementa": "Solicita desentupimento de esgoto da Rua Augusto Pestana, em toda sua extens\u00e3o, Bairro Industrial."}, {"id": 21745, "ano": 2013, "numero": 1009, "tipo__sigla": "IND", "tipo__descricao": "Indica\u00e7\u00e3o/Pedido de Provid\u00eancias", "autoria__autor__nome": "JorgeTatsch", "texto_original": "https://sapl.camaranh.rs.gov.br/media/sapl/public/materialegislativa/2013/21745/21745_texto_integral.odt", "ementa": "Solicita desentupimento de esgoto na Av. Primeiro de Mar\u00e7o, nos fundos do n\u00ba 4364, Bairro Liberdade."}, {"id": 21746, "ano": 2013, "numero": 1010, "tipo__sigla": "IND", "tipo__descricao": "Indica\u00e7\u00e3o/Pedido de Provid\u00eancias", "autoria__autor__nome": "JorgeTatsch", "texto_original": "https://sapl.camaranh.rs.gov.br/media/sapl/public/materialegislativa/2013/21746/21746_texto_integral.odt", "ementa": "Solicita troca da tampa de boca-de-lobo na Av. Montevideo, pr\u00f3ximo ao gin\u00e1sio da Escola Municipal Arnaldo Grin, no Bairro Santo Afonso."}, {"id": 21748, "ano": 2013, "numero": 1011, "tipo__sigla": "IND", "tipo__descricao": "Indica\u00e7\u00e3o/Pedido de Provid\u00eancias", "autoria__autor__nome": "JorgeTatsch", "texto_original": "https://sapl.camaranh.rs.gov.br/media/sapl/public/materialegislativa/2013/21748/21748_texto_integral.odt", "ementa": "Solicita altera\u00e7\u00e3o do local de um poste de energia na Av. Primeiro de Mar\u00e7o, em frente ao n\u00ba 4309, Bairro Liberdade."}, {"id": 21750, "ano": 2013, "numero": 1012, "tipo__sigla": "IND", "tipo__descricao": "Indica\u00e7\u00e3o/Pedido de Provid\u00eancias", "autoria__autor__nome": "JorgeTatsch", "texto_original": "https://sapl.camaranh.rs.gov.br/media/sapl/public/materialegislativa/2013/21750/21750_texto_integral.odt", "ementa": "Solicita troca da tampa de boca-de-lobo na Rua Platina, em frente ao n\u00ba 373, Bairro Santo Afonso."}, {"id": 21751, "ano": 2013, "numero": 1013, "tipo__sigla": "IND", "tipo__descricao": "Indica\u00e7\u00e3o/Pedido de Provid\u00eancias", "autoria__autor__nome": "JorgeTatsch", "texto_original": "https://sapl.camaranh.rs.gov.br/media/sapl/public/materialegislativa/2013/21751/21751_texto_integral.odt", "ementa": "Solicita amplia\u00e7\u00e3o da rede de ilumina\u00e7\u00e3o p\u00fablica no trecho da Rua Aratimb\u00f3, pr\u00f3ximo ao n\u00ba 268, Bairro Industrial."}, {"id": 21752, "ano": 2013, "numero": 1014, "tipo__sigla": "IND", "tipo__descricao": "Indica\u00e7\u00e3o/Pedido de Provid\u00eancias", "autoria__autor__nome": "JorgeTatsch", "texto_original": "https://sapl.camaranh.rs.gov.br/media/sapl/public/materialegislativa/2013/21752/21752_texto_integral.odt", "ementa": "Solicita coloca\u00e7\u00e3o de placa \"Proibido Colocar Lixo\", na Rua Dr. Estev\u00e3o Batori, n\u00ba 10, Bairro Santo Afonso."}, {"id": 21753, "ano": 2013, "numero": 1015, "tipo__sigla": "IND", "tipo__descricao": "Indica\u00e7\u00e3o/Pedido de Provid\u00eancias", "autoria__autor__nome": "JorgeTatsch", "texto_original": "https://sapl.camaranh.rs.gov.br/media/sapl/public/materialegislativa/2013/21753/21753_texto_integral.odt", "ementa": "Solicita desentupimento de boca-de-lobo na Rua Platina, em frente ao n\u00ba 373, Bairro Santo Afonso."}, {"id": 21754, "ano": 2013, "numero": 1016, "tipo__sigla": "IND", "tipo__descricao": "Indica\u00e7\u00e3o/Pedido de Provid\u00eancias", "autoria__autor__nome": "Sergio Hanich", "texto_original": "https://sapl.camaranh.rs.gov.br/media/sapl/public/materialegislativa/2013/21754/21754_texto_integral.odt", "ementa": "Solicita troca de local de parada de \u00f4nibus na Rua Gomes Portinho, em frente ao n\u00ba 1300, no Bairro Jardim Mau\u00e1."}, {"id": 21755, "ano": 2013, "numero": 1017, "tipo__sigla": "IND", "tipo__descricao": "Indica\u00e7\u00e3o/Pedido de Provid\u00eancias", "autoria__autor__nome": "Sergio Hanich", "texto_original": "https://sapl.camaranh.rs.gov.br/media/sapl/public/materialegislativa/2013/21755/21755_texto_integral.odt", "ementa": "Solicita recolhimento de lixo na Av. Na\u00e7\u00f5es Unidas, esquina com a Av. Pedro Adams Filho, Bairro Industrial."}, {"id": 21756, "ano": 2013, "numero": 1018, "tipo__sigla": "IND", "tipo__descricao": "Indica\u00e7\u00e3o/Pedido de Provid\u00eancias", "autoria__autor__nome": "Cristiano Coller", "texto_original": "https://sapl.camaranh.rs.gov.br/media/sapl/public/materialegislativa/2013/21756/21756_texto_integral.odt", "ementa": "Solicita que seja adquirido pelas autoescolas  de Novo Hamburgo um ve\u00edculo adaptado aos \tportadores de necessidades especiais, para \taquisi\u00e7\u00e3o de habilita\u00e7\u00e3o."}, {"id": 21757, "ano": 2013, "numero": 1019, "tipo__sigla": "IND", "tipo__descricao": "Indica\u00e7\u00e3o/Pedido de Provid\u00eancias", "autoria__autor__nome": "Patr\u00edcia Beck", "texto_original": "https://sapl.camaranh.rs.gov.br/media/sapl/public/materialegislativa/2013/21757/21757_texto_integral.odt", "ementa": "Solicita coloca\u00e7\u00e3o de quebra-molas na Av. V\u00edctor Hugo Kunz, pr\u00f3ximo ao n\u00famero 2890, no Bairro Canudos."}, {"id": 21759, "ano": 2013, "numero": 1020, "tipo__sigla": "IND", "tipo__descricao": "Indica\u00e7\u00e3o/Pedido de Provid\u00eancias", "autoria__autor__nome": "Patr\u00edcia Beck", "texto_original": "https://sapl.camaranh.rs.gov.br/media/sapl/public/materialegislativa/2013/21759/21759_texto_integral.odt", "ementa": "Solicita poda de \u00e1rvores localizadas na Av. Victor Hugo Kunz, em frente ao n\u00famero 2890, no canteiro central, Bairro Canudos."}, {"id": 21760, "ano": 2013, "numero": 1021, "tipo__sigla": "IND", "tipo__descricao": "Indica\u00e7\u00e3o/Pedido de Provid\u00eancias", "autoria__autor__nome": "Patr\u00edcia Beck", "texto_original": "https://sapl.camaranh.rs.gov.br/media/sapl/public/materialegislativa/2013/21760/21760_texto_integral.odt", "ementa": "Solicita capina e limpeza da Rua Hamburgo, esquina com a Rua Bom Princ\u00edpio, no Bairro Canudos."}, {"id": 21761, "ano": 2013, "numero": 1022, "tipo__sigla": "IND", "tipo__descricao": "Indica\u00e7\u00e3o/Pedido de Provid\u00eancias", "autoria__autor__nome": "Patr\u00edcia Beck", "texto_original": "https://sapl.camaranh.rs.gov.br/media/", "ementa": "Solicita recolhimento de lixo na Rua Londres, fundos do Esporte Clube Americano, Bairro Canudos."}, {"id": 21763, "ano": 2013, "numero": 1023, "tipo__sigla": "IND", "tipo__descricao": "Indica\u00e7\u00e3o/Pedido de Provid\u00eancias", "autoria__autor__nome": "Patr\u00edcia Beck", "texto_original": "https://sapl.camaranh.rs.gov.br/media/sapl/public/materialegislativa/2013/21763/21763_texto_integral.odt", "ementa": "Solicita limpeza (hidrojateamento) da rede de esgoto pluvial localizado na Rua Carlos Scheffel, a partir do n\u00famero 61, no Bairro Canudos."}, {"id": 21764, "ano": 2013, "numero": 1024, "tipo__sigla": "IND", "tipo__descricao": "Indica\u00e7\u00e3o/Pedido de Provid\u00eancias", "autoria__autor__nome": "Patr\u00edcia Beck", "texto_original": "https://sapl.camaranh.rs.gov.br/media/sapl/public/materialegislativa/2013/21764/21764_texto_integral.odt", "ementa": "Solicita recomposi\u00e7\u00e3o asf\u00e1ltica da Rua \u00cdcaro, em frente \u00e0 parada de \u00f4nibus da Pra\u00e7a \u00cdcaro, no Bairro Canudos."}, {"id": 21765, "ano": 2013, "numero": 1025, "tipo__sigla": "IND", "tipo__descricao": "Indica\u00e7\u00e3o/Pedido de Provid\u00eancias", "autoria__autor__nome": "Patr\u00edcia Beck", "texto_original": "https://sapl.camaranh.rs.gov.br/media/sapl/public/materialegislativa/2013/21765/21765_texto_integral.odt", "ementa": "Solicita limpeza da boca-de-lobo localizada na  Rua \u00c1ustria, em frente ao n\u00ba 269, no Bairro Petr\u00f3polis."}, {"id": 21766, "ano": 2013, "numero": 1026, "tipo__sigla": "IND", "tipo__descricao": "Indica\u00e7\u00e3o/Pedido de Provid\u00eancias", "autoria__autor__nome": "Patr\u00edcia Beck", "texto_original": "https://sapl.camaranh.rs.gov.br/media/sapl/public/materialegislativa/2013/21766/21766_texto_integral.odt", "ementa": "Solicita recomposi\u00e7\u00e3o asf\u00e1ltica da Rua S\u00e3o Luiz Gonzaga, no in\u00edcio, lado leste, na Vila Nova."}, {"id": 21767, "ano": 2013, "numero": 1027, "tipo__sigla": "IND", "tipo__descricao": "Indica\u00e7\u00e3o/Pedido de Provid\u00eancias", "autoria__autor__nome": "Patr\u00edcia Beck", "texto_original": "https://sapl.camaranh.rs.gov.br/media/sapl/public/materialegislativa/2013/21767/21767_texto_integral.odt", "ementa": "Solicita limpeza da boca-de-lobo localizada na  Rua Gravata\u00ed, em frente ao n\u00ba 20, no  Centro."}, {"id": 21768, "ano": 2013, "numero": 1028, "tipo__sigla": "IND", "tipo__descricao": "Indica\u00e7\u00e3o/Pedido de Provid\u00eancias", "autoria__autor__nome": "Patr\u00edcia Beck", "texto_original": "https://sapl.camaranh.rs.gov.br/media/sapl/public/materialegislativa/2013/21768/21768_texto_integral.odt", "ementa": "Solicita conserto da rede de esgoto pluvial localizada na Rua Imbuia, trecho compreendido entre as Ruas Henrique Jos\u00e9 Pohren e Dem\u00e9trio Ribeiro, no Bairro Vila Nova."}, {"id": 21769, "ano": 2013, "numero": 1029, "tipo__sigla": "IND", "tipo__descricao": "Indica\u00e7\u00e3o/Pedido de Provid\u00eancias", "autoria__autor__nome": "Patr\u00edcia Beck", "texto_original": "https://sapl.camaranh.rs.gov.br/media/sapl/public/materialegislativa/2013/21769/21769_texto_integral.odt", "ementa": "Solicita conserto da cal\u00e7ada danificada, situada na Rua Imbuia, trecho compreendido entre as Ruas Henrique Jos\u00e9 Pohren e Dem\u00e9trio Ribeiro, no Bairro Vila Nova."}, {"id": 21770, "ano": 2013, "numero": 1030, "tipo__sigla": "IND", "tipo__descricao": "Indica\u00e7\u00e3o/Pedido de Provid\u00eancias", "autoria__autor__nome": "Patr\u00edcia Beck", "texto_original": "https://sapl.camaranh.rs.gov.br/media/sapl/public/materialegislativa/2013/21770/21770_texto_integral.odt", "ementa": "Solicita realiza\u00e7\u00e3o de fiscaliza\u00e7\u00e3o efetiva quanto \u00e0 proibi\u00e7\u00e3o do tr\u00e2nsito de \u00f4nibus, das 19h \u00e0s 22h, na Rua Arlindo Pasqualini, no Bairro Vila Nova."}, {"id": 21771, "ano": 2013, "numero": 1031, "tipo__sigla": "IND", "tipo__descricao": "Indica\u00e7\u00e3o/Pedido de Provid\u00eancias", "autoria__autor__nome": "Patr\u00edcia Beck", "texto_original": "https://sapl.camaranh.rs.gov.br/media/sapl/public/materialegislativa/2013/21771/21771_texto_integral.odt", "ementa": "Solicita recolhimento dos galhos localizados no canteiro  central da Av. Montevid\u00e9o, em frente ao n\u00famero 366, no Bairro Santo Afonso."}, {"id": 21772, "ano": 2013, "numero": 1032, "tipo__sigla": "IND", "tipo__descricao": "Indica\u00e7\u00e3o/Pedido de Provid\u00eancias", "autoria__autor__nome": "Patr\u00edcia Beck", "texto_original": "https://sapl.camaranh.rs.gov.br/media/sapl/public/materialegislativa/2013/21772/21772_texto_integral.odt", "ementa": "Solicita vistoria e troca urgente de l\u00e2mpada queimada na Rua Jaguari, entre os n\u00fameros 30 e 182, no Bairro Primavera."}, {"id": 21773, "ano": 2013, "numero": 1033, "tipo__sigla": "IND", "tipo__descricao": "Indica\u00e7\u00e3o/Pedido de Provid\u00eancias", "autoria__autor__nome": "Patr\u00edcia Beck", "texto_original": "https://sapl.camaranh.rs.gov.br/media/sapl/public/materialegislativa/2013/21773/21773_texto_integral.odt", "ementa": "Solicita coloca\u00e7\u00e3o de quebra-molas junto \u00e0 Rua M\u00e9xico, em frente ao n\u00famero 681, no Bairro Santo Afonso."}, {"id": 21774, "ano": 2013, "numero": 1034, "tipo__sigla": "IND", "tipo__descricao": "Indica\u00e7\u00e3o/Pedido de Provid\u00eancias", "autoria__autor__nome": "Patr\u00edcia Beck", "texto_original": "https://sapl.camaranh.rs.gov.br/media/sapl/public/materialegislativa/2013/21774/21774_texto_integral.odt", "ementa": "Solicita vistoria e recomposi\u00e7\u00e3o asf\u00e1ltica da Rua Jaime Batista, no Bairro Primavera."}, {"id": 21775, "ano": 2013, "numero": 1035, "tipo__sigla": "IND", "tipo__descricao": "Indica\u00e7\u00e3o/Pedido de Provid\u00eancias", "autoria__autor__nome": "Patr\u00edcia Beck", "texto_original": "https://sapl.camaranh.rs.gov.br/media/sapl/public/materialegislativa/2013/21775/21775_texto_integral.odt", "ementa": "Solicita limpeza da boca-de-lobo, localizada na Rua La Haba\u00f1a, em frente ao n\u00famero 351, no Bairro Santo Afonso."}, {"id": 21776, "ano": 2013, "numero": 1036, "tipo__sigla": "IND", "tipo__descricao": "Indica\u00e7\u00e3o/Pedido de Provid\u00eancias", "autoria__autor__nome": "Patr\u00edcia Beck", "texto_original": "https://sapl.camaranh.rs.gov.br/media/sapl/public/materialegislativa/2013/21776/21776_texto_integral.odt", "ementa": "Solicita coloca\u00e7\u00e3o de placa de indica\u00e7\u00e3o de velocidade m\u00e1xima permitida na Rua Cambar\u00e1, pr\u00f3ximo ao n\u00famero 262, no Bairro Liberdade."}, {"id": 21780, "ano": 2013, "numero": 1037, "tipo__sigla": "IND", "tipo__descricao": "Indica\u00e7\u00e3o/Pedido de Provid\u00eancias", "autoria__autor__nome": "Betinho", "texto_original": "https://sapl.camaranh.rs.gov.br/media/sapl/public/materialegislativa/2013/21780/21780_texto_integral.odt", "ementa": "Solicita alargamento do v\u00e3o do canteiro central na Av. Montevid\u00e9o, pr\u00f3ximo ao n\u00ba. 835, Bairro Santo Afonso. "}, {"id": 21781, "ano": 2013, "numero": 1038, "tipo__sigla": "IND", "tipo__descricao": "Indica\u00e7\u00e3o/Pedido de Provid\u00eancias", "autoria__autor__nome": "Betinho", "texto_original": "https://sapl.camaranh.rs.gov.br/media/sapl/public/materialegislativa/2013/21781/21781_texto_integral.odt", "ementa": "Solicita implanta\u00e7\u00e3o de quebra-molas nas esquinas da Rua Leopoldo Wasun, com Avenida Montevid\u00e9o. "}, {"id": 21783, "ano": 2013, "numero": 1039, "tipo__sigla": "IND", "tipo__descricao": "Indica\u00e7\u00e3o/Pedido de Provid\u00eancias", "autoria__autor__nome": "Enfermeiro Vilmar", "texto_original": "https://sapl.camaranh.rs.gov.br/media/sapl/public/materialegislativa/2013/21783/21783_texto_integral.odt", "ementa": "Solicita coloca\u00e7\u00e3o de redutores de velocidade, na Rua S\u00edlvio Gilberto Christmann, n\u00ba 895, Bairro Canudos. "}, {"id": 21784, "ano": 2013, "numero": 1040, "tipo__sigla": "IND", "tipo__descricao": "Indica\u00e7\u00e3o/Pedido de Provid\u00eancias", "autoria__autor__nome": "Enfermeiro Vilmar", "texto_original": "https://sapl.camaranh.rs.gov.br/media/sapl/public/materialegislativa/2013/21784/21784_texto_integral.odt", "ementa": "Solicita coloca\u00e7\u00e3o de redutores de velocidade, na Rua S\u00edlvio Gilberto Christmann,  travessa da Rua Sevilha, Bairro Canudos. "}, {"id": 21795, "ano": 2013, "numero": 1041, "tipo__sigla": "IND", "tipo__descricao": "Indica\u00e7\u00e3o/Pedido de Provid\u00eancias", "autoria__autor__nome": "Inspetor Luz", "texto_original": "https://sapl.camaranh.rs.gov.br/media/sapl/public/materialegislativa/2013/21795/21795_texto_integral.odt", "ementa": "Solicita intima\u00e7\u00e3o do propriet\u00e1rio para que proceda \u00e0 limpeza do terreno baldio, localizado ao lado do n\u00ba 1067, na Rua Vereador Oscar Horn, no Bairro Canudos."}, {"id": 21797, "ano": 2013, "numero": 1042, "tipo__sigla": "IND", "tipo__descricao": "Indica\u00e7\u00e3o/Pedido de Provid\u00eancias", "autoria__autor__nome": "Inspetor Luz", "texto_original": "https://sapl.camaranh.rs.gov.br/media/sapl/public/materialegislativa/2013/21797/21797_texto_integral.odt", "ementa": "Solicita opera\u00e7\u00e3o tapa-buracos em toda a extens\u00e3o da Rua Aparados da Serra, Bairro Jardim Mau\u00e1."}, {"id": 21798, "ano": 2013, "numero": 1043, "tipo__sigla": "IND", "tipo__descricao": "Indica\u00e7\u00e3o/Pedido de Provid\u00eancias", "autoria__autor__nome": "Inspetor Luz", "texto_original": "https://sapl.camaranh.rs.gov.br/media/sapl/public/materialegislativa/2013/21798/21798_texto_integral.odt", "ementa": "Solicita opera\u00e7\u00e3o tapa-buracos em toda a extens\u00e3o da Rua Athan\u00e1sio Becker, Bairro Canudos."}, {"id": 21799, "ano": 2013, "numero": 1044, "tipo__sigla": "IND", "tipo__descricao": "Indica\u00e7\u00e3o/Pedido de Provid\u00eancias", "autoria__autor__nome": "Inspetor Luz", "texto_original": "https://sapl.camaranh.rs.gov.br/media/sapl/public/materialegislativa/2013/21799/21799_texto_integral.odt", "ementa": "Solicita opera\u00e7\u00e3o tapa-buracos em toda a extens\u00e3o da Rua Bom Princ\u00edpio, Bairro Canudos."}, {"id": 21800, "ano": 2013, "numero": 1045, "tipo__sigla": "IND", "tipo__descricao": "Indica\u00e7\u00e3o/Pedido de Provid\u00eancias", "autoria__autor__nome": "Inspetor Luz", "texto_original": "https://sapl.camaranh.rs.gov.br/media/sapl/public/materialegislativa/2013/21800/21800_texto_integral.odt", "ementa": "Solicita opera\u00e7\u00e3o tapa-buracos em toda a extens\u00e3o da Rua Elvira Maria da Concei\u00e7\u00e3o, Bairro Canudos."}, {"id": 21801, "ano": 2013, "numero": 1046, "tipo__sigla": "IND", "tipo__descricao": "Indica\u00e7\u00e3o/Pedido de Provid\u00eancias", "autoria__autor__nome": "Inspetor Luz", "texto_original": "https://sapl.camaranh.rs.gov.br/media/sapl/public/materialegislativa/2013/21801/21801_texto_integral.odt", "ementa": "Solicita remo\u00e7\u00e3o de galhos e entulhos depositados em frente ao n\u00ba 193, na Rua Santa Vit\u00f3ria do Palmar, no Bairro Jardim Mau\u00e1."}, {"id": 21802, "ano": 2013, "numero": 1047, "tipo__sigla": "IND", "tipo__descricao": "Indica\u00e7\u00e3o/Pedido de Provid\u00eancias", "autoria__autor__nome": "Inspetor Luz", "texto_original": "https://sapl.camaranh.rs.gov.br/media/sapl/public/materialegislativa/2013/21802/21802_texto_integral.odt", "ementa": "Solicita revitaliza\u00e7\u00e3o da pintura das faixas de seguran\u00e7a no entroncamento entre as Ruas Marcilio Dias e Bento Gon\u00e7alves, no Bairro Centro."}, {"id": 21805, "ano": 2013, "numero": 1048, "tipo__sigla": "IND", "tipo__descricao": "Indica\u00e7\u00e3o/Pedido de Provid\u00eancias", "autoria__autor__nome": "Naasom Luciano", "texto_original": "https://sapl.camaranh.rs.gov.br/media/sapl/public/materialegislativa/2013/21805/21805_texto_integral.odt", "ementa": "Solicita asfaltamento da Rua Cl\u00e1udio Jo\u00e3o Maria da Silva, Bairro Primavera."}, {"id": 21807, "ano": 2013, "numero": 1049, "tipo__sigla": "IND", "tipo__descricao": "Indica\u00e7\u00e3o/Pedido de Provid\u00eancias", "autoria__autor__nome": "Luiz Fernando Farias", "texto_original": "https://sapl.camaranh.rs.gov.br/media/sapl/public/materialegislativa/2013/21807/21807_texto_integral.odt", "ementa": "Solicita limpeza da boca-de-lobo localizada na  Rua Duque de Caxias, em frente ao n\u00ba 291, no  Bairro Ideal.\r\n"}, {"id": 21808, "ano": 2013, "numero": 1050, "tipo__sigla": "IND", "tipo__descricao": "Indica\u00e7\u00e3o/Pedido de Provid\u00eancias", "autoria__autor__nome": "Luiz Fernando Farias", "texto_original": "https://sapl.camaranh.rs.gov.br/media/sapl/public/materialegislativa/2013/21808/21808_texto_integral.odt", "ementa": "Solicita patrolamento e brita ao longo da Rua Henrique Eltz Neto, no  Bairro Vila Nova."}, {"id": 21809, "ano": 2013, "numero": 1051, "tipo__sigla": "IND", "tipo__descricao": "Indica\u00e7\u00e3o/Pedido de Provid\u00eancias", "autoria__autor__nome": "Luiz Fernando Farias", "texto_original": "https://sapl.camaranh.rs.gov.br/media/sapl/public/materialegislativa/2013/21809/21809_texto_integral.odt", "ementa": "Solicita conserto de infiltra\u00e7\u00e3o no passeio p\u00fablico localizado na  Avenida Nicolau Becker, em frente ao n\u00ba 1122, no  Bairro Vila Nova."}, {"id": 21810, "ano": 2013, "numero": 1052, "tipo__sigla": "IND", "tipo__descricao": "Indica\u00e7\u00e3o/Pedido de Provid\u00eancias", "autoria__autor__nome": "JorgeTatsch", "texto_original": "https://sapl.camaranh.rs.gov.br/media/sapl/public/materialegislativa/2013/21810/21810_texto_integral.odt", "ementa": "Solicita revis\u00e3o da rede pluvial de esgoto na Rua Aratimb\u00f3,  pr\u00f3ximo ao n\u00ba 268, Bairro Industrial."}, {"id": 21811, "ano": 2013, "numero": 1053, "tipo__sigla": "IND", "tipo__descricao": "Indica\u00e7\u00e3o/Pedido de Provid\u00eancias", "autoria__autor__nome": "JorgeTatsch", "texto_original": "https://sapl.camaranh.rs.gov.br/media/sapl/public/materialegislativa/2013/21811/21811_texto_integral.odt", "ementa": "Solicita reparos no meio-fio na Rua Ant\u00f4nio Roberto Kroeff, esquina com a Rua Man\u00e1gua,  Bairro Santo Afonso."}, {"id": 21812, "ano": 2013, "numero": 1054, "tipo__sigla": "IND", "tipo__descricao": "Indica\u00e7\u00e3o/Pedido de Provid\u00eancias", "autoria__autor__nome": "JorgeTatsch", "texto_original": "https://sapl.camaranh.rs.gov.br/media/sapl/public/materialegislativa/2013/21812/21812_texto_integral.odt", "ementa": "Solicita limpeza e ro\u00e7ada de pra\u00e7a na Rua Trist\u00e3o de Alencar, em frente ao n\u00ba 494, Bairro Primavera."}, {"id": 21813, "ano": 2013, "numero": 1055, "tipo__sigla": "IND", "tipo__descricao": "Indica\u00e7\u00e3o/Pedido de Provid\u00eancias", "autoria__autor__nome": "JorgeTatsch", "texto_original": "https://sapl.camaranh.rs.gov.br/media/sapl/public/materialegislativa/2013/21813/21813_texto_integral.odt", "ementa": "Solicita desentupimento de esgoto na Rua Caracas, em frente ao n\u00ba 1107, Bairro Santo Afonso."}, {"id": 21814, "ano": 2013, "numero": 1056, "tipo__sigla": "IND", "tipo__descricao": "Indica\u00e7\u00e3o/Pedido de Provid\u00eancias", "autoria__autor__nome": "JorgeTatsch", "texto_original": "https://sapl.camaranh.rs.gov.br/media/sapl/public/materialegislativa/2013/21814/21814_texto_integral.odt", "ementa": "Solicita conserto de uma infiltra\u00e7\u00e3o na Pra\u00e7a  da Rua Trist\u00e3o de Alencar, em frente ao n\u00ba 494, Bairro Primavera."}, {"id": 21815, "ano": 2013, "numero": 1057, "tipo__sigla": "IND", "tipo__descricao": "Indica\u00e7\u00e3o/Pedido de Provid\u00eancias", "autoria__autor__nome": "JorgeTatsch", "texto_original": "https://sapl.camaranh.rs.gov.br/media/sapl/public/materialegislativa/2013/21815/21815_texto_integral.odt", "ementa": "Solicita desentupimento de esgoto na Rua Caracas, em frente ao n\u00ba 919, Bairro Santo Afonso."}, {"id": 21816, "ano": 2013, "numero": 1058, "tipo__sigla": "IND", "tipo__descricao": "Indica\u00e7\u00e3o/Pedido de Provid\u00eancias", "autoria__autor__nome": "JorgeTatsch", "texto_original": "https://sapl.camaranh.rs.gov.br/media/sapl/public/materialegislativa/2013/21816/21816_texto_integral.odt", "ementa": "Solicita rede de ilumina\u00e7\u00e3o p\u00fablica e  instala\u00e7\u00f5es de abastecimento de \u00e1gua e rede  pluvial de esgoto na Rua Planalto, Bairro Santo Afonso."}, {"id": 21817, "ano": 2013, "numero": 1059, "tipo__sigla": "IND", "tipo__descricao": "Indica\u00e7\u00e3o/Pedido de Provid\u00eancias", "autoria__autor__nome": "JorgeTatsch", "texto_original": "https://sapl.camaranh.rs.gov.br/media/sapl/public/materialegislativa/2013/21817/21817_texto_integral.odt", "ementa": "Solicita coloca\u00e7\u00e3o da placa de identifica\u00e7\u00e3o na Rua Ant\u00f4nio Roberto Kroeff, esquina com a Rua Man\u00e1gua, Bairro Santo Afonso."}, {"id": 21818, "ano": 2013, "numero": 1060, "tipo__sigla": "IND", "tipo__descricao": "Indica\u00e7\u00e3o/Pedido de Provid\u00eancias", "autoria__autor__nome": "JorgeTatsch\r\nProfessor Issur Koch\r\nSergio Hanich", "texto_original": "https://sapl.camaranh.rs.gov.br/media/sapl/public/materialegislativa/2013/21818/21818_texto_integral.odt", "ementa": "Solicitam, com urg\u00eancia, reformas e melhorias na Escola Municipal Padre R\u00e9us."}, {"id": 21820, "ano": 2013, "numero": 1061, "tipo__sigla": "IND", "tipo__descricao": "Indica\u00e7\u00e3o/Pedido de Provid\u00eancias", "autoria__autor__nome": "Professor Issur Koch", "texto_original": "https://sapl.camaranh.rs.gov.br/media/sapl/public/materialegislativa/2013/21820/21820_texto_integral.odt", "ementa": "Solicita troca urgente do assoalho da EMEI Negrinho do Pastoreio,  no Bairro S\u00e3o Jorge."}, {"id": 21821, "ano": 2013, "numero": 1062, "tipo__sigla": "IND", "tipo__descricao": "Indica\u00e7\u00e3o/Pedido de Provid\u00eancias", "autoria__autor__nome": "Professor Issur Koch", "texto_original": "https://sapl.camaranh.rs.gov.br/media/sapl/public/materialegislativa/2013/21821/21821_texto_integral.odt", "ementa": "Solicita \u00e0 Prefeitura Municipal a intima\u00e7\u00e3o do propriet\u00e1rio do im\u00f3vel localizado na Rua Guia Lopes, ao lado do n\u00ba 4536, para que regularize a situa\u00e7\u00e3o do passeio p\u00fablico."}, {"id": 21822, "ano": 2013, "numero": 1063, "tipo__sigla": "IND", "tipo__descricao": "Indica\u00e7\u00e3o/Pedido de Provid\u00eancias", "autoria__autor__nome": "Professor Issur Koch", "texto_original": "https://sapl.camaranh.rs.gov.br/media/sapl/public/materialegislativa/2013/21822/21822_texto_integral.odt", "ementa": "Solicita melhorias e viabilidade de instala\u00e7\u00e3o de mais brinquedos na pracinha da EMEF S\u00e3o Jac\u00f3, no Bairro Hamburgo Velho."}, {"id": 21823, "ano": 2013, "numero": 1064, "tipo__sigla": "IND", "tipo__descricao": "Indica\u00e7\u00e3o/Pedido de Provid\u00eancias", "autoria__autor__nome": "Enfermeiro Vilmar", "texto_original": "https://sapl.camaranh.rs.gov.br/media/sapl/public/materialegislativa/2013/21823/21823_texto_integral.odt", "ementa": "Solicita coloca\u00e7\u00e3o de redutores de velocidade na Estrada Jos\u00e9 Alo\u00edsio Daudt, em frente \u00e0 Igreja Pentecostal Unida do Brasil, Bairro Canudos."}, {"id": 21824, "ano": 2013, "numero": 1065, "tipo__sigla": "IND", "tipo__descricao": "Indica\u00e7\u00e3o/Pedido de Provid\u00eancias", "autoria__autor__nome": "Enfermeiro Vilmar", "texto_original": "https://sapl.camaranh.rs.gov.br/media/sapl/public/materialegislativa/2013/21824/21824_texto_integral.odt", "ementa": "Solicita coloca\u00e7\u00e3o de redutores de velocidade na Rua \u00cdcaro, pr\u00f3ximo ao n\u00ba 739 (Fruteira S\u00e3o Jos\u00e9), no Bairro Canudos."}, {"id": 21825, "ano": 2013, "numero": 1066, "tipo__sigla": "IND", "tipo__descricao": "Indica\u00e7\u00e3o/Pedido de Provid\u00eancias", "autoria__autor__nome": "Sergio Hanich", "texto_original": "https://sapl.camaranh.rs.gov.br/media/sapl/public/materialegislativa/2013/21825/21825_texto_integral.odt", "ementa": "Recolhimento de lixo na Av. Na\u00e7\u00f5es Unidas esq. com a rua Pinheiro Machado, bairro Industrial"}, {"id": 21826, "ano": 2013, "numero": 1067, "tipo__sigla": "IND", "tipo__descricao": "Indica\u00e7\u00e3o/Pedido de Provid\u00eancias", "autoria__autor__nome": "Sergio Hanich", "texto_original": "https://sapl.camaranh.rs.gov.br/media/sapl/public/materialegislativa/2013/21826/21826_texto_integral.odt", "ementa": "Solicita recolhimento de lixo na Rua Rodrigues Alves, esquina com a Av. Na\u00e7\u00f5es Unidas, Bairro Industrial."}, {"id": 21827, "ano": 2013, "numero": 1068, "tipo__sigla": "IND", "tipo__descricao": "Indica\u00e7\u00e3o/Pedido de Provid\u00eancias", "autoria__autor__nome": "Sergio Hanich", "texto_original": "https://sapl.camaranh.rs.gov.br/media/sapl/public/materialegislativa/2013/21827/21827_texto_integral.odt", "ementa": "Solicita recapeamento asf\u00e1ltico na Rua Santos Pedroso, trecho entre a Av. Dr. Maur\u00edcio Cardoso e a Rua General Os\u00f3rio, Bairro Centro."}, {"id": 21828, "ano": 2013, "numero": 1069, "tipo__sigla": "IND", "tipo__descricao": "Indica\u00e7\u00e3o/Pedido de Provid\u00eancias", "autoria__autor__nome": "Cristiano Coller", "texto_original": "https://sapl.camaranh.rs.gov.br/media/sapl/public/materialegislativa/2013/21828/21828_texto_integral.odt", "ementa": "Solicita estudo sobre a viabilidade da compra de um Radar M\u00f3vel Inteligente para o Munic\u00edpio."}, {"id": 21830, "ano": 2013, "numero": 1070, "tipo__sigla": "IND", "tipo__descricao": "Indica\u00e7\u00e3o/Pedido de Provid\u00eancias", "autoria__autor__nome": "Cristiano Coller", "texto_original": "https://sapl.camaranh.rs.gov.br/media/sapl/public/materialegislativa/2013/21830/21830_texto_integral.odt", "ementa": "Solicita conserto de paralelep\u00edpedos soltos na extens\u00e3o da Rua Tijucas, no Bairro Ideal."}, {"id": 21832, "ano": 2013, "numero": 1071, "tipo__sigla": "IND", "tipo__descricao": "Indica\u00e7\u00e3o/Pedido de Provid\u00eancias", "autoria__autor__nome": "Cristiano Coller", "texto_original": "https://sapl.camaranh.rs.gov.br/media/sapl/public/materialegislativa/2013/21832/21832_texto_integral.odt", "ementa": "Solicita instala\u00e7\u00e3o  de C\u00e2mera de Vigil\u00e2ncia, na \u00e1rea do Cemit\u00e9rio Municipal."}, {"id": 21834, "ano": 2013, "numero": 1072, "tipo__sigla": "IND", "tipo__descricao": "Indica\u00e7\u00e3o/Pedido de Provid\u00eancias", "autoria__autor__nome": "Cristiano Coller", "texto_original": "https://sapl.camaranh.rs.gov.br/media/sapl/public/materialegislativa/2013/21834/21834_texto_integral.odt", "ementa": "Solicita reforma da escadaria no final da Rua Roca Salles, no Bairro Rond\u00f4nia."}, {"id": 21839, "ano": 2013, "numero": 1073, "tipo__sigla": "IND", "tipo__descricao": "Indica\u00e7\u00e3o/Pedido de Provid\u00eancias", "autoria__autor__nome": "Inspetor Luz", "texto_original": "https://sapl.camaranh.rs.gov.br/media/sapl/public/materialegislativa/2013/21839/21839_texto_integral.odt", "ementa": "Solicita recomposi\u00e7\u00e3o asf\u00e1ltica no entroncamento entre as Ruas Gomes Jardim e Bento Gon\u00e7alves, no Bairro Centro. "}, {"id": 21840, "ano": 2013, "numero": 1074, "tipo__sigla": "IND", "tipo__descricao": "Indica\u00e7\u00e3o/Pedido de Provid\u00eancias", "autoria__autor__nome": "Professor Issur Koch", "texto_original": "https://sapl.camaranh.rs.gov.br/media/sapl/public/materialegislativa/2013/21840/21840_texto_integral.odt", "ementa": "Solicita poda de \u00e1rvores  na Rua General Os\u00f3rio , em frente ao n\u00ba 964, no Bairro Hamburgo Velho."}, {"id": 21841, "ano": 2013, "numero": 1075, "tipo__sigla": "IND", "tipo__descricao": "Indica\u00e7\u00e3o/Pedido de Provid\u00eancias", "autoria__autor__nome": "Professor Issur Koch", "texto_original": "https://sapl.camaranh.rs.gov.br/media/sapl/public/materialegislativa/2013/21841/21841_texto_integral.odt", "ementa": "Solicita coloca\u00e7\u00e3o de rotat\u00f3ria no cruzamento da Avenida Coronel Frederico Link, com a Rua Ca\u00e7ador, no Bairro Rio Branco."}, {"id": 21844, "ano": 2013, "numero": 1076, "tipo__sigla": "IND", "tipo__descricao": "Indica\u00e7\u00e3o/Pedido de Provid\u00eancias", "autoria__autor__nome": "Betinho", "texto_original": "https://sapl.camaranh.rs.gov.br/media/sapl/public/materialegislativa/2013/21844/21844_texto_integral.odt", "ementa": "Solicita poda de \u00e1rvore na Rua Bom Fim, Bairro Liberdade, em frente \u00e0 casa n\u00famero 62."}, {"id": 21846, "ano": 2013, "numero": 1077, "tipo__sigla": "IND", "tipo__descricao": "Indica\u00e7\u00e3o/Pedido de Provid\u00eancias", "autoria__autor__nome": "Inspetor Luz", "texto_original": "https://sapl.camaranh.rs.gov.br/media/sapl/public/materialegislativa/2013/21846/21846_texto_integral.odt", "ementa": "Solicita remo\u00e7\u00e3o de galhos e entulhos depositados em toda a extens\u00e3o da Rua Londres, no Bairro Canudos."}, {"id": 21847, "ano": 2013, "numero": 1078, "tipo__sigla": "IND", "tipo__descricao": "Indica\u00e7\u00e3o/Pedido de Provid\u00eancias", "autoria__autor__nome": "Professor Issur Koch", "texto_original": "https://sapl.camaranh.rs.gov.br/media/sapl/public/materialegislativa/2013/21847/21847_texto_integral.odt", "ementa": "Solicita coloca\u00e7\u00e3o de redutor de velocidade (quebra-molas), na Rua Fernando de Noronha, em frente ao n\u00ba 854, Bairro Guarani."}, {"id": 21848, "ano": 2013, "numero": 1079, "tipo__sigla": "IND", "tipo__descricao": "Indica\u00e7\u00e3o/Pedido de Provid\u00eancias", "autoria__autor__nome": "Inspetor Luz", "texto_original": "https://sapl.camaranh.rs.gov.br/media/sapl/public/materialegislativa/2013/21848/21848_texto_integral.odt", "ementa": "Solicita remo\u00e7\u00e3o de galhos e entulhos depositados na Rua Campo Bom, ao lado do  n\u00ba 1393, no Bairro Canudos."}, {"id": 21849, "ano": 2013, "numero": 1080, "tipo__sigla": "IND", "tipo__descricao": "Indica\u00e7\u00e3o/Pedido de Provid\u00eancias", "autoria__autor__nome": "Inspetor Luz", "texto_original": "https://sapl.camaranh.rs.gov.br/media/sapl/public/materialegislativa/2013/21849/21849_texto_integral.odt", "ementa": "Solicita capina e limpeza do passeio p\u00fablico em toda a extens\u00e3o da Rua Mundo Novo,  Bairro Canudos."}, {"id": 21850, "ano": 2013, "numero": 1081, "tipo__sigla": "IND", "tipo__descricao": "Indica\u00e7\u00e3o/Pedido de Provid\u00eancias", "autoria__autor__nome": "Inspetor Luz", "texto_original": "https://sapl.camaranh.rs.gov.br/media/sapl/public/materialegislativa/2013/21850/21850_texto_integral.odt", "ementa": "Solicita capina e limpeza do passeio p\u00fablico em toda a extens\u00e3o da Rua Sapiranga, Bairro Canudos."}, {"id": 21851, "ano": 2013, "numero": 1082, "tipo__sigla": "IND", "tipo__descricao": "Indica\u00e7\u00e3o/Pedido de Provid\u00eancias", "autoria__autor__nome": "Patr\u00edcia Beck", "texto_original": "https://sapl.camaranh.rs.gov.br/media/sapl/public/materialegislativa/2013/21851/21851_texto_integral.odt", "ementa": "Solicita a recomposi\u00e7\u00e3o asf\u00e1ltica na Avenida Montevid\u00e9o, esquina com a Rua Buenos Aires, no Bairro Santo Afonso."}, {"id": 21852, "ano": 2013, "numero": 1083, "tipo__sigla": "IND", "tipo__descricao": "Indica\u00e7\u00e3o/Pedido de Provid\u00eancias", "autoria__autor__nome": "Patr\u00edcia Beck", "texto_original": "https://sapl.camaranh.rs.gov.br/media/sapl/public/materialegislativa/2013/21852/21852_texto_integral.odt", "ementa": "Solicita limpeza da boca-de-lobo, localizada na Av. Montevid\u00e9o, esquina com a Rua Valpara\u00edso, no Bairro Santo Afonso."}, {"id": 21853, "ano": 2013, "numero": 1084, "tipo__sigla": "IND", "tipo__descricao": "Indica\u00e7\u00e3o/Pedido de Provid\u00eancias", "autoria__autor__nome": "Patr\u00edcia Beck", "texto_original": "https://sapl.camaranh.rs.gov.br/media/sapl/public/materialegislativa/2013/21853/21853_texto_integral.odt", "ementa": "Solicita capina e limpeza das laterais da Rua Bogot\u00e1, em toda a sua extens\u00e3o, no Bairro Santo Afonso."}, {"id": 21854, "ano": 2013, "numero": 1085, "tipo__sigla": "IND", "tipo__descricao": "Indica\u00e7\u00e3o/Pedido de Provid\u00eancias", "autoria__autor__nome": "Patr\u00edcia Beck", "texto_original": "https://sapl.camaranh.rs.gov.br/media/sapl/public/materialegislativa/2013/21854/21854_texto_integral.odt", "ementa": "Solicita recomposi\u00e7\u00e3o asf\u00e1ltica da Av. Victor Hugo Kunz, esquina com a Rua Eng\u00ba. Jorge Schury, no Bairro Hamburgo Velho."}, {"id": 21855, "ano": 2013, "numero": 1086, "tipo__sigla": "IND", "tipo__descricao": "Indica\u00e7\u00e3o/Pedido de Provid\u00eancias", "autoria__autor__nome": "Patr\u00edcia Beck", "texto_original": "https://sapl.camaranh.rs.gov.br/media/sapl/public/materialegislativa/2013/21855/21855_texto_integral.odt", "ementa": "Solicita limpeza da boca-de-lobo localizada na Avenida Montevid\u00e9o, em frente ao n\u00ba 531, no Bairro Santo Afonso."}, {"id": 21856, "ano": 2013, "numero": 1087, "tipo__sigla": "IND", "tipo__descricao": "Indica\u00e7\u00e3o/Pedido de Provid\u00eancias", "autoria__autor__nome": "Patr\u00edcia Beck", "texto_original": "https://sapl.camaranh.rs.gov.br/media/sapl/public/materialegislativa/2013/21856/21856_texto_integral.odt", "ementa": "Solicita capina e limpeza das laterais da Rua Lima, em toda a sua extens\u00e3o, no Bairro Santo Afonso."}, {"id": 21857, "ano": 2013, "numero": 1088, "tipo__sigla": "IND", "tipo__descricao": "Indica\u00e7\u00e3o/Pedido de Provid\u00eancias", "autoria__autor__nome": "Patr\u00edcia Beck", "texto_original": "https://sapl.camaranh.rs.gov.br/media/sapl/public/materialegislativa/2013/21857/21857_texto_integral.odt", "ementa": "Solicita troca urgente de l\u00e2mpada queimada na Rua Miami,  em frente ao n\u00ba 25, no Bairro Santo Afonso."}, {"id": 21858, "ano": 2013, "numero": 1089, "tipo__sigla": "IND", "tipo__descricao": "Indica\u00e7\u00e3o/Pedido de Provid\u00eancias", "autoria__autor__nome": "Patr\u00edcia Beck", "texto_original": "https://sapl.camaranh.rs.gov.br/media/sapl/public/materialegislativa/2013/21858/21858_texto_integral.odt", "ementa": "Solicita conserto da tampa da boca-de-lobo localizada junto \u00e0 Rua Corumb\u00e1, esquina com a Avenida Primeiro de Mar\u00e7o, no Bairro Liberdade. "}, {"id": 21859, "ano": 2013, "numero": 1090, "tipo__sigla": "IND", "tipo__descricao": "Indica\u00e7\u00e3o/Pedido de Provid\u00eancias", "autoria__autor__nome": "Patr\u00edcia Beck", "texto_original": "https://sapl.camaranh.rs.gov.br/media/sapl/public/materialegislativa/2013/21859/21859_texto_integral.odt", "ementa": "Solicita o asfaltamento da Rua Guatemala, em toda a sua extens\u00e3o, no Bairro Santo Afonso."}, {"id": 21860, "ano": 2013, "numero": 1091, "tipo__sigla": "IND", "tipo__descricao": "Indica\u00e7\u00e3o/Pedido de Provid\u00eancias", "autoria__autor__nome": "Patr\u00edcia Beck", "texto_original": "https://sapl.camaranh.rs.gov.br/media/sapl/public/materialegislativa/2013/21860/21860_texto_integral.odt", "ementa": "Solicita a conclus\u00e3o do asfaltamento da Rua La Haba\u00f1a, no Bairro Santo Afonso."}, {"id": 21861, "ano": 2013, "numero": 1092, "tipo__sigla": "IND", "tipo__descricao": "Indica\u00e7\u00e3o/Pedido de Provid\u00eancias", "autoria__autor__nome": "Patr\u00edcia Beck", "texto_original": "https://sapl.camaranh.rs.gov.br/media/sapl/public/materialegislativa/2013/21861/21861_texto_integral.odt", "ementa": "Solicita conserto da tampa da boca-de-lobo localizada junto \u00e0 Avenida Montevid\u00e9o, em frente ao n\u00ba 270, no Bairro Santo Afonso."}, {"id": 21862, "ano": 2013, "numero": 1093, "tipo__sigla": "IND", "tipo__descricao": "Indica\u00e7\u00e3o/Pedido de Provid\u00eancias", "autoria__autor__nome": "Patr\u00edcia Beck", "texto_original": "https://sapl.camaranh.rs.gov.br/media/sapl/public/materialegislativa/2013/21862/21862_texto_integral.odt", "ementa": "Solicita pintura de uma faixa de pedestres na Rua Buenos Aires, esquina com a Av. Montevid\u00e9o, no Bairro Santo Afonso."}, {"id": 21863, "ano": 2013, "numero": 1094, "tipo__sigla": "IND", "tipo__descricao": "Indica\u00e7\u00e3o/Pedido de Provid\u00eancias", "autoria__autor__nome": "Patr\u00edcia Beck", "texto_original": "https://sapl.camaranh.rs.gov.br/media/sapl/public/materialegislativa/2013/21863/21863_texto_integral.odt", "ementa": "Solicita, com urg\u00eancia, vistoria e coloca\u00e7\u00e3o de postes para ilumina\u00e7\u00e3o na Av. Alc\u00e2ntara, no trecho compreendido entre as Ruas Tr\u00eas de Maio e Itajub\u00e1, no Bairro S\u00e3o Jorge."}, {"id": 21864, "ano": 2013, "numero": 1095, "tipo__sigla": "IND", "tipo__descricao": "Indica\u00e7\u00e3o/Pedido de Provid\u00eancias", "autoria__autor__nome": "Patr\u00edcia Beck", "texto_original": "https://sapl.camaranh.rs.gov.br/media/sapl/public/materialegislativa/2013/21864/21864_texto_integral.odt", "ementa": "Solicita  constru\u00e7\u00e3o de passeio p\u00fablico na Avenida Buenos Aires, esquina com \u00e0 Avenida Montevid\u00e9o, no Bairro Santo Afonso."}, {"id": 21865, "ano": 2013, "numero": 1096, "tipo__sigla": "IND", "tipo__descricao": "Indica\u00e7\u00e3o/Pedido de Provid\u00eancias", "autoria__autor__nome": "Patr\u00edcia Beck", "texto_original": "https://sapl.camaranh.rs.gov.br/media/sapl/public/materialegislativa/2013/21865/21865_texto_integral.odt", "ementa": "Solicita conserto da cal\u00e7ada danificada, situada na Rua Managu\u00e1, esquina com a Rua Lima, no Bairro Santo Afonso."}, {"id": 21867, "ano": 2013, "numero": 1097, "tipo__sigla": "IND", "tipo__descricao": "Indica\u00e7\u00e3o/Pedido de Provid\u00eancias", "autoria__autor__nome": "Patr\u00edcia Beck", "texto_original": "https://sapl.camaranh.rs.gov.br/media/sapl/public/materialegislativa/2013/21867/21867_texto_integral.odt", "ementa": "Solicita coloca\u00e7\u00e3o de uma sinaleira na Av. Gen. Daltro Filho, na esquina com a Av. Dr.  Maur\u00edcio Cardoso, sentido Canudos/ Centro, no Bairro Hamburgo Velho."}, {"id": 21868, "ano": 2013, "numero": 1098, "tipo__sigla": "IND", "tipo__descricao": "Indica\u00e7\u00e3o/Pedido de Provid\u00eancias", "autoria__autor__nome": "Patr\u00edcia Beck", "texto_original": "https://sapl.camaranh.rs.gov.br/media/sapl/public/materialegislativa/2013/21868/21868_texto_integral.odt", "ementa": "Solicita asfaltamento da Rua Terra Nossa, em toda a sua extens\u00e3o, no Bairro Santo Afonso."}, {"id": 21870, "ano": 2013, "numero": 1099, "tipo__sigla": "IND", "tipo__descricao": "Indica\u00e7\u00e3o/Pedido de Provid\u00eancias", "autoria__autor__nome": "Patr\u00edcia Beck", "texto_original": "https://sapl.camaranh.rs.gov.br/media/sapl/public/materialegislativa/2013/21870/21870_texto_integral.odt", "ementa": "Solicita asfaltamento da Rua Madre Maria Margarida, em toda a sua extens\u00e3o, no Bairro Santo Afonso."}, {"id": 21871, "ano": 2013, "numero": 1100, "tipo__sigla": "IND", "tipo__descricao": "Indica\u00e7\u00e3o/Pedido de Provid\u00eancias", "autoria__autor__nome": "Patr\u00edcia Beck", "texto_original": "https://sapl.camaranh.rs.gov.br/media/sapl/public/materialegislativa/2013/21871/21871_texto_integral.odt", "ementa": "Solicita asfaltamento da Rua Assunci\u00f3n, em toda a sua extens\u00e3o, no Bairro Santo Afonso."}, {"id": 21872, "ano": 2013, "numero": 1101, "tipo__sigla": "IND", "tipo__descricao": "Indica\u00e7\u00e3o/Pedido de Provid\u00eancias", "autoria__autor__nome": "JorgeTatsch", "texto_original": "https://sapl.camaranh.rs.gov.br/media/sapl/public/materialegislativa/2013/21872/21872_texto_integral.odt", "ementa": "Solicita conserto de uma infiltra\u00e7\u00e3o na Pra\u00e7a  da Rua S\u00e3o vicente,  em frente ao n\u00ba 34, Bairro Ideal."}, {"id": 21873, "ano": 2013, "numero": 1102, "tipo__sigla": "IND", "tipo__descricao": "Indica\u00e7\u00e3o/Pedido de Provid\u00eancias", "autoria__autor__nome": "JorgeTatsch", "texto_original": "https://sapl.camaranh.rs.gov.br/media/sapl/public/materialegislativa/2013/21873/21873_texto_integral.odt", "ementa": "Solicita  recolhimento de galhos na Rua Ant\u00f4nio Roberto Kroeff,  em frente ao n\u00ba 740, Bairro Santo Afonso."}, {"id": 21874, "ano": 2013, "numero": 1103, "tipo__sigla": "IND", "tipo__descricao": "Indica\u00e7\u00e3o/Pedido de Provid\u00eancias", "autoria__autor__nome": "JorgeTatsch", "texto_original": "https://sapl.camaranh.rs.gov.br/media/sapl/public/materialegislativa/2013/21874/21874_texto_integral.odt", "ementa": "Solicita troca da tampa de boca-de-lobo na Rua Pinheiro Machado, em frente ao n\u00ba 601, no Bairro Industrial."}, {"id": 21875, "ano": 2013, "numero": 1104, "tipo__sigla": "IND", "tipo__descricao": "Indica\u00e7\u00e3o/Pedido de Provid\u00eancias", "autoria__autor__nome": "JorgeTatsch", "texto_original": "https://sapl.camaranh.rs.gov.br/media/sapl/public/materialegislativa/2013/21875/21875_texto_integral.odt", "ementa": "Solicita amplia\u00e7\u00e3o da rede de ilumina\u00e7\u00e3o p\u00fablica na pra\u00e7a da Rua S\u00e3o Vicente, em frente ao n\u00ba 34, no Bairro Santo Afonso."}, {"id": 21876, "ano": 2013, "numero": 1105, "tipo__sigla": "IND", "tipo__descricao": "Indica\u00e7\u00e3o/Pedido de Provid\u00eancias", "autoria__autor__nome": "JorgeTatsch", "texto_original": "https://sapl.camaranh.rs.gov.br/media/sapl/public/materialegislativa/2013/21876/21876_texto_integral.odt", "ementa": "Solicita conserto de uma infiltra\u00e7\u00e3o na Av. Pedro Adams Filho, em frente ao n\u00ba 2374, Bairro Ouro Branco."}, {"id": 21877, "ano": 2013, "numero": 1106, "tipo__sigla": "IND", "tipo__descricao": "Indica\u00e7\u00e3o/Pedido de Provid\u00eancias", "autoria__autor__nome": "JorgeTatsch", "texto_original": "https://sapl.camaranh.rs.gov.br/media/sapl/public/materialegislativa/2013/21877/21877_texto_integral.odt", "ementa": "Solicita limpeza e ro\u00e7ada de pra\u00e7a na Rua S\u00e3o vicente, em frente ao n\u00ba 34, Bairro Ideal."}, {"id": 21878, "ano": 2013, "numero": 1107, "tipo__sigla": "IND", "tipo__descricao": "Indica\u00e7\u00e3o/Pedido de Provid\u00eancias", "autoria__autor__nome": "JorgeTatsch", "texto_original": "https://sapl.camaranh.rs.gov.br/media/sapl/public/materialegislativa/2013/21878/21878_texto_integral.odt", "ementa": "Solicita substitui\u00e7\u00e3o de l\u00e2mpada queimada na Av. Pedro Adams Filho, em frente ao n\u00ba 165, Bairro Santo Afonso."}, {"id": 21879, "ano": 2013, "numero": 1108, "tipo__sigla": "IND", "tipo__descricao": "Indica\u00e7\u00e3o/Pedido de Provid\u00eancias", "autoria__autor__nome": "JorgeTatsch", "texto_original": "https://sapl.camaranh.rs.gov.br/media/sapl/public/materialegislativa/2013/21879/21879_texto_integral.odt", "ementa": "Solicita remo\u00e7\u00e3o de \u00e1rvore na Rua Luiz Pereira,  em frente ao n\u00ba 47, Bairro Ideal."}, {"id": 21880, "ano": 2013, "numero": 1109, "tipo__sigla": "IND", "tipo__descricao": "Indica\u00e7\u00e3o/Pedido de Provid\u00eancias", "autoria__autor__nome": "JorgeTatsch", "texto_original": "https://sapl.camaranh.rs.gov.br/media/sapl/public/materialegislativa/2013/21880/21880_texto_integral.odt", "ementa": "Solicita coloca\u00e7\u00e3o de grades nas bocas-de-lobo em toda extens\u00e3o da Vila Palmeira, Bairro Santo Afonso."}, {"id": 21881, "ano": 2013, "numero": 1110, "tipo__sigla": "IND", "tipo__descricao": "Indica\u00e7\u00e3o/Pedido de Provid\u00eancias", "autoria__autor__nome": "JorgeTatsch", "texto_original": "https://sapl.camaranh.rs.gov.br/media/sapl/public/materialegislativa/2013/21881/21881_texto_integral.odt", "ementa": "Solicita substitui\u00e7\u00e3o de l\u00e2mpada queimada na Av. Primeiro de Mar\u00e7o, em frente ao n\u00ba 3900, Bairro Industrial."}, {"id": 21882, "ano": 2013, "numero": 1111, "tipo__sigla": "IND", "tipo__descricao": "Indica\u00e7\u00e3o/Pedido de Provid\u00eancias", "autoria__autor__nome": "JorgeTatsch", "texto_original": "https://sapl.camaranh.rs.gov.br/media/sapl/public/materialegislativa/2013/21882/21882_texto_integral.odt", "ementa": "Solicita recolhimento de lixo e entulhos localizados na Rua Eldorado, em frente ao n\u00ba 1120, no Bairro Santo Afonso."}, {"id": 21883, "ano": 2013, "numero": 1112, "tipo__sigla": "IND", "tipo__descricao": "Indica\u00e7\u00e3o/Pedido de Provid\u00eancias", "autoria__autor__nome": "JorgeTatsch", "texto_original": "https://sapl.camaranh.rs.gov.br/media/sapl/public/materialegislativa/2013/21883/21883_texto_integral.odt", "ementa": "Solicita recolhimento de lixo localizado na esquina da Rua Floresta, com a Rua Quinze, na Vila Palmeira, Bairro Santo Afonso."}, {"id": 21884, "ano": 2013, "numero": 1113, "tipo__sigla": "IND", "tipo__descricao": "Indica\u00e7\u00e3o/Pedido de Provid\u00eancias", "autoria__autor__nome": "JorgeTatsch", "texto_original": "https://sapl.camaranh.rs.gov.br/media/sapl/public/materialegislativa/2013/21884/21884_texto_integral.odt", "ementa": "Solicita  recolhimento de lixo localizado na Rua Riachuelo, em frente ao n\u00ba 13, Bairro Santo Afonso."}, {"id": 21885, "ano": 2013, "numero": 1114, "tipo__sigla": "IND", "tipo__descricao": "Indica\u00e7\u00e3o/Pedido de Provid\u00eancias", "autoria__autor__nome": "JorgeTatsch", "texto_original": "https://sapl.camaranh.rs.gov.br/media/sapl/public/materialegislativa/2013/21885/21885_texto_integral.odt", "ementa": "Solicita recolhimento de lixo localizados na Rua Igua\u00e7u, em frente ao n\u00ba 53, no Bairro Santo Afonso."}, {"id": 21886, "ano": 2013, "numero": 1115, "tipo__sigla": "IND", "tipo__descricao": "Indica\u00e7\u00e3o/Pedido de Provid\u00eancias", "autoria__autor__nome": "JorgeTatsch", "texto_original": "https://sapl.camaranh.rs.gov.br/media/sapl/public/materialegislativa/2013/21886/21886_texto_integral.odt", "ementa": "Solicita poda de \u00e1rvores localizadas na Av. Montevid\u00e9o, pr\u00f3ximo ao n\u00ba 200,  Bairro Santo Afonso."}, {"id": 21887, "ano": 2013, "numero": 1116, "tipo__sigla": "IND", "tipo__descricao": "Indica\u00e7\u00e3o/Pedido de Provid\u00eancias", "autoria__autor__nome": "JorgeTatsch", "texto_original": "https://sapl.camaranh.rs.gov.br/media/sapl/public/materialegislativa/2013/21887/21887_texto_integral.odt", "ementa": "Solicita poda de \u00e1rvore na Rua Ant\u00f4nio Roberto Kroeff, em frente ao n\u00ba 985, Bairro Santo Afonso."}, {"id": 21888, "ano": 2013, "numero": 1117, "tipo__sigla": "IND", "tipo__descricao": "Indica\u00e7\u00e3o/Pedido de Provid\u00eancias", "autoria__autor__nome": "JorgeTatsch", "texto_original": "https://sapl.camaranh.rs.gov.br/media/sapl/public/materialegislativa/2013/21888/21888_texto_integral.odt", "ementa": "Solicita provid\u00eancias  a respeito da escadaria situada na Rua Ca\u00e7ador, em frente ao n\u00ba 890, Bairro Ideal."}, {"id": 21889, "ano": 2013, "numero": 1118, "tipo__sigla": "IND", "tipo__descricao": "Indica\u00e7\u00e3o/Pedido de Provid\u00eancias", "autoria__autor__nome": "Gerson Peteffi", "texto_original": "https://sapl.camaranh.rs.gov.br/media/sapl/public/materialegislativa/2013/21889/21889_texto_integral.odt", "ementa": "Solicita a implanta\u00e7\u00e3o de Academia de Gin\u00e1stica ao ar livre junto \u00e0 Pra\u00e7a Jo\u00e3o Ferreira Roque, situada na Rua Mem de S\u00e1, esquina com a Rua 15 de Novembro, Bairro Oper\u00e1rio."}, {"id": 21890, "ano": 2013, "numero": 1119, "tipo__sigla": "IND", "tipo__descricao": "Indica\u00e7\u00e3o/Pedido de Provid\u00eancias", "autoria__autor__nome": "Cristiano Coller", "texto_original": "https://sapl.camaranh.rs.gov.br/media/sapl/public/materialegislativa/2013/21890/21890_texto_integral.odt", "ementa": "Reitera pedido de provid\u00eancia n\u00ba 245/2013, quanto \u00e0 cria\u00e7\u00e3o de cavalos em \u00e1rea urbana, no Bairro Santo Afonso."}, {"id": 21892, "ano": 2013, "numero": 1120, "tipo__sigla": "IND", "tipo__descricao": "Indica\u00e7\u00e3o/Pedido de Provid\u00eancias", "autoria__autor__nome": "Cristiano Coller", "texto_original": "https://sapl.camaranh.rs.gov.br/media/sapl/public/materialegislativa/2013/21892/21892_texto_integral.odt", "ementa": "Solicito  limpeza de boca-de-lobo na Rua Guia Lopes, n\u00ba 696, em frente ao Gr\u00eamio Atiradores de Novo Hamburgo."}, {"id": 21895, "ano": 2013, "numero": 1121, "tipo__sigla": "IND", "tipo__descricao": "Indica\u00e7\u00e3o/Pedido de Provid\u00eancias", "autoria__autor__nome": "Sergio Hanich", "texto_original": "https://sapl.camaranh.rs.gov.br/media/sapl/public/materialegislativa/2013/21895/21895_texto_integral.odt", "ementa": "Solicita coloca\u00e7\u00e3o de saibro no beco ao lado do n\u00ba 308 da Rua Laurindo Rabelo, Bairro Canudos."}, {"id": 21896, "ano": 2013, "numero": 1122, "tipo__sigla": "IND", "tipo__descricao": "Indica\u00e7\u00e3o/Pedido de Provid\u00eancias", "autoria__autor__nome": "Inspetor Luz", "texto_original": "https://sapl.camaranh.rs.gov.br/media/sapl/public/materialegislativa/2013/21896/21896_texto_integral.odt", "ementa": "Solicita opera\u00e7\u00e3o tapa-buracos em toda extens\u00e3o da Rua \u00cdcaro, no Bairro Canudos."}, {"id": 21897, "ano": 2013, "numero": 1123, "tipo__sigla": "IND", "tipo__descricao": "Indica\u00e7\u00e3o/Pedido de Provid\u00eancias", "autoria__autor__nome": "Inspetor Luz", "texto_original": "https://sapl.camaranh.rs.gov.br/media/sapl/public/materialegislativa/2013/21897/21897_texto_integral.odt", "ementa": "Solicita capina e limpeza junto ao meio-fio, em toda extens\u00e3o da Rua \u00cdcaro, Bairro Canudos."}, {"id": 21898, "ano": 2013, "numero": 1124, "tipo__sigla": "IND", "tipo__descricao": "Indica\u00e7\u00e3o/Pedido de Provid\u00eancias", "autoria__autor__nome": "Inspetor Luz", "texto_original": "https://sapl.camaranh.rs.gov.br/media/sapl/public/materialegislativa/2013/21898/21898_texto_integral.odt", "ementa": "Solicita recomposi\u00e7\u00e3o asf\u00e1ltica em toda extens\u00e3o da Rua \u00cdcaro, Bairro Canudos. "}, {"id": 21899, "ano": 2013, "numero": 1125, "tipo__sigla": "IND", "tipo__descricao": "Indica\u00e7\u00e3o/Pedido de Provid\u00eancias", "autoria__autor__nome": "Cristiano Coller", "texto_original": "https://sapl.camaranh.rs.gov.br/media/sapl/public/materialegislativa/2013/21899/21899_texto_integral.odt", "ementa": "Solicita coloca\u00e7\u00e3o de quebra-molas na Av. Primeiro de Mar\u00e7o, em frente ao n\u00ba 5360, pr\u00f3ximo \u00e0 Esta\u00e7\u00e3o Santo Afonso do Trensurb, no Bairro Santo Afonso."}, {"id": 21902, "ano": 2013, "numero": 1126, "tipo__sigla": "IND", "tipo__descricao": "Indica\u00e7\u00e3o/Pedido de Provid\u00eancias", "autoria__autor__nome": "Professor Issur Koch", "texto_original": "https://sapl.camaranh.rs.gov.br/media/sapl/public/materialegislativa/2013/21902/21902_texto_integral.odt", "ementa": "Solicita, com urg\u00eancia, a troca de tela no muro da EMEF Cec\u00edlia Meireles, na Rua Bar\u00e3o do Rio Branco, no Bairro Oper\u00e1rio."}, {"id": 21903, "ano": 2013, "numero": 1127, "tipo__sigla": "IND", "tipo__descricao": "Indica\u00e7\u00e3o/Pedido de Provid\u00eancias", "autoria__autor__nome": "Professor Issur Koch", "texto_original": "https://sapl.camaranh.rs.gov.br/media/sapl/public/materialegislativa/2013/21903/21903_texto_integral.odt", "ementa": "Solicita, com urg\u00eancia, a coloca\u00e7\u00e3o de tela na divisa da EMEF Cec\u00edlia Meireles com a propriedade particular da Rua Avar\u00e9,  Bairro Oper\u00e1rio."}, {"id": 21904, "ano": 2013, "numero": 1128, "tipo__sigla": "IND", "tipo__descricao": "Indica\u00e7\u00e3o/Pedido de Provid\u00eancias", "autoria__autor__nome": "Betinho", "texto_original": "https://sapl.camaranh.rs.gov.br/media/sapl/public/materialegislativa/2013/21904/21904_texto_integral.odt", "ementa": "Solicita alargamento do v\u00e3o do canteiro central na Av. Montevid\u00e9o, pr\u00f3ximo ao n\u00ba 835, Bairro Santo Afonso. "}, {"id": 21906, "ano": 2013, "numero": 1129, "tipo__sigla": "IND", "tipo__descricao": "Indica\u00e7\u00e3o/Pedido de Provid\u00eancias", "autoria__autor__nome": "Betinho", "texto_original": "https://sapl.camaranh.rs.gov.br/media/sapl/public/materialegislativa/2013/21906/21906_1.odt", "ementa": "Solicita melhorias na rede de ilumina\u00e7\u00e3o p\u00fablica na Av. Intermunicipal, n\u00ba 600. "}, {"id": 21911, "ano": 2013, "numero": 1130, "tipo__sigla": "IND", "tipo__descricao": "Indica\u00e7\u00e3o/Pedido de Provid\u00eancias", "autoria__autor__nome": "Enfermeiro Vilmar", "texto_original": "https://sapl.camaranh.rs.gov.br/media/sapl/public/materialegislativa/2013/21911/21911_texto_integral.odt", "ementa": "Solicita desentupimento dos canos da Rua Carlitos Kayser, n\u00ba 68, Bairro Canudos. "}, {"id": 21912, "ano": 2013, "numero": 1131, "tipo__sigla": "IND", "tipo__descricao": "Indica\u00e7\u00e3o/Pedido de Provid\u00eancias", "autoria__autor__nome": "Enfermeiro Vilmar", "texto_original": "https://sapl.camaranh.rs.gov.br/media/sapl/public/materialegislativa/2013/21912/21912_texto_integral.odt", "ementa": "Solicita coloca\u00e7\u00e3o de um redutor de velocidade  e faixa de seguran\u00e7a na Rua Floren\u00e7a, travessa da Rua\t Curitibanos, em frente ao n\u00ba 530, Bairro Canudos. "}, {"id": 21914, "ano": 2013, "numero": 1132, "tipo__sigla": "IND", "tipo__descricao": "Indica\u00e7\u00e3o/Pedido de Provid\u00eancias", "autoria__autor__nome": "Naasom Luciano", "texto_original": "https://sapl.camaranh.rs.gov.br/media/sapl/public/materialegislativa/2013/21914/21914_texto_integral.odt", "ementa": "Solicita sinaliza\u00e7\u00e3o horizontal na Rua Vinte e Cinco de Julho, entre as Ruas Joaquim Nabuco e Marc\u00edlio Dias."}, {"id": 21915, "ano": 2013, "numero": 1133, "tipo__sigla": "IND", "tipo__descricao": "Indica\u00e7\u00e3o/Pedido de Provid\u00eancias", "autoria__autor__nome": "Patr\u00edcia Beck", "texto_original": "https://sapl.camaranh.rs.gov.br/media/sapl/public/materialegislativa/2013/21915/21915_texto_integral.odt", "ementa": "Solicita a conclus\u00e3o do asfaltamento da Rua Goi\u00e1s, no Bairro Rond\u00f4nia."}, {"id": 21916, "ano": 2013, "numero": 1134, "tipo__sigla": "IND", "tipo__descricao": "Indica\u00e7\u00e3o/Pedido de Provid\u00eancias", "autoria__autor__nome": "Patr\u00edcia Beck", "texto_original": "https://sapl.camaranh.rs.gov.br/media/sapl/public/materialegislativa/2013/21916/21916_texto_integral.odt", "ementa": "Solicita o conserto da boca-de-lobo, localizada na Rua  Lopes Trov\u00e3o, em frente ao n\u00famero 101, no Bairro Industrial."}, {"id": 21917, "ano": 2013, "numero": 1135, "tipo__sigla": "IND", "tipo__descricao": "Indica\u00e7\u00e3o/Pedido de Provid\u00eancias", "autoria__autor__nome": "Patr\u00edcia Beck", "texto_original": "https://sapl.camaranh.rs.gov.br/media/sapl/public/materialegislativa/2013/21917/21917_texto_integral.odt", "ementa": "Solicita conserto da tampa da boca-de-lobo localizada na Rua Almirante Barroso, esquina com a Rua da Bandeira, no Bairro Centro."}, {"id": 21918, "ano": 2013, "numero": 1136, "tipo__sigla": "IND", "tipo__descricao": "Indica\u00e7\u00e3o/Pedido de Provid\u00eancias", "autoria__autor__nome": "Patr\u00edcia Beck", "texto_original": "https://sapl.camaranh.rs.gov.br/media/sapl/public/materialegislativa/2013/21918/21918_texto_integral.odt", "ementa": "Solicita o conserto da tampa e limpeza da boca-de-lobo, localizada na Rua Pinheiro Machado, esquina com a Rua Lopes Trov\u00e3o, no Bairro Industrial."}, {"id": 21919, "ano": 2013, "numero": 1137, "tipo__sigla": "IND", "tipo__descricao": "Indica\u00e7\u00e3o/Pedido de Provid\u00eancias", "autoria__autor__nome": "Patr\u00edcia Beck", "texto_original": "https://sapl.camaranh.rs.gov.br/media/sapl/public/materialegislativa/2013/21919/21919_texto_integral.odt", "ementa": "Solicita a recomposi\u00e7\u00e3o asf\u00e1ltica da Rua Mundo Novo, no trecho compreendido entre as Ruas Sapiranga e Potiguara, no Bairro Canudos."}, {"id": 21920, "ano": 2013, "numero": 1138, "tipo__sigla": "IND", "tipo__descricao": "Indica\u00e7\u00e3o/Pedido de Provid\u00eancias", "autoria__autor__nome": "Patr\u00edcia Beck", "texto_original": "https://sapl.camaranh.rs.gov.br/media/sapl/public/materialegislativa/2013/21920/21920_texto_integral.odt", "ementa": "Solicita recapeamento asf\u00e1ltico da Rua \u00cdcaro, em toda a sua extens\u00e3o, no Bairro Canudos."}, {"id": 21921, "ano": 2013, "numero": 1139, "tipo__sigla": "IND", "tipo__descricao": "Indica\u00e7\u00e3o/Pedido de Provid\u00eancias", "autoria__autor__nome": "Patr\u00edcia Beck", "texto_original": "https://sapl.camaranh.rs.gov.br/media/sapl/public/materialegislativa/2013/21921/21921_texto_integral.odt", "ementa": "Solicita o fechamento da av. Buenos Aires, no trecho compreendido entre as Ruas Caracas e Santa Ana, aos finais de semana, no Bairro Santo Afonso."}, {"id": 21922, "ano": 2013, "numero": 1140, "tipo__sigla": "IND", "tipo__descricao": "Indica\u00e7\u00e3o/Pedido de Provid\u00eancias", "autoria__autor__nome": "Patr\u00edcia Beck", "texto_original": "https://sapl.camaranh.rs.gov.br/media/sapl/public/materialegislativa/2013/21922/21922_texto_integral.odt", "ementa": "Solicita a recomposi\u00e7\u00e3o asf\u00e1ltica na Av. Buenos Aires, em frente ao n\u00famero 295, no Bairro Santo Afonso."}, {"id": 21923, "ano": 2013, "numero": 1141, "tipo__sigla": "IND", "tipo__descricao": "Indica\u00e7\u00e3o/Pedido de Provid\u00eancias", "autoria__autor__nome": "Patr\u00edcia Beck", "texto_original": "https://sapl.camaranh.rs.gov.br/media/sapl/public/materialegislativa/2013/21923/21923_texto_integral.odt", "ementa": "Solicita conserto da tampa da boca-de-lobo localizada na Rua Vinte e Quatro de Maio, em frente ao n\u00famero 420, no Bairro Vila Nova."}, {"id": 21924, "ano": 2013, "numero": 1142, "tipo__sigla": "IND", "tipo__descricao": "Indica\u00e7\u00e3o/Pedido de Provid\u00eancias", "autoria__autor__nome": "Patr\u00edcia Beck", "texto_original": "https://sapl.camaranh.rs.gov.br/media/sapl/public/materialegislativa/2013/21924/21924_texto_integral.odt", "ementa": "Solicita revitaliza\u00e7\u00e3o e limpeza da pra\u00e7a localizada na Rua Lopes Trov\u00e3o, esquina com a Rua Augusto Pestana, no Bairro Industrial."}, {"id": 21925, "ano": 2013, "numero": 1143, "tipo__sigla": "IND", "tipo__descricao": "Indica\u00e7\u00e3o/Pedido de Provid\u00eancias", "autoria__autor__nome": "Inspetor Luz", "texto_original": "https://sapl.camaranh.rs.gov.br/media/sapl/public/materialegislativa/2013/21925/21925_texto_integral.odt", "ementa": "Solicita revitaliza\u00e7\u00e3o da pintura das faixas de seguran\u00e7a no entroncamento entre as Ruas Julio  de Castilho e Bento Gon\u00e7alves, Bairro Centro."}, {"id": 21926, "ano": 2013, "numero": 1144, "tipo__sigla": "IND", "tipo__descricao": "Indica\u00e7\u00e3o/Pedido de Provid\u00eancias", "autoria__autor__nome": "Inspetor Luz", "texto_original": "https://sapl.camaranh.rs.gov.br/media/sapl/public/materialegislativa/2013/21926/21926_texto_integral.odt", "ementa": "Solicita revitaliza\u00e7\u00e3o da pintura das faixas de seguran\u00e7a no entroncamento entre a Rua Marc\u00edlio Dias e Av. Pedro Adams Filho, Bairro Centro."}, {"id": 21927, "ano": 2013, "numero": 1145, "tipo__sigla": "IND", "tipo__descricao": "Indica\u00e7\u00e3o/Pedido de Provid\u00eancias", "autoria__autor__nome": "Inspetor Luz", "texto_original": "https://sapl.camaranh.rs.gov.br/media/sapl/public/materialegislativa/2013/21927/21927_texto_integral.odt", "ementa": "Solicita coloca\u00e7\u00e3o de grade de conten\u00e7\u00e3o na boca-de-lobo, localizada na esquina entre as Ruas Das Flores e Silveira Martins, Bairro Centro (nas proximidades do Col\u00e9gio Wolfran Metzler)."}, {"id": 21938, "ano": 2013, "numero": 1146, "tipo__sigla": "IND", "tipo__descricao": "Indica\u00e7\u00e3o/Pedido de Provid\u00eancias", "autoria__autor__nome": "Inspetor Luz", "texto_original": "https://sapl.camaranh.rs.gov.br/media/sapl/public/materialegislativa/2013/21938/21938_texto_integral.odt", "ementa": "Solicita consertos de buracos localizados em frente ao n\u00ba 665, da Rua Bento Gon\u00e7alves, no Bairro P\u00e1tria Nova."}, {"id": 21939, "ano": 2013, "numero": 1147, "tipo__sigla": "IND", "tipo__descricao": "Indica\u00e7\u00e3o/Pedido de Provid\u00eancias", "autoria__autor__nome": "Inspetor Luz", "texto_original": "https://sapl.camaranh.rs.gov.br/media/sapl/public/materialegislativa/2013/21939/21939_texto_integral.odt", "ementa": "Solicita remo\u00e7\u00e3o de galhos e entulhos depositados ao lado do n\u00ba 780, da Rua Bento Gon\u00e7alves, no Bairro P\u00e1tria Nova."}, {"id": 21940, "ano": 2013, "numero": 1148, "tipo__sigla": "IND", "tipo__descricao": "Indica\u00e7\u00e3o/Pedido de Provid\u00eancias", "autoria__autor__nome": "Inspetor Luz", "texto_original": "https://sapl.camaranh.rs.gov.br/media/sapl/public/materialegislativa/2013/21940/21940_texto_integral.odt", "ementa": "Solicita asfaltamento da Rua Bel\u00e9m do Par\u00e1, no Bairro Boa Vista.\r\n"}, {"id": 21941, "ano": 2013, "numero": 1149, "tipo__sigla": "IND", "tipo__descricao": "Indica\u00e7\u00e3o/Pedido de Provid\u00eancias", "autoria__autor__nome": "Inspetor Luz", "texto_original": "https://sapl.camaranh.rs.gov.br/media/sapl/public/materialegislativa/2013/21941/21941_texto_integral.odt", "ementa": "Solicita asfaltamento da Rua Curitiba, no Bairro Boa Vista."}, {"id": 21943, "ano": 2013, "numero": 1150, "tipo__sigla": "IND", "tipo__descricao": "Indica\u00e7\u00e3o/Pedido de Provid\u00eancias", "autoria__autor__nome": "JorgeTatsch", "texto_original": "https://sapl.camaranh.rs.gov.br/media/sapl/public/materialegislativa/2013/21943/21943_texto_integral.odt", "ementa": "Solicita recapeamento asf\u00e1ltico da Rua Itaperuna, em toda extens\u00e3o, no Bairro Santo Afonso."}, {"id": 21944, "ano": 2013, "numero": 1151, "tipo__sigla": "IND", "tipo__descricao": "Indica\u00e7\u00e3o/Pedido de Provid\u00eancias", "autoria__autor__nome": "JorgeTatsch", "texto_original": "https://sapl.camaranh.rs.gov.br/media/sapl/public/materialegislativa/2013/21944/21944_texto_integral.odt", "ementa": "Solicita limpeza de esgoto na Rua Oper\u00e1rio Jo\u00e3o, em toda extens\u00e3o, no Bairro Santo Afonso."}, {"id": 21946, "ano": 2013, "numero": 1152, "tipo__sigla": "IND", "tipo__descricao": "Indica\u00e7\u00e3o/Pedido de Provid\u00eancias", "autoria__autor__nome": "JorgeTatsch", "texto_original": "https://sapl.camaranh.rs.gov.br/media/sapl/public/materialegislativa/2013/21946/21946_texto_integral.odt", "ementa": "Solicita conserto da cobertura na parada  de  \u00f4nibus, na Av. Victor Hugo Kunz, nas proximidades do Tabelionato Barreto, 2434, Bairro  Canudos."}, {"id": 21948, "ano": 2013, "numero": 1153, "tipo__sigla": "IND", "tipo__descricao": "Indica\u00e7\u00e3o/Pedido de Provid\u00eancias", "autoria__autor__nome": "JorgeTatsch", "texto_original": "https://sapl.camaranh.rs.gov.br/media/sapl/public/materialegislativa/2013/21948/21948_texto_integral.odt", "ementa": "Solicita coloca\u00e7\u00e3o de bancos nas esta\u00e7\u00f5es da  Trensurb localizadas na Cidade de Novo Hamburgo para a popula\u00e7\u00e3o aguardar a passagem do trem."}, {"id": 21949, "ano": 2013, "numero": 1154, "tipo__sigla": "IND", "tipo__descricao": "Indica\u00e7\u00e3o/Pedido de Provid\u00eancias", "autoria__autor__nome": "JorgeTatsch", "texto_original": "https://sapl.camaranh.rs.gov.br/media/sapl/public/materialegislativa/2013/21949/21949_texto_integral.odt", "ementa": "Solicita retirada de um tronco de \u00e1rvore na cal\u00e7ada da Rua Lima, em frente ao n\u00famero 297 no Bairro Santo Afonso."}, {"id": 21950, "ano": 2013, "numero": 1155, "tipo__sigla": "IND", "tipo__descricao": "Indica\u00e7\u00e3o/Pedido de Provid\u00eancias", "autoria__autor__nome": "JorgeTatsch", "texto_original": "https://sapl.camaranh.rs.gov.br/media/sapl/public/materialegislativa/2013/21950/21950_texto_integral.odt", "ementa": "Solicita remo\u00e7\u00e3o de \u00e1rvore na Rua Frederico Westphalen,  em frente ao n\u00ba 561, Bairro Santo Afonso."}, {"id": 21951, "ano": 2013, "numero": 1156, "tipo__sigla": "IND", "tipo__descricao": "Indica\u00e7\u00e3o/Pedido de Provid\u00eancias", "autoria__autor__nome": "JorgeTatsch", "texto_original": "https://sapl.camaranh.rs.gov.br/media/sapl/public/materialegislativa/2013/21951/21951_texto_integral.odt", "ementa": "Solicita conserto de infiltra\u00e7\u00e3o no passeio p\u00fablico localizado na  Rua Lima, em frente ao n\u00ba 152, no  Bairro Santo Afonso."}, {"id": 21952, "ano": 2013, "numero": 1157, "tipo__sigla": "IND", "tipo__descricao": "Indica\u00e7\u00e3o/Pedido de Provid\u00eancias", "autoria__autor__nome": "JorgeTatsch", "texto_original": "https://sapl.camaranh.rs.gov.br/media/sapl/public/materialegislativa/2013/21952/21952_texto_integral.odt", "ementa": "Solicita opera\u00e7\u00e3o tapa-buracos na Av. Montevid\u00e9o, no trecho pr\u00f3ximo ao  n\u00ba 100, Bairro Santo Afonso."}, {"id": 21954, "ano": 2013, "numero": 1158, "tipo__sigla": "IND", "tipo__descricao": "Indica\u00e7\u00e3o/Pedido de Provid\u00eancias", "autoria__autor__nome": "Naasom Luciano", "texto_original": "https://sapl.camaranh.rs.gov.br/media/sapl/public/materialegislativa/2013/21954/21954_texto_integral.odt", "ementa": "Solicita o estudo da viabilidade junto ao patrim\u00f4nio, para abertura de rua entre as Ruas Edson e Disraeli e paralelo entre a Ruas \u00cdcaro e Silvio Gilberto Christmann, Bairro Canudos."}, {"id": 21959, "ano": 2013, "numero": 1159, "tipo__sigla": "IND", "tipo__descricao": "Indica\u00e7\u00e3o/Pedido de Provid\u00eancias", "autoria__autor__nome": "Professor Issur Koch", "texto_original": "https://sapl.camaranh.rs.gov.br/media/sapl/public/materialegislativa/2013/21959/21959_texto_integral.odt", "ementa": "Solicita, com urg\u00eancia, limpeza do Arroio Peri, pr\u00f3ximo \u00e0 Rua Jamaica, no Bairro Canudos."}, {"id": 21968, "ano": 2013, "numero": 1160, "tipo__sigla": "IND", "tipo__descricao": "Indica\u00e7\u00e3o/Pedido de Provid\u00eancias", "autoria__autor__nome": "Gerson Peteffi\r\nInspetor Luz\r\nJorgeTatsch\r\nProfessor Issur Koch\r\nRaul Cassel\r\nSergio Hanich", "texto_original": "https://sapl.camaranh.rs.gov.br/media/sapl/public/materialegislativa/2013/21968/21968_texto_integral.odt", "ementa": "Solicita ao Tribunal de Contas do Estado que instaure Auditoria Especial nas contas no Instituto de Previd\u00eancia e Assist\u00eancia dos Servidores Municipais de Novo Hamburgo -  Ipasem-NH."}, {"id": 21970, "ano": 2013, "numero": 1161, "tipo__sigla": "IND", "tipo__descricao": "Indica\u00e7\u00e3o/Pedido de Provid\u00eancias", "autoria__autor__nome": "Inspetor Luz", "texto_original": "https://sapl.camaranh.rs.gov.br/media/sapl/public/materialegislativa/2013/21970/21970_texto_integral.odt", "ementa": "Solicita capina e limpeza junto ao meio-fio em toda extens\u00e3o da Rua Dinamarca, no Bairro Rinc\u00e3o."}, {"id": 21972, "ano": 2013, "numero": 1162, "tipo__sigla": "IND", "tipo__descricao": "Indica\u00e7\u00e3o/Pedido de Provid\u00eancias", "autoria__autor__nome": "Inspetor Luz", "texto_original": "https://sapl.camaranh.rs.gov.br/media/sapl/public/materialegislativa/2013/21972/21972_texto_integral.odt", "ementa": "Solicita conserto de infiltra\u00e7\u00e3o no passeio p\u00fablico na Avenida Na\u00e7\u00f5es Unidas (imedia\u00e7\u00f5es do dep\u00f3sito da Macosan) nas proximidades da esquina com a Rua 24 de Maio, Bairro Rinc\u00e3o."}, {"id": 21973, "ano": 2013, "numero": 1163, "tipo__sigla": "IND", "tipo__descricao": "Indica\u00e7\u00e3o/Pedido de Provid\u00eancias", "autoria__autor__nome": "Inspetor Luz", "texto_original": "https://sapl.camaranh.rs.gov.br/media/sapl/public/materialegislativa/2013/21973/21973_texto_integral.odt", "ementa": "Solicita asfaltamento da Rua Aquidaban, no Bairro Rio Branco."}, {"id": 21974, "ano": 2013, "numero": 1164, "tipo__sigla": "IND", "tipo__descricao": "Indica\u00e7\u00e3o/Pedido de Provid\u00eancias", "autoria__autor__nome": "Inspetor Luz", "texto_original": "https://sapl.camaranh.rs.gov.br/media/sapl/public/materialegislativa/2013/21974/21974_texto_integral.odt", "ementa": "Solicita revitaliza\u00e7\u00e3o da pintura das faixas de seguran\u00e7a entre as Ruas Jap\u00e3o e Caxias do Sul, no Bairro Rinc\u00e3o."}, {"id": 21975, "ano": 2013, "numero": 1165, "tipo__sigla": "IND", "tipo__descricao": "Indica\u00e7\u00e3o/Pedido de Provid\u00eancias", "autoria__autor__nome": "Inspetor Luz", "texto_original": "https://sapl.camaranh.rs.gov.br/media/sapl/public/materialegislativa/2013/21975/21975_texto_integral.odt", "ementa": "Solicita coloca\u00e7\u00e3o de grade de conten\u00e7\u00e3o na boca-de-lobo localizada em frente ao n\u00ba 597, na Av. Na\u00e7\u00f5es Unidas, no Bairro Rio Branco. "}, {"id": 21976, "ano": 2013, "numero": 1166, "tipo__sigla": "IND", "tipo__descricao": "Indica\u00e7\u00e3o/Pedido de Provid\u00eancias", "autoria__autor__nome": "Sergio Hanich", "texto_original": "https://sapl.camaranh.rs.gov.br/media/sapl/public/materialegislativa/2013/21976/21976_texto_integral.odt", "ementa": "Solicita coloca\u00e7\u00e3o de placa de \"PROIBIDO COLOCAR LIXO\" na esquina das Ruas Nicolae Vasilescu, Heron Domingues e Avenida Alc\u00e2ntara, no Bairro Canudos."}, {"id": 21977, "ano": 2013, "numero": 1167, "tipo__sigla": "IND", "tipo__descricao": "Indica\u00e7\u00e3o/Pedido de Provid\u00eancias", "autoria__autor__nome": "Sergio Hanich", "texto_original": "https://sapl.camaranh.rs.gov.br/media/sapl/public/materialegislativa/2013/21977/21977_texto_integral.odt", "ementa": "Solicita limpeza e recolhimento de lixo e entulho na esquina das Ruas Nicolae Vasilescu, Heron Domingues e Av. Alc\u00e2ntara, no Bairro Canudos."}, {"id": 21979, "ano": 2013, "numero": 1168, "tipo__sigla": "IND", "tipo__descricao": "Indica\u00e7\u00e3o/Pedido de Provid\u00eancias", "autoria__autor__nome": "Sergio Hanich", "texto_original": "https://sapl.camaranh.rs.gov.br/media/sapl/public/materialegislativa/2013/21979/21979_texto_integral.odt", "ementa": "Solicita estudo de viabilidade para coloca\u00e7\u00e3o de  quebra-molas na Rua Nicolae Vasilescu, nas proximidades do n\u00ba 380, Bairro Canudos."}, {"id": 21980, "ano": 2013, "numero": 1169, "tipo__sigla": "IND", "tipo__descricao": "Indica\u00e7\u00e3o/Pedido de Provid\u00eancias", "autoria__autor__nome": "Sergio Hanich", "texto_original": "https://sapl.camaranh.rs.gov.br/media/sapl/public/materialegislativa/2013/21980/21980_texto_integral.odt", "ementa": "Solicita substitui\u00e7\u00e3o dos postes de ilumina\u00e7\u00e3o p\u00fablica situados na Rua Kipling, em frente ao n\u00ba 50 e 65, Bairro Canudos."}, {"id": 21983, "ano": 2013, "numero": 1170, "tipo__sigla": "IND", "tipo__descricao": "Indica\u00e7\u00e3o/Pedido de Provid\u00eancias", "autoria__autor__nome": "JorgeTatsch", "texto_original": "https://sapl.camaranh.rs.gov.br/media/sapl/public/materialegislativa/2013/21983/21983_texto_integral.odt", "ementa": "Solicita poda de \u00e1rvores localizadas na pra\u00e7a da Rua Seis,  no loteamento Novo Na\u00e7\u00f5es Unidas, Bairro Santo Afonso."}, {"id": 21985, "ano": 2013, "numero": 1171, "tipo__sigla": "IND", "tipo__descricao": "Indica\u00e7\u00e3o/Pedido de Provid\u00eancias", "autoria__autor__nome": "JorgeTatsch", "texto_original": "https://sapl.camaranh.rs.gov.br/media/sapl/public/materialegislativa/2013/21985/21985_texto_integral.odt", "ementa": "Solicita a troca da tampa de boca-de-lobo na Rua Man\u00e1gua, em frente ao n\u00ba 687, no Bairro Santo Afonso."}, {"id": 21987, "ano": 2013, "numero": 1172, "tipo__sigla": "IND", "tipo__descricao": "Indica\u00e7\u00e3o/Pedido de Provid\u00eancias", "autoria__autor__nome": "JorgeTatsch", "texto_original": "https://sapl.camaranh.rs.gov.br/media/sapl/public/materialegislativa/2013/21987/21987_texto_integral.odt", "ementa": "Solicita conserto de infiltra\u00e7\u00e3o na Rua Bruno Werner Storck, em frente ao n\u00ba 1384, Bairro Canudos."}, {"id": 21988, "ano": 2013, "numero": 1173, "tipo__sigla": "IND", "tipo__descricao": "Indica\u00e7\u00e3o/Pedido de Provid\u00eancias", "autoria__autor__nome": "JorgeTatsch", "texto_original": "https://sapl.camaranh.rs.gov.br/media/sapl/public/materialegislativa/2013/21988/21988_texto_integral.odt", "ementa": "Solicita substitui\u00e7\u00e3o de l\u00e2mpada queimada na Rua Jo\u00e3o Corr\u00eaa, em frente ao n\u00ba 75, Bairro Santo Afonso."}, {"id": 21989, "ano": 2013, "numero": 1174, "tipo__sigla": "IND", "tipo__descricao": "Indica\u00e7\u00e3o/Pedido de Provid\u00eancias", "autoria__autor__nome": "JorgeTatsch", "texto_original": "https://sapl.camaranh.rs.gov.br/media/sapl/public/materialegislativa/2013/21989/21989_texto_integral.odt", "ementa": "Solicita substitui\u00e7\u00e3o de l\u00e2mpada queimada na Rua Primeiro de Maio, em frente ao n\u00ba 172, Bairro Guarani."}, {"id": 21990, "ano": 2013, "numero": 1175, "tipo__sigla": "IND", "tipo__descricao": "Indica\u00e7\u00e3o/Pedido de Provid\u00eancias", "autoria__autor__nome": "JorgeTatsch", "texto_original": "https://sapl.camaranh.rs.gov.br/media/sapl/public/materialegislativa/2013/21990/21990_texto_integral.odt", "ementa": "Solicita coloca\u00e7\u00e3o de um sem\u00e1foro para pedestres na Rua Guia Lopes, em frente ao n\u00famero 696 , no Bairro Rond\u00f4nia."}, {"id": 21993, "ano": 2013, "numero": 1176, "tipo__sigla": "IND", "tipo__descricao": "Indica\u00e7\u00e3o/Pedido de Provid\u00eancias", "autoria__autor__nome": "Enfermeiro Vilmar", "texto_original": "https://sapl.camaranh.rs.gov.br/media/sapl/public/materialegislativa/2013/21993/21993_texto_integral.odt", "ementa": "Solicita conclus\u00e3o do cal\u00e7amento at\u00e9 o fim da Rua N\u00e1poles, do n\u00ba 40 ao 55,  devido ao grande acumulo de \u00e1gua em dias de chuva."}, {"id": 21996, "ano": 2013, "numero": 1177, "tipo__sigla": "IND", "tipo__descricao": "Indica\u00e7\u00e3o/Pedido de Provid\u00eancias", "autoria__autor__nome": "Enfermeiro Vilmar", "texto_original": "https://sapl.camaranh.rs.gov.br/media/sapl/public/materialegislativa/2013/21996/21996_texto_integral.odt", "ementa": "Solicita coloca\u00e7\u00e3o de britas, na Rua N\u00e1poles, pr\u00f3ximo ao n\u00ba 50, no Bairro Canudos."}, {"id": 21997, "ano": 2013, "numero": 1178, "tipo__sigla": "IND", "tipo__descricao": "Indica\u00e7\u00e3o/Pedido de Provid\u00eancias", "autoria__autor__nome": "Enfermeiro Vilmar", "texto_original": "https://sapl.camaranh.rs.gov.br/media/sapl/public/materialegislativa/2013/21997/21997_texto_integral.odt", "ementa": "Solicita restrutura\u00e7\u00e3o da ponte \"Arroio Panta\", na Rua Odon Cavalcante, n\u00ba 674 &#8211; Bairro Canudos."}, {"id": 21998, "ano": 2013, "numero": 1179, "tipo__sigla": "IND", "tipo__descricao": "Indica\u00e7\u00e3o/Pedido de Provid\u00eancias", "autoria__autor__nome": "Enfermeiro Vilmar", "texto_original": "https://sapl.camaranh.rs.gov.br/media/sapl/public/materialegislativa/2013/21998/21998_texto_integral.odt", "ementa": "Solicita coloca\u00e7\u00e3o de redutores de velocidade na Rua S\u00edlvio Gilberto Christmann, n\u00ba 2054,  Bairro Canudos. "}, {"id": 22000, "ano": 2013, "numero": 1180, "tipo__sigla": "IND", "tipo__descricao": "Indica\u00e7\u00e3o/Pedido de Provid\u00eancias", "autoria__autor__nome": "Enfermeiro Vilmar", "texto_original": "https://sapl.camaranh.rs.gov.br/media/sapl/public/materialegislativa/2013/22000/22000_texto_integral.odt", "ementa": "Solicita coloca\u00e7\u00e3o de redutores de velocidade e faixa de seguran\u00e7a na Rua Col\u00fambia, n\u00ba 1515, Bairro Canudos."}, {"id": 22001, "ano": 2013, "numero": 1181, "tipo__sigla": "IND", "tipo__descricao": "Indica\u00e7\u00e3o/Pedido de Provid\u00eancias", "autoria__autor__nome": "Enfermeiro Vilmar", "texto_original": "https://sapl.camaranh.rs.gov.br/media/sapl/public/materialegislativa/2013/22001/22001_texto_integral.odt", "ementa": "Solicita coloca\u00e7\u00e3o de um redutor de velocidade na Rua Ven\u00e2ncio Aires, esquina Rua Casca, pr\u00f3ximo ao  n\u00ba 889 - Bairro Canudos. "}, {"id": 22003, "ano": 2013, "numero": 1182, "tipo__sigla": "IND", "tipo__descricao": "Indica\u00e7\u00e3o/Pedido de Provid\u00eancias", "autoria__autor__nome": "Inspetor Luz", "texto_original": "https://sapl.camaranh.rs.gov.br/media/sapl/public/materialegislativa/2013/22003/22003_texto_integral.odt", "ementa": "Solicita recomposi\u00e7\u00e3o asf\u00e1ltica em frente ao n\u00ba 567 da Av. Na\u00e7\u00f5es Unidas, no Bairro Rio Branco."}, {"id": 22005, "ano": 2013, "numero": 1183, "tipo__sigla": "IND", "tipo__descricao": "Indica\u00e7\u00e3o/Pedido de Provid\u00eancias", "autoria__autor__nome": "Inspetor Luz", "texto_original": "https://sapl.camaranh.rs.gov.br/media/sapl/public/materialegislativa/2013/22005/22005_texto_integral.odt", "ementa": "Solicita capina e limpeza junto ao meio-fio em toda extens\u00e3o da Rua Caxias do Sul, no Bairro Rinc\u00e3o."}, {"id": 22006, "ano": 2013, "numero": 1184, "tipo__sigla": "IND", "tipo__descricao": "Indica\u00e7\u00e3o/Pedido de Provid\u00eancias", "autoria__autor__nome": "Inspetor Luz", "texto_original": "https://sapl.camaranh.rs.gov.br/media/sapl/public/materialegislativa/2013/22006/22006_texto_integral.odt", "ementa": "Solicita recomposi\u00e7\u00e3o asf\u00e1ltica em toda extens\u00e3o da Rua Tupinamb\u00e1, no Bairro Rio Branco."}, {"id": 22007, "ano": 2013, "numero": 1185, "tipo__sigla": "IND", "tipo__descricao": "Indica\u00e7\u00e3o/Pedido de Provid\u00eancias", "autoria__autor__nome": "Inspetor Luz", "texto_original": "https://sapl.camaranh.rs.gov.br/media/sapl/public/materialegislativa/2013/22007/22007_texto_integral.odt", "ementa": "Solicita recomposi\u00e7\u00e3o asf\u00e1ltica no trecho entre os n\u00bas 748 e 752 da Rua Tupi, no Bairro Rio Branco."}, {"id": 22008, "ano": 2013, "numero": 1186, "tipo__sigla": "IND", "tipo__descricao": "Indica\u00e7\u00e3o/Pedido de Provid\u00eancias", "autoria__autor__nome": "Inspetor Luz", "texto_original": "https://sapl.camaranh.rs.gov.br/media/sapl/public/materialegislativa/2013/22008/22008_texto_integral.odt", "ementa": "Solicita limpeza da boca-de-lobo localizada na esquina das Ruas Jap\u00e3o e Caxias do Sul, no Bairro Rinc\u00e3o."}, {"id": 22009, "ano": 2013, "numero": 1187, "tipo__sigla": "IND", "tipo__descricao": "Indica\u00e7\u00e3o/Pedido de Provid\u00eancias", "autoria__autor__nome": "Naasom Luciano", "texto_original": "https://sapl.camaranh.rs.gov.br/media/sapl/public/materialegislativa/2013/22009/22009_texto_integral.odt", "ementa": "Solicita revitaliza\u00e7\u00e3o do Parque do Trabalhador."}, {"id": 22010, "ano": 2013, "numero": 1188, "tipo__sigla": "IND", "tipo__descricao": "Indica\u00e7\u00e3o/Pedido de Provid\u00eancias", "autoria__autor__nome": "Naasom Luciano", "texto_original": "https://sapl.camaranh.rs.gov.br/media/sapl/public/materialegislativa/2013/22010/22010_texto_integral.odt", "ementa": "Sugere ao Executivo Municipal estudo junto ao DNIT para retirada do sem\u00e1foro localizado na r\u00f3tula do viaduto do Bairro Rinc\u00e3o."}, {"id": 22011, "ano": 2013, "numero": 1189, "tipo__sigla": "IND", "tipo__descricao": "Indica\u00e7\u00e3o/Pedido de Provid\u00eancias", "autoria__autor__nome": "Professor Issur Koch", "texto_original": "https://sapl.camaranh.rs.gov.br/media/sapl/public/materialegislativa/2013/22011/22011_texto_integral.odt", "ementa": "Solicita poda de plantas e arbustos situados no canteiro central da Avenida Cel. Frederico Linck, entre as Ruas Santa Sofia e Santa Maria."}, {"id": 22012, "ano": 2013, "numero": 1190, "tipo__sigla": "IND", "tipo__descricao": "Indica\u00e7\u00e3o/Pedido de Provid\u00eancias", "autoria__autor__nome": "Professor Issur Koch", "texto_original": "https://sapl.camaranh.rs.gov.br/media/sapl/public/materialegislativa/2013/22012/22012_texto_integral.odt", "ementa": "Solicita, com urg\u00eancia, chamada de monitores para atendimento de crian\u00e7as com necessidades especiais na E.M.E.F. Eug\u00eanio Nelson Ritzel, no Bairro S\u00e3o Jos\u00e9."}, {"id": 22015, "ano": 2013, "numero": 1191, "tipo__sigla": "IND", "tipo__descricao": "Indica\u00e7\u00e3o/Pedido de Provid\u00eancias", "autoria__autor__nome": "Enfermeiro Vilmar", "texto_original": "https://sapl.camaranh.rs.gov.br/media/sapl/public/materialegislativa/2013/22015/22015_texto_integral.odt", "ementa": "Solicita placas de sinaliza\u00e7\u00e3o, na Rua Casca, esquina da Rua Ven\u00e2ncio Aires, Bairro Canudos. "}, {"id": 22016, "ano": 2013, "numero": 1192, "tipo__sigla": "IND", "tipo__descricao": "Indica\u00e7\u00e3o/Pedido de Provid\u00eancias", "autoria__autor__nome": "Enfermeiro Vilmar", "texto_original": "https://sapl.camaranh.rs.gov.br/media/sapl/public/materialegislativa/2013/22016/22016_texto_integral.odt", "ementa": "Solicita remo\u00e7\u00e3o de galhos e entulhos depositados na Rua Casca, em frente ao n\u00ba 97, no  Bairro Canudos."}, {"id": 22026, "ano": 2013, "numero": 1193, "tipo__sigla": "IND", "tipo__descricao": "Indica\u00e7\u00e3o/Pedido de Provid\u00eancias", "autoria__autor__nome": "JorgeTatsch", "texto_original": "https://sapl.camaranh.rs.gov.br/media/sapl/public/materialegislativa/2013/22026/22026_texto_integral.odt", "ementa": "Solicita a troca da tampa de boca-de-lobo na Rua Ant\u00f4nio Roberto Kroeff, em frente ao n\u00ba 81, no Bairro Santo Afonso."}, {"id": 22027, "ano": 2013, "numero": 1194, "tipo__sigla": "IND", "tipo__descricao": "Indica\u00e7\u00e3o/Pedido de Provid\u00eancias", "autoria__autor__nome": "JorgeTatsch", "texto_original": "https://sapl.camaranh.rs.gov.br/media/sapl/public/materialegislativa/2013/22027/22027_texto_integral.odt", "ementa": "Solicita a troca da tampa de boca-de-lobo na Rua Santa Rita, esquina com a Rua Andr\u00e9 Pinto, em frente ao n\u00ba 114, no Bairro Industrial."}, {"id": 22028, "ano": 2013, "numero": 1195, "tipo__sigla": "IND", "tipo__descricao": "Indica\u00e7\u00e3o/Pedido de Provid\u00eancias", "autoria__autor__nome": "JorgeTatsch", "texto_original": "https://sapl.camaranh.rs.gov.br/media/sapl/public/materialegislativa/2013/22028/22028_texto_integral.odt", "ementa": "Solicita a troca de duas tampas de boca-de-lobo na Rua Libres, em frente ao n\u00ba 92, no Bairro Industrial."}, {"id": 22029, "ano": 2013, "numero": 1196, "tipo__sigla": "IND", "tipo__descricao": "Indica\u00e7\u00e3o/Pedido de Provid\u00eancias", "autoria__autor__nome": "JorgeTatsch", "texto_original": "https://sapl.camaranh.rs.gov.br/media/sapl/public/materialegislativa/2013/22029/22029_texto_integral.odt", "ementa": "Solicita desentupimento de esgoto da Rua Augusto Pestana, em frente ao n\u00ba 228, Bairro Industrial."}, {"id": 22030, "ano": 2013, "numero": 1197, "tipo__sigla": "IND", "tipo__descricao": "Indica\u00e7\u00e3o/Pedido de Provid\u00eancias", "autoria__autor__nome": "JorgeTatsch", "texto_original": "https://sapl.camaranh.rs.gov.br/media/sapl/public/materialegislativa/2013/22030/22030_texto_integral.odt", "ementa": "Solicita desentupimento de esgoto na Av. Primeiro de Mar\u00e7o, esquina com a Rua Augusto Pestana, Bairro Industrial."}, {"id": 22031, "ano": 2013, "numero": 1198, "tipo__sigla": "IND", "tipo__descricao": "Indica\u00e7\u00e3o/Pedido de Provid\u00eancias", "autoria__autor__nome": "JorgeTatsch", "texto_original": "https://sapl.camaranh.rs.gov.br/media/sapl/public/materialegislativa/2013/22031/22031_texto_integral.odt", "ementa": "Solicita desentupimento de esgoto da Rua Libres, em frente ao n\u00ba 92, Bairro Industrial."}, {"id": 22032, "ano": 2013, "numero": 1199, "tipo__sigla": "IND", "tipo__descricao": "Indica\u00e7\u00e3o/Pedido de Provid\u00eancias", "autoria__autor__nome": "JorgeTatsch", "texto_original": "https://sapl.camaranh.rs.gov.br/media/sapl/public/materialegislativa/2013/22032/22032_texto_integral.odt", "ementa": "Solicita substitui\u00e7\u00e3o de l\u00e2mpada queimada na Rua Seis, em frente ao n\u00ba 55, Loteamento Novo Na\u00e7\u00f5es Unidas, Bairro Santo Afonso."}, {"id": 22033, "ano": 2013, "numero": 1200, "tipo__sigla": "IND", "tipo__descricao": "Indica\u00e7\u00e3o/Pedido de Provid\u00eancias", "autoria__autor__nome": "Inspetor Luz", "texto_original": "https://sapl.camaranh.rs.gov.br/media/sapl/public/materialegislativa/2013/22033/22033_texto_integral.odt", "ementa": "Solicita asfaltamento da Rua Curitiba, Bairro Boa Vista."}, {"id": 22035, "ano": 2013, "numero": 1201, "tipo__sigla": "IND", "tipo__descricao": "Indica\u00e7\u00e3o/Pedido de Provid\u00eancias", "autoria__autor__nome": "Inspetor Luz", "texto_original": "https://sapl.camaranh.rs.gov.br/media/sapl/public/materialegislativa/2013/22035/22035_texto_integral.odt", "ementa": "Solicita asfaltamento da Rua Fortaleza, Bairro Boa Vista."}, {"id": 22036, "ano": 2013, "numero": 1202, "tipo__sigla": "IND", "tipo__descricao": "Indica\u00e7\u00e3o/Pedido de Provid\u00eancias", "autoria__autor__nome": "Inspetor Luz", "texto_original": "https://sapl.camaranh.rs.gov.br/media/sapl/public/materialegislativa/2013/22036/22036_texto_integral.odt", "ementa": "Solicita capina e limpeza do passeio p\u00fablico e junto ao meio-fio em toda a extens\u00e3o da Rua Belo Horizonte, Bairro Boa Vista."}, {"id": 22037, "ano": 2013, "numero": 1203, "tipo__sigla": "IND", "tipo__descricao": "Indica\u00e7\u00e3o/Pedido de Provid\u00eancias", "autoria__autor__nome": "Inspetor Luz", "texto_original": "https://sapl.camaranh.rs.gov.br/media/sapl/public/materialegislativa/2013/22037/22037_texto_integral.odt", "ementa": "Solicita capina e limpeza do passeio p\u00fablico e junto ao meio-fio em toda a extens\u00e3o da Rua Carumb\u00e9, Bairro Ouro Branco."}, {"id": 22038, "ano": 2013, "numero": 1204, "tipo__sigla": "IND", "tipo__descricao": "Indica\u00e7\u00e3o/Pedido de Provid\u00eancias", "autoria__autor__nome": "Inspetor Luz", "texto_original": "https://sapl.camaranh.rs.gov.br/media/sapl/public/materialegislativa/2013/22038/22038_texto_integral.odt", "ementa": "Solicita capina e limpeza do passeio p\u00fablico e junto ao meio-fio em toda a extens\u00e3o da Rua Curitiba, Bairro Boa Vista."}, {"id": 22039, "ano": 2013, "numero": 1205, "tipo__sigla": "IND", "tipo__descricao": "Indica\u00e7\u00e3o/Pedido de Provid\u00eancias", "autoria__autor__nome": "Inspetor Luz", "texto_original": "https://sapl.camaranh.rs.gov.br/media/sapl/public/materialegislativa/2013/22039/22039_texto_integral.odt", "ementa": "PP solicita capina e limpeza junto ao meio fio da rua Jahu, bairro Boa Vista"}, {"id": 22040, "ano": 2013, "numero": 1206, "tipo__sigla": "IND", "tipo__descricao": "Indica\u00e7\u00e3o/Pedido de Provid\u00eancias", "autoria__autor__nome": "Inspetor Luz", "texto_original": "https://sapl.camaranh.rs.gov.br/media/sapl/public/materialegislativa/2013/22040/22040_texto_integral.odt", "ementa": "Solicita capina e limpeza do passeio p\u00fablico e junto ao meio-fio em toda a extens\u00e3o da Rua J\u00falio Aichinger, Bairro P\u00e1tria Nova."}, {"id": 22041, "ano": 2013, "numero": 1207, "tipo__sigla": "IND", "tipo__descricao": "Indica\u00e7\u00e3o/Pedido de Provid\u00eancias", "autoria__autor__nome": "Inspetor Luz", "texto_original": "https://sapl.camaranh.rs.gov.br/media/sapl/public/materialegislativa/2013/22041/22041_texto_integral.odt", "ementa": "Solicita amplia\u00e7\u00e3o da rede de ilumina\u00e7\u00e3o p\u00fablica e substitui\u00e7\u00e3o das l\u00e2mpadas por outras de vapor de s\u00f3dio em toda extens\u00e3o da Rua Carumb\u00e9, Bairro Ouro Branco."}, {"id": 22042, "ano": 2013, "numero": 1208, "tipo__sigla": "IND", "tipo__descricao": "Indica\u00e7\u00e3o/Pedido de Provid\u00eancias", "autoria__autor__nome": "Enfermeiro Vilmar", "texto_original": "https://sapl.camaranh.rs.gov.br/media/sapl/public/materialegislativa/2013/22042/22042_texto_integral.odt", "ementa": "Solicita poda de \u00e1rvore, em frente ao n\u00ba1632, na Rua Col\u00fambia, Bairro Canudos. "}, {"id": 22043, "ano": 2013, "numero": 1209, "tipo__sigla": "IND", "tipo__descricao": "Indica\u00e7\u00e3o/Pedido de Provid\u00eancias", "autoria__autor__nome": "Enfermeiro Vilmar", "texto_original": "https://sapl.camaranh.rs.gov.br/media/sapl/public/materialegislativa/2013/22043/22043_texto_integral.odt", "ementa": "Solicita faixa de seguran\u00e7a na Rua \u00cdcaro, esquina com a Rua Vitor Hugo Kuntz, nos quatro tempos da sinaleira."}, {"id": 22044, "ano": 2013, "numero": 1210, "tipo__sigla": "IND", "tipo__descricao": "Indica\u00e7\u00e3o/Pedido de Provid\u00eancias", "autoria__autor__nome": "Enfermeiro Vilmar", "texto_original": "https://sapl.camaranh.rs.gov.br/media/sapl/public/materialegislativa/2013/22044/22044_texto_integral.odt", "ementa": "Solicita faixa de seguran\u00e7a na Rua Bartolomeu de Gusm\u00e3o, esquina com a Rua General Daltro Filho, nos quatro tempos da sinaleira."}, {"id": 22046, "ano": 2013, "numero": 1211, "tipo__sigla": "IND", "tipo__descricao": "Indica\u00e7\u00e3o/Pedido de Provid\u00eancias", "autoria__autor__nome": "Enfermeiro Vilmar", "texto_original": "https://sapl.camaranh.rs.gov.br/media/sapl/public/materialegislativa/2013/22046/22046_texto_integral.odt", "ementa": "Solicita coloca\u00e7\u00e3o de quebra-molas junto \u00e0 Rua Col\u00fambia, pr\u00f3ximo ao n\u00ba 2109, no Bairro Canudos."}, {"id": 22050, "ano": 2013, "numero": 1212, "tipo__sigla": "IND", "tipo__descricao": "Indica\u00e7\u00e3o/Pedido de Provid\u00eancias", "autoria__autor__nome": "Sergio Hanich", "texto_original": "https://sapl.camaranh.rs.gov.br/media/sapl/public/materialegislativa/2013/22050/22050_texto_integral.odt", "ementa": "Opera\u00e7\u00e3o tapa buraco na rua Sorocaba trecho entre as ruas Aracati e Tabatinga, bairro Liberdade"}, {"id": 22051, "ano": 2013, "numero": 1213, "tipo__sigla": "IND", "tipo__descricao": "Indica\u00e7\u00e3o/Pedido de Provid\u00eancias", "autoria__autor__nome": "Sergio Hanich", "texto_original": "https://sapl.camaranh.rs.gov.br/media/sapl/public/materialegislativa/2013/22051/22051_texto_integral.odt", "ementa": "Coloca\u00e7\u00e3o de tampa de boca de lobo na rua Aracati esquina com a rua Sorocaba, Bairro Liberdade"}, {"id": 22052, "ano": 2013, "numero": 1214, "tipo__sigla": "IND", "tipo__descricao": "Indica\u00e7\u00e3o/Pedido de Provid\u00eancias", "autoria__autor__nome": "Enfermeiro Vilmar", "texto_original": "https://sapl.camaranh.rs.gov.br/media/sapl/public/materialegislativa/2013/22052/22052_texto_integral.odt", "ementa": "Solicita substitui\u00e7\u00e3o do encanamento da Rua Presidente Costa e Silva, n\u00ba 315, no Bairro Canudos."}, {"id": 22053, "ano": 2013, "numero": 1215, "tipo__sigla": "IND", "tipo__descricao": "Indica\u00e7\u00e3o/Pedido de Provid\u00eancias", "autoria__autor__nome": "Enfermeiro Vilmar", "texto_original": "https://sapl.camaranh.rs.gov.br/media/sapl/public/materialegislativa/2013/22053/22053_texto_integral.odt", "ementa": "Solicita implanta\u00e7\u00e3o de Academia de Gin\u00e1stica ao ar livre junto \u00e0 Pra\u00e7a Mario Pereira, situada na Rua Jo\u00e3o Aloysio Algayer, n\u00ba 1439, Bairro Lomba Grande."}, {"id": 22054, "ano": 2013, "numero": 1216, "tipo__sigla": "IND", "tipo__descricao": "Indica\u00e7\u00e3o/Pedido de Provid\u00eancias", "autoria__autor__nome": "Patr\u00edcia Beck", "texto_original": "https://sapl.camaranh.rs.gov.br/media/sapl/public/materialegislativa/2013/22054/22054_texto_integral.odt", "ementa": "Solicita o conserto do passeio p\u00fablico danificado por infiltra\u00e7\u00f5es, situado junto \u00e0 rua Vinte e Quatro de Maio, em frente ao n\u00ba 545, Bairro Vila Rosa."}, {"id": 22055, "ano": 2013, "numero": 1217, "tipo__sigla": "IND", "tipo__descricao": "Indica\u00e7\u00e3o/Pedido de Provid\u00eancias", "autoria__autor__nome": "Patr\u00edcia Beck", "texto_original": "https://sapl.camaranh.rs.gov.br/media/sapl/public/materialegislativa/2013/22055/22055_texto_integral.odt", "ementa": "Solicita conserto do passeio p\u00fablico danificado por infiltra\u00e7\u00f5es, situado na Rua Joaquim Pedro Soares, em frente ao n\u00ba 633, no Bairro Centro."}, {"id": 22056, "ano": 2013, "numero": 1218, "tipo__sigla": "IND", "tipo__descricao": "Indica\u00e7\u00e3o/Pedido de Provid\u00eancias", "autoria__autor__nome": "Patr\u00edcia Beck", "texto_original": "https://sapl.camaranh.rs.gov.br/media/sapl/public/materialegislativa/2013/22056/22056_texto_integral.odt", "ementa": "Solicita conserto da tampa da boca-de-lobo, localizada na Av. Coronel Travassos, em frente \u00e0 Comusa, no Bairro Rond\u00f4nia."}, {"id": 22057, "ano": 2013, "numero": 1219, "tipo__sigla": "IND", "tipo__descricao": "Indica\u00e7\u00e3o/Pedido de Provid\u00eancias", "autoria__autor__nome": "Patr\u00edcia Beck", "texto_original": "https://sapl.camaranh.rs.gov.br/media/sapl/public/materialegislativa/2013/22057/22057_texto_integral.odt", "ementa": "Solicita revitaliza\u00e7\u00e3o ou substitui\u00e7\u00e3o das placas de identifica\u00e7\u00e3o das ruas do Loteamento Morada dos Verdes Campos, no Bairro Santo Afonso."}, {"id": 22058, "ano": 2013, "numero": 1220, "tipo__sigla": "IND", "tipo__descricao": "Indica\u00e7\u00e3o/Pedido de Provid\u00eancias", "autoria__autor__nome": "Patr\u00edcia Beck", "texto_original": "https://sapl.camaranh.rs.gov.br/media/sapl/public/materialegislativa/2013/22058/22058_texto_integral.odt", "ementa": "Solicita recolhimento de lixo e galhos, localizados na Rua Carlos Walter Jung, no Loteamento Morada dos Verdes Campos, Bairro Santo Afonso."}, {"id": 22059, "ano": 2013, "numero": 1221, "tipo__sigla": "IND", "tipo__descricao": "Indica\u00e7\u00e3o/Pedido de Provid\u00eancias", "autoria__autor__nome": "Patr\u00edcia Beck", "texto_original": "https://sapl.camaranh.rs.gov.br/media/sapl/public/materialegislativa/2013/22059/22059_texto_integral.odt", "ementa": "Solicita recolhimento dos galhos localizados na Rua Floren\u00e7a, em frente ao n\u00ba 820, no Bairro Canudos."}, {"id": 22060, "ano": 2013, "numero": 1222, "tipo__sigla": "IND", "tipo__descricao": "Indica\u00e7\u00e3o/Pedido de Provid\u00eancias", "autoria__autor__nome": "Patr\u00edcia Beck", "texto_original": "https://sapl.camaranh.rs.gov.br/media/sapl/public/materialegislativa/2013/22060/22060_texto_integral.odt", "ementa": "Solicita coloca\u00e7\u00e3o de quebra-molas junto \u00e0 Rua Crist\u00f3v\u00e3o Colombo, em frente ao n\u00ba 604, no Bairro Centro."}, {"id": 22061, "ano": 2013, "numero": 1223, "tipo__sigla": "IND", "tipo__descricao": "Indica\u00e7\u00e3o/Pedido de Provid\u00eancias", "autoria__autor__nome": "Patr\u00edcia Beck", "texto_original": "https://sapl.camaranh.rs.gov.br/media/sapl/public/materialegislativa/2013/22061/22061_texto_integral.odt", "ementa": "Solicita corte de \u00e1rvores na Rua Sapiranga, ao lado direito do n\u00ba 1340, no Bairro Canudos."}, {"id": 22062, "ano": 2013, "numero": 1224, "tipo__sigla": "IND", "tipo__descricao": "Indica\u00e7\u00e3o/Pedido de Provid\u00eancias", "autoria__autor__nome": "Patr\u00edcia Beck", "texto_original": "https://sapl.camaranh.rs.gov.br/media/sapl/public/materialegislativa/2013/22062/22062_texto_integral.odt", "ementa": "Solicita opera\u00e7\u00e3o tapa-buracos na Rua S\u00e3o Luiz Gonzaga, em frente ao n\u00ba 1542, no Bairro Vila Nova."}, {"id": 22063, "ano": 2013, "numero": 1225, "tipo__sigla": "IND", "tipo__descricao": "Indica\u00e7\u00e3o/Pedido de Provid\u00eancias", "autoria__autor__nome": "Patr\u00edcia Beck", "texto_original": "https://sapl.camaranh.rs.gov.br/media/sapl/public/materialegislativa/2013/22063/22063_texto_integral.odt", "ementa": "Solicita recapeamento asf\u00e1ltico na Rua S\u00e3o Luiz Gonzaga, no Bairro Vila Nova."}, {"id": 22066, "ano": 2013, "numero": 1226, "tipo__sigla": "IND", "tipo__descricao": "Indica\u00e7\u00e3o/Pedido de Provid\u00eancias", "autoria__autor__nome": "Naasom Luciano", "texto_original": "https://sapl.camaranh.rs.gov.br/media/sapl/public/materialegislativa/2013/22066/22066_texto_integral.odt", "ementa": "Solicita desentupimento na rede de esgoto na Rua Presidente Costa e Silva, em frente ao n\u00ba 1460, Bairro Canudos."}, {"id": 22069, "ano": 2013, "numero": 1227, "tipo__sigla": "IND", "tipo__descricao": "Indica\u00e7\u00e3o/Pedido de Provid\u00eancias", "autoria__autor__nome": "Enfermeiro Vilmar", "texto_original": "https://sapl.camaranh.rs.gov.br/media/sapl/public/materialegislativa/2013/22069/22069_texto_integral.odt", "ementa": "Solicita faixa de seguran\u00e7a na Rua Vereador Oscar Horn, esquina com a Rua Bartolomeu de Gusm\u00e3o."}, {"id": 22070, "ano": 2013, "numero": 1228, "tipo__sigla": "IND", "tipo__descricao": "Indica\u00e7\u00e3o/Pedido de Provid\u00eancias", "autoria__autor__nome": "Enfermeiro Vilmar", "texto_original": "https://sapl.camaranh.rs.gov.br/media/sapl/public/materialegislativa/2013/22070/22070_texto_integral.odt", "ementa": "Solicita redutor de velocidade e faixa de seguran\u00e7a na Rua Am\u00e9rica, pr\u00f3ximo ao n\u00ba 1623, Bairro Canudos."}, {"id": 22071, "ano": 2013, "numero": 1229, "tipo__sigla": "IND", "tipo__descricao": "Indica\u00e7\u00e3o/Pedido de Provid\u00eancias", "autoria__autor__nome": "Enfermeiro Vilmar", "texto_original": "https://sapl.camaranh.rs.gov.br/media/sapl/public/materialegislativa/2013/22071/22071_texto_integral.odt", "ementa": "Solicita desentupimento de boca-de-lobo na Rua Augusto Pestana, em frente ao n\u00ba 302, Bairro Industrial."}, {"id": 22072, "ano": 2013, "numero": 1230, "tipo__sigla": "IND", "tipo__descricao": "Indica\u00e7\u00e3o/Pedido de Provid\u00eancias", "autoria__autor__nome": "Enfermeiro Vilmar", "texto_original": "https://sapl.camaranh.rs.gov.br/media/sapl/public/materialegislativa/2013/22072/22072_texto_integral.odt", "ementa": "Solicita faixa de seguran\u00e7a na Rua Casca, esquina com a Rua Bartolomeu de Gusm\u00e3o, nos dois tempos da sinaleira."}, {"id": 22073, "ano": 2013, "numero": 1231, "tipo__sigla": "IND", "tipo__descricao": "Indica\u00e7\u00e3o/Pedido de Provid\u00eancias", "autoria__autor__nome": "Enfermeiro Vilmar", "texto_original": "https://sapl.camaranh.rs.gov.br/media/sapl/public/materialegislativa/2013/22073/22073_texto_integral.odt", "ementa": "Solicita desentupimento de boca-de-lobo na Rua Augusto Pestana, n\u00ba 267/405, Bairro Industrial."}, {"id": 22074, "ano": 2013, "numero": 1232, "tipo__sigla": "IND", "tipo__descricao": "Indica\u00e7\u00e3o/Pedido de Provid\u00eancias", "autoria__autor__nome": "Enfermeiro Vilmar", "texto_original": "https://sapl.camaranh.rs.gov.br/media/sapl/public/materialegislativa/2013/22074/22074_texto_integral.odt", "ementa": "Solicita remo\u00e7\u00e3o de galhos e entulhos depositados na Rua Gustavo Becker, n\u00ba 40, no  Bairro Canudos."}, {"id": 22075, "ano": 2013, "numero": 1233, "tipo__sigla": "IND", "tipo__descricao": "Indica\u00e7\u00e3o/Pedido de Provid\u00eancias", "autoria__autor__nome": "Enfermeiro Vilmar", "texto_original": "https://sapl.camaranh.rs.gov.br/media/sapl/public/materialegislativa/2013/22075/22075_texto_integral.odt", "ementa": "Solicita fiscaliza\u00e7\u00e3o pela Secretaria de Seguran\u00e7a e Mobilidade Urbana atrav\u00e9s das grava\u00e7\u00f5es das c\u00e2meras instaladas na extens\u00e3o da Rua \u00cdcaro, no Bairro Canudos."}, {"id": 22077, "ano": 2013, "numero": 1234, "tipo__sigla": "IND", "tipo__descricao": "Indica\u00e7\u00e3o/Pedido de Provid\u00eancias", "autoria__autor__nome": "Cristiano Coller", "texto_original": "https://sapl.camaranh.rs.gov.br/media/sapl/public/materialegislativa/2013/22077/22077_texto_integral.odt", "ementa": "Solicita coloca\u00e7\u00e3o de placa denominativa na Rotat\u00f3ria David Alexandre Biz."}, {"id": 22081, "ano": 2013, "numero": 1235, "tipo__sigla": "IND", "tipo__descricao": "Indica\u00e7\u00e3o/Pedido de Provid\u00eancias", "autoria__autor__nome": "Naasom Luciano", "texto_original": "https://sapl.camaranh.rs.gov.br/media/sapl/public/materialegislativa/2013/22081/22081_texto_integral.odt", "ementa": "Sugere a atividade volunt\u00e1ria, na Pra\u00e7a do Imigrante, em Postos de Sa\u00fade a coleta de doa\u00e7\u00e3o de sangue, medula \u00f3ssea e sangue do cord\u00e3o umbilical e placent\u00e1rio, dentro das normas da Secretaria da Sa\u00fade, conforme Leis Municipais n\u00bas. 844/2008 e 2310/2011, para suprir o banco de doa\u00e7\u00f5es, para viabiliza\u00e7\u00e3o da proposta."}, {"id": 22082, "ano": 2013, "numero": 1236, "tipo__sigla": "IND", "tipo__descricao": "Indica\u00e7\u00e3o/Pedido de Provid\u00eancias", "autoria__autor__nome": "Naasom Luciano", "texto_original": "https://sapl.camaranh.rs.gov.br/media/sapl/public/materialegislativa/2013/22082/22082_texto_integral.odt", "ementa": "Sugere a disponibiliza\u00e7\u00e3o de um banheiro, junto \u00e0 Farm\u00e1cia Comunit\u00e1ria para os pacientes que esperam por atendimento."}, {"id": 22086, "ano": 2013, "numero": 1237, "tipo__sigla": "IND", "tipo__descricao": "Indica\u00e7\u00e3o/Pedido de Provid\u00eancias", "autoria__autor__nome": "JorgeTatsch", "texto_original": "https://sapl.camaranh.rs.gov.br/media/sapl/public/materialegislativa/2013/22086/22086_texto_integral.odt", "ementa": "Solicita desentupimento de esgoto na Rua Floresta, em frente ao n\u00ba 140, Bairro Santo Afonso."}, {"id": 22087, "ano": 2013, "numero": 1238, "tipo__sigla": "IND", "tipo__descricao": "Indica\u00e7\u00e3o/Pedido de Provid\u00eancias", "autoria__autor__nome": "JorgeTatsch", "texto_original": "https://sapl.camaranh.rs.gov.br/media/sapl/public/materialegislativa/2013/22087/22087_texto_integral.odt", "ementa": "Solicita coloca\u00e7\u00e3o de tampa de hidrante na Rua Dr. Magalh\u00e3es Calvet, Pr\u00f3ximo ao n\u00ba 255, Bairro Centro."}, {"id": 22088, "ano": 2013, "numero": 1239, "tipo__sigla": "IND", "tipo__descricao": "Indica\u00e7\u00e3o/Pedido de Provid\u00eancias", "autoria__autor__nome": "JorgeTatsch", "texto_original": "https://sapl.camaranh.rs.gov.br/media/sapl/public/materialegislativa/2013/22088/22088_texto_integral.odt", "ementa": "Solicita revitaliza\u00e7\u00e3o de pintura da ponte do Arroio Luiz Rau, na Rua Man\u00e1gua, Bairro Santo Afonso."}, {"id": 22089, "ano": 2013, "numero": 1240, "tipo__sigla": "IND", "tipo__descricao": "Indica\u00e7\u00e3o/Pedido de Provid\u00eancias", "autoria__autor__nome": "JorgeTatsch", "texto_original": "https://sapl.camaranh.rs.gov.br/media/sapl/public/materialegislativa/2013/22089/22089_texto_integral.odt", "ementa": "Solicita melhorias na rede de ilumina\u00e7\u00e3o p\u00fablica  na Rua Iguatu, no trecho pr\u00f3ximo ao n\u00ba 397, Bairro Liberdade."}, {"id": 22090, "ano": 2013, "numero": 1241, "tipo__sigla": "IND", "tipo__descricao": "Indica\u00e7\u00e3o/Pedido de Provid\u00eancias", "autoria__autor__nome": "Sergio Hanich", "texto_original": "https://sapl.camaranh.rs.gov.br/media/sapl/public/materialegislativa/2013/22090/22090_texto_integral.odt", "ementa": "olicita melhorias na Rua Engenheiro Jorge Schury, no  trecho de ch\u00e3o batido que liga Novo Hamburgo \u00e0 cidade de Dois Irm\u00e3os.   "}, {"id": 22094, "ano": 2013, "numero": 1242, "tipo__sigla": "IND", "tipo__descricao": "Indica\u00e7\u00e3o/Pedido de Provid\u00eancias", "autoria__autor__nome": "Professor Issur Koch", "texto_original": "https://sapl.camaranh.rs.gov.br/media/sapl/public/materialegislativa/2013/22094/22094_texto_integral.odt", "ementa": "Solicita poda de \u00e1rvore na Rua Tr\u00eas de Outubro, entre as Ruas Bento Gon\u00e7alves e Volunt\u00e1rios da P\u00e1tria, no  Bairro P\u00e1tria Nova. "}, {"id": 22095, "ano": 2013, "numero": 1243, "tipo__sigla": "IND", "tipo__descricao": "Indica\u00e7\u00e3o/Pedido de Provid\u00eancias", "autoria__autor__nome": "Professor Issur Koch", "texto_original": "https://sapl.camaranh.rs.gov.br/media/sapl/public/materialegislativa/2013/22095/22095_texto_integral.odt", "ementa": "Solicita com urg\u00eancia o recapamento asf\u00e1ltico no passeio p\u00fablico em frente \u00e0 Escola Estadual Dom Pedro II, na Rua Espanha n\u00ba 712, Bairro Rinc\u00e3o.\r\n\r\n\r\n"}, {"id": 22096, "ano": 2013, "numero": 1244, "tipo__sigla": "IND", "tipo__descricao": "Indica\u00e7\u00e3o/Pedido de Provid\u00eancias", "autoria__autor__nome": "Professor Issur Koch", "texto_original": "https://sapl.camaranh.rs.gov.br/media/sapl/public/materialegislativa/2013/22096/22096_texto_integral.odt", "ementa": "Solicita com urg\u00eancia o cercamento no entorno da EMEI Pequeno Polegar, no Bairro Guarani."}, {"id": 22097, "ano": 2013, "numero": 1245, "tipo__sigla": "IND", "tipo__descricao": "Indica\u00e7\u00e3o/Pedido de Provid\u00eancias", "autoria__autor__nome": "Cristiano Coller", "texto_original": "https://sapl.camaranh.rs.gov.br/media/sapl/public/materialegislativa/2013/22097/22097_texto_integral.odt", "ementa": "Solicita o nivelamento do asfalto na Rua Horizontina, em frente ao n\u00ba 122 , no Bairro Rond\u00f4nia ."}, {"id": 22100, "ano": 2013, "numero": 1246, "tipo__sigla": "IND", "tipo__descricao": "Indica\u00e7\u00e3o/Pedido de Provid\u00eancias", "autoria__autor__nome": "Raul Cassel", "texto_original": "https://sapl.camaranh.rs.gov.br/media/sapl/public/materialegislativa/2013/22100/22100_texto_integral.odt", "ementa": "Reitera e refor\u00e7a os Pedidos de Provid\u00eancias n\u00ba 3762/2011 e 1080/2012, que solicitam estudo vi\u00e1rio no sentido de dar maior seguran\u00e7a ao tr\u00e2nsito da Rua Boa Sa\u00fade."}, {"id": 22102, "ano": 2013, "numero": 1247, "tipo__sigla": "IND", "tipo__descricao": "Indica\u00e7\u00e3o/Pedido de Provid\u00eancias", "autoria__autor__nome": "Professor Issur Koch", "texto_original": "https://sapl.camaranh.rs.gov.br/media/sapl/public/materialegislativa/2013/22102/22102_texto_integral.odt", "ementa": "Sugere o estudo de viabilidade de concess\u00e3o do Gin\u00e1sio Municipal Agostinho Cavasotto \u00e0 Escola Estadual Dom Pedro II para que ali se realizem as atividades de educa\u00e7\u00e3o f\u00edsica da institui\u00e7\u00e3o."}, {"id": 22104, "ano": 2013, "numero": 1248, "tipo__sigla": "IND", "tipo__descricao": "Indica\u00e7\u00e3o/Pedido de Provid\u00eancias", "autoria__autor__nome": "Inspetor Luz", "texto_original": "https://sapl.camaranh.rs.gov.br/media/sapl/public/materialegislativa/2013/22104/22104_texto_integral.odt", "ementa": "Solicita amplia\u00e7\u00e3o da rede de ilumina\u00e7\u00e3o p\u00fablica e substitui\u00e7\u00e3o das l\u00e2mpadas por outras de vapor de s\u00f3dio em toda extens\u00e3o da Rua Roca Sales, Bairro Rond\u00f4nia."}, {"id": 22105, "ano": 2013, "numero": 1249, "tipo__sigla": "IND", "tipo__descricao": "Indica\u00e7\u00e3o/Pedido de Provid\u00eancias", "autoria__autor__nome": "Inspetor Luz", "texto_original": "https://sapl.camaranh.rs.gov.br/media/sapl/public/materialegislativa/2013/22105/22105_texto_integral.odt", "ementa": "Solicita recomposi\u00e7\u00e3o asf\u00e1ltica em toda a extens\u00e3o da Rua Dr. Jo\u00e3o Daniel Hillebrand, Bairro Rond\u00f4nia."}, {"id": 22106, "ano": 2013, "numero": 1250, "tipo__sigla": "IND", "tipo__descricao": "Indica\u00e7\u00e3o/Pedido de Provid\u00eancias", "autoria__autor__nome": "Inspetor Luz", "texto_original": "https://sapl.camaranh.rs.gov.br/media/sapl/public/materialegislativa/2013/22106/22106_texto_integral.odt", "ementa": "Solicita capina e limpeza do passeio p\u00fablico e junto ao meio-fio, em toda a extens\u00e3o da Rua Nilo Pe\u00e7anha, Bairro Rond\u00f4nia."}, {"id": 22107, "ano": 2013, "numero": 1251, "tipo__sigla": "IND", "tipo__descricao": "Indica\u00e7\u00e3o/Pedido de Provid\u00eancias", "autoria__autor__nome": "Inspetor Luz", "texto_original": "https://sapl.camaranh.rs.gov.br/media/sapl/public/materialegislativa/2013/22107/22107_texto_integral.odt", "ementa": "Solicita amplia\u00e7\u00e3o da rede de ilumina\u00e7\u00e3o p\u00fablica e substitui\u00e7\u00e3o das l\u00e2mpadas por outras de vapor de s\u00f3dio em toda extens\u00e3o da Rua N\u00e3o-Me-Toque, Bairro Rond\u00f4nia."}, {"id": 22108, "ano": 2013, "numero": 1252, "tipo__sigla": "IND", "tipo__descricao": "Indica\u00e7\u00e3o/Pedido de Provid\u00eancias", "autoria__autor__nome": "Inspetor Luz", "texto_original": "https://sapl.camaranh.rs.gov.br/media/sapl/public/materialegislativa/2013/22108/22108_texto_integral.odt", "ementa": "Solicita capina e limpeza do passeio p\u00fablico e junto ao meio-fio, em toda a extens\u00e3o da Rua Horizontina, Bairro Rond\u00f4nia."}, {"id": 22114, "ano": 2013, "numero": 1253, "tipo__sigla": "IND", "tipo__descricao": "Indica\u00e7\u00e3o/Pedido de Provid\u00eancias", "autoria__autor__nome": "Inspetor Luz", "texto_original": "https://sapl.camaranh.rs.gov.br/media/sapl/public/materialegislativa/2013/22114/22114_texto_integral.odt", "ementa": "Solicita recomposi\u00e7\u00e3o asf\u00e1ltica de buracos e irregularidades em frente ao n\u00ba 160 da Rua \u00cdcaro, Bairro Canudos."}, {"id": 22115, "ano": 2013, "numero": 1254, "tipo__sigla": "IND", "tipo__descricao": "Indica\u00e7\u00e3o/Pedido de Provid\u00eancias", "autoria__autor__nome": "Inspetor Luz", "texto_original": "https://sapl.camaranh.rs.gov.br/media/sapl/public/materialegislativa/2013/22115/22115_texto_integral.odt", "ementa": "Solicita recomposi\u00e7\u00e3o asf\u00e1ltica e conserto de irregularidades no entroncamento das Ruas Dublin e \u00cdcaro, no Bairro Canudos."}, {"id": 22116, "ano": 2013, "numero": 1255, "tipo__sigla": "IND", "tipo__descricao": "Indica\u00e7\u00e3o/Pedido de Provid\u00eancias", "autoria__autor__nome": "Inspetor Luz", "texto_original": "https://sapl.camaranh.rs.gov.br/media/sapl/public/materialegislativa/2013/22116/22116_texto_integral.odt", "ementa": "Solicita recomposi\u00e7\u00e3o asf\u00e1ltica em toda extens\u00e3o da Rua Am\u00e9rica, Bairro Canudos."}, {"id": 22117, "ano": 2013, "numero": 1256, "tipo__sigla": "IND", "tipo__descricao": "Indica\u00e7\u00e3o/Pedido de Provid\u00eancias", "autoria__autor__nome": "Inspetor Luz", "texto_original": "https://sapl.camaranh.rs.gov.br/media/sapl/public/materialegislativa/2013/22117/22117_texto_integral.odt", "ementa": "Solicita remo\u00e7\u00e3o de galhos e entulhos depositados no entrocamento entre as Ruas Londres e Am\u00e9rica, no Bairro Canudos."}, {"id": 22120, "ano": 2013, "numero": 1257, "tipo__sigla": "IND", "tipo__descricao": "Indica\u00e7\u00e3o/Pedido de Provid\u00eancias", "autoria__autor__nome": "Cristiano Coller", "texto_original": "https://sapl.camaranh.rs.gov.br/media/sapl/public/materialegislativa/2013/22120/22120_texto_integral.odt", "ementa": "Solicita limpeza de bocas-de-lobo na Rua  Remi Allgayer - Loteamento Jardim da Figueira, Lomba Grande."}, {"id": 22124, "ano": 2013, "numero": 1258, "tipo__sigla": "IND", "tipo__descricao": "Indica\u00e7\u00e3o/Pedido de Provid\u00eancias", "autoria__autor__nome": "Cristiano Coller", "texto_original": "https://sapl.camaranh.rs.gov.br/media/sapl/public/materialegislativa/2013/22124/22124_texto_integral.odt", "ementa": "Solicita limpeza de bocas-de-lobo no Loteamento Jardim da Figueira, em Lomba Grande."}, {"id": 22126, "ano": 2013, "numero": 1259, "tipo__sigla": "IND", "tipo__descricao": "Indica\u00e7\u00e3o/Pedido de Provid\u00eancias", "autoria__autor__nome": "Enfermeiro Vilmar", "texto_original": "https://sapl.camaranh.rs.gov.br/media/sapl/public/materialegislativa/2013/22126/22126_texto_integral.odt", "ementa": "Solicita estudo de viabilidade para coloca\u00e7\u00e3o de  quebra-molas na Rua Bol\u00edvia, esquina com a  Rua N\u00e1poles, em frente ao n\u00ba1361, Bairro Canudos."}, {"id": 22127, "ano": 2013, "numero": 1260, "tipo__sigla": "IND", "tipo__descricao": "Indica\u00e7\u00e3o/Pedido de Provid\u00eancias", "autoria__autor__nome": "Enfermeiro Vilmar", "texto_original": "https://sapl.camaranh.rs.gov.br/media/sapl/public/materialegislativa/2013/22127/22127_texto_integral.odt", "ementa": "Solicita retirada de entulhos depositados na Rua Itapiru, esquina com a Rua S\u00e3o Luiz Gonzaga, no  Bairro Guarani."}, {"id": 22128, "ano": 2013, "numero": 1261, "tipo__sigla": "IND", "tipo__descricao": "Indica\u00e7\u00e3o/Pedido de Provid\u00eancias", "autoria__autor__nome": "Enfermeiro Vilmar", "texto_original": "https://sapl.camaranh.rs.gov.br/media/sapl/public/materialegislativa/2013/22128/22128_texto_integral.odt", "ementa": "Solicita revitaliza\u00e7\u00e3o da pintura das faixas de seguran\u00e7a entre as Ruas Julio de Castilhos e Bento Gon\u00e7alves, Bairro Centro."}, {"id": 22129, "ano": 2013, "numero": 1262, "tipo__sigla": "IND", "tipo__descricao": "Indica\u00e7\u00e3o/Pedido de Provid\u00eancias", "autoria__autor__nome": "Inspetor Luz", "texto_original": "https://sapl.camaranh.rs.gov.br/media/sapl/public/materialegislativa/2013/22129/22129_texto_integral.odt", "ementa": "Solicita opera\u00e7\u00e3o tapa-buracos em toda extens\u00e3o da Rua Heller, no Bairro Centro."}, {"id": 22131, "ano": 2013, "numero": 1263, "tipo__sigla": "IND", "tipo__descricao": "Indica\u00e7\u00e3o/Pedido de Provid\u00eancias", "autoria__autor__nome": "Inspetor Luz", "texto_original": "https://sapl.camaranh.rs.gov.br/media/sapl/public/materialegislativa/2013/22131/22131_texto_integral.odt", "ementa": "Solicita capina e limpeza junto ao meio-fio em toda a extens\u00e3o da Rua Johann Friedrich Pechmann, Bairro Rond\u00f4nia."}, {"id": 22132, "ano": 2013, "numero": 1264, "tipo__sigla": "IND", "tipo__descricao": "Indica\u00e7\u00e3o/Pedido de Provid\u00eancias", "autoria__autor__nome": "Inspetor Luz", "texto_original": "https://sapl.camaranh.rs.gov.br/media/sapl/public/materialegislativa/2013/22132/22132_texto_integral.odt", "ementa": "Solicita capina e limpeza junto ao meio-fio em toda a extens\u00e3o da Rua Coronel Jacob Kroeff Filho, Bairro Rond\u00f4nia."}, {"id": 22133, "ano": 2013, "numero": 1265, "tipo__sigla": "IND", "tipo__descricao": "Indica\u00e7\u00e3o/Pedido de Provid\u00eancias", "autoria__autor__nome": "Inspetor Luz", "texto_original": "https://sapl.camaranh.rs.gov.br/media/sapl/public/materialegislativa/2013/22133/22133_texto_integral.odt", "ementa": "Solicita capina e limpeza junto ao meio-fio em toda a extens\u00e3o da Rua Baldu\u00edno Michel, Bairro Rond\u00f4nia."}, {"id": 22134, "ano": 2013, "numero": 1266, "tipo__sigla": "IND", "tipo__descricao": "Indica\u00e7\u00e3o/Pedido de Provid\u00eancias", "autoria__autor__nome": "Inspetor Luz", "texto_original": "https://sapl.camaranh.rs.gov.br/media/sapl/public/materialegislativa/2013/22134/22134_texto_integral.odt", "ementa": "Solicita recomposi\u00e7\u00e3o asf\u00e1ltica em toda a  extens\u00e3o da Rua Jo\u00e3o Wendelino Hennemann, Bairro Rond\u00f4nia."}, {"id": 22138, "ano": 2013, "numero": 1267, "tipo__sigla": "IND", "tipo__descricao": "Indica\u00e7\u00e3o/Pedido de Provid\u00eancias", "autoria__autor__nome": "Inspetor Luz", "texto_original": "https://sapl.camaranh.rs.gov.br/media/sapl/public/materialegislativa/2013/22138/22138_texto_integral.odt", "ementa": "Solicita recomposi\u00e7\u00e3o asf\u00e1ltica em toda extens\u00e3o da Rua Guilherme Grovermann, Bairro Rond\u00f4nia."}, {"id": 22140, "ano": 2013, "numero": 1268, "tipo__sigla": "IND", "tipo__descricao": "Indica\u00e7\u00e3o/Pedido de Provid\u00eancias", "autoria__autor__nome": "Inspetor Luz", "texto_original": "https://sapl.camaranh.rs.gov.br/media/sapl/public/materialegislativa/2013/22140/22140_texto_integral.odt", "ementa": "Solicita recomposi\u00e7\u00e3o asf\u00e1ltica em toda a extens\u00e3o da Rua Pedro Petry, Bairro Rond\u00f4nia."}, {"id": 22142, "ano": 2013, "numero": 1269, "tipo__sigla": "IND", "tipo__descricao": "Indica\u00e7\u00e3o/Pedido de Provid\u00eancias", "autoria__autor__nome": "Inspetor Luz", "texto_original": "https://sapl.camaranh.rs.gov.br/media/sapl/public/materialegislativa/2013/22142/22142_texto_integral.odt", "ementa": "Solicita capina e limpeza junto ao meio-fio em toda a extens\u00e3o da Rua Arthur Haas, Bairro Rond\u00f4nia."}, {"id": 22143, "ano": 2013, "numero": 1270, "tipo__sigla": "IND", "tipo__descricao": "Indica\u00e7\u00e3o/Pedido de Provid\u00eancias", "autoria__autor__nome": "Sergio Hanich", "texto_original": "https://sapl.camaranh.rs.gov.br/media/sapl/public/materialegislativa/2013/22143/22143_texto_integral.odt", "ementa": "Solicita recapeamento asf\u00e1ltico em toda a extens\u00e3o da Rua Punta Arenas, no Bairro Santo Afonso."}, {"id": 22144, "ano": 2013, "numero": 1271, "tipo__sigla": "IND", "tipo__descricao": "Indica\u00e7\u00e3o/Pedido de Provid\u00eancias", "autoria__autor__nome": "Sergio Hanich", "texto_original": "https://sapl.camaranh.rs.gov.br/media/sapl/public/materialegislativa/2013/22144/22144_texto_integral.odt", "ementa": "Solicita recapeamento asf\u00e1ltico em toda a  extens\u00e3o da Rua Lima, no Bairro Santo Afonso."}, {"id": 22146, "ano": 2013, "numero": 1272, "tipo__sigla": "IND", "tipo__descricao": "Indica\u00e7\u00e3o/Pedido de Provid\u00eancias", "autoria__autor__nome": "Patr\u00edcia Beck", "texto_original": "https://sapl.camaranh.rs.gov.br/media/sapl/public/materialegislativa/2013/22146/22146_texto_integral.odt", "ementa": "Solicita patrolamento e coloca\u00e7\u00e3o de britas na Rua Montezuma, no Bairro Rosel\u00e2ndia."}, {"id": 22147, "ano": 2013, "numero": 1273, "tipo__sigla": "IND", "tipo__descricao": "Indica\u00e7\u00e3o/Pedido de Provid\u00eancias", "autoria__autor__nome": "Patr\u00edcia Beck", "texto_original": "https://sapl.camaranh.rs.gov.br/media/sapl/public/materialegislativa/2013/22147/22147_texto_integral.odt", "ementa": "Solicita recapeamento asf\u00e1ltico da Rua Francisco Alves, em toda a sua extens\u00e3o, no Bairro Rosel\u00e2ndia."}, {"id": 22148, "ano": 2013, "numero": 1274, "tipo__sigla": "IND", "tipo__descricao": "Indica\u00e7\u00e3o/Pedido de Provid\u00eancias", "autoria__autor__nome": "Patr\u00edcia Beck", "texto_original": "https://sapl.camaranh.rs.gov.br/media/sapl/public/materialegislativa/2013/22148/22148_texto_integral.odt", "ementa": "Solicita recomposi\u00e7\u00e3o asf\u00e1ltica da Estrada Benjamin Altmeyer, no in\u00edcio da via, pr\u00f3ximo \u00e0 BR 116, no Bairro Rosel\u00e2ndia."}, {"id": 22149, "ano": 2013, "numero": 1275, "tipo__sigla": "IND", "tipo__descricao": "Indica\u00e7\u00e3o/Pedido de Provid\u00eancias", "autoria__autor__nome": "Patr\u00edcia Beck", "texto_original": "https://sapl.camaranh.rs.gov.br/media/sapl/public/materialegislativa/2013/22149/22149_texto_integral.odt", "ementa": "Solicita coloca\u00e7\u00e3o de britas no final da Rua Costa Rica, no Bairro Santo Afonso."}, {"id": 22150, "ano": 2013, "numero": 1276, "tipo__sigla": "IND", "tipo__descricao": "Indica\u00e7\u00e3o/Pedido de Provid\u00eancias", "autoria__autor__nome": "Patr\u00edcia Beck", "texto_original": "https://sapl.camaranh.rs.gov.br/media/sapl/public/materialegislativa/2013/22150/22150_texto_integral.odt", "ementa": "Solicita coloca\u00e7\u00e3o de britas na Rua Boa F\u00e9, esquina com a Rua Costa Rica, no Bairro Santo Afonso."}, {"id": 22151, "ano": 2013, "numero": 1277, "tipo__sigla": "IND", "tipo__descricao": "Indica\u00e7\u00e3o/Pedido de Provid\u00eancias", "autoria__autor__nome": "Patr\u00edcia Beck", "texto_original": "https://sapl.camaranh.rs.gov.br/media/sapl/public/materialegislativa/2013/22151/22151_texto_integral.odt", "ementa": "Solicita conserto da boca-de-lobo localizada na Rua Pinheiro Machado, em frente ao n\u00famero 221, no Bairro Santo Afonso."}, {"id": 22153, "ano": 2013, "numero": 1278, "tipo__sigla": "IND", "tipo__descricao": "Indica\u00e7\u00e3o/Pedido de Provid\u00eancias", "autoria__autor__nome": "Patr\u00edcia Beck", "texto_original": "https://sapl.camaranh.rs.gov.br/media/sapl/public/materialegislativa/2013/22153/22153_texto_integral.odt", "ementa": "Solicita conserto da boca-de-lobo localizada na Av. Montevid\u00e9u, em frente ao n\u00famero 222, no Bairro Santo Afonso."}, {"id": 22154, "ano": 2013, "numero": 1279, "tipo__sigla": "IND", "tipo__descricao": "Indica\u00e7\u00e3o/Pedido de Provid\u00eancias", "autoria__autor__nome": "Patr\u00edcia Beck", "texto_original": "https://sapl.camaranh.rs.gov.br/media/sapl/public/materialegislativa/2013/22154/22154_texto_integral.odt", "ementa": "Solicita asfaltamento da Rua Tiradentes, em toda a sua extens\u00e3o, no Bairro Industrial."}, {"id": 22155, "ano": 2013, "numero": 1280, "tipo__sigla": "IND", "tipo__descricao": "Indica\u00e7\u00e3o/Pedido de Provid\u00eancias", "autoria__autor__nome": "Patr\u00edcia Beck", "texto_original": "https://sapl.camaranh.rs.gov.br/media/sapl/public/materialegislativa/2013/22155/22155_texto_integral.odt", "ementa": "Solicita asfaltamento da Rua Santos Dumont, em toda a sua extens\u00e3o, no Bairro Industrial."}, {"id": 22156, "ano": 2013, "numero": 1281, "tipo__sigla": "IND", "tipo__descricao": "Indica\u00e7\u00e3o/Pedido de Provid\u00eancias", "autoria__autor__nome": "Patr\u00edcia Beck", "texto_original": "https://sapl.camaranh.rs.gov.br/media/sapl/public/materialegislativa/2013/22156/22156_texto_integral.odt", "ementa": "Solicita recolhimento de entulhos localizados na Rua S\u00e3o Luiz Gonzaga, no trecho compreendido entre as Ruas Nogueira e Princesa Isabel, no Bairro Vila Nova."}, {"id": 22157, "ano": 2013, "numero": 1282, "tipo__sigla": "IND", "tipo__descricao": "Indica\u00e7\u00e3o/Pedido de Provid\u00eancias", "autoria__autor__nome": "Patr\u00edcia Beck", "texto_original": "https://sapl.camaranh.rs.gov.br/media/sapl/public/materialegislativa/2013/22157/22157_texto_integral.odt", "ementa": "Solicita corte de \u00e1rvore na Rua Itapiru, esquina com a Rua S\u00e3o Luiz Gonzaga, no Bairro Vila Nova."}, {"id": 22159, "ano": 2013, "numero": 1283, "tipo__sigla": "IND", "tipo__descricao": "Indica\u00e7\u00e3o/Pedido de Provid\u00eancias", "autoria__autor__nome": "Inspetor Luz", "texto_original": "https://sapl.camaranh.rs.gov.br/media/sapl/public/materialegislativa/2013/22159/22159_texto_integral.odt", "ementa": "Solicita conserto de buracos e irregularidades em frente ao n\u00ba 160 da Rua \u00cdcaro, no Bairro Canudos."}, {"id": 22160, "ano": 2013, "numero": 1284, "tipo__sigla": "IND", "tipo__descricao": "Indica\u00e7\u00e3o/Pedido de Provid\u00eancias", "autoria__autor__nome": "Inspetor Luz", "texto_original": "https://sapl.camaranh.rs.gov.br/media/sapl/public/materialegislativa/2013/22160/22160_texto_integral.odt", "ementa": "Solicita remo\u00e7\u00e3o de galhos e entulhos depositados na Rua Bom Princ\u00edpio, em frente ao n\u00ba 692, no Bairro Canudos."}, {"id": 22161, "ano": 2013, "numero": 1285, "tipo__sigla": "IND", "tipo__descricao": "Indica\u00e7\u00e3o/Pedido de Provid\u00eancias", "autoria__autor__nome": "Inspetor Luz", "texto_original": "https://sapl.camaranh.rs.gov.br/media/sapl/public/materialegislativa/2013/22161/22161_texto_integral.odt", "ementa": "Solicita recomposi\u00e7\u00e3o asf\u00e1ltica em toda extens\u00e3o da Rua Am\u00e9rica, no Bairro Canudos."}, {"id": 22162, "ano": 2013, "numero": 1286, "tipo__sigla": "IND", "tipo__descricao": "Indica\u00e7\u00e3o/Pedido de Provid\u00eancias", "autoria__autor__nome": "Inspetor Luz", "texto_original": "https://sapl.camaranh.rs.gov.br/media/sapl/public/materialegislativa/2013/22162/22162_texto_integral.odt", "ementa": "Solicita remo\u00e7\u00e3o de galhos e entulhos depositados na esquina entre as Ruas Londres e Am\u00e9rica, no Bairro Canudos."}, {"id": 22163, "ano": 2013, "numero": 1287, "tipo__sigla": "IND", "tipo__descricao": "Indica\u00e7\u00e3o/Pedido de Provid\u00eancias", "autoria__autor__nome": "Gerson Peteffi", "texto_original": "https://sapl.camaranh.rs.gov.br/media/sapl/public/materialegislativa/2013/22163/22163_texto_integral.odt", "ementa": "Solicita fechamento de buraco no asfalto na Rua Joaquim Pedro Soares, em frente ao n\u00ba 395, Bairro Centro."}, {"id": 22166, "ano": 2013, "numero": 1288, "tipo__sigla": "IND", "tipo__descricao": "Indica\u00e7\u00e3o/Pedido de Provid\u00eancias", "autoria__autor__nome": "Professor Issur Koch", "texto_original": "https://sapl.camaranh.rs.gov.br/media/sapl/public/materialegislativa/2013/22166/22166_texto_integral.odt", "ementa": "Solicito a coloca\u00e7\u00e3o de banco na parada de \u00f4nibus da Rua Gomes Portinho, n\u00ba 1598, em frente ao Lar Santa Ana, no Bairro Jardim Mau\u00e1."}, {"id": 22167, "ano": 2013, "numero": 1289, "tipo__sigla": "IND", "tipo__descricao": "Indica\u00e7\u00e3o/Pedido de Provid\u00eancias", "autoria__autor__nome": "Enfermeiro Vilmar", "texto_original": "https://sapl.camaranh.rs.gov.br/media/sapl/public/materialegislativa/2013/22167/22167_texto_integral.odt", "ementa": "Solicita coloca\u00e7\u00e3o de quebra-molas na Rua Potiguara, 1374, em frente \u00e0 igreja, Bairro Canudos."}, {"id": 22168, "ano": 2013, "numero": 1290, "tipo__sigla": "IND", "tipo__descricao": "Indica\u00e7\u00e3o/Pedido de Provid\u00eancias", "autoria__autor__nome": "Enfermeiro Vilmar", "texto_original": "https://sapl.camaranh.rs.gov.br/media/sapl/public/materialegislativa/2013/22168/22168_texto_integral.odt", "ementa": "Solicita troca de tampa de boca-de-lobo na Rua Jo\u00e3o Aloysio Allgayer, em frente ao n\u00ba1023, no Bairro Lomba Grande."}, {"id": 22169, "ano": 2013, "numero": 1291, "tipo__sigla": "IND", "tipo__descricao": "Indica\u00e7\u00e3o/Pedido de Provid\u00eancias", "autoria__autor__nome": "Enfermeiro Vilmar", "texto_original": "https://sapl.camaranh.rs.gov.br/media/sapl/public/materialegislativa/2013/22169/22169_texto_integral.odt", "ementa": "Solicita retirada de lixo depositados na Rua Ucr\u00e2nia, entre o n\u00ba 80 e 90, no  Bairro Canudos."}, {"id": 22170, "ano": 2013, "numero": 1292, "tipo__sigla": "IND", "tipo__descricao": "Indica\u00e7\u00e3o/Pedido de Provid\u00eancias", "autoria__autor__nome": "Enfermeiro Vilmar", "texto_original": "https://sapl.camaranh.rs.gov.br/media/sapl/public/materialegislativa/2013/22170/22170_texto_integral.odt", "ementa": "Solicita desentupimento de boca-de-lobo na Rua Potiguara, em frente ao n\u00ba 1412, Bairro Canudos."}, {"id": 22171, "ano": 2013, "numero": 1293, "tipo__sigla": "IND", "tipo__descricao": "Indica\u00e7\u00e3o/Pedido de Provid\u00eancias", "autoria__autor__nome": "Patr\u00edcia Beck", "texto_original": "https://sapl.camaranh.rs.gov.br/media/sapl/public/materialegislativa/2013/22171/22171_texto_integral.odt", "ementa": "Solicita a revitaliza\u00e7\u00e3o ou substitui\u00e7\u00e3o da placa de identifica\u00e7\u00e3o da Rua La Paz, no Bairro Santo Afonso."}, {"id": 22172, "ano": 2013, "numero": 1294, "tipo__sigla": "IND", "tipo__descricao": "Indica\u00e7\u00e3o/Pedido de Provid\u00eancias", "autoria__autor__nome": "Patr\u00edcia Beck", "texto_original": "https://sapl.camaranh.rs.gov.br/media/sapl/public/materialegislativa/2013/22172/22172_texto_integral.odt", "ementa": "Solicita recomposi\u00e7\u00e3o asf\u00e1ltica da Rua Rodrigues Alves, em frente ao n\u00famero 68, no Bairro Industrial."}, {"id": 22173, "ano": 2013, "numero": 1295, "tipo__sigla": "IND", "tipo__descricao": "Indica\u00e7\u00e3o/Pedido de Provid\u00eancias", "autoria__autor__nome": "Patr\u00edcia Beck", "texto_original": "https://sapl.camaranh.rs.gov.br/media/sapl/public/materialegislativa/2013/22173/22173_texto_integral.odt", "ementa": "Solicita poda de \u00e1rvore localizada junto \u00e0 Rua Potiguara, em frente ao n\u00ba 776, Bairro Canudos."}, {"id": 22174, "ano": 2013, "numero": 1296, "tipo__sigla": "IND", "tipo__descricao": "Indica\u00e7\u00e3o/Pedido de Provid\u00eancias", "autoria__autor__nome": "Patr\u00edcia Beck", "texto_original": "https://sapl.camaranh.rs.gov.br/media/sapl/public/materialegislativa/2013/22174/22174_texto_integral.odt", "ementa": "Solicita recomposi\u00e7\u00e3o asf\u00e1ltica da Rua Bartolomeu de Gusm\u00e3o, em frente ao n\u00famero 1691, no Bairro Canudos."}, {"id": 22175, "ano": 2013, "numero": 1297, "tipo__sigla": "IND", "tipo__descricao": "Indica\u00e7\u00e3o/Pedido de Provid\u00eancias", "autoria__autor__nome": "Patr\u00edcia Beck", "texto_original": "https://sapl.camaranh.rs.gov.br/media/sapl/public/materialegislativa/2013/22175/22175_texto_integral.odt", "ementa": "Solicita a revitaliza\u00e7\u00e3o ou substitui\u00e7\u00e3o da placa de identifica\u00e7\u00e3o da Rua Haiti, no Bairro Santo Afonso."}, {"id": 22176, "ano": 2013, "numero": 1298, "tipo__sigla": "IND", "tipo__descricao": "Indica\u00e7\u00e3o/Pedido de Provid\u00eancias", "autoria__autor__nome": "Patr\u00edcia Beck", "texto_original": "https://sapl.camaranh.rs.gov.br/media/sapl/public/materialegislativa/2013/22176/22176_texto_integral.odt", "ementa": "Solicita poda de \u00e1rvore localizada junto \u00e0 Rua Marc\u00edlio Dias, em frente ao n\u00famero 1368, Bairro Centro."}, {"id": 22177, "ano": 2013, "numero": 1299, "tipo__sigla": "IND", "tipo__descricao": "Indica\u00e7\u00e3o/Pedido de Provid\u00eancias", "autoria__autor__nome": "Patr\u00edcia Beck", "texto_original": "https://sapl.camaranh.rs.gov.br/media/sapl/public/materialegislativa/2013/22177/22177_texto_integral.odt", "ementa": "Solicita a limpeza da lateral da Rua Managua, ao lado da Associa\u00e7\u00e3o de Moradores do Bairro Santo Afonso."}, {"id": 22178, "ano": 2013, "numero": 1300, "tipo__sigla": "IND", "tipo__descricao": "Indica\u00e7\u00e3o/Pedido de Provid\u00eancias", "autoria__autor__nome": "Patr\u00edcia Beck", "texto_original": "https://sapl.camaranh.rs.gov.br/media/sapl/public/materialegislativa/2013/22178/22178_texto_integral.odt", "ementa": "Solicita recomposi\u00e7\u00e3o asf\u00e1ltica da Rua Potiguara, entre os n\u00fameros 473 e 483, no Bairro Canudos."}, {"id": 22179, "ano": 2013, "numero": 1301, "tipo__sigla": "IND", "tipo__descricao": "Indica\u00e7\u00e3o/Pedido de Provid\u00eancias", "autoria__autor__nome": "Patr\u00edcia Beck", "texto_original": "https://sapl.camaranh.rs.gov.br/media/sapl/public/materialegislativa/2013/22179/22179_texto_integral.odt", "ementa": "Solicita coloca\u00e7\u00e3o de quebra-molas junto \u00e0 Rua Oswaldo Cruz, pr\u00f3ximo \u00e0 Escola Municipal Jos\u00e9 Bonif\u00e1cio, no Bairro Primavera."}, {"id": 22180, "ano": 2013, "numero": 1302, "tipo__sigla": "IND", "tipo__descricao": "Indica\u00e7\u00e3o/Pedido de Provid\u00eancias", "autoria__autor__nome": "Patr\u00edcia Beck", "texto_original": "https://sapl.camaranh.rs.gov.br/media/sapl/public/materialegislativa/2013/22180/22180_texto_integral.odt", "ementa": "Solicita recomposi\u00e7\u00e3o da cal\u00e7ada localizada na Avenida Montevid\u00e9u, em frente ao n\u00famero 112, no Bairro Santo Afonso."}, {"id": 22181, "ano": 2013, "numero": 1303, "tipo__sigla": "IND", "tipo__descricao": "Indica\u00e7\u00e3o/Pedido de Provid\u00eancias", "autoria__autor__nome": "Patr\u00edcia Beck", "texto_original": "https://sapl.camaranh.rs.gov.br/media/sapl/public/materialegislativa/2013/22181/22181_texto_integral.odt", "ementa": "Solicita recolhimento de lixo localizado na Rua Frederico Becker Filho, em frente ao n\u00ba 08, no Bairro Oper\u00e1rio."}, {"id": 22182, "ano": 2013, "numero": 1304, "tipo__sigla": "IND", "tipo__descricao": "Indica\u00e7\u00e3o/Pedido de Provid\u00eancias", "autoria__autor__nome": "Patr\u00edcia Beck", "texto_original": "https://sapl.camaranh.rs.gov.br/media/sapl/public/materialegislativa/2013/22182/22182_texto_integral.odt", "ementa": "Solicita coloca\u00e7\u00e3o de quebra-molas junto \u00e0 Rua S\u00e3o Nicolau, pr\u00f3ximo \u00e0 Rua Felipe Carlos Gerhardt, no Bairro Primavera."}, {"id": 22183, "ano": 2013, "numero": 1305, "tipo__sigla": "IND", "tipo__descricao": "Indica\u00e7\u00e3o/Pedido de Provid\u00eancias", "autoria__autor__nome": "Patr\u00edcia Beck", "texto_original": "https://sapl.camaranh.rs.gov.br/media/sapl/public/materialegislativa/2013/22183/22183_texto_integral.odt", "ementa": "Solicita limpeza da boca-de-lobo localizada na Rua Mundo Novo, esquina com a Rua Bartolomeu de Gusm\u00e3o, no Bairro Canudos."}, {"id": 22184, "ano": 2013, "numero": 1306, "tipo__sigla": "IND", "tipo__descricao": "Indica\u00e7\u00e3o/Pedido de Provid\u00eancias", "autoria__autor__nome": "Patr\u00edcia Beck", "texto_original": "https://sapl.camaranh.rs.gov.br/media/sapl/public/materialegislativa/2013/22184/22184_texto_integral.odt", "ementa": "Solicita a recomposi\u00e7\u00e3o asf\u00e1ltica da Rua Mundo Novo, no trecho pr\u00f3ximo \u00e0 esquina com a Rua Jo\u00e3o Nunes da Silva, no Bairro Canudos."}, {"id": 22185, "ano": 2013, "numero": 1307, "tipo__sigla": "IND", "tipo__descricao": "Indica\u00e7\u00e3o/Pedido de Provid\u00eancias", "autoria__autor__nome": "Sergio Hanich", "texto_original": "https://sapl.camaranh.rs.gov.br/media/sapl/public/materialegislativa/2013/22185/22185_texto_integral.odt", "ementa": "Solicita reparos na pavimenta\u00e7\u00e3o da Rua M\u00e9xico, em frente ao n\u00ba 87, Bairro Santo Afonso."}, {"id": 22186, "ano": 2013, "numero": 1308, "tipo__sigla": "IND", "tipo__descricao": "Indica\u00e7\u00e3o/Pedido de Provid\u00eancias", "autoria__autor__nome": "Sergio Hanich", "texto_original": "https://sapl.camaranh.rs.gov.br/media/sapl/public/materialegislativa/2013/22186/22186_texto_integral.odt", "ementa": "Solicita vistoria da Secretaria de Obras na Rua Ven\u00e2ncio Aires, n\u00ba 935, Bairro Canudos."}, {"id": 22188, "ano": 2013, "numero": 1309, "tipo__sigla": "IND", "tipo__descricao": "Indica\u00e7\u00e3o/Pedido de Provid\u00eancias", "autoria__autor__nome": "Sergio Hanich", "texto_original": "https://sapl.camaranh.rs.gov.br/media/sapl/public/materialegislativa/2013/22188/22188_texto_integral.odt", "ementa": "Solicita recolhimento de galhos na Rua Santa Vit\u00f3ria do Palmar, n\u00ba 151, Bairro Jardim Mau\u00e1."}, {"id": 22189, "ano": 2013, "numero": 1310, "tipo__sigla": "IND", "tipo__descricao": "Indica\u00e7\u00e3o/Pedido de Provid\u00eancias", "autoria__autor__nome": "Sergio Hanich", "texto_original": "https://sapl.camaranh.rs.gov.br/media/sapl/public/materialegislativa/2013/22189/22189_texto_integral.odt", "ementa": "Solicita coloca\u00e7\u00e3o de suporte com l\u00e2mpada no poste da Rua Cidreira, em frente ao n\u00ba 98, Bairro Canudos."}, {"id": 22195, "ano": 2013, "numero": 1311, "tipo__sigla": "IND", "tipo__descricao": "Indica\u00e7\u00e3o/Pedido de Provid\u00eancias", "autoria__autor__nome": "Ricardo Ritter - Ica", "texto_original": "https://sapl.camaranh.rs.gov.br/media/sapl/public/materialegislativa/2013/22195/22195_texto_integral.odt", "ementa": "Solicita melhorias na sinaliza\u00e7\u00e3o da Rua Baldu\u00edno Michel, esquina com a Rua Guilherme Growermann, no Bairro Rond\u00f4nia."}, {"id": 22196, "ano": 2013, "numero": 1312, "tipo__sigla": "IND", "tipo__descricao": "Indica\u00e7\u00e3o/Pedido de Provid\u00eancias", "autoria__autor__nome": "Ricardo Ritter - Ica", "texto_original": "https://sapl.camaranh.rs.gov.br/media/sapl/public/materialegislativa/2013/22196/22196_texto_integral.odt", "ementa": "Solicita coloca\u00e7\u00e3o de quebra-molas na Rua Finl\u00e2ndia, em frente ao n\u00ba 220, no Bairro Petr\u00f3polis."}, {"id": 22197, "ano": 2013, "numero": 1313, "tipo__sigla": "IND", "tipo__descricao": "Indica\u00e7\u00e3o/Pedido de Provid\u00eancias", "autoria__autor__nome": "Ricardo Ritter - Ica", "texto_original": "https://sapl.camaranh.rs.gov.br/media/sapl/public/materialegislativa/2013/22197/22197_texto_integral.odt", "ementa": "Solicita coloca\u00e7\u00e3o de quebra-molas na Rua Albino Momberger, entre a Rua Jos\u00e9 Alo\u00edsio Daudt e a Av. Dos Munic\u00edpios."}, {"id": 22198, "ano": 2013, "numero": 1314, "tipo__sigla": "IND", "tipo__descricao": "Indica\u00e7\u00e3o/Pedido de Provid\u00eancias", "autoria__autor__nome": "Ricardo Ritter - Ica", "texto_original": "https://sapl.camaranh.rs.gov.br/media/sapl/public/materialegislativa/2013/22198/22198_texto_integral.odt", "ementa": "Solicita coloca\u00e7\u00e3o de tach\u00f5es no eixo central da pista na Rua Guilherme Growermann, esquina com a Rua Baldu\u00edno Michel, no Bairro Rond\u00f4nia."}, {"id": 22200, "ano": 2013, "numero": 1315, "tipo__sigla": "IND", "tipo__descricao": "Indica\u00e7\u00e3o/Pedido de Provid\u00eancias", "autoria__autor__nome": "JorgeTatsch", "texto_original": "https://sapl.camaranh.rs.gov.br/media/sapl/public/materialegislativa/2013/22200/22200_texto_integral.odt", "ementa": "Solicita desentupimento de esgoto na Avenida Primeiro de Mar\u00e7o, n\u00ba 4364, no Bairro Industrial."}, {"id": 22201, "ano": 2013, "numero": 1316, "tipo__sigla": "IND", "tipo__descricao": "Indica\u00e7\u00e3o/Pedido de Provid\u00eancias", "autoria__autor__nome": "JorgeTatsch", "texto_original": "https://sapl.camaranh.rs.gov.br/media/sapl/public/materialegislativa/2013/22201/22201_texto_integral.odt", "ementa": "Solicita pintura de amarelo do meio-fio da Rua Punta Arenas, em frente ao n\u00ba 60, no Bairro Santo Afonso."}, {"id": 22203, "ano": 2013, "numero": 1317, "tipo__sigla": "IND", "tipo__descricao": "Indica\u00e7\u00e3o/Pedido de Provid\u00eancias", "autoria__autor__nome": "JorgeTatsch", "texto_original": "https://sapl.camaranh.rs.gov.br/media/sapl/public/materialegislativa/2013/22203/22203_texto_integral.odt", "ementa": "Solicita a canaliza\u00e7\u00e3o da Rua Oper\u00e1rio, em toda  sua extens\u00e3o, no Bairro Santo Afonso."}, {"id": 22204, "ano": 2013, "numero": 1318, "tipo__sigla": "IND", "tipo__descricao": "Indica\u00e7\u00e3o/Pedido de Provid\u00eancias", "autoria__autor__nome": "JorgeTatsch", "texto_original": "https://sapl.camaranh.rs.gov.br/media/sapl/public/materialegislativa/2013/22204/22204_texto_integral.odt", "ementa": "Solicita coloca\u00e7\u00e3o de boca-de-lobo na Av. Primeiro de Mar\u00e7o, em frente ao n\u00ba  1833,  Bairro Santo Afonso."}, {"id": 22205, "ano": 2013, "numero": 1319, "tipo__sigla": "IND", "tipo__descricao": "Indica\u00e7\u00e3o/Pedido de Provid\u00eancias", "autoria__autor__nome": "JorgeTatsch", "texto_original": "https://sapl.camaranh.rs.gov.br/media/sapl/public/materialegislativa/2013/22205/22205_texto_integral.odt", "ementa": "Solicita o fechamento de buraco no asfalto na Rua M\u00e9xico, em frente ao n\u00ba 802, Bairro Santo Afonso."}, {"id": 22206, "ano": 2013, "numero": 1320, "tipo__sigla": "IND", "tipo__descricao": "Indica\u00e7\u00e3o/Pedido de Provid\u00eancias", "autoria__autor__nome": "Patr\u00edcia Beck", "texto_original": "https://sapl.camaranh.rs.gov.br/media/sapl/public/materialegislativa/2013/22206/22206_texto_integral.odt", "ementa": "Solicita a recomposi\u00e7\u00e3o asf\u00e1ltica da Rua Valpara\u00edso, no trecho em frente \u00e0 Escola Municipal Jo\u00e3o Baptista Jaeger, no Bairro Santo Afonso."}, {"id": 22212, "ano": 2013, "numero": 1321, "tipo__sigla": "IND", "tipo__descricao": "Indica\u00e7\u00e3o/Pedido de Provid\u00eancias", "autoria__autor__nome": "Antonio Lucas", "texto_original": "https://sapl.camaranh.rs.gov.br/media/sapl/public/materialegislativa/2013/22212/22212_texto_integral.odt", "ementa": "Solicita conserto de tubula\u00e7\u00e3o na Rua Anita Garibaldi, entre as Ruas Silveira Martins e Andrade Neves, Bairro Guarani. "}, {"id": 22213, "ano": 2013, "numero": 1322, "tipo__sigla": "IND", "tipo__descricao": "Indica\u00e7\u00e3o/Pedido de Provid\u00eancias", "autoria__autor__nome": "Antonio Lucas", "texto_original": "https://sapl.camaranh.rs.gov.br/media/sapl/public/materialegislativa/2013/22213/22213_texto_integral.odt", "ementa": "Solicita a constru\u00e7\u00e3o de uma escadaria na Rua Anita Garibaldi, entre as Ruas Silveira Martins e Andrade Neves, Bairro Guarani. "}, {"id": 22215, "ano": 2013, "numero": 1323, "tipo__sigla": "IND", "tipo__descricao": "Indica\u00e7\u00e3o/Pedido de Provid\u00eancias", "autoria__autor__nome": "Antonio Lucas", "texto_original": "https://sapl.camaranh.rs.gov.br/media/sapl/public/materialegislativa/2013/22215/22215_texto_integral.odt", "ementa": "Solicita coloca\u00e7\u00e3o de britas em parte da Rua Jo\u00e3o de Barro, Bairro S\u00e3o Jos\u00e9,  Loteamento Kephas I. "}, {"id": 22216, "ano": 2013, "numero": 1324, "tipo__sigla": "IND", "tipo__descricao": "Indica\u00e7\u00e3o/Pedido de Provid\u00eancias", "autoria__autor__nome": "Antonio Lucas", "texto_original": "https://sapl.camaranh.rs.gov.br/media/sapl/public/materialegislativa/2013/22216/22216_texto_integral.odt", "ementa": "Solicita coloca\u00e7\u00e3o de britas em parte da Rua da Saudade, Bairro S\u00e3o Jos\u00e9,  Loteamento Kephas I. "}, {"id": 22218, "ano": 2013, "numero": 1325, "tipo__sigla": "IND", "tipo__descricao": "Indica\u00e7\u00e3o/Pedido de Provid\u00eancias", "autoria__autor__nome": "Inspetor Luz", "texto_original": "https://sapl.camaranh.rs.gov.br/media/sapl/public/materialegislativa/2013/22218/22218_texto_integral.odt", "ementa": "Solicita conserto de buracos e irregularidades do asfalto em frente ao n\u00ba 255 da Rua Jacinta, no Bairro S\u00e3o Jos\u00e9. "}, {"id": 22219, "ano": 2013, "numero": 1326, "tipo__sigla": "IND", "tipo__descricao": "Indica\u00e7\u00e3o/Pedido de Provid\u00eancias", "autoria__autor__nome": "Inspetor Luz", "texto_original": "https://sapl.camaranh.rs.gov.br/media/sapl/public/materialegislativa/2013/22219/22219_texto_integral.odt", "ementa": "Solicita opera\u00e7\u00e3o tapa-buracos em toda extens\u00e3o da Rua Marqu\u00eas de Souza, no Bairro Hamburgo Velho."}, {"id": 22220, "ano": 2013, "numero": 1327, "tipo__sigla": "IND", "tipo__descricao": "Indica\u00e7\u00e3o/Pedido de Provid\u00eancias", "autoria__autor__nome": "Inspetor Luz", "texto_original": "https://sapl.camaranh.rs.gov.br/media/sapl/public/materialegislativa/2013/22220/22220_texto_integral.odt", "ementa": "Solicita melhorias na rede de ilumina\u00e7\u00e3o p\u00fablica da Rua Canoinhas, no Bairro S\u00e3o Jos\u00e9."}, {"id": 22221, "ano": 2013, "numero": 1328, "tipo__sigla": "IND", "tipo__descricao": "Indica\u00e7\u00e3o/Pedido de Provid\u00eancias", "autoria__autor__nome": "Inspetor Luz", "texto_original": "https://sapl.camaranh.rs.gov.br/media/sapl/public/materialegislativa/2013/22221/22221_texto_integral.odt", "ementa": "Solicita asfaltamento da Rua Carlos Berner, no Bairro S\u00e3o Jos\u00e9.  "}, {"id": 22222, "ano": 2013, "numero": 1329, "tipo__sigla": "IND", "tipo__descricao": "Indica\u00e7\u00e3o/Pedido de Provid\u00eancias", "autoria__autor__nome": "Inspetor Luz", "texto_original": "https://sapl.camaranh.rs.gov.br/media/sapl/public/materialegislativa/2013/22222/22222_texto_integral.odt", "ementa": "Solicita melhorias na rede de ilumina\u00e7\u00e3o p\u00fablica da Rua Jundia\u00ed, no Bairro Rond\u00f4nia."}, {"id": 22227, "ano": 2013, "numero": 1330, "tipo__sigla": "IND", "tipo__descricao": "Indica\u00e7\u00e3o/Pedido de Provid\u00eancias", "autoria__autor__nome": "Sergio Hanich", "texto_original": "https://sapl.camaranh.rs.gov.br/media/sapl/public/materialegislativa/2013/22227/22227_texto_integral.odt", "ementa": "Solicita melhorias na Rua Bogot\u00e1, trecho entre as Ruas Lima e M\u00e9xico, Bairro Santo Afonso."}, {"id": 22229, "ano": 2013, "numero": 1331, "tipo__sigla": "IND", "tipo__descricao": "Indica\u00e7\u00e3o/Pedido de Provid\u00eancias", "autoria__autor__nome": "JorgeTatsch", "texto_original": "https://sapl.camaranh.rs.gov.br/media/sapl/public/materialegislativa/2013/22229/22229_texto_integral.odt", "ementa": "Solicita troca de canos e revis\u00e3o na Rua Aratimb\u00f3, em frente ao n\u00famero 268, esquina coma Rua Pinheiro Machado, no Bairro Industrial."}, {"id": 22230, "ano": 2013, "numero": 1332, "tipo__sigla": "IND", "tipo__descricao": "Indica\u00e7\u00e3o/Pedido de Provid\u00eancias", "autoria__autor__nome": "JorgeTatsch", "texto_original": "https://sapl.camaranh.rs.gov.br/media/sapl/public/materialegislativa/2013/22230/22230_texto_integral.odt", "ementa": "Solicita patrolamento e coloca\u00e7\u00e3o de britas na Rua 15, Vila Palmeira, no Bairro Santo Afonso."}, {"id": 22232, "ano": 2013, "numero": 1333, "tipo__sigla": "IND", "tipo__descricao": "Indica\u00e7\u00e3o/Pedido de Provid\u00eancias", "autoria__autor__nome": "Betinho", "texto_original": "https://sapl.camaranh.rs.gov.br/media/sapl/public/materialegislativa/2013/22232/22232_texto_integral.odt", "ementa": "Solicita coloca\u00e7\u00e3o de britas no trecho n\u00e3o asfaltado da Rua Vera Cruz, no Bairro Santo Afonso."}, {"id": 22236, "ano": 2013, "numero": 1334, "tipo__sigla": "IND", "tipo__descricao": "Indica\u00e7\u00e3o/Pedido de Provid\u00eancias", "autoria__autor__nome": "JorgeTatsch", "texto_original": "https://sapl.camaranh.rs.gov.br/media/sapl/public/materialegislativa/2013/22236/22236_texto_integral.odt", "ementa": "Solicita limpeza em boca-de-lobo entupida na Rua Libres, em frente ao n\u00ba 92, Bairro Santo Afonso."}, {"id": 22237, "ano": 2013, "numero": 1335, "tipo__sigla": "IND", "tipo__descricao": "Indica\u00e7\u00e3o/Pedido de Provid\u00eancias", "autoria__autor__nome": "Patr\u00edcia Beck", "texto_original": "https://sapl.camaranh.rs.gov.br/media/sapl/public/materialegislativa/2013/22237/22237_texto_integral.odt", "ementa": "Solicita poda de \u00e1rvore, localizada junto \u00e0 Rua Euclides da Cunha, esquina com a Rua Marqu\u00eas de Maric\u00e1, em frente ao n\u00ba 471. Bairro Oper\u00e1rio."}, {"id": 22238, "ano": 2013, "numero": 1336, "tipo__sigla": "IND", "tipo__descricao": "Indica\u00e7\u00e3o/Pedido de Provid\u00eancias", "autoria__autor__nome": "Patr\u00edcia Beck", "texto_original": "https://sapl.camaranh.rs.gov.br/media/sapl/public/materialegislativa/2013/22238/22238_texto_integral.odt", "ementa": "Solicita recolhimento de lixo localizado na Rua Potiguara, esquina com a Rua Feliz, no Bairro Canudos."}, {"id": 22239, "ano": 2013, "numero": 1337, "tipo__sigla": "IND", "tipo__descricao": "Indica\u00e7\u00e3o/Pedido de Provid\u00eancias", "autoria__autor__nome": "Patr\u00edcia Beck", "texto_original": "https://sapl.camaranh.rs.gov.br/media/sapl/public/materialegislativa/2013/22239/22239_texto_integral.odt", "ementa": "Solicita recomposi\u00e7\u00e3o asf\u00e1ltica da Rua Potiguara, esquina com a Rua Cidreira, em frente ao n\u00ba 433, no Bairro Canudos."}, {"id": 22240, "ano": 2013, "numero": 1338, "tipo__sigla": "IND", "tipo__descricao": "Indica\u00e7\u00e3o/Pedido de Provid\u00eancias", "autoria__autor__nome": "Patr\u00edcia Beck", "texto_original": "https://sapl.camaranh.rs.gov.br/media/sapl/public/materialegislativa/2013/22240/22240_texto_integral.odt", "ementa": "Solicita instala\u00e7\u00e3o de postes com ilumina\u00e7\u00e3o p\u00fablica, na Pra\u00e7a Augusto Severo (Pra\u00e7a da \u00cdcaro), Bairro Canudos."}, {"id": 22241, "ano": 2013, "numero": 1339, "tipo__sigla": "IND", "tipo__descricao": "Indica\u00e7\u00e3o/Pedido de Provid\u00eancias", "autoria__autor__nome": "Patr\u00edcia Beck", "texto_original": "https://sapl.camaranh.rs.gov.br/media/sapl/public/materialegislativa/2013/22241/22241_texto_integral.odt", "ementa": "Solicita coloca\u00e7\u00e3o de uma sinaleira para pedestres na Rua Col\u00fambia, esquina com a Rua Floren\u00e7a, Bairro Canudos."}, {"id": 22242, "ano": 2013, "numero": 1340, "tipo__sigla": "IND", "tipo__descricao": "Indica\u00e7\u00e3o/Pedido de Provid\u00eancias", "autoria__autor__nome": "Patr\u00edcia Beck", "texto_original": "https://sapl.camaranh.rs.gov.br/media/sapl/public/materialegislativa/2013/22242/22242_texto_integral.odt", "ementa": "Solicita constru\u00e7\u00e3o de uma sa\u00edda de esgoto junto \u00e0 Rua Campo Bom, em frente ao n\u00ba 3280, no Bairro Canudos."}, {"id": 22244, "ano": 2013, "numero": 1341, "tipo__sigla": "IND", "tipo__descricao": "Indica\u00e7\u00e3o/Pedido de Provid\u00eancias", "autoria__autor__nome": "Patr\u00edcia Beck", "texto_original": "https://sapl.camaranh.rs.gov.br/media/sapl/public/materialegislativa/2013/22244/22244_texto_integral.odt", "ementa": "Solicita corte ou poda de \u00e1rvore na Rua \u00cdcaro, em frente ao n\u00famero 193, no Bairro Canudos."}, {"id": 22245, "ano": 2013, "numero": 1342, "tipo__sigla": "IND", "tipo__descricao": "Indica\u00e7\u00e3o/Pedido de Provid\u00eancias", "autoria__autor__nome": "Patr\u00edcia Beck", "texto_original": "https://sapl.camaranh.rs.gov.br/media/sapl/public/materialegislativa/2013/22245/22245_texto_integral.odt", "ementa": "Solicita coloca\u00e7\u00e3o de sinaleira para pedestres na Rua Bartolomeu de Gusm\u00e3o, em frente ao n\u00ba 15, esquina com a Av. Gen. Daltro Filho, no Bairro Canudos."}, {"id": 22246, "ano": 2013, "numero": 1343, "tipo__sigla": "IND", "tipo__descricao": "Indica\u00e7\u00e3o/Pedido de Provid\u00eancias", "autoria__autor__nome": "Patr\u00edcia Beck", "texto_original": "https://sapl.camaranh.rs.gov.br/media/sapl/public/materialegislativa/2013/22246/22246_texto_integral.odt", "ementa": "Solicita recolhimento de lixo localizado na Rua Rio Purus, em frente ao n\u00famero 197, no Bairro Liberdade."}, {"id": 22247, "ano": 2013, "numero": 1344, "tipo__sigla": "IND", "tipo__descricao": "Indica\u00e7\u00e3o/Pedido de Provid\u00eancias", "autoria__autor__nome": "Patr\u00edcia Beck", "texto_original": "https://sapl.camaranh.rs.gov.br/media/sapl/public/materialegislativa/2013/22247/22247_texto_integral.odt", "ementa": "Solicita conserto da tampa da boca-de-lobo localizada na Rua Kurt Jacob, esquina com a Rua Oscar Kunz, no Bairro Ideal."}, {"id": 22248, "ano": 2013, "numero": 1345, "tipo__sigla": "IND", "tipo__descricao": "Indica\u00e7\u00e3o/Pedido de Provid\u00eancias", "autoria__autor__nome": "Patr\u00edcia Beck", "texto_original": "https://sapl.camaranh.rs.gov.br/media/sapl/public/materialegislativa/2013/22248/22248_texto_integral.odt", "ementa": "Solicita que seja realizado estudo de viabilidade para a duplica\u00e7\u00e3o da Rua Bartolomeu de Gusm\u00e3o, no Bairro Canudos."}, {"id": 22249, "ano": 2013, "numero": 1346, "tipo__sigla": "IND", "tipo__descricao": "Indica\u00e7\u00e3o/Pedido de Provid\u00eancias", "autoria__autor__nome": "Patr\u00edcia Beck", "texto_original": "https://sapl.camaranh.rs.gov.br/media/sapl/public/materialegislativa/2013/22249/22249_texto_integral.odt", "ementa": "Solicita recolhimento de lixo e galhos, localizados na Rua Araponga, em frente ao n\u00famero 91, no Bairro Jardim Mau\u00e1."}, {"id": 22250, "ano": 2013, "numero": 1347, "tipo__sigla": "IND", "tipo__descricao": "Indica\u00e7\u00e3o/Pedido de Provid\u00eancias", "autoria__autor__nome": "Patr\u00edcia Beck", "texto_original": "https://sapl.camaranh.rs.gov.br/media/sapl/public/materialegislativa/2013/22250/22250_texto_integral.odt", "ementa": "Solicita recomposi\u00e7\u00e3o asf\u00e1ltica da Rua Ara\u00e7atuba, em frente ao n\u00ba 331, esquina com o beco Andara\u00ed, no Bairro S\u00e3o Jorge."}, {"id": 22251, "ano": 2013, "numero": 1348, "tipo__sigla": "IND", "tipo__descricao": "Indica\u00e7\u00e3o/Pedido de Provid\u00eancias", "autoria__autor__nome": "Patr\u00edcia Beck", "texto_original": "https://sapl.camaranh.rs.gov.br/media/sapl/public/materialegislativa/2013/22251/22251_texto_integral.odt", "ementa": "Solicita recolhimento de lixo localizado na Rua Potiguara, esquina com a Rua Distrito Federal, no Bairro Canudos."}, {"id": 22252, "ano": 2013, "numero": 1349, "tipo__sigla": "IND", "tipo__descricao": "Indica\u00e7\u00e3o/Pedido de Provid\u00eancias", "autoria__autor__nome": "Patr\u00edcia Beck", "texto_original": "https://sapl.camaranh.rs.gov.br/media/sapl/public/materialegislativa/2013/22252/22252_texto_integral.odt", "ementa": "Solicita coloca\u00e7\u00e3o de quebra-molas na rua Ingo Lampert, esquina com a rua Odon Cavalcanti, no Bairro Canudos."}, {"id": 22253, "ano": 2013, "numero": 1350, "tipo__sigla": "IND", "tipo__descricao": "Indica\u00e7\u00e3o/Pedido de Provid\u00eancias", "autoria__autor__nome": "Patr\u00edcia Beck", "texto_original": "https://sapl.camaranh.rs.gov.br/media/sapl/public/materialegislativa/2013/22253/22253_texto_integral.odt", "ementa": "Solicita coloca\u00e7\u00e3o de britas na Rua Silvio Gilberto Christmann, no trecho que n\u00e3o possui asfalto, no Bairro Canudos."}, {"id": 22254, "ano": 2013, "numero": 1351, "tipo__sigla": "IND", "tipo__descricao": "Indica\u00e7\u00e3o/Pedido de Provid\u00eancias", "autoria__autor__nome": "Cristiano Coller", "texto_original": "https://sapl.camaranh.rs.gov.br/media/sapl/public/materialegislativa/2013/22254/22254_texto_integral.odt", "ementa": "Solicita recapeamento asf\u00e1ltico na extens\u00e3o da Rua 11 de Junho, entre as Ruas Rinc\u00e3o e 24 e Maio, no Bairro Oper\u00e1rio."}, {"id": 22255, "ano": 2013, "numero": 1352, "tipo__sigla": "IND", "tipo__descricao": "Indica\u00e7\u00e3o/Pedido de Provid\u00eancias", "autoria__autor__nome": "Naasom Luciano", "texto_original": "https://sapl.camaranh.rs.gov.br/media/sapl/public/materialegislativa/2013/22255/22255_texto_integral.odt", "ementa": "Solicita desentupimento de boca-de-lobo na Av. Pedro Adams Filho, em frente n\u00ba 477, no Bairro Santo Afonso."}, {"id": 22256, "ano": 2013, "numero": 1353, "tipo__sigla": "IND", "tipo__descricao": "Indica\u00e7\u00e3o/Pedido de Provid\u00eancias", "autoria__autor__nome": "Naasom Luciano", "texto_original": "https://sapl.camaranh.rs.gov.br/media/sapl/public/materialegislativa/2013/22256/22256_texto_integral.odt", "ementa": "Solicita poda de \u00e1rvore na Rua S\u00e3o Nicolau, do in\u00edcio da rua at\u00e9 o n\u00ba 150, Bairro Primavera."}, {"id": 22257, "ano": 2013, "numero": 1354, "tipo__sigla": "IND", "tipo__descricao": "Indica\u00e7\u00e3o/Pedido de Provid\u00eancias", "autoria__autor__nome": "Naasom Luciano", "texto_original": "https://sapl.camaranh.rs.gov.br/media/sapl/public/materialegislativa/2013/22257/22257_texto_integral.odt", "ementa": "Solicita vaga de carga e descarga na Rua Samuel Morse, n\u00ba 36, em frente \u00e0 Vidra\u00e7aria Fl\u00f3rida, Bairro Canudos."}, {"id": 22259, "ano": 2013, "numero": 1355, "tipo__sigla": "IND", "tipo__descricao": "Indica\u00e7\u00e3o/Pedido de Provid\u00eancias", "autoria__autor__nome": "Naasom Luciano", "texto_original": "https://sapl.camaranh.rs.gov.br/media/sapl/public/materialegislativa/2013/22259/22259_texto_integral.odt", "ementa": "Solicita coloca\u00e7\u00e3o de sem\u00e1foro na Av. Pedro Adams Filho, esquina com  a Rua Assuncion, no Bairro Santo Afonso."}, {"id": 22260, "ano": 2013, "numero": 1356, "tipo__sigla": "IND", "tipo__descricao": "Indica\u00e7\u00e3o/Pedido de Provid\u00eancias", "autoria__autor__nome": "Patr\u00edcia Beck", "texto_original": "https://sapl.camaranh.rs.gov.br/media/sapl/public/materialegislativa/2013/22260/22260_texto_integral.odt", "ementa": "Solicita vistoria e coloca\u00e7\u00e3o de postes para ilumina\u00e7\u00e3o na Rua Jamaica, no trecho compreendido entre as Ruas Am\u00e9rica e Bom Princ\u00edpio, no Bairro Canudos."}, {"id": 22261, "ano": 2013, "numero": 1357, "tipo__sigla": "IND", "tipo__descricao": "Indica\u00e7\u00e3o/Pedido de Provid\u00eancias", "autoria__autor__nome": "Patr\u00edcia Beck", "texto_original": "https://sapl.camaranh.rs.gov.br/media/sapl/public/materialegislativa/2013/22261/22261_texto_integral.odt", "ementa": "Solicita recapeamento asf\u00e1ltico da Rua Ingo Lampert, nas proximidades da Rua Heron Domingues, no Bairro Canudos."}, {"id": 22262, "ano": 2013, "numero": 1358, "tipo__sigla": "IND", "tipo__descricao": "Indica\u00e7\u00e3o/Pedido de Provid\u00eancias", "autoria__autor__nome": "Patr\u00edcia Beck", "texto_original": "https://sapl.camaranh.rs.gov.br/media/sapl/public/materialegislativa/2013/22262/22262_texto_integral.odt", "ementa": "Solicita recolhimento de lixo localizado na Rua Timba\u00fava, em frente ao n\u00famero 772, no Bairro Liberdade."}, {"id": 22263, "ano": 2013, "numero": 1359, "tipo__sigla": "IND", "tipo__descricao": "Indica\u00e7\u00e3o/Pedido de Provid\u00eancias", "autoria__autor__nome": "Patr\u00edcia Beck", "texto_original": "https://sapl.camaranh.rs.gov.br/media/sapl/public/materialegislativa/2013/22263/22263_texto_integral.odt", "ementa": "Solicita conclus\u00e3o do asfaltamento da Rua Jamaica, e a constru\u00e7\u00e3o do passeio p\u00fablico, no trecho compreendido entre as Ruas Am\u00e9rica e Bom Princ\u00edpio, no Bairro Canudos."}, {"id": 22264, "ano": 2013, "numero": 1360, "tipo__sigla": "IND", "tipo__descricao": "Indica\u00e7\u00e3o/Pedido de Provid\u00eancias", "autoria__autor__nome": "Patr\u00edcia Beck", "texto_original": "https://sapl.camaranh.rs.gov.br/media/sapl/public/materialegislativa/2013/22264/22264_texto_integral.odt", "ementa": "Solicita capina e limpeza da Rua Jamaica, no trecho compreendido entre as Ruas Am\u00e9rica e Bom Princ\u00edpio, no Bairro Canudos."}, {"id": 22266, "ano": 2013, "numero": 1361, "tipo__sigla": "IND", "tipo__descricao": "Indica\u00e7\u00e3o/Pedido de Provid\u00eancias", "autoria__autor__nome": "Patr\u00edcia Beck", "texto_original": "https://sapl.camaranh.rs.gov.br/media/sapl/public/materialegislativa/2013/22266/22266_texto_integral.odt", "ementa": "Reitera o Pedido de Provid\u00eancias n\u00ba 750/2013, que solicita o conserto da rede de esgoto pluvial na Rua Kurt Jacob, em toda a sua extens\u00e3o, no Bairro Ideal."}, {"id": 22267, "ano": 2013, "numero": 1362, "tipo__sigla": "IND", "tipo__descricao": "Indica\u00e7\u00e3o/Pedido de Provid\u00eancias", "autoria__autor__nome": "Patr\u00edcia Beck", "texto_original": "https://sapl.camaranh.rs.gov.br/media/sapl/public/materialegislativa/2013/22267/22267_texto_integral.odt", "ementa": "Reitera o Pedido de Provid\u00eancias n\u00ba 755/2013, que solicita conserto da rede de esgoto pluvial na Rua Jo\u00e3o Quincas, em toda a sua extens\u00e3o, no Bairro Ideal."}, {"id": 22268, "ano": 2013, "numero": 1363, "tipo__sigla": "IND", "tipo__descricao": "Indica\u00e7\u00e3o/Pedido de Provid\u00eancias", "autoria__autor__nome": "Patr\u00edcia Beck", "texto_original": "https://sapl.camaranh.rs.gov.br/media/sapl/public/materialegislativa/2013/22268/22268_texto_integral.odt", "ementa": "REITERA o Pedido de Provid\u00eancias n\u00ba 754/2013, que solicita a abertura de boca-de-lobo na Rua Jo\u00e3o Quincas, em frente ao n\u00ba 55, no Bairro Ideal."}, {"id": 22269, "ano": 2013, "numero": 1364, "tipo__sigla": "IND", "tipo__descricao": "Indica\u00e7\u00e3o/Pedido de Provid\u00eancias", "autoria__autor__nome": "Patr\u00edcia Beck", "texto_original": "https://sapl.camaranh.rs.gov.br/media/sapl/public/materialegislativa/2013/22269/22269_texto_integral.odt", "ementa": "Reitera o Pedido de Provid\u00eancias n\u00ba 748/2013, que solicita o asfaltamento da Rua Kurt Jacob, no Bairro Ideal."}, {"id": 22270, "ano": 2013, "numero": 1365, "tipo__sigla": "IND", "tipo__descricao": "Indica\u00e7\u00e3o/Pedido de Provid\u00eancias", "autoria__autor__nome": "Patr\u00edcia Beck", "texto_original": "https://sapl.camaranh.rs.gov.br/media/sapl/public/materialegislativa/2013/22270/22270_texto_integral.odt", "ementa": "REITERA o Pedido de Provid\u00eancias n\u00ba 771/2013, que solicita a constru\u00e7\u00e3o de uma escada entre as Ruas Kurt Jacob e Arax\u00e1, no Bairro Ideal."}, {"id": 22272, "ano": 2013, "numero": 1367, "tipo__sigla": "IND", "tipo__descricao": "Indica\u00e7\u00e3o/Pedido de Provid\u00eancias", "autoria__autor__nome": "Patr\u00edcia Beck", "texto_original": "https://sapl.camaranh.rs.gov.br/media/", "ementa": "Solicita poda de \u00e1rvore, localizada junto \u00e0 Rua Jo\u00e3o Pessoa, em frente ao n\u00ba 309, no Bairro Centro."}, {"id": 22273, "ano": 2013, "numero": 1368, "tipo__sigla": "IND", "tipo__descricao": "Indica\u00e7\u00e3o/Pedido de Provid\u00eancias", "autoria__autor__nome": "Patr\u00edcia Beck", "texto_original": "https://sapl.camaranh.rs.gov.br/media/sapl/public/materialegislativa/2013/22273/22273_texto_integral.odt", "ementa": "Solicita poda de \u00e1rvore, localizada junto \u00e0 Rua Arroio Grande, em frente ao n\u00ba 365, esquina com a Rua Sarandi, no Bairro Jardim Mau\u00e1."}, {"id": 22274, "ano": 2013, "numero": 1369, "tipo__sigla": "IND", "tipo__descricao": "Indica\u00e7\u00e3o/Pedido de Provid\u00eancias", "autoria__autor__nome": "Patr\u00edcia Beck", "texto_original": "https://sapl.camaranh.rs.gov.br/media/sapl/public/materialegislativa/2013/22274/22274_texto_integral.odt", "ementa": "Solicita o estudo de viabilidade para a implementa\u00e7\u00e3o de uma ciclofaixa  ou ciclovia na Rua Floren\u00e7a, no Bairro Canudos."}, {"id": 22275, "ano": 2013, "numero": 1370, "tipo__sigla": "IND", "tipo__descricao": "Indica\u00e7\u00e3o/Pedido de Provid\u00eancias", "autoria__autor__nome": "Betinho", "texto_original": "https://sapl.camaranh.rs.gov.br/media/sapl/public/materialegislativa/2013/22275/22275_texto_integral.odt", "ementa": "Solicita poda de \u00e1rvore na Rua Bartolomeu de Gusm\u00e3o, n\u00ba 3170, em frente \u00e0 Metal\u00fargica Mecsul."}, {"id": 22279, "ano": 2013, "numero": 1371, "tipo__sigla": "IND", "tipo__descricao": "Indica\u00e7\u00e3o/Pedido de Provid\u00eancias", "autoria__autor__nome": "JorgeTatsch", "texto_original": "https://sapl.camaranh.rs.gov.br/media/sapl/public/materialegislativa/2013/22279/22279_texto_integral.odt", "ementa": "Solicita  substitui\u00e7\u00e3o da tampa de boca-de-lobo na Rua Bragan\u00e7a, esquina com a Rua Santarem, no n\u00ba 110, no Bairro Liberdade."}, {"id": 22280, "ano": 2013, "numero": 1372, "tipo__sigla": "IND", "tipo__descricao": "Indica\u00e7\u00e3o/Pedido de Provid\u00eancias", "autoria__autor__nome": "JorgeTatsch", "texto_original": "https://sapl.camaranh.rs.gov.br/media/sapl/public/materialegislativa/2013/22280/22280_texto_integral.odt", "ementa": "Solicita conserto de infiltra\u00e7\u00e3o no passeio p\u00fablico na Rua M\u00e9xico, em frente ao n\u00ba 54, no Bairro Santo Afonso."}, {"id": 22281, "ano": 2013, "numero": 1373, "tipo__sigla": "IND", "tipo__descricao": "Indica\u00e7\u00e3o/Pedido de Provid\u00eancias", "autoria__autor__nome": "JorgeTatsch", "texto_original": "https://sapl.camaranh.rs.gov.br/media/sapl/public/materialegislativa/2013/22281/22281_texto_integral.odt", "ementa": "Solicita patrolamento e britagem em toda  extens\u00e3o da Rua Tup\u00e3, Bairro Santo Afonso."}, {"id": 22282, "ano": 2013, "numero": 1374, "tipo__sigla": "IND", "tipo__descricao": "Indica\u00e7\u00e3o/Pedido de Provid\u00eancias", "autoria__autor__nome": "JorgeTatsch", "texto_original": "https://sapl.camaranh.rs.gov.br/media/sapl/public/materialegislativa/2013/22282/22282_texto_integral.odt", "ementa": "Solicita patrolamento e britagem em toda  extens\u00e3o da Rua Quinze, Vila Palmeira, Bairro Santo Afonso."}, {"id": 22283, "ano": 2013, "numero": 1375, "tipo__sigla": "IND", "tipo__descricao": "Indica\u00e7\u00e3o/Pedido de Provid\u00eancias", "autoria__autor__nome": "Vladi Louren\u00e7o", "texto_original": "https://sapl.camaranh.rs.gov.br/media/sapl/public/materialegislativa/2013/22283/22283_texto_integral.odt", "ementa": "Solicita coloca\u00e7\u00e3o de redutor de velocidade (quebra-molas), na Rua Potiguara, em frente ao n\u00ba 1194, Bairro Canudos."}, {"id": 22284, "ano": 2013, "numero": 1376, "tipo__sigla": "IND", "tipo__descricao": "Indica\u00e7\u00e3o/Pedido de Provid\u00eancias", "autoria__autor__nome": "Vladi Louren\u00e7o", "texto_original": "https://sapl.camaranh.rs.gov.br/media/sapl/public/materialegislativa/2013/22284/22284_texto_integral.odt", "ementa": "Solicita pavimenta\u00e7\u00e3o asf\u00e1ltica no trecho da Rua Mundo Novo, do n\u00ba 336 at\u00e9 a esquina com a Rua Bartolomeu de Gusm\u00e3o, no Bairro Canudos."}, {"id": 22285, "ano": 2013, "numero": 1377, "tipo__sigla": "IND", "tipo__descricao": "Indica\u00e7\u00e3o/Pedido de Provid\u00eancias", "autoria__autor__nome": "Vladi Louren\u00e7o", "texto_original": "https://sapl.camaranh.rs.gov.br/media/sapl/public/materialegislativa/2013/22285/22285_texto_integral.odt", "ementa": "Solicita pavimenta\u00e7\u00e3o asf\u00e1ltica  na Rua Feliz, em um trecho de 500 metros, entre a Rua Bartolomeu de Gusm\u00e3o e a Rua Potiguara, no Bairro Canudos."}, {"id": 22286, "ano": 2013, "numero": 1378, "tipo__sigla": "IND", "tipo__descricao": "Indica\u00e7\u00e3o/Pedido de Provid\u00eancias", "autoria__autor__nome": "Vladi Louren\u00e7o", "texto_original": "https://sapl.camaranh.rs.gov.br/media/sapl/public/materialegislativa/2013/22286/22286_texto_integral.odt", "ementa": "Solicita recapeamento asf\u00e1ltico na Rua Jo\u00e3o Nunes da Silva, Bairro Canudos, no Residencial Mundo Novo."}, {"id": 22287, "ano": 2013, "numero": 1379, "tipo__sigla": "IND", "tipo__descricao": "Indica\u00e7\u00e3o/Pedido de Provid\u00eancias", "autoria__autor__nome": "Vladi Louren\u00e7o", "texto_original": "https://sapl.camaranh.rs.gov.br/media/sapl/public/materialegislativa/2013/22287/22287_texto_integral.odt", "ementa": "Solicita retirada de galhos na Rua Bananal, esquina com a Rua Pedro Pohlmann, no Bairro Canudos."}, {"id": 22288, "ano": 2013, "numero": 1380, "tipo__sigla": "IND", "tipo__descricao": "Indica\u00e7\u00e3o/Pedido de Provid\u00eancias", "autoria__autor__nome": "Vladi Louren\u00e7o", "texto_original": "https://sapl.camaranh.rs.gov.br/media/sapl/public/materialegislativa/2013/22288/22288_texto_integral.odt", "ementa": "Solicita coloca\u00e7\u00e3o de sem\u00e1foro na Rua Chapada, esquina com a Rua Potiguara, no Bairro Canudos. "}, {"id": 22289, "ano": 2013, "numero": 1381, "tipo__sigla": "IND", "tipo__descricao": "Indica\u00e7\u00e3o/Pedido de Provid\u00eancias", "autoria__autor__nome": "Vladi Louren\u00e7o", "texto_original": "https://sapl.camaranh.rs.gov.br/media/sapl/public/materialegislativa/2013/22289/22289_texto_integral.odt", "ementa": "Solicita conserto de boca-de-lobo na Rua Walkiria Spindler, em frente ao n\u00ba 49, Bairro Canudos."}, {"id": 22290, "ano": 2013, "numero": 1382, "tipo__sigla": "IND", "tipo__descricao": "Indica\u00e7\u00e3o/Pedido de Provid\u00eancias", "autoria__autor__nome": "Vladi Louren\u00e7o", "texto_original": "https://sapl.camaranh.rs.gov.br/media/sapl/public/materialegislativa/2013/22290/22290_texto_integral.odt", "ementa": "Solicita substitui\u00e7\u00e3o de boca-de-lobo por uma maior na Rua Sapiranga, n\u00ba 21, esquina com a Rua Karl Schimdt, Bairro Canudos."}, {"id": 22291, "ano": 2013, "numero": 1383, "tipo__sigla": "IND", "tipo__descricao": "Indica\u00e7\u00e3o/Pedido de Provid\u00eancias", "autoria__autor__nome": "Vladi Louren\u00e7o", "texto_original": "https://sapl.camaranh.rs.gov.br/media/sapl/public/materialegislativa/2013/22291/22291_texto_integral.odt", "ementa": "Solicita pavimenta\u00e7\u00e3o asf\u00e1ltica de 200 metros da Rua Seno M\u00fcller com a Rua Bartolomeu de Gusm\u00e3o, Bairro Canudos."}, {"id": 22292, "ano": 2013, "numero": 1384, "tipo__sigla": "IND", "tipo__descricao": "Indica\u00e7\u00e3o/Pedido de Provid\u00eancias", "autoria__autor__nome": "Vladi Louren\u00e7o", "texto_original": "https://sapl.camaranh.rs.gov.br/media/sapl/public/materialegislativa/2013/22292/22292_texto_integral.odt", "ementa": "Solicita recapeamento asf\u00e1ltico na Rua Ven\u00e2ncio Aires, Bairro Canudos."}, {"id": 22293, "ano": 2013, "numero": 1385, "tipo__sigla": "IND", "tipo__descricao": "Indica\u00e7\u00e3o/Pedido de Provid\u00eancias", "autoria__autor__nome": "Vladi Louren\u00e7o", "texto_original": "https://sapl.camaranh.rs.gov.br/media/sapl/public/materialegislativa/2013/22293/22293_texto_integral.odt", "ementa": "Solicita coloca\u00e7\u00e3o de redutor de velocidade (quebra-molas) na Rua Bartolomeu de Gusm\u00e3o, em frente ao n\u00ba 2014, Bairro Canudos."}, {"id": 22294, "ano": 2013, "numero": 1386, "tipo__sigla": "IND", "tipo__descricao": "Indica\u00e7\u00e3o/Pedido de Provid\u00eancias", "autoria__autor__nome": "Vladi Louren\u00e7o", "texto_original": "https://sapl.camaranh.rs.gov.br/media/sapl/public/materialegislativa/2013/22294/22294_texto_integral.odt", "ementa": "Solicita recapeamento asf\u00e1ltico na Rua Alfredo Maroski, Vila Kunz, Bairro Canudos."}, {"id": 22295, "ano": 2013, "numero": 1387, "tipo__sigla": "IND", "tipo__descricao": "Indica\u00e7\u00e3o/Pedido de Provid\u00eancias", "autoria__autor__nome": "Vladi Louren\u00e7o", "texto_original": "https://sapl.camaranh.rs.gov.br/media/sapl/public/materialegislativa/2013/22295/22295_texto_integral.odt", "ementa": "Solicita recapeamento asf\u00e1ltico na Rua Joaquim de Oliveira, Bairro Canudos."}, {"id": 22296, "ano": 2013, "numero": 1388, "tipo__sigla": "IND", "tipo__descricao": "Indica\u00e7\u00e3o/Pedido de Provid\u00eancias", "autoria__autor__nome": "Vladi Louren\u00e7o", "texto_original": "https://sapl.camaranh.rs.gov.br/media/sapl/public/materialegislativa/2013/22296/22296_texto_integral.odt", "ementa": "Solicita coloca\u00e7\u00e3o de sem\u00e1foro na Rua Chapada, esquina com a Rua C\u00e2ndido Portinari, no Bairro Canudos."}, {"id": 22297, "ano": 2013, "numero": 1389, "tipo__sigla": "IND", "tipo__descricao": "Indica\u00e7\u00e3o/Pedido de Provid\u00eancias", "autoria__autor__nome": "Vladi Louren\u00e7o", "texto_original": "https://sapl.camaranh.rs.gov.br/media/sapl/public/materialegislativa/2013/22297/22297_texto_integral.odt", "ementa": "Solicita coloca\u00e7\u00e3o de sem\u00e1foro na Rua Col\u00fambia, esquina com a Rua C\u00e2ndido Portinari, no Bairro Canudos."}, {"id": 22299, "ano": 2013, "numero": 1390, "tipo__sigla": "IND", "tipo__descricao": "Indica\u00e7\u00e3o/Pedido de Provid\u00eancias", "autoria__autor__nome": "Raul Cassel", "texto_original": "https://sapl.camaranh.rs.gov.br/media/sapl/public/materialegislativa/2013/22299/22299_texto_integral.odt", "ementa": "Solicita coloca\u00e7\u00e3o de manta asf\u00e1ltica e ilumina\u00e7\u00e3o p\u00fablica na Rua Jamaica, Bairro Canudos."}, {"id": 22300, "ano": 2013, "numero": 1391, "tipo__sigla": "IND", "tipo__descricao": "Indica\u00e7\u00e3o/Pedido de Provid\u00eancias", "autoria__autor__nome": "Raul Cassel", "texto_original": "https://sapl.camaranh.rs.gov.br/media/sapl/public/materialegislativa/2013/22300/22300_texto_integral.odt", "ementa": "Solicita coloca\u00e7\u00e3o de placa identificativa no Centro de Especialidades, Bairro Hamburgo Velho. "}, {"id": 22301, "ano": 2013, "numero": 1392, "tipo__sigla": "IND", "tipo__descricao": "Indica\u00e7\u00e3o/Pedido de Provid\u00eancias", "autoria__autor__nome": "Sergio Hanich", "texto_original": "https://sapl.camaranh.rs.gov.br/media/sapl/public/materialegislativa/2013/22301/22301_texto_integral.odt", "ementa": "Solicita desobstru\u00e7\u00e3o da boca-de-lobo da Rua Bogot\u00e1, esquina com a Rua M\u00e9xico em dire\u00e7\u00e3o a Rua La Habana, Bairro Santo Afonso."}, {"id": 22302, "ano": 2013, "numero": 1393, "tipo__sigla": "IND", "tipo__descricao": "Indica\u00e7\u00e3o/Pedido de Provid\u00eancias", "autoria__autor__nome": "Sergio Hanich", "texto_original": "https://sapl.camaranh.rs.gov.br/media/sapl/public/materialegislativa/2013/22302/22302_texto_integral.odt", "ementa": "Solicita limpeza das bocas-de-lobo na Rua Campo Bom, do n\u00ba 2875 at\u00e9 a Rua Nobel, Bairro Canudos."}, {"id": 22303, "ano": 2013, "numero": 1394, "tipo__sigla": "IND", "tipo__descricao": "Indica\u00e7\u00e3o/Pedido de Provid\u00eancias", "autoria__autor__nome": "Sergio Hanich", "texto_original": "https://sapl.camaranh.rs.gov.br/media/sapl/public/materialegislativa/2013/22303/22303_texto_integral.odt", "ementa": "Solicita desobstru\u00e7\u00e3o da canaliza\u00e7\u00e3o na Av. Pedro Adams Filho, em frente ao n\u00ba 591, bairro Santo Afonso."}, {"id": 22304, "ano": 2013, "numero": 1395, "tipo__sigla": "IND", "tipo__descricao": "Indica\u00e7\u00e3o/Pedido de Provid\u00eancias", "autoria__autor__nome": "Sergio Hanich", "texto_original": "https://sapl.camaranh.rs.gov.br/media/sapl/public/materialegislativa/2013/22304/22304_texto_integral.odt", "ementa": "Solicita recapeamento asf\u00e1ltico e coloca\u00e7\u00e3o de meios-fios na Rua Paris, do n\u00ba 33 at\u00e9 a Rua Curitibanos, Bairro Canudos."}, {"id": 22307, "ano": 2013, "numero": 1396, "tipo__sigla": "IND", "tipo__descricao": "Indica\u00e7\u00e3o/Pedido de Provid\u00eancias", "autoria__autor__nome": "Raul Cassel", "texto_original": "https://sapl.camaranh.rs.gov.br/media/sapl/public/materialegislativa/2013/22307/22307_texto_integral.odt", "ementa": "Solicita coloca\u00e7\u00e3o de uma rotat\u00f3ria na Rua Onze de Junho, esquina com a Rua Caxias do Sul, no Bairro Vila Rosa."}, {"id": 22309, "ano": 2013, "numero": 1397, "tipo__sigla": "IND", "tipo__descricao": "Indica\u00e7\u00e3o/Pedido de Provid\u00eancias", "autoria__autor__nome": "Luiz Fernando Farias", "texto_original": "https://sapl.camaranh.rs.gov.br/media/sapl/public/materialegislativa/2013/22309/22309_texto_integral.odt", "ementa": "Solicita estudo para aumentar os hor\u00e1rios da linha de \u00f4nibus 1\u00ba de Mar\u00e7o que liga a Esta\u00e7\u00e3o Santo Afonso do Trensurb e o Bairro Centro, no munic\u00edpio de Novo Hamburgo."}, {"id": 22310, "ano": 2013, "numero": 1398, "tipo__sigla": "IND", "tipo__descricao": "Indica\u00e7\u00e3o/Pedido de Provid\u00eancias", "autoria__autor__nome": "Vladi Louren\u00e7o", "texto_original": "https://sapl.camaranh.rs.gov.br/media/sapl/public/materialegislativa/2013/22310/22310_texto_integral.odt", "ementa": "Solicita continua\u00e7\u00e3o da pavimenta\u00e7\u00e3o asf\u00e1ltica na Rua Vidal Brasil, na altura do Hospital Unimed, Bairro Hamburgo Velho."}, {"id": 22311, "ano": 2013, "numero": 1399, "tipo__sigla": "IND", "tipo__descricao": "Indica\u00e7\u00e3o/Pedido de Provid\u00eancias", "autoria__autor__nome": "Luiz Fernando Farias", "texto_original": "https://sapl.camaranh.rs.gov.br/media/sapl/public/materialegislativa/2013/22311/22311_texto_integral.odt", "ementa": "Solicita  implanta\u00e7\u00e3o de redutor de velocidade (plataforma) na Rua Ararangu\u00e1, entre as ruas Jaburu e Engenheiro Jorge Schury, no Bairro S\u00e3o Jos\u00e9."}, {"id": 22315, "ano": 2013, "numero": 1400, "tipo__sigla": "IND", "tipo__descricao": "Indica\u00e7\u00e3o/Pedido de Provid\u00eancias", "autoria__autor__nome": "JorgeTatsch", "texto_original": "https://sapl.camaranh.rs.gov.br/media/sapl/public/materialegislativa/2013/22315/22315_texto_integral.odt", "ementa": "Solicita com URG\u00caNCIA a coloca\u00e7\u00e3o de boca-de-lobo na Av. Na\u00e7\u00f5es Unidas, em frente ao n\u00ba 3850, Bairro  Ideal."}, {"id": 22320, "ano": 2013, "numero": 1401, "tipo__sigla": "IND", "tipo__descricao": "Indica\u00e7\u00e3o/Pedido de Provid\u00eancias", "autoria__autor__nome": "Gerson Peteffi", "texto_original": "https://sapl.camaranh.rs.gov.br/media/sapl/public/materialegislativa/2013/22320/22320_texto_integral.odt", "ementa": "Solicita vistoria, visando a solu\u00e7\u00e3o de infiltra\u00e7\u00e3o no passeio p\u00fablico, na Rua 15 de Novembro, em frente ao n\u00ba 298, Bairro Oper\u00e1rio."}, {"id": 22321, "ano": 2013, "numero": 1402, "tipo__sigla": "IND", "tipo__descricao": "Indica\u00e7\u00e3o/Pedido de Provid\u00eancias", "autoria__autor__nome": "Inspetor Luz", "texto_original": "https://sapl.camaranh.rs.gov.br/media/sapl/public/materialegislativa/2013/22321/22321_texto_integral.odt", "ementa": "Solicita remo\u00e7\u00e3o de galhos e entulhos depositados em toda extens\u00e3o da Rua Pedro Jos\u00e9 Treis, Bairro S\u00e3o Jorge."}, {"id": 22322, "ano": 2013, "numero": 1403, "tipo__sigla": "IND", "tipo__descricao": "Indica\u00e7\u00e3o/Pedido de Provid\u00eancias", "autoria__autor__nome": "Inspetor Luz", "texto_original": "https://sapl.camaranh.rs.gov.br/media/sapl/public/materialegislativa/2013/22322/22322_texto_integral.odt", "ementa": "Solicita amplia\u00e7\u00e3o da rede de ilumina\u00e7\u00e3o p\u00fablica e substitui\u00e7\u00e3o das l\u00e2mpadas por outras de vapor de s\u00f3dio em toda extens\u00e3o da Rua Pedro Jos\u00e9 Treis, Bairro S\u00e3o Jorge."}, {"id": 22323, "ano": 2013, "numero": 1404, "tipo__sigla": "IND", "tipo__descricao": "Indica\u00e7\u00e3o/Pedido de Provid\u00eancias", "autoria__autor__nome": "Inspetor Luz", "texto_original": "https://sapl.camaranh.rs.gov.br/media/sapl/public/materialegislativa/2013/22323/22323_texto_integral.odt", "ementa": "Solicita estudo de padroniza\u00e7\u00e3o e regulariza\u00e7\u00e3o do espa\u00e7o de passeio p\u00fablico em toda extens\u00e3o da Rua Armando Killing, no Bairro Canudos."}, {"id": 22324, "ano": 2013, "numero": 1405, "tipo__sigla": "IND", "tipo__descricao": "Indica\u00e7\u00e3o/Pedido de Provid\u00eancias", "autoria__autor__nome": "Inspetor Luz", "texto_original": "https://sapl.camaranh.rs.gov.br/media/sapl/public/materialegislativa/2013/22324/22324_texto_integral.odt", "ementa": "Solicita estudo de padroniza\u00e7\u00e3o e regulariza\u00e7\u00e3o do espa\u00e7o de passeio p\u00fablico em toda extens\u00e3o da Rua Jo\u00e3o Camilo Kolling,  no Bairro Canudos."}, {"id": 22325, "ano": 2013, "numero": 1406, "tipo__sigla": "IND", "tipo__descricao": "Indica\u00e7\u00e3o/Pedido de Provid\u00eancias", "autoria__autor__nome": "Inspetor Luz", "texto_original": "https://sapl.camaranh.rs.gov.br/media/sapl/public/materialegislativa/2013/22325/22325_texto_integral.odt", "ementa": "Solicita estudo de padroniza\u00e7\u00e3o e regulariza\u00e7\u00e3o do espa\u00e7o de passeio p\u00fablico em toda extens\u00e3o da Rua Alfredo Marotzki, no Bairro Canudos."}, {"id": 22326, "ano": 2013, "numero": 1407, "tipo__sigla": "IND", "tipo__descricao": "Indica\u00e7\u00e3o/Pedido de Provid\u00eancias", "autoria__autor__nome": "Inspetor Luz", "texto_original": "https://sapl.camaranh.rs.gov.br/media/sapl/public/materialegislativa/2013/22326/22326_texto_integral.odt", "ementa": "Solicita estudo de padroniza\u00e7\u00e3o e regulariza\u00e7\u00e3o do espa\u00e7o de passeio p\u00fablico em toda extens\u00e3o da Av. Victor Hugo Kunz, no Bairro Canudos."}, {"id": 22327, "ano": 2013, "numero": 1408, "tipo__sigla": "IND", "tipo__descricao": "Indica\u00e7\u00e3o/Pedido de Provid\u00eancias", "autoria__autor__nome": "Enfermeiro Vilmar", "texto_original": "https://sapl.camaranh.rs.gov.br/media/sapl/public/materialegislativa/2013/22327/22327_texto_integral.odt", "ementa": "Solicita poda de \u00e1rvore, localizada junto \u00e0 Rua da Rep\u00fablica, em frente ao n\u00ba 164, no Bairro Oper\u00e1rio."}, {"id": 22328, "ano": 2013, "numero": 1409, "tipo__sigla": "IND", "tipo__descricao": "Indica\u00e7\u00e3o/Pedido de Provid\u00eancias", "autoria__autor__nome": "Inspetor Luz", "texto_original": "https://sapl.camaranh.rs.gov.br/media/sapl/public/materialegislativa/2013/22328/22328_texto_integral.odt", "ementa": "Solicita estudo de padroniza\u00e7\u00e3o e regulariza\u00e7\u00e3o do espa\u00e7o de passeio p\u00fablico em toda extens\u00e3o da Rua Ven\u00e2ncio Aires, no Bairro Canudos."}, {"id": 22329, "ano": 2013, "numero": 1410, "tipo__sigla": "IND", "tipo__descricao": "Indica\u00e7\u00e3o/Pedido de Provid\u00eancias", "autoria__autor__nome": "Inspetor Luz", "texto_original": "https://sapl.camaranh.rs.gov.br/media/sapl/public/materialegislativa/2013/22329/22329_texto_integral.odt", "ementa": "Solicita estudo de padroniza\u00e7\u00e3o e regulariza\u00e7\u00e3o do espa\u00e7o de passeio p\u00fablico em toda extens\u00e3o da Rua Bartolomeu de Gusm\u00e3o, no Bairro Canudos."}, {"id": 22330, "ano": 2013, "numero": 1411, "tipo__sigla": "IND", "tipo__descricao": "Indica\u00e7\u00e3o/Pedido de Provid\u00eancias", "autoria__autor__nome": "Inspetor Luz", "texto_original": "https://sapl.camaranh.rs.gov.br/media/sapl/public/materialegislativa/2013/22330/22330_texto_integral.odt", "ementa": "Solicita estudo de padroniza\u00e7\u00e3o e regulariza\u00e7\u00e3o do espa\u00e7o de passeio p\u00fablico em toda extens\u00e3o da Rua General Daltro Filho, no Bairro Canudos."}, {"id": 22331, "ano": 2013, "numero": 1412, "tipo__sigla": "IND", "tipo__descricao": "Indica\u00e7\u00e3o/Pedido de Provid\u00eancias", "autoria__autor__nome": "Professor Issur Koch", "texto_original": "https://sapl.camaranh.rs.gov.br/media/sapl/public/materialegislativa/2013/22331/22331_texto_integral.odt", "ementa": "Solicita a implanta\u00e7\u00e3o de sinalizadores sonoros no cruzamento das Ruas Bento Gon\u00e7alves e  Joaquim Nabuco, no Bairro Centro."}, {"id": 22332, "ano": 2013, "numero": 1413, "tipo__sigla": "IND", "tipo__descricao": "Indica\u00e7\u00e3o/Pedido de Provid\u00eancias", "autoria__autor__nome": "Professor Issur Koch", "texto_original": "https://sapl.camaranh.rs.gov.br/media/sapl/public/materialegislativa/2013/22332/22332_texto_integral.odt", "ementa": "Solicita implanta\u00e7\u00e3o de sinalizadores sonoros no cruzamento da Av. Primeiro de Mar\u00e7o com  a Rua Marc\u00edlio Dias, no Bairro Centro."}, {"id": 22333, "ano": 2013, "numero": 1414, "tipo__sigla": "IND", "tipo__descricao": "Indica\u00e7\u00e3o/Pedido de Provid\u00eancias", "autoria__autor__nome": "Professor Issur Koch", "texto_original": "https://sapl.camaranh.rs.gov.br/media/sapl/public/materialegislativa/2013/22333/22333_texto_integral.odt", "ementa": "Solicita melhora na ilumina\u00e7\u00e3o na Pra\u00e7a Monsenhor Edmundo Backes, no Bairro Hamburgo Velho."}, {"id": 22334, "ano": 2013, "numero": 1415, "tipo__sigla": "IND", "tipo__descricao": "Indica\u00e7\u00e3o/Pedido de Provid\u00eancias", "autoria__autor__nome": "Professor Issur Koch", "texto_original": "https://sapl.camaranh.rs.gov.br/media/sapl/public/materialegislativa/2013/22334/22334_texto_integral.odt", "ementa": "Solicita implanta\u00e7\u00e3o de sinalizadores sonoros no cruzamento da Av. Pedro Adams Filho com Rua Marc\u00edlio Dias,  no Bairro Centro."}, {"id": 22335, "ano": 2013, "numero": 1416, "tipo__sigla": "IND", "tipo__descricao": "Indica\u00e7\u00e3o/Pedido de Provid\u00eancias", "autoria__autor__nome": "Professor Issur Koch", "texto_original": "https://sapl.camaranh.rs.gov.br/media/sapl/public/materialegislativa/2013/22335/22335_texto_integral.odt", "ementa": "Solicita implanta\u00e7\u00e3o de sinalizadores sonoros no cruzamento das Ruas Bento Gon\u00e7alves com Marc\u00edlio Dias,  no Bairro Centro."}, {"id": 22336, "ano": 2013, "numero": 1417, "tipo__sigla": "IND", "tipo__descricao": "Indica\u00e7\u00e3o/Pedido de Provid\u00eancias", "autoria__autor__nome": "Professor Issur Koch", "texto_original": "https://sapl.camaranh.rs.gov.br/media/sapl/public/materialegislativa/2013/22336/22336_texto_integral.odt", "ementa": "Solicita, com urg\u00eancia, o conserto do telhado da F\u00e1brica do Saber, localizada na Rua Tupiniquins 134,  no Bairro Ideal, ao lado da Escola Presidente Nilo Pe\u00e7anha."}, {"id": 22337, "ano": 2013, "numero": 1418, "tipo__sigla": "IND", "tipo__descricao": "Indica\u00e7\u00e3o/Pedido de Provid\u00eancias", "autoria__autor__nome": "Professor Issur Koch", "texto_original": "https://sapl.camaranh.rs.gov.br/media/sapl/public/materialegislativa/2013/22337/22337_texto_integral.odt", "ementa": "Solicita implanta\u00e7\u00e3o de sinalizadores sonoros no cruzamento da Av. Pedro Adams Filho com  a Rua Lima e Silva, no Bairro Centro."}, {"id": 22338, "ano": 2013, "numero": 1419, "tipo__sigla": "IND", "tipo__descricao": "Indica\u00e7\u00e3o/Pedido de Provid\u00eancias", "autoria__autor__nome": "Professor Issur Koch", "texto_original": "https://sapl.camaranh.rs.gov.br/media/sapl/public/materialegislativa/2013/22338/22338_texto_integral.odt", "ementa": "Solicita o combate ao parasita chamado &#8220;Erva de Passarinho&#8221; nas \u00e1rvores da Pra\u00e7a Vinte de Setembro, no Bairro Centro."}, {"id": 22339, "ano": 2013, "numero": 1420, "tipo__sigla": "IND", "tipo__descricao": "Indica\u00e7\u00e3o/Pedido de Provid\u00eancias", "autoria__autor__nome": "Professor Issur Koch", "texto_original": "https://sapl.camaranh.rs.gov.br/media/sapl/public/materialegislativa/2013/22339/22339_texto_integral.odt", "ementa": "Solicita implanta\u00e7\u00e3o de sinalizadores sonoros no cruzamento das Ruas Bento Gon\u00e7alves e J\u00falio de Castilhos, no Bairro Centro."}, {"id": 22340, "ano": 2013, "numero": 1421, "tipo__sigla": "IND", "tipo__descricao": "Indica\u00e7\u00e3o/Pedido de Provid\u00eancias", "autoria__autor__nome": "Professor Issur Koch", "texto_original": "https://sapl.camaranh.rs.gov.br/media/sapl/public/materialegislativa/2013/22340/22340_texto_integral.odt", "ementa": "Solicita, com urg\u00eancia, poda de \u00e1rvore na Rua  da Rep\u00fablica, n\u00ba 164, no Bairro Oper\u00e1rio."}, {"id": 22341, "ano": 2013, "numero": 1422, "tipo__sigla": "IND", "tipo__descricao": "Indica\u00e7\u00e3o/Pedido de Provid\u00eancias", "autoria__autor__nome": "Professor Issur Koch", "texto_original": "https://sapl.camaranh.rs.gov.br/media/sapl/public/materialegislativa/2013/22341/22341_texto_integral.odt", "ementa": "Solicita implanta\u00e7\u00e3o de sinalizadores sonoros no cruzamento da Av. Pedro Adams Filho e a Rua Joaquim Nabuco, no Bairro Centro."}, {"id": 22342, "ano": 2013, "numero": 1423, "tipo__sigla": "IND", "tipo__descricao": "Indica\u00e7\u00e3o/Pedido de Provid\u00eancias", "autoria__autor__nome": "Professor Issur Koch", "texto_original": "https://sapl.camaranh.rs.gov.br/media/sapl/public/materialegislativa/2013/22342/22342_texto_integral.odt", "ementa": "Solicita  melhora na ilumina\u00e7\u00e3o p\u00fablica no trecho pr\u00f3ximo \u00e0  Esta\u00e7\u00e3o Santo Afonso, no Bairro Santo Afonso."}, {"id": 22344, "ano": 2013, "numero": 1424, "tipo__sigla": "IND", "tipo__descricao": "Indica\u00e7\u00e3o/Pedido de Provid\u00eancias", "autoria__autor__nome": "Professor Issur Koch", "texto_original": "https://sapl.camaranh.rs.gov.br/media/sapl/public/materialegislativa/2013/22344/22344_texto_integral.odt", "ementa": "Solicita recapeamento asf\u00e1ltico na Rua Ab\u00edlio Jos\u00e9 de Melo, no Bairro Lomba Grande."}, {"id": 22345, "ano": 2013, "numero": 1425, "tipo__sigla": "IND", "tipo__descricao": "Indica\u00e7\u00e3o/Pedido de Provid\u00eancias", "autoria__autor__nome": "Professor Issur Koch", "texto_original": "https://sapl.camaranh.rs.gov.br/media/sapl/public/materialegislativa/2013/22345/22345_texto_integral.odt", "ementa": "Solicita implanta\u00e7\u00e3o de sinalizadores sonoros no cruzamento das Ruas Joaquim Nabuco e Magalh\u00e3es Calvet, no Bairro Centro."}, {"id": 22346, "ano": 2013, "numero": 1426, "tipo__sigla": "IND", "tipo__descricao": "Indica\u00e7\u00e3o/Pedido de Provid\u00eancias", "autoria__autor__nome": "Cristiano Coller", "texto_original": "https://sapl.camaranh.rs.gov.br/media/sapl/public/materialegislativa/2013/22346/22346_texto_integral.odt", "ementa": "Solicita coloca\u00e7\u00e3o de banco na parada de \u00f4nibus na Av. Nicolau Becker, em frente ao n\u00ba1060"}, {"id": 22347, "ano": 2013, "numero": 1427, "tipo__sigla": "IND", "tipo__descricao": "Indica\u00e7\u00e3o/Pedido de Provid\u00eancias", "autoria__autor__nome": "Cristiano Coller", "texto_original": "https://sapl.camaranh.rs.gov.br/media/sapl/public/materialegislativa/2013/22347/22347_texto_integral.odt", "ementa": "Solicita conserto de infiltra\u00e7\u00e3o na cal\u00e7ada na Rua Itaporanga, em frente ao n\u00ba 103, no Bairro Jardim Mau\u00e1."}, {"id": 22349, "ano": 2013, "numero": 1428, "tipo__sigla": "IND", "tipo__descricao": "Indica\u00e7\u00e3o/Pedido de Provid\u00eancias", "autoria__autor__nome": "Cristiano Coller", "texto_original": "https://sapl.camaranh.rs.gov.br/media/sapl/public/materialegislativa/2013/22349/22349_texto_integral.odt", "ementa": "Solicito a  limpeza da rua e bocas-de-lobos na Rua Vidal Brasil, no Bairro Canudos."}, {"id": 22350, "ano": 2013, "numero": 1429, "tipo__sigla": "IND", "tipo__descricao": "Indica\u00e7\u00e3o/Pedido de Provid\u00eancias", "autoria__autor__nome": "Cristiano Coller", "texto_original": "https://sapl.camaranh.rs.gov.br/media/sapl/public/materialegislativa/2013/22350/22350_texto_integral.odt", "ementa": "Solicito a vistoria quanto a obra particular na Rua Clara Nunes, esquina da Rua Vidal Brasil, no Bairro Canudos."}, {"id": 22353, "ano": 2013, "numero": 1430, "tipo__sigla": "IND", "tipo__descricao": "Indica\u00e7\u00e3o/Pedido de Provid\u00eancias", "autoria__autor__nome": "Cristiano Coller", "texto_original": "https://sapl.camaranh.rs.gov.br/media/sapl/public/materialegislativa/2013/22353/22353_texto_integral.odt", "ementa": "Solicita coloca\u00e7\u00e3o de placa Permitido Estacionar na Rua Miranda, no Bairro Liberdade."}, {"id": 22354, "ano": 2013, "numero": 1431, "tipo__sigla": "IND", "tipo__descricao": "Indica\u00e7\u00e3o/Pedido de Provid\u00eancias", "autoria__autor__nome": "Cristiano Coller", "texto_original": "https://sapl.camaranh.rs.gov.br/media/sapl/public/materialegislativa/2013/22354/22354_texto_integral.odt", "ementa": "Solicita poda de \u00e1rvores e arbustos junto \u00e0  parada de \u00f4nibus na Av. Nicolau Becker, em frente ao n\u00ba 1060, Bairro Centro."}, {"id": 22355, "ano": 2013, "numero": 1432, "tipo__sigla": "IND", "tipo__descricao": "Indica\u00e7\u00e3o/Pedido de Provid\u00eancias", "autoria__autor__nome": "Cristiano Coller", "texto_original": "https://sapl.camaranh.rs.gov.br/media/sapl/public/materialegislativa/2013/22355/22355_texto_integral.odt", "ementa": "Solicita abertura e pavimenta\u00e7\u00e3o da Rua Clara Nunes, entre as Ruas Vidal Brasil e Gustavo Leopoldo Feltes, no Bairro Canudos."}, {"id": 22356, "ano": 2013, "numero": 1433, "tipo__sigla": "IND", "tipo__descricao": "Indica\u00e7\u00e3o/Pedido de Provid\u00eancias", "autoria__autor__nome": "Raul Cassel", "texto_original": "https://sapl.camaranh.rs.gov.br/media/sapl/public/materialegislativa/2013/22356/22356_texto_integral.odt", "ementa": "Solicita que seja intimado propriet\u00e1rio do pr\u00e9dio localizado na Rua Machado de Assis, n\u00ba 503, esquina com a Rua Tuparendi, Bairro Ideal."}, {"id": 22357, "ano": 2013, "numero": 1434, "tipo__sigla": "IND", "tipo__descricao": "Indica\u00e7\u00e3o/Pedido de Provid\u00eancias", "autoria__autor__nome": "Enfermeiro Vilmar", "texto_original": "https://sapl.camaranh.rs.gov.br/media/sapl/public/materialegislativa/2013/22357/22357_texto_integral.odt", "ementa": "Solicita capina e limpeza do terreno baldio localizado na Rua Col\u00fambia, em frente ao n\u00ba 1630, no Bairro Canudos."}, {"id": 22358, "ano": 2013, "numero": 1435, "tipo__sigla": "IND", "tipo__descricao": "Indica\u00e7\u00e3o/Pedido de Provid\u00eancias", "autoria__autor__nome": "Professor Issur Koch", "texto_original": "https://sapl.camaranh.rs.gov.br/media/sapl/public/materialegislativa/2013/22358/22358_texto_integral.odt", "ementa": "Solicita limpeza, cal\u00e7amento e passeio p\u00fablico na Rua Sali Teresinha Eli, no Bairro Ouro Branco."}, {"id": 22359, "ano": 2013, "numero": 1436, "tipo__sigla": "IND", "tipo__descricao": "Indica\u00e7\u00e3o/Pedido de Provid\u00eancias", "autoria__autor__nome": "Naasom Luciano", "texto_original": "https://sapl.camaranh.rs.gov.br/media/sapl/public/materialegislativa/2013/22359/22359_texto_integral.odt", "ementa": "Solicita coloca\u00e7\u00e3o de britas na Rua Cl\u00e1udio Jo\u00e3o Maria da Silva, Bairro Primavera."}, {"id": 22360, "ano": 2013, "numero": 1437, "tipo__sigla": "IND", "tipo__descricao": "Indica\u00e7\u00e3o/Pedido de Provid\u00eancias", "autoria__autor__nome": "Patr\u00edcia Beck", "texto_original": "https://sapl.camaranh.rs.gov.br/media/sapl/public/materialegislativa/2013/22360/22360_texto_integral.odt", "ementa": "Solicita abertura de acesso da Rua Pedro Boll Filho com a RS 239, na Vila Kraemer, no Bairro S\u00e3o Jorge."}, {"id": 22361, "ano": 2013, "numero": 1438, "tipo__sigla": "IND", "tipo__descricao": "Indica\u00e7\u00e3o/Pedido de Provid\u00eancias", "autoria__autor__nome": "Patr\u00edcia Beck", "texto_original": "https://sapl.camaranh.rs.gov.br/media/sapl/public/materialegislativa/2013/22361/22361_texto_integral.odt", "ementa": "Solicita limpeza e desassoreamento do Arroio Manteiga, no Bairro Rond\u00f4nia."}, {"id": 22362, "ano": 2013, "numero": 1439, "tipo__sigla": "IND", "tipo__descricao": "Indica\u00e7\u00e3o/Pedido de Provid\u00eancias", "autoria__autor__nome": "Patr\u00edcia Beck", "texto_original": "https://sapl.camaranh.rs.gov.br/media/sapl/public/materialegislativa/2013/22362/22362_texto_integral.odt", "ementa": "Solicita canaliza\u00e7\u00e3o do Arroio Manteiga, no Bairro Rond\u00f4nia."}, {"id": 22363, "ano": 2013, "numero": 1440, "tipo__sigla": "IND", "tipo__descricao": "Indica\u00e7\u00e3o/Pedido de Provid\u00eancias", "autoria__autor__nome": "Patr\u00edcia Beck", "texto_original": "https://sapl.camaranh.rs.gov.br/media/sapl/public/materialegislativa/2013/22363/22363_texto_integral.odt", "ementa": "Solicita coloca\u00e7\u00e3o de britas na Rua Bem Vindo, em toda a sua extens\u00e3o, no Bairro Santo Afonso."}, {"id": 22364, "ano": 2013, "numero": 1441, "tipo__sigla": "IND", "tipo__descricao": "Indica\u00e7\u00e3o/Pedido de Provid\u00eancias", "autoria__autor__nome": "Patr\u00edcia Beck", "texto_original": "https://sapl.camaranh.rs.gov.br/media/sapl/public/materialegislativa/2013/22364/22364_texto_integral.odt", "ementa": "Solicita ilumina\u00e7\u00e3o p\u00fablica para a pra\u00e7a localizada na Rua Aracaju, esquina com a Rua Itaqui, no Bairro Boa Vista."}, {"id": 22366, "ano": 2013, "numero": 1442, "tipo__sigla": "IND", "tipo__descricao": "Indica\u00e7\u00e3o/Pedido de Provid\u00eancias", "autoria__autor__nome": "Patr\u00edcia Beck", "texto_original": "https://sapl.camaranh.rs.gov.br/media/sapl/public/materialegislativa/2013/22366/22366_texto_integral.odt", "ementa": "Solicita a conclus\u00e3o da pavimenta\u00e7\u00e3o da Rua Dr. Jo\u00e3o Daniel Hillebrand, no trecho compreendido entre as Ruas Minas Gerais e Ad\u00e3o Steigleder,  no Bairro Rond\u00f4nia."}, {"id": 22367, "ano": 2013, "numero": 1443, "tipo__sigla": "IND", "tipo__descricao": "Indica\u00e7\u00e3o/Pedido de Provid\u00eancias", "autoria__autor__nome": "Patr\u00edcia Beck", "texto_original": "https://sapl.camaranh.rs.gov.br/media/sapl/public/materialegislativa/2013/22367/22367_texto_integral.odt", "ementa": "REITERA o Pedido de Provid\u00eancias n\u00ba 834/2013, que solicita o corte de uma \u00e1rvore que nasceu sobre um abrigo de \u00f4nibus, localizado na Rua Carlos Germano Burkle, em frente ao n\u00ba 645, no Bairro Ideal."}, {"id": 22368, "ano": 2013, "numero": 1444, "tipo__sigla": "IND", "tipo__descricao": "Indica\u00e7\u00e3o/Pedido de Provid\u00eancias", "autoria__autor__nome": "Patr\u00edcia Beck", "texto_original": "https://sapl.camaranh.rs.gov.br/media/sapl/public/materialegislativa/2013/22368/22368_texto_integral.odt", "ementa": "Solicita poda de \u00e1rvore localizada junto \u00e0 Rua Cacequi, em frente ao n\u00ba 19, esquina com a Rua Recife, no Bairro Boa Vista."}, {"id": 22369, "ano": 2013, "numero": 1445, "tipo__sigla": "IND", "tipo__descricao": "Indica\u00e7\u00e3o/Pedido de Provid\u00eancias", "autoria__autor__nome": "Patr\u00edcia Beck", "texto_original": "https://sapl.camaranh.rs.gov.br/media/sapl/public/materialegislativa/2013/22369/22369_texto_integral.odt", "ementa": "Solicita recolhimento de lixo e entulhos, localizados na Rua Dr. Jo\u00e3o Daniel Hillebrand, em frente ao n\u00ba 1969, no Bairro Rond\u00f4nia."}, {"id": 22370, "ano": 2013, "numero": 1446, "tipo__sigla": "IND", "tipo__descricao": "Indica\u00e7\u00e3o/Pedido de Provid\u00eancias", "autoria__autor__nome": "Patr\u00edcia Beck", "texto_original": "https://sapl.camaranh.rs.gov.br/media/sapl/public/materialegislativa/2013/22370/22370_texto_integral.odt", "ementa": "Solicita recolhimento dos galhos, localizados na Rua Bertholdo Rech, em frente ao n\u00ba 347, no Bairro Rond\u00f4nia."}, {"id": 22371, "ano": 2013, "numero": 1447, "tipo__sigla": "IND", "tipo__descricao": "Indica\u00e7\u00e3o/Pedido de Provid\u00eancias", "autoria__autor__nome": "Patr\u00edcia Beck", "texto_original": "https://sapl.camaranh.rs.gov.br/media/sapl/public/materialegislativa/2013/22371/22371_texto_integral.odt", "ementa": "Solicita a conclus\u00e3o da ponte, localizada na Rua Am\u00e9rica, no Bairro Canudos."}, {"id": 22372, "ano": 2013, "numero": 1448, "tipo__sigla": "IND", "tipo__descricao": "Indica\u00e7\u00e3o/Pedido de Provid\u00eancias", "autoria__autor__nome": "Patr\u00edcia Beck", "texto_original": "https://sapl.camaranh.rs.gov.br/media/sapl/public/materialegislativa/2013/22372/22372_texto_integral.odt", "ementa": "Solicita o deslocamento do abrigo de \u00f4nibus, localizado junto \u00e0 rua General Daltro Filho, em frente ao n\u00famero 630, no Bairro Hamburgo Velho."}, {"id": 22373, "ano": 2013, "numero": 1449, "tipo__sigla": "IND", "tipo__descricao": "Indica\u00e7\u00e3o/Pedido de Provid\u00eancias", "autoria__autor__nome": "Patr\u00edcia Beck", "texto_original": "https://sapl.camaranh.rs.gov.br/media/sapl/public/materialegislativa/2013/22373/22373_texto_integral.odt", "ementa": "Solicita poda dos arbustos, localizados na Rua Jo\u00e3o Neves da Fontoura, esquina com a Rua Col\u00fambia, no Bairro Canudos."}, {"id": 22375, "ano": 2013, "numero": 1450, "tipo__sigla": "IND", "tipo__descricao": "Indica\u00e7\u00e3o/Pedido de Provid\u00eancias", "autoria__autor__nome": "Sergio Hanich", "texto_original": "https://sapl.camaranh.rs.gov.br/media/sapl/public/materialegislativa/2013/22375/22375_texto_integral.odt", "ementa": "Solicita recapeamento asf\u00e1ltico da Rua Campo Bom, Bairro Canudos."}, {"id": 22376, "ano": 2013, "numero": 1451, "tipo__sigla": "IND", "tipo__descricao": "Indica\u00e7\u00e3o/Pedido de Provid\u00eancias", "autoria__autor__nome": "Sergio Hanich", "texto_original": "https://sapl.camaranh.rs.gov.br/media/sapl/public/materialegislativa/2013/22376/22376_texto_integral.odt", "ementa": "Solicita opera\u00e7\u00e3o tapa-buracos na Rua Dr. Maur\u00edcio Cardoso, trecho entre as Ruas Marc\u00edlio Dias e Gomes Portinho, Bairro Hamburgo Velho. "}, {"id": 22377, "ano": 2013, "numero": 1452, "tipo__sigla": "IND", "tipo__descricao": "Indica\u00e7\u00e3o/Pedido de Provid\u00eancias", "autoria__autor__nome": "Sergio Hanich", "texto_original": "https://sapl.camaranh.rs.gov.br/media/sapl/public/materialegislativa/2013/22377/22377_texto_integral.odt", "ementa": "Solicita t\u00e9rmino do capeamento asf\u00e1ltico na Rua Vereador Carlos Em\u00edlio Kolling, Bairro S\u00e3o Jorge."}, {"id": 22379, "ano": 2013, "numero": 1453, "tipo__sigla": "IND", "tipo__descricao": "Indica\u00e7\u00e3o/Pedido de Provid\u00eancias", "autoria__autor__nome": "Sergio Hanich", "texto_original": "https://sapl.camaranh.rs.gov.br/media/sapl/public/materialegislativa/2013/22379/22379_texto_integral.odt", "ementa": "Solicita recapeamento asf\u00e1ltico na Rua Alfredo Marotzki, Bairro Canudos."}, {"id": 22380, "ano": 2013, "numero": 1454, "tipo__sigla": "IND", "tipo__descricao": "Indica\u00e7\u00e3o/Pedido de Provid\u00eancias", "autoria__autor__nome": "Sergio Hanich", "texto_original": "https://sapl.camaranh.rs.gov.br/media/sapl/public/materialegislativa/2013/22380/22380_texto_integral.odt", "ementa": "Solicita recapeamento asf\u00e1ltico na Rua General Daltro Filho, Bairro Hamburgo Velho."}, {"id": 22381, "ano": 2013, "numero": 1455, "tipo__sigla": "IND", "tipo__descricao": "Indica\u00e7\u00e3o/Pedido de Provid\u00eancias", "autoria__autor__nome": "Sergio Hanich", "texto_original": "https://sapl.camaranh.rs.gov.br/media/sapl/public/materialegislativa/2013/22381/22381_texto_integral.odt", "ementa": "Solicita recapeamento asf\u00e1ltico na Rua Ven\u00e2ncio Aires, Bairro Canudos."}, {"id": 22383, "ano": 2013, "numero": 1456, "tipo__sigla": "IND", "tipo__descricao": "Indica\u00e7\u00e3o/Pedido de Provid\u00eancias", "autoria__autor__nome": "Sergio Hanich", "texto_original": "https://sapl.camaranh.rs.gov.br/media/sapl/public/materialegislativa/2013/22383/22383_texto_integral.odt", "ementa": "Solicita recapeamento asf\u00e1ltico na Rua Vereador Carlos Em\u00edlio Kolling, Bairro S\u00e3o Jorge."}, {"id": 22384, "ano": 2013, "numero": 1457, "tipo__sigla": "IND", "tipo__descricao": "Indica\u00e7\u00e3o/Pedido de Provid\u00eancias", "autoria__autor__nome": "Sergio Hanich", "texto_original": "https://sapl.camaranh.rs.gov.br/media/sapl/public/materialegislativa/2013/22384/22384_texto_integral.odt", "ementa": "Solicita recapeamento asf\u00e1ltico em toda extens\u00e3o da Rua Dom Pedro II, Bairro Canudos."}, {"id": 22385, "ano": 2013, "numero": 1458, "tipo__sigla": "IND", "tipo__descricao": "Indica\u00e7\u00e3o/Pedido de Provid\u00eancias", "autoria__autor__nome": "Sergio Hanich", "texto_original": "https://sapl.camaranh.rs.gov.br/media/sapl/public/materialegislativa/2013/22385/22385_texto_integral.odt", "ementa": "Solicita recapeamento asf\u00e1ltico em toda a extens\u00e3o da Rua Jo\u00e3o Amando Schilling, Bairro S\u00e3o Jorge."}, {"id": 22386, "ano": 2013, "numero": 1459, "tipo__sigla": "IND", "tipo__descricao": "Indica\u00e7\u00e3o/Pedido de Provid\u00eancias", "autoria__autor__nome": "Sergio Hanich", "texto_original": "https://sapl.camaranh.rs.gov.br/media/sapl/public/materialegislativa/2013/22386/22386_texto_integral.odt", "ementa": "Solicita coloca\u00e7\u00e3o de placa nominativa na esquina das Ruas Dom Pedro II e Ver. Darci Jaime Keller, Bairro Canudos."}, {"id": 22387, "ano": 2013, "numero": 1460, "tipo__sigla": "IND", "tipo__descricao": "Indica\u00e7\u00e3o/Pedido de Provid\u00eancias", "autoria__autor__nome": "Betinho", "texto_original": "https://sapl.camaranh.rs.gov.br/media/sapl/public/materialegislativa/2013/22387/22387_texto_integral.odt", "ementa": "Sugere a cria\u00e7\u00e3o do Centro de Refer\u00eancia do Idoso no bairro Santo Afonso."}, {"id": 22390, "ano": 2013, "numero": 1461, "tipo__sigla": "IND", "tipo__descricao": "Indica\u00e7\u00e3o/Pedido de Provid\u00eancias", "autoria__autor__nome": "Betinho", "texto_original": "https://sapl.camaranh.rs.gov.br/media/sapl/public/materialegislativa/2013/22390/22390_texto_integral.odt", "ementa": "Solicita pavimenta\u00e7\u00e3o e constru\u00e7\u00e3o de ponte na Rua Bom Fim, Bairro Liberdade."}, {"id": 22392, "ano": 2013, "numero": 1462, "tipo__sigla": "IND", "tipo__descricao": "Indica\u00e7\u00e3o/Pedido de Provid\u00eancias", "autoria__autor__nome": "Inspetor Luz", "texto_original": "https://sapl.camaranh.rs.gov.br/media/sapl/public/materialegislativa/2013/22392/22392_texto_integral.odt", "ementa": "Reitera o Pedido de Provid\u00eancias n\u00ba 2556/2012, que solicita estudo para constru\u00e7\u00e3o de redutores de velocidade e/ou quebra-molas na Rua Pedro Jos\u00e9 Treis, em frente ao n\u00ba 620, no Bairro S\u00e3o Jorge."}, {"id": 22393, "ano": 2013, "numero": 1463, "tipo__sigla": "IND", "tipo__descricao": "Indica\u00e7\u00e3o/Pedido de Provid\u00eancias", "autoria__autor__nome": "Inspetor Luz", "texto_original": "https://sapl.camaranh.rs.gov.br/media/sapl/public/materialegislativa/2013/22393/22393_texto_integral.odt", "ementa": "Reitera o Pedido de Provid\u00eancias n\u00ba 1889/2012, que solicita estudo para constru\u00e7\u00e3o de redutores de velocidade e/ou quebra-molas ao longo da Rua Curitibanos, Bairro Canudos."}, {"id": 22394, "ano": 2013, "numero": 1464, "tipo__sigla": "IND", "tipo__descricao": "Indica\u00e7\u00e3o/Pedido de Provid\u00eancias", "autoria__autor__nome": "Betinho", "texto_original": "https://sapl.camaranh.rs.gov.br/media/sapl/public/materialegislativa/2013/22394/22394_texto_integral.odt", "ementa": "Solicita implanta\u00e7\u00e3o de rede de energia el\u00e9trica  na Rua Mauro Chik\u00e1, no trecho compreendido entre as Ruas Alfredo Rui Reinheimer e Amir Ramires, Bairro Santo Afonso. "}, {"id": 22395, "ano": 2013, "numero": 1465, "tipo__sigla": "IND", "tipo__descricao": "Indica\u00e7\u00e3o/Pedido de Provid\u00eancias", "autoria__autor__nome": "Patr\u00edcia Beck", "texto_original": "https://sapl.camaranh.rs.gov.br/media/sapl/public/materialegislativa/2013/22395/22395_texto_integral.odt", "ementa": "Solicita a coloca\u00e7\u00e3o de britas na Rua Dr. Jo\u00e3o Daniel Hillebrand, no trecho compreendido entre as Ruas Minas Gerais e Ad\u00e3o Steigleder,  no Bairro Rond\u00f4nia."}, {"id": 22400, "ano": 2013, "numero": 1466, "tipo__sigla": "IND", "tipo__descricao": "Indica\u00e7\u00e3o/Pedido de Provid\u00eancias", "autoria__autor__nome": "Betinho", "texto_original": "https://sapl.camaranh.rs.gov.br/media/sapl/public/materialegislativa/2013/22400/22400_texto_integral.odt", "ementa": "Solicita implanta\u00e7\u00e3o de rede de energia el\u00e9trica  na Rua Francisco Manoel da Silva, no trecho compreendido entre as Ruas Visconde de Herval e Oscar Ludwig, Bairro Jardim Mau\u00e1. "}, {"id": 22402, "ano": 2013, "numero": 1467, "tipo__sigla": "IND", "tipo__descricao": "Indica\u00e7\u00e3o/Pedido de Provid\u00eancias", "autoria__autor__nome": "Inspetor Luz", "texto_original": "https://sapl.camaranh.rs.gov.br/media/sapl/public/materialegislativa/2013/22402/22402_texto_integral.odt", "ementa": "Solicita opera\u00e7\u00e3o tapa-buracos em toda extens\u00e3o da Rua Pedro Quaresma da Silva, no Bairro Boa Sa\u00fade."}, {"id": 22403, "ano": 2013, "numero": 1468, "tipo__sigla": "IND", "tipo__descricao": "Indica\u00e7\u00e3o/Pedido de Provid\u00eancias", "autoria__autor__nome": "Inspetor Luz", "texto_original": "https://sapl.camaranh.rs.gov.br/media/sapl/public/materialegislativa/2013/22403/22403_texto_integral.odt", "ementa": "Solicita remo\u00e7\u00e3o de galhos e entulhos depositados em toda extens\u00e3o da Rua Santo Dias da Silva, Bairro Boa Sa\u00fade."}, {"id": 22404, "ano": 2013, "numero": 1469, "tipo__sigla": "IND", "tipo__descricao": "Indica\u00e7\u00e3o/Pedido de Provid\u00eancias", "autoria__autor__nome": "Inspetor Luz", "texto_original": "https://sapl.camaranh.rs.gov.br/media/sapl/public/materialegislativa/2013/22404/22404_texto_integral.odt", "ementa": "Solicita amplia\u00e7\u00e3o da rede de ilumina\u00e7\u00e3o p\u00fablica e substitui\u00e7\u00e3o das l\u00e2mpadas por outras de vapor de s\u00f3dio em toda extens\u00e3o da Rua do Bosque, Bairro Boa Sa\u00fade."}, {"id": 22405, "ano": 2013, "numero": 1470, "tipo__sigla": "IND", "tipo__descricao": "Indica\u00e7\u00e3o/Pedido de Provid\u00eancias", "autoria__autor__nome": "Inspetor Luz", "texto_original": "https://sapl.camaranh.rs.gov.br/media/sapl/public/materialegislativa/2013/22405/22405_texto_integral.odt", "ementa": "Solicita opera\u00e7\u00e3o tapa-buracos em toda extens\u00e3o da Rua Samuel Renck, no Bairro Boa Sa\u00fade."}, {"id": 22422, "ano": 2013, "numero": 1471, "tipo__sigla": "IND", "tipo__descricao": "Indica\u00e7\u00e3o/Pedido de Provid\u00eancias", "autoria__autor__nome": "Naasom Luciano", "texto_original": "https://sapl.camaranh.rs.gov.br/media/sapl/public/materialegislativa/2013/22422/22422_texto_integral.odt", "ementa": "Solicita remo\u00e7\u00e3o de \u00e1rvore em frente ao Maternal Z\u00e9 Carioca, na Rua Tupi, n\u00ba 1097, Bairro Centro."}, {"id": 22407, "ano": 2013, "numero": 1472, "tipo__sigla": "IND", "tipo__descricao": "Indica\u00e7\u00e3o/Pedido de Provid\u00eancias", "autoria__autor__nome": "Inspetor Luz", "texto_original": "https://sapl.camaranh.rs.gov.br/media/sapl/public/materialegislativa/2013/22407/22407_texto_integral.odt", "ementa": "Solicita amplia\u00e7\u00e3o da rede de ilumina\u00e7\u00e3o p\u00fablica e substitui\u00e7\u00e3o das l\u00e2mpadas por outras de vapor de s\u00f3dio em toda extens\u00e3o da Rua das Arauc\u00e1rias, Bairro Boa Sa\u00fade."}, {"id": 22408, "ano": 2013, "numero": 1473, "tipo__sigla": "IND", "tipo__descricao": "Indica\u00e7\u00e3o/Pedido de Provid\u00eancias", "autoria__autor__nome": "Inspetor Luz", "texto_original": "https://sapl.camaranh.rs.gov.br/media/sapl/public/materialegislativa/2013/22408/22408_texto_integral.odt", "ementa": "Solicita remo\u00e7\u00e3o de galhos e entulhos depositados em toda extens\u00e3o da Rua Tarc\u00edsio Ant\u00f4nio Bruxel, Bairro Boa Sa\u00fade."}, {"id": 22409, "ano": 2013, "numero": 1474, "tipo__sigla": "IND", "tipo__descricao": "Indica\u00e7\u00e3o/Pedido de Provid\u00eancias", "autoria__autor__nome": "Inspetor Luz", "texto_original": "https://sapl.camaranh.rs.gov.br/media/sapl/public/materialegislativa/2013/22409/22409_texto_integral.odt", "ementa": "Solicita amplia\u00e7\u00e3o da rede de ilumina\u00e7\u00e3o p\u00fablica e substitui\u00e7\u00e3o das l\u00e2mpadas por outras de vapor de s\u00f3dio em toda extens\u00e3o da Rua Taim, Bairro Boa Sa\u00fade."}, {"id": 22410, "ano": 2013, "numero": 1475, "tipo__sigla": "IND", "tipo__descricao": "Indica\u00e7\u00e3o/Pedido de Provid\u00eancias", "autoria__autor__nome": "Inspetor Luz", "texto_original": "https://sapl.camaranh.rs.gov.br/media/sapl/public/materialegislativa/2013/22410/22410_texto_integral.odt", "ementa": "Solicita amplia\u00e7\u00e3o da rede de ilumina\u00e7\u00e3o p\u00fablica e substitui\u00e7\u00e3o das l\u00e2mpadas por outras de vapor de s\u00f3dio em toda extens\u00e3o da Rua Piren\u00f3polis, Bairro Boa Sa\u00fade."}, {"id": 22411, "ano": 2013, "numero": 1476, "tipo__sigla": "IND", "tipo__descricao": "Indica\u00e7\u00e3o/Pedido de Provid\u00eancias", "autoria__autor__nome": "Inspetor Luz", "texto_original": "https://sapl.camaranh.rs.gov.br/media/sapl/public/materialegislativa/2013/22411/22411_texto_integral.odt", "ementa": "Solicita opera\u00e7\u00e3o tapa-buracos em toda a extens\u00e3o da Rua Cambar\u00e1, no Bairro Boa Sa\u00fade."}, {"id": 22414, "ano": 2013, "numero": 1477, "tipo__sigla": "IND", "tipo__descricao": "Indica\u00e7\u00e3o/Pedido de Provid\u00eancias", "autoria__autor__nome": "Inspetor Luz", "texto_original": "https://sapl.camaranh.rs.gov.br/media/sapl/public/materialegislativa/2013/22414/22414_texto_integral.odt", "ementa": "Solicita opera\u00e7\u00e3o tapa-buracos em toda a extens\u00e3o da Rua Lori Maria Stoffel, no Bairro Boa Sa\u00fade."}, {"id": 22416, "ano": 2013, "numero": 1478, "tipo__sigla": "IND", "tipo__descricao": "Indica\u00e7\u00e3o/Pedido de Provid\u00eancias", "autoria__autor__nome": "Inspetor Luz", "texto_original": "https://sapl.camaranh.rs.gov.br/media/sapl/public/materialegislativa/2013/22416/22416_texto_integral.odt", "ementa": "Solicita opera\u00e7\u00e3o tapa buracos em toda extens\u00e3o da Rua Jo\u00e3o Ram\u00e3o Bueno, no Bairro Boa Sa\u00fade."}, {"id": 22417, "ano": 2013, "numero": 1479, "tipo__sigla": "IND", "tipo__descricao": "Indica\u00e7\u00e3o/Pedido de Provid\u00eancias", "autoria__autor__nome": "Sergio Hanich", "texto_original": "https://sapl.camaranh.rs.gov.br/media/sapl/public/materialegislativa/2013/22417/22417_texto_integral.odt", "ementa": "Solicita pavimenta\u00e7\u00e3o asf\u00e1ltica em toda a extens\u00e3o da Rua Tiradentes, no Bairro Industrial."}, {"id": 22418, "ano": 2013, "numero": 1480, "tipo__sigla": "IND", "tipo__descricao": "Indica\u00e7\u00e3o/Pedido de Provid\u00eancias", "autoria__autor__nome": "Sergio Hanich", "texto_original": "https://sapl.camaranh.rs.gov.br/media/sapl/public/materialegislativa/2013/22418/22418_texto_integral.odt", "ementa": "Solicita pavimenta\u00e7\u00e3o asf\u00e1ltica em toda a extens\u00e3o da Rua Santos Dumont, no Bairro Industrial."}, {"id": 22419, "ano": 2013, "numero": 1481, "tipo__sigla": "IND", "tipo__descricao": "Indica\u00e7\u00e3o/Pedido de Provid\u00eancias", "autoria__autor__nome": "Sergio Hanich", "texto_original": "https://sapl.camaranh.rs.gov.br/media/sapl/public/materialegislativa/2013/22419/22419_texto_integral.odt", "ementa": "Solicita pavimenta\u00e7\u00e3o asf\u00e1ltica na Av. Alc\u00e2ntara, trecho entre as Ruas Pedro Am\u00e9rico e Av. Victor Hugo Kunz, Bairro Canudos."}, {"id": 22421, "ano": 2013, "numero": 1482, "tipo__sigla": "IND", "tipo__descricao": "Indica\u00e7\u00e3o/Pedido de Provid\u00eancias", "autoria__autor__nome": "Naasom Luciano", "texto_original": "https://sapl.camaranh.rs.gov.br/media/sapl/public/materialegislativa/2013/22421/22421_texto_integral.odt", "ementa": "Solicita desentupimento de boca-de-lobo na Rua Pedro Am\u00e9rico, esquina com a Rua Dezenove de Novembro, Bairro S\u00e3o Jorge."}, {"id": 22423, "ano": 2013, "numero": 1483, "tipo__sigla": "IND", "tipo__descricao": "Indica\u00e7\u00e3o/Pedido de Provid\u00eancias", "autoria__autor__nome": "Cristiano Coller", "texto_original": "https://sapl.camaranh.rs.gov.br/media/sapl/public/materialegislativa/2013/22423/22423_texto_integral.odt", "ementa": "Solicita troca de uma parada de \u00f4nibus e coloca\u00e7\u00e3o de placa \"permitido estacionar\" na Av. Na\u00e7\u00f5es Unidas, quase esquina com a Rua 24 de Maio, em frente ao n\u00ba 285, no Bairro Vila Rosa."}, {"id": 22425, "ano": 2013, "numero": 1484, "tipo__sigla": "IND", "tipo__descricao": "Indica\u00e7\u00e3o/Pedido de Provid\u00eancias", "autoria__autor__nome": "Cristiano Coller", "texto_original": "https://sapl.camaranh.rs.gov.br/media/sapl/public/materialegislativa/2013/22425/22425_texto_integral.odt", "ementa": "Solicita fiscaliza\u00e7\u00e3o para constru\u00e7\u00e3o de passeio p\u00fablico (cal\u00e7ada) na Rua Guia Lopes, entre a Av. Pedro Adams Filho e a Rua Dr. Jo\u00e3o Daniel Hillebrand, no Bairro Rond\u00f4nia."}, {"id": 22426, "ano": 2013, "numero": 1485, "tipo__sigla": "IND", "tipo__descricao": "Indica\u00e7\u00e3o/Pedido de Provid\u00eancias", "autoria__autor__nome": "Cristiano Coller", "texto_original": "https://sapl.camaranh.rs.gov.br/media/sapl/public/materialegislativa/2013/22426/22426_texto_integral.odt", "ementa": "Solicita coloca\u00e7\u00e3o de placa indicativa de carga e descarga na Rua Bragan\u00e7a, no Bairro Liberdade."}, {"id": 22427, "ano": 2013, "numero": 1486, "tipo__sigla": "IND", "tipo__descricao": "Indica\u00e7\u00e3o/Pedido de Provid\u00eancias", "autoria__autor__nome": "Cristiano Coller", "texto_original": "https://sapl.camaranh.rs.gov.br/media/sapl/public/materialegislativa/2013/22427/22427_texto_integral.odt", "ementa": "Solicita  estudo da viabilidade de fazer doa\u00e7\u00e3o de telas e postes do Campo do Floriano, no Bairro Liberdade."}, {"id": 22428, "ano": 2013, "numero": 1487, "tipo__sigla": "IND", "tipo__descricao": "Indica\u00e7\u00e3o/Pedido de Provid\u00eancias", "autoria__autor__nome": "Cristiano Coller", "texto_original": "https://sapl.camaranh.rs.gov.br/media/sapl/public/materialegislativa/2013/22428/22428_texto_integral.odt", "ementa": "Solicita opera\u00e7\u00e3o tapa-buracos na Rua Tr\u00eas de Outubro, no Bairro Ideal."}, {"id": 22430, "ano": 2013, "numero": 1488, "tipo__sigla": "IND", "tipo__descricao": "Indica\u00e7\u00e3o/Pedido de Provid\u00eancias", "autoria__autor__nome": "Cristiano Coller", "texto_original": "https://sapl.camaranh.rs.gov.br/media/sapl/public/materialegislativa/2013/22430/22430_texto_integral.odt", "ementa": "Solicita coloca\u00e7\u00e3o de quebra mola e placa de sinaliza\u00e7\u00e3o na Rua Guilherme Grovermannn entre os n\u00bas 899 e 960, no Bairro Rond\u00f4nia."}, {"id": 22436, "ano": 2013, "numero": 1489, "tipo__sigla": "IND", "tipo__descricao": "Indica\u00e7\u00e3o/Pedido de Provid\u00eancias", "autoria__autor__nome": "Cristiano Coller", "texto_original": "https://sapl.camaranh.rs.gov.br/media/sapl/public/materialegislativa/2013/22436/22436_texto_integral.odt", "ementa": "Solicita recoloca\u00e7\u00e3o lumin\u00e1ria em poste na Escadaria  da Rua Valdir Ant\u00f4nio Girardi, em frente ao n\u00ba 61, no Bairro Santo Afonso."}, {"id": 22437, "ano": 2013, "numero": 1490, "tipo__sigla": "IND", "tipo__descricao": "Indica\u00e7\u00e3o/Pedido de Provid\u00eancias", "autoria__autor__nome": "Cristiano Coller", "texto_original": "https://sapl.camaranh.rs.gov.br/media/sapl/public/materialegislativa/2013/22437/22437_texto_integral.odt", "ementa": "Solicita recoloca\u00e7\u00e3o de lumin\u00e1ria, na Rua Flamengo, em frente ao n\u00famero 309, no Bairro Santo Afonso."}, {"id": 22438, "ano": 2013, "numero": 1491, "tipo__sigla": "IND", "tipo__descricao": "Indica\u00e7\u00e3o/Pedido de Provid\u00eancias", "autoria__autor__nome": "Professor Issur Koch", "texto_original": "https://sapl.camaranh.rs.gov.br/media/sapl/public/materialegislativa/2013/22438/22438_texto_integral.odt", "ementa": "Reitera a coloca\u00e7\u00e3o de boca-de-lobo na Av. Na\u00e7\u00f5es Unidas, abaixo das obras do trem, em frente ao n\u00famero 2737, no Bairro Ideal.  "}, {"id": 22439, "ano": 2013, "numero": 1492, "tipo__sigla": "IND", "tipo__descricao": "Indica\u00e7\u00e3o/Pedido de Provid\u00eancias", "autoria__autor__nome": "Professor Issur Koch", "texto_original": "https://sapl.camaranh.rs.gov.br/media/sapl/public/materialegislativa/2013/22439/22439_texto_integral.odt", "ementa": "Solicita, com urg\u00eancia, limpeza e manuten\u00e7\u00e3o das bocas-de-lobo da Avenida Vereador Ad\u00e3o Rodrigues de Oliveira, em frente ao viveiro de mudas da Esquadrias Scheid, no Bairro Ideal."}, {"id": 22440, "ano": 2013, "numero": 1493, "tipo__sigla": "IND", "tipo__descricao": "Indica\u00e7\u00e3o/Pedido de Provid\u00eancias", "autoria__autor__nome": "Professor Issur Koch", "texto_original": "https://sapl.camaranh.rs.gov.br/media/sapl/public/materialegislativa/2013/22440/22440_texto_integral.odt", "ementa": "Solicita intima\u00e7\u00e3o do propriet\u00e1rio do terreno localizado na Rua Gomes Portinho, esquina com a Rua Caraj\u00e1s, Bairro Jardim Mau\u00e1, para que seja feita a limpeza e o cercamento do local."}, {"id": 22442, "ano": 2013, "numero": 1494, "tipo__sigla": "IND", "tipo__descricao": "Indica\u00e7\u00e3o/Pedido de Provid\u00eancias", "autoria__autor__nome": "Cristiano Coller", "texto_original": "https://sapl.camaranh.rs.gov.br/media/sapl/public/materialegislativa/2013/22442/22442_texto_integral.odt", "ementa": "Solicita vistoria e parecer t\u00e9cnico da Secretaria de Obras P\u00fablicas e Servi\u00e7os Urbanos sobre a escadaria da Rua Valdir Ant\u00f4nio Girardi, em frente ao n\u00ba61, no Bairro Santo Afonso."}, {"id": 22443, "ano": 2013, "numero": 1495, "tipo__sigla": "IND", "tipo__descricao": "Indica\u00e7\u00e3o/Pedido de Provid\u00eancias", "autoria__autor__nome": "Antonio Lucas", "texto_original": "https://sapl.camaranh.rs.gov.br/media/sapl/public/materialegislativa/2013/22443/22443_texto_integral.odt", "ementa": "Solicita patrolamento e coloca\u00e7\u00e3o de britas em todas as ruas da Vila Martin Pilger, Bairro Vila Nova."}, {"id": 22445, "ano": 2013, "numero": 1496, "tipo__sigla": "IND", "tipo__descricao": "Indica\u00e7\u00e3o/Pedido de Provid\u00eancias", "autoria__autor__nome": "Cristiano Coller", "texto_original": "https://sapl.camaranh.rs.gov.br/media/sapl/public/materialegislativa/2013/22445/22445_texto_integral.odt", "ementa": "Solicita  constru\u00e7\u00e3o de Capela Mortu\u00e1ria, no  Bairro Rond\u00f4nia."}, {"id": 22448, "ano": 2013, "numero": 1497, "tipo__sigla": "IND", "tipo__descricao": "Indica\u00e7\u00e3o/Pedido de Provid\u00eancias", "autoria__autor__nome": "Cristiano Coller", "texto_original": "https://sapl.camaranh.rs.gov.br/media/sapl/public/materialegislativa/2013/22448/22448_texto_integral.odt", "ementa": "Solicita coloca\u00e7\u00e3o de uma Pra\u00e7a na Rua Pedro Edwino Becker, esquina com a Rua Irm\u00e3o Nilo, no Bairro Rinc\u00e3o."}, {"id": 22449, "ano": 2013, "numero": 1498, "tipo__sigla": "IND", "tipo__descricao": "Indica\u00e7\u00e3o/Pedido de Provid\u00eancias", "autoria__autor__nome": "Naasom Luciano", "texto_original": "https://sapl.camaranh.rs.gov.br/media/sapl/public/materialegislativa/2013/22449/22449_texto_integral.odt", "ementa": "Solicita vaga de estacionamento para carro f\u00fanebre na Rua Pedro Adams Filho, n\u00ba 6469 em frente \u00e0 Funer\u00e1ria do Vale, Bairro Operario."}, {"id": 22451, "ano": 2013, "numero": 1499, "tipo__sigla": "IND", "tipo__descricao": "Indica\u00e7\u00e3o/Pedido de Provid\u00eancias", "autoria__autor__nome": "JorgeTatsch", "texto_original": "https://sapl.camaranh.rs.gov.br/media/sapl/public/materialegislativa/2013/22451/22451_texto_integral.odt", "ementa": "Reitera o Pedido de Provid\u00eancias n\u00ba 218/2013, que solicita conserto de infiltra\u00e7\u00e3o no passeio p\u00fablico na Rua M\u00e9xico, em frente ao n\u00ba 363, no Bairro Santo Afonso."}, {"id": 22452, "ano": 2013, "numero": 1500, "tipo__sigla": "IND", "tipo__descricao": "Indica\u00e7\u00e3o/Pedido de Provid\u00eancias", "autoria__autor__nome": "JorgeTatsch", "texto_original": "https://sapl.camaranh.rs.gov.br/media/sapl/public/materialegislativa/2013/22452/22452_texto_integral.odt", "ementa": "Solicita conserto de infiltra\u00e7\u00e3o no passeio p\u00fablico da Av. Montevid\u00e9o, pr\u00f3ximo ao n\u00ba 167, no Bairro Santo Afonso."}, {"id": 22453, "ano": 2013, "numero": 1501, "tipo__sigla": "IND", "tipo__descricao": "Indica\u00e7\u00e3o/Pedido de Provid\u00eancias", "autoria__autor__nome": "JorgeTatsch", "texto_original": "https://sapl.camaranh.rs.gov.br/media/sapl/public/materialegislativa/2013/22453/22453_texto_integral.odt", "ementa": "Solicita retirada de todas as lixeiras da Pra\u00e7a da Rua Seis, Loteamento Novo Na\u00e7\u00f5es Unidas, Bairro Santo Afonso."}, {"id": 22454, "ano": 2013, "numero": 1502, "tipo__sigla": "IND", "tipo__descricao": "Indica\u00e7\u00e3o/Pedido de Provid\u00eancias", "autoria__autor__nome": "JorgeTatsch", "texto_original": "https://sapl.camaranh.rs.gov.br/media/sapl/public/materialegislativa/2013/22454/22454_texto_integral.odt", "ementa": "Solicita troca da tampa de boca-de-lobo na Rua M\u00e9xico, em frente ao n\u00ba 453, no Bairro Santo Afonso."}, {"id": 22455, "ano": 2013, "numero": 1503, "tipo__sigla": "IND", "tipo__descricao": "Indica\u00e7\u00e3o/Pedido de Provid\u00eancias", "autoria__autor__nome": "JorgeTatsch", "texto_original": "https://sapl.camaranh.rs.gov.br/media/sapl/public/materialegislativa/2013/22455/22455_texto_integral.odt", "ementa": "Solicita Reparos no ponto de \u00f4nibus na Av. Montevid\u00e9u, em frente ao n\u00ba 272, no Bairro Santo Afonso."}, {"id": 22456, "ano": 2013, "numero": 1504, "tipo__sigla": "IND", "tipo__descricao": "Indica\u00e7\u00e3o/Pedido de Provid\u00eancias", "autoria__autor__nome": "JorgeTatsch", "texto_original": "https://sapl.camaranh.rs.gov.br/media/sapl/public/materialegislativa/2013/22456/22456_texto_integral.odt", "ementa": "Solicita  troca de tampa de boca-de-lobo na Rua Lima, em frente ao n\u00ba 341, no Bairro Santo Afonso."}, {"id": 22457, "ano": 2013, "numero": 1505, "tipo__sigla": "IND", "tipo__descricao": "Indica\u00e7\u00e3o/Pedido de Provid\u00eancias", "autoria__autor__nome": "JorgeTatsch", "texto_original": "https://sapl.camaranh.rs.gov.br/media/sapl/public/materialegislativa/2013/22457/22457_texto_integral.odt", "ementa": "Solicita desentupimento de esgoto da Rua La Habana, esquina com a Rua Lima, Bairro Santo Afonso."}, {"id": 22458, "ano": 2013, "numero": 1506, "tipo__sigla": "IND", "tipo__descricao": "Indica\u00e7\u00e3o/Pedido de Provid\u00eancias", "autoria__autor__nome": "JorgeTatsch", "texto_original": "https://sapl.camaranh.rs.gov.br/media/sapl/public/materialegislativa/2013/22458/22458_texto_integral.odt", "ementa": "Solicita coloca\u00e7\u00e3o de britas em toda extens\u00e3o do beco da Rua Igua\u00e7u, Vila Kroeff, no Bairro Santo Afonso."}, {"id": 22459, "ano": 2013, "numero": 1507, "tipo__sigla": "IND", "tipo__descricao": "Indica\u00e7\u00e3o/Pedido de Provid\u00eancias", "autoria__autor__nome": "JorgeTatsch", "texto_original": "https://sapl.camaranh.rs.gov.br/media/sapl/public/materialegislativa/2013/22459/22459_texto_integral.odt", "ementa": "Solicita recolhimento de lixo e entulhos localizados na Rua Eldorado, em frente ao n\u00ba 1339, no Bairro Santo Afonso."}, {"id": 22460, "ano": 2013, "numero": 1508, "tipo__sigla": "IND", "tipo__descricao": "Indica\u00e7\u00e3o/Pedido de Provid\u00eancias", "autoria__autor__nome": "JorgeTatsch", "texto_original": "https://sapl.camaranh.rs.gov.br/media/sapl/public/materialegislativa/2013/22460/22460_texto_integral.odt", "ementa": "Solicita  recolhimento de galhos na Dique da Amizade esquina com a Rua Solidariedade,  em frente ao n\u00ba 14, Bairro Santo Afonso."}, {"id": 22462, "ano": 2013, "numero": 1509, "tipo__sigla": "IND", "tipo__descricao": "Indica\u00e7\u00e3o/Pedido de Provid\u00eancias", "autoria__autor__nome": "JorgeTatsch", "texto_original": "https://sapl.camaranh.rs.gov.br/media/sapl/public/materialegislativa/2013/22462/22462_texto_integral.odt", "ementa": "Solicita estudo de viabilidade para coloca\u00e7\u00e3o de  um redutor de velocidade na Rua Guia Lopes, em frente ao n\u00ba 2328, Bairro Rond\u00f4nia."}, {"id": 22463, "ano": 2013, "numero": 1510, "tipo__sigla": "IND", "tipo__descricao": "Indica\u00e7\u00e3o/Pedido de Provid\u00eancias", "autoria__autor__nome": "JorgeTatsch", "texto_original": "https://sapl.camaranh.rs.gov.br/media/sapl/public/materialegislativa/2013/22463/22463_texto_integral.odt", "ementa": "Solicita recolhimento de lixo localizado na Rua Solidariedade, em frente ao n\u00ba 36, Bairro Santo Afonso."}, {"id": 22465, "ano": 2013, "numero": 1511, "tipo__sigla": "IND", "tipo__descricao": "Indica\u00e7\u00e3o/Pedido de Provid\u00eancias", "autoria__autor__nome": "Sergio Hanich", "texto_original": "https://sapl.camaranh.rs.gov.br/media/sapl/public/materialegislativa/2013/22465/22465_texto_integral.odt", "ementa": "Solicita coloca\u00e7\u00e3o de britas no Beco do Uruguai, travessa da Rua Uruguai, Bairro Canudos."}, {"id": 22467, "ano": 2013, "numero": 1512, "tipo__sigla": "IND", "tipo__descricao": "Indica\u00e7\u00e3o/Pedido de Provid\u00eancias", "autoria__autor__nome": "Sergio Hanich", "texto_original": "https://sapl.camaranh.rs.gov.br/media/sapl/public/materialegislativa/2013/22467/22467_texto_integral.odt", "ementa": "Solicita recoloca\u00e7\u00e3o da placa nominativa das Ruas Gomes Portinho com Av. Dr. Maur\u00edcio Cardoso, Bairro Hamburgo Velho.  "}, {"id": 22468, "ano": 2013, "numero": 1513, "tipo__sigla": "IND", "tipo__descricao": "Indica\u00e7\u00e3o/Pedido de Provid\u00eancias", "autoria__autor__nome": "Enfermeiro Vilmar", "texto_original": "https://sapl.camaranh.rs.gov.br/media/sapl/public/materialegislativa/2013/22468/22468_texto_integral.odt", "ementa": "Solicita coloca\u00e7\u00e3o de canos na boca-de-lobo na Rua Passo do Pe\u00e3o, em frente ao n\u00ba1250, Bairro Lomba Grande."}, {"id": 22469, "ano": 2013, "numero": 1514, "tipo__sigla": "IND", "tipo__descricao": "Indica\u00e7\u00e3o/Pedido de Provid\u00eancias", "autoria__autor__nome": "Enfermeiro Vilmar", "texto_original": "https://sapl.camaranh.rs.gov.br/media/sapl/public/materialegislativa/2013/22469/22469_texto_integral.odt", "ementa": "Solicita troca de tampa de boca-de-lobo na Rua Itajub\u00e1, em frente ao n\u00ba145 no Bairro S\u00e3o Jorge."}, {"id": 22470, "ano": 2013, "numero": 1515, "tipo__sigla": "IND", "tipo__descricao": "Indica\u00e7\u00e3o/Pedido de Provid\u00eancias", "autoria__autor__nome": "Roger Corr\u00eaa", "texto_original": "https://sapl.camaranh.rs.gov.br/media/sapl/public/materialegislativa/2013/22470/22470_texto_integral.odt", "ementa": "Solicita melhorias, coloca\u00e7\u00e3o de brinquedos e instala\u00e7\u00e3o de academia ao ar livre na Pra\u00e7a Darci Venturini, localizada entre as Ruas Tubar\u00e3o, Paulo Guimar\u00e3es e Rua Duque  Estrada, no Bairro Primavera."}, {"id": 22472, "ano": 2013, "numero": 1516, "tipo__sigla": "IND", "tipo__descricao": "Indica\u00e7\u00e3o/Pedido de Provid\u00eancias", "autoria__autor__nome": "Professor Issur Koch", "texto_original": "https://sapl.camaranh.rs.gov.br/media/sapl/public/materialegislativa/2013/22472/22472_texto_integral.odt", "ementa": "Solicita com urg\u00eancia a limpeza em toda extens\u00e3o da Rua dos Eucaliptos, no Bairro Ideal, e fiscaliza\u00e7\u00e3o quanto ao despejo de lixo."}, {"id": 22476, "ano": 2013, "numero": 1517, "tipo__sigla": "IND", "tipo__descricao": "Indica\u00e7\u00e3o/Pedido de Provid\u00eancias", "autoria__autor__nome": "Patr\u00edcia Beck", "texto_original": "https://sapl.camaranh.rs.gov.br/media/sapl/public/materialegislativa/2013/22476/22476_texto_integral.odt", "ementa": "Solicita recomposi\u00e7\u00e3o asf\u00e1ltica da Rua Jo\u00e3o Amando Schilling, em frente ao n\u00ba 360,  no Bairro S\u00e3o Jorge."}, {"id": 22477, "ano": 2013, "numero": 1518, "tipo__sigla": "IND", "tipo__descricao": "Indica\u00e7\u00e3o/Pedido de Provid\u00eancias", "autoria__autor__nome": "Patr\u00edcia Beck", "texto_original": "https://sapl.camaranh.rs.gov.br/media/sapl/public/materialegislativa/2013/22477/22477_texto_integral.odt", "ementa": "Solicita cria\u00e7\u00e3o ou amplia\u00e7\u00e3o das linhas de transporte coletivo que atendem o Bairro Canudos at\u00e9 o Hospital Regina."}, {"id": 22478, "ano": 2013, "numero": 1519, "tipo__sigla": "IND", "tipo__descricao": "Indica\u00e7\u00e3o/Pedido de Provid\u00eancias", "autoria__autor__nome": "Patr\u00edcia Beck", "texto_original": "https://sapl.camaranh.rs.gov.br/media/sapl/public/materialegislativa/2013/22478/22478_texto_integral.odt", "ementa": "Solicita limpeza das bocas-de-lobo localizadas na Rua Hamburgo, no trecho compreendido entre as Ruas Bartolomeu de Gusm\u00e3o e Ven\u00e2ncio Aires,  no Bairro Canudos."}, {"id": 22479, "ano": 2013, "numero": 1520, "tipo__sigla": "IND", "tipo__descricao": "Indica\u00e7\u00e3o/Pedido de Provid\u00eancias", "autoria__autor__nome": "Patr\u00edcia Beck", "texto_original": "https://sapl.camaranh.rs.gov.br/media/sapl/public/materialegislativa/2013/22479/22479_texto_integral.odt", "ementa": "Solicita limpeza das bocas-de-lobo localizadas na Rua Irm\u00e3 Lina, em toda a sua extens\u00e3o, no Bairro S\u00e3o Jorge."}, {"id": 22480, "ano": 2013, "numero": 1521, "tipo__sigla": "IND", "tipo__descricao": "Indica\u00e7\u00e3o/Pedido de Provid\u00eancias", "autoria__autor__nome": "Patr\u00edcia Beck", "texto_original": "https://sapl.camaranh.rs.gov.br/media/sapl/public/materialegislativa/2013/22480/22480_texto_integral.odt", "ementa": "Solicita instala\u00e7\u00e3o de rede de energia el\u00e9trica  junto \u00e0 Rua Presidente Juscelino K. de Oliveira, no trecho compreendido entre as Ruas Rio Grande do Sul e Gen. Daltro Filho, no Bairro Canudos."}, {"id": 22481, "ano": 2013, "numero": 1522, "tipo__sigla": "IND", "tipo__descricao": "Indica\u00e7\u00e3o/Pedido de Provid\u00eancias", "autoria__autor__nome": "Patr\u00edcia Beck", "texto_original": "https://sapl.camaranh.rs.gov.br/media/sapl/public/materialegislativa/2013/22481/22481_texto_integral.odt", "ementa": "Solicita levantamento do meio-fio localizado na Rua Irm\u00e3 Lina, em frente ao n\u00famero 87, no Bairro S\u00e3o Jorge."}, {"id": 22482, "ano": 2013, "numero": 1523, "tipo__sigla": "IND", "tipo__descricao": "Indica\u00e7\u00e3o/Pedido de Provid\u00eancias", "autoria__autor__nome": "Patr\u00edcia Beck", "texto_original": "https://sapl.camaranh.rs.gov.br/media/sapl/public/materialegislativa/2013/22482/22482_texto_integral.odt", "ementa": "Solicita reforma ou reconstru\u00e7\u00e3o da ponte, sob o Arroio Pampa, que liga a Rua Bruno David Bohn \u00e0 Av. Alc\u00e2ntara, no Bairro S\u00e3o Jorge."}, {"id": 22483, "ano": 2013, "numero": 1524, "tipo__sigla": "IND", "tipo__descricao": "Indica\u00e7\u00e3o/Pedido de Provid\u00eancias", "autoria__autor__nome": "Patr\u00edcia Beck", "texto_original": "https://sapl.camaranh.rs.gov.br/media/sapl/public/materialegislativa/2013/22483/22483_texto_integral.odt", "ementa": "Solicita limpeza do terreno baldio situado na Rua Frederico Westphalen, ao lado do n\u00ba 1288, no Bairro S\u00e3o Jorge."}, {"id": 22484, "ano": 2013, "numero": 1525, "tipo__sigla": "IND", "tipo__descricao": "Indica\u00e7\u00e3o/Pedido de Provid\u00eancias", "autoria__autor__nome": "Patr\u00edcia Beck", "texto_original": "https://sapl.camaranh.rs.gov.br/media/sapl/public/materialegislativa/2013/22484/22484_texto_integral.odt", "ementa": "Solicita o recolhimento de lixo acumulado junto \u00e0 Av. Alc\u00e2ntara, em frente ao n\u00famero 1705, no bairro S\u00e3o Jorge."}, {"id": 22485, "ano": 2013, "numero": 1526, "tipo__sigla": "IND", "tipo__descricao": "Indica\u00e7\u00e3o/Pedido de Provid\u00eancias", "autoria__autor__nome": "Patr\u00edcia Beck", "texto_original": "https://sapl.camaranh.rs.gov.br/media/sapl/public/materialegislativa/2013/22485/22485_texto_integral.odt", "ementa": "Solicita reconstitui\u00e7\u00e3o da cal\u00e7ada localizada na Rua Irm\u00e3 Lina, em frente ao n\u00famero 87, no Bairro S\u00e3o Jorge."}, {"id": 22486, "ano": 2013, "numero": 1527, "tipo__sigla": "IND", "tipo__descricao": "Indica\u00e7\u00e3o/Pedido de Provid\u00eancias", "autoria__autor__nome": "Patr\u00edcia Beck", "texto_original": "https://sapl.camaranh.rs.gov.br/media/sapl/public/materialegislativa/2013/22486/22486_texto_integral.odt", "ementa": "Solicita amplia\u00e7\u00e3o da linha de transporte coletivo Vila Kraemer, que atende o Bairro S\u00e3o Jorge, aos s\u00e1bados e domingos."}, {"id": 22487, "ano": 2013, "numero": 1528, "tipo__sigla": "IND", "tipo__descricao": "Indica\u00e7\u00e3o/Pedido de Provid\u00eancias", "autoria__autor__nome": "Patr\u00edcia Beck", "texto_original": "https://sapl.camaranh.rs.gov.br/media/sapl/public/materialegislativa/2013/22487/22487_texto_integral.odt", "ementa": "Solicita instala\u00e7\u00e3o de placa indicativa para a sinaliza\u00e7\u00e3o do quebra-molas na Rua Ara\u00e7atuba, em frente ao n\u00ba 326, no Bairro S\u00e3o Jorge."}, {"id": 22491, "ano": 2013, "numero": 1529, "tipo__sigla": "IND", "tipo__descricao": "Indica\u00e7\u00e3o/Pedido de Provid\u00eancias", "autoria__autor__nome": "Luiz Carlos Schenlrte", "texto_original": "https://sapl.camaranh.rs.gov.br/media/sapl/public/materialegislativa/2013/22491/22491_texto_integral.odt", "ementa": "Solicita a realiza\u00e7\u00e3o de opera\u00e7\u00e3o tapa-buracos na Rua \u00c1ustria, esquina com a Rua Palestina, no Bairro Petr\u00f3polis. "}, {"id": 22493, "ano": 2013, "numero": 1530, "tipo__sigla": "IND", "tipo__descricao": "Indica\u00e7\u00e3o/Pedido de Provid\u00eancias", "autoria__autor__nome": "Luiz Carlos Schenlrte", "texto_original": "https://sapl.camaranh.rs.gov.br/media/sapl/public/materialegislativa/2013/22493/22493_texto_integral.odt", "ementa": "Solicita realiza\u00e7\u00e3o de opera\u00e7\u00e3o tapa-buracos na Rua \u00c1ustria, em frente ao n\u00ba 455,  no Bairro Petr\u00f3polis. "}, {"id": 22495, "ano": 2013, "numero": 1531, "tipo__sigla": "IND", "tipo__descricao": "Indica\u00e7\u00e3o/Pedido de Provid\u00eancias", "autoria__autor__nome": "Luiz Carlos Schenlrte", "texto_original": "https://sapl.camaranh.rs.gov.br/media/sapl/public/materialegislativa/2013/22495/22495_texto_integral.odt", "ementa": "Solicita a realiza\u00e7\u00e3o de recapeamento asf\u00e1ltico na Rua Cear\u00e1, entre a Rua Portugal e a BR-116, no Bairro Rinc\u00e3o."}, {"id": 22496, "ano": 2013, "numero": 1532, "tipo__sigla": "IND", "tipo__descricao": "Indica\u00e7\u00e3o/Pedido de Provid\u00eancias", "autoria__autor__nome": "Luiz Carlos Schenlrte", "texto_original": "https://sapl.camaranh.rs.gov.br/media/sapl/public/materialegislativa/2013/22496/22496_texto_integral.odt", "ementa": "Solicita a realiza\u00e7\u00e3o da  poda  de  \u00e1rvores  na  Rua Inglaterra, entre os n\u00fameros 375 a 467, no  passeio p\u00fablico, fundos da Escola Jo\u00e3o Goulart, Bairro Petr\u00f3polis.\t"}, {"id": 22497, "ano": 2013, "numero": 1533, "tipo__sigla": "IND", "tipo__descricao": "Indica\u00e7\u00e3o/Pedido de Provid\u00eancias", "autoria__autor__nome": "Luiz Carlos Schenlrte", "texto_original": "https://sapl.camaranh.rs.gov.br/media/sapl/public/materialegislativa/2013/22497/22497_texto_integral.odt", "ementa": "Solicita realiza\u00e7\u00e3o da poda de \u00e1rvores na Rua Vinte e Quatro de Maio, no Bairro Vila Rosa. "}, {"id": 22498, "ano": 2013, "numero": 1534, "tipo__sigla": "IND", "tipo__descricao": "Indica\u00e7\u00e3o/Pedido de Provid\u00eancias", "autoria__autor__nome": "Luiz Carlos Schenlrte", "texto_original": "https://sapl.camaranh.rs.gov.br/media/sapl/public/materialegislativa/2013/22498/22498_texto_integral.odt", "ementa": "Solicita limpeza da via p\u00fablica na Rua Finl\u00e2ndia, ao lado da Escola Jo\u00e3o Goulart, no Bairro Petr\u00f3polis."}, {"id": 22500, "ano": 2013, "numero": 1535, "tipo__sigla": "IND", "tipo__descricao": "Indica\u00e7\u00e3o/Pedido de Provid\u00eancias", "autoria__autor__nome": "Luiz Carlos Schenlrte", "texto_original": "https://sapl.camaranh.rs.gov.br/media/sapl/public/materialegislativa/2013/22500/22500_texto_integral.odt", "ementa": "Solicita a reestrutura\u00e7\u00e3o dos Parques do Trabalhador e  Floresta  Imperial."}, {"id": 22502, "ano": 2013, "numero": 1536, "tipo__sigla": "IND", "tipo__descricao": "Indica\u00e7\u00e3o/Pedido de Provid\u00eancias", "autoria__autor__nome": "Luiz Carlos Schenlrte", "texto_original": "https://sapl.camaranh.rs.gov.br/media/sapl/public/materialegislativa/2013/22502/22502_texto_integral.odt", "ementa": "Solicita constru\u00e7\u00e3o de passeio p\u00fablico ao lado da Escola Jo\u00e3o Goulart, na Rua Inglaterra, Bairro Petr\u00f3polis."}, {"id": 22503, "ano": 2013, "numero": 1537, "tipo__sigla": "IND", "tipo__descricao": "Indica\u00e7\u00e3o/Pedido de Provid\u00eancias", "autoria__autor__nome": "Luiz Carlos Schenlrte", "texto_original": "https://sapl.camaranh.rs.gov.br/media/sapl/public/materialegislativa/2013/22503/22503_texto_integral.odt", "ementa": "Solicita limpeza e conserto da cal\u00e7ada na Rua Finl\u00e2ndia, em frente \u00e0 Escola Jo\u00e3o Goulart, Bairro Petr\u00f3polis."}, {"id": 22504, "ano": 2013, "numero": 1538, "tipo__sigla": "IND", "tipo__descricao": "Indica\u00e7\u00e3o/Pedido de Provid\u00eancias", "autoria__autor__nome": "Luiz Carlos Schenlrte", "texto_original": "https://sapl.camaranh.rs.gov.br/media/sapl/public/materialegislativa/2013/22504/22504_texto_integral.odt", "ementa": "Solicita instala\u00e7\u00e3o de divisor de pista na Rua Jos\u00e9 do Patroc\u00ednio,  em  frente  ao  n\u00ba  858 (Entre Malhas)."}, {"id": 22510, "ano": 2013, "numero": 1539, "tipo__sigla": "IND", "tipo__descricao": "Indica\u00e7\u00e3o/Pedido de Provid\u00eancias", "autoria__autor__nome": "Gerson Peteffi", "texto_original": "https://sapl.camaranh.rs.gov.br/media/sapl/public/materialegislativa/2013/22510/22510_texto_integral.odt", "ementa": "Solicita asfaltamento na Rua Goitac\u00e1s, entre as Ruas Tupiniquins e Guaruj\u00e1, no Bairro Ideal."}, {"id": 22511, "ano": 2013, "numero": 1540, "tipo__sigla": "IND", "tipo__descricao": "Indica\u00e7\u00e3o/Pedido de Provid\u00eancias", "autoria__autor__nome": "Gerson Peteffi", "texto_original": "https://sapl.camaranh.rs.gov.br/media/sapl/public/materialegislativa/2013/22511/22511_texto_integral.odt", "ementa": "Solicita asfaltamento na Rua Aimor\u00e9, trecho  entre as Ruas Tupiniquins e Caramuru,  Bairro Ideal."}, {"id": 22512, "ano": 2013, "numero": 1541, "tipo__sigla": "IND", "tipo__descricao": "Indica\u00e7\u00e3o/Pedido de Provid\u00eancias", "autoria__autor__nome": "JorgeTatsch", "texto_original": "https://sapl.camaranh.rs.gov.br/media/sapl/public/materialegislativa/2013/22512/22512_texto_integral.odt", "ementa": "Solicita opera\u00e7\u00e3o tapa-buracos em toda a extens\u00e3o da Rua Augusto Pestana, Bairro Industrial."}, {"id": 22513, "ano": 2013, "numero": 1542, "tipo__sigla": "IND", "tipo__descricao": "Indica\u00e7\u00e3o/Pedido de Provid\u00eancias", "autoria__autor__nome": "JorgeTatsch", "texto_original": "https://sapl.camaranh.rs.gov.br/media/sapl/public/materialegislativa/2013/22513/22513_texto_integral.odt", "ementa": "Solicita recolhimento dos galhos, localizados no passeio p\u00fablico da Rua Espumoso, ao lado do n\u00ba 54, no Bairro Santo Afonso."}, {"id": 22514, "ano": 2013, "numero": 1543, "tipo__sigla": "IND", "tipo__descricao": "Indica\u00e7\u00e3o/Pedido de Provid\u00eancias", "autoria__autor__nome": "Naasom Luciano", "texto_original": "https://sapl.camaranh.rs.gov.br/media/sapl/public/materialegislativa/2013/22514/22514_texto_integral.odt", "ementa": "Solicita limpeza e melhorias na quadra de esportes da Rua Irm\u00e3 Am\u00e1lia, esquina com Rua Adolfo Lutz, no Bairro Canudos."}, {"id": 22515, "ano": 2013, "numero": 1544, "tipo__sigla": "IND", "tipo__descricao": "Indica\u00e7\u00e3o/Pedido de Provid\u00eancias", "autoria__autor__nome": "Naasom Luciano", "texto_original": "https://sapl.camaranh.rs.gov.br/media/sapl/public/materialegislativa/2013/22515/22515_texto_integral.odt", "ementa": "Solicita patrolamento e brita na Rua Camilo Nunes Monteiro, Bairro Lomba Grande."}, {"id": 22516, "ano": 2013, "numero": 1545, "tipo__sigla": "IND", "tipo__descricao": "Indica\u00e7\u00e3o/Pedido de Provid\u00eancias", "autoria__autor__nome": "Luiz Carlos Schenlrte", "texto_original": "https://sapl.camaranh.rs.gov.br/media/sapl/public/materialegislativa/2013/22516/22516_texto_integral.odt", "ementa": "Solicita publica\u00e7\u00e3o do edital indicando os contemplados nos sorteios do Programa Minha Casa Minha Vida."}, {"id": 22517, "ano": 2013, "numero": 1546, "tipo__sigla": "IND", "tipo__descricao": "Indica\u00e7\u00e3o/Pedido de Provid\u00eancias", "autoria__autor__nome": "Luiz Carlos Schenlrte", "texto_original": "https://sapl.camaranh.rs.gov.br/media/sapl/public/materialegislativa/2013/22517/22517_texto_integral.odt", "ementa": "Solicita que seja instalada tela de prote\u00e7\u00e3o na Passarela Thomaz Engel, no Bairro Rinc\u00e3o."}, {"id": 22518, "ano": 2013, "numero": 1547, "tipo__sigla": "IND", "tipo__descricao": "Indica\u00e7\u00e3o/Pedido de Provid\u00eancias", "autoria__autor__nome": "Luiz Carlos Schenlrte", "texto_original": "https://sapl.camaranh.rs.gov.br/media/sapl/public/materialegislativa/2013/22518/22518_texto_integral.odt", "ementa": "Solicita que seja constru\u00eddo canteiro central na Rua Presidente Lucena, iniciando na r\u00f3tula com a Rua Rinc\u00e3o at\u00e9 a Rua Pedro Quaresma da Silva."}, {"id": 22519, "ano": 2013, "numero": 1548, "tipo__sigla": "IND", "tipo__descricao": "Indica\u00e7\u00e3o/Pedido de Provid\u00eancias", "autoria__autor__nome": "Luiz Carlos Schenlrte", "texto_original": "https://sapl.camaranh.rs.gov.br/media/sapl/public/materialegislativa/2013/22519/22519_texto_integral.odt", "ementa": "Solicita que seja feita a sinaliza\u00e7\u00e3o das vias preferenciais de todas as ruas que foram asfaltadas recentemente no Bairro Boa Sa\u00fade."}, {"id": 22521, "ano": 2013, "numero": 1549, "tipo__sigla": "IND", "tipo__descricao": "Indica\u00e7\u00e3o/Pedido de Provid\u00eancias", "autoria__autor__nome": "Luiz Carlos Schenlrte", "texto_original": "https://sapl.camaranh.rs.gov.br/media/sapl/public/materialegislativa/2013/22521/22521_texto_integral.odt", "ementa": "Solicita retirada de postes do meio das Ruas Irineu Jos\u00e9 Nunes e Orlando M\u00fcller, no Bairro Boa Sa\u00fade."}, {"id": 22522, "ano": 2013, "numero": 1550, "tipo__sigla": "IND", "tipo__descricao": "Indica\u00e7\u00e3o/Pedido de Provid\u00eancias", "autoria__autor__nome": "Gerson Peteffi", "texto_original": "https://sapl.camaranh.rs.gov.br/media/sapl/public/materialegislativa/2013/22522/22522_texto_integral.odt", "ementa": "Sugere melhorias no im\u00f3vel que abriga a Secretaria de Desenvolvimento Rural, situado na Av. Jo\u00e3o Alo\u00edsio Algayer n\u00ba1238, Bairro Lomba Grande, conforme c\u00f3pia em anexo."}, {"id": 22523, "ano": 2013, "numero": 1551, "tipo__sigla": "IND", "tipo__descricao": "Indica\u00e7\u00e3o/Pedido de Provid\u00eancias", "autoria__autor__nome": "JorgeTatsch", "texto_original": "https://sapl.camaranh.rs.gov.br/media/sapl/public/materialegislativa/2013/22523/22523_texto_integral.odt", "ementa": "Solicita limpeza da via p\u00fablica na Rua Jos\u00e9 Mayer Filho, em frente a Igreja Assembleia de Deus, no Bairro Santo Afonso."}, {"id": 22524, "ano": 2013, "numero": 1552, "tipo__sigla": "IND", "tipo__descricao": "Indica\u00e7\u00e3o/Pedido de Provid\u00eancias", "autoria__autor__nome": "JorgeTatsch", "texto_original": "https://sapl.camaranh.rs.gov.br/media/sapl/public/materialegislativa/2013/22524/22524_texto_integral.odt", "ementa": "Solicita com URG\u00caNCIA o desentupimento de esgoto da Rua Bogota, em frente ao n\u00ba 99, Bairro Santo Afonso."}, {"id": 22526, "ano": 2013, "numero": 1553, "tipo__sigla": "IND", "tipo__descricao": "Indica\u00e7\u00e3o/Pedido de Provid\u00eancias", "autoria__autor__nome": "Luiz Fernando Farias", "texto_original": "https://sapl.camaranh.rs.gov.br/media/sapl/public/materialegislativa/2013/22526/22526_texto_integral.odt", "ementa": "Solicita pavimenta\u00e7\u00e3o asf\u00e1ltica na Rua Eug\u00eanio Henrique Bender, da Rua Carlos Germano Burckle at\u00e9 o final da rua, sentido norte/sul, no Bairro Ideal."}, {"id": 22527, "ano": 2013, "numero": 1554, "tipo__sigla": "IND", "tipo__descricao": "Indica\u00e7\u00e3o/Pedido de Provid\u00eancias", "autoria__autor__nome": "Luiz Carlos Schenlrte", "texto_original": "https://sapl.camaranh.rs.gov.br/media/sapl/public/materialegislativa/2013/22527/22527_texto_integral.odt", "ementa": "Solicita constru\u00e7\u00e3o de cal\u00e7ada na Rua Cear\u00e1, em frente ao campo do Hamburgu\u00eas, no Bairro Rinc\u00e3o."}, {"id": 22529, "ano": 2013, "numero": 1555, "tipo__sigla": "IND", "tipo__descricao": "Indica\u00e7\u00e3o/Pedido de Provid\u00eancias", "autoria__autor__nome": "Luiz Carlos Schenlrte", "texto_original": "https://sapl.camaranh.rs.gov.br/media/sapl/public/materialegislativa/2013/22529/22529_texto_integral.odt", "ementa": "Solicita cercamento do Gr\u00eamio Esportivo Hamburgu\u00eas na Rua Cear\u00e1, esquina com Rua Alagoas, Bairro Rinc\u00e3o."}, {"id": 22530, "ano": 2013, "numero": 1556, "tipo__sigla": "IND", "tipo__descricao": "Indica\u00e7\u00e3o/Pedido de Provid\u00eancias", "autoria__autor__nome": "Luiz Carlos Schenlrte", "texto_original": "https://sapl.camaranh.rs.gov.br/media/sapl/public/materialegislativa/2013/22530/22530_texto_integral.odt", "ementa": "Solicita retirada da lixeira comunit\u00e1ria na Rua Cear\u00e1, em frente ao Campo do Hamburgu\u00eas, Bairro Rinc\u00e3o."}, {"id": 22532, "ano": 2013, "numero": 1557, "tipo__sigla": "IND", "tipo__descricao": "Indica\u00e7\u00e3o/Pedido de Provid\u00eancias", "autoria__autor__nome": "Luiz Carlos Schenlrte", "texto_original": "https://sapl.camaranh.rs.gov.br/media/sapl/public/materialegislativa/2013/22532/22532_texto_integral.odt", "ementa": "Solicita retirada do lixo na Rua Cear\u00e1, em frente ao Campo do Hamburgu\u00eas, Bairro Rinc\u00e3o."}, {"id": 22536, "ano": 2013, "numero": 1558, "tipo__sigla": "IND", "tipo__descricao": "Indica\u00e7\u00e3o/Pedido de Provid\u00eancias", "autoria__autor__nome": "Luiz Carlos Schenlrte", "texto_original": "https://sapl.camaranh.rs.gov.br/media/sapl/public/materialegislativa/2013/22536/22536_texto_integral.odt", "ementa": "Solicita agilidade na constru\u00e7\u00e3o dos t\u00faneis sob a BR-116."}, {"id": 22539, "ano": 2013, "numero": 1559, "tipo__sigla": "IND", "tipo__descricao": "Indica\u00e7\u00e3o/Pedido de Provid\u00eancias", "autoria__autor__nome": "Luiz Carlos Schenlrte", "texto_original": "https://sapl.camaranh.rs.gov.br/media/sapl/public/materialegislativa/2013/22539/22539_texto_integral.odt", "ementa": "Solicita retirada do lixo nos fundos da Escola Arnaldo Reinheimer na Av. Alc\u00e2ntara, Bairro Canudos."}, {"id": 22541, "ano": 2013, "numero": 1560, "tipo__sigla": "IND", "tipo__descricao": "Indica\u00e7\u00e3o/Pedido de Provid\u00eancias", "autoria__autor__nome": "Luiz Carlos Schenlrte", "texto_original": "https://sapl.camaranh.rs.gov.br/media/sapl/public/materialegislativa/2013/22541/22541_texto_integral.odt", "ementa": "Solicita fiscaliza\u00e7\u00e3o da Secretaria do Meio Ambiente, quanto a queima  de lixo nos fundos da Escola Arnaldo Reinheimer, na Av. Alc\u00e2ntara."}, {"id": 22542, "ano": 2013, "numero": 1561, "tipo__sigla": "IND", "tipo__descricao": "Indica\u00e7\u00e3o/Pedido de Provid\u00eancias", "autoria__autor__nome": "Luiz Carlos Schenlrte", "texto_original": "https://sapl.camaranh.rs.gov.br/media/sapl/public/materialegislativa/2013/22542/22542_texto_integral.odt", "ementa": "Solicita o patrolamento da Travessa Proledo na Vila Igua\u00e7u, Bairro canudos."}, {"id": 22543, "ano": 2013, "numero": 1562, "tipo__sigla": "IND", "tipo__descricao": "Indica\u00e7\u00e3o/Pedido de Provid\u00eancias", "autoria__autor__nome": "Antonio Lucas", "texto_original": "https://sapl.camaranh.rs.gov.br/media/sapl/public/materialegislativa/2013/22543/22543_texto_integral.odt", "ementa": "Solicita instala\u00e7\u00e3o de uma  Asti com Lumin\u00e1ria na Rua Carlos Artur Scherer,  Estrada Morro dos Bois,  Bairro Lomba Grande.  "}, {"id": 22545, "ano": 2013, "numero": 1563, "tipo__sigla": "IND", "tipo__descricao": "Indica\u00e7\u00e3o/Pedido de Provid\u00eancias", "autoria__autor__nome": "Patr\u00edcia Beck", "texto_original": "https://sapl.camaranh.rs.gov.br/media/sapl/public/materialegislativa/2013/22545/22545_texto_integral.odt", "ementa": "Solicita a implanta\u00e7\u00e3o de linha de transporte coletivo municipal no sistema circular, no Bairro Canudos."}, {"id": 22546, "ano": 2013, "numero": 1564, "tipo__sigla": "IND", "tipo__descricao": "Indica\u00e7\u00e3o/Pedido de Provid\u00eancias", "autoria__autor__nome": "Professor Issur Koch", "texto_original": "https://sapl.camaranh.rs.gov.br/media/sapl/public/materialegislativa/2013/22546/22546_texto_integral.odt", "ementa": "Solicita pavimenta\u00e7\u00e3o asf\u00e1ltica da Rua Araponga, no Bairro Jardim Mau\u00e1."}, {"id": 22558, "ano": 2013, "numero": 1565, "tipo__sigla": "IND", "tipo__descricao": "Indica\u00e7\u00e3o/Pedido de Provid\u00eancias", "autoria__autor__nome": "Patr\u00edcia Beck", "texto_original": "https://sapl.camaranh.rs.gov.br/media/sapl/public/materialegislativa/2013/22558/22558_texto_integral.odt", "ementa": "Solicita opera\u00e7\u00e3o tapa-buracos na Rua Honduras, em frente ao n\u00famero 315, no Bairro Santo Afonso."}, {"id": 22559, "ano": 2013, "numero": 1566, "tipo__sigla": "IND", "tipo__descricao": "Indica\u00e7\u00e3o/Pedido de Provid\u00eancias", "autoria__autor__nome": "Patr\u00edcia Beck", "texto_original": "https://sapl.camaranh.rs.gov.br/media/sapl/public/materialegislativa/2013/22559/22559_texto_integral.odt", "ementa": "Solicita a instala\u00e7\u00e3o de placa de identifica\u00e7\u00e3o de logradouro na Rua Honduras, em frente ao n\u00famero 324, no Bairro Santo Afonso."}, {"id": 22560, "ano": 2013, "numero": 1567, "tipo__sigla": "IND", "tipo__descricao": "Indica\u00e7\u00e3o/Pedido de Provid\u00eancias", "autoria__autor__nome": "Patr\u00edcia Beck", "texto_original": "https://sapl.camaranh.rs.gov.br/media/sapl/public/materialegislativa/2013/22560/22560_texto_integral.odt", "ementa": "Solicita opera\u00e7\u00e3o tapa-buracos na Rua S\u00e3o Luiz Gonzaga, em toda a sua extens\u00e3o, no Bairro Vila Nova."}, {"id": 22561, "ano": 2013, "numero": 1568, "tipo__sigla": "IND", "tipo__descricao": "Indica\u00e7\u00e3o/Pedido de Provid\u00eancias", "autoria__autor__nome": "Patr\u00edcia Beck", "texto_original": "https://sapl.camaranh.rs.gov.br/media/sapl/public/materialegislativa/2013/22561/22561_texto_integral.odt", "ementa": "Solicita opera\u00e7\u00e3o tapa-buracos na Rua Costa Rica, em frente ao n\u00famero 534 , no Bairro Santo Afonso."}, {"id": 22562, "ano": 2013, "numero": 1569, "tipo__sigla": "IND", "tipo__descricao": "Indica\u00e7\u00e3o/Pedido de Provid\u00eancias", "autoria__autor__nome": "Patr\u00edcia Beck", "texto_original": "https://sapl.camaranh.rs.gov.br/media/sapl/public/materialegislativa/2013/22562/22562_texto_integral.odt", "ementa": "Solicita conserto da rede de esgoto pluvial localizada na Rua Dem\u00e9trio Ribeiro, pr\u00f3ximo \u00e0 esquina com a  Rua S\u00e3o Jo\u00e3o, devido \u00e0 infiltra\u00e7\u00e3o que vem danificando o asfalto da via, no Bairro Guarani."}, {"id": 22563, "ano": 2013, "numero": 1570, "tipo__sigla": "IND", "tipo__descricao": "Indica\u00e7\u00e3o/Pedido de Provid\u00eancias", "autoria__autor__nome": "Patr\u00edcia Beck", "texto_original": "https://sapl.camaranh.rs.gov.br/media/sapl/public/materialegislativa/2013/22563/22563_texto_integral.odt", "ementa": "Solicita conserto da boca-de-lobo localizada na Rua Imbuia, no trecho compreendido entre as Ruas Henrique Jos\u00e9 Pohren e Dem\u00e9trio Ribeiro, no Bairro Vila Nova."}, {"id": 22564, "ano": 2013, "numero": 1571, "tipo__sigla": "IND", "tipo__descricao": "Indica\u00e7\u00e3o/Pedido de Provid\u00eancias", "autoria__autor__nome": "Patr\u00edcia Beck", "texto_original": "https://sapl.camaranh.rs.gov.br/media/sapl/public/materialegislativa/2013/22564/22564_texto_integral.odt", "ementa": "Solicita opera\u00e7\u00e3o tapa-buracos na Rua Costa Rica, em frente ao n\u00famero 125, no Bairro Santo Afonso."}, {"id": 22565, "ano": 2013, "numero": 1572, "tipo__sigla": "IND", "tipo__descricao": "Indica\u00e7\u00e3o/Pedido de Provid\u00eancias", "autoria__autor__nome": "Patr\u00edcia Beck", "texto_original": "https://sapl.camaranh.rs.gov.br/media/sapl/public/materialegislativa/2013/22565/22565_texto_integral.odt", "ementa": "Solicita o recolhimento de lixo acumulado pr\u00f3ximo ao ponto de t\u00e1xis,  junto \u00e0 Pra\u00e7a do Imigrante, no Bairro Centro."}, {"id": 22566, "ano": 2013, "numero": 1573, "tipo__sigla": "IND", "tipo__descricao": "Indica\u00e7\u00e3o/Pedido de Provid\u00eancias", "autoria__autor__nome": "Patr\u00edcia Beck", "texto_original": "https://sapl.camaranh.rs.gov.br/media/sapl/public/materialegislativa/2013/22566/22566_texto_integral.odt", "ementa": "Solicita  reconstitui\u00e7\u00e3o da cal\u00e7ada danificada por infiltra\u00e7\u00e3o da rede de esgoto pluvial, localizada junto \u00e0 Rua M\u00e9xico, em frente ao n\u00famero 243, no Bairro Santo Afonso."}, {"id": 22567, "ano": 2013, "numero": 1574, "tipo__sigla": "IND", "tipo__descricao": "Indica\u00e7\u00e3o/Pedido de Provid\u00eancias", "autoria__autor__nome": "Patr\u00edcia Beck", "texto_original": "https://sapl.camaranh.rs.gov.br/media/sapl/public/materialegislativa/2013/22567/22567_texto_integral.odt", "ementa": "Solicita opera\u00e7\u00e3o tapa-buracos na Rua Costa Rica, em frente aos n\u00bas 09 e 98, no Bairro Santo Afonso."}, {"id": 22568, "ano": 2013, "numero": 1575, "tipo__sigla": "IND", "tipo__descricao": "Indica\u00e7\u00e3o/Pedido de Provid\u00eancias", "autoria__autor__nome": "Patr\u00edcia Beck", "texto_original": "https://sapl.camaranh.rs.gov.br/media/sapl/public/materialegislativa/2013/22568/22568_texto_integral.odt", "ementa": "Solicita o recolhimento de lixo acumulado junto \u00e0 Rua Carlos Germano Burkle, em frente ao n\u00famero 970, no Bairro Ideal."}, {"id": 22569, "ano": 2013, "numero": 1576, "tipo__sigla": "IND", "tipo__descricao": "Indica\u00e7\u00e3o/Pedido de Provid\u00eancias", "autoria__autor__nome": "Patr\u00edcia Beck", "texto_original": "https://sapl.camaranh.rs.gov.br/media/sapl/public/materialegislativa/2013/22569/22569_texto_integral.odt", "ementa": "Solicita limpeza das bocas-de-lobo, localizadas na Av. Montevid\u00e9o, no trecho compreendido entre os n\u00bas 174 e 191,  no Bairro Santo Afonso."}, {"id": 22570, "ano": 2013, "numero": 1577, "tipo__sigla": "IND", "tipo__descricao": "Indica\u00e7\u00e3o/Pedido de Provid\u00eancias", "autoria__autor__nome": "Patr\u00edcia Beck", "texto_original": "https://sapl.camaranh.rs.gov.br/media/sapl/public/materialegislativa/2013/22570/22570_texto_integral.odt", "ementa": "Solicita limpeza das bocas-de-lobo, localizadas na Av. Montevid\u00e9o, no trecho compreendido entre os n\u00bas 201 e 211,  no Bairro Santo Afonso."}, {"id": 22571, "ano": 2013, "numero": 1578, "tipo__sigla": "IND", "tipo__descricao": "Indica\u00e7\u00e3o/Pedido de Provid\u00eancias", "autoria__autor__nome": "Sergio Hanich", "texto_original": "https://sapl.camaranh.rs.gov.br/media/sapl/public/materialegislativa/2013/22571/22571_texto_integral.odt", "ementa": "Solicita recapeamento asf\u00e1ltico na Rua Ven\u00e2ncio Aires, trecho entre os n\u00bas 635 e 647,  Bairro Canudos."}, {"id": 22572, "ano": 2013, "numero": 1579, "tipo__sigla": "IND", "tipo__descricao": "Indica\u00e7\u00e3o/Pedido de Provid\u00eancias", "autoria__autor__nome": "Sergio Hanich", "texto_original": "https://sapl.camaranh.rs.gov.br/media/sapl/public/materialegislativa/2013/22572/22572_texto_integral.odt", "ementa": "Solicita conserto de infiltra\u00e7\u00e3o no passeio p\u00fablico, junto a caixa de boca-de-lobo na Rua Marqu\u00eas de Abrantes, em frente ao n\u00ba 35, Bairro S\u00e3o Jorge."}, {"id": 22574, "ano": 2013, "numero": 1580, "tipo__sigla": "IND", "tipo__descricao": "Indica\u00e7\u00e3o/Pedido de Provid\u00eancias", "autoria__autor__nome": "Sergio Hanich", "texto_original": "https://sapl.camaranh.rs.gov.br/media/sapl/public/materialegislativa/2013/22574/22574_texto_integral.odt", "ementa": "Solicita concord\u00e2ncia de asfalto junto ao meio- fio na Rua Ribeiro de Almeida, em frente ao n\u00ba 189, Bairro Hamburgo Velho."}, {"id": 22575, "ano": 2013, "numero": 1581, "tipo__sigla": "IND", "tipo__descricao": "Indica\u00e7\u00e3o/Pedido de Provid\u00eancias", "autoria__autor__nome": "Sergio Hanich", "texto_original": "https://sapl.camaranh.rs.gov.br/media/sapl/public/materialegislativa/2013/22575/22575_texto_integral.odt", "ementa": "Solicita limpeza da caixa de boca-de-lobo, em frente ao n\u00ba 155 da Rua Ribeiro de Almeida, Bairro Hamburgo Velho."}, {"id": 22576, "ano": 2013, "numero": 1582, "tipo__sigla": "IND", "tipo__descricao": "Indica\u00e7\u00e3o/Pedido de Provid\u00eancias", "autoria__autor__nome": "Sergio Hanich", "texto_original": "https://sapl.camaranh.rs.gov.br/media/sapl/public/materialegislativa/2013/22576/22576_texto_integral.odt", "ementa": "Solicita vistoria para coloca\u00e7\u00e3o de tampa de ferro no passeio p\u00fablico da Rua Ribeiro de Almeida, em frente ao n\u00ba 156, Bairro Hamburgo Velho."}, {"id": 22580, "ano": 2013, "numero": 1583, "tipo__sigla": "IND", "tipo__descricao": "Indica\u00e7\u00e3o/Pedido de Provid\u00eancias", "autoria__autor__nome": "JorgeTatsch", "texto_original": "https://sapl.camaranh.rs.gov.br/media/sapl/public/materialegislativa/2013/22580/22580_texto_integral.odt", "ementa": "Solicita conserto de uma infiltra\u00e7\u00e3o no passeio p\u00fablico da Av. Montevid\u00e9u, em frente ao n\u00ba 272, Bairro Santo Afonso."}, {"id": 22581, "ano": 2013, "numero": 1584, "tipo__sigla": "IND", "tipo__descricao": "Indica\u00e7\u00e3o/Pedido de Provid\u00eancias", "autoria__autor__nome": "JorgeTatsch", "texto_original": "https://sapl.camaranh.rs.gov.br/media/sapl/public/materialegislativa/2013/22581/22581_texto_integral.odt", "ementa": "Solicita recolhimento de lixo, localizado na esquina da Av. projetada com a Rua Ant\u00f4nio Roberto Kroeff, Loteamento Novo Na\u00e7\u00f5es Unidas, Bairro Santo Afonso."}, {"id": 22582, "ano": 2013, "numero": 1585, "tipo__sigla": "IND", "tipo__descricao": "Indica\u00e7\u00e3o/Pedido de Provid\u00eancias", "autoria__autor__nome": "JorgeTatsch", "texto_original": "https://sapl.camaranh.rs.gov.br/media/sapl/public/materialegislativa/2013/22582/22582_texto_integral.odt", "ementa": "Solicita conserto de infiltra\u00e7\u00e3o no passeio p\u00fablico da Av. Pedro Adams Filho, em frente ao n\u00ba 1313, Bairro Santo Afonso."}, {"id": 22583, "ano": 2013, "numero": 1586, "tipo__sigla": "IND", "tipo__descricao": "Indica\u00e7\u00e3o/Pedido de Provid\u00eancias", "autoria__autor__nome": "JorgeTatsch", "texto_original": "https://sapl.camaranh.rs.gov.br/media/sapl/public/materialegislativa/2013/22583/22583_texto_integral.odt", "ementa": "Solicita poda de \u00e1rvore na Rua Punta Arenas, no n\u00ba 25, Bairro Santo Afonso."}, {"id": 22585, "ano": 2013, "numero": 1587, "tipo__sigla": "IND", "tipo__descricao": "Indica\u00e7\u00e3o/Pedido de Provid\u00eancias", "autoria__autor__nome": "Cristiano Coller", "texto_original": "https://sapl.camaranh.rs.gov.br/media/sapl/public/materialegislativa/2013/22585/22585_texto_integral.odt", "ementa": "Solicita estudo de instala\u00e7\u00e3o de uma Cl\u00ednica de Fisioterapia Municipal e Pr\u00e1ticas Interativas no Munic\u00edpio de Novo Hamburgo."}, {"id": 22586, "ano": 2013, "numero": 1588, "tipo__sigla": "IND", "tipo__descricao": "Indica\u00e7\u00e3o/Pedido de Provid\u00eancias", "autoria__autor__nome": "Cristiano Coller", "texto_original": "https://sapl.camaranh.rs.gov.br/media/sapl/public/materialegislativa/2013/22586/22586_texto_integral.odt", "ementa": "Solicita pavimenta\u00e7\u00e3o asf\u00e1ltica na Av. Rodolfo Behs, no Bairro Petr\u00f3polis."}, {"id": 22587, "ano": 2013, "numero": 1589, "tipo__sigla": "IND", "tipo__descricao": "Indica\u00e7\u00e3o/Pedido de Provid\u00eancias", "autoria__autor__nome": "Cristiano Coller", "texto_original": "https://sapl.camaranh.rs.gov.br/media/sapl/public/materialegislativa/2013/22587/22587_texto_integral.odt", "ementa": "Solicita estudo de viabilidade de instala\u00e7\u00e3o de um Centro de Atendimento Odontol\u00f3gico no Munic\u00edpio de Novo Hamburgo."}, {"id": 22588, "ano": 2013, "numero": 1590, "tipo__sigla": "IND", "tipo__descricao": "Indica\u00e7\u00e3o/Pedido de Provid\u00eancias", "autoria__autor__nome": "Cristiano Coller", "texto_original": "https://sapl.camaranh.rs.gov.br/media/sapl/public/materialegislativa/2013/22588/22588_texto_integral.odt", "ementa": "Sugere estudo para instala\u00e7\u00e3o de um Centro de Atendimento ao Idoso no Munic\u00edpio de Novo Hamburgo."}, {"id": 22590, "ano": 2013, "numero": 1591, "tipo__sigla": "IND", "tipo__descricao": "Indica\u00e7\u00e3o/Pedido de Provid\u00eancias", "autoria__autor__nome": "Cristiano Coller", "texto_original": "https://sapl.camaranh.rs.gov.br/media/sapl/public/materialegislativa/2013/22590/22590_texto_integral.odt", "ementa": "Solicita instala\u00e7\u00e3o de aparelhos de \"academia ao ar livre\", no Bairro Rond\u00f4nia."}, {"id": 22591, "ano": 2013, "numero": 1592, "tipo__sigla": "IND", "tipo__descricao": "Indica\u00e7\u00e3o/Pedido de Provid\u00eancias", "autoria__autor__nome": "Cristiano Coller", "texto_original": "https://sapl.camaranh.rs.gov.br/media/sapl/public/materialegislativa/2013/22591/22591_texto_integral.odt", "ementa": "Solicita coloca\u00e7\u00e3o  de poste e lumin\u00e1ria na Rua Tenente Jefferson Luis Mello de Carvalho, no  Bairro Santo Afonso."}, {"id": 22592, "ano": 2013, "numero": 1593, "tipo__sigla": "IND", "tipo__descricao": "Indica\u00e7\u00e3o/Pedido de Provid\u00eancias", "autoria__autor__nome": "Naasom Luciano", "texto_original": "https://sapl.camaranh.rs.gov.br/media/sapl/public/materialegislativa/2013/22592/22592_texto_integral.odt", "ementa": "Solicita poda de \u00e1rvore na Rua Almirante Saul De Negri n\u00ba 69, Bairro Rondonia."}, {"id": 22597, "ano": 2013, "numero": 1594, "tipo__sigla": "IND", "tipo__descricao": "Indica\u00e7\u00e3o/Pedido de Provid\u00eancias", "autoria__autor__nome": "Enfermeiro Vilmar", "texto_original": "https://sapl.camaranh.rs.gov.br/media/sapl/public/materialegislativa/2013/22597/22597_texto_integral.odt", "ementa": "Solicita coloca\u00e7\u00e3o de britas na Rua N\u00e1poles, pr\u00f3ximo ao n\u00ba 50, no Bairro Canudos. (Pr\u00f3ximo ao arroio Pampa) devido ao acumulo de barro em dia de chuva. "}, {"id": 22598, "ano": 2013, "numero": 1595, "tipo__sigla": "IND", "tipo__descricao": "Indica\u00e7\u00e3o/Pedido de Provid\u00eancias", "autoria__autor__nome": "Enfermeiro Vilmar", "texto_original": "https://sapl.camaranh.rs.gov.br/media/sapl/public/materialegislativa/2013/22598/22598_texto_integral.odt", "ementa": "Solicita coloca\u00e7\u00e3o de um redutor de velocidade  e faixa de seguran\u00e7a na Rua N\u00e1poles, esquina com a Rua Bolivia, n\u00ba 638, Bairro Canudos. Devido ao Grande n\u00famero de acidentes de tr\u00e2nsito que acontece mensalmente."}, {"id": 22600, "ano": 2013, "numero": 1596, "tipo__sigla": "IND", "tipo__descricao": "Indica\u00e7\u00e3o/Pedido de Provid\u00eancias", "autoria__autor__nome": "Inspetor Luz", "texto_original": "https://sapl.camaranh.rs.gov.br/media/sapl/public/materialegislativa/2013/22600/22600_texto_integral.odt", "ementa": "Solicita limpeza da boca-de-lobo localizada em frente ao n\u00ba 39 da Rua Heller, Bairro Centro."}, {"id": 22601, "ano": 2013, "numero": 1597, "tipo__sigla": "IND", "tipo__descricao": "Indica\u00e7\u00e3o/Pedido de Provid\u00eancias", "autoria__autor__nome": "Inspetor Luz", "texto_original": "https://sapl.camaranh.rs.gov.br/media/sapl/public/materialegislativa/2013/22601/22601_texto_integral.odt", "ementa": "Solicita consertos de buracos e irregularidades na r\u00f3tula da Rua Sapiranga, no Bairro Jardim Mau\u00e1."}, {"id": 22603, "ano": 2013, "numero": 1598, "tipo__sigla": "IND", "tipo__descricao": "Indica\u00e7\u00e3o/Pedido de Provid\u00eancias", "autoria__autor__nome": "JorgeTatsch", "texto_original": "https://sapl.camaranh.rs.gov.br/media/sapl/public/materialegislativa/2013/22603/22603_texto_integral.odt", "ementa": "Solicita com URG\u00caNCIA o desentupimento de esgoto da Rua Assunci\u00f3n, em frente ao n\u00ba 122, Bairro Santo Afonso."}, {"id": 22604, "ano": 2013, "numero": 1599, "tipo__sigla": "IND", "tipo__descricao": "Indica\u00e7\u00e3o/Pedido de Provid\u00eancias", "autoria__autor__nome": "JorgeTatsch", "texto_original": "https://sapl.camaranh.rs.gov.br/media/sapl/public/materialegislativa/2013/22604/22604_texto_integral.odt", "ementa": "Solicita revitaliza\u00e7\u00e3o da Pra\u00e7a localizada ao final da Rua Alfredo Rui Rheinheimer, no Bairro Santo Afonso."}, {"id": 22605, "ano": 2013, "numero": 1600, "tipo__sigla": "IND", "tipo__descricao": "Indica\u00e7\u00e3o/Pedido de Provid\u00eancias", "autoria__autor__nome": "JorgeTatsch", "texto_original": "https://sapl.camaranh.rs.gov.br/media/sapl/public/materialegislativa/2013/22605/22605_texto_integral.odt", "ementa": "Solicita limpeza de terreno na Rua Pedro Petry, ao lado do n\u00ba 1000, Bairro Rond\u00f4nia."}, {"id": 22606, "ano": 2013, "numero": 1601, "tipo__sigla": "IND", "tipo__descricao": "Indica\u00e7\u00e3o/Pedido de Provid\u00eancias", "autoria__autor__nome": "JorgeTatsch", "texto_original": "https://sapl.camaranh.rs.gov.br/media/sapl/public/materialegislativa/2013/22606/22606_texto_integral.odt", "ementa": "Solicita opera\u00e7\u00e3o tapa-buracos na Av. Pedro Adams Filho, em toda a extens\u00e3o do Bairro Liberdade, ao Bairro P\u00e1tria Nova."}, {"id": 22607, "ano": 2013, "numero": 1602, "tipo__sigla": "IND", "tipo__descricao": "Indica\u00e7\u00e3o/Pedido de Provid\u00eancias", "autoria__autor__nome": "JorgeTatsch", "texto_original": "https://sapl.camaranh.rs.gov.br/media/sapl/public/materialegislativa/2013/22607/22607_texto_integral.odt", "ementa": "Solicita opera\u00e7\u00e3o tapa-buracos na Av. Primeiro de Mar\u00e7o, no trecho compreendido entre os Bairros Liberdade e P\u00e1tria Nova."}, {"id": 22608, "ano": 2013, "numero": 1603, "tipo__sigla": "IND", "tipo__descricao": "Indica\u00e7\u00e3o/Pedido de Provid\u00eancias", "autoria__autor__nome": "JorgeTatsch", "texto_original": "https://sapl.camaranh.rs.gov.br/media/sapl/public/materialegislativa/2013/22608/22608_texto_integral.odt", "ementa": "Solicita limpeza, cal\u00e7amento e passeio p\u00fablico na Rua Onze de Junho, em frente ao n\u00famero 333, no Bairro Oper\u00e1rio."}, {"id": 22611, "ano": 2013, "numero": 1604, "tipo__sigla": "IND", "tipo__descricao": "Indica\u00e7\u00e3o/Pedido de Provid\u00eancias", "autoria__autor__nome": "JorgeTatsch", "texto_original": "https://sapl.camaranh.rs.gov.br/media/sapl/public/materialegislativa/2013/22611/22611_texto_integral.odt", "ementa": "Solicita ro\u00e7ada em toda extens\u00e3o da Estrada da Integra\u00e7\u00e3o, Bairro Lomba Grande."}, {"id": 22612, "ano": 2013, "numero": 1605, "tipo__sigla": "IND", "tipo__descricao": "Indica\u00e7\u00e3o/Pedido de Provid\u00eancias", "autoria__autor__nome": "JorgeTatsch", "texto_original": "https://sapl.camaranh.rs.gov.br/media/sapl/public/materialegislativa/2013/22612/22612_texto_integral.odt", "ementa": "Solicita recolhimento de lixo, localizado na  Rua Ant\u00f4nio Roberto Kroeff,  em frente ao n\u00ba 147, Bairro Santo Afonso."}, {"id": 22613, "ano": 2013, "numero": 1606, "tipo__sigla": "IND", "tipo__descricao": "Indica\u00e7\u00e3o/Pedido de Provid\u00eancias", "autoria__autor__nome": "JorgeTatsch", "texto_original": "https://sapl.camaranh.rs.gov.br/media/sapl/public/materialegislativa/2013/22613/22613_texto_integral.odt", "ementa": "Solicita o recolhimento de entulhos, localizados na Rua Guia Lopes, ao lado do n\u00ba 1541, no Bairro Santo Afonso."}, {"id": 22614, "ano": 2013, "numero": 1607, "tipo__sigla": "IND", "tipo__descricao": "Indica\u00e7\u00e3o/Pedido de Provid\u00eancias", "autoria__autor__nome": "JorgeTatsch", "texto_original": "https://sapl.camaranh.rs.gov.br/media/sapl/public/materialegislativa/2013/22614/22614_texto_integral.odt", "ementa": "Solicita recapeamento asf\u00e1ltico em toda a extens\u00e3o da Av. Alvear, Bairro Santo Afonso."}, {"id": 22615, "ano": 2013, "numero": 1608, "tipo__sigla": "IND", "tipo__descricao": "Indica\u00e7\u00e3o/Pedido de Provid\u00eancias", "autoria__autor__nome": "JorgeTatsch", "texto_original": "https://sapl.camaranh.rs.gov.br/media/sapl/public/materialegislativa/2013/22615/22615_texto_integral.odt", "ementa": "Solicita com URG\u00caNCIA a coloca\u00e7\u00e3o de cobertura na parada de \u00f4nibus da Rua Onze de Julho, em frente ao n\u00ba 713, no Bairro Oper\u00e1rio."}, {"id": 22616, "ano": 2013, "numero": 1609, "tipo__sigla": "IND", "tipo__descricao": "Indica\u00e7\u00e3o/Pedido de Provid\u00eancias", "autoria__autor__nome": "JorgeTatsch", "texto_original": "https://sapl.camaranh.rs.gov.br/media/sapl/public/materialegislativa/2013/22616/22616_texto_integral.odt", "ementa": "Solicita limpeza do passeio p\u00fablico e recolhimento de lixo na Rua Jo\u00e3o Corr\u00eaa, em frente ao n\u00ba 159, Bairro Santo Afonso."}, {"id": 22618, "ano": 2013, "numero": 1610, "tipo__sigla": "IND", "tipo__descricao": "Indica\u00e7\u00e3o/Pedido de Provid\u00eancias", "autoria__autor__nome": "JorgeTatsch", "texto_original": "https://sapl.camaranh.rs.gov.br/media/sapl/public/materialegislativa/2013/22618/22618_texto_integral.odt", "ementa": "Solicita estudo de viabilidade de implanta\u00e7\u00e3o de redutor de velocidade (quebra-molas), na Rua Amantino Ant\u00f4nio, em frente \u00e0 EMEI Vivendo e Aprendendo, no Bairro S\u00e3o Jorge."}, {"id": 22617, "ano": 2013, "numero": 1611, "tipo__sigla": "IND", "tipo__descricao": "Indica\u00e7\u00e3o/Pedido de Provid\u00eancias", "autoria__autor__nome": "Raul Cassel", "texto_original": "https://sapl.camaranh.rs.gov.br/media/sapl/public/materialegislativa/2013/22617/22617_texto_integral.odt", "ementa": "Solicita pintura de uma faixa de pedestres na Rua Dr. Maur\u00edcio Cardoso, esquina com a Rua Borges do Canto, no Bairro Hamburgo Velho."}, {"id": 22620, "ano": 2013, "numero": 1612, "tipo__sigla": "IND", "tipo__descricao": "Indica\u00e7\u00e3o/Pedido de Provid\u00eancias", "autoria__autor__nome": "Professor Issur Koch", "texto_original": "https://sapl.camaranh.rs.gov.br/media/sapl/public/materialegislativa/2013/22620/22620_texto_integral.odt", "ementa": "Solicita placa de identifica\u00e7\u00e3o na Rua Rosalina Gerhardt, no Bairro S\u00e3o jorge."}, {"id": 22623, "ano": 2013, "numero": 1613, "tipo__sigla": "IND", "tipo__descricao": "Indica\u00e7\u00e3o/Pedido de Provid\u00eancias", "autoria__autor__nome": "Sergio Hanich", "texto_original": "https://sapl.camaranh.rs.gov.br/media/sapl/public/materialegislativa/2013/22623/22623_texto_integral.odt", "ementa": "Solicita vistoria para poda de \u00e1rvore na Rua Casemiro de Abreu, n\u00ba 281, esquina com a Avenida Nicolau Becker, Bairro Centro."}, {"id": 22624, "ano": 2013, "numero": 1614, "tipo__sigla": "IND", "tipo__descricao": "Indica\u00e7\u00e3o/Pedido de Provid\u00eancias", "autoria__autor__nome": "Sergio Hanich", "texto_original": "https://sapl.camaranh.rs.gov.br/media/sapl/public/materialegislativa/2013/22624/22624_texto_integral.odt", "ementa": "Solicita estudo de viabilidade para coloca\u00e7\u00e3o de redutor de velocidade e/ou quebra-molas e  sinaliza\u00e7\u00e3o de tr\u00e2nsito eficaz na Rua Alfredo Marotzki, nas proximidades do n\u00ba 601, Bairro Canudos."}, {"id": 22629, "ano": 2013, "numero": 1615, "tipo__sigla": "IND", "tipo__descricao": "Indica\u00e7\u00e3o/Pedido de Provid\u00eancias", "autoria__autor__nome": "Naasom Luciano", "texto_original": "https://sapl.camaranh.rs.gov.br/media/sapl/public/materialegislativa/2013/22629/22629_texto_integral.odt", "ementa": "Solicita desentupimento de boca-de-lobo na Rua Inglaterra n\u00ba 387, Bairro Petr\u00f3polis."}, {"id": 22639, "ano": 2013, "numero": 1616, "tipo__sigla": "IND", "tipo__descricao": "Indica\u00e7\u00e3o/Pedido de Provid\u00eancias", "autoria__autor__nome": "Enfermeiro Vilmar", "texto_original": "https://sapl.camaranh.rs.gov.br/media/sapl/public/materialegislativa/2013/22639/22639_texto_integral.odt", "ementa": "Sugere a distribui\u00e7\u00e3o gratuita de fraldas geri\u00e1tricas para as pessoas enquadradas na incapacidade civil."}, {"id": 22641, "ano": 2013, "numero": 1617, "tipo__sigla": "IND", "tipo__descricao": "Indica\u00e7\u00e3o/Pedido de Provid\u00eancias", "autoria__autor__nome": "Inspetor Luz", "texto_original": "https://sapl.camaranh.rs.gov.br/media/sapl/public/materialegislativa/2013/22641/22641_texto_integral.odt", "ementa": "Solicita recomposi\u00e7\u00e3o asf\u00e1ltica em toda\t extens\u00e3o da Rua Santos Pedroso, Bairro Centro.   \t"}, {"id": 22644, "ano": 2013, "numero": 1618, "tipo__sigla": "IND", "tipo__descricao": "Indica\u00e7\u00e3o/Pedido de Provid\u00eancias", "autoria__autor__nome": "Inspetor Luz", "texto_original": "https://sapl.camaranh.rs.gov.br/media/sapl/public/materialegislativa/2013/22644/22644_texto_integral.odt", "ementa": "Solicita recomposi\u00e7\u00e3o asf\u00e1ltica em toda extens\u00e3o da Rua Porto Alegre, no Bairro Vila Nova."}, {"id": 22645, "ano": 2013, "numero": 1619, "tipo__sigla": "IND", "tipo__descricao": "Indica\u00e7\u00e3o/Pedido de Provid\u00eancias", "autoria__autor__nome": "Inspetor Luz", "texto_original": "https://sapl.camaranh.rs.gov.br/media/sapl/public/materialegislativa/2013/22645/22645_texto_integral.odt", "ementa": "Solicita recomposi\u00e7\u00e3o asf\u00e1ltica em toda extens\u00e3o da Rua Luiz de Cam\u00f5es, no Bairro Vila Nova."}, {"id": 22647, "ano": 2013, "numero": 1620, "tipo__sigla": "IND", "tipo__descricao": "Indica\u00e7\u00e3o/Pedido de Provid\u00eancias", "autoria__autor__nome": "Inspetor Luz", "texto_original": "https://sapl.camaranh.rs.gov.br/media/sapl/public/materialegislativa/2013/22647/22647_texto_integral.odt", "ementa": "Solicita recomposi\u00e7\u00e3o asf\u00e1ltica em toda extens\u00e3o da Rua Henrique Dias, no Bairro Vila Nova."}, {"id": 22648, "ano": 2013, "numero": 1621, "tipo__sigla": "IND", "tipo__descricao": "Indica\u00e7\u00e3o/Pedido de Provid\u00eancias", "autoria__autor__nome": "Inspetor Luz", "texto_original": "https://sapl.camaranh.rs.gov.br/media/sapl/public/materialegislativa/2013/22648/22648_texto_integral.odt", "ementa": "Solicita recomposi\u00e7\u00e3o asf\u00e1ltica em toda extens\u00e3o da Rua F\u00e9lix da Cunha, no Bairro Vila Nova."}, {"id": 22652, "ano": 2013, "numero": 1622, "tipo__sigla": "IND", "tipo__descricao": "Indica\u00e7\u00e3o/Pedido de Provid\u00eancias", "autoria__autor__nome": "Inspetor Luz", "texto_original": "https://sapl.camaranh.rs.gov.br/media/sapl/public/materialegislativa/2013/22652/22652_texto_integral.odt", "ementa": "Solicita recomposi\u00e7\u00e3o asf\u00e1ltica em toda extens\u00e3o da Rua Marechal Floriano, Bairro Centro."}, {"id": 22653, "ano": 2013, "numero": 1623, "tipo__sigla": "IND", "tipo__descricao": "Indica\u00e7\u00e3o/Pedido de Provid\u00eancias", "autoria__autor__nome": "Inspetor Luz", "texto_original": "https://sapl.camaranh.rs.gov.br/media/sapl/public/materialegislativa/2013/22653/22653_texto_integral.odt", "ementa": "Solicita recomposi\u00e7\u00e3o asf\u00e1ltica em toda extens\u00e3o da Rua Quintino Bocaiuva, Bairro Centro."}, {"id": 22657, "ano": 2013, "numero": 1624, "tipo__sigla": "IND", "tipo__descricao": "Indica\u00e7\u00e3o/Pedido de Provid\u00eancias", "autoria__autor__nome": "JorgeTatsch", "texto_original": "https://sapl.camaranh.rs.gov.br/media/sapl/public/materialegislativa/2013/22657/22657_texto_integral.odt", "ementa": "Solicita  conserto do passeio p\u00fablico na Rua Orozimbo Corr\u00eaa Mendes, em frente ao n\u00ba 138, Bairro Canudos."}, {"id": 22658, "ano": 2013, "numero": 1625, "tipo__sigla": "IND", "tipo__descricao": "Indica\u00e7\u00e3o/Pedido de Provid\u00eancias", "autoria__autor__nome": "JorgeTatsch", "texto_original": "https://sapl.camaranh.rs.gov.br/media/sapl/public/materialegislativa/2013/22658/22658_texto_integral.odt", "ementa": "Solicita o recolhimento de lixo  localizado na Rua Tapera, em frente ao n\u00ba 166, no Bairro Santo Afonso."}, {"id": 22659, "ano": 2013, "numero": 1626, "tipo__sigla": "IND", "tipo__descricao": "Indica\u00e7\u00e3o/Pedido de Provid\u00eancias", "autoria__autor__nome": "JorgeTatsch", "texto_original": "https://sapl.camaranh.rs.gov.br/media/sapl/public/materialegislativa/2013/22659/22659_texto_integral.odt", "ementa": "Solicita reparo no passeio p\u00fablico na Rua Punta Arenas, em frente ao n\u00ba 300,  Bairro Santo Afonso."}, {"id": 22660, "ano": 2013, "numero": 1627, "tipo__sigla": "IND", "tipo__descricao": "Indica\u00e7\u00e3o/Pedido de Provid\u00eancias", "autoria__autor__nome": "JorgeTatsch", "texto_original": "https://sapl.camaranh.rs.gov.br/media/sapl/public/materialegislativa/2013/22660/22660_texto_integral.odt", "ementa": "Solicita limpeza, ro\u00e7ada e recolhimento de lixo em toda extens\u00e3o da Av. Alc\u00e2ntara, Bairro Canudos."}, {"id": 22661, "ano": 2013, "numero": 1628, "tipo__sigla": "IND", "tipo__descricao": "Indica\u00e7\u00e3o/Pedido de Provid\u00eancias", "autoria__autor__nome": "JorgeTatsch", "texto_original": "https://sapl.camaranh.rs.gov.br/media/sapl/public/materialegislativa/2013/22661/22661_texto_integral.odt", "ementa": "Reitera o Pedido de Provid\u00eancias n\u00ba 887/2013, que solicita desentupimento de esgoto na Rua Harmonia, em frente ao n\u00ba 178, Bairro Santo Afonso."}, {"id": 22662, "ano": 2013, "numero": 1629, "tipo__sigla": "IND", "tipo__descricao": "Indica\u00e7\u00e3o/Pedido de Provid\u00eancias", "autoria__autor__nome": "JorgeTatsch", "texto_original": "https://sapl.camaranh.rs.gov.br/media/sapl/public/materialegislativa/2013/22662/22662_texto_integral.odt", "ementa": "Solicita estudo de viabilidade para coloca\u00e7\u00e3o de  um redutor de velocidade na Av. Pedro Adams Filho, em frente ao n\u00ba 126, Bairro Santo Afonso."}, {"id": 22663, "ano": 2013, "numero": 1630, "tipo__sigla": "IND", "tipo__descricao": "Indica\u00e7\u00e3o/Pedido de Provid\u00eancias", "autoria__autor__nome": "JorgeTatsch", "texto_original": "https://sapl.camaranh.rs.gov.br/media/sapl/public/materialegislativa/2013/22663/22663_texto_integral.odt", "ementa": "Solicita recolhimento de lixo na Rua Rivera, em frente ao n\u00ba 77, no Bairro Industrial."}, {"id": 22664, "ano": 2013, "numero": 1631, "tipo__sigla": "IND", "tipo__descricao": "Indica\u00e7\u00e3o/Pedido de Provid\u00eancias", "autoria__autor__nome": "Sergio Hanich", "texto_original": "https://sapl.camaranh.rs.gov.br/media/sapl/public/materialegislativa/2013/22664/22664_texto_integral.odt", "ementa": "Solicita estudo de viabilidade para coloca\u00e7\u00e3o de tach\u00f5es no eixo da pista na Rua M\u00e1rio Gilberto Ferreira Esperan\u00e7a, Bairro Rosel\u00e2ndia, pr\u00f3ximo \u00e0 entrada do Santu\u00e1rio das M\u00e3es."}, {"id": 22666, "ano": 2013, "numero": 1632, "tipo__sigla": "IND", "tipo__descricao": "Indica\u00e7\u00e3o/Pedido de Provid\u00eancias", "autoria__autor__nome": "Sergio Hanich", "texto_original": "https://sapl.camaranh.rs.gov.br/media/sapl/public/materialegislativa/2013/22666/22666_texto_integral.odt", "ementa": "Solicita recapeamento asf\u00e1ltico na Rua Marqu\u00eas de Abrantes, Bairro S\u00e3o Jorge."}, {"id": 22668, "ano": 2013, "numero": 1633, "tipo__sigla": "IND", "tipo__descricao": "Indica\u00e7\u00e3o/Pedido de Provid\u00eancias", "autoria__autor__nome": "Sergio Hanich", "texto_original": "https://sapl.camaranh.rs.gov.br/media/sapl/public/materialegislativa/2013/22668/22668_texto_integral.odt", "ementa": "Solicita coloca\u00e7\u00e3o de tampa de boca-de-lobo na Rua Joaquim Gon\u00e7alves Ledo, esquina com a Rua Ingo Lampert, Bairro Canudos. "}, {"id": 22673, "ano": 2013, "numero": 1634, "tipo__sigla": "IND", "tipo__descricao": "Indica\u00e7\u00e3o/Pedido de Provid\u00eancias", "autoria__autor__nome": "Cristiano Coller", "texto_original": "https://sapl.camaranh.rs.gov.br/media/sapl/public/materialegislativa/2013/22673/22673_texto_integral.odt", "ementa": "Solicita levantamento de copa das \u00e1rvores da Pra\u00e7a Papa Jo\u00e3o Paulo I, Bairro Liberdade."}, {"id": 22674, "ano": 2013, "numero": 1635, "tipo__sigla": "IND", "tipo__descricao": "Indica\u00e7\u00e3o/Pedido de Provid\u00eancias", "autoria__autor__nome": "Gerson Peteffi", "texto_original": "https://sapl.camaranh.rs.gov.br/media/sapl/public/materialegislativa/2013/22674/22674_texto_integral.odt", "ementa": "Sugere a constru\u00e7\u00e3o de uma Passarela  na Rodovia BR 116, interligando o Munic\u00edpio de Novo Hamburgo, pr\u00f3ximo ao n\u00ba 6051, ao  Munic\u00edpio de Est\u00e2ncia Velha, da esquina da Rua Jos\u00e9 de Quadros, Bairro Rinc\u00e3o dos Ilh\u00e9us."}, {"id": 22675, "ano": 2013, "numero": 1636, "tipo__sigla": "IND", "tipo__descricao": "Indica\u00e7\u00e3o/Pedido de Provid\u00eancias", "autoria__autor__nome": "Cristiano Coller", "texto_original": "https://sapl.camaranh.rs.gov.br/media/sapl/public/materialegislativa/2013/22675/22675_texto_integral.odt", "ementa": "Solicita conserto de infiltra\u00e7\u00e3o na cal\u00e7ada da Rua Tapuias, em frente ao n\u00ba 49, no Bairro Santo Afonso."}, {"id": 22676, "ano": 2013, "numero": 1637, "tipo__sigla": "IND", "tipo__descricao": "Indica\u00e7\u00e3o/Pedido de Provid\u00eancias", "autoria__autor__nome": "Cristiano Coller", "texto_original": "https://sapl.camaranh.rs.gov.br/media/sapl/public/materialegislativa/2013/22676/22676_texto_integral.odt", "ementa": "Solicita coloca\u00e7\u00e3o de banco na parada de \u00f4nibus na Rua Ant\u00f4nio Roberto Kroeff, ao lado n\u00ba 51, Bairro Santo Afonso."}, {"id": 22677, "ano": 2013, "numero": 1638, "tipo__sigla": "IND", "tipo__descricao": "Indica\u00e7\u00e3o/Pedido de Provid\u00eancias", "autoria__autor__nome": "Cristiano Coller", "texto_original": "https://sapl.camaranh.rs.gov.br/media/sapl/public/materialegislativa/2013/22677/22677_texto_integral.odt", "ementa": "Solicita conserto de infiltra\u00e7\u00e3o na cal\u00e7ada da Rua Valmir Bernardes Ferreira, em frente ao n\u00ba 174, no Bairro Santo Afonso."}, {"id": 22678, "ano": 2013, "numero": 1639, "tipo__sigla": "IND", "tipo__descricao": "Indica\u00e7\u00e3o/Pedido de Provid\u00eancias", "autoria__autor__nome": "Gerson Peteffi", "texto_original": "https://sapl.camaranh.rs.gov.br/media/sapl/public/materialegislativa/2013/22678/22678_texto_integral.odt", "ementa": "Solicita fechamento de um buraco na Av. Nicolau Becker, pr\u00f3ximo ao n\u00ba 1300, Bairro Centro."}, {"id": 22680, "ano": 2013, "numero": 1640, "tipo__sigla": "IND", "tipo__descricao": "Indica\u00e7\u00e3o/Pedido de Provid\u00eancias", "autoria__autor__nome": "Sergio Hanich", "texto_original": "https://sapl.camaranh.rs.gov.br/media/sapl/public/materialegislativa/2013/22680/22680_texto_integral.odt", "ementa": "Solicita opera\u00e7\u00e3o tapa-buracos na Rua M\u00e1rio Gilberto Ferreira Esperan\u00e7a, Bairro Rosel\u00e2ndia."}, {"id": 22681, "ano": 2013, "numero": 1641, "tipo__sigla": "IND", "tipo__descricao": "Indica\u00e7\u00e3o/Pedido de Provid\u00eancias", "autoria__autor__nome": "Sergio Hanich", "texto_original": "https://sapl.camaranh.rs.gov.br/media/sapl/public/materialegislativa/2013/22681/22681_texto_integral.odt", "ementa": "Solicita vistoria e conten\u00e7\u00e3o urgente das margens laterais do Arroio Peri, na Rua Madri, n\u00ba 28 - fundos, Bairro Canudos."}, {"id": 22682, "ano": 2013, "numero": 1642, "tipo__sigla": "IND", "tipo__descricao": "Indica\u00e7\u00e3o/Pedido de Provid\u00eancias", "autoria__autor__nome": "Sergio Hanich", "texto_original": "https://sapl.camaranh.rs.gov.br/media/sapl/public/materialegislativa/2013/22682/22682_texto_integral.odt", "ementa": "Solicita reparos na pavimenta\u00e7\u00e3o da Rua Jo\u00e3o Aloysio Algayer, em toda sua extens\u00e3o, no Bairro Lomba Grande."}, {"id": 22683, "ano": 2013, "numero": 1643, "tipo__sigla": "IND", "tipo__descricao": "Indica\u00e7\u00e3o/Pedido de Provid\u00eancias", "autoria__autor__nome": "Sergio Hanich", "texto_original": "https://sapl.camaranh.rs.gov.br/media/sapl/public/materialegislativa/2013/22683/22683_texto_integral.odt", "ementa": "Solicita revitaliza\u00e7\u00e3o da sinaliza\u00e7\u00e3o de tr\u00e2nsito  em toda extens\u00e3o da Rua Jo\u00e3o Aloysio Algayer, Bairro Lomba Grande."}, {"id": 22684, "ano": 2013, "numero": 1644, "tipo__sigla": "IND", "tipo__descricao": "Indica\u00e7\u00e3o/Pedido de Provid\u00eancias", "autoria__autor__nome": "Inspetor Luz", "texto_original": "https://sapl.camaranh.rs.gov.br/media/sapl/public/materialegislativa/2013/22684/22684_texto_integral.odt", "ementa": "Solicita opera\u00e7\u00e3o tapa-buracos em toda extens\u00e3o da Rua Alvear, Bairro Industrial."}, {"id": 22685, "ano": 2013, "numero": 1645, "tipo__sigla": "IND", "tipo__descricao": "Indica\u00e7\u00e3o/Pedido de Provid\u00eancias", "autoria__autor__nome": "Inspetor Luz", "texto_original": "https://sapl.camaranh.rs.gov.br/media/sapl/public/materialegislativa/2013/22685/22685_texto_integral.odt", "ementa": "Solicita asfaltamento da Rua Jos\u00e9 Beno Schutz, Bairro Hamburgo Velho."}, {"id": 22686, "ano": 2013, "numero": 1646, "tipo__sigla": "IND", "tipo__descricao": "Indica\u00e7\u00e3o/Pedido de Provid\u00eancias", "autoria__autor__nome": "Inspetor Luz", "texto_original": "https://sapl.camaranh.rs.gov.br/media/sapl/public/materialegislativa/2013/22686/22686_texto_integral.odt", "ementa": "Solicita opera\u00e7\u00e3o tapa-buracos em toda extens\u00e3o da Rua Artigas, Bairro Industrial."}, {"id": 22687, "ano": 2013, "numero": 1647, "tipo__sigla": "IND", "tipo__descricao": "Indica\u00e7\u00e3o/Pedido de Provid\u00eancias", "autoria__autor__nome": "Inspetor Luz", "texto_original": "https://sapl.camaranh.rs.gov.br/media/sapl/public/materialegislativa/2013/22687/22687_texto_integral.odt", "ementa": "Solicita opera\u00e7\u00e3o tapa-buracos em toda extens\u00e3o da Rua Gustavo Leopoldo Feltes, Bairro Canudos."}, {"id": 22689, "ano": 2013, "numero": 1648, "tipo__sigla": "IND", "tipo__descricao": "Indica\u00e7\u00e3o/Pedido de Provid\u00eancias", "autoria__autor__nome": "Inspetor Luz", "texto_original": "https://sapl.camaranh.rs.gov.br/media/sapl/public/materialegislativa/2013/22689/22689_texto_integral.odt", "ementa": "Solicita amplia\u00e7\u00e3o da rede de ilumina\u00e7\u00e3o p\u00fablica e substitui\u00e7\u00e3o das l\u00e2mpadas por outras de vapor de s\u00f3dio, em toda extens\u00e3o da Rua Monteiro Lobato, Bairro Diehl."}, {"id": 22690, "ano": 2013, "numero": 1649, "tipo__sigla": "IND", "tipo__descricao": "Indica\u00e7\u00e3o/Pedido de Provid\u00eancias", "autoria__autor__nome": "Inspetor Luz", "texto_original": "https://sapl.camaranh.rs.gov.br/media/sapl/public/materialegislativa/2013/22690/22690_texto_integral.odt", "ementa": "Solicita opera\u00e7\u00e3o tapa-buracos em toda extens\u00e3o da Rua Farroupilha, Bairro S\u00e3o Jos\u00e9."}, {"id": 22691, "ano": 2013, "numero": 1650, "tipo__sigla": "IND", "tipo__descricao": "Indica\u00e7\u00e3o/Pedido de Provid\u00eancias", "autoria__autor__nome": "Inspetor Luz", "texto_original": "https://sapl.camaranh.rs.gov.br/media/sapl/public/materialegislativa/2013/22691/22691_texto_integral.odt", "ementa": "Solicita amplia\u00e7\u00e3o da rede de ilumina\u00e7\u00e3o p\u00fablica e substitui\u00e7\u00e3o das l\u00e2mpadas por outras de vapor de s\u00f3dio em toda extens\u00e3o da Rua Onofre Pires, Bairro P\u00e1tria Nova."}, {"id": 22692, "ano": 2013, "numero": 1651, "tipo__sigla": "IND", "tipo__descricao": "Indica\u00e7\u00e3o/Pedido de Provid\u00eancias", "autoria__autor__nome": "Inspetor Luz", "texto_original": "https://sapl.camaranh.rs.gov.br/media/sapl/public/materialegislativa/2013/22692/22692_texto_integral.odt", "ementa": "Solicita amplia\u00e7\u00e3o da rede de ilumina\u00e7\u00e3o p\u00fablica e substitui\u00e7\u00e3o das l\u00e2mpadas por outras de vapor de s\u00f3dio em toda extens\u00e3o da Rua Da Consagra\u00e7\u00e3o, Bairro Diehl."}, {"id": 22693, "ano": 2013, "numero": 1652, "tipo__sigla": "IND", "tipo__descricao": "Indica\u00e7\u00e3o/Pedido de Provid\u00eancias", "autoria__autor__nome": "Inspetor Luz", "texto_original": "https://sapl.camaranh.rs.gov.br/media/sapl/public/materialegislativa/2013/22693/22693_texto_integral.odt", "ementa": "Solicita opera\u00e7\u00e3o tapa-buracos em toda extens\u00e3o da Rua Adolfo Lutz, Bairro Canudos."}, {"id": 22694, "ano": 2013, "numero": 1653, "tipo__sigla": "IND", "tipo__descricao": "Indica\u00e7\u00e3o/Pedido de Provid\u00eancias", "autoria__autor__nome": "Professor Issur Koch", "texto_original": "https://sapl.camaranh.rs.gov.br/media/sapl/public/materialegislativa/2013/22694/22694_texto_integral.odt", "ementa": "Solicita melhorias na sinaliza\u00e7\u00e3o de tr\u00e2nsito em toda extens\u00e3o da  rotat\u00f3ria da Avenida Victor Hugo Kunz, com Nicolau Becker, no Bairro Centro."}, {"id": 22695, "ano": 2013, "numero": 1654, "tipo__sigla": "IND", "tipo__descricao": "Indica\u00e7\u00e3o/Pedido de Provid\u00eancias", "autoria__autor__nome": "Professor Issur Koch", "texto_original": "https://sapl.camaranh.rs.gov.br/media/sapl/public/materialegislativa/2013/22695/22695_texto_integral.odt", "ementa": "Solicita recomposi\u00e7\u00e3o asf\u00e1ltica em toda extens\u00e3o da  rotat\u00f3ria da Av. Victor Hugo Kunz com a Av. Nicolau Becker, no Bairro Centro."}, {"id": 22696, "ano": 2013, "numero": 1655, "tipo__sigla": "IND", "tipo__descricao": "Indica\u00e7\u00e3o/Pedido de Provid\u00eancias", "autoria__autor__nome": "Professor Issur Koch", "texto_original": "https://sapl.camaranh.rs.gov.br/media/sapl/public/materialegislativa/2013/22696/22696_texto_integral.odt", "ementa": "Solicita opera\u00e7\u00e3o tapa-buracos na Avenida Nicolau Becker, pr\u00f3ximo ao n\u00famero 1300, no Bairro Centro."}, {"id": 22701, "ano": 2013, "numero": 1656, "tipo__sigla": "IND", "tipo__descricao": "Indica\u00e7\u00e3o/Pedido de Provid\u00eancias", "autoria__autor__nome": "Betinho", "texto_original": "https://sapl.camaranh.rs.gov.br/media/sapl/public/materialegislativa/2013/22701/22701_texto_integral.odt", "ementa": "Solicita limpeza de boca-de-lobo na Rua Kurt Walzer, pr\u00f3ximo ao n\u00ba 180, Bairro Canudos. "}, {"id": 22702, "ano": 2013, "numero": 1657, "tipo__sigla": "IND", "tipo__descricao": "Indica\u00e7\u00e3o/Pedido de Provid\u00eancias", "autoria__autor__nome": "COOSP - Comiss\u00e3o de Obras, Servi\u00e7os P\u00fablicos e Mobilidade Urbana", "texto_original": "https://sapl.camaranh.rs.gov.br/media/sapl/public/materialegislativa/2013/22702/22702_texto_integral.odt", "ementa": "Solicita limpeza e recolhimento de lixo na Rua Salgado Filho, em frente ao n\u00ba 121, bairro P\u00e1tria Nova."}, {"id": 22703, "ano": 2013, "numero": 1658, "tipo__sigla": "IND", "tipo__descricao": "Indica\u00e7\u00e3o/Pedido de Provid\u00eancias", "autoria__autor__nome": "Naasom Luciano", "texto_original": "https://sapl.camaranh.rs.gov.br/media/sapl/public/materialegislativa/2013/22703/22703_texto_integral.odt", "ementa": "Solicita limpeza e reconstru\u00e7\u00e3o da margem do arroio na Rua Cairo, Bairro Canudos."}, {"id": 22704, "ano": 2013, "numero": 1659, "tipo__sigla": "IND", "tipo__descricao": "Indica\u00e7\u00e3o/Pedido de Provid\u00eancias", "autoria__autor__nome": "Cristiano Coller", "texto_original": "https://sapl.camaranh.rs.gov.br/media/sapl/public/materialegislativa/2013/22704/22704_texto_integral.odt", "ementa": "Solicita limpeza e ro\u00e7ada na escadaria da Rua Itaperuna com a Rua Visconde de Cair\u00fa, no Bairro Santo Afonso."}, {"id": 22705, "ano": 2013, "numero": 1660, "tipo__sigla": "IND", "tipo__descricao": "Indica\u00e7\u00e3o/Pedido de Provid\u00eancias", "autoria__autor__nome": "Cristiano Coller", "texto_original": "https://sapl.camaranh.rs.gov.br/media/sapl/public/materialegislativa/2013/22705/22705_texto_integral.odt", "ementa": "Solicita recapeamento asf\u00e1ltico na extens\u00e3o da rotat\u00f3ria das Avenidas Nicolau Becker, V\u00edctor Hugo Kunz e Rua Domingos de Almeida, no Bairro Centro."}, {"id": 22707, "ano": 2013, "numero": 1661, "tipo__sigla": "IND", "tipo__descricao": "Indica\u00e7\u00e3o/Pedido de Provid\u00eancias", "autoria__autor__nome": "Cristiano Coller", "texto_original": "https://sapl.camaranh.rs.gov.br/media/sapl/public/materialegislativa/2013/22707/22707_texto_integral.odt", "ementa": "Reitera Pedido de Provid\u00eancias n\u00ba 634/2013,  que refere-se a melhorias do cruzamento no Bairro Liberdade, entre as Ruas Rio Paran\u00e1, Rio Igua\u00e7u, Rio Branco e Rio das Antas."}, {"id": 22709, "ano": 2013, "numero": 1662, "tipo__sigla": "IND", "tipo__descricao": "Indica\u00e7\u00e3o/Pedido de Provid\u00eancias", "autoria__autor__nome": "Cristiano Coller", "texto_original": "https://sapl.camaranh.rs.gov.br/media/sapl/public/materialegislativa/2013/22709/22709_texto_integral.odt", "ementa": "Solicita pavimenta\u00e7\u00e3o asf\u00e1ltica em ruas do Bairro Lomba Grande."}, {"id": 22710, "ano": 2013, "numero": 1663, "tipo__sigla": "IND", "tipo__descricao": "Indica\u00e7\u00e3o/Pedido de Provid\u00eancias", "autoria__autor__nome": "Cristiano Coller", "texto_original": "https://sapl.camaranh.rs.gov.br/media/sapl/public/materialegislativa/2013/22710/22710_texto_integral.odt", "ementa": "Solicita melhorias na sinaliza\u00e7\u00e3o da rotat\u00f3ria das Avenidas Nicolau Becker e Victor Hugo Kunz e a Rua Domingos de Almeida, no Bairro Centro."}, {"id": 22711, "ano": 2013, "numero": 1664, "tipo__sigla": "IND", "tipo__descricao": "Indica\u00e7\u00e3o/Pedido de Provid\u00eancias", "autoria__autor__nome": "Patr\u00edcia Beck", "texto_original": "https://sapl.camaranh.rs.gov.br/media/sapl/public/materialegislativa/2013/22711/22711_texto_integral.odt", "ementa": "Solicita limpeza da boca-de-lobo localizada na Rua Presidente Jo\u00e3o Goulart, esquina com a Rua Amati, no Bairro Canudos."}, {"id": 22712, "ano": 2013, "numero": 1665, "tipo__sigla": "IND", "tipo__descricao": "Indica\u00e7\u00e3o/Pedido de Provid\u00eancias", "autoria__autor__nome": "Patr\u00edcia Beck", "texto_original": "https://sapl.camaranh.rs.gov.br/media/sapl/public/materialegislativa/2013/22712/22712_texto_integral.odt", "ementa": "Sugere ao Poder Executivo Municipal que o ensino da Escola Municipal de 1\u00ba Grau  Presidente Floriano Peixoto seja ampliado para o 1\u00ba Grau Completo."}, {"id": 22713, "ano": 2013, "numero": 1666, "tipo__sigla": "IND", "tipo__descricao": "Indica\u00e7\u00e3o/Pedido de Provid\u00eancias", "autoria__autor__nome": "Patr\u00edcia Beck", "texto_original": "https://sapl.camaranh.rs.gov.br/media/sapl/public/materialegislativa/2013/22713/22713_texto_integral.odt", "ementa": "Solicita canaliza\u00e7\u00e3o do Beco Servid\u00e3o do Corumb\u00e1, em toda a sua extens\u00e3o, no Bairro Liberdade."}, {"id": 22714, "ano": 2013, "numero": 1667, "tipo__sigla": "IND", "tipo__descricao": "Indica\u00e7\u00e3o/Pedido de Provid\u00eancias", "autoria__autor__nome": "Patr\u00edcia Beck", "texto_original": "https://sapl.camaranh.rs.gov.br/media/sapl/public/materialegislativa/2013/22714/22714_texto_integral.odt", "ementa": "Solicita recolhimento de galhos e entulhos, localizados junto \u00e0 Rua Col\u00fambia, em frente ao n\u00famero 816, no Bairro Canudos."}, {"id": 22715, "ano": 2013, "numero": 1668, "tipo__sigla": "IND", "tipo__descricao": "Indica\u00e7\u00e3o/Pedido de Provid\u00eancias", "autoria__autor__nome": "Patr\u00edcia Beck", "texto_original": "https://sapl.camaranh.rs.gov.br/media/sapl/public/materialegislativa/2013/22715/22715_texto_integral.odt", "ementa": "Solicita poda de \u00e1rvore localizada na Rua Domingos de Almeida, em frente ao n\u00famero 115, no Bairro Centro."}, {"id": 22717, "ano": 2013, "numero": 1669, "tipo__sigla": "IND", "tipo__descricao": "Indica\u00e7\u00e3o/Pedido de Provid\u00eancias", "autoria__autor__nome": "Patr\u00edcia Beck", "texto_original": "https://sapl.camaranh.rs.gov.br/media/sapl/public/materialegislativa/2013/22717/22717_texto_integral.odt", "ementa": "Solicita limpeza da boca-de-lobo localizada na Rua Frederico Westphalen, em frente ao n\u00famero 1371, no Bairro S\u00e3o Jorge."}, {"id": 22718, "ano": 2013, "numero": 1670, "tipo__sigla": "IND", "tipo__descricao": "Indica\u00e7\u00e3o/Pedido de Provid\u00eancias", "autoria__autor__nome": "Patr\u00edcia Beck", "texto_original": "https://sapl.camaranh.rs.gov.br/media/sapl/public/materialegislativa/2013/22718/22718_texto_integral.odt", "ementa": "Solicita recolhimento de lixo localizado junto \u00e0 Rua Carlos Germano Burckle, em frente ao n\u00famero 970, no Bairro Ideal."}, {"id": 22719, "ano": 2013, "numero": 1671, "tipo__sigla": "IND", "tipo__descricao": "Indica\u00e7\u00e3o/Pedido de Provid\u00eancias", "autoria__autor__nome": "Patr\u00edcia Beck", "texto_original": "https://sapl.camaranh.rs.gov.br/media/sapl/public/materialegislativa/2013/22719/22719_texto_integral.odt", "ementa": "Solicita o recolhimento de galhos e entulhos, localizados junto \u00e0 Rua Potiguara, esquina com a Rua Distrito Federal, no Bairro Canudos."}, {"id": 22721, "ano": 2013, "numero": 1672, "tipo__sigla": "IND", "tipo__descricao": "Indica\u00e7\u00e3o/Pedido de Provid\u00eancias", "autoria__autor__nome": "Patr\u00edcia Beck", "texto_original": "https://sapl.camaranh.rs.gov.br/media/sapl/public/materialegislativa/2013/22721/22721_texto_integral.odt", "ementa": "Solicita recolhimento de entulho, localizado junto \u00e0 Rua Karl Schmidt, no beco principal, em frente ao n\u00famero 130, no Bairro Rond\u00f4nia."}, {"id": 22722, "ano": 2013, "numero": 1673, "tipo__sigla": "IND", "tipo__descricao": "Indica\u00e7\u00e3o/Pedido de Provid\u00eancias", "autoria__autor__nome": "Patr\u00edcia Beck", "texto_original": "https://sapl.camaranh.rs.gov.br/media/sapl/public/materialegislativa/2013/22722/22722_texto_integral.odt", "ementa": "Solicita o recolhimento de galhos e entulhos, localizados junto \u00e0 Rua Potiguara, em frente ao n\u00ba 553, no Bairro Canudos."}, {"id": 22723, "ano": 2013, "numero": 1674, "tipo__sigla": "IND", "tipo__descricao": "Indica\u00e7\u00e3o/Pedido de Provid\u00eancias", "autoria__autor__nome": "Inspetor Luz", "texto_original": "https://sapl.camaranh.rs.gov.br/media/sapl/public/materialegislativa/2013/22723/22723_texto_integral.odt", "ementa": "Solicita poda de \u00e1rvore  em frente ao n\u00ba 645, da Rua Sapiranga , Bairro Jardim Mau\u00e1."}, {"id": 22724, "ano": 2013, "numero": 1675, "tipo__sigla": "IND", "tipo__descricao": "Indica\u00e7\u00e3o/Pedido de Provid\u00eancias", "autoria__autor__nome": "Professor Issur Koch", "texto_original": "https://sapl.camaranh.rs.gov.br/media/sapl/public/materialegislativa/2013/22724/22724_texto_integral.odt", "ementa": "Solicita retirada de entulho no terreno situado na Rua Bento Gon\u00e7alves, esquina com a Rua  Carlos Barbosa, no Bairro Guarani."}, {"id": 22725, "ano": 2013, "numero": 1676, "tipo__sigla": "IND", "tipo__descricao": "Indica\u00e7\u00e3o/Pedido de Provid\u00eancias", "autoria__autor__nome": "Professor Issur Koch", "texto_original": "https://sapl.camaranh.rs.gov.br/media/sapl/public/materialegislativa/2013/22725/22725_texto_integral.odt", "ementa": "Solicita melhorias na sinaliza\u00e7\u00e3o de tr\u00e2nsito em toda extens\u00e3o da  rotat\u00f3ria da Avenida Victor Hugo Kunz, com Nicolau Becker, no Bairro Centro."}, {"id": 22732, "ano": 2013, "numero": 1677, "tipo__sigla": "IND", "tipo__descricao": "Indica\u00e7\u00e3o/Pedido de Provid\u00eancias", "autoria__autor__nome": "JorgeTatsch", "texto_original": "https://sapl.camaranh.rs.gov.br/media/sapl/public/materialegislativa/2013/22732/22732_texto_integral.odt", "ementa": "Sugere a renova\u00e7\u00e3o gradual de todas as placas de sinaliza\u00e7\u00e3o no Munic\u00edpio de Novo Hamburgo."}, {"id": 22733, "ano": 2013, "numero": 1678, "tipo__sigla": "IND", "tipo__descricao": "Indica\u00e7\u00e3o/Pedido de Provid\u00eancias", "autoria__autor__nome": "JorgeTatsch", "texto_original": "https://sapl.camaranh.rs.gov.br/media/sapl/public/materialegislativa/2013/22733/22733_texto_integral.odt", "ementa": "Solicita remo\u00e7\u00e3o de \u00e1rvore na Rua das Palmeiras,  em frente ao n\u00ba 20, Bairro Santo Afonso."}, {"id": 22737, "ano": 2013, "numero": 1679, "tipo__sigla": "IND", "tipo__descricao": "Indica\u00e7\u00e3o/Pedido de Provid\u00eancias", "autoria__autor__nome": "Sergio Hanich", "texto_original": "https://sapl.camaranh.rs.gov.br/media/sapl/public/materialegislativa/2013/22737/22737_texto_integral.odt", "ementa": "Solicita substitui\u00e7\u00e3o de tampa de boca-de-lobo na Rua Bogot\u00e1, esquina com a Rua M\u00e9xico, Bairro Santo Afonso. "}, {"id": 22738, "ano": 2013, "numero": 1680, "tipo__sigla": "IND", "tipo__descricao": "Indica\u00e7\u00e3o/Pedido de Provid\u00eancias", "autoria__autor__nome": "Sergio Hanich", "texto_original": "https://sapl.camaranh.rs.gov.br/media/sapl/public/materialegislativa/2013/22738/22738_texto_integral.odt", "ementa": "Solicita substitui\u00e7\u00e3o de tampa de boca-de-lobo na Rua Assunci\u00f3n, esquina com a Rua La Habana, Bairro Santo Afonso. "}, {"id": 22739, "ano": 2013, "numero": 1681, "tipo__sigla": "IND", "tipo__descricao": "Indica\u00e7\u00e3o/Pedido de Provid\u00eancias", "autoria__autor__nome": "Sergio Hanich", "texto_original": "https://sapl.camaranh.rs.gov.br/media/sapl/public/materialegislativa/2013/22739/22739_texto_integral.odt", "ementa": "Solicita coloca\u00e7\u00e3o de meio-fio BL na boca-de-lobo da Rua Assunci\u00f3n, esquina com a Rua La Habana, Bairro Santo Afonso."}, {"id": 22740, "ano": 2013, "numero": 1682, "tipo__sigla": "IND", "tipo__descricao": "Indica\u00e7\u00e3o/Pedido de Provid\u00eancias", "autoria__autor__nome": "Sergio Hanich", "texto_original": "https://sapl.camaranh.rs.gov.br/media/sapl/public/materialegislativa/2013/22740/22740_texto_integral.odt", "ementa": "Solicita recoloca\u00e7\u00e3o da tampa de boca-de-lobo na Rua M\u00e9xico, no trecho entre a Av. Pedro Adams Filho e a Rua Bogot\u00e1, Bairro Santo Afonso."}, {"id": 22741, "ano": 2013, "numero": 1683, "tipo__sigla": "IND", "tipo__descricao": "Indica\u00e7\u00e3o/Pedido de Provid\u00eancias", "autoria__autor__nome": "Professor Issur Koch", "texto_original": "https://sapl.camaranh.rs.gov.br/media/sapl/public/materialegislativa/2013/22741/22741_texto_integral.odt", "ementa": "Solicita melhorias na sinaliza\u00e7\u00e3o de tr\u00e2nsito na Rua Marc\u00edlio Dias esquina com a Rua Santa Catarina, no Bairro Centro."}, {"id": 22742, "ano": 2013, "numero": 1684, "tipo__sigla": "IND", "tipo__descricao": "Indica\u00e7\u00e3o/Pedido de Provid\u00eancias", "autoria__autor__nome": "Professor Issur Koch", "texto_original": "https://sapl.camaranh.rs.gov.br/media/sapl/public/materialegislativa/2013/22742/22742_texto_integral.odt", "ementa": "Solicita melhorias na sinaliza\u00e7\u00e3o de tr\u00e2nsito na Rua Marc\u00edlio Dias, esquina com a Rua Bag\u00e9, no Bairro Centro."}, {"id": 22743, "ano": 2013, "numero": 1685, "tipo__sigla": "IND", "tipo__descricao": "Indica\u00e7\u00e3o/Pedido de Provid\u00eancias", "autoria__autor__nome": "Professor Issur Koch", "texto_original": "https://sapl.camaranh.rs.gov.br/media/sapl/public/materialegislativa/2013/22743/22743_texto_integral.odt", "ementa": "Solicita redutores de velocidade na Rua Marc\u00edlio Dias, em frente ao n\u00famero 1808, Bairro Centro."}, {"id": 22744, "ano": 2013, "numero": 1686, "tipo__sigla": "IND", "tipo__descricao": "Indica\u00e7\u00e3o/Pedido de Provid\u00eancias", "autoria__autor__nome": "Professor Issur Koch", "texto_original": "https://sapl.camaranh.rs.gov.br/media/sapl/public/materialegislativa/2013/22744/22744_texto_integral.odt", "ementa": "Reitera Pedido de Provid\u00eancias n\u00ba 482/2013 que solicita provid\u00eancia urgente a respeito da escadaria V\u00edctor J\u00falio Kern, situada na Rua Gomes Portinho, Bairro Centro."}, {"id": 22750, "ano": 2013, "numero": 1687, "tipo__sigla": "IND", "tipo__descricao": "Indica\u00e7\u00e3o/Pedido de Provid\u00eancias", "autoria__autor__nome": "Raul Cassel", "texto_original": "https://sapl.camaranh.rs.gov.br/media/sapl/public/materialegislativa/2013/22750/22750_texto_integral.odt", "ementa": "Solicita coloca\u00e7\u00e3o de quebra-molas, na Rua Albano Guilherme Konrath, Lomba Grande."}, {"id": 22751, "ano": 2013, "numero": 1688, "tipo__sigla": "IND", "tipo__descricao": "Indica\u00e7\u00e3o/Pedido de Provid\u00eancias", "autoria__autor__nome": "Cristiano Coller", "texto_original": "https://sapl.camaranh.rs.gov.br/media/sapl/public/materialegislativa/2013/22751/22751_texto_integral.odt", "ementa": "Solicito pavimenta\u00e7\u00e3o asf\u00e1ltica da Rua Vereador Werno Kneip, no Bairro  Jardim Mau\u00e1."}, {"id": 22753, "ano": 2013, "numero": 1689, "tipo__sigla": "IND", "tipo__descricao": "Indica\u00e7\u00e3o/Pedido de Provid\u00eancias", "autoria__autor__nome": "Patr\u00edcia Beck", "texto_original": "https://sapl.camaranh.rs.gov.br/media/sapl/public/materialegislativa/2013/22753/22753_texto_integral.odt", "ementa": "Solicita a higieniza\u00e7\u00e3o dos aparelhos de ar condicionado, ventiladores de teto e ventiladores m\u00f3veis que encontram-se em todas as unidades municipais de atendimento ao cidad\u00e3o."}, {"id": 22754, "ano": 2013, "numero": 1690, "tipo__sigla": "IND", "tipo__descricao": "Indica\u00e7\u00e3o/Pedido de Provid\u00eancias", "autoria__autor__nome": "Patr\u00edcia Beck", "texto_original": "https://sapl.camaranh.rs.gov.br/media/sapl/public/materialegislativa/2013/22754/22754_texto_integral.odt", "ementa": "Solicita inspe\u00e7\u00e3o de todos os banheiros localizados nas unidades municipais de sa\u00fade que prestam servi\u00e7os aos cidad\u00e3os, com a emiss\u00e3o de relat\u00f3rio individual sobre as condi\u00e7\u00f5es higi\u00eanicas e f\u00edsicas encontradas em cada vistoria e o cronograma de manuten\u00e7\u00e3o para as unidades que necessitam de reparos."}, {"id": 22755, "ano": 2013, "numero": 1691, "tipo__sigla": "IND", "tipo__descricao": "Indica\u00e7\u00e3o/Pedido de Provid\u00eancias", "autoria__autor__nome": "Professor Issur Koch", "texto_original": "https://sapl.camaranh.rs.gov.br/media/sapl/public/materialegislativa/2013/22755/22755_texto_integral.odt", "ementa": "Solicita estudo de viabilidade para melhoria da seguran\u00e7a no tr\u00e2nsito no entroncamento entre as Ruas Marc\u00edlio dias, Rua Bag\u00e9 e Rua Santa Catarina, no Bairro Centro."}, {"id": 22760, "ano": 2013, "numero": 1692, "tipo__sigla": "IND", "tipo__descricao": "Indica\u00e7\u00e3o/Pedido de Provid\u00eancias", "autoria__autor__nome": "Gerson Peteffi", "texto_original": "https://sapl.camaranh.rs.gov.br/media/sapl/public/materialegislativa/2013/22760/22760_texto_integral.odt", "ementa": "Solicita revitaliza\u00e7\u00e3o nas placas de sinaliza\u00e7\u00e3o, reparo no asfalto e pintura na faixa de seguran\u00e7a na rotat\u00f3ria da Av. V\u00edctor Hugo Kunz, Bairro Centro."}, {"id": 22761, "ano": 2013, "numero": 1693, "tipo__sigla": "IND", "tipo__descricao": "Indica\u00e7\u00e3o/Pedido de Provid\u00eancias", "autoria__autor__nome": "Patr\u00edcia Beck", "texto_original": "https://sapl.camaranh.rs.gov.br/media/sapl/public/materialegislativa/2013/22761/22761_texto_integral.odt", "ementa": "Solicita coloca\u00e7\u00e3o de placas de identifica\u00e7\u00e3o de logradouro na  Rua Ciudad Trujillo, no Bairro Santo Afonso."}, {"id": 22762, "ano": 2013, "numero": 1694, "tipo__sigla": "IND", "tipo__descricao": "Indica\u00e7\u00e3o/Pedido de Provid\u00eancias", "autoria__autor__nome": "Patr\u00edcia Beck", "texto_original": "https://sapl.camaranh.rs.gov.br/media/sapl/public/materialegislativa/2013/22762/22762_texto_integral.odt", "ementa": "Solicita coloca\u00e7\u00e3o de placas de identifica\u00e7\u00e3o de logradouro na Rua da Cooperativa, no Bairro Santo Afonso."}, {"id": 22763, "ano": 2013, "numero": 1695, "tipo__sigla": "IND", "tipo__descricao": "Indica\u00e7\u00e3o/Pedido de Provid\u00eancias", "autoria__autor__nome": "Patr\u00edcia Beck", "texto_original": "https://sapl.camaranh.rs.gov.br/media/sapl/public/materialegislativa/2013/22763/22763_texto_integral.odt", "ementa": "Solicita coloca\u00e7\u00e3o de placas de identifica\u00e7\u00e3o de logradouro na Rua Bom Pastor, no Bairro Santo Afonso."}, {"id": 22764, "ano": 2013, "numero": 1696, "tipo__sigla": "IND", "tipo__descricao": "Indica\u00e7\u00e3o/Pedido de Provid\u00eancias", "autoria__autor__nome": "Patr\u00edcia Beck", "texto_original": "https://sapl.camaranh.rs.gov.br/media/sapl/public/materialegislativa/2013/22764/22764_texto_integral.odt", "ementa": "Solicita coloca\u00e7\u00e3o de placas de identifica\u00e7\u00e3o de logradouro na Rua Oper\u00e1rio, no Bairro Santo Afonso."}, {"id": 22765, "ano": 2013, "numero": 1697, "tipo__sigla": "IND", "tipo__descricao": "Indica\u00e7\u00e3o/Pedido de Provid\u00eancias", "autoria__autor__nome": "Patr\u00edcia Beck", "texto_original": "https://sapl.camaranh.rs.gov.br/media/sapl/public/materialegislativa/2013/22765/22765_texto_integral.odt", "ementa": "Solicita revitaliza\u00e7\u00e3o da Pra\u00e7a localizada na Av. Buenos Aires, no trecho compreendido entre as Ruas Caracas e Santa Ana, no Bairro Santo Afonso."}, {"id": 22766, "ano": 2013, "numero": 1698, "tipo__sigla": "IND", "tipo__descricao": "Indica\u00e7\u00e3o/Pedido de Provid\u00eancias", "autoria__autor__nome": "Patr\u00edcia Beck", "texto_original": "https://sapl.camaranh.rs.gov.br/media/sapl/public/materialegislativa/2013/22766/22766_texto_integral.odt", "ementa": "Solicita a reconstitui\u00e7\u00e3o da cal\u00e7ada danificada por infiltra\u00e7\u00e3o da rede de esgoto pluvial localizada na Av. Montevid\u00e9u, esquina com a Rua Lima, no Bairro Santo Afonso."}, {"id": 22767, "ano": 2013, "numero": 1699, "tipo__sigla": "IND", "tipo__descricao": "Indica\u00e7\u00e3o/Pedido de Provid\u00eancias", "autoria__autor__nome": "Patr\u00edcia Beck", "texto_original": "https://sapl.camaranh.rs.gov.br/media/sapl/public/materialegislativa/2013/22767/22767_texto_integral.odt", "ementa": "Solicita a revitaliza\u00e7\u00e3o da faixa de pedestres, localizada na av. Pedro Adams Filho, em frente ao n\u00famero 293, no Bairro Santo Afonso."}, {"id": 22768, "ano": 2013, "numero": 1700, "tipo__sigla": "IND", "tipo__descricao": "Indica\u00e7\u00e3o/Pedido de Provid\u00eancias", "autoria__autor__nome": "Patr\u00edcia Beck", "texto_original": "https://sapl.camaranh.rs.gov.br/media/sapl/public/materialegislativa/2013/22768/22768_texto_integral.odt", "ementa": "Solicita conserto da tampa da boca-de-lobo localizada na Av. Montevid\u00e9u, em frente ao n\u00famero 358, no Bairro Santo Afonso."}, {"id": 22770, "ano": 2013, "numero": 1701, "tipo__sigla": "IND", "tipo__descricao": "Indica\u00e7\u00e3o/Pedido de Provid\u00eancias", "autoria__autor__nome": "Patr\u00edcia Beck", "texto_original": "https://sapl.camaranh.rs.gov.br/media/sapl/public/materialegislativa/2013/22770/22770_texto_integral.odt", "ementa": "Solicita o conserto da tampa da boca-de-lobo, localizada na av. Montevideo, em frente \u00e0 Escola Municipal de Ensino Fundamental Caldas J\u00fanior, no Bairro Santo Afonso."}, {"id": 22771, "ano": 2013, "numero": 1702, "tipo__sigla": "IND", "tipo__descricao": "Indica\u00e7\u00e3o/Pedido de Provid\u00eancias", "autoria__autor__nome": "Patr\u00edcia Beck", "texto_original": "https://sapl.camaranh.rs.gov.br/media/sapl/public/materialegislativa/2013/22771/22771_texto_integral.odt", "ementa": "Solicita que a Lei Municipal n\u00ba 65/94, de 05 de setembro de 1994, que disp\u00f5e sobre a identifica\u00e7\u00e3o de funcion\u00e1rios p\u00fablicos municipais, seja cumprida."}, {"id": 22773, "ano": 2013, "numero": 1703, "tipo__sigla": "IND", "tipo__descricao": "Indica\u00e7\u00e3o/Pedido de Provid\u00eancias", "autoria__autor__nome": "Enfermeiro Vilmar", "texto_original": "https://sapl.camaranh.rs.gov.br/media/sapl/public/materialegislativa/2013/22773/22773_texto_integral.odt", "ementa": "Sugere ao Poder Executivo Municipal a cria\u00e7\u00e3o do servi\u00e7o de atendimento m\u00e9dico de urg\u00eancia sobre motos."}, {"id": 22775, "ano": 2013, "numero": 1704, "tipo__sigla": "IND", "tipo__descricao": "Indica\u00e7\u00e3o/Pedido de Provid\u00eancias", "autoria__autor__nome": "Raul Cassel", "texto_original": "https://sapl.camaranh.rs.gov.br/media/sapl/public/materialegislativa/2013/22775/22775_texto_integral.odt", "ementa": "Solicita realoca\u00e7\u00e3o da parada de \u00f4nibus, da Rua Frederico Mentz, em frente ao n\u00ba 222, Bairro Vila Nova."}, {"id": 22782, "ano": 2013, "numero": 1705, "tipo__sigla": "IND", "tipo__descricao": "Indica\u00e7\u00e3o/Pedido de Provid\u00eancias", "autoria__autor__nome": "Raul Cassel", "texto_original": "https://sapl.camaranh.rs.gov.br/media/sapl/public/materialegislativa/2013/22782/22782_texto_integral.odt", "ementa": "Solicita acerto na sinaliza\u00e7\u00e3o de tr\u00e2nsito, horizontal e vertical."}, {"id": 22783, "ano": 2013, "numero": 1706, "tipo__sigla": "IND", "tipo__descricao": "Indica\u00e7\u00e3o/Pedido de Provid\u00eancias", "autoria__autor__nome": "JorgeTatsch", "texto_original": "https://sapl.camaranh.rs.gov.br/media/sapl/public/materialegislativa/2013/22783/22783_texto_integral.odt", "ementa": "Solicita estudo de viabilidade para proibir a circula\u00e7\u00e3o de caminh\u00f5es na Rua Monte Castelo, Bairro Santo Afonso."}, {"id": 22784, "ano": 2013, "numero": 1707, "tipo__sigla": "IND", "tipo__descricao": "Indica\u00e7\u00e3o/Pedido de Provid\u00eancias", "autoria__autor__nome": "JorgeTatsch", "texto_original": "https://sapl.camaranh.rs.gov.br/media/sapl/public/materialegislativa/2013/22784/22784_texto_integral.odt", "ementa": "Solicita patrolamento e coloca\u00e7\u00e3o de britas em toda a extens\u00e3o da Rua Planalto, Bairro Santo Afonso."}, {"id": 22785, "ano": 2013, "numero": 1708, "tipo__sigla": "IND", "tipo__descricao": "Indica\u00e7\u00e3o/Pedido de Provid\u00eancias", "autoria__autor__nome": "JorgeTatsch", "texto_original": "https://sapl.camaranh.rs.gov.br/media/sapl/public/materialegislativa/2013/22785/22785_texto_integral.odt", "ementa": "Solicita coloca\u00e7\u00e3o de poste e lumin\u00e1ria na Rua Beira Lago, em frente ao n\u00ba 160, Bairro Santo Afonso."}, {"id": 22786, "ano": 2013, "numero": 1709, "tipo__sigla": "IND", "tipo__descricao": "Indica\u00e7\u00e3o/Pedido de Provid\u00eancias", "autoria__autor__nome": "Betinho", "texto_original": "https://sapl.camaranh.rs.gov.br/media/sapl/public/materialegislativa/2013/22786/22786_texto_integral.odt", "ementa": "Solicita corte/recuo da cal\u00e7ada na esquina da Rua Leopoldo Wasun com a Avenida Primeiro de Mar\u00e7o, no Bairro Santo Afonso. "}, {"id": 22793, "ano": 2013, "numero": 1710, "tipo__sigla": "IND", "tipo__descricao": "Indica\u00e7\u00e3o/Pedido de Provid\u00eancias", "autoria__autor__nome": "Cristiano Coller", "texto_original": "https://sapl.camaranh.rs.gov.br/media/sapl/public/materialegislativa/2013/22793/22793_texto_integral.odt", "ementa": "Reitera Pedido de Provid\u00eancias n\u00ba 282/2013,  que refere-se a instala\u00e7\u00e3o de redutor de velocidade (quebra-molas) na Rua Fran\u00e7a, esquina com a Rua Alemanha, Bairro Rinc\u00e3o."}, {"id": 22794, "ano": 2013, "numero": 1711, "tipo__sigla": "IND", "tipo__descricao": "Indica\u00e7\u00e3o/Pedido de Provid\u00eancias", "autoria__autor__nome": "Cristiano Coller", "texto_original": "https://sapl.camaranh.rs.gov.br/media/sapl/public/materialegislativa/2013/22794/22794_texto_integral.odt", "ementa": "Reitera Pedido de Provid\u00eancias n\u00ba 302/2013,  que refere-se a instala\u00e7\u00e3o de redutor de velocidade (quebra-molas) na Rua Alemanha, em frente ao n\u00ba 16, Bairro Rinc\u00e3o."}, {"id": 22795, "ano": 2013, "numero": 1712, "tipo__sigla": "IND", "tipo__descricao": "Indica\u00e7\u00e3o/Pedido de Provid\u00eancias", "autoria__autor__nome": "Cristiano Coller", "texto_original": "https://sapl.camaranh.rs.gov.br/media/sapl/public/materialegislativa/2013/22795/22795_texto_integral.odt", "ementa": "Reitera Pedido de Provid\u00eancias n\u00ba 331/2013, que refere-se a instala\u00e7\u00e3o de quebra-molas nos dois sentidos da Av. Pedro Adams Filho, em frente a Igreja Cat\u00f3lica Sagrado Cora\u00e7\u00e3o de Jesus, no Bairro Santo Afonso."}, {"id": 22796, "ano": 2013, "numero": 1713, "tipo__sigla": "IND", "tipo__descricao": "Indica\u00e7\u00e3o/Pedido de Provid\u00eancias", "autoria__autor__nome": "Professor Issur Koch", "texto_original": "https://sapl.camaranh.rs.gov.br/media/sapl/public/materialegislativa/2013/22796/22796_texto_integral.odt", "ementa": "Solicita estudo de viabilidade de implanta\u00e7\u00e3o de sem\u00e1foros para ve\u00edculos e pedestres na Rua Aluisio de Azevedo com a Rua General Daltro Filho, no Bairro Vila Nova."}, {"id": 22798, "ano": 2013, "numero": 1714, "tipo__sigla": "IND", "tipo__descricao": "Indica\u00e7\u00e3o/Pedido de Provid\u00eancias", "autoria__autor__nome": "Professor Issur Koch", "texto_original": "https://sapl.camaranh.rs.gov.br/media/sapl/public/materialegislativa/2013/22798/22798_texto_integral.odt", "ementa": "Indica estudo para elabora\u00e7\u00e3o de um cronograma especial que prioriza a limpeza nas imedia\u00e7\u00f5es do Est\u00e1dio do Vale, ap\u00f3s  os dias de jogos do Inter no Brasileir\u00e3o."}, {"id": 22800, "ano": 2013, "numero": 1715, "tipo__sigla": "IND", "tipo__descricao": "Indica\u00e7\u00e3o/Pedido de Provid\u00eancias", "autoria__autor__nome": "Betinho", "texto_original": "https://sapl.camaranh.rs.gov.br/media/sapl/public/materialegislativa/2013/22800/22800_texto_integral.odt", "ementa": "Sugere a instala\u00e7\u00e3o de redutores de velocidade pelo sistema de faixas elevadas de pedestres em frente aos estabelecimentos de ensino."}, {"id": 22804, "ano": 2013, "numero": 1716, "tipo__sigla": "IND", "tipo__descricao": "Indica\u00e7\u00e3o/Pedido de Provid\u00eancias", "autoria__autor__nome": "Sergio Hanich", "texto_original": "https://sapl.camaranh.rs.gov.br/media/sapl/public/materialegislativa/2013/22804/22804_texto_integral.odt", "ementa": "Solicita asfaltamento da Rua Jamaica, no trecho entre as Ruas Am\u00e9rica e Bom Princ\u00edpio, no Bairro Canudos."}, {"id": 22805, "ano": 2013, "numero": 1717, "tipo__sigla": "IND", "tipo__descricao": "Indica\u00e7\u00e3o/Pedido de Provid\u00eancias", "autoria__autor__nome": "Sergio Hanich", "texto_original": "https://sapl.camaranh.rs.gov.br/media/sapl/public/materialegislativa/2013/22805/22805_texto_integral.odt", "ementa": "Solicita opera\u00e7\u00e3o tapa-buracos na Rua Jos\u00e9 Alo\u00edsio Daudt, nas proximidades do n\u00ba 799, Bairro Canudos."}, {"id": 22806, "ano": 2013, "numero": 1718, "tipo__sigla": "IND", "tipo__descricao": "Indica\u00e7\u00e3o/Pedido de Provid\u00eancias", "autoria__autor__nome": "Sergio Hanich", "texto_original": "https://sapl.camaranh.rs.gov.br/media/sapl/public/materialegislativa/2013/22806/22806_texto_integral.odt", "ementa": "Solicita coloca\u00e7\u00e3o de tampa de boca-de-lobo na Rua Man\u00e1gua, esquina com a Rua M\u00e9xico, Bairro Santo Afonso."}, {"id": 22810, "ano": 2013, "numero": 1719, "tipo__sigla": "IND", "tipo__descricao": "Indica\u00e7\u00e3o/Pedido de Provid\u00eancias", "autoria__autor__nome": "Sergio Hanich", "texto_original": "https://sapl.camaranh.rs.gov.br/media/sapl/public/materialegislativa/2013/22810/22810_texto_integral.odt", "ementa": "Solicita estudo de viabilidade para coloca\u00e7\u00e3o de  quebra-molas na Rua Jos\u00e9 Alo\u00edsio Daudt, entre as Ruas Seno Ant\u00f4nio Schokal e Albino Momberger, Bairro Canudos."}, {"id": 22856, "ano": 2013, "numero": 1720, "tipo__sigla": "IND", "tipo__descricao": "Indica\u00e7\u00e3o/Pedido de Provid\u00eancias", "autoria__autor__nome": "Cristiano Coller", "texto_original": "https://sapl.camaranh.rs.gov.br/media/sapl/public/materialegislativa/2013/22856/22856_texto_integral.odt", "ementa": "Solicita instala\u00e7\u00e3o de Sem\u00e1foro ou Redutor de Velocidade (Quebra-Molas) na Rua Guia Lopes, esquina com a Rua Roberto Kronmeyer, no Bairro Santo Afonso."}, {"id": 22857, "ano": 2013, "numero": 1721, "tipo__sigla": "IND", "tipo__descricao": "Indica\u00e7\u00e3o/Pedido de Provid\u00eancias", "autoria__autor__nome": "Cristiano Coller", "texto_original": "https://sapl.camaranh.rs.gov.br/media/sapl/public/materialegislativa/2013/22857/22857_texto_integral.odt", "ementa": "Solicita pavimenta\u00e7\u00e3o asf\u00e1ltica das Ruas Macap\u00e1, Itapetininga, Santa Luzia, Mossor\u00f3 e Santar\u00e9m, no Bairro Liberdade."}, {"id": 22858, "ano": 2013, "numero": 1722, "tipo__sigla": "IND", "tipo__descricao": "Indica\u00e7\u00e3o/Pedido de Provid\u00eancias", "autoria__autor__nome": "Cristiano Coller", "texto_original": "https://sapl.camaranh.rs.gov.br/media/sapl/public/materialegislativa/2013/22858/22858_texto_integral.odt", "ementa": "Solicito  troca de tampa de boca-de-lobo na  Av. Marqu\u00eas de Olinda, com a Rua  Humait\u00e1, no Bairro Santo Afonso."}, {"id": 22859, "ano": 2013, "numero": 1723, "tipo__sigla": "IND", "tipo__descricao": "Indica\u00e7\u00e3o/Pedido de Provid\u00eancias", "autoria__autor__nome": "Cristiano Coller", "texto_original": "https://sapl.camaranh.rs.gov.br/media/sapl/public/materialegislativa/2013/22859/22859_texto_integral.odt", "ementa": "Solicito  troca e rebaixamento da tampa de boca-de-lobo na Rua Laurindo Rabelo, pr\u00f3ximo ao n\u00famero 300."}, {"id": 22864, "ano": 2013, "numero": 1724, "tipo__sigla": "IND", "tipo__descricao": "Indica\u00e7\u00e3o/Pedido de Provid\u00eancias", "autoria__autor__nome": "Inspetor Luz", "texto_original": "https://sapl.camaranh.rs.gov.br/media/sapl/public/materialegislativa/2013/22864/22864_texto_integral.odt", "ementa": "Solicita capina e limpeza do passeio p\u00fablico esquina das  Ruas  S\u00e3o Jac\u00f3 e Silveira Martins, no Bairro Centro."}, {"id": 22865, "ano": 2013, "numero": 1725, "tipo__sigla": "IND", "tipo__descricao": "Indica\u00e7\u00e3o/Pedido de Provid\u00eancias", "autoria__autor__nome": "Inspetor Luz", "texto_original": "https://sapl.camaranh.rs.gov.br/media/sapl/public/materialegislativa/2013/22865/22865_texto_integral.odt", "ementa": "Solicita intima\u00e7\u00e3o do propriet\u00e1rio para que proceda \u00e0 limpeza do terreno baldio, localizado ao lado do n\u00ba 210, entre as Ruas Silveira Martins e Gomes Jardim, Bairro Centro. "}, {"id": 22869, "ano": 2013, "numero": 1726, "tipo__sigla": "IND", "tipo__descricao": "Indica\u00e7\u00e3o/Pedido de Provid\u00eancias", "autoria__autor__nome": "Sergio Hanich", "texto_original": "https://sapl.camaranh.rs.gov.br/media/sapl/public/materialegislativa/2013/22869/22869_texto_integral.odt", "ementa": "Solicita recapeamento asf\u00e1ltico da Rua Pedro Pohlmann, entre a Rua Bartolomeu de Gusm\u00e3o e Rua Bananal, Bairro Canudos."}, {"id": 22881, "ano": 2013, "numero": 1727, "tipo__sigla": "IND", "tipo__descricao": "Indica\u00e7\u00e3o/Pedido de Provid\u00eancias", "autoria__autor__nome": "JorgeTatsch", "texto_original": "https://sapl.camaranh.rs.gov.br/media/sapl/public/materialegislativa/2013/22881/22881_texto_integral.odt", "ementa": "Sugere a proibi\u00e7\u00e3o do tr\u00e2nsito de ve\u00edculos pesados/caminh\u00f5es na Rua Monte Castelo, no Bairro Santo Afonso."}, {"id": 22882, "ano": 2013, "numero": 1728, "tipo__sigla": "IND", "tipo__descricao": "Indica\u00e7\u00e3o/Pedido de Provid\u00eancias", "autoria__autor__nome": "JorgeTatsch", "texto_original": "https://sapl.camaranh.rs.gov.br/media/sapl/public/materialegislativa/2013/22882/22882_texto_integral.odt", "ementa": "Solicita constru\u00e7\u00e3o de cal\u00e7ada na Rua Guia Lopes, nas proximidades do n\u00famero 777, no Bairro Santo Afonso/Rond\u00f4nia."}, {"id": 22883, "ano": 2013, "numero": 1729, "tipo__sigla": "IND", "tipo__descricao": "Indica\u00e7\u00e3o/Pedido de Provid\u00eancias", "autoria__autor__nome": "JorgeTatsch", "texto_original": "https://sapl.camaranh.rs.gov.br/media/sapl/public/materialegislativa/2013/22883/22883_texto_integral.odt", "ementa": "Solicita coloca\u00e7\u00e3o de britas na Rua Jo\u00e3o Darci de Vargas, Bairro Canudos."}, {"id": 22884, "ano": 2013, "numero": 1730, "tipo__sigla": "IND", "tipo__descricao": "Indica\u00e7\u00e3o/Pedido de Provid\u00eancias", "autoria__autor__nome": "JorgeTatsch", "texto_original": "https://sapl.camaranh.rs.gov.br/media/sapl/public/materialegislativa/2013/22884/22884_texto_integral.odt", "ementa": "Solicita com URG\u00caNCIA canaliza\u00e7\u00e3o de esgoto (valo), na Av. Marqu\u00eas de Olinda, no Loteamento Residencial Na\u00e7\u00f5es Unidas, no Bairro Santo Afonso."}, {"id": 22885, "ano": 2013, "numero": 1731, "tipo__sigla": "IND", "tipo__descricao": "Indica\u00e7\u00e3o/Pedido de Provid\u00eancias", "autoria__autor__nome": "Cristiano Coller", "texto_original": "https://sapl.camaranh.rs.gov.br/media/sapl/public/materialegislativa/2013/22885/22885_texto_integral.odt", "ementa": "Reitera Pedido de Provid\u00eancias n\u00ba 75/2013,  que refere-se a instala\u00e7\u00e3o de redutor de velocidade (quebra-molas) em frente \u00e0 Escola Municipal de Educa\u00e7\u00e3o Infantil Ideal, Bairro Ideal."}, {"id": 22898, "ano": 2013, "numero": 1732, "tipo__sigla": "IND", "tipo__descricao": "Indica\u00e7\u00e3o/Pedido de Provid\u00eancias", "autoria__autor__nome": "JorgeTatsch", "texto_original": "https://sapl.camaranh.rs.gov.br/media/sapl/public/materialegislativa/2013/22898/22898_texto_integral.odt", "ementa": "Solicita remo\u00e7\u00e3o de \u00e1rvore na Rua Panam\u00e1,  em frente ao n\u00ba 320, Bairro Santo Afonso."}, {"id": 22899, "ano": 2013, "numero": 1733, "tipo__sigla": "IND", "tipo__descricao": "Indica\u00e7\u00e3o/Pedido de Provid\u00eancias", "autoria__autor__nome": "JorgeTatsch", "texto_original": "https://sapl.camaranh.rs.gov.br/media/sapl/public/materialegislativa/2013/22899/22899_texto_integral.odt", "ementa": "Solicita remo\u00e7\u00e3o de um poste de luz na Rua Guia Lopes, em frente ao n\u00ba 2328, no Bairro Rond\u00f4nia."}, {"id": 22900, "ano": 2013, "numero": 1734, "tipo__sigla": "IND", "tipo__descricao": "Indica\u00e7\u00e3o/Pedido de Provid\u00eancias", "autoria__autor__nome": "JorgeTatsch", "texto_original": "https://sapl.camaranh.rs.gov.br/media/sapl/public/materialegislativa/2013/22900/22900_texto_integral.odt", "ementa": "Solicita remo\u00e7\u00e3o de \u00e1rvore na Rua Guia Lopes, em frente ao n\u00ba 2328, no Bairro Rond\u00f4nia."}, {"id": 22909, "ano": 2013, "numero": 1735, "tipo__sigla": "IND", "tipo__descricao": "Indica\u00e7\u00e3o/Pedido de Provid\u00eancias", "autoria__autor__nome": "Betinho", "texto_original": "https://sapl.camaranh.rs.gov.br/media/sapl/public/materialegislativa/2013/22909/22909_texto_integral.odt", "ementa": "Solicita opera\u00e7\u00e3o tapa-buracos em toda a extens\u00e3o da Rua Jo\u00e3o Alo\u00edsio Allgayer, em Lomba Grande. "}, {"id": 22922, "ano": 2013, "numero": 1736, "tipo__sigla": "IND", "tipo__descricao": "Indica\u00e7\u00e3o/Pedido de Provid\u00eancias", "autoria__autor__nome": "Professor Issur Koch", "texto_original": "https://sapl.camaranh.rs.gov.br/media/sapl/public/materialegislativa/2013/22922/22922_texto_integral.odt", "ementa": "Solicita placa de identifica\u00e7\u00e3o na Rua Rosalina Gerhardt, esquina com a Rua das P\u00e9rolas, no Bairro S\u00e3o Jorge."}, {"id": 22924, "ano": 2013, "numero": 1737, "tipo__sigla": "IND", "tipo__descricao": "Indica\u00e7\u00e3o/Pedido de Provid\u00eancias", "autoria__autor__nome": "Enfermeiro Vilmar", "texto_original": "https://sapl.camaranh.rs.gov.br/media/sapl/public/materialegislativa/2013/22924/22924_texto_integral.odt", "ementa": "Solicita coloca\u00e7\u00e3o de um redutor de velocidade e faixa de seguran\u00e7a na Rua Bauru, nas proximidades do n\u00ba 100, Bairro Canudos."}, {"id": 22925, "ano": 2013, "numero": 1738, "tipo__sigla": "IND", "tipo__descricao": "Indica\u00e7\u00e3o/Pedido de Provid\u00eancias", "autoria__autor__nome": "Enfermeiro Vilmar", "texto_original": "https://sapl.camaranh.rs.gov.br/media/sapl/public/materialegislativa/2013/22925/22925_texto_integral.odt", "ementa": "Solicita coloca\u00e7\u00e3o de um redutor de velocidade  na Rua Curitibanos, nas proximidades do n\u00ba 1821, Bairro Canudos. "}, {"id": 22928, "ano": 2013, "numero": 1739, "tipo__sigla": "IND", "tipo__descricao": "Indica\u00e7\u00e3o/Pedido de Provid\u00eancias", "autoria__autor__nome": "Professor Issur Koch", "texto_original": "https://sapl.camaranh.rs.gov.br/media/sapl/public/materialegislativa/2013/22928/22928_texto_integral.odt", "ementa": "Solicita a retirada de entulho no passeio p\u00fablico da Rua Bento Gon\u00e7alves, em frente ao n\u00famero 3115, no Bairro Guarani."}, {"id": 22929, "ano": 2013, "numero": 1740, "tipo__sigla": "IND", "tipo__descricao": "Indica\u00e7\u00e3o/Pedido de Provid\u00eancias", "autoria__autor__nome": "Professor Issur Koch", "texto_original": "https://sapl.camaranh.rs.gov.br/media/sapl/public/materialegislativa/2013/22929/22929_texto_integral.odt", "ementa": "Solicita a retirada de dois sof\u00e1s do passeio p\u00fablico na Rua Bento Gon\u00e7alves, em frente ao n\u00famero 3144, no Bairro Guarani."}, {"id": 22930, "ano": 2013, "numero": 1741, "tipo__sigla": "IND", "tipo__descricao": "Indica\u00e7\u00e3o/Pedido de Provid\u00eancias", "autoria__autor__nome": "Professor Issur Koch", "texto_original": "https://sapl.camaranh.rs.gov.br/media/sapl/public/materialegislativa/2013/22930/22930_texto_integral.odt", "ementa": "Solicita opera\u00e7\u00e3o tapa-buracos na Rua Santa Sofia, esquina com a Rua Tapes, no Bairro Ideal."}, {"id": 22931, "ano": 2013, "numero": 1742, "tipo__sigla": "IND", "tipo__descricao": "Indica\u00e7\u00e3o/Pedido de Provid\u00eancias", "autoria__autor__nome": "Professor Issur Koch", "texto_original": "https://sapl.camaranh.rs.gov.br/media/sapl/public/materialegislativa/2013/22931/22931_texto_integral.odt", "ementa": "Solicita vistoria URGENTE da Vigil\u00e2ncia Sanit\u00e1ria nas depend\u00eancias do Instituto M\u00e9dico Legal."}, {"id": 22932, "ano": 2013, "numero": 1743, "tipo__sigla": "IND", "tipo__descricao": "Indica\u00e7\u00e3o/Pedido de Provid\u00eancias", "autoria__autor__nome": "Betinho", "texto_original": "https://sapl.camaranh.rs.gov.br/media/sapl/public/materialegislativa/2013/22932/22932_texto_integral.odt", "ementa": "Sugere a cria\u00e7\u00e3o de uma Semana de Conscientiza\u00e7\u00e3o, Preven\u00e7\u00e3o e Combate \u00e0 Verminose e \u00e0 Hepatite A."}, {"id": 22933, "ano": 2013, "numero": 1744, "tipo__sigla": "IND", "tipo__descricao": "Indica\u00e7\u00e3o/Pedido de Provid\u00eancias", "autoria__autor__nome": "Inspetor Luz", "texto_original": "https://sapl.camaranh.rs.gov.br/media/sapl/public/materialegislativa/2013/22933/22933_texto_integral.odt", "ementa": "Solicita opera\u00e7\u00e3o tapa-buracos em toda extens\u00e3o da Rua Santos, Bairro Vila Nova."}, {"id": 22934, "ano": 2013, "numero": 1745, "tipo__sigla": "IND", "tipo__descricao": "Indica\u00e7\u00e3o/Pedido de Provid\u00eancias", "autoria__autor__nome": "Inspetor Luz", "texto_original": "https://sapl.camaranh.rs.gov.br/media/sapl/public/materialegislativa/2013/22934/22934_texto_integral.odt", "ementa": "Solicita opera\u00e7\u00e3o tapa-buracos em toda extens\u00e3o da Rua Caxamb\u00fa, Bairro Vila Nova."}, {"id": 22935, "ano": 2013, "numero": 1746, "tipo__sigla": "IND", "tipo__descricao": "Indica\u00e7\u00e3o/Pedido de Provid\u00eancias", "autoria__autor__nome": "Inspetor Luz", "texto_original": "https://sapl.camaranh.rs.gov.br/media/sapl/public/materialegislativa/2013/22935/22935_texto_integral.odt", "ementa": "Solicita opera\u00e7\u00e3o tapa-buracos em toda extens\u00e3o da Rua Cel. Jacob Kroeff Filho, Bairro Rond\u00f4nia."}, {"id": 22936, "ano": 2013, "numero": 1747, "tipo__sigla": "IND", "tipo__descricao": "Indica\u00e7\u00e3o/Pedido de Provid\u00eancias", "autoria__autor__nome": "Inspetor Luz", "texto_original": "https://sapl.camaranh.rs.gov.br/media/sapl/public/materialegislativa/2013/22936/22936_texto_integral.odt", "ementa": "Solicita opera\u00e7\u00e3o tapa-buracos em toda extens\u00e3o da Rua Vidal de Negreiros, Bairro Oper\u00e1rio."}, {"id": 22937, "ano": 2013, "numero": 1748, "tipo__sigla": "IND", "tipo__descricao": "Indica\u00e7\u00e3o/Pedido de Provid\u00eancias", "autoria__autor__nome": "Inspetor Luz", "texto_original": "https://sapl.camaranh.rs.gov.br/media/sapl/public/materialegislativa/2013/22937/22937_texto_integral.odt", "ementa": "Solicita opera\u00e7\u00e3o tapa-buracos em toda extens\u00e3o da Rua Pedro Petry, Bairro Rond\u00f4nia."}, {"id": 22938, "ano": 2013, "numero": 1749, "tipo__sigla": "IND", "tipo__descricao": "Indica\u00e7\u00e3o/Pedido de Provid\u00eancias", "autoria__autor__nome": "Inspetor Luz", "texto_original": "https://sapl.camaranh.rs.gov.br/media/sapl/public/materialegislativa/2013/22938/22938_texto_integral.odt", "ementa": "Solicita opera\u00e7\u00e3o tapa-buracos em toda extens\u00e3o da Rua Andrade Neves, Bairro Guarani."}, {"id": 22939, "ano": 2013, "numero": 1750, "tipo__sigla": "IND", "tipo__descricao": "Indica\u00e7\u00e3o/Pedido de Provid\u00eancias", "autoria__autor__nome": "JorgeTatsch", "texto_original": "https://sapl.camaranh.rs.gov.br/media/sapl/public/materialegislativa/2013/22939/22939_texto_integral.odt", "ementa": "Solicita desentupimento de esgoto na Rua Dique da Amizade, pr\u00f3ximo ao n\u00ba 60, Bairro Santo Afonso."}, {"id": 22941, "ano": 2013, "numero": 1751, "tipo__sigla": "IND", "tipo__descricao": "Indica\u00e7\u00e3o/Pedido de Provid\u00eancias", "autoria__autor__nome": "JorgeTatsch", "texto_original": "https://sapl.camaranh.rs.gov.br/media/sapl/public/materialegislativa/2013/22941/22941_texto_integral.odt", "ementa": "Solicita com URG\u00caNCIA o recuo da cal\u00e7ada na esquina da Rua Leopoldo Wasun, com a Avenida Primeiro de Mar\u00e7o, nas proximidades da Esta\u00e7\u00e3o Santo Afonso, no Bairro Santo Afonso. "}, {"id": 22944, "ano": 2013, "numero": 1752, "tipo__sigla": "IND", "tipo__descricao": "Indica\u00e7\u00e3o/Pedido de Provid\u00eancias", "autoria__autor__nome": "JorgeTatsch", "texto_original": "https://sapl.camaranh.rs.gov.br/media/sapl/public/materialegislativa/2013/22944/22944_texto_integral.odt", "ementa": "Solicita com URG\u00caNCIA estudo de viabilidade para coloca\u00e7\u00e3o de  um redutor de velocidade na Rua Leopoldo Wasun, esquina com a Av. Montevideo, Bairro Santo Afonso."}, {"id": 22945, "ano": 2013, "numero": 1753, "tipo__sigla": "IND", "tipo__descricao": "Indica\u00e7\u00e3o/Pedido de Provid\u00eancias", "autoria__autor__nome": "JorgeTatsch", "texto_original": "https://sapl.camaranh.rs.gov.br/media/sapl/public/materialegislativa/2013/22945/22945_texto_integral.odt", "ementa": "Solicita coloca\u00e7\u00e3o de um redutor de velocidade  na Rua Guia Lopes, nas proximidades do n\u00ba 2328, Bairro Rond\u00f4nia.  "}, {"id": 22946, "ano": 2013, "numero": 1754, "tipo__sigla": "IND", "tipo__descricao": "Indica\u00e7\u00e3o/Pedido de Provid\u00eancias", "autoria__autor__nome": "Professor Issur Koch", "texto_original": "https://sapl.camaranh.rs.gov.br/media/sapl/public/materialegislativa/2013/22946/22946_texto_integral.odt", "ementa": "Sugere estudo de viabilidade para implanta\u00e7\u00e3o de c\u00e2meras de monitoramento na Pra\u00e7a do Imigrante, no Bairro Centro."}, {"id": 22947, "ano": 2013, "numero": 1755, "tipo__sigla": "IND", "tipo__descricao": "Indica\u00e7\u00e3o/Pedido de Provid\u00eancias", "autoria__autor__nome": "Professor Issur Koch", "texto_original": "https://sapl.camaranh.rs.gov.br/media/sapl/public/materialegislativa/2013/22947/22947_texto_integral.odt", "ementa": "Sugere estudo de viabilidade para implanta\u00e7\u00e3o de c\u00e2meras de monitoramento na Escadaria  V\u00edctor J\u00falio Kern, no Bairro Centro."}, {"id": 22948, "ano": 2013, "numero": 1756, "tipo__sigla": "IND", "tipo__descricao": "Indica\u00e7\u00e3o/Pedido de Provid\u00eancias", "autoria__autor__nome": "Professor Issur Koch", "texto_original": "https://sapl.camaranh.rs.gov.br/media/sapl/public/materialegislativa/2013/22948/22948_texto_integral.odt", "ementa": "Sugere estudo de viabilidade para implanta\u00e7\u00e3o de c\u00e2meras de monitoramento na Pra\u00e7a 20 de Setembro, no Bairro Centro."}, {"id": 22949, "ano": 2013, "numero": 1757, "tipo__sigla": "IND", "tipo__descricao": "Indica\u00e7\u00e3o/Pedido de Provid\u00eancias", "autoria__autor__nome": "Enfermeiro Vilmar", "texto_original": "https://sapl.camaranh.rs.gov.br/media/sapl/public/materialegislativa/2013/22949/22949_texto_integral.odt", "ementa": "Sugere a Cria\u00e7\u00e3o do Programa de Assist\u00eancia M\u00e9dica Oftalmol\u00f3gica e Auditiva para os Alunos Matriculados nos Estabelecimentos P\u00fablicos de Ensino Fundamental do Munic\u00edpio."}, {"id": 22950, "ano": 2013, "numero": 1758, "tipo__sigla": "IND", "tipo__descricao": "Indica\u00e7\u00e3o/Pedido de Provid\u00eancias", "autoria__autor__nome": "Naasom Luciano", "texto_original": "https://sapl.camaranh.rs.gov.br/media/sapl/public/materialegislativa/2013/22950/22950_texto_integral.odt", "ementa": "Solicita conserto de infiltra\u00e7\u00e3o em cal\u00e7ada na Rua Catal\u00e3o, esquina com a Rua Rio Negro, no Bairro Liberdade."}, {"id": 22952, "ano": 2013, "numero": 1759, "tipo__sigla": "IND", "tipo__descricao": "Indica\u00e7\u00e3o/Pedido de Provid\u00eancias", "autoria__autor__nome": "Cristiano Coller", "texto_original": "https://sapl.camaranh.rs.gov.br/media/sapl/public/materialegislativa/2013/22952/22952_texto_integral.odt", "ementa": "Solicita nova vistoria para a pavimenta\u00e7\u00e3o asf\u00e1ltica na Rua Encantado, em frente ao n\u00famero 115, no Bairro  Ideal."}, {"id": 22953, "ano": 2013, "numero": 1760, "tipo__sigla": "IND", "tipo__descricao": "Indica\u00e7\u00e3o/Pedido de Provid\u00eancias", "autoria__autor__nome": "Sergio Hanich", "texto_original": "https://sapl.camaranh.rs.gov.br/media/sapl/public/materialegislativa/2013/22953/22953_texto_integral.odt", "ementa": "Solicita instala\u00e7\u00e3o de aparelhos de \"academia ao ar livre\" na pracinha junto \u00e0 Sede da Associa\u00e7\u00e3o de Bairro Santo Afonso."}, {"id": 22954, "ano": 2013, "numero": 1761, "tipo__sigla": "IND", "tipo__descricao": "Indica\u00e7\u00e3o/Pedido de Provid\u00eancias", "autoria__autor__nome": "JorgeTatsch", "texto_original": "https://sapl.camaranh.rs.gov.br/media/sapl/public/materialegislativa/2013/22954/22954_texto_integral.odt", "ementa": "Solicita troca de canos e revis\u00e3o na Rua Terra Nossa, em frente ao n\u00ba 20, no Bairro Santo Afonso."}, {"id": 22956, "ano": 2013, "numero": 1762, "tipo__sigla": "IND", "tipo__descricao": "Indica\u00e7\u00e3o/Pedido de Provid\u00eancias", "autoria__autor__nome": "Enfermeiro Vilmar", "texto_original": "https://sapl.camaranh.rs.gov.br/media/sapl/public/materialegislativa/2013/22956/22956_texto_integral.odt", "ementa": "Solicita troca de canos e limpeza do local na Rua N\u00e1poles, n\u00ba181, em frente \u00e0 Igreja Sagrado Cora\u00e7\u00e3o de Jesus, no Bairro Canudos."}, {"id": 22957, "ano": 2013, "numero": 1763, "tipo__sigla": "IND", "tipo__descricao": "Indica\u00e7\u00e3o/Pedido de Provid\u00eancias", "autoria__autor__nome": "Enfermeiro Vilmar", "texto_original": "https://sapl.camaranh.rs.gov.br/media/sapl/public/materialegislativa/2013/22957/22957_texto_integral.odt", "ementa": "Solicita troca de canos e limpeza do bueiro, na Rua Presidente Jo\u00e3o Goulart n\u00ba 447, no Bairro Canudos."}, {"id": 22958, "ano": 2013, "numero": 1764, "tipo__sigla": "IND", "tipo__descricao": "Indica\u00e7\u00e3o/Pedido de Provid\u00eancias", "autoria__autor__nome": "JorgeTatsch", "texto_original": "https://sapl.camaranh.rs.gov.br/media/sapl/public/materialegislativa/2013/22958/22958_texto_integral.odt", "ementa": "Solicita coloca\u00e7\u00e3o da grade de prote\u00e7\u00e3o nas bocas-de-lobo na Rua Leopoldo Wasum, em sua extens\u00e3o, no Bairro Santo Afonso."}, {"id": 22959, "ano": 2013, "numero": 1765, "tipo__sigla": "IND", "tipo__descricao": "Indica\u00e7\u00e3o/Pedido de Provid\u00eancias", "autoria__autor__nome": "Patr\u00edcia Beck", "texto_original": "https://sapl.camaranh.rs.gov.br/media/sapl/public/materialegislativa/2013/22959/22959_texto_integral.odt", "ementa": "Solicita revitaliza\u00e7\u00e3o da pintura de solo da sinaliza\u00e7\u00e3o de tr\u00e2nsito, localizada na Rua Jo\u00e3o Pessoa, esquina com a Av. Pedro Adams Filho, no Bairro P\u00e1tria Nova."}, {"id": 22960, "ano": 2013, "numero": 1766, "tipo__sigla": "IND", "tipo__descricao": "Indica\u00e7\u00e3o/Pedido de Provid\u00eancias", "autoria__autor__nome": "Patr\u00edcia Beck", "texto_original": "https://sapl.camaranh.rs.gov.br/media/sapl/public/materialegislativa/2013/22960/22960_texto_integral.odt", "ementa": "Solicita opera\u00e7\u00e3o tapa-buracos na Rua Dr. Magalh\u00e3es Calvet, esquina com a Rua Joaquim Nabuco, no Bairro Centro."}, {"id": 22961, "ano": 2013, "numero": 1767, "tipo__sigla": "IND", "tipo__descricao": "Indica\u00e7\u00e3o/Pedido de Provid\u00eancias", "autoria__autor__nome": "Patr\u00edcia Beck", "texto_original": "https://sapl.camaranh.rs.gov.br/media/sapl/public/materialegislativa/2013/22961/22961_texto_integral.odt", "ementa": "Solicita recolhimento de galhos, localizados junto \u00e0 Rua Marques de Abrantes, entre os n\u00fameros 103 e 106, no Bairro S\u00e3o Jorge."}, {"id": 22962, "ano": 2013, "numero": 1768, "tipo__sigla": "IND", "tipo__descricao": "Indica\u00e7\u00e3o/Pedido de Provid\u00eancias", "autoria__autor__nome": "Patr\u00edcia Beck", "texto_original": "https://sapl.camaranh.rs.gov.br/media/sapl/public/materialegislativa/2013/22962/22962_texto_integral.odt", "ementa": "Solicita revitaliza\u00e7\u00e3o da pintura de solo da sinaliza\u00e7\u00e3o de tr\u00e2nsito localizada na Rua Flores da Cunha, esquina com a Av. Pedro Adams Filho, no Bairro P\u00e1tria Nova."}, {"id": 22963, "ano": 2013, "numero": 1769, "tipo__sigla": "IND", "tipo__descricao": "Indica\u00e7\u00e3o/Pedido de Provid\u00eancias", "autoria__autor__nome": "Patr\u00edcia Beck", "texto_original": "https://sapl.camaranh.rs.gov.br/media/sapl/public/materialegislativa/2013/22963/22963_texto_integral.odt", "ementa": "Solicita revitaliza\u00e7\u00e3o da faixa de pedestres, localizada na Rua Santa Rita, esquina com a Av. Pedro Adams Filho,  no Bairro Industrial."}, {"id": 22964, "ano": 2013, "numero": 1770, "tipo__sigla": "IND", "tipo__descricao": "Indica\u00e7\u00e3o/Pedido de Provid\u00eancias", "autoria__autor__nome": "Patr\u00edcia Beck", "texto_original": "https://sapl.camaranh.rs.gov.br/media/sapl/public/materialegislativa/2013/22964/22964_texto_integral.odt", "ementa": "Solicita a revitaliza\u00e7\u00e3o da pintura de solo da sinaliza\u00e7\u00e3o de tr\u00e2nsito localizada na Rua Dr. Magalh\u00e3es Calvet, esquina com a Rua Joaquim Nabuco, no Bairro Centro."}, {"id": 22965, "ano": 2013, "numero": 1771, "tipo__sigla": "IND", "tipo__descricao": "Indica\u00e7\u00e3o/Pedido de Provid\u00eancias", "autoria__autor__nome": "Patr\u00edcia Beck", "texto_original": "https://sapl.camaranh.rs.gov.br/media/sapl/public/materialegislativa/2013/22965/22965_texto_integral.odt", "ementa": "Solicita recapeamento asf\u00e1ltico da Rua Punta Arenas, no Bairro Santo Afonso."}, {"id": 22966, "ano": 2013, "numero": 1772, "tipo__sigla": "IND", "tipo__descricao": "Indica\u00e7\u00e3o/Pedido de Provid\u00eancias", "autoria__autor__nome": "Patr\u00edcia Beck", "texto_original": "https://sapl.camaranh.rs.gov.br/media/sapl/public/materialegislativa/2013/22966/22966_texto_integral.odt", "ementa": "Solicita a revitaliza\u00e7\u00e3o da pintura de solo da sinaliza\u00e7\u00e3o de tr\u00e2nsito localizada na Av. Pedro Adams Filho, esquina com a Rua Oswaldo Aranha, no Bairro P\u00e1tria Nova."}, {"id": 22967, "ano": 2013, "numero": 1773, "tipo__sigla": "IND", "tipo__descricao": "Indica\u00e7\u00e3o/Pedido de Provid\u00eancias", "autoria__autor__nome": "Patr\u00edcia Beck", "texto_original": "https://sapl.camaranh.rs.gov.br/media/sapl/public/materialegislativa/2013/22967/22967_texto_integral.odt", "ementa": "Solicita opera\u00e7\u00e3o tapa-buracos na Rua Tr\u00eas de Outubro, esquina com a Av. Pedro Adams Filho, no Bairro Ideal."}, {"id": 22968, "ano": 2013, "numero": 1774, "tipo__sigla": "IND", "tipo__descricao": "Indica\u00e7\u00e3o/Pedido de Provid\u00eancias", "autoria__autor__nome": "Patr\u00edcia Beck", "texto_original": "https://sapl.camaranh.rs.gov.br/media/sapl/public/materialegislativa/2013/22968/22968_texto_integral.odt", "ementa": "Solicita a revitaliza\u00e7\u00e3o da pintura de solo da sinaliza\u00e7\u00e3o de tr\u00e2nsito localizada na Av. Primeiro de Mar\u00e7o, esquina com a Rua Tapes, no Bairro Centro."}, {"id": 22969, "ano": 2013, "numero": 1775, "tipo__sigla": "IND", "tipo__descricao": "Indica\u00e7\u00e3o/Pedido de Provid\u00eancias", "autoria__autor__nome": "Patr\u00edcia Beck", "texto_original": "https://sapl.camaranh.rs.gov.br/media/sapl/public/materialegislativa/2013/22969/22969_texto_integral.odt", "ementa": "Solicita recapeamento asf\u00e1ltico da Rua   Lima, no Bairro Santo Afonso."}, {"id": 22970, "ano": 2013, "numero": 1776, "tipo__sigla": "IND", "tipo__descricao": "Indica\u00e7\u00e3o/Pedido de Provid\u00eancias", "autoria__autor__nome": "Patr\u00edcia Beck", "texto_original": "https://sapl.camaranh.rs.gov.br/media/sapl/public/materialegislativa/2013/22970/22970_texto_integral.odt", "ementa": "Solicita fechamento das laterais e fundo do abrigo de \u00f4nibus, localizado na Av. Pedro Adams Filho, entre os n\u00fameros 2860 e 2918, no Bairro Ouro Branco."}, {"id": 22971, "ano": 2013, "numero": 1777, "tipo__sigla": "IND", "tipo__descricao": "Indica\u00e7\u00e3o/Pedido de Provid\u00eancias", "autoria__autor__nome": "Patr\u00edcia Beck", "texto_original": "https://sapl.camaranh.rs.gov.br/media/sapl/public/materialegislativa/2013/22971/22971_texto_integral.odt", "ementa": "Solicita recapeamento asf\u00e1ltico da Avenida  Montevid\u00e9o, no Bairro Santo Afonso."}, {"id": 22972, "ano": 2013, "numero": 1778, "tipo__sigla": "IND", "tipo__descricao": "Indica\u00e7\u00e3o/Pedido de Provid\u00eancias", "autoria__autor__nome": "Sergio Hanich", "texto_original": "https://sapl.camaranh.rs.gov.br/media/sapl/public/materialegislativa/2013/22972/22972_texto_integral.odt", "ementa": "Intima\u00e7\u00e3o do propriet\u00e1rio do terreno na Av. Na\u00e7\u00f5es Unidas ao lado do n\u00ba 5590, bairro Industrial. "}, {"id": 22973, "ano": 2013, "numero": 1779, "tipo__sigla": "IND", "tipo__descricao": "Indica\u00e7\u00e3o/Pedido de Provid\u00eancias", "autoria__autor__nome": "Patr\u00edcia Beck", "texto_original": "https://sapl.camaranh.rs.gov.br/media/sapl/public/materialegislativa/2013/22973/22973_texto_integral.odt", "ementa": "Solicita o recapeamento asf\u00e1ltico da Rua Val Para\u00edso, no Bairro Santo Afonso."}, {"id": 22974, "ano": 2013, "numero": 1780, "tipo__sigla": "IND", "tipo__descricao": "Indica\u00e7\u00e3o/Pedido de Provid\u00eancias", "autoria__autor__nome": "Patr\u00edcia Beck", "texto_original": "https://sapl.camaranh.rs.gov.br/media/sapl/public/materialegislativa/2013/22974/22974_texto_integral.odt", "ementa": "Solicita coloca\u00e7\u00e3o de placa de identifica\u00e7\u00e3o de logradouros na esquina das Ruas Santa B\u00e1rbara com Arlindo Pasqualini, no Bairro Vila Nova."}, {"id": 22975, "ano": 2013, "numero": 1781, "tipo__sigla": "IND", "tipo__descricao": "Indica\u00e7\u00e3o/Pedido de Provid\u00eancias", "autoria__autor__nome": "Patr\u00edcia Beck", "texto_original": "https://sapl.camaranh.rs.gov.br/media/sapl/public/materialegislativa/2013/22975/22975_texto_integral.odt", "ementa": "Solicita limpeza do terreno baldio situado junto \u00e0 Rua Dr. Sim\u00f5es Lopes, ao lado do n\u00famero 666, no Bairro Liberdade."}, {"id": 22976, "ano": 2013, "numero": 1782, "tipo__sigla": "IND", "tipo__descricao": "Indica\u00e7\u00e3o/Pedido de Provid\u00eancias", "autoria__autor__nome": "Patr\u00edcia Beck", "texto_original": "https://sapl.camaranh.rs.gov.br/media/sapl/public/materialegislativa/2013/22976/22976_texto_integral.odt", "ementa": "Solicita o conserto da cal\u00e7ada danificada pelo conserto da boca-de-lobo, situada junto \u00e0 Rua Heron Domingues, em frente ao n\u00famero 161 (Capela S\u00e3o Paulo), no Bairro Canudos."}, {"id": 22977, "ano": 2013, "numero": 1783, "tipo__sigla": "IND", "tipo__descricao": "Indica\u00e7\u00e3o/Pedido de Provid\u00eancias", "autoria__autor__nome": "Patr\u00edcia Beck", "texto_original": "https://sapl.camaranh.rs.gov.br/media/sapl/public/materialegislativa/2013/22977/22977_texto_integral.odt", "ementa": "Solicita o recapeamento asf\u00e1ltico da Rua \u00cdcaro, no trecho compreendido entre as Ruas Vereador Oscar Horn e Paganini, no Bairro Canudos."}, {"id": 22978, "ano": 2013, "numero": 1784, "tipo__sigla": "IND", "tipo__descricao": "Indica\u00e7\u00e3o/Pedido de Provid\u00eancias", "autoria__autor__nome": "Patr\u00edcia Beck", "texto_original": "https://sapl.camaranh.rs.gov.br/media/sapl/public/materialegislativa/2013/22978/22978_texto_integral.odt", "ementa": "Solicita o recapeamento asf\u00e1ltico da Rua Bartolomeu de Gusm\u00e3o, em toda a sua extens\u00e3o, no Bairro Canudos."}, {"id": 22979, "ano": 2013, "numero": 1785, "tipo__sigla": "IND", "tipo__descricao": "Indica\u00e7\u00e3o/Pedido de Provid\u00eancias", "autoria__autor__nome": "Antonio Lucas", "texto_original": "https://sapl.camaranh.rs.gov.br/media/sapl/public/materialegislativa/2013/22979/22979_texto_integral.odt", "ementa": "Solicita patrolamento e  coloca\u00e7\u00e3o de britas na Travessa Dois, esquina com a Rua Gua\u00edba, Vila Redentora, Bairro S\u00e3o Jos\u00e9.  "}, {"id": 22983, "ano": 2013, "numero": 1786, "tipo__sigla": "IND", "tipo__descricao": "Indica\u00e7\u00e3o/Pedido de Provid\u00eancias", "autoria__autor__nome": "Cristiano Coller", "texto_original": "https://sapl.camaranh.rs.gov.br/media/sapl/public/materialegislativa/2013/22983/22983_texto_integral.odt", "ementa": "Solicita instala\u00e7\u00e3o de lumin\u00e1ria com haste, na Rua Travess\u00e3o,  em frente ao n\u00ba 435, no Bairro Rond\u00f4nia."}, {"id": 22984, "ano": 2013, "numero": 1787, "tipo__sigla": "IND", "tipo__descricao": "Indica\u00e7\u00e3o/Pedido de Provid\u00eancias", "autoria__autor__nome": "Cristiano Coller", "texto_original": "https://sapl.camaranh.rs.gov.br/media/sapl/public/materialegislativa/2013/22984/22984_texto_integral.odt", "ementa": "Solicita instala\u00e7\u00e3o de redutor velocidade (quebra-molas) pr\u00f3ximo a Escola Municipal Educa\u00e7\u00e3o Infantil Bela Adormecida, Bairro Rond\u00f4nia. "}, {"id": 22985, "ano": 2013, "numero": 1788, "tipo__sigla": "IND", "tipo__descricao": "Indica\u00e7\u00e3o/Pedido de Provid\u00eancias", "autoria__autor__nome": "Inspetor Luz", "texto_original": "https://sapl.camaranh.rs.gov.br/media/sapl/public/materialegislativa/2013/22985/22985_texto_integral.odt", "ementa": "Solicita opera\u00e7\u00e3o tapa-buracos em toda a extens\u00e3o da Rua Lucas de Oliveira, Bairro Centro."}, {"id": 22986, "ano": 2013, "numero": 1789, "tipo__sigla": "IND", "tipo__descricao": "Indica\u00e7\u00e3o/Pedido de Provid\u00eancias", "autoria__autor__nome": "Inspetor Luz", "texto_original": "https://sapl.camaranh.rs.gov.br/media/sapl/public/materialegislativa/2013/22986/22986_texto_integral.odt", "ementa": "Solicita opera\u00e7\u00e3o tapa-buracos em toda extens\u00e3o da Rua Dublim, Bairro Canudos."}, {"id": 22988, "ano": 2013, "numero": 1790, "tipo__sigla": "IND", "tipo__descricao": "Indica\u00e7\u00e3o/Pedido de Provid\u00eancias", "autoria__autor__nome": "Inspetor Luz", "texto_original": "https://sapl.camaranh.rs.gov.br/media/sapl/public/materialegislativa/2013/22988/22988_texto_integral.odt", "ementa": "Solicita opera\u00e7\u00e3o tapa-buracos em toda extens\u00e3o da Rua Cairo, Bairro Canudos."}, {"id": 22989, "ano": 2013, "numero": 1791, "tipo__sigla": "IND", "tipo__descricao": "Indica\u00e7\u00e3o/Pedido de Provid\u00eancias", "autoria__autor__nome": "Inspetor Luz", "texto_original": "https://sapl.camaranh.rs.gov.br/media/sapl/public/materialegislativa/2013/22989/22989_texto_integral.odt", "ementa": "Solicita opera\u00e7\u00e3o tapa-buracos em toda extens\u00e3o da Rua Bom Princ\u00edpio, Bairro Canudos."}, {"id": 22990, "ano": 2013, "numero": 1792, "tipo__sigla": "IND", "tipo__descricao": "Indica\u00e7\u00e3o/Pedido de Provid\u00eancias", "autoria__autor__nome": "Inspetor Luz", "texto_original": "https://sapl.camaranh.rs.gov.br/media/sapl/public/materialegislativa/2013/22990/22990_texto_integral.odt", "ementa": "Solicita opera\u00e7\u00e3o tapa-buracos em toda extens\u00e3o da Rua Berlim, Bairro Canudos."}, {"id": 22991, "ano": 2013, "numero": 1793, "tipo__sigla": "IND", "tipo__descricao": "Indica\u00e7\u00e3o/Pedido de Provid\u00eancias", "autoria__autor__nome": "Inspetor Luz", "texto_original": "https://sapl.camaranh.rs.gov.br/media/sapl/public/materialegislativa/2013/22991/22991_texto_integral.odt", "ementa": "Solicita opera\u00e7\u00e3o tapa-buracos em toda extens\u00e3o da Rua Augusto Jung, Bairro Centro."}, {"id": 22992, "ano": 2013, "numero": 1794, "tipo__sigla": "IND", "tipo__descricao": "Indica\u00e7\u00e3o/Pedido de Provid\u00eancias", "autoria__autor__nome": "Inspetor Luz", "texto_original": "https://sapl.camaranh.rs.gov.br/media/sapl/public/materialegislativa/2013/22992/22992_texto_integral.odt", "ementa": "Solicita opera\u00e7\u00e3o tapa-buracos em toda extens\u00e3o da Rua Atenas, Bairro Canudos."}, {"id": 22993, "ano": 2013, "numero": 1795, "tipo__sigla": "IND", "tipo__descricao": "Indica\u00e7\u00e3o/Pedido de Provid\u00eancias", "autoria__autor__nome": "Inspetor Luz", "texto_original": "https://sapl.camaranh.rs.gov.br/media/sapl/public/materialegislativa/2013/22993/22993_texto_integral.odt", "ementa": "Solicita opera\u00e7\u00e3o tapa-buracos em toda extens\u00e3o da Rua Ana Terra, Bairro Canudos."}, {"id": 22994, "ano": 2013, "numero": 1796, "tipo__sigla": "IND", "tipo__descricao": "Indica\u00e7\u00e3o/Pedido de Provid\u00eancias", "autoria__autor__nome": "Inspetor Luz", "texto_original": "https://sapl.camaranh.rs.gov.br/media/sapl/public/materialegislativa/2013/22994/22994_texto_integral.odt", "ementa": "Solicita opera\u00e7\u00e3o tapa-buracos em toda extens\u00e3o da Avenida Reynaldo Kayser, Bairro Canudos."}, {"id": 22995, "ano": 2013, "numero": 1797, "tipo__sigla": "IND", "tipo__descricao": "Indica\u00e7\u00e3o/Pedido de Provid\u00eancias", "autoria__autor__nome": "Inspetor Luz", "texto_original": "https://sapl.camaranh.rs.gov.br/media/sapl/public/materialegislativa/2013/22995/22995_texto_integral.odt", "ementa": "Solicita capina e limpeza do passeio p\u00fablico junto ao meio-fio em toda extens\u00e3o da Rua Tr\u00eas Passos, Bairro Guarani."}, {"id": 22996, "ano": 2013, "numero": 1798, "tipo__sigla": "IND", "tipo__descricao": "Indica\u00e7\u00e3o/Pedido de Provid\u00eancias", "autoria__autor__nome": "Inspetor Luz", "texto_original": "https://sapl.camaranh.rs.gov.br/media/sapl/public/materialegislativa/2013/22996/22996_texto_integral.odt", "ementa": "Solicita capina e limpeza do passeio p\u00fablico junto ao meio-fio em toda extens\u00e3o da Avenida Reynaldo Kayser, Bairro Canudos."}, {"id": 22997, "ano": 2013, "numero": 1799, "tipo__sigla": "IND", "tipo__descricao": "Indica\u00e7\u00e3o/Pedido de Provid\u00eancias", "autoria__autor__nome": "Inspetor Luz", "texto_original": "https://sapl.camaranh.rs.gov.br/media/sapl/public/materialegislativa/2013/22997/22997_texto_integral.odt", "ementa": "Solicita amplia\u00e7\u00e3o da rede de ilumina\u00e7\u00e3o p\u00fablica e substitui\u00e7\u00e3o das l\u00e2mpadas por outras de vapor de s\u00f3dio em toda extens\u00e3o da Rua Otto Pilger, Bairro Guarani."}, {"id": 22998, "ano": 2013, "numero": 1800, "tipo__sigla": "IND", "tipo__descricao": "Indica\u00e7\u00e3o/Pedido de Provid\u00eancias", "autoria__autor__nome": "Inspetor Luz", "texto_original": "https://sapl.camaranh.rs.gov.br/media/sapl/public/materialegislativa/2013/22998/22998_texto_integral.odt", "ementa": "Solicita amplia\u00e7\u00e3o da rede de ilumina\u00e7\u00e3o p\u00fablica e substitui\u00e7\u00e3o das l\u00e2mpadas por outras de vapor de s\u00f3dio em toda extens\u00e3o da Rua Itajuba, Bairro S\u00e3o Jorge."}, {"id": 22999, "ano": 2013, "numero": 1801, "tipo__sigla": "IND", "tipo__descricao": "Indica\u00e7\u00e3o/Pedido de Provid\u00eancias", "autoria__autor__nome": "Inspetor Luz", "texto_original": "https://sapl.camaranh.rs.gov.br/media/sapl/public/materialegislativa/2013/22999/22999_texto_integral.odt", "ementa": "Solicita amplia\u00e7\u00e3o da rede de ilumina\u00e7\u00e3o p\u00fablica e substitui\u00e7\u00e3o das l\u00e2mpadas por outras de vapor de s\u00f3dio em toda extens\u00e3o da Rua Gravata\u00ed, Bairro Guarani."}, {"id": 23000, "ano": 2013, "numero": 1802, "tipo__sigla": "IND", "tipo__descricao": "Indica\u00e7\u00e3o/Pedido de Provid\u00eancias", "autoria__autor__nome": "Inspetor Luz", "texto_original": "https://sapl.camaranh.rs.gov.br/media/sapl/public/materialegislativa/2013/23000/23000_texto_integral.odt", "ementa": "Solicita amplia\u00e7\u00e3o da rede de ilumina\u00e7\u00e3o p\u00fablica e substitui\u00e7\u00e3o das l\u00e2mpadas por outras de vapor de s\u00f3dio em toda extens\u00e3o da Rua Alvarenga, Bairro S\u00e3o Jorge."}, {"id": 23001, "ano": 2013, "numero": 1803, "tipo__sigla": "IND", "tipo__descricao": "Indica\u00e7\u00e3o/Pedido de Provid\u00eancias", "autoria__autor__nome": "Raul Cassel", "texto_original": "https://sapl.camaranh.rs.gov.br/media/sapl/public/materialegislativa/2013/23001/23001_texto_integral.odt", "ementa": "Solicita pavimenta\u00e7\u00e3o asf\u00e1ltica na Estrada do Walahay, em Lomba Grande."}, {"id": 23003, "ano": 2013, "numero": 1804, "tipo__sigla": "IND", "tipo__descricao": "Indica\u00e7\u00e3o/Pedido de Provid\u00eancias", "autoria__autor__nome": "Professor Issur Koch", "texto_original": "https://sapl.camaranh.rs.gov.br/media/sapl/public/materialegislativa/2013/23003/23003_texto_integral.odt", "ementa": "Solicita retirada de \u00e1rvore ca\u00edda no passeio p\u00fablico na Avenida Na\u00e7\u00f5es Unidas, em frente ao terreno baldio, ao lado do n\u00ba 1230."}, {"id": 23004, "ano": 2013, "numero": 1805, "tipo__sigla": "IND", "tipo__descricao": "Indica\u00e7\u00e3o/Pedido de Provid\u00eancias", "autoria__autor__nome": "Professor Issur Koch", "texto_original": "https://sapl.camaranh.rs.gov.br/media/sapl/public/materialegislativa/2013/23004/23004_texto_integral.odt", "ementa": "Solicita com urg\u00eancia o patrolamento da Rua 2 - Loteamento COOPSERV, no Bairro Lomba Grande."}, {"id": 23005, "ano": 2013, "numero": 1806, "tipo__sigla": "IND", "tipo__descricao": "Indica\u00e7\u00e3o/Pedido de Provid\u00eancias", "autoria__autor__nome": "JorgeTatsch", "texto_original": "https://sapl.camaranh.rs.gov.br/media/sapl/public/materialegislativa/2013/23005/23005_texto_integral.odt", "ementa": "Solicita pintura do meio-fio em toda a extens\u00e3o da Rua Leopoldo Wasum, no Bairro Santo Afonso."}, {"id": 23006, "ano": 2013, "numero": 1807, "tipo__sigla": "IND", "tipo__descricao": "Indica\u00e7\u00e3o/Pedido de Provid\u00eancias", "autoria__autor__nome": "JorgeTatsch", "texto_original": "https://sapl.camaranh.rs.gov.br/media/sapl/public/materialegislativa/2013/23006/23006_texto_integral.odt", "ementa": "Solicita a instala\u00e7\u00e3o de c\u00e2mera de vigil\u00e2ncia na Rua Leopoldo Wasum, Bairro Santo Afonso."}, {"id": 23007, "ano": 2013, "numero": 1808, "tipo__sigla": "IND", "tipo__descricao": "Indica\u00e7\u00e3o/Pedido de Provid\u00eancias", "autoria__autor__nome": "JorgeTatsch", "texto_original": "https://sapl.camaranh.rs.gov.br/media/sapl/public/materialegislativa/2013/23007/23007_texto_integral.odt", "ementa": "Solicita reparo no meio-fio na Av. Montevideo, em frente ao n\u00ba 166, Bairro Santo Afonso."}, {"id": 23009, "ano": 2013, "numero": 1809, "tipo__sigla": "IND", "tipo__descricao": "Indica\u00e7\u00e3o/Pedido de Provid\u00eancias", "autoria__autor__nome": "JorgeTatsch", "texto_original": "https://sapl.camaranh.rs.gov.br/media/sapl/public/materialegislativa/2013/23009/23009_texto_integral.odt", "ementa": "Solicita coloca\u00e7\u00e3o de uma parada de \u00f4nibus na Rua Chavantes, em frente ao n\u00ba 351, no Bairro Liberdade."}, {"id": 23010, "ano": 2013, "numero": 1810, "tipo__sigla": "IND", "tipo__descricao": "Indica\u00e7\u00e3o/Pedido de Provid\u00eancias", "autoria__autor__nome": "Luiz Fernando Farias", "texto_original": "https://sapl.camaranh.rs.gov.br/media/sapl/public/materialegislativa/2013/23010/23010_texto_integral.odt", "ementa": "Solicita  implanta\u00e7\u00e3o de redutor de velocidade (lombada) na Av. Pedro Adams Filho, nas proximidades do n\u00ba 2428, sentido centro/bairro e n\u00ba 2408, sentido bairro/centro, no Bairro Ouro Branco."}, {"id": 23011, "ano": 2013, "numero": 1811, "tipo__sigla": "IND", "tipo__descricao": "Indica\u00e7\u00e3o/Pedido de Provid\u00eancias", "autoria__autor__nome": "Sergio Hanich", "texto_original": "https://sapl.camaranh.rs.gov.br/media/sapl/public/materialegislativa/2013/23011/23011_texto_integral.odt", "ementa": "Solicita coloca\u00e7\u00e3o de redutor de velocidade e sinaliza\u00e7\u00e3o de tr\u00e2nsito eficaz na Rua Nobel, trecho entre as Ruas Campo Bom e Guilherme Vielitz, Bairro Canudos. "}, {"id": 23012, "ano": 2013, "numero": 1812, "tipo__sigla": "IND", "tipo__descricao": "Indica\u00e7\u00e3o/Pedido de Provid\u00eancias", "autoria__autor__nome": "Sergio Hanich", "texto_original": "https://sapl.camaranh.rs.gov.br/media/sapl/public/materialegislativa/2013/23012/23012_texto_integral.odt", "ementa": "Solicita coloca\u00e7\u00e3o de grade na caixa de esgoto no meio da pista da Rua Jos\u00e9  Pl\u00e1cido de Castro, nas proximidades do n\u00ba 361, Bairro Canudos."}, {"id": 23013, "ano": 2013, "numero": 1813, "tipo__sigla": "IND", "tipo__descricao": "Indica\u00e7\u00e3o/Pedido de Provid\u00eancias", "autoria__autor__nome": "Sergio Hanich", "texto_original": "https://sapl.camaranh.rs.gov.br/media/sapl/public/materialegislativa/2013/23013/23013_texto_integral.odt", "ementa": "Solicita limpeza do arroio Luiz Rau, no trecho entre as Ruas Rinc\u00e3o e Jos\u00e9 do Patroc\u00ednio, Bairro  Vila Rosa. "}, {"id": 23014, "ano": 2013, "numero": 1814, "tipo__sigla": "IND", "tipo__descricao": "Indica\u00e7\u00e3o/Pedido de Provid\u00eancias", "autoria__autor__nome": "Sergio Hanich", "texto_original": "https://sapl.camaranh.rs.gov.br/media/sapl/public/materialegislativa/2013/23014/23014_texto_integral.odt", "ementa": "Solicita estudo de viabilidade para coloca\u00e7\u00e3o de rotat\u00f3ria com tach\u00f5es, na Rua Caxias do Sul, no acesso ao Super Rissul, Bairro Rinc\u00e3o. "}, {"id": 23017, "ano": 2013, "numero": 1815, "tipo__sigla": "IND", "tipo__descricao": "Indica\u00e7\u00e3o/Pedido de Provid\u00eancias", "autoria__autor__nome": "COSDE - Comiss\u00e3o de Sa\u00fade", "texto_original": "https://sapl.camaranh.rs.gov.br/media/sapl/public/materialegislativa/2013/23017/23017_texto_integral.odt", "ementa": "Sugere a elabora\u00e7\u00e3o de projeto de lei para puni\u00e7\u00e3o dos mun\u00edcipes que desrespeitem as recomenda\u00e7\u00f5es da fiscaliza\u00e7\u00e3o da vigil\u00e2ncia sanit\u00e1ria para a manuten\u00e7\u00e3o de seus p\u00e1tios limpos, para manter a popula\u00e7\u00e3o longe dos focos da dengue."}, {"id": 23019, "ano": 2013, "numero": 1816, "tipo__sigla": "IND", "tipo__descricao": "Indica\u00e7\u00e3o/Pedido de Provid\u00eancias", "autoria__autor__nome": "Professor Issur Koch", "texto_original": "https://sapl.camaranh.rs.gov.br/media/sapl/public/materialegislativa/2013/23019/23019_texto_integral.odt", "ementa": "Solicita estudo de viabilidade de implanta\u00e7\u00e3o de Posto Policial no Loteamento Residencial Novo Hamburgo, no Bairro Boa Sa\u00fade."}, {"id": 23020, "ano": 2013, "numero": 1817, "tipo__sigla": "IND", "tipo__descricao": "Indica\u00e7\u00e3o/Pedido de Provid\u00eancias", "autoria__autor__nome": "Professor Issur Koch", "texto_original": "https://sapl.camaranh.rs.gov.br/media/sapl/public/materialegislativa/2013/23020/23020_texto_integral.odt", "ementa": "Solicita estudo de viabilidade de implanta\u00e7\u00e3o de Academia ao Ar Livre na pra\u00e7a ao lado do Posto de Sa\u00fade, na Rua Floresta, no Bairro Boa Sa\u00fade."}, {"id": 23021, "ano": 2013, "numero": 1818, "tipo__sigla": "IND", "tipo__descricao": "Indica\u00e7\u00e3o/Pedido de Provid\u00eancias", "autoria__autor__nome": "Professor Issur Koch", "texto_original": "https://sapl.camaranh.rs.gov.br/media/sapl/public/materialegislativa/2013/23021/23021_texto_integral.odt", "ementa": "Solicita poda ou redu\u00e7\u00e3o da copa da \u00e1rvore situada na Rua Marc\u00edlio Dias, em frente ao n\u00ba 1368, no Bairro Centro. "}, {"id": 23023, "ano": 2013, "numero": 1819, "tipo__sigla": "IND", "tipo__descricao": "Indica\u00e7\u00e3o/Pedido de Provid\u00eancias", "autoria__autor__nome": "Professor Issur Koch", "texto_original": "https://sapl.camaranh.rs.gov.br/media/sapl/public/materialegislativa/2013/23023/23023_texto_integral.odt", "ementa": "Solicita retirada de entulho do beco da Rua Tucano, no Bairro Jardim Mau\u00e1."}, {"id": 23024, "ano": 2013, "numero": 1820, "tipo__sigla": "IND", "tipo__descricao": "Indica\u00e7\u00e3o/Pedido de Provid\u00eancias", "autoria__autor__nome": "Professor Issur Koch", "texto_original": "https://sapl.camaranh.rs.gov.br/media/sapl/public/materialegislativa/2013/23024/23024_texto_integral.odt", "ementa": "Solicita regulariza\u00e7\u00e3o do passeio p\u00fablico situado na Rua Carioca, esquina com a Rua Visconde do Herval."}, {"id": 23025, "ano": 2013, "numero": 1821, "tipo__sigla": "IND", "tipo__descricao": "Indica\u00e7\u00e3o/Pedido de Provid\u00eancias", "autoria__autor__nome": "Professor Issur Koch", "texto_original": "https://sapl.camaranh.rs.gov.br/media/sapl/public/materialegislativa/2013/23025/23025_texto_integral.odt", "ementa": "Solicita coloca\u00e7\u00e3o de tampa de bueiro e retirada de vegeta\u00e7\u00e3o existente no mesmo, na Rua Visconde do Herval com a Rua Carioca, no Bairro Jardim Mau\u00e1."}, {"id": 23026, "ano": 2013, "numero": 1822, "tipo__sigla": "IND", "tipo__descricao": "Indica\u00e7\u00e3o/Pedido de Provid\u00eancias", "autoria__autor__nome": "Professor Issur Koch", "texto_original": "https://sapl.camaranh.rs.gov.br/media/sapl/public/materialegislativa/2013/23026/23026_texto_integral.odt", "ementa": "Solicita limpeza de boca-de-lobo na Rua Santa Vit\u00f3ria do Palmar, esquina com a Rua Igrejinha, no Bairro Jardim Mau\u00e1."}, {"id": 23027, "ano": 2013, "numero": 1823, "tipo__sigla": "IND", "tipo__descricao": "Indica\u00e7\u00e3o/Pedido de Provid\u00eancias", "autoria__autor__nome": "Antonio Lucas", "texto_original": "https://sapl.camaranh.rs.gov.br/media/sapl/public/materialegislativa/2013/23027/23027_texto_integral.odt", "ementa": "Solicita constru\u00e7\u00e3o de uma pra\u00e7a na Travessa S\u00e3o Camilo, junto ao campo do Gr\u00eamio Esportivo 11 Ga\u00facho.  "}, {"id": 23028, "ano": 2013, "numero": 1824, "tipo__sigla": "IND", "tipo__descricao": "Indica\u00e7\u00e3o/Pedido de Provid\u00eancias", "autoria__autor__nome": "Patr\u00edcia Beck", "texto_original": "https://sapl.camaranh.rs.gov.br/media/sapl/public/materialegislativa/2013/23028/23028_texto_integral.odt", "ementa": "Sugere a confec\u00e7\u00e3o de mapas tur\u00edsticos de NH para distribuir aos visitantes de outras cidades."}, {"id": 23029, "ano": 2013, "numero": 1825, "tipo__sigla": "IND", "tipo__descricao": "Indica\u00e7\u00e3o/Pedido de Provid\u00eancias", "autoria__autor__nome": "Patr\u00edcia Beck", "texto_original": "https://sapl.camaranh.rs.gov.br/media/sapl/public/materialegislativa/2013/23029/23029_texto_integral.odt", "ementa": "Solicita espa\u00e7o na Esta\u00e7\u00e3o Santo Afonso aos prestadores de servi\u00e7os de Moto T\u00e1xi."}, {"id": 23030, "ano": 2013, "numero": 1826, "tipo__sigla": "IND", "tipo__descricao": "Indica\u00e7\u00e3o/Pedido de Provid\u00eancias", "autoria__autor__nome": "Gerson Peteffi", "texto_original": "https://sapl.camaranh.rs.gov.br/media/sapl/public/materialegislativa/2013/23030/23030_texto_integral.odt", "ementa": "Solicita rebaixamento de meio-fio na Av. 1\u00ba de Mar\u00e7o, ao lado do n\u00ba 805, Centro."}, {"id": 23031, "ano": 2013, "numero": 1827, "tipo__sigla": "IND", "tipo__descricao": "Indica\u00e7\u00e3o/Pedido de Provid\u00eancias", "autoria__autor__nome": "Sergio Hanich", "texto_original": "https://sapl.camaranh.rs.gov.br/media/sapl/public/materialegislativa/2013/23031/23031_texto_integral.odt", "ementa": "Solicita estudo de viabilidade para coloca\u00e7\u00e3o de  quebra-molas e/ou redutor de velocidade na Rua Domingos de Almeida, nas proximidades do n\u00ba 392, Bairro Centro."}, {"id": 23032, "ano": 2013, "numero": 1828, "tipo__sigla": "IND", "tipo__descricao": "Indica\u00e7\u00e3o/Pedido de Provid\u00eancias", "autoria__autor__nome": "Sergio Hanich", "texto_original": "https://sapl.camaranh.rs.gov.br/media/sapl/public/materialegislativa/2013/23032/23032_texto_integral.odt", "ementa": "Solicita recapeamento asf\u00e1ltico da Rua Sarandi, esquina com a Rua Arroio Grande, Bairro Jardim Mau\u00e1."}, {"id": 23033, "ano": 2013, "numero": 1829, "tipo__sigla": "IND", "tipo__descricao": "Indica\u00e7\u00e3o/Pedido de Provid\u00eancias", "autoria__autor__nome": "Sergio Hanich", "texto_original": "https://sapl.camaranh.rs.gov.br/media/sapl/public/materialegislativa/2013/23033/23033_texto_integral.odt", "ementa": "Solicita t\u00e9rmino da pavimenta\u00e7\u00e3o da Rua Quezon, trecho entre a Rua Campo Bom e Rua Carmem Miranda, Bairro Canudos."}, {"id": 23034, "ano": 2013, "numero": 1830, "tipo__sigla": "IND", "tipo__descricao": "Indica\u00e7\u00e3o/Pedido de Provid\u00eancias", "autoria__autor__nome": "Sergio Hanich", "texto_original": "https://sapl.camaranh.rs.gov.br/media/sapl/public/materialegislativa/2013/23034/23034_texto_integral.odt", "ementa": "Solicita estudo de viabilidade para coloca\u00e7\u00e3o de  quebra-molas, redutor de velocidade e/ou sinaliza\u00e7\u00e3o de tr\u00e2nsito eficaz na Rua Karl Schmidt nas proximidades do n\u00ba 439, Bairro Canudos."}, {"id": 23035, "ano": 2013, "numero": 1831, "tipo__sigla": "IND", "tipo__descricao": "Indica\u00e7\u00e3o/Pedido de Provid\u00eancias", "autoria__autor__nome": "Sergio Hanich", "texto_original": "https://sapl.camaranh.rs.gov.br/media/sapl/public/materialegislativa/2013/23035/23035_texto_integral.odt", "ementa": "Solicita instala\u00e7\u00e3o de aparelhos de &#8220;academia ao ar livre&#8221; na pra\u00e7a localizada na Rua Monteiro Lobato, esquina com Rua Renato Jos\u00e9 Blauth, Bairro S\u00e3o Jos\u00e9."}, {"id": 23036, "ano": 2013, "numero": 1832, "tipo__sigla": "IND", "tipo__descricao": "Indica\u00e7\u00e3o/Pedido de Provid\u00eancias", "autoria__autor__nome": "Sergio Hanich", "texto_original": "https://sapl.camaranh.rs.gov.br/media/sapl/public/materialegislativa/2013/23036/23036_texto_integral.odt", "ementa": "Solicita recoloca\u00e7\u00e3o de abrigo na parada de \u00f4nibus na Rua Caxias do Sul, em frente ao Super Rissul, Bairro Rinc\u00e3o."}, {"id": 23045, "ano": 2013, "numero": 1833, "tipo__sigla": "IND", "tipo__descricao": "Indica\u00e7\u00e3o/Pedido de Provid\u00eancias", "autoria__autor__nome": "JorgeTatsch", "texto_original": "https://sapl.camaranh.rs.gov.br/media/sapl/public/materialegislativa/2013/23045/23045_texto_integral.odt", "ementa": "Solicita amplia\u00e7\u00e3o do port\u00e3o de entrada da Escola Municipal de Ensino Fundamental Arnaldo Grin, localizada na Av. Montevideo, n\u00ba 902, no Bairro Santo Afonso."}, {"id": 23046, "ano": 2013, "numero": 1834, "tipo__sigla": "IND", "tipo__descricao": "Indica\u00e7\u00e3o/Pedido de Provid\u00eancias", "autoria__autor__nome": "JorgeTatsch", "texto_original": "https://sapl.camaranh.rs.gov.br/media/sapl/public/materialegislativa/2013/23046/23046_texto_integral.odt", "ementa": "Solicita coloca\u00e7\u00e3o de tampa de boca-de-lobo na Rua Jos\u00e9 Mayer Filho, em frente ao n\u00famero 76, Loteamento Na\u00e7\u00f5es Unidas, Bairro Santo Afonso.  "}, {"id": 23047, "ano": 2013, "numero": 1835, "tipo__sigla": "IND", "tipo__descricao": "Indica\u00e7\u00e3o/Pedido de Provid\u00eancias", "autoria__autor__nome": "JorgeTatsch", "texto_original": "https://sapl.camaranh.rs.gov.br/media/sapl/public/materialegislativa/2013/23047/23047_texto_integral.odt", "ementa": "Solicita vistoria para solucionar problema de l\u00e2mpada acesa diuturnamente na Rua Jos\u00e9 Mayer Filho, em frente ao n\u00famero 65, Bairro Santo Afonso."}, {"id": 23048, "ano": 2013, "numero": 1836, "tipo__sigla": "IND", "tipo__descricao": "Indica\u00e7\u00e3o/Pedido de Provid\u00eancias", "autoria__autor__nome": "JorgeTatsch", "texto_original": "https://sapl.camaranh.rs.gov.br/media/sapl/public/materialegislativa/2013/23048/23048_texto_integral.odt", "ementa": "Solicita coloca\u00e7\u00e3o de uma parada de \u00f4nibus na Rua Lima, em frente ao n\u00ba 68, no Bairro Santo Afonso."}, {"id": 23049, "ano": 2013, "numero": 1837, "tipo__sigla": "IND", "tipo__descricao": "Indica\u00e7\u00e3o/Pedido de Provid\u00eancias", "autoria__autor__nome": "JorgeTatsch", "texto_original": "https://sapl.camaranh.rs.gov.br/media/sapl/public/materialegislativa/2013/23049/23049_texto_integral.odt", "ementa": "Solicita limpeza do passeio p\u00fablico e recolhimento de lixo na Rua Jo\u00e3o Corr\u00eaa, em frente ao n\u00ba 176, Bairro Santo Afonso."}, {"id": 23050, "ano": 2013, "numero": 1838, "tipo__sigla": "IND", "tipo__descricao": "Indica\u00e7\u00e3o/Pedido de Provid\u00eancias", "autoria__autor__nome": "JorgeTatsch", "texto_original": "https://sapl.camaranh.rs.gov.br/media/sapl/public/materialegislativa/2013/23050/23050_texto_integral.odt", "ementa": "Solicita coloca\u00e7\u00e3o de um redutor de velocidade  na Av. Pedro Adams Filho, nas proximidades do n\u00ba 451, em frente ao Gin\u00e1sio dos Rodovi\u00e1rios, no Bairro Santo Afonso. "}, {"id": 23051, "ano": 2013, "numero": 1839, "tipo__sigla": "IND", "tipo__descricao": "Indica\u00e7\u00e3o/Pedido de Provid\u00eancias", "autoria__autor__nome": "JorgeTatsch", "texto_original": "https://sapl.camaranh.rs.gov.br/media/sapl/public/materialegislativa/2013/23051/23051_texto_integral.odt", "ementa": "Solicita limpeza de esgoto entupido na Rua Ant\u00f4nio Roberto Kroeff, em frente ao n\u00famero 932, Bairro Santo Afonso."}, {"id": 23052, "ano": 2013, "numero": 1840, "tipo__sigla": "IND", "tipo__descricao": "Indica\u00e7\u00e3o/Pedido de Provid\u00eancias", "autoria__autor__nome": "JorgeTatsch", "texto_original": "https://sapl.camaranh.rs.gov.br/media/sapl/public/materialegislativa/2013/23052/23052_texto_integral.odt", "ementa": "Solicita limpeza de esgoto entupido na Rua 44, esquina com a Rua Carlos Afonso Braunger, no Loteamento Na\u00e7\u00f5es Unidas, Bairro Santo Afonso."}, {"id": 23053, "ano": 2013, "numero": 1841, "tipo__sigla": "IND", "tipo__descricao": "Indica\u00e7\u00e3o/Pedido de Provid\u00eancias", "autoria__autor__nome": "Enfermeiro Vilmar", "texto_original": "https://sapl.camaranh.rs.gov.br/media/sapl/public/materialegislativa/2013/23053/23053_texto_integral.odt", "ementa": "Sugere ao Executivo a apresenta\u00e7\u00e3o de projeto de lei dispondo sobre o controle ambiental para a utiliza\u00e7\u00e3o de produtos e subprodutos de madeira de orgiem nativa em obras e servi\u00e7os de Engenharia Civil."}, {"id": 23054, "ano": 2013, "numero": 1842, "tipo__sigla": "IND", "tipo__descricao": "Indica\u00e7\u00e3o/Pedido de Provid\u00eancias", "autoria__autor__nome": "Inspetor Luz", "texto_original": "https://sapl.camaranh.rs.gov.br/media/sapl/public/materialegislativa/2013/23054/23054_texto_integral.odt", "ementa": "Solicita poda de \u00e1rvore e limpeza entre as Ruas Silveira Martins e Santa Catarina, Bairro Centro."}, {"id": 23056, "ano": 2013, "numero": 1843, "tipo__sigla": "IND", "tipo__descricao": "Indica\u00e7\u00e3o/Pedido de Provid\u00eancias", "autoria__autor__nome": "Inspetor Luz", "texto_original": "https://sapl.camaranh.rs.gov.br/media/sapl/public/materialegislativa/2013/23056/23056_texto_integral.odt", "ementa": "Solicita capina e limpeza do passeio p\u00fablico entre as Ruas Silveira Martins e Santa Catarina, Bairro Centro."}, {"id": 23057, "ano": 2013, "numero": 1844, "tipo__sigla": "IND", "tipo__descricao": "Indica\u00e7\u00e3o/Pedido de Provid\u00eancias", "autoria__autor__nome": "JorgeTatsch", "texto_original": "https://sapl.camaranh.rs.gov.br/media/sapl/public/materialegislativa/2013/23057/23057_texto_integral.odt", "ementa": "Solicita substitui\u00e7\u00e3o de canos de esgoto quebrados em toda a extens\u00e3o da Rua Plut\u00e3o,  Bairro Boa Sa\u00fade."}, {"id": 23059, "ano": 2013, "numero": 1845, "tipo__sigla": "IND", "tipo__descricao": "Indica\u00e7\u00e3o/Pedido de Provid\u00eancias", "autoria__autor__nome": "JorgeTatsch", "texto_original": "https://sapl.camaranh.rs.gov.br/media/sapl/public/materialegislativa/2013/23059/23059_texto_integral.odt", "ementa": "Solicita com URG\u00caNCIA a substitui\u00e7\u00e3o de l\u00e2mpadas queimadas na Pra\u00e7a Anildo Koch, Loteamento Novo na\u00e7\u00f5es Unidas, no Bairro Santo Afonso."}, {"id": 23062, "ano": 2013, "numero": 1846, "tipo__sigla": "IND", "tipo__descricao": "Indica\u00e7\u00e3o/Pedido de Provid\u00eancias", "autoria__autor__nome": "Cristiano Coller", "texto_original": "https://sapl.camaranh.rs.gov.br/media/sapl/public/materialegislativa/2013/23062/23062_texto_integral.odt", "ementa": "Solicita constru\u00e7\u00e3o de uma pra\u00e7a na Rua Alcido Osmar Klein, esquina com a Rua Arnaldo Schmidt, Loteamento Integra\u00e7\u00e3o, Lomba Grande."}, {"id": 23063, "ano": 2013, "numero": 1847, "tipo__sigla": "IND", "tipo__descricao": "Indica\u00e7\u00e3o/Pedido de Provid\u00eancias", "autoria__autor__nome": "Cristiano Coller", "texto_original": "https://sapl.camaranh.rs.gov.br/media/sapl/public/materialegislativa/2013/23063/23063_texto_integral.odt", "ementa": "Solicita opera\u00e7\u00e3o tapa-buracos na Rua Alemanha, esquina com a Rua Finl\u00e2ndia, Bairro Rinc\u00e3o."}, {"id": 23064, "ano": 2013, "numero": 1848, "tipo__sigla": "IND", "tipo__descricao": "Indica\u00e7\u00e3o/Pedido de Provid\u00eancias", "autoria__autor__nome": "Cristiano Coller", "texto_original": "https://sapl.camaranh.rs.gov.br/media/sapl/public/materialegislativa/2013/23064/23064_texto_integral.odt", "ementa": "Reitera o Pedido de Provid\u00eancias n\u00ba 117/2013,  que solicita recapeamento asf\u00e1ltico na extens\u00e3o da Rua Guia Lopes, entre a Av. Pedro Adams Filho e a Rua Santa Clara do Sul, no Bairro Santo Afonso."}, {"id": 23065, "ano": 2013, "numero": 1849, "tipo__sigla": "IND", "tipo__descricao": "Indica\u00e7\u00e3o/Pedido de Provid\u00eancias", "autoria__autor__nome": "Luiz Fernando Farias", "texto_original": "https://sapl.camaranh.rs.gov.br/media/sapl/public/materialegislativa/2013/23065/23065_texto_integral.odt", "ementa": "Solicita reconstru\u00e7\u00e3o da escadaria p\u00fablica  localizada na  Avenida Victor Hugo Kuntz, n\u00ba 1833, no  Bairro Hamburgo Velho."}, {"id": 23069, "ano": 2013, "numero": 1850, "tipo__sigla": "IND", "tipo__descricao": "Indica\u00e7\u00e3o/Pedido de Provid\u00eancias", "autoria__autor__nome": "Sergio Hanich", "texto_original": "https://sapl.camaranh.rs.gov.br/media/sapl/public/materialegislativa/2013/23069/23069_texto_integral.odt", "ementa": "Solicita estudo de viabilidade para coloca\u00e7\u00e3o de placa \"Permitido Carga e Descarga\", na av. Coronel Frederico Linck, entre os n\u00bas 1245 e 1265, Bairro Rio Branco."}, {"id": 23070, "ano": 2013, "numero": 1851, "tipo__sigla": "IND", "tipo__descricao": "Indica\u00e7\u00e3o/Pedido de Provid\u00eancias", "autoria__autor__nome": "Sergio Hanich", "texto_original": "https://sapl.camaranh.rs.gov.br/media/sapl/public/materialegislativa/2013/23070/23070_texto_integral.odt", "ementa": "Solicita retirada das placas de tr\u00e2nsito da Av. Pedro Adams Filho, em frente ao n\u00ba 1268, e   recoloca\u00e7\u00e3o das mesmas na Av. Pedro Adams Filho, em frente ao n\u00ba 1309, Bairro Industrial."}, {"id": 23071, "ano": 2013, "numero": 1852, "tipo__sigla": "IND", "tipo__descricao": "Indica\u00e7\u00e3o/Pedido de Provid\u00eancias", "autoria__autor__nome": "Gerson Peteffi", "texto_original": "https://sapl.camaranh.rs.gov.br/media/sapl/public/materialegislativa/2013/23071/23071_texto_integral.odt", "ementa": "Solicita limpeza de boca-de-lobo na Avenida 1\u00ba de Mar\u00e7o, esquina com a Rua Henrique Gaertner, Bairro P\u00e1tria Nova."}, {"id": 23072, "ano": 2013, "numero": 1853, "tipo__sigla": "IND", "tipo__descricao": "Indica\u00e7\u00e3o/Pedido de Provid\u00eancias", "autoria__autor__nome": "Gerson Peteffi", "texto_original": "https://sapl.camaranh.rs.gov.br/media/sapl/public/materialegislativa/2013/23072/23072_texto_integral.odt", "ementa": "Solicita instala\u00e7\u00e3o de sinaleira para pedestres no cruzamento da Avenida Pedro Adams Filho com a Rua J\u00falio de Castilhos, Centro."}, {"id": 23073, "ano": 2013, "numero": 1854, "tipo__sigla": "IND", "tipo__descricao": "Indica\u00e7\u00e3o/Pedido de Provid\u00eancias", "autoria__autor__nome": "Gerson Peteffi", "texto_original": "https://sapl.camaranh.rs.gov.br/media/sapl/public/materialegislativa/2013/23073/23073_texto_integral.odt", "ementa": "Solicita revitaliza\u00e7\u00e3o vertical e horizontal no cruzamento da Avenida Pedro Adams Filho com a Rua J\u00falio de Castilhos, Centro."}, {"id": 23075, "ano": 2013, "numero": 1855, "tipo__sigla": "IND", "tipo__descricao": "Indica\u00e7\u00e3o/Pedido de Provid\u00eancias", "autoria__autor__nome": "Inspetor Luz", "texto_original": "https://sapl.camaranh.rs.gov.br/media/sapl/public/materialegislativa/2013/23075/23075_texto_integral.odt", "ementa": "Solicita opera\u00e7\u00e3o tapa-buracos em toda a extens\u00e3o da Rua Carlos Dienstbach, no Bairro Rond\u00f4nia."}, {"id": 23076, "ano": 2013, "numero": 1856, "tipo__sigla": "IND", "tipo__descricao": "Indica\u00e7\u00e3o/Pedido de Provid\u00eancias", "autoria__autor__nome": "Inspetor Luz", "texto_original": "https://sapl.camaranh.rs.gov.br/media/sapl/public/materialegislativa/2013/23076/23076_texto_integral.odt", "ementa": "Solicita capina e limpeza do passeio p\u00fablico em toda extens\u00e3o da Rua Osvaldo Aranha, no Bairro P\u00e1tria Nova."}, {"id": 23077, "ano": 2013, "numero": 1857, "tipo__sigla": "IND", "tipo__descricao": "Indica\u00e7\u00e3o/Pedido de Provid\u00eancias", "autoria__autor__nome": "Inspetor Luz", "texto_original": "https://sapl.camaranh.rs.gov.br/media/sapl/public/materialegislativa/2013/23077/23077_texto_integral.odt", "ementa": "Solicita capina e limpeza do passeio p\u00fablico em toda extens\u00e3o da Rua Itaqui, no Bairro Boa Vista."}, {"id": 23078, "ano": 2013, "numero": 1858, "tipo__sigla": "IND", "tipo__descricao": "Indica\u00e7\u00e3o/Pedido de Provid\u00eancias", "autoria__autor__nome": "Inspetor Luz", "texto_original": "https://sapl.camaranh.rs.gov.br/media/sapl/public/materialegislativa/2013/23078/23078_texto_integral.odt", "ementa": "Solicita capina e limpeza do passeio p\u00fablico em toda extens\u00e3o da Rua Floren\u00e7a, no Bairro Canudos."}, {"id": 23079, "ano": 2013, "numero": 1859, "tipo__sigla": "IND", "tipo__descricao": "Indica\u00e7\u00e3o/Pedido de Provid\u00eancias", "autoria__autor__nome": "Inspetor Luz", "texto_original": "https://sapl.camaranh.rs.gov.br/media/sapl/public/materialegislativa/2013/23079/23079_texto_integral.odt", "ementa": "Solicita capina e limpeza do passeio p\u00fablico em toda extens\u00e3o da Rua Quarai, no Bairro Boa Vista."}, {"id": 23082, "ano": 2013, "numero": 1860, "tipo__sigla": "IND", "tipo__descricao": "Indica\u00e7\u00e3o/Pedido de Provid\u00eancias", "autoria__autor__nome": "Professor Issur Koch", "texto_original": "https://sapl.camaranh.rs.gov.br/media/sapl/public/materialegislativa/2013/23082/23082_texto_integral.odt", "ementa": "Indica o estudo de viabilidade de melhorias no fluxo da Rua Sapiranga, no Bairro Canudos."}, {"id": 23083, "ano": 2013, "numero": 1861, "tipo__sigla": "IND", "tipo__descricao": "Indica\u00e7\u00e3o/Pedido de Provid\u00eancias", "autoria__autor__nome": "Professor Issur Koch", "texto_original": "https://sapl.camaranh.rs.gov.br/media/sapl/public/materialegislativa/2013/23083/23083_texto_integral.odt", "ementa": "Indica o estudo de viabilidade de implanta\u00e7\u00e3o de quebra-molas em frente \u00e0 UBS do Bairro  S\u00e3o Jorge."}, {"id": 23085, "ano": 2013, "numero": 1862, "tipo__sigla": "IND", "tipo__descricao": "Indica\u00e7\u00e3o/Pedido de Provid\u00eancias", "autoria__autor__nome": "Professor Issur Koch", "texto_original": "https://sapl.camaranh.rs.gov.br/media/sapl/public/materialegislativa/2013/23085/23085_texto_integral.odt", "ementa": "Indica o estudo de viabilidade de proibi\u00e7\u00e3o do tr\u00e2nsito de ve\u00edculos pesados na Rua Formosa, esquina com a Rua Onofre Pires, no Bairro Ouro Branco."}, {"id": 23086, "ano": 2013, "numero": 1863, "tipo__sigla": "IND", "tipo__descricao": "Indica\u00e7\u00e3o/Pedido de Provid\u00eancias", "autoria__autor__nome": "Professor Issur Koch", "texto_original": "https://sapl.camaranh.rs.gov.br/media/sapl/public/materialegislativa/2013/23086/23086_texto_integral.odt", "ementa": "Indica o estudo de viabilidade de implanta\u00e7\u00e3o de academia ao ar livre no Residencial Mundo Novo, no Bairro Canudos."}, {"id": 23087, "ano": 2013, "numero": 1864, "tipo__sigla": "IND", "tipo__descricao": "Indica\u00e7\u00e3o/Pedido de Provid\u00eancias", "autoria__autor__nome": "Professor Issur Koch", "texto_original": "https://sapl.camaranh.rs.gov.br/media/sapl/public/materialegislativa/2013/23087/23087_texto_integral.odt", "ementa": "Solicita com urg\u00eancia limpeza e melhorias no Arroio Wiesenthal, em toda sua extens\u00e3o no Bairro Canudos."}, {"id": 23093, "ano": 2013, "numero": 1865, "tipo__sigla": "IND", "tipo__descricao": "Indica\u00e7\u00e3o/Pedido de Provid\u00eancias", "autoria__autor__nome": "Professor Issur Koch", "texto_original": "https://sapl.camaranh.rs.gov.br/media/sapl/public/materialegislativa/2013/23093/23093_texto_integral.odt", "ementa": "Solicita substitui\u00e7\u00e3o de l\u00e2mpada queimada na Rua Sapiranga, em frente ao n\u00ba 616, Bairro Jardim Mau\u00e1."}, {"id": 23095, "ano": 2013, "numero": 1866, "tipo__sigla": "IND", "tipo__descricao": "Indica\u00e7\u00e3o/Pedido de Provid\u00eancias", "autoria__autor__nome": "Naasom Luciano", "texto_original": "https://sapl.camaranh.rs.gov.br/media/sapl/public/materialegislativa/2013/23095/23095_texto_integral.odt", "ementa": "Sugere ao Executivo a apresenta\u00e7\u00e3o de projeto de lei dispondo sobre a cria\u00e7\u00e3o do Fundo Municipal de Bem-estar Animal e Sa\u00fade P\u00fablica - FAN."}, {"id": 23096, "ano": 2013, "numero": 1867, "tipo__sigla": "IND", "tipo__descricao": "Indica\u00e7\u00e3o/Pedido de Provid\u00eancias", "autoria__autor__nome": "Enfermeiro Vilmar", "texto_original": "https://sapl.camaranh.rs.gov.br/media/sapl/public/materialegislativa/2013/23096/23096_texto_integral.odt", "ementa": "Solicita coloca\u00e7\u00e3o de redutor de velocidade e faixa de seguran\u00e7a na Rua Joaquim Oliveira, nas proximidades do n\u00ba 633, Bairro Canudos. "}, {"id": 23098, "ano": 2013, "numero": 1868, "tipo__sigla": "IND", "tipo__descricao": "Indica\u00e7\u00e3o/Pedido de Provid\u00eancias", "autoria__autor__nome": "JorgeTatsch", "texto_original": "https://sapl.camaranh.rs.gov.br/media/sapl/public/materialegislativa/2013/23098/23098_texto_integral.odt", "ementa": "Solicita com URG\u00caNCIA o fechamento de buraco no asfalto na Rua Goi\u00e2nia, em frente ao n\u00ba 85, Bairro Boa Vista."}, {"id": 23099, "ano": 2013, "numero": 1869, "tipo__sigla": "IND", "tipo__descricao": "Indica\u00e7\u00e3o/Pedido de Provid\u00eancias", "autoria__autor__nome": "JorgeTatsch", "texto_original": "https://sapl.camaranh.rs.gov.br/media/sapl/public/materialegislativa/2013/23099/23099_texto_integral.odt", "ementa": "Solicita a revitaliza\u00e7\u00e3o da pintura de solo da sinaliza\u00e7\u00e3o de tr\u00e2nsito localizada na Rua Horizontina, no Bairro Rond\u00f4nia."}, {"id": 23100, "ano": 2013, "numero": 1870, "tipo__sigla": "IND", "tipo__descricao": "Indica\u00e7\u00e3o/Pedido de Provid\u00eancias", "autoria__autor__nome": "JorgeTatsch", "texto_original": "https://sapl.camaranh.rs.gov.br/media/sapl/public/materialegislativa/2013/23100/23100_texto_integral.odt", "ementa": "Solicita a revitaliza\u00e7\u00e3o da pintura de solo da sinaliza\u00e7\u00e3o de tr\u00e2nsito localizada na Rua Dr. Jo\u00e3o Daniel Hillebrand, no Bairro Rond\u00f4nia."}, {"id": 23101, "ano": 2013, "numero": 1871, "tipo__sigla": "IND", "tipo__descricao": "Indica\u00e7\u00e3o/Pedido de Provid\u00eancias", "autoria__autor__nome": "JorgeTatsch", "texto_original": "https://sapl.camaranh.rs.gov.br/media/sapl/public/materialegislativa/2013/23101/23101_texto_integral.odt", "ementa": "Solicita com URG\u00caNCIA a coloca\u00e7\u00e3o de  quebra-molas, redutor de velocidade e/ou sinaliza\u00e7\u00e3o de tr\u00e2nsito eficaz na Rua Johann Frederico Pechmann, nas proximidades do n\u00ba 71, Bairro Rond\u00f4nia."}, {"id": 23102, "ano": 2013, "numero": 1872, "tipo__sigla": "IND", "tipo__descricao": "Indica\u00e7\u00e3o/Pedido de Provid\u00eancias", "autoria__autor__nome": "Raul Cassel", "texto_original": "https://sapl.camaranh.rs.gov.br/media/sapl/public/materialegislativa/2013/23102/23102_texto_integral.odt", "ementa": "Solicita a revitaliza\u00e7\u00e3o da faixa de pedestres, localizada na Rua Joaquim Pedro Soares, em frente ao n\u00ba 174, Centro."}, {"id": 23107, "ano": 2013, "numero": 1873, "tipo__sigla": "IND", "tipo__descricao": "Indica\u00e7\u00e3o/Pedido de Provid\u00eancias", "autoria__autor__nome": "Patr\u00edcia Beck", "texto_original": "https://sapl.camaranh.rs.gov.br/media/sapl/public/materialegislativa/2013/23107/23107_texto_integral.odt", "ementa": "Solicita opera\u00e7\u00e3o tapa-buracos na Rua Dem\u00e9trio Ribeiro, esquina com a Rua Imbuia, Bairro Vila Nova."}, {"id": 23108, "ano": 2013, "numero": 1874, "tipo__sigla": "IND", "tipo__descricao": "Indica\u00e7\u00e3o/Pedido de Provid\u00eancias", "autoria__autor__nome": "Patr\u00edcia Beck", "texto_original": "https://sapl.camaranh.rs.gov.br/media/sapl/public/materialegislativa/2013/23108/23108_texto_integral.odt", "ementa": "Solicita conserto de buraco no meio da pista da Rua Miranda, em frente ao n\u00ba 33, Bairro Liberdade."}, {"id": 23109, "ano": 2013, "numero": 1875, "tipo__sigla": "IND", "tipo__descricao": "Indica\u00e7\u00e3o/Pedido de Provid\u00eancias", "autoria__autor__nome": "Patr\u00edcia Beck", "texto_original": "https://sapl.camaranh.rs.gov.br/media/sapl/public/materialegislativa/2013/23109/23109_texto_integral.odt", "ementa": "Solicita conserto da boca-de-lobo e do passeio p\u00fablico na Av. Victor H. Kunz, esquina com a Rua Madre Regina, Bairro Canudos."}, {"id": 23110, "ano": 2013, "numero": 1876, "tipo__sigla": "IND", "tipo__descricao": "Indica\u00e7\u00e3o/Pedido de Provid\u00eancias", "autoria__autor__nome": "Patr\u00edcia Beck", "texto_original": "https://sapl.camaranh.rs.gov.br/media/sapl/public/materialegislativa/2013/23110/23110_texto_integral.odt", "ementa": "Solicita que seja providenciada a conten\u00e7\u00e3o do barranco da sanga situada entre as Ruas S\u00e3o Luiz Gonzaga e Henrique Dias, no Bairro Vila Nova."}, {"id": 23111, "ano": 2013, "numero": 1877, "tipo__sigla": "IND", "tipo__descricao": "Indica\u00e7\u00e3o/Pedido de Provid\u00eancias", "autoria__autor__nome": "Patr\u00edcia Beck", "texto_original": "https://sapl.camaranh.rs.gov.br/media/sapl/public/materialegislativa/2013/23111/23111_texto_integral.odt", "ementa": "Solicita recupera\u00e7\u00e3o da pavimenta\u00e7\u00e3o asf\u00e1ltica da Rua Santos Pedroso, entre a Rua General Os\u00f3rio e a Av. Dr. Maur\u00edcio Cardoso, Bairro Hamburgo Velho. "}, {"id": 23112, "ano": 2013, "numero": 1878, "tipo__sigla": "IND", "tipo__descricao": "Indica\u00e7\u00e3o/Pedido de Provid\u00eancias", "autoria__autor__nome": "Patr\u00edcia Beck", "texto_original": "https://sapl.camaranh.rs.gov.br/media/sapl/public/materialegislativa/2013/23112/23112_texto_integral.odt", "ementa": "Solicita conserto do passeio p\u00fablico na Rua S\u00e3o Luiz Gonzaga, em frente ao n\u00ba 1092, Bairro Vila Nova."}, {"id": 23114, "ano": 2013, "numero": 1879, "tipo__sigla": "IND", "tipo__descricao": "Indica\u00e7\u00e3o/Pedido de Provid\u00eancias", "autoria__autor__nome": "Patr\u00edcia Beck", "texto_original": "https://sapl.camaranh.rs.gov.br/media/sapl/public/materialegislativa/2013/23114/23114_texto_integral.odt", "ementa": "Solicita  poda dos arbustos e limpeza do canteiro central da Rua Bento Gon\u00e7alves, no cruzamento com a Rua Bento Manoel, Bairro Oper\u00e1rio."}, {"id": 23115, "ano": 2013, "numero": 1880, "tipo__sigla": "IND", "tipo__descricao": "Indica\u00e7\u00e3o/Pedido de Provid\u00eancias", "autoria__autor__nome": "Sergio Hanich", "texto_original": "https://sapl.camaranh.rs.gov.br/media/sapl/public/materialegislativa/2013/23115/23115_texto_integral.odt", "ementa": "Solicita intima\u00e7\u00e3o do propriet\u00e1rio para que fa\u00e7a limpeza e cercamento do terreno na Rua Eng.\u00ba Jorge Schury, esquina com a Rua Chapec\u00f3, Bairro S\u00e3o Jos\u00e9."}, {"id": 23116, "ano": 2013, "numero": 1881, "tipo__sigla": "IND", "tipo__descricao": "Indica\u00e7\u00e3o/Pedido de Provid\u00eancias", "autoria__autor__nome": "Sergio Hanich", "texto_original": "https://sapl.camaranh.rs.gov.br/media/sapl/public/materialegislativa/2013/23116/23116_texto_integral.odt", "ementa": "Solicita coloca\u00e7\u00e3o de placa nominativa na esquina das Ruas Sarandi e Arroio Grande, Bairro jardim Mau\u00e1."}, {"id": 23117, "ano": 2013, "numero": 1882, "tipo__sigla": "IND", "tipo__descricao": "Indica\u00e7\u00e3o/Pedido de Provid\u00eancias", "autoria__autor__nome": "Sergio Hanich", "texto_original": "https://sapl.camaranh.rs.gov.br/media/sapl/public/materialegislativa/2013/23117/23117_texto_integral.odt", "ementa": "Solicita concord\u00e2ncia de asfalto junto ao meio- fio na Rua Almirante Barroso, em frente ao n\u00ba 261, Bairro Centro."}, {"id": 23118, "ano": 2013, "numero": 1883, "tipo__sigla": "IND", "tipo__descricao": "Indica\u00e7\u00e3o/Pedido de Provid\u00eancias", "autoria__autor__nome": "Sergio Hanich", "texto_original": "https://sapl.camaranh.rs.gov.br/media/sapl/public/materialegislativa/2013/23118/23118_texto_integral.odt", "ementa": "Solicita desobstru\u00e7\u00e3o da canaliza\u00e7\u00e3o e limpeza da boca-de-lobo da Rua Am\u00e9rica, em frente ao n\u00ba 273, Bairro Canudos."}, {"id": 23119, "ano": 2013, "numero": 1884, "tipo__sigla": "IND", "tipo__descricao": "Indica\u00e7\u00e3o/Pedido de Provid\u00eancias", "autoria__autor__nome": "Raul Cassel", "texto_original": "https://sapl.camaranh.rs.gov.br/media/sapl/public/materialegislativa/2013/23119/23119_texto_integral.odt", "ementa": "Solicita inspe\u00e7\u00e3o e se necess\u00e1rio desobstru\u00e7\u00e3o da rede pluvial da Rua Santa Sofia, entre os  n\u00bas. 310 e 340, Bairro Ideal."}, {"id": 23135, "ano": 2013, "numero": 1885, "tipo__sigla": "IND", "tipo__descricao": "Indica\u00e7\u00e3o/Pedido de Provid\u00eancias", "autoria__autor__nome": "Antonio Lucas", "texto_original": "https://sapl.camaranh.rs.gov.br/media/sapl/public/materialegislativa/2013/23135/23135_texto_integral.odt", "ementa": "Solicita a troca de local de poste da rede de energia na Rua  Jacob Gerhardt n\u00ba 491,  Bairro S\u00e3o Jos\u00e9."}, {"id": 23136, "ano": 2013, "numero": 1886, "tipo__sigla": "IND", "tipo__descricao": "Indica\u00e7\u00e3o/Pedido de Provid\u00eancias", "autoria__autor__nome": "Antonio Lucas", "texto_original": "https://sapl.camaranh.rs.gov.br/media/sapl/public/materialegislativa/2013/23136/23136_texto_integral.odt", "ementa": "Solicita troca de local de poste da rede de energia na Rua S\u00e3o Jo\u00e3o Del Rey n\u00ba 507, Bairro S\u00e3o Jos\u00e9."}, {"id": 23137, "ano": 2013, "numero": 1887, "tipo__sigla": "IND", "tipo__descricao": "Indica\u00e7\u00e3o/Pedido de Provid\u00eancias", "autoria__autor__nome": "Antonio Lucas", "texto_original": "https://sapl.camaranh.rs.gov.br/media/sapl/public/materialegislativa/2013/23137/23137_texto_integral.odt", "ementa": "Solicita constru\u00e7\u00e3o de uma academia ao ar livre na travessa S\u00e3o Camilo, junto ao campo do Gr\u00eamio Esportivo 11 Ga\u00fachos."}, {"id": 23138, "ano": 2013, "numero": 1888, "tipo__sigla": "IND", "tipo__descricao": "Indica\u00e7\u00e3o/Pedido de Provid\u00eancias", "autoria__autor__nome": "Sergio Hanich", "texto_original": "https://sapl.camaranh.rs.gov.br/media/sapl/public/materialegislativa/2013/23138/23138_texto_integral.odt", "ementa": "Solicita reconstru\u00e7\u00e3o da caixa de esgoto na Rua Vereador Carlos Em\u00edlio Kolling, esquina com a Rua Pedro Am\u00e9rico, Bairro S\u00e3o Jorge."}, {"id": 23139, "ano": 2013, "numero": 1889, "tipo__sigla": "IND", "tipo__descricao": "Indica\u00e7\u00e3o/Pedido de Provid\u00eancias", "autoria__autor__nome": "Inspetor Luz", "texto_original": "https://sapl.camaranh.rs.gov.br/media/sapl/public/materialegislativa/2013/23139/23139_texto_integral.odt", "ementa": "Solicita opera\u00e7\u00e3o tapa-buracos em toda extens\u00e3o da Rua Bol\u00edvia, Bairro Canudos."}, {"id": 23140, "ano": 2013, "numero": 1890, "tipo__sigla": "IND", "tipo__descricao": "Indica\u00e7\u00e3o/Pedido de Provid\u00eancias", "autoria__autor__nome": "Inspetor Luz", "texto_original": "https://sapl.camaranh.rs.gov.br/media/sapl/public/materialegislativa/2013/23140/23140_texto_integral.odt", "ementa": "Solicita opera\u00e7\u00e3o tapa-buracos em toda extens\u00e3o da Rua \u00c1ustria, Bairro Rinc\u00e3o."}, {"id": 23141, "ano": 2013, "numero": 1891, "tipo__sigla": "IND", "tipo__descricao": "Indica\u00e7\u00e3o/Pedido de Provid\u00eancias", "autoria__autor__nome": "Sergio Hanich", "texto_original": "https://sapl.camaranh.rs.gov.br/media/sapl/public/materialegislativa/2013/23141/23141_texto_integral.odt", "ementa": "Solicita coloca\u00e7\u00e3o de tampa de boca-de-lobo na Rua Pedro Jos\u00e9 Treis, esquina com a Av. Alc\u00e2ntara, Bairro S\u00e3o Jorge."}, {"id": 23143, "ano": 2013, "numero": 1892, "tipo__sigla": "IND", "tipo__descricao": "Indica\u00e7\u00e3o/Pedido de Provid\u00eancias", "autoria__autor__nome": "Inspetor Luz", "texto_original": "https://sapl.camaranh.rs.gov.br/media/sapl/public/materialegislativa/2013/23143/23143_texto_integral.odt", "ementa": "Solicita opera\u00e7\u00e3o tapa-buracos em toda extens\u00e3o da Rua Inglaterra, Bairro Rinc\u00e3o."}, {"id": 23144, "ano": 2013, "numero": 1893, "tipo__sigla": "IND", "tipo__descricao": "Indica\u00e7\u00e3o/Pedido de Provid\u00eancias", "autoria__autor__nome": "Inspetor Luz", "texto_original": "https://sapl.camaranh.rs.gov.br/media/sapl/public/materialegislativa/2013/23144/23144_texto_integral.odt", "ementa": "Solicita opera\u00e7\u00e3o tapa-buracos em toda extens\u00e3o da Rua Col\u00fambia, Bairro Canudos."}, {"id": 23145, "ano": 2013, "numero": 1894, "tipo__sigla": "IND", "tipo__descricao": "Indica\u00e7\u00e3o/Pedido de Provid\u00eancias", "autoria__autor__nome": "Inspetor Luz", "texto_original": "https://sapl.camaranh.rs.gov.br/media/sapl/public/materialegislativa/2013/23145/23145_texto_integral.odt", "ementa": "Solicita opera\u00e7\u00e3o tapa-buracos em toda extens\u00e3o da Rua Rod\u00e9sia, Bairro Rinc\u00e3o."}, {"id": 23146, "ano": 2013, "numero": 1895, "tipo__sigla": "IND", "tipo__descricao": "Indica\u00e7\u00e3o/Pedido de Provid\u00eancias", "autoria__autor__nome": "Inspetor Luz", "texto_original": "https://sapl.camaranh.rs.gov.br/media/sapl/public/materialegislativa/2013/23146/23146_texto_integral.odt", "ementa": "Solicita opera\u00e7\u00e3o tapa-buracos em toda extens\u00e3o da Rua Am\u00e9rica, Bairro Canudos."}, {"id": 23147, "ano": 2013, "numero": 1896, "tipo__sigla": "IND", "tipo__descricao": "Indica\u00e7\u00e3o/Pedido de Provid\u00eancias", "autoria__autor__nome": "Inspetor Luz", "texto_original": "https://sapl.camaranh.rs.gov.br/media/sapl/public/materialegislativa/2013/23147/23147_texto_integral.odt", "ementa": "Solicita opera\u00e7\u00e3o tapa-buracos em toda extens\u00e3o da Rua Paquist\u00e3o, Bairro Rinc\u00e3o."}, {"id": 23148, "ano": 2013, "numero": 1897, "tipo__sigla": "IND", "tipo__descricao": "Indica\u00e7\u00e3o/Pedido de Provid\u00eancias", "autoria__autor__nome": "Inspetor Luz", "texto_original": "https://sapl.camaranh.rs.gov.br/media/sapl/public/materialegislativa/2013/23148/23148_texto_integral.odt", "ementa": "Solicita opera\u00e7\u00e3o tapa-buracos em toda extens\u00e3o da Rua Floren\u00e7a, Bairro Canudos."}, {"id": 23149, "ano": 2013, "numero": 1898, "tipo__sigla": "IND", "tipo__descricao": "Indica\u00e7\u00e3o/Pedido de Provid\u00eancias", "autoria__autor__nome": "Inspetor Luz", "texto_original": "https://sapl.camaranh.rs.gov.br/media/sapl/public/materialegislativa/2013/23149/23149_texto_integral.odt", "ementa": "Solicita opera\u00e7\u00e3o tapa-buracos em toda extens\u00e3o da Rua \u00cdcaro, Bairro Canudos."}, {"id": 23150, "ano": 2013, "numero": 1899, "tipo__sigla": "IND", "tipo__descricao": "Indica\u00e7\u00e3o/Pedido de Provid\u00eancias", "autoria__autor__nome": "Inspetor Luz", "texto_original": "https://sapl.camaranh.rs.gov.br/media/sapl/public/materialegislativa/2013/23150/23150_texto_integral.odt", "ementa": "Solicita opera\u00e7\u00e3o tapa-buracos em toda extens\u00e3o da Rua Uni\u00e3o Sul Africana, Bairro Rinc\u00e3o."}, {"id": 23151, "ano": 2013, "numero": 1900, "tipo__sigla": "IND", "tipo__descricao": "Indica\u00e7\u00e3o/Pedido de Provid\u00eancias", "autoria__autor__nome": "Inspetor Luz", "texto_original": "https://sapl.camaranh.rs.gov.br/media/sapl/public/materialegislativa/2013/23151/23151_texto_integral.odt", "ementa": "Reitera o Pedido de Provid\u00eancias n\u00ba 1162/2013, que solicita conserto de infiltra\u00e7\u00e3o no passeio p\u00fablico na Av. Na\u00e7\u00f5es Unidas (imedia\u00e7\u00f5es do dep\u00f3sito da Macosan) nas proximidades da esquina com a Rua 24 de Maio, Bairro Rinc\u00e3o."}, {"id": 23152, "ano": 2013, "numero": 1901, "tipo__sigla": "IND", "tipo__descricao": "Indica\u00e7\u00e3o/Pedido de Provid\u00eancias", "autoria__autor__nome": "Inspetor Luz", "texto_original": "https://sapl.camaranh.rs.gov.br/media/sapl/public/materialegislativa/2013/23152/23152_texto_integral.odt", "ementa": "Solicita melhorias na rede de ilumina\u00e7\u00e3o p\u00fablica da Rua Quirinal, no Bairro Canudos."}, {"id": 23154, "ano": 2013, "numero": 1902, "tipo__sigla": "IND", "tipo__descricao": "Indica\u00e7\u00e3o/Pedido de Provid\u00eancias", "autoria__autor__nome": "Antonio Lucas", "texto_original": "https://sapl.camaranh.rs.gov.br/media/sapl/public/materialegislativa/2013/23154/23154_texto_integral.odt", "ementa": "Solicita alargamento das pistas asf\u00e1lticas na Rua Engenheiro Jorge Schury, sentido bairro-centro, e sentido  centro-bairro,   junto ao viaduto da RS-239, Bairro S\u00e3o Jos\u00e9."}, {"id": 23155, "ano": 2013, "numero": 1903, "tipo__sigla": "IND", "tipo__descricao": "Indica\u00e7\u00e3o/Pedido de Provid\u00eancias", "autoria__autor__nome": "Inspetor Luz", "texto_original": "https://sapl.camaranh.rs.gov.br/media/sapl/public/materialegislativa/2013/23155/23155_texto_integral.odt", "ementa": "Solicita melhorias na rede de ilumina\u00e7\u00e3o p\u00fablica da Rua Dr. Miguel Vieira Ferreira, no Bairro Petr\u00f3polis."}, {"id": 23156, "ano": 2013, "numero": 1904, "tipo__sigla": "IND", "tipo__descricao": "Indica\u00e7\u00e3o/Pedido de Provid\u00eancias", "autoria__autor__nome": "Patr\u00edcia Beck", "texto_original": "https://sapl.camaranh.rs.gov.br/media/sapl/public/materialegislativa/2013/23156/23156_texto_integral.odt", "ementa": "Solicita opera\u00e7\u00e3o tapa-buracos na Rua Gal. Os\u00f3rio, em frente ao n\u00ba 417, Bairro Hamburgo Velho."}, {"id": 23158, "ano": 2013, "numero": 1905, "tipo__sigla": "IND", "tipo__descricao": "Indica\u00e7\u00e3o/Pedido de Provid\u00eancias", "autoria__autor__nome": "Patr\u00edcia Beck", "texto_original": "https://sapl.camaranh.rs.gov.br/media/sapl/public/materialegislativa/2013/23158/23158_texto_integral.odt", "ementa": "Solicita conserto da boca-de-lobo na Rua S\u00e3o Luiz Gonzaga, na entrada do beco que vai em dire\u00e7\u00e3o \u00e0 Rua Henrique Dias, Vila Nova."}, {"id": 23160, "ano": 2013, "numero": 1906, "tipo__sigla": "IND", "tipo__descricao": "Indica\u00e7\u00e3o/Pedido de Provid\u00eancias", "autoria__autor__nome": "Patr\u00edcia Beck", "texto_original": "https://sapl.camaranh.rs.gov.br/media/sapl/public/materialegislativa/2013/23160/23160_texto_integral.odt", "ementa": "Solicita recolhimento de entulhos na Rua Luiz de Cam\u00f5es, esquina com a Rua Nogueira, Vila Nova."}, {"id": 23161, "ano": 2013, "numero": 1907, "tipo__sigla": "IND", "tipo__descricao": "Indica\u00e7\u00e3o/Pedido de Provid\u00eancias", "autoria__autor__nome": "Patr\u00edcia Beck", "texto_original": "https://sapl.camaranh.rs.gov.br/media/sapl/public/materialegislativa/2013/23161/23161_texto_integral.odt", "ementa": "Solicita conserto do passeio p\u00fablico na Rua Nogueira, em frente ao n\u00ba 25, Vila Nova."}, {"id": 23162, "ano": 2013, "numero": 1908, "tipo__sigla": "IND", "tipo__descricao": "Indica\u00e7\u00e3o/Pedido de Provid\u00eancias", "autoria__autor__nome": "Patr\u00edcia Beck", "texto_original": "https://sapl.camaranh.rs.gov.br/media/sapl/public/materialegislativa/2013/23162/23162_texto_integral.odt", "ementa": "Solicita a implanta\u00e7\u00e3o \"pintura\" de faixa de seguran\u00e7a para pedestres na esquina  da Rua Sta. Barbara, com Rua Arlindo Pasqualini, Vila Nova."}, {"id": 23163, "ano": 2013, "numero": 1909, "tipo__sigla": "IND", "tipo__descricao": "Indica\u00e7\u00e3o/Pedido de Provid\u00eancias", "autoria__autor__nome": "Patr\u00edcia Beck", "texto_original": "https://sapl.camaranh.rs.gov.br/media/sapl/public/materialegislativa/2013/23163/23163_texto_integral.odt", "ementa": "Solicita opera\u00e7\u00e3o tapa buracos na Rua Nogueira em frente ao n\u00ba 48, Vila Nova"}, {"id": 23166, "ano": 2013, "numero": 1910, "tipo__sigla": "IND", "tipo__descricao": "Indica\u00e7\u00e3o/Pedido de Provid\u00eancias", "autoria__autor__nome": "Patr\u00edcia Beck", "texto_original": "https://sapl.camaranh.rs.gov.br/media/sapl/public/materialegislativa/2013/23166/23166_texto_integral.odt", "ementa": "Solicita conserto da boca-de-lobo na Rua Valpara\u00edso, em frente ao n\u00ba- 114 , Sto. Afonso."}, {"id": 23168, "ano": 2013, "numero": 1911, "tipo__sigla": "IND", "tipo__descricao": "Indica\u00e7\u00e3o/Pedido de Provid\u00eancias", "autoria__autor__nome": "Enfermeiro Vilmar", "texto_original": "https://sapl.camaranh.rs.gov.br/media/sapl/public/materialegislativa/2013/23168/23168_texto_integral.odt", "ementa": "Solicita recapeamento asf\u00e1ltico na Estrada Integra\u00e7\u00e3o, pr\u00f3ximo ao n\u00ba 2350, no Bairro Lomba Grande. "}, {"id": 23169, "ano": 2013, "numero": 1912, "tipo__sigla": "IND", "tipo__descricao": "Indica\u00e7\u00e3o/Pedido de Provid\u00eancias", "autoria__autor__nome": "Professor Issur Koch", "texto_original": "https://sapl.camaranh.rs.gov.br/media/sapl/public/materialegislativa/2013/23169/23169_texto_integral.odt", "ementa": "Solicita recoloca\u00e7\u00e3o de placa de identifica\u00e7\u00e3o na esquina das Ruas Almirante Barroso e Da Bandeira, no Bairro Centro."}, {"id": 23178, "ano": 2013, "numero": 1913, "tipo__sigla": "IND", "tipo__descricao": "Indica\u00e7\u00e3o/Pedido de Provid\u00eancias", "autoria__autor__nome": "Inspetor Luz", "texto_original": "https://sapl.camaranh.rs.gov.br/media/sapl/public/materialegislativa/2013/23178/23178_texto_integral.odt", "ementa": "Solicita capina e limpeza junto ao meio fio em toda extens\u00e3o da Rua Jos\u00e9 Jo\u00e3o Martins, no Bairro Guarani."}, {"id": 23179, "ano": 2013, "numero": 1914, "tipo__sigla": "IND", "tipo__descricao": "Indica\u00e7\u00e3o/Pedido de Provid\u00eancias", "autoria__autor__nome": "Inspetor Luz", "texto_original": "https://sapl.camaranh.rs.gov.br/media/sapl/public/materialegislativa/2013/23179/23179_texto_integral.odt", "ementa": "Solicita capina e limpeza junto ao meio-fio em toda extens\u00e3o da Rua J\u00falio Adams, Bairro Guarani."}, {"id": 23180, "ano": 2013, "numero": 1915, "tipo__sigla": "IND", "tipo__descricao": "Indica\u00e7\u00e3o/Pedido de Provid\u00eancias", "autoria__autor__nome": "Inspetor Luz", "texto_original": "https://sapl.camaranh.rs.gov.br/media/sapl/public/materialegislativa/2013/23180/23180_texto_integral.odt", "ementa": "Solicita remo\u00e7\u00e3o de galhos e entulhos depositados ao longo da Rua Mundo Novo, no Bairro Canudos."}, {"id": 23181, "ano": 2013, "numero": 1916, "tipo__sigla": "IND", "tipo__descricao": "Indica\u00e7\u00e3o/Pedido de Provid\u00eancias", "autoria__autor__nome": "Inspetor Luz", "texto_original": "https://sapl.camaranh.rs.gov.br/media/sapl/public/materialegislativa/2013/23181/23181_texto_integral.odt", "ementa": "Solicita remo\u00e7\u00e3o de galhos e entulhos depositados em toda extens\u00e3o da Rua Sapiranga, no Bairro Mau\u00e1."}, {"id": 23182, "ano": 2013, "numero": 1917, "tipo__sigla": "IND", "tipo__descricao": "Indica\u00e7\u00e3o/Pedido de Provid\u00eancias", "autoria__autor__nome": "Enfermeiro Vilmar", "texto_original": "https://sapl.camaranh.rs.gov.br/media/sapl/public/materialegislativa/2013/23182/23182_texto_integral.odt", "ementa": "Solicita o estudo da viabilidade de implanta\u00e7\u00e3o de academia ao ar livre na pra\u00e7a ao lado da Ag\u00eancia do Banrisul, localizado na Rua Jo\u00e3o Alo\u00edsio Algayer, Bairro Lomba Grande."}, {"id": 23183, "ano": 2013, "numero": 1918, "tipo__sigla": "IND", "tipo__descricao": "Indica\u00e7\u00e3o/Pedido de Provid\u00eancias", "autoria__autor__nome": "Enfermeiro Vilmar", "texto_original": "https://sapl.camaranh.rs.gov.br/media/sapl/public/materialegislativa/2013/23183/23183_texto_integral.odt", "ementa": "Solicita a realiza\u00e7\u00e3o da opera\u00e7\u00e3o tapa-buracos na Rua Odon Cavalcante, esquina com a Rua Sevilha, no Bairro Canudos."}, {"id": 23184, "ano": 2013, "numero": 1919, "tipo__sigla": "IND", "tipo__descricao": "Indica\u00e7\u00e3o/Pedido de Provid\u00eancias", "autoria__autor__nome": "Enfermeiro Vilmar", "texto_original": "https://sapl.camaranh.rs.gov.br/media/sapl/public/materialegislativa/2013/23184/23184_texto_integral.odt", "ementa": "Solicita coloca\u00e7\u00e3o da placa &#8220;\u00c9 Proibido Jogar Lixo&#8221; e de fazer a limpeza da \u00e1rea na Rua Ca\u00e7ador, nas proximidades do n\u00famero 873, Bairro Ideal."}, {"id": 23185, "ano": 2013, "numero": 1920, "tipo__sigla": "IND", "tipo__descricao": "Indica\u00e7\u00e3o/Pedido de Provid\u00eancias", "autoria__autor__nome": "Inspetor Luz", "texto_original": "https://sapl.camaranh.rs.gov.br/media/sapl/public/materialegislativa/2013/23185/23185_texto_integral.odt", "ementa": "Solicita recomposi\u00e7\u00e3o asf\u00e1ltica em toda extens\u00e3o da Rua 3 de Outubro, Bairro P\u00e1tria Nova."}, {"id": 23186, "ano": 2013, "numero": 1921, "tipo__sigla": "IND", "tipo__descricao": "Indica\u00e7\u00e3o/Pedido de Provid\u00eancias", "autoria__autor__nome": "Inspetor Luz", "texto_original": "https://sapl.camaranh.rs.gov.br/media/sapl/public/materialegislativa/2013/23186/23186_texto_integral.odt", "ementa": "olicita recomposi\u00e7\u00e3o asf\u00e1ltica e nivelamento da pavimenta\u00e7\u00e3o em toda extens\u00e3o da Rua Vereador Ad\u00e3o Rodrigues de Oliveira, Bairro Ideal."}, {"id": 23187, "ano": 2013, "numero": 1922, "tipo__sigla": "IND", "tipo__descricao": "Indica\u00e7\u00e3o/Pedido de Provid\u00eancias", "autoria__autor__nome": "Inspetor Luz", "texto_original": "https://sapl.camaranh.rs.gov.br/media/sapl/public/materialegislativa/2013/23187/23187_texto_integral.odt", "ementa": "Solicita poda  e limpeza de \u00e1rvores localizada em frente ao Condom\u00ednio Residencial Flamboyant, na  Rua 3 de Outubro, Bairro P\u00e1tria Nova."}, {"id": 23188, "ano": 2013, "numero": 1923, "tipo__sigla": "IND", "tipo__descricao": "Indica\u00e7\u00e3o/Pedido de Provid\u00eancias", "autoria__autor__nome": "Inspetor Luz", "texto_original": "https://sapl.camaranh.rs.gov.br/media/sapl/public/materialegislativa/2013/23188/23188_texto_integral.odt", "ementa": "Solicita substitui\u00e7\u00e3o de tampa de boca-de-lobo localizada na esquina das Ruas Bag\u00e9 e Marc\u00edlio Dias, no Bairro Centro. "}, {"id": 23189, "ano": 2013, "numero": 1924, "tipo__sigla": "IND", "tipo__descricao": "Indica\u00e7\u00e3o/Pedido de Provid\u00eancias", "autoria__autor__nome": "Inspetor Luz", "texto_original": "https://sapl.camaranh.rs.gov.br/media/", "ementa": "Solicita opera\u00e7\u00e3o tapa-buracos em toda extens\u00e3o da Rua Santa Sofia, Bairro Ideal."}, {"id": 23190, "ano": 2013, "numero": 1925, "tipo__sigla": "IND", "tipo__descricao": "Indica\u00e7\u00e3o/Pedido de Provid\u00eancias", "autoria__autor__nome": "Inspetor Luz", "texto_original": "https://sapl.camaranh.rs.gov.br/media/sapl/public/materialegislativa/2013/23190/23190_texto_integral.odt", "ementa": "Solicita melhorias na rede de ilumina\u00e7\u00e3o p\u00fablica da Rua Juiz de Fora, Bairro Ideal."}, {"id": 23192, "ano": 2013, "numero": 1926, "tipo__sigla": "IND", "tipo__descricao": "Indica\u00e7\u00e3o/Pedido de Provid\u00eancias", "autoria__autor__nome": "Inspetor Luz", "texto_original": "https://sapl.camaranh.rs.gov.br/media/sapl/public/materialegislativa/2013/23192/23192_texto_integral.odt", "ementa": "Solicita melhorias na rede de ilumina\u00e7\u00e3o p\u00fablica da Rua Ribeiro de Almeida, Bairro Hamburgo Velho."}, {"id": 23193, "ano": 2013, "numero": 1927, "tipo__sigla": "IND", "tipo__descricao": "Indica\u00e7\u00e3o/Pedido de Provid\u00eancias", "autoria__autor__nome": "Inspetor Luz", "texto_original": "https://sapl.camaranh.rs.gov.br/media/sapl/public/materialegislativa/2013/23193/23193_texto_integral.odt", "ementa": "Solicita melhorias na rede de ilumina\u00e7\u00e3o p\u00fablica da Rua Reinaldo Ritzel, Bairro Canudos."}, {"id": 23194, "ano": 2013, "numero": 1928, "tipo__sigla": "IND", "tipo__descricao": "Indica\u00e7\u00e3o/Pedido de Provid\u00eancias", "autoria__autor__nome": "Inspetor Luz", "texto_original": "https://sapl.camaranh.rs.gov.br/media/sapl/public/materialegislativa/2013/23194/23194_texto_integral.odt", "ementa": "Solicita melhorias na rede de ilumina\u00e7\u00e3o p\u00fablica da Rua Bauru, Bairro Canudos."}, {"id": 23195, "ano": 2013, "numero": 1929, "tipo__sigla": "IND", "tipo__descricao": "Indica\u00e7\u00e3o/Pedido de Provid\u00eancias", "autoria__autor__nome": "Inspetor Luz", "texto_original": "https://sapl.camaranh.rs.gov.br/media/sapl/public/materialegislativa/2013/23195/23195_texto_integral.odt", "ementa": "Solicita capina e limpeza junto ao meio-fio em toda extens\u00e3o da Rua Jos\u00e9 Benno Schutz, Bairro S\u00e3o Jorge."}, {"id": 23196, "ano": 2013, "numero": 1930, "tipo__sigla": "IND", "tipo__descricao": "Indica\u00e7\u00e3o/Pedido de Provid\u00eancias", "autoria__autor__nome": "Inspetor Luz", "texto_original": "https://sapl.camaranh.rs.gov.br/media/sapl/public/materialegislativa/2013/23196/23196_texto_integral.odt", "ementa": "Solicita opera\u00e7\u00e3o tapa-buracos em toda extens\u00e3o da Rua Bom Princ\u00edpio, Bairro Canudos."}, {"id": 23197, "ano": 2013, "numero": 1931, "tipo__sigla": "IND", "tipo__descricao": "Indica\u00e7\u00e3o/Pedido de Provid\u00eancias", "autoria__autor__nome": "Inspetor Luz", "texto_original": "https://sapl.camaranh.rs.gov.br/media/sapl/public/materialegislativa/2013/23197/23197_texto_integral.odt", "ementa": "Solicita recomposi\u00e7\u00e3o asf\u00e1ltica em toda extens\u00e3o da Rua Salgado Filho, no Bairro P\u00e1tria Nova."}, {"id": 23198, "ano": 2013, "numero": 1932, "tipo__sigla": "IND", "tipo__descricao": "Indica\u00e7\u00e3o/Pedido de Provid\u00eancias", "autoria__autor__nome": "Inspetor Luz", "texto_original": "https://sapl.camaranh.rs.gov.br/media/sapl/public/materialegislativa/2013/23198/23198_texto_integral.odt", "ementa": "Solicita recomposi\u00e7\u00e3o asf\u00e1ltica em toda extens\u00e3o da Rua Saldanha Marinho, no Bairro Rio Branco."}, {"id": 23205, "ano": 2013, "numero": 1933, "tipo__sigla": "IND", "tipo__descricao": "Indica\u00e7\u00e3o/Pedido de Provid\u00eancias", "autoria__autor__nome": "Patr\u00edcia Beck", "texto_original": "https://sapl.camaranh.rs.gov.br/media/sapl/public/materialegislativa/2013/23205/23205_texto_integral.odt", "ementa": "Solicita recupera\u00e7\u00e3o do passeio p\u00fablico e da boca-de-lobo na Rua S\u00e3o Jo\u00e3o, esquina com a Rua Dem\u00e9trio Ribeiro, Vila Nova."}, {"id": 23206, "ano": 2013, "numero": 1934, "tipo__sigla": "IND", "tipo__descricao": "Indica\u00e7\u00e3o/Pedido de Provid\u00eancias", "autoria__autor__nome": "Patr\u00edcia Beck", "texto_original": "https://sapl.camaranh.rs.gov.br/media/sapl/public/materialegislativa/2013/23206/23206_texto_integral.odt", "ementa": "Solicita recupera\u00e7\u00e3o do passeio p\u00fablico e da boca-de-lobo na   Rua Flores da Cunha,  esquina com a Rua Volunt\u00e1rios da P\u00e1tria,  Bairro P\u00e1tria Nova."}, {"id": 23207, "ano": 2013, "numero": 1935, "tipo__sigla": "IND", "tipo__descricao": "Indica\u00e7\u00e3o/Pedido de Provid\u00eancias", "autoria__autor__nome": "Patr\u00edcia Beck", "texto_original": "https://sapl.camaranh.rs.gov.br/media/sapl/public/materialegislativa/2013/23207/23207_texto_integral.odt", "ementa": "Solicita opera\u00e7\u00e3o tapa-buracos na Rua Jo\u00e3o Pessoa, esquina com a Rua Volunt\u00e1rios da P\u00e1tria, Bairro P\u00e1tria Nova."}, {"id": 23208, "ano": 2013, "numero": 1936, "tipo__sigla": "IND", "tipo__descricao": "Indica\u00e7\u00e3o/Pedido de Provid\u00eancias", "autoria__autor__nome": "Patr\u00edcia Beck", "texto_original": "https://sapl.camaranh.rs.gov.br/media/sapl/public/materialegislativa/2013/23208/23208_texto_integral.odt", "ementa": "Solicita recapeamento asf\u00e1ltico da Rua Aluizio de Azevedo, na Vila Nova."}, {"id": 23209, "ano": 2013, "numero": 1937, "tipo__sigla": "IND", "tipo__descricao": "Indica\u00e7\u00e3o/Pedido de Provid\u00eancias", "autoria__autor__nome": "Patr\u00edcia Beck", "texto_original": "https://sapl.camaranh.rs.gov.br/media/sapl/public/materialegislativa/2013/23209/23209_texto_integral.odt", "ementa": "Solicita coloca\u00e7\u00e3o de placa indicativa de rua na esquina da Rua Sta. Barbara, com a Rua Arlindo Pasqualini, Vila Nova."}, {"id": 23210, "ano": 2013, "numero": 1938, "tipo__sigla": "IND", "tipo__descricao": "Indica\u00e7\u00e3o/Pedido de Provid\u00eancias", "autoria__autor__nome": "Patr\u00edcia Beck", "texto_original": "https://sapl.camaranh.rs.gov.br/media/sapl/public/materialegislativa/2013/23210/23210_texto_integral.odt", "ementa": "Solicita  coloca\u00e7\u00e3o de placa indicativa de carga e descarga na Rua Av. Pedro Adams Filho, em frente ao n\u00ba-180 , Bairro Industrial."}, {"id": 23211, "ano": 2013, "numero": 1939, "tipo__sigla": "IND", "tipo__descricao": "Indica\u00e7\u00e3o/Pedido de Provid\u00eancias", "autoria__autor__nome": "Patr\u00edcia Beck", "texto_original": "https://sapl.camaranh.rs.gov.br/media/sapl/public/materialegislativa/2013/23211/23211_texto_integral.odt", "ementa": "Solicita patrolamento e coloca\u00e7\u00e3o de britas na Rua Ana N\u00e9ri, Bairro Industrial."}, {"id": 23212, "ano": 2013, "numero": 1940, "tipo__sigla": "IND", "tipo__descricao": "Indica\u00e7\u00e3o/Pedido de Provid\u00eancias", "autoria__autor__nome": "JorgeTatsch", "texto_original": "https://sapl.camaranh.rs.gov.br/media/sapl/public/materialegislativa/2013/23212/23212_texto_integral.odt", "ementa": "Solicita, com URG\u00caNCIA, a coloca\u00e7\u00e3o de boca-de-lobo na Av. Pedro Adams Filho, em frente ao n\u00ba 200, Bairro Santo Afonso/Industrial."}, {"id": 23213, "ano": 2013, "numero": 1941, "tipo__sigla": "IND", "tipo__descricao": "Indica\u00e7\u00e3o/Pedido de Provid\u00eancias", "autoria__autor__nome": "Enfermeiro Vilmar", "texto_original": "https://sapl.camaranh.rs.gov.br/media/sapl/public/materialegislativa/2013/23213/23213_texto_integral.odt", "ementa": "Solicita coloca\u00e7\u00e3o de poste de ilumina\u00e7\u00e3o p\u00fablica na Estrada S\u00e3o Jo\u00e3o do Deserto, em frente ao n\u00famero 1100, Bairro Lomba Grande."}, {"id": 23214, "ano": 2013, "numero": 1942, "tipo__sigla": "IND", "tipo__descricao": "Indica\u00e7\u00e3o/Pedido de Provid\u00eancias", "autoria__autor__nome": "Enfermeiro Vilmar", "texto_original": "https://sapl.camaranh.rs.gov.br/media/sapl/public/materialegislativa/2013/23214/23214_texto_integral.odt", "ementa": "Solicita a troca de l\u00e2mpada do poste de ilumina\u00e7\u00e3o p\u00fablica na Rua Charrua, em frente ao n\u00famero 107, Bairro Canudos."}, {"id": 23216, "ano": 2013, "numero": 1943, "tipo__sigla": "IND", "tipo__descricao": "Indica\u00e7\u00e3o/Pedido de Provid\u00eancias", "autoria__autor__nome": "Enfermeiro Vilmar", "texto_original": "https://sapl.camaranh.rs.gov.br/media/sapl/public/materialegislativa/2013/23216/23216_texto_integral.odt", "ementa": "Solicita coloca\u00e7\u00e3o de um redutor de velocidade  na Rua Nobel, nas proximidades do n\u00ba 90, Bairro Canudos. "}, {"id": 23217, "ano": 2013, "numero": 1944, "tipo__sigla": "IND", "tipo__descricao": "Indica\u00e7\u00e3o/Pedido de Provid\u00eancias", "autoria__autor__nome": "Enfermeiro Vilmar", "texto_original": "https://sapl.camaranh.rs.gov.br/media/sapl/public/materialegislativa/2013/23217/23217_texto_integral.odt", "ementa": "Solicita a coloca\u00e7\u00e3o de banco na parada de \u00f4nibus situada na Rua \u00c2ngelo Provenzano, em frente ao n\u00famero 374, no Bairro Canudos. "}, {"id": 23218, "ano": 2013, "numero": 1945, "tipo__sigla": "IND", "tipo__descricao": "Indica\u00e7\u00e3o/Pedido de Provid\u00eancias", "autoria__autor__nome": "Enfermeiro Vilmar", "texto_original": "https://sapl.camaranh.rs.gov.br/media/sapl/public/materialegislativa/2013/23218/23218_texto_integral.odt", "ementa": "Solicita coloca\u00e7\u00e3o de poste de ilumina\u00e7\u00e3o p\u00fablica, na Rua Rodolfo Roth, em frente ao n\u00famero 1711, Quilombo - Lomba Grande."}, {"id": 23220, "ano": 2013, "numero": 1946, "tipo__sigla": "IND", "tipo__descricao": "Indica\u00e7\u00e3o/Pedido de Provid\u00eancias", "autoria__autor__nome": "Cristiano Coller", "texto_original": "https://sapl.camaranh.rs.gov.br/media/sapl/public/materialegislativa/2013/23220/23220_texto_integral.odt", "ementa": "Solicita coloca\u00e7\u00e3o de  sinaliza\u00e7\u00e3o de tr\u00e2nsito no cruzamento das Ruas Dr. Jo\u00e3o Daniel Hillebrand com Horizontina, no Bairro Rond\u00f4nia."}, {"id": 23221, "ano": 2013, "numero": 1947, "tipo__sigla": "IND", "tipo__descricao": "Indica\u00e7\u00e3o/Pedido de Provid\u00eancias", "autoria__autor__nome": "Cristiano Coller", "texto_original": "https://sapl.camaranh.rs.gov.br/media/sapl/public/materialegislativa/2013/23221/23221_texto_integral.odt", "ementa": "Solicita instala\u00e7\u00e3o de redutor velocidade (quebra-molas) pr\u00f3ximo \u00e0 Escola Municipal Educa\u00e7\u00e3o Infantil Aldo Pohlmann, Bairro Industrial. "}, {"id": 23224, "ano": 2013, "numero": 1948, "tipo__sigla": "IND", "tipo__descricao": "Indica\u00e7\u00e3o/Pedido de Provid\u00eancias", "autoria__autor__nome": "Cristiano Coller", "texto_original": "https://sapl.camaranh.rs.gov.br/media/sapl/public/materialegislativa/2013/23224/23224_texto_integral.odt", "ementa": "Solicita coloca\u00e7\u00e3o de sinaliza\u00e7\u00e3o de tr\u00e2nsito  na Rua Almirante Barroso, em frente ao n\u00ba 261,  Centro."}, {"id": 23225, "ano": 2013, "numero": 1949, "tipo__sigla": "IND", "tipo__descricao": "Indica\u00e7\u00e3o/Pedido de Provid\u00eancias", "autoria__autor__nome": "JorgeTatsch", "texto_original": "https://sapl.camaranh.rs.gov.br/media/sapl/public/materialegislativa/2013/23225/23225_texto_integral.odt", "ementa": "Solicita limpeza do passeio p\u00fablico e recolhimento de lixo na Rua da Divisa, em frente ao n\u00ba 632, Bairro Santo Afonso."}, {"id": 23227, "ano": 2013, "numero": 1950, "tipo__sigla": "IND", "tipo__descricao": "Indica\u00e7\u00e3o/Pedido de Provid\u00eancias", "autoria__autor__nome": "JorgeTatsch", "texto_original": "https://sapl.camaranh.rs.gov.br/media/sapl/public/materialegislativa/2013/23227/23227_texto_integral.odt", "ementa": "Solicita conserto de uma infiltra\u00e7\u00e3o, no passeio p\u00fablico da Rua Da Divisa, em frente ao n\u00ba 632, Bairro Santo Afonso."}, {"id": 23230, "ano": 2013, "numero": 1951, "tipo__sigla": "IND", "tipo__descricao": "Indica\u00e7\u00e3o/Pedido de Provid\u00eancias", "autoria__autor__nome": "Professor Issur Koch", "texto_original": "https://sapl.camaranh.rs.gov.br/media/sapl/public/materialegislativa/2013/23230/23230_texto_integral.odt", "ementa": "Indica o estudo de viabilidade de constru\u00e7\u00e3o de sala de aula para o Programa Mais Educa\u00e7\u00e3o na EMEF Irm\u00e3o Nilo, no Bairro Boa Sa\u00fade."}, {"id": 23231, "ano": 2013, "numero": 1952, "tipo__sigla": "IND", "tipo__descricao": "Indica\u00e7\u00e3o/Pedido de Provid\u00eancias", "autoria__autor__nome": "Professor Issur Koch", "texto_original": "https://sapl.camaranh.rs.gov.br/media/sapl/public/materialegislativa/2013/23231/23231_texto_integral.odt", "ementa": "Indica o estudo de viabilidade de manuten\u00e7\u00e3o e limpeza com mais frequ\u00eancia da Pra\u00e7a do Tri\u00e2ngulo."}, {"id": 23232, "ano": 2013, "numero": 1953, "tipo__sigla": "IND", "tipo__descricao": "Indica\u00e7\u00e3o/Pedido de Provid\u00eancias", "autoria__autor__nome": "Professor Issur Koch", "texto_original": "https://sapl.camaranh.rs.gov.br/media/sapl/public/materialegislativa/2013/23232/23232_texto_integral.odt", "ementa": "Solicita  estudo de viabilidade de sem\u00e1foro para pedestres na Av. Pedro Adams Filho, esquina com a Rua J\u00falio de Castilhos, no Bairro Centro."}, {"id": 23234, "ano": 2013, "numero": 1954, "tipo__sigla": "IND", "tipo__descricao": "Indica\u00e7\u00e3o/Pedido de Provid\u00eancias", "autoria__autor__nome": "JorgeTatsch", "texto_original": "https://sapl.camaranh.rs.gov.br/media/sapl/public/materialegislativa/2013/23234/23234_texto_integral.odt", "ementa": "Solicita substitui\u00e7\u00e3o de tampa de boca-de-lobo, localizada na Rua Ant\u00f4nio Roberto Kroeff, em frente ao n\u00famero 943, no Bairro Santo Afonso. "}, {"id": 23236, "ano": 2013, "numero": 1955, "tipo__sigla": "IND", "tipo__descricao": "Indica\u00e7\u00e3o/Pedido de Provid\u00eancias", "autoria__autor__nome": "JorgeTatsch", "texto_original": "https://sapl.camaranh.rs.gov.br/media/sapl/public/materialegislativa/2013/23236/23236_texto_integral.odt", "ementa": "Solicita recapeamento asf\u00e1ltico da Rua Valparaiso, no Bairro Santo Afonso."}, {"id": 23237, "ano": 2013, "numero": 1956, "tipo__sigla": "IND", "tipo__descricao": "Indica\u00e7\u00e3o/Pedido de Provid\u00eancias", "autoria__autor__nome": "JorgeTatsch", "texto_original": "https://sapl.camaranh.rs.gov.br/media/sapl/public/materialegislativa/2013/23237/23237_texto_integral.odt", "ementa": "Solicita conserto de uma infiltra\u00e7\u00e3o, no passeio p\u00fablico da Rua Valparaiso, em frente ao n\u00ba 799, Bairro Santo Afonso."}, {"id": 23238, "ano": 2013, "numero": 1957, "tipo__sigla": "IND", "tipo__descricao": "Indica\u00e7\u00e3o/Pedido de Provid\u00eancias", "autoria__autor__nome": "Sergio Hanich", "texto_original": "https://sapl.camaranh.rs.gov.br/media/sapl/public/materialegislativa/2013/23238/23238_texto_integral.odt", "ementa": "Solicita coloca\u00e7\u00e3o de britas no final da Rua Seno Ant\u00f4nio Schokal (continua\u00e7\u00e3o), depois da Rua Jos\u00e9 Alo\u00edsio Daudt, Bairro Canudos."}, {"id": 23239, "ano": 2013, "numero": 1958, "tipo__sigla": "IND", "tipo__descricao": "Indica\u00e7\u00e3o/Pedido de Provid\u00eancias", "autoria__autor__nome": "Sergio Hanich", "texto_original": "https://sapl.camaranh.rs.gov.br/media/sapl/public/materialegislativa/2013/23239/23239_texto_integral.odt", "ementa": "Solicita desobstru\u00e7\u00e3o da canaliza\u00e7\u00e3o e limpeza da boca-de-lobo na Rua Presidente Costa e Silva n\u00ba 1460, Bairro Canudos."}, {"id": 23240, "ano": 2013, "numero": 1959, "tipo__sigla": "IND", "tipo__descricao": "Indica\u00e7\u00e3o/Pedido de Provid\u00eancias", "autoria__autor__nome": "Sergio Hanich", "texto_original": "https://sapl.camaranh.rs.gov.br/media/sapl/public/materialegislativa/2013/23240/23240_texto_integral.odt", "ementa": "Pintura dos meios-fios em amarelo no final da Rua Cidreira, nas proximidades do n\u00ba 98, Bairro Canudos."}, {"id": 23243, "ano": 2013, "numero": 1960, "tipo__sigla": "IND", "tipo__descricao": "Indica\u00e7\u00e3o/Pedido de Provid\u00eancias", "autoria__autor__nome": "Inspetor Luz", "texto_original": "https://sapl.camaranh.rs.gov.br/media/sapl/public/materialegislativa/2013/23243/23243_texto_integral.odt", "ementa": "Solicita capina e limpeza junto ao meio-fio em toda a extens\u00e3o da Rua Cuiab\u00e1, no Bairro Boa Vista."}, {"id": 23244, "ano": 2013, "numero": 1961, "tipo__sigla": "IND", "tipo__descricao": "Indica\u00e7\u00e3o/Pedido de Provid\u00eancias", "autoria__autor__nome": "Inspetor Luz", "texto_original": "https://sapl.camaranh.rs.gov.br/media/sapl/public/materialegislativa/2013/23244/23244_texto_integral.odt", "ementa": "Solicita opera\u00e7\u00e3o tapa-buracos em toda extens\u00e3o da Rua Vereador Carlos Em\u00edlio Kolling, especialmente em frente ao Col\u00e9gio Adventista de Canudos, no Bairro Canudos. "}, {"id": 23245, "ano": 2013, "numero": 1962, "tipo__sigla": "IND", "tipo__descricao": "Indica\u00e7\u00e3o/Pedido de Provid\u00eancias", "autoria__autor__nome": "Inspetor Luz", "texto_original": "https://sapl.camaranh.rs.gov.br/media/sapl/public/materialegislativa/2013/23245/23245_texto_integral.odt", "ementa": "Solicita remo\u00e7\u00e3o de galhos, entulhos, lixos e  detritos  depositados na esquina entre as Ruas Limoeiros e  Vereador Ad\u00e3o Rodrigues de Oliveira, Bairro Liberdade. "}, {"id": 23247, "ano": 2013, "numero": 1963, "tipo__sigla": "IND", "tipo__descricao": "Indica\u00e7\u00e3o/Pedido de Provid\u00eancias", "autoria__autor__nome": "Inspetor Luz", "texto_original": "https://sapl.camaranh.rs.gov.br/media/sapl/public/materialegislativa/2013/23247/23247_texto_integral.odt", "ementa": "Solicita ajardinamento, limpeza e revitaliza\u00e7\u00e3o da pra\u00e7a p\u00fablica Doutor Ulysses Guimar\u00e3es, Bairro Santo Afonso."}, {"id": 23248, "ano": 2013, "numero": 1964, "tipo__sigla": "IND", "tipo__descricao": "Indica\u00e7\u00e3o/Pedido de Provid\u00eancias", "autoria__autor__nome": "Inspetor Luz", "texto_original": "https://sapl.camaranh.rs.gov.br/media/sapl/public/materialegislativa/2013/23248/23248_texto_integral.odt", "ementa": "Solicita opera\u00e7\u00e3o tapa-buracos em toda a extens\u00e3o da Rua Santos Pedroso, Bairro Centro."}, {"id": 23249, "ano": 2013, "numero": 1965, "tipo__sigla": "IND", "tipo__descricao": "Indica\u00e7\u00e3o/Pedido de Provid\u00eancias", "autoria__autor__nome": "Inspetor Luz", "texto_original": "https://sapl.camaranh.rs.gov.br/media/sapl/public/materialegislativa/2013/23249/23249_texto_integral.odt", "ementa": "Solicita ajardinamento, limpeza e revitaliza\u00e7\u00e3o da pra\u00e7a p\u00fablica Lidovino Fanton, Bairro Liberdade."}, {"id": 23250, "ano": 2013, "numero": 1966, "tipo__sigla": "IND", "tipo__descricao": "Indica\u00e7\u00e3o/Pedido de Provid\u00eancias", "autoria__autor__nome": "Inspetor Luz", "texto_original": "https://sapl.camaranh.rs.gov.br/media/sapl/public/materialegislativa/2013/23250/23250_texto_integral.odt", "ementa": "Solicita ajardinamento, limpeza e revitaliza\u00e7\u00e3o da pra\u00e7a p\u00fablica Punta Del Este, Bairro Rio Branco."}, {"id": 23251, "ano": 2013, "numero": 1967, "tipo__sigla": "IND", "tipo__descricao": "Indica\u00e7\u00e3o/Pedido de Provid\u00eancias", "autoria__autor__nome": "Inspetor Luz", "texto_original": "https://sapl.camaranh.rs.gov.br/media/sapl/public/materialegislativa/2013/23251/23251_texto_integral.odt", "ementa": "Solicita ajardinamento, limpeza e revitaliza\u00e7\u00e3o da Pra\u00e7a Harmonia, Bairro Oper\u00e1rio."}, {"id": 23252, "ano": 2013, "numero": 1968, "tipo__sigla": "IND", "tipo__descricao": "Indica\u00e7\u00e3o/Pedido de Provid\u00eancias", "autoria__autor__nome": "Inspetor Luz", "texto_original": "https://sapl.camaranh.rs.gov.br/media/sapl/public/materialegislativa/2013/23252/23252_texto_integral.odt", "ementa": "Solicita ajardinamento, limpeza e revitaliza\u00e7\u00e3o da pra\u00e7a p\u00fablica Vinte de Setembro, Bairro Canudos."}, {"id": 23253, "ano": 2013, "numero": 1969, "tipo__sigla": "IND", "tipo__descricao": "Indica\u00e7\u00e3o/Pedido de Provid\u00eancias", "autoria__autor__nome": "Inspetor Luz", "texto_original": "https://sapl.camaranh.rs.gov.br/media/sapl/public/materialegislativa/2013/23253/23253_texto_integral.odt", "ementa": "Solicita ajardinamento, limpeza e revitaliza\u00e7\u00e3o da Pra\u00e7a Rudor Blum, Bairro Rinc\u00e3o."}, {"id": 23254, "ano": 2013, "numero": 1970, "tipo__sigla": "IND", "tipo__descricao": "Indica\u00e7\u00e3o/Pedido de Provid\u00eancias", "autoria__autor__nome": "Inspetor Luz", "texto_original": "https://sapl.camaranh.rs.gov.br/media/sapl/public/materialegislativa/2013/23254/23254_texto_integral.odt", "ementa": "Solicita ajardinamento, limpeza e revitaliza\u00e7\u00e3o da pra\u00e7a p\u00fablica Heitor Villa Lobos, Bairro Boa Vista."}, {"id": 23255, "ano": 2013, "numero": 1971, "tipo__sigla": "IND", "tipo__descricao": "Indica\u00e7\u00e3o/Pedido de Provid\u00eancias", "autoria__autor__nome": "JorgeTatsch", "texto_original": "https://sapl.camaranh.rs.gov.br/media/sapl/public/materialegislativa/2013/23255/23255_texto_integral.odt", "ementa": "Solicita conserto de uma infiltra\u00e7\u00e3o na Rua Man\u00e1gua, em frente ao n\u00ba 451, Bairro Santo Afonso."}, {"id": 23263, "ano": 2013, "numero": 1972, "tipo__sigla": "IND", "tipo__descricao": "Indica\u00e7\u00e3o/Pedido de Provid\u00eancias", "autoria__autor__nome": "Sergio Hanich", "texto_original": "https://sapl.camaranh.rs.gov.br/media/sapl/public/materialegislativa/2013/23263/23263_texto_integral.odt", "ementa": "Solicita recolhimento do entulho na Rua Travessa Pereira Br\u00e1s, esquina com a Rua Jos\u00e9 Alo\u00edsio Daudt, no Bairro Canudos. "}, {"id": 23264, "ano": 2013, "numero": 1973, "tipo__sigla": "IND", "tipo__descricao": "Indica\u00e7\u00e3o/Pedido de Provid\u00eancias", "autoria__autor__nome": "Sergio Hanich", "texto_original": "https://sapl.camaranh.rs.gov.br/media/sapl/public/materialegislativa/2013/23264/23264_texto_integral.odt", "ementa": "Solicita t\u00e9rmino da pavimenta\u00e7\u00e3o da Rua Sergipe, trecho entre a Rua Paran\u00e1 e a lateral da BR-116, Bairro Rinc\u00e3o."}, {"id": 23265, "ano": 2013, "numero": 1974, "tipo__sigla": "IND", "tipo__descricao": "Indica\u00e7\u00e3o/Pedido de Provid\u00eancias", "autoria__autor__nome": "Cristiano Coller", "texto_original": "https://sapl.camaranh.rs.gov.br/media/sapl/public/materialegislativa/2013/23265/23265_texto_integral.odt", "ementa": "Solicita vistoria para constru\u00e7\u00e3o de boca-de-lobo para capta\u00e7\u00e3o de \u00e1gua, na Rua Ivo W. Hack, Loteamento Na\u00e7\u00f5es Unidas, Bairro Santo Afonso."}, {"id": 23266, "ano": 2013, "numero": 1975, "tipo__sigla": "IND", "tipo__descricao": "Indica\u00e7\u00e3o/Pedido de Provid\u00eancias", "autoria__autor__nome": "Cristiano Coller", "texto_original": "https://sapl.camaranh.rs.gov.br/media/sapl/public/materialegislativa/2013/23266/23266_texto_integral.odt", "ementa": "Solicita patrolamento e coloca\u00e7\u00e3o de britas na Rua Manoel Hor\u00e1cio da Silva, Bairro Boa Sa\u00fade."}, {"id": 23268, "ano": 2013, "numero": 1976, "tipo__sigla": "IND", "tipo__descricao": "Indica\u00e7\u00e3o/Pedido de Provid\u00eancias", "autoria__autor__nome": "Cristiano Coller", "texto_original": "https://sapl.camaranh.rs.gov.br/media/sapl/public/materialegislativa/2013/23268/23268_texto_integral.odt", "ementa": "Solicita desobstru\u00e7\u00e3o da rede de esgoto da Rua Leopoldo Wasum, Bairro Santo Afonso."}, {"id": 23269, "ano": 2013, "numero": 1977, "tipo__sigla": "IND", "tipo__descricao": "Indica\u00e7\u00e3o/Pedido de Provid\u00eancias", "autoria__autor__nome": "Cristiano Coller", "texto_original": "https://sapl.camaranh.rs.gov.br/media/sapl/public/materialegislativa/2013/23269/23269_texto_integral.odt", "ementa": "Solicita instala\u00e7\u00e3o de tach\u00f5es no eixo central da pista pr\u00f3ximo \u00e0 Escola Municipal Educa\u00e7\u00e3o Infantil Bela Adormecida, Bairro Rond\u00f4nia. "}, {"id": 23271, "ano": 2013, "numero": 1978, "tipo__sigla": "IND", "tipo__descricao": "Indica\u00e7\u00e3o/Pedido de Provid\u00eancias", "autoria__autor__nome": "Cristiano Coller", "texto_original": "https://sapl.camaranh.rs.gov.br/media/sapl/public/materialegislativa/2013/23271/23271_texto_integral.odt", "ementa": "Solicita coloca\u00e7\u00e3o de britas no Beco  da  Rua Jo\u00e3o Corr\u00eaa ao lado do n\u00ba 315, Bairro Santo Afonso."}, {"id": 23272, "ano": 2013, "numero": 1979, "tipo__sigla": "IND", "tipo__descricao": "Indica\u00e7\u00e3o/Pedido de Provid\u00eancias", "autoria__autor__nome": "Cristiano Coller", "texto_original": "https://sapl.camaranh.rs.gov.br/media/sapl/public/materialegislativa/2013/23272/23272_texto_integral.odt", "ementa": "Solicita pintura da sinaliza\u00e7\u00e3o da entrada de garagens na Rua Leopoldo Wasum, Bairro Santo Afonso."}, {"id": 23275, "ano": 2013, "numero": 1980, "tipo__sigla": "IND", "tipo__descricao": "Indica\u00e7\u00e3o/Pedido de Provid\u00eancias", "autoria__autor__nome": "Professor Issur Koch", "texto_original": "https://sapl.camaranh.rs.gov.br/media/sapl/public/materialegislativa/2013/23275/23275_texto_integral.odt", "ementa": "Solicita estudo de viabilidade de vistoria e monitoramento das \u00e1rvores que correm o risco de queda."}, {"id": 23276, "ano": 2013, "numero": 1981, "tipo__sigla": "IND", "tipo__descricao": "Indica\u00e7\u00e3o/Pedido de Provid\u00eancias", "autoria__autor__nome": "Professor Issur Koch", "texto_original": "https://sapl.camaranh.rs.gov.br/media/sapl/public/materialegislativa/2013/23276/23276_texto_integral.odt", "ementa": "Solicita retirada de entulho no terreno situado ao lado do Residencial Mundo Novo."}, {"id": 23289, "ano": 2013, "numero": 1982, "tipo__sigla": "IND", "tipo__descricao": "Indica\u00e7\u00e3o/Pedido de Provid\u00eancias", "autoria__autor__nome": "Enfermeiro Vilmar", "texto_original": "https://sapl.camaranh.rs.gov.br/media/sapl/public/materialegislativa/2013/23289/23289_texto_integral.odt", "ementa": "Solicita coloca\u00e7\u00e3o de  quebra-mola e faixa de seguran\u00e7a na Rua Campo Bom, entre os n\u00fameros 1979 e 1988,  no Bairro Canudos. "}, {"id": 23294, "ano": 2013, "numero": 1983, "tipo__sigla": "IND", "tipo__descricao": "Indica\u00e7\u00e3o/Pedido de Provid\u00eancias", "autoria__autor__nome": "Professor Issur Koch", "texto_original": "https://sapl.camaranh.rs.gov.br/media/sapl/public/materialegislativa/2013/23294/23294_texto_integral.odt", "ementa": "Sugere ao executivo a cria\u00e7\u00e3o de mais vagas de ber\u00e7\u00e1rio nas Escolas de Educa\u00e7\u00e3o Infantil do Munic\u00edpio."}, {"id": 23295, "ano": 2013, "numero": 1984, "tipo__sigla": "IND", "tipo__descricao": "Indica\u00e7\u00e3o/Pedido de Provid\u00eancias", "autoria__autor__nome": "Professor Issur Koch", "texto_original": "https://sapl.camaranh.rs.gov.br/media/sapl/public/materialegislativa/2013/23295/23295_texto_integral.odt", "ementa": "Solicita regulariza\u00e7\u00e3o do passeio p\u00fablico situado na Rua Sapiranga, esquina com a Rua Mundo Novo, Bairro Jardim Mau\u00e1."}, {"id": 23296, "ano": 2013, "numero": 1985, "tipo__sigla": "IND", "tipo__descricao": "Indica\u00e7\u00e3o/Pedido de Provid\u00eancias", "autoria__autor__nome": "Professor Issur Koch", "texto_original": "https://sapl.camaranh.rs.gov.br/media/sapl/public/materialegislativa/2013/23296/23296_texto_integral.odt", "ementa": "Solicita conserto de tampas de boca-de-lobo no passeio p\u00fablico de toda a extens\u00e3o da Rua Sapiranga, no Bairro Jardim Mau\u00e1."}, {"id": 23297, "ano": 2013, "numero": 1986, "tipo__sigla": "IND", "tipo__descricao": "Indica\u00e7\u00e3o/Pedido de Provid\u00eancias", "autoria__autor__nome": "Professor Issur Koch", "texto_original": "https://sapl.camaranh.rs.gov.br/media/sapl/public/materialegislativa/2013/23297/23297_texto_integral.odt", "ementa": "Solicita pintura de faixa de pedestres na sa\u00edda do estacionamento da Prefeitura Municipal na Rua Mundo Novo, no Bairro Jardim Mau\u00e1."}, {"id": 23298, "ano": 2013, "numero": 1987, "tipo__sigla": "IND", "tipo__descricao": "Indica\u00e7\u00e3o/Pedido de Provid\u00eancias", "autoria__autor__nome": "Professor Issur Koch", "texto_original": "https://sapl.camaranh.rs.gov.br/media/sapl/public/materialegislativa/2013/23298/23298_texto_integral.odt", "ementa": "Solicita rampa de acesso a cadeirantes na sa\u00edda do estacionamento da Prefeitura Municipal, na Rua Mundo Novo, no Bairro Jardim Mau\u00e1."}, {"id": 23299, "ano": 2013, "numero": 1988, "tipo__sigla": "IND", "tipo__descricao": "Indica\u00e7\u00e3o/Pedido de Provid\u00eancias", "autoria__autor__nome": "Professor Issur Koch", "texto_original": "https://sapl.camaranh.rs.gov.br/media/sapl/public/materialegislativa/2013/23299/23299_texto_integral.odt", "ementa": "Solicita rampas de acesso a cadeirantes em toda extens\u00e3o da Rua Mundo Novo, no Bairro Canudos."}, {"id": 23300, "ano": 2013, "numero": 1989, "tipo__sigla": "IND", "tipo__descricao": "Indica\u00e7\u00e3o/Pedido de Provid\u00eancias", "autoria__autor__nome": "Patr\u00edcia Beck", "texto_original": "https://sapl.camaranh.rs.gov.br/media/sapl/public/materialegislativa/2013/23300/23300_texto_integral.odt", "ementa": "Solicita opera\u00e7\u00e3o tapa-buracos na Rua Frederico Gr\u00f6es Neto, em frente ao n\u00ba 70, Vila Nova."}, {"id": 23301, "ano": 2013, "numero": 1990, "tipo__sigla": "IND", "tipo__descricao": "Indica\u00e7\u00e3o/Pedido de Provid\u00eancias", "autoria__autor__nome": "Patr\u00edcia Beck", "texto_original": "https://sapl.camaranh.rs.gov.br/media/sapl/public/materialegislativa/2013/23301/23301_texto_integral.odt", "ementa": "Solicita opera\u00e7\u00e3o tapa-buracos na Rua Engenheiro Jorge Schury, em frente ao n\u00ba-1428, Bairro  S\u00e3o Jos\u00e9."}, {"id": 23302, "ano": 2013, "numero": 1991, "tipo__sigla": "IND", "tipo__descricao": "Indica\u00e7\u00e3o/Pedido de Provid\u00eancias", "autoria__autor__nome": "Patr\u00edcia Beck", "texto_original": "https://sapl.camaranh.rs.gov.br/media/sapl/public/materialegislativa/2013/23302/23302_texto_integral.odt", "ementa": "Solicita opera\u00e7\u00e3o tapa-buracos na Rua Marqu\u00eas de Souza, em frente ao Col\u00e9gio Alberto Pasqualini, Bairro S\u00e3o Jos\u00e9."}, {"id": 23303, "ano": 2013, "numero": 1992, "tipo__sigla": "IND", "tipo__descricao": "Indica\u00e7\u00e3o/Pedido de Provid\u00eancias", "autoria__autor__nome": "Patr\u00edcia Beck", "texto_original": "https://sapl.camaranh.rs.gov.br/media/sapl/public/materialegislativa/2013/23303/23303_texto_integral.odt", "ementa": "Solicita opera\u00e7\u00e3o tapa-buracos no encontro das Ruas Engenheiro Jorge Schury e Marqu\u00eas de Souza, Bairro S\u00e3o Jos\u00e9."}, {"id": 23304, "ano": 2013, "numero": 1993, "tipo__sigla": "IND", "tipo__descricao": "Indica\u00e7\u00e3o/Pedido de Provid\u00eancias", "autoria__autor__nome": "Patr\u00edcia Beck", "texto_original": "https://sapl.camaranh.rs.gov.br/media/sapl/public/materialegislativa/2013/23304/23304_texto_integral.odt", "ementa": "Solicita ro\u00e7ada na Rua Engenheiro Jorge Schury, esquina com a Rua lateral da RS239, S\u00e3o Jos\u00e9."}, {"id": 23306, "ano": 2013, "numero": 1994, "tipo__sigla": "IND", "tipo__descricao": "Indica\u00e7\u00e3o/Pedido de Provid\u00eancias", "autoria__autor__nome": "Patr\u00edcia Beck", "texto_original": "https://sapl.camaranh.rs.gov.br/media/sapl/public/materialegislativa/2013/23306/23306_texto_integral.odt", "ementa": "Solicita opera\u00e7\u00e3o tapa-buracos na Rua Frederico Groes Neto, esquina com a Rua Dem\u00e9trio Ribeiro, Vila Nova."}, {"id": 23307, "ano": 2013, "numero": 1995, "tipo__sigla": "IND", "tipo__descricao": "Indica\u00e7\u00e3o/Pedido de Provid\u00eancias", "autoria__autor__nome": "Inspetor Luz", "texto_original": "https://sapl.camaranh.rs.gov.br/media/sapl/public/materialegislativa/2013/23307/23307_texto_integral.odt", "ementa": "Solicita recomposi\u00e7\u00e3o asf\u00e1ltica na Rua Bento Gon\u00e7alves, em frente ao n\u00ba 2652, Bairro Centro."}, {"id": 23308, "ano": 2013, "numero": 1996, "tipo__sigla": "IND", "tipo__descricao": "Indica\u00e7\u00e3o/Pedido de Provid\u00eancias", "autoria__autor__nome": "Inspetor Luz", "texto_original": "https://sapl.camaranh.rs.gov.br/media/sapl/public/materialegislativa/2013/23308/23308_texto_integral.odt", "ementa": "Solicita recomposi\u00e7\u00e3o asf\u00e1ltica na Avenida Pedro Adams Filho, em frente ao n\u00ba 5115, Bairro  Centro. "}, {"id": 23309, "ano": 2013, "numero": 1997, "tipo__sigla": "IND", "tipo__descricao": "Indica\u00e7\u00e3o/Pedido de Provid\u00eancias", "autoria__autor__nome": "Inspetor Luz", "texto_original": "https://sapl.camaranh.rs.gov.br/media/sapl/public/materialegislativa/2013/23309/23309_texto_integral.odt", "ementa": "Solicita recomposi\u00e7\u00e3o asf\u00e1ltica na Avenida Victor Hugo Kunz, em frente ao n\u00ba 1526, Bairro Hamburgo Velho."}, {"id": 23310, "ano": 2013, "numero": 1998, "tipo__sigla": "IND", "tipo__descricao": "Indica\u00e7\u00e3o/Pedido de Provid\u00eancias", "autoria__autor__nome": "Cristiano Coller", "texto_original": "https://sapl.camaranh.rs.gov.br/media/sapl/public/materialegislativa/2013/23310/23310_texto_integral.odt", "ementa": "Solicita coloca\u00e7\u00e3o de  sinaliza\u00e7\u00e3o de tr\u00e2nsito na Rua Pedro Petry, em frente ao n\u00ba 397, no Bairro Rond\u00f4nia."}, {"id": 23311, "ano": 2013, "numero": 1999, "tipo__sigla": "IND", "tipo__descricao": "Indica\u00e7\u00e3o/Pedido de Provid\u00eancias", "autoria__autor__nome": "Inspetor Luz", "texto_original": "https://sapl.camaranh.rs.gov.br/media/sapl/public/materialegislativa/2013/23311/23311_texto_integral.odt", "ementa": "Solicita capina e limpeza do passeio p\u00fablico e poda de \u00e1rvore na Rua Silveira Martins, esquina com a Rua Santa Catarina, Bairro Centro. "}, {"id": 23312, "ano": 2013, "numero": 2000, "tipo__sigla": "IND", "tipo__descricao": "Indica\u00e7\u00e3o/Pedido de Provid\u00eancias", "autoria__autor__nome": "Inspetor Luz", "texto_original": "https://sapl.camaranh.rs.gov.br/media/sapl/public/materialegislativa/2013/23312/23312_texto_integral.odt", "ementa": "Solicita remo\u00e7\u00e3o de galhos, entulhos, lixos e  detritos  depositados  entre as Ruas Jos\u00e9 Pl\u00e1cido de Castro, na esquina com a Rua Sapiranga, Bairro Canudos."}, {"id": 23321, "ano": 2013, "numero": 2001, "tipo__sigla": "IND", "tipo__descricao": "Indica\u00e7\u00e3o/Pedido de Provid\u00eancias", "autoria__autor__nome": "Raul Cassel", "texto_original": "https://sapl.camaranh.rs.gov.br/media/sapl/public/materialegislativa/2013/23321/23321_texto_integral.odt", "ementa": "Solicita estudo de viabilidade de implanta\u00e7\u00e3o de Academia ao Ar Livre, na pra\u00e7a ao lado da EMEF Prof. Adolfina Diefenthaler, Vila Diehl."}, {"id": 23323, "ano": 2013, "numero": 2002, "tipo__sigla": "IND", "tipo__descricao": "Indica\u00e7\u00e3o/Pedido de Provid\u00eancias", "autoria__autor__nome": "JorgeTatsch", "texto_original": "https://sapl.camaranh.rs.gov.br/media/sapl/public/materialegislativa/2013/23323/23323_texto_integral.odt", "ementa": "Solicita estudo de viabilidade de implanta\u00e7\u00e3o de Academia ao Ar Livre, na pra\u00e7a da Rua Carlos C. Gr\u00fcn e Rua Travess\u00e3o, Bairro Rond\u00f4nia."}, {"id": 23324, "ano": 2013, "numero": 2003, "tipo__sigla": "IND", "tipo__descricao": "Indica\u00e7\u00e3o/Pedido de Provid\u00eancias", "autoria__autor__nome": "JorgeTatsch", "texto_original": "https://sapl.camaranh.rs.gov.br/media/sapl/public/materialegislativa/2013/23324/23324_texto_integral.odt", "ementa": "Solicita ajardinamento, limpeza e revitaliza\u00e7\u00e3o da pra\u00e7a localizada na Rua Carlos C. Gr\u00fcn e Rua Travess\u00e3o, Bairro Rond\u00f4nia."}, {"id": 23326, "ano": 2013, "numero": 2004, "tipo__sigla": "IND", "tipo__descricao": "Indica\u00e7\u00e3o/Pedido de Provid\u00eancias", "autoria__autor__nome": "Patr\u00edcia Beck", "texto_original": "https://sapl.camaranh.rs.gov.br/media/sapl/public/materialegislativa/2013/23326/23326_texto_integral.odt", "ementa": "Solicita capeamento asfaltico da Rua Anchieta, Bairro S\u00e3o Jorge."}, {"id": 23327, "ano": 2013, "numero": 2005, "tipo__sigla": "IND", "tipo__descricao": "Indica\u00e7\u00e3o/Pedido de Provid\u00eancias", "autoria__autor__nome": "Patr\u00edcia Beck", "texto_original": "https://sapl.camaranh.rs.gov.br/media/sapl/public/materialegislativa/2013/23327/23327_texto_integral.odt", "ementa": "Solicita  opera\u00e7\u00e3o tapa-buracos na Rua Espirito Santo, entre a Av. Victor H. Kunz e Rua Benedito Calixto, Bairro Canudos."}, {"id": 23329, "ano": 2013, "numero": 2006, "tipo__sigla": "IND", "tipo__descricao": "Indica\u00e7\u00e3o/Pedido de Provid\u00eancias", "autoria__autor__nome": "Patr\u00edcia Beck", "texto_original": "https://sapl.camaranh.rs.gov.br/media/sapl/public/materialegislativa/2013/23329/23329_texto_integral.odt", "ementa": "Solicita conserto  da boca-de-lobo e passeio p\u00fablico na Rua Santa Cruz, esquina com a Rua Canoinhas, Bairro S\u00e3o Jos\u00e9."}, {"id": 23330, "ano": 2013, "numero": 2007, "tipo__sigla": "IND", "tipo__descricao": "Indica\u00e7\u00e3o/Pedido de Provid\u00eancias", "autoria__autor__nome": "Patr\u00edcia Beck", "texto_original": "https://sapl.camaranh.rs.gov.br/media/sapl/public/materialegislativa/2013/23330/23330_texto_integral.odt", "ementa": "Solicita opera\u00e7\u00e3o tapa buracos na Av.Victor H. Kunz, entre as Ruas Frederico Mentz e Marques de Souza,  Bairro Hamburgo Velho."}, {"id": 23331, "ano": 2013, "numero": 2008, "tipo__sigla": "IND", "tipo__descricao": "Indica\u00e7\u00e3o/Pedido de Provid\u00eancias", "autoria__autor__nome": "Patr\u00edcia Beck", "texto_original": "https://sapl.camaranh.rs.gov.br/media/sapl/public/materialegislativa/2013/23331/23331_texto_integral.odt", "ementa": "Solicita opera\u00e7\u00e3o tapa buracos na Rua Jorge Ondere, entre a Av. Victor H. Kunz e a Rua Pedro Am\u00e9rico, Bairro S\u00e3o Jorge."}, {"id": 23334, "ano": 2013, "numero": 2009, "tipo__sigla": "IND", "tipo__descricao": "Indica\u00e7\u00e3o/Pedido de Provid\u00eancias", "autoria__autor__nome": "Sergio Hanich", "texto_original": "https://sapl.camaranh.rs.gov.br/media/sapl/public/materialegislativa/2013/23334/23334_texto_integral.odt", "ementa": "Solicita coloca\u00e7\u00e3o de britas no final da Rua dos M\u00e9dicos, Bairro Diehl."}, {"id": 23337, "ano": 2013, "numero": 2010, "tipo__sigla": "IND", "tipo__descricao": "Indica\u00e7\u00e3o/Pedido de Provid\u00eancias", "autoria__autor__nome": "Patr\u00edcia Beck", "texto_original": "https://sapl.camaranh.rs.gov.br/media/sapl/public/materialegislativa/2013/23337/23337_texto_integral.odt", "ementa": "Solicita  opera\u00e7\u00e3o tapa-buracos na r\u00f3tula da Rua Joaquim Pedro Soares, Bairro Guarani. "}, {"id": 23338, "ano": 2013, "numero": 2011, "tipo__sigla": "IND", "tipo__descricao": "Indica\u00e7\u00e3o/Pedido de Provid\u00eancias", "autoria__autor__nome": "Patr\u00edcia Beck", "texto_original": "https://sapl.camaranh.rs.gov.br/media/sapl/public/materialegislativa/2013/23338/23338_texto_integral.odt", "ementa": "Solicita opera\u00e7\u00e3o tapa-buracos na Rua S\u00e3o Carlos, entre as Rua Joaquim Pedro Soares e S\u00e3o Fernando, Bairro Guarani. "}, {"id": 23343, "ano": 2013, "numero": 2012, "tipo__sigla": "IND", "tipo__descricao": "Indica\u00e7\u00e3o/Pedido de Provid\u00eancias", "autoria__autor__nome": "Patr\u00edcia Beck", "texto_original": "https://sapl.camaranh.rs.gov.br/media/sapl/public/materialegislativa/2013/23343/23343_texto_integral.odt", "ementa": "Solicita opera\u00e7\u00e3o tapa-buracos em diversos pontos da Rua S\u00e3o Luiz Gonzaga, no Bairro Guarani. "}, {"id": 23345, "ano": 2013, "numero": 2013, "tipo__sigla": "IND", "tipo__descricao": "Indica\u00e7\u00e3o/Pedido de Provid\u00eancias", "autoria__autor__nome": "Patr\u00edcia Beck", "texto_original": "https://sapl.camaranh.rs.gov.br/media/sapl/public/materialegislativa/2013/23345/23345_texto_integral.odt", "ementa": "Solicita corre\u00e7\u00e3o da pista na Av. Victor Hugo Kunz, na sinaleira com a Rua Porto Alegre, Bairro Hamburgo Velho. "}, {"id": 23346, "ano": 2013, "numero": 2014, "tipo__sigla": "IND", "tipo__descricao": "Indica\u00e7\u00e3o/Pedido de Provid\u00eancias", "autoria__autor__nome": "JorgeTatsch", "texto_original": "https://sapl.camaranh.rs.gov.br/media/sapl/public/materialegislativa/2013/23346/23346_texto_integral.odt", "ementa": "Solicita limpeza do passeio p\u00fablico e recolhimento de lixo ao longo da Rua Presidente Neves, Bairro Santo Afonso."}, {"id": 23349, "ano": 2013, "numero": 2015, "tipo__sigla": "IND", "tipo__descricao": "Indica\u00e7\u00e3o/Pedido de Provid\u00eancias", "autoria__autor__nome": "Raul Cassel", "texto_original": "https://sapl.camaranh.rs.gov.br/media/sapl/public/materialegislativa/2013/23349/23349_texto_integral.odt", "ementa": "Solicita a realiza\u00e7\u00e3o de opera\u00e7\u00e3o tapa-buracos na pavimenta\u00e7\u00e3o asf\u00e1ltica da Rua Padre Jos\u00e9 Maur\u00edcio, em frente ao n\u00ba 171 no Bairro Rio Branco."}, {"id": 23350, "ano": 2013, "numero": 2016, "tipo__sigla": "IND", "tipo__descricao": "Indica\u00e7\u00e3o/Pedido de Provid\u00eancias", "autoria__autor__nome": "Patr\u00edcia Beck", "texto_original": "https://sapl.camaranh.rs.gov.br/media/sapl/public/materialegislativa/2013/23350/23350_texto_integral.odt", "ementa": "Solicita a implanta\u00e7\u00e3o de sinaleira no encontro das Ruas Col\u00fambia com a Rua Floren\u00e7a, no Bairro Canudos."}, {"id": 23352, "ano": 2013, "numero": 2017, "tipo__sigla": "IND", "tipo__descricao": "Indica\u00e7\u00e3o/Pedido de Provid\u00eancias", "autoria__autor__nome": "Inspetor Luz", "texto_original": "https://sapl.camaranh.rs.gov.br/media/sapl/public/materialegislativa/2013/23352/23352_texto_integral.odt", "ementa": "Solicita capina e limpeza junto ao meio-fio em toda a extens\u00e3o da Rua Onze de Junho, Bairro Oper\u00e1rio."}, {"id": 23353, "ano": 2013, "numero": 2018, "tipo__sigla": "IND", "tipo__descricao": "Indica\u00e7\u00e3o/Pedido de Provid\u00eancias", "autoria__autor__nome": "Inspetor Luz", "texto_original": "https://sapl.camaranh.rs.gov.br/media/sapl/public/materialegislativa/2013/23353/23353_texto_integral.odt", "ementa": "Solicita opera\u00e7\u00e3o tapa-buracos em toda a extens\u00e3o da Rua Ava\u00ed, Bairro Vila Rosa."}, {"id": 23354, "ano": 2013, "numero": 2019, "tipo__sigla": "IND", "tipo__descricao": "Indica\u00e7\u00e3o/Pedido de Provid\u00eancias", "autoria__autor__nome": "Inspetor Luz", "texto_original": "https://sapl.camaranh.rs.gov.br/media/sapl/public/materialegislativa/2013/23354/23354_texto_integral.odt", "ementa": "Solicita opera\u00e7\u00e3o tapa-buracos em toda a extens\u00e3o da Rua Pedro Alvares Cabral, Bairro Vila Rosa."}, {"id": 23355, "ano": 2013, "numero": 2020, "tipo__sigla": "IND", "tipo__descricao": "Indica\u00e7\u00e3o/Pedido de Provid\u00eancias", "autoria__autor__nome": "Inspetor Luz", "texto_original": "https://sapl.camaranh.rs.gov.br/media/sapl/public/materialegislativa/2013/23355/23355_texto_integral.odt", "ementa": "Solicita capina e limpeza junto ao meio-fio, em toda a extens\u00e3o da Rua Visconde de S\u00e3o Leopoldo, Bairro Vila Rosa."}, {"id": 23356, "ano": 2013, "numero": 2021, "tipo__sigla": "IND", "tipo__descricao": "Indica\u00e7\u00e3o/Pedido de Provid\u00eancias", "autoria__autor__nome": "Inspetor Luz", "texto_original": "https://sapl.camaranh.rs.gov.br/media/sapl/public/materialegislativa/2013/23356/23356_texto_integral.odt", "ementa": "Solicita opera\u00e7\u00e3o tapa-buracos em toda a extens\u00e3o da Rua Crist\u00f3v\u00e3o Colombo, Bairro Vila Rosa."}, {"id": 23357, "ano": 2013, "numero": 2022, "tipo__sigla": "IND", "tipo__descricao": "Indica\u00e7\u00e3o/Pedido de Provid\u00eancias", "autoria__autor__nome": "Betinho", "texto_original": "https://sapl.camaranh.rs.gov.br/media/sapl/public/materialegislativa/2013/23357/23357_texto_integral.odt", "ementa": "Sugere a cria\u00e7\u00e3o, no Munic\u00edpio de Novo Hamburgo, do Programa de Conserva\u00e7\u00e3o e Uso Racional da \u00c1gua nas Edifica\u00e7\u00f5es - PURAE. "}, {"id": 23358, "ano": 2013, "numero": 2023, "tipo__sigla": "IND", "tipo__descricao": "Indica\u00e7\u00e3o/Pedido de Provid\u00eancias", "autoria__autor__nome": "Patr\u00edcia Beck", "texto_original": "https://sapl.camaranh.rs.gov.br/media/sapl/public/materialegislativa/2013/23358/23358_texto_integral.odt", "ementa": "Solicita a poda ou corte radical de \u00e1rvore na Rua Fernando Winck, em frente ao n\u00ba 46, Vila Nova."}, {"id": 23359, "ano": 2013, "numero": 2024, "tipo__sigla": "IND", "tipo__descricao": "Indica\u00e7\u00e3o/Pedido de Provid\u00eancias", "autoria__autor__nome": "Patr\u00edcia Beck", "texto_original": "https://sapl.camaranh.rs.gov.br/media/sapl/public/materialegislativa/2013/23359/23359_texto_integral.odt", "ementa": "Sugere a cria\u00e7\u00e3o do Fundo Municipal do Transporte P\u00fablico Coletivo Urbano - FMTPCU."}, {"id": 23360, "ano": 2013, "numero": 2025, "tipo__sigla": "IND", "tipo__descricao": "Indica\u00e7\u00e3o/Pedido de Provid\u00eancias", "autoria__autor__nome": "Patr\u00edcia Beck", "texto_original": "https://sapl.camaranh.rs.gov.br/media/sapl/public/materialegislativa/2013/23360/23360_texto_integral.odt", "ementa": "Solicita  opera\u00e7\u00e3o tapa-buracos na  Rua Porto Alegre, com Aluizio de Azevedo, Vila Nova. "}, {"id": 23361, "ano": 2013, "numero": 2026, "tipo__sigla": "IND", "tipo__descricao": "Indica\u00e7\u00e3o/Pedido de Provid\u00eancias", "autoria__autor__nome": "Cristiano Coller", "texto_original": "https://sapl.camaranh.rs.gov.br/media/sapl/public/materialegislativa/2013/23361/23361_texto_integral.odt", "ementa": "Solicita conserto de corrim\u00e3o na escadaria localizada entre as Ruas Guia Lopes e Forquetinha, ao Lado do n\u00ba 239, Bairro Jardim Mau\u00e1."}, {"id": 23362, "ano": 2013, "numero": 2027, "tipo__sigla": "IND", "tipo__descricao": "Indica\u00e7\u00e3o/Pedido de Provid\u00eancias", "autoria__autor__nome": "Cristiano Coller", "texto_original": "https://sapl.camaranh.rs.gov.br/media/sapl/public/materialegislativa/2013/23362/23362_texto_integral.odt", "ementa": "Solicita substitui\u00e7\u00e3o de postes de energia el\u00e9trica que est\u00e3o danificados na Rua  Roberto Kronmeyer, Bairro Santo Afonso."}, {"id": 23364, "ano": 2013, "numero": 2028, "tipo__sigla": "IND", "tipo__descricao": "Indica\u00e7\u00e3o/Pedido de Provid\u00eancias", "autoria__autor__nome": "Cristiano Coller", "texto_original": "https://sapl.camaranh.rs.gov.br/media/sapl/public/materialegislativa/2013/23364/23364_texto_integral.odt", "ementa": "Solicita opera\u00e7\u00e3o tapa-buracos na Rua Alemanha, esquina com a Rua Fran\u00e7a, Bairro Rinc\u00e3o."}, {"id": 23366, "ano": 2013, "numero": 2029, "tipo__sigla": "IND", "tipo__descricao": "Indica\u00e7\u00e3o/Pedido de Provid\u00eancias", "autoria__autor__nome": "Cristiano Coller", "texto_original": "https://sapl.camaranh.rs.gov.br/media/sapl/public/materialegislativa/2013/23366/23366_texto_integral.odt", "ementa": "Solicita conserto de paralelep\u00edpedos soltos na extens\u00e3o da Rua Piren\u00f3polis, no trecho entre as Ruas Santo Dias da Silva e Taim, Bairro Boa Sa\u00fade."}, {"id": 23368, "ano": 2013, "numero": 2030, "tipo__sigla": "IND", "tipo__descricao": "Indica\u00e7\u00e3o/Pedido de Provid\u00eancias", "autoria__autor__nome": "Luiz Fernando Farias", "texto_original": "https://sapl.camaranh.rs.gov.br/media/sapl/public/materialegislativa/2013/23368/23368_texto_integral.odt", "ementa": "Solicita  implanta\u00e7\u00e3o de sinaliza\u00e7\u00e3o de tr\u00e2nsito e redutor de velocidade (quebra-molas), na Rua Engenheiro Jorge Schury, nas proximidades do n\u00famero 2848, no Bairro S\u00e3o Jos\u00e9."}, {"id": 23369, "ano": 2013, "numero": 2031, "tipo__sigla": "IND", "tipo__descricao": "Indica\u00e7\u00e3o/Pedido de Provid\u00eancias", "autoria__autor__nome": "Luiz Fernando Farias", "texto_original": "https://sapl.camaranh.rs.gov.br/media/sapl/public/materialegislativa/2013/23369/23369_texto_integral.odt", "ementa": "Solicita implanta\u00e7\u00e3o de redutor de velocidade (quebra-molas) na Rua Vidal Brasil, nas proximidades do n\u00famero 177, no Bairro Hamburgo Velho."}, {"id": 23370, "ano": 2013, "numero": 2032, "tipo__sigla": "IND", "tipo__descricao": "Indica\u00e7\u00e3o/Pedido de Provid\u00eancias", "autoria__autor__nome": "Luiz Fernando Farias", "texto_original": "https://sapl.camaranh.rs.gov.br/media/sapl/public/materialegislativa/2013/23370/23370_texto_integral.odt", "ementa": "Solicita poda de \u00e1rvore na Rua Guia Lopes, em frente ao n\u00ba 4874, Bairro Rond\u00f4nia."}, {"id": 23371, "ano": 2013, "numero": 2033, "tipo__sigla": "IND", "tipo__descricao": "Indica\u00e7\u00e3o/Pedido de Provid\u00eancias", "autoria__autor__nome": "Luiz Fernando Farias", "texto_original": "https://sapl.camaranh.rs.gov.br/media/sapl/public/materialegislativa/2013/23371/23371_texto_integral.odt", "ementa": "Solicita  vistoria e conserto de rede pluvial na Rua Potiguara, nas proximidades do n\u00famero 1188, no Bairro Canudos."}, {"id": 23372, "ano": 2013, "numero": 2034, "tipo__sigla": "IND", "tipo__descricao": "Indica\u00e7\u00e3o/Pedido de Provid\u00eancias", "autoria__autor__nome": "Luiz Carlos Schenlrte", "texto_original": "https://sapl.camaranh.rs.gov.br/media/sapl/public/materialegislativa/2013/23372/23372_texto_integral.odt", "ementa": "Solicita opera\u00e7\u00e3o tapa-buracos em toda a extens\u00e3o da Rua Cear\u00e1, Bairro Rinc\u00e3o."}, {"id": 23373, "ano": 2013, "numero": 2035, "tipo__sigla": "IND", "tipo__descricao": "Indica\u00e7\u00e3o/Pedido de Provid\u00eancias", "autoria__autor__nome": "Luiz Carlos Schenlrte", "texto_original": "https://sapl.camaranh.rs.gov.br/media/sapl/public/materialegislativa/2013/23373/23373_texto_integral.odt", "ementa": "Solicita conserto da boca-de-lobo e do asfaltamento em frente ao n\u00ba 30, na Rua M\u00f4naco, Bairro Rinc\u00e3o."}, {"id": 23374, "ano": 2013, "numero": 2036, "tipo__sigla": "IND", "tipo__descricao": "Indica\u00e7\u00e3o/Pedido de Provid\u00eancias", "autoria__autor__nome": "Luiz Carlos Schenlrte", "texto_original": "https://sapl.camaranh.rs.gov.br/media/sapl/public/materialegislativa/2013/23374/23374_texto_integral.odt", "ementa": "Sugere ao Executivo estudo para tornar de m\u00e3o \u00fanica a Rua Luxemburgo, entre a via lateral da BR-116 e a Rua Espanha, Bairro Rinc\u00e3o."}, {"id": 23375, "ano": 2013, "numero": 2037, "tipo__sigla": "IND", "tipo__descricao": "Indica\u00e7\u00e3o/Pedido de Provid\u00eancias", "autoria__autor__nome": "Enfermeiro Vilmar", "texto_original": "https://sapl.camaranh.rs.gov.br/media/sapl/public/materialegislativa/2013/23375/23375_texto_integral.odt", "ementa": "Solicita  implanta\u00e7\u00e3o de sinaliza\u00e7\u00e3o de tr\u00e2nsito e redutor de velocidade, na Rua Jundia\u00ed, n\u00famero 122, no Bairro S\u00e3o Jos\u00e9."}, {"id": 23376, "ano": 2013, "numero": 2038, "tipo__sigla": "IND", "tipo__descricao": "Indica\u00e7\u00e3o/Pedido de Provid\u00eancias", "autoria__autor__nome": "Betinho", "texto_original": "https://sapl.camaranh.rs.gov.br/media/sapl/public/materialegislativa/2013/23376/23376_texto_integral.odt", "ementa": "Solicita notifica\u00e7\u00e3o do propriet\u00e1rio do terreno localizado na Rua Silvio Gilberto Christmann, ao lado do n\u00famero 636, para que providencie a limpeza do local."}, {"id": 23377, "ano": 2013, "numero": 2039, "tipo__sigla": "IND", "tipo__descricao": "Indica\u00e7\u00e3o/Pedido de Provid\u00eancias", "autoria__autor__nome": "Inspetor Luz", "texto_original": "https://sapl.camaranh.rs.gov.br/media/sapl/public/materialegislativa/2013/23377/23377_texto_integral.odt", "ementa": "Solicita melhorias na rede de ilumina\u00e7\u00e3o p\u00fablica da Rua S\u00e3o Gabriel, Bairro Primavera."}, {"id": 23378, "ano": 2013, "numero": 2040, "tipo__sigla": "IND", "tipo__descricao": "Indica\u00e7\u00e3o/Pedido de Provid\u00eancias", "autoria__autor__nome": "Inspetor Luz", "texto_original": "https://sapl.camaranh.rs.gov.br/media/sapl/public/materialegislativa/2013/23378/23378_texto_integral.odt", "ementa": "Solicita melhorias na rede de ilumina\u00e7\u00e3o p\u00fablica da Rua Carlos Afonso Braunger, Bairro Santo Afonso."}, {"id": 23379, "ano": 2013, "numero": 2041, "tipo__sigla": "IND", "tipo__descricao": "Indica\u00e7\u00e3o/Pedido de Provid\u00eancias", "autoria__autor__nome": "Inspetor Luz", "texto_original": "https://sapl.camaranh.rs.gov.br/media/sapl/public/materialegislativa/2013/23379/23379_texto_integral.odt", "ementa": "Solicita capina e limpeza junto ao meio-fio, em toda extens\u00e3o da Rua S\u00e3o Nicolau, Bairro Primavera."}, {"id": 23380, "ano": 2013, "numero": 2042, "tipo__sigla": "IND", "tipo__descricao": "Indica\u00e7\u00e3o/Pedido de Provid\u00eancias", "autoria__autor__nome": "Inspetor Luz", "texto_original": "https://sapl.camaranh.rs.gov.br/media/sapl/public/materialegislativa/2013/23380/23380_texto_integral.odt", "ementa": "Solicita capina e limpeza junto ao meio-fio em toda extens\u00e3o da Rua Otto Feiten, Bairro Primavera."}, {"id": 23381, "ano": 2013, "numero": 2043, "tipo__sigla": "IND", "tipo__descricao": "Indica\u00e7\u00e3o/Pedido de Provid\u00eancias", "autoria__autor__nome": "Inspetor Luz", "texto_original": "https://sapl.camaranh.rs.gov.br/media/sapl/public/materialegislativa/2013/23381/23381_texto_integral.odt", "ementa": "Solicita recomposi\u00e7\u00e3o asf\u00e1ltica em toda extens\u00e3o da Rua Bananal, no Bairro Canudos."}, {"id": 23382, "ano": 2013, "numero": 2044, "tipo__sigla": "IND", "tipo__descricao": "Indica\u00e7\u00e3o/Pedido de Provid\u00eancias", "autoria__autor__nome": "Inspetor Luz", "texto_original": "https://sapl.camaranh.rs.gov.br/media/sapl/public/materialegislativa/2013/23382/23382_texto_integral.odt", "ementa": "Solicita recomposi\u00e7\u00e3o asf\u00e1ltica em toda extens\u00e3o da Rua Epit\u00e1cio Pessoa, no Bairro Primavera."}, {"id": 23383, "ano": 2013, "numero": 2045, "tipo__sigla": "IND", "tipo__descricao": "Indica\u00e7\u00e3o/Pedido de Provid\u00eancias", "autoria__autor__nome": "Inspetor Luz", "texto_original": "https://sapl.camaranh.rs.gov.br/media/sapl/public/materialegislativa/2013/23383/23383_texto_integral.odt", "ementa": "Solicita recomposi\u00e7\u00e3o asf\u00e1ltica em toda extens\u00e3o da Rua Trist\u00e3o de Alencar, no Bairro Primavera."}, {"id": 23384, "ano": 2013, "numero": 2046, "tipo__sigla": "IND", "tipo__descricao": "Indica\u00e7\u00e3o/Pedido de Provid\u00eancias", "autoria__autor__nome": "Inspetor Luz", "texto_original": "https://sapl.camaranh.rs.gov.br/media/sapl/public/materialegislativa/2013/23384/23384_texto_integral.odt", "ementa": "Solicita recomposi\u00e7\u00e3o asf\u00e1ltica em toda extens\u00e3o da Rua Jaguari, no Bairro Primavera."}, {"id": 23385, "ano": 2013, "numero": 2047, "tipo__sigla": "IND", "tipo__descricao": "Indica\u00e7\u00e3o/Pedido de Provid\u00eancias", "autoria__autor__nome": "Inspetor Luz", "texto_original": "https://sapl.camaranh.rs.gov.br/media/sapl/public/materialegislativa/2013/23385/23385_texto_integral.odt", "ementa": "Solicita capina e limpeza junto ao meio-fio em toda extens\u00e3o da Rua Madre Regina,  no Bairro  S\u00e3o Jorge."}, {"id": 23386, "ano": 2013, "numero": 2048, "tipo__sigla": "IND", "tipo__descricao": "Indica\u00e7\u00e3o/Pedido de Provid\u00eancias", "autoria__autor__nome": "Inspetor Luz", "texto_original": "https://sapl.camaranh.rs.gov.br/media/sapl/public/materialegislativa/2013/23386/23386_texto_integral.odt", "ementa": "Solicita  substitui\u00e7\u00e3o de tampa de boca-de-lobo localizado em frente ao n\u00ba 1229, da Rua Bartolomeu de Gusm\u00e3o, no Bairro Canudos."}, {"id": 23390, "ano": 2013, "numero": 2049, "tipo__sigla": "IND", "tipo__descricao": "Indica\u00e7\u00e3o/Pedido de Provid\u00eancias", "autoria__autor__nome": "Patr\u00edcia Beck", "texto_original": "https://sapl.camaranh.rs.gov.br/media/sapl/public/materialegislativa/2013/23390/23390_texto_integral.odt", "ementa": "Solicita  opera\u00e7\u00e3o tapa-buracos na Av. Daltro Filho, em frente ao posto de gasolina, na Vila Nova."}, {"id": 23391, "ano": 2013, "numero": 2050, "tipo__sigla": "IND", "tipo__descricao": "Indica\u00e7\u00e3o/Pedido de Provid\u00eancias", "autoria__autor__nome": "Patr\u00edcia Beck", "texto_original": "https://sapl.camaranh.rs.gov.br/media/sapl/public/materialegislativa/2013/23391/23391_texto_integral.odt", "ementa": "Solicita  cobertura asf\u00e1ltica da Rua Padre N\u00f3brega, entre as Ruas Dem\u00e9trio Ribeiro e Ibirub\u00e1, Vila Nova."}, {"id": 23392, "ano": 2013, "numero": 2051, "tipo__sigla": "IND", "tipo__descricao": "Indica\u00e7\u00e3o/Pedido de Provid\u00eancias", "autoria__autor__nome": "Patr\u00edcia Beck", "texto_original": "https://sapl.camaranh.rs.gov.br/media/sapl/public/materialegislativa/2013/23392/23392_texto_integral.odt", "ementa": "Solicita opera\u00e7\u00e3o tapa-buracos na Rua S\u00e3o Luiz Gonzaga, na esquina com a Rua Santo \u00c2ngelo,  Bairro Guarani."}, {"id": 23394, "ano": 2013, "numero": 2052, "tipo__sigla": "IND", "tipo__descricao": "Indica\u00e7\u00e3o/Pedido de Provid\u00eancias", "autoria__autor__nome": "Patr\u00edcia Beck", "texto_original": "https://sapl.camaranh.rs.gov.br/media/sapl/public/materialegislativa/2013/23394/23394_texto_integral.odt", "ementa": "Solicita pintura do quebra-molas na Rua Oscar Bender, em frente \u00e0 \"USF\" Canudos. "}, {"id": 23396, "ano": 2013, "numero": 2053, "tipo__sigla": "IND", "tipo__descricao": "Indica\u00e7\u00e3o/Pedido de Provid\u00eancias", "autoria__autor__nome": "Patr\u00edcia Beck", "texto_original": "https://sapl.camaranh.rs.gov.br/media/sapl/public/materialegislativa/2013/23396/23396_texto_integral.odt", "ementa": "Solicita conserto de boca-de-lobo na Rua Padre N\u00f3brega, esquina com a Rua Dem\u00e9trio Ribeiro, Bairro Vila Nova."}, {"id": 23398, "ano": 2013, "numero": 2054, "tipo__sigla": "IND", "tipo__descricao": "Indica\u00e7\u00e3o/Pedido de Provid\u00eancias", "autoria__autor__nome": "Patr\u00edcia Beck", "texto_original": "https://sapl.camaranh.rs.gov.br/media/sapl/public/materialegislativa/2013/23398/23398_texto_integral.odt", "ementa": "Solicita conserto de boca-de-lobo na Rua Bento Gon\u00e7alves, esquina com a Rua S\u00e3o Luiz Gonzaga, Bairro Guarani."}, {"id": 23400, "ano": 2013, "numero": 2055, "tipo__sigla": "IND", "tipo__descricao": "Indica\u00e7\u00e3o/Pedido de Provid\u00eancias", "autoria__autor__nome": "Sergio Hanich", "texto_original": "https://sapl.camaranh.rs.gov.br/media/sapl/public/materialegislativa/2013/23400/23400_texto_integral.odt", "ementa": "Solicita adequa\u00e7\u00e3o do artigo 58 da Lei Municipal n\u00ba 154/1992 que disp\u00f5e sobre o Sistema de Seguridade Social aos Servidores P\u00fablicos de Novo Hamburgo."}, {"id": 23401, "ano": 2013, "numero": 2056, "tipo__sigla": "IND", "tipo__descricao": "Indica\u00e7\u00e3o/Pedido de Provid\u00eancias", "autoria__autor__nome": "Enfermeiro Vilmar", "texto_original": "https://sapl.camaranh.rs.gov.br/media/sapl/public/materialegislativa/2013/23401/23401_texto_integral.odt", "ementa": "Sugere ao Executivo a apresenta\u00e7\u00e3o de projeto de lei dispondo sobre a realiza\u00e7\u00e3o de exame para detectar doen\u00e7as card\u00edacas cong\u00eanitas em rec\u00e9m-nascidos, denominado Teste de Oximetria de Pulso, no \u00e2mbito do Munic\u00edpio."}, {"id": 23404, "ano": 2013, "numero": 2057, "tipo__sigla": "IND", "tipo__descricao": "Indica\u00e7\u00e3o/Pedido de Provid\u00eancias", "autoria__autor__nome": "Enfermeiro Vilmar", "texto_original": "https://sapl.camaranh.rs.gov.br/media/sapl/public/materialegislativa/2013/23404/23404_texto_integral.odt", "ementa": "Sugere ao Executivo a apresenta\u00e7\u00e3o de projeto de lei dispondo sobre o Programa de Conscientiza\u00e7\u00e3o e Orienta\u00e7\u00e3o sobre S\u00edndrome de Down."}, {"id": 23411, "ano": 2013, "numero": 2058, "tipo__sigla": "IND", "tipo__descricao": "Indica\u00e7\u00e3o/Pedido de Provid\u00eancias", "autoria__autor__nome": "Sergio Hanich", "texto_original": "https://sapl.camaranh.rs.gov.br/media/sapl/public/materialegislativa/2013/23411/23411_texto_integral.odt", "ementa": "Solicita substitui\u00e7\u00e3o de tampa de boca-de-lobo na Rua Boa Sa\u00fade, esquina com a Avenida Frederico Linck, Bairro Rio Branco. "}, {"id": 23413, "ano": 2013, "numero": 2059, "tipo__sigla": "IND", "tipo__descricao": "Indica\u00e7\u00e3o/Pedido de Provid\u00eancias", "autoria__autor__nome": "Sergio Hanich", "texto_original": "https://sapl.camaranh.rs.gov.br/media/sapl/public/materialegislativa/2013/23413/23413_texto_integral.odt", "ementa": "Solicita limpeza e substitui\u00e7\u00e3o de tampa de boca-de-lobo na Rua La Habana, em frente ao n\u00ba 351, Bairro Santo Afonso."}, {"id": 23419, "ano": 2013, "numero": 2060, "tipo__sigla": "IND", "tipo__descricao": "Indica\u00e7\u00e3o/Pedido de Provid\u00eancias", "autoria__autor__nome": "Professor Issur Koch", "texto_original": "https://sapl.camaranh.rs.gov.br/media/sapl/public/materialegislativa/2013/23419/23419_texto_integral.odt", "ementa": "Solicita conserto de rompimento de esgoto no passeio p\u00fablico da Rua Gomes Portinho, n\u00ba 1095, no Bairro Jardim Mau\u00e1."}, {"id": 23420, "ano": 2013, "numero": 2061, "tipo__sigla": "IND", "tipo__descricao": "Indica\u00e7\u00e3o/Pedido de Provid\u00eancias", "autoria__autor__nome": "Professor Issur Koch", "texto_original": "https://sapl.camaranh.rs.gov.br/media/sapl/public/materialegislativa/2013/23420/23420_texto_integral.odt", "ementa": "Sugere ao Executivo a implanta\u00e7\u00e3o da quiropraxia, como tratamento natural na sa\u00fade p\u00fablica."}, {"id": 23422, "ano": 2013, "numero": 2062, "tipo__sigla": "IND", "tipo__descricao": "Indica\u00e7\u00e3o/Pedido de Provid\u00eancias", "autoria__autor__nome": "Professor Issur Koch", "texto_original": "https://sapl.camaranh.rs.gov.br/media/sapl/public/materialegislativa/2013/23422/23422_texto_integral.odt", "ementa": "Sugere ao Executivo que converta o espa\u00e7o do antigo Est\u00e1dio Santa Rosa em \u00e1rea de utilidade p\u00fablica."}, {"id": 23423, "ano": 2013, "numero": 2063, "tipo__sigla": "IND", "tipo__descricao": "Indica\u00e7\u00e3o/Pedido de Provid\u00eancias", "autoria__autor__nome": "Antonio Lucas", "texto_original": "https://sapl.camaranh.rs.gov.br/media/sapl/public/materialegislativa/2013/23423/23423_texto_integral.odt", "ementa": "Solicita pintura de meios-fios e divisor de pista em toda a extens\u00e3o da Rua Jacob Gerhardt, Bairro S\u00e3o Jos\u00e9."}, {"id": 23424, "ano": 2013, "numero": 2064, "tipo__sigla": "IND", "tipo__descricao": "Indica\u00e7\u00e3o/Pedido de Provid\u00eancias", "autoria__autor__nome": "Antonio Lucas", "texto_original": "https://sapl.camaranh.rs.gov.br/media/sapl/public/materialegislativa/2013/23424/23424_texto_integral.odt", "ementa": "Solicita conserto de infiltra\u00e7\u00e3o de rede de esgoto na Rua Chavantes, em frente ao n\u00ba 210, Bairro Liberdade."}, {"id": 23430, "ano": 2013, "numero": 2065, "tipo__sigla": "IND", "tipo__descricao": "Indica\u00e7\u00e3o/Pedido de Provid\u00eancias", "autoria__autor__nome": "Professor Issur Koch", "texto_original": "https://sapl.camaranh.rs.gov.br/media/sapl/public/materialegislativa/2013/23430/23430_texto_integral.odt", "ementa": "Sugere ao Executivo um estudo de viabilidade para descentraliza\u00e7\u00e3o da Farm\u00e1cia Comunit\u00e1ria."}, {"id": 23432, "ano": 2013, "numero": 2066, "tipo__sigla": "IND", "tipo__descricao": "Indica\u00e7\u00e3o/Pedido de Provid\u00eancias", "autoria__autor__nome": "JorgeTatsch", "texto_original": "https://sapl.camaranh.rs.gov.br/media/sapl/public/materialegislativa/2013/23432/23432_texto_integral.odt", "ementa": "Solicita a substitui\u00e7\u00e3o de l\u00e2mpada queimada na Rua Cinco, Loteamento Novo Na\u00e7\u00f5es Unidas, em frente ao n\u00ba 144, Bairro Santo Afonso."}, {"id": 23433, "ano": 2013, "numero": 2067, "tipo__sigla": "IND", "tipo__descricao": "Indica\u00e7\u00e3o/Pedido de Provid\u00eancias", "autoria__autor__nome": "JorgeTatsch", "texto_original": "https://sapl.camaranh.rs.gov.br/media/sapl/public/materialegislativa/2013/23433/23433_texto_integral.odt", "ementa": "Solicita estudo de viabilidade para coloca\u00e7\u00e3o de um redutor de velocidade na Rua Joaquim de Oliveira, pr\u00f3ximo ao n\u00ba 1353, Bairro Canudos."}, {"id": 23434, "ano": 2013, "numero": 2068, "tipo__sigla": "IND", "tipo__descricao": "Indica\u00e7\u00e3o/Pedido de Provid\u00eancias", "autoria__autor__nome": "JorgeTatsch", "texto_original": "https://sapl.camaranh.rs.gov.br/media/sapl/public/materialegislativa/2013/23434/23434_texto_integral.odt", "ementa": "Solicita o recolhimento de lixo e limpeza do passeio p\u00fablico ao longo de toda extens\u00e3o da Rua Pau Brasil, no Bairro Ideal."}, {"id": 23435, "ano": 2013, "numero": 2069, "tipo__sigla": "IND", "tipo__descricao": "Indica\u00e7\u00e3o/Pedido de Provid\u00eancias", "autoria__autor__nome": "JorgeTatsch", "texto_original": "https://sapl.camaranh.rs.gov.br/media/sapl/public/materialegislativa/2013/23435/23435_texto_integral.odt", "ementa": "Solicita conserto de placa de sinaliza\u00e7\u00e3o de tr\u00e2nsito na Av. Pedro Adams Filho, em frente ao n\u00ba 1788, Bairro Industrial."}, {"id": 23436, "ano": 2013, "numero": 2070, "tipo__sigla": "IND", "tipo__descricao": "Indica\u00e7\u00e3o/Pedido de Provid\u00eancias", "autoria__autor__nome": "Raul Cassel", "texto_original": "https://sapl.camaranh.rs.gov.br/media/sapl/public/materialegislativa/2013/23436/23436_texto_integral.odt", "ementa": "Solicita intima\u00e7\u00e3o do propriet\u00e1rio para que proceda \u00e0 constru\u00e7\u00e3o do passeio p\u00fablico na Rua Ferrabraz, em frente ao n\u00famero 65, Vila Nova.\t"}, {"id": 23437, "ano": 2013, "numero": 2071, "tipo__sigla": "IND", "tipo__descricao": "Indica\u00e7\u00e3o/Pedido de Provid\u00eancias", "autoria__autor__nome": "Raul Cassel", "texto_original": "https://sapl.camaranh.rs.gov.br/media/sapl/public/materialegislativa/2013/23437/23437_texto_integral.odt", "ementa": "Solicita intima\u00e7\u00e3o do propriet\u00e1rio para que proceda a constru\u00e7\u00e3o do passeio p\u00fablico, na Rua Ferrabraz, em frente ao n\u00famero 45, Vila Nova.\t"}, {"id": 23438, "ano": 2013, "numero": 2072, "tipo__sigla": "IND", "tipo__descricao": "Indica\u00e7\u00e3o/Pedido de Provid\u00eancias", "autoria__autor__nome": "Raul Cassel", "texto_original": "https://sapl.camaranh.rs.gov.br/media/sapl/public/materialegislativa/2013/23438/23438_texto_integral.odt", "ementa": "Solicita intima\u00e7\u00e3o do propriet\u00e1rio para que proceda \u00e0 constru\u00e7\u00e3o do passeio p\u00fablico."}, {"id": 23439, "ano": 2013, "numero": 2073, "tipo__sigla": "IND", "tipo__descricao": "Indica\u00e7\u00e3o/Pedido de Provid\u00eancias", "autoria__autor__nome": "Raul Cassel", "texto_original": "https://sapl.camaranh.rs.gov.br/media/sapl/public/materialegislativa/2013/23439/23439_texto_integral.odt", "ementa": "Solicita intima\u00e7\u00e3o do propriet\u00e1rio para que proceda a constru\u00e7\u00e3o do passeio p\u00fablico na Rua Porto Alegre, em frente ao n\u00famero 146.\t"}, {"id": 23440, "ano": 2013, "numero": 2074, "tipo__sigla": "IND", "tipo__descricao": "Indica\u00e7\u00e3o/Pedido de Provid\u00eancias", "autoria__autor__nome": "Inspetor Luz", "texto_original": "https://sapl.camaranh.rs.gov.br/media/sapl/public/materialegislativa/2013/23440/23440_texto_integral.odt", "ementa": "Solicita recomposi\u00e7\u00e3o asf\u00e1ltica de Buracos e irregularidades em frente ao n\u00ba 1169 da Av. Coronel Frederico Linck, no Bairro Rio Branco."}, {"id": 23441, "ano": 2013, "numero": 2075, "tipo__sigla": "IND", "tipo__descricao": "Indica\u00e7\u00e3o/Pedido de Provid\u00eancias", "autoria__autor__nome": "Inspetor Luz", "texto_original": "https://sapl.camaranh.rs.gov.br/media/sapl/public/materialegislativa/2013/23441/23441_texto_integral.odt", "ementa": "Solicita opera\u00e7\u00e3o tapa-buracos em toda a extens\u00e3o da Rua  Jo\u00e3o Nunes da Silva, no Bairro Canudos."}, {"id": 23442, "ano": 2013, "numero": 2076, "tipo__sigla": "IND", "tipo__descricao": "Indica\u00e7\u00e3o/Pedido de Provid\u00eancias", "autoria__autor__nome": "Inspetor Luz", "texto_original": "https://sapl.camaranh.rs.gov.br/media/sapl/public/materialegislativa/2013/23442/23442_texto_integral.odt", "ementa": "Solicita opera\u00e7\u00e3o tapa-buracos em toda extens\u00e3o da Rua  Beno Hugo Hack, no Bairro Canudos."}, {"id": 23443, "ano": 2013, "numero": 2077, "tipo__sigla": "IND", "tipo__descricao": "Indica\u00e7\u00e3o/Pedido de Provid\u00eancias", "autoria__autor__nome": "Inspetor Luz", "texto_original": "https://sapl.camaranh.rs.gov.br/media/sapl/public/materialegislativa/2013/23443/23443_texto_integral.odt", "ementa": "Solicita melhorias na rede de ilumina\u00e7\u00e3o p\u00fablica da Rua Guilherme Growermann, no Bairro Rond\u00f4nia."}, {"id": 23444, "ano": 2013, "numero": 2078, "tipo__sigla": "IND", "tipo__descricao": "Indica\u00e7\u00e3o/Pedido de Provid\u00eancias", "autoria__autor__nome": "Inspetor Luz", "texto_original": "https://sapl.camaranh.rs.gov.br/media/sapl/public/materialegislativa/2013/23444/23444_texto_integral.odt", "ementa": "Solicita opera\u00e7\u00e3o tapa-buracos em toda extens\u00e3o da Rua  Bertholdo Rech, Bairro Rond\u00f4nia."}, {"id": 23445, "ano": 2013, "numero": 2079, "tipo__sigla": "IND", "tipo__descricao": "Indica\u00e7\u00e3o/Pedido de Provid\u00eancias", "autoria__autor__nome": "Inspetor Luz", "texto_original": "https://sapl.camaranh.rs.gov.br/media/sapl/public/materialegislativa/2013/23445/23445_texto_integral.odt", "ementa": "Solicita melhorias na rede de ilumina\u00e7\u00e3o p\u00fablica da Rua Osvaldo Arthur Hartz, no Bairro Canudos."}, {"id": 23446, "ano": 2013, "numero": 2080, "tipo__sigla": "IND", "tipo__descricao": "Indica\u00e7\u00e3o/Pedido de Provid\u00eancias", "autoria__autor__nome": "Inspetor Luz", "texto_original": "https://sapl.camaranh.rs.gov.br/media/sapl/public/materialegislativa/2013/23446/23446_texto_integral.odt", "ementa": "Solicita opera\u00e7\u00e3o tapa-buracos em toda extens\u00e3o da Rua Dr. Karl Wilhelm Schinke, Bairro Rond\u00f4nia."}, {"id": 23447, "ano": 2013, "numero": 2081, "tipo__sigla": "IND", "tipo__descricao": "Indica\u00e7\u00e3o/Pedido de Provid\u00eancias", "autoria__autor__nome": "Inspetor Luz", "texto_original": "https://sapl.camaranh.rs.gov.br/media/sapl/public/materialegislativa/2013/23447/23447_texto_integral.odt", "ementa": "Solicita opera\u00e7\u00e3o tapa-buracos em toda extens\u00e3o da Rua Frei Henrique de Coimbra, Bairro Rond\u00f4nia."}, {"id": 23448, "ano": 2013, "numero": 2082, "tipo__sigla": "IND", "tipo__descricao": "Indica\u00e7\u00e3o/Pedido de Provid\u00eancias", "autoria__autor__nome": "JorgeTatsch", "texto_original": "https://sapl.camaranh.rs.gov.br/media/sapl/public/materialegislativa/2013/23448/23448_texto_integral.odt", "ementa": "Solicita ajardinamento, limpeza e revitaliza\u00e7\u00e3o da pra\u00e7a localizada na  Rua Santa Maria, esquina com a Rua S\u00e3o Vicente, Bairro Ideal."}, {"id": 23449, "ano": 2013, "numero": 2083, "tipo__sigla": "IND", "tipo__descricao": "Indica\u00e7\u00e3o/Pedido de Provid\u00eancias", "autoria__autor__nome": "JorgeTatsch", "texto_original": "https://sapl.camaranh.rs.gov.br/media/sapl/public/materialegislativa/2013/23449/23449_texto_integral.odt", "ementa": "Solicita poda de \u00e1rvores na pra\u00e7a localizada na  Rua Santa Maria, esquina com a Rua S\u00e3o Vicente, Bairro Ideal."}, {"id": 23450, "ano": 2013, "numero": 2084, "tipo__sigla": "IND", "tipo__descricao": "Indica\u00e7\u00e3o/Pedido de Provid\u00eancias", "autoria__autor__nome": "Gerson Peteffi", "texto_original": "https://sapl.camaranh.rs.gov.br/media/sapl/public/materialegislativa/2013/23450/23450_texto_integral.odt", "ementa": "Solicita que seja feito um declive no cal\u00e7amento na Rua Jo\u00e3o Aloysio Allgayer, n\u00ba 7520, Lomba Grande."}, {"id": 23452, "ano": 2013, "numero": 2085, "tipo__sigla": "IND", "tipo__descricao": "Indica\u00e7\u00e3o/Pedido de Provid\u00eancias", "autoria__autor__nome": "Enfermeiro Vilmar", "texto_original": "https://sapl.camaranh.rs.gov.br/media/sapl/public/materialegislativa/2013/23452/23452_texto_integral.odt", "ementa": "Sugere ao Executivo a apresenta\u00e7\u00e3o do projeto de lei que institui a Semana de Atendimento e Preven\u00e7\u00e3o de Doen\u00e7as nos Asilos e Casas de Repouso."}, {"id": 23453, "ano": 2013, "numero": 2086, "tipo__sigla": "IND", "tipo__descricao": "Indica\u00e7\u00e3o/Pedido de Provid\u00eancias", "autoria__autor__nome": "Enfermeiro Vilmar", "texto_original": "https://sapl.camaranh.rs.gov.br/media/sapl/public/materialegislativa/2013/23453/23453_texto_integral.odt", "ementa": "Sugere ao Executivo a apresenta\u00e7\u00e3o do projeto de lei que institui o Programa de atendimento a Pacientes Portadores de Apneia Noturna."}, {"id": 23454, "ano": 2013, "numero": 2087, "tipo__sigla": "IND", "tipo__descricao": "Indica\u00e7\u00e3o/Pedido de Provid\u00eancias", "autoria__autor__nome": "Enfermeiro Vilmar", "texto_original": "https://sapl.camaranh.rs.gov.br/media/sapl/public/materialegislativa/2013/23454/23454_texto_integral.odt", "ementa": "Sugere ao Executivo a apresenta\u00e7\u00e3o do projeto de lei que institui o Programa de Preven\u00e7\u00e3o \u00e0 Asma na rede Municipal de Sa\u00fade."}, {"id": 23459, "ano": 2013, "numero": 2088, "tipo__sigla": "IND", "tipo__descricao": "Indica\u00e7\u00e3o/Pedido de Provid\u00eancias", "autoria__autor__nome": "Inspetor Luz", "texto_original": "https://sapl.camaranh.rs.gov.br/media/sapl/public/materialegislativa/2013/23459/23459_texto_integral.odt", "ementa": "Solicita opera\u00e7\u00e3o tapa-buracos em toda extens\u00e3o da Rua Ca\u00e7ador, no Bairro Ideal."}, {"id": 23460, "ano": 2013, "numero": 2089, "tipo__sigla": "IND", "tipo__descricao": "Indica\u00e7\u00e3o/Pedido de Provid\u00eancias", "autoria__autor__nome": "Inspetor Luz", "texto_original": "https://sapl.camaranh.rs.gov.br/media/sapl/public/materialegislativa/2013/23460/23460_texto_integral.odt", "ementa": "PP Solicita Capina e Limpeza junto ao meio fio da rua Ca\u00e7ador no Bairro Ideal."}, {"id": 23461, "ano": 2013, "numero": 2090, "tipo__sigla": "IND", "tipo__descricao": "Indica\u00e7\u00e3o/Pedido de Provid\u00eancias", "autoria__autor__nome": "Inspetor Luz", "texto_original": "https://sapl.camaranh.rs.gov.br/media/sapl/public/materialegislativa/2013/23461/23461_texto_integral.odt", "ementa": "Solicita consertos de buracos e irregularidades no entroncamento entre as Ruas Lucas de Oliveira e Joaquim Pedro Soares, Bairro Centro."}, {"id": 23462, "ano": 2013, "numero": 2091, "tipo__sigla": "IND", "tipo__descricao": "Indica\u00e7\u00e3o/Pedido de Provid\u00eancias", "autoria__autor__nome": "Inspetor Luz", "texto_original": "https://sapl.camaranh.rs.gov.br/media/sapl/public/materialegislativa/2013/23462/23462_texto_integral.odt", "ementa": "Solicita opera\u00e7\u00e3o tapa-buracos em toda extens\u00e3o da Rua Imperatriz Leopoldina, Bairro Rio Branco."}, {"id": 23463, "ano": 2013, "numero": 2092, "tipo__sigla": "IND", "tipo__descricao": "Indica\u00e7\u00e3o/Pedido de Provid\u00eancias", "autoria__autor__nome": "Inspetor Luz", "texto_original": "https://sapl.camaranh.rs.gov.br/media/sapl/public/materialegislativa/2013/23463/23463_texto_integral.odt", "ementa": "Solicita opera\u00e7\u00e3o tapa-buracos em toda extens\u00e3o da Rua Lucas de Oliveira, Bairro Centro."}, {"id": 23464, "ano": 2013, "numero": 2093, "tipo__sigla": "IND", "tipo__descricao": "Indica\u00e7\u00e3o/Pedido de Provid\u00eancias", "autoria__autor__nome": "Inspetor Luz", "texto_original": "https://sapl.camaranh.rs.gov.br/media/sapl/public/materialegislativa/2013/23464/23464_texto_integral.odt", "ementa": "Solicita opera\u00e7\u00e3o tapa-buracos em toda extens\u00e3o da Rua Tupi, no Bairro Rio Branco."}, {"id": 23465, "ano": 2013, "numero": 2094, "tipo__sigla": "IND", "tipo__descricao": "Indica\u00e7\u00e3o/Pedido de Provid\u00eancias", "autoria__autor__nome": "Cristiano Coller", "texto_original": "https://sapl.camaranh.rs.gov.br/media/sapl/public/materialegislativa/2013/23465/23465_texto_integral.odt", "ementa": "Solicita coloca\u00e7\u00e3o de placa de tr\u00e2nsito na Av. Pedro Adams Filho, no Bairro Industrial."}, {"id": 23467, "ano": 2013, "numero": 2095, "tipo__sigla": "IND", "tipo__descricao": "Indica\u00e7\u00e3o/Pedido de Provid\u00eancias", "autoria__autor__nome": "Cristiano Coller", "texto_original": "https://sapl.camaranh.rs.gov.br/media/sapl/public/materialegislativa/2013/23467/23467_texto_integral.odt", "ementa": "Solicita troca de parada de \u00f4nibus e pintura dos cord\u00f5es (meio fio) na Av. Primeiro de Mar\u00e7o, Bairro Liberdade."}, {"id": 23468, "ano": 2013, "numero": 2096, "tipo__sigla": "IND", "tipo__descricao": "Indica\u00e7\u00e3o/Pedido de Provid\u00eancias", "autoria__autor__nome": "Patr\u00edcia Beck", "texto_original": "https://sapl.camaranh.rs.gov.br/media/sapl/public/materialegislativa/2013/23468/23468_texto_integral.odt", "ementa": "Solicita recupera\u00e7\u00e3o da boca-de-lobo na Rua Princesa Isabel, esquina com a Rua S\u00e3o Luiz Gonzaga, Bairro Guarani."}, {"id": 23469, "ano": 2013, "numero": 2097, "tipo__sigla": "IND", "tipo__descricao": "Indica\u00e7\u00e3o/Pedido de Provid\u00eancias", "autoria__autor__nome": "Patr\u00edcia Beck", "texto_original": "https://sapl.camaranh.rs.gov.br/media/sapl/public/materialegislativa/2013/23469/23469_texto_integral.odt", "ementa": "Solicita recolhimento de galhos de \u00e1rvore depositados no passeio p\u00fablico na Rua Princesa Isabel, esquina com a Rua S\u00e3o Luiz Gonzaga, Bairro Guarani."}, {"id": 23470, "ano": 2013, "numero": 2098, "tipo__sigla": "IND", "tipo__descricao": "Indica\u00e7\u00e3o/Pedido de Provid\u00eancias", "autoria__autor__nome": "Patr\u00edcia Beck", "texto_original": "https://sapl.camaranh.rs.gov.br/media/sapl/public/materialegislativa/2013/23470/23470_texto_integral.odt", "ementa": "Solicita recupera\u00e7\u00e3o do cal\u00e7amento da Rua Princesa Isabel, em toda sua extens\u00e3o, Bairro Guarani."}, {"id": 23471, "ano": 2013, "numero": 2099, "tipo__sigla": "IND", "tipo__descricao": "Indica\u00e7\u00e3o/Pedido de Provid\u00eancias", "autoria__autor__nome": "Patr\u00edcia Beck", "texto_original": "https://sapl.camaranh.rs.gov.br/media/sapl/public/materialegislativa/2013/23471/23471_texto_integral.odt", "ementa": "Solicita recolhimento de galhos de \u00e1rvore depositados no passeio p\u00fablico na Rua Lu\u00eds de Cam\u00f5es, em frente ao n\u00ba 491, Bairro Guarani."}, {"id": 23472, "ano": 2013, "numero": 2100, "tipo__sigla": "IND", "tipo__descricao": "Indica\u00e7\u00e3o/Pedido de Provid\u00eancias", "autoria__autor__nome": "Patr\u00edcia Beck", "texto_original": "https://sapl.camaranh.rs.gov.br/media/sapl/public/materialegislativa/2013/23472/23472_texto_integral.odt", "ementa": "Solicita coloca\u00e7\u00e3o de tampa de boca-de-lobo na Rua Ibirub\u00e1, em frente ao Mercado Henrich, Vila Nova."}, {"id": 23473, "ano": 2013, "numero": 2101, "tipo__sigla": "IND", "tipo__descricao": "Indica\u00e7\u00e3o/Pedido de Provid\u00eancias", "autoria__autor__nome": "Luiz Fernando Farias", "texto_original": "https://sapl.camaranh.rs.gov.br/media/sapl/public/materialegislativa/2013/23473/23473_texto_integral.odt", "ementa": "Solicita conserto de buraco localizado na  Rua Nobel, em frente ao n\u00ba 22, no  Bairro Canudos."}, {"id": 23474, "ano": 2013, "numero": 2102, "tipo__sigla": "IND", "tipo__descricao": "Indica\u00e7\u00e3o/Pedido de Provid\u00eancias", "autoria__autor__nome": "Luiz Fernando Farias", "texto_original": "https://sapl.camaranh.rs.gov.br/media/sapl/public/materialegislativa/2013/23474/23474_texto_integral.odt", "ementa": "Solicita conserto de buraco localizado na  Rua Frederico Groehs Neto, em frente ao n\u00ba 504, no  Bairro Vila Nova."}, {"id": 23475, "ano": 2013, "numero": 2103, "tipo__sigla": "IND", "tipo__descricao": "Indica\u00e7\u00e3o/Pedido de Provid\u00eancias", "autoria__autor__nome": "Luiz Fernando Farias", "texto_original": "https://sapl.camaranh.rs.gov.br/media/sapl/public/materialegislativa/2013/23475/23475_texto_integral.odt", "ementa": "Solicita recolhimento de lixo e coloca\u00e7\u00e3o de placa de proibi\u00e7\u00e3o na Rua Pastor Gustavo Nordlund, ao final da via, no  Bairro S\u00e3o Jos\u00e9."}, {"id": 23476, "ano": 2013, "numero": 2104, "tipo__sigla": "IND", "tipo__descricao": "Indica\u00e7\u00e3o/Pedido de Provid\u00eancias", "autoria__autor__nome": "Luiz Fernando Farias", "texto_original": "https://sapl.camaranh.rs.gov.br/media/sapl/public/materialegislativa/2013/23476/23476_texto_integral.odt", "ementa": "Solicita recolhimento de lixo e coloca\u00e7\u00e3o de placa de proibi\u00e7\u00e3o na Rua Mundo Novo, ao lado do n\u00ba 22, no  Bairro Canudos."}, {"id": 23480, "ano": 2013, "numero": 2105, "tipo__sigla": "IND", "tipo__descricao": "Indica\u00e7\u00e3o/Pedido de Provid\u00eancias", "autoria__autor__nome": "Gerson Peteffi", "texto_original": "https://sapl.camaranh.rs.gov.br/media/sapl/public/materialegislativa/2013/23480/23480_texto_integral.odt", "ementa": "Solicita  fechamento de um buraco no asfalto na Rua Bela Vista, em frente ao n\u00ba 415, Bairro Primavera."}, {"id": 23481, "ano": 2013, "numero": 2106, "tipo__sigla": "IND", "tipo__descricao": "Indica\u00e7\u00e3o/Pedido de Provid\u00eancias", "autoria__autor__nome": "Raul Cassel", "texto_original": "https://sapl.camaranh.rs.gov.br/media/sapl/public/materialegislativa/2013/23481/23481_texto_integral.odt", "ementa": "Solicita intima\u00e7\u00e3o do propriet\u00e1rio para que proceda a constru\u00e7\u00e3o do passeio p\u00fablico na R.Aimor\u00e9."}, {"id": 23484, "ano": 2013, "numero": 2107, "tipo__sigla": "IND", "tipo__descricao": "Indica\u00e7\u00e3o/Pedido de Provid\u00eancias", "autoria__autor__nome": "Antonio Lucas", "texto_original": "https://sapl.camaranh.rs.gov.br/media/sapl/public/materialegislativa/2013/23484/23484_texto_integral.odt", "ementa": "Solicita instala\u00e7\u00e3o de uma  aste com lumin\u00e1ria na Rua Germano Gerhardt, n\u00ba 331, Bairro S\u00e3o Jorge.  "}, {"id": 23483, "ano": 2013, "numero": 2108, "tipo__sigla": "IND", "tipo__descricao": "Indica\u00e7\u00e3o/Pedido de Provid\u00eancias", "autoria__autor__nome": "Antonio Lucas", "texto_original": "https://sapl.camaranh.rs.gov.br/media/sapl/public/materialegislativa/2013/23483/23483_texto_integral.odt", "ementa": "Solicita pintura de meios-fios e divisor de pista em toda a extens\u00e3o da Rua Gua\u00edba, Bairro S\u00e3o Jos\u00e9.     "}, {"id": 23486, "ano": 2013, "numero": 2109, "tipo__sigla": "IND", "tipo__descricao": "Indica\u00e7\u00e3o/Pedido de Provid\u00eancias", "autoria__autor__nome": "Inspetor Luz", "texto_original": "https://sapl.camaranh.rs.gov.br/media/sapl/public/materialegislativa/2013/23486/23486_texto_integral.odt", "ementa": "Solicita melhorias na rede de ilumina\u00e7\u00e3o p\u00fablica da Rua Afonso Celso, no Bairro Oper\u00e1rio."}, {"id": 23487, "ano": 2013, "numero": 2110, "tipo__sigla": "IND", "tipo__descricao": "Indica\u00e7\u00e3o/Pedido de Provid\u00eancias", "autoria__autor__nome": "Inspetor Luz", "texto_original": "https://sapl.camaranh.rs.gov.br/media/sapl/public/materialegislativa/2013/23487/23487_texto_integral.odt", "ementa": "Solicita melhorias na rede de ilumina\u00e7\u00e3o p\u00fablica da Rua Alto Uruguai, no Bairro Rinc\u00e3o."}, {"id": 23488, "ano": 2013, "numero": 2111, "tipo__sigla": "IND", "tipo__descricao": "Indica\u00e7\u00e3o/Pedido de Provid\u00eancias", "autoria__autor__nome": "Inspetor Luz", "texto_original": "https://sapl.camaranh.rs.gov.br/media/sapl/public/materialegislativa/2013/23488/23488_texto_integral.odt", "ementa": "Solicita capina e limpeza junto ao meio-fio em toda extens\u00e3o da Rua S\u00e3o Jo\u00e3o, no Bairro Guarani."}, {"id": 23489, "ano": 2013, "numero": 2112, "tipo__sigla": "IND", "tipo__descricao": "Indica\u00e7\u00e3o/Pedido de Provid\u00eancias", "autoria__autor__nome": "Inspetor Luz", "texto_original": "https://sapl.camaranh.rs.gov.br/media/sapl/public/materialegislativa/2013/23489/23489_texto_integral.odt", "ementa": "Solicita capina e limpeza junto ao meio-fio em toda extens\u00e3o da Rua S\u00e3o Benedito, no Bairro Guarani."}, {"id": 23490, "ano": 2013, "numero": 2113, "tipo__sigla": "IND", "tipo__descricao": "Indica\u00e7\u00e3o/Pedido de Provid\u00eancias", "autoria__autor__nome": "Inspetor Luz", "texto_original": "https://sapl.camaranh.rs.gov.br/media/sapl/public/materialegislativa/2013/23490/23490_texto_integral.odt", "ementa": "Solicita capina e limpeza junto ao meio-fio em toda extens\u00e3o da Rua Afonso Pena, no Bairro Guarani."}, {"id": 23491, "ano": 2013, "numero": 2114, "tipo__sigla": "IND", "tipo__descricao": "Indica\u00e7\u00e3o/Pedido de Provid\u00eancias", "autoria__autor__nome": "Inspetor Luz", "texto_original": "https://sapl.camaranh.rs.gov.br/media/sapl/public/materialegislativa/2013/23491/23491_texto_integral.odt", "ementa": "Solicita consertos de buracos e irregularidades em frente ao n\u00ba 988, da Av. Primeiro de Mar\u00e7o, no Bairro P\u00e1tria Nova."}, {"id": 23492, "ano": 2013, "numero": 2115, "tipo__sigla": "IND", "tipo__descricao": "Indica\u00e7\u00e3o/Pedido de Provid\u00eancias", "autoria__autor__nome": "Inspetor Luz", "texto_original": "https://sapl.camaranh.rs.gov.br/media/sapl/public/materialegislativa/2013/23492/23492_texto_integral.odt", "ementa": "Solicita revitaliza\u00e7\u00e3o da pintura das faixas de seguran\u00e7a no entroncamento entre a Rua Tupi e Av. Primeiro de Mar\u00e7o, Bairro Rio Branco."}, {"id": 23493, "ano": 2013, "numero": 2116, "tipo__sigla": "IND", "tipo__descricao": "Indica\u00e7\u00e3o/Pedido de Provid\u00eancias", "autoria__autor__nome": "Inspetor Luz", "texto_original": "https://sapl.camaranh.rs.gov.br/media/sapl/public/materialegislativa/2013/23493/23493_texto_integral.odt", "ementa": "Solicita melhorias na rede de ilumina\u00e7\u00e3o p\u00fablica da Rua Raimundo Corr\u00eaa, no Bairro Oper\u00e1rio."}, {"id": 23494, "ano": 2013, "numero": 2117, "tipo__sigla": "IND", "tipo__descricao": "Indica\u00e7\u00e3o/Pedido de Provid\u00eancias", "autoria__autor__nome": "Inspetor Luz", "texto_original": "https://sapl.camaranh.rs.gov.br/media/sapl/public/materialegislativa/2013/23494/23494_texto_integral.odt", "ementa": "Solicita capina e limpeza junto ao meio-fio, em toda a extens\u00e3o da Rua Felipe Camar\u00e3o, no Bairro Guarani."}, {"id": 23501, "ano": 2013, "numero": 2118, "tipo__sigla": "IND", "tipo__descricao": "Indica\u00e7\u00e3o/Pedido de Provid\u00eancias", "autoria__autor__nome": "Professor Issur Koch", "texto_original": "https://sapl.camaranh.rs.gov.br/media/sapl/public/materialegislativa/2013/23501/23501_texto_integral.odt", "ementa": "Sugere ao executivo a implanta\u00e7\u00e3o da quiropraxia como tratamento natural na sa\u00fade p\u00fablica."}, {"id": 23502, "ano": 2013, "numero": 2119, "tipo__sigla": "IND", "tipo__descricao": "Indica\u00e7\u00e3o/Pedido de Provid\u00eancias", "autoria__autor__nome": "Antonio Lucas", "texto_original": "https://sapl.camaranh.rs.gov.br/media/sapl/public/materialegislativa/2013/23502/23502_texto_integral.odt", "ementa": "Sugere ao Executivo a apresenta\u00e7\u00e3o de projeto suprimindo o \u00a7 2\u00ba do art. 268 da Lei Municipal n\u00ba 1.031, de 24 de dezembro de 2003, e propondo o acr\u00e9scimo de inciso contemplando mun\u00edcipes portadores de doen\u00e7as graves."}, {"id": 23503, "ano": 2013, "numero": 2120, "tipo__sigla": "IND", "tipo__descricao": "Indica\u00e7\u00e3o/Pedido de Provid\u00eancias", "autoria__autor__nome": "Sergio Hanich", "texto_original": "https://sapl.camaranh.rs.gov.br/media/sapl/public/materialegislativa/2013/23503/23503_texto_integral.odt", "ementa": "Solicita substitui\u00e7\u00e3o de tampa de boca-de-lobo  quebrada na Av. Pedro Adams Filho, nas proximidades da  esquina com a Rua Lima, Bairro Santo Afonso. "}, {"id": 23504, "ano": 2013, "numero": 2121, "tipo__sigla": "IND", "tipo__descricao": "Indica\u00e7\u00e3o/Pedido de Provid\u00eancias", "autoria__autor__nome": "Sergio Hanich", "texto_original": "https://sapl.camaranh.rs.gov.br/media/sapl/public/materialegislativa/2013/23504/23504_texto_integral.odt", "ementa": "Solicita coloca\u00e7\u00e3o de meio-fio BL na boca-de-lobo da Rua Rond\u00f4nia, Bairro Boa Vista."}, {"id": 23505, "ano": 2013, "numero": 2122, "tipo__sigla": "IND", "tipo__descricao": "Indica\u00e7\u00e3o/Pedido de Provid\u00eancias", "autoria__autor__nome": "Sergio Hanich", "texto_original": "https://sapl.camaranh.rs.gov.br/media/sapl/public/materialegislativa/2013/23505/23505_texto_integral.odt", "ementa": "Solicita opera\u00e7\u00e3o tapa-buraco na Rua Carlitos Kayser, trecho  entre as  Ruas Danilo de Oliveira e Travessa Pereira Br\u00e1z, Bairro Canudos."}, {"id": 23506, "ano": 2013, "numero": 2123, "tipo__sigla": "IND", "tipo__descricao": "Indica\u00e7\u00e3o/Pedido de Provid\u00eancias", "autoria__autor__nome": "Sergio Hanich", "texto_original": "https://sapl.camaranh.rs.gov.br/media/sapl/public/materialegislativa/2013/23506/23506_texto_integral.odt", "ementa": "Reitera Pedido de Provid\u00eancias n\u00ba 1068/2013 que \"Solicita recapeamento asf\u00e1ltico na Rua Santos Pedroso, trecho entre a Av. Dr. Maur\u00edcio Cardoso e a Rua General Os\u00f3rio, Bairro Centro\"."}, {"id": 23509, "ano": 2013, "numero": 2124, "tipo__sigla": "IND", "tipo__descricao": "Indica\u00e7\u00e3o/Pedido de Provid\u00eancias", "autoria__autor__nome": "Sergio Hanich", "texto_original": "https://sapl.camaranh.rs.gov.br/media/sapl/public/materialegislativa/2013/23509/23509_texto_integral.odt", "ementa": "Solicita patrolamento e britagem na Rua Pl\u00ednio Ign\u00e1cio Kieling, (trecho de ch\u00e3o batido), Bairro Canudos."}, {"id": 23511, "ano": 2013, "numero": 2125, "tipo__sigla": "IND", "tipo__descricao": "Indica\u00e7\u00e3o/Pedido de Provid\u00eancias", "autoria__autor__nome": "Roger Corr\u00eaa", "texto_original": "https://sapl.camaranh.rs.gov.br/media/sapl/public/materialegislativa/2013/23511/23511_texto_integral.odt", "ementa": "Solicita vistoria para remo\u00e7\u00e3o de 03 \u00e1rvores e plantio de jeriv\u00e1s para substitui\u00e7\u00e3o das mesmas,  no canteiro central na jun\u00e7\u00e3o das Ruas Itati, Carlos Cornelius e uma rua sem denomina\u00e7\u00e3o, Bairro Santo Afonso."}, {"id": 23512, "ano": 2013, "numero": 2126, "tipo__sigla": "IND", "tipo__descricao": "Indica\u00e7\u00e3o/Pedido de Provid\u00eancias", "autoria__autor__nome": "Roger Corr\u00eaa", "texto_original": "https://sapl.camaranh.rs.gov.br/media/sapl/public/materialegislativa/2013/23512/23512_texto_integral.odt", "ementa": "Solicita coloca\u00e7\u00e3o de britas em toda a extens\u00e3o da Rua Planalto, Bairro Santo Afonso."}, {"id": 23513, "ano": 2013, "numero": 2127, "tipo__sigla": "IND", "tipo__descricao": "Indica\u00e7\u00e3o/Pedido de Provid\u00eancias", "autoria__autor__nome": "Patr\u00edcia Beck", "texto_original": "https://sapl.camaranh.rs.gov.br/media/sapl/public/materialegislativa/2013/23513/23513_texto_integral.odt", "ementa": "Solicita opera\u00e7\u00e3o tapa-buracos na esquina da Rua Pinheiro Machado e a Av. Primeiro de Mar\u00e7o, Bairro Santo Afonso."}, {"id": 23514, "ano": 2013, "numero": 2128, "tipo__sigla": "IND", "tipo__descricao": "Indica\u00e7\u00e3o/Pedido de Provid\u00eancias", "autoria__autor__nome": "Patr\u00edcia Beck", "texto_original": "https://sapl.camaranh.rs.gov.br/media/sapl/public/materialegislativa/2013/23514/23514_texto_integral.odt", "ementa": "Solicita opera\u00e7\u00e3o tapa-buracos na esquina da Rua Carumb\u00e9 com a Av. Primeiro de Mar\u00e7o, Bairro Ideal."}, {"id": 23515, "ano": 2013, "numero": 2129, "tipo__sigla": "IND", "tipo__descricao": "Indica\u00e7\u00e3o/Pedido de Provid\u00eancias", "autoria__autor__nome": "Patr\u00edcia Beck", "texto_original": "https://sapl.camaranh.rs.gov.br/media/sapl/public/materialegislativa/2013/23515/23515_texto_integral.odt", "ementa": "Solicita revitaliza\u00e7\u00e3o da sinaliza\u00e7\u00e3o de solo na esquina das Avenidas Na\u00e7\u00f5es Unidas e Primeiro de Mar\u00e7o, Bairro Liberdade."}, {"id": 23516, "ano": 2013, "numero": 2130, "tipo__sigla": "IND", "tipo__descricao": "Indica\u00e7\u00e3o/Pedido de Provid\u00eancias", "autoria__autor__nome": "Patr\u00edcia Beck", "texto_original": "https://sapl.camaranh.rs.gov.br/media/sapl/public/materialegislativa/2013/23516/23516_texto_integral.odt", "ementa": "Solicita reavivamento da sinaliza\u00e7\u00e3o de solo no encontro da Rua 3 de Outubro com a Av. Primeiro de Mar\u00e7o, Bairro Ideal."}, {"id": 23517, "ano": 2013, "numero": 2131, "tipo__sigla": "IND", "tipo__descricao": "Indica\u00e7\u00e3o/Pedido de Provid\u00eancias", "autoria__autor__nome": "Patr\u00edcia Beck", "texto_original": "https://sapl.camaranh.rs.gov.br/media/sapl/public/materialegislativa/2013/23517/23517_texto_integral.odt", "ementa": "Solicita remo\u00e7\u00e3o de \u00e1rvore e recupera\u00e7\u00e3o do passeio p\u00fablico na Rua Jos\u00e9 de Alencar, em frente ao n\u00ba 123, Bairro Rio Branco."}, {"id": 23519, "ano": 2013, "numero": 2132, "tipo__sigla": "IND", "tipo__descricao": "Indica\u00e7\u00e3o/Pedido de Provid\u00eancias", "autoria__autor__nome": "Patr\u00edcia Beck", "texto_original": "https://sapl.camaranh.rs.gov.br/media/sapl/public/materialegislativa/2013/23519/23519_texto_integral.odt", "ementa": "Solicita revitaliza\u00e7\u00e3o  da sinaliza\u00e7\u00e3o de solo da Rua Alvear com 1\u00ba- de Mar\u00e7o, Bairro Santo Afonso."}, {"id": 23520, "ano": 2013, "numero": 2133, "tipo__sigla": "IND", "tipo__descricao": "Indica\u00e7\u00e3o/Pedido de Provid\u00eancias", "autoria__autor__nome": "Patr\u00edcia Beck", "texto_original": "https://sapl.camaranh.rs.gov.br/media/sapl/public/materialegislativa/2013/23520/23520_texto_integral.odt", "ementa": "Solicita revitaliza\u00e7\u00e3o da sinaliza\u00e7\u00e3o de solo na esquina das Avenidas Pedro Adams  Filho e Primeiro de Mar\u00e7o, Bairro Liberdade."}, {"id": 23521, "ano": 2013, "numero": 2134, "tipo__sigla": "IND", "tipo__descricao": "Indica\u00e7\u00e3o/Pedido de Provid\u00eancias", "autoria__autor__nome": "Patr\u00edcia Beck", "texto_original": "https://sapl.camaranh.rs.gov.br/media/sapl/public/materialegislativa/2013/23521/23521_texto_integral.odt", "ementa": "Solicita opera\u00e7\u00e3o tapa-buracos na Rua Dr. Sim\u00f5es Lopes, esquina com a Rua Arnaldo dos Reis, Bairro Santo Afonso."}, {"id": 23522, "ano": 2013, "numero": 2135, "tipo__sigla": "IND", "tipo__descricao": "Indica\u00e7\u00e3o/Pedido de Provid\u00eancias", "autoria__autor__nome": "Patr\u00edcia Beck", "texto_original": "https://sapl.camaranh.rs.gov.br/media/sapl/public/materialegislativa/2013/23522/23522_texto_integral.odt", "ementa": "Solicita limpeza da  boca-de-lobo na Rua 1\u00ba de mar\u00e7o, em frente ao n\u00ba 2720, Bairro Industrial."}, {"id": 23523, "ano": 2013, "numero": 2136, "tipo__sigla": "IND", "tipo__descricao": "Indica\u00e7\u00e3o/Pedido de Provid\u00eancias", "autoria__autor__nome": "Patr\u00edcia Beck", "texto_original": "https://sapl.camaranh.rs.gov.br/media/sapl/public/materialegislativa/2013/23523/23523_texto_integral.odt", "ementa": "Solicita conserto da  boca-de-lobo na Rua Campo Bom, em frente ao n\u00ba 2613, Bairro Canudos."}, {"id": 23525, "ano": 2013, "numero": 2137, "tipo__sigla": "IND", "tipo__descricao": "Indica\u00e7\u00e3o/Pedido de Provid\u00eancias", "autoria__autor__nome": "Patr\u00edcia Beck", "texto_original": "https://sapl.camaranh.rs.gov.br/media/sapl/public/materialegislativa/2013/23525/23525_texto_integral.odt", "ementa": "Solicita pintura dos guarda-corpos do parad\u00e3o , Bairro Centro."}, {"id": 23526, "ano": 2013, "numero": 2138, "tipo__sigla": "IND", "tipo__descricao": "Indica\u00e7\u00e3o/Pedido de Provid\u00eancias", "autoria__autor__nome": "Patr\u00edcia Beck", "texto_original": "https://sapl.camaranh.rs.gov.br/media/sapl/public/materialegislativa/2013/23526/23526_texto_integral.odt", "ementa": "Sugere a planta\u00e7\u00e3o de \u00e1rvores frut\u00edferas nos espa\u00e7os n\u00e3o ocupados embaixo dos trilhos do \"Trensurb\"."}, {"id": 23527, "ano": 2013, "numero": 2139, "tipo__sigla": "IND", "tipo__descricao": "Indica\u00e7\u00e3o/Pedido de Provid\u00eancias", "autoria__autor__nome": "Patr\u00edcia Beck", "texto_original": "https://sapl.camaranh.rs.gov.br/media/sapl/public/materialegislativa/2013/23527/23527_texto_integral.odt", "ementa": "Solicita a devida aplica\u00e7\u00e3o de sinaliza\u00e7\u00e3o tanto vertical como de solo no entorno da Funda\u00e7\u00e3o Liberato, Bairro Primavera."}, {"id": 23531, "ano": 2013, "numero": 2140, "tipo__sigla": "IND", "tipo__descricao": "Indica\u00e7\u00e3o/Pedido de Provid\u00eancias", "autoria__autor__nome": "JorgeTatsch", "texto_original": "https://sapl.camaranh.rs.gov.br/media/sapl/public/materialegislativa/2013/23531/23531_texto_integral.odt", "ementa": "Solicita remo\u00e7\u00e3o de troncos de \u00e1rvores no passeio p\u00fablico da Rua Valpara\u00edso, em frente ao n\u00ba 652, Bairro Santo Afonso."}, {"id": 23532, "ano": 2013, "numero": 2141, "tipo__sigla": "IND", "tipo__descricao": "Indica\u00e7\u00e3o/Pedido de Provid\u00eancias", "autoria__autor__nome": "JorgeTatsch", "texto_original": "https://sapl.camaranh.rs.gov.br/media/sapl/public/materialegislativa/2013/23532/23532_texto_integral.odt", "ementa": "Solicita coloca\u00e7\u00e3o de tampa de boca-de-lobo na Rua Valpara\u00edso, em frente ao n\u00ba 640, no Bairro Santo Afonso."}, {"id": 23533, "ano": 2013, "numero": 2142, "tipo__sigla": "IND", "tipo__descricao": "Indica\u00e7\u00e3o/Pedido de Provid\u00eancias", "autoria__autor__nome": "JorgeTatsch", "texto_original": "https://sapl.camaranh.rs.gov.br/media/sapl/public/materialegislativa/2013/23533/23533_texto_integral.odt", "ementa": "Solicita recomposi\u00e7\u00e3o de meio-fio  afundado na Rua Valpara\u00edso, em frente ao n\u00ba 640, Bairro Santo Afonso."}, {"id": 23534, "ano": 2013, "numero": 2143, "tipo__sigla": "IND", "tipo__descricao": "Indica\u00e7\u00e3o/Pedido de Provid\u00eancias", "autoria__autor__nome": "JorgeTatsch", "texto_original": "https://sapl.camaranh.rs.gov.br/media/sapl/public/materialegislativa/2013/23534/23534_texto_integral.odt", "ementa": "Solicita revitaliza\u00e7\u00e3o da faixa de seguran\u00e7a na Rua Guia Lopes, esquina com a Rua Bartolomeu de Gusm\u00e3o, Bairro Canudos."}, {"id": 23535, "ano": 2013, "numero": 2144, "tipo__sigla": "IND", "tipo__descricao": "Indica\u00e7\u00e3o/Pedido de Provid\u00eancias", "autoria__autor__nome": "JorgeTatsch", "texto_original": "https://sapl.camaranh.rs.gov.br/media/sapl/public/materialegislativa/2013/23535/23535_texto_integral.odt", "ementa": "Solicita recapeamento asf\u00e1ltico na Ponte da Rua   Bartolomeu de Gusm\u00e3o, no Bairro Canudos."}, {"id": 23536, "ano": 2013, "numero": 2145, "tipo__sigla": "IND", "tipo__descricao": "Indica\u00e7\u00e3o/Pedido de Provid\u00eancias", "autoria__autor__nome": "JorgeTatsch", "texto_original": "https://sapl.camaranh.rs.gov.br/media/sapl/public/materialegislativa/2013/23536/23536_texto_integral.odt", "ementa": "Solicita opera\u00e7\u00e3o tapa-buracos na Rua Nobel, no trecho pr\u00f3ximo ao  n\u00ba 22, Bairro Canudos."}, {"id": 23537, "ano": 2013, "numero": 2146, "tipo__sigla": "IND", "tipo__descricao": "Indica\u00e7\u00e3o/Pedido de Provid\u00eancias", "autoria__autor__nome": "JorgeTatsch", "texto_original": "https://sapl.camaranh.rs.gov.br/media/sapl/public/materialegislativa/2013/23537/23537_texto_integral.odt", "ementa": "Solicita o conserto de placa de sinaliza\u00e7\u00e3o de tr\u00e2nsito na Rua Guia Lopes, em frente ao n\u00ba  2043, Bairro Rond\u00f4nia."}, {"id": 23538, "ano": 2013, "numero": 2147, "tipo__sigla": "IND", "tipo__descricao": "Indica\u00e7\u00e3o/Pedido de Provid\u00eancias", "autoria__autor__nome": "Cristiano Coller", "texto_original": "https://sapl.camaranh.rs.gov.br/media/sapl/public/materialegislativa/2013/23538/23538_texto_integral.odt", "ementa": "Solicita ro\u00e7ada e limpeza na \u00e1rea da Prefeitura Municipal de Novo Hamburgo, na Rua Visconde de Araguaia, esquina com a Rua Valdir Ant\u00f4nio Girardi, Bairro Santo Afonso."}, {"id": 23539, "ano": 2013, "numero": 2148, "tipo__sigla": "IND", "tipo__descricao": "Indica\u00e7\u00e3o/Pedido de Provid\u00eancias", "autoria__autor__nome": "Cristiano Coller", "texto_original": "https://sapl.camaranh.rs.gov.br/media/sapl/public/materialegislativa/2013/23539/23539_texto_integral.odt", "ementa": "Solicita ro\u00e7ada e limpeza na \u00e1rea da Prefeitura Municipal de Novo Hamburgo, na Rua Pl\u00ednio Ign\u00e1cio Kieling, esquina com a Rua C\u00f4nego Pedro Afonso Flasch, Bairro Canudos."}, {"id": 23540, "ano": 2013, "numero": 2149, "tipo__sigla": "IND", "tipo__descricao": "Indica\u00e7\u00e3o/Pedido de Provid\u00eancias", "autoria__autor__nome": "Cristiano Coller", "texto_original": "https://sapl.camaranh.rs.gov.br/media/sapl/public/materialegislativa/2013/23540/23540_texto_integral.odt", "ementa": "Solicita coloca\u00e7\u00e3o de placa denominativa na Rotat\u00f3ria Jovelino Colar Fagundes."}, {"id": 23541, "ano": 2013, "numero": 2150, "tipo__sigla": "IND", "tipo__descricao": "Indica\u00e7\u00e3o/Pedido de Provid\u00eancias", "autoria__autor__nome": "Cristiano Coller", "texto_original": "https://sapl.camaranh.rs.gov.br/media/sapl/public/materialegislativa/2013/23541/23541_texto_integral.odt", "ementa": "Solicita instala\u00e7\u00e3o de placa tr\u00e2nsito no Bairro Santo Afonso."}, {"id": 23542, "ano": 2013, "numero": 2151, "tipo__sigla": "IND", "tipo__descricao": "Indica\u00e7\u00e3o/Pedido de Provid\u00eancias", "autoria__autor__nome": "Gerson Peteffi", "texto_original": "https://sapl.camaranh.rs.gov.br/media/sapl/public/materialegislativa/2013/23542/23542_texto_integral.odt", "ementa": "Solicita fechamento de um buraco no asfalto na Rua Travess\u00e3o, pr\u00f3ximo ao n\u00ba 400, em frente ao port\u00e3o que d\u00e1 acesso ao SESI, Bairro Rond\u00f4nia."}, {"id": 23543, "ano": 2013, "numero": 2152, "tipo__sigla": "IND", "tipo__descricao": "Indica\u00e7\u00e3o/Pedido de Provid\u00eancias", "autoria__autor__nome": "Gerson Peteffi", "texto_original": "https://sapl.camaranh.rs.gov.br/media/sapl/public/materialegislativa/2013/23543/23543_texto_integral.odt", "ementa": "Solicita limpeza de boca-de-lobo na Rua Santos, em frente ao n\u00ba 464, Bairro Vila Nova."}, {"id": 23545, "ano": 2013, "numero": 2153, "tipo__sigla": "IND", "tipo__descricao": "Indica\u00e7\u00e3o/Pedido de Provid\u00eancias", "autoria__autor__nome": "JorgeTatsch", "texto_original": "https://sapl.camaranh.rs.gov.br/media/sapl/public/materialegislativa/2013/23545/23545_texto_integral.odt", "ementa": "Solicita opera\u00e7\u00e3o tapa-buracos ao longo da Rua Lima, Bairro Santo Afonso."}, {"id": 23546, "ano": 2013, "numero": 2154, "tipo__sigla": "IND", "tipo__descricao": "Indica\u00e7\u00e3o/Pedido de Provid\u00eancias", "autoria__autor__nome": "JorgeTatsch", "texto_original": "https://sapl.camaranh.rs.gov.br/media/sapl/public/materialegislativa/2013/23546/23546_texto_integral.odt", "ementa": "Solicita limpeza de esgoto entupido na Rua Caracas, em frente ao n\u00famero 1107, Bairro Santo Afonso."}, {"id": 23547, "ano": 2013, "numero": 2155, "tipo__sigla": "IND", "tipo__descricao": "Indica\u00e7\u00e3o/Pedido de Provid\u00eancias", "autoria__autor__nome": "JorgeTatsch", "texto_original": "https://sapl.camaranh.rs.gov.br/media/sapl/public/materialegislativa/2013/23547/23547_texto_integral.odt", "ementa": "Solicita revitaliza\u00e7\u00e3o da faixa de seguran\u00e7a ao longo da Av. Primeiro de Mar\u00e7o, Bairro Centro."}, {"id": 23548, "ano": 2013, "numero": 2156, "tipo__sigla": "IND", "tipo__descricao": "Indica\u00e7\u00e3o/Pedido de Provid\u00eancias", "autoria__autor__nome": "Patr\u00edcia Beck", "texto_original": "https://sapl.camaranh.rs.gov.br/media/sapl/public/materialegislativa/2013/23548/23548_texto_integral.odt", "ementa": "Solicita poda ou remo\u00e7\u00e3o de arvore na Av.Mauricio Cardoso em frente ao n\u00ba- 1554, H.Velho"}, {"id": 23550, "ano": 2013, "numero": 2157, "tipo__sigla": "IND", "tipo__descricao": "Indica\u00e7\u00e3o/Pedido de Provid\u00eancias", "autoria__autor__nome": "Professor Issur Koch", "texto_original": "https://sapl.camaranh.rs.gov.br/media/sapl/public/materialegislativa/2013/23550/23550_texto_integral.odt", "ementa": "Solicita opera\u00e7\u00e3o tapa-buracos na Rua Travess\u00e3o, pr\u00f3ximo ao n\u00ba 400, no Bairro Rond\u00f4nia."}, {"id": 23557, "ano": 2013, "numero": 2158, "tipo__sigla": "IND", "tipo__descricao": "Indica\u00e7\u00e3o/Pedido de Provid\u00eancias", "autoria__autor__nome": "Gerson Peteffi", "texto_original": "https://sapl.camaranh.rs.gov.br/media/sapl/public/materialegislativa/2013/23557/23557_texto_integral.odt", "ementa": "Solicita recolhimento de lixo na Rua Boa Sa\u00fade, em frente ao n\u00ba 559, Bairro  Primavera."}, {"id": 23559, "ano": 2013, "numero": 2159, "tipo__sigla": "IND", "tipo__descricao": "Indica\u00e7\u00e3o/Pedido de Provid\u00eancias", "autoria__autor__nome": "Gerson Peteffi", "texto_original": "https://sapl.camaranh.rs.gov.br/media/sapl/public/materialegislativa/2013/23559/23559_texto_integral.odt", "ementa": "Solicita corte (retirada) de \u00e1rvore de grande porte, na Rua Tom\u00e9 de Souza, em frente a Escola de Nata\u00e7\u00e3o  Mobi Dic e Casa de Festas, no Bairro Ideal."}, {"id": 23561, "ano": 2013, "numero": 2160, "tipo__sigla": "IND", "tipo__descricao": "Indica\u00e7\u00e3o/Pedido de Provid\u00eancias", "autoria__autor__nome": "Gerson Peteffi", "texto_original": "https://sapl.camaranh.rs.gov.br/media/sapl/public/materialegislativa/2013/23561/23561_texto_integral.odt", "ementa": "Solicita  fechamento de buracos no asfalto na Rua Tom\u00e9 de Souza,  em toda sua extens\u00e3o, no Bairro Ideal."}, {"id": 23564, "ano": 2013, "numero": 2161, "tipo__sigla": "IND", "tipo__descricao": "Indica\u00e7\u00e3o/Pedido de Provid\u00eancias", "autoria__autor__nome": "Inspetor Luz", "texto_original": "https://sapl.camaranh.rs.gov.br/media/sapl/public/materialegislativa/2013/23564/23564_texto_integral.odt", "ementa": "Solicita conserto de buracos e irregularidades no asfaltamento em frente ao n\u00ba 90, da Rua \u00cdcaro, no Bairro Canudos."}, {"id": 23565, "ano": 2013, "numero": 2162, "tipo__sigla": "IND", "tipo__descricao": "Indica\u00e7\u00e3o/Pedido de Provid\u00eancias", "autoria__autor__nome": "Inspetor Luz", "texto_original": "https://sapl.camaranh.rs.gov.br/media/sapl/public/materialegislativa/2013/23565/23565_texto_integral.odt", "ementa": "Solicita revitaliza\u00e7\u00e3o da pintura das faixas de seguran\u00e7a, no entroncamento entre a Rua Otto Kopschina e Av. Primeiro de Mar\u00e7o, no Bairro P\u00e1tria Nova."}, {"id": 23566, "ano": 2013, "numero": 2163, "tipo__sigla": "IND", "tipo__descricao": "Indica\u00e7\u00e3o/Pedido de Provid\u00eancias", "autoria__autor__nome": "Inspetor Luz", "texto_original": "https://sapl.camaranh.rs.gov.br/media/sapl/public/materialegislativa/2013/23566/23566_texto_integral.odt", "ementa": "Solicita conserto do meio-fio e da Tampa da Boca-de-lobo localizada na esquina das Ruas Atenas e \u00cdcaro, Bairro Canudos."}, {"id": 23570, "ano": 2013, "numero": 2164, "tipo__sigla": "IND", "tipo__descricao": "Indica\u00e7\u00e3o/Pedido de Provid\u00eancias", "autoria__autor__nome": "JorgeTatsch", "texto_original": "https://sapl.camaranh.rs.gov.br/media/sapl/public/materialegislativa/2013/23570/23570_texto_integral.odt", "ementa": "Reitera o Pedido de Provid\u00eancias n\u00ba 233/2013, que \"solicita limpeza em bocas-de-lobo entupidas ao longo da Rua Libres, no Bairro Industrial\"."}, {"id": 23571, "ano": 2013, "numero": 2165, "tipo__sigla": "IND", "tipo__descricao": "Indica\u00e7\u00e3o/Pedido de Provid\u00eancias", "autoria__autor__nome": "JorgeTatsch", "texto_original": "https://sapl.camaranh.rs.gov.br/media/sapl/public/materialegislativa/2013/23571/23571_texto_integral.odt", "ementa": "Solicita instala\u00e7\u00e3o de uma boca-de-lobo na Rua 44, no Loteamento Residencial Na\u00e7\u00f5es Unidas, em frente ao n\u00ba 83, Bairro Santo Afonso."}, {"id": 23572, "ano": 2013, "numero": 2166, "tipo__sigla": "IND", "tipo__descricao": "Indica\u00e7\u00e3o/Pedido de Provid\u00eancias", "autoria__autor__nome": "JorgeTatsch", "texto_original": "https://sapl.camaranh.rs.gov.br/media/", "ementa": "Solicita instala\u00e7\u00e3o de uma boca-de-lobo na Rua  Harmonia, em frente ao n\u00ba 28, Bairro Santo Afonso."}, {"id": 23573, "ano": 2013, "numero": 2167, "tipo__sigla": "IND", "tipo__descricao": "Indica\u00e7\u00e3o/Pedido de Provid\u00eancias", "autoria__autor__nome": "JorgeTatsch", "texto_original": "https://sapl.camaranh.rs.gov.br/media/sapl/public/materialegislativa/2013/23573/23573_texto_integral.odt", "ementa": "Sugere estudo de viabilidade para implanta\u00e7\u00e3o de c\u00e2meras de monitoramento nas entradas do N\u00facleo de Apoio S\u00f3cio Educativo Amigo da Crian\u00e7a, localizado na Rua Boston n\u00ba25, Bairro Santo Afonso."}, {"id": 23574, "ano": 2013, "numero": 2168, "tipo__sigla": "IND", "tipo__descricao": "Indica\u00e7\u00e3o/Pedido de Provid\u00eancias", "autoria__autor__nome": "JorgeTatsch", "texto_original": "https://sapl.camaranh.rs.gov.br/media/sapl/public/materialegislativa/2013/23574/23574_texto_integral.odt", "ementa": "Reitera o Pedido de Provid\u00eancias n\u00ba 890/2013, que \"solicita coloca\u00e7\u00e3o de grades nas bocas-de-lobo em toda extens\u00e3o da Rua Augusto Pestana, Bairro Industrial\"."}, {"id": 23575, "ano": 2013, "numero": 2169, "tipo__sigla": "IND", "tipo__descricao": "Indica\u00e7\u00e3o/Pedido de Provid\u00eancias", "autoria__autor__nome": "JorgeTatsch", "texto_original": "https://sapl.camaranh.rs.gov.br/media/sapl/public/materialegislativa/2013/23575/23575_texto_integral.odt", "ementa": "Solicita coloca\u00e7\u00e3o de grades nas bocas-de-lobo em toda a extens\u00e3o da Rua Libres, Bairro Industrial."}, {"id": 23576, "ano": 2013, "numero": 2170, "tipo__sigla": "IND", "tipo__descricao": "Indica\u00e7\u00e3o/Pedido de Provid\u00eancias", "autoria__autor__nome": "JorgeTatsch", "texto_original": "https://sapl.camaranh.rs.gov.br/media/sapl/public/materialegislativa/2013/23576/23576_texto_integral.odt", "ementa": "Reitera Pedido de Provid\u00eancias n\u00ba 1008/2013, que solicita desentupimento de esgoto da Rua Augusto Pestana, em toda sua extens\u00e3o, Bairro Industrial."}, {"id": 23577, "ano": 2013, "numero": 2171, "tipo__sigla": "IND", "tipo__descricao": "Indica\u00e7\u00e3o/Pedido de Provid\u00eancias", "autoria__autor__nome": "JorgeTatsch", "texto_original": "https://sapl.camaranh.rs.gov.br/media/sapl/public/materialegislativa/2013/23577/23577_texto_integral.odt", "ementa": "Solicita conserto de encanamento da rede de esgoto na Rua La Habana, pr\u00f3ximo ao n\u00ba 814, no Bairro Santo Afonso."}, {"id": 23580, "ano": 2013, "numero": 2172, "tipo__sigla": "IND", "tipo__descricao": "Indica\u00e7\u00e3o/Pedido de Provid\u00eancias", "autoria__autor__nome": "Raul Cassel", "texto_original": "https://sapl.camaranh.rs.gov.br/media/sapl/public/materialegislativa/2013/23580/23580_texto_integral.odt", "ementa": "Solicita recapeamento asf\u00e1ltico na Rua Engenheiro Jorge Schury, no trecho entre Av.Victor Hugo Kunz, e a RS 239 ."}, {"id": 23581, "ano": 2013, "numero": 2173, "tipo__sigla": "IND", "tipo__descricao": "Indica\u00e7\u00e3o/Pedido de Provid\u00eancias", "autoria__autor__nome": "Sergio Hanich", "texto_original": "https://sapl.camaranh.rs.gov.br/media/sapl/public/materialegislativa/2013/23581/23581_texto_integral.odt", "ementa": "Solicita recapeamento asf\u00e1ltico em toda a  extens\u00e3o da Rua Curupaiti, Bairro Jardim Mau\u00e1."}, {"id": 23582, "ano": 2013, "numero": 2174, "tipo__sigla": "IND", "tipo__descricao": "Indica\u00e7\u00e3o/Pedido de Provid\u00eancias", "autoria__autor__nome": "Sergio Hanich", "texto_original": "https://sapl.camaranh.rs.gov.br/media/sapl/public/materialegislativa/2013/23582/23582_texto_integral.odt", "ementa": "Solicita intima\u00e7\u00e3o do propriet\u00e1rio para que fa\u00e7a limpeza do terreno situado \u00e0 Rua Visconde do Herval, ao lado do n\u00ba 340, Bairro Jardim Mau\u00e1."}, {"id": 23583, "ano": 2013, "numero": 2175, "tipo__sigla": "IND", "tipo__descricao": "Indica\u00e7\u00e3o/Pedido de Provid\u00eancias", "autoria__autor__nome": "Sergio Hanich", "texto_original": "https://sapl.camaranh.rs.gov.br/media/sapl/public/materialegislativa/2013/23583/23583_texto_integral.odt", "ementa": "Solicita intima\u00e7\u00e3o do propriet\u00e1rio para que fa\u00e7a limpeza terreno situado \u00e0 Rua Carioca, esquina com Rua Visconde do Herval, Bairro Jardim Mau\u00e1."}, {"id": 23586, "ano": 2013, "numero": 2176, "tipo__sigla": "IND", "tipo__descricao": "Indica\u00e7\u00e3o/Pedido de Provid\u00eancias", "autoria__autor__nome": "Patr\u00edcia Beck", "texto_original": "https://sapl.camaranh.rs.gov.br/media/sapl/public/materialegislativa/2013/23586/23586_texto_integral.odt", "ementa": "Solicita opera\u00e7\u00e3o tapa-buracos na Rua Lima, em frente aos n\u00bas 188 e 307, Bairro Santo Afonso."}, {"id": 23587, "ano": 2013, "numero": 2177, "tipo__sigla": "IND", "tipo__descricao": "Indica\u00e7\u00e3o/Pedido de Provid\u00eancias", "autoria__autor__nome": "Patr\u00edcia Beck", "texto_original": "https://sapl.camaranh.rs.gov.br/media/sapl/public/materialegislativa/2013/23587/23587_texto_integral.odt", "ementa": "Solicita  conserto da boca-de-lobo na Av. Pedro Adams Filho, em frente \u00e0 Igreja Cat\u00f3lica Sagrado Cora\u00e7\u00e3o, junto \u00e0 parada de \u00f4nibus, Bairro Santo Afonso. "}, {"id": 23588, "ano": 2013, "numero": 2178, "tipo__sigla": "IND", "tipo__descricao": "Indica\u00e7\u00e3o/Pedido de Provid\u00eancias", "autoria__autor__nome": "Patr\u00edcia Beck", "texto_original": "https://sapl.camaranh.rs.gov.br/media/sapl/public/materialegislativa/2013/23588/23588_texto_integral.odt", "ementa": "Solicita conserto da boca-de-lobo na Rua Rui Barbosa, em frente ao n\u00ba 210, Bairro Liberdade."}, {"id": 23589, "ano": 2013, "numero": 2179, "tipo__sigla": "IND", "tipo__descricao": "Indica\u00e7\u00e3o/Pedido de Provid\u00eancias", "autoria__autor__nome": "Patr\u00edcia Beck", "texto_original": "https://sapl.camaranh.rs.gov.br/media/sapl/public/materialegislativa/2013/23589/23589_texto_integral.odt", "ementa": "Solicita conserto da boca-de-lobo na Rua Pinheiro Machado, em frente \u00e0s M\u00e1quinas POP, Bairro Industrial."}, {"id": 23590, "ano": 2013, "numero": 2180, "tipo__sigla": "IND", "tipo__descricao": "Indica\u00e7\u00e3o/Pedido de Provid\u00eancias", "autoria__autor__nome": "Patr\u00edcia Beck", "texto_original": "https://sapl.camaranh.rs.gov.br/media/sapl/public/materialegislativa/2013/23590/23590_texto_integral.odt", "ementa": "Solicita opera\u00e7\u00e3o tapa-buracos na Rua Montevid\u00e9u esquina com a Rua Valpara\u00edso, Bairro Santo Afonso."}, {"id": 23591, "ano": 2013, "numero": 2181, "tipo__sigla": "IND", "tipo__descricao": "Indica\u00e7\u00e3o/Pedido de Provid\u00eancias", "autoria__autor__nome": "Patr\u00edcia Beck", "texto_original": "https://sapl.camaranh.rs.gov.br/media/sapl/public/materialegislativa/2013/23591/23591_texto_integral.odt", "ementa": "Solicita o conserto da ponte e os guarda-corpos da ponte da Rua Eron Domingues, Bairro Canudos."}, {"id": 23593, "ano": 2013, "numero": 2182, "tipo__sigla": "IND", "tipo__descricao": "Indica\u00e7\u00e3o/Pedido de Provid\u00eancias", "autoria__autor__nome": "Patr\u00edcia Beck", "texto_original": "https://sapl.camaranh.rs.gov.br/media/sapl/public/materialegislativa/2013/23593/23593_texto_integral.odt", "ementa": "Solicita opera\u00e7\u00e3o tapa-buracos na Rua Gal. Vargas, esquina com Av. Victor Hugo Kunz, Bairro S\u00e3o Jos\u00e9."}, {"id": 23594, "ano": 2013, "numero": 2183, "tipo__sigla": "IND", "tipo__descricao": "Indica\u00e7\u00e3o/Pedido de Provid\u00eancias", "autoria__autor__nome": "Patr\u00edcia Beck", "texto_original": "https://sapl.camaranh.rs.gov.br/media/sapl/public/materialegislativa/2013/23594/23594_texto_integral.odt", "ementa": "Solicita patrolamento e coloca\u00e7\u00e3o de britas na Rua Concei\u00e7\u00e3o, Vila Palmeira"}, {"id": 23595, "ano": 2013, "numero": 2184, "tipo__sigla": "IND", "tipo__descricao": "Indica\u00e7\u00e3o/Pedido de Provid\u00eancias", "autoria__autor__nome": "Patr\u00edcia Beck", "texto_original": "https://sapl.camaranh.rs.gov.br/media/sapl/public/materialegislativa/2013/23595/23595_texto_integral.odt", "ementa": "Reitera a solicita\u00e7\u00e3o de opera\u00e7\u00e3o tapa-buracos na Rua S\u00e3o Luiz Gonzaga, em toda sua extens\u00e3o."}, {"id": 23596, "ano": 2013, "numero": 2185, "tipo__sigla": "IND", "tipo__descricao": "Indica\u00e7\u00e3o/Pedido de Provid\u00eancias", "autoria__autor__nome": "Patr\u00edcia Beck", "texto_original": "https://sapl.camaranh.rs.gov.br/media/sapl/public/materialegislativa/2013/23596/23596_texto_integral.odt", "ementa": "Solicita opera\u00e7\u00e3o tapa-buracos na Av.Victor H. Kunz, na sinaleira com as Ruas Anchieta e Jaboti, Bairro S\u00e3o Jorge."}, {"id": 23597, "ano": 2013, "numero": 2186, "tipo__sigla": "IND", "tipo__descricao": "Indica\u00e7\u00e3o/Pedido de Provid\u00eancias", "autoria__autor__nome": "Patr\u00edcia Beck", "texto_original": "https://sapl.camaranh.rs.gov.br/media/sapl/public/materialegislativa/2013/23597/23597_texto_integral.odt", "ementa": "Solicita opera\u00e7\u00e3o tapa-buracos na Rua Joaquim Nabuco, esquina com a Rua Dr. Magalh\u00e3es Calvet, Bairro Centro."}, {"id": 23599, "ano": 2013, "numero": 2187, "tipo__sigla": "IND", "tipo__descricao": "Indica\u00e7\u00e3o/Pedido de Provid\u00eancias", "autoria__autor__nome": "Cristiano Coller", "texto_original": "https://sapl.camaranh.rs.gov.br/media/sapl/public/materialegislativa/2013/23599/23599_texto_integral.odt", "ementa": "Solicita pavimenta\u00e7\u00e3o asf\u00e1ltica na Rua Bem Vindo,  Bairro Santo Afonso."}, {"id": 23601, "ano": 2013, "numero": 2188, "tipo__sigla": "IND", "tipo__descricao": "Indica\u00e7\u00e3o/Pedido de Provid\u00eancias", "autoria__autor__nome": "Cristiano Coller", "texto_original": "https://sapl.camaranh.rs.gov.br/media/sapl/public/materialegislativa/2013/23601/23601_texto_integral.odt", "ementa": "Solicita ro\u00e7ada e limpeza na \u00e1rea da Prefeitura Municipal de Novo Hamburgo, localizada na Rua Machado de Assis ao lado n\u00ba 663, no Bairro Ideal."}, {"id": 23602, "ano": 2013, "numero": 2189, "tipo__sigla": "IND", "tipo__descricao": "Indica\u00e7\u00e3o/Pedido de Provid\u00eancias", "autoria__autor__nome": "Professor Issur Koch", "texto_original": "https://sapl.camaranh.rs.gov.br/media/sapl/public/materialegislativa/2013/23602/23602_texto_integral.odt", "ementa": "Solicita coloca\u00e7\u00e3o de um abrigo maior na parada de \u00f4nibus abaixo dos trilhos do Trem da Esta\u00e7\u00e3o Santo Afonso."}, {"id": 23604, "ano": 2013, "numero": 2190, "tipo__sigla": "IND", "tipo__descricao": "Indica\u00e7\u00e3o/Pedido de Provid\u00eancias", "autoria__autor__nome": "Professor Issur Koch", "texto_original": "https://sapl.camaranh.rs.gov.br/media/sapl/public/materialegislativa/2013/23604/23604_texto_integral.odt", "ementa": "Solicita intima\u00e7\u00e3o do propriet\u00e1rio da casa  localizada na Rua Gomes Portinho, ao lado do n\u00ba 303, no Bairro Jardim Mau\u00e1."}, {"id": 23606, "ano": 2013, "numero": 2191, "tipo__sigla": "IND", "tipo__descricao": "Indica\u00e7\u00e3o/Pedido de Provid\u00eancias", "autoria__autor__nome": "Raul Cassel", "texto_original": "https://sapl.camaranh.rs.gov.br/media/sapl/public/materialegislativa/2013/23606/23606_texto_integral.odt", "ementa": "Solicita recapeamento asf\u00e1ltico na Rua Santos Pedroso, no trecho entre as Ruas Maur\u00edcio Cardoso e General Os\u00f3rio."}, {"id": 23608, "ano": 2013, "numero": 2192, "tipo__sigla": "IND", "tipo__descricao": "Indica\u00e7\u00e3o/Pedido de Provid\u00eancias", "autoria__autor__nome": "Cristiano Coller", "texto_original": "https://sapl.camaranh.rs.gov.br/media/sapl/public/materialegislativa/2013/23608/23608_texto_integral.odt", "ementa": "Solicita que seja intimado o propriet\u00e1rio da casa localizado na Rua Machado de Assis, n\u00ba 503, esquina com a Rua Tuparendi, Bairro Ideal."}, {"id": 23610, "ano": 2013, "numero": 2193, "tipo__sigla": "IND", "tipo__descricao": "Indica\u00e7\u00e3o/Pedido de Provid\u00eancias", "autoria__autor__nome": "Luiz Fernando Farias", "texto_original": "https://sapl.camaranh.rs.gov.br/media/sapl/public/materialegislativa/2013/23610/23610_texto_integral.odt", "ementa": "Solicita pintura dos meios-fios na  Rua Marc\u00edlio Dias, em toda sua extens\u00e3o."}, {"id": 23611, "ano": 2013, "numero": 2194, "tipo__sigla": "IND", "tipo__descricao": "Indica\u00e7\u00e3o/Pedido de Provid\u00eancias", "autoria__autor__nome": "Luiz Fernando Farias", "texto_original": "https://sapl.camaranh.rs.gov.br/media/sapl/public/materialegislativa/2013/23611/23611_texto_integral.odt", "ementa": "Solicita conserto de buraco na Av. Na\u00e7\u00f5es Unidas, esquina com a Rua Marc\u00edlio Dias, no  Bairro Rio Branco."}, {"id": 23612, "ano": 2013, "numero": 2195, "tipo__sigla": "IND", "tipo__descricao": "Indica\u00e7\u00e3o/Pedido de Provid\u00eancias", "autoria__autor__nome": "Luiz Fernando Farias", "texto_original": "https://sapl.camaranh.rs.gov.br/media/sapl/public/materialegislativa/2013/23612/23612_texto_integral.odt", "ementa": "Solicita recapeamento asf\u00e1ltico da Rua Tamandar\u00e9, em toda sua extens\u00e3o."}, {"id": 23615, "ano": 2013, "numero": 2196, "tipo__sigla": "IND", "tipo__descricao": "Indica\u00e7\u00e3o/Pedido de Provid\u00eancias", "autoria__autor__nome": "Enfermeiro Vilmar", "texto_original": "https://sapl.camaranh.rs.gov.br/media/sapl/public/materialegislativa/2013/23615/23615_texto_integral.odt", "ementa": "Solicita o estudo da viabilidade de implanta\u00e7\u00e3o de pra\u00e7a de recrea\u00e7\u00e3o na Avenida Oct\u00e1vio Oscar Bender, Bairro Canudos, ao lado do n\u00ba 150. "}, {"id": 23622, "ano": 2013, "numero": 2197, "tipo__sigla": "IND", "tipo__descricao": "Indica\u00e7\u00e3o/Pedido de Provid\u00eancias", "autoria__autor__nome": "Enfermeiro Vilmar", "texto_original": "https://sapl.camaranh.rs.gov.br/media/sapl/public/materialegislativa/2013/23622/23622_texto_integral.odt", "ementa": "Solicita  realiza\u00e7\u00e3o da opera\u00e7\u00e3o tapa-buracos na Rua Caracas, entre os n\u00fameros 900 e 915, no Bairro Santo Afonso."}, {"id": 23623, "ano": 2013, "numero": 2198, "tipo__sigla": "IND", "tipo__descricao": "Indica\u00e7\u00e3o/Pedido de Provid\u00eancias", "autoria__autor__nome": "Enfermeiro Vilmar", "texto_original": "https://sapl.camaranh.rs.gov.br/media/sapl/public/materialegislativa/2013/23623/23623_texto_integral.odt", "ementa": "Solicita  realiza\u00e7\u00e3o da opera\u00e7\u00e3o tapa-buracos na Rua La Paz, em frente ao n\u00ba167, Bairro Santo Afonso."}, {"id": 23624, "ano": 2013, "numero": 2199, "tipo__sigla": "IND", "tipo__descricao": "Indica\u00e7\u00e3o/Pedido de Provid\u00eancias", "autoria__autor__nome": "Enfermeiro Vilmar", "texto_original": "https://sapl.camaranh.rs.gov.br/media/sapl/public/materialegislativa/2013/23624/23624_texto_integral.odt", "ementa": "Solicita pintura de faixa de seguran\u00e7a na Rua Floren\u00e7a, entre os n\u00fameros 229 e 488, no Bairro Canudos. "}, {"id": 23625, "ano": 2013, "numero": 2200, "tipo__sigla": "IND", "tipo__descricao": "Indica\u00e7\u00e3o/Pedido de Provid\u00eancias", "autoria__autor__nome": "Enfermeiro Vilmar", "texto_original": "https://sapl.camaranh.rs.gov.br/media/sapl/public/materialegislativa/2013/23625/23625_texto_integral.odt", "ementa": "Solicita a troca da tampa da boca-de-lobo localizada na Rua Manuel de Abreu, em frente ao n\u00ba 11, no Bairro Santo Afonso."}, {"id": 23626, "ano": 2013, "numero": 2201, "tipo__sigla": "IND", "tipo__descricao": "Indica\u00e7\u00e3o/Pedido de Provid\u00eancias", "autoria__autor__nome": "Enfermeiro Vilmar", "texto_original": "https://sapl.camaranh.rs.gov.br/media/sapl/public/materialegislativa/2013/23626/23626_texto_integral.odt", "ementa": "Solicita coloca\u00e7\u00e3o de quebra-molas na Rua Floren\u00e7a, entre os n\u00bas 229 e 488, no Bairro Canudos. "}, {"id": 23637, "ano": 2013, "numero": 2202, "tipo__sigla": "IND", "tipo__descricao": "Indica\u00e7\u00e3o/Pedido de Provid\u00eancias", "autoria__autor__nome": "Inspetor Luz", "texto_original": "https://sapl.camaranh.rs.gov.br/media/sapl/public/materialegislativa/2013/23637/23637_texto_integral.odt", "ementa": "Solicita recomposi\u00e7\u00e3o asf\u00e1ltica em toda extens\u00e3o da Rua Tamandar\u00e9, no Bairro Boa Vista."}, {"id": 23638, "ano": 2013, "numero": 2203, "tipo__sigla": "IND", "tipo__descricao": "Indica\u00e7\u00e3o/Pedido de Provid\u00eancias", "autoria__autor__nome": "Inspetor Luz", "texto_original": "https://sapl.camaranh.rs.gov.br/media/sapl/public/materialegislativa/2013/23638/23638_texto_integral.odt", "ementa": "Solicita conserto e recoloca\u00e7\u00e3o da tampa da boca-de-lobo localizada na esquina das Ruas Cariri e Dr. Maur\u00edcio Cardoso, no Bairro Mau\u00e1."}, {"id": 23639, "ano": 2013, "numero": 2204, "tipo__sigla": "IND", "tipo__descricao": "Indica\u00e7\u00e3o/Pedido de Provid\u00eancias", "autoria__autor__nome": "Inspetor Luz", "texto_original": "https://sapl.camaranh.rs.gov.br/media/sapl/public/materialegislativa/2013/23639/23639_texto_integral.odt", "ementa": "Solicita conserto e recoloca\u00e7\u00e3o da tampa da boca-de-lobo localizada em frente ao n\u00ba 564, da Rua Curitiba, no Bairro Boa Vista."}, {"id": 23640, "ano": 2013, "numero": 2205, "tipo__sigla": "IND", "tipo__descricao": "Indica\u00e7\u00e3o/Pedido de Provid\u00eancias", "autoria__autor__nome": "Inspetor Luz", "texto_original": "https://sapl.camaranh.rs.gov.br/media/sapl/public/materialegislativa/2013/23640/23640_texto_integral.odt", "ementa": "Solicita conserto de buracos e irregularidades  no entroncamento das Ruas Boa Sa\u00fade e Marc\u00edlio Dias, no Bairro Rio Branco. "}, {"id": 23641, "ano": 2013, "numero": 2206, "tipo__sigla": "IND", "tipo__descricao": "Indica\u00e7\u00e3o/Pedido de Provid\u00eancias", "autoria__autor__nome": "Inspetor Luz", "texto_original": "https://sapl.camaranh.rs.gov.br/media/sapl/public/materialegislativa/2013/23641/23641_texto_integral.odt", "ementa": "Solicita capina e limpeza junto ao meio-fio em toda extens\u00e3o da Rua Cariri, no Bairro Jardim Mau\u00e1."}, {"id": 23643, "ano": 2013, "numero": 2207, "tipo__sigla": "IND", "tipo__descricao": "Indica\u00e7\u00e3o/Pedido de Provid\u00eancias", "autoria__autor__nome": "JorgeTatsch", "texto_original": "https://sapl.camaranh.rs.gov.br/media/sapl/public/materialegislativa/2013/23643/23643_texto_integral.odt", "ementa": "Solicita opera\u00e7\u00e3o tapa-buracos na Rua Leopoldo Wasum, esquina com a Rua Montevideo, no Bairro Santo Afonso."}, {"id": 23644, "ano": 2013, "numero": 2208, "tipo__sigla": "IND", "tipo__descricao": "Indica\u00e7\u00e3o/Pedido de Provid\u00eancias", "autoria__autor__nome": "JorgeTatsch", "texto_original": "https://sapl.camaranh.rs.gov.br/media/sapl/public/materialegislativa/2013/23644/23644_texto_integral.odt", "ementa": "Solicita patrolamento e coloca\u00e7\u00e3o de britas na Rua Rio Grande do Sul, Bairro Canudos."}, {"id": 23648, "ano": 2013, "numero": 2209, "tipo__sigla": "IND", "tipo__descricao": "Indica\u00e7\u00e3o/Pedido de Provid\u00eancias", "autoria__autor__nome": "JorgeTatsch", "texto_original": "https://sapl.camaranh.rs.gov.br/media/sapl/public/materialegislativa/2013/23648/23648_texto_integral.odt", "ementa": "Solicita estudo de viabilidade de implanta\u00e7\u00e3o de uma linha de \u00f4nibus no Loteamento Novo Na\u00e7\u00f5es Unidas, sentidos Bairro-Centro e Centro-Bairro."}, {"id": 23650, "ano": 2013, "numero": 2210, "tipo__sigla": "IND", "tipo__descricao": "Indica\u00e7\u00e3o/Pedido de Provid\u00eancias", "autoria__autor__nome": "Patr\u00edcia Beck", "texto_original": "https://sapl.camaranh.rs.gov.br/media/sapl/public/materialegislativa/2013/23650/23650_texto_integral.odt", "ementa": "Solicita opera\u00e7\u00e3o tapa-buracos Rua Dem\u00e9trio Ribeiro, em frente ao n\u00ba 215, Vila Nova."}, {"id": 23651, "ano": 2013, "numero": 2211, "tipo__sigla": "IND", "tipo__descricao": "Indica\u00e7\u00e3o/Pedido de Provid\u00eancias", "autoria__autor__nome": "Patr\u00edcia Beck", "texto_original": "https://sapl.camaranh.rs.gov.br/media/sapl/public/materialegislativa/2013/23651/23651_texto_integral.odt", "ementa": "Solicita sinaliza\u00e7\u00e3o e fiscaliza\u00e7\u00e3o eficiente na Rua J\u00falio Birk, Vila Nova."}, {"id": 23652, "ano": 2013, "numero": 2212, "tipo__sigla": "IND", "tipo__descricao": "Indica\u00e7\u00e3o/Pedido de Provid\u00eancias", "autoria__autor__nome": "Patr\u00edcia Beck", "texto_original": "https://sapl.camaranh.rs.gov.br/media/sapl/public/materialegislativa/2013/23652/23652_texto_integral.odt", "ementa": "Solicita conserto do passeio p\u00fablico na Rua Bento Manoel, esquina com a Rua Bento Gon\u00e7alves, Bairro Oper\u00e1rio."}, {"id": 23653, "ano": 2013, "numero": 2213, "tipo__sigla": "IND", "tipo__descricao": "Indica\u00e7\u00e3o/Pedido de Provid\u00eancias", "autoria__autor__nome": "Patr\u00edcia Beck", "texto_original": "https://sapl.camaranh.rs.gov.br/media/sapl/public/materialegislativa/2013/23653/23653_texto_integral.odt", "ementa": "Solicita recapeamento asf\u00e1ltico da Rua Caxambu, Vila Nova. "}, {"id": 23654, "ano": 2013, "numero": 2214, "tipo__sigla": "IND", "tipo__descricao": "Indica\u00e7\u00e3o/Pedido de Provid\u00eancias", "autoria__autor__nome": "Patr\u00edcia Beck", "texto_original": "https://sapl.camaranh.rs.gov.br/media/sapl/public/materialegislativa/2013/23654/23654_texto_integral.odt", "ementa": "Solicita opera\u00e7\u00e3o tapa-buracos na Rua Porto Alegre, entre Gal. Os\u00f3rio e Av.Victor H. Kunz ,  Hamburgo Velho."}, {"id": 23656, "ano": 2013, "numero": 2215, "tipo__sigla": "IND", "tipo__descricao": "Indica\u00e7\u00e3o/Pedido de Provid\u00eancias", "autoria__autor__nome": "Patr\u00edcia Beck", "texto_original": "https://sapl.camaranh.rs.gov.br/media/sapl/public/materialegislativa/2013/23656/23656_texto_integral.odt", "ementa": "Solicita conserto da boca-de-lobo e do passeio p\u00fablico na Rua La Paz, ao lado do n\u00ba 215, Bairro Santo Afonso. "}, {"id": 23657, "ano": 2013, "numero": 2216, "tipo__sigla": "IND", "tipo__descricao": "Indica\u00e7\u00e3o/Pedido de Provid\u00eancias", "autoria__autor__nome": "Patr\u00edcia Beck", "texto_original": "https://sapl.camaranh.rs.gov.br/media/sapl/public/materialegislativa/2013/23657/23657_texto_integral.odt", "ementa": "Solicita opera\u00e7\u00e3o tapa-buracos na Rua Bento Manoel, em toda extens\u00e3o, Bairro Oper\u00e1rio."}, {"id": 23658, "ano": 2013, "numero": 2217, "tipo__sigla": "IND", "tipo__descricao": "Indica\u00e7\u00e3o/Pedido de Provid\u00eancias", "autoria__autor__nome": "Patr\u00edcia Beck", "texto_original": "https://sapl.camaranh.rs.gov.br/media/sapl/public/materialegislativa/2013/23658/23658_texto_integral.odt", "ementa": "Solicita opera\u00e7\u00e3o tapa-buracos na Rua Gal. Os\u00f3rio, em frente ao n\u00ba- 431 , Hamburgo Velho."}, {"id": 23659, "ano": 2013, "numero": 2218, "tipo__sigla": "IND", "tipo__descricao": "Indica\u00e7\u00e3o/Pedido de Provid\u00eancias", "autoria__autor__nome": "Patr\u00edcia Beck", "texto_original": "https://sapl.camaranh.rs.gov.br/media/sapl/public/materialegislativa/2013/23659/23659_texto_integral.odt", "ementa": "Solicita limpeza da boca-de-lobo na Av. Montevid\u00e9o, esquina com a Av. Buenos Aires, Bairro Santo Afonso."}, {"id": 23660, "ano": 2013, "numero": 2219, "tipo__sigla": "IND", "tipo__descricao": "Indica\u00e7\u00e3o/Pedido de Provid\u00eancias", "autoria__autor__nome": "Patr\u00edcia Beck", "texto_original": "https://sapl.camaranh.rs.gov.br/media/sapl/public/materialegislativa/2013/23660/23660_texto_integral.odt", "ementa": "Solicita opera\u00e7\u00e3o tapa-buracos na Rua Bento Manoel, esquina com a Rua Onze de Junho, Bairro Oper\u00e1rio."}, {"id": 23662, "ano": 2013, "numero": 2220, "tipo__sigla": "IND", "tipo__descricao": "Indica\u00e7\u00e3o/Pedido de Provid\u00eancias", "autoria__autor__nome": "Patr\u00edcia Beck", "texto_original": "https://sapl.camaranh.rs.gov.br/media/sapl/public/materialegislativa/2013/23662/23662_texto_integral.odt", "ementa": "Solicita patrolamento e coloca\u00e7\u00e3o de britas na Rua Bem Vindo, em toda a sua extens\u00e3o, Bairro Santo Afonso."}, {"id": 23663, "ano": 2013, "numero": 2221, "tipo__sigla": "IND", "tipo__descricao": "Indica\u00e7\u00e3o/Pedido de Provid\u00eancias", "autoria__autor__nome": "Patr\u00edcia Beck", "texto_original": "https://sapl.camaranh.rs.gov.br/media/sapl/public/materialegislativa/2013/23663/23663_texto_integral.odt", "ementa": "Solicita opera\u00e7\u00e3o tapa-buracos na Av. Pedro Adams Filho, entre a Rua Rui Barbosa e a r\u00f3tula da Rua Alvear, Bairro Santo Afonso."}, {"id": 23664, "ano": 2013, "numero": 2222, "tipo__sigla": "IND", "tipo__descricao": "Indica\u00e7\u00e3o/Pedido de Provid\u00eancias", "autoria__autor__nome": "Patr\u00edcia Beck", "texto_original": "https://sapl.camaranh.rs.gov.br/media/sapl/public/materialegislativa/2013/23664/23664_texto_integral.odt", "ementa": "Solicita opera\u00e7\u00e3o tapa-buracos na Estrada da Integra\u00e7\u00e3o, na r\u00f3tula de entrada da Vila das Flores."}, {"id": 23666, "ano": 2013, "numero": 2223, "tipo__sigla": "IND", "tipo__descricao": "Indica\u00e7\u00e3o/Pedido de Provid\u00eancias", "autoria__autor__nome": "Patr\u00edcia Beck", "texto_original": "https://sapl.camaranh.rs.gov.br/media/sapl/public/materialegislativa/2013/23666/23666_texto_integral.odt", "ementa": "Solicita coleta de entulhos no passeio p\u00fablico na Rua Frederico Auller, em frente ao n\u00ba 120, Bairro Oper\u00e1rio."}, {"id": 23668, "ano": 2013, "numero": 2224, "tipo__sigla": "IND", "tipo__descricao": "Indica\u00e7\u00e3o/Pedido de Provid\u00eancias", "autoria__autor__nome": "Sergio Hanich", "texto_original": "https://sapl.camaranh.rs.gov.br/media/sapl/public/materialegislativa/2013/23668/23668_texto_integral.odt", "ementa": "Solicita recapeamento asf\u00e1ltico em toda  extens\u00e3o da Rua Punta Arenas, no Bairro Santo Afonso."}, {"id": 23669, "ano": 2013, "numero": 2225, "tipo__sigla": "IND", "tipo__descricao": "Indica\u00e7\u00e3o/Pedido de Provid\u00eancias", "autoria__autor__nome": "Sergio Hanich", "texto_original": "https://sapl.camaranh.rs.gov.br/media/sapl/public/materialegislativa/2013/23669/23669_texto_integral.odt", "ementa": "Solicita recapeamento asf\u00e1ltico da Rua Carlos Gomes, trecho entre as Ruas Magalh\u00e3es Calvet e Onze de Junho, Bairro Vila Rosa."}, {"id": 23671, "ano": 2013, "numero": 2226, "tipo__sigla": "IND", "tipo__descricao": "Indica\u00e7\u00e3o/Pedido de Provid\u00eancias", "autoria__autor__nome": "Cristiano Coller", "texto_original": "https://sapl.camaranh.rs.gov.br/media/sapl/public/materialegislativa/2013/23671/23671_texto_integral.odt", "ementa": "Solicita conserto de buraco na Rua Setembrino Martins Corr\u00eaa, Bairro Petr\u00f3polis."}, {"id": 23672, "ano": 2013, "numero": 2227, "tipo__sigla": "IND", "tipo__descricao": "Indica\u00e7\u00e3o/Pedido de Provid\u00eancias", "autoria__autor__nome": "Cristiano Coller", "texto_original": "https://sapl.camaranh.rs.gov.br/media/sapl/public/materialegislativa/2013/23672/23672_texto_integral.odt", "ementa": "Solicita ro\u00e7ada e limpeza na \u00e1rea da Prefeitura Municipal de Novo Hamburgo localizada na Rua Timba\u00fav"}, {"id": 23673, "ano": 2013, "numero": 2228, "tipo__sigla": "IND", "tipo__descricao": "Indica\u00e7\u00e3o/Pedido de Provid\u00eancias", "autoria__autor__nome": "Cristiano Coller", "texto_original": "https://sapl.camaranh.rs.gov.br/media/sapl/public/materialegislativa/2013/23673/23673_texto_integral.odt", "ementa": "Solicita coloca\u00e7\u00e3o de quebra-molas na Rua Carlos Afonso Braunger, no Bairro Santo Afonso."}, {"id": 23674, "ano": 2013, "numero": 2229, "tipo__sigla": "IND", "tipo__descricao": "Indica\u00e7\u00e3o/Pedido de Provid\u00eancias", "autoria__autor__nome": "Cristiano Coller", "texto_original": "https://sapl.camaranh.rs.gov.br/media/sapl/public/materialegislativa/2013/23674/23674_texto_integral.odt", "ementa": "Solicita reforma da escadaria localizada na Rua Valdir Ant\u00f4nio Girardi, no Bairro Santo Afonso."}, {"id": 23675, "ano": 2013, "numero": 2230, "tipo__sigla": "IND", "tipo__descricao": "Indica\u00e7\u00e3o/Pedido de Provid\u00eancias", "autoria__autor__nome": "Cristiano Coller", "texto_original": "https://sapl.camaranh.rs.gov.br/media/sapl/public/materialegislativa/2013/23675/23675_texto_integral.odt", "ementa": "Solicita estudo de viabilidade para instala\u00e7\u00e3o de sem\u00e1foro para pedestres na Rua Guia Lopes, pr\u00f3ximo ao n\u00ba 1435, Bairro Rond\u00f4nia."}, {"id": 23676, "ano": 2013, "numero": 2231, "tipo__sigla": "IND", "tipo__descricao": "Indica\u00e7\u00e3o/Pedido de Provid\u00eancias", "autoria__autor__nome": "Cristiano Coller", "texto_original": "https://sapl.camaranh.rs.gov.br/media/sapl/public/materialegislativa/2013/23676/23676_texto_integral.odt", "ementa": "Solicita que seja intimado o propriet\u00e1rio do terreno localizado na Rua Visconde de Cairu, esquina com a Rua Vasco da Gama, no Bairro Santo Afonso."}, {"id": 23677, "ano": 2013, "numero": 2232, "tipo__sigla": "IND", "tipo__descricao": "Indica\u00e7\u00e3o/Pedido de Provid\u00eancias", "autoria__autor__nome": "Cristiano Coller", "texto_original": "https://sapl.camaranh.rs.gov.br/media/sapl/public/materialegislativa/2013/23677/23677_texto_integral.odt", "ementa": "Solicita instala\u00e7\u00e3o de sem\u00e1foro para pedestres e pintura da faixa seguran\u00e7a na Rua Coronel Travassos, pr\u00f3ximo ao n\u00ba 2031, Bairro Boa Vista."}, {"id": 23678, "ano": 2013, "numero": 2233, "tipo__sigla": "IND", "tipo__descricao": "Indica\u00e7\u00e3o/Pedido de Provid\u00eancias", "autoria__autor__nome": "Roger Corr\u00eaa", "texto_original": "https://sapl.camaranh.rs.gov.br/media/sapl/public/materialegislativa/2013/23678/23678_texto_integral.odt", "ementa": "Solicita seguran\u00e7a na UBS e na E.M.E.F. da Rua Dem\u00e9trio Ribeiro, no Bairro Guarani."}, {"id": 23679, "ano": 2013, "numero": 2234, "tipo__sigla": "IND", "tipo__descricao": "Indica\u00e7\u00e3o/Pedido de Provid\u00eancias", "autoria__autor__nome": "Roger Corr\u00eaa", "texto_original": "https://sapl.camaranh.rs.gov.br/media/sapl/public/materialegislativa/2013/23679/23679_texto_integral.odt", "ementa": "Solicita a pavimenta\u00e7\u00e3o e ilumina\u00e7\u00e3o na entrada do Centro Social Urbano, no Bairro Guarani."}, {"id": 23680, "ano": 2013, "numero": 2235, "tipo__sigla": "IND", "tipo__descricao": "Indica\u00e7\u00e3o/Pedido de Provid\u00eancias", "autoria__autor__nome": "Roger Corr\u00eaa", "texto_original": "https://sapl.camaranh.rs.gov.br/media/sapl/public/materialegislativa/2013/23680/23680_texto_integral.odt", "ementa": "Solicita canaliza\u00e7\u00e3o do esgoto da Rua Eldorado, no Bairro Santo Afonso."}, {"id": 23681, "ano": 2013, "numero": 2236, "tipo__sigla": "IND", "tipo__descricao": "Indica\u00e7\u00e3o/Pedido de Provid\u00eancias", "autoria__autor__nome": "Roger Corr\u00eaa", "texto_original": "https://sapl.camaranh.rs.gov.br/media/sapl/public/materialegislativa/2013/23681/23681_texto_integral.odt", "ementa": "Solicita pavimenta\u00e7\u00e3o da Rua Boa F\u00e9, no Bairro Santo Afonso."}, {"id": 23682, "ano": 2013, "numero": 2237, "tipo__sigla": "IND", "tipo__descricao": "Indica\u00e7\u00e3o/Pedido de Provid\u00eancias", "autoria__autor__nome": "Roger Corr\u00eaa", "texto_original": "https://sapl.camaranh.rs.gov.br/media/sapl/public/materialegislativa/2013/23682/23682_texto_integral.odt", "ementa": "Sugere ao Executivo estudo para tornar de m\u00e3o \u00fanica a Rua Ciudad Trujilo, Bairro Santo Afonso."}, {"id": 23683, "ano": 2013, "numero": 2238, "tipo__sigla": "IND", "tipo__descricao": "Indica\u00e7\u00e3o/Pedido de Provid\u00eancias", "autoria__autor__nome": "Roger Corr\u00eaa", "texto_original": "https://sapl.camaranh.rs.gov.br/media/sapl/public/materialegislativa/2013/23683/23683_texto_integral.odt", "ementa": "Solicita maior divulga\u00e7\u00e3o dos eventos culturais que ocorrem no munic\u00edpio."}, {"id": 23684, "ano": 2013, "numero": 2239, "tipo__sigla": "IND", "tipo__descricao": "Indica\u00e7\u00e3o/Pedido de Provid\u00eancias", "autoria__autor__nome": "Roger Corr\u00eaa", "texto_original": "https://sapl.camaranh.rs.gov.br/media/sapl/public/materialegislativa/2013/23684/23684_texto_integral.odt", "ementa": "Solicita limpeza e faixas de pedestres na Pra\u00e7a do Imigrante."}, {"id": 23685, "ano": 2013, "numero": 2240, "tipo__sigla": "IND", "tipo__descricao": "Indica\u00e7\u00e3o/Pedido de Provid\u00eancias", "autoria__autor__nome": "Roger Corr\u00eaa", "texto_original": "https://sapl.camaranh.rs.gov.br/media/sapl/public/materialegislativa/2013/23685/23685_texto_integral.odt", "ementa": "Solicita recapeamento asf\u00e1ltico ao longo da Rua Ant\u00f4nio Roberto Kroeff, no Bairro Santo Afonso."}, {"id": 23686, "ano": 2013, "numero": 2241, "tipo__sigla": "IND", "tipo__descricao": "Indica\u00e7\u00e3o/Pedido de Provid\u00eancias", "autoria__autor__nome": "Roger Corr\u00eaa", "texto_original": "https://sapl.camaranh.rs.gov.br/media/sapl/public/materialegislativa/2013/23686/23686_texto_integral.odt", "ementa": "Solicita limpeza e ro\u00e7ada ao longo da Rua Natal, no Bairro Boa Vista."}, {"id": 23687, "ano": 2013, "numero": 2242, "tipo__sigla": "IND", "tipo__descricao": "Indica\u00e7\u00e3o/Pedido de Provid\u00eancias", "autoria__autor__nome": "Roger Corr\u00eaa", "texto_original": "https://sapl.camaranh.rs.gov.br/media/sapl/public/materialegislativa/2013/23687/23687_texto_integral.odt", "ementa": "Solicita manuten\u00e7\u00e3o na ilumina\u00e7\u00e3o ao longo da Rua Nazar\u00e9, no Bairro Santo Afonso."}, {"id": 23688, "ano": 2013, "numero": 2243, "tipo__sigla": "IND", "tipo__descricao": "Indica\u00e7\u00e3o/Pedido de Provid\u00eancias", "autoria__autor__nome": "Roger Corr\u00eaa", "texto_original": "https://sapl.camaranh.rs.gov.br/media/sapl/public/materialegislativa/2013/23688/23688_texto_integral.odt", "ementa": "Solicita manuten\u00e7\u00e3o e coloca\u00e7\u00e3o de ilumina\u00e7\u00e3o nas esquinas e becos que se encontram na extens\u00e3o da Rua Presidente Costa e Silva, no Bairro Canudos."}, {"id": 23689, "ano": 2013, "numero": 2244, "tipo__sigla": "IND", "tipo__descricao": "Indica\u00e7\u00e3o/Pedido de Provid\u00eancias", "autoria__autor__nome": "Roger Corr\u00eaa", "texto_original": "https://sapl.camaranh.rs.gov.br/media/sapl/public/materialegislativa/2013/23689/23689_texto_integral.odt", "ementa": "Solicita pavimenta\u00e7\u00e3o e seguran\u00e7a na Rua Carmem Miranda, pr\u00f3ximo a EMEF Jo\u00e3o Brizola, no Bairro Canu"}, {"id": 23690, "ano": 2013, "numero": 2245, "tipo__sigla": "IND", "tipo__descricao": "Indica\u00e7\u00e3o/Pedido de Provid\u00eancias", "autoria__autor__nome": "Roger Corr\u00eaa", "texto_original": "https://sapl.camaranh.rs.gov.br/media/sapl/public/materialegislativa/2013/23690/23690_texto_integral.odt", "ementa": "Solicita coloca\u00e7\u00e3o de prote\u00e7\u00e3o no lago pr\u00f3ximo \u00e0 Pra\u00e7a da EMEI Chapeuzinho Vermelho, localizada na Rua Orozimbo Corr\u00eaa Mendes, no Bairro Canudos."}, {"id": 23691, "ano": 2013, "numero": 2246, "tipo__sigla": "IND", "tipo__descricao": "Indica\u00e7\u00e3o/Pedido de Provid\u00eancias", "autoria__autor__nome": "Roger Corr\u00eaa", "texto_original": "https://sapl.camaranh.rs.gov.br/media/sapl/public/materialegislativa/2013/23691/23691_texto_integral.odt", "ementa": "Solicita que o caminh\u00e3o da coleta de lixo efetue o recolhimento na  Rua Major Andre Killp, Bairro Boa Sa\u00fade."}, {"id": 23692, "ano": 2013, "numero": 2247, "tipo__sigla": "IND", "tipo__descricao": "Indica\u00e7\u00e3o/Pedido de Provid\u00eancias", "autoria__autor__nome": "Patr\u00edcia Beck", "texto_original": "https://sapl.camaranh.rs.gov.br/media/sapl/public/materialegislativa/2013/23692/23692_texto_integral.odt", "ementa": "Sugere a cria\u00e7\u00e3o da Coordenadoria Multidisciplinar de Pol\u00edticas P\u00fablicas de Prote\u00e7\u00e3o aos Animais Dom\u00e9sticos no Munic\u00edpio."}, {"id": 23694, "ano": 2013, "numero": 2248, "tipo__sigla": "IND", "tipo__descricao": "Indica\u00e7\u00e3o/Pedido de Provid\u00eancias", "autoria__autor__nome": "Professor Issur Koch", "texto_original": "https://sapl.camaranh.rs.gov.br/media/sapl/public/materialegislativa/2013/23694/23694_texto_integral.odt", "ementa": "Reitera o pedido de opera\u00e7\u00e3o tapa-buracos na Rua Vereador Ad\u00e3o Rodrigues de Oliveira, em frente ao n\u00ba 793, no Bairro Ideal."}, {"id": 23696, "ano": 2013, "numero": 2249, "tipo__sigla": "IND", "tipo__descricao": "Indica\u00e7\u00e3o/Pedido de Provid\u00eancias", "autoria__autor__nome": "Professor Issur Koch", "texto_original": "https://sapl.camaranh.rs.gov.br/media/sapl/public/materialegislativa/2013/23696/23696_texto_integral.odt", "ementa": "Reitera o pedido de opera\u00e7\u00e3o tapa-buracos na Rua Imperatriz Leopoldina, no Bairro Rio Branco."}, {"id": 23697, "ano": 2013, "numero": 2250, "tipo__sigla": "IND", "tipo__descricao": "Indica\u00e7\u00e3o/Pedido de Provid\u00eancias", "autoria__autor__nome": "Roger Corr\u00eaa", "texto_original": "https://sapl.camaranh.rs.gov.br/media/sapl/public/materialegislativa/2013/23697/23697_texto_integral.odt", "ementa": "Solicita finaliza\u00e7\u00e3o das reformas de melhorias da UBS Santo Afonso, no Bairro Santo Afonso."}, {"id": 23698, "ano": 2013, "numero": 2251, "tipo__sigla": "IND", "tipo__descricao": "Indica\u00e7\u00e3o/Pedido de Provid\u00eancias", "autoria__autor__nome": "Roger Corr\u00eaa", "texto_original": "https://sapl.camaranh.rs.gov.br/media/sapl/public/materialegislativa/2013/23698/23698_texto_integral.odt", "ementa": "Solicita coloca\u00e7\u00e3o de faixas de seguran\u00e7a ao longo da Rua Rinc\u00e3o, no Bairro Rinc\u00e3o."}, {"id": 23699, "ano": 2013, "numero": 2252, "tipo__sigla": "IND", "tipo__descricao": "Indica\u00e7\u00e3o/Pedido de Provid\u00eancias", "autoria__autor__nome": "Roger Corr\u00eaa", "texto_original": "https://sapl.camaranh.rs.gov.br/media/sapl/public/materialegislativa/2013/23699/23699_texto_integral.odt", "ementa": "Solicita troca de postes, desentupimento de bueiros, limpeza e ro\u00e7ada da Rua Onofre Pires, no Bairro Ouro Branco."}, {"id": 23700, "ano": 2013, "numero": 2253, "tipo__sigla": "IND", "tipo__descricao": "Indica\u00e7\u00e3o/Pedido de Provid\u00eancias", "autoria__autor__nome": "Roger Corr\u00eaa", "texto_original": "https://sapl.camaranh.rs.gov.br/media/sapl/public/materialegislativa/2013/23700/23700_texto_integral.odt", "ementa": "Solicita vistoria na Rua Jos\u00e9 Alo\u00edsio Daudt,  no Bairro Canudos, a fim de verificar a situa\u00e7\u00e3o dos animais que se encontram abandonados na referida rua."}, {"id": 23701, "ano": 2013, "numero": 2254, "tipo__sigla": "IND", "tipo__descricao": "Indica\u00e7\u00e3o/Pedido de Provid\u00eancias", "autoria__autor__nome": "Roger Corr\u00eaa", "texto_original": "https://sapl.camaranh.rs.gov.br/media/sapl/public/materialegislativa/2013/23701/23701_texto_integral.odt", "ementa": "Solicita vistoria na Vila das Flores,  no Bairro Canudos, a fim de verificar a situa\u00e7\u00e3o dos animais que se encontram abandonados na referida rua."}, {"id": 23702, "ano": 2013, "numero": 2255, "tipo__sigla": "IND", "tipo__descricao": "Indica\u00e7\u00e3o/Pedido de Provid\u00eancias", "autoria__autor__nome": "Roger Corr\u00eaa", "texto_original": "https://sapl.camaranh.rs.gov.br/media/sapl/public/materialegislativa/2013/23702/23702_texto_integral.odt", "ementa": "Solicita pavimenta\u00e7\u00e3o asf\u00e1ltica da Rua Osvaldo Arthur Hartz,  no Bairro Canudos."}, {"id": 23704, "ano": 2013, "numero": 2256, "tipo__sigla": "IND", "tipo__descricao": "Indica\u00e7\u00e3o/Pedido de Provid\u00eancias", "autoria__autor__nome": "Roger Corr\u00eaa", "texto_original": "https://sapl.camaranh.rs.gov.br/media/sapl/public/materialegislativa/2013/23704/23704_texto_integral.odt", "ementa": "Solicita finaliza\u00e7\u00e3o das reformas de melhorias da UBS Santo Afonso, no Bairro Santo Afonso."}, {"id": 23705, "ano": 2013, "numero": 2257, "tipo__sigla": "IND", "tipo__descricao": "Indica\u00e7\u00e3o/Pedido de Provid\u00eancias", "autoria__autor__nome": "Roger Corr\u00eaa", "texto_original": "https://sapl.camaranh.rs.gov.br/media/sapl/public/materialegislativa/2013/23705/23705_texto_integral.odt", "ementa": "Solicita coloca\u00e7\u00e3o de ilumina\u00e7\u00e3o p\u00fablica na Rua Sapiranga, no Bairro Jardim Mau\u00e1."}, {"id": 23706, "ano": 2013, "numero": 2258, "tipo__sigla": "IND", "tipo__descricao": "Indica\u00e7\u00e3o/Pedido de Provid\u00eancias", "autoria__autor__nome": "Roger Corr\u00eaa", "texto_original": "https://sapl.camaranh.rs.gov.br/media/sapl/public/materialegislativa/2013/23706/23706_texto_integral.odt", "ementa": "Solicita limpeza da Rua Marques de Abrantes, no Bairro S\u00e3o Jorge."}, {"id": 23712, "ano": 2013, "numero": 2259, "tipo__sigla": "IND", "tipo__descricao": "Indica\u00e7\u00e3o/Pedido de Provid\u00eancias", "autoria__autor__nome": "Patr\u00edcia Beck", "texto_original": "https://sapl.camaranh.rs.gov.br/media/sapl/public/materialegislativa/2013/23712/23712_texto_integral.odt", "ementa": "Solicita que seja efetuada a recupera\u00e7\u00e3o do port\u00e3o do CAPS I  situado na Rua Gomes Jardim, Centro. "}, {"id": 23719, "ano": 2013, "numero": 2260, "tipo__sigla": "IND", "tipo__descricao": "Indica\u00e7\u00e3o/Pedido de Provid\u00eancias", "autoria__autor__nome": "Raul Cassel", "texto_original": "https://sapl.camaranh.rs.gov.br/media/sapl/public/materialegislativa/2013/23719/23719_texto_integral.odt", "ementa": "Solicita troca de local de vaga de estacionamento para idosos, na Rua Bento Gon\u00e7alves.\t"}, {"id": 23720, "ano": 2013, "numero": 2261, "tipo__sigla": "IND", "tipo__descricao": "Indica\u00e7\u00e3o/Pedido de Provid\u00eancias", "autoria__autor__nome": "Raul Cassel", "texto_original": "https://sapl.camaranh.rs.gov.br/media/sapl/public/materialegislativa/2013/23720/23720_texto_integral.odt", "ementa": "Solicita troca de local de vaga de estacionamento para idosos, na Rua Mariano de Matos, esquina com a Rua Joaquim Pedro Soares."}, {"id": 23723, "ano": 2013, "numero": 2262, "tipo__sigla": "IND", "tipo__descricao": "Indica\u00e7\u00e3o/Pedido de Provid\u00eancias", "autoria__autor__nome": "Inspetor Luz", "texto_original": "https://sapl.camaranh.rs.gov.br/media/sapl/public/materialegislativa/2013/23723/23723_texto_integral.odt", "ementa": "Solicita capina e limpeza junto ao meio-fio em toda extens\u00e3o da Rua Gramado, no Bairro Ouro Branco."}, {"id": 23724, "ano": 2013, "numero": 2263, "tipo__sigla": "IND", "tipo__descricao": "Indica\u00e7\u00e3o/Pedido de Provid\u00eancias", "autoria__autor__nome": "Inspetor Luz", "texto_original": "https://sapl.camaranh.rs.gov.br/media/sapl/public/materialegislativa/2013/23724/23724_texto_integral.odt", "ementa": "Solicita capina e limpeza junto ao meio-fio em toda extens\u00e3o da Rua Rio de Janeiro, no Bairro Ouro Branco."}, {"id": 23725, "ano": 2013, "numero": 2264, "tipo__sigla": "IND", "tipo__descricao": "Indica\u00e7\u00e3o/Pedido de Provid\u00eancias", "autoria__autor__nome": "Inspetor Luz", "texto_original": "https://sapl.camaranh.rs.gov.br/media/sapl/public/materialegislativa/2013/23725/23725_texto_integral.odt", "ementa": "Solicita capina e limpeza junto ao meio-fio em toda extens\u00e3o da Rua Canela, no Bairro Ouro Branco."}, {"id": 23726, "ano": 2013, "numero": 2265, "tipo__sigla": "IND", "tipo__descricao": "Indica\u00e7\u00e3o/Pedido de Provid\u00eancias", "autoria__autor__nome": "Inspetor Luz", "texto_original": "https://sapl.camaranh.rs.gov.br/media/sapl/public/materialegislativa/2013/23726/23726_texto_integral.odt", "ementa": "Solicita capina e limpeza junto ao meio-fio em toda extens\u00e3o da Rua Onofre Pires, no Bairro Ouro Branco."}, {"id": 23727, "ano": 2013, "numero": 2266, "tipo__sigla": "IND", "tipo__descricao": "Indica\u00e7\u00e3o/Pedido de Provid\u00eancias", "autoria__autor__nome": "Inspetor Luz", "texto_original": "https://sapl.camaranh.rs.gov.br/media/sapl/public/materialegislativa/2013/23727/23727_texto_integral.odt", "ementa": "Solicita opera\u00e7\u00e3o tapa-buracos em toda extens\u00e3o da Rua Piratini, Bairro Hamburgo Velho. "}, {"id": 23728, "ano": 2013, "numero": 2267, "tipo__sigla": "IND", "tipo__descricao": "Indica\u00e7\u00e3o/Pedido de Provid\u00eancias", "autoria__autor__nome": "Inspetor Luz", "texto_original": "https://sapl.camaranh.rs.gov.br/media/sapl/public/materialegislativa/2013/23728/23728_texto_integral.odt", "ementa": "Solicita opera\u00e7\u00e3o tapa-buracos em toda extens\u00e3o da Rua Dem\u00e9trio Ribeiro, Bairro Guarani. "}, {"id": 23729, "ano": 2013, "numero": 2268, "tipo__sigla": "IND", "tipo__descricao": "Indica\u00e7\u00e3o/Pedido de Provid\u00eancias", "autoria__autor__nome": "Inspetor Luz", "texto_original": "https://sapl.camaranh.rs.gov.br/media/sapl/public/materialegislativa/2013/23729/23729_texto_integral.odt", "ementa": "Solicita conserto e recoloca\u00e7\u00e3o da tampa da boca-de-lobo localizada na esquina da Rua General Vargas e Av. Victor Hugo Kunz, Bairro Canudos."}, {"id": 23730, "ano": 2013, "numero": 2269, "tipo__sigla": "IND", "tipo__descricao": "Indica\u00e7\u00e3o/Pedido de Provid\u00eancias", "autoria__autor__nome": "Inspetor Luz", "texto_original": "https://sapl.camaranh.rs.gov.br/media/sapl/public/materialegislativa/2013/23730/23730_texto_integral.odt", "ementa": "Solicita melhorias na rede de ilumina\u00e7\u00e3o p\u00fablica da Rua Ribeiro de Almeida, no Bairro Hamburgo Velho."}, {"id": 23734, "ano": 2013, "numero": 2270, "tipo__sigla": "IND", "tipo__descricao": "Indica\u00e7\u00e3o/Pedido de Provid\u00eancias", "autoria__autor__nome": "Gerson Peteffi", "texto_original": "https://sapl.camaranh.rs.gov.br/media/sapl/public/materialegislativa/2013/23734/23734_texto_integral.odt", "ementa": "Solicita fechamento de um buraco na Rua Saldanha da Gama, no cruzamento da Rua S\u00e3o Nicolau, Bairro Primavera."}, {"id": 23737, "ano": 2013, "numero": 2271, "tipo__sigla": "IND", "tipo__descricao": "Indica\u00e7\u00e3o/Pedido de Provid\u00eancias", "autoria__autor__nome": "Cristiano Coller", "texto_original": "https://sapl.camaranh.rs.gov.br/media/sapl/public/materialegislativa/2013/23737/23737_texto_integral.odt", "ementa": "Solicito melhorias na rua de acesso ao antigo lix\u00e3o do lima."}, {"id": 23738, "ano": 2013, "numero": 2272, "tipo__sigla": "IND", "tipo__descricao": "Indica\u00e7\u00e3o/Pedido de Provid\u00eancias", "autoria__autor__nome": "Cristiano Coller", "texto_original": "https://sapl.camaranh.rs.gov.br/media/sapl/public/materialegislativa/2013/23738/23738_texto_integral.odt", "ementa": "Solicita instala\u00e7\u00e3o quebra-molas na Av. Vereador Ad\u00e3o Rodrigues de Oliveira, no Bairro Ideal."}, {"id": 23739, "ano": 2013, "numero": 2273, "tipo__sigla": "IND", "tipo__descricao": "Indica\u00e7\u00e3o/Pedido de Provid\u00eancias", "autoria__autor__nome": "Cristiano Coller", "texto_original": "https://sapl.camaranh.rs.gov.br/media/sapl/public/materialegislativa/2013/23739/23739_texto_integral.odt", "ementa": "Solicita instala\u00e7\u00e3o de quebra-molas ou sem\u00e1foro na Av. Primeiro de Mar\u00e7o, nos dois sentidos da via, no trecho entre a Rua Pinheiro Machado e a Rua Miranda."}, {"id": 23740, "ano": 2013, "numero": 2274, "tipo__sigla": "IND", "tipo__descricao": "Indica\u00e7\u00e3o/Pedido de Provid\u00eancias", "autoria__autor__nome": "Cristiano Coller", "texto_original": "https://sapl.camaranh.rs.gov.br/media/sapl/public/materialegislativa/2013/23740/23740_texto_integral.odt", "ementa": "Solicita estudo de viabilidade para coloca\u00e7\u00e3o de quebra-molas na Av. Frederico Linck, pr\u00f3ximo ao cruzamento com a Rua Benjamin Constant, nos dois sentidos."}, {"id": 23741, "ano": 2013, "numero": 2275, "tipo__sigla": "IND", "tipo__descricao": "Indica\u00e7\u00e3o/Pedido de Provid\u00eancias", "autoria__autor__nome": "Cristiano Coller", "texto_original": "https://sapl.camaranh.rs.gov.br/media/sapl/public/materialegislativa/2013/23741/23741_texto_integral.odt", "ementa": "Solicita recapeamento asf\u00e1ltico na Rua Santos Pedroso ,Bairro Hamburgo Velho."}, {"id": 23742, "ano": 2013, "numero": 2276, "tipo__sigla": "IND", "tipo__descricao": "Indica\u00e7\u00e3o/Pedido de Provid\u00eancias", "autoria__autor__nome": "Cristiano Coller", "texto_original": "https://sapl.camaranh.rs.gov.br/media/sapl/public/materialegislativa/2013/23742/23742_texto_integral.odt", "ementa": "Solicita melhorias na Rua Guia Lopes com a Rua Waldo Erich Scheffler."}, {"id": 23747, "ano": 2013, "numero": 2277, "tipo__sigla": "IND", "tipo__descricao": "Indica\u00e7\u00e3o/Pedido de Provid\u00eancias", "autoria__autor__nome": "Roger Corr\u00eaa", "texto_original": "https://sapl.camaranh.rs.gov.br/media/sapl/public/materialegislativa/2013/23747/23747_texto_integral.odt", "ementa": "Solicita altera\u00e7\u00e3o do hor\u00e1rio da coleta de lixo do Bairro Boa Vista."}, {"id": 23748, "ano": 2013, "numero": 2278, "tipo__sigla": "IND", "tipo__descricao": "Indica\u00e7\u00e3o/Pedido de Provid\u00eancias", "autoria__autor__nome": "Roger Corr\u00eaa", "texto_original": "https://sapl.camaranh.rs.gov.br/media/sapl/public/materialegislativa/2013/23748/23748_texto_integral.odt", "ementa": "Solicita substitui\u00e7\u00e3o de tampa de bueiro na Av. Victor Hugo Kunz, esquina com a Rua General Vargas, no Bairro S\u00e3o Jorge. "}, {"id": 23749, "ano": 2013, "numero": 2279, "tipo__sigla": "IND", "tipo__descricao": "Indica\u00e7\u00e3o/Pedido de Provid\u00eancias", "autoria__autor__nome": "Roger Corr\u00eaa", "texto_original": "https://sapl.camaranh.rs.gov.br/media/sapl/public/materialegislativa/2013/23749/23749_texto_integral.odt", "ementa": "Solicita patrolamento e coloca\u00e7\u00e3o de britas na Avenida Alc\u00e2ntara, entre as Ruas Alvarenga e Pedro Jos\u00e9 Treis, Bairro S\u00e3o Jorge."}, {"id": 23750, "ano": 2013, "numero": 2280, "tipo__sigla": "IND", "tipo__descricao": "Indica\u00e7\u00e3o/Pedido de Provid\u00eancias", "autoria__autor__nome": "Roger Corr\u00eaa", "texto_original": "https://sapl.camaranh.rs.gov.br/media/sapl/public/materialegislativa/2013/23750/23750_texto_integral.odt", "ementa": "Solicita amplia\u00e7\u00e3o da canaliza\u00e7\u00e3o do esgoto da Rua Alfredo Rui Rheinheimer n\u00ba 107, no Bairro Santo Afonso."}, {"id": 23752, "ano": 2013, "numero": 2281, "tipo__sigla": "IND", "tipo__descricao": "Indica\u00e7\u00e3o/Pedido de Provid\u00eancias", "autoria__autor__nome": "Patr\u00edcia Beck", "texto_original": "https://sapl.camaranh.rs.gov.br/media/sapl/public/materialegislativa/2013/23752/23752_texto_integral.odt", "ementa": "Reitera a solicita\u00e7\u00e3o de opera\u00e7\u00e3o tapa-buracos na r\u00f3tula do Bairro Guarani."}, {"id": 23753, "ano": 2013, "numero": 2282, "tipo__sigla": "IND", "tipo__descricao": "Indica\u00e7\u00e3o/Pedido de Provid\u00eancias", "autoria__autor__nome": "Patr\u00edcia Beck", "texto_original": "https://sapl.camaranh.rs.gov.br/media/sapl/public/materialegislativa/2013/23753/23753_texto_integral.odt", "ementa": "Solicita  opera\u00e7\u00e3o tapa-buracos na Rua Aluizio de Azevedo, em frente ao n\u00ba 351, Vila Nova."}, {"id": 23754, "ano": 2013, "numero": 2283, "tipo__sigla": "IND", "tipo__descricao": "Indica\u00e7\u00e3o/Pedido de Provid\u00eancias", "autoria__autor__nome": "Patr\u00edcia Beck", "texto_original": "https://sapl.camaranh.rs.gov.br/media/sapl/public/materialegislativa/2013/23754/23754_texto_integral.odt", "ementa": "Solicita  opera\u00e7\u00e3o tapa-buracos na Rua Joaquim Pedro Soares, em frente ao Mercado Ofert\u00e3o, Bairro Guarani."}, {"id": 23755, "ano": 2013, "numero": 2284, "tipo__sigla": "IND", "tipo__descricao": "Indica\u00e7\u00e3o/Pedido de Provid\u00eancias", "autoria__autor__nome": "Patr\u00edcia Beck", "texto_original": "https://sapl.camaranh.rs.gov.br/media/sapl/public/materialegislativa/2013/23755/23755_texto_integral.odt", "ementa": "Solicita  o conserto do passeio p\u00fablico na Rua S\u00e3o Luiz Gonzaga, em frente ao n\u00ba 1092, Vila Nova."}, {"id": 23758, "ano": 2013, "numero": 2285, "tipo__sigla": "IND", "tipo__descricao": "Indica\u00e7\u00e3o/Pedido de Provid\u00eancias", "autoria__autor__nome": "Professor Issur Koch", "texto_original": "https://sapl.camaranh.rs.gov.br/media/sapl/public/materialegislativa/2013/23758/23758_texto_integral.odt", "ementa": "Solicita coloca\u00e7\u00e3o de um banco junto \u00e0 Bica D'\u00e1gua na Rua S\u00e3o Carlos, no Bairro Guarani."}, {"id": 23759, "ano": 2013, "numero": 2286, "tipo__sigla": "IND", "tipo__descricao": "Indica\u00e7\u00e3o/Pedido de Provid\u00eancias", "autoria__autor__nome": "Professor Issur Koch", "texto_original": "https://sapl.camaranh.rs.gov.br/media/sapl/public/materialegislativa/2013/23759/23759_texto_integral.odt", "ementa": "Solicita coloca\u00e7\u00e3o de lixeira junto \u00e0 bica d'\u00e1gua na Rua S\u00e3o Carlos, no Bairro Guarani."}, {"id": 23760, "ano": 2013, "numero": 2287, "tipo__sigla": "IND", "tipo__descricao": "Indica\u00e7\u00e3o/Pedido de Provid\u00eancias", "autoria__autor__nome": "Professor Issur Koch", "texto_original": "https://sapl.camaranh.rs.gov.br/media/sapl/public/materialegislativa/2013/23760/23760_texto_integral.odt", "ementa": "Solicita retirada de um sof\u00e1 no passeio p\u00fablico em frente a USF - Unidade de Sa\u00fade da Fam\u00edlia no Bairro Guarani."}, {"id": 23763, "ano": 2013, "numero": 2288, "tipo__sigla": "IND", "tipo__descricao": "Indica\u00e7\u00e3o/Pedido de Provid\u00eancias", "autoria__autor__nome": "Sergio Hanich", "texto_original": "https://sapl.camaranh.rs.gov.br/media/sapl/public/materialegislativa/2013/23763/23763_texto_integral.odt", "ementa": "Solicita limpeza e substitui\u00e7\u00e3o de tampa de boca-de-lobo na Rua Itu, esquina com a Av. Primeiro de Mar\u00e7o, Bairro P\u00e1tria Nova. "}, {"id": 23764, "ano": 2013, "numero": 2289, "tipo__sigla": "IND", "tipo__descricao": "Indica\u00e7\u00e3o/Pedido de Provid\u00eancias", "autoria__autor__nome": "Sergio Hanich", "texto_original": "https://sapl.camaranh.rs.gov.br/media/sapl/public/materialegislativa/2013/23764/23764_texto_integral.odt", "ementa": "Solicita a pintura de faixa de seguran\u00e7a para pedestres na esquina da Rua Marc\u00edlio Dias, com Ca\u00e7ador, Bairro Rio Branco."}, {"id": 23765, "ano": 2013, "numero": 2290, "tipo__sigla": "IND", "tipo__descricao": "Indica\u00e7\u00e3o/Pedido de Provid\u00eancias", "autoria__autor__nome": "Sergio Hanich", "texto_original": "https://sapl.camaranh.rs.gov.br/media/sapl/public/materialegislativa/2013/23765/23765_texto_integral.odt", "ementa": "Solicita coloca\u00e7\u00e3o de massa asf\u00e1ltica na travessa da Rua Seno Ant\u00f4nio Schokal, do  n\u00ba 183 at\u00e9 o n\u00ba 285, Bairro Canudos."}, {"id": 23766, "ano": 2013, "numero": 2291, "tipo__sigla": "IND", "tipo__descricao": "Indica\u00e7\u00e3o/Pedido de Provid\u00eancias", "autoria__autor__nome": "JorgeTatsch", "texto_original": "https://sapl.camaranh.rs.gov.br/media/sapl/public/materialegislativa/2013/23766/23766_texto_integral.odt", "ementa": "Solicita conserto da boca-de-lobo na Rua Presidente Neves, em frente ao  n\u00ba 6490, Bairro Santo Afonso."}, {"id": 23767, "ano": 2013, "numero": 2292, "tipo__sigla": "IND", "tipo__descricao": "Indica\u00e7\u00e3o/Pedido de Provid\u00eancias", "autoria__autor__nome": "Enfermeiro Vilmar", "texto_original": "https://sapl.camaranh.rs.gov.br/media/sapl/public/materialegislativa/2013/23767/23767_texto_integral.odt", "ementa": "Solicita opera\u00e7\u00e3o tapa-buracos em toda a extens\u00e3o da Rua Odon Cavalcante, no Bairro Canudos."}, {"id": 23769, "ano": 2013, "numero": 2293, "tipo__sigla": "IND", "tipo__descricao": "Indica\u00e7\u00e3o/Pedido de Provid\u00eancias", "autoria__autor__nome": "Professor Issur Koch", "texto_original": "https://sapl.camaranh.rs.gov.br/media/sapl/public/materialegislativa/2013/23769/23769_texto_integral.odt", "ementa": "Solicita limpeza e retirada de entulho em toda extens\u00e3o da Rua Ant\u00f4nio Cunha, no Bairro Rio Branco."}, {"id": 23770, "ano": 2013, "numero": 2294, "tipo__sigla": "IND", "tipo__descricao": "Indica\u00e7\u00e3o/Pedido de Provid\u00eancias", "autoria__autor__nome": "Professor Issur Koch", "texto_original": "https://sapl.camaranh.rs.gov.br/media/sapl/public/materialegislativa/2013/23770/23770_texto_integral.odt", "ementa": "Solicita melhorias na ilumina\u00e7\u00e3o p\u00fablica da Rua Ant\u00f4nio Cunha, no Bairro Rio Branco."}, {"id": 23772, "ano": 2013, "numero": 2295, "tipo__sigla": "IND", "tipo__descricao": "Indica\u00e7\u00e3o/Pedido de Provid\u00eancias", "autoria__autor__nome": "Professor Issur Koch", "texto_original": "https://sapl.camaranh.rs.gov.br/media/sapl/public/materialegislativa/2013/23772/23772_texto_integral.odt", "ementa": "Sugere o fechamento de uma  rua por bairro, aos domingos, para atividades de lazer."}, {"id": 23773, "ano": 2013, "numero": 2296, "tipo__sigla": "IND", "tipo__descricao": "Indica\u00e7\u00e3o/Pedido de Provid\u00eancias", "autoria__autor__nome": "Gerson Peteffi", "texto_original": "https://sapl.camaranh.rs.gov.br/media/sapl/public/materialegislativa/2013/23773/23773_texto_integral.odt", "ementa": "Solicita fechamento de 2 (dois) buracos na Rua Jos\u00e9 Alo\u00edsio Daudt, ao lado do n\u00ba 370, Bairro Canudos."}, {"id": 23774, "ano": 2013, "numero": 2297, "tipo__sigla": "IND", "tipo__descricao": "Indica\u00e7\u00e3o/Pedido de Provid\u00eancias", "autoria__autor__nome": "Enfermeiro Vilmar", "texto_original": "https://sapl.camaranh.rs.gov.br/media/sapl/public/materialegislativa/2013/23774/23774_texto_integral.odt", "ementa": "Solicita recapeamento asf\u00e1ltico na Rua Jo\u00e3o Luciano da Rosa, pr\u00f3ximo ao n\u00ba 427, no Bairro Canudos. "}, {"id": 23775, "ano": 2013, "numero": 2298, "tipo__sigla": "IND", "tipo__descricao": "Indica\u00e7\u00e3o/Pedido de Provid\u00eancias", "autoria__autor__nome": "Enfermeiro Vilmar", "texto_original": "https://sapl.camaranh.rs.gov.br/media/sapl/public/materialegislativa/2013/23775/23775_texto_integral.odt", "ementa": "Solicita corte (retirada) de \u00e1rvore de grande porte, na Rua Quirinal, n\u00ba 205, no Bairro Canudos."}, {"id": 23776, "ano": 2013, "numero": 2299, "tipo__sigla": "IND", "tipo__descricao": "Indica\u00e7\u00e3o/Pedido de Provid\u00eancias", "autoria__autor__nome": "Enfermeiro Vilmar", "texto_original": "https://sapl.camaranh.rs.gov.br/media/sapl/public/materialegislativa/2013/23776/23776_texto_integral.odt", "ementa": "Solicita coloca\u00e7\u00e3o de massa asf\u00e1ltica em toda a extens\u00e3o da r\u00f3tula na Vila das Flores, Bairro Rond\u00f4nia."}, {"id": 23777, "ano": 2013, "numero": 2300, "tipo__sigla": "IND", "tipo__descricao": "Indica\u00e7\u00e3o/Pedido de Provid\u00eancias", "autoria__autor__nome": "Naasom Luciano", "texto_original": "https://sapl.camaranh.rs.gov.br/media/sapl/public/materialegislativa/2013/23777/23777_texto_integral.odt", "ementa": "Solicita coloca\u00e7\u00e3o de haste e l\u00e2mpada no poste localizado na Rua Al\u00edcia M\u00fcller, n\u00ba 302, Bairro Canudos."}, {"id": 23779, "ano": 2013, "numero": 2301, "tipo__sigla": "IND", "tipo__descricao": "Indica\u00e7\u00e3o/Pedido de Provid\u00eancias", "autoria__autor__nome": "Inspetor Luz", "texto_original": "https://sapl.camaranh.rs.gov.br/media/sapl/public/materialegislativa/2013/23779/23779_texto_integral.odt", "ementa": "Solicita capina e limpeza junto ao meio-fio em toda extens\u00e3o da Rua Araguaia, no Bairro Jardim Mau\u00e1."}, {"id": 23780, "ano": 2013, "numero": 2302, "tipo__sigla": "IND", "tipo__descricao": "Indica\u00e7\u00e3o/Pedido de Provid\u00eancias", "autoria__autor__nome": "Inspetor Luz", "texto_original": "https://sapl.camaranh.rs.gov.br/media/sapl/public/materialegislativa/2013/23780/23780_texto_integral.odt", "ementa": "Solicita capina e limpeza junto ao meio-fio, em toda extens\u00e3o da Rua Lagoa Vermelha, no Bairro Jardim Mau\u00e1."}, {"id": 23781, "ano": 2013, "numero": 2303, "tipo__sigla": "IND", "tipo__descricao": "Indica\u00e7\u00e3o/Pedido de Provid\u00eancias", "autoria__autor__nome": "Inspetor Luz", "texto_original": "https://sapl.camaranh.rs.gov.br/media/sapl/public/materialegislativa/2013/23781/23781_texto_integral.odt", "ementa": "Solicita capina e limpeza junto ao meio-fio, em toda extens\u00e3o da Rua Santa Vit\u00f3ria do Palmar, no Bairro Jardim Mau\u00e1."}, {"id": 23782, "ano": 2013, "numero": 2304, "tipo__sigla": "IND", "tipo__descricao": "Indica\u00e7\u00e3o/Pedido de Provid\u00eancias", "autoria__autor__nome": "Inspetor Luz", "texto_original": "https://sapl.camaranh.rs.gov.br/media/sapl/public/materialegislativa/2013/23782/23782_texto_integral.odt", "ementa": "Solicita capina e limpeza junto ao meio-fio em toda extens\u00e3o da Rua S\u00e3o Jer\u00f4nimo, no Bairro  Jardim  Mau\u00e1."}, {"id": 23783, "ano": 2013, "numero": 2305, "tipo__sigla": "IND", "tipo__descricao": "Indica\u00e7\u00e3o/Pedido de Provid\u00eancias", "autoria__autor__nome": "Inspetor Luz", "texto_original": "https://sapl.camaranh.rs.gov.br/media/sapl/public/materialegislativa/2013/23783/23783_texto_integral.odt", "ementa": "Solicita capina e limpeza junto ao meio-fio em toda extens\u00e3o da Rua Vereador Werno Kneip, no Bairro Jardim Mau\u00e1."}, {"id": 23789, "ano": 2013, "numero": 2306, "tipo__sigla": "IND", "tipo__descricao": "Indica\u00e7\u00e3o/Pedido de Provid\u00eancias", "autoria__autor__nome": "Professor Issur Koch", "texto_original": "https://sapl.camaranh.rs.gov.br/media/sapl/public/materialegislativa/2013/23789/23789_texto_integral.odt", "ementa": "Solicita opera\u00e7\u00e3o tapa-buracos na Rua Travess\u00e3o, esquina com a Rua Lind\u00f3ia, no Bairro Rond\u00f4nia."}, {"id": 23791, "ano": 2013, "numero": 2307, "tipo__sigla": "IND", "tipo__descricao": "Indica\u00e7\u00e3o/Pedido de Provid\u00eancias", "autoria__autor__nome": "Patr\u00edcia Beck", "texto_original": "https://sapl.camaranh.rs.gov.br/media/sapl/public/materialegislativa/2013/23791/23791_texto_integral.odt", "ementa": "Solicita  o recolhimento dos entulhos na Rua Luiz de Cam\u00f5es, em frente ao n\u00ba 225, Vila Nova."}, {"id": 23792, "ano": 2013, "numero": 2308, "tipo__sigla": "IND", "tipo__descricao": "Indica\u00e7\u00e3o/Pedido de Provid\u00eancias", "autoria__autor__nome": "Patr\u00edcia Beck", "texto_original": "https://sapl.camaranh.rs.gov.br/media/sapl/public/materialegislativa/2013/23792/23792_texto_integral.odt", "ementa": "Solicita opera\u00e7\u00e3o tapa-buracos na Av. Gal. Os\u00f3rio, entre as Ruas Santos Pedroso e Borges do Canto, Hamburgo Velho."}, {"id": 23793, "ano": 2013, "numero": 2309, "tipo__sigla": "IND", "tipo__descricao": "Indica\u00e7\u00e3o/Pedido de Provid\u00eancias", "autoria__autor__nome": "Patr\u00edcia Beck", "texto_original": "https://sapl.camaranh.rs.gov.br/media/sapl/public/materialegislativa/2013/23793/23793_texto_integral.odt", "ementa": "Solicita opera\u00e7\u00e3o tapa-buracos na Rua Bento Gon\u00e7alves, em frente ao n\u00ba 2652, Bairro Guarani."}, {"id": 23794, "ano": 2013, "numero": 2310, "tipo__sigla": "IND", "tipo__descricao": "Indica\u00e7\u00e3o/Pedido de Provid\u00eancias", "autoria__autor__nome": "Patr\u00edcia Beck", "texto_original": "https://sapl.camaranh.rs.gov.br/media/sapl/public/materialegislativa/2013/23794/23794_texto_integral.odt", "ementa": "Solicita opera\u00e7\u00e3o tapa-buracos na Rua Santa Sofia, esquina com a Av. Frederico Linck, Bairro Ideal."}, {"id": 23795, "ano": 2013, "numero": 2311, "tipo__sigla": "IND", "tipo__descricao": "Indica\u00e7\u00e3o/Pedido de Provid\u00eancias", "autoria__autor__nome": "Patr\u00edcia Beck", "texto_original": "https://sapl.camaranh.rs.gov.br/media/sapl/public/materialegislativa/2013/23795/23795_texto_integral.odt", "ementa": "Solicita  opera\u00e7\u00e3o tapa-buracos na Av. Pedro Adams Filho esquina com a Rua Marc\u00edlio Dias , Bairro Centro."}, {"id": 23797, "ano": 2013, "numero": 2312, "tipo__sigla": "IND", "tipo__descricao": "Indica\u00e7\u00e3o/Pedido de Provid\u00eancias", "autoria__autor__nome": "Patr\u00edcia Beck", "texto_original": "https://sapl.camaranh.rs.gov.br/media/sapl/public/materialegislativa/2013/23797/23797_texto_integral.odt", "ementa": "Solicita  conserto da boca-de-lobo e da pista na Rua Frederico Groehs Neto, em frente a Metalburgo, Bairro Vila Nova."}, {"id": 23798, "ano": 2013, "numero": 2313, "tipo__sigla": "IND", "tipo__descricao": "Indica\u00e7\u00e3o/Pedido de Provid\u00eancias", "autoria__autor__nome": "Patr\u00edcia Beck", "texto_original": "https://sapl.camaranh.rs.gov.br/media/sapl/public/materialegislativa/2013/23798/23798_texto_integral.odt", "ementa": "Solicita  conserto da boca-de-lobo na Rua Eng. Jorge Schury , esquina com a Rua lateral da BR239, lado Sul."}, {"id": 23799, "ano": 2013, "numero": 2314, "tipo__sigla": "IND", "tipo__descricao": "Indica\u00e7\u00e3o/Pedido de Provid\u00eancias", "autoria__autor__nome": "Roger Corr\u00eaa", "texto_original": "https://sapl.camaranh.rs.gov.br/media/sapl/public/materialegislativa/2013/23799/23799_texto_integral.odt", "ementa": "Solicita ao Poder P\u00fablico Municipal a amplia\u00e7\u00e3o da oferta de linhas de \u00f4nibus nos hor\u00e1rios de sess\u00f5es e de audi\u00eancias p\u00fablicas na C\u00e2mara Municipal, no  munic\u00edpio de Novo Hamburgo."}, {"id": 23801, "ano": 2013, "numero": 2315, "tipo__sigla": "IND", "tipo__descricao": "Indica\u00e7\u00e3o/Pedido de Provid\u00eancias", "autoria__autor__nome": "Sergio Hanich", "texto_original": "https://sapl.camaranh.rs.gov.br/media/sapl/public/materialegislativa/2013/23801/23801_texto_integral.odt", "ementa": "Solicita opera\u00e7\u00e3o tapa-buracos na Rua Libres, esquina com a Av. Pedro Adams Filho, Bairro Industrial."}, {"id": 23802, "ano": 2013, "numero": 2316, "tipo__sigla": "IND", "tipo__descricao": "Indica\u00e7\u00e3o/Pedido de Provid\u00eancias", "autoria__autor__nome": "Sergio Hanich", "texto_original": "https://sapl.camaranh.rs.gov.br/media/sapl/public/materialegislativa/2013/23802/23802_texto_integral.odt", "ementa": "Solicita opera\u00e7\u00e3o tapa-buracos na Rua Paris, em frente ao n\u00ba 514, Bairro Canudos."}, {"id": 23803, "ano": 2013, "numero": 2317, "tipo__sigla": "IND", "tipo__descricao": "Indica\u00e7\u00e3o/Pedido de Provid\u00eancias", "autoria__autor__nome": "Inspetor Luz", "texto_original": "https://sapl.camaranh.rs.gov.br/media/sapl/public/materialegislativa/2013/23803/23803_texto_integral.odt", "ementa": "Solicita conserto e recoloca\u00e7\u00e3o da tampa da boca-de-lobo localizada em frente ao n\u00ba 1008, da Avenida Nicolau Becker, Bairro Centro."}, {"id": 23806, "ano": 2013, "numero": 2318, "tipo__sigla": "IND", "tipo__descricao": "Indica\u00e7\u00e3o/Pedido de Provid\u00eancias", "autoria__autor__nome": "Cristiano Coller", "texto_original": "https://sapl.camaranh.rs.gov.br/media/sapl/public/materialegislativa/2013/23806/23806_texto_integral.odt", "ementa": "Solicita estudo de viabilidade para fechamento do canteiro central, na Av. Pedro Adams Filho, Bairro P\u00e1tria Nova."}, {"id": 23807, "ano": 2013, "numero": 2319, "tipo__sigla": "IND", "tipo__descricao": "Indica\u00e7\u00e3o/Pedido de Provid\u00eancias", "autoria__autor__nome": "Cristiano Coller", "texto_original": "https://sapl.camaranh.rs.gov.br/media/sapl/public/materialegislativa/2013/23807/23807_texto_integral.odt", "ementa": "Solicita estudo de viabilidade para coloca\u00e7\u00e3o de placa de sinaliza\u00e7\u00e3o na Av. Pedro Adams Filho Bairro, Bairro P\u00e1tria Nova."}, {"id": 23808, "ano": 2013, "numero": 2320, "tipo__sigla": "IND", "tipo__descricao": "Indica\u00e7\u00e3o/Pedido de Provid\u00eancias", "autoria__autor__nome": "Naasom Luciano", "texto_original": "https://sapl.camaranh.rs.gov.br/media/sapl/public/materialegislativa/2013/23808/23808_texto_integral.odt", "ementa": "Sugere ao Executivo apresenta\u00e7\u00e3o de projeto de lei adaptando os incisos I e II do art. 31 da Lei Municipal n\u00ba 1.031/2003, que consolidou a legisla\u00e7\u00e3o tribut\u00e1ria municipal."}, {"id": 23810, "ano": 2013, "numero": 2321, "tipo__sigla": "IND", "tipo__descricao": "Indica\u00e7\u00e3o/Pedido de Provid\u00eancias", "autoria__autor__nome": "Professor Issur Koch", "texto_original": "https://sapl.camaranh.rs.gov.br/media/sapl/public/materialegislativa/2013/23810/23810_texto_integral.odt", "ementa": "Sugere ao executivo o uso da Sociedade Gr\u00eamio Atiradores para projetos de pr\u00e1tica de esportes e atividades de contra turno das Escolas do munic\u00edpio."}, {"id": 23815, "ano": 2013, "numero": 2322, "tipo__sigla": "IND", "tipo__descricao": "Indica\u00e7\u00e3o/Pedido de Provid\u00eancias", "autoria__autor__nome": "Antonio Lucas", "texto_original": "https://sapl.camaranh.rs.gov.br/media/sapl/public/materialegislativa/2013/23815/23815_texto_integral.odt", "ementa": "Solicita a Constru\u00e7\u00e3o  de um   quebra-molas  na  Rua Frederico Westphalen, em frente a Capela Divina Providencia, Bairro S\u00e3o Jorge. "}, {"id": 23818, "ano": 2013, "numero": 2323, "tipo__sigla": "IND", "tipo__descricao": "Indica\u00e7\u00e3o/Pedido de Provid\u00eancias", "autoria__autor__nome": "Inspetor Luz", "texto_original": "https://sapl.camaranh.rs.gov.br/media/sapl/public/materialegislativa/2013/23818/23818_texto_integral.odt", "ementa": "Solicita capina e limpeza junto ao meio-fio em toda extens\u00e3o da Rua Irineu Jos\u00e9 Nunes, no Bairro Boa Sa\u00fade."}, {"id": 23819, "ano": 2013, "numero": 2324, "tipo__sigla": "IND", "tipo__descricao": "Indica\u00e7\u00e3o/Pedido de Provid\u00eancias", "autoria__autor__nome": "Inspetor Luz", "texto_original": "https://sapl.camaranh.rs.gov.br/media/sapl/public/materialegislativa/2013/23819/23819_texto_integral.odt", "ementa": "Solicita capina e limpeza junto ao meio-fio em toda extens\u00e3o da Rua Attilio Forte, no Bairro Boa Sa\u00fade. "}, {"id": 23820, "ano": 2013, "numero": 2325, "tipo__sigla": "IND", "tipo__descricao": "Indica\u00e7\u00e3o/Pedido de Provid\u00eancias", "autoria__autor__nome": "Inspetor Luz", "texto_original": "https://sapl.camaranh.rs.gov.br/media/sapl/public/materialegislativa/2013/23820/23820_texto_integral.odt", "ementa": "Solicita melhorias na rede de ilumina\u00e7\u00e3o p\u00fablica da Rua Netuno, no Bairro Boa Sa\u00fade."}, {"id": 23821, "ano": 2013, "numero": 2326, "tipo__sigla": "IND", "tipo__descricao": "Indica\u00e7\u00e3o/Pedido de Provid\u00eancias", "autoria__autor__nome": "Inspetor Luz", "texto_original": "https://sapl.camaranh.rs.gov.br/media/sapl/public/materialegislativa/2013/23821/23821_texto_integral.odt", "ementa": "Solicita melhorias na rede de ilumina\u00e7\u00e3o p\u00fablica da Rua Plut\u00e3o, no Bairro Boa Sa\u00fade."}, {"id": 23822, "ano": 2013, "numero": 2327, "tipo__sigla": "IND", "tipo__descricao": "Indica\u00e7\u00e3o/Pedido de Provid\u00eancias", "autoria__autor__nome": "Inspetor Luz", "texto_original": "https://sapl.camaranh.rs.gov.br/media/sapl/public/materialegislativa/2013/23822/23822_texto_integral.odt", "ementa": "Solicita melhorias na rede de ilumina\u00e7\u00e3o p\u00fablica da Rua Merc\u00fario, no Bairro Boa Sa\u00fade."}, {"id": 23823, "ano": 2013, "numero": 2328, "tipo__sigla": "IND", "tipo__descricao": "Indica\u00e7\u00e3o/Pedido de Provid\u00eancias", "autoria__autor__nome": "Inspetor Luz", "texto_original": "https://sapl.camaranh.rs.gov.br/media/sapl/public/materialegislativa/2013/23823/23823_texto_integral.odt", "ementa": "Solicita capina e limpeza junto ao meio-fio, em toda extens\u00e3o da Rua Carlos Lanzer, no Bairro Rond\u00f4nia."}, {"id": 23825, "ano": 2013, "numero": 2329, "tipo__sigla": "IND", "tipo__descricao": "Indica\u00e7\u00e3o/Pedido de Provid\u00eancias", "autoria__autor__nome": "Professor Issur Koch", "texto_original": "https://sapl.camaranh.rs.gov.br/media/sapl/public/materialegislativa/2013/23825/23825_texto_integral.odt", "ementa": "Sugere \u00e0 Presid\u00eancia da C\u00e2mara a implanta\u00e7\u00e3o  de um biciclet\u00e1rio em frente a esta Casa Legislativa."}, {"id": 23826, "ano": 2013, "numero": 2330, "tipo__sigla": "IND", "tipo__descricao": "Indica\u00e7\u00e3o/Pedido de Provid\u00eancias", "autoria__autor__nome": "Sergio Hanich", "texto_original": "https://sapl.camaranh.rs.gov.br/media/sapl/public/materialegislativa/2013/23826/23826_texto_integral.odt", "ementa": "Solicita opera\u00e7\u00e3o tapa-buracos na Rua General Os\u00f3rio, trecho entre a Rua Santos Pedroso e Av. Victor Hugo Kunz, Bairro Hamburgo Velho."}, {"id": 23827, "ano": 2013, "numero": 2331, "tipo__sigla": "IND", "tipo__descricao": "Indica\u00e7\u00e3o/Pedido de Provid\u00eancias", "autoria__autor__nome": "Sergio Hanich", "texto_original": "https://sapl.camaranh.rs.gov.br/media/sapl/public/materialegislativa/2013/23827/23827_texto_integral.odt", "ementa": "Solicita coloca\u00e7\u00e3o de britas na Rua Concorde, no  Bairro Canudos."}, {"id": 23828, "ano": 2013, "numero": 2332, "tipo__sigla": "IND", "tipo__descricao": "Indica\u00e7\u00e3o/Pedido de Provid\u00eancias", "autoria__autor__nome": "Sergio Hanich", "texto_original": "https://sapl.camaranh.rs.gov.br/media/sapl/public/materialegislativa/2013/23828/23828_texto_integral.odt", "ementa": "Solicita vistoria na parada de \u00f4nibus na Rua Bartolomeu de Gusm\u00e3o, em frente ao n\u00ba 1168, Bairro Canudos."}, {"id": 23829, "ano": 2013, "numero": 2333, "tipo__sigla": "IND", "tipo__descricao": "Indica\u00e7\u00e3o/Pedido de Provid\u00eancias", "autoria__autor__nome": "Sergio Hanich", "texto_original": "https://sapl.camaranh.rs.gov.br/media/sapl/public/materialegislativa/2013/23829/23829_texto_integral.odt", "ementa": "Solicita opera\u00e7\u00e3o tapa-buraco na Rua Tapes, esquina com Rua Tom\u00e9 de Souza, Bairro Ideal."}, {"id": 23830, "ano": 2013, "numero": 2334, "tipo__sigla": "IND", "tipo__descricao": "Indica\u00e7\u00e3o/Pedido de Provid\u00eancias", "autoria__autor__nome": "Sergio Hanich", "texto_original": "https://sapl.camaranh.rs.gov.br/media/sapl/public/materialegislativa/2013/23830/23830_texto_integral.odt", "ementa": "Solicita opera\u00e7\u00e3o tapa-buracos na Rua Carlos Gomes, trecho entre as Ruas Dr. Magalh\u00e3es Calvet e Casemiro de Abreu, Bairro Vila Rosa."}, {"id": 23831, "ano": 2013, "numero": 2335, "tipo__sigla": "IND", "tipo__descricao": "Indica\u00e7\u00e3o/Pedido de Provid\u00eancias", "autoria__autor__nome": "Sergio Hanich", "texto_original": "https://sapl.camaranh.rs.gov.br/media/sapl/public/materialegislativa/2013/23831/23831_texto_integral.odt", "ementa": "Solicita opera\u00e7\u00e3o tapa-buracos na Rua Tom\u00e9 de Souza, em frente aos n\u00bas 395 e 405, Bairro P\u00e1tria Nova. "}, {"id": 23832, "ano": 2013, "numero": 2336, "tipo__sigla": "IND", "tipo__descricao": "Indica\u00e7\u00e3o/Pedido de Provid\u00eancias", "autoria__autor__nome": "Sergio Hanich", "texto_original": "https://sapl.camaranh.rs.gov.br/media/sapl/public/materialegislativa/2013/23832/23832_texto_integral.odt", "ementa": "Solicita opera\u00e7\u00e3o tapa-buracos na Rua Tupi, em frente ao n\u00ba 760, Bairro Rio Branco."}, {"id": 23834, "ano": 2013, "numero": 2337, "tipo__sigla": "IND", "tipo__descricao": "Indica\u00e7\u00e3o/Pedido de Provid\u00eancias", "autoria__autor__nome": "Gerson Peteffi", "texto_original": "https://sapl.camaranh.rs.gov.br/media/sapl/public/materialegislativa/2013/23834/23834_texto_integral.odt", "ementa": "Solicita limpeza na pra\u00e7a localizada na Rua Boa Sa\u00fade, esquina com a Rua Marc\u00edlio Dias, Bairro Rio Branco."}, {"id": 23835, "ano": 2013, "numero": 2338, "tipo__sigla": "IND", "tipo__descricao": "Indica\u00e7\u00e3o/Pedido de Provid\u00eancias", "autoria__autor__nome": "Gerson Peteffi", "texto_original": "https://sapl.camaranh.rs.gov.br/media/sapl/public/materialegislativa/2013/23835/23835_texto_integral.odt", "ementa": "Solicita  conserto na cobertura j\u00e1 existente no ponto de \u00f4nibus localizado na Rua Compositor Jos\u00e9 Mendes, em frente ao n\u00ba 260, Bairro Primavera."}, {"id": 23836, "ano": 2013, "numero": 2339, "tipo__sigla": "IND", "tipo__descricao": "Indica\u00e7\u00e3o/Pedido de Provid\u00eancias", "autoria__autor__nome": "Patr\u00edcia Beck", "texto_original": "https://sapl.camaranh.rs.gov.br/media/sapl/public/materialegislativa/2013/23836/23836_texto_integral.odt", "ementa": "Solicita a poda dos arbustos na Rua 1\u00ba de Mar\u00e7o, esquina com a Av. Na\u00e7\u00f5es Unidas, Bairro Ideal."}, {"id": 23837, "ano": 2013, "numero": 2340, "tipo__sigla": "IND", "tipo__descricao": "Indica\u00e7\u00e3o/Pedido de Provid\u00eancias", "autoria__autor__nome": "Patr\u00edcia Beck", "texto_original": "https://sapl.camaranh.rs.gov.br/media/", "ementa": "Solicita a implanta\u00e7\u00e3o de policiamento mais efetivo no Bairro Liberdade."}, {"id": 23838, "ano": 2013, "numero": 2341, "tipo__sigla": "IND", "tipo__descricao": "Indica\u00e7\u00e3o/Pedido de Provid\u00eancias", "autoria__autor__nome": "Patr\u00edcia Beck", "texto_original": "https://sapl.camaranh.rs.gov.br/media/sapl/public/materialegislativa/2013/23838/23838_texto_integral.odt", "ementa": "Solicita a realiza\u00e7\u00e3o de um estudo do fluxo de tr\u00e1fego no entorno da Escola Jos\u00e9 Bonif\u00e1cio, a fim de introduzir melhorias, Bairro Petr\u00f3polis."}, {"id": 23839, "ano": 2013, "numero": 2342, "tipo__sigla": "IND", "tipo__descricao": "Indica\u00e7\u00e3o/Pedido de Provid\u00eancias", "autoria__autor__nome": "Patr\u00edcia Beck", "texto_original": "https://sapl.camaranh.rs.gov.br/media/sapl/public/materialegislativa/2013/23839/23839_texto_integral.odt", "ementa": "Solicita a realiza\u00e7\u00e3o de um estudo do fluxo de tr\u00e1fego no Bairro Vila Nova, na conflu\u00eancia das Ruas Daltro Filho, Santos, Dem\u00e9trio Ribeiro e S\u00e3o Luiz Gonzaga, a fim de introduzir melhorias."}, {"id": 23840, "ano": 2013, "numero": 2343, "tipo__sigla": "IND", "tipo__descricao": "Indica\u00e7\u00e3o/Pedido de Provid\u00eancias", "autoria__autor__nome": "Patr\u00edcia Beck", "texto_original": "https://sapl.camaranh.rs.gov.br/media/sapl/public/materialegislativa/2013/23840/23840_texto_integral.odt", "ementa": "Solicita  a implanta\u00e7\u00e3o de uma \"Academia ao ar Livre\" e revitaliza\u00e7\u00e3o da Pra\u00e7a Fernando Ferrari, Bairro S\u00e3o Jos\u00e9."}, {"id": 23841, "ano": 2013, "numero": 2344, "tipo__sigla": "IND", "tipo__descricao": "Indica\u00e7\u00e3o/Pedido de Provid\u00eancias", "autoria__autor__nome": "Patr\u00edcia Beck", "texto_original": "https://sapl.camaranh.rs.gov.br/media/sapl/public/materialegislativa/2013/23841/23841_texto_integral.odt", "ementa": "Solicita a implanta\u00e7\u00e3o de uma \"Academia ao ar livre\" numa pra\u00e7a do Bairro S\u00e3o Jorge."}, {"id": 23842, "ano": 2013, "numero": 2345, "tipo__sigla": "IND", "tipo__descricao": "Indica\u00e7\u00e3o/Pedido de Provid\u00eancias", "autoria__autor__nome": "Patr\u00edcia Beck", "texto_original": "https://sapl.camaranh.rs.gov.br/media/sapl/public/materialegislativa/2013/23842/23842_texto_integral.odt", "ementa": "Solicita recolhimento do lixo e a limpeza do terreno na Rua Madre Regina, ao lado do n\u00ba 1010, Bairro Canudos."}, {"id": 23843, "ano": 2013, "numero": 2346, "tipo__sigla": "IND", "tipo__descricao": "Indica\u00e7\u00e3o/Pedido de Provid\u00eancias", "autoria__autor__nome": "Patr\u00edcia Beck", "texto_original": "https://sapl.camaranh.rs.gov.br/media/sapl/public/materialegislativa/2013/23843/23843_texto_integral.odt", "ementa": "Indica a constru\u00e7\u00e3o de USF nos Bairros Vila Nova e Oper\u00e1rio."}, {"id": 23844, "ano": 2013, "numero": 2347, "tipo__sigla": "IND", "tipo__descricao": "Indica\u00e7\u00e3o/Pedido de Provid\u00eancias", "autoria__autor__nome": "Patr\u00edcia Beck", "texto_original": "https://sapl.camaranh.rs.gov.br/media/sapl/public/materialegislativa/2013/23844/23844_texto_integral.odt", "ementa": "Solicita provid\u00eancias para acabar com o barulho provocado pelo caminh\u00e3o de coleta de lixo da Vega Sopave, no Bairro Boa Vista."}, {"id": 23845, "ano": 2013, "numero": 2348, "tipo__sigla": "IND", "tipo__descricao": "Indica\u00e7\u00e3o/Pedido de Provid\u00eancias", "autoria__autor__nome": "Antonio Lucas", "texto_original": "https://sapl.camaranh.rs.gov.br/media/sapl/public/materialegislativa/2013/23845/23845_texto_integral.odt", "ementa": "Solicita troca de poste da rede de energia na Rua Walter Bernardes, n\u00ba 67, Loteamento Kephas Norte, Bairro S\u00e3o Jos\u00e9."}, {"id": 23847, "ano": 2013, "numero": 2349, "tipo__sigla": "IND", "tipo__descricao": "Indica\u00e7\u00e3o/Pedido de Provid\u00eancias", "autoria__autor__nome": "Cristiano Coller", "texto_original": "https://sapl.camaranh.rs.gov.br/media/sapl/public/materialegislativa/2013/23847/23847_texto_integral.odt", "ementa": "Solicita constru\u00e7\u00e3o de boca-de-lobo para capta\u00e7\u00e3o de \u00e1gua, na Rua Vinte e Cinco de Julho, Bairro Rio Branco."}, {"id": 23848, "ano": 2013, "numero": 2350, "tipo__sigla": "IND", "tipo__descricao": "Indica\u00e7\u00e3o/Pedido de Provid\u00eancias", "autoria__autor__nome": "Roger Corr\u00eaa", "texto_original": "https://sapl.camaranh.rs.gov.br/media/sapl/public/materialegislativa/2013/23848/23848_texto_integral.odt", "ementa": "Solicita \u00e0 COMUSA que desenvolva iniciativas voltadas \u00e0 contrata\u00e7\u00e3o de jovens aprendizes."}, {"id": 23849, "ano": 2013, "numero": 2351, "tipo__sigla": "IND", "tipo__descricao": "Indica\u00e7\u00e3o/Pedido de Provid\u00eancias", "autoria__autor__nome": "Roger Corr\u00eaa", "texto_original": "https://sapl.camaranh.rs.gov.br/media/sapl/public/materialegislativa/2013/23849/23849_texto_integral.odt", "ementa": "Solicita \u00e0 COMUR que desenvolva iniciativas voltadas \u00e0 contrata\u00e7\u00e3o de jovens aprendizes."}, {"id": 23850, "ano": 2013, "numero": 2352, "tipo__sigla": "IND", "tipo__descricao": "Indica\u00e7\u00e3o/Pedido de Provid\u00eancias", "autoria__autor__nome": "Roger Corr\u00eaa", "texto_original": "https://sapl.camaranh.rs.gov.br/media/sapl/public/materialegislativa/2013/23850/23850_texto_integral.odt", "ementa": "Sugere que a FENAC desenvolva iniciativas voltadas \u00e0 contrata\u00e7\u00e3o de jovens aprendizes."}, {"id": 23852, "ano": 2013, "numero": 2353, "tipo__sigla": "IND", "tipo__descricao": "Indica\u00e7\u00e3o/Pedido de Provid\u00eancias", "autoria__autor__nome": "JorgeTatsch", "texto_original": "https://sapl.camaranh.rs.gov.br/media/sapl/public/materialegislativa/2013/23852/23852_texto_integral.odt", "ementa": "Solicita desentupimento de esgoto na Rua Luiz Renner de \u00c1vila, esquina com a Rua Jos\u00e9 Mayer Filho, no Loteamento Residencial Na\u00e7\u00f5es Unidas, Bairro Santo Afonso."}, {"id": 23853, "ano": 2013, "numero": 2354, "tipo__sigla": "IND", "tipo__descricao": "Indica\u00e7\u00e3o/Pedido de Provid\u00eancias", "autoria__autor__nome": "JorgeTatsch", "texto_original": "https://sapl.camaranh.rs.gov.br/media/sapl/public/materialegislativa/2013/23853/23853_texto_integral.odt", "ementa": "Solicita conserto de  infiltra\u00e7\u00e3o na Rua Bragan\u00e7a, em frente ao n\u00ba 102, Bairro Liberdade."}, {"id": 23854, "ano": 2013, "numero": 2355, "tipo__sigla": "IND", "tipo__descricao": "Indica\u00e7\u00e3o/Pedido de Provid\u00eancias", "autoria__autor__nome": "JorgeTatsch", "texto_original": "https://sapl.camaranh.rs.gov.br/media/sapl/public/materialegislativa/2013/23854/23854_texto_integral.odt", "ementa": "Solicita conserto e recoloca\u00e7\u00e3o da tampa da boca-de-lobo localizada na Rua Bragan\u00e7a, em frente ao n\u00ba 55, Bairro Liberdade."}, {"id": 23855, "ano": 2013, "numero": 2356, "tipo__sigla": "IND", "tipo__descricao": "Indica\u00e7\u00e3o/Pedido de Provid\u00eancias", "autoria__autor__nome": "JorgeTatsch", "texto_original": "https://sapl.camaranh.rs.gov.br/media/sapl/public/materialegislativa/2013/23855/23855_texto_integral.odt", "ementa": "Solicita desentupimento de esgoto na Rua Bragan\u00e7a, em frente ao n\u00ba 55, no Bairro Liberdade."}, {"id": 23856, "ano": 2013, "numero": 2357, "tipo__sigla": "IND", "tipo__descricao": "Indica\u00e7\u00e3o/Pedido de Provid\u00eancias", "autoria__autor__nome": "JorgeTatsch", "texto_original": "https://sapl.camaranh.rs.gov.br/media/sapl/public/materialegislativa/2013/23856/23856_texto_integral.odt", "ementa": "Solicita conserto e recoloca\u00e7\u00e3o da tampa da boca-de-lobo localizada em frente ao n\u00ba 163, da Rua Bem Vindo, Bairro Santo Afonso."}, {"id": 23857, "ano": 2013, "numero": 2358, "tipo__sigla": "IND", "tipo__descricao": "Indica\u00e7\u00e3o/Pedido de Provid\u00eancias", "autoria__autor__nome": "Luiz Carlos Schenlrte", "texto_original": "https://sapl.camaranh.rs.gov.br/media/sapl/public/materialegislativa/2013/23857/23857_texto_integral.odt", "ementa": "Solicita pavimenta\u00e7\u00e3o asf\u00e1ltica na Rua Port\u00e3o, Bairro Boa Sa\u00fade."}, {"id": 23858, "ano": 2013, "numero": 2359, "tipo__sigla": "IND", "tipo__descricao": "Indica\u00e7\u00e3o/Pedido de Provid\u00eancias", "autoria__autor__nome": "Luiz Carlos Schenlrte", "texto_original": "https://sapl.camaranh.rs.gov.br/media/sapl/public/materialegislativa/2013/23858/23858_texto_integral.odt", "ementa": "Solicita coloca\u00e7\u00e3o de quebra-molas, na Rua Port\u00e3o, nas proximidades do n\u00famero 600, Bairro Boa Sa\u00fade."}, {"id": 23859, "ano": 2013, "numero": 2360, "tipo__sigla": "IND", "tipo__descricao": "Indica\u00e7\u00e3o/Pedido de Provid\u00eancias", "autoria__autor__nome": "Luiz Carlos Schenlrte", "texto_original": "https://sapl.camaranh.rs.gov.br/media/sapl/public/materialegislativa/2013/23859/23859_texto_integral.odt", "ementa": "Solicita pavimenta\u00e7\u00e3o asf\u00e1ltica na Rua Bandeirantes, Bairro Canudos."}, {"id": 23860, "ano": 2013, "numero": 2361, "tipo__sigla": "IND", "tipo__descricao": "Indica\u00e7\u00e3o/Pedido de Provid\u00eancias", "autoria__autor__nome": "Luiz Carlos Schenlrte", "texto_original": "https://sapl.camaranh.rs.gov.br/media/sapl/public/materialegislativa/2013/23860/23860_texto_integral.odt", "ementa": "Solicita limpeza e ro\u00e7ada no canteiro central da Rua Port\u00e3o, pr\u00f3ximo ao Residencial Novo Hamburgo, Bairro Boa Sa\u00fade."}, {"id": 23861, "ano": 2013, "numero": 2362, "tipo__sigla": "IND", "tipo__descricao": "Indica\u00e7\u00e3o/Pedido de Provid\u00eancias", "autoria__autor__nome": "Inspetor Luz", "texto_original": "https://sapl.camaranh.rs.gov.br/media/sapl/public/materialegislativa/2013/23861/23861_texto_integral.odt", "ementa": "Solicita capina e limpeza junto ao meio-fio em toda extens\u00e3o da Rua Luiz Pereira Gon\u00e7alves, no Bairro Boa Sa\u00fade."}, {"id": 23862, "ano": 2013, "numero": 2363, "tipo__sigla": "IND", "tipo__descricao": "Indica\u00e7\u00e3o/Pedido de Provid\u00eancias", "autoria__autor__nome": "Inspetor Luz", "texto_original": "https://sapl.camaranh.rs.gov.br/media/sapl/public/materialegislativa/2013/23862/23862_texto_integral.odt", "ementa": "Solicita capina e limpeza junto ao meio-fio em toda extens\u00e3o da Rua Sebasti\u00e3o Fernandes de Lima, no Bairro Boa Sa\u00fade."}, {"id": 23865, "ano": 2013, "numero": 2364, "tipo__sigla": "IND", "tipo__descricao": "Indica\u00e7\u00e3o/Pedido de Provid\u00eancias", "autoria__autor__nome": "Betinho", "texto_original": "https://sapl.camaranh.rs.gov.br/media/sapl/public/materialegislativa/2013/23865/23865_texto_integral.odt", "ementa": "Solicita coloca\u00e7\u00e3o de areia de lagoa no campo do Esporte Clube Santo Afonso,  Bairro Santo Afonso."}, {"id": 23868, "ano": 2013, "numero": 2365, "tipo__sigla": "IND", "tipo__descricao": "Indica\u00e7\u00e3o/Pedido de Provid\u00eancias", "autoria__autor__nome": "Enfermeiro Vilmar", "texto_original": "https://sapl.camaranh.rs.gov.br/media/sapl/public/materialegislativa/2013/23868/23868_texto_integral.odt", "ementa": "Solicita a realiza\u00e7\u00e3o de opera\u00e7\u00e3o tapa-buracos na Rua Ibirub\u00e1, nas proximidades do n\u00famero 156, no Bairro Vila Nova."}, {"id": 23869, "ano": 2013, "numero": 2366, "tipo__sigla": "IND", "tipo__descricao": "Indica\u00e7\u00e3o/Pedido de Provid\u00eancias", "autoria__autor__nome": "Professor Issur Koch", "texto_original": "https://sapl.camaranh.rs.gov.br/media/sapl/public/materialegislativa/2013/23869/23869_texto_integral.odt", "ementa": "Sugere a obrigatoriedade de implanta\u00e7\u00e3o de biciclet\u00e1rios."}, {"id": 23872, "ano": 2013, "numero": 2367, "tipo__sigla": "IND", "tipo__descricao": "Indica\u00e7\u00e3o/Pedido de Provid\u00eancias", "autoria__autor__nome": "Gerson Peteffi", "texto_original": "https://sapl.camaranh.rs.gov.br/media/sapl/public/materialegislativa/2013/23872/23872_texto_integral.odt", "ementa": "Solicita coloca\u00e7\u00e3o de cobertura no ponto de \u00f4nibus localizado na Rua Compositor Jos\u00e9 Mendes, em frente ao n\u00ba 260, Bairro Primavera."}, {"id": 23874, "ano": 2013, "numero": 2368, "tipo__sigla": "IND", "tipo__descricao": "Indica\u00e7\u00e3o/Pedido de Provid\u00eancias", "autoria__autor__nome": "Patr\u00edcia Beck", "texto_original": "https://sapl.camaranh.rs.gov.br/media/sapl/public/materialegislativa/2013/23874/23874_texto_integral.odt", "ementa": "Solicita o conserto da boca-de-lobo e da cal\u00e7ada na Rua Santos, no meio da quadra, entre as Ruas Dem\u00e9trio Ribeiro e Ibirub\u00e1, Vila Nova. "}, {"id": 23875, "ano": 2013, "numero": 2369, "tipo__sigla": "IND", "tipo__descricao": "Indica\u00e7\u00e3o/Pedido de Provid\u00eancias", "autoria__autor__nome": "Patr\u00edcia Beck", "texto_original": "https://sapl.camaranh.rs.gov.br/media/sapl/public/materialegislativa/2013/23875/23875_texto_integral.odt", "ementa": "Solicita conten\u00e7\u00e3o dos barrancos da sanga entre as Ruas S\u00e3o Luiz Gonzaga e Luiz de Cam\u00f5es, Bairro Vila Nova."}, {"id": 23876, "ano": 2013, "numero": 2370, "tipo__sigla": "IND", "tipo__descricao": "Indica\u00e7\u00e3o/Pedido de Provid\u00eancias", "autoria__autor__nome": "Patr\u00edcia Beck", "texto_original": "https://sapl.camaranh.rs.gov.br/media/sapl/public/materialegislativa/2013/23876/23876_texto_integral.odt", "ementa": "Solicita conserto da pista na Rua S\u00e3o Luiz Gonzaga, em cima da ponte da sanga,Vila Nova."}, {"id": 23877, "ano": 2013, "numero": 2371, "tipo__sigla": "IND", "tipo__descricao": "Indica\u00e7\u00e3o/Pedido de Provid\u00eancias", "autoria__autor__nome": "Patr\u00edcia Beck", "texto_original": "https://sapl.camaranh.rs.gov.br/media/sapl/public/materialegislativa/2013/23877/23877_texto_integral.odt", "ementa": "Solicita opera\u00e7\u00e3o tapa-buracos na Rua Silvio Gilberto Christmann, esquina com a Rua Amati, Bairro Canudos.  "}, {"id": 23878, "ano": 2013, "numero": 2372, "tipo__sigla": "IND", "tipo__descricao": "Indica\u00e7\u00e3o/Pedido de Provid\u00eancias", "autoria__autor__nome": "Patr\u00edcia Beck", "texto_original": "https://sapl.camaranh.rs.gov.br/media/sapl/public/materialegislativa/2013/23878/23878_texto_integral.odt", "ementa": "Solicita proibi\u00e7\u00e3o de que o caminh\u00e3o de coleta de lixo seletivo estacione em frente ao  Receptivo Tur\u00edstico, Bairro Centro. "}, {"id": 23879, "ano": 2013, "numero": 2373, "tipo__sigla": "IND", "tipo__descricao": "Indica\u00e7\u00e3o/Pedido de Provid\u00eancias", "autoria__autor__nome": "Patr\u00edcia Beck", "texto_original": "https://sapl.camaranh.rs.gov.br/media/sapl/public/materialegislativa/2013/23879/23879_texto_integral.odt", "ementa": "Solicita reavivamento da faixa longitudinal de separa\u00e7\u00e3o de pista da Av. Nicolau Becker, em toda sua extens\u00e3o. "}, {"id": 23880, "ano": 2013, "numero": 2374, "tipo__sigla": "IND", "tipo__descricao": "Indica\u00e7\u00e3o/Pedido de Provid\u00eancias", "autoria__autor__nome": "Patr\u00edcia Beck", "texto_original": "https://sapl.camaranh.rs.gov.br/media/sapl/public/materialegislativa/2013/23880/23880_texto_integral.odt", "ementa": "Solicita rondas policiais da Brigada e/ou da Guarda Municipal no in\u00edcio e no t\u00e9rmino dos turnos das escolas."}, {"id": 23883, "ano": 2013, "numero": 2375, "tipo__sigla": "IND", "tipo__descricao": "Indica\u00e7\u00e3o/Pedido de Provid\u00eancias", "autoria__autor__nome": "Sergio Hanich", "texto_original": "https://sapl.camaranh.rs.gov.br/media/sapl/public/materialegislativa/2013/23883/23883_texto_integral.odt", "ementa": "Solicita melhorias na rede de ilumina\u00e7\u00e3o p\u00fablica da Rua Lima, no Bairro Santo Afonso."}, {"id": 23884, "ano": 2013, "numero": 2376, "tipo__sigla": "IND", "tipo__descricao": "Indica\u00e7\u00e3o/Pedido de Provid\u00eancias", "autoria__autor__nome": "Sergio Hanich", "texto_original": "https://sapl.camaranh.rs.gov.br/media/sapl/public/materialegislativa/2013/23884/23884_texto_integral.odt", "ementa": "Solicita recolhimento de material diversificado no passeio p\u00fablico da Rua Bauru, ao lado do n\u00ba 268, Bairro Canudos."}, {"id": 23885, "ano": 2013, "numero": 2377, "tipo__sigla": "IND", "tipo__descricao": "Indica\u00e7\u00e3o/Pedido de Provid\u00eancias", "autoria__autor__nome": "Sergio Hanich", "texto_original": "https://sapl.camaranh.rs.gov.br/media/sapl/public/materialegislativa/2013/23885/23885_texto_integral.odt", "ementa": "Solicita melhorias na rede de ilumina\u00e7\u00e3o p\u00fablica da Rua Potiguara, em frente ao n\u00ba 576, no Bairro Canudos."}, {"id": 23886, "ano": 2013, "numero": 2378, "tipo__sigla": "IND", "tipo__descricao": "Indica\u00e7\u00e3o/Pedido de Provid\u00eancias", "autoria__autor__nome": "Sergio Hanich", "texto_original": "https://sapl.camaranh.rs.gov.br/media/sapl/public/materialegislativa/2013/23886/23886_texto_integral.odt", "ementa": "Solicita coloca\u00e7\u00e3o de britas na lateral da via do n\u00ba 2038 da Rua Rinc\u00e3o at\u00e9 a Rua Holanda, Bairro Petr\u00f3polis."}, {"id": 23887, "ano": 2013, "numero": 2379, "tipo__sigla": "IND", "tipo__descricao": "Indica\u00e7\u00e3o/Pedido de Provid\u00eancias", "autoria__autor__nome": "Inspetor Luz", "texto_original": "https://sapl.camaranh.rs.gov.br/media/sapl/public/materialegislativa/2013/23887/23887_texto_integral.odt", "ementa": "Solicita capina e limpeza junto ao mei-fio em toda extens\u00e3o da Rua Vacaria, no Bairro Ouro Branco."}, {"id": 23888, "ano": 2013, "numero": 2380, "tipo__sigla": "IND", "tipo__descricao": "Indica\u00e7\u00e3o/Pedido de Provid\u00eancias", "autoria__autor__nome": "Inspetor Luz", "texto_original": "https://sapl.camaranh.rs.gov.br/media/sapl/public/materialegislativa/2013/23888/23888_texto_integral.odt", "ementa": "Solicita capina e limpeza junto ao meio-fio em toda extens\u00e3o da Rua Louren\u00e7o da Veiga, no Bairro Ouro Branco."}, {"id": 23889, "ano": 2013, "numero": 2381, "tipo__sigla": "IND", "tipo__descricao": "Indica\u00e7\u00e3o/Pedido de Provid\u00eancias", "autoria__autor__nome": "Inspetor Luz", "texto_original": "https://sapl.camaranh.rs.gov.br/media/sapl/public/materialegislativa/2013/23889/23889_texto_integral.odt", "ementa": "Solicita capina e limpeza junto ao meio-fio em toda extens\u00e3o da Rua Bernardes Flores, no Bairro Ouro Branco."}, {"id": 23890, "ano": 2013, "numero": 2382, "tipo__sigla": "IND", "tipo__descricao": "Indica\u00e7\u00e3o/Pedido de Provid\u00eancias", "autoria__autor__nome": "Inspetor Luz", "texto_original": "https://sapl.camaranh.rs.gov.br/media/sapl/public/materialegislativa/2013/23890/23890_texto_integral.odt", "ementa": "Solicita conserto e recoloca\u00e7\u00e3o da tampa da boca-de-lobo localizada na esquina das Ruas Guanabara e Guarab\u00fa, no Bairro Ouro Branco."}, {"id": 23891, "ano": 2013, "numero": 2383, "tipo__sigla": "IND", "tipo__descricao": "Indica\u00e7\u00e3o/Pedido de Provid\u00eancias", "autoria__autor__nome": "Inspetor Luz", "texto_original": "https://sapl.camaranh.rs.gov.br/media/sapl/public/materialegislativa/2013/23891/23891_texto_integral.odt", "ementa": "Solicita capina e limpeza junto ao meio-fio, em toda extens\u00e3o da Rua Bom Jesus, no Bairro Ouro Branco."}, {"id": 23892, "ano": 2013, "numero": 2384, "tipo__sigla": "IND", "tipo__descricao": "Indica\u00e7\u00e3o/Pedido de Provid\u00eancias", "autoria__autor__nome": "Luiz Carlos Schenlrte", "texto_original": "https://sapl.camaranh.rs.gov.br/media/sapl/public/materialegislativa/2013/23892/23892_texto_integral.odt", "ementa": "Solicita desentupimento e limpeza de bueiro, na Av. Primeiro de Mar\u00e7o, no Beco ao lado do n\u00famero 4002."}, {"id": 23894, "ano": 2013, "numero": 2385, "tipo__sigla": "IND", "tipo__descricao": "Indica\u00e7\u00e3o/Pedido de Provid\u00eancias", "autoria__autor__nome": "Cristiano Coller", "texto_original": "https://sapl.camaranh.rs.gov.br/media/sapl/public/materialegislativa/2013/23894/23894_texto_integral.odt", "ementa": "Solicita opera\u00e7\u00e3o tapa-buracos, em toda extens\u00e3o da Rua Ipiranga, no Bairro Rond\u00f4nia."}, {"id": 23895, "ano": 2013, "numero": 2386, "tipo__sigla": "IND", "tipo__descricao": "Indica\u00e7\u00e3o/Pedido de Provid\u00eancias", "autoria__autor__nome": "Cristiano Coller", "texto_original": "https://sapl.camaranh.rs.gov.br/media/sapl/public/materialegislativa/2013/23895/23895_texto_integral.odt", "ementa": "Solicita opera\u00e7\u00e3o tapa-buracos em toda extens\u00e3o da Rua Travess\u00e3o, no Bairro Rond\u00f4nia."}, {"id": 23898, "ano": 2013, "numero": 2387, "tipo__sigla": "IND", "tipo__descricao": "Indica\u00e7\u00e3o/Pedido de Provid\u00eancias", "autoria__autor__nome": "Sergio Hanich", "texto_original": "https://sapl.camaranh.rs.gov.br/media/sapl/public/materialegislativa/2013/23898/23898_texto_integral.odt", "ementa": "Solicita recapeamento asf\u00e1ltico da Rua Flores da Cunha, trecho entre as Avenidas Pedro A. Filho e  1\u00ba de Mar\u00e7o, Bairro P\u00e1tria Nova."}, {"id": 23899, "ano": 2013, "numero": 2388, "tipo__sigla": "IND", "tipo__descricao": "Indica\u00e7\u00e3o/Pedido de Provid\u00eancias", "autoria__autor__nome": "Sergio Hanich", "texto_original": "https://sapl.camaranh.rs.gov.br/media/sapl/public/materialegislativa/2013/23899/23899_texto_integral.odt", "ementa": "Solicita vistoria da Diretoria de Ilumina\u00e7\u00e3o P\u00fablica na Rua da Dedica\u00e7\u00e3o, em frente ao n\u00ba 20, Bairro Diehl."}, {"id": 23902, "ano": 2013, "numero": 2389, "tipo__sigla": "IND", "tipo__descricao": "Indica\u00e7\u00e3o/Pedido de Provid\u00eancias", "autoria__autor__nome": "JorgeTatsch", "texto_original": "https://sapl.camaranh.rs.gov.br/media/sapl/public/materialegislativa/2013/23902/23902_texto_integral.odt", "ementa": "Solicita conserto de infiltra\u00e7\u00e3o em cal\u00e7ada na Rua Lima, em frente ao n\u00famero 297, no Bairro Santo Afonso."}, {"id": 23903, "ano": 2013, "numero": 2390, "tipo__sigla": "IND", "tipo__descricao": "Indica\u00e7\u00e3o/Pedido de Provid\u00eancias", "autoria__autor__nome": "JorgeTatsch", "texto_original": "https://sapl.camaranh.rs.gov.br/media/sapl/public/materialegislativa/2013/23903/23903_texto_integral.odt", "ementa": "Solicita opera\u00e7\u00e3o tapa-buracos na Av. Pedro Adams Filho, em frente a Paroquia Sagrado Cora\u00e7\u00e3o de Jesus, no Bairro Santo Afonso."}, {"id": 23904, "ano": 2013, "numero": 2391, "tipo__sigla": "IND", "tipo__descricao": "Indica\u00e7\u00e3o/Pedido de Provid\u00eancias", "autoria__autor__nome": "JorgeTatsch", "texto_original": "https://sapl.camaranh.rs.gov.br/media/sapl/public/materialegislativa/2013/23904/23904_texto_integral.odt", "ementa": "Solicita, com urg\u00eancia, a coloca\u00e7\u00e3o de boca-de-lobo na Av. Na\u00e7\u00f5es Unidas, em frente ao n\u00ba 3860, Bairro Ideal."}, {"id": 23905, "ano": 2013, "numero": 2392, "tipo__sigla": "IND", "tipo__descricao": "Indica\u00e7\u00e3o/Pedido de Provid\u00eancias", "autoria__autor__nome": "JorgeTatsch", "texto_original": "https://sapl.camaranh.rs.gov.br/media/sapl/public/materialegislativa/2013/23905/23905_texto_integral.odt", "ementa": "Solicita, com urg\u00eancia, a coloca\u00e7\u00e3o de boca-de-lobo na Rua Tapes, em frente ao n\u00ba 1046, Bairro Ideal."}, {"id": 23906, "ano": 2013, "numero": 2393, "tipo__sigla": "IND", "tipo__descricao": "Indica\u00e7\u00e3o/Pedido de Provid\u00eancias", "autoria__autor__nome": "JorgeTatsch", "texto_original": "https://sapl.camaranh.rs.gov.br/media/sapl/public/materialegislativa/2013/23906/23906_texto_integral.odt", "ementa": "Solicita poda de \u00e1rvores nas margens do Arroio da Av. Na\u00e7\u00f5es Unidas, Bairro Vila Rosa."}, {"id": 23907, "ano": 2013, "numero": 2394, "tipo__sigla": "IND", "tipo__descricao": "Indica\u00e7\u00e3o/Pedido de Provid\u00eancias", "autoria__autor__nome": "JorgeTatsch", "texto_original": "https://sapl.camaranh.rs.gov.br/media/sapl/public/materialegislativa/2013/23907/23907_texto_integral.odt", "ementa": "Solicita desentupimento de esgoto na Rua Ivo Willy Hack, em frente ao n\u00ba 86, no Loteamento Residencial Na\u00e7\u00f5es Unidas, Bairro Santo Afonso."}, {"id": 23908, "ano": 2013, "numero": 2395, "tipo__sigla": "IND", "tipo__descricao": "Indica\u00e7\u00e3o/Pedido de Provid\u00eancias", "autoria__autor__nome": "JorgeTatsch", "texto_original": "https://sapl.camaranh.rs.gov.br/media/sapl/public/materialegislativa/2013/23908/23908_texto_integral.odt", "ementa": "Solicita substitui\u00e7\u00e3o de l\u00e2mpada queimada ao longo da Av. Projetada, em frente ao n\u00famero 265, Loteamento Novo Na\u00e7\u00f5es Unidas, no Bairro Santo Afonso."}, {"id": 23918, "ano": 2013, "numero": 2396, "tipo__sigla": "IND", "tipo__descricao": "Indica\u00e7\u00e3o/Pedido de Provid\u00eancias", "autoria__autor__nome": "Gerson Peteffi", "texto_original": "https://sapl.camaranh.rs.gov.br/media/sapl/public/materialegislativa/2013/23918/23918_texto_integral.odt", "ementa": "Solicita reparo no asfalto (depress\u00e3o) na Avenida Victor Hugo Kunz, esquina com a Rua Engenheiro Jorge Schury (20 metros antes da esquina, sentido centro-bairro), Bairro Hamburgo Velho."}, {"id": 23920, "ano": 2013, "numero": 2397, "tipo__sigla": "IND", "tipo__descricao": "Indica\u00e7\u00e3o/Pedido de Provid\u00eancias", "autoria__autor__nome": "Inspetor Luz", "texto_original": "https://sapl.camaranh.rs.gov.br/media/sapl/public/materialegislativa/2013/23920/23920_texto_integral.odt", "ementa": "Solicita capina e limpeza junto ao meio-fio em toda extens\u00e3o da Rua Araruama, no Bairro Jardim Mau\u00e1."}, {"id": 23921, "ano": 2013, "numero": 2398, "tipo__sigla": "IND", "tipo__descricao": "Indica\u00e7\u00e3o/Pedido de Provid\u00eancias", "autoria__autor__nome": "Inspetor Luz", "texto_original": "https://sapl.camaranh.rs.gov.br/media/sapl/public/materialegislativa/2013/23921/23921_texto_integral.odt", "ementa": "Solicita capina e limpeza junto ao meio-fio em toda extens\u00e3o da Rua Campos Sales, no Bairro Jardim Mau\u00e1."}, {"id": 23922, "ano": 2013, "numero": 2399, "tipo__sigla": "IND", "tipo__descricao": "Indica\u00e7\u00e3o/Pedido de Provid\u00eancias", "autoria__autor__nome": "Inspetor Luz", "texto_original": "https://sapl.camaranh.rs.gov.br/media/sapl/public/materialegislativa/2013/23922/23922_texto_integral.odt", "ementa": "Solicita capina e limpeza junto ao meio-fio, em toda extens\u00e3o da Rua Oreste Travi, Bairro Jardim Mau\u00e1."}, {"id": 23923, "ano": 2013, "numero": 2400, "tipo__sigla": "IND", "tipo__descricao": "Indica\u00e7\u00e3o/Pedido de Provid\u00eancias", "autoria__autor__nome": "Inspetor Luz", "texto_original": "https://sapl.camaranh.rs.gov.br/media/sapl/public/materialegislativa/2013/23923/23923_texto_integral.odt", "ementa": "Solicita capina e limpeza junto ao meio-fio, em toda extens\u00e3o da Rua Bar\u00e3o de Santo \u00c2ngelo, Bairro Hamburgo Velho."}, {"id": 23924, "ano": 2013, "numero": 2401, "tipo__sigla": "IND", "tipo__descricao": "Indica\u00e7\u00e3o/Pedido de Provid\u00eancias", "autoria__autor__nome": "Inspetor Luz", "texto_original": "https://sapl.camaranh.rs.gov.br/media/sapl/public/materialegislativa/2013/23924/23924_texto_integral.odt", "ementa": "Solicita capina e limpeza junto ao meio-fio em toda extens\u00e3o da Rua Armindo Angeli, no Bairro Hamburgo Velho."}, {"id": 23925, "ano": 2013, "numero": 2402, "tipo__sigla": "IND", "tipo__descricao": "Indica\u00e7\u00e3o/Pedido de Provid\u00eancias", "autoria__autor__nome": "Inspetor Luz", "texto_original": "https://sapl.camaranh.rs.gov.br/media/sapl/public/materialegislativa/2013/23925/23925_texto_integral.odt", "ementa": "Solicita limpeza da boca-de-lobo localizada na esquina das Ruas Norm\u00e9lio Stabel com a Bar\u00e3o de Santo \u00c2ngelo,  no Bairro Hamburgo Velho."}, {"id": 23926, "ano": 2013, "numero": 2403, "tipo__sigla": "IND", "tipo__descricao": "Indica\u00e7\u00e3o/Pedido de Provid\u00eancias", "autoria__autor__nome": "Inspetor Luz", "texto_original": "https://sapl.camaranh.rs.gov.br/media/sapl/public/materialegislativa/2013/23926/23926_texto_integral.odt", "ementa": "Solicita limpeza da boca-de-lobo localizada na esquina das Ruas Waldemar Geib com a Rua Bar\u00e3o de Santo Angelo, no Bairro Hamburgo Velho."}, {"id": 23927, "ano": 2013, "numero": 2404, "tipo__sigla": "IND", "tipo__descricao": "Indica\u00e7\u00e3o/Pedido de Provid\u00eancias", "autoria__autor__nome": "Patr\u00edcia Beck", "texto_original": "https://sapl.camaranh.rs.gov.br/media/sapl/public/materialegislativa/2013/23927/23927_texto_integral.odt", "ementa": "Solicita opera\u00e7\u00e3o tapa-buracos na Rua J\u00falio de Castilhos, entre a Av. Pedro Adams Filho e a Rua Magalh\u00e3es Calvet, Bairro Centro. "}, {"id": 23928, "ano": 2013, "numero": 2405, "tipo__sigla": "IND", "tipo__descricao": "Indica\u00e7\u00e3o/Pedido de Provid\u00eancias", "autoria__autor__nome": "Patr\u00edcia Beck", "texto_original": "https://sapl.camaranh.rs.gov.br/media/sapl/public/materialegislativa/2013/23928/23928_texto_integral.odt", "ementa": "Solicita constru\u00e7\u00e3o de passeio p\u00fablico na Rua Dem\u00e9trio Ribeiro, em diversos pontos, Vila Nova. "}, {"id": 23929, "ano": 2013, "numero": 2406, "tipo__sigla": "IND", "tipo__descricao": "Indica\u00e7\u00e3o/Pedido de Provid\u00eancias", "autoria__autor__nome": "Patr\u00edcia Beck", "texto_original": "https://sapl.camaranh.rs.gov.br/media/sapl/public/materialegislativa/2013/23929/23929_texto_integral.odt", "ementa": "Solicita constru\u00e7\u00e3o de quebra-molas na Rua Frederico Westphalen, em frente \u00e0 capela,  Bairro S\u00e3o Jorge. "}, {"id": 23930, "ano": 2013, "numero": 2407, "tipo__sigla": "IND", "tipo__descricao": "Indica\u00e7\u00e3o/Pedido de Provid\u00eancias", "autoria__autor__nome": "Patr\u00edcia Beck", "texto_original": "https://sapl.camaranh.rs.gov.br/media/sapl/public/materialegislativa/2013/23930/23930_texto_integral.odt", "ementa": "Solicita pintura dos quebra-molas e da faixa de separa\u00e7\u00e3o de pistas da Rua Sapiranga, Bairro Canudos. "}, {"id": 23931, "ano": 2013, "numero": 2408, "tipo__sigla": "IND", "tipo__descricao": "Indica\u00e7\u00e3o/Pedido de Provid\u00eancias", "autoria__autor__nome": "Patr\u00edcia Beck", "texto_original": "https://sapl.camaranh.rs.gov.br/media/sapl/public/materialegislativa/2013/23931/23931_texto_integral.odt", "ementa": "Solicita capina da Pra\u00e7a Jo\u00e3o Ferreira Roque e a melhoria nos brinquedos, Bairro Oper\u00e1rio. "}, {"id": 23932, "ano": 2013, "numero": 2409, "tipo__sigla": "IND", "tipo__descricao": "Indica\u00e7\u00e3o/Pedido de Provid\u00eancias", "autoria__autor__nome": "Patr\u00edcia Beck", "texto_original": "https://sapl.camaranh.rs.gov.br/media/sapl/public/materialegislativa/2013/23932/23932_texto_integral.odt", "ementa": "Solicita instala\u00e7\u00e3o de uma Academia ao Ar Livre na Pra\u00e7a Jo\u00e3o Ferreira Roque, Bairro Oper\u00e1rio. "}, {"id": 23933, "ano": 2013, "numero": 2410, "tipo__sigla": "IND", "tipo__descricao": "Indica\u00e7\u00e3o/Pedido de Provid\u00eancias", "autoria__autor__nome": "Patr\u00edcia Beck", "texto_original": "https://sapl.camaranh.rs.gov.br/media/sapl/public/materialegislativa/2013/23933/23933_texto_integral.odt", "ementa": "Solicita  troca de l\u00e2mpadas no entorno e na Pra\u00e7a Jo\u00e3o Ferreira Roque, Bairro Oper\u00e1rio. "}, {"id": 23934, "ano": 2013, "numero": 2411, "tipo__sigla": "IND", "tipo__descricao": "Indica\u00e7\u00e3o/Pedido de Provid\u00eancias", "autoria__autor__nome": "Patr\u00edcia Beck", "texto_original": "https://sapl.camaranh.rs.gov.br/media/sapl/public/materialegislativa/2013/23934/23934_texto_integral.odt", "ementa": "Solicita refor\u00e7o do policiamento no Bairro  Oper\u00e1rio, especialmente no entorno da EMEF Pedro Adams Filho."}, {"id": 23935, "ano": 2013, "numero": 2412, "tipo__sigla": "IND", "tipo__descricao": "Indica\u00e7\u00e3o/Pedido de Provid\u00eancias", "autoria__autor__nome": "Betinho", "texto_original": "https://sapl.camaranh.rs.gov.br/media/sapl/public/materialegislativa/2013/23935/23935_texto_integral.odt", "ementa": "Solicita opera\u00e7\u00e3o tapa-buracos na Rua Honduras, em toda sua extens\u00e3o, no Bairro Santo Afonso."}, {"id": 23936, "ano": 2013, "numero": 2413, "tipo__sigla": "IND", "tipo__descricao": "Indica\u00e7\u00e3o/Pedido de Provid\u00eancias", "autoria__autor__nome": "Betinho", "texto_original": "https://sapl.camaranh.rs.gov.br/media/sapl/public/materialegislativa/2013/23936/23936_texto_integral.odt", "ementa": "Solicita opera\u00e7\u00e3o tapa buracos na Rua Val Para\u00edso, bairro Santo Afonso."}, {"id": 23937, "ano": 2013, "numero": 2414, "tipo__sigla": "IND", "tipo__descricao": "Indica\u00e7\u00e3o/Pedido de Provid\u00eancias", "autoria__autor__nome": "Luiz Carlos Schenlrte", "texto_original": "https://sapl.camaranh.rs.gov.br/media/sapl/public/materialegislativa/2013/23937/23937_texto_integral.odt", "ementa": "Solicita limpeza e revitaliza\u00e7\u00e3o da \u00e1rea p\u00fablica ao EMEF. Pres. Jo\u00e3o Goulart, Rua Finl\u00e2ndia, Bairro Petr\u00f3polis."}, {"id": 23938, "ano": 2013, "numero": 2415, "tipo__sigla": "IND", "tipo__descricao": "Indica\u00e7\u00e3o/Pedido de Provid\u00eancias", "autoria__autor__nome": "Luiz Carlos Schenlrte", "texto_original": "https://sapl.camaranh.rs.gov.br/media/sapl/public/materialegislativa/2013/23938/23938_texto_integral.odt", "ementa": "Sugere estudo de viabilidade de implanta\u00e7\u00e3o de antenas de \"Wi-Fi\", nos bairros."}, {"id": 23939, "ano": 2013, "numero": 2416, "tipo__sigla": "IND", "tipo__descricao": "Indica\u00e7\u00e3o/Pedido de Provid\u00eancias", "autoria__autor__nome": "Naasom Luciano", "texto_original": "https://sapl.camaranh.rs.gov.br/media/sapl/public/materialegislativa/2013/23939/23939_texto_integral.odt", "ementa": "Sugere ao Executivo a consolida\u00e7\u00e3o do C\u00f3digo Tribut\u00e1rio, com base no Art. 102, da Lei Org\u00e2nica."}, {"id": 23940, "ano": 2013, "numero": 2417, "tipo__sigla": "IND", "tipo__descricao": "Indica\u00e7\u00e3o/Pedido de Provid\u00eancias", "autoria__autor__nome": "Sergio Hanich", "texto_original": "https://sapl.camaranh.rs.gov.br/media/sapl/public/materialegislativa/2013/23940/23940_texto_integral.odt", "ementa": "Solicita opera\u00e7\u00e3o tapa-buracos na Rua Tom\u00e9 de Souza, trecho entre as Ruas Caramuru e Jo\u00e3o Pessoa, Bairro P\u00e1tria Nova."}, {"id": 23941, "ano": 2013, "numero": 2418, "tipo__sigla": "IND", "tipo__descricao": "Indica\u00e7\u00e3o/Pedido de Provid\u00eancias", "autoria__autor__nome": "Sergio Hanich", "texto_original": "https://sapl.camaranh.rs.gov.br/media/sapl/public/materialegislativa/2013/23941/23941_texto_integral.odt", "ementa": "Solicita opera\u00e7\u00e3o tapa-buracos na Av. Coronel Travassos do n\u00ba 560 at\u00e9 a Rua Bento Gon\u00e7alves, Bairro Rond\u00f4nia."}, {"id": 23942, "ano": 2013, "numero": 2419, "tipo__sigla": "IND", "tipo__descricao": "Indica\u00e7\u00e3o/Pedido de Provid\u00eancias", "autoria__autor__nome": "Sergio Hanich", "texto_original": "https://sapl.camaranh.rs.gov.br/media/sapl/public/materialegislativa/2013/23942/23942_texto_integral.odt", "ementa": "Solicita opera\u00e7\u00e3o tapa-buracos na Av. Pedro Adams Filho no trecho entre as Ruas Santa Rita e Lima sentido centro/ bairro, Bairro Industrial."}, {"id": 23943, "ano": 2013, "numero": 2420, "tipo__sigla": "IND", "tipo__descricao": "Indica\u00e7\u00e3o/Pedido de Provid\u00eancias", "autoria__autor__nome": "Luiz Carlos Schenlrte", "texto_original": "https://sapl.camaranh.rs.gov.br/media/sapl/public/materialegislativa/2013/23943/23943_texto_integral.odt", "ementa": "Sugere a transfer\u00eancia de local do Canil Municipal. "}, {"id": 23944, "ano": 2013, "numero": 2421, "tipo__sigla": "IND", "tipo__descricao": "Indica\u00e7\u00e3o/Pedido de Provid\u00eancias", "autoria__autor__nome": "Luiz Carlos Schenlrte", "texto_original": "https://sapl.camaranh.rs.gov.br/media/sapl/public/materialegislativa/2013/23944/23944_texto_integral.odt", "ementa": "Solicita constru\u00e7\u00e3o de uma pista de skate na Pra\u00e7a da Rua Floresta, no Bairro Boa Sa\u00fade."}, {"id": 23945, "ano": 2013, "numero": 2422, "tipo__sigla": "IND", "tipo__descricao": "Indica\u00e7\u00e3o/Pedido de Provid\u00eancias", "autoria__autor__nome": "Luiz Carlos Schenlrte", "texto_original": "https://sapl.camaranh.rs.gov.br/media/sapl/public/materialegislativa/2013/23945/23945_texto_integral.odt", "ementa": "Solicita revitaliza\u00e7\u00e3o dos brinquedos na pra\u00e7a da Vila Cardoso Neto, ao lado do Parque do Trabalhador, no Bairro Rinc\u00e3o."}, {"id": 23946, "ano": 2013, "numero": 2423, "tipo__sigla": "IND", "tipo__descricao": "Indica\u00e7\u00e3o/Pedido de Provid\u00eancias", "autoria__autor__nome": "Cristiano Coller", "texto_original": "https://sapl.camaranh.rs.gov.br/media/sapl/public/materialegislativa/2013/23946/23946_texto_integral.odt", "ementa": "Solicita estudo de viabilidade para mudan\u00e7a de trajeto  do \u00f4nibus da linha  Vila Kroeff."}, {"id": 23947, "ano": 2013, "numero": 2424, "tipo__sigla": "IND", "tipo__descricao": "Indica\u00e7\u00e3o/Pedido de Provid\u00eancias", "autoria__autor__nome": "Professor Issur Koch", "texto_original": "https://sapl.camaranh.rs.gov.br/media/sapl/public/materialegislativa/2013/23947/23947_texto_integral.odt", "ementa": "Solicita limpeza e conserto de boca-de-lobo na Rua Finl\u00e2ndia, n\u00ba 2063, em frente a EMEI Branca de Neve, no Bairro Rinc\u00e3o."}, {"id": 23949, "ano": 2013, "numero": 2425, "tipo__sigla": "IND", "tipo__descricao": "Indica\u00e7\u00e3o/Pedido de Provid\u00eancias", "autoria__autor__nome": "Professor Issur Koch", "texto_original": "https://sapl.camaranh.rs.gov.br/media/sapl/public/materialegislativa/2013/23949/23949_texto_integral.odt", "ementa": "Solicita regulariza\u00e7\u00e3o no passeio p\u00fablico ao longo da extens\u00e3o da ciclovia."}, {"id": 23950, "ano": 2013, "numero": 2426, "tipo__sigla": "IND", "tipo__descricao": "Indica\u00e7\u00e3o/Pedido de Provid\u00eancias", "autoria__autor__nome": "Professor Issur Koch", "texto_original": "https://sapl.camaranh.rs.gov.br/media/sapl/public/materialegislativa/2013/23950/23950_texto_integral.odt", "ementa": "Solicita sinaliza\u00e7\u00e3o com placas e no solo, em toda extens\u00e3o da ciclovia, abaixo dos trilhos do trem."}, {"id": 23952, "ano": 2013, "numero": 2427, "tipo__sigla": "IND", "tipo__descricao": "Indica\u00e7\u00e3o/Pedido de Provid\u00eancias", "autoria__autor__nome": "Luiz Carlos Schenlrte", "texto_original": "https://sapl.camaranh.rs.gov.br/media/sapl/public/materialegislativa/2013/23952/23952_texto_integral.odt", "ementa": "Solicita revitaliza\u00e7\u00e3o da faixa de seguran\u00e7a na Rua Campinas, esquina com a Rua Joaquim Pedro Soares"}, {"id": 23955, "ano": 2013, "numero": 2428, "tipo__sigla": "IND", "tipo__descricao": "Indica\u00e7\u00e3o/Pedido de Provid\u00eancias", "autoria__autor__nome": "Patr\u00edcia Beck", "texto_original": "https://sapl.camaranh.rs.gov.br/media/sapl/public/materialegislativa/2013/23955/23955_texto_integral.odt", "ementa": "Solicita conserto da pista da Rua S\u00e3o Luiz Gonzaga \"afundamento\" no in\u00edcio da via, lado leste, Vila Nova. "}, {"id": 23956, "ano": 2013, "numero": 2429, "tipo__sigla": "IND", "tipo__descricao": "Indica\u00e7\u00e3o/Pedido de Provid\u00eancias", "autoria__autor__nome": "Patr\u00edcia Beck", "texto_original": "https://sapl.camaranh.rs.gov.br/media/sapl/public/materialegislativa/2013/23956/23956_texto_integral.odt", "ementa": "Solicita conserto de buraco na pista da Rua Dem\u00e9trio Ribeiro, esquina com a Rua Rubem Berta, causado pela infiltra\u00e7\u00e3o de \u00e1gua da chuva na rede de esgoto pluvial,Vila Nova. "}, {"id": 23957, "ano": 2013, "numero": 2430, "tipo__sigla": "IND", "tipo__descricao": "Indica\u00e7\u00e3o/Pedido de Provid\u00eancias", "autoria__autor__nome": "Patr\u00edcia Beck", "texto_original": "https://sapl.camaranh.rs.gov.br/media/sapl/public/materialegislativa/2013/23957/23957_texto_integral.odt", "ementa": "Solicita o conserto da boca-de-lobo na Rua Dem\u00e9trio Ribeiro, esquina com a Rua Santos, Vila Nova. "}, {"id": 23958, "ano": 2013, "numero": 2431, "tipo__sigla": "IND", "tipo__descricao": "Indica\u00e7\u00e3o/Pedido de Provid\u00eancias", "autoria__autor__nome": "Patr\u00edcia Beck", "texto_original": "https://sapl.camaranh.rs.gov.br/media/sapl/public/materialegislativa/2013/23958/23958_texto_integral.odt", "ementa": "Solicita a corre\u00e7\u00e3o da pista \"retirada de ondula\u00e7\u00f5es\", na R\u00f3tula Carlos G. Eckadt, Centro. "}, {"id": 23960, "ano": 2013, "numero": 2432, "tipo__sigla": "IND", "tipo__descricao": "Indica\u00e7\u00e3o/Pedido de Provid\u00eancias", "autoria__autor__nome": "Cristiano Coller", "texto_original": "https://sapl.camaranh.rs.gov.br/media/sapl/public/materialegislativa/2013/23960/23960_texto_integral.odt", "ementa": "Solicito melhorias do cruzamento das Ruas Domingos de Almeida com Jo\u00e3o Ant\u00f4nio da Silveira, no Centro."}, {"id": 23961, "ano": 2013, "numero": 2433, "tipo__sigla": "IND", "tipo__descricao": "Indica\u00e7\u00e3o/Pedido de Provid\u00eancias", "autoria__autor__nome": "JorgeTatsch", "texto_original": "https://sapl.camaranh.rs.gov.br/media/sapl/public/materialegislativa/2013/23961/23961_texto_integral.odt", "ementa": "Solicita recapeamento asf\u00e1ltico da Rua Vidal Brasil,  no Bairro Jardim Mau\u00e1."}, {"id": 23962, "ano": 2013, "numero": 2434, "tipo__sigla": "IND", "tipo__descricao": "Indica\u00e7\u00e3o/Pedido de Provid\u00eancias", "autoria__autor__nome": "JorgeTatsch", "texto_original": "https://sapl.camaranh.rs.gov.br/media/sapl/public/materialegislativa/2013/23962/23962_texto_integral.odt", "ementa": "Solicita limpeza do passeio p\u00fablico e recolhimento de lixo ao longo da Rua Vidal Brasil, em frente ao n\u00ba 1319, no Bairro Jardim Mau\u00e1."}, {"id": 23963, "ano": 2013, "numero": 2435, "tipo__sigla": "IND", "tipo__descricao": "Indica\u00e7\u00e3o/Pedido de Provid\u00eancias", "autoria__autor__nome": "JorgeTatsch", "texto_original": "https://sapl.camaranh.rs.gov.br/media/sapl/public/materialegislativa/2013/23963/23963_texto_integral.odt", "ementa": "Solicita conserto de infiltra\u00e7\u00e3o na Rua J\u00falio Luiz Sateigleder, esquina com a Rua Oscar Ludwig,  no Bairro Jardim Mau\u00e1."}, {"id": 23964, "ano": 2013, "numero": 2436, "tipo__sigla": "IND", "tipo__descricao": "Indica\u00e7\u00e3o/Pedido de Provid\u00eancias", "autoria__autor__nome": "JorgeTatsch", "texto_original": "https://sapl.camaranh.rs.gov.br/media/sapl/public/materialegislativa/2013/23964/23964_texto_integral.odt", "ementa": "Solicita reparos no banco do ponto de \u00f4nibus na Rua Ant\u00f4nio Roberto Kroeff, pr\u00f3ximo ao  n\u00ba  488,  Bairro Santo Afonso."}, {"id": 23965, "ano": 2013, "numero": 2437, "tipo__sigla": "IND", "tipo__descricao": "Indica\u00e7\u00e3o/Pedido de Provid\u00eancias", "autoria__autor__nome": "JorgeTatsch", "texto_original": "https://sapl.camaranh.rs.gov.br/media/sapl/public/materialegislativa/2013/23965/23965_texto_integral.odt", "ementa": "Solicita conserto de infiltra\u00e7\u00e3o na Rua J\u00falio Luiz Steigleder, em frente ao n\u00famero 187, no Bairro Jardim Mau\u00e1."}, {"id": 23966, "ano": 2013, "numero": 2438, "tipo__sigla": "IND", "tipo__descricao": "Indica\u00e7\u00e3o/Pedido de Provid\u00eancias", "autoria__autor__nome": "JorgeTatsch", "texto_original": "https://sapl.camaranh.rs.gov.br/media/sapl/public/materialegislativa/2013/23966/23966_texto_integral.odt", "ementa": "Solicita conserto de infiltra\u00e7\u00e3o em cal\u00e7ada na Rua Ant\u00f4nio Roberto Kroeff, em frente ao n\u00ba 488, no Bairro Santo Afonso."}, {"id": 23967, "ano": 2013, "numero": 2439, "tipo__sigla": "IND", "tipo__descricao": "Indica\u00e7\u00e3o/Pedido de Provid\u00eancias", "autoria__autor__nome": "JorgeTatsch", "texto_original": "https://sapl.camaranh.rs.gov.br/media/sapl/public/materialegislativa/2013/23967/23967_texto_integral.odt", "ementa": "Solicita ajardinamento, limpeza e revitaliza\u00e7\u00e3o da pra\u00e7a localizada na  Rua Rua Jos\u00e9 Corr\u00eaa Filho, Bairro Santo Afonso."}, {"id": 23968, "ano": 2013, "numero": 2440, "tipo__sigla": "IND", "tipo__descricao": "Indica\u00e7\u00e3o/Pedido de Provid\u00eancias", "autoria__autor__nome": "JorgeTatsch", "texto_original": "https://sapl.camaranh.rs.gov.br/media/sapl/public/materialegislativa/2013/23968/23968_texto_integral.odt", "ementa": "Solicita opera\u00e7\u00e3o tapa-buracos na Rua Ant\u00f4nio Roberto Kroeff, pr\u00f3ximo ao n\u00ba 488, no Bairro Santo Afonso."}, {"id": 23969, "ano": 2013, "numero": 2441, "tipo__sigla": "IND", "tipo__descricao": "Indica\u00e7\u00e3o/Pedido de Provid\u00eancias", "autoria__autor__nome": "JorgeTatsch", "texto_original": "https://sapl.camaranh.rs.gov.br/media/sapl/public/materialegislativa/2013/23969/23969_texto_integral.odt", "ementa": "Solicita poda de \u00e1rvores  na Rua Washington, pr\u00f3ximo ao n\u00ba 290, Bairro Santo Afonso."}, {"id": 23970, "ano": 2013, "numero": 2442, "tipo__sigla": "IND", "tipo__descricao": "Indica\u00e7\u00e3o/Pedido de Provid\u00eancias", "autoria__autor__nome": "JorgeTatsch", "texto_original": "https://sapl.camaranh.rs.gov.br/media/sapl/public/materialegislativa/2013/23970/23970_texto_integral.odt", "ementa": "Solicita conserto de infiltra\u00e7\u00e3o na Rua Washington, em frente ao n\u00ba 305, Bairro Santo Afonso."}, {"id": 23971, "ano": 2013, "numero": 2443, "tipo__sigla": "IND", "tipo__descricao": "Indica\u00e7\u00e3o/Pedido de Provid\u00eancias", "autoria__autor__nome": "Professor Issur Koch", "texto_original": "https://sapl.camaranh.rs.gov.br/media/sapl/public/materialegislativa/2013/23971/23971_texto_integral.odt", "ementa": "Solicita opera\u00e7\u00e3o tapa-buracos na Rua Victor Hugo Kunz, em frente ao n\u00famero 2210, Bairro S\u00e3o Jorge."}, {"id": 23972, "ano": 2013, "numero": 2444, "tipo__sigla": "IND", "tipo__descricao": "Indica\u00e7\u00e3o/Pedido de Provid\u00eancias", "autoria__autor__nome": "Professor Issur Koch", "texto_original": "https://sapl.camaranh.rs.gov.br/media/", "ementa": "Sugere ao Executivo um estudo de viabilidade para incluir nos itiner\u00e1rios dos \u00f4nibus o acesso ao hospital municipal."}, {"id": 23977, "ano": 2013, "numero": 2445, "tipo__sigla": "IND", "tipo__descricao": "Indica\u00e7\u00e3o/Pedido de Provid\u00eancias", "autoria__autor__nome": "Enfermeiro Vilmar", "texto_original": "https://sapl.camaranh.rs.gov.br/media/sapl/public/materialegislativa/2013/23977/23977_texto_integral.odt", "ementa": "Solicita com urg\u00eancia a troca de l\u00e2mpada queimada do poste de ilumina\u00e7\u00e3o p\u00fablica na Rua Charrua, em frente ao n\u00ba 93, Bairro Canudos."}, {"id": 23978, "ano": 2013, "numero": 2446, "tipo__sigla": "IND", "tipo__descricao": "Indica\u00e7\u00e3o/Pedido de Provid\u00eancias", "autoria__autor__nome": "Enfermeiro Vilmar", "texto_original": "https://sapl.camaranh.rs.gov.br/media/sapl/public/materialegislativa/2013/23978/23978_texto_integral.odt", "ementa": "Solicita a troca da tampa da boca-de-lobo localizada na Rua Santo Andr\u00e9, em frente ao n\u00ba 62, no Bairro Canudos."}, {"id": 23980, "ano": 2013, "numero": 2447, "tipo__sigla": "IND", "tipo__descricao": "Indica\u00e7\u00e3o/Pedido de Provid\u00eancias", "autoria__autor__nome": "Enfermeiro Vilmar", "texto_original": "https://sapl.camaranh.rs.gov.br/media/sapl/public/materialegislativa/2013/23980/23980_texto_integral.odt", "ementa": "Solicita coloca\u00e7\u00e3o de um redutor de velocidade  na Rua \u00cdcaro, entre a Rua Roma e a Rua Quirinal,  no Bairro Canudos. "}, {"id": 23981, "ano": 2013, "numero": 2448, "tipo__sigla": "IND", "tipo__descricao": "Indica\u00e7\u00e3o/Pedido de Provid\u00eancias", "autoria__autor__nome": "Inspetor Luz", "texto_original": "https://sapl.camaranh.rs.gov.br/media/sapl/public/materialegislativa/2013/23981/23981_texto_integral.odt", "ementa": "Solicita capina e limpeza junto ao meio-fio, em toda extens\u00e3o da Rua Guaruj\u00e1,  no Bairro Ideal."}, {"id": 23982, "ano": 2013, "numero": 2449, "tipo__sigla": "IND", "tipo__descricao": "Indica\u00e7\u00e3o/Pedido de Provid\u00eancias", "autoria__autor__nome": "Inspetor Luz", "texto_original": "https://sapl.camaranh.rs.gov.br/media/sapl/public/materialegislativa/2013/23982/23982_texto_integral.odt", "ementa": "Solicita recomposi\u00e7\u00e3o asf\u00e1ltica em toda extens\u00e3o da Rua Marqu\u00eas do Herval, no Bairro Ideal."}, {"id": 23983, "ano": 2013, "numero": 2450, "tipo__sigla": "IND", "tipo__descricao": "Indica\u00e7\u00e3o/Pedido de Provid\u00eancias", "autoria__autor__nome": "Inspetor Luz", "texto_original": "https://sapl.camaranh.rs.gov.br/media/sapl/public/materialegislativa/2013/23983/23983_texto_integral.odt", "ementa": "Solicita recomposi\u00e7\u00e3o asf\u00e1ltica em toda extens\u00e3o da Rua Marqu\u00eas do Paran\u00e1, no Bairro Ideal."}, {"id": 23984, "ano": 2013, "numero": 2451, "tipo__sigla": "IND", "tipo__descricao": "Indica\u00e7\u00e3o/Pedido de Provid\u00eancias", "autoria__autor__nome": "Inspetor Luz", "texto_original": "https://sapl.camaranh.rs.gov.br/media/sapl/public/materialegislativa/2013/23984/23984_texto_integral.odt", "ementa": "Solicita recomposi\u00e7\u00e3o asf\u00e1ltica em toda extens\u00e3o da Rua Marqu\u00eas de Alegrete, no Bairro Ideal."}, {"id": 23985, "ano": 2013, "numero": 2452, "tipo__sigla": "IND", "tipo__descricao": "Indica\u00e7\u00e3o/Pedido de Provid\u00eancias", "autoria__autor__nome": "Inspetor Luz", "texto_original": "https://sapl.camaranh.rs.gov.br/media/sapl/public/materialegislativa/2013/23985/23985_texto_integral.odt", "ementa": "Solicita recomposi\u00e7\u00e3o asf\u00e1ltica em toda extens\u00e3o da Rua Marechal C\u00e2mara, no Bairro Ideal."}, {"id": 23986, "ano": 2013, "numero": 2453, "tipo__sigla": "IND", "tipo__descricao": "Indica\u00e7\u00e3o/Pedido de Provid\u00eancias", "autoria__autor__nome": "Inspetor Luz", "texto_original": "https://sapl.camaranh.rs.gov.br/media/sapl/public/materialegislativa/2013/23986/23986_texto_integral.odt", "ementa": "Solicita recomposi\u00e7\u00e3o asf\u00e1ltica em toda extens\u00e3o da Rua Guaruj\u00e1, no Bairro Ideal."}, {"id": 23987, "ano": 2013, "numero": 2454, "tipo__sigla": "IND", "tipo__descricao": "Indica\u00e7\u00e3o/Pedido de Provid\u00eancias", "autoria__autor__nome": "Professor Issur Koch", "texto_original": "https://sapl.camaranh.rs.gov.br/media/sapl/public/materialegislativa/2013/23987/23987_texto_integral.odt", "ementa": "Solicita conserto de infiltra\u00e7\u00e3o e recapeamento asf\u00e1ltico na Rua Rolante, em frente ao n\u00famero  206, no Bairro Jardim Mau\u00e1."}, {"id": 23988, "ano": 2013, "numero": 2455, "tipo__sigla": "IND", "tipo__descricao": "Indica\u00e7\u00e3o/Pedido de Provid\u00eancias", "autoria__autor__nome": "Professor Issur Koch", "texto_original": "https://sapl.camaranh.rs.gov.br/media/sapl/public/materialegislativa/2013/23988/23988_texto_integral.odt", "ementa": "Solicita recapeamento asf\u00e1ltico na Rua Germano Fehse, do n\u00ba 113 ao 1005, no Bairro Rond\u00f4nia."}, {"id": 23989, "ano": 2013, "numero": 2456, "tipo__sigla": "IND", "tipo__descricao": "Indica\u00e7\u00e3o/Pedido de Provid\u00eancias", "autoria__autor__nome": "Professor Issur Koch", "texto_original": "https://sapl.camaranh.rs.gov.br/media/sapl/public/materialegislativa/2013/23989/23989_texto_integral.odt", "ementa": "Solicita revitaliza\u00e7\u00e3o da Pra\u00e7a Santa Rita de C\u00e1ssia, no Bairro Canudos."}, {"id": 23990, "ano": 2013, "numero": 2457, "tipo__sigla": "IND", "tipo__descricao": "Indica\u00e7\u00e3o/Pedido de Provid\u00eancias", "autoria__autor__nome": "Professor Issur Koch", "texto_original": "https://sapl.camaranh.rs.gov.br/media/sapl/public/materialegislativa/2013/23990/23990_texto_integral.odt", "ementa": "Solicita poda de \u00e1rvores da Pra\u00e7a Santa Rita de C\u00e1ssia, no Bairro Canudos."}, {"id": 23991, "ano": 2013, "numero": 2458, "tipo__sigla": "IND", "tipo__descricao": "Indica\u00e7\u00e3o/Pedido de Provid\u00eancias", "autoria__autor__nome": "Professor Issur Koch", "texto_original": "https://sapl.camaranh.rs.gov.br/media/sapl/public/materialegislativa/2013/23991/23991_texto_integral.odt", "ementa": "Solicita limpeza da Pra\u00e7a Santa Rita de C\u00e1ssia, no Bairro Canudos."}, {"id": 23993, "ano": 2013, "numero": 2459, "tipo__sigla": "IND", "tipo__descricao": "Indica\u00e7\u00e3o/Pedido de Provid\u00eancias", "autoria__autor__nome": "Professor Issur Koch", "texto_original": "https://sapl.camaranh.rs.gov.br/media/sapl/public/materialegislativa/2013/23993/23993_texto_integral.odt", "ementa": "Solicita implanta\u00e7\u00e3o de academia ao ar livre na Pra\u00e7a Santa Rita de C\u00e1ssia, no Bairro Canudos."}, {"id": 23995, "ano": 2013, "numero": 2460, "tipo__sigla": "IND", "tipo__descricao": "Indica\u00e7\u00e3o/Pedido de Provid\u00eancias", "autoria__autor__nome": "Gerson Peteffi", "texto_original": "https://sapl.camaranh.rs.gov.br/media/sapl/public/materialegislativa/2013/23995/23995_texto_integral.odt", "ementa": "Solicita cobertura asf\u00e1ltica na Rua Felipe Carlos Gerhardt, Bairro Primavera."}, {"id": 23996, "ano": 2013, "numero": 2461, "tipo__sigla": "IND", "tipo__descricao": "Indica\u00e7\u00e3o/Pedido de Provid\u00eancias", "autoria__autor__nome": "Sergio Hanich", "texto_original": "https://sapl.camaranh.rs.gov.br/media/sapl/public/materialegislativa/2013/23996/23996_texto_integral.odt", "ementa": "Solicita reforma de caixa de esgoto na Rua Cariri, esquina com a Rua Carioca, Bairro Jardim Mau\u00e1."}, {"id": 23997, "ano": 2013, "numero": 2462, "tipo__sigla": "IND", "tipo__descricao": "Indica\u00e7\u00e3o/Pedido de Provid\u00eancias", "autoria__autor__nome": "Sergio Hanich", "texto_original": "https://sapl.camaranh.rs.gov.br/media/sapl/public/materialegislativa/2013/23997/23997_texto_integral.odt", "ementa": "Solicita recapeamento asf\u00e1ltico na Rua Pinto Bandeira, Bairro Centro."}, {"id": 23998, "ano": 2013, "numero": 2463, "tipo__sigla": "IND", "tipo__descricao": "Indica\u00e7\u00e3o/Pedido de Provid\u00eancias", "autoria__autor__nome": "Sergio Hanich", "texto_original": "https://sapl.camaranh.rs.gov.br/media/sapl/public/materialegislativa/2013/23998/23998_texto_integral.odt", "ementa": "Solicita concord\u00e2ncia de asfalto junto ao meio-fio na Av. Pedro Adams Filho, ao lado do n\u00ba 1060, Bairro Industrial."}, {"id": 24000, "ano": 2013, "numero": 2464, "tipo__sigla": "IND", "tipo__descricao": "Indica\u00e7\u00e3o/Pedido de Provid\u00eancias", "autoria__autor__nome": "Sergio Hanich", "texto_original": "https://sapl.camaranh.rs.gov.br/media/sapl/public/materialegislativa/2013/24000/24000_texto_integral.odt", "ementa": "Solicita opera\u00e7\u00e3o tapa-buracos na Rua Lima, no trecho entre as Ruas Man\u00e1gua e Montevid\u00e9o, Bairro Santo Afonso."}, {"id": 24002, "ano": 2013, "numero": 2465, "tipo__sigla": "IND", "tipo__descricao": "Indica\u00e7\u00e3o/Pedido de Provid\u00eancias", "autoria__autor__nome": "Sergio Hanich", "texto_original": "https://sapl.camaranh.rs.gov.br/media/sapl/public/materialegislativa/2013/24002/24002_texto_integral.odt", "ementa": "Solicita opera\u00e7\u00e3o tapa-buracos na Rua Imperatriz Leopoldina, esquina com a Rua Marc\u00edlio Dias, no Bairro Rio Branco."}, {"id": 24003, "ano": 2013, "numero": 2466, "tipo__sigla": "IND", "tipo__descricao": "Indica\u00e7\u00e3o/Pedido de Provid\u00eancias", "autoria__autor__nome": "Patr\u00edcia Beck", "texto_original": "https://sapl.camaranh.rs.gov.br/media/sapl/public/materialegislativa/2013/24003/24003_texto_integral.odt", "ementa": "Solicita opera\u00e7\u00e3o tapa-buracos na Rua Aluizio de Azevedo esquina com a Rua Daltro Filho, Vila Nova. "}, {"id": 24004, "ano": 2013, "numero": 2467, "tipo__sigla": "IND", "tipo__descricao": "Indica\u00e7\u00e3o/Pedido de Provid\u00eancias", "autoria__autor__nome": "Patr\u00edcia Beck", "texto_original": "https://sapl.camaranh.rs.gov.br/media/sapl/public/materialegislativa/2013/24004/24004_texto_integral.odt", "ementa": "Solicita opera\u00e7\u00e3o tapa-buracos na Rua Alu\u00edzio de Azevedo, em frente ao n\u00ba 354, Vila Nova. "}, {"id": 24006, "ano": 2013, "numero": 2468, "tipo__sigla": "IND", "tipo__descricao": "Indica\u00e7\u00e3o/Pedido de Provid\u00eancias", "autoria__autor__nome": "Patr\u00edcia Beck", "texto_original": "https://sapl.camaranh.rs.gov.br/media/sapl/public/materialegislativa/2013/24006/24006_texto_integral.odt", "ementa": "Solicita recapeamento asf\u00e1ltico da Rua Ara\u00fajo Viana, entre as Ruas Santo \u00c2ngelo e Bento Gon\u00e7alves, Bairro Guarani. "}, {"id": 24008, "ano": 2013, "numero": 2469, "tipo__sigla": "IND", "tipo__descricao": "Indica\u00e7\u00e3o/Pedido de Provid\u00eancias", "autoria__autor__nome": "Patr\u00edcia Beck", "texto_original": "https://sapl.camaranh.rs.gov.br/media/sapl/public/materialegislativa/2013/24008/24008_texto_integral.odt", "ementa": "Solicita conserto de buraco na pista da Rua Ibirub\u00e1, em frente \u00e0 Creche Vov\u00f4 Werno, Vila Nova. "}, {"id": 24011, "ano": 2013, "numero": 2470, "tipo__sigla": "IND", "tipo__descricao": "Indica\u00e7\u00e3o/Pedido de Provid\u00eancias", "autoria__autor__nome": "Roger Corr\u00eaa", "texto_original": "https://sapl.camaranh.rs.gov.br/media/sapl/public/materialegislativa/2013/24011/24011_texto_integral.odt", "ementa": "Solicita pavimenta\u00e7\u00e3o da Rua Ernesto dos Santos Leal, no Bairro S\u00e3o Jorge."}, {"id": 24012, "ano": 2013, "numero": 2471, "tipo__sigla": "IND", "tipo__descricao": "Indica\u00e7\u00e3o/Pedido de Provid\u00eancias", "autoria__autor__nome": "Roger Corr\u00eaa", "texto_original": "https://sapl.camaranh.rs.gov.br/media/sapl/public/materialegislativa/2013/24012/24012_texto_integral.odt", "ementa": "Solicita recuo da parada de \u00f4nibus situado na Rua Boa Sa\u00fade, em frente ao Parque do Trabalhador, no Bairro Boa Sa\u00fade."}, {"id": 24013, "ano": 2013, "numero": 2472, "tipo__sigla": "IND", "tipo__descricao": "Indica\u00e7\u00e3o/Pedido de Provid\u00eancias", "autoria__autor__nome": "Roger Corr\u00eaa", "texto_original": "https://sapl.camaranh.rs.gov.br/media/sapl/public/materialegislativa/2013/24013/24013_texto_integral.odt", "ementa": "Solicita substitui\u00e7\u00e3o de tampa de bueiro e conserto de meio-fio na Rua General Vargas, esquina com a Rua Pedro Am\u00e9rico, no Bairro S\u00e3o Jorge."}, {"id": 24014, "ano": 2013, "numero": 2473, "tipo__sigla": "IND", "tipo__descricao": "Indica\u00e7\u00e3o/Pedido de Provid\u00eancias", "autoria__autor__nome": "Roger Corr\u00eaa", "texto_original": "https://sapl.camaranh.rs.gov.br/media/sapl/public/materialegislativa/2013/24014/24014_texto_integral.odt", "ementa": "Solicita recolhimento de entulhos da Rua Ervino Diehl, em frente ao n\u00famero 27, na Vila Santa Catarina, em Lomba Grande."}, {"id": 24016, "ano": 2013, "numero": 2474, "tipo__sigla": "IND", "tipo__descricao": "Indica\u00e7\u00e3o/Pedido de Provid\u00eancias", "autoria__autor__nome": "Enfermeiro Vilmar", "texto_original": "https://sapl.camaranh.rs.gov.br/media/sapl/public/materialegislativa/2013/24016/24016_texto_integral.odt", "ementa": "Solicita implanta\u00e7\u00e3o de sinaleira de quatro tempos na Rua \u00cdcaro, esquina com a Estrada Vereador Oscar Horn, no Bairro Canudos."}, {"id": 24018, "ano": 2013, "numero": 2475, "tipo__sigla": "IND", "tipo__descricao": "Indica\u00e7\u00e3o/Pedido de Provid\u00eancias", "autoria__autor__nome": "Cristiano Coller", "texto_original": "https://sapl.camaranh.rs.gov.br/media/sapl/public/materialegislativa/2013/24018/24018_texto_integral.odt", "ementa": "Solicita opera\u00e7\u00e3o tapa-buracos em toda extens\u00e3o da Rua Ant\u00f4nio Roberto Kroeff, no Bairro Santo Afonso."}, {"id": 24019, "ano": 2013, "numero": 2476, "tipo__sigla": "IND", "tipo__descricao": "Indica\u00e7\u00e3o/Pedido de Provid\u00eancias", "autoria__autor__nome": "Luiz Fernando Farias", "texto_original": "https://sapl.camaranh.rs.gov.br/media/sapl/public/materialegislativa/2013/24019/24019_texto_integral.odt", "ementa": "Solicita opera\u00e7\u00e3o tapa-buracos da via p\u00fablica, Rua Bento Manoel, em toda sua extens\u00e3o."}, {"id": 24020, "ano": 2013, "numero": 2477, "tipo__sigla": "IND", "tipo__descricao": "Indica\u00e7\u00e3o/Pedido de Provid\u00eancias", "autoria__autor__nome": "Luiz Fernando Farias", "texto_original": "https://sapl.camaranh.rs.gov.br/media/sapl/public/materialegislativa/2013/24020/24020_texto_integral.odt", "ementa": "Solicita opera\u00e7\u00e3o tapa-buracos da via p\u00fablica, Avenida Pedro Adams Filho, em toda sua extens\u00e3o."}, {"id": 24022, "ano": 2013, "numero": 2478, "tipo__sigla": "IND", "tipo__descricao": "Indica\u00e7\u00e3o/Pedido de Provid\u00eancias", "autoria__autor__nome": "Felipe Kuhn Braun", "texto_original": "https://sapl.camaranh.rs.gov.br/media/sapl/public/materialegislativa/2013/24022/24022_texto_integral.odt", "ementa": "Solicita a coloca\u00e7\u00e3o de uma placa na Rua Rosalina Gerhard, no Bairro S\u00e3o Jorge."}, {"id": 24025, "ano": 2013, "numero": 2479, "tipo__sigla": "IND", "tipo__descricao": "Indica\u00e7\u00e3o/Pedido de Provid\u00eancias", "autoria__autor__nome": "Felipe Kuhn Braun", "texto_original": "https://sapl.camaranh.rs.gov.br/media/sapl/public/materialegislativa/2013/24025/24025_texto_integral.odt", "ementa": "Solicita a coloca\u00e7\u00e3o de um redutor de velocidade - quebra-molas - no cruzamento entre as ruas Engenheiro Jorge Schury e com a Anchieta."}, {"id": 24026, "ano": 2013, "numero": 2480, "tipo__sigla": "IND", "tipo__descricao": "Indica\u00e7\u00e3o/Pedido de Provid\u00eancias", "autoria__autor__nome": "JorgeTatsch", "texto_original": "https://sapl.camaranh.rs.gov.br/media/sapl/public/materialegislativa/2013/24026/24026_texto_integral.odt", "ementa": "Solicita troca da tampa de boca-de-lobo na Rua Harmonia, ao lado ao n\u00ba 120, no Bairro Santo Afonso."}, {"id": 24027, "ano": 2013, "numero": 2481, "tipo__sigla": "IND", "tipo__descricao": "Indica\u00e7\u00e3o/Pedido de Provid\u00eancias", "autoria__autor__nome": "JorgeTatsch", "texto_original": "https://sapl.camaranh.rs.gov.br/media/sapl/public/materialegislativa/2013/24027/24027_texto_integral.odt", "ementa": "Solicita a troca da tampa de boca-de-lobo na Rua Assuncion, pr\u00f3ximo ao n\u00ba 411, no Bairro Santo Afonso."}, {"id": 24028, "ano": 2013, "numero": 2482, "tipo__sigla": "IND", "tipo__descricao": "Indica\u00e7\u00e3o/Pedido de Provid\u00eancias", "autoria__autor__nome": "JorgeTatsch", "texto_original": "https://sapl.camaranh.rs.gov.br/media/sapl/public/materialegislativa/2013/24028/24028_texto_integral.odt", "ementa": "Solicita a troca da tampa de boca-de-lobo na Av. Pedro Adams Filho, esquina com a Rua Assuncion, pr\u00f3ximo ao n\u00ba 434, no Bairro Santo Afonso."}, {"id": 24029, "ano": 2013, "numero": 2483, "tipo__sigla": "IND", "tipo__descricao": "Indica\u00e7\u00e3o/Pedido de Provid\u00eancias", "autoria__autor__nome": "JorgeTatsch", "texto_original": "https://sapl.camaranh.rs.gov.br/media/sapl/public/materialegislativa/2013/24029/24029_texto_integral.odt", "ementa": "Solicita troca da tampa de boca-de-lobo na Rua Vera Cruz, esquina com a Rua M\u00e9xico, pr\u00f3ximo ao n\u00ba 123, no Bairro Santo Afonso."}, {"id": 24030, "ano": 2013, "numero": 2484, "tipo__sigla": "IND", "tipo__descricao": "Indica\u00e7\u00e3o/Pedido de Provid\u00eancias", "autoria__autor__nome": "JorgeTatsch", "texto_original": "https://sapl.camaranh.rs.gov.br/media/sapl/public/materialegislativa/2013/24030/24030_texto_integral.odt", "ementa": "Solicita estudo de viabilidade de implanta\u00e7\u00e3o de academia ao ar livre na pra\u00e7a da Rua M\u00e9xico com a Rua Man\u00e1gua, Bairro Santo Afonso."}, {"id": 24031, "ano": 2013, "numero": 2485, "tipo__sigla": "IND", "tipo__descricao": "Indica\u00e7\u00e3o/Pedido de Provid\u00eancias", "autoria__autor__nome": "JorgeTatsch", "texto_original": "https://sapl.camaranh.rs.gov.br/media/sapl/public/materialegislativa/2013/24031/24031_texto_integral.odt", "ementa": "Solicita revitaliza\u00e7\u00e3o  da sinaliza\u00e7\u00e3o de solo da Rua Sarandi, em toda sua extens\u00e3o, Bairro Jardim Mau\u00e1."}, {"id": 24032, "ano": 2013, "numero": 2486, "tipo__sigla": "IND", "tipo__descricao": "Indica\u00e7\u00e3o/Pedido de Provid\u00eancias", "autoria__autor__nome": "JorgeTatsch", "texto_original": "https://sapl.camaranh.rs.gov.br/media/sapl/public/materialegislativa/2013/24032/24032_texto_integral.odt", "ementa": "Solicita revitaliza\u00e7\u00e3o da sinaliza\u00e7\u00e3o de solo da Rua Arroio Grande, em toda sua extens\u00e3o, Bairro Jardim Mau\u00e1."}, {"id": 24033, "ano": 2013, "numero": 2487, "tipo__sigla": "IND", "tipo__descricao": "Indica\u00e7\u00e3o/Pedido de Provid\u00eancias", "autoria__autor__nome": "JorgeTatsch", "texto_original": "https://sapl.camaranh.rs.gov.br/media/sapl/public/materialegislativa/2013/24033/24033_texto_integral.odt", "ementa": "Solicita limpeza do c\u00f3rrego da Rua Jos\u00e9 Mayer Filho, Bairro  Santo Afonso."}, {"id": 24035, "ano": 2013, "numero": 2488, "tipo__sigla": "IND", "tipo__descricao": "Indica\u00e7\u00e3o/Pedido de Provid\u00eancias", "autoria__autor__nome": "Naasom Luciano", "texto_original": "https://sapl.camaranh.rs.gov.br/media/sapl/public/materialegislativa/2013/24035/24035_texto_integral.odt", "ementa": "Solicita poda de \u00e1rvore na Rua Flamarion, n\u00ba 199, Bairro Canudos."}, {"id": 24037, "ano": 2013, "numero": 2489, "tipo__sigla": "IND", "tipo__descricao": "Indica\u00e7\u00e3o/Pedido de Provid\u00eancias", "autoria__autor__nome": "Naasom Luciano", "texto_original": "https://sapl.camaranh.rs.gov.br/media/sapl/public/materialegislativa/2013/24037/24037_texto_integral.odt", "ementa": "Solicita limpeza da Pra\u00e7a Alberto Mossmann, Bairro Rio Branco."}, {"id": 24038, "ano": 2013, "numero": 2490, "tipo__sigla": "IND", "tipo__descricao": "Indica\u00e7\u00e3o/Pedido de Provid\u00eancias", "autoria__autor__nome": "Inspetor Luz", "texto_original": "https://sapl.camaranh.rs.gov.br/media/sapl/public/materialegislativa/2013/24038/24038_texto_integral.odt", "ementa": "Solicita conserto e recoloca\u00e7\u00e3o da tampa da boca-de-lobo localizada na esquina das Ruas Adolfo Lutz com a General Os\u00f3rio, no Bairro Hamburgo Velho."}, {"id": 24039, "ano": 2013, "numero": 2491, "tipo__sigla": "IND", "tipo__descricao": "Indica\u00e7\u00e3o/Pedido de Provid\u00eancias", "autoria__autor__nome": "Luiz Fernando Farias", "texto_original": "https://sapl.camaranh.rs.gov.br/media/sapl/public/materialegislativa/2013/24039/24039_texto_integral.odt", "ementa": "Solicita com urg\u00eancia a troca de l\u00e2mpadas queimadas dos postes de ilumina\u00e7\u00e3o p\u00fablica na Estrada Presidente Lucena, no trecho entre as Ruas Finl\u00e2ndia e L\u00edbia, Bairro Petr\u00f3polis."}, {"id": 24040, "ano": 2013, "numero": 2492, "tipo__sigla": "IND", "tipo__descricao": "Indica\u00e7\u00e3o/Pedido de Provid\u00eancias", "autoria__autor__nome": "Luiz Fernando Farias", "texto_original": "https://sapl.camaranh.rs.gov.br/media/sapl/public/materialegislativa/2013/24040/24040_texto_integral.odt", "ementa": "Solicita opera\u00e7\u00e3o tapa-buracos em toda extens\u00e3o da Rua Imperatriz Leopoldina."}, {"id": 24044, "ano": 2013, "numero": 2493, "tipo__sigla": "IND", "tipo__descricao": "Indica\u00e7\u00e3o/Pedido de Provid\u00eancias", "autoria__autor__nome": "Felipe Kuhn Braun", "texto_original": "https://sapl.camaranh.rs.gov.br/media/", "ementa": "Solicita instala\u00e7\u00e3o de redutor de velocidade na Rua Frederico Westphalen, em frente \u00e0 Capela Divina Provid\u00eancia, Bairro S\u00e3o Jorge."}, {"id": 24062, "ano": 2013, "numero": 2494, "tipo__sigla": "IND", "tipo__descricao": "Indica\u00e7\u00e3o/Pedido de Provid\u00eancias", "autoria__autor__nome": "Patr\u00edcia Beck", "texto_original": "https://sapl.camaranh.rs.gov.br/media/sapl/public/materialegislativa/2013/24062/24062_texto_integral.odt", "ementa": "Solicita conserto da boca-de-lobo e do buraco na pista da Rua Anarolino Rodrigues da Silva, em frente ao n\u00ba 105, Vila Diehl."}, {"id": 24064, "ano": 2013, "numero": 2495, "tipo__sigla": "IND", "tipo__descricao": "Indica\u00e7\u00e3o/Pedido de Provid\u00eancias", "autoria__autor__nome": "Patr\u00edcia Beck", "texto_original": "https://sapl.camaranh.rs.gov.br/media/sapl/public/materialegislativa/2013/24064/24064_texto_integral.odt", "ementa": "Solicita limpeza da boca-de-lobo na Avenida Montevid\u00e9o, esquina com Av. Buenos Aires, Bairro Santo Afonso."}, {"id": 24065, "ano": 2013, "numero": 2496, "tipo__sigla": "IND", "tipo__descricao": "Indica\u00e7\u00e3o/Pedido de Provid\u00eancias", "autoria__autor__nome": "Patr\u00edcia Beck", "texto_original": "https://sapl.camaranh.rs.gov.br/media/sapl/public/materialegislativa/2013/24065/24065_texto_integral.odt", "ementa": "Solicita revitaliza\u00e7\u00e3o da pra\u00e7a localizada na Av. Buenos Aires, Bairro Santo Afonso."}, {"id": 24066, "ano": 2013, "numero": 2497, "tipo__sigla": "IND", "tipo__descricao": "Indica\u00e7\u00e3o/Pedido de Provid\u00eancias", "autoria__autor__nome": "Patr\u00edcia Beck", "texto_original": "https://sapl.camaranh.rs.gov.br/media/sapl/public/materialegislativa/2013/24066/24066_texto_integral.odt", "ementa": "Solicita constru\u00e7\u00e3o de quebra-molas na Rua Valpara\u00edso, em frente ao n\u00ba 551, pr\u00f3xima \u00e0 Escola Harri Roth, Bairro Santo Afonso."}, {"id": 24067, "ano": 2013, "numero": 2498, "tipo__sigla": "IND", "tipo__descricao": "Indica\u00e7\u00e3o/Pedido de Provid\u00eancias", "autoria__autor__nome": "Patr\u00edcia Beck", "texto_original": "https://sapl.camaranh.rs.gov.br/media/sapl/public/materialegislativa/2013/24067/24067_texto_integral.odt", "ementa": "Solicita conserto e limpeza da boca-de-lobo na Rua Orestes Barbosa, em frente ao n\u00ba 110, Bairro Santo Afonso."}, {"id": 24068, "ano": 2013, "numero": 2499, "tipo__sigla": "IND", "tipo__descricao": "Indica\u00e7\u00e3o/Pedido de Provid\u00eancias", "autoria__autor__nome": "Patr\u00edcia Beck", "texto_original": "https://sapl.camaranh.rs.gov.br/media/sapl/public/materialegislativa/2013/24068/24068_texto_integral.odt", "ementa": "Solicita repintura do quebra-molas localizado na Av. Na\u00e7\u00f5es Unidas, pr\u00f3ximo ao Atacad\u00e3o, Bairro Ideal."}, {"id": 24069, "ano": 2013, "numero": 2500, "tipo__sigla": "IND", "tipo__descricao": "Indica\u00e7\u00e3o/Pedido de Provid\u00eancias", "autoria__autor__nome": "Patr\u00edcia Beck", "texto_original": "https://sapl.camaranh.rs.gov.br/media/sapl/public/materialegislativa/2013/24069/24069_texto_integral.odt", "ementa": "Solicita capina, ro\u00e7ada, coloca\u00e7\u00e3o de lixeira e revitaliza\u00e7\u00e3o dos brinquedos na pra\u00e7a da Rua \u00cdcaro, Bairro Canudos."}, {"id": 24074, "ano": 2013, "numero": 2501, "tipo__sigla": "IND", "tipo__descricao": "Indica\u00e7\u00e3o/Pedido de Provid\u00eancias", "autoria__autor__nome": "Inspetor Luz", "texto_original": "https://sapl.camaranh.rs.gov.br/media/sapl/public/materialegislativa/2013/24074/24074_texto_integral.odt", "ementa": "Solicita capina e limpeza junto ao meio-fio em toda a extens\u00e3o da Rua Lib\u00e9ria, Bairro Rinc\u00e3o."}, {"id": 24072, "ano": 2013, "numero": 2502, "tipo__sigla": "IND", "tipo__descricao": "Indica\u00e7\u00e3o/Pedido de Provid\u00eancias", "autoria__autor__nome": "Inspetor Luz", "texto_original": "https://sapl.camaranh.rs.gov.br/media/sapl/public/materialegislativa/2013/24072/24072_texto_integral.odt", "ementa": "Solicita capina e limpeza junto ao meio-fio em toda a extens\u00e3o da Rua Alfredo Becker, Bairro Oper\u00e1rio."}, {"id": 24076, "ano": 2013, "numero": 2503, "tipo__sigla": "IND", "tipo__descricao": "Indica\u00e7\u00e3o/Pedido de Provid\u00eancias", "autoria__autor__nome": "Inspetor Luz", "texto_original": "https://sapl.camaranh.rs.gov.br/media/sapl/public/materialegislativa/2013/24076/24076_texto_integral.odt", "ementa": "Solicita capina e limpeza junto ao meio-fio em toda a extens\u00e3o da Rua Piau\u00ed, Bairro Rinc\u00e3o."}, {"id": 24078, "ano": 2013, "numero": 2504, "tipo__sigla": "IND", "tipo__descricao": "Indica\u00e7\u00e3o/Pedido de Provid\u00eancias", "autoria__autor__nome": "Inspetor Luz", "texto_original": "https://sapl.camaranh.rs.gov.br/media/sapl/public/materialegislativa/2013/24078/24078_texto_integral.odt", "ementa": "Solicita asfaltamento da Rua Ivette Vargas, Bairro Oper\u00e1rio."}, {"id": 24079, "ano": 2013, "numero": 2505, "tipo__sigla": "IND", "tipo__descricao": "Indica\u00e7\u00e3o/Pedido de Provid\u00eancias", "autoria__autor__nome": "Inspetor Luz", "texto_original": "https://sapl.camaranh.rs.gov.br/media/sapl/public/materialegislativa/2013/24079/24079_texto_integral.odt", "ementa": "Solicita opera\u00e7\u00e3o tapa-buracos em toda a extens\u00e3o da Rua Paran\u00e1, Bairro Rinc\u00e3o."}, {"id": 24080, "ano": 2013, "numero": 2506, "tipo__sigla": "IND", "tipo__descricao": "Indica\u00e7\u00e3o/Pedido de Provid\u00eancias", "autoria__autor__nome": "Inspetor Luz", "texto_original": "https://sapl.camaranh.rs.gov.br/media/sapl/public/materialegislativa/2013/24080/24080_texto_integral.odt", "ementa": "Solicita opera\u00e7\u00e3o tapa-buracos em toda a extens\u00e3o da Rua Duarte da Costa, Bairro Oper\u00e1rio."}, {"id": 24081, "ano": 2013, "numero": 2507, "tipo__sigla": "IND", "tipo__descricao": "Indica\u00e7\u00e3o/Pedido de Provid\u00eancias", "autoria__autor__nome": "Luiz Fernando Farias", "texto_original": "https://sapl.camaranh.rs.gov.br/media/sapl/public/materialegislativa/2013/24081/24081_texto_integral.odt", "ementa": "Solicita recupera\u00e7\u00e3o com patrolamento e britas ao longo da Rua Chico Xavier, no Loteamento Morada dos Eucaliptos."}, {"id": 24082, "ano": 2013, "numero": 2508, "tipo__sigla": "IND", "tipo__descricao": "Indica\u00e7\u00e3o/Pedido de Provid\u00eancias", "autoria__autor__nome": "Sergio Hanich", "texto_original": "https://sapl.camaranh.rs.gov.br/media/sapl/public/materialegislativa/2013/24082/24082_texto_integral.odt", "ementa": "Solicita patrolamento e coloca\u00e7\u00e3o de britas no final da  Rua Arthur Momberger, Bairro Diehl."}, {"id": 24084, "ano": 2013, "numero": 2509, "tipo__sigla": "IND", "tipo__descricao": "Indica\u00e7\u00e3o/Pedido de Provid\u00eancias", "autoria__autor__nome": "Sergio Hanich", "texto_original": "https://sapl.camaranh.rs.gov.br/media/sapl/public/materialegislativa/2013/24084/24084_texto_integral.odt", "ementa": "Solicita concord\u00e2ncia de asfalto junto ao meio- fio na Rua Almirante Barroso, em frente ao n\u00ba 261, Bairro Centro."}, {"id": 24085, "ano": 2013, "numero": 2510, "tipo__sigla": "IND", "tipo__descricao": "Indica\u00e7\u00e3o/Pedido de Provid\u00eancias", "autoria__autor__nome": "Professor Issur Koch", "texto_original": "https://sapl.camaranh.rs.gov.br/media/sapl/public/materialegislativa/2013/24085/24085_texto_integral.odt", "ementa": "Solicita retirada de dois sof\u00e1s do passeio p\u00fablico na Rua Santo \u00c2ngelo, em frente ao n\u00famero 603, no Bairro Guarani."}, {"id": 24090, "ano": 2013, "numero": 2511, "tipo__sigla": "IND", "tipo__descricao": "Indica\u00e7\u00e3o/Pedido de Provid\u00eancias", "autoria__autor__nome": "Professor Issur Koch", "texto_original": "https://sapl.camaranh.rs.gov.br/media/sapl/public/materialegislativa/2013/24090/24090_texto_integral.odt", "ementa": "Solicita limpeza do passeio p\u00fablico da Rua Vereador Ad\u00e3o Rodrigues de Oliveira, na lateral da Escola Nilo Pe\u00e7anha."}, {"id": 24091, "ano": 2013, "numero": 2512, "tipo__sigla": "IND", "tipo__descricao": "Indica\u00e7\u00e3o/Pedido de Provid\u00eancias", "autoria__autor__nome": "Professor Issur Koch", "texto_original": "https://sapl.camaranh.rs.gov.br/media/sapl/public/materialegislativa/2013/24091/24091_texto_integral.odt", "ementa": "Solicita limpeza do passeio p\u00fablico da Rua Vereador Ad\u00e3o Rodrigues de Oliveira, fundos da F\u00e1brica do Saber."}, {"id": 24092, "ano": 2013, "numero": 2513, "tipo__sigla": "IND", "tipo__descricao": "Indica\u00e7\u00e3o/Pedido de Provid\u00eancias", "autoria__autor__nome": "Professor Issur Koch", "texto_original": "https://sapl.camaranh.rs.gov.br/media/sapl/public/materialegislativa/2013/24092/24092_texto_integral.odt", "ementa": "Solicita poda de \u00e1rvores na Rua Vereador Ad\u00e3o Rodrigues de Oliveira, fundos da F\u00e1brica do Saber."}, {"id": 24094, "ano": 2013, "numero": 2514, "tipo__sigla": "IND", "tipo__descricao": "Indica\u00e7\u00e3o/Pedido de Provid\u00eancias", "autoria__autor__nome": "Professor Issur Koch", "texto_original": "https://sapl.camaranh.rs.gov.br/media/sapl/public/materialegislativa/2013/24094/24094_texto_integral.odt", "ementa": "Solicita poda de \u00e1rvores na rua Vereador Ad\u00e3o Rodrigues de Oliveira, ao lado da Escola Nilo Pe\u00e7anha."}, {"id": 24096, "ano": 2013, "numero": 2515, "tipo__sigla": "IND", "tipo__descricao": "Indica\u00e7\u00e3o/Pedido de Provid\u00eancias", "autoria__autor__nome": "Luiz Fernando Farias", "texto_original": "https://sapl.camaranh.rs.gov.br/media/sapl/public/materialegislativa/2013/24096/24096_texto_integral.odt", "ementa": "Solicita opera\u00e7\u00e3o tapa-buracos na Estrada Jo\u00e3o Alo\u00edsio Allgayer entre a Avenida Integra\u00e7\u00e3o e a divisa com o munic\u00edpio de S\u00e3o Leopoldo."}, {"id": 24097, "ano": 2013, "numero": 2516, "tipo__sigla": "IND", "tipo__descricao": "Indica\u00e7\u00e3o/Pedido de Provid\u00eancias", "autoria__autor__nome": "Luiz Fernando Farias", "texto_original": "https://sapl.camaranh.rs.gov.br/media/sapl/public/materialegislativa/2013/24097/24097_texto_integral.odt", "ementa": "Solicita  implanta\u00e7\u00e3o de redutor de velocidade (quebra-molas) na Estrada Jo\u00e3o Alo\u00edsio Allgayer, nas proximidades da divisa com o munic\u00edpio de S\u00e3o Leopoldo."}, {"id": 24098, "ano": 2013, "numero": 2517, "tipo__sigla": "IND", "tipo__descricao": "Indica\u00e7\u00e3o/Pedido de Provid\u00eancias", "autoria__autor__nome": "Cristiano Coller", "texto_original": "https://sapl.camaranh.rs.gov.br/media/sapl/public/materialegislativa/2013/24098/24098_texto_integral.odt", "ementa": "Solicita \u00e0 dire\u00e7\u00e3o da AES Sul vistoria para retirada de galhos e \u00e1rvore que est\u00e3o caindo na rede el\u00e9trica."}, {"id": 24099, "ano": 2013, "numero": 2518, "tipo__sigla": "IND", "tipo__descricao": "Indica\u00e7\u00e3o/Pedido de Provid\u00eancias", "autoria__autor__nome": "Cristiano Coller", "texto_original": "https://sapl.camaranh.rs.gov.br/media/sapl/public/materialegislativa/2013/24099/24099_texto_integral.odt", "ementa": "Solicita pintura da faixa seguran\u00e7a na Rua Vinte e Quatro de Maio, Bairro Vila Rosa."}, {"id": 24100, "ano": 2013, "numero": 2519, "tipo__sigla": "IND", "tipo__descricao": "Indica\u00e7\u00e3o/Pedido de Provid\u00eancias", "autoria__autor__nome": "Cristiano Coller", "texto_original": "https://sapl.camaranh.rs.gov.br/media/sapl/public/materialegislativa/2013/24100/24100_texto_integral.odt", "ementa": "Solicita pintura de faixa de seguran\u00e7a na Rua S\u00e3o Leopoldo, Bairro Liberdade."}, {"id": 24101, "ano": 2013, "numero": 2520, "tipo__sigla": "IND", "tipo__descricao": "Indica\u00e7\u00e3o/Pedido de Provid\u00eancias", "autoria__autor__nome": "Cristiano Coller", "texto_original": "https://sapl.camaranh.rs.gov.br/media/sapl/public/materialegislativa/2013/24101/24101_texto_integral.odt", "ementa": "Solicita pintura de  faixa seguran\u00e7a em frente \u00e0 Escola Coronel Guilherme Gaelzer Neto, Bairro Santo Afonso. "}, {"id": 24103, "ano": 2013, "numero": 2521, "tipo__sigla": "IND", "tipo__descricao": "Indica\u00e7\u00e3o/Pedido de Provid\u00eancias", "autoria__autor__nome": "Professor Issur Koch", "texto_original": "https://sapl.camaranh.rs.gov.br/media/sapl/public/materialegislativa/2013/24103/24103_texto_integral.odt", "ementa": "Reitera pedido de intima\u00e7\u00e3o ao propriet\u00e1rio da casa localizada na Rua Gomes Portinho, ao lado do n\u00ba 303, no Bairro Centro."}, {"id": 24104, "ano": 2013, "numero": 2522, "tipo__sigla": "IND", "tipo__descricao": "Indica\u00e7\u00e3o/Pedido de Provid\u00eancias", "autoria__autor__nome": "Professor Issur Koch", "texto_original": "https://sapl.camaranh.rs.gov.br/media/sapl/public/materialegislativa/2013/24104/24104_texto_integral.odt", "ementa": "Solicita opera\u00e7\u00e3o tapa-buracos em toda extens\u00e3o da Rua Jo\u00e3o Aloysio Algayer, no Bairro Lomba Grande."}, {"id": 24119, "ano": 2013, "numero": 2523, "tipo__sigla": "IND", "tipo__descricao": "Indica\u00e7\u00e3o/Pedido de Provid\u00eancias", "autoria__autor__nome": "Naasom Luciano", "texto_original": "https://sapl.camaranh.rs.gov.br/media/sapl/public/materialegislativa/2013/24119/24119_texto_integral.odt", "ementa": "Solicita policiamento na Av. Victor Hugo Kunz, Bairro Canudos."}, {"id": 24120, "ano": 2013, "numero": 2524, "tipo__sigla": "IND", "tipo__descricao": "Indica\u00e7\u00e3o/Pedido de Provid\u00eancias", "autoria__autor__nome": "Betinho", "texto_original": "https://sapl.camaranh.rs.gov.br/media/sapl/public/materialegislativa/2013/24120/24120_texto_integral.odt", "ementa": "Solicita coloca\u00e7\u00e3o de 4 cargas de areia de lagoa no campo do Esporte Clube Santo Afonso, localizado no Bairro de mesmo nome."}, {"id": 24123, "ano": 2013, "numero": 2525, "tipo__sigla": "IND", "tipo__descricao": "Indica\u00e7\u00e3o/Pedido de Provid\u00eancias", "autoria__autor__nome": "Antonio Lucas", "texto_original": "https://sapl.camaranh.rs.gov.br/media/sapl/public/materialegislativa/2013/24123/24123_texto_integral.odt", "ementa": "Solicita corte de grama e coloca\u00e7\u00e3o de areia na pra\u00e7a localizada na Rua Jo\u00e3o Soares, n\u00ba 401, Loteamento Flor do Vale S\u00e3o Jos\u00e9.   "}, {"id": 24124, "ano": 2013, "numero": 2526, "tipo__sigla": "IND", "tipo__descricao": "Indica\u00e7\u00e3o/Pedido de Provid\u00eancias", "autoria__autor__nome": "Antonio Lucas", "texto_original": "https://sapl.camaranh.rs.gov.br/media/sapl/public/materialegislativa/2013/24124/24124_texto_integral.odt", "ementa": "Solicita conserto, com urg\u00eancia, das fechaduras da Capela Mortu\u00e1ria do Loteamento Kephas, Bairro S\u00e3o Jos\u00e9. "}, {"id": 24125, "ano": 2013, "numero": 2527, "tipo__sigla": "IND", "tipo__descricao": "Indica\u00e7\u00e3o/Pedido de Provid\u00eancias", "autoria__autor__nome": "Patr\u00edcia Beck", "texto_original": "https://sapl.camaranh.rs.gov.br/media/sapl/public/materialegislativa/2013/24125/24125_texto_integral.odt", "ementa": "Reitera a necessidade de uma opera\u00e7\u00e3o tapa-buracos na Rua Frederico G. Neto, em toda sua extens\u00e3o, Vila Nova."}, {"id": 24126, "ano": 2013, "numero": 2528, "tipo__sigla": "IND", "tipo__descricao": "Indica\u00e7\u00e3o/Pedido de Provid\u00eancias", "autoria__autor__nome": "Patr\u00edcia Beck", "texto_original": "https://sapl.camaranh.rs.gov.br/media/sapl/public/materialegislativa/2013/24126/24126_texto_integral.odt", "ementa": "Solicita capina, ro\u00e7ada e recupera\u00e7\u00e3o dos brinquedos na pra\u00e7a da Av. Alc\u00e2ntara com a Rua Sevilha, Bairro Canudos."}, {"id": 24127, "ano": 2013, "numero": 2529, "tipo__sigla": "IND", "tipo__descricao": "Indica\u00e7\u00e3o/Pedido de Provid\u00eancias", "autoria__autor__nome": "Patr\u00edcia Beck", "texto_original": "https://sapl.camaranh.rs.gov.br/media/sapl/public/materialegislativa/2013/24127/24127_texto_integral.odt", "ementa": "Solicita a constru\u00e7\u00e3o de passeio p\u00fablico na Av. Buenos Aires, onde estava instalado o \"Eco Ponto\", Bairro Santo Afonso."}, {"id": 24128, "ano": 2013, "numero": 2530, "tipo__sigla": "IND", "tipo__descricao": "Indica\u00e7\u00e3o/Pedido de Provid\u00eancias", "autoria__autor__nome": "Patr\u00edcia Beck", "texto_original": "https://sapl.camaranh.rs.gov.br/media/sapl/public/materialegislativa/2013/24128/24128_texto_integral.odt", "ementa": "Solicita opera\u00e7\u00e3o tapa-buracos na R\u00f3tula Carlos G. Eckardt, Centro."}, {"id": 24129, "ano": 2013, "numero": 2531, "tipo__sigla": "IND", "tipo__descricao": "Indica\u00e7\u00e3o/Pedido de Provid\u00eancias", "autoria__autor__nome": "Patr\u00edcia Beck", "texto_original": "https://sapl.camaranh.rs.gov.br/media/sapl/public/materialegislativa/2013/24129/24129_texto_integral.odt", "ementa": "Solicita \u00e0s autoridades \"Brigada Militar, Guarda Municipal\" uma efetiva a\u00e7\u00e3o contra carros que perturbam o sossego com o som alto."}, {"id": 24130, "ano": 2013, "numero": 2532, "tipo__sigla": "IND", "tipo__descricao": "Indica\u00e7\u00e3o/Pedido de Provid\u00eancias", "autoria__autor__nome": "Patr\u00edcia Beck", "texto_original": "https://sapl.camaranh.rs.gov.br/media/sapl/public/materialegislativa/2013/24130/24130_texto_integral.odt", "ementa": "Solicita limpeza e recupera\u00e7\u00e3o da boca-de-lobo na Rua Joa\u00e7aba, em frente ao n\u00ba 20, Bairro S\u00e3o Jos\u00e9."}, {"id": 24131, "ano": 2013, "numero": 2533, "tipo__sigla": "IND", "tipo__descricao": "Indica\u00e7\u00e3o/Pedido de Provid\u00eancias", "autoria__autor__nome": "Gerson Peteffi", "texto_original": "https://sapl.camaranh.rs.gov.br/media/sapl/public/materialegislativa/2013/24131/24131_texto_integral.odt", "ementa": "Solicita opera\u00e7\u00e3o tapa-buraco na Rua Saldanha da Gama, entre as Ruas Osvaldo Cruz e Boa Sa\u00fade, Bairro Primavera."}, {"id": 24135, "ano": 2013, "numero": 2534, "tipo__sigla": "IND", "tipo__descricao": "Indica\u00e7\u00e3o/Pedido de Provid\u00eancias", "autoria__autor__nome": "Roger Corr\u00eaa", "texto_original": "https://sapl.camaranh.rs.gov.br/media/sapl/public/materialegislativa/2013/24135/24135_texto_integral.odt", "ementa": "Solicita remo\u00e7\u00e3o de arbustos na cal\u00e7ada da Avenida Coronel Travassos, entre as Ruas Guia Lopes e Rond\u00f4nia,  no Bairro Boa Vista."}, {"id": 24136, "ano": 2013, "numero": 2535, "tipo__sigla": "IND", "tipo__descricao": "Indica\u00e7\u00e3o/Pedido de Provid\u00eancias", "autoria__autor__nome": "Roger Corr\u00eaa", "texto_original": "https://sapl.camaranh.rs.gov.br/media/sapl/public/materialegislativa/2013/24136/24136_texto_integral.odt", "ementa": "Solicita desentupimento de boca-de-lobo e limpeza de bueiros ao longo da Rua Libres, entre as Ruas Pedro Adams Filho e Augusto Pestana, Bairro Industrial."}, {"id": 24137, "ano": 2013, "numero": 2536, "tipo__sigla": "IND", "tipo__descricao": "Indica\u00e7\u00e3o/Pedido de Provid\u00eancias", "autoria__autor__nome": "Roger Corr\u00eaa", "texto_original": "https://sapl.camaranh.rs.gov.br/media/sapl/public/materialegislativa/2013/24137/24137_texto_integral.odt", "ementa": "Solicita retirada da placa de propaganda localizada na cal\u00e7ada da Rua \u00cdcaro,  n\u00ba 986, na esquina com a Rua Londres, Bairro Canudos."}, {"id": 24138, "ano": 2013, "numero": 2537, "tipo__sigla": "IND", "tipo__descricao": "Indica\u00e7\u00e3o/Pedido de Provid\u00eancias", "autoria__autor__nome": "Roger Corr\u00eaa", "texto_original": "https://sapl.camaranh.rs.gov.br/media/sapl/public/materialegislativa/2013/24138/24138_texto_integral.odt", "ementa": "Solicita recuo da parada de \u00f4nibus situada na Rua \u00cdcaro, ap\u00f3s o Posto BR, no Bairro Canudos."}, {"id": 24139, "ano": 2013, "numero": 2538, "tipo__sigla": "IND", "tipo__descricao": "Indica\u00e7\u00e3o/Pedido de Provid\u00eancias", "autoria__autor__nome": "Roger Corr\u00eaa", "texto_original": "https://sapl.camaranh.rs.gov.br/media/sapl/public/materialegislativa/2013/24139/24139_texto_integral.odt", "ementa": "Solicita conserto da boca-de-lobo na Rua Guaruj\u00e1, em frente ao n\u00ba 195, esquina com  a Av. Na\u00e7\u00f5es Unidas, Bairro Canudos."}, {"id": 24140, "ano": 2013, "numero": 2539, "tipo__sigla": "IND", "tipo__descricao": "Indica\u00e7\u00e3o/Pedido de Provid\u00eancias", "autoria__autor__nome": "Roger Corr\u00eaa", "texto_original": "https://sapl.camaranh.rs.gov.br/media/sapl/public/materialegislativa/2013/24140/24140_texto_integral.odt", "ementa": "Solicita conserto da boca-de-lobo na Rua Bananal, em frente ao n\u00ba 720, Canudos."}, {"id": 24141, "ano": 2013, "numero": 2540, "tipo__sigla": "IND", "tipo__descricao": "Indica\u00e7\u00e3o/Pedido de Provid\u00eancias", "autoria__autor__nome": "Semilda - Tita", "texto_original": "https://sapl.camaranh.rs.gov.br/media/sapl/public/materialegislativa/2013/24141/24141_texto_integral.odt", "ementa": "Solicita pavimenta\u00e7\u00e3o asf\u00e1ltica do trecho final da Rua Odon Cavalcanti, no Bairro Canudos."}, {"id": 24142, "ano": 2013, "numero": 2541, "tipo__sigla": "IND", "tipo__descricao": "Indica\u00e7\u00e3o/Pedido de Provid\u00eancias", "autoria__autor__nome": "Semilda - Tita", "texto_original": "https://sapl.camaranh.rs.gov.br/media/sapl/public/materialegislativa/2013/24142/24142_texto_integral.odt", "ementa": "Solicita estudo de viabilidade para mudan\u00e7a de trajeto  do \u00f4nibus da linha  Osvaldo Cruz."}, {"id": 24143, "ano": 2013, "numero": 2542, "tipo__sigla": "IND", "tipo__descricao": "Indica\u00e7\u00e3o/Pedido de Provid\u00eancias", "autoria__autor__nome": "Semilda - Tita", "texto_original": "https://sapl.camaranh.rs.gov.br/media/sapl/public/materialegislativa/2013/24143/24143_texto_integral.odt", "ementa": "Solicita conclus\u00e3o da canaliza\u00e7\u00e3o quanto ao esgoto \u00e0 c\u00e9u aberto do final da Rua Odon Cavalcanti, no trecho entre as Ruas Assis Brasil e Rio Grande do Sul, no Bairro Canudos."}, {"id": 24144, "ano": 2013, "numero": 2543, "tipo__sigla": "IND", "tipo__descricao": "Indica\u00e7\u00e3o/Pedido de Provid\u00eancias", "autoria__autor__nome": "Semilda - Tita", "texto_original": "https://sapl.camaranh.rs.gov.br/media/sapl/public/materialegislativa/2013/24144/24144_texto_integral.odt", "ementa": "Solicita estudo de viabilidade de implanta\u00e7\u00e3o de academia ao ar livre na pra\u00e7a da Rua Marc\u00edlio J. Pereira, Bairro Primavera."}, {"id": 24145, "ano": 2013, "numero": 2544, "tipo__sigla": "IND", "tipo__descricao": "Indica\u00e7\u00e3o/Pedido de Provid\u00eancias", "autoria__autor__nome": "Semilda - Tita", "texto_original": "https://sapl.camaranh.rs.gov.br/media/sapl/public/materialegislativa/2013/24145/24145_texto_integral.odt", "ementa": "Solicita estudo de viabilidade para coloca\u00e7\u00e3o de um redutor de velocidade na Rua Boa Sa\u00fade, pr\u00f3ximo a esquina com a Rua Saldanha da Gama, Bairro Primavera."}, {"id": 24147, "ano": 2013, "numero": 2545, "tipo__sigla": "IND", "tipo__descricao": "Indica\u00e7\u00e3o/Pedido de Provid\u00eancias", "autoria__autor__nome": "Semilda - Tita", "texto_original": "https://sapl.camaranh.rs.gov.br/media/sapl/public/materialegislativa/2013/24147/24147_texto_integral.odt", "ementa": "Solicita poda de tr\u00eas \u00e1rvores na Rua Presidente Lucena com a Rua Miguel Reinaldo Senger, pr\u00f3ximo ao n\u00ba 3487, Bairro Primavera. "}, {"id": 24148, "ano": 2013, "numero": 2546, "tipo__sigla": "IND", "tipo__descricao": "Indica\u00e7\u00e3o/Pedido de Provid\u00eancias", "autoria__autor__nome": "Luiz Fernando Farias", "texto_original": "https://sapl.camaranh.rs.gov.br/media/sapl/public/materialegislativa/2013/24148/24148_texto_integral.odt", "ementa": "Solicita opera\u00e7\u00e3o tapa-buracos na Avenida Pedro Adams Filho, no trecho entre as Ruas Lima e Avenida Primeiro de Mar\u00e7o."}, {"id": 24152, "ano": 2013, "numero": 2547, "tipo__sigla": "IND", "tipo__descricao": "Indica\u00e7\u00e3o/Pedido de Provid\u00eancias", "autoria__autor__nome": "Sergio Hanich", "texto_original": "https://sapl.camaranh.rs.gov.br/media/sapl/public/materialegislativa/2013/24152/24152_texto_integral.odt", "ementa": "Solicita coloca\u00e7\u00e3o de placa nominativa na Rua Ver. Carlos Em\u00edlio Kolling, esquina com a Rua Irm\u00e3 Lina, Bairro S\u00e3o Jorge."}, {"id": 24154, "ano": 2013, "numero": 2548, "tipo__sigla": "IND", "tipo__descricao": "Indica\u00e7\u00e3o/Pedido de Provid\u00eancias", "autoria__autor__nome": "Sergio Hanich", "texto_original": "https://sapl.camaranh.rs.gov.br/media/sapl/public/materialegislativa/2013/24154/24154_texto_integral.odt", "ementa": "Solicita estudo de viabilidade para coloca\u00e7\u00e3o de  quebra-molas na Rua Pedro Boll Filho, entre os n\u00bas 441 e 448, Bairro S\u00e3o Jorge."}, {"id": 24153, "ano": 2013, "numero": 2549, "tipo__sigla": "IND", "tipo__descricao": "Indica\u00e7\u00e3o/Pedido de Provid\u00eancias", "autoria__autor__nome": "Inspetor Luz", "texto_original": "https://sapl.camaranh.rs.gov.br/media/sapl/public/materialegislativa/2013/24153/24153_texto_integral.odt", "ementa": "Solicita opera\u00e7\u00e3o tapa-buracos em toda extens\u00e3o da Rua do Expedicion\u00e1rio, no Bairro S\u00e3o Jorge. "}, {"id": 24155, "ano": 2013, "numero": 2550, "tipo__sigla": "IND", "tipo__descricao": "Indica\u00e7\u00e3o/Pedido de Provid\u00eancias", "autoria__autor__nome": "Inspetor Luz", "texto_original": "https://sapl.camaranh.rs.gov.br/media/sapl/public/materialegislativa/2013/24155/24155_texto_integral.odt", "ementa": "Solicita conserto de buraco no entroncamento das Ruas Alfredo Streb e Jo\u00e3o Edmundo Streb, no Bairro S\u00e3o Jorge. "}, {"id": 24156, "ano": 2013, "numero": 2551, "tipo__sigla": "IND", "tipo__descricao": "Indica\u00e7\u00e3o/Pedido de Provid\u00eancias", "autoria__autor__nome": "Inspetor Luz", "texto_original": "https://sapl.camaranh.rs.gov.br/media/sapl/public/materialegislativa/2013/24156/24156_texto_integral.odt", "ementa": "Solicita capina e limpeza junto ao meio-fio, em toda extens\u00e3o da Rua do Expedicion\u00e1rio, no Bairro S\u00e3o Jorge. "}, {"id": 24160, "ano": 2013, "numero": 2552, "tipo__sigla": "IND", "tipo__descricao": "Indica\u00e7\u00e3o/Pedido de Provid\u00eancias", "autoria__autor__nome": "Cristiano Coller", "texto_original": "https://sapl.camaranh.rs.gov.br/media/sapl/public/materialegislativa/2013/24160/24160_texto_integral.odt", "ementa": "Solicita desentupimento de esgoto na Rua Santa Clara do Sul, Bairro Santo Afonso."}, {"id": 24165, "ano": 2013, "numero": 2553, "tipo__sigla": "IND", "tipo__descricao": "Indica\u00e7\u00e3o/Pedido de Provid\u00eancias", "autoria__autor__nome": "Gerson Peteffi", "texto_original": "https://sapl.camaranh.rs.gov.br/media/sapl/public/materialegislativa/2013/24165/24165_texto_integral.odt", "ementa": "Solicita recomposi\u00e7\u00e3o da pavimenta\u00e7\u00e3o na esquina da Rua Inglaterra,com a Rua Peru, Bairro Petr\u00f3polis."}, {"id": 24179, "ano": 2013, "numero": 2554, "tipo__sigla": "IND", "tipo__descricao": "Indica\u00e7\u00e3o/Pedido de Provid\u00eancias", "autoria__autor__nome": "Inspetor Luz", "texto_original": "https://sapl.camaranh.rs.gov.br/media/sapl/public/materialegislativa/2013/24179/24179_texto_integral.odt", "ementa": "Solicita intima\u00e7\u00e3o do propriet\u00e1rio para que proceda a limpeza de terreno baldio situado na Rua M\u00f4naco, ao lado do n\u00famero 208, Bairro Rinc\u00e3o."}, {"id": 24180, "ano": 2013, "numero": 2555, "tipo__sigla": "IND", "tipo__descricao": "Indica\u00e7\u00e3o/Pedido de Provid\u00eancias", "autoria__autor__nome": "Inspetor Luz", "texto_original": "https://sapl.camaranh.rs.gov.br/media/sapl/public/materialegislativa/2013/24180/24180_texto_integral.odt", "ementa": "Solicita poda de \u00e1rvore em frente ao n\u00ba 104, da Rua Seival, Bairro Oper\u00e1rio."}, {"id": 24181, "ano": 2013, "numero": 2556, "tipo__sigla": "IND", "tipo__descricao": "Indica\u00e7\u00e3o/Pedido de Provid\u00eancias", "autoria__autor__nome": "Inspetor Luz", "texto_original": "https://sapl.camaranh.rs.gov.br/media/sapl/public/materialegislativa/2013/24181/24181_texto_integral.odt", "ementa": "Solicita poda de \u00e1rvore em frente ao n\u00ba 171, da Rua Ar\u00e1bia, Bairro Rinc\u00e3o."}, {"id": 24182, "ano": 2013, "numero": 2557, "tipo__sigla": "IND", "tipo__descricao": "Indica\u00e7\u00e3o/Pedido de Provid\u00eancias", "autoria__autor__nome": "Inspetor Luz", "texto_original": "https://sapl.camaranh.rs.gov.br/media/sapl/public/materialegislativa/2013/24182/24182_texto_integral.odt", "ementa": "Solicita revitaliza\u00e7\u00e3o da pintura das faixas de seguran\u00e7a, no entroncamento entre as Ruas Avar\u00e9 e Bar\u00e3o de Rio Branco, Bairro Oper\u00e1rio."}, {"id": 24183, "ano": 2013, "numero": 2558, "tipo__sigla": "IND", "tipo__descricao": "Indica\u00e7\u00e3o/Pedido de Provid\u00eancias", "autoria__autor__nome": "Inspetor Luz", "texto_original": "https://sapl.camaranh.rs.gov.br/media/sapl/public/materialegislativa/2013/24183/24183_texto_integral.odt", "ementa": "Solicita melhorias na rede de ilumina\u00e7\u00e3o p\u00fablica da Rua Barros Cassal, Bairro Oper\u00e1rio."}, {"id": 24184, "ano": 2013, "numero": 2559, "tipo__sigla": "IND", "tipo__descricao": "Indica\u00e7\u00e3o/Pedido de Provid\u00eancias", "autoria__autor__nome": "Sergio Hanich", "texto_original": "https://sapl.camaranh.rs.gov.br/media/sapl/public/materialegislativa/2013/24184/24184_texto_integral.odt", "ementa": "Solicita opera\u00e7\u00e3o tapa-buracos na Rua Itatinga, esquina com a Rua Amarante, Bairro Liberdade."}, {"id": 24185, "ano": 2013, "numero": 2560, "tipo__sigla": "IND", "tipo__descricao": "Indica\u00e7\u00e3o/Pedido de Provid\u00eancias", "autoria__autor__nome": "Sergio Hanich", "texto_original": "https://sapl.camaranh.rs.gov.br/media/sapl/public/materialegislativa/2013/24185/24185_texto_integral.odt", "ementa": "Solicita opera\u00e7\u00e3o tapa-buracos na Rua Paris, em frente ao n\u00ba 514, Bairro Canudos."}, {"id": 24186, "ano": 2013, "numero": 2561, "tipo__sigla": "IND", "tipo__descricao": "Indica\u00e7\u00e3o/Pedido de Provid\u00eancias", "autoria__autor__nome": "Roger Corr\u00eaa", "texto_original": "https://sapl.camaranh.rs.gov.br/media/sapl/public/materialegislativa/2013/24186/24186_texto_integral.odt", "ementa": "Solicita desentupimento de boca-de-lobo e limpeza de bueiros na Rua da Fazenda, nas imedia\u00e7\u00f5es do n\u00ba 66, Bairro Santo Afonso."}, {"id": 24189, "ano": 2013, "numero": 2562, "tipo__sigla": "IND", "tipo__descricao": "Indica\u00e7\u00e3o/Pedido de Provid\u00eancias", "autoria__autor__nome": "Patr\u00edcia Beck", "texto_original": "https://sapl.camaranh.rs.gov.br/media/sapl/public/materialegislativa/2013/24189/24189_texto_integral.odt", "ementa": "Solicita conserto da pista da Av. Na\u00e7\u00f5es Unidas, entre as Ruas Cristov\u00e3o Colombo e Caxias do Sul, Vila Rosa."}, {"id": 24190, "ano": 2013, "numero": 2563, "tipo__sigla": "IND", "tipo__descricao": "Indica\u00e7\u00e3o/Pedido de Provid\u00eancias", "autoria__autor__nome": "Patr\u00edcia Beck", "texto_original": "https://sapl.camaranh.rs.gov.br/media/sapl/public/materialegislativa/2013/24190/24190_texto_integral.odt", "ementa": "Solicita limpeza e recupera\u00e7\u00e3o da boca-de-lobo na Avenida Pedro Adams Filho, esquina com a Rua 15 de Novembro, Bairro Oper\u00e1rio."}, {"id": 24191, "ano": 2013, "numero": 2564, "tipo__sigla": "IND", "tipo__descricao": "Indica\u00e7\u00e3o/Pedido de Provid\u00eancias", "autoria__autor__nome": "Patr\u00edcia Beck", "texto_original": "https://sapl.camaranh.rs.gov.br/media/sapl/public/materialegislativa/2013/24191/24191_texto_integral.odt", "ementa": "Solicita patrolamento e coloca\u00e7\u00e3o de britas na Rua Constru\u00e7\u00e3o, entre as Ruas Concei\u00e7\u00e3o e Punta Arenas, Santo Afonso."}, {"id": 24192, "ano": 2013, "numero": 2565, "tipo__sigla": "IND", "tipo__descricao": "Indica\u00e7\u00e3o/Pedido de Provid\u00eancias", "autoria__autor__nome": "Cristiano Coller", "texto_original": "https://sapl.camaranh.rs.gov.br/media/sapl/public/materialegislativa/2013/24192/24192_texto_integral.odt", "ementa": "Solicita desentupimento de esgoto na Rua Ant\u00f4nio Augusto de Lima, Bairro Oper\u00e1rio."}, {"id": 24193, "ano": 2013, "numero": 2566, "tipo__sigla": "IND", "tipo__descricao": "Indica\u00e7\u00e3o/Pedido de Provid\u00eancias", "autoria__autor__nome": "Cristiano Coller", "texto_original": "https://sapl.camaranh.rs.gov.br/media/sapl/public/materialegislativa/2013/24193/24193_texto_integral.odt", "ementa": "Solicita coloca\u00e7\u00e3o de meio-fio na Rua Pau Brasil Bairro Ideal."}, {"id": 24194, "ano": 2013, "numero": 2567, "tipo__sigla": "IND", "tipo__descricao": "Indica\u00e7\u00e3o/Pedido de Provid\u00eancias", "autoria__autor__nome": "Cristiano Coller", "texto_original": "https://sapl.camaranh.rs.gov.br/media/sapl/public/materialegislativa/2013/24194/24194_texto_integral.odt", "ementa": "Solicita instala\u00e7\u00e3o de aparelhos de \"academia ao ar livre\" na Associa\u00e7\u00e3o de Moradores do Bairro Ideal."}, {"id": 24195, "ano": 2013, "numero": 2568, "tipo__sigla": "IND", "tipo__descricao": "Indica\u00e7\u00e3o/Pedido de Provid\u00eancias", "autoria__autor__nome": "Cristiano Coller", "texto_original": "https://sapl.camaranh.rs.gov.br/media/sapl/public/materialegislativa/2013/24195/24195_texto_integral.odt", "ementa": "Solicita opera\u00e7\u00e3o tapa-buracos na Rua Pau Brasil, Bairro Ideal."}, {"id": 24196, "ano": 2013, "numero": 2569, "tipo__sigla": "IND", "tipo__descricao": "Indica\u00e7\u00e3o/Pedido de Provid\u00eancias", "autoria__autor__nome": "Cristiano Coller", "texto_original": "https://sapl.camaranh.rs.gov.br/media/sapl/public/materialegislativa/2013/24196/24196_texto_integral.odt", "ementa": "Solicita pintura de faixa seguran\u00e7a na Rua Pinheiro Machado, Bairro Industrial."}, {"id": 24197, "ano": 2013, "numero": 2570, "tipo__sigla": "IND", "tipo__descricao": "Indica\u00e7\u00e3o/Pedido de Provid\u00eancias", "autoria__autor__nome": "Cristiano Coller", "texto_original": "https://sapl.camaranh.rs.gov.br/media/sapl/public/materialegislativa/2013/24197/24197_texto_integral.odt", "ementa": "Solicita coloca\u00e7\u00e3o de placa indicativa \"Proibido Estacionar\" e de \"Permitido Estacionar\" na Avenida Pedro Adams Filho, Bairro Industrial."}, {"id": 24198, "ano": 2013, "numero": 2571, "tipo__sigla": "IND", "tipo__descricao": "Indica\u00e7\u00e3o/Pedido de Provid\u00eancias", "autoria__autor__nome": "Cristiano Coller", "texto_original": "https://sapl.camaranh.rs.gov.br/media/sapl/public/materialegislativa/2013/24198/24198_texto_integral.odt", "ementa": "Solicita melhorias da sinaliza\u00e7\u00e3o de tr\u00e2nsito no cruzamento das Ruas Alemanha e Fran\u00e7a, Bairro Rinc\u00e3o."}, {"id": 24199, "ano": 2013, "numero": 2572, "tipo__sigla": "IND", "tipo__descricao": "Indica\u00e7\u00e3o/Pedido de Provid\u00eancias", "autoria__autor__nome": "Cristiano Coller", "texto_original": "https://sapl.camaranh.rs.gov.br/media/sapl/public/materialegislativa/2013/24199/24199_texto_integral.odt", "ementa": "Solicita patrolamento e britagem na Rua Inga Feij\u00e3o, no loteamento Coopserv, no Bairro Lomba Grande."}, {"id": 24200, "ano": 2013, "numero": 2573, "tipo__sigla": "IND", "tipo__descricao": "Indica\u00e7\u00e3o/Pedido de Provid\u00eancias", "autoria__autor__nome": "Raul Cassel", "texto_original": "https://sapl.camaranh.rs.gov.br/media/sapl/public/materialegislativa/2013/24200/24200_texto_integral.odt", "ementa": "Solicita estudo com poss\u00edvel coloca\u00e7\u00e3o de sem\u00e1foro no cruzamento da Rua Caramuru com Av. 1\u00ba de Mar\u00e7o"}, {"id": 24202, "ano": 2013, "numero": 2574, "tipo__sigla": "IND", "tipo__descricao": "Indica\u00e7\u00e3o/Pedido de Provid\u00eancias", "autoria__autor__nome": "Cristiano Coller", "texto_original": "https://sapl.camaranh.rs.gov.br/media/sapl/public/materialegislativa/2013/24202/24202_texto_integral.odt", "ementa": "Solicita pintura de faixa de seguran\u00e7a na Rua Guia Lopes, pr\u00f3ximo ao n\u00ba 1435, Bairro Santo Afonso."}, {"id": 24204, "ano": 2013, "numero": 2575, "tipo__sigla": "IND", "tipo__descricao": "Indica\u00e7\u00e3o/Pedido de Provid\u00eancias", "autoria__autor__nome": "Sergio Hanich", "texto_original": "https://sapl.camaranh.rs.gov.br/media/sapl/public/materialegislativa/2013/24204/24204_texto_integral.odt", "ementa": "Solicita opera\u00e7\u00e3o tapa-buracos na Rua Bento Gon\u00e7alves n\u00ba 2546, esquina com Rua Lima e Silva, Bairro Centro."}, {"id": 24205, "ano": 2013, "numero": 2576, "tipo__sigla": "IND", "tipo__descricao": "Indica\u00e7\u00e3o/Pedido de Provid\u00eancias", "autoria__autor__nome": "Semilda - Tita", "texto_original": "https://sapl.camaranh.rs.gov.br/media/sapl/public/materialegislativa/2013/24205/24205_texto_integral.odt", "ementa": "Solicita  vistoria e conserto de rede pluvial na Rua Epit\u00e1cio dos Santos, no trecho do n\u00ba 180 at\u00e9 o n\u00ba 15, Bairro Primavera."}, {"id": 24206, "ano": 2013, "numero": 2577, "tipo__sigla": "IND", "tipo__descricao": "Indica\u00e7\u00e3o/Pedido de Provid\u00eancias", "autoria__autor__nome": "Semilda - Tita", "texto_original": "https://sapl.camaranh.rs.gov.br/media/sapl/public/materialegislativa/2013/24206/24206_texto_integral.odt", "ementa": "Solicita remo\u00e7\u00e3o de \u00e1rvore na pra\u00e7a Darci Venturini,  pr\u00f3ximo ao n\u00ba 261, da Rua Duque Estrada, Bairro Primavera."}, {"id": 24207, "ano": 2013, "numero": 2578, "tipo__sigla": "IND", "tipo__descricao": "Indica\u00e7\u00e3o/Pedido de Provid\u00eancias", "autoria__autor__nome": "Semilda - Tita", "texto_original": "https://sapl.camaranh.rs.gov.br/media/sapl/public/materialegislativa/2013/24207/24207_texto_integral.odt", "ementa": "Solicita constru\u00e7\u00e3o de ref\u00fagio para pedestres e instala\u00e7\u00e3o de sem\u00e1foro inteligente na faixa de seguran\u00e7a da Rua Jos\u00e9 do Patroc\u00ednio, pr\u00f3ximo ao viaduto sobre a BR-116,   Bairro Primavera."}, {"id": 24208, "ano": 2013, "numero": 2579, "tipo__sigla": "IND", "tipo__descricao": "Indica\u00e7\u00e3o/Pedido de Provid\u00eancias", "autoria__autor__nome": "Enfermeiro Vilmar", "texto_original": "https://sapl.camaranh.rs.gov.br/media/sapl/public/materialegislativa/2013/24208/24208_texto_integral.odt", "ementa": "Solicita com urg\u00eancia a troca do poste de ilumina\u00e7\u00e3o p\u00fablica na Travessa Pereira Braz, em frente ao n\u00ba 24, no Bairro Canudos."}, {"id": 24209, "ano": 2013, "numero": 2580, "tipo__sigla": "IND", "tipo__descricao": "Indica\u00e7\u00e3o/Pedido de Provid\u00eancias", "autoria__autor__nome": "Professor Issur Koch", "texto_original": "https://sapl.camaranh.rs.gov.br/media/sapl/public/materialegislativa/2013/24209/24209_texto_integral.odt", "ementa": "Reitera, com urg\u00eancia, o pedido de limpeza no leito do Arroio Luiz Rau em toda sua extens\u00e3o."}, {"id": 24210, "ano": 2013, "numero": 2581, "tipo__sigla": "IND", "tipo__descricao": "Indica\u00e7\u00e3o/Pedido de Provid\u00eancias", "autoria__autor__nome": "Professor Issur Koch", "texto_original": "https://sapl.camaranh.rs.gov.br/media/sapl/public/materialegislativa/2013/24210/24210_texto_integral.odt", "ementa": "Solicita poda de \u00e1rvores na Rua Volunt\u00e1rios da P\u00e1tria,  ao lado do n\u00famero 614, no Bairro P\u00e1tria Nova."}, {"id": 24212, "ano": 2013, "numero": 2582, "tipo__sigla": "IND", "tipo__descricao": "Indica\u00e7\u00e3o/Pedido de Provid\u00eancias", "autoria__autor__nome": "Professor Issur Koch", "texto_original": "https://sapl.camaranh.rs.gov.br/media/sapl/public/materialegislativa/2013/24212/24212_texto_integral.odt", "ementa": "Solicita intima\u00e7\u00e3o, urgente, do propriet\u00e1rio do terreno localizado na Rua 03 de Outubro, esquina com a Rua Volunt\u00e1rios da P\u00e1tria, Bairro P\u00e1tria Nova, para que seja feita a limpeza e o cercamento do local."}, {"id": 24213, "ano": 2013, "numero": 2583, "tipo__sigla": "IND", "tipo__descricao": "Indica\u00e7\u00e3o/Pedido de Provid\u00eancias", "autoria__autor__nome": "Professor Issur Koch", "texto_original": "https://sapl.camaranh.rs.gov.br/media/sapl/public/materialegislativa/2013/24213/24213_texto_integral.odt", "ementa": "Solicita poda de \u00e1rvores na Rua Ira\u00ed, no Bairro Guarani."}, {"id": 24214, "ano": 2013, "numero": 2584, "tipo__sigla": "IND", "tipo__descricao": "Indica\u00e7\u00e3o/Pedido de Provid\u00eancias", "autoria__autor__nome": "Professor Issur Koch", "texto_original": "https://sapl.camaranh.rs.gov.br/media/sapl/public/materialegislativa/2013/24214/24214_texto_integral.odt", "ementa": "Solicita opera\u00e7\u00e3o tapa-buracos na Rua Almirante Barroso, esquina com a Rua Domingos de Almeida, no Bairro Centro."}, {"id": 24222, "ano": 2013, "numero": 2585, "tipo__sigla": "IND", "tipo__descricao": "Indica\u00e7\u00e3o/Pedido de Provid\u00eancias", "autoria__autor__nome": "Patr\u00edcia Beck", "texto_original": "https://sapl.camaranh.rs.gov.br/media/sapl/public/materialegislativa/2013/24222/24222_texto_integral.odt", "ementa": "Solicita a constru\u00e7\u00e3o de um quebra-molas na Rua Londres, esquina com Rua Col\u00fambia, Bairro Canudos."}, {"id": 24225, "ano": 2013, "numero": 2586, "tipo__sigla": "IND", "tipo__descricao": "Indica\u00e7\u00e3o/Pedido de Provid\u00eancias", "autoria__autor__nome": "Patr\u00edcia Beck", "texto_original": "https://sapl.camaranh.rs.gov.br/media/sapl/public/materialegislativa/2013/24225/24225_texto_integral.odt", "ementa": "Solicita limpeza do terreno na esquina da Rua General Daltro Filho com Bar\u00e3o de Santo \u00c2ngelo, e provid\u00eancias quanto ao pr\u00e9dio constru\u00eddo nesse terreno que est\u00e1 a ponto de desabar, no Bairro Hamburgo Velho."}, {"id": 24226, "ano": 2013, "numero": 2587, "tipo__sigla": "IND", "tipo__descricao": "Indica\u00e7\u00e3o/Pedido de Provid\u00eancias", "autoria__autor__nome": "Patr\u00edcia Beck", "texto_original": "https://sapl.camaranh.rs.gov.br/media/sapl/public/materialegislativa/2013/24226/24226_texto_integral.odt", "ementa": "Solicita conserto de buraco no passeio p\u00fablico e na pista da Rua S\u00e3o Luiz Gonzaga, em frente ao n\u00ba 1082, Vila Nova."}, {"id": 24227, "ano": 2013, "numero": 2588, "tipo__sigla": "IND", "tipo__descricao": "Indica\u00e7\u00e3o/Pedido de Provid\u00eancias", "autoria__autor__nome": "Patr\u00edcia Beck", "texto_original": "https://sapl.camaranh.rs.gov.br/media/sapl/public/materialegislativa/2013/24227/24227_texto_integral.odt", "ementa": "Solicita opera\u00e7\u00e3o tapa-buracos na Rua S\u00e3o Luiz Gonzaga, em frente ao n\u00ba 1082, Vila Nova."}, {"id": 24228, "ano": 2013, "numero": 2589, "tipo__sigla": "IND", "tipo__descricao": "Indica\u00e7\u00e3o/Pedido de Provid\u00eancias", "autoria__autor__nome": "Patr\u00edcia Beck", "texto_original": "https://sapl.camaranh.rs.gov.br/media/sapl/public/materialegislativa/2013/24228/24228_texto_integral.odt", "ementa": "Solicita limpeza e conserto da boca-de-lobo na Rua Timba\u00fava, esquina com a Rua Ip\u00ea, Bairro Liberdade."}, {"id": 24229, "ano": 2013, "numero": 2590, "tipo__sigla": "IND", "tipo__descricao": "Indica\u00e7\u00e3o/Pedido de Provid\u00eancias", "autoria__autor__nome": "Patr\u00edcia Beck", "texto_original": "https://sapl.camaranh.rs.gov.br/media/sapl/public/materialegislativa/2013/24229/24229_texto_integral.odt", "ementa": "Solicita limpeza e conserto da boca-de- lobo na Rua Floren\u00e7a, esquina com a Rua \u00cdcaro,  Canudos."}, {"id": 24230, "ano": 2013, "numero": 2591, "tipo__sigla": "IND", "tipo__descricao": "Indica\u00e7\u00e3o/Pedido de Provid\u00eancias", "autoria__autor__nome": "Antonio Lucas", "texto_original": "https://sapl.camaranh.rs.gov.br/media/sapl/public/materialegislativa/2013/24230/24230_texto_integral.odt", "ementa": "Solicita limpeza em toda a extens\u00e3o do Arroio Pampa, desde a RS-239, Bairro S\u00e3o Jorge. "}, {"id": 24231, "ano": 2013, "numero": 2592, "tipo__sigla": "IND", "tipo__descricao": "Indica\u00e7\u00e3o/Pedido de Provid\u00eancias", "autoria__autor__nome": "Inspetor Luz", "texto_original": "https://sapl.camaranh.rs.gov.br/media/sapl/public/materialegislativa/2013/24231/24231_texto_integral.odt", "ementa": "Solicita capina e limpeza junto ao meio-fio em toda extens\u00e3o da Rua Viena, no Bairro Canudos."}, {"id": 24232, "ano": 2013, "numero": 2593, "tipo__sigla": "IND", "tipo__descricao": "Indica\u00e7\u00e3o/Pedido de Provid\u00eancias", "autoria__autor__nome": "Inspetor Luz", "texto_original": "https://sapl.camaranh.rs.gov.br/media/sapl/public/materialegislativa/2013/24232/24232_texto_integral.odt", "ementa": "Solicita capina e limpeza junto ao meio-fio em toda extens\u00e3o da Rua Darci Ventorini, no Bairro Canudos."}, {"id": 24233, "ano": 2013, "numero": 2594, "tipo__sigla": "IND", "tipo__descricao": "Indica\u00e7\u00e3o/Pedido de Provid\u00eancias", "autoria__autor__nome": "Inspetor Luz", "texto_original": "https://sapl.camaranh.rs.gov.br/media/sapl/public/materialegislativa/2013/24233/24233_texto_integral.odt", "ementa": "Solicita capina e limpeza junto ao meio-fio em toda extens\u00e3o da Rua Athanasio Becker, no Bairro Canudos.  "}, {"id": 24234, "ano": 2013, "numero": 2595, "tipo__sigla": "IND", "tipo__descricao": "Indica\u00e7\u00e3o/Pedido de Provid\u00eancias", "autoria__autor__nome": "Inspetor Luz", "texto_original": "https://sapl.camaranh.rs.gov.br/media/sapl/public/materialegislativa/2013/24234/24234_texto_integral.odt", "ementa": "Solicita conserto de buraco em frente ao n\u00ba 390, da Rua Vereador Oscar Horn, no Bairro Canudos. "}, {"id": 24236, "ano": 2013, "numero": 2596, "tipo__sigla": "IND", "tipo__descricao": "Indica\u00e7\u00e3o/Pedido de Provid\u00eancias", "autoria__autor__nome": "Inspetor Luz", "texto_original": "https://sapl.camaranh.rs.gov.br/media/sapl/public/materialegislativa/2013/24236/24236_texto_integral.odt", "ementa": "Solicita asfaltamento da Rua Viena, no Bairro Canudos. "}, {"id": 24238, "ano": 2013, "numero": 2597, "tipo__sigla": "IND", "tipo__descricao": "Indica\u00e7\u00e3o/Pedido de Provid\u00eancias", "autoria__autor__nome": "Inspetor Luz", "texto_original": "https://sapl.camaranh.rs.gov.br/media/sapl/public/materialegislativa/2013/24238/24238_texto_integral.odt", "ementa": "Solicita recomposi\u00e7\u00e3o asf\u00e1ltica de buracos e irregularidades em frente ao n\u00ba 99, da Rua Athanasio Becker, no Bairro Canudos. "}, {"id": 24239, "ano": 2013, "numero": 2598, "tipo__sigla": "IND", "tipo__descricao": "Indica\u00e7\u00e3o/Pedido de Provid\u00eancias", "autoria__autor__nome": "Inspetor Luz", "texto_original": "https://sapl.camaranh.rs.gov.br/media/sapl/public/materialegislativa/2013/24239/24239_texto_integral.odt", "ementa": "Solicita recomposi\u00e7\u00e3o asf\u00e1ltica de buracos e irregularidades no entroncamento das Ruas Vereador Oscar Horn e Nicolae Vasilescu, no Bairro Canudos."}, {"id": 24242, "ano": 2013, "numero": 2599, "tipo__sigla": "IND", "tipo__descricao": "Indica\u00e7\u00e3o/Pedido de Provid\u00eancias", "autoria__autor__nome": "JorgeTatsch", "texto_original": "https://sapl.camaranh.rs.gov.br/media/sapl/public/materialegislativa/2013/24242/24242_texto_integral.odt", "ementa": "Solicita revitaliza\u00e7\u00e3o da pintura do redutor de velocidade da Rua Eldorado, em frente ao n\u00ba 1301, Bairro Santo Afonso."}, {"id": 24243, "ano": 2013, "numero": 2600, "tipo__sigla": "IND", "tipo__descricao": "Indica\u00e7\u00e3o/Pedido de Provid\u00eancias", "autoria__autor__nome": "JorgeTatsch", "texto_original": "https://sapl.camaranh.rs.gov.br/media/sapl/public/materialegislativa/2013/24243/24243_texto_integral.odt", "ementa": "Solicita pintura de faixa de seguran\u00e7a na Rua Jo\u00e3o Alu\u00edsio Allgayer, pr\u00f3ximo ao n\u00ba 1971, Bairro Lomba Grande."}, {"id": 24244, "ano": 2013, "numero": 2601, "tipo__sigla": "IND", "tipo__descricao": "Indica\u00e7\u00e3o/Pedido de Provid\u00eancias", "autoria__autor__nome": "JorgeTatsch", "texto_original": "https://sapl.camaranh.rs.gov.br/media/sapl/public/materialegislativa/2013/24244/24244_texto_integral.odt", "ementa": "Solicita pintura de faixa de seguran\u00e7a na Rua Guia Lopes, pr\u00f3ximo ao n\u00ba 1532, Bairro Santo Afonso."}, {"id": 24245, "ano": 2013, "numero": 2602, "tipo__sigla": "IND", "tipo__descricao": "Indica\u00e7\u00e3o/Pedido de Provid\u00eancias", "autoria__autor__nome": "JorgeTatsch", "texto_original": "https://sapl.camaranh.rs.gov.br/media/sapl/public/materialegislativa/2013/24245/24245_texto_integral.odt", "ementa": "Solicita opera\u00e7\u00e3o tapa-buracos na Rua Minas Gerais, no trecho pr\u00f3ximo ao  n\u00ba 402, Bairro Rond\u00f4nia."}, {"id": 24246, "ano": 2013, "numero": 2603, "tipo__sigla": "IND", "tipo__descricao": "Indica\u00e7\u00e3o/Pedido de Provid\u00eancias", "autoria__autor__nome": "JorgeTatsch", "texto_original": "https://sapl.camaranh.rs.gov.br/media/sapl/public/materialegislativa/2013/24246/24246_texto_integral.odt", "ementa": "Solicita opera\u00e7\u00e3o tapa-buracos na Rua La Paz, no trecho pr\u00f3ximo ao  n\u00ba 74, Bairro Santo Afonso."}, {"id": 24247, "ano": 2013, "numero": 2604, "tipo__sigla": "IND", "tipo__descricao": "Indica\u00e7\u00e3o/Pedido de Provid\u00eancias", "autoria__autor__nome": "JorgeTatsch", "texto_original": "https://sapl.camaranh.rs.gov.br/media/sapl/public/materialegislativa/2013/24247/24247_texto_integral.odt", "ementa": "Solicita opera\u00e7\u00e3o tapa-buracos na Rua Gal. C\u00e2ndido M. da S. Rondon, no trecho pr\u00f3ximo ao  n\u00ba 421, Bairro Rond\u00f4nia."}, {"id": 24248, "ano": 2013, "numero": 2605, "tipo__sigla": "IND", "tipo__descricao": "Indica\u00e7\u00e3o/Pedido de Provid\u00eancias", "autoria__autor__nome": "JorgeTatsch", "texto_original": "https://sapl.camaranh.rs.gov.br/media/sapl/public/materialegislativa/2013/24248/24248_texto_integral.odt", "ementa": "Solicita opera\u00e7\u00e3o tapa-buracos na r\u00f3tula entre a Avenida Pedro Adams Filho e a Rua Alvear, Bairro Santo Afonso."}, {"id": 24249, "ano": 2013, "numero": 2606, "tipo__sigla": "IND", "tipo__descricao": "Indica\u00e7\u00e3o/Pedido de Provid\u00eancias", "autoria__autor__nome": "JorgeTatsch", "texto_original": "https://sapl.camaranh.rs.gov.br/media/sapl/public/materialegislativa/2013/24249/24249_texto_integral.odt", "ementa": "Solicita opera\u00e7\u00e3o tapa-buracos na Av. Pedro Adams Filho, no trecho pr\u00f3ximo ao n\u00ba 520, Bairro Santo Afonso."}, {"id": 24250, "ano": 2013, "numero": 2607, "tipo__sigla": "IND", "tipo__descricao": "Indica\u00e7\u00e3o/Pedido de Provid\u00eancias", "autoria__autor__nome": "Enfermeiro Vilmar", "texto_original": "https://sapl.camaranh.rs.gov.br/media/sapl/public/materialegislativa/2013/24250/24250_texto_integral.odt", "ementa": "Solicita desentupimento de boca-de-lobo na Rua Oslo, em frente ao n\u00famero 10, no Bairro Canudos."}, {"id": 24251, "ano": 2013, "numero": 2608, "tipo__sigla": "IND", "tipo__descricao": "Indica\u00e7\u00e3o/Pedido de Provid\u00eancias", "autoria__autor__nome": "Enfermeiro Vilmar", "texto_original": "https://sapl.camaranh.rs.gov.br/media/sapl/public/materialegislativa/2013/24251/24251_texto_integral.odt", "ementa": "Solicita desentupimento de todas as bocas-de-lobo na extens\u00e3o da Rua \u00cdcaro, no Bairro Canudos."}, {"id": 24252, "ano": 2013, "numero": 2609, "tipo__sigla": "IND", "tipo__descricao": "Indica\u00e7\u00e3o/Pedido de Provid\u00eancias", "autoria__autor__nome": "Enfermeiro Vilmar", "texto_original": "https://sapl.camaranh.rs.gov.br/media/sapl/public/materialegislativa/2013/24252/24252_texto_integral.odt", "ementa": "Solicita desentupimento de todas as bocas-de-lobo na extens\u00e3o da Rua Bruno Werner Stork, no Bairro Canudos."}, {"id": 24253, "ano": 2013, "numero": 2610, "tipo__sigla": "IND", "tipo__descricao": "Indica\u00e7\u00e3o/Pedido de Provid\u00eancias", "autoria__autor__nome": "Enfermeiro Vilmar", "texto_original": "https://sapl.camaranh.rs.gov.br/media/sapl/public/materialegislativa/2013/24253/24253_texto_integral.odt", "ementa": "Solicita com urg\u00eancia m\u00e1xima, a coloca\u00e7\u00e3o de um quebra-mola na Rua \u00cdcaro, nas proximidades do n\u00ba 719, no Bairro Canudos. "}, {"id": 24255, "ano": 2013, "numero": 2611, "tipo__sigla": "IND", "tipo__descricao": "Indica\u00e7\u00e3o/Pedido de Provid\u00eancias", "autoria__autor__nome": "Naasom Luciano", "texto_original": "https://sapl.camaranh.rs.gov.br/media/sapl/public/materialegislativa/2013/24255/24255_texto_integral.odt", "ementa": "Solicita coloca\u00e7\u00e3o de quebra-molas na Rua Ver. Oscar Horn, esquina com Rua Col\u00fambia, Bairro Canudos."}, {"id": 24256, "ano": 2013, "numero": 2612, "tipo__sigla": "IND", "tipo__descricao": "Indica\u00e7\u00e3o/Pedido de Provid\u00eancias", "autoria__autor__nome": "Naasom Luciano", "texto_original": "https://sapl.camaranh.rs.gov.br/media/sapl/public/materialegislativa/2013/24256/24256_texto_integral.odt", "ementa": "Solicita coloca\u00e7\u00e3o de quebra-molas na Av. Pedro Adams Filho, em frente a Par\u00f3quia Sagrado Cora\u00e7\u00e3o de Jesus, Bairro Santo Afonso."}, {"id": 24258, "ano": 2013, "numero": 2613, "tipo__sigla": "IND", "tipo__descricao": "Indica\u00e7\u00e3o/Pedido de Provid\u00eancias", "autoria__autor__nome": "Sergio Hanich", "texto_original": "https://sapl.camaranh.rs.gov.br/media/sapl/public/materialegislativa/2013/24258/24258_texto_integral.odt", "ementa": "Solicita concord\u00e2ncia de asfalto junto ao meio- fio na Av. Pedro Adams Filho, em frente ao n\u00ba 750, Bairro Santo Afonso."}, {"id": 24259, "ano": 2013, "numero": 2614, "tipo__sigla": "IND", "tipo__descricao": "Indica\u00e7\u00e3o/Pedido de Provid\u00eancias", "autoria__autor__nome": "Sergio Hanich", "texto_original": "https://sapl.camaranh.rs.gov.br/media/sapl/public/materialegislativa/2013/24259/24259_texto_integral.odt", "ementa": "Solicita revitaliza\u00e7\u00e3o da pintura do quebra-molas na Av. Coronel Travassos, nas proximidades do n\u00ba 1069, Bairro Ouro Branco. "}, {"id": 24260, "ano": 2013, "numero": 2615, "tipo__sigla": "IND", "tipo__descricao": "Indica\u00e7\u00e3o/Pedido de Provid\u00eancias", "autoria__autor__nome": "Sergio Hanich", "texto_original": "https://sapl.camaranh.rs.gov.br/media/sapl/public/materialegislativa/2013/24260/24260_texto_integral.odt", "ementa": "Solicita coloca\u00e7\u00e3o de meio-fio BL na boca-de-lobo da Av. Coronel Travassos, localizada no trecho entre o n\u00ba 250 e a Rua Onofre Pires, Bairro Ouro Branco."}, {"id": 24261, "ano": 2013, "numero": 2616, "tipo__sigla": "IND", "tipo__descricao": "Indica\u00e7\u00e3o/Pedido de Provid\u00eancias", "autoria__autor__nome": "Sergio Hanich", "texto_original": "https://sapl.camaranh.rs.gov.br/media/sapl/public/materialegislativa/2013/24261/24261_texto_integral.odt", "ementa": "Solicita revitaliza\u00e7\u00e3o da pintura da faixa de seguran\u00e7a em ambos os lados da Av. Pedro Adams Filho, esquina com a Rua Lima, Bairro Industrial."}, {"id": 24262, "ano": 2013, "numero": 2617, "tipo__sigla": "IND", "tipo__descricao": "Indica\u00e7\u00e3o/Pedido de Provid\u00eancias", "autoria__autor__nome": "Sergio Hanich", "texto_original": "https://sapl.camaranh.rs.gov.br/media/sapl/public/materialegislativa/2013/24262/24262_texto_integral.odt", "ementa": "Solicita remo\u00e7\u00e3o de \u00e1rvore do passeio p\u00fablico na Remi Henrique M\u00fcller, em frente ao n\u00ba 310, Bairro Hamburgo Velho."}, {"id": 24264, "ano": 2013, "numero": 2618, "tipo__sigla": "IND", "tipo__descricao": "Indica\u00e7\u00e3o/Pedido de Provid\u00eancias", "autoria__autor__nome": "Sergio Hanich", "texto_original": "https://sapl.camaranh.rs.gov.br/media/sapl/public/materialegislativa/2013/24264/24264_texto_integral.odt", "ementa": "Solicita constru\u00e7\u00e3o de uma caixa de esgoto com boca-de-lobo na Rua Remi Henrique M\u00fcller, em frente ao n\u00ba 302, Bairro Hamburgo Velho. "}, {"id": 24265, "ano": 2013, "numero": 2619, "tipo__sigla": "IND", "tipo__descricao": "Indica\u00e7\u00e3o/Pedido de Provid\u00eancias", "autoria__autor__nome": "Patr\u00edcia Beck", "texto_original": "https://sapl.camaranh.rs.gov.br/media/sapl/public/materialegislativa/2013/24265/24265_texto_integral.odt", "ementa": "Solicita limpeza e conserto da boca-de-lobo na Rua Erwino Weber, Bairro Redentora."}, {"id": 24267, "ano": 2013, "numero": 2620, "tipo__sigla": "IND", "tipo__descricao": "Indica\u00e7\u00e3o/Pedido de Provid\u00eancias", "autoria__autor__nome": "Enfermeiro Vilmar", "texto_original": "https://sapl.camaranh.rs.gov.br/media/sapl/public/materialegislativa/2013/24267/24267_texto_integral.odt", "ementa": "Solicita desentupimento de todas as bocas-de-lobo na extens\u00e3o da \tRua Bartolomeu de Gusm\u00e3o,  no Bairro Canudos."}, {"id": 24268, "ano": 2013, "numero": 2621, "tipo__sigla": "IND", "tipo__descricao": "Indica\u00e7\u00e3o/Pedido de Provid\u00eancias", "autoria__autor__nome": "Enfermeiro Vilmar", "texto_original": "https://sapl.camaranh.rs.gov.br/media/sapl/public/materialegislativa/2013/24268/24268_texto_integral.odt", "ementa": "Solicita com brevidade recapeamento asf\u00e1ltico na Rua Jo\u00e3o Luciano da Rosa, pr\u00f3ximo ao n\u00ba 427, no Bairro Canudos. "}, {"id": 24269, "ano": 2013, "numero": 2622, "tipo__sigla": "IND", "tipo__descricao": "Indica\u00e7\u00e3o/Pedido de Provid\u00eancias", "autoria__autor__nome": "Enfermeiro Vilmar", "texto_original": "https://sapl.camaranh.rs.gov.br/media/sapl/public/materialegislativa/2013/24269/24269_texto_integral.odt", "ementa": "Solicita com urg\u00eancia a troca da tampa da boca-de-lobo localizada na Rua Santo Andr\u00e9, em frente ao n\u00ba 62, no Bairro Canudos."}, {"id": 24271, "ano": 2013, "numero": 2623, "tipo__sigla": "IND", "tipo__descricao": "Indica\u00e7\u00e3o/Pedido de Provid\u00eancias", "autoria__autor__nome": "Naasom Luciano", "texto_original": "https://sapl.camaranh.rs.gov.br/media/sapl/public/materialegislativa/2013/24271/24271_texto_integral.odt", "ementa": "Sugere ao Executivo a apresenta\u00e7\u00e3o de projeto de lei que disponha sobre assist\u00eancia t\u00e9cnica gratuita a projeto e constru\u00e7\u00e3o de moradia econ\u00f4mica."}, {"id": 24277, "ano": 2013, "numero": 2624, "tipo__sigla": "IND", "tipo__descricao": "Indica\u00e7\u00e3o/Pedido de Provid\u00eancias", "autoria__autor__nome": "Inspetor Luz", "texto_original": "https://sapl.camaranh.rs.gov.br/media/sapl/public/materialegislativa/2013/24277/24277_texto_integral.odt", "ementa": "Sugere ao Poder Executivo a apresenta\u00e7\u00e3o de projeto de lei que disponha sobre a realiza\u00e7\u00e3o de exames oftalmol\u00f3gicos e audiol\u00f3gicos nos alunos matriculados na rede municipal de ensino."}, {"id": 24278, "ano": 2013, "numero": 2625, "tipo__sigla": "IND", "tipo__descricao": "Indica\u00e7\u00e3o/Pedido de Provid\u00eancias", "autoria__autor__nome": "Inspetor Luz", "texto_original": "https://sapl.camaranh.rs.gov.br/media/sapl/public/materialegislativa/2013/24278/24278_texto_integral.odt", "ementa": "Sugere ao Poder Executivo a apresenta\u00e7\u00e3o de projeto de lei que disponha sobre a institui\u00e7\u00e3o como mat\u00e9ria curricular o ensino do jogo de xadrez nas escolas municipais de ensino fundamental, como suporte pedag\u00f3gico para outras disciplinas."}, {"id": 24279, "ano": 2013, "numero": 2626, "tipo__sigla": "IND", "tipo__descricao": "Indica\u00e7\u00e3o/Pedido de Provid\u00eancias", "autoria__autor__nome": "Enfermeiro Vilmar", "texto_original": "https://sapl.camaranh.rs.gov.br/media/sapl/public/materialegislativa/2013/24279/24279_texto_integral.odt", "ementa": "Solicita limpeza de terreno situado na Rua Tirol, esquina com a Rua \u00cdcaro, no Bairro Canudos."}, {"id": 24280, "ano": 2013, "numero": 2627, "tipo__sigla": "IND", "tipo__descricao": "Indica\u00e7\u00e3o/Pedido de Provid\u00eancias", "autoria__autor__nome": "Enfermeiro Vilmar", "texto_original": "https://sapl.camaranh.rs.gov.br/media/sapl/public/materialegislativa/2013/24280/24280_texto_integral.odt", "ementa": "Solicita coloca\u00e7\u00e3o de abrigo na parada de \u00f4nibus situada na Rua \u00cdcaro, em frente ao n\u00famero 1211, no Bairro Canudos."}, {"id": 24281, "ano": 2013, "numero": 2628, "tipo__sigla": "IND", "tipo__descricao": "Indica\u00e7\u00e3o/Pedido de Provid\u00eancias", "autoria__autor__nome": "Naasom Luciano", "texto_original": "https://sapl.camaranh.rs.gov.br/media/sapl/public/materialegislativa/2013/24281/24281_texto_integral.odt", "ementa": "Solicita coloca\u00e7\u00e3o de quebra-molas na Rua Irm\u00e3 Lina, em frente \u00e0 Escola Monteiro Lobato, Bairro S\u00e3o Jorge."}, {"id": 24282, "ano": 2013, "numero": 2629, "tipo__sigla": "IND", "tipo__descricao": "Indica\u00e7\u00e3o/Pedido de Provid\u00eancias", "autoria__autor__nome": "Naasom Luciano", "texto_original": "https://sapl.camaranh.rs.gov.br/media/sapl/public/materialegislativa/2013/24282/24282_texto_integral.odt", "ementa": "Solicita coloca\u00e7\u00e3o de quebra-molas na Rua Jaboti, esquina com a Rua Dezenove de Novembro, Bairro S\u00e3o Jorge."}, {"id": 24283, "ano": 2013, "numero": 2630, "tipo__sigla": "IND", "tipo__descricao": "Indica\u00e7\u00e3o/Pedido de Provid\u00eancias", "autoria__autor__nome": "Enfermeiro Vilmar", "texto_original": "https://sapl.camaranh.rs.gov.br/media/sapl/public/materialegislativa/2013/24283/24283_texto_integral.odt", "ementa": "Solicita  com urg\u00eancia a realiza\u00e7\u00e3o da opera\u00e7\u00e3o tapa-buracos na Rua Carmem Miranda, em frente ao n\u00ba 965, no Bairro Canudos."}, {"id": 24288, "ano": 2013, "numero": 2631, "tipo__sigla": "IND", "tipo__descricao": "Indica\u00e7\u00e3o/Pedido de Provid\u00eancias", "autoria__autor__nome": "Inspetor Luz", "texto_original": "https://sapl.camaranh.rs.gov.br/media/sapl/public/materialegislativa/2013/24288/24288_texto_integral.odt", "ementa": "Solicita melhorias na rede de ilumina\u00e7\u00e3o p\u00fablica da Rua da Seringueira, no Bairro Liberdade."}, {"id": 24289, "ano": 2013, "numero": 2632, "tipo__sigla": "IND", "tipo__descricao": "Indica\u00e7\u00e3o/Pedido de Provid\u00eancias", "autoria__autor__nome": "Inspetor Luz", "texto_original": "https://sapl.camaranh.rs.gov.br/media/sapl/public/materialegislativa/2013/24289/24289_texto_integral.odt", "ementa": "Solicita melhorias na rede de ilumina\u00e7\u00e3o p\u00fablica da Rua dos Carvalhos, no Bairro Ideal.                                            \r\n                                "}, {"id": 24290, "ano": 2013, "numero": 2633, "tipo__sigla": "IND", "tipo__descricao": "Indica\u00e7\u00e3o/Pedido de Provid\u00eancias", "autoria__autor__nome": "Inspetor Luz", "texto_original": "https://sapl.camaranh.rs.gov.br/media/sapl/public/materialegislativa/2013/24290/24290_texto_integral.odt", "ementa": "Solicita capina e limpeza junto ao meio- fio, em toda extens\u00e3o da Rua Encantado, no Bairro Ideal."}, {"id": 24291, "ano": 2013, "numero": 2634, "tipo__sigla": "IND", "tipo__descricao": "Indica\u00e7\u00e3o/Pedido de Provid\u00eancias", "autoria__autor__nome": "Inspetor Luz", "texto_original": "https://sapl.camaranh.rs.gov.br/media/sapl/public/materialegislativa/2013/24291/24291_texto_integral.odt", "ementa": "Solicita capina e limpeza junto ao meio- fio, em toda extens\u00e3o da Rua Erechim, no Bairro Ideal.         "}, {"id": 24292, "ano": 2013, "numero": 2635, "tipo__sigla": "IND", "tipo__descricao": "Indica\u00e7\u00e3o/Pedido de Provid\u00eancias", "autoria__autor__nome": "Inspetor Luz", "texto_original": "https://sapl.camaranh.rs.gov.br/media/sapl/public/materialegislativa/2013/24292/24292_texto_integral.odt", "ementa": "Solicita capina e limpeza junto ao meio-fio em toda extens\u00e3o da Rua Helmuth Heldt, Bairro Canudos.                                             \r\n                      "}, {"id": 24293, "ano": 2013, "numero": 2636, "tipo__sigla": "IND", "tipo__descricao": "Indica\u00e7\u00e3o/Pedido de Provid\u00eancias", "autoria__autor__nome": "Inspetor Luz", "texto_original": "https://sapl.camaranh.rs.gov.br/media/sapl/public/materialegislativa/2013/24293/24293_texto_integral.odt", "ementa": "Solicita capina e limpeza junto ao meio-fio em toda extens\u00e3o da Rua Tupanciret\u00e3, Bairro Ideal.                                             \r\n                                    "}, {"id": 24294, "ano": 2013, "numero": 2637, "tipo__sigla": "IND", "tipo__descricao": "Indica\u00e7\u00e3o/Pedido de Provid\u00eancias", "autoria__autor__nome": "Inspetor Luz", "texto_original": "https://sapl.camaranh.rs.gov.br/media/sapl/public/materialegislativa/2013/24294/24294_texto_integral.odt", "ementa": "Solicita capina e limpeza junto ao meio-fio em toda extens\u00e3o da Rua Monte Alegre, Bairro Ideal."}, {"id": 24295, "ano": 2013, "numero": 2638, "tipo__sigla": "IND", "tipo__descricao": "Indica\u00e7\u00e3o/Pedido de Provid\u00eancias", "autoria__autor__nome": "Inspetor Luz", "texto_original": "https://sapl.camaranh.rs.gov.br/media/sapl/public/materialegislativa/2013/24295/24295_texto_integral.odt", "ementa": "Solicita opera\u00e7\u00e3o tapa-buracos em toda extens\u00e3o da Rua M\u00e9xico, Bairro Santo Afonso. "}, {"id": 24296, "ano": 2013, "numero": 2639, "tipo__sigla": "IND", "tipo__descricao": "Indica\u00e7\u00e3o/Pedido de Provid\u00eancias", "autoria__autor__nome": "Inspetor Luz", "texto_original": "https://sapl.camaranh.rs.gov.br/media/sapl/public/materialegislativa/2013/24296/24296_texto_integral.odt", "ementa": "Solicita opera\u00e7\u00e3o tapa-buracos, em toda extens\u00e3o da Rua Lima, no Bairro Santo Afonso."}, {"id": 24297, "ano": 2013, "numero": 2640, "tipo__sigla": "IND", "tipo__descricao": "Indica\u00e7\u00e3o/Pedido de Provid\u00eancias", "autoria__autor__nome": "Inspetor Luz", "texto_original": "https://sapl.camaranh.rs.gov.br/media/sapl/public/materialegislativa/2013/24297/24297_texto_integral.odt", "ementa": "Solicita opera\u00e7\u00e3o tapa-buracos em toda extens\u00e3o da Rua Valpara\u00edso, Bairro Santo Afonso. "}, {"id": 24298, "ano": 2013, "numero": 2641, "tipo__sigla": "IND", "tipo__descricao": "Indica\u00e7\u00e3o/Pedido de Provid\u00eancias", "autoria__autor__nome": "Cristiano Coller", "texto_original": "https://sapl.camaranh.rs.gov.br/media/sapl/public/materialegislativa/2013/24298/24298_texto_integral.odt", "ementa": "Solicita conserto de infiltra\u00e7\u00e3o no passeio p\u00fablico na Rua Espumoso, em frente ao n\u00ba 88, no Bairro Santo Afonso.          "}, {"id": 24300, "ano": 2013, "numero": 2642, "tipo__sigla": "IND", "tipo__descricao": "Indica\u00e7\u00e3o/Pedido de Provid\u00eancias", "autoria__autor__nome": "Professor Issur Koch", "texto_original": "https://sapl.camaranh.rs.gov.br/media/sapl/public/materialegislativa/2013/24300/24300_texto_integral.odt", "ementa": "Solicita limpeza e manuten\u00e7\u00e3o da  Pra\u00e7a Ottomar Winch, no Bairro Jardim Mau\u00e1."}, {"id": 24302, "ano": 2013, "numero": 2643, "tipo__sigla": "IND", "tipo__descricao": "Indica\u00e7\u00e3o/Pedido de Provid\u00eancias", "autoria__autor__nome": "Professor Issur Koch", "texto_original": "https://sapl.camaranh.rs.gov.br/media/sapl/public/materialegislativa/2013/24302/24302_texto_integral.odt", "ementa": "Solicita recapeamento asf\u00e1ltico, urgente, no entroncamento das Ruas General Daltro Filho e Padre N\u00f3brega, no Bairro Vila Nova."}, {"id": 24303, "ano": 2013, "numero": 2644, "tipo__sigla": "IND", "tipo__descricao": "Indica\u00e7\u00e3o/Pedido de Provid\u00eancias", "autoria__autor__nome": "Professor Issur Koch", "texto_original": "https://sapl.camaranh.rs.gov.br/media/sapl/public/materialegislativa/2013/24303/24303_texto_integral.odt", "ementa": "Solicita estudo de viabilidade de implanta\u00e7\u00e3o de Academia ao ar livre e pista para caminhada no entorno do campo do Botafogo, no Bairro Jardim Mau\u00e1."}, {"id": 24305, "ano": 2013, "numero": 2645, "tipo__sigla": "IND", "tipo__descricao": "Indica\u00e7\u00e3o/Pedido de Provid\u00eancias", "autoria__autor__nome": "Patr\u00edcia Beck", "texto_original": "https://sapl.camaranh.rs.gov.br/media/sapl/public/materialegislativa/2013/24305/24305_texto_integral.odt", "ementa": "Solicita limpeza da boca-de-lobo na Rua Carlito Kaiser, em frente ao n\u00ba 239, Vila Kipling, Bairro Canudos."}, {"id": 24306, "ano": 2013, "numero": 2646, "tipo__sigla": "IND", "tipo__descricao": "Indica\u00e7\u00e3o/Pedido de Provid\u00eancias", "autoria__autor__nome": "Patr\u00edcia Beck", "texto_original": "https://sapl.camaranh.rs.gov.br/media/sapl/public/materialegislativa/2013/24306/24306_texto_integral.odt", "ementa": "Solicita limpeza da boca-de-lobo na Rua Carlito Kaiser, em frente ao n\u00ba 231, Vila Kipling, Bairro Canudos."}, {"id": 24307, "ano": 2013, "numero": 2647, "tipo__sigla": "IND", "tipo__descricao": "Indica\u00e7\u00e3o/Pedido de Provid\u00eancias", "autoria__autor__nome": "Patr\u00edcia Beck", "texto_original": "https://sapl.camaranh.rs.gov.br/media/sapl/public/materialegislativa/2013/24307/24307_texto_integral.odt", "ementa": "Solicita limpeza da boca-de-lobo na Rua M\u00e9xico em frente ao n\u00ba 819, Bairro Santo Afonso.          "}, {"id": 24308, "ano": 2013, "numero": 2648, "tipo__sigla": "IND", "tipo__descricao": "Indica\u00e7\u00e3o/Pedido de Provid\u00eancias", "autoria__autor__nome": "Patr\u00edcia Beck", "texto_original": "https://sapl.camaranh.rs.gov.br/media/sapl/public/materialegislativa/2013/24308/24308_texto_integral.odt", "ementa": "Solicita limpeza da boca-de-lobo na Rua Boa F\u00e9, em frente ao n\u00ba 72, Bairro Santo Afonso."}, {"id": 24309, "ano": 2013, "numero": 2649, "tipo__sigla": "IND", "tipo__descricao": "Indica\u00e7\u00e3o/Pedido de Provid\u00eancias", "autoria__autor__nome": "Patr\u00edcia Beck", "texto_original": "https://sapl.camaranh.rs.gov.br/media/sapl/public/materialegislativa/2013/24309/24309_texto_integral.odt", "ementa": "Solicita o fechamento da \"valeta\" que corta a Rua Padre N\u00f3brega, esquina com a Av. General Daltro Filho, Bairro Vila Nova."}, {"id": 24310, "ano": 2013, "numero": 2650, "tipo__sigla": "IND", "tipo__descricao": "Indica\u00e7\u00e3o/Pedido de Provid\u00eancias", "autoria__autor__nome": "Patr\u00edcia Beck", "texto_original": "https://sapl.camaranh.rs.gov.br/media/sapl/public/materialegislativa/2013/24310/24310_texto_integral.odt", "ementa": "Solicita limpeza de boca-de-lobo na Rua Buenos Aires, em frente aos n\u00ba 457, 467 e 525, Bairro Liberdade."}, {"id": 24311, "ano": 2013, "numero": 2651, "tipo__sigla": "IND", "tipo__descricao": "Indica\u00e7\u00e3o/Pedido de Provid\u00eancias", "autoria__autor__nome": "Patr\u00edcia Beck", "texto_original": "https://sapl.camaranh.rs.gov.br/media/sapl/public/materialegislativa/2013/24311/24311_texto_integral.odt", "ementa": "Solicita opera\u00e7\u00e3o tapa-buracos na Rua Luiz de Cam\u00f5es, em frente ao n\u00ba 150, Bairro Vila Nova."}, {"id": 24312, "ano": 2013, "numero": 2652, "tipo__sigla": "IND", "tipo__descricao": "Indica\u00e7\u00e3o/Pedido de Provid\u00eancias", "autoria__autor__nome": "Patr\u00edcia Beck", "texto_original": "https://sapl.camaranh.rs.gov.br/media/sapl/public/materialegislativa/2013/24312/24312_texto_integral.odt", "ementa": "Solicita coleta de lixo mais seguida no \"Eco Ponto\" sito \u00e0 rua Jo\u00e3o D. Hillebrand, R\u00f4ndonia."}, {"id": 24313, "ano": 2013, "numero": 2653, "tipo__sigla": "IND", "tipo__descricao": "Indica\u00e7\u00e3o/Pedido de Provid\u00eancias", "autoria__autor__nome": "Patr\u00edcia Beck", "texto_original": "https://sapl.camaranh.rs.gov.br/media/sapl/public/materialegislativa/2013/24313/24313_texto_integral.odt", "ementa": "Solicita patrolamento e coloca\u00e7\u00e3o de britas na Rua Jo\u00e3o D. Hillebrand entre as Ruas Minas Gerais e Guia Lopes, Rond\u00f4nia."}, {"id": 24314, "ano": 2013, "numero": 2654, "tipo__sigla": "IND", "tipo__descricao": "Indica\u00e7\u00e3o/Pedido de Provid\u00eancias", "autoria__autor__nome": "JorgeTatsch", "texto_original": "https://sapl.camaranh.rs.gov.br/media/sapl/public/materialegislativa/2013/24314/24314_texto_integral.odt", "ementa": "Solicita desentupimento de esgoto na Rua Floresta, em frente ao n\u00ba 9440, na Vila Palmeira, Bairro Santo Afonso."}, {"id": 24316, "ano": 2013, "numero": 2655, "tipo__sigla": "IND", "tipo__descricao": "Indica\u00e7\u00e3o/Pedido de Provid\u00eancias", "autoria__autor__nome": "JorgeTatsch", "texto_original": "https://sapl.camaranh.rs.gov.br/media/sapl/public/materialegislativa/2013/24316/24316_texto_integral.odt", "ementa": "Solicita revitaliza\u00e7\u00e3o da pintura da faixa de seguran\u00e7a em ambos os lados da Rua Jo\u00e3o Aloysio Algayer, em frente ao n\u00ba 1971, Bairro Lomba Grande.           "}, {"id": 24317, "ano": 2013, "numero": 2656, "tipo__sigla": "IND", "tipo__descricao": "Indica\u00e7\u00e3o/Pedido de Provid\u00eancias", "autoria__autor__nome": "JorgeTatsch", "texto_original": "https://sapl.camaranh.rs.gov.br/media/sapl/public/materialegislativa/2013/24317/24317_texto_integral.odt", "ementa": "Solicita opera\u00e7\u00e3o tapa-buracos na Rua  Estrada Leopoldo Petry, em toda sua extens\u00e3o,  Bairro Santo Afonso.                                             \r\n                                   "}, {"id": 24318, "ano": 2013, "numero": 2657, "tipo__sigla": "IND", "tipo__descricao": "Indica\u00e7\u00e3o/Pedido de Provid\u00eancias", "autoria__autor__nome": "JorgeTatsch", "texto_original": "https://sapl.camaranh.rs.gov.br/media/sapl/public/materialegislativa/2013/24318/24318_texto_integral.odt", "ementa": "Solicita revitaliza\u00e7\u00e3o e reparos das pontes da Estrada Leopoldo Petry.                                           \r\n                                   "}, {"id": 24319, "ano": 2013, "numero": 2658, "tipo__sigla": "IND", "tipo__descricao": "Indica\u00e7\u00e3o/Pedido de Provid\u00eancias", "autoria__autor__nome": "JorgeTatsch", "texto_original": "https://sapl.camaranh.rs.gov.br/media/sapl/public/materialegislativa/2013/24319/24319_texto_integral.odt", "ementa": "Solicita o conserto dos guarda-corpos das pontes da Estrada Leopoldo Petry.                                            \r\n                                   "}, {"id": 24320, "ano": 2013, "numero": 2659, "tipo__sigla": "IND", "tipo__descricao": "Indica\u00e7\u00e3o/Pedido de Provid\u00eancias", "autoria__autor__nome": "Sergio Hanich", "texto_original": "https://sapl.camaranh.rs.gov.br/media/sapl/public/materialegislativa/2013/24320/24320_texto_integral.odt", "ementa": "Solicita desobstru\u00e7\u00e3o da  tubula\u00e7\u00e3o de esgoto em ambos os lados da Rua Caracas, no trecho entre as Ruas La Paz e Costa Rica, no Bairro Santo Afonso."}, {"id": 24321, "ano": 2013, "numero": 2660, "tipo__sigla": "IND", "tipo__descricao": "Indica\u00e7\u00e3o/Pedido de Provid\u00eancias", "autoria__autor__nome": "Sergio Hanich", "texto_original": "https://sapl.camaranh.rs.gov.br/media/sapl/public/materialegislativa/2013/24321/24321_texto_integral.odt", "ementa": "Solicita limpeza das duas bocas-de-lobo na esquina da Rua da Consagra\u00e7\u00e3o com a Rua Bernardo Dejalmo Ludwig, Bairro Diehl."}, {"id": 24322, "ano": 2013, "numero": 2661, "tipo__sigla": "IND", "tipo__descricao": "Indica\u00e7\u00e3o/Pedido de Provid\u00eancias", "autoria__autor__nome": "Betinho", "texto_original": "https://sapl.camaranh.rs.gov.br/media/sapl/public/materialegislativa/2013/24322/24322_texto_integral.odt", "ementa": "Solicita opera\u00e7\u00e3o tapa-buracos na Rua Bom Pastor, no Bairro Santo Afonso."}, {"id": 24323, "ano": 2013, "numero": 2662, "tipo__sigla": "IND", "tipo__descricao": "Indica\u00e7\u00e3o/Pedido de Provid\u00eancias", "autoria__autor__nome": "Betinho", "texto_original": "https://sapl.camaranh.rs.gov.br/media/sapl/public/materialegislativa/2013/24323/24323_texto_integral.odt", "ementa": "Solicita opera\u00e7\u00e3o tapa-buracos nas esquinas da Rua Ciudad Trujillo, com a Rua Boston e com a Rua Da Cooperativa, no Bairro Santo Afonso."}, {"id": 24324, "ano": 2013, "numero": 2663, "tipo__sigla": "IND", "tipo__descricao": "Indica\u00e7\u00e3o/Pedido de Provid\u00eancias", "autoria__autor__nome": "Enfermeiro Vilmar", "texto_original": "https://sapl.camaranh.rs.gov.br/media/sapl/public/materialegislativa/2013/24324/24324_texto_integral.odt", "ementa": "Solicita poda de \u00e1rvore na Rua Roma, em frente ao n\u00ba 64, no Bairro Canudos."}, {"id": 24325, "ano": 2013, "numero": 2664, "tipo__sigla": "IND", "tipo__descricao": "Indica\u00e7\u00e3o/Pedido de Provid\u00eancias", "autoria__autor__nome": "Enfermeiro Vilmar", "texto_original": "https://sapl.camaranh.rs.gov.br/media/sapl/public/materialegislativa/2013/24325/24325_texto_integral.odt", "ementa": "Solicita com urg\u00eancia m\u00e1xima, a coloca\u00e7\u00e3o de um quebra-mola na Rua Col\u00fambia, em frente ao n\u00ba 2109, no Bairro Canudos. "}, {"id": 24326, "ano": 2013, "numero": 2665, "tipo__sigla": "IND", "tipo__descricao": "Indica\u00e7\u00e3o/Pedido de Provid\u00eancias", "autoria__autor__nome": "Cristiano Coller", "texto_original": "https://sapl.camaranh.rs.gov.br/media/sapl/public/materialegislativa/2013/24326/24326_texto_integral.odt", "ementa": "Solicita patrolamento e britagem na Rua Ab\u00edlio Jos\u00e9 de Mello, Vila Santo Ant\u00f4nio, Bairro Lomba Grande."}, {"id": 24327, "ano": 2013, "numero": 2666, "tipo__sigla": "IND", "tipo__descricao": "Indica\u00e7\u00e3o/Pedido de Provid\u00eancias", "autoria__autor__nome": "Cristiano Coller", "texto_original": "https://sapl.camaranh.rs.gov.br/media/sapl/public/materialegislativa/2013/24327/24327_texto_integral.odt", "ementa": "Solicita coloca\u00e7\u00e3o de quebra-molas na Av. Primeiro de Mar\u00e7o, pr\u00f3ximo ao n\u00ba 4031, Bairro Liberdade."}, {"id": 24328, "ano": 2013, "numero": 2667, "tipo__sigla": "IND", "tipo__descricao": "Indica\u00e7\u00e3o/Pedido de Provid\u00eancias", "autoria__autor__nome": "Cristiano Coller", "texto_original": "https://sapl.camaranh.rs.gov.br/media/sapl/public/materialegislativa/2013/24328/24328_texto_integral.odt", "ementa": "Solicita a coloca\u00e7\u00e3o de poste e lumin\u00e1ria, na Rua Major Andr\u00e9 Kilpp, Bairro Boa Sa\u00fade"}, {"id": 24329, "ano": 2013, "numero": 2668, "tipo__sigla": "IND", "tipo__descricao": "Indica\u00e7\u00e3o/Pedido de Provid\u00eancias", "autoria__autor__nome": "Cristiano Coller", "texto_original": "https://sapl.camaranh.rs.gov.br/media/sapl/public/materialegislativa/2013/24329/24329_texto_integral.odt", "ementa": "Solicita  coloca\u00e7\u00e3o  de poste e lumin\u00e1ria na Rua Germano Renaldo Renchmann, Bairro Canudos."}, {"id": 24330, "ano": 2013, "numero": 2669, "tipo__sigla": "IND", "tipo__descricao": "Indica\u00e7\u00e3o/Pedido de Provid\u00eancias", "autoria__autor__nome": "Cristiano Coller", "texto_original": "https://sapl.camaranh.rs.gov.br/media/sapl/public/materialegislativa/2013/24330/24330_texto_integral.odt", "ementa": "Solicita coloca\u00e7\u00e3o de britas na Rua Jos\u00e9 Albino de Mello, entre a Rua Sim\u00f5es Lopes e o port\u00e3o 6 do Est\u00e1dio do Vale, Bairro Liberdade."}, {"id": 24333, "ano": 2013, "numero": 2670, "tipo__sigla": "IND", "tipo__descricao": "Indica\u00e7\u00e3o/Pedido de Provid\u00eancias", "autoria__autor__nome": "Cristiano Coller", "texto_original": "https://sapl.camaranh.rs.gov.br/media/sapl/public/materialegislativa/2013/24333/24333_texto_integral.odt", "ementa": "Solicita pavimenta\u00e7\u00e3o asf\u00e1ltica na Rua Jos\u00e9 Albino de Mello, entre a Rua Sim\u00f5es Lopes e o port\u00e3o 6 do Est\u00e1dio do Vale, Bairro Liberdade."}, {"id": 24336, "ano": 2013, "numero": 2671, "tipo__sigla": "IND", "tipo__descricao": "Indica\u00e7\u00e3o/Pedido de Provid\u00eancias", "autoria__autor__nome": "Inspetor Luz", "texto_original": "https://sapl.camaranh.rs.gov.br/media/sapl/public/materialegislativa/2013/24336/24336_texto_integral.odt", "ementa": "Solicita capina e limpeza junto ao meio-fio, em toda extens\u00e3o da Rua J\u00falio Luiz Steigleder, no Bairro Jardim Mau\u00e1."}, {"id": 24337, "ano": 2013, "numero": 2672, "tipo__sigla": "IND", "tipo__descricao": "Indica\u00e7\u00e3o/Pedido de Provid\u00eancias", "autoria__autor__nome": "Inspetor Luz", "texto_original": "https://sapl.camaranh.rs.gov.br/media/sapl/public/materialegislativa/2013/24337/24337_texto_integral.odt", "ementa": "Solicita melhorias na rede de ilumina\u00e7\u00e3o p\u00fablica da Rua Oscar Ludwig, no Bairro Jardim Mau\u00e1.                                             \r\n                     "}, {"id": 24338, "ano": 2013, "numero": 2673, "tipo__sigla": "IND", "tipo__descricao": "Indica\u00e7\u00e3o/Pedido de Provid\u00eancias", "autoria__autor__nome": "Inspetor Luz", "texto_original": "https://sapl.camaranh.rs.gov.br/media/sapl/public/materialegislativa/2013/24338/24338_texto_integral.odt", "ementa": "Solicita asfaltamento da Rua Ilmo Alfredo Pletsch, no Bairro Jardim Mau\u00e1."}, {"id": 24339, "ano": 2013, "numero": 2674, "tipo__sigla": "IND", "tipo__descricao": "Indica\u00e7\u00e3o/Pedido de Provid\u00eancias", "autoria__autor__nome": "Inspetor Luz", "texto_original": "https://sapl.camaranh.rs.gov.br/media/sapl/public/materialegislativa/2013/24339/24339_texto_integral.odt", "ementa": "Solicita asfaltamento da Rua Julio Luiz Steigleder, no Bairro Jardim Mau\u00e1."}, {"id": 24340, "ano": 2013, "numero": 2675, "tipo__sigla": "IND", "tipo__descricao": "Indica\u00e7\u00e3o/Pedido de Provid\u00eancias", "autoria__autor__nome": "Inspetor Luz", "texto_original": "https://sapl.camaranh.rs.gov.br/media/sapl/public/materialegislativa/2013/24340/24340_texto_integral.odt", "ementa": "Solicita capina e limpeza junto ao meio-fio, em toda extens\u00e3o da Rua Ilmo Alfredo Pletsch, no Bairro Jardim Mau\u00e1."}, {"id": 24341, "ano": 2013, "numero": 2676, "tipo__sigla": "IND", "tipo__descricao": "Indica\u00e7\u00e3o/Pedido de Provid\u00eancias", "autoria__autor__nome": "Inspetor Luz", "texto_original": "https://sapl.camaranh.rs.gov.br/media/sapl/public/materialegislativa/2013/24341/24341_texto_integral.odt", "ementa": "Solicita conserto de buraco e irregularidades do asfaltamento em frente ao n\u00ba 175, da Rua Dezenove de Novembro, no Bairro S\u00e3o Jorge."}, {"id": 24342, "ano": 2013, "numero": 2677, "tipo__sigla": "IND", "tipo__descricao": "Indica\u00e7\u00e3o/Pedido de Provid\u00eancias", "autoria__autor__nome": "Inspetor Luz", "texto_original": "https://sapl.camaranh.rs.gov.br/media/sapl/public/materialegislativa/2013/24342/24342_texto_integral.odt", "ementa": "Solicita capina e limpeza junto ao meio-fio em toda extens\u00e3o da Rua Pedro Jos\u00e9 Treis, no Bairro S\u00e3o Jorge."}, {"id": 24343, "ano": 2013, "numero": 2678, "tipo__sigla": "IND", "tipo__descricao": "Indica\u00e7\u00e3o/Pedido de Provid\u00eancias", "autoria__autor__nome": "Inspetor Luz", "texto_original": "https://sapl.camaranh.rs.gov.br/media/sapl/public/materialegislativa/2013/24343/24343_texto_integral.odt", "ementa": "Solicita capina e limpeza junto ao meio-fio, em toda extens\u00e3o da Rua Oreste Travi, no Bairro Jardim Mau\u00e1."}, {"id": 24344, "ano": 2013, "numero": 2679, "tipo__sigla": "IND", "tipo__descricao": "Indica\u00e7\u00e3o/Pedido de Provid\u00eancias", "autoria__autor__nome": "Inspetor Luz", "texto_original": "https://sapl.camaranh.rs.gov.br/media/sapl/public/materialegislativa/2013/24344/24344_texto_integral.odt", "ementa": "Solicita capina e limpeza junto ao meio-fio em toda extens\u00e3o da Rua Pedro Am\u00e9rico, no Bairro S\u00e3o Jorge."}, {"id": 24353, "ano": 2013, "numero": 2680, "tipo__sigla": "IND", "tipo__descricao": "Indica\u00e7\u00e3o/Pedido de Provid\u00eancias", "autoria__autor__nome": "Patr\u00edcia Beck", "texto_original": "https://sapl.camaranh.rs.gov.br/media/sapl/public/materialegislativa/2013/24353/24353_texto_integral.odt", "ementa": "Solicita conserto da pista da Rua Luiz de Cam\u00f5es, aberta para liga\u00e7\u00e3o de \u00e1gua, pr\u00f3ximo \u00e0 ponte, Bairro Vila Nova."}, {"id": 24354, "ano": 2013, "numero": 2681, "tipo__sigla": "IND", "tipo__descricao": "Indica\u00e7\u00e3o/Pedido de Provid\u00eancias", "autoria__autor__nome": "Patr\u00edcia Beck", "texto_original": "https://sapl.camaranh.rs.gov.br/media/sapl/public/materialegislativa/2013/24354/24354_texto_integral.odt", "ementa": "Solicita conserto da boca-de-lobo na Rua Frederico Groes Neto, em frente \u00e0 Metalburgo, Bairro Vila Nova."}, {"id": 24355, "ano": 2013, "numero": 2682, "tipo__sigla": "IND", "tipo__descricao": "Indica\u00e7\u00e3o/Pedido de Provid\u00eancias", "autoria__autor__nome": "Patr\u00edcia Beck", "texto_original": "https://sapl.camaranh.rs.gov.br/media/sapl/public/materialegislativa/2013/24355/24355_texto_integral.odt", "ementa": "Solicita opera\u00e7\u00e3o tapa-buracos na Rua La Haba\u00f1a, em frente ao n\u00ba 856, Bairro Santo Afonso."}, {"id": 24356, "ano": 2013, "numero": 2683, "tipo__sigla": "IND", "tipo__descricao": "Indica\u00e7\u00e3o/Pedido de Provid\u00eancias", "autoria__autor__nome": "Patr\u00edcia Beck", "texto_original": "https://sapl.camaranh.rs.gov.br/media/sapl/public/materialegislativa/2013/24356/24356_texto_integral.odt", "ementa": "Solicita opera\u00e7\u00e3o tapa-buracos na Rua General Os\u00f3rio, em frente ao n\u00ba1082, Bairro Hamburgo Velho."}, {"id": 24357, "ano": 2013, "numero": 2684, "tipo__sigla": "IND", "tipo__descricao": "Indica\u00e7\u00e3o/Pedido de Provid\u00eancias", "autoria__autor__nome": "Patr\u00edcia Beck", "texto_original": "https://sapl.camaranh.rs.gov.br/media/sapl/public/materialegislativa/2013/24357/24357_texto_integral.odt", "ementa": "Solicita opera\u00e7\u00e3o tapa-buracos na Avenida Victor Hugo Kunz, em frente ao n\u00ba 486, Bairro Hamburgo Velho."}, {"id": 24358, "ano": 2013, "numero": 2685, "tipo__sigla": "IND", "tipo__descricao": "Indica\u00e7\u00e3o/Pedido de Provid\u00eancias", "autoria__autor__nome": "Patr\u00edcia Beck", "texto_original": "https://sapl.camaranh.rs.gov.br/media/sapl/public/materialegislativa/2013/24358/24358_texto_integral.odt", "ementa": "Solicita limpeza da boca-de-lobo na Rua Jamaica, pr\u00f3ximo \u00e0 ponte, Bairro Canudos."}, {"id": 24359, "ano": 2013, "numero": 2686, "tipo__sigla": "IND", "tipo__descricao": "Indica\u00e7\u00e3o/Pedido de Provid\u00eancias", "autoria__autor__nome": "Patr\u00edcia Beck", "texto_original": "https://sapl.camaranh.rs.gov.br/media/sapl/public/materialegislativa/2013/24359/24359_texto_integral.odt", "ementa": "Solicita limpeza da boca-de-lobo na Rua Berlim em frente ao n\u00ba 666, Bairro Canudos."}, {"id": 24360, "ano": 2013, "numero": 2687, "tipo__sigla": "IND", "tipo__descricao": "Indica\u00e7\u00e3o/Pedido de Provid\u00eancias", "autoria__autor__nome": "JorgeTatsch", "texto_original": "https://sapl.camaranh.rs.gov.br/media/sapl/public/materialegislativa/2013/24360/24360_texto_integral.odt", "ementa": "Solicita melhorias na rede de ilumina\u00e7\u00e3o p\u00fablica na Pra\u00e7a P\u00fablica da  Rua Humberto de Campos, pr\u00f3ximo ao n\u00ba 560,  Bairro Santo Afonso."}, {"id": 24361, "ano": 2013, "numero": 2688, "tipo__sigla": "IND", "tipo__descricao": "Indica\u00e7\u00e3o/Pedido de Provid\u00eancias", "autoria__autor__nome": "JorgeTatsch", "texto_original": "https://sapl.camaranh.rs.gov.br/media/sapl/public/materialegislativa/2013/24361/24361_texto_integral.odt", "ementa": "Solicita limpeza e conserto da boca-de-lobo na Rua Flores da Cunha, em frente ao n\u00ba 4100, Bairro P\u00e1tria Nova."}, {"id": 24362, "ano": 2013, "numero": 2689, "tipo__sigla": "IND", "tipo__descricao": "Indica\u00e7\u00e3o/Pedido de Provid\u00eancias", "autoria__autor__nome": "JorgeTatsch", "texto_original": "https://sapl.camaranh.rs.gov.br/media/sapl/public/materialegislativa/2013/24362/24362_texto_integral.odt", "ementa": "Solicita limpeza e conserto da boca-de-lobo na Rua Jacarand\u00e1, em frente ao n\u00ba 395, Bairro Liberdade."}, {"id": 24363, "ano": 2013, "numero": 2690, "tipo__sigla": "IND", "tipo__descricao": "Indica\u00e7\u00e3o/Pedido de Provid\u00eancias", "autoria__autor__nome": "JorgeTatsch", "texto_original": "https://sapl.camaranh.rs.gov.br/media/sapl/public/materialegislativa/2013/24363/24363_texto_integral.odt", "ementa": "Solicita opera\u00e7\u00e3o tapa-buracos na Rua Jacarand\u00e1, no Bairro Liberdade.                   \r\n                                   "}, {"id": 24364, "ano": 2013, "numero": 2691, "tipo__sigla": "IND", "tipo__descricao": "Indica\u00e7\u00e3o/Pedido de Provid\u00eancias", "autoria__autor__nome": "JorgeTatsch", "texto_original": "https://sapl.camaranh.rs.gov.br/media/sapl/public/materialegislativa/2013/24364/24364_texto_integral.odt", "ementa": " Solicita poda de \u00e1rvores localizadas ao longo de toda extens\u00e3o da Estrada da Integra\u00e7\u00e3o Leopoldo Petry, Bairro Lomba Grande."}, {"id": 24365, "ano": 2013, "numero": 2692, "tipo__sigla": "IND", "tipo__descricao": "Indica\u00e7\u00e3o/Pedido de Provid\u00eancias", "autoria__autor__nome": "JorgeTatsch", "texto_original": "https://sapl.camaranh.rs.gov.br/media/sapl/public/materialegislativa/2013/24365/24365_texto_integral.odt", "ementa": "Solicita poda de \u00e1rvores localizadas na Rua Bar\u00e3o de Ub\u00e1, em frente ao n\u00famero 280, no Bairro Primavera.        "}, {"id": 24366, "ano": 2013, "numero": 2693, "tipo__sigla": "IND", "tipo__descricao": "Indica\u00e7\u00e3o/Pedido de Provid\u00eancias", "autoria__autor__nome": "JorgeTatsch", "texto_original": "https://sapl.camaranh.rs.gov.br/media/sapl/public/materialegislativa/2013/24366/24366_texto_integral.odt", "ementa": "Solicita poda de \u00e1rvores localizadas na Rua Rio Tiet\u00ea, esquina com a Rua Rio Jacu\u00ed, em frente ao n\u00famero 131, no Bairro Liberdade.         \r\n                                   "}, {"id": 24367, "ano": 2013, "numero": 2694, "tipo__sigla": "IND", "tipo__descricao": "Indica\u00e7\u00e3o/Pedido de Provid\u00eancias", "autoria__autor__nome": "JorgeTatsch", "texto_original": "https://sapl.camaranh.rs.gov.br/media/sapl/public/materialegislativa/2013/24367/24367_texto_integral.odt", "ementa": "Solicita revitaliza\u00e7\u00e3o da pintura da faixa de seguran\u00e7a entre a Rua Flores da Cunha e a Av. Pedro Adams Filho, Bairro P\u00e1tria Nova.                 "}, {"id": 24371, "ano": 2013, "numero": 2695, "tipo__sigla": "IND", "tipo__descricao": "Indica\u00e7\u00e3o/Pedido de Provid\u00eancias", "autoria__autor__nome": "Cristiano Coller", "texto_original": "https://sapl.camaranh.rs.gov.br/media/sapl/public/materialegislativa/2013/24371/24371_texto_integral.odt", "ementa": "Solicita desassoreamento de parte do Arroio Pampa na Av. Alc\u00e2ntara, entre as Ruas Jamaica e Londres, Bairro Canudos."}, {"id": 24372, "ano": 2013, "numero": 2696, "tipo__sigla": "IND", "tipo__descricao": "Indica\u00e7\u00e3o/Pedido de Provid\u00eancias", "autoria__autor__nome": "Cristiano Coller", "texto_original": "https://sapl.camaranh.rs.gov.br/media/sapl/public/materialegislativa/2013/24372/24372_texto_integral.odt", "ementa": "Solicita opera\u00e7\u00e3o tapa-buracos na Rua Vereador Carlos Em\u00edlio Kolling, Bairro Canudos."}, {"id": 24373, "ano": 2013, "numero": 2697, "tipo__sigla": "IND", "tipo__descricao": "Indica\u00e7\u00e3o/Pedido de Provid\u00eancias", "autoria__autor__nome": "Cristiano Coller", "texto_original": "https://sapl.camaranh.rs.gov.br/media/sapl/public/materialegislativa/2013/24373/24373_texto_integral.odt", "ementa": "Solicita coloca\u00e7\u00e3o de poste e lumin\u00e1ria na esquina das Ruas Ant\u00f4nio Roberto Kroeff e Humberto de Campos, Bairro Santo Afonso."}, {"id": 24374, "ano": 2013, "numero": 2698, "tipo__sigla": "IND", "tipo__descricao": "Indica\u00e7\u00e3o/Pedido de Provid\u00eancias", "autoria__autor__nome": "Sergio Hanich", "texto_original": "https://sapl.camaranh.rs.gov.br/media/sapl/public/materialegislativa/2013/24374/24374_texto_integral.odt", "ementa": "Solicita limpeza e recolhimento de lixo e entulho na esquina das Ruas Renato Jos\u00e9 Blauth e Tamoio, Bairro Redentora."}, {"id": 24375, "ano": 2013, "numero": 2699, "tipo__sigla": "IND", "tipo__descricao": "Indica\u00e7\u00e3o/Pedido de Provid\u00eancias", "autoria__autor__nome": "Sergio Hanich", "texto_original": "https://sapl.camaranh.rs.gov.br/media/sapl/public/materialegislativa/2013/24375/24375_texto_integral.odt", "ementa": "Solicita constru\u00e7\u00e3o de uma \u00e1rea de lazer na Rua Helmuth Heldt, entre as Ruas Ramiro Ot\u00e1vio Siebel e a Rua Nelson Ervino Dieter, no Bairro Canudos."}, {"id": 24376, "ano": 2013, "numero": 2700, "tipo__sigla": "IND", "tipo__descricao": "Indica\u00e7\u00e3o/Pedido de Provid\u00eancias", "autoria__autor__nome": "Sergio Hanich", "texto_original": "https://sapl.camaranh.rs.gov.br/media/sapl/public/materialegislativa/2013/24376/24376_texto_integral.odt", "ementa": "Solicita patrolamento e coloca\u00e7\u00e3o de britas na Rua Ol\u00edsio Silveira de Souza, Bairro Lomba Grande."}, {"id": 24379, "ano": 2013, "numero": 2701, "tipo__sigla": "IND", "tipo__descricao": "Indica\u00e7\u00e3o/Pedido de Provid\u00eancias", "autoria__autor__nome": "Sergio Hanich", "texto_original": "https://sapl.camaranh.rs.gov.br/media/sapl/public/materialegislativa/2013/24379/24379_texto_integral.odt", "ementa": "Solicita substitui\u00e7\u00e3o de poste de luz apodrecido na Rua Rio Negro, em frente ao n\u00ba 255, Bairro Liberdade.           "}, {"id": 24380, "ano": 2013, "numero": 2702, "tipo__sigla": "IND", "tipo__descricao": "Indica\u00e7\u00e3o/Pedido de Provid\u00eancias", "autoria__autor__nome": "Betinho", "texto_original": "https://sapl.camaranh.rs.gov.br/media/sapl/public/materialegislativa/2013/24380/24380_texto_integral.odt", "ementa": "Solicita opera\u00e7\u00e3o tapa-buracos na Rua Costa Rica, no Bairro Santo Afonso."}, {"id": 24383, "ano": 2013, "numero": 2703, "tipo__sigla": "IND", "tipo__descricao": "Indica\u00e7\u00e3o/Pedido de Provid\u00eancias", "autoria__autor__nome": "Professor Issur Koch", "texto_original": "https://sapl.camaranh.rs.gov.br/media/sapl/public/materialegislativa/2013/24383/24383_texto_integral.odt", "ementa": "Solicita autoriza\u00e7\u00e3o para retirada e replantio de \u00e1rvore na Rua Joaquim Nabuco, em frente ao  n\u00famero 1437."}, {"id": 24385, "ano": 2013, "numero": 2704, "tipo__sigla": "IND", "tipo__descricao": "Indica\u00e7\u00e3o/Pedido de Provid\u00eancias", "autoria__autor__nome": "Gerson Peteffi", "texto_original": "https://sapl.camaranh.rs.gov.br/media/sapl/public/materialegislativa/2013/24385/24385_texto_integral.odt", "ementa": "Solicita capina e limpeza na Rua Boa Sa\u00fade, ao lado do n\u00ba 390, Bairro Rio Branco."}, {"id": 24386, "ano": 2013, "numero": 2705, "tipo__sigla": "IND", "tipo__descricao": "Indica\u00e7\u00e3o/Pedido de Provid\u00eancias", "autoria__autor__nome": "Raul Cassel", "texto_original": "https://sapl.camaranh.rs.gov.br/media/sapl/public/materialegislativa/2013/24386/24386_texto_integral.odt", "ementa": "Solicita refor\u00e7o na sinaliza\u00e7\u00e3o do tr\u00e2nsito na Rua Jo\u00e3o Ant\u00f4nio da Silveira e arredores."}, {"id": 24387, "ano": 2013, "numero": 2706, "tipo__sigla": "IND", "tipo__descricao": "Indica\u00e7\u00e3o/Pedido de Provid\u00eancias", "autoria__autor__nome": "Naasom Luciano", "texto_original": "https://sapl.camaranh.rs.gov.br/media/sapl/public/materialegislativa/2013/24387/24387_texto_integral.odt", "ementa": "Reitera Pedido de Providencia n\u00ba 440/2013, que solicita coloca\u00e7\u00e3o de quebra-molas na Rua Pedro Boll Filho, pr\u00f3ximo a Escola Monteiro Lobato, Bairro S\u00e3o Jorge."}, {"id": 24388, "ano": 2013, "numero": 2707, "tipo__sigla": "IND", "tipo__descricao": "Indica\u00e7\u00e3o/Pedido de Provid\u00eancias", "autoria__autor__nome": "Naasom Luciano", "texto_original": "https://sapl.camaranh.rs.gov.br/media/sapl/public/materialegislativa/2013/24388/24388_texto_integral.odt", "ementa": "Solicita coloca\u00e7\u00e3o de redutor de velocidade e Faixa de Seguran\u00e7a na Rua Floren\u00e7a, esquina com Rua Col\u00fambia, Bairro Canudos."}, {"id": 24389, "ano": 2013, "numero": 2708, "tipo__sigla": "IND", "tipo__descricao": "Indica\u00e7\u00e3o/Pedido de Provid\u00eancias", "autoria__autor__nome": "Professor Issur Koch", "texto_original": "https://sapl.camaranh.rs.gov.br/media/sapl/public/materialegislativa/2013/24389/24389_texto_integral.odt", "ementa": "Solicita opera\u00e7\u00e3o tapa-buracos em toda extens\u00e3o da  Rua Cuiab\u00e1, no Bairro Boa vista."}, {"id": 24390, "ano": 2013, "numero": 2709, "tipo__sigla": "IND", "tipo__descricao": "Indica\u00e7\u00e3o/Pedido de Provid\u00eancias", "autoria__autor__nome": "Professor Issur Koch", "texto_original": "https://sapl.camaranh.rs.gov.br/media/sapl/public/materialegislativa/2013/24390/24390_texto_integral.odt", "ementa": "Solicita retirada de entulho na Rua Dois Irm\u00e3os, em frente o n\u00famero 350, Bairro Diehl."}, {"id": 24391, "ano": 2013, "numero": 2710, "tipo__sigla": "IND", "tipo__descricao": "Indica\u00e7\u00e3o/Pedido de Provid\u00eancias", "autoria__autor__nome": "Professor Issur Koch", "texto_original": "https://sapl.camaranh.rs.gov.br/media/sapl/public/materialegislativa/2013/24391/24391_texto_integral.odt", "ementa": "Solicita  poda de \u00e1rvore na Rua Cabre\u00fava, ao lado do n\u00ba 117, no  Bairro Guarani. "}, {"id": 24392, "ano": 2013, "numero": 2711, "tipo__sigla": "IND", "tipo__descricao": "Indica\u00e7\u00e3o/Pedido de Provid\u00eancias", "autoria__autor__nome": "Professor Issur Koch", "texto_original": "https://sapl.camaranh.rs.gov.br/media/sapl/public/materialegislativa/2013/24392/24392_texto_integral.odt", "ementa": "Solicita com urg\u00eancia o patrolamento da Rua  Ab\u00edlio Jos\u00e9 de Mello, no Bairro Lomba Grande."}, {"id": 24393, "ano": 2013, "numero": 2712, "tipo__sigla": "IND", "tipo__descricao": "Indica\u00e7\u00e3o/Pedido de Provid\u00eancias", "autoria__autor__nome": "Professor Issur Koch", "texto_original": "https://sapl.camaranh.rs.gov.br/media/sapl/public/materialegislativa/2013/24393/24393_texto_integral.odt", "ementa": "Solicita a limpeza e manuten\u00e7\u00e3o da Pra\u00e7a 15 de Novembro, no Bairro Guarani.                        "}, {"id": 24394, "ano": 2013, "numero": 2713, "tipo__sigla": "IND", "tipo__descricao": "Indica\u00e7\u00e3o/Pedido de Provid\u00eancias", "autoria__autor__nome": "Professor Issur Koch", "texto_original": "https://sapl.camaranh.rs.gov.br/media/sapl/public/materialegislativa/2013/24394/24394_texto_integral.odt", "ementa": "Solicita limpeza de boca-de-lobo na Rua Dois Irm\u00e3os, em frente ao n\u00famero 350, Bairro Diehl."}, {"id": 24395, "ano": 2013, "numero": 2714, "tipo__sigla": "IND", "tipo__descricao": "Indica\u00e7\u00e3o/Pedido de Provid\u00eancias", "autoria__autor__nome": "Inspetor Luz", "texto_original": "https://sapl.camaranh.rs.gov.br/media/sapl/public/materialegislativa/2013/24395/24395_texto_integral.odt", "ementa": "Solicita melhorias na rede de ilumina\u00e7\u00e3o p\u00fablica da Rua Onze de Junho, no Bairro Oper\u00e1rio."}, {"id": 24396, "ano": 2013, "numero": 2715, "tipo__sigla": "IND", "tipo__descricao": "Indica\u00e7\u00e3o/Pedido de Provid\u00eancias", "autoria__autor__nome": "Inspetor Luz", "texto_original": "https://sapl.camaranh.rs.gov.br/media/sapl/public/materialegislativa/2013/24396/24396_texto_integral.odt", "ementa": "Solicita opera\u00e7\u00e3o tapa-buracos em toda extens\u00e3o da Rua Pastor Gustav Nordlund, no Bairro S\u00e3o Jos\u00e9. "}, {"id": 24397, "ano": 2013, "numero": 2716, "tipo__sigla": "IND", "tipo__descricao": "Indica\u00e7\u00e3o/Pedido de Provid\u00eancias", "autoria__autor__nome": "Inspetor Luz", "texto_original": "https://sapl.camaranh.rs.gov.br/media/sapl/public/materialegislativa/2013/24397/24397_texto_integral.odt", "ementa": "Solicita capina e limpeza junto ao meio-fio em toda extens\u00e3o da Rua Carlos Walter Jung, no Bairro Santo Afonso."}, {"id": 24398, "ano": 2013, "numero": 2717, "tipo__sigla": "IND", "tipo__descricao": "Indica\u00e7\u00e3o/Pedido de Provid\u00eancias", "autoria__autor__nome": "Inspetor Luz", "texto_original": "https://sapl.camaranh.rs.gov.br/media/sapl/public/materialegislativa/2013/24398/24398_texto_integral.odt", "ementa": "Solicita capina e limpeza junto ao meio-fio em toda extens\u00e3o da Rua Punta Arenas, no Bairro Santo Afonso."}, {"id": 24399, "ano": 2013, "numero": 2718, "tipo__sigla": "IND", "tipo__descricao": "Indica\u00e7\u00e3o/Pedido de Provid\u00eancias", "autoria__autor__nome": "Inspetor Luz", "texto_original": "https://sapl.camaranh.rs.gov.br/media/sapl/public/materialegislativa/2013/24399/24399_texto_integral.odt", "ementa": "Solicita opera\u00e7\u00e3o tapa-buracos em toda extens\u00e3o da Rua dos Garis, no Bairro Vila Diehl. "}, {"id": 24400, "ano": 2013, "numero": 2719, "tipo__sigla": "IND", "tipo__descricao": "Indica\u00e7\u00e3o/Pedido de Provid\u00eancias", "autoria__autor__nome": "Inspetor Luz", "texto_original": "https://sapl.camaranh.rs.gov.br/media/sapl/public/materialegislativa/2013/24400/24400_texto_integral.odt", "ementa": "Solicita opera\u00e7\u00e3o tapa-buracos em toda extens\u00e3o da Rua Ant\u00f4nio Roberto Kroeff, no Bairro Santo Afonso."}, {"id": 24401, "ano": 2013, "numero": 2720, "tipo__sigla": "IND", "tipo__descricao": "Indica\u00e7\u00e3o/Pedido de Provid\u00eancias", "autoria__autor__nome": "Inspetor Luz", "texto_original": "https://sapl.camaranh.rs.gov.br/media/sapl/public/materialegislativa/2013/24401/24401_texto_integral.odt", "ementa": "Solicita opera\u00e7\u00e3o tapa-buracos em toda extens\u00e3o da Rua Leopoldo Wasum, no Bairro Santo Afonso."}, {"id": 24402, "ano": 2013, "numero": 2721, "tipo__sigla": "IND", "tipo__descricao": "Indica\u00e7\u00e3o/Pedido de Provid\u00eancias", "autoria__autor__nome": "Inspetor Luz", "texto_original": "https://sapl.camaranh.rs.gov.br/media/sapl/public/materialegislativa/2013/24402/24402_texto_integral.odt", "ementa": "Solicita opera\u00e7\u00e3o tapa-buracos em toda extens\u00e3o da Rua Carlos Afonso Braunger, no Bairro Santo Afonso."}, {"id": 24403, "ano": 2013, "numero": 2722, "tipo__sigla": "IND", "tipo__descricao": "Indica\u00e7\u00e3o/Pedido de Provid\u00eancias", "autoria__autor__nome": "Enfermeiro Vilmar", "texto_original": "https://sapl.camaranh.rs.gov.br/media/sapl/public/materialegislativa/2013/24403/24403_texto_integral.odt", "ementa": "Solicita ao Poder Executivo Municipal que envie um projeto para a C\u00e2mara de Vereadores, reduzindo a jornada de trabalho para 30 horas semanais dos titulares dos cargos de Enfermeiro, T\u00e9cnico em Enfermagem, T\u00e9cnico em Higiene Dental, Auxiliar de Consult\u00f3rio Dent\u00e1rio e Auxiliar de Enfermagem do Hospital Municipal (FSNH) e Unidades B\u00e1sicas de Sa\u00fade do Munic\u00edpio de Novo Hamburgo."}, {"id": 24405, "ano": 2013, "numero": 2723, "tipo__sigla": "IND", "tipo__descricao": "Indica\u00e7\u00e3o/Pedido de Provid\u00eancias", "autoria__autor__nome": "Patr\u00edcia Beck", "texto_original": "https://sapl.camaranh.rs.gov.br/media/sapl/public/materialegislativa/2013/24405/24405_texto_integral.odt", "ementa": "Reitera o pedido para que se efetue a limpeza do \"Arroio Peri\"."}, {"id": 24406, "ano": 2013, "numero": 2724, "tipo__sigla": "IND", "tipo__descricao": "Indica\u00e7\u00e3o/Pedido de Provid\u00eancias", "autoria__autor__nome": "Patr\u00edcia Beck", "texto_original": "https://sapl.camaranh.rs.gov.br/media/sapl/public/materialegislativa/2013/24406/24406_texto_integral.odt", "ementa": "Solicita  o conserto e manuten\u00e7\u00e3o de pe\u00e7as da Academia ao Ar Livre, na Pra\u00e7a do &#8220;Foguete&#8221;, Bairro P\u00e1tria Nova."}, {"id": 24407, "ano": 2013, "numero": 2725, "tipo__sigla": "IND", "tipo__descricao": "Indica\u00e7\u00e3o/Pedido de Provid\u00eancias", "autoria__autor__nome": "Patr\u00edcia Beck", "texto_original": "https://sapl.camaranh.rs.gov.br/media/sapl/public/materialegislativa/2013/24407/24407_texto_integral.odt", "ementa": "Solicita  a coloca\u00e7\u00e3o de redutor de velocidade na Rua Odon Cavalcante, pr\u00f3ximo a ponte."}, {"id": 24408, "ano": 2013, "numero": 2726, "tipo__sigla": "IND", "tipo__descricao": "Indica\u00e7\u00e3o/Pedido de Provid\u00eancias", "autoria__autor__nome": "Patr\u00edcia Beck", "texto_original": "https://sapl.camaranh.rs.gov.br/media/sapl/public/materialegislativa/2013/24408/24408_texto_integral.odt", "ementa": "Solicita a sincroniza\u00e7\u00e3o do tempo das sinaleiras instaladas na Av. Victor Hugo Kunz. "}, {"id": 24409, "ano": 2013, "numero": 2727, "tipo__sigla": "IND", "tipo__descricao": "Indica\u00e7\u00e3o/Pedido de Provid\u00eancias", "autoria__autor__nome": "Patr\u00edcia Beck", "texto_original": "https://sapl.camaranh.rs.gov.br/media/sapl/public/materialegislativa/2013/24409/24409_texto_integral.odt", "ementa": "Solicita limpeza e revitaliza\u00e7\u00e3o da pra\u00e7a localizada na Rua Itaqui, Bairro Boa Vista."}, {"id": 24410, "ano": 2013, "numero": 2728, "tipo__sigla": "IND", "tipo__descricao": "Indica\u00e7\u00e3o/Pedido de Provid\u00eancias", "autoria__autor__nome": "Patr\u00edcia Beck", "texto_original": "https://sapl.camaranh.rs.gov.br/media/sapl/public/materialegislativa/2013/24410/24410_texto_integral.odt", "ementa": "Solicita constru\u00e7\u00e3o de quebra-molas na Rua Machado de Assis, em frente a Escola, Bairro Ideal. "}, {"id": 24411, "ano": 2013, "numero": 2729, "tipo__sigla": "IND", "tipo__descricao": "Indica\u00e7\u00e3o/Pedido de Provid\u00eancias", "autoria__autor__nome": "Patr\u00edcia Beck", "texto_original": "https://sapl.camaranh.rs.gov.br/media/sapl/public/materialegislativa/2013/24411/24411_texto_integral.odt", "ementa": "Solicita constru\u00e7\u00e3o de quebra-molas na Rua Silvio Gilberto Christman em frente ao n\u00ba 1600, Bairro Canudos."}, {"id": 24412, "ano": 2013, "numero": 2730, "tipo__sigla": "IND", "tipo__descricao": "Indica\u00e7\u00e3o/Pedido de Provid\u00eancias", "autoria__autor__nome": "Patr\u00edcia Beck", "texto_original": "https://sapl.camaranh.rs.gov.br/media/sapl/public/materialegislativa/2013/24412/24412_texto_integral.odt", "ementa": "Solicita conserto e limpeza da boca-de-lobo na Rua S\u00edlvio Gilberto Christmann, ao lado do n\u00ba 523, Bairro Canudos."}, {"id": 24413, "ano": 2013, "numero": 2731, "tipo__sigla": "IND", "tipo__descricao": "Indica\u00e7\u00e3o/Pedido de Provid\u00eancias", "autoria__autor__nome": "Patr\u00edcia Beck", "texto_original": "https://sapl.camaranh.rs.gov.br/media/sapl/public/materialegislativa/2013/24413/24413_texto_integral.odt", "ementa": "Solicita constru\u00e7\u00e3o de quebra-molas na Rua Londres, esquina com a Rua Col\u00fambia, Bairro Canudos. "}, {"id": 24414, "ano": 2013, "numero": 2732, "tipo__sigla": "IND", "tipo__descricao": "Indica\u00e7\u00e3o/Pedido de Provid\u00eancias", "autoria__autor__nome": "Patr\u00edcia Beck", "texto_original": "https://sapl.camaranh.rs.gov.br/media/sapl/public/materialegislativa/2013/24414/24414_texto_integral.odt", "ementa": "Solicita recolhimento do lixo e a limpeza do terreno baldio na Rua Vidal Brasil, esquina com Rua Floren\u00e7a, Bairro Hamburgo Velho/Canudos. "}, {"id": 24415, "ano": 2013, "numero": 2733, "tipo__sigla": "IND", "tipo__descricao": "Indica\u00e7\u00e3o/Pedido de Provid\u00eancias", "autoria__autor__nome": "Patr\u00edcia Beck", "texto_original": "https://sapl.camaranh.rs.gov.br/media/sapl/public/materialegislativa/2013/24415/24415_texto_integral.odt", "ementa": "Solicita capeamento asf\u00e1ltico da Rua Feliz, entre as Ruas Potiguara e Bartolomeu de Gusm\u00e3o, Bairro Canudos. "}, {"id": 24416, "ano": 2013, "numero": 2734, "tipo__sigla": "IND", "tipo__descricao": "Indica\u00e7\u00e3o/Pedido de Provid\u00eancias", "autoria__autor__nome": "Patr\u00edcia Beck", "texto_original": "https://sapl.camaranh.rs.gov.br/media/sapl/public/materialegislativa/2013/24416/24416_texto_integral.odt", "ementa": "Solicita a transfer\u00eancia da parada de \u00f4nibus situada em frente \u00e0 Escola Ant\u00f4nio Conselheiro, na Rua Bruno W. Storck, Bairro Canudos. "}, {"id": 24417, "ano": 2013, "numero": 2735, "tipo__sigla": "IND", "tipo__descricao": "Indica\u00e7\u00e3o/Pedido de Provid\u00eancias", "autoria__autor__nome": "Patr\u00edcia Beck", "texto_original": "https://sapl.camaranh.rs.gov.br/media/sapl/public/materialegislativa/2013/24417/24417_texto_integral.odt", "ementa": "Solicita uma a\u00e7\u00e3o eficaz de policiamento por parte da Guarda Municipal e da Brigada Militar, com \u00eanfase nas infra\u00e7\u00f5es de tr\u00e2nsito. "}, {"id": 24418, "ano": 2013, "numero": 2736, "tipo__sigla": "IND", "tipo__descricao": "Indica\u00e7\u00e3o/Pedido de Provid\u00eancias", "autoria__autor__nome": "Patr\u00edcia Beck", "texto_original": "https://sapl.camaranh.rs.gov.br/media/sapl/public/materialegislativa/2013/24418/24418_texto_integral.odt", "ementa": "Solicita que seja limpa a Rua Atenas, removendo a areia que se acumula na pista ap\u00f3s as chuvas, Bairro Canudos."}, {"id": 24419, "ano": 2013, "numero": 2737, "tipo__sigla": "IND", "tipo__descricao": "Indica\u00e7\u00e3o/Pedido de Provid\u00eancias", "autoria__autor__nome": "Patr\u00edcia Beck", "texto_original": "https://sapl.camaranh.rs.gov.br/media/sapl/public/materialegislativa/2013/24419/24419_texto_integral.odt", "ementa": "Solicita aten\u00e7\u00e3o especial para a manuten\u00e7\u00e3o das pra\u00e7as do munic\u00edpio."}, {"id": 24420, "ano": 2013, "numero": 2738, "tipo__sigla": "IND", "tipo__descricao": "Indica\u00e7\u00e3o/Pedido de Provid\u00eancias", "autoria__autor__nome": "Patr\u00edcia Beck", "texto_original": "https://sapl.camaranh.rs.gov.br/media/sapl/public/materialegislativa/2013/24420/24420_texto_integral.odt", "ementa": "Solicita manuten\u00e7\u00e3o das cal\u00e7adas que rodeiam as escolas instaladas no munic\u00edpio."}, {"id": 24426, "ano": 2013, "numero": 2739, "tipo__sigla": "IND", "tipo__descricao": "Indica\u00e7\u00e3o/Pedido de Provid\u00eancias", "autoria__autor__nome": "Sergio Hanich", "texto_original": "https://sapl.camaranh.rs.gov.br/media/sapl/public/materialegislativa/2013/24426/24426_texto_integral.odt", "ementa": "Solicita  revis\u00e3o e a poda das \u00e1rvores no passeio p\u00fablico da Rua Ca\u00e7ador, trecho entre as ruas Marc\u00edlio Dias e Tupi, Bairro Rio Branco."}, {"id": 24427, "ano": 2013, "numero": 2740, "tipo__sigla": "IND", "tipo__descricao": "Indica\u00e7\u00e3o/Pedido de Provid\u00eancias", "autoria__autor__nome": "Sergio Hanich", "texto_original": "https://sapl.camaranh.rs.gov.br/media/sapl/public/materialegislativa/2013/24427/24427_texto_integral.odt", "ementa": "Solicita revitaliza\u00e7\u00e3o da pintura da faixa de seguran\u00e7a em ambos os lados da Av. Primeiro de Mar\u00e7o, esquina com a Av. Sete de Setembro, Bairro Liberdade."}, {"id": 24428, "ano": 2013, "numero": 2741, "tipo__sigla": "IND", "tipo__descricao": "Indica\u00e7\u00e3o/Pedido de Provid\u00eancias", "autoria__autor__nome": "Sergio Hanich", "texto_original": "https://sapl.camaranh.rs.gov.br/media/sapl/public/materialegislativa/2013/24428/24428_texto_integral.odt", "ementa": "Solicita a revis\u00e3o e a poda das \u00e1rvores no canteiro central da Avenida Pedro Adams Filho, no trecho entre a Rua Lima e a Avenida Alvear, Bairro Santo Afonso."}, {"id": 24429, "ano": 2013, "numero": 2742, "tipo__sigla": "IND", "tipo__descricao": "Indica\u00e7\u00e3o/Pedido de Provid\u00eancias", "autoria__autor__nome": "Sergio Hanich", "texto_original": "https://sapl.camaranh.rs.gov.br/media/sapl/public/materialegislativa/2013/24429/24429_texto_integral.odt", "ementa": "Solicita opera\u00e7\u00e3o tapa-buracos na Rua Carlos Germano B\u00fcrkle, trecho entre a Rua Alv\u00edcio Lu\u00edz Klaser e a Av. Na\u00e7\u00f5es Unidas, Bairro Ideal."}, {"id": 24430, "ano": 2013, "numero": 2743, "tipo__sigla": "IND", "tipo__descricao": "Indica\u00e7\u00e3o/Pedido de Provid\u00eancias", "autoria__autor__nome": "Sergio Hanich", "texto_original": "https://sapl.camaranh.rs.gov.br/media/sapl/public/materialegislativa/2013/24430/24430_texto_integral.odt", "ementa": "Solicita conserto de infiltra\u00e7\u00e3o junto \u00e0 boca-de-lobo na Rua Santo Andr\u00e9, em frente ao n\u00ba 64, Bairro Canudos."}, {"id": 24431, "ano": 2013, "numero": 2744, "tipo__sigla": "IND", "tipo__descricao": "Indica\u00e7\u00e3o/Pedido de Provid\u00eancias", "autoria__autor__nome": "Sergio Hanich", "texto_original": "https://sapl.camaranh.rs.gov.br/media/sapl/public/materialegislativa/2013/24431/24431_texto_integral.odt", "ementa": "Solicita opera\u00e7\u00e3o tapa-buracos na Rua Roca Sales, em frente ao n\u00ba 368, Bairro Rond\u00f4nia."}, {"id": 24436, "ano": 2013, "numero": 2745, "tipo__sigla": "IND", "tipo__descricao": "Indica\u00e7\u00e3o/Pedido de Provid\u00eancias", "autoria__autor__nome": "Raul Cassel", "texto_original": "https://sapl.camaranh.rs.gov.br/media/sapl/public/materialegislativa/2013/24436/24436_texto_integral.odt", "ementa": "Solicita que seja intimado o propriet\u00e1rio do terreno localizado na Rua Jos\u00e9 de Alencar, ao do n\u00ba 68, Bairro Rio Branco."}, {"id": 24437, "ano": 2013, "numero": 2746, "tipo__sigla": "IND", "tipo__descricao": "Indica\u00e7\u00e3o/Pedido de Provid\u00eancias", "autoria__autor__nome": "Raul Cassel", "texto_original": "https://sapl.camaranh.rs.gov.br/media/sapl/public/materialegislativa/2013/24437/24437_texto_integral.odt", "ementa": "Solicita limpeza nos canteiros de toda a extens\u00e3o da Avenida Sete de Setembro."}, {"id": 24450, "ano": 2013, "numero": 2747, "tipo__sigla": "IND", "tipo__descricao": "Indica\u00e7\u00e3o/Pedido de Provid\u00eancias", "autoria__autor__nome": "Inspetor Luz", "texto_original": "https://sapl.camaranh.rs.gov.br/media/sapl/public/materialegislativa/2013/24450/24450_texto_integral.odt", "ementa": "Solicita capina e limpeza junto ao meio-fio em toda extens\u00e3o da Rua Sander, no Bairro Jardim Mau\u00e1."}, {"id": 24451, "ano": 2013, "numero": 2748, "tipo__sigla": "IND", "tipo__descricao": "Indica\u00e7\u00e3o/Pedido de Provid\u00eancias", "autoria__autor__nome": "Inspetor Luz", "texto_original": "https://sapl.camaranh.rs.gov.br/media/sapl/public/materialegislativa/2013/24451/24451_texto_integral.odt", "ementa": "Solicita opera\u00e7\u00e3o tapa-buracos em toda extens\u00e3o da Rua Karl Wilhelm Schinke, no Bairro Rond\u00f4nia."}, {"id": 24452, "ano": 2013, "numero": 2749, "tipo__sigla": "IND", "tipo__descricao": "Indica\u00e7\u00e3o/Pedido de Provid\u00eancias", "autoria__autor__nome": "Inspetor Luz", "texto_original": "https://sapl.camaranh.rs.gov.br/media/sapl/public/materialegislativa/2013/24452/24452_texto_integral.odt", "ementa": "Solicita asfaltamento da Rua Araguaia, no Bairro Jardim Mau\u00e1. "}, {"id": 24453, "ano": 2013, "numero": 2750, "tipo__sigla": "IND", "tipo__descricao": "Indica\u00e7\u00e3o/Pedido de Provid\u00eancias", "autoria__autor__nome": "Gerson Peteffi", "texto_original": "https://sapl.camaranh.rs.gov.br/media/sapl/public/materialegislativa/2013/24453/24453_texto_integral.odt", "ementa": "Solicita conserto de infiltra\u00e7\u00e3o na Rua Almirante Barroso, esquina com a Rua Domingos de Almeida, em frente ao n\u00ba 610, ao lado do Super Lanches, Centro."}, {"id": 24454, "ano": 2013, "numero": 2751, "tipo__sigla": "IND", "tipo__descricao": "Indica\u00e7\u00e3o/Pedido de Provid\u00eancias", "autoria__autor__nome": "Gerson Peteffi", "texto_original": "https://sapl.camaranh.rs.gov.br/media/sapl/public/materialegislativa/2013/24454/24454_texto_integral.odt", "ementa": "Solicita opera\u00e7\u00e3o tapa-buracos na Rua Heller, entre as Ruas Joaquim Pedro Soares e Silveira Martins, Centro.\t."}, {"id": 24460, "ano": 2013, "numero": 2752, "tipo__sigla": "IND", "tipo__descricao": "Indica\u00e7\u00e3o/Pedido de Provid\u00eancias", "autoria__autor__nome": "Raul Cassel", "texto_original": "https://sapl.camaranh.rs.gov.br/media/sapl/public/materialegislativa/2013/24460/24460_texto_integral.odt", "ementa": "Solicita pintura de faixa de seguran\u00e7a na Av. Nicolau Becker, em ambos os lados, entre as Ruas Joaquim Pedro Soares e Bento Gon\u00e7alves, Bairro Guarani."}, {"id": 24461, "ano": 2013, "numero": 2753, "tipo__sigla": "IND", "tipo__descricao": "Indica\u00e7\u00e3o/Pedido de Provid\u00eancias", "autoria__autor__nome": "Inspetor Luz", "texto_original": "https://sapl.camaranh.rs.gov.br/media/sapl/public/materialegislativa/2013/24461/24461_texto_integral.odt", "ementa": "Sugere ao Executivo estudo para proibir o estacionamento junto ao meio-fio num dos lados da Rua Araguaia, especialmente nas proximidades do entroncamento com a Rua Gomes Portinho, Bairro Jardim Mau\u00e1."}, {"id": 24462, "ano": 2013, "numero": 2754, "tipo__sigla": "IND", "tipo__descricao": "Indica\u00e7\u00e3o/Pedido de Provid\u00eancias", "autoria__autor__nome": "Inspetor Luz", "texto_original": "https://sapl.camaranh.rs.gov.br/media/sapl/public/materialegislativa/2013/24462/24462_texto_integral.odt", "ementa": "Solicita capina e limpeza junto ao meio-fio em toda extens\u00e3o da Rua Raimundo Correa, no Bairro Oper\u00e1rio."}, {"id": 24463, "ano": 2013, "numero": 2755, "tipo__sigla": "IND", "tipo__descricao": "Indica\u00e7\u00e3o/Pedido de Provid\u00eancias", "autoria__autor__nome": "Inspetor Luz", "texto_original": "https://sapl.camaranh.rs.gov.br/media/sapl/public/materialegislativa/2013/24463/24463_texto_integral.odt", "ementa": "Solicita capina e limpeza junto ao meio-fio em toda extens\u00e3o da Rua Antonio Augusto de Lima, no Bairro Oper\u00e1rio."}, {"id": 24464, "ano": 2013, "numero": 2756, "tipo__sigla": "IND", "tipo__descricao": "Indica\u00e7\u00e3o/Pedido de Provid\u00eancias", "autoria__autor__nome": "Inspetor Luz", "texto_original": "https://sapl.camaranh.rs.gov.br/media/sapl/public/materialegislativa/2013/24464/24464_texto_integral.odt", "ementa": "Solicita capina e limpeza junto ao meio-fio em toda extens\u00e3o da Rua Joaquim Manoel de Macedo, no Bairro Oper\u00e1rio."}, {"id": 24466, "ano": 2013, "numero": 2757, "tipo__sigla": "IND", "tipo__descricao": "Indica\u00e7\u00e3o/Pedido de Provid\u00eancias", "autoria__autor__nome": "Patr\u00edcia Beck", "texto_original": "https://sapl.camaranh.rs.gov.br/media/sapl/public/materialegislativa/2013/24466/24466_texto_integral.odt", "ementa": "Solicita que seja designado  um dentista para atuar na USF da Morada dos Eucaliptos.\r\n"}, {"id": 24468, "ano": 2013, "numero": 2758, "tipo__sigla": "IND", "tipo__descricao": "Indica\u00e7\u00e3o/Pedido de Provid\u00eancias", "autoria__autor__nome": "Patr\u00edcia Beck", "texto_original": "https://sapl.camaranh.rs.gov.br/media/sapl/public/materialegislativa/2013/24468/24468_texto_integral.odt", "ementa": "Solicita limpeza e recupera\u00e7\u00e3o da  escadaria existente entre a Avenida Vitor Hugo Kunz e Rua Lia Schutz, Bairro Hamburgo Velho."}, {"id": 24469, "ano": 2013, "numero": 2759, "tipo__sigla": "IND", "tipo__descricao": "Indica\u00e7\u00e3o/Pedido de Provid\u00eancias", "autoria__autor__nome": "Patr\u00edcia Beck", "texto_original": "https://sapl.camaranh.rs.gov.br/media/sapl/public/materialegislativa/2013/24469/24469_texto_integral.odt", "ementa": " Solicita sinaliza\u00e7\u00e3o e constru\u00e7\u00e3o de redutor  de velocidade na Rua Alfredo Marotzki, Bairro Canudos. "}, {"id": 24470, "ano": 2013, "numero": 2760, "tipo__sigla": "IND", "tipo__descricao": "Indica\u00e7\u00e3o/Pedido de Provid\u00eancias", "autoria__autor__nome": "Patr\u00edcia Beck", "texto_original": "https://sapl.camaranh.rs.gov.br/media/sapl/public/materialegislativa/2013/24470/24470_texto_integral.odt", "ementa": "Solicita asfaltamento da Avenida Vitor Hugo  Kunz, em toda sua extens\u00e3o."}, {"id": 24471, "ano": 2013, "numero": 2761, "tipo__sigla": "IND", "tipo__descricao": "Indica\u00e7\u00e3o/Pedido de Provid\u00eancias", "autoria__autor__nome": "Patr\u00edcia Beck", "texto_original": "https://sapl.camaranh.rs.gov.br/media/sapl/public/materialegislativa/2013/24471/24471_texto_integral.odt", "ementa": "Solicita o capeamento asf\u00e1ltico das travessas existentes entre as Ruas Am\u00e9rica e Bom Princ\u00edpio, Bairro Canudos."}, {"id": 24472, "ano": 2013, "numero": 2762, "tipo__sigla": "IND", "tipo__descricao": "Indica\u00e7\u00e3o/Pedido de Provid\u00eancias", "autoria__autor__nome": "Patr\u00edcia Beck", "texto_original": "https://sapl.camaranh.rs.gov.br/media/sapl/public/materialegislativa/2013/24472/24472_texto_integral.odt", "ementa": "Solicita conserto e manuten\u00e7\u00e3o da ponte na Rua Campo Bom com Jamaica, Bairro Canudos.          "}, {"id": 24473, "ano": 2013, "numero": 2763, "tipo__sigla": "IND", "tipo__descricao": "Indica\u00e7\u00e3o/Pedido de Provid\u00eancias", "autoria__autor__nome": "Patr\u00edcia Beck", "texto_original": "https://sapl.camaranh.rs.gov.br/media/sapl/public/materialegislativa/2013/24473/24473_texto_integral.odt", "ementa": "Solicita opera\u00e7\u00e3o tapa-buracos na Rua Campo Bom, em toda sua extens\u00e3o, Bairro Canudos."}, {"id": 24474, "ano": 2013, "numero": 2764, "tipo__sigla": "IND", "tipo__descricao": "Indica\u00e7\u00e3o/Pedido de Provid\u00eancias", "autoria__autor__nome": "Patr\u00edcia Beck", "texto_original": "https://sapl.camaranh.rs.gov.br/media/sapl/public/materialegislativa/2013/24474/24474_texto_integral.odt", "ementa": "Solicita limpeza e conserto da boca-de-lobo na Rua Pedro Birk, em frente ao n\u00ba 500, Bairro Vila Nova."}, {"id": 24475, "ano": 2013, "numero": 2765, "tipo__sigla": "IND", "tipo__descricao": "Indica\u00e7\u00e3o/Pedido de Provid\u00eancias", "autoria__autor__nome": "Patr\u00edcia Beck", "texto_original": "https://sapl.camaranh.rs.gov.br/media/sapl/public/materialegislativa/2013/24475/24475_texto_integral.odt", "ementa": "Solicita opera\u00e7\u00e3o tapa-buracos na R\u00f3tula Carlos G. Eckadt, Centro."}, {"id": 24476, "ano": 2013, "numero": 2766, "tipo__sigla": "IND", "tipo__descricao": "Indica\u00e7\u00e3o/Pedido de Provid\u00eancias", "autoria__autor__nome": "Patr\u00edcia Beck", "texto_original": "https://sapl.camaranh.rs.gov.br/media/sapl/public/materialegislativa/2013/24476/24476_texto_integral.odt", "ementa": "Sugere a constru\u00e7\u00e3o de passeio p\u00fablico no entorno da Pra\u00e7a da Rua \u00cdcaro, Bairro Canudos."}, {"id": 24477, "ano": 2013, "numero": 2767, "tipo__sigla": "IND", "tipo__descricao": "Indica\u00e7\u00e3o/Pedido de Provid\u00eancias", "autoria__autor__nome": "Patr\u00edcia Beck", "texto_original": "https://sapl.camaranh.rs.gov.br/media/sapl/public/materialegislativa/2013/24477/24477_texto_integral.odt", "ementa": "Solicita limpeza, corte da grama e recupera\u00e7\u00e3o dos brinquedos da Pra\u00e7a Centen\u00e1rio, Bairro Canudos.    "}, {"id": 24478, "ano": 2013, "numero": 2768, "tipo__sigla": "IND", "tipo__descricao": "Indica\u00e7\u00e3o/Pedido de Provid\u00eancias", "autoria__autor__nome": "Patr\u00edcia Beck", "texto_original": "https://sapl.camaranh.rs.gov.br/media/sapl/public/materialegislativa/2013/24478/24478_texto_integral.odt", "ementa": "Solicita a instala\u00e7\u00e3o de um toldo de prote\u00e7\u00e3o na entrada da emerg\u00eancia do PA, Bairro Centro."}, {"id": 24479, "ano": 2013, "numero": 2769, "tipo__sigla": "IND", "tipo__descricao": "Indica\u00e7\u00e3o/Pedido de Provid\u00eancias", "autoria__autor__nome": "Patr\u00edcia Beck", "texto_original": "https://sapl.camaranh.rs.gov.br/media/sapl/public/materialegislativa/2013/24479/24479_texto_integral.odt", "ementa": "Solicita limpeza e recolhimento de lixo e entulhos ao longo do Arroio Pampa, na Av. Alc\u00e2ntara, Bairro Canudos."}, {"id": 24480, "ano": 2013, "numero": 2770, "tipo__sigla": "IND", "tipo__descricao": "Indica\u00e7\u00e3o/Pedido de Provid\u00eancias", "autoria__autor__nome": "Patr\u00edcia Beck", "texto_original": "https://sapl.camaranh.rs.gov.br/media/sapl/public/materialegislativa/2013/24480/24480_texto_integral.odt", "ementa": "Solicita limpeza e vistoria em frente ao Hotel na Rua 11 de Junho, Vila Rosa."}, {"id": 24481, "ano": 2013, "numero": 2771, "tipo__sigla": "IND", "tipo__descricao": "Indica\u00e7\u00e3o/Pedido de Provid\u00eancias", "autoria__autor__nome": "Patr\u00edcia Beck", "texto_original": "https://sapl.camaranh.rs.gov.br/media/sapl/public/materialegislativa/2013/24481/24481_texto_integral.odt", "ementa": "Solicita poda e limpeza dos pl\u00e1tanos na Rua Vidal Brasil, em frente ao n\u00ba 28, Bairro Hamburgo Velho."}, {"id": 24483, "ano": 2013, "numero": 2772, "tipo__sigla": "IND", "tipo__descricao": "Indica\u00e7\u00e3o/Pedido de Provid\u00eancias", "autoria__autor__nome": "Sergio Hanich", "texto_original": "https://sapl.camaranh.rs.gov.br/media/sapl/public/materialegislativa/2013/24483/24483_texto_integral.odt", "ementa": "Solicita recapeamento asf\u00e1ltico na Rua Caxias do Sul, trecho entre a Rua Onze de Junho e Avenida Na\u00e7\u00f5es Unidas, Bairro Rinc\u00e3o."}, {"id": 24484, "ano": 2013, "numero": 2773, "tipo__sigla": "IND", "tipo__descricao": "Indica\u00e7\u00e3o/Pedido de Provid\u00eancias", "autoria__autor__nome": "Sergio Hanich", "texto_original": "https://sapl.camaranh.rs.gov.br/media/sapl/public/materialegislativa/2013/24484/24484_texto_integral.odt", "ementa": "Solicita intima\u00e7\u00e3o do propriet\u00e1rio para que fa\u00e7a limpeza do terreno da Rua Curitibanos, n\u00ba 1598, Bairro Canudos."}, {"id": 24485, "ano": 2013, "numero": 2774, "tipo__sigla": "IND", "tipo__descricao": "Indica\u00e7\u00e3o/Pedido de Provid\u00eancias", "autoria__autor__nome": "Professor Issur Koch", "texto_original": "https://sapl.camaranh.rs.gov.br/media/sapl/public/materialegislativa/2013/24485/24485_texto_integral.odt", "ementa": "Reitera pedido de poda de \u00e1rvores da Pra\u00e7a Santa Rita de C\u00e1ssia, no Bairro Canudos."}, {"id": 24486, "ano": 2013, "numero": 2775, "tipo__sigla": "IND", "tipo__descricao": "Indica\u00e7\u00e3o/Pedido de Provid\u00eancias", "autoria__autor__nome": "Professor Issur Koch", "texto_original": "https://sapl.camaranh.rs.gov.br/media/sapl/public/materialegislativa/2013/24486/24486_texto_integral.odt", "ementa": "Reitera o pedido de implanta\u00e7\u00e3o de Academia ao Ar livre na Pra\u00e7a Santa Rita de C\u00e1ssia, no Bairro Canudos."}, {"id": 24487, "ano": 2013, "numero": 2776, "tipo__sigla": "IND", "tipo__descricao": "Indica\u00e7\u00e3o/Pedido de Provid\u00eancias", "autoria__autor__nome": "Professor Issur Koch", "texto_original": "https://sapl.camaranh.rs.gov.br/media/sapl/public/materialegislativa/2013/24487/24487_texto_integral.odt", "ementa": " Reitera o pedido de revitaliza\u00e7\u00e3o da Pra\u00e7a Santa Rita de C\u00e1ssia, no Bairro Canudos."}, {"id": 24502, "ano": 2013, "numero": 2777, "tipo__sigla": "IND", "tipo__descricao": "Indica\u00e7\u00e3o/Pedido de Provid\u00eancias", "autoria__autor__nome": "Inspetor Luz", "texto_original": "https://sapl.camaranh.rs.gov.br/media/sapl/public/materialegislativa/2013/24502/24502_texto_integral.odt", "ementa": "Solicita asfaltamento da Rua Ant\u00f4nio Augusto de Lima, no Bairro Oper\u00e1rio. "}, {"id": 24503, "ano": 2013, "numero": 2778, "tipo__sigla": "IND", "tipo__descricao": "Indica\u00e7\u00e3o/Pedido de Provid\u00eancias", "autoria__autor__nome": "Inspetor Luz", "texto_original": "https://sapl.camaranh.rs.gov.br/media/sapl/public/materialegislativa/2013/24503/24503_texto_integral.odt", "ementa": "Solicita opera\u00e7\u00e3o tapa-buracos em toda extens\u00e3o da Rua Pedro \u00c1lvares Cabral, no Bairro Vila Rosa. "}, {"id": 24504, "ano": 2013, "numero": 2779, "tipo__sigla": "IND", "tipo__descricao": "Indica\u00e7\u00e3o/Pedido de Provid\u00eancias", "autoria__autor__nome": "Inspetor Luz", "texto_original": "https://sapl.camaranh.rs.gov.br/media/sapl/public/materialegislativa/2013/24504/24504_texto_integral.odt", "ementa": "Solicita opera\u00e7\u00e3o tapa-buracos em toda extens\u00e3o da Rua Ava\u00ed, no Bairro Vila Rosa. "}, {"id": 24505, "ano": 2013, "numero": 2780, "tipo__sigla": "IND", "tipo__descricao": "Indica\u00e7\u00e3o/Pedido de Provid\u00eancias", "autoria__autor__nome": "Inspetor Luz", "texto_original": "https://sapl.camaranh.rs.gov.br/media/sapl/public/materialegislativa/2013/24505/24505_texto_integral.odt", "ementa": "Solicita capina e limpeza junto ao meio-fio em toda extens\u00e3o da Rua Marqu\u00eas de Maric\u00e1, no Bairro Oper\u00e1rio."}, {"id": 24506, "ano": 2013, "numero": 2781, "tipo__sigla": "IND", "tipo__descricao": "Indica\u00e7\u00e3o/Pedido de Provid\u00eancias", "autoria__autor__nome": "Inspetor Luz", "texto_original": "https://sapl.camaranh.rs.gov.br/media/sapl/public/materialegislativa/2013/24506/24506_texto_integral.odt", "ementa": "Solicita capina e limpeza junto ao meio-fio em toda extens\u00e3o da Rua Antonio Augusto de Lima, no Bairro Oper\u00e1rio."}, {"id": 24507, "ano": 2013, "numero": 2782, "tipo__sigla": "IND", "tipo__descricao": "Indica\u00e7\u00e3o/Pedido de Provid\u00eancias", "autoria__autor__nome": "Inspetor Luz", "texto_original": "https://sapl.camaranh.rs.gov.br/media/sapl/public/materialegislativa/2013/24507/24507_texto_integral.odt", "ementa": "Solicita opera\u00e7\u00e3o tapa-buracos em toda extens\u00e3o da Rua Crist\u00f3v\u00e3o Colombo, no Bairro Vila Rosa."}, {"id": 24508, "ano": 2013, "numero": 2783, "tipo__sigla": "IND", "tipo__descricao": "Indica\u00e7\u00e3o/Pedido de Provid\u00eancias", "autoria__autor__nome": "Inspetor Luz", "texto_original": "https://sapl.camaranh.rs.gov.br/media/sapl/public/materialegislativa/2013/24508/24508_texto_integral.odt", "ementa": "Solicita asfaltamento da Rua Joaquim Manoel de M\u00e2cedo, no Bairro Vila Rosa. "}, {"id": 24509, "ano": 2013, "numero": 2784, "tipo__sigla": "IND", "tipo__descricao": "Indica\u00e7\u00e3o/Pedido de Provid\u00eancias", "autoria__autor__nome": "Inspetor Luz", "texto_original": "https://sapl.camaranh.rs.gov.br/media/sapl/public/materialegislativa/2013/24509/24509_texto_integral.odt", "ementa": "Solicita capina e limpeza junto ao meio-fio em toda extens\u00e3o da Rua Joaquim Manoel de M\u00e2cedo, no Bairro Vila Rosa."}, {"id": 24510, "ano": 2013, "numero": 2785, "tipo__sigla": "IND", "tipo__descricao": "Indica\u00e7\u00e3o/Pedido de Provid\u00eancias", "autoria__autor__nome": "Inspetor Luz", "texto_original": "https://sapl.camaranh.rs.gov.br/media/sapl/public/materialegislativa/2013/24510/24510_texto_integral.odt", "ementa": "Solicita asfaltamento da Rua Coelho Neto, no Bairro Vila Rosa. "}, {"id": 24511, "ano": 2013, "numero": 2786, "tipo__sigla": "IND", "tipo__descricao": "Indica\u00e7\u00e3o/Pedido de Provid\u00eancias", "autoria__autor__nome": "Inspetor Luz", "texto_original": "https://sapl.camaranh.rs.gov.br/media/sapl/public/materialegislativa/2013/24511/24511_texto_integral.odt", "ementa": "Solicita capina e limpeza junto ao meio-fio em toda extens\u00e3o da Rua Coelho Neto, no Bairro Vila Rosa."}, {"id": 24512, "ano": 2013, "numero": 2787, "tipo__sigla": "IND", "tipo__descricao": "Indica\u00e7\u00e3o/Pedido de Provid\u00eancias", "autoria__autor__nome": "Inspetor Luz", "texto_original": "https://sapl.camaranh.rs.gov.br/media/sapl/public/materialegislativa/2013/24512/24512_texto_integral.odt", "ementa": "Solicita asfaltamento da Rua Marqu\u00eas de Maric\u00e1, no  Bairro Oper\u00e1rio. "}, {"id": 24514, "ano": 2013, "numero": 2788, "tipo__sigla": "IND", "tipo__descricao": "Indica\u00e7\u00e3o/Pedido de Provid\u00eancias", "autoria__autor__nome": "Raul Cassel", "texto_original": "https://sapl.camaranh.rs.gov.br/media/sapl/public/materialegislativa/2013/24514/24514_texto_integral.odt", "ementa": "Solicita pintura da faixa de seguran\u00e7a da Rua Ip\u00ea, esquina com a Av. Avenida Primeiro de Mar\u00e7o, Bairro Ideal."}, {"id": 24515, "ano": 2013, "numero": 2789, "tipo__sigla": "IND", "tipo__descricao": "Indica\u00e7\u00e3o/Pedido de Provid\u00eancias", "autoria__autor__nome": "Raul Cassel", "texto_original": "https://sapl.camaranh.rs.gov.br/media/sapl/public/materialegislativa/2013/24515/24515_texto_integral.odt", "ementa": "Solicita desentupimento de boca-de-lobo e limpeza de bueiros na Avenida Primeiro de Mar\u00e7o, entre a Avenida Sete de Setembro e a Rua Tr\u00eas de Outubro."}, {"id": 24516, "ano": 2013, "numero": 2790, "tipo__sigla": "IND", "tipo__descricao": "Indica\u00e7\u00e3o/Pedido de Provid\u00eancias", "autoria__autor__nome": "Raul Cassel", "texto_original": "https://sapl.camaranh.rs.gov.br/media/sapl/public/materialegislativa/2013/24516/24516_texto_integral.odt", "ementa": "Solicita coloca\u00e7\u00e3o de bancos na Pra\u00e7a do  Imigrante, no Bairro Centro."}, {"id": 24520, "ano": 2013, "numero": 2791, "tipo__sigla": "IND", "tipo__descricao": "Indica\u00e7\u00e3o/Pedido de Provid\u00eancias", "autoria__autor__nome": "Patr\u00edcia Beck", "texto_original": "https://sapl.camaranh.rs.gov.br/media/sapl/public/materialegislativa/2013/24520/24520_texto_integral.odt", "ementa": " Solicita  troca do poste na Rua S\u00e3o Leopoldo, em frente ao n\u00ba 189 , Bairro Liberdade."}, {"id": 24522, "ano": 2013, "numero": 2792, "tipo__sigla": "IND", "tipo__descricao": "Indica\u00e7\u00e3o/Pedido de Provid\u00eancias", "autoria__autor__nome": "Patr\u00edcia Beck", "texto_original": "https://sapl.camaranh.rs.gov.br/media/sapl/public/materialegislativa/2013/24522/24522_texto_integral.odt", "ementa": "Solicita  troca dos postes da Rua Ana Nery, principalmente os que est\u00e3o dentro de propriedades particulares, Bairro Industrial."}, {"id": 24524, "ano": 2013, "numero": 2793, "tipo__sigla": "IND", "tipo__descricao": "Indica\u00e7\u00e3o/Pedido de Provid\u00eancias", "autoria__autor__nome": "Cristiano Coller", "texto_original": "https://sapl.camaranh.rs.gov.br/media/sapl/public/materialegislativa/2013/24524/24524_texto_integral.odt", "ementa": "Solicita recapeamento asf\u00e1ltico na Rua La Paz, no Bairro Santo Afonso."}, {"id": 24526, "ano": 2013, "numero": 2794, "tipo__sigla": "IND", "tipo__descricao": "Indica\u00e7\u00e3o/Pedido de Provid\u00eancias", "autoria__autor__nome": "JorgeTatsch", "texto_original": "https://sapl.camaranh.rs.gov.br/media/sapl/public/materialegislativa/2013/24526/24526_texto_integral.odt", "ementa": "Solicita recapeamento asf\u00e1ltico na Rua Paes Leme, no trecho entre a Rua Agudo e a Rua Guilherme Poschetzky, no Bairro Vila Nova."}, {"id": 24528, "ano": 2013, "numero": 2795, "tipo__sigla": "IND", "tipo__descricao": "Indica\u00e7\u00e3o/Pedido de Provid\u00eancias", "autoria__autor__nome": "JorgeTatsch", "texto_original": "https://sapl.camaranh.rs.gov.br/media/sapl/public/materialegislativa/2013/24528/24528_texto_integral.odt", "ementa": "Solicita opera\u00e7\u00e3o tapa-buracos e recapeamento asf\u00e1ltico na Rua Alfredo Marotzki, no Bairro Canudos."}, {"id": 24529, "ano": 2013, "numero": 2796, "tipo__sigla": "IND", "tipo__descricao": "Indica\u00e7\u00e3o/Pedido de Provid\u00eancias", "autoria__autor__nome": "JorgeTatsch", "texto_original": "https://sapl.camaranh.rs.gov.br/media/sapl/public/materialegislativa/2013/24529/24529_texto_integral.odt", "ementa": "Solicita conserto de infiltra\u00e7\u00e3o na Rua Washington, em frente ao n\u00ba 305, Santo Afonso."}, {"id": 24530, "ano": 2013, "numero": 2797, "tipo__sigla": "IND", "tipo__descricao": "Indica\u00e7\u00e3o/Pedido de Provid\u00eancias", "autoria__autor__nome": "JorgeTatsch", "texto_original": "https://sapl.camaranh.rs.gov.br/media/sapl/public/materialegislativa/2013/24530/24530_texto_integral.odt", "ementa": "Solicita poda de \u00e1rvores localizadas na Rua Washington, pr\u00f3ximas ao n\u00famero 305, Bairro Santo Afonso."}, {"id": 24537, "ano": 2013, "numero": 2798, "tipo__sigla": "IND", "tipo__descricao": "Indica\u00e7\u00e3o/Pedido de Provid\u00eancias", "autoria__autor__nome": "Sergio Hanich", "texto_original": "https://sapl.camaranh.rs.gov.br/media/sapl/public/materialegislativa/2013/24537/24537_texto_integral.odt", "ementa": "Solicita conserto da cal\u00e7ada na ponte sobre o Arroio Luiz Rau, na Av. Na\u00e7\u00f5es Unidas, esquina com Rua Crist\u00f3v\u00e3o Colombo, Bairro Vila Rosa."}, {"id": 24538, "ano": 2013, "numero": 2799, "tipo__sigla": "IND", "tipo__descricao": "Indica\u00e7\u00e3o/Pedido de Provid\u00eancias", "autoria__autor__nome": "Sergio Hanich", "texto_original": "https://sapl.camaranh.rs.gov.br/media/sapl/public/materialegislativa/2013/24538/24538_texto_integral.odt", "ementa": "Solicita estudo de viabilidade para coloca\u00e7\u00e3o de redutor de velocidade e/ou sinaliza\u00e7\u00e3o de tr\u00e2nsito eficaz na Rua Bom Princ\u00edpio, nas proximidades do n\u00ba 581, Bairro Canudos."}, {"id": 24539, "ano": 2013, "numero": 2800, "tipo__sigla": "IND", "tipo__descricao": "Indica\u00e7\u00e3o/Pedido de Provid\u00eancias", "autoria__autor__nome": "Sergio Hanich", "texto_original": "https://sapl.camaranh.rs.gov.br/media/sapl/public/materialegislativa/2013/24539/24539_texto_integral.odt", "ementa": "Solicita limpeza e recolhimento de lixo e material diversificado na Rua Renato Jos\u00e9 Blauth, esquina com a Rua Monteiro Lobato, Bairro Redentora."}, {"id": 24540, "ano": 2013, "numero": 2801, "tipo__sigla": "IND", "tipo__descricao": "Indica\u00e7\u00e3o/Pedido de Provid\u00eancias", "autoria__autor__nome": "JorgeTatsch", "texto_original": "https://sapl.camaranh.rs.gov.br/media/sapl/public/materialegislativa/2013/24540/24540_texto_integral.odt", "ementa": "Solicita com urg\u00eancia o patrolamento da Rua  Podal\u00edrio Ov\u00eddio de Mello, no Bairro Lomba Grande."}, {"id": 24542, "ano": 2013, "numero": 2802, "tipo__sigla": "IND", "tipo__descricao": "Indica\u00e7\u00e3o/Pedido de Provid\u00eancias", "autoria__autor__nome": "JorgeTatsch", "texto_original": "https://sapl.camaranh.rs.gov.br/media/sapl/public/materialegislativa/2013/24542/24542_texto_integral.odt", "ementa": "Solicita revitaliza\u00e7\u00e3o da pintura da faixa de seguran\u00e7a da Av. Pedro Adams Filho, em toda a sua extens\u00e3o, Bairro Centro."}, {"id": 24543, "ano": 2013, "numero": 2803, "tipo__sigla": "IND", "tipo__descricao": "Indica\u00e7\u00e3o/Pedido de Provid\u00eancias", "autoria__autor__nome": "JorgeTatsch", "texto_original": "https://sapl.camaranh.rs.gov.br/media/sapl/public/materialegislativa/2013/24543/24543_texto_integral.odt", "ementa": "Solicita revitaliza\u00e7\u00e3o da pintura da faixa de seguran\u00e7a da Rua Joaquim Nabuco, em toda a sua extens\u00e3o, Bairro Centro."}, {"id": 24544, "ano": 2013, "numero": 2804, "tipo__sigla": "IND", "tipo__descricao": "Indica\u00e7\u00e3o/Pedido de Provid\u00eancias", "autoria__autor__nome": "JorgeTatsch", "texto_original": "https://sapl.camaranh.rs.gov.br/media/sapl/public/materialegislativa/2013/24544/24544_texto_integral.odt", "ementa": "Solicita revitaliza\u00e7\u00e3o da pintura da faixa de seguran\u00e7a da Rua Lima e Silva, esquina com a Av. Pedro Adams Filho, Bairro Centro."}, {"id": 24545, "ano": 2013, "numero": 2805, "tipo__sigla": "IND", "tipo__descricao": "Indica\u00e7\u00e3o/Pedido de Provid\u00eancias", "autoria__autor__nome": "JorgeTatsch", "texto_original": "https://sapl.camaranh.rs.gov.br/media/sapl/public/materialegislativa/2013/24545/24545_texto_integral.odt", "ementa": "Solicita conserto da boca-de-lobo na Rua Solidariedade, em frente ao n\u00ba 151, Bairro Santo Afonso. "}, {"id": 24546, "ano": 2013, "numero": 2806, "tipo__sigla": "IND", "tipo__descricao": "Indica\u00e7\u00e3o/Pedido de Provid\u00eancias", "autoria__autor__nome": "JorgeTatsch", "texto_original": "https://sapl.camaranh.rs.gov.br/media/sapl/public/materialegislativa/2013/24546/24546_texto_integral.odt", "ementa": "Solicita conserto e recoloca\u00e7\u00e3o da tampa da boca-de-lobo localizada em frente ao n\u00ba 38 da Rua da Divisa, Bairro Santo Afonso."}, {"id": 24548, "ano": 2013, "numero": 2807, "tipo__sigla": "IND", "tipo__descricao": "Indica\u00e7\u00e3o/Pedido de Provid\u00eancias", "autoria__autor__nome": "Sergio Hanich", "texto_original": "https://sapl.camaranh.rs.gov.br/media/sapl/public/materialegislativa/2013/24548/24548_texto_integral.odt", "ementa": "Solicita limpeza e recolhimento de entulhos ao longo de toda Rua Ana Mar\u00e7al Ramos, airro Canudos."}, {"id": 24550, "ano": 2013, "numero": 2808, "tipo__sigla": "IND", "tipo__descricao": "Indica\u00e7\u00e3o/Pedido de Provid\u00eancias", "autoria__autor__nome": "Sergio Hanich", "texto_original": "https://sapl.camaranh.rs.gov.br/media/sapl/public/materialegislativa/2013/24550/24550_texto_integral.odt", "ementa": "Solicita estudo de viabilidade para coloca\u00e7\u00e3o de redutor de velocidade e/ou sinaliza\u00e7\u00e3o de tr\u00e2nsito eficaz na Rua Ver. Oscar Horn, em frente ao n\u00ba 390, Bairro Canudos."}, {"id": 24574, "ano": 2013, "numero": 2809, "tipo__sigla": "IND", "tipo__descricao": "Indica\u00e7\u00e3o/Pedido de Provid\u00eancias", "autoria__autor__nome": "Betinho", "texto_original": "https://sapl.camaranh.rs.gov.br/media/sapl/public/materialegislativa/2013/24574/24574_texto_integral.odt", "ementa": "Solicita constru\u00e7\u00e3o de rampa de acesso a cadeirantes na Avenida Pedro Adams Filho, esquina com a Rua Libres, no Bairro Santo Afonso."}, {"id": 24575, "ano": 2013, "numero": 2810, "tipo__sigla": "IND", "tipo__descricao": "Indica\u00e7\u00e3o/Pedido de Provid\u00eancias", "autoria__autor__nome": "Betinho", "texto_original": "https://sapl.camaranh.rs.gov.br/media/sapl/public/materialegislativa/2013/24575/24575_texto_integral.odt", "ementa": "Solicita instala\u00e7\u00e3o de faixa de pedestres na Av. Pedro Adams Filho, esquina com a Rua Libres, no Bairro Santo Afonso. "}, {"id": 24576, "ano": 2013, "numero": 2811, "tipo__sigla": "IND", "tipo__descricao": "Indica\u00e7\u00e3o/Pedido de Provid\u00eancias", "autoria__autor__nome": "Betinho", "texto_original": "https://sapl.camaranh.rs.gov.br/media/sapl/public/materialegislativa/2013/24576/24576_texto_integral.odt", "ementa": "Solicita notifica\u00e7\u00e3o do propriet\u00e1rio do terreno localizado na Rua Gramado, 74, Bairro Ouro Branco."}, {"id": 24577, "ano": 2013, "numero": 2812, "tipo__sigla": "IND", "tipo__descricao": "Indica\u00e7\u00e3o/Pedido de Provid\u00eancias", "autoria__autor__nome": "Gerson Peteffi", "texto_original": "https://sapl.camaranh.rs.gov.br/media/sapl/public/materialegislativa/2013/24577/24577_texto_integral.odt", "ementa": "Solicita infraestrutura e cal\u00e7amento da Rua Chico Mendes, Bairro Boa Sa\u00fade."}, {"id": 24578, "ano": 2013, "numero": 2813, "tipo__sigla": "IND", "tipo__descricao": "Indica\u00e7\u00e3o/Pedido de Provid\u00eancias", "autoria__autor__nome": "Gerson Peteffi", "texto_original": "https://sapl.camaranh.rs.gov.br/media/sapl/public/materialegislativa/2013/24578/24578_texto_integral.odt", "ementa": "Solicita  conserto de infiltra\u00e7\u00e3o na Rua Manoel Herm\u00f3genes de Mello, em frente aos n\u00bas 24 e 119,  Bairro S\u00e3o Jorge."}, {"id": 24579, "ano": 2013, "numero": 2814, "tipo__sigla": "IND", "tipo__descricao": "Indica\u00e7\u00e3o/Pedido de Provid\u00eancias", "autoria__autor__nome": "Raul Cassel", "texto_original": "https://sapl.camaranh.rs.gov.br/media/sapl/public/materialegislativa/2013/24579/24579_texto_integral.odt", "ementa": "Solicita intima\u00e7\u00e3o de propriet\u00e1rios para que procedam \u00e0 manuten\u00e7\u00e3o dos passeios p\u00fablicos em frente a seus im\u00f3veis na Av. Na\u00e7\u00f5es Unidas."}, {"id": 24581, "ano": 2013, "numero": 2815, "tipo__sigla": "IND", "tipo__descricao": "Indica\u00e7\u00e3o/Pedido de Provid\u00eancias", "autoria__autor__nome": "Raul Cassel", "texto_original": "https://sapl.camaranh.rs.gov.br/media/sapl/public/materialegislativa/2013/24581/24581_texto_integral.odt", "ementa": "Solicita coloca\u00e7\u00e3o de grades de prote\u00e7\u00e3o sob o Arroio Luiz Rau, na Av. Na\u00e7\u00f5es Unidas."}, {"id": 24582, "ano": 2013, "numero": 2816, "tipo__sigla": "IND", "tipo__descricao": "Indica\u00e7\u00e3o/Pedido de Provid\u00eancias", "autoria__autor__nome": "Betinho", "texto_original": "https://sapl.camaranh.rs.gov.br/media/sapl/public/materialegislativa/2013/24582/24582_texto_integral.odt", "ementa": "Solicita notifica\u00e7\u00e3o do propriet\u00e1rio do terreno localizado na Rua do Bosque, ao lado do n\u00famero 760, Bairro Boa Sa\u00fade, para que providencie a limpeza do local."}, {"id": 24583, "ano": 2013, "numero": 2817, "tipo__sigla": "IND", "tipo__descricao": "Indica\u00e7\u00e3o/Pedido de Provid\u00eancias", "autoria__autor__nome": "Sergio Hanich", "texto_original": "https://sapl.camaranh.rs.gov.br/media/sapl/public/materialegislativa/2013/24583/24583_texto_integral.odt", "ementa": "Solicita substitui\u00e7\u00e3o de lixeira na Rua Riveira,   esquina com a Rua Acari, Bairro Industrial."}, {"id": 24584, "ano": 2013, "numero": 2818, "tipo__sigla": "IND", "tipo__descricao": "Indica\u00e7\u00e3o/Pedido de Provid\u00eancias", "autoria__autor__nome": "Sergio Hanich", "texto_original": "https://sapl.camaranh.rs.gov.br/media/sapl/public/materialegislativa/2013/24584/24584_texto_integral.odt", "ementa": "Solicita limpeza do passeio p\u00fablico da Rua Vereador Oscar Horn, ao lado no n\u00famero 390, no Bairro Canudos."}, {"id": 24585, "ano": 2013, "numero": 2819, "tipo__sigla": "IND", "tipo__descricao": "Indica\u00e7\u00e3o/Pedido de Provid\u00eancias", "autoria__autor__nome": "Sergio Hanich", "texto_original": "https://sapl.camaranh.rs.gov.br/media/sapl/public/materialegislativa/2013/24585/24585_texto_integral.odt", "ementa": "Solicita pavimenta\u00e7\u00e3o na Rua Paris, trecho entre as Ruas \u00cdcaro e Campo Bom, Bairro Canudos."}, {"id": 24588, "ano": 2013, "numero": 2820, "tipo__sigla": "IND", "tipo__descricao": "Indica\u00e7\u00e3o/Pedido de Provid\u00eancias", "autoria__autor__nome": "Sergio Hanich", "texto_original": "https://sapl.camaranh.rs.gov.br/media/sapl/public/materialegislativa/2013/24588/24588_texto_integral.odt", "ementa": "Solicita opera\u00e7\u00e3o tapa-buracos na esquina da Avenida Coronel Travassos, com a Rua Rio de Janeiro, no Bairro Ouro Branco."}, {"id": 24592, "ano": 2013, "numero": 2821, "tipo__sigla": "IND", "tipo__descricao": "Indica\u00e7\u00e3o/Pedido de Provid\u00eancias", "autoria__autor__nome": "JorgeTatsch", "texto_original": "https://sapl.camaranh.rs.gov.br/media/sapl/public/materialegislativa/2013/24592/24592_texto_integral.odt", "ementa": "Solicita opera\u00e7\u00e3o tapa-buracos e recapeamento asf\u00e1ltico na Rua Tucum, em toda sua extens\u00e3o, Bairro Alpes do Vale."}, {"id": 24593, "ano": 2013, "numero": 2822, "tipo__sigla": "IND", "tipo__descricao": "Indica\u00e7\u00e3o/Pedido de Provid\u00eancias", "autoria__autor__nome": "JorgeTatsch", "texto_original": "https://sapl.camaranh.rs.gov.br/media/sapl/public/materialegislativa/2013/24593/24593_texto_integral.odt", "ementa": "Solicita estudo de viabilidade para coloca\u00e7\u00e3o de redutor de velocidade na Rua Bruno Werner Storck, pr\u00f3ximo ao n\u00ba 1323, Bairro Canudos."}, {"id": 24595, "ano": 2013, "numero": 2823, "tipo__sigla": "IND", "tipo__descricao": "Indica\u00e7\u00e3o/Pedido de Provid\u00eancias", "autoria__autor__nome": "JorgeTatsch", "texto_original": "https://sapl.camaranh.rs.gov.br/media/sapl/public/materialegislativa/2013/24595/24595_texto_integral.odt", "ementa": "Solicita limpeza e corte da grama  da pra\u00e7a p\u00fablica da Rua M\u00e9xico, esquina com a Rua Man\u00e1gua, pr\u00f3ximo ao n\u00ba 213, Bairro Santo Afonso."}, {"id": 24597, "ano": 2013, "numero": 2824, "tipo__sigla": "IND", "tipo__descricao": "Indica\u00e7\u00e3o/Pedido de Provid\u00eancias", "autoria__autor__nome": "Cristiano Coller", "texto_original": "https://sapl.camaranh.rs.gov.br/media/sapl/public/materialegislativa/2013/24597/24597_texto_integral.odt", "ementa": "Solicita estudo t\u00e9cnico sobre a viabilidade de ser implantada m\u00e3o \u00fanica ou proibido estacionar de um lado da via na Rua Campo Bom, trecho entre as Ruas Ver. Oscar Horn e Victor Hugo Kunz, no Bairro Canudos."}, {"id": 24598, "ano": 2013, "numero": 2825, "tipo__sigla": "IND", "tipo__descricao": "Indica\u00e7\u00e3o/Pedido de Provid\u00eancias", "autoria__autor__nome": "Cristiano Coller", "texto_original": "https://sapl.camaranh.rs.gov.br/media/sapl/public/materialegislativa/2013/24598/24598_texto_integral.odt", "ementa": "Solicita que seja recolocada a ilumina\u00e7\u00e3o na Pra\u00e7a Papa Paulo VI, no Bairro Santo Afonso."}, {"id": 24600, "ano": 2013, "numero": 2826, "tipo__sigla": "IND", "tipo__descricao": "Indica\u00e7\u00e3o/Pedido de Provid\u00eancias", "autoria__autor__nome": "Sergio Hanich", "texto_original": "https://sapl.camaranh.rs.gov.br/media/sapl/public/materialegislativa/2013/24600/24600_texto_integral.odt", "ementa": "Solicita capina em toda extens\u00e3o da Rua Trist\u00e3o de Alencar, Bairro Primavera."}, {"id": 24601, "ano": 2013, "numero": 2827, "tipo__sigla": "IND", "tipo__descricao": "Indica\u00e7\u00e3o/Pedido de Provid\u00eancias", "autoria__autor__nome": "Sergio Hanich", "texto_original": "https://sapl.camaranh.rs.gov.br/media/sapl/public/materialegislativa/2013/24601/24601_texto_integral.odt", "ementa": "Solicita reparo no asfalto (depress\u00e3o) na Rua Castro Alves, esquina com a Rua Borges de Medeiros, Bairro Rio Branco."}, {"id": 24602, "ano": 2013, "numero": 2828, "tipo__sigla": "IND", "tipo__descricao": "Indica\u00e7\u00e3o/Pedido de Provid\u00eancias", "autoria__autor__nome": "Enfermeiro Vilmar", "texto_original": "https://sapl.camaranh.rs.gov.br/media/sapl/public/materialegislativa/2013/24602/24602_texto_integral.odt", "ementa": "Solicita retirada de galhos na Rua Istambul, n\u00famero 592, no Bairro Canudos."}, {"id": 24603, "ano": 2013, "numero": 2829, "tipo__sigla": "IND", "tipo__descricao": "Indica\u00e7\u00e3o/Pedido de Provid\u00eancias", "autoria__autor__nome": "Enfermeiro Vilmar", "texto_original": "https://sapl.camaranh.rs.gov.br/media/sapl/public/materialegislativa/2013/24603/24603_texto_integral.odt", "ementa": "Solicita retirada de entulho na Rua Jo\u00e3o Luciano da Rosa, em frente ao n\u00famero 220, no Bairro Canudos."}, {"id": 24604, "ano": 2013, "numero": 2830, "tipo__sigla": "IND", "tipo__descricao": "Indica\u00e7\u00e3o/Pedido de Provid\u00eancias", "autoria__autor__nome": "Enfermeiro Vilmar", "texto_original": "https://sapl.camaranh.rs.gov.br/media/sapl/public/materialegislativa/2013/24604/24604_texto_integral.odt", "ementa": "Solicita que sejam alteradas as placas da Rua G, localizada no Loteamento Santo Ant\u00f4nio, no Bairro Lomba Grande. "}, {"id": 24605, "ano": 2013, "numero": 2831, "tipo__sigla": "IND", "tipo__descricao": "Indica\u00e7\u00e3o/Pedido de Provid\u00eancias", "autoria__autor__nome": "Enfermeiro Vilmar", "texto_original": "https://sapl.camaranh.rs.gov.br/media/sapl/public/materialegislativa/2013/24605/24605_texto_integral.odt", "ementa": "Solicita, com urg\u00eancia, a coloca\u00e7\u00e3o de um quebra-molas na Rua Potiguara, em frente ao n\u00famero 1292, no Bairro Canudos. "}, {"id": 24606, "ano": 2013, "numero": 2832, "tipo__sigla": "IND", "tipo__descricao": "Indica\u00e7\u00e3o/Pedido de Provid\u00eancias", "autoria__autor__nome": "Antonio Lucas\r\nCristiano Coller\r\nJorgeTatsch\r\nProfessor Issur Koch\r\nRoger Corr\u00eaa\r\nSergio Hanich", "texto_original": "https://sapl.camaranh.rs.gov.br/media/sapl/public/materialegislativa/2013/24606/24606_texto_integral.odt", "ementa": "Solicitam ao Prefeito Municipal provid\u00eancias quanto \u00e0s reivindica\u00e7\u00f5es feitas pelos moradores do Bairro Industrial, na Sess\u00e3o Comunit\u00e1ria de 04 de dezembro de 2013."}, {"id": 24607, "ano": 2013, "numero": 2833, "tipo__sigla": "IND", "tipo__descricao": "Indica\u00e7\u00e3o/Pedido de Provid\u00eancias", "autoria__autor__nome": "Antonio Lucas\r\nCristiano Coller\r\nJorgeTatsch\r\nProfessor Issur Koch\r\nRoger Corr\u00eaa\r\nSergio Hanich", "texto_original": "https://sapl.camaranh.rs.gov.br/media/sapl/public/materialegislativa/2013/24607/24607_texto_integral.odt", "ementa": "Solicitam ao Comandante do 3\u00ba BPM provid\u00eancias quanto \u00e0s reivindica\u00e7\u00f5es feitas pelos moradores do Bairro Industrial, na Sess\u00e3o Comunit\u00e1ria de 04 de dezembro de 2013."}, {"id": 24608, "ano": 2013, "numero": 2834, "tipo__sigla": "IND", "tipo__descricao": "Indica\u00e7\u00e3o/Pedido de Provid\u00eancias", "autoria__autor__nome": "Patr\u00edcia Beck", "texto_original": "https://sapl.camaranh.rs.gov.br/media/sapl/public/materialegislativa/2013/24608/24608_texto_integral.odt", "ementa": "Solicita a limpeza dos canos do esgoto pluvial das Ruas Teco-Teco e Get\u00falio Vargas, Bairro Canudos."}, {"id": 24609, "ano": 2013, "numero": 2835, "tipo__sigla": "IND", "tipo__descricao": "Indica\u00e7\u00e3o/Pedido de Provid\u00eancias", "autoria__autor__nome": "Patr\u00edcia Beck", "texto_original": "https://sapl.camaranh.rs.gov.br/media/sapl/public/materialegislativa/2013/24609/24609_texto_integral.odt", "ementa": "Solicita o recapeamento asf\u00e1ltico da Rua das Aroeiras e a conclus\u00e3o do trecho restante, Bairro Rosel\u00e2ndia."}, {"id": 24610, "ano": 2013, "numero": 2836, "tipo__sigla": "IND", "tipo__descricao": "Indica\u00e7\u00e3o/Pedido de Provid\u00eancias", "autoria__autor__nome": "Patr\u00edcia Beck", "texto_original": "https://sapl.camaranh.rs.gov.br/media/sapl/public/materialegislativa/2013/24610/24610_texto_integral.odt", "ementa": "Solicita a sincroniza\u00e7\u00e3o das sinaleiras da Av. Na\u00e7\u00f5es Unidas."}, {"id": 24611, "ano": 2013, "numero": 2837, "tipo__sigla": "IND", "tipo__descricao": "Indica\u00e7\u00e3o/Pedido de Provid\u00eancias", "autoria__autor__nome": "Patr\u00edcia Beck", "texto_original": "https://sapl.camaranh.rs.gov.br/media/sapl/public/materialegislativa/2013/24611/24611_texto_integral.odt", "ementa": "Solicita a limpeza da Pra\u00e7a Jo\u00e3o Ferreira Roque, Rua Mem de S\u00e1, Bairro Oper\u00e1rio."}, {"id": 24612, "ano": 2013, "numero": 2838, "tipo__sigla": "IND", "tipo__descricao": "Indica\u00e7\u00e3o/Pedido de Provid\u00eancias", "autoria__autor__nome": "Patr\u00edcia Beck", "texto_original": "https://sapl.camaranh.rs.gov.br/media/sapl/public/materialegislativa/2013/24612/24612_texto_integral.odt", "ementa": "Solicita a instala\u00e7\u00e3o de quebra-molas na Rua Bom Princ\u00edpio, esquina com Rua Jamaica, Bairro Canudos."}, {"id": 24613, "ano": 2013, "numero": 2839, "tipo__sigla": "IND", "tipo__descricao": "Indica\u00e7\u00e3o/Pedido de Provid\u00eancias", "autoria__autor__nome": "Patr\u00edcia Beck", "texto_original": "https://sapl.camaranh.rs.gov.br/media/sapl/public/materialegislativa/2013/24613/24613_texto_integral.odt", "ementa": "Solicita a manuten\u00e7\u00e3o e a recupera\u00e7\u00e3o dos brinquedos da Pra\u00e7a da Rua \u00cdcaro."}, {"id": 24614, "ano": 2013, "numero": 2840, "tipo__sigla": "IND", "tipo__descricao": "Indica\u00e7\u00e3o/Pedido de Provid\u00eancias", "autoria__autor__nome": "Patr\u00edcia Beck", "texto_original": "https://sapl.camaranh.rs.gov.br/media/sapl/public/materialegislativa/2013/24614/24614_texto_integral.odt", "ementa": "Solicita a atualiza\u00e7\u00e3o do SITE da Prefeitura informando corretamente telefone, endere\u00e7o, etc..."}, {"id": 24615, "ano": 2013, "numero": 2841, "tipo__sigla": "IND", "tipo__descricao": "Indica\u00e7\u00e3o/Pedido de Provid\u00eancias", "autoria__autor__nome": "Patr\u00edcia Beck", "texto_original": "https://sapl.camaranh.rs.gov.br/media/sapl/public/materialegislativa/2013/24615/24615_texto_integral.odt", "ementa": "Solicita a coloca\u00e7\u00e3o de cartaz nas reparti\u00e7\u00f5es p\u00fablicas do munic\u00edpio identificando a reparti\u00e7\u00e3o e outros."}, {"id": 24616, "ano": 2013, "numero": 2842, "tipo__sigla": "IND", "tipo__descricao": "Indica\u00e7\u00e3o/Pedido de Provid\u00eancias", "autoria__autor__nome": "Patr\u00edcia Beck", "texto_original": "https://sapl.camaranh.rs.gov.br/media/sapl/public/materialegislativa/2013/24616/24616_texto_integral.odt", "ementa": "Solicita a manuten\u00e7\u00e3o da ilumina\u00e7\u00e3o p\u00fablica na Av. Na\u00e7\u00f5es Unidas, em toda sua extens\u00e3o."}, {"id": 24617, "ano": 2013, "numero": 2843, "tipo__sigla": "IND", "tipo__descricao": "Indica\u00e7\u00e3o/Pedido de Provid\u00eancias", "autoria__autor__nome": "Patr\u00edcia Beck", "texto_original": "https://sapl.camaranh.rs.gov.br/media/sapl/public/materialegislativa/2013/24617/24617_texto_integral.odt", "ementa": "Solicita o estudo do fluxo de tr\u00e1fego na esquina das Ruas C\u00e2ndido Portinari com Col\u00fambia, Bairro Canudos."}, {"id": 24618, "ano": 2013, "numero": 2844, "tipo__sigla": "IND", "tipo__descricao": "Indica\u00e7\u00e3o/Pedido de Provid\u00eancias", "autoria__autor__nome": "Patr\u00edcia Beck", "texto_original": "https://sapl.camaranh.rs.gov.br/media/sapl/public/materialegislativa/2013/24618/24618_texto_integral.odt", "ementa": "Solicita opera\u00e7\u00e3o tapa-buracos, na R\u00f3tula instalada na Rua Joaquim Pedro Soares esquina com a Rua S\u00e3o Luiz Gonzaga, Bairro Guarani."}, {"id": 24619, "ano": 2013, "numero": 2845, "tipo__sigla": "IND", "tipo__descricao": "Indica\u00e7\u00e3o/Pedido de Provid\u00eancias", "autoria__autor__nome": "Patr\u00edcia Beck", "texto_original": "https://sapl.camaranh.rs.gov.br/media/sapl/public/materialegislativa/2013/24619/24619_texto_integral.odt", "ementa": "Solicita que seja colocado um cano para escoar a \u00e1gua que desce da calha e entra no sagu\u00e3o de entrada do Laborat\u00f3rio Municipal, Bairro Oper\u00e1rio."}, {"id": 24620, "ano": 2013, "numero": 2846, "tipo__sigla": "IND", "tipo__descricao": "Indica\u00e7\u00e3o/Pedido de Provid\u00eancias", "autoria__autor__nome": "Patr\u00edcia Beck", "texto_original": "https://sapl.camaranh.rs.gov.br/media/sapl/public/materialegislativa/2013/24620/24620_texto_integral.odt", "ementa": "Reitera a necessidade de limpeza do terreno na Rua Vidal Brasil esquina com a Rua Floren\u00e7a, ao lado do n\u00ba 418, Bairro Hamburgo Velho."}, {"id": 24621, "ano": 2013, "numero": 2847, "tipo__sigla": "IND", "tipo__descricao": "Indica\u00e7\u00e3o/Pedido de Provid\u00eancias", "autoria__autor__nome": "Enfermeiro Vilmar\r\nGerson Peteffi", "texto_original": "https://sapl.camaranh.rs.gov.br/media/sapl/public/materialegislativa/2013/24621/24621_texto_integral.odt", "ementa": "Solicita recupera\u00e7\u00e3o asf\u00e1ltica na Estrada Affonso Strack, no sentido Santa Maria Lomba Grande, devido aos v\u00e1rios buracos na pista, Lomba Grande."}, {"id": 24624, "ano": 2013, "numero": 2848, "tipo__sigla": "IND", "tipo__descricao": "Indica\u00e7\u00e3o/Pedido de Provid\u00eancias", "autoria__autor__nome": "JorgeTatsch", "texto_original": "https://sapl.camaranh.rs.gov.br/media/sapl/public/materialegislativa/2013/24624/24624_texto_integral.odt", "ementa": "Solicita asfaltamento da Rua Duque de Caxias, Bairro Ideal."}, {"id": 24625, "ano": 2013, "numero": 2849, "tipo__sigla": "IND", "tipo__descricao": "Indica\u00e7\u00e3o/Pedido de Provid\u00eancias", "autoria__autor__nome": "JorgeTatsch", "texto_original": "https://sapl.camaranh.rs.gov.br/media/sapl/public/materialegislativa/2013/24625/24625_texto_integral.odt", "ementa": "Solicita notifica\u00e7\u00e3o do propriet\u00e1rio do terreno localizado na Rua Ana Nery, em frente ao n\u00ba 27, Bairro Industrial, para que providencie a limpeza do local."}, {"id": 24626, "ano": 2013, "numero": 2850, "tipo__sigla": "IND", "tipo__descricao": "Indica\u00e7\u00e3o/Pedido de Provid\u00eancias", "autoria__autor__nome": "JorgeTatsch", "texto_original": "https://sapl.camaranh.rs.gov.br/media/sapl/public/materialegislativa/2013/24626/24626_texto_integral.odt", "ementa": "Solicita desentupimento de esgoto na Rua Andr\u00e9 Pinto Rebou\u00e7as, em frente ao n\u00ba 26,  Bairro Industrial."}, {"id": 24627, "ano": 2013, "numero": 2851, "tipo__sigla": "IND", "tipo__descricao": "Indica\u00e7\u00e3o/Pedido de Provid\u00eancias", "autoria__autor__nome": "JorgeTatsch", "texto_original": "https://sapl.camaranh.rs.gov.br/media/sapl/public/materialegislativa/2013/24627/24627_texto_integral.odt", "ementa": "Solicita estudo de viabilidade para coloca\u00e7\u00e3o de redutor de velocidade na Rua Libres, pr\u00f3ximo ao n\u00ba 10, Bairro Industrial. "}, {"id": 24628, "ano": 2013, "numero": 2852, "tipo__sigla": "IND", "tipo__descricao": "Indica\u00e7\u00e3o/Pedido de Provid\u00eancias", "autoria__autor__nome": "JorgeTatsch", "texto_original": "https://sapl.camaranh.rs.gov.br/media/sapl/public/materialegislativa/2013/24628/24628_texto_integral.odt", "ementa": "Solicita patrolamento e coloca\u00e7\u00e3o de saibro em toda extens\u00e3o da Rua Planalto, Bairro Santo Afonso."}, {"id": 24629, "ano": 2013, "numero": 2853, "tipo__sigla": "IND", "tipo__descricao": "Indica\u00e7\u00e3o/Pedido de Provid\u00eancias", "autoria__autor__nome": "JorgeTatsch", "texto_original": "https://sapl.camaranh.rs.gov.br/media/sapl/public/materialegislativa/2013/24629/24629_texto_integral.odt", "ementa": "Solicita asfaltamento da Rua Rua Ot\u00edlia Francisca Ramires, Bairro Santo Afonso."}, {"id": 24630, "ano": 2013, "numero": 2854, "tipo__sigla": "IND", "tipo__descricao": "Indica\u00e7\u00e3o/Pedido de Provid\u00eancias", "autoria__autor__nome": "JorgeTatsch", "texto_original": "https://sapl.camaranh.rs.gov.br/media/sapl/public/materialegislativa/2013/24630/24630_texto_integral.odt", "ementa": "Solicita revis\u00e3o e desentupimento da rede pluvial de esgoto na Rua Itati, Vila Palmeira, Bairro Santo Afonso."}, {"id": 24631, "ano": 2013, "numero": 2855, "tipo__sigla": "IND", "tipo__descricao": "Indica\u00e7\u00e3o/Pedido de Provid\u00eancias", "autoria__autor__nome": "JorgeTatsch", "texto_original": "https://sapl.camaranh.rs.gov.br/media/sapl/public/materialegislativa/2013/24631/24631_texto_integral.odt", "ementa": "Solicita limpeza do passeio p\u00fablico e recolhimento de lixo na Rua Minuano, pr\u00f3ximo ao n\u00ba 408, Bairro Industrial."}, {"id": 24632, "ano": 2013, "numero": 2856, "tipo__sigla": "IND", "tipo__descricao": "Indica\u00e7\u00e3o/Pedido de Provid\u00eancias", "autoria__autor__nome": "JorgeTatsch", "texto_original": "https://sapl.camaranh.rs.gov.br/media/sapl/public/materialegislativa/2013/24632/24632_texto_integral.odt", "ementa": "Solicita desentupimento de esgoto na Harmonia, no beco pr\u00f3ximo ao n\u00ba 34, no Bairro Santo Afonso."}, {"id": 24633, "ano": 2013, "numero": 2857, "tipo__sigla": "IND", "tipo__descricao": "Indica\u00e7\u00e3o/Pedido de Provid\u00eancias", "autoria__autor__nome": "Inspetor Luz", "texto_original": "https://sapl.camaranh.rs.gov.br/media/sapl/public/materialegislativa/2013/24633/24633_texto_integral.odt", "ementa": "Solicita capina e limpeza junto ao meio-fio em toda extens\u00e3o da Rua Pedro Schneider, no Bairro Boa Vista."}, {"id": 24634, "ano": 2013, "numero": 2858, "tipo__sigla": "IND", "tipo__descricao": "Indica\u00e7\u00e3o/Pedido de Provid\u00eancias", "autoria__autor__nome": "Inspetor Luz", "texto_original": "https://sapl.camaranh.rs.gov.br/media/sapl/public/materialegislativa/2013/24634/24634_texto_integral.odt", "ementa": "Solicita capina e limpeza junto ao meio-fio em toda extens\u00e3o da Rua Dr. Ariberto Eug\u00eanio Snel, no Bairro Boa Vista."}, {"id": 24635, "ano": 2013, "numero": 2859, "tipo__sigla": "IND", "tipo__descricao": "Indica\u00e7\u00e3o/Pedido de Provid\u00eancias", "autoria__autor__nome": "Inspetor Luz", "texto_original": "https://sapl.camaranh.rs.gov.br/media/sapl/public/materialegislativa/2013/24635/24635_texto_integral.odt", "ementa": "Solicita capina e limpeza junto ao meio-fio em toda extens\u00e3o da Rua Porto Uni\u00e3o, no Bairro Boa Vista."}, {"id": 24636, "ano": 2013, "numero": 2860, "tipo__sigla": "IND", "tipo__descricao": "Indica\u00e7\u00e3o/Pedido de Provid\u00eancias", "autoria__autor__nome": "Inspetor Luz", "texto_original": "https://sapl.camaranh.rs.gov.br/media/sapl/public/materialegislativa/2013/24636/24636_texto_integral.odt", "ementa": "Solicita asfaltamento da Rua Pedro Schneider, no Bairro Boa Vista."}, {"id": 24637, "ano": 2013, "numero": 2861, "tipo__sigla": "IND", "tipo__descricao": "Indica\u00e7\u00e3o/Pedido de Provid\u00eancias", "autoria__autor__nome": "Inspetor Luz", "texto_original": "https://sapl.camaranh.rs.gov.br/media/sapl/public/materialegislativa/2013/24637/24637_texto_integral.odt", "ementa": "Solicita asfaltamento da Rua Dr. Ariberto Eug\u00eanio Snel, no Bairro Boa Vista. "}, {"id": 24638, "ano": 2013, "numero": 2862, "tipo__sigla": "IND", "tipo__descricao": "Indica\u00e7\u00e3o/Pedido de Provid\u00eancias", "autoria__autor__nome": "Inspetor Luz", "texto_original": "https://sapl.camaranh.rs.gov.br/media/sapl/public/materialegislativa/2013/24638/24638_texto_integral.odt", "ementa": "Solicita asfaltamento da Rua Porto Uni\u00e3o, no Bairro Boa Vista. "}, {"id": 24640, "ano": 2013, "numero": 2863, "tipo__sigla": "IND", "tipo__descricao": "Indica\u00e7\u00e3o/Pedido de Provid\u00eancias", "autoria__autor__nome": "Cristiano Coller", "texto_original": "https://sapl.camaranh.rs.gov.br/media/sapl/public/materialegislativa/2013/24640/24640_texto_integral.odt", "ementa": "Solicita pintura da sinaliza\u00e7\u00e3o de amarelo nas esquinas das Ruas Tupanciret\u00e3 e Encantado e Tupanciret\u00e3 e Erechim, no Bairro Ideal. "}, {"id": 24641, "ano": 2013, "numero": 2864, "tipo__sigla": "IND", "tipo__descricao": "Indica\u00e7\u00e3o/Pedido de Provid\u00eancias", "autoria__autor__nome": "Cristiano Coller", "texto_original": "https://sapl.camaranh.rs.gov.br/media/sapl/public/materialegislativa/2013/24641/24641_texto_integral.odt", "ementa": "Solicita limpeza de boca-de-lobo na Rua M\u00e9xico, Bairro Santo Afonso."}, {"id": 24643, "ano": 2013, "numero": 2865, "tipo__sigla": "IND", "tipo__descricao": "Indica\u00e7\u00e3o/Pedido de Provid\u00eancias", "autoria__autor__nome": "Patr\u00edcia Beck", "texto_original": "https://sapl.camaranh.rs.gov.br/media/sapl/public/materialegislativa/2013/24643/24643_texto_integral.odt", "ementa": "Solicita opera\u00e7\u00e3o tapa-buracos na Rua Trist\u00e3o de Alencar,  esquina com a Rua Jaguari, Bairro Primavera."}, {"id": 24644, "ano": 2013, "numero": 2866, "tipo__sigla": "IND", "tipo__descricao": "Indica\u00e7\u00e3o/Pedido de Provid\u00eancias", "autoria__autor__nome": "Patr\u00edcia Beck", "texto_original": "https://sapl.camaranh.rs.gov.br/media/sapl/public/materialegislativa/2013/24644/24644_texto_integral.odt", "ementa": "Solicita conserto dos canos que d\u00e3o vaz\u00e3o \u00e0 \u00e1gua na Rua Madre Regina, esquina com a Rua Frederico Westphalen, Bairro S\u00e3o Jorge."}, {"id": 24645, "ano": 2013, "numero": 2867, "tipo__sigla": "IND", "tipo__descricao": "Indica\u00e7\u00e3o/Pedido de Provid\u00eancias", "autoria__autor__nome": "Enfermeiro Vilmar", "texto_original": "https://sapl.camaranh.rs.gov.br/media/sapl/public/materialegislativa/2013/24645/24645_texto_integral.odt", "ementa": "Solicita com brevidade a manuten\u00e7\u00e3o dos brinquedos da pra\u00e7a situada na Rua \u00cdcaro, esquina com a Rua Londres, no Bairro Canudos."}, {"id": 24646, "ano": 2013, "numero": 2868, "tipo__sigla": "IND", "tipo__descricao": "Indica\u00e7\u00e3o/Pedido de Provid\u00eancias", "autoria__autor__nome": "Enfermeiro Vilmar", "texto_original": "https://sapl.camaranh.rs.gov.br/media/sapl/public/materialegislativa/2013/24646/24646_texto_integral.odt", "ementa": "Solicita  com urg\u00eancia a realiza\u00e7\u00e3o da opera\u00e7\u00e3o tapa-buracos na Rua Jo\u00e3o Luciano da Rosa, nas proximidades do n\u00ba 617, no Bairro Canudos."}, {"id": 24647, "ano": 2013, "numero": 2869, "tipo__sigla": "IND", "tipo__descricao": "Indica\u00e7\u00e3o/Pedido de Provid\u00eancias", "autoria__autor__nome": "Enfermeiro Vilmar", "texto_original": "https://sapl.camaranh.rs.gov.br/media/sapl/public/materialegislativa/2013/24647/24647_texto_integral.odt", "ementa": "Solicita a limpeza de todas as bocas-de-lobo situadas no Bairro Canudos."}, {"id": 24648, "ano": 2013, "numero": 2870, "tipo__sigla": "IND", "tipo__descricao": "Indica\u00e7\u00e3o/Pedido de Provid\u00eancias", "autoria__autor__nome": "Enfermeiro Vilmar", "texto_original": "https://sapl.camaranh.rs.gov.br/media/sapl/public/materialegislativa/2013/24648/24648_texto_integral.odt", "ementa": "Solicita poda de \u00e1rvore na Avenida Dr. Maur\u00edcio Cardoso, no n\u00famero 457, no Bairro Hamburgo Velho."}, {"id": 24652, "ano": 2013, "numero": 2871, "tipo__sigla": "IND", "tipo__descricao": "Indica\u00e7\u00e3o/Pedido de Provid\u00eancias", "autoria__autor__nome": "Sergio Hanich", "texto_original": "https://sapl.camaranh.rs.gov.br/media/sapl/public/materialegislativa/2013/24652/24652_texto_integral.odt", "ementa": "Solicita intima\u00e7\u00e3o do propriet\u00e1rio para que fa\u00e7a a limpeza do terreno situado \u00e0 Rua Bartolomeu de Gusm\u00e3o, esquina com a Rua Casca, Bairro Canudos."}, {"id": 24653, "ano": 2013, "numero": 2872, "tipo__sigla": "IND", "tipo__descricao": "Indica\u00e7\u00e3o/Pedido de Provid\u00eancias", "autoria__autor__nome": "Sergio Hanich", "texto_original": "https://sapl.camaranh.rs.gov.br/media/sapl/public/materialegislativa/2013/24653/24653_texto_integral.odt", "ementa": "Solicita estudo de viabilidade para coloca\u00e7\u00e3o de quebra-molas e/ou redutor de velocidade na Rua Am\u00e9rica, nas proximidades do n\u00b0 1705, Bairro Canudos."}, {"id": 24654, "ano": 2013, "numero": 2873, "tipo__sigla": "IND", "tipo__descricao": "Indica\u00e7\u00e3o/Pedido de Provid\u00eancias", "autoria__autor__nome": "Sergio Hanich", "texto_original": "https://sapl.camaranh.rs.gov.br/media/sapl/public/materialegislativa/2013/24654/24654_texto_integral.odt", "ementa": "Solicita opera\u00e7\u00e3o tapa-buracos na Rua Orestes Travi, em frente ao n\u00ba 400, Bairro Jardim Mau\u00e1."}, {"id": 24655, "ano": 2013, "numero": 2874, "tipo__sigla": "IND", "tipo__descricao": "Indica\u00e7\u00e3o/Pedido de Provid\u00eancias", "autoria__autor__nome": "Patr\u00edcia Beck", "texto_original": "https://sapl.camaranh.rs.gov.br/media/sapl/public/materialegislativa/2013/24655/24655_texto_integral.odt", "ementa": "Solicita constru\u00e7\u00e3o de quebra-molas na Rua Frederico Westphalen, em frente ao n\u00ba 1390, Bairro S\u00e3o Jorge."}, {"id": 24657, "ano": 2013, "numero": 2875, "tipo__sigla": "IND", "tipo__descricao": "Indica\u00e7\u00e3o/Pedido de Provid\u00eancias", "autoria__autor__nome": "Betinho", "texto_original": "https://sapl.camaranh.rs.gov.br/media/sapl/public/materialegislativa/2013/24657/24657_texto_integral.odt", "ementa": "Solicita limpeza e desassoreamento do Arroio Gauchinho, entre as Ruas Corumb\u00e1 e S\u00e3o Leopoldo."}, {"id": 24658, "ano": 2013, "numero": 2876, "tipo__sigla": "IND", "tipo__descricao": "Indica\u00e7\u00e3o/Pedido de Provid\u00eancias", "autoria__autor__nome": "Betinho", "texto_original": "https://sapl.camaranh.rs.gov.br/media/sapl/public/materialegislativa/2013/24658/24658_texto_integral.odt", "ementa": "Solicita implanta\u00e7\u00e3o de quebra-molas na esquina das Ruas Col\u00fambia e C\u00e2ndido Portinari."}, {"id": 24659, "ano": 2013, "numero": 2877, "tipo__sigla": "IND", "tipo__descricao": "Indica\u00e7\u00e3o/Pedido de Provid\u00eancias", "autoria__autor__nome": "Sergio Hanich", "texto_original": "https://sapl.camaranh.rs.gov.br/media/sapl/public/materialegislativa/2013/24659/24659_texto_integral.odt", "ementa": "Solicita amplia\u00e7\u00e3o da Escola de Educa\u00e7\u00e3o Infantil Pequeno Polegar, Bairro Guarani."}, {"id": 24660, "ano": 2013, "numero": 2878, "tipo__sigla": "IND", "tipo__descricao": "Indica\u00e7\u00e3o/Pedido de Provid\u00eancias", "autoria__autor__nome": "Sergio Hanich", "texto_original": "https://sapl.camaranh.rs.gov.br/media/sapl/public/materialegislativa/2013/24660/24660_texto_integral.odt", "ementa": "Solicita revitaliza\u00e7\u00e3o da sinaliza\u00e7\u00e3o de tr\u00e2nsito e coloca\u00e7\u00e3o de tach\u00f5es na Rua Borges de Medeiros, esquina com a Rua Castro Alves, Bairro Rio Branco."}, {"id": 24661, "ano": 2013, "numero": 2879, "tipo__sigla": "IND", "tipo__descricao": "Indica\u00e7\u00e3o/Pedido de Provid\u00eancias", "autoria__autor__nome": "Sergio Hanich", "texto_original": "https://sapl.camaranh.rs.gov.br/media/sapl/public/materialegislativa/2013/24661/24661_texto_integral.odt", "ementa": "Solicita reparo na pavimenta\u00e7\u00e3o asf\u00e1ltica na Rua Itoror\u00f3, esquina com a Rua Humberto de Campos, Bairro Santo Afonso."}, {"id": 24662, "ano": 2013, "numero": 2880, "tipo__sigla": "IND", "tipo__descricao": "Indica\u00e7\u00e3o/Pedido de Provid\u00eancias", "autoria__autor__nome": "Gerson Peteffi", "texto_original": "https://sapl.camaranh.rs.gov.br/media/sapl/public/materialegislativa/2013/24662/24662_texto_integral.odt", "ementa": "Solicita opera\u00e7\u00e3o tapa-buracos na Rua Saldanha da Gama, entre a Rua Vereador Ant\u00f4nio Lindolfo da Silva e a Rua Boa Sa\u00fade, Bairro Primavera."}, {"id": 24663, "ano": 2013, "numero": 2881, "tipo__sigla": "IND", "tipo__descricao": "Indica\u00e7\u00e3o/Pedido de Provid\u00eancias", "autoria__autor__nome": "Gerson Peteffi", "texto_original": "https://sapl.camaranh.rs.gov.br/media/sapl/public/materialegislativa/2013/24663/24663_texto_integral.odt", "ementa": "RSolicita recomposi\u00e7\u00e3o do cal\u00e7amento na Rua Equador, esquina da Rua Inglaterra, Bairro Petr\u00f3polis."}, {"id": 24664, "ano": 2013, "numero": 2882, "tipo__sigla": "IND", "tipo__descricao": "Indica\u00e7\u00e3o/Pedido de Provid\u00eancias", "autoria__autor__nome": "Gerson Peteffi", "texto_original": "https://sapl.camaranh.rs.gov.br/media/sapl/public/materialegislativa/2013/24664/24664_texto_integral.odt", "ementa": "Solicita opera\u00e7\u00e3o tapa-buracos na Rua Vereador Ant\u00f4nio L. da Silva, entre as Ruas Saldanha da Gama e Edgard Carlos Sieller, Bairro Primavera."}, {"id": 24665, "ano": 2013, "numero": 2883, "tipo__sigla": "IND", "tipo__descricao": "Indica\u00e7\u00e3o/Pedido de Provid\u00eancias", "autoria__autor__nome": "Raul Cassel", "texto_original": "https://sapl.camaranh.rs.gov.br/media/sapl/public/materialegislativa/2013/24665/24665_texto_integral.odt", "ementa": "Solicita poda das \u00e1rvores na Estrada da Integra\u00e7\u00e3o, Bairro Lomba Grande."}, {"id": 24666, "ano": 2013, "numero": 2884, "tipo__sigla": "IND", "tipo__descricao": "Indica\u00e7\u00e3o/Pedido de Provid\u00eancias", "autoria__autor__nome": "Inspetor Luz", "texto_original": "https://sapl.camaranh.rs.gov.br/media/sapl/public/materialegislativa/2013/24666/24666_texto_integral.odt", "ementa": "Solicita capina e limpeza junto ao meio-fio em toda extens\u00e3o da Rua Barr\u00e3o Homem de Mello, no Bairro Hamburgo Velho."}, {"id": 24667, "ano": 2013, "numero": 2885, "tipo__sigla": "IND", "tipo__descricao": "Indica\u00e7\u00e3o/Pedido de Provid\u00eancias", "autoria__autor__nome": "Inspetor Luz", "texto_original": "https://sapl.camaranh.rs.gov.br/media/sapl/public/materialegislativa/2013/24667/24667_texto_integral.odt", "ementa": "Solicita capina e limpeza junto ao meio-fio em toda extens\u00e3o da Rua Carioca, no Bairro Jardim Mau\u00e1."}, {"id": 24668, "ano": 2013, "numero": 2886, "tipo__sigla": "IND", "tipo__descricao": "Indica\u00e7\u00e3o/Pedido de Provid\u00eancias", "autoria__autor__nome": "Inspetor Luz", "texto_original": "https://sapl.camaranh.rs.gov.br/media/sapl/public/materialegislativa/2013/24668/24668_texto_integral.odt", "ementa": "Solicita capina e limpeza junto ao meio-fio em toda extens\u00e3o da Rua Marisa Flores de Brito, no Bairro Hamburgo Velho."}, {"id": 24669, "ano": 2013, "numero": 2887, "tipo__sigla": "IND", "tipo__descricao": "Indica\u00e7\u00e3o/Pedido de Provid\u00eancias", "autoria__autor__nome": "Inspetor Luz", "texto_original": "https://sapl.camaranh.rs.gov.br/media/sapl/public/materialegislativa/2013/24669/24669_texto_integral.odt", "ementa": "Solicita capina e limpeza junto ao meio-fio em toda extens\u00e3o da Rua Osmar Senger, no Bairro Hamburgo Velho."}, {"id": 24670, "ano": 2013, "numero": 2888, "tipo__sigla": "IND", "tipo__descricao": "Indica\u00e7\u00e3o/Pedido de Provid\u00eancias", "autoria__autor__nome": "Inspetor Luz", "texto_original": "https://sapl.camaranh.rs.gov.br/media/sapl/public/materialegislativa/2013/24670/24670_texto_integral.odt", "ementa": "Solicita capina e limpeza junto ao meio-fio em toda extens\u00e3o da Rua S\u00e3o Fidelis, no Bairro Jardim Mau\u00e1."}, {"id": 24671, "ano": 2013, "numero": 2889, "tipo__sigla": "IND", "tipo__descricao": "Indica\u00e7\u00e3o/Pedido de Provid\u00eancias", "autoria__autor__nome": "Inspetor Luz", "texto_original": "https://sapl.camaranh.rs.gov.br/media/sapl/public/materialegislativa/2013/24671/24671_texto_integral.odt", "ementa": "Solicita capina e limpeza junto ao meio-fio em toda extens\u00e3o da Rua Tarso Dutra, no Bairro Hamburgo Velho."}, {"id": 24672, "ano": 2013, "numero": 2890, "tipo__sigla": "IND", "tipo__descricao": "Indica\u00e7\u00e3o/Pedido de Provid\u00eancias", "autoria__autor__nome": "Inspetor Luz", "texto_original": "https://sapl.camaranh.rs.gov.br/media/sapl/public/materialegislativa/2013/24672/24672_texto_integral.odt", "ementa": "Solicita melhorias na rede de ilumina\u00e7\u00e3o p\u00fablica da Rua Araruama, no Bairro Jardim Mau\u00e1."}, {"id": 24673, "ano": 2013, "numero": 2891, "tipo__sigla": "IND", "tipo__descricao": "Indica\u00e7\u00e3o/Pedido de Provid\u00eancias", "autoria__autor__nome": "Inspetor Luz", "texto_original": "https://sapl.camaranh.rs.gov.br/media/sapl/public/materialegislativa/2013/24673/24673_texto_integral.odt", "ementa": "Solicita melhorias na rede de ilumina\u00e7\u00e3o p\u00fablica da Rua Caiap\u00f3, no Bairro Jardim Mau\u00e1."}, {"id": 24675, "ano": 2013, "numero": 2892, "tipo__sigla": "IND", "tipo__descricao": "Indica\u00e7\u00e3o/Pedido de Provid\u00eancias", "autoria__autor__nome": "Inspetor Luz", "texto_original": "https://sapl.camaranh.rs.gov.br/media/sapl/public/materialegislativa/2013/24675/24675_texto_integral.odt", "ementa": "Solicita melhorias na rede de ilumina\u00e7\u00e3o p\u00fablica da Rua Remi Henrique M\u00fcller, no Bairro Hamburgo Velho."}, {"id": 24681, "ano": 2013, "numero": 2893, "tipo__sigla": "IND", "tipo__descricao": "Indica\u00e7\u00e3o/Pedido de Provid\u00eancias", "autoria__autor__nome": "JorgeTatsch", "texto_original": "https://sapl.camaranh.rs.gov.br/media/sapl/public/materialegislativa/2013/24681/24681_texto_integral.odt", "ementa": "Solicita conserto de infiltra\u00e7\u00e3o no passeio p\u00fablico na Rua Jo\u00e3o Alo\u00edsio Algayer, pr\u00f3ximo ao n\u00ba 1450, no Bairro Santo Afonso."}, {"id": 24682, "ano": 2013, "numero": 2894, "tipo__sigla": "IND", "tipo__descricao": "Indica\u00e7\u00e3o/Pedido de Provid\u00eancias", "autoria__autor__nome": "JorgeTatsch", "texto_original": "https://sapl.camaranh.rs.gov.br/media/sapl/public/materialegislativa/2013/24682/24682_texto_integral.odt", "ementa": "Solicita coloca\u00e7\u00e3o de boca-de-lobo na  Rua Vera Cruz, em frente ao n\u00ba 221, Bairro Santo Afonso."}, {"id": 24683, "ano": 2013, "numero": 2895, "tipo__sigla": "IND", "tipo__descricao": "Indica\u00e7\u00e3o/Pedido de Provid\u00eancias", "autoria__autor__nome": "JorgeTatsch", "texto_original": "https://sapl.camaranh.rs.gov.br/media/sapl/public/materialegislativa/2013/24683/24683_texto_integral.odt", "ementa": "Solicita desentupimento de boca-de-lobo na Rua Vera Cruz, em frente ao n\u00ba 259, Bairro Santo Afonso. "}, {"id": 24684, "ano": 2013, "numero": 2896, "tipo__sigla": "IND", "tipo__descricao": "Indica\u00e7\u00e3o/Pedido de Provid\u00eancias", "autoria__autor__nome": "JorgeTatsch", "texto_original": "https://sapl.camaranh.rs.gov.br/media/sapl/public/materialegislativa/2013/24684/24684_texto_integral.odt", "ementa": "Solicita melhorias da sinaliza\u00e7\u00e3o de tr\u00e2nsito na Rua Assuncion, pr\u00f3ximo ao n\u00ba 57, Bairro Santo Afonso."}, {"id": 24685, "ano": 2013, "numero": 2897, "tipo__sigla": "IND", "tipo__descricao": "Indica\u00e7\u00e3o/Pedido de Provid\u00eancias", "autoria__autor__nome": "JorgeTatsch", "texto_original": "https://sapl.camaranh.rs.gov.br/media/sapl/public/materialegislativa/2013/24685/24685_texto_integral.odt", "ementa": "Solicita recolhimento do lixo localizado na Rua da Eldorado, em frente ao n\u00ba 1339, Bairro Santo Afonso."}, {"id": 24686, "ano": 2013, "numero": 2898, "tipo__sigla": "IND", "tipo__descricao": "Indica\u00e7\u00e3o/Pedido de Provid\u00eancias", "autoria__autor__nome": "JorgeTatsch", "texto_original": "https://sapl.camaranh.rs.gov.br/media/sapl/public/materialegislativa/2013/24686/24686_texto_integral.odt", "ementa": "Solicita conserto das vigas na parada de \u00f4nibus, da Rua Dr. Sim\u00f5es Lopes, em frente ao n\u00ba 461, Bairro Liberdade."}, {"id": 24687, "ano": 2013, "numero": 2899, "tipo__sigla": "IND", "tipo__descricao": "Indica\u00e7\u00e3o/Pedido de Provid\u00eancias", "autoria__autor__nome": "JorgeTatsch", "texto_original": "https://sapl.camaranh.rs.gov.br/media/sapl/public/materialegislativa/2013/24687/24687_texto_integral.odt", "ementa": "Solicita limpeza de esgoto entupido em toda extens\u00e3o da Rua Vera Cruz, Bairro Santo Afonso."}, {"id": 24688, "ano": 2013, "numero": 2900, "tipo__sigla": "IND", "tipo__descricao": "Indica\u00e7\u00e3o/Pedido de Provid\u00eancias", "autoria__autor__nome": "JorgeTatsch", "texto_original": "https://sapl.camaranh.rs.gov.br/media/sapl/public/materialegislativa/2013/24688/24688_texto_integral.odt", "ementa": "Solicita limpeza de esgoto entupido em toda extens\u00e3o da Rua Harmonia, Bairro Santo Afonso."}, {"id": 24690, "ano": 2013, "numero": 2901, "tipo__sigla": "IND", "tipo__descricao": "Indica\u00e7\u00e3o/Pedido de Provid\u00eancias", "autoria__autor__nome": "Sergio Hanich", "texto_original": "https://sapl.camaranh.rs.gov.br/media/sapl/public/materialegislativa/2013/24690/24690_texto_integral.odt", "ementa": "Solicita limpeza de vegeta\u00e7\u00e3o e recolhimento de lixo e material diversificado na Rua Alberto Torres,em frente ao n\u00ba 401, no Bairro Ouro Branco."}, {"id": 24691, "ano": 2013, "numero": 2902, "tipo__sigla": "IND", "tipo__descricao": "Indica\u00e7\u00e3o/Pedido de Provid\u00eancias", "autoria__autor__nome": "Sergio Hanich", "texto_original": "https://sapl.camaranh.rs.gov.br/media/sapl/public/materialegislativa/2013/24691/24691_texto_integral.odt", "ementa": "Solicita a intima\u00e7\u00e3o de propriet\u00e1rio para realizar limpeza de terreno na Rua Brusque, ao lado do n\u00ba 127, no Bairro Ouro Branco."}, {"id": 24692, "ano": 2013, "numero": 2903, "tipo__sigla": "IND", "tipo__descricao": "Indica\u00e7\u00e3o/Pedido de Provid\u00eancias", "autoria__autor__nome": "Sergio Hanich", "texto_original": "https://sapl.camaranh.rs.gov.br/media/sapl/public/materialegislativa/2013/24692/24692_texto_integral.odt", "ementa": "Solicita a intima\u00e7\u00e3o de propriet\u00e1rio para realizar limpeza de terreno na Rua Alberto Torres, ao lado do n\u00ba 401, no Bairro Ouro Branco."}, {"id": 24697, "ano": 2013, "numero": 2904, "tipo__sigla": "IND", "tipo__descricao": "Indica\u00e7\u00e3o/Pedido de Provid\u00eancias", "autoria__autor__nome": "Professor Issur Koch", "texto_original": "https://sapl.camaranh.rs.gov.br/media/sapl/public/materialegislativa/2013/24697/24697_texto_integral.odt", "ementa": "Solicita estudo de viabilidade de implanta\u00e7\u00e3o de   redutor de velocidade (quebra-molas), na Rua Alfredo Rui Reinheimer, em frente ao n\u00famero 165, Bairro Santo Afonso."}, {"id": 24698, "ano": 2013, "numero": 2905, "tipo__sigla": "IND", "tipo__descricao": "Indica\u00e7\u00e3o/Pedido de Provid\u00eancias", "autoria__autor__nome": "Professor Issur Koch", "texto_original": "https://sapl.camaranh.rs.gov.br/media/sapl/public/materialegislativa/2013/24698/24698_texto_integral.odt", "ementa": "Solicita, com urg\u00eancia, o patrolamento e coloca\u00e7\u00e3o de saibro na Rua Ab\u00edlio Jos\u00e9 de Melo, pr\u00f3ximo ao n\u00famero 77, no Bairro Lomba Grande."}, {"id": 24701, "ano": 2013, "numero": 2906, "tipo__sigla": "IND", "tipo__descricao": "Indica\u00e7\u00e3o/Pedido de Provid\u00eancias", "autoria__autor__nome": "Cristiano Coller", "texto_original": "https://sapl.camaranh.rs.gov.br/media/sapl/public/materialegislativa/2013/24701/24701_texto_integral.odt", "ementa": "Solicita coloca\u00e7\u00e3o de quebra-molas no cruzamento das Ruas Soledade e Encruzilhada do Sul, Bairro Jardim Mau\u00e1."}, {"id": 24702, "ano": 2013, "numero": 2907, "tipo__sigla": "IND", "tipo__descricao": "Indica\u00e7\u00e3o/Pedido de Provid\u00eancias", "autoria__autor__nome": "Cristiano Coller", "texto_original": "https://sapl.camaranh.rs.gov.br/media/sapl/public/materialegislativa/2013/24702/24702_texto_integral.odt", "ementa": "Solicita  limpeza de esgoto em frente a Escola  de Educa\u00e7\u00e3o Infantil Fazendo e Acontecendo, Bairro Rio Branco."}, {"id": 24703, "ano": 2013, "numero": 2908, "tipo__sigla": "IND", "tipo__descricao": "Indica\u00e7\u00e3o/Pedido de Provid\u00eancias", "autoria__autor__nome": "Cristiano Coller", "texto_original": "https://sapl.camaranh.rs.gov.br/media/sapl/public/materialegislativa/2013/24703/24703_texto_integral.odt", "ementa": "Solicita instala\u00e7\u00e3o de redutor velocidade (quebra-molas), na Rua Dr. Jo\u00e3o Daniel Hillebrand, Bairro Rond\u00f4nia. "}, {"id": 24704, "ano": 2013, "numero": 2909, "tipo__sigla": "IND", "tipo__descricao": "Indica\u00e7\u00e3o/Pedido de Provid\u00eancias", "autoria__autor__nome": "Cristiano Coller", "texto_original": "https://sapl.camaranh.rs.gov.br/media/sapl/public/materialegislativa/2013/24704/24704_texto_integral.odt", "ementa": "Solicita instala\u00e7\u00e3o de redutor velocidade (quebra-molas), na Escola de Educa\u00e7\u00e3o Infantil Dos Comerci\u00e1rios,  Bairro Primavera."}, {"id": 24705, "ano": 2013, "numero": 2910, "tipo__sigla": "IND", "tipo__descricao": "Indica\u00e7\u00e3o/Pedido de Provid\u00eancias", "autoria__autor__nome": "Cristiano Coller", "texto_original": "https://sapl.camaranh.rs.gov.br/media/sapl/public/materialegislativa/2013/24705/24705_texto_integral.odt", "ementa": "Solicita conserto de infiltra\u00e7\u00e3o no passeio p\u00fablico na Rua Ant\u00f4nio Roberto Kroeff, no Bairro Santo Afonso."}, {"id": 24706, "ano": 2013, "numero": 2911, "tipo__sigla": "IND", "tipo__descricao": "Indica\u00e7\u00e3o/Pedido de Provid\u00eancias", "autoria__autor__nome": "Cristiano Coller", "texto_original": "https://sapl.camaranh.rs.gov.br/media/sapl/public/materialegislativa/2013/24706/24706_texto_integral.odt", "ementa": "Reitera Pedido de Provid\u00eancias n\u00ba 2229/2013,  que refere-se a reforma da escadaria localizada na Rua Valdir Ant\u00f4nio Girardi, no Bairro Santo Afonso."}, {"id": 24708, "ano": 2013, "numero": 2912, "tipo__sigla": "IND", "tipo__descricao": "Indica\u00e7\u00e3o/Pedido de Provid\u00eancias", "autoria__autor__nome": "Cristiano Coller", "texto_original": "https://sapl.camaranh.rs.gov.br/media/sapl/public/materialegislativa/2013/24708/24708_texto_integral.odt", "ementa": "Reitera Indica\u00e7\u00e3o n\u00ba 1494/2013 que solicita vistoria e parecer t\u00e9cnico da Secretaria de Obras P\u00fablicas e Servi\u00e7os Urbanos, sobre a escadaria da Rua Valdir Ant\u00f4nio Girardi, em frente ao n\u00ba 61, no Bairro Santo Afonso."}, {"id": 24709, "ano": 2013, "numero": 2913, "tipo__sigla": "IND", "tipo__descricao": "Indica\u00e7\u00e3o/Pedido de Provid\u00eancias", "autoria__autor__nome": "Cristiano Coller", "texto_original": "https://sapl.camaranh.rs.gov.br/media/sapl/public/materialegislativa/2013/24709/24709_texto_integral.odt", "ementa": "Reitera Pedido de Provid\u00eancias n\u00ba 1072/2013,  que refere-se a reforma da escadaria no final da Rua Roca Salles, no Bairro Rond\u00f4nia."}, {"id": 24710, "ano": 2013, "numero": 2914, "tipo__sigla": "IND", "tipo__descricao": "Indica\u00e7\u00e3o/Pedido de Provid\u00eancias", "autoria__autor__nome": "Cristiano Coller", "texto_original": "https://sapl.camaranh.rs.gov.br/media/sapl/public/materialegislativa/2013/24710/24710_texto_integral.odt", "ementa": "Solicita  coloca\u00e7\u00e3o de meio-fio na Rua Man\u00e1gua, esquina com a Rua Ant\u00f4nio Roberto Kroeff, Bairro Santo Afonso."}, {"id": 24711, "ano": 2013, "numero": 2915, "tipo__sigla": "IND", "tipo__descricao": "Indica\u00e7\u00e3o/Pedido de Provid\u00eancias", "autoria__autor__nome": "Cristiano Coller", "texto_original": "https://sapl.camaranh.rs.gov.br/media/sapl/public/materialegislativa/2013/24711/24711_texto_integral.odt", "ementa": "Solicita estudo t\u00e9cnico sobre a viabilidade de proibir o estacionamento de um lado da via na Rua Ant\u00f4nio Roberto Kroeff, trecho entre a Rua Man\u00e1gua e Av. Pedro Adams Filho, Bairro Santo Afonso."}, {"id": 24712, "ano": 2013, "numero": 2916, "tipo__sigla": "IND", "tipo__descricao": "Indica\u00e7\u00e3o/Pedido de Provid\u00eancias", "autoria__autor__nome": "Cristiano Coller", "texto_original": "https://sapl.camaranh.rs.gov.br/media/sapl/public/materialegislativa/2013/24712/24712_texto_integral.odt", "ementa": "Solicita a instala\u00e7\u00e3o de placa de sinaliza\u00e7\u00e3o \"Devagar Escola\", em frente \u00e0 Escola de Educa\u00e7\u00e3o Infantil Dos Comerci\u00e1rios Bairro Primavera."}, {"id": 24714, "ano": 2013, "numero": 2917, "tipo__sigla": "IND", "tipo__descricao": "Indica\u00e7\u00e3o/Pedido de Provid\u00eancias", "autoria__autor__nome": "Professor Issur Koch", "texto_original": "https://sapl.camaranh.rs.gov.br/media/sapl/public/materialegislativa/2013/24714/24714_texto_integral.odt", "ementa": "Solicita com urg\u00eancia melhorias no acostamento de ambos os lados da Estrada da Integra\u00e7\u00e3o Leopoldo Petry."}, {"id": 24715, "ano": 2013, "numero": 2918, "tipo__sigla": "IND", "tipo__descricao": "Indica\u00e7\u00e3o/Pedido de Provid\u00eancias", "autoria__autor__nome": "Roger Corr\u00eaa", "texto_original": "https://sapl.camaranh.rs.gov.br/media/sapl/public/materialegislativa/2013/24715/24715_texto_integral.odt", "ementa": "Solicitam a implanta\u00e7\u00e3o de um N\u00facleo de Policiamento Comunit\u00e1rio no Bairro Santo Afonso."}]}